{"id":108394,"date":"2013-11-26T07:15:44","date_gmt":"2013-11-26T06:15:44","guid":{"rendered":"http:\/\/vincentians.com\/?p=108394"},"modified":"2016-07-10T19:11:25","modified_gmt":"2016-07-10T17:11:25","slug":"frederic-ozanam-and-the-establishment-of-the-society-of-st-vincent-de-paul-04","status":"publish","type":"post","link":"http:\/\/vincentians.com\/en\/frederic-ozanam-and-the-establishment-of-the-society-of-st-vincent-de-paul-04\/","title":{"rendered":"Frederic Ozanam and the Establishment of the Society of St. Vincent de Paul (04)"},"content":{"rendered":"<h2>Chapter IV: The future of the Society<\/h2>\n<p>The Society of St. Vincent de Paul is destined to play an important part in the future of the Catholic Church in England. For it is a living contradiction to the falsehoods about Catholics, which have been repeated ad nauseam by historians during the past three hundred years. Our Church has been repre\u00adsented as the enemy of civilization and of liberty, and Catholics generally as a superstitious, uneducated, and weak-minded class. Less than a century has passed since Catholics gained their rights as citizens. Many of us must remember the stigma under which in youth we laboured as Catholics. Most of the professions were closed against us, as well as all the great English Universities. Everything we did was misrepresented and distorted in the public Press; monks and nuns were shamefully vilified and accused of dark and mysterious outrages in their convents. And all these lies were believed against us by the Protestant public.<\/p>\n<p>But a great change has taken place in public opinion during the past fifty years. It has been found that, after all, Catholics are not the evil-dis\u00adposed people they were thought to be, and that they are even capable of doing some good. And this change has been partly brought about by the Society of St. Vincent de Paul. For although it does not advertise its good works as Protestant societies do, nor spend one-third of its income in salaries (or even any of it), the example of its brothers in visiting and relieving the poor, and the self-sacrifice which this entails, is gradually getting known throughout the country.<\/p>\n<p>Sir Arthur Helps said that there is no better training for life than the discipline of the playground of a public school, and he was right. But for a study of human life and character there is no better school than a Conference of St. Vincent de Paul. In the visits which a brother pays to his cases, what dramas and even tragedies of real life he meets with! What comedies and even farces, caused by ignorance and inexperience! What touching examples of charity and self-sacrifice among the very poorest in helping one another! Believe me, we have more to learn from the cases we visit than we can teach them!<\/p>\n<p>To compare the Society of St. Vincent de Paul in 1844, when it was established in England, with that of 1913 is like comparing the Thames at its source among the hills, where a man can jump across it, with the great stream at London Bridge.<\/p>\n<p>From being a small and insignificant Society it has grown to be a mighty influence for good throughout the world. It might well say with the Roman poet:<\/p>\n<p>&#8220;Quag regio in terris, nostri non plena laboris!&#8221;<\/p>\n<p>But it would not accord with the modest spirit of the Society to make such a boast.<\/p>\n<p>Ozanam\u2019s prophecy that the Society would prove an antidote to the poison of Socialism is likely to be verified in England in such districts as are influenced by the Conferences. In founding the Society he tried to realize a dream of his youth; he saw that in his own country men were divided into two cate\u00adgories\u2014the rich and landed gentry, and the working classes. The rich looked down on the poor as being ignorant and uncultivated slaves, while the poor regarded the rich as a class of men living upon the fruits of the toil of the working classes. Ozanam recognized that there was a modicum of truth in both views. He knew that one of the causes of the first French Revolution had been the well-known indifference shown by the landowners of France to the welfare of the people who cultivated their lands and created their large revenues, and whom they treated as serfs. He knew that in the sight of God all men, whether Kings or peasants, masters or servants, were equal, and that the Church had always treated them as such. The sons of peasants had become Bishops and Popes; and many Saints canonized by her were of the same extraction. He knew that the monastic life was the realization of an ideal republic, where the Abbot, perhaps the son of a peasant, was often the ruler of a community which counted among its numbers Princes and members of the highest families in the land. And yet he was only primus inter pares. &#8220;Liberty, Equality, and Fraternity,&#8221; for which the revolutionaries raved hypocritically, were only to be found in perfection within the walls of a monastery.<\/p>\n<p>In his lectures at the Sorbonne he had always argued that history proved that the Church had ever been the true promoter of civilization and culture and the protector of the poor. It was necessary that this fact should be brought home to the hearts of the people, and both he and his friend Lacordaire impressed this upon their hearers in their lectures and sermons. But the poor and the workmen did not frequent either the Sorbonne or the Notre Dame, and they only knew of either by the travesties which were published in the infidel papers, which alone they read.<\/p>\n<p>Ozanam felt that the only way to reach the minds and hearts of the working classes must be by laymen. The anti-clerical feeling in Paris was very strong, and a priest would not be listened to. And it was for this reason that he established the Conferences of St. Vincent de Paul.<\/p>\n<p>He determined that the Conference should consist of laymen, not priests; not a confraternity, but a meeting of friends united unassumingly to do good to the poor, to visit, advise, and relieve them, thus performing the spiritual and corporal works of mercy. He was totally opposed to the Society advertising itself in any way, either by badge or by publishing lists of subscriptions.<\/p>\n<p>When Ozanam spoke to the men of Paris in praise of the Church, and in commendation of her power to heal the evils of Society, it was said to him : &#8220;If you speak of the past, what you say is true. Christianity did do wonders, but now it is played out. What works are you doing to prove your Faith, and to make us respect and believe it ?&#8221; Ozanam felt the full force of the retort, and resolved to remove further occasion for it. He said to his Catholic friends: &#8220;We must bestir ourselves and make our actions agree with our Faith. Let us, therefore, turn to the assist\u00adance of the needy, and so put our faith under the protection of charity.&#8221;<\/p>\n<p>In this you have the true motto of the Society of St. Vincent de Paul\u2014Faith, under the protection of Charity. The Society was created to be a vindica\u00adtion of the Church by the exercise of charity in its widest sense, charity for mind, charity for heart, charity for the body, charity for the whole man\u2014 full and perfect service to our neighbour by charity of the spirit. The Society was intended to be a proof of the healing power of Christianity, a testimony before men of the truth and beneficence of the Church. Is this idea too ambitious ? Ozanam would have replied that no one can measure the power of charity, for it appeals to the human heart as nothing else can. Force may compel an un\u00adwilling submission, but the loving counsel of a friend wins the heart and keeps it.<\/p>\n<p>As the good work done by the Society becomes better known and appreciated, the Conferences must increase in number, and attract to themselves numbers of active and honorary members, especially of young men. The weekly meetings of the Confer\u00adences are short and business-like, the subscriptions are placed secretly in a bag like any ordinary collec\u00adtion in church, nobody knows what his neighbour has given. The case which is given to the brother to visit will deeply interest him, the employment of the father, his wages, his health, the attendance of the children at Mass and Sunday-schools, their employ\u00adment when they leave school, and their supervision; all of these are matters of human interest, and sub\u00adjects of special study.<\/p>\n<p>Some persons have objected to join or to subscribe to the Conferences of St. Vincent de Paul upon principle. They said that they thought that alms\u00adgiving to the poor was very demoralizing and pauperizing, that it was humiliating to the poor, and destructive of their manly self-respect and inde\u00adpendence. But does not everything depend upon the way the help is offered? No brother of the Society of St. Vincent de Paul could confirm such a theory from his personal experience. They are not relieving officers; they visit the families as friends and sympathizers, anxious to know how they can help the family\u2014by advice as to the children, by getting hospital tickets when required, by arranging quarrels and family disputes, by getting the children employment when they leave school, or by suitable introductions. They do not go to patronize but to fraternize; they sit down and talk familiarly with the family, showing that they come as friends and by no means as patrons. Hence it comes that the brother is always a welcome visitor. The material relief is always a subsidiary matter, it, is the friendly interest and advice which is valued.<\/p>\n<p>The Society already comprises a great number of works of charity of every description, but it is always ready to join in any work which may benefit the poor ; for it has adopted literally Ozanam\u2019s noble motto: &#8220;No good work is foreign to the Society.&#8221; Future generations will inevitably witness a great development, not only in the number of Conferences, but also in that of the brothers.<\/p>\n","protected":false},"excerpt":{"rendered":"<p>Chapter IV: The future of the Society The Society of St. Vincent de Paul is destined to play an important part in the future of the Catholic Church in England. For it is a living &#8230; <a href=\"http:\/\/vincentians.com\/en\/frederic-ozanam-and-the-establishment-of-the-society-of-st-vincent-de-paul-04\/\" class=\"more-link\">Read More<\/a><\/p>\n","protected":false},"author":4,"featured_media":150271,"comment_status":"open","ping_status":"open","sticky":false,"template":"","format":"standard","meta":{"jetpack_post_was_ever_published":false,"_jetpack_newsletter_access":"","_jetpack_dont_email_post_to_subs":false,"_jetpack_newsletter_tier_id":0,"_jetpack_memberships_contains_paywalled_content":false,"_jetpack_memberships_contains_paid_content":false,"footnotes":"","jetpack_publicize_message":"","jetpack_publicize_feature_enabled":true,"jetpack_social_post_already_shared":false,"jetpack_social_options":{"image_generator_settings":{"template":"highway","default_image_id":0,"font":"","enabled":false},"version":2}},"categories":[11,36],"tags":[],"class_list":["post-108394","post","type-post","status-publish","format-standard","has-post-thumbnail","hentry","category-frederic-ozanam","category-society-of-saint-vincent-de-paul"],"yoast_head":"<!-- This site is optimized with the Yoast SEO plugin v26.3 - https:\/\/yoast.com\/wordpress\/plugins\/seo\/ -->\n<title>Frederic Ozanam and the Establishment of the Society of St. Vincent de Paul (04) - We are Vincentians<\/title>\n<meta name=\"robots\" content=\"index, follow, max-snippet:-1, max-image-preview:large, max-video-preview:-1\" \/>\n<link rel=\"canonical\" href=\"http:\/\/vincentians.com\/en\/frederic-ozanam-and-the-establishment-of-the-society-of-st-vincent-de-paul-04\/\" \/>\n<meta property=\"og:locale\" content=\"en_US\" \/>\n<meta property=\"og:type\" content=\"article\" \/>\n<meta property=\"og:title\" content=\"Frederic Ozanam and the Establishment of the Society of St. Vincent de Paul (04) - We are Vincentians\" \/>\n<meta property=\"og:description\" content=\"Chapter IV: The future of the Society The Society of St. Vincent de Paul is destined to play an important part in the future of the Catholic Church in England. For it is a living ... Read More\" \/>\n<meta property=\"og:url\" content=\"http:\/\/vincentians.com\/en\/frederic-ozanam-and-the-establishment-of-the-society-of-st-vincent-de-paul-04\/\" \/>\n<meta property=\"og:site_name\" content=\"We are Vincentians\" \/>\n<meta property=\"article:publisher\" content=\"https:\/\/www.facebook.com\/WeAreVincentians\/\" \/>\n<meta property=\"article:author\" content=\"https:\/\/www.facebook.com\/JavierChento\" \/>\n<meta property=\"article:published_time\" content=\"2013-11-26T06:15:44+00:00\" \/>\n<meta property=\"article:modified_time\" content=\"2016-07-10T17:11:25+00:00\" \/>\n<meta property=\"og:image\" content=\"https:\/\/i0.wp.com\/vincentians.com\/en\/wp-content\/uploads\/sites\/2\/2016\/07\/ozanam-cross.jpg?fit=1200%2C630\" \/>\n\t<meta property=\"og:image:width\" content=\"1200\" \/>\n\t<meta property=\"og:image:height\" content=\"630\" \/>\n\t<meta property=\"og:image:type\" content=\"image\/jpeg\" \/>\n<meta name=\"author\" content=\"Francisco Javier Fern\u00e1ndez Chento\" \/>\n<meta name=\"twitter:card\" content=\"summary_large_image\" \/>\n<meta name=\"twitter:creator\" content=\"@https:\/\/twitter.com\/javierchento\" \/>\n<meta name=\"twitter:site\" content=\"@WeVincentians\" \/>\n<meta name=\"twitter:label1\" content=\"Written by\" \/>\n\t<meta name=\"twitter:data1\" content=\"Francisco Javier Fern\u00e1ndez Chento\" \/>\n\t<meta name=\"twitter:label2\" content=\"Est. reading time\" \/>\n\t<meta name=\"twitter:data2\" content=\"8 minutes\" \/>\n<script type=\"application\/ld+json\" class=\"yoast-schema-graph\">{\"@context\":\"https:\/\/schema.org\",\"@graph\":[{\"@type\":\"Article\",\"@id\":\"http:\/\/vincentians.com\/en\/frederic-ozanam-and-the-establishment-of-the-society-of-st-vincent-de-paul-04\/#article\",\"isPartOf\":{\"@id\":\"http:\/\/vincentians.com\/en\/frederic-ozanam-and-the-establishment-of-the-society-of-st-vincent-de-paul-04\/\"},\"author\":{\"name\":\"Francisco Javier Fern\u00e1ndez Chento\",\"@id\":\"https:\/\/vincentians.com\/en\/#\/schema\/person\/9623ef4d9aa3b2dfb8c061f1499288f2\"},\"headline\":\"Frederic Ozanam and the Establishment of the Society of St. Vincent de Paul (04)\",\"datePublished\":\"2013-11-26T06:15:44+00:00\",\"dateModified\":\"2016-07-10T17:11:25+00:00\",\"mainEntityOfPage\":{\"@id\":\"http:\/\/vincentians.com\/en\/frederic-ozanam-and-the-establishment-of-the-society-of-st-vincent-de-paul-04\/\"},\"wordCount\":1642,\"commentCount\":0,\"publisher\":{\"@id\":\"https:\/\/vincentians.com\/en\/#organization\"},\"image\":{\"@id\":\"http:\/\/vincentians.com\/en\/frederic-ozanam-and-the-establishment-of-the-society-of-st-vincent-de-paul-04\/#primaryimage\"},\"thumbnailUrl\":\"https:\/\/i0.wp.com\/vincentians.com\/en\/wp-content\/uploads\/sites\/2\/2016\/07\/ozanam-cross.jpg?fit=1200%2C630\",\"articleSection\":[\"Fr\u00e9d\u00e9ric Ozanam\",\"Society of Saint Vincent de Paul\"],\"inLanguage\":\"en-US\",\"potentialAction\":[{\"@type\":\"CommentAction\",\"name\":\"Comment\",\"target\":[\"http:\/\/vincentians.com\/en\/frederic-ozanam-and-the-establishment-of-the-society-of-st-vincent-de-paul-04\/#respond\"]}]},{\"@type\":\"WebPage\",\"@id\":\"http:\/\/vincentians.com\/en\/frederic-ozanam-and-the-establishment-of-the-society-of-st-vincent-de-paul-04\/\",\"url\":\"http:\/\/vincentians.com\/en\/frederic-ozanam-and-the-establishment-of-the-society-of-st-vincent-de-paul-04\/\",\"name\":\"Frederic Ozanam and the Establishment of the Society of St. Vincent de Paul (04) - We are Vincentians\",\"isPartOf\":{\"@id\":\"https:\/\/vincentians.com\/en\/#website\"},\"primaryImageOfPage\":{\"@id\":\"http:\/\/vincentians.com\/en\/frederic-ozanam-and-the-establishment-of-the-society-of-st-vincent-de-paul-04\/#primaryimage\"},\"image\":{\"@id\":\"http:\/\/vincentians.com\/en\/frederic-ozanam-and-the-establishment-of-the-society-of-st-vincent-de-paul-04\/#primaryimage\"},\"thumbnailUrl\":\"https:\/\/i0.wp.com\/vincentians.com\/en\/wp-content\/uploads\/sites\/2\/2016\/07\/ozanam-cross.jpg?fit=1200%2C630\",\"datePublished\":\"2013-11-26T06:15:44+00:00\",\"dateModified\":\"2016-07-10T17:11:25+00:00\",\"breadcrumb\":{\"@id\":\"http:\/\/vincentians.com\/en\/frederic-ozanam-and-the-establishment-of-the-society-of-st-vincent-de-paul-04\/#breadcrumb\"},\"inLanguage\":\"en-US\",\"potentialAction\":[{\"@type\":\"ReadAction\",\"target\":[\"http:\/\/vincentians.com\/en\/frederic-ozanam-and-the-establishment-of-the-society-of-st-vincent-de-paul-04\/\"]}]},{\"@type\":\"ImageObject\",\"inLanguage\":\"en-US\",\"@id\":\"http:\/\/vincentians.com\/en\/frederic-ozanam-and-the-establishment-of-the-society-of-st-vincent-de-paul-04\/#primaryimage\",\"url\":\"https:\/\/i0.wp.com\/vincentians.com\/en\/wp-content\/uploads\/sites\/2\/2016\/07\/ozanam-cross.jpg?fit=1200%2C630\",\"contentUrl\":\"https:\/\/i0.wp.com\/vincentians.com\/en\/wp-content\/uploads\/sites\/2\/2016\/07\/ozanam-cross.jpg?fit=1200%2C630\",\"width\":1200,\"height\":630},{\"@type\":\"BreadcrumbList\",\"@id\":\"http:\/\/vincentians.com\/en\/frederic-ozanam-and-the-establishment-of-the-society-of-st-vincent-de-paul-04\/#breadcrumb\",\"itemListElement\":[{\"@type\":\"ListItem\",\"position\":1,\"name\":\"Portada\",\"item\":\"https:\/\/vincentians.com\/en\/\"},{\"@type\":\"ListItem\",\"position\":2,\"name\":\"Frederic Ozanam and the Establishment of the Society of St. Vincent de Paul (04)\"}]},{\"@type\":\"WebSite\",\"@id\":\"https:\/\/vincentians.com\/en\/#website\",\"url\":\"https:\/\/vincentians.com\/en\/\",\"name\":\"We are Vincentians\",\"description\":\"Know more to serve more\",\"publisher\":{\"@id\":\"https:\/\/vincentians.com\/en\/#organization\"},\"potentialAction\":[{\"@type\":\"SearchAction\",\"target\":{\"@type\":\"EntryPoint\",\"urlTemplate\":\"https:\/\/vincentians.com\/en\/?s={search_term_string}\"},\"query-input\":{\"@type\":\"PropertyValueSpecification\",\"valueRequired\":true,\"valueName\":\"search_term_string\"}}],\"inLanguage\":\"en-US\"},{\"@type\":\"Organization\",\"@id\":\"https:\/\/vincentians.com\/en\/#organization\",\"name\":\"The Vincentian Network\",\"url\":\"https:\/\/vincentians.com\/en\/\",\"logo\":{\"@type\":\"ImageObject\",\"inLanguage\":\"en-US\",\"@id\":\"https:\/\/vincentians.com\/en\/#\/schema\/logo\/image\/\",\"url\":\"https:\/\/i1.wp.com\/vincentians.com\/en\/wp-content\/uploads\/sites\/2\/2016\/06\/Vincentian-Network-logo-big.png?fit=778%2C778&ssl=1\",\"contentUrl\":\"https:\/\/i1.wp.com\/vincentians.com\/en\/wp-content\/uploads\/sites\/2\/2016\/06\/Vincentian-Network-logo-big.png?fit=778%2C778&ssl=1\",\"width\":778,\"height\":778,\"caption\":\"The Vincentian Network\"},\"image\":{\"@id\":\"https:\/\/vincentians.com\/en\/#\/schema\/logo\/image\/\"},\"sameAs\":[\"https:\/\/www.facebook.com\/WeAreVincentians\/\",\"https:\/\/x.com\/WeVincentians\"]},{\"@type\":\"Person\",\"@id\":\"https:\/\/vincentians.com\/en\/#\/schema\/person\/9623ef4d9aa3b2dfb8c061f1499288f2\",\"name\":\"Francisco Javier Fern\u00e1ndez Chento\",\"image\":{\"@type\":\"ImageObject\",\"inLanguage\":\"en-US\",\"@id\":\"https:\/\/vincentians.com\/en\/#\/schema\/person\/image\/\",\"url\":\"https:\/\/secure.gravatar.com\/avatar\/497d5cde87b4c3d097d0315953521681ba2cd523ee66e5077c3711f7021e65de?s=96&d=mm&r=g\",\"contentUrl\":\"https:\/\/secure.gravatar.com\/avatar\/497d5cde87b4c3d097d0315953521681ba2cd523ee66e5077c3711f7021e65de?s=96&d=mm&r=g\",\"caption\":\"Francisco Javier Fern\u00e1ndez Chento\"},\"description\":\"Director General y cofundador de La Red de Formaci\u00f3n Vicenciana. Javier es laico vicenciano, afiliado a la Congregaci\u00f3n de la Misi\u00f3n y miembro del Equipo de Misiones Populares de la provincia can\u00f3nica de Zaragoza (Espa\u00f1a) de la Congregaci\u00f3n de la Misi\u00f3n. Graduado en la Universidad Oberta de Catalunya con cuatro grados (Asistente de direcci\u00f3n, Gesti\u00f3n Administrativa, Recursos Humanos y Contabilidad Avanzada). Bil\u00edng\u00fce Espa\u00f1ol\/Ingl\u00e9s. gestiona y mantiene varias p\u00e1ginas web cristianas y vicencianas, incluida including La Red de Formaci\u00f3n Vicenciana, de la que es cofundador. Actualmente es responsable del \u00e1rea de Espa\u00f1ol de .famvin, la Red de Noticias de la Familia Vicenciana. Tambi\u00e9n es m\u00fasico cat\u00f3lico y ha editado varios discos. Es Director General y cofundador de Trovador, una reconocida compa\u00f1\u00eda discogr\u00e1fica critiana de Espa\u00f1a. Trabaja en las Tecnolog\u00edas de la Informaci\u00f3n, ofreciendo servicios de alojamiento, dise\u00f1o y mantenimiento Web, as\u00ed como asesoramiento, formaci\u00f3n y soluciones inform\u00e1ticas, gesti\u00f3n documental y digitalizaci\u00f3n de textos, edici\u00f3n y maquetaci\u00f3n de libros, revistas, flyers, etc.\",\"sameAs\":[\"http:\/\/chento.org\",\"https:\/\/www.facebook.com\/JavierChento\",\"https:\/\/x.com\/https:\/\/twitter.com\/javierchento\"],\"url\":\"http:\/\/vincentians.com\/en\/author\/chento\/\"}]}<\/script>\n<!-- \/ Yoast SEO plugin. -->","yoast_head_json":{"title":"Frederic Ozanam and the Establishment of the Society of St. Vincent de Paul (04) - We are Vincentians","robots":{"index":"index","follow":"follow","max-snippet":"max-snippet:-1","max-image-preview":"max-image-preview:large","max-video-preview":"max-video-preview:-1"},"canonical":"http:\/\/vincentians.com\/en\/frederic-ozanam-and-the-establishment-of-the-society-of-st-vincent-de-paul-04\/","og_locale":"en_US","og_type":"article","og_title":"Frederic Ozanam and the Establishment of the Society of St. Vincent de Paul (04) - We are Vincentians","og_description":"Chapter IV: The future of the Society The Society of St. Vincent de Paul is destined to play an important part in the future of the Catholic Church in England. For it is a living ... Read More","og_url":"http:\/\/vincentians.com\/en\/frederic-ozanam-and-the-establishment-of-the-society-of-st-vincent-de-paul-04\/","og_site_name":"We are Vincentians","article_publisher":"https:\/\/www.facebook.com\/WeAreVincentians\/","article_author":"https:\/\/www.facebook.com\/JavierChento","article_published_time":"2013-11-26T06:15:44+00:00","article_modified_time":"2016-07-10T17:11:25+00:00","og_image":[{"width":1200,"height":630,"url":"https:\/\/i0.wp.com\/vincentians.com\/en\/wp-content\/uploads\/sites\/2\/2016\/07\/ozanam-cross.jpg?fit=1200%2C630","type":"image\/jpeg"}],"author":"Francisco Javier Fern\u00e1ndez Chento","twitter_card":"summary_large_image","twitter_creator":"@https:\/\/twitter.com\/javierchento","twitter_site":"@WeVincentians","twitter_misc":{"Written by":"Francisco Javier Fern\u00e1ndez Chento","Est. reading time":"8 minutes"},"schema":{"@context":"https:\/\/schema.org","@graph":[{"@type":"Article","@id":"http:\/\/vincentians.com\/en\/frederic-ozanam-and-the-establishment-of-the-society-of-st-vincent-de-paul-04\/#article","isPartOf":{"@id":"http:\/\/vincentians.com\/en\/frederic-ozanam-and-the-establishment-of-the-society-of-st-vincent-de-paul-04\/"},"author":{"name":"Francisco Javier Fern\u00e1ndez Chento","@id":"https:\/\/vincentians.com\/en\/#\/schema\/person\/9623ef4d9aa3b2dfb8c061f1499288f2"},"headline":"Frederic Ozanam and the Establishment of the Society of St. Vincent de Paul (04)","datePublished":"2013-11-26T06:15:44+00:00","dateModified":"2016-07-10T17:11:25+00:00","mainEntityOfPage":{"@id":"http:\/\/vincentians.com\/en\/frederic-ozanam-and-the-establishment-of-the-society-of-st-vincent-de-paul-04\/"},"wordCount":1642,"commentCount":0,"publisher":{"@id":"https:\/\/vincentians.com\/en\/#organization"},"image":{"@id":"http:\/\/vincentians.com\/en\/frederic-ozanam-and-the-establishment-of-the-society-of-st-vincent-de-paul-04\/#primaryimage"},"thumbnailUrl":"https:\/\/i0.wp.com\/vincentians.com\/en\/wp-content\/uploads\/sites\/2\/2016\/07\/ozanam-cross.jpg?fit=1200%2C630","articleSection":["Fr\u00e9d\u00e9ric Ozanam","Society of Saint Vincent de Paul"],"inLanguage":"en-US","potentialAction":[{"@type":"CommentAction","name":"Comment","target":["http:\/\/vincentians.com\/en\/frederic-ozanam-and-the-establishment-of-the-society-of-st-vincent-de-paul-04\/#respond"]}]},{"@type":"WebPage","@id":"http:\/\/vincentians.com\/en\/frederic-ozanam-and-the-establishment-of-the-society-of-st-vincent-de-paul-04\/","url":"http:\/\/vincentians.com\/en\/frederic-ozanam-and-the-establishment-of-the-society-of-st-vincent-de-paul-04\/","name":"Frederic Ozanam and the Establishment of the Society of St. Vincent de Paul (04) - We are Vincentians","isPartOf":{"@id":"https:\/\/vincentians.com\/en\/#website"},"primaryImageOfPage":{"@id":"http:\/\/vincentians.com\/en\/frederic-ozanam-and-the-establishment-of-the-society-of-st-vincent-de-paul-04\/#primaryimage"},"image":{"@id":"http:\/\/vincentians.com\/en\/frederic-ozanam-and-the-establishment-of-the-society-of-st-vincent-de-paul-04\/#primaryimage"},"thumbnailUrl":"https:\/\/i0.wp.com\/vincentians.com\/en\/wp-content\/uploads\/sites\/2\/2016\/07\/ozanam-cross.jpg?fit=1200%2C630","datePublished":"2013-11-26T06:15:44+00:00","dateModified":"2016-07-10T17:11:25+00:00","breadcrumb":{"@id":"http:\/\/vincentians.com\/en\/frederic-ozanam-and-the-establishment-of-the-society-of-st-vincent-de-paul-04\/#breadcrumb"},"inLanguage":"en-US","potentialAction":[{"@type":"ReadAction","target":["http:\/\/vincentians.com\/en\/frederic-ozanam-and-the-establishment-of-the-society-of-st-vincent-de-paul-04\/"]}]},{"@type":"ImageObject","inLanguage":"en-US","@id":"http:\/\/vincentians.com\/en\/frederic-ozanam-and-the-establishment-of-the-society-of-st-vincent-de-paul-04\/#primaryimage","url":"https:\/\/i0.wp.com\/vincentians.com\/en\/wp-content\/uploads\/sites\/2\/2016\/07\/ozanam-cross.jpg?fit=1200%2C630","contentUrl":"https:\/\/i0.wp.com\/vincentians.com\/en\/wp-content\/uploads\/sites\/2\/2016\/07\/ozanam-cross.jpg?fit=1200%2C630","width":1200,"height":630},{"@type":"BreadcrumbList","@id":"http:\/\/vincentians.com\/en\/frederic-ozanam-and-the-establishment-of-the-society-of-st-vincent-de-paul-04\/#breadcrumb","itemListElement":[{"@type":"ListItem","position":1,"name":"Portada","item":"https:\/\/vincentians.com\/en\/"},{"@type":"ListItem","position":2,"name":"Frederic Ozanam and the Establishment of the Society of St. Vincent de Paul (04)"}]},{"@type":"WebSite","@id":"https:\/\/vincentians.com\/en\/#website","url":"https:\/\/vincentians.com\/en\/","name":"We are Vincentians","description":"Know more to serve more","publisher":{"@id":"https:\/\/vincentians.com\/en\/#organization"},"potentialAction":[{"@type":"SearchAction","target":{"@type":"EntryPoint","urlTemplate":"https:\/\/vincentians.com\/en\/?s={search_term_string}"},"query-input":{"@type":"PropertyValueSpecification","valueRequired":true,"valueName":"search_term_string"}}],"inLanguage":"en-US"},{"@type":"Organization","@id":"https:\/\/vincentians.com\/en\/#organization","name":"The Vincentian Network","url":"https:\/\/vincentians.com\/en\/","logo":{"@type":"ImageObject","inLanguage":"en-US","@id":"https:\/\/vincentians.com\/en\/#\/schema\/logo\/image\/","url":"https:\/\/i1.wp.com\/vincentians.com\/en\/wp-content\/uploads\/sites\/2\/2016\/06\/Vincentian-Network-logo-big.png?fit=778%2C778&ssl=1","contentUrl":"https:\/\/i1.wp.com\/vincentians.com\/en\/wp-content\/uploads\/sites\/2\/2016\/06\/Vincentian-Network-logo-big.png?fit=778%2C778&ssl=1","width":778,"height":778,"caption":"The Vincentian Network"},"image":{"@id":"https:\/\/vincentians.com\/en\/#\/schema\/logo\/image\/"},"sameAs":["https:\/\/www.facebook.com\/WeAreVincentians\/","https:\/\/x.com\/WeVincentians"]},{"@type":"Person","@id":"https:\/\/vincentians.com\/en\/#\/schema\/person\/9623ef4d9aa3b2dfb8c061f1499288f2","name":"Francisco Javier Fern\u00e1ndez Chento","image":{"@type":"ImageObject","inLanguage":"en-US","@id":"https:\/\/vincentians.com\/en\/#\/schema\/person\/image\/","url":"https:\/\/secure.gravatar.com\/avatar\/497d5cde87b4c3d097d0315953521681ba2cd523ee66e5077c3711f7021e65de?s=96&d=mm&r=g","contentUrl":"https:\/\/secure.gravatar.com\/avatar\/497d5cde87b4c3d097d0315953521681ba2cd523ee66e5077c3711f7021e65de?s=96&d=mm&r=g","caption":"Francisco Javier Fern\u00e1ndez Chento"},"description":"Director General y cofundador de La Red de Formaci\u00f3n Vicenciana. Javier es laico vicenciano, afiliado a la Congregaci\u00f3n de la Misi\u00f3n y miembro del Equipo de Misiones Populares de la provincia can\u00f3nica de Zaragoza (Espa\u00f1a) de la Congregaci\u00f3n de la Misi\u00f3n. Graduado en la Universidad Oberta de Catalunya con cuatro grados (Asistente de direcci\u00f3n, Gesti\u00f3n Administrativa, Recursos Humanos y Contabilidad Avanzada). Bil\u00edng\u00fce Espa\u00f1ol\/Ingl\u00e9s. gestiona y mantiene varias p\u00e1ginas web cristianas y vicencianas, incluida including La Red de Formaci\u00f3n Vicenciana, de la que es cofundador. Actualmente es responsable del \u00e1rea de Espa\u00f1ol de .famvin, la Red de Noticias de la Familia Vicenciana. Tambi\u00e9n es m\u00fasico cat\u00f3lico y ha editado varios discos. Es Director General y cofundador de Trovador, una reconocida compa\u00f1\u00eda discogr\u00e1fica critiana de Espa\u00f1a. Trabaja en las Tecnolog\u00edas de la Informaci\u00f3n, ofreciendo servicios de alojamiento, dise\u00f1o y mantenimiento Web, as\u00ed como asesoramiento, formaci\u00f3n y soluciones inform\u00e1ticas, gesti\u00f3n documental y digitalizaci\u00f3n de textos, edici\u00f3n y maquetaci\u00f3n de libros, revistas, flyers, etc.","sameAs":["http:\/\/chento.org","https:\/\/www.facebook.com\/JavierChento","https:\/\/x.com\/https:\/\/twitter.com\/javierchento"],"url":"http:\/\/vincentians.com\/en\/author\/chento\/"}]}},"jetpack_publicize_connections":[],"jetpack_featured_media_url":"https:\/\/i0.wp.com\/vincentians.com\/en\/wp-content\/uploads\/sites\/2\/2016\/07\/ozanam-cross.jpg?fit=1200%2C630","jetpack_sharing_enabled":true,"jetpack_shortlink":"https:\/\/wp.me\/p7K2Ow-sci","jetpack-related-posts":[{"id":65895,"url":"http:\/\/vincentians.com\/en\/frederic-ozanam-a-layman-for-now-chapter-6\/","url_meta":{"origin":108394,"position":0},"title":"Fr\u00e9d\u00e9ric Ozanam, A Layman for Now. Chapter 6","author":"Francisco Javier Fern\u00e1ndez Chento","date":"September 14, 2016","format":false,"excerpt":"Chapter 6 - A Model for Today In the on-going need for the Church to address the question of modernity and adaptation to a culture while yet confronting it with Gospel values, are there any insights to be gained from the life and work of Frederic Ozanam? Is he a\u2026","rel":"","context":"In &quot;Fr\u00e9d\u00e9ric Ozanam&quot;","block_context":{"text":"Fr\u00e9d\u00e9ric Ozanam","link":"http:\/\/vincentians.com\/en\/category\/the-vincentian-family\/founders\/frederic-ozanam\/"},"img":{"alt_text":"","src":"https:\/\/i0.wp.com\/vincentians.com\/en\/wp-content\/uploads\/sites\/2\/2016\/07\/frederic-ozanam-layman-for-now.jpg?fit=1200%2C630&resize=350%2C200","width":350,"height":200,"srcset":"https:\/\/i0.wp.com\/vincentians.com\/en\/wp-content\/uploads\/sites\/2\/2016\/07\/frederic-ozanam-layman-for-now.jpg?fit=1200%2C630&resize=350%2C200 1x, https:\/\/i0.wp.com\/vincentians.com\/en\/wp-content\/uploads\/sites\/2\/2016\/07\/frederic-ozanam-layman-for-now.jpg?fit=1200%2C630&resize=525%2C300 1.5x, https:\/\/i0.wp.com\/vincentians.com\/en\/wp-content\/uploads\/sites\/2\/2016\/07\/frederic-ozanam-layman-for-now.jpg?fit=1200%2C630&resize=700%2C400 2x, https:\/\/i0.wp.com\/vincentians.com\/en\/wp-content\/uploads\/sites\/2\/2016\/07\/frederic-ozanam-layman-for-now.jpg?fit=1200%2C630&resize=1050%2C600 3x"},"classes":[]},{"id":149330,"url":"http:\/\/vincentians.com\/en\/new-in-the-library-life-worth-sharing-frederic-ozanam\/","url_meta":{"origin":108394,"position":1},"title":"New in the Library: &#8220;A life worth sharing: Frederic Ozanam&#8221; (Austin Fagan)","author":"Francisco Javier Fern\u00e1ndez Chento","date":"July 3, 2016","format":false,"excerpt":"From the Foreword: lt gives me great pleasure to introduce this new biography of Frederic Ozanam by one who is so steeped in the life and apostolate of the founder of the Society of St. Vincent de Paul. In commending this book, I thank Dr. Austin Fagan for bis profound\u2026","rel":"","context":"In &quot;Fr\u00e9d\u00e9ric Ozanam&quot;","block_context":{"text":"Fr\u00e9d\u00e9ric Ozanam","link":"http:\/\/vincentians.com\/en\/category\/the-vincentian-family\/founders\/frederic-ozanam\/"},"img":{"alt_text":"","src":"https:\/\/i0.wp.com\/vincentians.com\/en\/wp-content\/uploads\/sites\/2\/2016\/07\/the-vincentian-digital-library-2.jpg?fit=1200%2C630&resize=350%2C200","width":350,"height":200,"srcset":"https:\/\/i0.wp.com\/vincentians.com\/en\/wp-content\/uploads\/sites\/2\/2016\/07\/the-vincentian-digital-library-2.jpg?fit=1200%2C630&resize=350%2C200 1x, https:\/\/i0.wp.com\/vincentians.com\/en\/wp-content\/uploads\/sites\/2\/2016\/07\/the-vincentian-digital-library-2.jpg?fit=1200%2C630&resize=525%2C300 1.5x, https:\/\/i0.wp.com\/vincentians.com\/en\/wp-content\/uploads\/sites\/2\/2016\/07\/the-vincentian-digital-library-2.jpg?fit=1200%2C630&resize=700%2C400 2x, https:\/\/i0.wp.com\/vincentians.com\/en\/wp-content\/uploads\/sites\/2\/2016\/07\/the-vincentian-digital-library-2.jpg?fit=1200%2C630&resize=1050%2C600 3x"},"classes":[]},{"id":83924,"url":"http:\/\/vincentians.com\/en\/pioneer-and-prophet-frederic-ozanams-influence-on-modern-catholic-social-theory\/","url_meta":{"origin":108394,"position":2},"title":"Pioneer and Prophet: Fr\u00e9d\u00e9ric Ozanam\u2019s Influence on Modern Catholic Social Theory","author":"Francisco Javier Fern\u00e1ndez Chento","date":"July 10, 2016","format":false,"excerpt":"Dozens of books and articles recognize Antoine Fr\u00e9d\u00e9ric Ozanam as one of the earliest and most prolific influences on the body of literature known as Catholic social theory. Thomas A. Shannon credits Ozanam with being one of a number of Catholic social reformers appearing on the scene in France in\u2026","rel":"","context":"In &quot;Fr\u00e9d\u00e9ric Ozanam&quot;","block_context":{"text":"Fr\u00e9d\u00e9ric Ozanam","link":"http:\/\/vincentians.com\/en\/category\/the-vincentian-family\/founders\/frederic-ozanam\/"},"img":{"alt_text":"","src":"https:\/\/i0.wp.com\/vincentians.com\/en\/wp-content\/uploads\/sites\/2\/2012\/12\/ozanam-charity.jpg?fit=1200%2C630&resize=350%2C200","width":350,"height":200,"srcset":"https:\/\/i0.wp.com\/vincentians.com\/en\/wp-content\/uploads\/sites\/2\/2012\/12\/ozanam-charity.jpg?fit=1200%2C630&resize=350%2C200 1x, https:\/\/i0.wp.com\/vincentians.com\/en\/wp-content\/uploads\/sites\/2\/2012\/12\/ozanam-charity.jpg?fit=1200%2C630&resize=525%2C300 1.5x, https:\/\/i0.wp.com\/vincentians.com\/en\/wp-content\/uploads\/sites\/2\/2012\/12\/ozanam-charity.jpg?fit=1200%2C630&resize=700%2C400 2x, https:\/\/i0.wp.com\/vincentians.com\/en\/wp-content\/uploads\/sites\/2\/2012\/12\/ozanam-charity.jpg?fit=1200%2C630&resize=1050%2C600 3x"},"classes":[]},{"id":108405,"url":"http:\/\/vincentians.com\/en\/frederic-ozanam-and-the-establishment-of-the-society-of-st-vincent-de-paul-07\/","url_meta":{"origin":108394,"position":3},"title":"Frederic Ozanam and the Establishment of the Society of St. Vincent de Paul (07)","author":"Francisco Javier Fern\u00e1ndez Chento","date":"November 29, 2013","format":false,"excerpt":"Chapter VII: Aiding Catholic emigrants In his speech at the Ozanam Centenary at Man\u00adchester, Cardinal Bourne urged upon the Society the necessity of assisting Catholic male emigrants in choosing where to settle, and, if possible, to select particular centres, and in places where Catholics were numerous. Emigrants going out in\u2026","rel":"","context":"In &quot;Fr\u00e9d\u00e9ric Ozanam&quot;","block_context":{"text":"Fr\u00e9d\u00e9ric Ozanam","link":"http:\/\/vincentians.com\/en\/category\/the-vincentian-family\/founders\/frederic-ozanam\/"},"img":{"alt_text":"","src":"https:\/\/i0.wp.com\/vincentians.com\/en\/wp-content\/uploads\/sites\/2\/2016\/07\/ozanam-cross.jpg?fit=1200%2C630&resize=350%2C200","width":350,"height":200,"srcset":"https:\/\/i0.wp.com\/vincentians.com\/en\/wp-content\/uploads\/sites\/2\/2016\/07\/ozanam-cross.jpg?fit=1200%2C630&resize=350%2C200 1x, https:\/\/i0.wp.com\/vincentians.com\/en\/wp-content\/uploads\/sites\/2\/2016\/07\/ozanam-cross.jpg?fit=1200%2C630&resize=525%2C300 1.5x, https:\/\/i0.wp.com\/vincentians.com\/en\/wp-content\/uploads\/sites\/2\/2016\/07\/ozanam-cross.jpg?fit=1200%2C630&resize=700%2C400 2x, https:\/\/i0.wp.com\/vincentians.com\/en\/wp-content\/uploads\/sites\/2\/2016\/07\/ozanam-cross.jpg?fit=1200%2C630&resize=1050%2C600 3x"},"classes":[]},{"id":151878,"url":"http:\/\/vincentians.com\/en\/new-in-the-library-frederick-ozanam-henry-louis-hughes\/","url_meta":{"origin":108394,"position":4},"title":"New in the Library: &#8220;Frederick Ozanam&#8221; (Henry Louis Hughes)","author":"Francisco Javier Fern\u00e1ndez Chento","date":"July 17, 2016","format":false,"excerpt":"Biography of Frederick Ozanam, founder of the Saint Vincent de Paul Society. Forerunner of Catholic Action in the lay world. London: A. Ouseley, 1933 (First edition) From the introduction: The story of Frederick Ozanam, the founder of the St. Vincent de Paul Society, will be told in the following pages.\u2026","rel":"","context":"In &quot;Fr\u00e9d\u00e9ric Ozanam&quot;","block_context":{"text":"Fr\u00e9d\u00e9ric Ozanam","link":"http:\/\/vincentians.com\/en\/category\/the-vincentian-family\/founders\/frederic-ozanam\/"},"img":{"alt_text":"","src":"https:\/\/i0.wp.com\/vincentians.com\/en\/wp-content\/uploads\/sites\/2\/2016\/07\/the-vincentian-digital-library-2.jpg?fit=1200%2C630&resize=350%2C200","width":350,"height":200,"srcset":"https:\/\/i0.wp.com\/vincentians.com\/en\/wp-content\/uploads\/sites\/2\/2016\/07\/the-vincentian-digital-library-2.jpg?fit=1200%2C630&resize=350%2C200 1x, https:\/\/i0.wp.com\/vincentians.com\/en\/wp-content\/uploads\/sites\/2\/2016\/07\/the-vincentian-digital-library-2.jpg?fit=1200%2C630&resize=525%2C300 1.5x, https:\/\/i0.wp.com\/vincentians.com\/en\/wp-content\/uploads\/sites\/2\/2016\/07\/the-vincentian-digital-library-2.jpg?fit=1200%2C630&resize=700%2C400 2x, https:\/\/i0.wp.com\/vincentians.com\/en\/wp-content\/uploads\/sites\/2\/2016\/07\/the-vincentian-digital-library-2.jpg?fit=1200%2C630&resize=1050%2C600 3x"},"classes":[]},{"id":108402,"url":"http:\/\/vincentians.com\/en\/frederic-ozanam-and-the-establishment-of-the-society-of-st-vincent-de-paul-06\/","url_meta":{"origin":108394,"position":5},"title":"Frederic Ozanam and the Establishment of the Society of St. Vincent de Paul (06)","author":"Francisco Javier Fern\u00e1ndez Chento","date":"November 28, 2013","format":false,"excerpt":"Chapter VI: Ozanam and Christian Democracy Ozanam lived in an age of revolution. Charles X. had been driven off the throne by the followers of Voltaire and Rousseau, whose sophisms and fallacies had shaken the faith of the greater number of French\u00admen in Divine Providence. Louis Philippe, who succeeded him,\u2026","rel":"","context":"In &quot;Fr\u00e9d\u00e9ric Ozanam&quot;","block_context":{"text":"Fr\u00e9d\u00e9ric Ozanam","link":"http:\/\/vincentians.com\/en\/category\/the-vincentian-family\/founders\/frederic-ozanam\/"},"img":{"alt_text":"","src":"https:\/\/i0.wp.com\/vincentians.com\/en\/wp-content\/uploads\/sites\/2\/2016\/07\/ozanam-cross.jpg?fit=1200%2C630&resize=350%2C200","width":350,"height":200,"srcset":"https:\/\/i0.wp.com\/vincentians.com\/en\/wp-content\/uploads\/sites\/2\/2016\/07\/ozanam-cross.jpg?fit=1200%2C630&resize=350%2C200 1x, https:\/\/i0.wp.com\/vincentians.com\/en\/wp-content\/uploads\/sites\/2\/2016\/07\/ozanam-cross.jpg?fit=1200%2C630&resize=525%2C300 1.5x, https:\/\/i0.wp.com\/vincentians.com\/en\/wp-content\/uploads\/sites\/2\/2016\/07\/ozanam-cross.jpg?fit=1200%2C630&resize=700%2C400 2x, https:\/\/i0.wp.com\/vincentians.com\/en\/wp-content\/uploads\/sites\/2\/2016\/07\/ozanam-cross.jpg?fit=1200%2C630&resize=1050%2C600 3x"},"classes":[]}],"_links":{"self":[{"href":"http:\/\/vincentians.com\/en\/wp-json\/wp\/v2\/posts\/108394","targetHints":{"allow":["GET"]}}],"collection":[{"href":"http:\/\/vincentians.com\/en\/wp-json\/wp\/v2\/posts"}],"about":[{"href":"http:\/\/vincentians.com\/en\/wp-json\/wp\/v2\/types\/post"}],"author":[{"embeddable":true,"href":"http:\/\/vincentians.com\/en\/wp-json\/wp\/v2\/users\/4"}],"replies":[{"embeddable":true,"href":"http:\/\/vincentians.com\/en\/wp-json\/wp\/v2\/comments?post=108394"}],"version-history":[{"count":0,"href":"http:\/\/vincentians.com\/en\/wp-json\/wp\/v2\/posts\/108394\/revisions"}],"wp:featuredmedia":[{"embeddable":true,"href":"http:\/\/vincentians.com\/en\/wp-json\/wp\/v2\/media\/150271"}],"wp:attachment":[{"href":"http:\/\/vincentians.com\/en\/wp-json\/wp\/v2\/media?parent=108394"}],"wp:term":[{"taxonomy":"category","embeddable":true,"href":"http:\/\/vincentians.com\/en\/wp-json\/wp\/v2\/categories?post=108394"},{"taxonomy":"post_tag","embeddable":true,"href":"http:\/\/vincentians.com\/en\/wp-json\/wp\/v2\/tags?post=108394"}],"curies":[{"name":"wp","href":"https:\/\/api.w.org\/{rel}","templated":true}]}}