{"id":108349,"date":"2016-09-19T03:00:48","date_gmt":"2016-09-19T01:00:48","guid":{"rendered":"http:\/\/vincentians.com\/?p=108349"},"modified":"2016-07-19T07:26:37","modified_gmt":"2016-07-19T05:26:37","slug":"vincent-letter-0010-to-charles-du-fresne-secretary-of-philippe-emmanuel-gondi","status":"publish","type":"post","link":"http:\/\/vincentians.com\/en\/vincent-letter-0010-to-charles-du-fresne-secretary-of-philippe-emmanuel-gondi\/","title":{"rendered":"Vincent, Letter 0010. To Charles du Fresne, secretary of Philippe-Emmanuel de Gondi"},"content":{"rendered":"[October<span id='easy-footnote-1-108349' class='easy-footnote-margin-adjust'><\/span><span class='easy-footnote'><a href='http:\/\/vincentians.com\/en\/vincent-letter-0010-to-charles-du-fresne-secretary-of-philippe-emmanuel-gondi\/#easy-footnote-bottom-1-108349' title='Letter 10. &amp;#8211; Abelly, op. cit., vol. I, chap. IX, p. 44.'><sup>1<\/sup><\/a><\/span> 1617]<span id='easy-footnote-2-108349' class='easy-footnote-margin-adjust'><\/span><span class='easy-footnote'><a href='http:\/\/vincentians.com\/en\/vincent-letter-0010-to-charles-du-fresne-secretary-of-philippe-emmanuel-gondi\/#easy-footnote-bottom-2-108349' title='This letter was written on very nearly the same date as the preceding one.'><sup>2<\/sup><\/a><\/span>\n<p>Saint Vincent informs his friend<span id='easy-footnote-3-108349' class='easy-footnote-margin-adjust'><\/span><span class='easy-footnote'><a href='http:\/\/vincentians.com\/en\/vincent-letter-0010-to-charles-du-fresne-secretary-of-philippe-emmanuel-gondi\/#easy-footnote-bottom-3-108349' title='Sieur de Villeneuve, former secretary of Queen Marguerite de Valois. After the death of this princess, he entered the house of Emmanuel de Gondi, for whom he was secretary, then intendant. (Cf. Abelly, op. cit., vol. I, chap. V, p. 21.) He was one of the closest friends of Saint Vincent.'><sup>3<\/sup><\/a><\/span> that he hopes to take a trip to Paris in two months. There, according to the enlightenment that God gives him, he will make a final decision concerning his return to Ch\u00e2tillon-les-Dombes or to the De Gondi family<span id='easy-footnote-4-108349' class='easy-footnote-margin-adjust'><\/span><span class='easy-footnote'><a href='http:\/\/vincentians.com\/en\/vincent-letter-0010-to-charles-du-fresne-secretary-of-philippe-emmanuel-gondi\/#easy-footnote-bottom-4-108349' title='It was upon this latter course that Vincent de Paul decided, after consulting Father de B\u00e9rulle and other enlightened individuals. He arrived in Paris on December 23, and the next day he resumed his post in the De Gondi family.'><sup>4<\/sup><\/a><\/span>.<\/p>\n","protected":false},"excerpt":{"rendered":"<p>[October 1617] Saint Vincent informs his friend that he hopes to take a trip to Paris in two months. There, according to the enlightenment that God gives him, he will make a final decision concerning &#8230; <a href=\"http:\/\/vincentians.com\/en\/vincent-letter-0010-to-charles-du-fresne-secretary-of-philippe-emmanuel-gondi\/\" class=\"more-link\">Read More<\/a><\/p>\n","protected":false},"author":4,"featured_media":147299,"comment_status":"open","ping_status":"open","sticky":false,"template":"","format":"standard","meta":{"jetpack_post_was_ever_published":false,"_jetpack_newsletter_access":"","_jetpack_dont_email_post_to_subs":false,"_jetpack_newsletter_tier_id":0,"_jetpack_memberships_contains_paywalled_content":false,"_jetpack_memberships_contains_paid_content":false,"footnotes":"","jetpack_publicize_message":"","jetpack_publicize_feature_enabled":true,"jetpack_social_post_already_shared":true,"jetpack_social_options":{"image_generator_settings":{"template":"highway","default_image_id":0,"font":"","enabled":false},"version":2}},"categories":[65],"tags":[],"class_list":["post-108349","post","type-post","status-publish","format-standard","has-post-thumbnail","hentry","category-writings-of-vincent-de-paul"],"yoast_head":"<!-- This site is optimized with the Yoast SEO plugin v26.3 - https:\/\/yoast.com\/wordpress\/plugins\/seo\/ -->\n<title>Vincent, Letter 0010. To Charles du Fresne, secretary of Philippe-Emmanuel de Gondi - We are Vincentians<\/title>\n<meta name=\"robots\" content=\"index, follow, max-snippet:-1, max-image-preview:large, max-video-preview:-1\" \/>\n<link rel=\"canonical\" href=\"https:\/\/vincentians.com\/en\/vincent-letter-0010-to-charles-du-fresne-secretary-of-philippe-emmanuel-gondi\/\" \/>\n<meta property=\"og:locale\" content=\"en_US\" \/>\n<meta property=\"og:type\" content=\"article\" \/>\n<meta property=\"og:title\" content=\"Vincent, Letter 0010. To Charles du Fresne, secretary of Philippe-Emmanuel de Gondi - We are Vincentians\" \/>\n<meta property=\"og:description\" content=\"[October 1617] Saint Vincent informs his friend that he hopes to take a trip to Paris in two months. There, according to the enlightenment that God gives him, he will make a final decision concerning ... Read More\" \/>\n<meta property=\"og:url\" content=\"https:\/\/vincentians.com\/en\/vincent-letter-0010-to-charles-du-fresne-secretary-of-philippe-emmanuel-gondi\/\" \/>\n<meta property=\"og:site_name\" content=\"We are Vincentians\" \/>\n<meta property=\"article:publisher\" content=\"https:\/\/www.facebook.com\/WeAreVincentians\/\" \/>\n<meta property=\"article:author\" content=\"https:\/\/www.facebook.com\/JavierChento\" \/>\n<meta property=\"article:published_time\" content=\"2016-09-19T01:00:48+00:00\" \/>\n<meta property=\"og:image\" content=\"https:\/\/i0.wp.com\/vincentians.com\/en\/wp-content\/uploads\/sites\/2\/2016\/06\/Writings-of-Vincent-de-Paul.jpg?fit=1200%2C630&ssl=1\" \/>\n\t<meta property=\"og:image:width\" content=\"1200\" \/>\n\t<meta property=\"og:image:height\" content=\"630\" \/>\n\t<meta property=\"og:image:type\" content=\"image\/jpeg\" \/>\n<meta name=\"author\" content=\"Francisco Javier Fern\u00e1ndez Chento\" \/>\n<meta name=\"twitter:card\" content=\"summary_large_image\" \/>\n<meta name=\"twitter:creator\" content=\"@https:\/\/twitter.com\/javierchento\" \/>\n<meta name=\"twitter:site\" content=\"@WeVincentians\" \/>\n<meta name=\"twitter:label1\" content=\"Written by\" \/>\n\t<meta name=\"twitter:data1\" content=\"Francisco Javier Fern\u00e1ndez Chento\" \/>\n\t<meta name=\"twitter:label2\" content=\"Est. reading time\" \/>\n\t<meta name=\"twitter:data2\" content=\"1 minute\" \/>\n<script type=\"application\/ld+json\" class=\"yoast-schema-graph\">{\"@context\":\"https:\/\/schema.org\",\"@graph\":[{\"@type\":\"Article\",\"@id\":\"https:\/\/vincentians.com\/en\/vincent-letter-0010-to-charles-du-fresne-secretary-of-philippe-emmanuel-gondi\/#article\",\"isPartOf\":{\"@id\":\"https:\/\/vincentians.com\/en\/vincent-letter-0010-to-charles-du-fresne-secretary-of-philippe-emmanuel-gondi\/\"},\"author\":{\"name\":\"Francisco Javier Fern\u00e1ndez Chento\",\"@id\":\"https:\/\/vincentians.com\/en\/#\/schema\/person\/9623ef4d9aa3b2dfb8c061f1499288f2\"},\"headline\":\"Vincent, Letter 0010. To Charles du Fresne, secretary of Philippe-Emmanuel de Gondi\",\"datePublished\":\"2016-09-19T01:00:48+00:00\",\"mainEntityOfPage\":{\"@id\":\"https:\/\/vincentians.com\/en\/vincent-letter-0010-to-charles-du-fresne-secretary-of-philippe-emmanuel-gondi\/\"},\"wordCount\":178,\"commentCount\":0,\"publisher\":{\"@id\":\"https:\/\/vincentians.com\/en\/#organization\"},\"image\":{\"@id\":\"https:\/\/vincentians.com\/en\/vincent-letter-0010-to-charles-du-fresne-secretary-of-philippe-emmanuel-gondi\/#primaryimage\"},\"thumbnailUrl\":\"https:\/\/i0.wp.com\/vincentians.com\/en\/wp-content\/uploads\/sites\/2\/2016\/06\/Writings-of-Vincent-de-Paul.jpg?fit=1200%2C630\",\"articleSection\":[\"Writings of Vincent de Paul\"],\"inLanguage\":\"en-US\",\"potentialAction\":[{\"@type\":\"CommentAction\",\"name\":\"Comment\",\"target\":[\"https:\/\/vincentians.com\/en\/vincent-letter-0010-to-charles-du-fresne-secretary-of-philippe-emmanuel-gondi\/#respond\"]}]},{\"@type\":\"WebPage\",\"@id\":\"https:\/\/vincentians.com\/en\/vincent-letter-0010-to-charles-du-fresne-secretary-of-philippe-emmanuel-gondi\/\",\"url\":\"https:\/\/vincentians.com\/en\/vincent-letter-0010-to-charles-du-fresne-secretary-of-philippe-emmanuel-gondi\/\",\"name\":\"Vincent, Letter 0010. To Charles du Fresne, secretary of Philippe-Emmanuel de Gondi - We are Vincentians\",\"isPartOf\":{\"@id\":\"https:\/\/vincentians.com\/en\/#website\"},\"primaryImageOfPage\":{\"@id\":\"https:\/\/vincentians.com\/en\/vincent-letter-0010-to-charles-du-fresne-secretary-of-philippe-emmanuel-gondi\/#primaryimage\"},\"image\":{\"@id\":\"https:\/\/vincentians.com\/en\/vincent-letter-0010-to-charles-du-fresne-secretary-of-philippe-emmanuel-gondi\/#primaryimage\"},\"thumbnailUrl\":\"https:\/\/i0.wp.com\/vincentians.com\/en\/wp-content\/uploads\/sites\/2\/2016\/06\/Writings-of-Vincent-de-Paul.jpg?fit=1200%2C630\",\"datePublished\":\"2016-09-19T01:00:48+00:00\",\"breadcrumb\":{\"@id\":\"https:\/\/vincentians.com\/en\/vincent-letter-0010-to-charles-du-fresne-secretary-of-philippe-emmanuel-gondi\/#breadcrumb\"},\"inLanguage\":\"en-US\",\"potentialAction\":[{\"@type\":\"ReadAction\",\"target\":[\"https:\/\/vincentians.com\/en\/vincent-letter-0010-to-charles-du-fresne-secretary-of-philippe-emmanuel-gondi\/\"]}]},{\"@type\":\"ImageObject\",\"inLanguage\":\"en-US\",\"@id\":\"https:\/\/vincentians.com\/en\/vincent-letter-0010-to-charles-du-fresne-secretary-of-philippe-emmanuel-gondi\/#primaryimage\",\"url\":\"https:\/\/i0.wp.com\/vincentians.com\/en\/wp-content\/uploads\/sites\/2\/2016\/06\/Writings-of-Vincent-de-Paul.jpg?fit=1200%2C630\",\"contentUrl\":\"https:\/\/i0.wp.com\/vincentians.com\/en\/wp-content\/uploads\/sites\/2\/2016\/06\/Writings-of-Vincent-de-Paul.jpg?fit=1200%2C630\",\"width\":1200,\"height\":630},{\"@type\":\"BreadcrumbList\",\"@id\":\"https:\/\/vincentians.com\/en\/vincent-letter-0010-to-charles-du-fresne-secretary-of-philippe-emmanuel-gondi\/#breadcrumb\",\"itemListElement\":[{\"@type\":\"ListItem\",\"position\":1,\"name\":\"Portada\",\"item\":\"https:\/\/vincentians.com\/en\/\"},{\"@type\":\"ListItem\",\"position\":2,\"name\":\"Vincent, Letter 0010. To Charles du Fresne, secretary of Philippe-Emmanuel de Gondi\"}]},{\"@type\":\"WebSite\",\"@id\":\"https:\/\/vincentians.com\/en\/#website\",\"url\":\"https:\/\/vincentians.com\/en\/\",\"name\":\"We are Vincentians\",\"description\":\"Know more to serve more\",\"publisher\":{\"@id\":\"https:\/\/vincentians.com\/en\/#organization\"},\"potentialAction\":[{\"@type\":\"SearchAction\",\"target\":{\"@type\":\"EntryPoint\",\"urlTemplate\":\"https:\/\/vincentians.com\/en\/?s={search_term_string}\"},\"query-input\":{\"@type\":\"PropertyValueSpecification\",\"valueRequired\":true,\"valueName\":\"search_term_string\"}}],\"inLanguage\":\"en-US\"},{\"@type\":\"Organization\",\"@id\":\"https:\/\/vincentians.com\/en\/#organization\",\"name\":\"The Vincentian Network\",\"url\":\"https:\/\/vincentians.com\/en\/\",\"logo\":{\"@type\":\"ImageObject\",\"inLanguage\":\"en-US\",\"@id\":\"https:\/\/vincentians.com\/en\/#\/schema\/logo\/image\/\",\"url\":\"https:\/\/i1.wp.com\/vincentians.com\/en\/wp-content\/uploads\/sites\/2\/2016\/06\/Vincentian-Network-logo-big.png?fit=778%2C778&ssl=1\",\"contentUrl\":\"https:\/\/i1.wp.com\/vincentians.com\/en\/wp-content\/uploads\/sites\/2\/2016\/06\/Vincentian-Network-logo-big.png?fit=778%2C778&ssl=1\",\"width\":778,\"height\":778,\"caption\":\"The Vincentian Network\"},\"image\":{\"@id\":\"https:\/\/vincentians.com\/en\/#\/schema\/logo\/image\/\"},\"sameAs\":[\"https:\/\/www.facebook.com\/WeAreVincentians\/\",\"https:\/\/x.com\/WeVincentians\"]},{\"@type\":\"Person\",\"@id\":\"https:\/\/vincentians.com\/en\/#\/schema\/person\/9623ef4d9aa3b2dfb8c061f1499288f2\",\"name\":\"Francisco Javier Fern\u00e1ndez Chento\",\"image\":{\"@type\":\"ImageObject\",\"inLanguage\":\"en-US\",\"@id\":\"https:\/\/vincentians.com\/en\/#\/schema\/person\/image\/\",\"url\":\"https:\/\/secure.gravatar.com\/avatar\/497d5cde87b4c3d097d0315953521681ba2cd523ee66e5077c3711f7021e65de?s=96&d=mm&r=g\",\"contentUrl\":\"https:\/\/secure.gravatar.com\/avatar\/497d5cde87b4c3d097d0315953521681ba2cd523ee66e5077c3711f7021e65de?s=96&d=mm&r=g\",\"caption\":\"Francisco Javier Fern\u00e1ndez Chento\"},\"description\":\"Director General y cofundador de La Red de Formaci\u00f3n Vicenciana. Javier es laico vicenciano, afiliado a la Congregaci\u00f3n de la Misi\u00f3n y miembro del Equipo de Misiones Populares de la provincia can\u00f3nica de Zaragoza (Espa\u00f1a) de la Congregaci\u00f3n de la Misi\u00f3n. Graduado en la Universidad Oberta de Catalunya con cuatro grados (Asistente de direcci\u00f3n, Gesti\u00f3n Administrativa, Recursos Humanos y Contabilidad Avanzada). Bil\u00edng\u00fce Espa\u00f1ol\/Ingl\u00e9s. gestiona y mantiene varias p\u00e1ginas web cristianas y vicencianas, incluida including La Red de Formaci\u00f3n Vicenciana, de la que es cofundador. Actualmente es responsable del \u00e1rea de Espa\u00f1ol de .famvin, la Red de Noticias de la Familia Vicenciana. Tambi\u00e9n es m\u00fasico cat\u00f3lico y ha editado varios discos. Es Director General y cofundador de Trovador, una reconocida compa\u00f1\u00eda discogr\u00e1fica critiana de Espa\u00f1a. Trabaja en las Tecnolog\u00edas de la Informaci\u00f3n, ofreciendo servicios de alojamiento, dise\u00f1o y mantenimiento Web, as\u00ed como asesoramiento, formaci\u00f3n y soluciones inform\u00e1ticas, gesti\u00f3n documental y digitalizaci\u00f3n de textos, edici\u00f3n y maquetaci\u00f3n de libros, revistas, flyers, etc.\",\"sameAs\":[\"http:\/\/chento.org\",\"https:\/\/www.facebook.com\/JavierChento\",\"https:\/\/x.com\/https:\/\/twitter.com\/javierchento\"],\"url\":\"http:\/\/vincentians.com\/en\/author\/chento\/\"}]}<\/script>\n<!-- \/ Yoast SEO plugin. -->","yoast_head_json":{"title":"Vincent, Letter 0010. To Charles du Fresne, secretary of Philippe-Emmanuel de Gondi - We are Vincentians","robots":{"index":"index","follow":"follow","max-snippet":"max-snippet:-1","max-image-preview":"max-image-preview:large","max-video-preview":"max-video-preview:-1"},"canonical":"https:\/\/vincentians.com\/en\/vincent-letter-0010-to-charles-du-fresne-secretary-of-philippe-emmanuel-gondi\/","og_locale":"en_US","og_type":"article","og_title":"Vincent, Letter 0010. To Charles du Fresne, secretary of Philippe-Emmanuel de Gondi - We are Vincentians","og_description":"[October 1617] Saint Vincent informs his friend that he hopes to take a trip to Paris in two months. There, according to the enlightenment that God gives him, he will make a final decision concerning ... Read More","og_url":"https:\/\/vincentians.com\/en\/vincent-letter-0010-to-charles-du-fresne-secretary-of-philippe-emmanuel-gondi\/","og_site_name":"We are Vincentians","article_publisher":"https:\/\/www.facebook.com\/WeAreVincentians\/","article_author":"https:\/\/www.facebook.com\/JavierChento","article_published_time":"2016-09-19T01:00:48+00:00","og_image":[{"width":1200,"height":630,"url":"https:\/\/i0.wp.com\/vincentians.com\/en\/wp-content\/uploads\/sites\/2\/2016\/06\/Writings-of-Vincent-de-Paul.jpg?fit=1200%2C630&ssl=1","type":"image\/jpeg"}],"author":"Francisco Javier Fern\u00e1ndez Chento","twitter_card":"summary_large_image","twitter_creator":"@https:\/\/twitter.com\/javierchento","twitter_site":"@WeVincentians","twitter_misc":{"Written by":"Francisco Javier Fern\u00e1ndez Chento","Est. reading time":"1 minute"},"schema":{"@context":"https:\/\/schema.org","@graph":[{"@type":"Article","@id":"https:\/\/vincentians.com\/en\/vincent-letter-0010-to-charles-du-fresne-secretary-of-philippe-emmanuel-gondi\/#article","isPartOf":{"@id":"https:\/\/vincentians.com\/en\/vincent-letter-0010-to-charles-du-fresne-secretary-of-philippe-emmanuel-gondi\/"},"author":{"name":"Francisco Javier Fern\u00e1ndez Chento","@id":"https:\/\/vincentians.com\/en\/#\/schema\/person\/9623ef4d9aa3b2dfb8c061f1499288f2"},"headline":"Vincent, Letter 0010. To Charles du Fresne, secretary of Philippe-Emmanuel de Gondi","datePublished":"2016-09-19T01:00:48+00:00","mainEntityOfPage":{"@id":"https:\/\/vincentians.com\/en\/vincent-letter-0010-to-charles-du-fresne-secretary-of-philippe-emmanuel-gondi\/"},"wordCount":178,"commentCount":0,"publisher":{"@id":"https:\/\/vincentians.com\/en\/#organization"},"image":{"@id":"https:\/\/vincentians.com\/en\/vincent-letter-0010-to-charles-du-fresne-secretary-of-philippe-emmanuel-gondi\/#primaryimage"},"thumbnailUrl":"https:\/\/i0.wp.com\/vincentians.com\/en\/wp-content\/uploads\/sites\/2\/2016\/06\/Writings-of-Vincent-de-Paul.jpg?fit=1200%2C630","articleSection":["Writings of Vincent de Paul"],"inLanguage":"en-US","potentialAction":[{"@type":"CommentAction","name":"Comment","target":["https:\/\/vincentians.com\/en\/vincent-letter-0010-to-charles-du-fresne-secretary-of-philippe-emmanuel-gondi\/#respond"]}]},{"@type":"WebPage","@id":"https:\/\/vincentians.com\/en\/vincent-letter-0010-to-charles-du-fresne-secretary-of-philippe-emmanuel-gondi\/","url":"https:\/\/vincentians.com\/en\/vincent-letter-0010-to-charles-du-fresne-secretary-of-philippe-emmanuel-gondi\/","name":"Vincent, Letter 0010. To Charles du Fresne, secretary of Philippe-Emmanuel de Gondi - We are Vincentians","isPartOf":{"@id":"https:\/\/vincentians.com\/en\/#website"},"primaryImageOfPage":{"@id":"https:\/\/vincentians.com\/en\/vincent-letter-0010-to-charles-du-fresne-secretary-of-philippe-emmanuel-gondi\/#primaryimage"},"image":{"@id":"https:\/\/vincentians.com\/en\/vincent-letter-0010-to-charles-du-fresne-secretary-of-philippe-emmanuel-gondi\/#primaryimage"},"thumbnailUrl":"https:\/\/i0.wp.com\/vincentians.com\/en\/wp-content\/uploads\/sites\/2\/2016\/06\/Writings-of-Vincent-de-Paul.jpg?fit=1200%2C630","datePublished":"2016-09-19T01:00:48+00:00","breadcrumb":{"@id":"https:\/\/vincentians.com\/en\/vincent-letter-0010-to-charles-du-fresne-secretary-of-philippe-emmanuel-gondi\/#breadcrumb"},"inLanguage":"en-US","potentialAction":[{"@type":"ReadAction","target":["https:\/\/vincentians.com\/en\/vincent-letter-0010-to-charles-du-fresne-secretary-of-philippe-emmanuel-gondi\/"]}]},{"@type":"ImageObject","inLanguage":"en-US","@id":"https:\/\/vincentians.com\/en\/vincent-letter-0010-to-charles-du-fresne-secretary-of-philippe-emmanuel-gondi\/#primaryimage","url":"https:\/\/i0.wp.com\/vincentians.com\/en\/wp-content\/uploads\/sites\/2\/2016\/06\/Writings-of-Vincent-de-Paul.jpg?fit=1200%2C630","contentUrl":"https:\/\/i0.wp.com\/vincentians.com\/en\/wp-content\/uploads\/sites\/2\/2016\/06\/Writings-of-Vincent-de-Paul.jpg?fit=1200%2C630","width":1200,"height":630},{"@type":"BreadcrumbList","@id":"https:\/\/vincentians.com\/en\/vincent-letter-0010-to-charles-du-fresne-secretary-of-philippe-emmanuel-gondi\/#breadcrumb","itemListElement":[{"@type":"ListItem","position":1,"name":"Portada","item":"https:\/\/vincentians.com\/en\/"},{"@type":"ListItem","position":2,"name":"Vincent, Letter 0010. To Charles du Fresne, secretary of Philippe-Emmanuel de Gondi"}]},{"@type":"WebSite","@id":"https:\/\/vincentians.com\/en\/#website","url":"https:\/\/vincentians.com\/en\/","name":"We are Vincentians","description":"Know more to serve more","publisher":{"@id":"https:\/\/vincentians.com\/en\/#organization"},"potentialAction":[{"@type":"SearchAction","target":{"@type":"EntryPoint","urlTemplate":"https:\/\/vincentians.com\/en\/?s={search_term_string}"},"query-input":{"@type":"PropertyValueSpecification","valueRequired":true,"valueName":"search_term_string"}}],"inLanguage":"en-US"},{"@type":"Organization","@id":"https:\/\/vincentians.com\/en\/#organization","name":"The Vincentian Network","url":"https:\/\/vincentians.com\/en\/","logo":{"@type":"ImageObject","inLanguage":"en-US","@id":"https:\/\/vincentians.com\/en\/#\/schema\/logo\/image\/","url":"https:\/\/i1.wp.com\/vincentians.com\/en\/wp-content\/uploads\/sites\/2\/2016\/06\/Vincentian-Network-logo-big.png?fit=778%2C778&ssl=1","contentUrl":"https:\/\/i1.wp.com\/vincentians.com\/en\/wp-content\/uploads\/sites\/2\/2016\/06\/Vincentian-Network-logo-big.png?fit=778%2C778&ssl=1","width":778,"height":778,"caption":"The Vincentian Network"},"image":{"@id":"https:\/\/vincentians.com\/en\/#\/schema\/logo\/image\/"},"sameAs":["https:\/\/www.facebook.com\/WeAreVincentians\/","https:\/\/x.com\/WeVincentians"]},{"@type":"Person","@id":"https:\/\/vincentians.com\/en\/#\/schema\/person\/9623ef4d9aa3b2dfb8c061f1499288f2","name":"Francisco Javier Fern\u00e1ndez Chento","image":{"@type":"ImageObject","inLanguage":"en-US","@id":"https:\/\/vincentians.com\/en\/#\/schema\/person\/image\/","url":"https:\/\/secure.gravatar.com\/avatar\/497d5cde87b4c3d097d0315953521681ba2cd523ee66e5077c3711f7021e65de?s=96&d=mm&r=g","contentUrl":"https:\/\/secure.gravatar.com\/avatar\/497d5cde87b4c3d097d0315953521681ba2cd523ee66e5077c3711f7021e65de?s=96&d=mm&r=g","caption":"Francisco Javier Fern\u00e1ndez Chento"},"description":"Director General y cofundador de La Red de Formaci\u00f3n Vicenciana. Javier es laico vicenciano, afiliado a la Congregaci\u00f3n de la Misi\u00f3n y miembro del Equipo de Misiones Populares de la provincia can\u00f3nica de Zaragoza (Espa\u00f1a) de la Congregaci\u00f3n de la Misi\u00f3n. Graduado en la Universidad Oberta de Catalunya con cuatro grados (Asistente de direcci\u00f3n, Gesti\u00f3n Administrativa, Recursos Humanos y Contabilidad Avanzada). Bil\u00edng\u00fce Espa\u00f1ol\/Ingl\u00e9s. gestiona y mantiene varias p\u00e1ginas web cristianas y vicencianas, incluida including La Red de Formaci\u00f3n Vicenciana, de la que es cofundador. Actualmente es responsable del \u00e1rea de Espa\u00f1ol de .famvin, la Red de Noticias de la Familia Vicenciana. Tambi\u00e9n es m\u00fasico cat\u00f3lico y ha editado varios discos. Es Director General y cofundador de Trovador, una reconocida compa\u00f1\u00eda discogr\u00e1fica critiana de Espa\u00f1a. Trabaja en las Tecnolog\u00edas de la Informaci\u00f3n, ofreciendo servicios de alojamiento, dise\u00f1o y mantenimiento Web, as\u00ed como asesoramiento, formaci\u00f3n y soluciones inform\u00e1ticas, gesti\u00f3n documental y digitalizaci\u00f3n de textos, edici\u00f3n y maquetaci\u00f3n de libros, revistas, flyers, etc.","sameAs":["http:\/\/chento.org","https:\/\/www.facebook.com\/JavierChento","https:\/\/x.com\/https:\/\/twitter.com\/javierchento"],"url":"http:\/\/vincentians.com\/en\/author\/chento\/"}]}},"jetpack_publicize_connections":[],"jetpack_featured_media_url":"https:\/\/i0.wp.com\/vincentians.com\/en\/wp-content\/uploads\/sites\/2\/2016\/06\/Writings-of-Vincent-de-Paul.jpg?fit=1200%2C630","jetpack_sharing_enabled":true,"jetpack_shortlink":"https:\/\/wp.me\/p7K2Ow-sbz","jetpack-related-posts":[{"id":108354,"url":"http:\/\/vincentians.com\/en\/vincent-letter-0006-to-philippe-emmanuel-gondi-in-provence\/","url_meta":{"origin":108349,"position":0},"title":"Vincent, Letter 0006. To Philippe-Emmanuel de Gondi, in Provence","author":"Francisco Javier Fern\u00e1ndez Chento","date":"August 22, 2016","format":false,"excerpt":"[August or September 1617] Saint Vincent writes from Ch\u00e2tillon-les-Dombes that, not having the requisite qualities to be a tutor in a family of such high nobility as that of the De Gondis, he has secretly left Paris, strongly determined to devote himself to parish ministry in the place where he\u2026","rel":"","context":"In &quot;Writings of Vincent de Paul&quot;","block_context":{"text":"Writings of Vincent de Paul","link":"http:\/\/vincentians.com\/en\/category\/writings\/writings-of-vincent-de-paul\/"},"img":{"alt_text":"","src":"https:\/\/i0.wp.com\/vincentians.com\/en\/wp-content\/uploads\/sites\/2\/2016\/06\/Writings-of-Vincent-de-Paul.jpg?fit=1200%2C630&resize=350%2C200","width":350,"height":200,"srcset":"https:\/\/i0.wp.com\/vincentians.com\/en\/wp-content\/uploads\/sites\/2\/2016\/06\/Writings-of-Vincent-de-Paul.jpg?fit=1200%2C630&resize=350%2C200 1x, https:\/\/i0.wp.com\/vincentians.com\/en\/wp-content\/uploads\/sites\/2\/2016\/06\/Writings-of-Vincent-de-Paul.jpg?fit=1200%2C630&resize=525%2C300 1.5x, https:\/\/i0.wp.com\/vincentians.com\/en\/wp-content\/uploads\/sites\/2\/2016\/06\/Writings-of-Vincent-de-Paul.jpg?fit=1200%2C630&resize=700%2C400 2x, https:\/\/i0.wp.com\/vincentians.com\/en\/wp-content\/uploads\/sites\/2\/2016\/06\/Writings-of-Vincent-de-Paul.jpg?fit=1200%2C630&resize=1050%2C600 3x"},"classes":[]},{"id":108350,"url":"http:\/\/vincentians.com\/en\/vincent-letter-0009-philippe-emmanuel-gondi-to-saint-vincent\/","url_meta":{"origin":108349,"position":1},"title":"Vincent, Letter 0009. Philippe-Emmanuel de Gondi to Saint Vincent","author":"Francisco Javier Fern\u00e1ndez Chento","date":"September 12, 2016","format":false,"excerpt":"October 15, 1617 Two days ago I received the letter you wrote me from Lyons, in which I learned of the decision you have made to take a little trip to Paris at the end of November, which makes me extremely happy. I hope that I might see you there\u2026","rel":"","context":"In &quot;Writings of Vincent de Paul&quot;","block_context":{"text":"Writings of Vincent de Paul","link":"http:\/\/vincentians.com\/en\/category\/writings\/writings-of-vincent-de-paul\/"},"img":{"alt_text":"","src":"https:\/\/i0.wp.com\/vincentians.com\/en\/wp-content\/uploads\/sites\/2\/2016\/06\/Writings-of-Vincent-de-Paul.jpg?fit=1200%2C630&resize=350%2C200","width":350,"height":200,"srcset":"https:\/\/i0.wp.com\/vincentians.com\/en\/wp-content\/uploads\/sites\/2\/2016\/06\/Writings-of-Vincent-de-Paul.jpg?fit=1200%2C630&resize=350%2C200 1x, https:\/\/i0.wp.com\/vincentians.com\/en\/wp-content\/uploads\/sites\/2\/2016\/06\/Writings-of-Vincent-de-Paul.jpg?fit=1200%2C630&resize=525%2C300 1.5x, https:\/\/i0.wp.com\/vincentians.com\/en\/wp-content\/uploads\/sites\/2\/2016\/06\/Writings-of-Vincent-de-Paul.jpg?fit=1200%2C630&resize=700%2C400 2x, https:\/\/i0.wp.com\/vincentians.com\/en\/wp-content\/uploads\/sites\/2\/2016\/06\/Writings-of-Vincent-de-Paul.jpg?fit=1200%2C630&resize=1050%2C600 3x"},"classes":[]},{"id":108351,"url":"http:\/\/vincentians.com\/en\/vincent-letter-0008-to-madame-gondi\/","url_meta":{"origin":108349,"position":2},"title":"Vincent, Letter 0008. To Madame de Gondi","author":"Francisco Javier Fern\u00e1ndez Chento","date":"September 5, 2016","format":false,"excerpt":"[September or October 1617] Vincent de Paul consoles and encourages Mme de Gondi, while exhorting her to be submissive to the good pleasure of God.","rel":"","context":"In &quot;Writings of Vincent de Paul&quot;","block_context":{"text":"Writings of Vincent de Paul","link":"http:\/\/vincentians.com\/en\/category\/writings\/writings-of-vincent-de-paul\/"},"img":{"alt_text":"","src":"https:\/\/i0.wp.com\/vincentians.com\/en\/wp-content\/uploads\/sites\/2\/2016\/06\/Writings-of-Vincent-de-Paul.jpg?fit=1200%2C630&resize=350%2C200","width":350,"height":200,"srcset":"https:\/\/i0.wp.com\/vincentians.com\/en\/wp-content\/uploads\/sites\/2\/2016\/06\/Writings-of-Vincent-de-Paul.jpg?fit=1200%2C630&resize=350%2C200 1x, https:\/\/i0.wp.com\/vincentians.com\/en\/wp-content\/uploads\/sites\/2\/2016\/06\/Writings-of-Vincent-de-Paul.jpg?fit=1200%2C630&resize=525%2C300 1.5x, https:\/\/i0.wp.com\/vincentians.com\/en\/wp-content\/uploads\/sites\/2\/2016\/06\/Writings-of-Vincent-de-Paul.jpg?fit=1200%2C630&resize=700%2C400 2x, https:\/\/i0.wp.com\/vincentians.com\/en\/wp-content\/uploads\/sites\/2\/2016\/06\/Writings-of-Vincent-de-Paul.jpg?fit=1200%2C630&resize=1050%2C600 3x"},"classes":[]},{"id":108352,"url":"http:\/\/vincentians.com\/en\/vincent-letter-0007-madame-gondi-to-saint-vincent\/","url_meta":{"origin":108349,"position":3},"title":"Vincent, Letter 0007. Madame de Gondi to Saint Vincent","author":"Francisco Javier Fern\u00e1ndez Chento","date":"August 29, 2016","format":false,"excerpt":"[September 1617] Monsieur, I was not mistaken when I feared losing your assistance, as I mentioned to you so many times, since I have indeed lost it. My anguish over this would be unbearable without a very special grace from God which I do not deserve. If it were only\u2026","rel":"","context":"In &quot;Writings of Vincent de Paul&quot;","block_context":{"text":"Writings of Vincent de Paul","link":"http:\/\/vincentians.com\/en\/category\/writings\/writings-of-vincent-de-paul\/"},"img":{"alt_text":"","src":"https:\/\/i0.wp.com\/vincentians.com\/en\/wp-content\/uploads\/sites\/2\/2016\/06\/Writings-of-Vincent-de-Paul.jpg?fit=1200%2C630&resize=350%2C200","width":350,"height":200,"srcset":"https:\/\/i0.wp.com\/vincentians.com\/en\/wp-content\/uploads\/sites\/2\/2016\/06\/Writings-of-Vincent-de-Paul.jpg?fit=1200%2C630&resize=350%2C200 1x, https:\/\/i0.wp.com\/vincentians.com\/en\/wp-content\/uploads\/sites\/2\/2016\/06\/Writings-of-Vincent-de-Paul.jpg?fit=1200%2C630&resize=525%2C300 1.5x, https:\/\/i0.wp.com\/vincentians.com\/en\/wp-content\/uploads\/sites\/2\/2016\/06\/Writings-of-Vincent-de-Paul.jpg?fit=1200%2C630&resize=700%2C400 2x, https:\/\/i0.wp.com\/vincentians.com\/en\/wp-content\/uploads\/sites\/2\/2016\/06\/Writings-of-Vincent-de-Paul.jpg?fit=1200%2C630&resize=1050%2C600 3x"},"classes":[]},{"id":38353,"url":"http:\/\/vincentians.com\/en\/francoise-marguerite-de-silly-founding-patroness-of-the-congregation-of-the-mission\/","url_meta":{"origin":108349,"position":4},"title":"Fran\u00e7oise Margu\u00e9rite De Silly, Founding Patroness of the Congregation of the Mission","author":"Francisco Javier Fern\u00e1ndez Chento","date":"July 9, 2016","format":false,"excerpt":"Fran\u00e7oise Margu\u00e9rite de Silly was born in 1584 in the province of Picardy in northern France. Her parents were Antoine de Silly, Compte de La Rochepot, and Marie de Lannoy, Dame de Folleville. Margu\u00e9rite had one sister, Magdelaine. Marie de Lannoy died when her two children were very young, After\u2026","rel":"","context":"In &quot;At the time of Vincent de Paul&quot;","block_context":{"text":"At the time of Vincent de Paul","link":"http:\/\/vincentians.com\/en\/category\/history-of-the-vincentian-family\/at-the-time-of-vincent-de-paul\/"},"img":{"alt_text":"","src":"https:\/\/i0.wp.com\/vincentians.com\/en\/wp-content\/uploads\/sites\/2\/2014\/12\/Francoise-Marguerite-De-Silly.jpg?fit=1200%2C630&resize=350%2C200","width":350,"height":200,"srcset":"https:\/\/i0.wp.com\/vincentians.com\/en\/wp-content\/uploads\/sites\/2\/2014\/12\/Francoise-Marguerite-De-Silly.jpg?fit=1200%2C630&resize=350%2C200 1x, https:\/\/i0.wp.com\/vincentians.com\/en\/wp-content\/uploads\/sites\/2\/2014\/12\/Francoise-Marguerite-De-Silly.jpg?fit=1200%2C630&resize=525%2C300 1.5x, https:\/\/i0.wp.com\/vincentians.com\/en\/wp-content\/uploads\/sites\/2\/2014\/12\/Francoise-Marguerite-De-Silly.jpg?fit=1200%2C630&resize=700%2C400 2x, https:\/\/i0.wp.com\/vincentians.com\/en\/wp-content\/uploads\/sites\/2\/2014\/12\/Francoise-Marguerite-De-Silly.jpg?fit=1200%2C630&resize=1050%2C600 3x"},"classes":[]},{"id":109448,"url":"http:\/\/vincentians.com\/en\/saint-vincent-paul-biography-08-the-discovery-of-vocation\/","url_meta":{"origin":108349,"position":5},"title":"Saint Vincent de Paul, a biography 08 &#8211; The discovery of a vocation","author":"Francisco Javier Fern\u00e1ndez Chento","date":"December 28, 2016","format":false,"excerpt":"Chapter VIII: The discovery of a vocation A breed of captains On B\u00e9rulle's instructions, M. Vincent left his parish in Clichy towards the end of 1613 and settled with his few belongings in the Paris house of the de Gondi family, in the rue de Petits Champs in the parish\u2026","rel":"","context":"In &quot;Vincent de Paul&quot;","block_context":{"text":"Vincent de Paul","link":"http:\/\/vincentians.com\/en\/category\/the-vincentian-family\/founders\/vincent-de-paul\/"},"img":{"alt_text":"","src":"https:\/\/i0.wp.com\/vincentians.com\/en\/wp-content\/uploads\/sites\/2\/2016\/07\/Saint-Vincent-de-Paul-a-biography.jpg?fit=1200%2C630&resize=350%2C200","width":350,"height":200,"srcset":"https:\/\/i0.wp.com\/vincentians.com\/en\/wp-content\/uploads\/sites\/2\/2016\/07\/Saint-Vincent-de-Paul-a-biography.jpg?fit=1200%2C630&resize=350%2C200 1x, https:\/\/i0.wp.com\/vincentians.com\/en\/wp-content\/uploads\/sites\/2\/2016\/07\/Saint-Vincent-de-Paul-a-biography.jpg?fit=1200%2C630&resize=525%2C300 1.5x, https:\/\/i0.wp.com\/vincentians.com\/en\/wp-content\/uploads\/sites\/2\/2016\/07\/Saint-Vincent-de-Paul-a-biography.jpg?fit=1200%2C630&resize=700%2C400 2x, https:\/\/i0.wp.com\/vincentians.com\/en\/wp-content\/uploads\/sites\/2\/2016\/07\/Saint-Vincent-de-Paul-a-biography.jpg?fit=1200%2C630&resize=1050%2C600 3x"},"classes":[]}],"_links":{"self":[{"href":"http:\/\/vincentians.com\/en\/wp-json\/wp\/v2\/posts\/108349","targetHints":{"allow":["GET"]}}],"collection":[{"href":"http:\/\/vincentians.com\/en\/wp-json\/wp\/v2\/posts"}],"about":[{"href":"http:\/\/vincentians.com\/en\/wp-json\/wp\/v2\/types\/post"}],"author":[{"embeddable":true,"href":"http:\/\/vincentians.com\/en\/wp-json\/wp\/v2\/users\/4"}],"replies":[{"embeddable":true,"href":"http:\/\/vincentians.com\/en\/wp-json\/wp\/v2\/comments?post=108349"}],"version-history":[{"count":0,"href":"http:\/\/vincentians.com\/en\/wp-json\/wp\/v2\/posts\/108349\/revisions"}],"wp:featuredmedia":[{"embeddable":true,"href":"http:\/\/vincentians.com\/en\/wp-json\/wp\/v2\/media\/147299"}],"wp:attachment":[{"href":"http:\/\/vincentians.com\/en\/wp-json\/wp\/v2\/media?parent=108349"}],"wp:term":[{"taxonomy":"category","embeddable":true,"href":"http:\/\/vincentians.com\/en\/wp-json\/wp\/v2\/categories?post=108349"},{"taxonomy":"post_tag","embeddable":true,"href":"http:\/\/vincentians.com\/en\/wp-json\/wp\/v2\/tags?post=108349"}],"curies":[{"name":"wp","href":"https:\/\/api.w.org\/{rel}","templated":true}]}}