{"id":108154,"date":"2013-11-19T10:42:43","date_gmt":"2013-11-19T09:42:43","guid":{"rendered":"http:\/\/vincentians.com\/?p=108154"},"modified":"2016-07-10T10:06:59","modified_gmt":"2016-07-10T08:06:59","slug":"the-moderation-of-vincent-de-paul","status":"publish","type":"post","link":"http:\/\/vincentians.com\/en\/the-moderation-of-vincent-de-paul\/","title":{"rendered":"The Moderation of Vincent De Paul"},"content":{"rendered":"<div>\n<p>In a book of dazzling intuition about St Francis of Assisi, GK Chesterton memorably remarked that Francis and Thomas Aquinas <i>had saved us from spirituality<\/i>. You may well blink. If you didn\u2019t, you haven\u2019t really been paying attention. The wisdom of this insight grows ever-deeper in me. One thinks of all sorts of transient phenomena posturing as spiritual wisdom, including recent outbreaks such as \u2018New Age\u2019, \u2018apparitional\u2019, so-called Celtic, and Charismatic in various manifestations, \u2013 don\u2019t start me on \u201cIgnatian\u201d, nor on much of the arrant nonsense that passed as spirituality during our programming in religious life. Chesterton\u2019s insight [he seems to have been alluding to the Albigenses] \u2013 came back to me recently when I was ruminating about the life of Vincent de Paul. I found myself wondering if Vincent himself had been saved from spirituality?Probably \u201cyes\u201d \u2013 at any rate from two prevailing \u201cspiritualities\u201d; one purveyed by de B\u00e9rulle (the so-called \u2018French School\u2019) and the other by the Jansenists (and, of course, he steered clear of Ignatianism if there was such a thing then). B\u00e9rullism favoured a \u201cHigh\u201d spirituality of priesthood\u2026 rather conceptualised, and heady\u2026 which really would not have suited Vincent\u2019s purposes at all (he wouldn\u2019t say that he had purposes \u2013 but his missioners were to be simple priests speaking simply to rural, unlettered peasants about the mercy of God. The Jansenists disapproved of the liberal way in which Vincent\u2019s missioners offered absolution in the sacrament of reconciliation.Vincent\u2019s moderation is further variously evidenced by the style of communication he favoured on parish missions; and by the methods he employed in the renewal of the clergy, and in tackling the innumerable socio\/economic problems that called out for justice. All were characterised by low-key, common sense matter-of-factness.As for the parish missions: emphasis was to be on catechism \u2013 during instruction given at noon and in the evening. When, later, Vincent found that some of the missioners were turning the evening slot into a preaching session, he was disappointed. What was wanted, he believed, was instruction, not a rousing of people\u2019s emotions \u2013 nor indeed of the preacher\u2019s. He seemed convinced that these simple people did not really want or need \u201cpreaching\u201d: what they needed was an exposition of basic truths. The exposition was didactic; and though its purpose was to move the heart to repentance, there was to be nothing that even hinted of emotionalism. Vincent was all too aware of the dangers of delusion in religious matters. The transformation in preaching was truly innovative \u2013 its style of communication actually effecting change in the Parisian theatre. It was a change from the melodramatic to the conversational; from the affected to the real; from the erudite to the simple; As for Jansenism, the case is interesting, for Vincent may temperamentally have had inclinations in that direction<\/p>\n<\/div>\n<div>\n<p>Early in his ecclesiastical career when he first came to Paris, he lodged with and was friendly with Jean Duvalier, usually known to history as the Abb\u00e9 St Cyran \u2013 a circumstance that was brought up against Vincent by the devil\u2019s advocate at the process of his Beatification. Before he meets any of those who apparently were to some extent significant spiritual influences \u2013 de B\u00e9rulle, Duval, Duvergier, de Sales\u2013 Vincent had made his first visit to Rome, in 1601, shortly after his ordination, and was moved to tears by the experience, speaking feelingly of the holiness of Pope Clement VIII. Among the pluses in Clement\u2019s able and momentous pontificate was the effecting of a cessation in the wars of religion which had racked France for forty years (the great minus was the affair of Giordano Bruno \u2013 it would be very interesting to know if Vincent\u2019s path crossed his during their respective sojourns at the University of Toulouse, which coincided chronologically).<\/p>\n<p>There would have been graphic memories of religious denominational struggles in the conversations Vincent would have heard in his youth. Their way of life was always a struggle for the peasantry. For as well as the usual hazards of hand-to-mouth subsistence farming, Vincent\u2019s own region near Dax, where his parents had raised their six children, had suffered considerably in what are referred to as the wars of religion. The area had been pillaged and terrorised by the Protestant gangs of Jeanne d\u2019Albret (mother of King \u201cParis is worth a Mass\u201d Henry IV). It will also be recalled that Vincent\u2019s ordination to priesthood was unable to proceed in the cathedral of St. Etienne, seat of the Bishop of Perigeaux, because the town was under the control of militant Huguenots, who had rendered the cathedral unusable.<\/p>\n<p>Vincent never alluded to these events and always preached a humble dialogue with Protestants. Presumably he learned such restraint in his family milieu \u2013 more than restraint, toleration. He was also fortunate in having for a time Francis de Sales as a spiritual guide \u2013 a man whose charity and prudence in dealing with Calvinists, were legendary. It\u2019s one thing to have a good teacher, another to be a good pupil. Vincent showed that he was open to the moderation taught and modelled by the Bishop of Geneva. He doesn\u2019t let matters of religious strife infect his ministry. His pastoral work in Ch\u00e2illion-sur-Challaronne was a model of ecumenism for its time.<\/p>\n<p>He doesn\u2019t intervene in Richelieu\u2019s fierce suppression of the Catholic party \u2013 which had an added grief to it in that the uncle of Louise de Marillac, Vincent\u2019s closest associate in the works of charity \u2013 was summarily executed at Richelieu\u2019s orders. Vincent advises her calmly to see it all in spiritual terms (nothing could be done about it anyway).<\/p>\n<\/div>\n<div>\n<p>When he does intervene, during the Fronde, it\u2019s to go to Mazarin and plead with him that the people are suffering \u2013 they are hungry, they exist in miserable conditions, they are being terrorised\u2026 his pleas fail to get Mazarin to change his policies. Indeed, Vincent nearly loses his life in consequence \u2013 and with it would have fallen his projects for the poor, and the good name of his various organisations \u2013 for a false report begins to circulate that Vincent is collaborating with \u201cthe enemy\u201d. But though Mazarin didn\u2019t change his policies, Vincent managed to orchestrate a whole raft of agencies to minister to the casualties of the fighting\u2026 So successful was he on so many fronts, that it almost seems necessary to assert that there was nothing underhand about Vincent \u2013 he was not a \u201cFixer or an \u201coperator\u201d nor glory-seeker, as these terms would now be applied to many successful men in public life, civil and ecclesiastical. There were no deals done in smoky taverns, or promises that led to compromised pay-back times; nor any hint of brown envelopes. Nor, despite the revolution he wrought in France, was there anything confrontational about him. Quite the contrary; for though he was passionate about the poor and marginalised, there is no suggestion of anything that could be construed as being politically subversive.<\/p>\n<p>Vincent\u2019s two greatest contemporaries in 17th century France were Descartes and Richelieu. Descartes was all about separations, Vincent all about bringing things and people together. Richelieu, with whom Vincent would have had dealings, also brought some things together \u2013 brought France and the French together, but at the cost of great human suffering; and with such violence, that inevitably there would be repercussions in the years ahead. Vincent\u2019s projects, being holistic, and gentle, and prompted by the Holy Spirit and the grace of God, took root and grew amazingly. And this was achieved without anything that could be termed a revolution in either church or state. It was, rather, the quintessential mustard seen of the Gospel.<\/p>\n<p>With his intelligence, the influential contacts available to him, both secular and religious, with his passion for the poor and weak, and with the possibilities available to him when people in their hundreds sat at his feet whether at parish missions, at retreats, in seminaries, or in formation as Daughters of Charity, Vincent could easily have wreaked mischief had he been an extremist, or even unbalanced \u2013 like Calvin, for example, or the Jansenists, or the devotees of Port Royal.<\/p>\n<p>Instead of becoming an ideologue, he became wise; and the grace of God purified him, and moderated and mellowed his judgements and decisions; \u201cmoderation\u201d was an expression of that wisdom, which is the gift of the Spirit of God.<\/p>\n<\/div>\n","protected":false},"excerpt":{"rendered":"<p>In a book of dazzling intuition about St Francis of Assisi, GK Chesterton memorably remarked that Francis and Thomas Aquinas had saved us from spirituality. You may well blink. If you didn\u2019t, you haven\u2019t really &#8230; <a href=\"http:\/\/vincentians.com\/en\/the-moderation-of-vincent-de-paul\/\" class=\"more-link\">Read More<\/a><\/p>\n","protected":false},"author":4,"featured_media":150243,"comment_status":"open","ping_status":"open","sticky":false,"template":"","format":"standard","meta":{"jetpack_post_was_ever_published":false,"_jetpack_newsletter_access":"","_jetpack_dont_email_post_to_subs":false,"_jetpack_newsletter_tier_id":0,"_jetpack_memberships_contains_paywalled_content":false,"_jetpack_memberships_contains_paid_content":false,"footnotes":"","jetpack_publicize_message":"","jetpack_publicize_feature_enabled":true,"jetpack_social_post_already_shared":false,"jetpack_social_options":{"image_generator_settings":{"template":"highway","default_image_id":0,"font":"","enabled":false},"version":2}},"categories":[5],"tags":[],"class_list":["post-108154","post","type-post","status-publish","format-standard","has-post-thumbnail","hentry","category-vincent-de-paul"],"yoast_head":"<!-- This site is optimized with the Yoast SEO plugin v26.3 - https:\/\/yoast.com\/wordpress\/plugins\/seo\/ -->\n<title>The Moderation of Vincent De Paul - We are Vincentians<\/title>\n<meta name=\"robots\" content=\"index, follow, max-snippet:-1, max-image-preview:large, max-video-preview:-1\" \/>\n<link rel=\"canonical\" href=\"http:\/\/vincentians.com\/en\/the-moderation-of-vincent-de-paul\/\" \/>\n<meta property=\"og:locale\" content=\"en_US\" \/>\n<meta property=\"og:type\" content=\"article\" \/>\n<meta property=\"og:title\" content=\"The Moderation of Vincent De Paul - We are Vincentians\" \/>\n<meta property=\"og:description\" content=\"In a book of dazzling intuition about St Francis of Assisi, GK Chesterton memorably remarked that Francis and Thomas Aquinas had saved us from spirituality. You may well blink. If you didn\u2019t, you haven\u2019t really ... Read More\" \/>\n<meta property=\"og:url\" content=\"http:\/\/vincentians.com\/en\/the-moderation-of-vincent-de-paul\/\" \/>\n<meta property=\"og:site_name\" content=\"We are Vincentians\" \/>\n<meta property=\"article:publisher\" content=\"https:\/\/www.facebook.com\/WeAreVincentians\/\" \/>\n<meta property=\"article:author\" content=\"https:\/\/www.facebook.com\/JavierChento\" \/>\n<meta property=\"article:published_time\" content=\"2013-11-19T09:42:43+00:00\" \/>\n<meta property=\"article:modified_time\" content=\"2016-07-10T08:06:59+00:00\" \/>\n<meta property=\"og:image\" content=\"https:\/\/i0.wp.com\/vincentians.com\/en\/wp-content\/uploads\/sites\/2\/2013\/11\/vincent-de-paul-moderation.jpg?fit=1200%2C630\" \/>\n\t<meta property=\"og:image:width\" content=\"1200\" \/>\n\t<meta property=\"og:image:height\" content=\"630\" \/>\n\t<meta property=\"og:image:type\" content=\"image\/jpeg\" \/>\n<meta name=\"author\" content=\"Francisco Javier Fern\u00e1ndez Chento\" \/>\n<meta name=\"twitter:card\" content=\"summary_large_image\" \/>\n<meta name=\"twitter:creator\" content=\"@https:\/\/twitter.com\/javierchento\" \/>\n<meta name=\"twitter:site\" content=\"@WeVincentians\" \/>\n<meta name=\"twitter:label1\" content=\"Written by\" \/>\n\t<meta name=\"twitter:data1\" content=\"Francisco Javier Fern\u00e1ndez Chento\" \/>\n\t<meta name=\"twitter:label2\" content=\"Est. reading time\" \/>\n\t<meta name=\"twitter:data2\" content=\"7 minutes\" \/>\n<script type=\"application\/ld+json\" class=\"yoast-schema-graph\">{\"@context\":\"https:\/\/schema.org\",\"@graph\":[{\"@type\":\"Article\",\"@id\":\"http:\/\/vincentians.com\/en\/the-moderation-of-vincent-de-paul\/#article\",\"isPartOf\":{\"@id\":\"http:\/\/vincentians.com\/en\/the-moderation-of-vincent-de-paul\/\"},\"author\":{\"name\":\"Francisco Javier Fern\u00e1ndez Chento\",\"@id\":\"https:\/\/vincentians.com\/en\/#\/schema\/person\/9623ef4d9aa3b2dfb8c061f1499288f2\"},\"headline\":\"The Moderation of Vincent De Paul\",\"datePublished\":\"2013-11-19T09:42:43+00:00\",\"dateModified\":\"2016-07-10T08:06:59+00:00\",\"mainEntityOfPage\":{\"@id\":\"http:\/\/vincentians.com\/en\/the-moderation-of-vincent-de-paul\/\"},\"wordCount\":1413,\"commentCount\":0,\"publisher\":{\"@id\":\"https:\/\/vincentians.com\/en\/#organization\"},\"image\":{\"@id\":\"http:\/\/vincentians.com\/en\/the-moderation-of-vincent-de-paul\/#primaryimage\"},\"thumbnailUrl\":\"https:\/\/i0.wp.com\/vincentians.com\/en\/wp-content\/uploads\/sites\/2\/2013\/11\/vincent-de-paul-moderation.jpg?fit=1200%2C630\",\"articleSection\":[\"Vincent de Paul\"],\"inLanguage\":\"en-US\",\"potentialAction\":[{\"@type\":\"CommentAction\",\"name\":\"Comment\",\"target\":[\"http:\/\/vincentians.com\/en\/the-moderation-of-vincent-de-paul\/#respond\"]}]},{\"@type\":\"WebPage\",\"@id\":\"http:\/\/vincentians.com\/en\/the-moderation-of-vincent-de-paul\/\",\"url\":\"http:\/\/vincentians.com\/en\/the-moderation-of-vincent-de-paul\/\",\"name\":\"The Moderation of Vincent De Paul - We are Vincentians\",\"isPartOf\":{\"@id\":\"https:\/\/vincentians.com\/en\/#website\"},\"primaryImageOfPage\":{\"@id\":\"http:\/\/vincentians.com\/en\/the-moderation-of-vincent-de-paul\/#primaryimage\"},\"image\":{\"@id\":\"http:\/\/vincentians.com\/en\/the-moderation-of-vincent-de-paul\/#primaryimage\"},\"thumbnailUrl\":\"https:\/\/i0.wp.com\/vincentians.com\/en\/wp-content\/uploads\/sites\/2\/2013\/11\/vincent-de-paul-moderation.jpg?fit=1200%2C630\",\"datePublished\":\"2013-11-19T09:42:43+00:00\",\"dateModified\":\"2016-07-10T08:06:59+00:00\",\"breadcrumb\":{\"@id\":\"http:\/\/vincentians.com\/en\/the-moderation-of-vincent-de-paul\/#breadcrumb\"},\"inLanguage\":\"en-US\",\"potentialAction\":[{\"@type\":\"ReadAction\",\"target\":[\"http:\/\/vincentians.com\/en\/the-moderation-of-vincent-de-paul\/\"]}]},{\"@type\":\"ImageObject\",\"inLanguage\":\"en-US\",\"@id\":\"http:\/\/vincentians.com\/en\/the-moderation-of-vincent-de-paul\/#primaryimage\",\"url\":\"https:\/\/i0.wp.com\/vincentians.com\/en\/wp-content\/uploads\/sites\/2\/2013\/11\/vincent-de-paul-moderation.jpg?fit=1200%2C630\",\"contentUrl\":\"https:\/\/i0.wp.com\/vincentians.com\/en\/wp-content\/uploads\/sites\/2\/2013\/11\/vincent-de-paul-moderation.jpg?fit=1200%2C630\",\"width\":1200,\"height\":630},{\"@type\":\"BreadcrumbList\",\"@id\":\"http:\/\/vincentians.com\/en\/the-moderation-of-vincent-de-paul\/#breadcrumb\",\"itemListElement\":[{\"@type\":\"ListItem\",\"position\":1,\"name\":\"Portada\",\"item\":\"https:\/\/vincentians.com\/en\/\"},{\"@type\":\"ListItem\",\"position\":2,\"name\":\"The Moderation of Vincent De Paul\"}]},{\"@type\":\"WebSite\",\"@id\":\"https:\/\/vincentians.com\/en\/#website\",\"url\":\"https:\/\/vincentians.com\/en\/\",\"name\":\"We are Vincentians\",\"description\":\"Know more to serve more\",\"publisher\":{\"@id\":\"https:\/\/vincentians.com\/en\/#organization\"},\"potentialAction\":[{\"@type\":\"SearchAction\",\"target\":{\"@type\":\"EntryPoint\",\"urlTemplate\":\"https:\/\/vincentians.com\/en\/?s={search_term_string}\"},\"query-input\":{\"@type\":\"PropertyValueSpecification\",\"valueRequired\":true,\"valueName\":\"search_term_string\"}}],\"inLanguage\":\"en-US\"},{\"@type\":\"Organization\",\"@id\":\"https:\/\/vincentians.com\/en\/#organization\",\"name\":\"The Vincentian Network\",\"url\":\"https:\/\/vincentians.com\/en\/\",\"logo\":{\"@type\":\"ImageObject\",\"inLanguage\":\"en-US\",\"@id\":\"https:\/\/vincentians.com\/en\/#\/schema\/logo\/image\/\",\"url\":\"https:\/\/i1.wp.com\/vincentians.com\/en\/wp-content\/uploads\/sites\/2\/2016\/06\/Vincentian-Network-logo-big.png?fit=778%2C778&ssl=1\",\"contentUrl\":\"https:\/\/i1.wp.com\/vincentians.com\/en\/wp-content\/uploads\/sites\/2\/2016\/06\/Vincentian-Network-logo-big.png?fit=778%2C778&ssl=1\",\"width\":778,\"height\":778,\"caption\":\"The Vincentian Network\"},\"image\":{\"@id\":\"https:\/\/vincentians.com\/en\/#\/schema\/logo\/image\/\"},\"sameAs\":[\"https:\/\/www.facebook.com\/WeAreVincentians\/\",\"https:\/\/x.com\/WeVincentians\"]},{\"@type\":\"Person\",\"@id\":\"https:\/\/vincentians.com\/en\/#\/schema\/person\/9623ef4d9aa3b2dfb8c061f1499288f2\",\"name\":\"Francisco Javier Fern\u00e1ndez Chento\",\"image\":{\"@type\":\"ImageObject\",\"inLanguage\":\"en-US\",\"@id\":\"https:\/\/vincentians.com\/en\/#\/schema\/person\/image\/\",\"url\":\"https:\/\/secure.gravatar.com\/avatar\/497d5cde87b4c3d097d0315953521681ba2cd523ee66e5077c3711f7021e65de?s=96&d=mm&r=g\",\"contentUrl\":\"https:\/\/secure.gravatar.com\/avatar\/497d5cde87b4c3d097d0315953521681ba2cd523ee66e5077c3711f7021e65de?s=96&d=mm&r=g\",\"caption\":\"Francisco Javier Fern\u00e1ndez Chento\"},\"description\":\"Director General y cofundador de La Red de Formaci\u00f3n Vicenciana. Javier es laico vicenciano, afiliado a la Congregaci\u00f3n de la Misi\u00f3n y miembro del Equipo de Misiones Populares de la provincia can\u00f3nica de Zaragoza (Espa\u00f1a) de la Congregaci\u00f3n de la Misi\u00f3n. Graduado en la Universidad Oberta de Catalunya con cuatro grados (Asistente de direcci\u00f3n, Gesti\u00f3n Administrativa, Recursos Humanos y Contabilidad Avanzada). Bil\u00edng\u00fce Espa\u00f1ol\/Ingl\u00e9s. gestiona y mantiene varias p\u00e1ginas web cristianas y vicencianas, incluida including La Red de Formaci\u00f3n Vicenciana, de la que es cofundador. Actualmente es responsable del \u00e1rea de Espa\u00f1ol de .famvin, la Red de Noticias de la Familia Vicenciana. Tambi\u00e9n es m\u00fasico cat\u00f3lico y ha editado varios discos. Es Director General y cofundador de Trovador, una reconocida compa\u00f1\u00eda discogr\u00e1fica critiana de Espa\u00f1a. Trabaja en las Tecnolog\u00edas de la Informaci\u00f3n, ofreciendo servicios de alojamiento, dise\u00f1o y mantenimiento Web, as\u00ed como asesoramiento, formaci\u00f3n y soluciones inform\u00e1ticas, gesti\u00f3n documental y digitalizaci\u00f3n de textos, edici\u00f3n y maquetaci\u00f3n de libros, revistas, flyers, etc.\",\"sameAs\":[\"http:\/\/chento.org\",\"https:\/\/www.facebook.com\/JavierChento\",\"https:\/\/x.com\/https:\/\/twitter.com\/javierchento\"],\"url\":\"http:\/\/vincentians.com\/en\/author\/chento\/\"}]}<\/script>\n<!-- \/ Yoast SEO plugin. -->","yoast_head_json":{"title":"The Moderation of Vincent De Paul - We are Vincentians","robots":{"index":"index","follow":"follow","max-snippet":"max-snippet:-1","max-image-preview":"max-image-preview:large","max-video-preview":"max-video-preview:-1"},"canonical":"http:\/\/vincentians.com\/en\/the-moderation-of-vincent-de-paul\/","og_locale":"en_US","og_type":"article","og_title":"The Moderation of Vincent De Paul - We are Vincentians","og_description":"In a book of dazzling intuition about St Francis of Assisi, GK Chesterton memorably remarked that Francis and Thomas Aquinas had saved us from spirituality. You may well blink. If you didn\u2019t, you haven\u2019t really ... Read More","og_url":"http:\/\/vincentians.com\/en\/the-moderation-of-vincent-de-paul\/","og_site_name":"We are Vincentians","article_publisher":"https:\/\/www.facebook.com\/WeAreVincentians\/","article_author":"https:\/\/www.facebook.com\/JavierChento","article_published_time":"2013-11-19T09:42:43+00:00","article_modified_time":"2016-07-10T08:06:59+00:00","og_image":[{"width":1200,"height":630,"url":"https:\/\/i0.wp.com\/vincentians.com\/en\/wp-content\/uploads\/sites\/2\/2013\/11\/vincent-de-paul-moderation.jpg?fit=1200%2C630","type":"image\/jpeg"}],"author":"Francisco Javier Fern\u00e1ndez Chento","twitter_card":"summary_large_image","twitter_creator":"@https:\/\/twitter.com\/javierchento","twitter_site":"@WeVincentians","twitter_misc":{"Written by":"Francisco Javier Fern\u00e1ndez Chento","Est. reading time":"7 minutes"},"schema":{"@context":"https:\/\/schema.org","@graph":[{"@type":"Article","@id":"http:\/\/vincentians.com\/en\/the-moderation-of-vincent-de-paul\/#article","isPartOf":{"@id":"http:\/\/vincentians.com\/en\/the-moderation-of-vincent-de-paul\/"},"author":{"name":"Francisco Javier Fern\u00e1ndez Chento","@id":"https:\/\/vincentians.com\/en\/#\/schema\/person\/9623ef4d9aa3b2dfb8c061f1499288f2"},"headline":"The Moderation of Vincent De Paul","datePublished":"2013-11-19T09:42:43+00:00","dateModified":"2016-07-10T08:06:59+00:00","mainEntityOfPage":{"@id":"http:\/\/vincentians.com\/en\/the-moderation-of-vincent-de-paul\/"},"wordCount":1413,"commentCount":0,"publisher":{"@id":"https:\/\/vincentians.com\/en\/#organization"},"image":{"@id":"http:\/\/vincentians.com\/en\/the-moderation-of-vincent-de-paul\/#primaryimage"},"thumbnailUrl":"https:\/\/i0.wp.com\/vincentians.com\/en\/wp-content\/uploads\/sites\/2\/2013\/11\/vincent-de-paul-moderation.jpg?fit=1200%2C630","articleSection":["Vincent de Paul"],"inLanguage":"en-US","potentialAction":[{"@type":"CommentAction","name":"Comment","target":["http:\/\/vincentians.com\/en\/the-moderation-of-vincent-de-paul\/#respond"]}]},{"@type":"WebPage","@id":"http:\/\/vincentians.com\/en\/the-moderation-of-vincent-de-paul\/","url":"http:\/\/vincentians.com\/en\/the-moderation-of-vincent-de-paul\/","name":"The Moderation of Vincent De Paul - We are Vincentians","isPartOf":{"@id":"https:\/\/vincentians.com\/en\/#website"},"primaryImageOfPage":{"@id":"http:\/\/vincentians.com\/en\/the-moderation-of-vincent-de-paul\/#primaryimage"},"image":{"@id":"http:\/\/vincentians.com\/en\/the-moderation-of-vincent-de-paul\/#primaryimage"},"thumbnailUrl":"https:\/\/i0.wp.com\/vincentians.com\/en\/wp-content\/uploads\/sites\/2\/2013\/11\/vincent-de-paul-moderation.jpg?fit=1200%2C630","datePublished":"2013-11-19T09:42:43+00:00","dateModified":"2016-07-10T08:06:59+00:00","breadcrumb":{"@id":"http:\/\/vincentians.com\/en\/the-moderation-of-vincent-de-paul\/#breadcrumb"},"inLanguage":"en-US","potentialAction":[{"@type":"ReadAction","target":["http:\/\/vincentians.com\/en\/the-moderation-of-vincent-de-paul\/"]}]},{"@type":"ImageObject","inLanguage":"en-US","@id":"http:\/\/vincentians.com\/en\/the-moderation-of-vincent-de-paul\/#primaryimage","url":"https:\/\/i0.wp.com\/vincentians.com\/en\/wp-content\/uploads\/sites\/2\/2013\/11\/vincent-de-paul-moderation.jpg?fit=1200%2C630","contentUrl":"https:\/\/i0.wp.com\/vincentians.com\/en\/wp-content\/uploads\/sites\/2\/2013\/11\/vincent-de-paul-moderation.jpg?fit=1200%2C630","width":1200,"height":630},{"@type":"BreadcrumbList","@id":"http:\/\/vincentians.com\/en\/the-moderation-of-vincent-de-paul\/#breadcrumb","itemListElement":[{"@type":"ListItem","position":1,"name":"Portada","item":"https:\/\/vincentians.com\/en\/"},{"@type":"ListItem","position":2,"name":"The Moderation of Vincent De Paul"}]},{"@type":"WebSite","@id":"https:\/\/vincentians.com\/en\/#website","url":"https:\/\/vincentians.com\/en\/","name":"We are Vincentians","description":"Know more to serve more","publisher":{"@id":"https:\/\/vincentians.com\/en\/#organization"},"potentialAction":[{"@type":"SearchAction","target":{"@type":"EntryPoint","urlTemplate":"https:\/\/vincentians.com\/en\/?s={search_term_string}"},"query-input":{"@type":"PropertyValueSpecification","valueRequired":true,"valueName":"search_term_string"}}],"inLanguage":"en-US"},{"@type":"Organization","@id":"https:\/\/vincentians.com\/en\/#organization","name":"The Vincentian Network","url":"https:\/\/vincentians.com\/en\/","logo":{"@type":"ImageObject","inLanguage":"en-US","@id":"https:\/\/vincentians.com\/en\/#\/schema\/logo\/image\/","url":"https:\/\/i1.wp.com\/vincentians.com\/en\/wp-content\/uploads\/sites\/2\/2016\/06\/Vincentian-Network-logo-big.png?fit=778%2C778&ssl=1","contentUrl":"https:\/\/i1.wp.com\/vincentians.com\/en\/wp-content\/uploads\/sites\/2\/2016\/06\/Vincentian-Network-logo-big.png?fit=778%2C778&ssl=1","width":778,"height":778,"caption":"The Vincentian Network"},"image":{"@id":"https:\/\/vincentians.com\/en\/#\/schema\/logo\/image\/"},"sameAs":["https:\/\/www.facebook.com\/WeAreVincentians\/","https:\/\/x.com\/WeVincentians"]},{"@type":"Person","@id":"https:\/\/vincentians.com\/en\/#\/schema\/person\/9623ef4d9aa3b2dfb8c061f1499288f2","name":"Francisco Javier Fern\u00e1ndez Chento","image":{"@type":"ImageObject","inLanguage":"en-US","@id":"https:\/\/vincentians.com\/en\/#\/schema\/person\/image\/","url":"https:\/\/secure.gravatar.com\/avatar\/497d5cde87b4c3d097d0315953521681ba2cd523ee66e5077c3711f7021e65de?s=96&d=mm&r=g","contentUrl":"https:\/\/secure.gravatar.com\/avatar\/497d5cde87b4c3d097d0315953521681ba2cd523ee66e5077c3711f7021e65de?s=96&d=mm&r=g","caption":"Francisco Javier Fern\u00e1ndez Chento"},"description":"Director General y cofundador de La Red de Formaci\u00f3n Vicenciana. Javier es laico vicenciano, afiliado a la Congregaci\u00f3n de la Misi\u00f3n y miembro del Equipo de Misiones Populares de la provincia can\u00f3nica de Zaragoza (Espa\u00f1a) de la Congregaci\u00f3n de la Misi\u00f3n. Graduado en la Universidad Oberta de Catalunya con cuatro grados (Asistente de direcci\u00f3n, Gesti\u00f3n Administrativa, Recursos Humanos y Contabilidad Avanzada). Bil\u00edng\u00fce Espa\u00f1ol\/Ingl\u00e9s. gestiona y mantiene varias p\u00e1ginas web cristianas y vicencianas, incluida including La Red de Formaci\u00f3n Vicenciana, de la que es cofundador. Actualmente es responsable del \u00e1rea de Espa\u00f1ol de .famvin, la Red de Noticias de la Familia Vicenciana. Tambi\u00e9n es m\u00fasico cat\u00f3lico y ha editado varios discos. Es Director General y cofundador de Trovador, una reconocida compa\u00f1\u00eda discogr\u00e1fica critiana de Espa\u00f1a. Trabaja en las Tecnolog\u00edas de la Informaci\u00f3n, ofreciendo servicios de alojamiento, dise\u00f1o y mantenimiento Web, as\u00ed como asesoramiento, formaci\u00f3n y soluciones inform\u00e1ticas, gesti\u00f3n documental y digitalizaci\u00f3n de textos, edici\u00f3n y maquetaci\u00f3n de libros, revistas, flyers, etc.","sameAs":["http:\/\/chento.org","https:\/\/www.facebook.com\/JavierChento","https:\/\/x.com\/https:\/\/twitter.com\/javierchento"],"url":"http:\/\/vincentians.com\/en\/author\/chento\/"}]}},"jetpack_publicize_connections":[],"jetpack_featured_media_url":"https:\/\/i0.wp.com\/vincentians.com\/en\/wp-content\/uploads\/sites\/2\/2013\/11\/vincent-de-paul-moderation.jpg?fit=1200%2C630","jetpack_sharing_enabled":true,"jetpack_shortlink":"https:\/\/wp.me\/p7K2Ow-s8q","jetpack-related-posts":[{"id":104727,"url":"http:\/\/vincentians.com\/en\/the-life-of-vincent-de-paul-abelly-book-i-chapter-xvi\/","url_meta":{"origin":108154,"position":0},"title":"The Life of Vincent de Paul (Abelly): Book I, Chapter XVI","author":"Francisco Javier Fern\u00e1ndez Chento","date":"July 18, 2016","format":false,"excerpt":"He is Chosen by the Blessed Francis de Sales, Bishop of Geneva, and by Mother de Chantal as the First Spiritual Father and Superior of the Religious of the Visitation of Saint Mary in Paris It had been several years since God had brought into being the saintly order of\u2026","rel":"","context":"In &quot;Vincent de Paul&quot;","block_context":{"text":"Vincent de Paul","link":"http:\/\/vincentians.com\/en\/category\/the-vincentian-family\/founders\/vincent-de-paul\/"},"img":{"alt_text":"","src":"https:\/\/i0.wp.com\/vincentians.com\/en\/wp-content\/uploads\/sites\/2\/2016\/07\/abelly-feat.jpg?fit=1200%2C630&resize=350%2C200","width":350,"height":200,"srcset":"https:\/\/i0.wp.com\/vincentians.com\/en\/wp-content\/uploads\/sites\/2\/2016\/07\/abelly-feat.jpg?fit=1200%2C630&resize=350%2C200 1x, https:\/\/i0.wp.com\/vincentians.com\/en\/wp-content\/uploads\/sites\/2\/2016\/07\/abelly-feat.jpg?fit=1200%2C630&resize=525%2C300 1.5x, https:\/\/i0.wp.com\/vincentians.com\/en\/wp-content\/uploads\/sites\/2\/2016\/07\/abelly-feat.jpg?fit=1200%2C630&resize=700%2C400 2x, https:\/\/i0.wp.com\/vincentians.com\/en\/wp-content\/uploads\/sites\/2\/2016\/07\/abelly-feat.jpg?fit=1200%2C630&resize=1050%2C600 3x"},"classes":[]},{"id":152394,"url":"http:\/\/vincentians.com\/en\/new-in-the-library-virtues-and-spiritual-doctrine-of-st-vincent-paul-abbe-maynard\/","url_meta":{"origin":108154,"position":1},"title":"New in the Library: &#8220;Virtues and Spiritual Doctrine of St. Vincent De Paul&#8221; (Abb\u00e9 Maynard)","author":"Francisco Javier Fern\u00e1ndez Chento","date":"July 21, 2016","format":false,"excerpt":"English translation of Abb\u00e9 Maynard, Vertus et doctrine spirituelle de Saint Vincent de Paul (1870). From the translator's preface: This work presents most completely the virtue of the saint, and marks most fully and clearly his ideas and teachings. It specifically treats, as its title indicates, of the virtues of\u2026","rel":"","context":"In &quot;Vincent de Paul&quot;","block_context":{"text":"Vincent de Paul","link":"http:\/\/vincentians.com\/en\/category\/the-vincentian-family\/founders\/vincent-de-paul\/"},"img":{"alt_text":"","src":"https:\/\/i0.wp.com\/vincentians.com\/en\/wp-content\/uploads\/sites\/2\/2016\/07\/the-vincentian-digital-library-2.jpg?fit=1200%2C630&resize=350%2C200","width":350,"height":200,"srcset":"https:\/\/i0.wp.com\/vincentians.com\/en\/wp-content\/uploads\/sites\/2\/2016\/07\/the-vincentian-digital-library-2.jpg?fit=1200%2C630&resize=350%2C200 1x, https:\/\/i0.wp.com\/vincentians.com\/en\/wp-content\/uploads\/sites\/2\/2016\/07\/the-vincentian-digital-library-2.jpg?fit=1200%2C630&resize=525%2C300 1.5x, https:\/\/i0.wp.com\/vincentians.com\/en\/wp-content\/uploads\/sites\/2\/2016\/07\/the-vincentian-digital-library-2.jpg?fit=1200%2C630&resize=700%2C400 2x, https:\/\/i0.wp.com\/vincentians.com\/en\/wp-content\/uploads\/sites\/2\/2016\/07\/the-vincentian-digital-library-2.jpg?fit=1200%2C630&resize=1050%2C600 3x"},"classes":[]},{"id":52173,"url":"http:\/\/vincentians.com\/en\/the-irritable-saint-and-the-king-of-love-st-vincent-de-paul\/","url_meta":{"origin":108154,"position":2},"title":"The Irritable Saint and the King of Love: St. Vincent de Paul","author":"Francisco Javier Fern\u00e1ndez Chento","date":"January 14, 2016","format":false,"excerpt":"Chesterton once said that the difference between a sinner and saint is not that the saint doesn\u2019t sin. The difference is that the saint knows they\u2019re a sinner. This is what strikes me with St. Vincent de Paul. You might expect, and certainly you will get to some degree, a\u2026","rel":"","context":"In &quot;Vincent de Paul&quot;","block_context":{"text":"Vincent de Paul","link":"http:\/\/vincentians.com\/en\/category\/the-vincentian-family\/founders\/vincent-de-paul\/"},"img":{"alt_text":"","src":"https:\/\/i0.wp.com\/vincentians.com\/en\/wp-content\/uploads\/sites\/2\/2016\/01\/st-vincent-de-paul.jpg?fit=1200%2C630&resize=350%2C200","width":350,"height":200,"srcset":"https:\/\/i0.wp.com\/vincentians.com\/en\/wp-content\/uploads\/sites\/2\/2016\/01\/st-vincent-de-paul.jpg?fit=1200%2C630&resize=350%2C200 1x, https:\/\/i0.wp.com\/vincentians.com\/en\/wp-content\/uploads\/sites\/2\/2016\/01\/st-vincent-de-paul.jpg?fit=1200%2C630&resize=525%2C300 1.5x, https:\/\/i0.wp.com\/vincentians.com\/en\/wp-content\/uploads\/sites\/2\/2016\/01\/st-vincent-de-paul.jpg?fit=1200%2C630&resize=700%2C400 2x, https:\/\/i0.wp.com\/vincentians.com\/en\/wp-content\/uploads\/sites\/2\/2016\/01\/st-vincent-de-paul.jpg?fit=1200%2C630&resize=1050%2C600 3x"},"classes":[]},{"id":98234,"url":"http:\/\/vincentians.com\/en\/the-major-studies-on-vincent-de-paul\/","url_meta":{"origin":108154,"position":3},"title":"The Major Studies on Vincent de Paul","author":"Francisco Javier Fern\u00e1ndez Chento","date":"December 23, 2012","format":false,"excerpt":"There are two Vincent de Pauls who have come down to us: the Vincent of legend and the Vincent of history. The Vincent of legend is the Saint of popular piety. This is the Vincent with two chief virtues: humility and charity, whose works are reduced to three: the foundlings,\u2026","rel":"","context":"In &quot;Vincent de Paul&quot;","block_context":{"text":"Vincent de Paul","link":"http:\/\/vincentians.com\/en\/category\/the-vincentian-family\/founders\/vincent-de-paul\/"},"img":{"alt_text":"","src":"https:\/\/i0.wp.com\/vincentians.com\/en\/wp-content\/uploads\/sites\/2\/2012\/12\/vincent-de-paul-books.jpg?fit=1200%2C630&resize=350%2C200","width":350,"height":200,"srcset":"https:\/\/i0.wp.com\/vincentians.com\/en\/wp-content\/uploads\/sites\/2\/2012\/12\/vincent-de-paul-books.jpg?fit=1200%2C630&resize=350%2C200 1x, https:\/\/i0.wp.com\/vincentians.com\/en\/wp-content\/uploads\/sites\/2\/2012\/12\/vincent-de-paul-books.jpg?fit=1200%2C630&resize=525%2C300 1.5x, https:\/\/i0.wp.com\/vincentians.com\/en\/wp-content\/uploads\/sites\/2\/2012\/12\/vincent-de-paul-books.jpg?fit=1200%2C630&resize=700%2C400 2x, https:\/\/i0.wp.com\/vincentians.com\/en\/wp-content\/uploads\/sites\/2\/2012\/12\/vincent-de-paul-books.jpg?fit=1200%2C630&resize=1050%2C600 3x"},"classes":[]},{"id":108145,"url":"http:\/\/vincentians.com\/en\/how-st-vincent-ferrer-influenced-st-vincent-de-paul\/","url_meta":{"origin":108154,"position":4},"title":"How St Vincent Ferrer influenced St Vincent de Paul","author":"Francisco Javier Fern\u00e1ndez Chento","date":"November 18, 2013","format":false,"excerpt":"When I was reading about the life and works of Vincent Ferrer, whom I admire enormously, I was surprised to find that some of his biographers mentioned that he had a significant influence on St Vincent de Paul. For instance, in his book, St Vincent Ferrer: The Angel of the\u2026","rel":"","context":"In &quot;Vincent de Paul&quot;","block_context":{"text":"Vincent de Paul","link":"http:\/\/vincentians.com\/en\/category\/the-vincentian-family\/founders\/vincent-de-paul\/"},"img":{"alt_text":"","src":"https:\/\/i0.wp.com\/vincentians.com\/en\/wp-content\/uploads\/sites\/2\/2013\/11\/st-vincent-ferrer.jpg?fit=1200%2C630&resize=350%2C200","width":350,"height":200,"srcset":"https:\/\/i0.wp.com\/vincentians.com\/en\/wp-content\/uploads\/sites\/2\/2013\/11\/st-vincent-ferrer.jpg?fit=1200%2C630&resize=350%2C200 1x, https:\/\/i0.wp.com\/vincentians.com\/en\/wp-content\/uploads\/sites\/2\/2013\/11\/st-vincent-ferrer.jpg?fit=1200%2C630&resize=525%2C300 1.5x, https:\/\/i0.wp.com\/vincentians.com\/en\/wp-content\/uploads\/sites\/2\/2013\/11\/st-vincent-ferrer.jpg?fit=1200%2C630&resize=700%2C400 2x, https:\/\/i0.wp.com\/vincentians.com\/en\/wp-content\/uploads\/sites\/2\/2013\/11\/st-vincent-ferrer.jpg?fit=1200%2C630&resize=1050%2C600 3x"},"classes":[]},{"id":108832,"url":"http:\/\/vincentians.com\/en\/the-litany-of-st-vincent-de-paul\/","url_meta":{"origin":108154,"position":5},"title":"The Litany of St. Vincent de Paul","author":"Francisco Javier Fern\u00e1ndez Chento","date":"January 1, 2016","format":false,"excerpt":"Lord, have mercy on us. Lord, have mercy on us. Christ, have mercy on us. Christ, have mercy on us. Christ, hear us. Christ, graciously hear us. God, the Father of Heaven, Have mercy on us. God, the Son, Redeemer of the world, Have mercy on us. God, the Holy\u2026","rel":"","context":"In &quot;Prayer&quot;","block_context":{"text":"Prayer","link":"http:\/\/vincentians.com\/en\/category\/spirituality\/prayer\/"},"img":{"alt_text":"","src":"https:\/\/i0.wp.com\/vincentians.com\/en\/wp-content\/uploads\/sites\/2\/2014\/01\/vicente-de-paul.jpg?fit=1200%2C630&resize=350%2C200","width":350,"height":200,"srcset":"https:\/\/i0.wp.com\/vincentians.com\/en\/wp-content\/uploads\/sites\/2\/2014\/01\/vicente-de-paul.jpg?fit=1200%2C630&resize=350%2C200 1x, https:\/\/i0.wp.com\/vincentians.com\/en\/wp-content\/uploads\/sites\/2\/2014\/01\/vicente-de-paul.jpg?fit=1200%2C630&resize=525%2C300 1.5x, https:\/\/i0.wp.com\/vincentians.com\/en\/wp-content\/uploads\/sites\/2\/2014\/01\/vicente-de-paul.jpg?fit=1200%2C630&resize=700%2C400 2x, https:\/\/i0.wp.com\/vincentians.com\/en\/wp-content\/uploads\/sites\/2\/2014\/01\/vicente-de-paul.jpg?fit=1200%2C630&resize=1050%2C600 3x"},"classes":[]}],"_links":{"self":[{"href":"http:\/\/vincentians.com\/en\/wp-json\/wp\/v2\/posts\/108154","targetHints":{"allow":["GET"]}}],"collection":[{"href":"http:\/\/vincentians.com\/en\/wp-json\/wp\/v2\/posts"}],"about":[{"href":"http:\/\/vincentians.com\/en\/wp-json\/wp\/v2\/types\/post"}],"author":[{"embeddable":true,"href":"http:\/\/vincentians.com\/en\/wp-json\/wp\/v2\/users\/4"}],"replies":[{"embeddable":true,"href":"http:\/\/vincentians.com\/en\/wp-json\/wp\/v2\/comments?post=108154"}],"version-history":[{"count":0,"href":"http:\/\/vincentians.com\/en\/wp-json\/wp\/v2\/posts\/108154\/revisions"}],"wp:featuredmedia":[{"embeddable":true,"href":"http:\/\/vincentians.com\/en\/wp-json\/wp\/v2\/media\/150243"}],"wp:attachment":[{"href":"http:\/\/vincentians.com\/en\/wp-json\/wp\/v2\/media?parent=108154"}],"wp:term":[{"taxonomy":"category","embeddable":true,"href":"http:\/\/vincentians.com\/en\/wp-json\/wp\/v2\/categories?post=108154"},{"taxonomy":"post_tag","embeddable":true,"href":"http:\/\/vincentians.com\/en\/wp-json\/wp\/v2\/tags?post=108154"}],"curies":[{"name":"wp","href":"https:\/\/api.w.org\/{rel}","templated":true}]}}