{"id":108058,"date":"2016-11-08T06:00:35","date_gmt":"2016-11-08T05:00:35","guid":{"rendered":"http:\/\/vincentians.com\/?p=108058"},"modified":"2016-07-13T18:47:39","modified_gmt":"2016-07-13T16:47:39","slug":"the-life-of-vincent-de-paul-abelly-book-ii-chapter-xiii-section-x","status":"publish","type":"post","link":"http:\/\/vincentians.com\/en\/the-life-of-vincent-de-paul-abelly-book-ii-chapter-xiii-section-x\/","title":{"rendered":"The Life of Vincent de Paul (Abelly): Book II, Chapter XIII, Section X"},"content":{"rendered":"<h2>SECTION TEN: Monsieur Vincent Preserved Always an Inviolable Fidelity to the King and a Constant Devotion to His Service, Even During Most Perilous and Difficult Times<\/h2>\n<p>It does not suffice to give to God the things which pertain to God, for in keeping with the maxim of the Gospel we must also give to Caesar the things which pertain to Caesar. The same law which binds us to adore God, to obey him, and to love him above all else, also requires that we honor and respect kings. They are images of his sovereign majesty upon earth, and we are to give them the affection and service due them, and keep an inviolable fidelity to them. Christian princes have an advantage over all other monarchs who do not believe in Jesus Christ. Their subjects are attached to them, not only by the bonds of the laws, or by the fear of their sovereign power, or by the favors they might expect from their liberality, but by stronger and nobler bonds. These come from divine law, and from the tenets of their religion.<\/p>\n<p>They cannot fail in their duty to the king without contravening God&#8217;s will. The obedience, respect, and fidelity they give to him are not founded on him alone, but on God. He regards as being done for himself what is done for those he has established upon earth as his visible representatives in the governing of peoples. It follows that among the subjects of a Christian prince those who are the most faithful, obedient, and attached to his service are those who are the most virtuous, those most united to God by grace and charity. On the other hand, we should not expect from those who are lacking in what they owe to God, a consistent fidelity, nor a sincere attachment to the service of their prince.<\/p>\n<p>With this understanding, it should not be difficult to infer from what has been said in this Book Two and even in Book One, that with Monsieur Vincent&#8217;s fidelity in carrying out the will of God, and zeal for his honor and glory, he should have shown such fidelity to the king and such singular attachment to his service. These qualities depend upon his relationship with God. The measure of the affection and fidelity to one&#8217;s prince is found in one&#8217;s attachment to God.<\/p>\n<p>Besides this very strong general consideration, we can produce other proofs, more particular and no less convincing if we recount how this saintly man proved himself a servant of the king during the most difficult and perilous times. He risked his material welfare, his life, and his entire Congregation, in showing himself faithful to the service of His Majesty.<\/p>\n<p>The deplorable state of affairs in France during 1649, 1652, etc., are still fresh in memory. We could say of those times that by a secret judgment of Providence, God had permitted the depths of the abyss, spoken of in the Sacred Scriptures, to be opened and its noxious vapors spread over the entire kingdom.<\/p>\n<p>It filled the minds of the French with a darkness so obscure that some among them lost all sense of the duty they owed their sovereign. Even though they may have retained an affection for him personally, their actions betrayed this sentiment. While thinking they were working and fighting for his service, their armies were disputing his authority by killing some of his most faithful servants, and despoiling and ruining all parts of his kingdom.<\/p>\n<p>Just as a bright star shines the more brilliantly when surrounded by clouds which serve only to emphasize its light, we could say these troubles of the nation served to allow the perfection of his fidelity to the king and his zeal in his service to appear. During those deplorable times, confusion was so great in many places that most loyal Frenchmen and those most attached to the interests of their prince, felt they could only keep quiet and groan in silence. They knew well anything they may have said would have served only to make things worse. Prudence suggested quiet, to avoid worse troubles. Monsieur Vincent, on the contrary, always so prudent and circumspect, acted differently. He openly declared himself a servant of the king, and promised obedience to his directives. Not content with assuming this posture for himself, he strove to have others share his attitude. His voice could be heard only where he was, but his letters to various people carried his message, especially those to bishops, as was reported in Book One. In them he persuaded the bishops to remain in their dioceses and to use their influence to confirm their people in obedience to the king.<\/p>\n<p>He showed his fidelity to the king and his zeal for his service when, at the risk of his own welfare and that of his Company, he went to find Their Majesties at Saint Germain en Laye after they left Paris, to offer them his services. He left as a prey to their enemies his house of Saint Lazare and all his dear confreres. After the example of their father, they, too, suffered with patience and even with joy, seeing themselves despoiled of their goods and maltreated on this occasion.<\/p>\n<p>What makes his commitment to the service of Their Majesties shine forth still more clearly is his thought of giving some advice that he felt was helpful and even necessary in the affairs of state. He did so despite his fear that he would not be favorably received by those holding the reins of government. He ran the risk of losing favor at court, but he preferred this, and even disgrace in the eyes of Their Majesties, than to fail in what he saw as an opportunity to be of service. Her Majesty the Queen appreciated his sincere heart and received his suggestions well. Cardinal Mazarin gave him a favorable audience, well aware that he had no other goal than to be of help. Even though they did not follow his advice, this in no way diminished the appreciation his fidelity and affection merited. It was recognized that he had the courage to risk his standing in court, rather than fail in giving a suggestion he felt was helpful for the good of the kingdom.<\/p>\n","protected":false},"excerpt":{"rendered":"<p>SECTION TEN: Monsieur Vincent Preserved Always an Inviolable Fidelity to the King and a Constant Devotion to His Service, Even During Most Perilous and Difficult Times It does not suffice to give to God the &#8230; <a href=\"http:\/\/vincentians.com\/en\/the-life-of-vincent-de-paul-abelly-book-ii-chapter-xiii-section-x\/\" class=\"more-link\">Read More<\/a><\/p>\n","protected":false},"author":4,"featured_media":149583,"comment_status":"open","ping_status":"open","sticky":false,"template":"","format":"standard","meta":{"jetpack_post_was_ever_published":false,"_jetpack_newsletter_access":"","_jetpack_dont_email_post_to_subs":false,"_jetpack_newsletter_tier_id":0,"_jetpack_memberships_contains_paywalled_content":false,"_jetpack_memberships_contains_paid_content":false,"footnotes":"","jetpack_publicize_message":"","jetpack_publicize_feature_enabled":true,"jetpack_social_post_already_shared":true,"jetpack_social_options":{"image_generator_settings":{"template":"highway","default_image_id":0,"font":"","enabled":false},"version":2}},"categories":[5],"tags":[],"class_list":["post-108058","post","type-post","status-publish","format-standard","has-post-thumbnail","hentry","category-vincent-de-paul"],"yoast_head":"<!-- This site is optimized with the Yoast SEO plugin v26.3 - https:\/\/yoast.com\/wordpress\/plugins\/seo\/ -->\n<title>The Life of Vincent de Paul (Abelly): Book II, Chapter XIII, Section X - We are Vincentians<\/title>\n<meta name=\"robots\" content=\"index, follow, max-snippet:-1, max-image-preview:large, max-video-preview:-1\" \/>\n<link rel=\"canonical\" href=\"https:\/\/vincentians.com\/en\/the-life-of-vincent-de-paul-abelly-book-ii-chapter-xiii-section-x\/\" \/>\n<meta property=\"og:locale\" content=\"en_US\" \/>\n<meta property=\"og:type\" content=\"article\" \/>\n<meta property=\"og:title\" content=\"The Life of Vincent de Paul (Abelly): Book II, Chapter XIII, Section X - We are Vincentians\" \/>\n<meta property=\"og:description\" content=\"SECTION TEN: Monsieur Vincent Preserved Always an Inviolable Fidelity to the King and a Constant Devotion to His Service, Even During Most Perilous and Difficult Times It does not suffice to give to God the ... Read More\" \/>\n<meta property=\"og:url\" content=\"https:\/\/vincentians.com\/en\/the-life-of-vincent-de-paul-abelly-book-ii-chapter-xiii-section-x\/\" \/>\n<meta property=\"og:site_name\" content=\"We are Vincentians\" \/>\n<meta property=\"article:publisher\" content=\"https:\/\/www.facebook.com\/WeAreVincentians\/\" \/>\n<meta property=\"article:author\" content=\"https:\/\/www.facebook.com\/JavierChento\" \/>\n<meta property=\"article:published_time\" content=\"2016-11-08T05:00:35+00:00\" \/>\n<meta property=\"og:image\" content=\"https:\/\/i0.wp.com\/vincentians.com\/en\/wp-content\/uploads\/sites\/2\/2016\/07\/abelly-feat.jpg?fit=1200%2C630&ssl=1\" \/>\n\t<meta property=\"og:image:width\" content=\"1200\" \/>\n\t<meta property=\"og:image:height\" content=\"630\" \/>\n\t<meta property=\"og:image:type\" content=\"image\/jpeg\" \/>\n<meta name=\"author\" content=\"Francisco Javier Fern\u00e1ndez Chento\" \/>\n<meta name=\"twitter:card\" content=\"summary_large_image\" \/>\n<meta name=\"twitter:creator\" content=\"@https:\/\/twitter.com\/javierchento\" \/>\n<meta name=\"twitter:site\" content=\"@WeVincentians\" \/>\n<meta name=\"twitter:label1\" content=\"Written by\" \/>\n\t<meta name=\"twitter:data1\" content=\"Francisco Javier Fern\u00e1ndez Chento\" \/>\n\t<meta name=\"twitter:label2\" content=\"Est. reading time\" \/>\n\t<meta name=\"twitter:data2\" content=\"5 minutes\" \/>\n<script type=\"application\/ld+json\" class=\"yoast-schema-graph\">{\"@context\":\"https:\/\/schema.org\",\"@graph\":[{\"@type\":\"Article\",\"@id\":\"https:\/\/vincentians.com\/en\/the-life-of-vincent-de-paul-abelly-book-ii-chapter-xiii-section-x\/#article\",\"isPartOf\":{\"@id\":\"https:\/\/vincentians.com\/en\/the-life-of-vincent-de-paul-abelly-book-ii-chapter-xiii-section-x\/\"},\"author\":{\"name\":\"Francisco Javier Fern\u00e1ndez Chento\",\"@id\":\"https:\/\/vincentians.com\/en\/#\/schema\/person\/9623ef4d9aa3b2dfb8c061f1499288f2\"},\"headline\":\"The Life of Vincent de Paul (Abelly): Book II, Chapter XIII, Section X\",\"datePublished\":\"2016-11-08T05:00:35+00:00\",\"mainEntityOfPage\":{\"@id\":\"https:\/\/vincentians.com\/en\/the-life-of-vincent-de-paul-abelly-book-ii-chapter-xiii-section-x\/\"},\"wordCount\":1059,\"commentCount\":0,\"publisher\":{\"@id\":\"https:\/\/vincentians.com\/en\/#organization\"},\"image\":{\"@id\":\"https:\/\/vincentians.com\/en\/the-life-of-vincent-de-paul-abelly-book-ii-chapter-xiii-section-x\/#primaryimage\"},\"thumbnailUrl\":\"https:\/\/i0.wp.com\/vincentians.com\/en\/wp-content\/uploads\/sites\/2\/2016\/07\/abelly-feat.jpg?fit=1200%2C630\",\"articleSection\":[\"Vincent de Paul\"],\"inLanguage\":\"en-US\",\"potentialAction\":[{\"@type\":\"CommentAction\",\"name\":\"Comment\",\"target\":[\"https:\/\/vincentians.com\/en\/the-life-of-vincent-de-paul-abelly-book-ii-chapter-xiii-section-x\/#respond\"]}]},{\"@type\":\"WebPage\",\"@id\":\"https:\/\/vincentians.com\/en\/the-life-of-vincent-de-paul-abelly-book-ii-chapter-xiii-section-x\/\",\"url\":\"https:\/\/vincentians.com\/en\/the-life-of-vincent-de-paul-abelly-book-ii-chapter-xiii-section-x\/\",\"name\":\"The Life of Vincent de Paul (Abelly): Book II, Chapter XIII, Section X - We are Vincentians\",\"isPartOf\":{\"@id\":\"https:\/\/vincentians.com\/en\/#website\"},\"primaryImageOfPage\":{\"@id\":\"https:\/\/vincentians.com\/en\/the-life-of-vincent-de-paul-abelly-book-ii-chapter-xiii-section-x\/#primaryimage\"},\"image\":{\"@id\":\"https:\/\/vincentians.com\/en\/the-life-of-vincent-de-paul-abelly-book-ii-chapter-xiii-section-x\/#primaryimage\"},\"thumbnailUrl\":\"https:\/\/i0.wp.com\/vincentians.com\/en\/wp-content\/uploads\/sites\/2\/2016\/07\/abelly-feat.jpg?fit=1200%2C630\",\"datePublished\":\"2016-11-08T05:00:35+00:00\",\"breadcrumb\":{\"@id\":\"https:\/\/vincentians.com\/en\/the-life-of-vincent-de-paul-abelly-book-ii-chapter-xiii-section-x\/#breadcrumb\"},\"inLanguage\":\"en-US\",\"potentialAction\":[{\"@type\":\"ReadAction\",\"target\":[\"https:\/\/vincentians.com\/en\/the-life-of-vincent-de-paul-abelly-book-ii-chapter-xiii-section-x\/\"]}]},{\"@type\":\"ImageObject\",\"inLanguage\":\"en-US\",\"@id\":\"https:\/\/vincentians.com\/en\/the-life-of-vincent-de-paul-abelly-book-ii-chapter-xiii-section-x\/#primaryimage\",\"url\":\"https:\/\/i0.wp.com\/vincentians.com\/en\/wp-content\/uploads\/sites\/2\/2016\/07\/abelly-feat.jpg?fit=1200%2C630\",\"contentUrl\":\"https:\/\/i0.wp.com\/vincentians.com\/en\/wp-content\/uploads\/sites\/2\/2016\/07\/abelly-feat.jpg?fit=1200%2C630\",\"width\":1200,\"height\":630},{\"@type\":\"BreadcrumbList\",\"@id\":\"https:\/\/vincentians.com\/en\/the-life-of-vincent-de-paul-abelly-book-ii-chapter-xiii-section-x\/#breadcrumb\",\"itemListElement\":[{\"@type\":\"ListItem\",\"position\":1,\"name\":\"Portada\",\"item\":\"https:\/\/vincentians.com\/en\/\"},{\"@type\":\"ListItem\",\"position\":2,\"name\":\"The Life of Vincent de Paul (Abelly): Book II, Chapter XIII, Section X\"}]},{\"@type\":\"WebSite\",\"@id\":\"https:\/\/vincentians.com\/en\/#website\",\"url\":\"https:\/\/vincentians.com\/en\/\",\"name\":\"We are Vincentians\",\"description\":\"Know more to serve more\",\"publisher\":{\"@id\":\"https:\/\/vincentians.com\/en\/#organization\"},\"potentialAction\":[{\"@type\":\"SearchAction\",\"target\":{\"@type\":\"EntryPoint\",\"urlTemplate\":\"https:\/\/vincentians.com\/en\/?s={search_term_string}\"},\"query-input\":{\"@type\":\"PropertyValueSpecification\",\"valueRequired\":true,\"valueName\":\"search_term_string\"}}],\"inLanguage\":\"en-US\"},{\"@type\":\"Organization\",\"@id\":\"https:\/\/vincentians.com\/en\/#organization\",\"name\":\"The Vincentian Network\",\"url\":\"https:\/\/vincentians.com\/en\/\",\"logo\":{\"@type\":\"ImageObject\",\"inLanguage\":\"en-US\",\"@id\":\"https:\/\/vincentians.com\/en\/#\/schema\/logo\/image\/\",\"url\":\"https:\/\/i1.wp.com\/vincentians.com\/en\/wp-content\/uploads\/sites\/2\/2016\/06\/Vincentian-Network-logo-big.png?fit=778%2C778&ssl=1\",\"contentUrl\":\"https:\/\/i1.wp.com\/vincentians.com\/en\/wp-content\/uploads\/sites\/2\/2016\/06\/Vincentian-Network-logo-big.png?fit=778%2C778&ssl=1\",\"width\":778,\"height\":778,\"caption\":\"The Vincentian Network\"},\"image\":{\"@id\":\"https:\/\/vincentians.com\/en\/#\/schema\/logo\/image\/\"},\"sameAs\":[\"https:\/\/www.facebook.com\/WeAreVincentians\/\",\"https:\/\/x.com\/WeVincentians\"]},{\"@type\":\"Person\",\"@id\":\"https:\/\/vincentians.com\/en\/#\/schema\/person\/9623ef4d9aa3b2dfb8c061f1499288f2\",\"name\":\"Francisco Javier Fern\u00e1ndez Chento\",\"image\":{\"@type\":\"ImageObject\",\"inLanguage\":\"en-US\",\"@id\":\"https:\/\/vincentians.com\/en\/#\/schema\/person\/image\/\",\"url\":\"https:\/\/secure.gravatar.com\/avatar\/497d5cde87b4c3d097d0315953521681ba2cd523ee66e5077c3711f7021e65de?s=96&d=mm&r=g\",\"contentUrl\":\"https:\/\/secure.gravatar.com\/avatar\/497d5cde87b4c3d097d0315953521681ba2cd523ee66e5077c3711f7021e65de?s=96&d=mm&r=g\",\"caption\":\"Francisco Javier Fern\u00e1ndez Chento\"},\"description\":\"Director General y cofundador de La Red de Formaci\u00f3n Vicenciana. Javier es laico vicenciano, afiliado a la Congregaci\u00f3n de la Misi\u00f3n y miembro del Equipo de Misiones Populares de la provincia can\u00f3nica de Zaragoza (Espa\u00f1a) de la Congregaci\u00f3n de la Misi\u00f3n. Graduado en la Universidad Oberta de Catalunya con cuatro grados (Asistente de direcci\u00f3n, Gesti\u00f3n Administrativa, Recursos Humanos y Contabilidad Avanzada). Bil\u00edng\u00fce Espa\u00f1ol\/Ingl\u00e9s. gestiona y mantiene varias p\u00e1ginas web cristianas y vicencianas, incluida including La Red de Formaci\u00f3n Vicenciana, de la que es cofundador. Actualmente es responsable del \u00e1rea de Espa\u00f1ol de .famvin, la Red de Noticias de la Familia Vicenciana. Tambi\u00e9n es m\u00fasico cat\u00f3lico y ha editado varios discos. Es Director General y cofundador de Trovador, una reconocida compa\u00f1\u00eda discogr\u00e1fica critiana de Espa\u00f1a. Trabaja en las Tecnolog\u00edas de la Informaci\u00f3n, ofreciendo servicios de alojamiento, dise\u00f1o y mantenimiento Web, as\u00ed como asesoramiento, formaci\u00f3n y soluciones inform\u00e1ticas, gesti\u00f3n documental y digitalizaci\u00f3n de textos, edici\u00f3n y maquetaci\u00f3n de libros, revistas, flyers, etc.\",\"sameAs\":[\"http:\/\/chento.org\",\"https:\/\/www.facebook.com\/JavierChento\",\"https:\/\/x.com\/https:\/\/twitter.com\/javierchento\"],\"url\":\"http:\/\/vincentians.com\/en\/author\/chento\/\"}]}<\/script>\n<!-- \/ Yoast SEO plugin. -->","yoast_head_json":{"title":"The Life of Vincent de Paul (Abelly): Book II, Chapter XIII, Section X - We are Vincentians","robots":{"index":"index","follow":"follow","max-snippet":"max-snippet:-1","max-image-preview":"max-image-preview:large","max-video-preview":"max-video-preview:-1"},"canonical":"https:\/\/vincentians.com\/en\/the-life-of-vincent-de-paul-abelly-book-ii-chapter-xiii-section-x\/","og_locale":"en_US","og_type":"article","og_title":"The Life of Vincent de Paul (Abelly): Book II, Chapter XIII, Section X - We are Vincentians","og_description":"SECTION TEN: Monsieur Vincent Preserved Always an Inviolable Fidelity to the King and a Constant Devotion to His Service, Even During Most Perilous and Difficult Times It does not suffice to give to God the ... Read More","og_url":"https:\/\/vincentians.com\/en\/the-life-of-vincent-de-paul-abelly-book-ii-chapter-xiii-section-x\/","og_site_name":"We are Vincentians","article_publisher":"https:\/\/www.facebook.com\/WeAreVincentians\/","article_author":"https:\/\/www.facebook.com\/JavierChento","article_published_time":"2016-11-08T05:00:35+00:00","og_image":[{"width":1200,"height":630,"url":"https:\/\/i0.wp.com\/vincentians.com\/en\/wp-content\/uploads\/sites\/2\/2016\/07\/abelly-feat.jpg?fit=1200%2C630&ssl=1","type":"image\/jpeg"}],"author":"Francisco Javier Fern\u00e1ndez Chento","twitter_card":"summary_large_image","twitter_creator":"@https:\/\/twitter.com\/javierchento","twitter_site":"@WeVincentians","twitter_misc":{"Written by":"Francisco Javier Fern\u00e1ndez Chento","Est. reading time":"5 minutes"},"schema":{"@context":"https:\/\/schema.org","@graph":[{"@type":"Article","@id":"https:\/\/vincentians.com\/en\/the-life-of-vincent-de-paul-abelly-book-ii-chapter-xiii-section-x\/#article","isPartOf":{"@id":"https:\/\/vincentians.com\/en\/the-life-of-vincent-de-paul-abelly-book-ii-chapter-xiii-section-x\/"},"author":{"name":"Francisco Javier Fern\u00e1ndez Chento","@id":"https:\/\/vincentians.com\/en\/#\/schema\/person\/9623ef4d9aa3b2dfb8c061f1499288f2"},"headline":"The Life of Vincent de Paul (Abelly): Book II, Chapter XIII, Section X","datePublished":"2016-11-08T05:00:35+00:00","mainEntityOfPage":{"@id":"https:\/\/vincentians.com\/en\/the-life-of-vincent-de-paul-abelly-book-ii-chapter-xiii-section-x\/"},"wordCount":1059,"commentCount":0,"publisher":{"@id":"https:\/\/vincentians.com\/en\/#organization"},"image":{"@id":"https:\/\/vincentians.com\/en\/the-life-of-vincent-de-paul-abelly-book-ii-chapter-xiii-section-x\/#primaryimage"},"thumbnailUrl":"https:\/\/i0.wp.com\/vincentians.com\/en\/wp-content\/uploads\/sites\/2\/2016\/07\/abelly-feat.jpg?fit=1200%2C630","articleSection":["Vincent de Paul"],"inLanguage":"en-US","potentialAction":[{"@type":"CommentAction","name":"Comment","target":["https:\/\/vincentians.com\/en\/the-life-of-vincent-de-paul-abelly-book-ii-chapter-xiii-section-x\/#respond"]}]},{"@type":"WebPage","@id":"https:\/\/vincentians.com\/en\/the-life-of-vincent-de-paul-abelly-book-ii-chapter-xiii-section-x\/","url":"https:\/\/vincentians.com\/en\/the-life-of-vincent-de-paul-abelly-book-ii-chapter-xiii-section-x\/","name":"The Life of Vincent de Paul (Abelly): Book II, Chapter XIII, Section X - We are Vincentians","isPartOf":{"@id":"https:\/\/vincentians.com\/en\/#website"},"primaryImageOfPage":{"@id":"https:\/\/vincentians.com\/en\/the-life-of-vincent-de-paul-abelly-book-ii-chapter-xiii-section-x\/#primaryimage"},"image":{"@id":"https:\/\/vincentians.com\/en\/the-life-of-vincent-de-paul-abelly-book-ii-chapter-xiii-section-x\/#primaryimage"},"thumbnailUrl":"https:\/\/i0.wp.com\/vincentians.com\/en\/wp-content\/uploads\/sites\/2\/2016\/07\/abelly-feat.jpg?fit=1200%2C630","datePublished":"2016-11-08T05:00:35+00:00","breadcrumb":{"@id":"https:\/\/vincentians.com\/en\/the-life-of-vincent-de-paul-abelly-book-ii-chapter-xiii-section-x\/#breadcrumb"},"inLanguage":"en-US","potentialAction":[{"@type":"ReadAction","target":["https:\/\/vincentians.com\/en\/the-life-of-vincent-de-paul-abelly-book-ii-chapter-xiii-section-x\/"]}]},{"@type":"ImageObject","inLanguage":"en-US","@id":"https:\/\/vincentians.com\/en\/the-life-of-vincent-de-paul-abelly-book-ii-chapter-xiii-section-x\/#primaryimage","url":"https:\/\/i0.wp.com\/vincentians.com\/en\/wp-content\/uploads\/sites\/2\/2016\/07\/abelly-feat.jpg?fit=1200%2C630","contentUrl":"https:\/\/i0.wp.com\/vincentians.com\/en\/wp-content\/uploads\/sites\/2\/2016\/07\/abelly-feat.jpg?fit=1200%2C630","width":1200,"height":630},{"@type":"BreadcrumbList","@id":"https:\/\/vincentians.com\/en\/the-life-of-vincent-de-paul-abelly-book-ii-chapter-xiii-section-x\/#breadcrumb","itemListElement":[{"@type":"ListItem","position":1,"name":"Portada","item":"https:\/\/vincentians.com\/en\/"},{"@type":"ListItem","position":2,"name":"The Life of Vincent de Paul (Abelly): Book II, Chapter XIII, Section X"}]},{"@type":"WebSite","@id":"https:\/\/vincentians.com\/en\/#website","url":"https:\/\/vincentians.com\/en\/","name":"We are Vincentians","description":"Know more to serve more","publisher":{"@id":"https:\/\/vincentians.com\/en\/#organization"},"potentialAction":[{"@type":"SearchAction","target":{"@type":"EntryPoint","urlTemplate":"https:\/\/vincentians.com\/en\/?s={search_term_string}"},"query-input":{"@type":"PropertyValueSpecification","valueRequired":true,"valueName":"search_term_string"}}],"inLanguage":"en-US"},{"@type":"Organization","@id":"https:\/\/vincentians.com\/en\/#organization","name":"The Vincentian Network","url":"https:\/\/vincentians.com\/en\/","logo":{"@type":"ImageObject","inLanguage":"en-US","@id":"https:\/\/vincentians.com\/en\/#\/schema\/logo\/image\/","url":"https:\/\/i1.wp.com\/vincentians.com\/en\/wp-content\/uploads\/sites\/2\/2016\/06\/Vincentian-Network-logo-big.png?fit=778%2C778&ssl=1","contentUrl":"https:\/\/i1.wp.com\/vincentians.com\/en\/wp-content\/uploads\/sites\/2\/2016\/06\/Vincentian-Network-logo-big.png?fit=778%2C778&ssl=1","width":778,"height":778,"caption":"The Vincentian Network"},"image":{"@id":"https:\/\/vincentians.com\/en\/#\/schema\/logo\/image\/"},"sameAs":["https:\/\/www.facebook.com\/WeAreVincentians\/","https:\/\/x.com\/WeVincentians"]},{"@type":"Person","@id":"https:\/\/vincentians.com\/en\/#\/schema\/person\/9623ef4d9aa3b2dfb8c061f1499288f2","name":"Francisco Javier Fern\u00e1ndez Chento","image":{"@type":"ImageObject","inLanguage":"en-US","@id":"https:\/\/vincentians.com\/en\/#\/schema\/person\/image\/","url":"https:\/\/secure.gravatar.com\/avatar\/497d5cde87b4c3d097d0315953521681ba2cd523ee66e5077c3711f7021e65de?s=96&d=mm&r=g","contentUrl":"https:\/\/secure.gravatar.com\/avatar\/497d5cde87b4c3d097d0315953521681ba2cd523ee66e5077c3711f7021e65de?s=96&d=mm&r=g","caption":"Francisco Javier Fern\u00e1ndez Chento"},"description":"Director General y cofundador de La Red de Formaci\u00f3n Vicenciana. Javier es laico vicenciano, afiliado a la Congregaci\u00f3n de la Misi\u00f3n y miembro del Equipo de Misiones Populares de la provincia can\u00f3nica de Zaragoza (Espa\u00f1a) de la Congregaci\u00f3n de la Misi\u00f3n. Graduado en la Universidad Oberta de Catalunya con cuatro grados (Asistente de direcci\u00f3n, Gesti\u00f3n Administrativa, Recursos Humanos y Contabilidad Avanzada). Bil\u00edng\u00fce Espa\u00f1ol\/Ingl\u00e9s. gestiona y mantiene varias p\u00e1ginas web cristianas y vicencianas, incluida including La Red de Formaci\u00f3n Vicenciana, de la que es cofundador. Actualmente es responsable del \u00e1rea de Espa\u00f1ol de .famvin, la Red de Noticias de la Familia Vicenciana. Tambi\u00e9n es m\u00fasico cat\u00f3lico y ha editado varios discos. Es Director General y cofundador de Trovador, una reconocida compa\u00f1\u00eda discogr\u00e1fica critiana de Espa\u00f1a. Trabaja en las Tecnolog\u00edas de la Informaci\u00f3n, ofreciendo servicios de alojamiento, dise\u00f1o y mantenimiento Web, as\u00ed como asesoramiento, formaci\u00f3n y soluciones inform\u00e1ticas, gesti\u00f3n documental y digitalizaci\u00f3n de textos, edici\u00f3n y maquetaci\u00f3n de libros, revistas, flyers, etc.","sameAs":["http:\/\/chento.org","https:\/\/www.facebook.com\/JavierChento","https:\/\/x.com\/https:\/\/twitter.com\/javierchento"],"url":"http:\/\/vincentians.com\/en\/author\/chento\/"}]}},"jetpack_publicize_connections":[],"jetpack_featured_media_url":"https:\/\/i0.wp.com\/vincentians.com\/en\/wp-content\/uploads\/sites\/2\/2016\/07\/abelly-feat.jpg?fit=1200%2C630","jetpack_sharing_enabled":true,"jetpack_shortlink":"https:\/\/wp.me\/p7K2Ow-s6S","jetpack-related-posts":[{"id":108039,"url":"http:\/\/vincentians.com\/en\/the-life-of-vincent-de-paul-abelly-book-ii-chapter-xiii-section-i\/","url_meta":{"origin":108058,"position":0},"title":"The Life of Vincent de Paul (Abelly): Book II, Chapter XIII, Section I","author":"Francisco Javier Fern\u00e1ndez Chento","date":"October 30, 2016","format":false,"excerpt":"CHAPTER THIRTEEN: Monsieur Vincent's Service to the King in the Council of His Majesty and Elsewhere During the Time of the Queen Mother's Regency We could well include among the great accomplishments of Monsieur Vincent his tenure on the king's Council for Ecclesiastical Affairs, and the services he rendered His\u2026","rel":"","context":"In &quot;Vincent de Paul&quot;","block_context":{"text":"Vincent de Paul","link":"http:\/\/vincentians.com\/en\/category\/the-vincentian-family\/founders\/vincent-de-paul\/"},"img":{"alt_text":"","src":"https:\/\/i0.wp.com\/vincentians.com\/en\/wp-content\/uploads\/sites\/2\/2016\/07\/abelly-feat.jpg?fit=1200%2C630&resize=350%2C200","width":350,"height":200,"srcset":"https:\/\/i0.wp.com\/vincentians.com\/en\/wp-content\/uploads\/sites\/2\/2016\/07\/abelly-feat.jpg?fit=1200%2C630&resize=350%2C200 1x, https:\/\/i0.wp.com\/vincentians.com\/en\/wp-content\/uploads\/sites\/2\/2016\/07\/abelly-feat.jpg?fit=1200%2C630&resize=525%2C300 1.5x, https:\/\/i0.wp.com\/vincentians.com\/en\/wp-content\/uploads\/sites\/2\/2016\/07\/abelly-feat.jpg?fit=1200%2C630&resize=700%2C400 2x, https:\/\/i0.wp.com\/vincentians.com\/en\/wp-content\/uploads\/sites\/2\/2016\/07\/abelly-feat.jpg?fit=1200%2C630&resize=1050%2C600 3x"},"classes":[]},{"id":106025,"url":"http:\/\/vincentians.com\/en\/the-way-of-st-vincent-is-our-way-3-faithful-to-saint-vincent\/","url_meta":{"origin":108058,"position":1},"title":"The Way of St. Vincent Is Our Way. 3. Faithful to Saint Vincent","author":"Francisco Javier Fern\u00e1ndez Chento","date":"December 16, 2012","format":false,"excerpt":"3. Faithful to Saint Vincent The charism of the founders of religious institutes is revealed as an experience of the Spirit. This same charism is transmitted to their followers to be lived, preserved, interiorized and developed so that the Body of Christ might continue to be built up. Mutuae Relationes,\u2026","rel":"","context":"In &quot;Charism&quot;","block_context":{"text":"Charism","link":"http:\/\/vincentians.com\/en\/category\/spirituality\/charism\/"},"img":{"alt_text":"","src":"https:\/\/i0.wp.com\/vincentians.com\/en\/wp-content\/uploads\/sites\/2\/2016\/06\/the-way-of-st-vincent-is-our-way.jpg?fit=1200%2C630&resize=350%2C200","width":350,"height":200,"srcset":"https:\/\/i0.wp.com\/vincentians.com\/en\/wp-content\/uploads\/sites\/2\/2016\/06\/the-way-of-st-vincent-is-our-way.jpg?fit=1200%2C630&resize=350%2C200 1x, https:\/\/i0.wp.com\/vincentians.com\/en\/wp-content\/uploads\/sites\/2\/2016\/06\/the-way-of-st-vincent-is-our-way.jpg?fit=1200%2C630&resize=525%2C300 1.5x, https:\/\/i0.wp.com\/vincentians.com\/en\/wp-content\/uploads\/sites\/2\/2016\/06\/the-way-of-st-vincent-is-our-way.jpg?fit=1200%2C630&resize=700%2C400 2x, https:\/\/i0.wp.com\/vincentians.com\/en\/wp-content\/uploads\/sites\/2\/2016\/06\/the-way-of-st-vincent-is-our-way.jpg?fit=1200%2C630&resize=1050%2C600 3x"},"classes":[]},{"id":108060,"url":"http:\/\/vincentians.com\/en\/the-life-of-vincent-de-paul-abelly-book-ii-chapter-xiii-section-xii\/","url_meta":{"origin":108058,"position":2},"title":"The Life of Vincent de Paul (Abelly): Book II, Chapter XIII, Section XII","author":"Francisco Javier Fern\u00e1ndez Chento","date":"November 10, 2016","format":false,"excerpt":"SECTION TWELVE: Monsieur Vincent's Prudence and Circumspection In His Service of the King The government of the state and the service of a sovereign are of such importance that they should be confided not only to well qualified and faithful persons, but also to those alone who are prudent and\u2026","rel":"","context":"In &quot;Vincent de Paul&quot;","block_context":{"text":"Vincent de Paul","link":"http:\/\/vincentians.com\/en\/category\/the-vincentian-family\/founders\/vincent-de-paul\/"},"img":{"alt_text":"","src":"https:\/\/i0.wp.com\/vincentians.com\/en\/wp-content\/uploads\/sites\/2\/2016\/07\/abelly-feat.jpg?fit=1200%2C630&resize=350%2C200","width":350,"height":200,"srcset":"https:\/\/i0.wp.com\/vincentians.com\/en\/wp-content\/uploads\/sites\/2\/2016\/07\/abelly-feat.jpg?fit=1200%2C630&resize=350%2C200 1x, https:\/\/i0.wp.com\/vincentians.com\/en\/wp-content\/uploads\/sites\/2\/2016\/07\/abelly-feat.jpg?fit=1200%2C630&resize=525%2C300 1.5x, https:\/\/i0.wp.com\/vincentians.com\/en\/wp-content\/uploads\/sites\/2\/2016\/07\/abelly-feat.jpg?fit=1200%2C630&resize=700%2C400 2x, https:\/\/i0.wp.com\/vincentians.com\/en\/wp-content\/uploads\/sites\/2\/2016\/07\/abelly-feat.jpg?fit=1200%2C630&resize=1050%2C600 3x"},"classes":[]},{"id":108057,"url":"http:\/\/vincentians.com\/en\/the-life-of-vincent-de-paul-abelly-book-ii-chapter-xiii-section-ix\/","url_meta":{"origin":108058,"position":3},"title":"The Life of Vincent de Paul (Abelly): Book II, Chapter XIII, Section IX","author":"Francisco Javier Fern\u00e1ndez Chento","date":"November 7, 2016","format":false,"excerpt":"SECTION NINE: Various Other Activities of Monsieur Vincent While on the Council of the King The zeal of Monsieur Vincent for everything concerning the service and honor of God made him attentive to those occasions when he might further this service or prevent anything that might oppose it. He used\u2026","rel":"","context":"In &quot;Vincent de Paul&quot;","block_context":{"text":"Vincent de Paul","link":"http:\/\/vincentians.com\/en\/category\/the-vincentian-family\/founders\/vincent-de-paul\/"},"img":{"alt_text":"","src":"https:\/\/i0.wp.com\/vincentians.com\/en\/wp-content\/uploads\/sites\/2\/2016\/07\/abelly-feat.jpg?fit=1200%2C630&resize=350%2C200","width":350,"height":200,"srcset":"https:\/\/i0.wp.com\/vincentians.com\/en\/wp-content\/uploads\/sites\/2\/2016\/07\/abelly-feat.jpg?fit=1200%2C630&resize=350%2C200 1x, https:\/\/i0.wp.com\/vincentians.com\/en\/wp-content\/uploads\/sites\/2\/2016\/07\/abelly-feat.jpg?fit=1200%2C630&resize=525%2C300 1.5x, https:\/\/i0.wp.com\/vincentians.com\/en\/wp-content\/uploads\/sites\/2\/2016\/07\/abelly-feat.jpg?fit=1200%2C630&resize=700%2C400 2x, https:\/\/i0.wp.com\/vincentians.com\/en\/wp-content\/uploads\/sites\/2\/2016\/07\/abelly-feat.jpg?fit=1200%2C630&resize=1050%2C600 3x"},"classes":[]},{"id":106799,"url":"http:\/\/vincentians.com\/en\/the-life-of-vincent-de-paul-abelly-book-ii-chapter-i-section-vii-part-viii\/","url_meta":{"origin":108058,"position":4},"title":"The Life of Vincent de Paul (Abelly): Book II, Chapter I, Section VII, Part VIII","author":"Francisco Javier Fern\u00e1ndez Chento","date":"September 20, 2016","format":false,"excerpt":"PART EIGHT:\u00a0 Continuation of the Same Topic The power of virtue to move even enemies to admiration and love is so great that the charity which the missionaries extended to the poor slaves attracted the attention, esteem and veneration of even many Moslems. This gave the missionaries the liberty to\u2026","rel":"","context":"In &quot;Vincent de Paul&quot;","block_context":{"text":"Vincent de Paul","link":"http:\/\/vincentians.com\/en\/category\/the-vincentian-family\/founders\/vincent-de-paul\/"},"img":{"alt_text":"","src":"https:\/\/i0.wp.com\/vincentians.com\/en\/wp-content\/uploads\/sites\/2\/2016\/07\/abelly-feat.jpg?fit=1200%2C630&resize=350%2C200","width":350,"height":200,"srcset":"https:\/\/i0.wp.com\/vincentians.com\/en\/wp-content\/uploads\/sites\/2\/2016\/07\/abelly-feat.jpg?fit=1200%2C630&resize=350%2C200 1x, https:\/\/i0.wp.com\/vincentians.com\/en\/wp-content\/uploads\/sites\/2\/2016\/07\/abelly-feat.jpg?fit=1200%2C630&resize=525%2C300 1.5x, https:\/\/i0.wp.com\/vincentians.com\/en\/wp-content\/uploads\/sites\/2\/2016\/07\/abelly-feat.jpg?fit=1200%2C630&resize=700%2C400 2x, https:\/\/i0.wp.com\/vincentians.com\/en\/wp-content\/uploads\/sites\/2\/2016\/07\/abelly-feat.jpg?fit=1200%2C630&resize=1050%2C600 3x"},"classes":[]},{"id":105315,"url":"http:\/\/vincentians.com\/en\/the-life-of-vincent-de-paul-abelly-book-i-chapter-xxxvii\/","url_meta":{"origin":108058,"position":5},"title":"The Life of Vincent de Paul (Abelly): Book I, Chapter XXXVII","author":"Francisco Javier Fern\u00e1ndez Chento","date":"August 9, 2016","format":false,"excerpt":"Monsieur Vincent is Appointed to the Council for Ecclesiastical Affairs of the Kingdom During the Regency of the Queen Mother King Louis XIII of glorious memory left the regency of the kingdom to the queen mother during the minority of his son and most worthy successor. Considering the extent of\u2026","rel":"","context":"In &quot;Vincent de Paul&quot;","block_context":{"text":"Vincent de Paul","link":"http:\/\/vincentians.com\/en\/category\/the-vincentian-family\/founders\/vincent-de-paul\/"},"img":{"alt_text":"","src":"https:\/\/i0.wp.com\/vincentians.com\/en\/wp-content\/uploads\/sites\/2\/2016\/07\/abelly-feat.jpg?fit=1200%2C630&resize=350%2C200","width":350,"height":200,"srcset":"https:\/\/i0.wp.com\/vincentians.com\/en\/wp-content\/uploads\/sites\/2\/2016\/07\/abelly-feat.jpg?fit=1200%2C630&resize=350%2C200 1x, https:\/\/i0.wp.com\/vincentians.com\/en\/wp-content\/uploads\/sites\/2\/2016\/07\/abelly-feat.jpg?fit=1200%2C630&resize=525%2C300 1.5x, https:\/\/i0.wp.com\/vincentians.com\/en\/wp-content\/uploads\/sites\/2\/2016\/07\/abelly-feat.jpg?fit=1200%2C630&resize=700%2C400 2x, https:\/\/i0.wp.com\/vincentians.com\/en\/wp-content\/uploads\/sites\/2\/2016\/07\/abelly-feat.jpg?fit=1200%2C630&resize=1050%2C600 3x"},"classes":[]}],"_links":{"self":[{"href":"http:\/\/vincentians.com\/en\/wp-json\/wp\/v2\/posts\/108058","targetHints":{"allow":["GET"]}}],"collection":[{"href":"http:\/\/vincentians.com\/en\/wp-json\/wp\/v2\/posts"}],"about":[{"href":"http:\/\/vincentians.com\/en\/wp-json\/wp\/v2\/types\/post"}],"author":[{"embeddable":true,"href":"http:\/\/vincentians.com\/en\/wp-json\/wp\/v2\/users\/4"}],"replies":[{"embeddable":true,"href":"http:\/\/vincentians.com\/en\/wp-json\/wp\/v2\/comments?post=108058"}],"version-history":[{"count":0,"href":"http:\/\/vincentians.com\/en\/wp-json\/wp\/v2\/posts\/108058\/revisions"}],"wp:featuredmedia":[{"embeddable":true,"href":"http:\/\/vincentians.com\/en\/wp-json\/wp\/v2\/media\/149583"}],"wp:attachment":[{"href":"http:\/\/vincentians.com\/en\/wp-json\/wp\/v2\/media?parent=108058"}],"wp:term":[{"taxonomy":"category","embeddable":true,"href":"http:\/\/vincentians.com\/en\/wp-json\/wp\/v2\/categories?post=108058"},{"taxonomy":"post_tag","embeddable":true,"href":"http:\/\/vincentians.com\/en\/wp-json\/wp\/v2\/tags?post=108058"}],"curies":[{"name":"wp","href":"https:\/\/api.w.org\/{rel}","templated":true}]}}