{"id":108052,"date":"2016-11-03T06:00:35","date_gmt":"2016-11-03T05:00:35","guid":{"rendered":"http:\/\/vincentians.com\/?p=108052"},"modified":"2016-07-13T18:47:47","modified_gmt":"2016-07-13T16:47:47","slug":"the-life-of-vincent-de-paul-abelly-book-ii-chapter-xiii-section-v","status":"publish","type":"post","link":"http:\/\/vincentians.com\/en\/the-life-of-vincent-de-paul-abelly-book-ii-chapter-xiii-section-v\/","title":{"rendered":"The Life of Vincent de Paul (Abelly): Book II, Chapter XIII, Section V"},"content":{"rendered":"<p>SECTION FIVE: A Remarkable Example<\/p>\n<p>Among many other examples which could be cited to show the concern of Monsieur Vincent that benefices, particularly those relating to episcopacy, be conferred only upon those worthy of the office, and who might be expected to fulfill its duties fittingly, we will speak of only one. This will enable us to see the virtue and mentality of this great servant of God.<\/p>\n<p>At the time, the court was not in Paris. This occasioned Cardinal Mazarin to write the following letter to Monsieur Vincent:<\/p>\n<p style=\"padding-left: 30px;\">These few lines are to inform you that Monsieur [Mathieu Mole] hurried here, as soon as the bishopric of [Bayeux] became available, to ask the queen that it should be conferred upon his son. She was happy to comply, for he has the requisite qualities, and Her Majesty was pleased to find such a suitable opportunity to thank the father, through his son, for his past services and his zeal for the welfare of the state. The queen promised me she would write to you, and I thought I should write, to ask you to contact this young man, to give him the instructions and advice you think necessary for properly carrying out this office.<span id='easy-footnote-1-108052' class='easy-footnote-margin-adjust'><\/span><span class='easy-footnote'><a href='http:\/\/vincentians.com\/en\/the-life-of-vincent-de-paul-abelly-book-ii-chapter-xiii-section-v\/#easy-footnote-bottom-1-108052' title='&lt;i&gt;CED&lt;\/i&gt; II:563-64.'><sup>1<\/sup><\/a><\/span>\n<p>This letter concerned Monsieur Vincent greatly, for though he greatly respected anything coming from Her Majesty or her prime minister, he knew well that this priest nominated for the bishopric did not have the qualities needed for this charge. Besides, the diocese in question, one of the largest of its province, had been neglected by its previous bishops. It now needed a pastor who would live and work for revitalizing it. This could not be hoped for in the one selected. What could the faithful and zealous servant of God do to avert this disaster?<\/p>\n<p>To appeal to the queen and the cardinal was too late, for the appointment had already been made. Besides, the court was in need of the loyalty of the father. Monsieur Vincent still felt he had to do something to prevent this appointment. It would be so prejudicial to the welfare of the poor diocese and to the salvation of both the father and the son. Since he enjoyed their friendship, he believed his duty demanded that he render a charitable service for them, the more pure and impartial in that he would run the risk of losing their affection.<\/p>\n<p>He went to visit the father at his own home. He showed him that his son lacked all the good qualities needed for governing the diocese, and how important it was for himself and his son not to incur the wrath of God because of the evil results of such an appointment. To convince the father that he should not proceed with this matter, he foresaw the objections likely to be raised. He responded in advance to what fatherly love was apt to suggest. This good gentleman listened attentively to these remarks, saying he agreed with what had been said. He even thanked Monsieur Vincent for his trouble, promising he would give the matter further consideration.<\/p>\n<p>Several days later Monsieur Vincent returned to his home on some other business and met with these words: &#8220;O Monsieur, O Monsieur Vincent, what sleepless nights you have caused me.&#8221; He then spoke in detail of his house and its affairs, his advanced age, the number of his children and the obligation he was under to look to their settlement before he died, not to leave them unprovided for. He pointed out that his son would have virtuous and learned priests working with him, who would enable him to fulfill his duties as bishop. For all these reasons he felt that he had done well to obtain this appointment for him.<\/p>\n<p>Monsieur Vincent had already spoken against all such human considerations, and said nothing more, leaving events in the care of divine Providence. Shortly after, God showed clearly how displeasing this whole episode was to him. He called from this world the new bishop, so recently elevated to this dignity. The father was left with the regret that he had not followed the advice given by Monsieur Vincent.<span id='easy-footnote-2-108052' class='easy-footnote-margin-adjust'><\/span><span class='easy-footnote'><a href='http:\/\/vincentians.com\/en\/the-life-of-vincent-de-paul-abelly-book-ii-chapter-xiii-section-v\/#easy-footnote-bottom-2-108052' title='Edouard Mole, bishop from June 22, 1647 to April 6, 1652.'><sup>2<\/sup><\/a><\/span>\n","protected":false},"excerpt":{"rendered":"<p>SECTION FIVE: A Remarkable Example Among many other examples which could be cited to show the concern of Monsieur Vincent that benefices, particularly those relating to episcopacy, be conferred only upon those worthy of the &#8230; <a href=\"http:\/\/vincentians.com\/en\/the-life-of-vincent-de-paul-abelly-book-ii-chapter-xiii-section-v\/\" class=\"more-link\">Read More<\/a><\/p>\n","protected":false},"author":4,"featured_media":149583,"comment_status":"open","ping_status":"open","sticky":false,"template":"","format":"standard","meta":{"jetpack_post_was_ever_published":false,"_jetpack_newsletter_access":"","_jetpack_dont_email_post_to_subs":false,"_jetpack_newsletter_tier_id":0,"_jetpack_memberships_contains_paywalled_content":false,"_jetpack_memberships_contains_paid_content":false,"footnotes":"","jetpack_publicize_message":"","jetpack_publicize_feature_enabled":true,"jetpack_social_post_already_shared":true,"jetpack_social_options":{"image_generator_settings":{"template":"highway","default_image_id":0,"font":"","enabled":false},"version":2}},"categories":[5],"tags":[],"class_list":["post-108052","post","type-post","status-publish","format-standard","has-post-thumbnail","hentry","category-vincent-de-paul"],"yoast_head":"<!-- This site is optimized with the Yoast SEO plugin v26.3 - https:\/\/yoast.com\/wordpress\/plugins\/seo\/ -->\n<title>The Life of Vincent de Paul (Abelly): Book II, Chapter XIII, Section V - We are Vincentians<\/title>\n<meta name=\"robots\" content=\"index, follow, max-snippet:-1, max-image-preview:large, max-video-preview:-1\" \/>\n<link rel=\"canonical\" href=\"http:\/\/vincentians.com\/en\/the-life-of-vincent-de-paul-abelly-book-ii-chapter-xiii-section-v\/\" \/>\n<meta property=\"og:locale\" content=\"en_US\" \/>\n<meta property=\"og:type\" content=\"article\" \/>\n<meta property=\"og:title\" content=\"The Life of Vincent de Paul (Abelly): Book II, Chapter XIII, Section V - We are Vincentians\" \/>\n<meta property=\"og:description\" content=\"SECTION FIVE: A Remarkable Example Among many other examples which could be cited to show the concern of Monsieur Vincent that benefices, particularly those relating to episcopacy, be conferred only upon those worthy of the ... Read More\" \/>\n<meta property=\"og:url\" content=\"http:\/\/vincentians.com\/en\/the-life-of-vincent-de-paul-abelly-book-ii-chapter-xiii-section-v\/\" \/>\n<meta property=\"og:site_name\" content=\"We are Vincentians\" \/>\n<meta property=\"article:publisher\" content=\"https:\/\/www.facebook.com\/WeAreVincentians\/\" \/>\n<meta property=\"article:author\" content=\"https:\/\/www.facebook.com\/JavierChento\" \/>\n<meta property=\"article:published_time\" content=\"2016-11-03T05:00:35+00:00\" \/>\n<meta property=\"og:image\" content=\"https:\/\/i0.wp.com\/vincentians.com\/en\/wp-content\/uploads\/sites\/2\/2016\/07\/abelly-feat.jpg?fit=1200%2C630\" \/>\n\t<meta property=\"og:image:width\" content=\"1200\" \/>\n\t<meta property=\"og:image:height\" content=\"630\" \/>\n\t<meta property=\"og:image:type\" content=\"image\/jpeg\" \/>\n<meta name=\"author\" content=\"Francisco Javier Fern\u00e1ndez Chento\" \/>\n<meta name=\"twitter:card\" content=\"summary_large_image\" \/>\n<meta name=\"twitter:creator\" content=\"@https:\/\/twitter.com\/javierchento\" \/>\n<meta name=\"twitter:site\" content=\"@WeVincentians\" \/>\n<meta name=\"twitter:label1\" content=\"Written by\" \/>\n\t<meta name=\"twitter:data1\" content=\"Francisco Javier Fern\u00e1ndez Chento\" \/>\n\t<meta name=\"twitter:label2\" content=\"Est. reading time\" \/>\n\t<meta name=\"twitter:data2\" content=\"4 minutes\" \/>\n<script type=\"application\/ld+json\" class=\"yoast-schema-graph\">{\"@context\":\"https:\/\/schema.org\",\"@graph\":[{\"@type\":\"Article\",\"@id\":\"http:\/\/vincentians.com\/en\/the-life-of-vincent-de-paul-abelly-book-ii-chapter-xiii-section-v\/#article\",\"isPartOf\":{\"@id\":\"http:\/\/vincentians.com\/en\/the-life-of-vincent-de-paul-abelly-book-ii-chapter-xiii-section-v\/\"},\"author\":{\"name\":\"Francisco Javier Fern\u00e1ndez Chento\",\"@id\":\"https:\/\/vincentians.com\/en\/#\/schema\/person\/9623ef4d9aa3b2dfb8c061f1499288f2\"},\"headline\":\"The Life of Vincent de Paul (Abelly): Book II, Chapter XIII, Section V\",\"datePublished\":\"2016-11-03T05:00:35+00:00\",\"mainEntityOfPage\":{\"@id\":\"http:\/\/vincentians.com\/en\/the-life-of-vincent-de-paul-abelly-book-ii-chapter-xiii-section-v\/\"},\"wordCount\":720,\"commentCount\":0,\"publisher\":{\"@id\":\"https:\/\/vincentians.com\/en\/#organization\"},\"image\":{\"@id\":\"http:\/\/vincentians.com\/en\/the-life-of-vincent-de-paul-abelly-book-ii-chapter-xiii-section-v\/#primaryimage\"},\"thumbnailUrl\":\"https:\/\/i0.wp.com\/vincentians.com\/en\/wp-content\/uploads\/sites\/2\/2016\/07\/abelly-feat.jpg?fit=1200%2C630\",\"articleSection\":[\"Vincent de Paul\"],\"inLanguage\":\"en-US\",\"potentialAction\":[{\"@type\":\"CommentAction\",\"name\":\"Comment\",\"target\":[\"http:\/\/vincentians.com\/en\/the-life-of-vincent-de-paul-abelly-book-ii-chapter-xiii-section-v\/#respond\"]}]},{\"@type\":\"WebPage\",\"@id\":\"http:\/\/vincentians.com\/en\/the-life-of-vincent-de-paul-abelly-book-ii-chapter-xiii-section-v\/\",\"url\":\"http:\/\/vincentians.com\/en\/the-life-of-vincent-de-paul-abelly-book-ii-chapter-xiii-section-v\/\",\"name\":\"The Life of Vincent de Paul (Abelly): Book II, Chapter XIII, Section V - We are Vincentians\",\"isPartOf\":{\"@id\":\"https:\/\/vincentians.com\/en\/#website\"},\"primaryImageOfPage\":{\"@id\":\"http:\/\/vincentians.com\/en\/the-life-of-vincent-de-paul-abelly-book-ii-chapter-xiii-section-v\/#primaryimage\"},\"image\":{\"@id\":\"http:\/\/vincentians.com\/en\/the-life-of-vincent-de-paul-abelly-book-ii-chapter-xiii-section-v\/#primaryimage\"},\"thumbnailUrl\":\"https:\/\/i0.wp.com\/vincentians.com\/en\/wp-content\/uploads\/sites\/2\/2016\/07\/abelly-feat.jpg?fit=1200%2C630\",\"datePublished\":\"2016-11-03T05:00:35+00:00\",\"breadcrumb\":{\"@id\":\"http:\/\/vincentians.com\/en\/the-life-of-vincent-de-paul-abelly-book-ii-chapter-xiii-section-v\/#breadcrumb\"},\"inLanguage\":\"en-US\",\"potentialAction\":[{\"@type\":\"ReadAction\",\"target\":[\"http:\/\/vincentians.com\/en\/the-life-of-vincent-de-paul-abelly-book-ii-chapter-xiii-section-v\/\"]}]},{\"@type\":\"ImageObject\",\"inLanguage\":\"en-US\",\"@id\":\"http:\/\/vincentians.com\/en\/the-life-of-vincent-de-paul-abelly-book-ii-chapter-xiii-section-v\/#primaryimage\",\"url\":\"https:\/\/i0.wp.com\/vincentians.com\/en\/wp-content\/uploads\/sites\/2\/2016\/07\/abelly-feat.jpg?fit=1200%2C630\",\"contentUrl\":\"https:\/\/i0.wp.com\/vincentians.com\/en\/wp-content\/uploads\/sites\/2\/2016\/07\/abelly-feat.jpg?fit=1200%2C630\",\"width\":1200,\"height\":630},{\"@type\":\"BreadcrumbList\",\"@id\":\"http:\/\/vincentians.com\/en\/the-life-of-vincent-de-paul-abelly-book-ii-chapter-xiii-section-v\/#breadcrumb\",\"itemListElement\":[{\"@type\":\"ListItem\",\"position\":1,\"name\":\"Portada\",\"item\":\"https:\/\/vincentians.com\/en\/\"},{\"@type\":\"ListItem\",\"position\":2,\"name\":\"The Life of Vincent de Paul (Abelly): Book II, Chapter XIII, Section V\"}]},{\"@type\":\"WebSite\",\"@id\":\"https:\/\/vincentians.com\/en\/#website\",\"url\":\"https:\/\/vincentians.com\/en\/\",\"name\":\"We are Vincentians\",\"description\":\"Know more to serve more\",\"publisher\":{\"@id\":\"https:\/\/vincentians.com\/en\/#organization\"},\"potentialAction\":[{\"@type\":\"SearchAction\",\"target\":{\"@type\":\"EntryPoint\",\"urlTemplate\":\"https:\/\/vincentians.com\/en\/?s={search_term_string}\"},\"query-input\":{\"@type\":\"PropertyValueSpecification\",\"valueRequired\":true,\"valueName\":\"search_term_string\"}}],\"inLanguage\":\"en-US\"},{\"@type\":\"Organization\",\"@id\":\"https:\/\/vincentians.com\/en\/#organization\",\"name\":\"The Vincentian Network\",\"url\":\"https:\/\/vincentians.com\/en\/\",\"logo\":{\"@type\":\"ImageObject\",\"inLanguage\":\"en-US\",\"@id\":\"https:\/\/vincentians.com\/en\/#\/schema\/logo\/image\/\",\"url\":\"https:\/\/i1.wp.com\/vincentians.com\/en\/wp-content\/uploads\/sites\/2\/2016\/06\/Vincentian-Network-logo-big.png?fit=778%2C778&ssl=1\",\"contentUrl\":\"https:\/\/i1.wp.com\/vincentians.com\/en\/wp-content\/uploads\/sites\/2\/2016\/06\/Vincentian-Network-logo-big.png?fit=778%2C778&ssl=1\",\"width\":778,\"height\":778,\"caption\":\"The Vincentian Network\"},\"image\":{\"@id\":\"https:\/\/vincentians.com\/en\/#\/schema\/logo\/image\/\"},\"sameAs\":[\"https:\/\/www.facebook.com\/WeAreVincentians\/\",\"https:\/\/x.com\/WeVincentians\"]},{\"@type\":\"Person\",\"@id\":\"https:\/\/vincentians.com\/en\/#\/schema\/person\/9623ef4d9aa3b2dfb8c061f1499288f2\",\"name\":\"Francisco Javier Fern\u00e1ndez Chento\",\"image\":{\"@type\":\"ImageObject\",\"inLanguage\":\"en-US\",\"@id\":\"https:\/\/vincentians.com\/en\/#\/schema\/person\/image\/\",\"url\":\"https:\/\/secure.gravatar.com\/avatar\/497d5cde87b4c3d097d0315953521681ba2cd523ee66e5077c3711f7021e65de?s=96&d=mm&r=g\",\"contentUrl\":\"https:\/\/secure.gravatar.com\/avatar\/497d5cde87b4c3d097d0315953521681ba2cd523ee66e5077c3711f7021e65de?s=96&d=mm&r=g\",\"caption\":\"Francisco Javier Fern\u00e1ndez Chento\"},\"description\":\"Director General y cofundador de La Red de Formaci\u00f3n Vicenciana. Javier es laico vicenciano, afiliado a la Congregaci\u00f3n de la Misi\u00f3n y miembro del Equipo de Misiones Populares de la provincia can\u00f3nica de Zaragoza (Espa\u00f1a) de la Congregaci\u00f3n de la Misi\u00f3n. Graduado en la Universidad Oberta de Catalunya con cuatro grados (Asistente de direcci\u00f3n, Gesti\u00f3n Administrativa, Recursos Humanos y Contabilidad Avanzada). Bil\u00edng\u00fce Espa\u00f1ol\/Ingl\u00e9s. gestiona y mantiene varias p\u00e1ginas web cristianas y vicencianas, incluida including La Red de Formaci\u00f3n Vicenciana, de la que es cofundador. Actualmente es responsable del \u00e1rea de Espa\u00f1ol de .famvin, la Red de Noticias de la Familia Vicenciana. Tambi\u00e9n es m\u00fasico cat\u00f3lico y ha editado varios discos. Es Director General y cofundador de Trovador, una reconocida compa\u00f1\u00eda discogr\u00e1fica critiana de Espa\u00f1a. Trabaja en las Tecnolog\u00edas de la Informaci\u00f3n, ofreciendo servicios de alojamiento, dise\u00f1o y mantenimiento Web, as\u00ed como asesoramiento, formaci\u00f3n y soluciones inform\u00e1ticas, gesti\u00f3n documental y digitalizaci\u00f3n de textos, edici\u00f3n y maquetaci\u00f3n de libros, revistas, flyers, etc.\",\"sameAs\":[\"http:\/\/chento.org\",\"https:\/\/www.facebook.com\/JavierChento\",\"https:\/\/x.com\/https:\/\/twitter.com\/javierchento\"],\"url\":\"http:\/\/vincentians.com\/en\/author\/chento\/\"}]}<\/script>\n<!-- \/ Yoast SEO plugin. -->","yoast_head_json":{"title":"The Life of Vincent de Paul (Abelly): Book II, Chapter XIII, Section V - We are Vincentians","robots":{"index":"index","follow":"follow","max-snippet":"max-snippet:-1","max-image-preview":"max-image-preview:large","max-video-preview":"max-video-preview:-1"},"canonical":"http:\/\/vincentians.com\/en\/the-life-of-vincent-de-paul-abelly-book-ii-chapter-xiii-section-v\/","og_locale":"en_US","og_type":"article","og_title":"The Life of Vincent de Paul (Abelly): Book II, Chapter XIII, Section V - We are Vincentians","og_description":"SECTION FIVE: A Remarkable Example Among many other examples which could be cited to show the concern of Monsieur Vincent that benefices, particularly those relating to episcopacy, be conferred only upon those worthy of the ... Read More","og_url":"http:\/\/vincentians.com\/en\/the-life-of-vincent-de-paul-abelly-book-ii-chapter-xiii-section-v\/","og_site_name":"We are Vincentians","article_publisher":"https:\/\/www.facebook.com\/WeAreVincentians\/","article_author":"https:\/\/www.facebook.com\/JavierChento","article_published_time":"2016-11-03T05:00:35+00:00","og_image":[{"width":1200,"height":630,"url":"https:\/\/i0.wp.com\/vincentians.com\/en\/wp-content\/uploads\/sites\/2\/2016\/07\/abelly-feat.jpg?fit=1200%2C630","type":"image\/jpeg"}],"author":"Francisco Javier Fern\u00e1ndez Chento","twitter_card":"summary_large_image","twitter_creator":"@https:\/\/twitter.com\/javierchento","twitter_site":"@WeVincentians","twitter_misc":{"Written by":"Francisco Javier Fern\u00e1ndez Chento","Est. reading time":"4 minutes"},"schema":{"@context":"https:\/\/schema.org","@graph":[{"@type":"Article","@id":"http:\/\/vincentians.com\/en\/the-life-of-vincent-de-paul-abelly-book-ii-chapter-xiii-section-v\/#article","isPartOf":{"@id":"http:\/\/vincentians.com\/en\/the-life-of-vincent-de-paul-abelly-book-ii-chapter-xiii-section-v\/"},"author":{"name":"Francisco Javier Fern\u00e1ndez Chento","@id":"https:\/\/vincentians.com\/en\/#\/schema\/person\/9623ef4d9aa3b2dfb8c061f1499288f2"},"headline":"The Life of Vincent de Paul (Abelly): Book II, Chapter XIII, Section V","datePublished":"2016-11-03T05:00:35+00:00","mainEntityOfPage":{"@id":"http:\/\/vincentians.com\/en\/the-life-of-vincent-de-paul-abelly-book-ii-chapter-xiii-section-v\/"},"wordCount":720,"commentCount":0,"publisher":{"@id":"https:\/\/vincentians.com\/en\/#organization"},"image":{"@id":"http:\/\/vincentians.com\/en\/the-life-of-vincent-de-paul-abelly-book-ii-chapter-xiii-section-v\/#primaryimage"},"thumbnailUrl":"https:\/\/i0.wp.com\/vincentians.com\/en\/wp-content\/uploads\/sites\/2\/2016\/07\/abelly-feat.jpg?fit=1200%2C630","articleSection":["Vincent de Paul"],"inLanguage":"en-US","potentialAction":[{"@type":"CommentAction","name":"Comment","target":["http:\/\/vincentians.com\/en\/the-life-of-vincent-de-paul-abelly-book-ii-chapter-xiii-section-v\/#respond"]}]},{"@type":"WebPage","@id":"http:\/\/vincentians.com\/en\/the-life-of-vincent-de-paul-abelly-book-ii-chapter-xiii-section-v\/","url":"http:\/\/vincentians.com\/en\/the-life-of-vincent-de-paul-abelly-book-ii-chapter-xiii-section-v\/","name":"The Life of Vincent de Paul (Abelly): Book II, Chapter XIII, Section V - We are Vincentians","isPartOf":{"@id":"https:\/\/vincentians.com\/en\/#website"},"primaryImageOfPage":{"@id":"http:\/\/vincentians.com\/en\/the-life-of-vincent-de-paul-abelly-book-ii-chapter-xiii-section-v\/#primaryimage"},"image":{"@id":"http:\/\/vincentians.com\/en\/the-life-of-vincent-de-paul-abelly-book-ii-chapter-xiii-section-v\/#primaryimage"},"thumbnailUrl":"https:\/\/i0.wp.com\/vincentians.com\/en\/wp-content\/uploads\/sites\/2\/2016\/07\/abelly-feat.jpg?fit=1200%2C630","datePublished":"2016-11-03T05:00:35+00:00","breadcrumb":{"@id":"http:\/\/vincentians.com\/en\/the-life-of-vincent-de-paul-abelly-book-ii-chapter-xiii-section-v\/#breadcrumb"},"inLanguage":"en-US","potentialAction":[{"@type":"ReadAction","target":["http:\/\/vincentians.com\/en\/the-life-of-vincent-de-paul-abelly-book-ii-chapter-xiii-section-v\/"]}]},{"@type":"ImageObject","inLanguage":"en-US","@id":"http:\/\/vincentians.com\/en\/the-life-of-vincent-de-paul-abelly-book-ii-chapter-xiii-section-v\/#primaryimage","url":"https:\/\/i0.wp.com\/vincentians.com\/en\/wp-content\/uploads\/sites\/2\/2016\/07\/abelly-feat.jpg?fit=1200%2C630","contentUrl":"https:\/\/i0.wp.com\/vincentians.com\/en\/wp-content\/uploads\/sites\/2\/2016\/07\/abelly-feat.jpg?fit=1200%2C630","width":1200,"height":630},{"@type":"BreadcrumbList","@id":"http:\/\/vincentians.com\/en\/the-life-of-vincent-de-paul-abelly-book-ii-chapter-xiii-section-v\/#breadcrumb","itemListElement":[{"@type":"ListItem","position":1,"name":"Portada","item":"https:\/\/vincentians.com\/en\/"},{"@type":"ListItem","position":2,"name":"The Life of Vincent de Paul (Abelly): Book II, Chapter XIII, Section V"}]},{"@type":"WebSite","@id":"https:\/\/vincentians.com\/en\/#website","url":"https:\/\/vincentians.com\/en\/","name":"We are Vincentians","description":"Know more to serve more","publisher":{"@id":"https:\/\/vincentians.com\/en\/#organization"},"potentialAction":[{"@type":"SearchAction","target":{"@type":"EntryPoint","urlTemplate":"https:\/\/vincentians.com\/en\/?s={search_term_string}"},"query-input":{"@type":"PropertyValueSpecification","valueRequired":true,"valueName":"search_term_string"}}],"inLanguage":"en-US"},{"@type":"Organization","@id":"https:\/\/vincentians.com\/en\/#organization","name":"The Vincentian Network","url":"https:\/\/vincentians.com\/en\/","logo":{"@type":"ImageObject","inLanguage":"en-US","@id":"https:\/\/vincentians.com\/en\/#\/schema\/logo\/image\/","url":"https:\/\/i1.wp.com\/vincentians.com\/en\/wp-content\/uploads\/sites\/2\/2016\/06\/Vincentian-Network-logo-big.png?fit=778%2C778&ssl=1","contentUrl":"https:\/\/i1.wp.com\/vincentians.com\/en\/wp-content\/uploads\/sites\/2\/2016\/06\/Vincentian-Network-logo-big.png?fit=778%2C778&ssl=1","width":778,"height":778,"caption":"The Vincentian Network"},"image":{"@id":"https:\/\/vincentians.com\/en\/#\/schema\/logo\/image\/"},"sameAs":["https:\/\/www.facebook.com\/WeAreVincentians\/","https:\/\/x.com\/WeVincentians"]},{"@type":"Person","@id":"https:\/\/vincentians.com\/en\/#\/schema\/person\/9623ef4d9aa3b2dfb8c061f1499288f2","name":"Francisco Javier Fern\u00e1ndez Chento","image":{"@type":"ImageObject","inLanguage":"en-US","@id":"https:\/\/vincentians.com\/en\/#\/schema\/person\/image\/","url":"https:\/\/secure.gravatar.com\/avatar\/497d5cde87b4c3d097d0315953521681ba2cd523ee66e5077c3711f7021e65de?s=96&d=mm&r=g","contentUrl":"https:\/\/secure.gravatar.com\/avatar\/497d5cde87b4c3d097d0315953521681ba2cd523ee66e5077c3711f7021e65de?s=96&d=mm&r=g","caption":"Francisco Javier Fern\u00e1ndez Chento"},"description":"Director General y cofundador de La Red de Formaci\u00f3n Vicenciana. Javier es laico vicenciano, afiliado a la Congregaci\u00f3n de la Misi\u00f3n y miembro del Equipo de Misiones Populares de la provincia can\u00f3nica de Zaragoza (Espa\u00f1a) de la Congregaci\u00f3n de la Misi\u00f3n. Graduado en la Universidad Oberta de Catalunya con cuatro grados (Asistente de direcci\u00f3n, Gesti\u00f3n Administrativa, Recursos Humanos y Contabilidad Avanzada). Bil\u00edng\u00fce Espa\u00f1ol\/Ingl\u00e9s. gestiona y mantiene varias p\u00e1ginas web cristianas y vicencianas, incluida including La Red de Formaci\u00f3n Vicenciana, de la que es cofundador. Actualmente es responsable del \u00e1rea de Espa\u00f1ol de .famvin, la Red de Noticias de la Familia Vicenciana. Tambi\u00e9n es m\u00fasico cat\u00f3lico y ha editado varios discos. Es Director General y cofundador de Trovador, una reconocida compa\u00f1\u00eda discogr\u00e1fica critiana de Espa\u00f1a. Trabaja en las Tecnolog\u00edas de la Informaci\u00f3n, ofreciendo servicios de alojamiento, dise\u00f1o y mantenimiento Web, as\u00ed como asesoramiento, formaci\u00f3n y soluciones inform\u00e1ticas, gesti\u00f3n documental y digitalizaci\u00f3n de textos, edici\u00f3n y maquetaci\u00f3n de libros, revistas, flyers, etc.","sameAs":["http:\/\/chento.org","https:\/\/www.facebook.com\/JavierChento","https:\/\/x.com\/https:\/\/twitter.com\/javierchento"],"url":"http:\/\/vincentians.com\/en\/author\/chento\/"}]}},"jetpack_publicize_connections":[],"jetpack_featured_media_url":"https:\/\/i0.wp.com\/vincentians.com\/en\/wp-content\/uploads\/sites\/2\/2016\/07\/abelly-feat.jpg?fit=1200%2C630","jetpack_sharing_enabled":true,"jetpack_shortlink":"https:\/\/wp.me\/p7K2Ow-s6M","jetpack-related-posts":[{"id":107382,"url":"http:\/\/vincentians.com\/en\/the-life-of-vincent-de-paul-abelly-book-ii-chapter-ii-section-v\/","url_meta":{"origin":108052,"position":0},"title":"The Life of Vincent de Paul (Abelly): Book II, Chapter II, Section V","author":"Francisco Javier Fern\u00e1ndez Chento","date":"October 9, 2016","format":false,"excerpt":"SECTION FIVE: Some Examples of the Blessings Brought About in France by the Ordination Retreats The first testimony we will cite is Monsieur Vincent himself. In 1633 he wrote a letter to a priest of the Congregation who was in Rome, in which he spoke from the depths of his\u2026","rel":"","context":"In &quot;Vincent de Paul&quot;","block_context":{"text":"Vincent de Paul","link":"http:\/\/vincentians.com\/en\/category\/the-vincentian-family\/founders\/vincent-de-paul\/"},"img":{"alt_text":"","src":"https:\/\/i0.wp.com\/vincentians.com\/en\/wp-content\/uploads\/sites\/2\/2016\/07\/abelly-feat.jpg?fit=1200%2C630&resize=350%2C200","width":350,"height":200,"srcset":"https:\/\/i0.wp.com\/vincentians.com\/en\/wp-content\/uploads\/sites\/2\/2016\/07\/abelly-feat.jpg?fit=1200%2C630&resize=350%2C200 1x, https:\/\/i0.wp.com\/vincentians.com\/en\/wp-content\/uploads\/sites\/2\/2016\/07\/abelly-feat.jpg?fit=1200%2C630&resize=525%2C300 1.5x, https:\/\/i0.wp.com\/vincentians.com\/en\/wp-content\/uploads\/sites\/2\/2016\/07\/abelly-feat.jpg?fit=1200%2C630&resize=700%2C400 2x, https:\/\/i0.wp.com\/vincentians.com\/en\/wp-content\/uploads\/sites\/2\/2016\/07\/abelly-feat.jpg?fit=1200%2C630&resize=1050%2C600 3x"},"classes":[]},{"id":105309,"url":"http:\/\/vincentians.com\/en\/the-life-of-vincent-de-paul-abelly-book-i-chapter-xxxi-bis\/","url_meta":{"origin":108052,"position":1},"title":"The Life of Vincent de Paul (Abelly): Book I, Chapter XXXI bis","author":"Francisco Javier Fern\u00e1ndez Chento","date":"August 3, 2016","format":false,"excerpt":"Note: This chapter was intended for inclusion by Abelly, but was published only in 1841 after it was recovered from the Sulpician archives. Monsieur Vincent's Collaboration with Father Olier in Various Pious Works Great servants of God, animated by the same spirit, should be fittingly associated with each other and\u2026","rel":"","context":"In &quot;Vincent de Paul&quot;","block_context":{"text":"Vincent de Paul","link":"http:\/\/vincentians.com\/en\/category\/the-vincentian-family\/founders\/vincent-de-paul\/"},"img":{"alt_text":"","src":"https:\/\/i0.wp.com\/vincentians.com\/en\/wp-content\/uploads\/sites\/2\/2016\/07\/abelly-feat.jpg?fit=1200%2C630&resize=350%2C200","width":350,"height":200,"srcset":"https:\/\/i0.wp.com\/vincentians.com\/en\/wp-content\/uploads\/sites\/2\/2016\/07\/abelly-feat.jpg?fit=1200%2C630&resize=350%2C200 1x, https:\/\/i0.wp.com\/vincentians.com\/en\/wp-content\/uploads\/sites\/2\/2016\/07\/abelly-feat.jpg?fit=1200%2C630&resize=525%2C300 1.5x, https:\/\/i0.wp.com\/vincentians.com\/en\/wp-content\/uploads\/sites\/2\/2016\/07\/abelly-feat.jpg?fit=1200%2C630&resize=700%2C400 2x, https:\/\/i0.wp.com\/vincentians.com\/en\/wp-content\/uploads\/sites\/2\/2016\/07\/abelly-feat.jpg?fit=1200%2C630&resize=1050%2C600 3x"},"classes":[]},{"id":107397,"url":"http:\/\/vincentians.com\/en\/the-life-of-vincent-de-paul-abelly-book-ii-chapter-iii-section-ii\/","url_meta":{"origin":108052,"position":2},"title":"The Life of Vincent de Paul (Abelly): Book II, Chapter III, Section II","author":"Francisco Javier Fern\u00e1ndez Chento","date":"October 12, 2016","format":false,"excerpt":"SECTION TWO: The Progress of This Company, and the Successes It Enjoyed This Company, begun so well under the wise guidance of Monsieur Vincent, continued to enjoy new blessings, which God conferred upon it through the hands of his faithful servant. Among the first fruits was the growth of the\u2026","rel":"","context":"In &quot;Vincent de Paul&quot;","block_context":{"text":"Vincent de Paul","link":"http:\/\/vincentians.com\/en\/category\/the-vincentian-family\/founders\/vincent-de-paul\/"},"img":{"alt_text":"","src":"https:\/\/i0.wp.com\/vincentians.com\/en\/wp-content\/uploads\/sites\/2\/2016\/07\/abelly-feat.jpg?fit=1200%2C630&resize=350%2C200","width":350,"height":200,"srcset":"https:\/\/i0.wp.com\/vincentians.com\/en\/wp-content\/uploads\/sites\/2\/2016\/07\/abelly-feat.jpg?fit=1200%2C630&resize=350%2C200 1x, https:\/\/i0.wp.com\/vincentians.com\/en\/wp-content\/uploads\/sites\/2\/2016\/07\/abelly-feat.jpg?fit=1200%2C630&resize=525%2C300 1.5x, https:\/\/i0.wp.com\/vincentians.com\/en\/wp-content\/uploads\/sites\/2\/2016\/07\/abelly-feat.jpg?fit=1200%2C630&resize=700%2C400 2x, https:\/\/i0.wp.com\/vincentians.com\/en\/wp-content\/uploads\/sites\/2\/2016\/07\/abelly-feat.jpg?fit=1200%2C630&resize=1050%2C600 3x"},"classes":[]},{"id":104181,"url":"http:\/\/vincentians.com\/en\/the-life-of-vincent-de-paul-abelly-book-i-chapter-v\/","url_meta":{"origin":108052,"position":3},"title":"The Life of Vincent de Paul (Abelly): Book I, Chapter V","author":"Francisco Javier Fern\u00e1ndez Chento","date":"July 7, 2016","format":false,"excerpt":"Monsieur Vincent's Return to France; His First Stay in Paris Monsieur Vincent stayed in Rome until the end of 1608 at the kindness of the vice-legate, who gave him board and lodging. He wrote thirty years later to one of the priests of the Congregation in Rome: \"I was pleased\u2026","rel":"","context":"In &quot;Vincent de Paul&quot;","block_context":{"text":"Vincent de Paul","link":"http:\/\/vincentians.com\/en\/category\/the-vincentian-family\/founders\/vincent-de-paul\/"},"img":{"alt_text":"","src":"https:\/\/i0.wp.com\/vincentians.com\/en\/wp-content\/uploads\/sites\/2\/2016\/07\/abelly-feat.jpg?fit=1200%2C630&resize=350%2C200","width":350,"height":200,"srcset":"https:\/\/i0.wp.com\/vincentians.com\/en\/wp-content\/uploads\/sites\/2\/2016\/07\/abelly-feat.jpg?fit=1200%2C630&resize=350%2C200 1x, https:\/\/i0.wp.com\/vincentians.com\/en\/wp-content\/uploads\/sites\/2\/2016\/07\/abelly-feat.jpg?fit=1200%2C630&resize=525%2C300 1.5x, https:\/\/i0.wp.com\/vincentians.com\/en\/wp-content\/uploads\/sites\/2\/2016\/07\/abelly-feat.jpg?fit=1200%2C630&resize=700%2C400 2x, https:\/\/i0.wp.com\/vincentians.com\/en\/wp-content\/uploads\/sites\/2\/2016\/07\/abelly-feat.jpg?fit=1200%2C630&resize=1050%2C600 3x"},"classes":[]},{"id":108057,"url":"http:\/\/vincentians.com\/en\/the-life-of-vincent-de-paul-abelly-book-ii-chapter-xiii-section-ix\/","url_meta":{"origin":108052,"position":4},"title":"The Life of Vincent de Paul (Abelly): Book II, Chapter XIII, Section IX","author":"Francisco Javier Fern\u00e1ndez Chento","date":"November 7, 2016","format":false,"excerpt":"SECTION NINE: Various Other Activities of Monsieur Vincent While on the Council of the King The zeal of Monsieur Vincent for everything concerning the service and honor of God made him attentive to those occasions when he might further this service or prevent anything that might oppose it. He used\u2026","rel":"","context":"In &quot;Vincent de Paul&quot;","block_context":{"text":"Vincent de Paul","link":"http:\/\/vincentians.com\/en\/category\/the-vincentian-family\/founders\/vincent-de-paul\/"},"img":{"alt_text":"","src":"https:\/\/i0.wp.com\/vincentians.com\/en\/wp-content\/uploads\/sites\/2\/2016\/07\/abelly-feat.jpg?fit=1200%2C630&resize=350%2C200","width":350,"height":200,"srcset":"https:\/\/i0.wp.com\/vincentians.com\/en\/wp-content\/uploads\/sites\/2\/2016\/07\/abelly-feat.jpg?fit=1200%2C630&resize=350%2C200 1x, https:\/\/i0.wp.com\/vincentians.com\/en\/wp-content\/uploads\/sites\/2\/2016\/07\/abelly-feat.jpg?fit=1200%2C630&resize=525%2C300 1.5x, https:\/\/i0.wp.com\/vincentians.com\/en\/wp-content\/uploads\/sites\/2\/2016\/07\/abelly-feat.jpg?fit=1200%2C630&resize=700%2C400 2x, https:\/\/i0.wp.com\/vincentians.com\/en\/wp-content\/uploads\/sites\/2\/2016\/07\/abelly-feat.jpg?fit=1200%2C630&resize=1050%2C600 3x"},"classes":[]},{"id":105285,"url":"http:\/\/vincentians.com\/en\/the-life-of-vincent-de-paul-abelly-book-i-chapter-xxvii\/","url_meta":{"origin":108052,"position":5},"title":"The Life of Vincent de Paul (Abelly): Book I, Chapter XXVII","author":"Francisco Javier Fern\u00e1ndez Chento","date":"July 29, 2016","format":false,"excerpt":"Spiritual Conferences for Clergy Spiritual conferences have ever been in vogue in the Church, especially for those who want to progress in virtue. The fathers of the desert regarded them as an excellent means for mutual encouragement as they walked the narrow path of evangelical perfection. Entire volumes have been\u2026","rel":"","context":"In &quot;Vincent de Paul&quot;","block_context":{"text":"Vincent de Paul","link":"http:\/\/vincentians.com\/en\/category\/the-vincentian-family\/founders\/vincent-de-paul\/"},"img":{"alt_text":"","src":"https:\/\/i0.wp.com\/vincentians.com\/en\/wp-content\/uploads\/sites\/2\/2016\/07\/abelly-feat.jpg?fit=1200%2C630&resize=350%2C200","width":350,"height":200,"srcset":"https:\/\/i0.wp.com\/vincentians.com\/en\/wp-content\/uploads\/sites\/2\/2016\/07\/abelly-feat.jpg?fit=1200%2C630&resize=350%2C200 1x, https:\/\/i0.wp.com\/vincentians.com\/en\/wp-content\/uploads\/sites\/2\/2016\/07\/abelly-feat.jpg?fit=1200%2C630&resize=525%2C300 1.5x, https:\/\/i0.wp.com\/vincentians.com\/en\/wp-content\/uploads\/sites\/2\/2016\/07\/abelly-feat.jpg?fit=1200%2C630&resize=700%2C400 2x, https:\/\/i0.wp.com\/vincentians.com\/en\/wp-content\/uploads\/sites\/2\/2016\/07\/abelly-feat.jpg?fit=1200%2C630&resize=1050%2C600 3x"},"classes":[]}],"_links":{"self":[{"href":"http:\/\/vincentians.com\/en\/wp-json\/wp\/v2\/posts\/108052","targetHints":{"allow":["GET"]}}],"collection":[{"href":"http:\/\/vincentians.com\/en\/wp-json\/wp\/v2\/posts"}],"about":[{"href":"http:\/\/vincentians.com\/en\/wp-json\/wp\/v2\/types\/post"}],"author":[{"embeddable":true,"href":"http:\/\/vincentians.com\/en\/wp-json\/wp\/v2\/users\/4"}],"replies":[{"embeddable":true,"href":"http:\/\/vincentians.com\/en\/wp-json\/wp\/v2\/comments?post=108052"}],"version-history":[{"count":0,"href":"http:\/\/vincentians.com\/en\/wp-json\/wp\/v2\/posts\/108052\/revisions"}],"wp:featuredmedia":[{"embeddable":true,"href":"http:\/\/vincentians.com\/en\/wp-json\/wp\/v2\/media\/149583"}],"wp:attachment":[{"href":"http:\/\/vincentians.com\/en\/wp-json\/wp\/v2\/media?parent=108052"}],"wp:term":[{"taxonomy":"category","embeddable":true,"href":"http:\/\/vincentians.com\/en\/wp-json\/wp\/v2\/categories?post=108052"},{"taxonomy":"post_tag","embeddable":true,"href":"http:\/\/vincentians.com\/en\/wp-json\/wp\/v2\/tags?post=108052"}],"curies":[{"name":"wp","href":"https:\/\/api.w.org\/{rel}","templated":true}]}}