{"id":108041,"date":"2016-10-27T06:00:35","date_gmt":"2016-10-27T04:00:35","guid":{"rendered":"http:\/\/vincentians.com\/?p=108041"},"modified":"2016-07-13T18:47:58","modified_gmt":"2016-07-13T16:47:58","slug":"the-life-of-vincent-de-paul-abelly-book-ii-chapter-xi-section-ii","status":"publish","type":"post","link":"http:\/\/vincentians.com\/en\/the-life-of-vincent-de-paul-abelly-book-ii-chapter-xi-section-ii\/","title":{"rendered":"The Life of Vincent de Paul (Abelly): Book II, Chapter XI, Section II"},"content":{"rendered":"<h2>SECTION TWO: Help Given to the Provinces of Picardy and Champagne<\/h2>\n<p>In 1650, by a secret judgment of God, the scourge of war which for many years had afflicted the greater part of Europe began to be felt in France. It continued to do so until the concluding of a general peace in 1660.<span id='easy-footnote-1-108041' class='easy-footnote-margin-adjust'><\/span><span class='easy-footnote'><a href='http:\/\/vincentians.com\/en\/the-life-of-vincent-de-paul-abelly-book-ii-chapter-xi-section-ii\/#easy-footnote-bottom-1-108041' title='The Peace of the Pyrenees, signed November 7, 1659.'><sup>1<\/sup><\/a><\/span> Among all the provinces of the country, Picardy and Champagne were most exposed to the storm. They endured its violence longer, particularly after the enemies of the state besieged the city of Guise, and the king&#8217;s army advanced to its relief. The two armies confronting each other at the frontiers caused extreme desolation. When they withdrew they left in their wake many soldiers weakened by hunger, and suffering from many illnesses. Many wandered in search of food, but others fell by the roads from sheer weakness, dying miserably, deprived of the sacraments and all human consolation.<\/p>\n<p>Some witnesses to this sorry spectacle brought the news to Paris. Everyone rejoiced there at the retreat of the enemy, but few troubled themselves about the poor abandoned soldiers who died so miserably, deprived of all help.<\/p>\n<p>Monsieur Vincent, so sensitive to the sufferings of the neighbor, was touched to learn the pitiable state to which these poor people were reduced. He spoke to Madame de Herse, much given to works of charity, and immediately sent two of his priests with a horse loaded down with provisions. They carried around five hundred <i>livres<\/i> in cash in the hope of saving those dying from hunger or readying those beyond hope for a happy death. Once the missionaries arrived on the scene they found such a great number of these poor people dying along the hedgerows and the roads that they quickly exhausted the provisions they had brought. They had to go to the nearest villages to purchase more, but were astonished to find the same conditions prevailing in the villages as in the countryside. They quickly wrote to Monsieur Vincent to alert him to the desolation of the entire province, and that the help they had brought was completely inadequate in the face of such pressing needs. The armies had gathered in all the crops, and had left the people with scarcely the shirt on their backs. Most of the country people had left their homes to seek some means of livelihood in the towns, but no one gave them any help, for even the merchant class lacked bread. They gradually weakened, and many died terrible deaths. Once Monsieur Vincent received these letters, he alerted the Ladies of Charity of Paris, and arranged with them to send other missionaries, with greater alms than before.<\/p>\n<p>To understand better the magnitude of these works of mercy we must realize the extreme misery of the people in these two provinces during the ten years or so when the armies from one side or the other pillaged and ravaged, spreading desolation everywhere. We can see this better by citing the letters these same missionaries wrote to Monsieur Vincent from various places, telling him of what they had seen with their own eyes, to provide an outlet for his great charity. This is what they wrote, from Guise, Laon, and La Fere:<\/p>\n<p style=\"padding-left: 30px;\">It is a great pity to see such a vast multitude of sick everywhere we turn. Many suffered from dysentery and fever. Others are covered with sores or a purple rash, or with tumors and boils. Many are swollen, either in the head, the belly, or the entire body. These troubles come from eating only the roots of plants during most of the year, or spoiled fruit, or some bread made from barley husks, scarcely fit for dogs. We hear nothing but pitiable cries for something to eat. Sick as they are they travel in the rain and by wretched roads two or three leagues distant to have a bit of soup. Many live in the villages deprived of confession and the sacraments. They do not even have anyone to see to their burial. This is so true that not three days ago, in the village of Lesquielle, near Landrecies, where we had gone to visit the sick, we found a dead man. His body was half eaten by wild animals who had entered the house. Is it not a strange desolation to see Christians so neglected in life, and even after their death?<span id='easy-footnote-2-108041' class='easy-footnote-margin-adjust'><\/span><span class='easy-footnote'><a href='http:\/\/vincentians.com\/en\/the-life-of-vincent-de-paul-abelly-book-ii-chapter-xi-section-ii\/#easy-footnote-bottom-2-108041' title='&lt;i&gt;CED&lt;\/i&gt; IV:97.'><sup>2<\/sup><\/a><\/span>\n<p>They wrote in another letter:<\/p>\n<p style=\"padding-left: 30px;\">We have just finished visiting thirty-five villages near Guise. We found there nearly six hundred people whose misery is so great they throw themselves upon dead dogs and horses, after the wolves have satisfied their hunger. In the city of Guise alone are more than five hundred sick living in cellars or caves, more suited to house animals than men.<span id='easy-footnote-3-108041' class='easy-footnote-margin-adjust'><\/span><span class='easy-footnote'><a href='http:\/\/vincentians.com\/en\/the-life-of-vincent-de-paul-abelly-book-ii-chapter-xi-section-ii\/#easy-footnote-bottom-3-108041' title='&lt;i&gt;CED&lt;\/i&gt; IV:136. Abelly joined the following several letters into one.'><sup>3<\/sup><\/a><\/span>\n<p style=\"padding-left: 30px;\">Many poor people in Thierache for many weeks have not had bread to eat, not even the bread made from the husks of barley which is reserved for the better-off. They eat only lizards, frogs, and wild grasses.<span id='easy-footnote-4-108041' class='easy-footnote-margin-adjust'><\/span><span class='easy-footnote'><a href='http:\/\/vincentians.com\/en\/the-life-of-vincent-de-paul-abelly-book-ii-chapter-xi-section-ii\/#easy-footnote-bottom-4-108041' title='&lt;i&gt;CED&lt;\/i&gt; IV:214-15.'><sup>4<\/sup><\/a><\/span>\n<p style=\"padding-left: 30px;\">In several ruined towns, the leading inhabitants are in a shameful necessity, their pallid faces showing how great their need is. They must be helped privately, like the nobility in the countryside. Seeing themselves without bread and lying upon straw, these people suffer the shame of not being able to beg for what is needed to live. And besides, from whom can they ask help, since the war has spread its misery everywhere?<\/p>\n<p style=\"padding-left: 30px;\">What is even more lamentable is that these people on the frontiers not only lack food, wood, clothes, and blankets, but lack a shepherd and any spiritual comfort. Most of their pastors are either dead or sick, and the churches are ruined and sacked. In the diocese of Laon alone are a hundred or so churches where mass cannot be celebrated, since they are so ruined. We do what we can, but the task is endless. We must come and go without stopping, always at risk from the hunters, to help the more than thirteen hundred sick we have under our care in this single district.<\/p>\n<p style=\"padding-left: 30px;\">Several convents live in great poverty, and the nuns suffer from hunger and the cold. Their choice is to die in their cloister, or to break it to seek enough to sustain life.<span id='easy-footnote-5-108041' class='easy-footnote-margin-adjust'><\/span><span class='easy-footnote'><a href='http:\/\/vincentians.com\/en\/the-life-of-vincent-de-paul-abelly-book-ii-chapter-xi-section-ii\/#easy-footnote-bottom-5-108041' title='&lt;i&gt;CED&lt;\/i&gt; IV:107.'><sup>5<\/sup><\/a><\/span>\n<p>Writing from the diocese of Soissons, the priest there said:<\/p>\n<p style=\"padding-left: 30px;\">We have visited the poor of the town, and the other villages of the valley, where the affliction we have seen surpasses anything you have been told. To begin with the churches: they have been profaned, the blessed sacrament trampled under foot, the chalices and ciboria carried off, the baptismal fonts broken, the furnishings stolen. In this small region are more than thirty-five churches where it is impossible to say mass.<\/p>\n<p style=\"padding-left: 30px;\">Most of the local people died in the woods while the enemy took over their houses. Others returned to die under their own roofs. We see only the sick wherever we go. More than twelve hundred, besides the six hundred enfeebled ones, live in the thirty ruined villages in the area. They sleep on the ground, or in houses half destroyed and open to the sky, without any help. We find them living with the dead, and small children at the side of their dead mothers.<span id='easy-footnote-6-108041' class='easy-footnote-margin-adjust'><\/span><span class='easy-footnote'><a href='http:\/\/vincentians.com\/en\/the-life-of-vincent-de-paul-abelly-book-ii-chapter-xi-section-ii\/#easy-footnote-bottom-6-108041' title='&lt;i&gt;CED&lt;\/i&gt; IV:106.'><sup>6<\/sup><\/a><\/span>\n<p>Those from Saint Quentin wrote as follows:<\/p>\n<p style=\"padding-left: 30px;\">How can we help the seven or eight thousand starving poor, the twelve hundred refugees, the three hundred and fifty sick who should be fed with soup and meat, the three hundred families of the city or country too ashamed to beg, the young women on the verge of selling themselves, or to prevent what happened the other day to a young man about to kill himself, and who would have done so if someone had not prevented him, the fifty priests whom we should help feed before all the others? Just the other day one was found dead in his bed. He preferred to die rather than ask for himself what he needed to stay alive.<span id='easy-footnote-7-108041' class='easy-footnote-margin-adjust'><\/span><span class='easy-footnote'><a href='http:\/\/vincentians.com\/en\/the-life-of-vincent-de-paul-abelly-book-ii-chapter-xi-section-ii\/#easy-footnote-bottom-7-108041' title='&lt;i&gt;CED&lt;\/i&gt; IV:106-07.'><sup>7<\/sup><\/a><\/span>\n<p style=\"padding-left: 30px;\">The suffering of the poor cannot be expressed. If the cruelty of the soldiers drove them into the woods, hunger brought them back, and they have now taken refuge here. There are nearly four hundred sick, and the town cannot help, forcing many to leave, only to die along the roads. Those who stayed are in such rags they rise from their rotting straw only to seek us out.<span id='easy-footnote-8-108041' class='easy-footnote-margin-adjust'><\/span><span class='easy-footnote'><a href='http:\/\/vincentians.com\/en\/the-life-of-vincent-de-paul-abelly-book-ii-chapter-xi-section-ii\/#easy-footnote-bottom-8-108041' title='&lt;i&gt;CED&lt;\/i&gt; IV:257.'><sup>8<\/sup><\/a><\/span>\n<p style=\"padding-left: 30px;\">The famine is so great we have seen men eating the soil, grazing on grass, chewing on the bark of trees, tearing the rags covering their bodies to swallow them. What we could not dare say, if we had not seen it with our very eyes, horrible as it is, they eat their own hands and arms, and die in their despair. We have three thousand poor refugees, five hundred sick, not to mention the poor nobility and the poor of the city too ashamed to beg, whose number increases every day.<span id='easy-footnote-9-108041' class='easy-footnote-margin-adjust'><\/span><span class='easy-footnote'><a href='http:\/\/vincentians.com\/en\/the-life-of-vincent-de-paul-abelly-book-ii-chapter-xi-section-ii\/#easy-footnote-bottom-9-108041' title='&lt;i&gt;CED&lt;\/i&gt; IV:300.'><sup>9<\/sup><\/a><\/span>\n<p>The missionaries sent to the region around Reims and Rethel wrote as follows:<\/p>\n<p style=\"padding-left: 30px;\">No words could tell nor ears believe what we have seen since we first came here. Churches are profaned, with what is most sacred and most adorable not spared. The fixtures have been stolen, the priests either killed, tortured, or put to flight. All the houses are destroyed, the harvest carried away, the fields lying idle, with neither tillers or sowers. Famine and death are everywhere. The dead are not buried, left for the wolves to devour. The remaining poor are reduced to searching the fields for bits of wheat or oats which serve to make a kind of bread that is almost like dirt, so unhealthy nearly everyone is sick. They take shelter in caves or in huts where they sleep on the bare ground, without coverings unless they happen to have a sheepskin. Their faces are black and disfigured, and yet their patience is admirable. Entire districts are deserted, since those who have escaped death have themselves left to seek food. Only the sick remain, or orphans, or poor widows in charge of little children. They are all exposed to the rigors of hunger, cold, and all sorts of difficulties and misery.<span id='easy-footnote-10-108041' class='easy-footnote-margin-adjust'><\/span><span class='easy-footnote'><a href='http:\/\/vincentians.com\/en\/the-life-of-vincent-de-paul-abelly-book-ii-chapter-xi-section-ii\/#easy-footnote-bottom-10-108041' title='&lt;i&gt;CED&lt;\/i&gt; IV:144-45.'><sup>10<\/sup><\/a><\/span>\n<p>This, then, was the state to which the people of these two great provinces had been reduced, especially the four or five dioceses closest to the frontiers. This happened for nearly ten years, from 1650 until the publication of the general peace treaty in 1660. This great desolation was not the same everywhere, nor at the same time, except at the beginning. During the remainder of the time, however, these conditions prevailed in one or another part of Picardy and Champagne.<\/p>\n<p>From the beginning Monsieur Vincent sent ten or twelve missionaries to travel everywhere and attempt to save the lives of thousands of persons reduced to the last extremity. They divided the territory among themselves, some in the diocese of Noyon, others in Laon, or Reims, or Soissons. Each one took responsibility to serve the needs of their particular district. They set up centers for the daily distribution of soup and bread, food, jams, medicines, clothes, linens, shoes, tools, seed, church furnishings, money, and so on.<\/p>\n<p>The Daughters of Charity were also sent to several places, especially to look after the sick poor. Since their alms and distributions were needed so widely, the expenses during the first years mounted to ten, twelve, or even sixteen thousand <i>livres<\/i> a month. The price of commodities was so high and the misery so extreme and widespread that, without this help, nearly all these poor people would surely have perished.<\/p>\n<p>Since spiritual help is no less important for souls, the missionaries devoted themselves with great care and almost indefatigable zeal to the poor. Since they could not be everywhere at once, they had the aid of some other priests who helped out in those parishes with no pastor.<\/p>\n<p>Besides the missionaries employed in the various dioceses, Monsieur Vincent sent a qualified priest to oversee the entire enterprise.<span id='easy-footnote-11-108041' class='easy-footnote-margin-adjust'><\/span><span class='easy-footnote'><a href='http:\/\/vincentians.com\/en\/the-life-of-vincent-de-paul-abelly-book-ii-chapter-xi-section-ii\/#easy-footnote-bottom-11-108041' title='Rene Almeras.'><sup>11<\/sup><\/a><\/span> He traveled everywhere to see the actual needs of the poor, and those places which needed help most desperately. He selected persons of piety and charity in the various towns and villages where the missionaries could not remain, to take charge of the distribution of food and other alms to the poor. This supervisor regulated the flow of aid, increasing or decreasing it according to circumstances as the number of poor and sick increased or diminished in each place. He reported all this faithfully to Monsieur Vincent by letter.<span id='easy-footnote-12-108041' class='easy-footnote-margin-adjust'><\/span><span class='easy-footnote'><a href='http:\/\/vincentians.com\/en\/the-life-of-vincent-de-paul-abelly-book-ii-chapter-xi-section-ii\/#easy-footnote-bottom-12-108041' title='See &lt;i&gt;CED&lt;\/i&gt; V:72, 92, 94, 103, 115, 119.'><sup>12<\/sup><\/a><\/span> He in turn kept the Ladies of Charity of Paris informed. These ladies met each week with him, to advise and agree on what could be done to further this holy enterprise.<\/p>\n","protected":false},"excerpt":{"rendered":"<p>SECTION TWO: Help Given to the Provinces of Picardy and Champagne In 1650, by a secret judgment of God, the scourge of war which for many years had afflicted the greater part of Europe began &#8230; <a href=\"http:\/\/vincentians.com\/en\/the-life-of-vincent-de-paul-abelly-book-ii-chapter-xi-section-ii\/\" class=\"more-link\">Read More<\/a><\/p>\n","protected":false},"author":4,"featured_media":149583,"comment_status":"open","ping_status":"open","sticky":false,"template":"","format":"standard","meta":{"jetpack_post_was_ever_published":false,"_jetpack_newsletter_access":"","_jetpack_dont_email_post_to_subs":false,"_jetpack_newsletter_tier_id":0,"_jetpack_memberships_contains_paywalled_content":false,"_jetpack_memberships_contains_paid_content":false,"footnotes":"","jetpack_publicize_message":"","jetpack_publicize_feature_enabled":true,"jetpack_social_post_already_shared":true,"jetpack_social_options":{"image_generator_settings":{"template":"highway","default_image_id":0,"font":"","enabled":false},"version":2}},"categories":[5],"tags":[],"class_list":["post-108041","post","type-post","status-publish","format-standard","has-post-thumbnail","hentry","category-vincent-de-paul"],"yoast_head":"<!-- This site is optimized with the Yoast SEO plugin v26.3 - https:\/\/yoast.com\/wordpress\/plugins\/seo\/ -->\n<title>The Life of Vincent de Paul (Abelly): Book II, Chapter XI, Section II - We are Vincentians<\/title>\n<meta name=\"robots\" content=\"index, follow, max-snippet:-1, max-image-preview:large, max-video-preview:-1\" \/>\n<link rel=\"canonical\" href=\"http:\/\/vincentians.com\/en\/the-life-of-vincent-de-paul-abelly-book-ii-chapter-xi-section-ii\/\" \/>\n<meta property=\"og:locale\" content=\"en_US\" \/>\n<meta property=\"og:type\" content=\"article\" \/>\n<meta property=\"og:title\" content=\"The Life of Vincent de Paul (Abelly): Book II, Chapter XI, Section II - We are Vincentians\" \/>\n<meta property=\"og:description\" content=\"SECTION TWO: Help Given to the Provinces of Picardy and Champagne In 1650, by a secret judgment of God, the scourge of war which for many years had afflicted the greater part of Europe began ... Read More\" \/>\n<meta property=\"og:url\" content=\"http:\/\/vincentians.com\/en\/the-life-of-vincent-de-paul-abelly-book-ii-chapter-xi-section-ii\/\" \/>\n<meta property=\"og:site_name\" content=\"We are Vincentians\" \/>\n<meta property=\"article:publisher\" content=\"https:\/\/www.facebook.com\/WeAreVincentians\/\" \/>\n<meta property=\"article:author\" content=\"https:\/\/www.facebook.com\/JavierChento\" \/>\n<meta property=\"article:published_time\" content=\"2016-10-27T04:00:35+00:00\" \/>\n<meta property=\"og:image\" content=\"https:\/\/i0.wp.com\/vincentians.com\/en\/wp-content\/uploads\/sites\/2\/2016\/07\/abelly-feat.jpg?fit=1200%2C630\" \/>\n\t<meta property=\"og:image:width\" content=\"1200\" \/>\n\t<meta property=\"og:image:height\" content=\"630\" \/>\n\t<meta property=\"og:image:type\" content=\"image\/jpeg\" \/>\n<meta name=\"author\" content=\"Francisco Javier Fern\u00e1ndez Chento\" \/>\n<meta name=\"twitter:card\" content=\"summary_large_image\" \/>\n<meta name=\"twitter:creator\" content=\"@https:\/\/twitter.com\/javierchento\" \/>\n<meta name=\"twitter:site\" content=\"@WeVincentians\" \/>\n<meta name=\"twitter:label1\" content=\"Written by\" \/>\n\t<meta name=\"twitter:data1\" content=\"Francisco Javier Fern\u00e1ndez Chento\" \/>\n\t<meta name=\"twitter:label2\" content=\"Est. reading time\" \/>\n\t<meta name=\"twitter:data2\" content=\"11 minutes\" \/>\n<script type=\"application\/ld+json\" class=\"yoast-schema-graph\">{\"@context\":\"https:\/\/schema.org\",\"@graph\":[{\"@type\":\"Article\",\"@id\":\"http:\/\/vincentians.com\/en\/the-life-of-vincent-de-paul-abelly-book-ii-chapter-xi-section-ii\/#article\",\"isPartOf\":{\"@id\":\"http:\/\/vincentians.com\/en\/the-life-of-vincent-de-paul-abelly-book-ii-chapter-xi-section-ii\/\"},\"author\":{\"name\":\"Francisco Javier Fern\u00e1ndez Chento\",\"@id\":\"https:\/\/vincentians.com\/en\/#\/schema\/person\/9623ef4d9aa3b2dfb8c061f1499288f2\"},\"headline\":\"The Life of Vincent de Paul (Abelly): Book II, Chapter XI, Section II\",\"datePublished\":\"2016-10-27T04:00:35+00:00\",\"mainEntityOfPage\":{\"@id\":\"http:\/\/vincentians.com\/en\/the-life-of-vincent-de-paul-abelly-book-ii-chapter-xi-section-ii\/\"},\"wordCount\":2202,\"commentCount\":0,\"publisher\":{\"@id\":\"https:\/\/vincentians.com\/en\/#organization\"},\"image\":{\"@id\":\"http:\/\/vincentians.com\/en\/the-life-of-vincent-de-paul-abelly-book-ii-chapter-xi-section-ii\/#primaryimage\"},\"thumbnailUrl\":\"https:\/\/i0.wp.com\/vincentians.com\/en\/wp-content\/uploads\/sites\/2\/2016\/07\/abelly-feat.jpg?fit=1200%2C630\",\"articleSection\":[\"Vincent de Paul\"],\"inLanguage\":\"en-US\",\"potentialAction\":[{\"@type\":\"CommentAction\",\"name\":\"Comment\",\"target\":[\"http:\/\/vincentians.com\/en\/the-life-of-vincent-de-paul-abelly-book-ii-chapter-xi-section-ii\/#respond\"]}]},{\"@type\":\"WebPage\",\"@id\":\"http:\/\/vincentians.com\/en\/the-life-of-vincent-de-paul-abelly-book-ii-chapter-xi-section-ii\/\",\"url\":\"http:\/\/vincentians.com\/en\/the-life-of-vincent-de-paul-abelly-book-ii-chapter-xi-section-ii\/\",\"name\":\"The Life of Vincent de Paul (Abelly): Book II, Chapter XI, Section II - We are Vincentians\",\"isPartOf\":{\"@id\":\"https:\/\/vincentians.com\/en\/#website\"},\"primaryImageOfPage\":{\"@id\":\"http:\/\/vincentians.com\/en\/the-life-of-vincent-de-paul-abelly-book-ii-chapter-xi-section-ii\/#primaryimage\"},\"image\":{\"@id\":\"http:\/\/vincentians.com\/en\/the-life-of-vincent-de-paul-abelly-book-ii-chapter-xi-section-ii\/#primaryimage\"},\"thumbnailUrl\":\"https:\/\/i0.wp.com\/vincentians.com\/en\/wp-content\/uploads\/sites\/2\/2016\/07\/abelly-feat.jpg?fit=1200%2C630\",\"datePublished\":\"2016-10-27T04:00:35+00:00\",\"breadcrumb\":{\"@id\":\"http:\/\/vincentians.com\/en\/the-life-of-vincent-de-paul-abelly-book-ii-chapter-xi-section-ii\/#breadcrumb\"},\"inLanguage\":\"en-US\",\"potentialAction\":[{\"@type\":\"ReadAction\",\"target\":[\"http:\/\/vincentians.com\/en\/the-life-of-vincent-de-paul-abelly-book-ii-chapter-xi-section-ii\/\"]}]},{\"@type\":\"ImageObject\",\"inLanguage\":\"en-US\",\"@id\":\"http:\/\/vincentians.com\/en\/the-life-of-vincent-de-paul-abelly-book-ii-chapter-xi-section-ii\/#primaryimage\",\"url\":\"https:\/\/i0.wp.com\/vincentians.com\/en\/wp-content\/uploads\/sites\/2\/2016\/07\/abelly-feat.jpg?fit=1200%2C630\",\"contentUrl\":\"https:\/\/i0.wp.com\/vincentians.com\/en\/wp-content\/uploads\/sites\/2\/2016\/07\/abelly-feat.jpg?fit=1200%2C630\",\"width\":1200,\"height\":630},{\"@type\":\"BreadcrumbList\",\"@id\":\"http:\/\/vincentians.com\/en\/the-life-of-vincent-de-paul-abelly-book-ii-chapter-xi-section-ii\/#breadcrumb\",\"itemListElement\":[{\"@type\":\"ListItem\",\"position\":1,\"name\":\"Portada\",\"item\":\"https:\/\/vincentians.com\/en\/\"},{\"@type\":\"ListItem\",\"position\":2,\"name\":\"The Life of Vincent de Paul (Abelly): Book II, Chapter XI, Section II\"}]},{\"@type\":\"WebSite\",\"@id\":\"https:\/\/vincentians.com\/en\/#website\",\"url\":\"https:\/\/vincentians.com\/en\/\",\"name\":\"We are Vincentians\",\"description\":\"Know more to serve more\",\"publisher\":{\"@id\":\"https:\/\/vincentians.com\/en\/#organization\"},\"potentialAction\":[{\"@type\":\"SearchAction\",\"target\":{\"@type\":\"EntryPoint\",\"urlTemplate\":\"https:\/\/vincentians.com\/en\/?s={search_term_string}\"},\"query-input\":{\"@type\":\"PropertyValueSpecification\",\"valueRequired\":true,\"valueName\":\"search_term_string\"}}],\"inLanguage\":\"en-US\"},{\"@type\":\"Organization\",\"@id\":\"https:\/\/vincentians.com\/en\/#organization\",\"name\":\"The Vincentian Network\",\"url\":\"https:\/\/vincentians.com\/en\/\",\"logo\":{\"@type\":\"ImageObject\",\"inLanguage\":\"en-US\",\"@id\":\"https:\/\/vincentians.com\/en\/#\/schema\/logo\/image\/\",\"url\":\"https:\/\/i1.wp.com\/vincentians.com\/en\/wp-content\/uploads\/sites\/2\/2016\/06\/Vincentian-Network-logo-big.png?fit=778%2C778&ssl=1\",\"contentUrl\":\"https:\/\/i1.wp.com\/vincentians.com\/en\/wp-content\/uploads\/sites\/2\/2016\/06\/Vincentian-Network-logo-big.png?fit=778%2C778&ssl=1\",\"width\":778,\"height\":778,\"caption\":\"The Vincentian Network\"},\"image\":{\"@id\":\"https:\/\/vincentians.com\/en\/#\/schema\/logo\/image\/\"},\"sameAs\":[\"https:\/\/www.facebook.com\/WeAreVincentians\/\",\"https:\/\/x.com\/WeVincentians\"]},{\"@type\":\"Person\",\"@id\":\"https:\/\/vincentians.com\/en\/#\/schema\/person\/9623ef4d9aa3b2dfb8c061f1499288f2\",\"name\":\"Francisco Javier Fern\u00e1ndez Chento\",\"image\":{\"@type\":\"ImageObject\",\"inLanguage\":\"en-US\",\"@id\":\"https:\/\/vincentians.com\/en\/#\/schema\/person\/image\/\",\"url\":\"https:\/\/secure.gravatar.com\/avatar\/497d5cde87b4c3d097d0315953521681ba2cd523ee66e5077c3711f7021e65de?s=96&d=mm&r=g\",\"contentUrl\":\"https:\/\/secure.gravatar.com\/avatar\/497d5cde87b4c3d097d0315953521681ba2cd523ee66e5077c3711f7021e65de?s=96&d=mm&r=g\",\"caption\":\"Francisco Javier Fern\u00e1ndez Chento\"},\"description\":\"Director General y cofundador de La Red de Formaci\u00f3n Vicenciana. Javier es laico vicenciano, afiliado a la Congregaci\u00f3n de la Misi\u00f3n y miembro del Equipo de Misiones Populares de la provincia can\u00f3nica de Zaragoza (Espa\u00f1a) de la Congregaci\u00f3n de la Misi\u00f3n. Graduado en la Universidad Oberta de Catalunya con cuatro grados (Asistente de direcci\u00f3n, Gesti\u00f3n Administrativa, Recursos Humanos y Contabilidad Avanzada). Bil\u00edng\u00fce Espa\u00f1ol\/Ingl\u00e9s. gestiona y mantiene varias p\u00e1ginas web cristianas y vicencianas, incluida including La Red de Formaci\u00f3n Vicenciana, de la que es cofundador. Actualmente es responsable del \u00e1rea de Espa\u00f1ol de .famvin, la Red de Noticias de la Familia Vicenciana. Tambi\u00e9n es m\u00fasico cat\u00f3lico y ha editado varios discos. Es Director General y cofundador de Trovador, una reconocida compa\u00f1\u00eda discogr\u00e1fica critiana de Espa\u00f1a. Trabaja en las Tecnolog\u00edas de la Informaci\u00f3n, ofreciendo servicios de alojamiento, dise\u00f1o y mantenimiento Web, as\u00ed como asesoramiento, formaci\u00f3n y soluciones inform\u00e1ticas, gesti\u00f3n documental y digitalizaci\u00f3n de textos, edici\u00f3n y maquetaci\u00f3n de libros, revistas, flyers, etc.\",\"sameAs\":[\"http:\/\/chento.org\",\"https:\/\/www.facebook.com\/JavierChento\",\"https:\/\/x.com\/https:\/\/twitter.com\/javierchento\"],\"url\":\"http:\/\/vincentians.com\/en\/author\/chento\/\"}]}<\/script>\n<!-- \/ Yoast SEO plugin. -->","yoast_head_json":{"title":"The Life of Vincent de Paul (Abelly): Book II, Chapter XI, Section II - We are Vincentians","robots":{"index":"index","follow":"follow","max-snippet":"max-snippet:-1","max-image-preview":"max-image-preview:large","max-video-preview":"max-video-preview:-1"},"canonical":"http:\/\/vincentians.com\/en\/the-life-of-vincent-de-paul-abelly-book-ii-chapter-xi-section-ii\/","og_locale":"en_US","og_type":"article","og_title":"The Life of Vincent de Paul (Abelly): Book II, Chapter XI, Section II - We are Vincentians","og_description":"SECTION TWO: Help Given to the Provinces of Picardy and Champagne In 1650, by a secret judgment of God, the scourge of war which for many years had afflicted the greater part of Europe began ... Read More","og_url":"http:\/\/vincentians.com\/en\/the-life-of-vincent-de-paul-abelly-book-ii-chapter-xi-section-ii\/","og_site_name":"We are Vincentians","article_publisher":"https:\/\/www.facebook.com\/WeAreVincentians\/","article_author":"https:\/\/www.facebook.com\/JavierChento","article_published_time":"2016-10-27T04:00:35+00:00","og_image":[{"width":1200,"height":630,"url":"https:\/\/i0.wp.com\/vincentians.com\/en\/wp-content\/uploads\/sites\/2\/2016\/07\/abelly-feat.jpg?fit=1200%2C630","type":"image\/jpeg"}],"author":"Francisco Javier Fern\u00e1ndez Chento","twitter_card":"summary_large_image","twitter_creator":"@https:\/\/twitter.com\/javierchento","twitter_site":"@WeVincentians","twitter_misc":{"Written by":"Francisco Javier Fern\u00e1ndez Chento","Est. reading time":"11 minutes"},"schema":{"@context":"https:\/\/schema.org","@graph":[{"@type":"Article","@id":"http:\/\/vincentians.com\/en\/the-life-of-vincent-de-paul-abelly-book-ii-chapter-xi-section-ii\/#article","isPartOf":{"@id":"http:\/\/vincentians.com\/en\/the-life-of-vincent-de-paul-abelly-book-ii-chapter-xi-section-ii\/"},"author":{"name":"Francisco Javier Fern\u00e1ndez Chento","@id":"https:\/\/vincentians.com\/en\/#\/schema\/person\/9623ef4d9aa3b2dfb8c061f1499288f2"},"headline":"The Life of Vincent de Paul (Abelly): Book II, Chapter XI, Section II","datePublished":"2016-10-27T04:00:35+00:00","mainEntityOfPage":{"@id":"http:\/\/vincentians.com\/en\/the-life-of-vincent-de-paul-abelly-book-ii-chapter-xi-section-ii\/"},"wordCount":2202,"commentCount":0,"publisher":{"@id":"https:\/\/vincentians.com\/en\/#organization"},"image":{"@id":"http:\/\/vincentians.com\/en\/the-life-of-vincent-de-paul-abelly-book-ii-chapter-xi-section-ii\/#primaryimage"},"thumbnailUrl":"https:\/\/i0.wp.com\/vincentians.com\/en\/wp-content\/uploads\/sites\/2\/2016\/07\/abelly-feat.jpg?fit=1200%2C630","articleSection":["Vincent de Paul"],"inLanguage":"en-US","potentialAction":[{"@type":"CommentAction","name":"Comment","target":["http:\/\/vincentians.com\/en\/the-life-of-vincent-de-paul-abelly-book-ii-chapter-xi-section-ii\/#respond"]}]},{"@type":"WebPage","@id":"http:\/\/vincentians.com\/en\/the-life-of-vincent-de-paul-abelly-book-ii-chapter-xi-section-ii\/","url":"http:\/\/vincentians.com\/en\/the-life-of-vincent-de-paul-abelly-book-ii-chapter-xi-section-ii\/","name":"The Life of Vincent de Paul (Abelly): Book II, Chapter XI, Section II - We are Vincentians","isPartOf":{"@id":"https:\/\/vincentians.com\/en\/#website"},"primaryImageOfPage":{"@id":"http:\/\/vincentians.com\/en\/the-life-of-vincent-de-paul-abelly-book-ii-chapter-xi-section-ii\/#primaryimage"},"image":{"@id":"http:\/\/vincentians.com\/en\/the-life-of-vincent-de-paul-abelly-book-ii-chapter-xi-section-ii\/#primaryimage"},"thumbnailUrl":"https:\/\/i0.wp.com\/vincentians.com\/en\/wp-content\/uploads\/sites\/2\/2016\/07\/abelly-feat.jpg?fit=1200%2C630","datePublished":"2016-10-27T04:00:35+00:00","breadcrumb":{"@id":"http:\/\/vincentians.com\/en\/the-life-of-vincent-de-paul-abelly-book-ii-chapter-xi-section-ii\/#breadcrumb"},"inLanguage":"en-US","potentialAction":[{"@type":"ReadAction","target":["http:\/\/vincentians.com\/en\/the-life-of-vincent-de-paul-abelly-book-ii-chapter-xi-section-ii\/"]}]},{"@type":"ImageObject","inLanguage":"en-US","@id":"http:\/\/vincentians.com\/en\/the-life-of-vincent-de-paul-abelly-book-ii-chapter-xi-section-ii\/#primaryimage","url":"https:\/\/i0.wp.com\/vincentians.com\/en\/wp-content\/uploads\/sites\/2\/2016\/07\/abelly-feat.jpg?fit=1200%2C630","contentUrl":"https:\/\/i0.wp.com\/vincentians.com\/en\/wp-content\/uploads\/sites\/2\/2016\/07\/abelly-feat.jpg?fit=1200%2C630","width":1200,"height":630},{"@type":"BreadcrumbList","@id":"http:\/\/vincentians.com\/en\/the-life-of-vincent-de-paul-abelly-book-ii-chapter-xi-section-ii\/#breadcrumb","itemListElement":[{"@type":"ListItem","position":1,"name":"Portada","item":"https:\/\/vincentians.com\/en\/"},{"@type":"ListItem","position":2,"name":"The Life of Vincent de Paul (Abelly): Book II, Chapter XI, Section II"}]},{"@type":"WebSite","@id":"https:\/\/vincentians.com\/en\/#website","url":"https:\/\/vincentians.com\/en\/","name":"We are Vincentians","description":"Know more to serve more","publisher":{"@id":"https:\/\/vincentians.com\/en\/#organization"},"potentialAction":[{"@type":"SearchAction","target":{"@type":"EntryPoint","urlTemplate":"https:\/\/vincentians.com\/en\/?s={search_term_string}"},"query-input":{"@type":"PropertyValueSpecification","valueRequired":true,"valueName":"search_term_string"}}],"inLanguage":"en-US"},{"@type":"Organization","@id":"https:\/\/vincentians.com\/en\/#organization","name":"The Vincentian Network","url":"https:\/\/vincentians.com\/en\/","logo":{"@type":"ImageObject","inLanguage":"en-US","@id":"https:\/\/vincentians.com\/en\/#\/schema\/logo\/image\/","url":"https:\/\/i1.wp.com\/vincentians.com\/en\/wp-content\/uploads\/sites\/2\/2016\/06\/Vincentian-Network-logo-big.png?fit=778%2C778&ssl=1","contentUrl":"https:\/\/i1.wp.com\/vincentians.com\/en\/wp-content\/uploads\/sites\/2\/2016\/06\/Vincentian-Network-logo-big.png?fit=778%2C778&ssl=1","width":778,"height":778,"caption":"The Vincentian Network"},"image":{"@id":"https:\/\/vincentians.com\/en\/#\/schema\/logo\/image\/"},"sameAs":["https:\/\/www.facebook.com\/WeAreVincentians\/","https:\/\/x.com\/WeVincentians"]},{"@type":"Person","@id":"https:\/\/vincentians.com\/en\/#\/schema\/person\/9623ef4d9aa3b2dfb8c061f1499288f2","name":"Francisco Javier Fern\u00e1ndez Chento","image":{"@type":"ImageObject","inLanguage":"en-US","@id":"https:\/\/vincentians.com\/en\/#\/schema\/person\/image\/","url":"https:\/\/secure.gravatar.com\/avatar\/497d5cde87b4c3d097d0315953521681ba2cd523ee66e5077c3711f7021e65de?s=96&d=mm&r=g","contentUrl":"https:\/\/secure.gravatar.com\/avatar\/497d5cde87b4c3d097d0315953521681ba2cd523ee66e5077c3711f7021e65de?s=96&d=mm&r=g","caption":"Francisco Javier Fern\u00e1ndez Chento"},"description":"Director General y cofundador de La Red de Formaci\u00f3n Vicenciana. Javier es laico vicenciano, afiliado a la Congregaci\u00f3n de la Misi\u00f3n y miembro del Equipo de Misiones Populares de la provincia can\u00f3nica de Zaragoza (Espa\u00f1a) de la Congregaci\u00f3n de la Misi\u00f3n. Graduado en la Universidad Oberta de Catalunya con cuatro grados (Asistente de direcci\u00f3n, Gesti\u00f3n Administrativa, Recursos Humanos y Contabilidad Avanzada). Bil\u00edng\u00fce Espa\u00f1ol\/Ingl\u00e9s. gestiona y mantiene varias p\u00e1ginas web cristianas y vicencianas, incluida including La Red de Formaci\u00f3n Vicenciana, de la que es cofundador. Actualmente es responsable del \u00e1rea de Espa\u00f1ol de .famvin, la Red de Noticias de la Familia Vicenciana. Tambi\u00e9n es m\u00fasico cat\u00f3lico y ha editado varios discos. Es Director General y cofundador de Trovador, una reconocida compa\u00f1\u00eda discogr\u00e1fica critiana de Espa\u00f1a. Trabaja en las Tecnolog\u00edas de la Informaci\u00f3n, ofreciendo servicios de alojamiento, dise\u00f1o y mantenimiento Web, as\u00ed como asesoramiento, formaci\u00f3n y soluciones inform\u00e1ticas, gesti\u00f3n documental y digitalizaci\u00f3n de textos, edici\u00f3n y maquetaci\u00f3n de libros, revistas, flyers, etc.","sameAs":["http:\/\/chento.org","https:\/\/www.facebook.com\/JavierChento","https:\/\/x.com\/https:\/\/twitter.com\/javierchento"],"url":"http:\/\/vincentians.com\/en\/author\/chento\/"}]}},"jetpack_publicize_connections":[],"jetpack_featured_media_url":"https:\/\/i0.wp.com\/vincentians.com\/en\/wp-content\/uploads\/sites\/2\/2016\/07\/abelly-feat.jpg?fit=1200%2C630","jetpack_sharing_enabled":true,"jetpack_shortlink":"https:\/\/wp.me\/p7K2Ow-s6B","jetpack-related-posts":[{"id":105321,"url":"http:\/\/vincentians.com\/en\/the-life-of-vincent-de-paul-abelly-book-i-chapter-xl\/","url_meta":{"origin":108041,"position":0},"title":"The Life of Vincent de Paul (Abelly): Book I, Chapter XL","author":"Francisco Javier Fern\u00e1ndez Chento","date":"August 12, 2016","format":false,"excerpt":"Monsieur Vincent Works for the Relief of the Poor of the Frontier Regions Devastated by the War, Especially Champagne and Picardy Scripture truly says that it is hard to cure long and degenerating illnesses, and likewise that a physician is inclined to abandon those with untreatable illness. It is the\u2026","rel":"","context":"In &quot;Vincent de Paul&quot;","block_context":{"text":"Vincent de Paul","link":"http:\/\/vincentians.com\/en\/category\/the-vincentian-family\/founders\/vincent-de-paul\/"},"img":{"alt_text":"","src":"https:\/\/i0.wp.com\/vincentians.com\/en\/wp-content\/uploads\/sites\/2\/2016\/07\/abelly-feat.jpg?fit=1200%2C630&resize=350%2C200","width":350,"height":200,"srcset":"https:\/\/i0.wp.com\/vincentians.com\/en\/wp-content\/uploads\/sites\/2\/2016\/07\/abelly-feat.jpg?fit=1200%2C630&resize=350%2C200 1x, https:\/\/i0.wp.com\/vincentians.com\/en\/wp-content\/uploads\/sites\/2\/2016\/07\/abelly-feat.jpg?fit=1200%2C630&resize=525%2C300 1.5x, https:\/\/i0.wp.com\/vincentians.com\/en\/wp-content\/uploads\/sites\/2\/2016\/07\/abelly-feat.jpg?fit=1200%2C630&resize=700%2C400 2x, https:\/\/i0.wp.com\/vincentians.com\/en\/wp-content\/uploads\/sites\/2\/2016\/07\/abelly-feat.jpg?fit=1200%2C630&resize=1050%2C600 3x"},"classes":[]},{"id":105319,"url":"http:\/\/vincentians.com\/en\/the-life-of-vincent-de-paul-abelly-book-i-chapter-xxxiii\/","url_meta":{"origin":108041,"position":1},"title":"The Life of Vincent de Paul (Abelly): Book I, Chapter XXXIII","author":"Francisco Javier Fern\u00e1ndez Chento","date":"August 5, 2016","format":false,"excerpt":"Missions Given in the Army in 1636, and the Rules Given by Monsieur Vincent to the Missionaries for this Service The invasion of Picardy by foreign troops in 1636 and their first success at the city of Corbie still live vividly in memory. This army was so large and its\u2026","rel":"","context":"In &quot;Vincent de Paul&quot;","block_context":{"text":"Vincent de Paul","link":"http:\/\/vincentians.com\/en\/category\/the-vincentian-family\/founders\/vincent-de-paul\/"},"img":{"alt_text":"","src":"https:\/\/i0.wp.com\/vincentians.com\/en\/wp-content\/uploads\/sites\/2\/2016\/07\/abelly-feat.jpg?fit=1200%2C630&resize=350%2C200","width":350,"height":200,"srcset":"https:\/\/i0.wp.com\/vincentians.com\/en\/wp-content\/uploads\/sites\/2\/2016\/07\/abelly-feat.jpg?fit=1200%2C630&resize=350%2C200 1x, https:\/\/i0.wp.com\/vincentians.com\/en\/wp-content\/uploads\/sites\/2\/2016\/07\/abelly-feat.jpg?fit=1200%2C630&resize=525%2C300 1.5x, https:\/\/i0.wp.com\/vincentians.com\/en\/wp-content\/uploads\/sites\/2\/2016\/07\/abelly-feat.jpg?fit=1200%2C630&resize=700%2C400 2x, https:\/\/i0.wp.com\/vincentians.com\/en\/wp-content\/uploads\/sites\/2\/2016\/07\/abelly-feat.jpg?fit=1200%2C630&resize=1050%2C600 3x"},"classes":[]},{"id":108043,"url":"http:\/\/vincentians.com\/en\/the-life-of-vincent-de-paul-abelly-book-ii-chapter-xi-section-iii\/","url_meta":{"origin":108041,"position":2},"title":"The Life of Vincent de Paul (Abelly): Book II, Chapter XI, Section III","author":"Francisco Javier Fern\u00e1ndez Chento","date":"October 28, 2016","format":false,"excerpt":"SECTION THREE: The Remarkable Effects of the Help Given to the Provinces of Picardy and Champagne After seeing the extreme misery of these two provinces and the deplorable state to which the people had been reduced, it would be well now to consider the blessings with which God favored the\u2026","rel":"","context":"In &quot;Vincent de Paul&quot;","block_context":{"text":"Vincent de Paul","link":"http:\/\/vincentians.com\/en\/category\/the-vincentian-family\/founders\/vincent-de-paul\/"},"img":{"alt_text":"","src":"https:\/\/i0.wp.com\/vincentians.com\/en\/wp-content\/uploads\/sites\/2\/2016\/07\/abelly-feat.jpg?fit=1200%2C630&resize=350%2C200","width":350,"height":200,"srcset":"https:\/\/i0.wp.com\/vincentians.com\/en\/wp-content\/uploads\/sites\/2\/2016\/07\/abelly-feat.jpg?fit=1200%2C630&resize=350%2C200 1x, https:\/\/i0.wp.com\/vincentians.com\/en\/wp-content\/uploads\/sites\/2\/2016\/07\/abelly-feat.jpg?fit=1200%2C630&resize=525%2C300 1.5x, https:\/\/i0.wp.com\/vincentians.com\/en\/wp-content\/uploads\/sites\/2\/2016\/07\/abelly-feat.jpg?fit=1200%2C630&resize=700%2C400 2x, https:\/\/i0.wp.com\/vincentians.com\/en\/wp-content\/uploads\/sites\/2\/2016\/07\/abelly-feat.jpg?fit=1200%2C630&resize=1050%2C600 3x"},"classes":[]},{"id":105017,"url":"http:\/\/vincentians.com\/en\/society-at-the-time-of-saint-vincent-de-paul-ii\/","url_meta":{"origin":108041,"position":3},"title":"Society at the time of Saint Vincent de Paul (II)","author":"Francisco Javier Fern\u00e1ndez Chento","date":"May 17, 2015","format":false,"excerpt":"I. Demographical aspect The society of Vincent de Paul's era was solidly rooted in a territory of almost one half million square kilometres. In this territory there were about twenty million inhabitants. These statistics show that France was by far the most highly populated kingdom in Europe, with the exception\u2026","rel":"","context":"In &quot;At the time of Vincent de Paul&quot;","block_context":{"text":"At the time of Vincent de Paul","link":"http:\/\/vincentians.com\/en\/category\/history-of-the-vincentian-family\/at-the-time-of-vincent-de-paul\/"},"img":{"alt_text":"","src":"https:\/\/i0.wp.com\/vincentians.com\/en\/wp-content\/uploads\/sites\/2\/2016\/06\/Society-at-the-time-of-Saint-Vincent-de-Paul.jpg?fit=1200%2C630&resize=350%2C200","width":350,"height":200,"srcset":"https:\/\/i0.wp.com\/vincentians.com\/en\/wp-content\/uploads\/sites\/2\/2016\/06\/Society-at-the-time-of-Saint-Vincent-de-Paul.jpg?fit=1200%2C630&resize=350%2C200 1x, https:\/\/i0.wp.com\/vincentians.com\/en\/wp-content\/uploads\/sites\/2\/2016\/06\/Society-at-the-time-of-Saint-Vincent-de-Paul.jpg?fit=1200%2C630&resize=525%2C300 1.5x, https:\/\/i0.wp.com\/vincentians.com\/en\/wp-content\/uploads\/sites\/2\/2016\/06\/Society-at-the-time-of-Saint-Vincent-de-Paul.jpg?fit=1200%2C630&resize=700%2C400 2x, https:\/\/i0.wp.com\/vincentians.com\/en\/wp-content\/uploads\/sites\/2\/2016\/06\/Society-at-the-time-of-Saint-Vincent-de-Paul.jpg?fit=1200%2C630&resize=1050%2C600 3x"},"classes":[]},{"id":106802,"url":"http:\/\/vincentians.com\/en\/the-life-of-vincent-de-paul-abelly-book-ii-chapter-i-section-ii-part-vii\/","url_meta":{"origin":108041,"position":4},"title":"The Life of Vincent de Paul (Abelly): Book II, Chapter I, Section II, Part VII","author":"Francisco Javier Fern\u00e1ndez Chento","date":"September 6, 2016","format":false,"excerpt":"PART SEVEN: Various Places in Burgundy and Champagne In 1642 Monsieur Vincent sent several priests of the Congregation to give a mission in the parish of Saint Cyr in the diocese of Sens. The lord of the region wrote, after the completion of the mission: The efforts of your priests,\u2026","rel":"","context":"In &quot;Vincent de Paul&quot;","block_context":{"text":"Vincent de Paul","link":"http:\/\/vincentians.com\/en\/category\/the-vincentian-family\/founders\/vincent-de-paul\/"},"img":{"alt_text":"","src":"https:\/\/i0.wp.com\/vincentians.com\/en\/wp-content\/uploads\/sites\/2\/2016\/07\/abelly-feat.jpg?fit=1200%2C630&resize=350%2C200","width":350,"height":200,"srcset":"https:\/\/i0.wp.com\/vincentians.com\/en\/wp-content\/uploads\/sites\/2\/2016\/07\/abelly-feat.jpg?fit=1200%2C630&resize=350%2C200 1x, https:\/\/i0.wp.com\/vincentians.com\/en\/wp-content\/uploads\/sites\/2\/2016\/07\/abelly-feat.jpg?fit=1200%2C630&resize=525%2C300 1.5x, https:\/\/i0.wp.com\/vincentians.com\/en\/wp-content\/uploads\/sites\/2\/2016\/07\/abelly-feat.jpg?fit=1200%2C630&resize=700%2C400 2x, https:\/\/i0.wp.com\/vincentians.com\/en\/wp-content\/uploads\/sites\/2\/2016\/07\/abelly-feat.jpg?fit=1200%2C630&resize=1050%2C600 3x"},"classes":[]},{"id":52361,"url":"http:\/\/vincentians.com\/en\/the-founders-historical-context-chronology-of-events\/","url_meta":{"origin":108041,"position":5},"title":"The founders&#8217; historical context: chronology of events","author":"Francisco Javier Fern\u00e1ndez Chento","date":"January 20, 2016","format":false,"excerpt":"SAINT VINCENT POLITICS RELIGION ARTS & LITERATURE 1581 Birth of SVP in Pouy (Landes) Birth of Saint-Cyran Montaigne, Essays 1582 Death of Saint Teresa of Avila 1585 Death of Gregory XIII and election of Sixtus V, Birth of Francois Bourgoing 1588 General situation in Blois, Assassination of the Duke de\u2026","rel":"","context":"In &quot;At the time of Vincent de Paul&quot;","block_context":{"text":"At the time of Vincent de Paul","link":"http:\/\/vincentians.com\/en\/category\/history-of-the-vincentian-family\/at-the-time-of-vincent-de-paul\/"},"img":{"alt_text":"","src":"https:\/\/i0.wp.com\/vincentians.com\/en\/wp-content\/uploads\/sites\/2\/2016\/01\/vincent-louise.jpg?fit=1200%2C630&resize=350%2C200","width":350,"height":200,"srcset":"https:\/\/i0.wp.com\/vincentians.com\/en\/wp-content\/uploads\/sites\/2\/2016\/01\/vincent-louise.jpg?fit=1200%2C630&resize=350%2C200 1x, https:\/\/i0.wp.com\/vincentians.com\/en\/wp-content\/uploads\/sites\/2\/2016\/01\/vincent-louise.jpg?fit=1200%2C630&resize=525%2C300 1.5x, https:\/\/i0.wp.com\/vincentians.com\/en\/wp-content\/uploads\/sites\/2\/2016\/01\/vincent-louise.jpg?fit=1200%2C630&resize=700%2C400 2x, https:\/\/i0.wp.com\/vincentians.com\/en\/wp-content\/uploads\/sites\/2\/2016\/01\/vincent-louise.jpg?fit=1200%2C630&resize=1050%2C600 3x"},"classes":[]}],"_links":{"self":[{"href":"http:\/\/vincentians.com\/en\/wp-json\/wp\/v2\/posts\/108041","targetHints":{"allow":["GET"]}}],"collection":[{"href":"http:\/\/vincentians.com\/en\/wp-json\/wp\/v2\/posts"}],"about":[{"href":"http:\/\/vincentians.com\/en\/wp-json\/wp\/v2\/types\/post"}],"author":[{"embeddable":true,"href":"http:\/\/vincentians.com\/en\/wp-json\/wp\/v2\/users\/4"}],"replies":[{"embeddable":true,"href":"http:\/\/vincentians.com\/en\/wp-json\/wp\/v2\/comments?post=108041"}],"version-history":[{"count":0,"href":"http:\/\/vincentians.com\/en\/wp-json\/wp\/v2\/posts\/108041\/revisions"}],"wp:featuredmedia":[{"embeddable":true,"href":"http:\/\/vincentians.com\/en\/wp-json\/wp\/v2\/media\/149583"}],"wp:attachment":[{"href":"http:\/\/vincentians.com\/en\/wp-json\/wp\/v2\/media?parent=108041"}],"wp:term":[{"taxonomy":"category","embeddable":true,"href":"http:\/\/vincentians.com\/en\/wp-json\/wp\/v2\/categories?post=108041"},{"taxonomy":"post_tag","embeddable":true,"href":"http:\/\/vincentians.com\/en\/wp-json\/wp\/v2\/tags?post=108041"}],"curies":[{"name":"wp","href":"https:\/\/api.w.org\/{rel}","templated":true}]}}