{"id":107956,"date":"2015-05-26T08:30:36","date_gmt":"2015-05-26T06:30:36","guid":{"rendered":"http:\/\/vincentians.com\/?p=107956"},"modified":"2016-07-10T19:24:54","modified_gmt":"2016-07-10T17:24:54","slug":"life-of-st-vincent-de-paul-forbes-chapter-10","status":"publish","type":"post","link":"http:\/\/vincentians.com\/en\/life-of-st-vincent-de-paul-forbes-chapter-10\/","title":{"rendered":"Life of St. Vincent de Paul (Forbes). Chapter 10"},"content":{"rendered":"<h2>Chapter 10 TROUBLES IN PARIS<\/h2>\n<p>The Parliament at last took up the matter; men went about the streets of Paris shouting &#8220;Down with Mazarin!&#8221; A revolution was feared, and the Queen, with her young son, fled to St. Germain. The Royal troops in the meantime, under Cond\u00e9, were blockading Paris; the rebellion known as the &#8220;Fronde&#8221; had begun.<\/p>\n<p>Vincent de Paul was in a difficult position. His sympathies were wholly with the suffering people; but, although it had long ceased to meet, he was still a member of the Council of Conscience and owed allegiance to the Royal party.<\/p>\n<p>What would become of the poor in Paris if the town were reduced to famine? This was the thought that was uppermost in his mind. On the other hand, he had always insisted that the Congregation of the Mission should in no way mix itself up with politics. The life of its members was to be a hidden life of prayer and labor for souls. The safest course was obviously to remain neutral and take no part in the matter; but his own safety was the last consideration likely to move him. Was it his duty to remain silent? That was the vital question. Could he do any good by speaking? Long and earnestly did he pray for guidance and, without a thought of the consequences to himself, decided at last to act.<\/p>\n<p>Judging of others in the light of his own straightforward honesty, it seemed to him that if it were once clearly represented to the Queen that it was Mazarin&#8217;s presence alone that prevented peace, she could not fail to see that it was her duty to force him to withdraw. Surrounded as she was by courtiers who did not dare to tell her the truth, she might be ignorant of how much she herself was to blame in the matter. He had shamed her into doing what was right in the matter of the Bishop of Poitiers. Might he not succeed in awakening her conscience once more?<\/p>\n<p>It was on his knees in the Church of St. Lazare that Vincent resolved on the action that was at best only a forlorn hope, but still worth trying. With his usual prompt energy, the old man of seventy-three mounted his horse and, accompanied only by his secretary, du Courneau, set out for St. Germain. The Seine was in flood and the water breast-deep on the bridge over which they had to ride. Du Corneau [sic] avowed afterwards that he was quaking with fright; but Vincent, though wet to the skin, scarcely seemed to notice that all was not as usual and rode on through the floods in silence. Arrived at St. Germain, he asked to see the Queen, who, thinking that he had been sent by the people to make their peace with her, admitted him at once to her presence.<\/p>\n<p>With the straightforward simplicity that characterized all his dealings, he proceeded to state his errand. He had come, he said, to ask the Queen, for the sake of her country and her people, to rid herself of Mazarin and to forgive the rebels.<\/p>\n<p>Anne of Austria listened in silence and gave no sign of either sympathy or displeasure. When the speaker had ended, she quietly referred him to Mazarin himself.<\/p>\n<p>Vincent&#8217;s hopes must have sunk low indeed at such a suggestion, but he was determined to go through with what he had begun. Confronted with the Cardinal, he earnestly represented to him that it was his duty to sacrifice himself for the good of the country; that his retirement would be an act of noble unselfishness which could not fail to win the blessing of Christ; that it would put an end to the sufferings under which France was groaning and save many innocent people from a fearful and horrible death. Mazarin had a sense of humor, and it was perhaps the only thing about him that responded to this appeal to his better feelings. It no doubt appeared to him sufficiently ludicrous that anyone should expect him to sacrifice himself for the sake of others, and probably those around him would have shared his opinion.<\/p>\n<p>Yet Vincent was justified in his experiment. Long as had been his experience of the sin and misery of men, it had not taught him, any more than it did his Divine Master, to despair of human nature. He had only employed his usual methods with Mazarin: methods that had prevailed with so many souls. He had appealed to the desire for good which he believed lay hidden in the heart of every man, no matter how deeply it might be buried under the refuse of a wasted life. He had appealed and failed\u2014his mission had borne no fruit, yet he could not regret that he had undertaken it, although the consequences were to be serious for himself. For during his absence the fact that he had gone to St. Germain had leaked out among the people, and in one moment of anger all his claims on their love and gratitude were forgotten.<\/p>\n<p>&#8220;M. Vincent has betrayed us to the Queen!&#8221; was the cry in the streets of Paris, while the mob, falling on St. Lazare, pillaged it from top to bottom, carrying off everything on which they could lay hands. Vincent had gained nothing and lost all; it was not even safe for him to return to Paris, so great was the fury of the people; he had also won for himself the ill will of both Mazarin and the Queen.<\/p>\n<p>Yet with his usual humility and patience, he blamed no one but himself. He had done, he declared solemnly to du Courneau, that which he would have wished to have done were he lying on his deathbed; that he had failed was due solely and entirely to his own unworthiness.<\/p>\n<p>And now, since it was better for every reason that he should not return to Paris, he determined to undertake a visitation of the Congregation of the Mission Priests and Sisters of Charity in every center where they were working in France. In spite of his weariness and his seventy-three years, he set forth on his journey, riding the old horse that was kept to carry him now that he could no longer travel on foot.<\/p>\n<p>The suffering and misery that he witnessed, the horrors of famine and of war, only seemed to redouble his zeal to win the souls of men for their Maker. He knew the purifying force of suffering borne for God; he knew also the danger of despair. These poor creatures must be taught at any cost to lift their hearts to God, to bear their anguish patiently, to remember amid what agonies the Son of God had given His life for them. Wherever he went, his burning words and heroic example infused new life and courage into the hearts of his sons and daughters in Christ, who, in the life of abnegation they had undertaken, had often good reason for despondency.<\/p>\n<p>Traveling in these lawless times was both difficult and dangerous, for the country roads were infested with robbers, but Vincent had no fear. He was seldom free from illness, which was sometimes increased by the privations he had to undergo, but he traveled on without resting.<\/p>\n<p>Yet, amid all the new suffering which he had to witness and relieve, he was always mindful of his dear poor in Paris, which was still besieged by the troops of Cond\u00e9. He had obtained a promise from the Queen during their last interview to let grain be taken into the town to feed the starving inhabitants, but she had not had sufficient energy to see that it was carried out.<\/p>\n<p>The people were beginning to realize what they had lost in M. Vincent and to suspect that they had misjudged him. Hunger at last forced them to make terms with the Royal party, although the hated Mazarin was still supreme, and the Queen and her young son re-entered Paris in triumph.<\/p>\n<p>But even Anne of Austria was not so foolish as to make her entry with the Cardinal at her side, and during the few weeks which still elapsed before he made his appearance in the capital, the Queen, free for a moment from the evil influence that stifled all her better impulses, wrote to Vincent, begging him to return. He was ill at Richelieu when the message reached him, and the Duchess d&#8217;Aiguillon, one of the most devoted of his Ladies of Charity, sent a little carriage to fetch him. She had known him long enough, however, to be sure that his love of mortification would prevent him from availing himself of what he would certainly look upon as a luxury. The carriage was accompanied by a letter from the Queen and the Archbishop of Paris ordering him in virtue of obedience to use it in the future for all his journeys. He obeyed, but sorely against the grain, and as long as he was obliged to avail himself of it always referred to the little carriage as his &#8220;disgrace.&#8221;<\/p>\n<p>&#8220;Come and see the son of a poor villager riding in a carriage,&#8221; he would say to his friends when he took leave of them; and indeed, &#8220;M. Vincent&#8217;s little carriage&#8221; soon became well known in Paris. It was always at the disposal of anyone who wanted it, and when Vincent used it himself it was generally shared by some of his beloved poor. The fact that it came in handy for taking cripples for a drive or the sick to the hospital was the only thing that reconciled him to its possession.<\/p>\n<p>But the troubles of the Fronde were not yet at an end, and with Mazarin&#8217;s return to Paris the discontent broke out afresh. The people were glad enough during the troublous times that followed to have Vincent once more in their midst.<\/p>\n","protected":false},"excerpt":{"rendered":"<p>Chapter 10 TROUBLES IN PARIS The Parliament at last took up the matter; men went about the streets of Paris shouting &#8220;Down with Mazarin!&#8221; A revolution was feared, and the Queen, with her young son, &#8230; <a href=\"http:\/\/vincentians.com\/en\/life-of-st-vincent-de-paul-forbes-chapter-10\/\" class=\"more-link\">Read More<\/a><\/p>\n","protected":false},"author":4,"featured_media":149156,"comment_status":"open","ping_status":"open","sticky":false,"template":"","format":"standard","meta":{"jetpack_post_was_ever_published":false,"_jetpack_newsletter_access":"","_jetpack_dont_email_post_to_subs":false,"_jetpack_newsletter_tier_id":0,"_jetpack_memberships_contains_paywalled_content":false,"_jetpack_memberships_contains_paid_content":false,"footnotes":"","jetpack_publicize_message":"","jetpack_publicize_feature_enabled":true,"jetpack_social_post_already_shared":false,"jetpack_social_options":{"image_generator_settings":{"template":"highway","default_image_id":0,"font":"","enabled":false},"version":2}},"categories":[5],"tags":[],"class_list":["post-107956","post","type-post","status-publish","format-standard","has-post-thumbnail","hentry","category-vincent-de-paul"],"yoast_head":"<!-- This site is optimized with the Yoast SEO plugin v26.3 - https:\/\/yoast.com\/wordpress\/plugins\/seo\/ -->\n<title>Life of St. Vincent de Paul (Forbes). Chapter 10 - We are Vincentians<\/title>\n<meta name=\"robots\" content=\"index, follow, max-snippet:-1, max-image-preview:large, max-video-preview:-1\" \/>\n<link rel=\"canonical\" href=\"http:\/\/vincentians.com\/en\/life-of-st-vincent-de-paul-forbes-chapter-10\/\" \/>\n<meta property=\"og:locale\" content=\"en_US\" \/>\n<meta property=\"og:type\" content=\"article\" \/>\n<meta property=\"og:title\" content=\"Life of St. Vincent de Paul (Forbes). Chapter 10 - We are Vincentians\" \/>\n<meta property=\"og:description\" content=\"Chapter 10 TROUBLES IN PARIS The Parliament at last took up the matter; men went about the streets of Paris shouting &#8220;Down with Mazarin!&#8221; A revolution was feared, and the Queen, with her young son, ... Read More\" \/>\n<meta property=\"og:url\" content=\"http:\/\/vincentians.com\/en\/life-of-st-vincent-de-paul-forbes-chapter-10\/\" \/>\n<meta property=\"og:site_name\" content=\"We are Vincentians\" \/>\n<meta property=\"article:publisher\" content=\"https:\/\/www.facebook.com\/WeAreVincentians\/\" \/>\n<meta property=\"article:author\" content=\"https:\/\/www.facebook.com\/JavierChento\" \/>\n<meta property=\"article:published_time\" content=\"2015-05-26T06:30:36+00:00\" \/>\n<meta property=\"article:modified_time\" content=\"2016-07-10T17:24:54+00:00\" \/>\n<meta property=\"og:image\" content=\"https:\/\/i0.wp.com\/vincentians.com\/en\/wp-content\/uploads\/sites\/2\/2016\/01\/vincent-de-paul.jpg?fit=1200%2C630\" \/>\n\t<meta property=\"og:image:width\" content=\"1200\" \/>\n\t<meta property=\"og:image:height\" content=\"630\" \/>\n\t<meta property=\"og:image:type\" content=\"image\/jpeg\" \/>\n<meta name=\"author\" content=\"Francisco Javier Fern\u00e1ndez Chento\" \/>\n<meta name=\"twitter:card\" content=\"summary_large_image\" \/>\n<meta name=\"twitter:creator\" content=\"@https:\/\/twitter.com\/javierchento\" \/>\n<meta name=\"twitter:site\" content=\"@WeVincentians\" \/>\n<meta name=\"twitter:label1\" content=\"Written by\" \/>\n\t<meta name=\"twitter:data1\" content=\"Francisco Javier Fern\u00e1ndez Chento\" \/>\n\t<meta name=\"twitter:label2\" content=\"Est. reading time\" \/>\n\t<meta name=\"twitter:data2\" content=\"8 minutes\" \/>\n<script type=\"application\/ld+json\" class=\"yoast-schema-graph\">{\"@context\":\"https:\/\/schema.org\",\"@graph\":[{\"@type\":\"Article\",\"@id\":\"http:\/\/vincentians.com\/en\/life-of-st-vincent-de-paul-forbes-chapter-10\/#article\",\"isPartOf\":{\"@id\":\"http:\/\/vincentians.com\/en\/life-of-st-vincent-de-paul-forbes-chapter-10\/\"},\"author\":{\"name\":\"Francisco Javier Fern\u00e1ndez Chento\",\"@id\":\"https:\/\/vincentians.com\/en\/#\/schema\/person\/9623ef4d9aa3b2dfb8c061f1499288f2\"},\"headline\":\"Life of St. Vincent de Paul (Forbes). Chapter 10\",\"datePublished\":\"2015-05-26T06:30:36+00:00\",\"dateModified\":\"2016-07-10T17:24:54+00:00\",\"mainEntityOfPage\":{\"@id\":\"http:\/\/vincentians.com\/en\/life-of-st-vincent-de-paul-forbes-chapter-10\/\"},\"wordCount\":1666,\"commentCount\":0,\"publisher\":{\"@id\":\"https:\/\/vincentians.com\/en\/#organization\"},\"image\":{\"@id\":\"http:\/\/vincentians.com\/en\/life-of-st-vincent-de-paul-forbes-chapter-10\/#primaryimage\"},\"thumbnailUrl\":\"https:\/\/i0.wp.com\/vincentians.com\/en\/wp-content\/uploads\/sites\/2\/2016\/01\/vincent-de-paul.jpg?fit=1200%2C630\",\"articleSection\":[\"Vincent de Paul\"],\"inLanguage\":\"en-US\",\"potentialAction\":[{\"@type\":\"CommentAction\",\"name\":\"Comment\",\"target\":[\"http:\/\/vincentians.com\/en\/life-of-st-vincent-de-paul-forbes-chapter-10\/#respond\"]}]},{\"@type\":\"WebPage\",\"@id\":\"http:\/\/vincentians.com\/en\/life-of-st-vincent-de-paul-forbes-chapter-10\/\",\"url\":\"http:\/\/vincentians.com\/en\/life-of-st-vincent-de-paul-forbes-chapter-10\/\",\"name\":\"Life of St. Vincent de Paul (Forbes). Chapter 10 - We are Vincentians\",\"isPartOf\":{\"@id\":\"https:\/\/vincentians.com\/en\/#website\"},\"primaryImageOfPage\":{\"@id\":\"http:\/\/vincentians.com\/en\/life-of-st-vincent-de-paul-forbes-chapter-10\/#primaryimage\"},\"image\":{\"@id\":\"http:\/\/vincentians.com\/en\/life-of-st-vincent-de-paul-forbes-chapter-10\/#primaryimage\"},\"thumbnailUrl\":\"https:\/\/i0.wp.com\/vincentians.com\/en\/wp-content\/uploads\/sites\/2\/2016\/01\/vincent-de-paul.jpg?fit=1200%2C630\",\"datePublished\":\"2015-05-26T06:30:36+00:00\",\"dateModified\":\"2016-07-10T17:24:54+00:00\",\"breadcrumb\":{\"@id\":\"http:\/\/vincentians.com\/en\/life-of-st-vincent-de-paul-forbes-chapter-10\/#breadcrumb\"},\"inLanguage\":\"en-US\",\"potentialAction\":[{\"@type\":\"ReadAction\",\"target\":[\"http:\/\/vincentians.com\/en\/life-of-st-vincent-de-paul-forbes-chapter-10\/\"]}]},{\"@type\":\"ImageObject\",\"inLanguage\":\"en-US\",\"@id\":\"http:\/\/vincentians.com\/en\/life-of-st-vincent-de-paul-forbes-chapter-10\/#primaryimage\",\"url\":\"https:\/\/i0.wp.com\/vincentians.com\/en\/wp-content\/uploads\/sites\/2\/2016\/01\/vincent-de-paul.jpg?fit=1200%2C630\",\"contentUrl\":\"https:\/\/i0.wp.com\/vincentians.com\/en\/wp-content\/uploads\/sites\/2\/2016\/01\/vincent-de-paul.jpg?fit=1200%2C630\",\"width\":1200,\"height\":630},{\"@type\":\"BreadcrumbList\",\"@id\":\"http:\/\/vincentians.com\/en\/life-of-st-vincent-de-paul-forbes-chapter-10\/#breadcrumb\",\"itemListElement\":[{\"@type\":\"ListItem\",\"position\":1,\"name\":\"Portada\",\"item\":\"https:\/\/vincentians.com\/en\/\"},{\"@type\":\"ListItem\",\"position\":2,\"name\":\"Life of St. Vincent de Paul (Forbes). Chapter 10\"}]},{\"@type\":\"WebSite\",\"@id\":\"https:\/\/vincentians.com\/en\/#website\",\"url\":\"https:\/\/vincentians.com\/en\/\",\"name\":\"We are Vincentians\",\"description\":\"Know more to serve more\",\"publisher\":{\"@id\":\"https:\/\/vincentians.com\/en\/#organization\"},\"potentialAction\":[{\"@type\":\"SearchAction\",\"target\":{\"@type\":\"EntryPoint\",\"urlTemplate\":\"https:\/\/vincentians.com\/en\/?s={search_term_string}\"},\"query-input\":{\"@type\":\"PropertyValueSpecification\",\"valueRequired\":true,\"valueName\":\"search_term_string\"}}],\"inLanguage\":\"en-US\"},{\"@type\":\"Organization\",\"@id\":\"https:\/\/vincentians.com\/en\/#organization\",\"name\":\"The Vincentian Network\",\"url\":\"https:\/\/vincentians.com\/en\/\",\"logo\":{\"@type\":\"ImageObject\",\"inLanguage\":\"en-US\",\"@id\":\"https:\/\/vincentians.com\/en\/#\/schema\/logo\/image\/\",\"url\":\"https:\/\/i1.wp.com\/vincentians.com\/en\/wp-content\/uploads\/sites\/2\/2016\/06\/Vincentian-Network-logo-big.png?fit=778%2C778&ssl=1\",\"contentUrl\":\"https:\/\/i1.wp.com\/vincentians.com\/en\/wp-content\/uploads\/sites\/2\/2016\/06\/Vincentian-Network-logo-big.png?fit=778%2C778&ssl=1\",\"width\":778,\"height\":778,\"caption\":\"The Vincentian Network\"},\"image\":{\"@id\":\"https:\/\/vincentians.com\/en\/#\/schema\/logo\/image\/\"},\"sameAs\":[\"https:\/\/www.facebook.com\/WeAreVincentians\/\",\"https:\/\/x.com\/WeVincentians\"]},{\"@type\":\"Person\",\"@id\":\"https:\/\/vincentians.com\/en\/#\/schema\/person\/9623ef4d9aa3b2dfb8c061f1499288f2\",\"name\":\"Francisco Javier Fern\u00e1ndez Chento\",\"image\":{\"@type\":\"ImageObject\",\"inLanguage\":\"en-US\",\"@id\":\"https:\/\/vincentians.com\/en\/#\/schema\/person\/image\/\",\"url\":\"https:\/\/secure.gravatar.com\/avatar\/497d5cde87b4c3d097d0315953521681ba2cd523ee66e5077c3711f7021e65de?s=96&d=mm&r=g\",\"contentUrl\":\"https:\/\/secure.gravatar.com\/avatar\/497d5cde87b4c3d097d0315953521681ba2cd523ee66e5077c3711f7021e65de?s=96&d=mm&r=g\",\"caption\":\"Francisco Javier Fern\u00e1ndez Chento\"},\"description\":\"Director General y cofundador de La Red de Formaci\u00f3n Vicenciana. Javier es laico vicenciano, afiliado a la Congregaci\u00f3n de la Misi\u00f3n y miembro del Equipo de Misiones Populares de la provincia can\u00f3nica de Zaragoza (Espa\u00f1a) de la Congregaci\u00f3n de la Misi\u00f3n. Graduado en la Universidad Oberta de Catalunya con cuatro grados (Asistente de direcci\u00f3n, Gesti\u00f3n Administrativa, Recursos Humanos y Contabilidad Avanzada). Bil\u00edng\u00fce Espa\u00f1ol\/Ingl\u00e9s. gestiona y mantiene varias p\u00e1ginas web cristianas y vicencianas, incluida including La Red de Formaci\u00f3n Vicenciana, de la que es cofundador. Actualmente es responsable del \u00e1rea de Espa\u00f1ol de .famvin, la Red de Noticias de la Familia Vicenciana. Tambi\u00e9n es m\u00fasico cat\u00f3lico y ha editado varios discos. Es Director General y cofundador de Trovador, una reconocida compa\u00f1\u00eda discogr\u00e1fica critiana de Espa\u00f1a. Trabaja en las Tecnolog\u00edas de la Informaci\u00f3n, ofreciendo servicios de alojamiento, dise\u00f1o y mantenimiento Web, as\u00ed como asesoramiento, formaci\u00f3n y soluciones inform\u00e1ticas, gesti\u00f3n documental y digitalizaci\u00f3n de textos, edici\u00f3n y maquetaci\u00f3n de libros, revistas, flyers, etc.\",\"sameAs\":[\"http:\/\/chento.org\",\"https:\/\/www.facebook.com\/JavierChento\",\"https:\/\/x.com\/https:\/\/twitter.com\/javierchento\"],\"url\":\"http:\/\/vincentians.com\/en\/author\/chento\/\"}]}<\/script>\n<!-- \/ Yoast SEO plugin. -->","yoast_head_json":{"title":"Life of St. Vincent de Paul (Forbes). Chapter 10 - We are Vincentians","robots":{"index":"index","follow":"follow","max-snippet":"max-snippet:-1","max-image-preview":"max-image-preview:large","max-video-preview":"max-video-preview:-1"},"canonical":"http:\/\/vincentians.com\/en\/life-of-st-vincent-de-paul-forbes-chapter-10\/","og_locale":"en_US","og_type":"article","og_title":"Life of St. Vincent de Paul (Forbes). Chapter 10 - We are Vincentians","og_description":"Chapter 10 TROUBLES IN PARIS The Parliament at last took up the matter; men went about the streets of Paris shouting &#8220;Down with Mazarin!&#8221; A revolution was feared, and the Queen, with her young son, ... Read More","og_url":"http:\/\/vincentians.com\/en\/life-of-st-vincent-de-paul-forbes-chapter-10\/","og_site_name":"We are Vincentians","article_publisher":"https:\/\/www.facebook.com\/WeAreVincentians\/","article_author":"https:\/\/www.facebook.com\/JavierChento","article_published_time":"2015-05-26T06:30:36+00:00","article_modified_time":"2016-07-10T17:24:54+00:00","og_image":[{"width":1200,"height":630,"url":"https:\/\/i0.wp.com\/vincentians.com\/en\/wp-content\/uploads\/sites\/2\/2016\/01\/vincent-de-paul.jpg?fit=1200%2C630","type":"image\/jpeg"}],"author":"Francisco Javier Fern\u00e1ndez Chento","twitter_card":"summary_large_image","twitter_creator":"@https:\/\/twitter.com\/javierchento","twitter_site":"@WeVincentians","twitter_misc":{"Written by":"Francisco Javier Fern\u00e1ndez Chento","Est. reading time":"8 minutes"},"schema":{"@context":"https:\/\/schema.org","@graph":[{"@type":"Article","@id":"http:\/\/vincentians.com\/en\/life-of-st-vincent-de-paul-forbes-chapter-10\/#article","isPartOf":{"@id":"http:\/\/vincentians.com\/en\/life-of-st-vincent-de-paul-forbes-chapter-10\/"},"author":{"name":"Francisco Javier Fern\u00e1ndez Chento","@id":"https:\/\/vincentians.com\/en\/#\/schema\/person\/9623ef4d9aa3b2dfb8c061f1499288f2"},"headline":"Life of St. Vincent de Paul (Forbes). Chapter 10","datePublished":"2015-05-26T06:30:36+00:00","dateModified":"2016-07-10T17:24:54+00:00","mainEntityOfPage":{"@id":"http:\/\/vincentians.com\/en\/life-of-st-vincent-de-paul-forbes-chapter-10\/"},"wordCount":1666,"commentCount":0,"publisher":{"@id":"https:\/\/vincentians.com\/en\/#organization"},"image":{"@id":"http:\/\/vincentians.com\/en\/life-of-st-vincent-de-paul-forbes-chapter-10\/#primaryimage"},"thumbnailUrl":"https:\/\/i0.wp.com\/vincentians.com\/en\/wp-content\/uploads\/sites\/2\/2016\/01\/vincent-de-paul.jpg?fit=1200%2C630","articleSection":["Vincent de Paul"],"inLanguage":"en-US","potentialAction":[{"@type":"CommentAction","name":"Comment","target":["http:\/\/vincentians.com\/en\/life-of-st-vincent-de-paul-forbes-chapter-10\/#respond"]}]},{"@type":"WebPage","@id":"http:\/\/vincentians.com\/en\/life-of-st-vincent-de-paul-forbes-chapter-10\/","url":"http:\/\/vincentians.com\/en\/life-of-st-vincent-de-paul-forbes-chapter-10\/","name":"Life of St. Vincent de Paul (Forbes). Chapter 10 - We are Vincentians","isPartOf":{"@id":"https:\/\/vincentians.com\/en\/#website"},"primaryImageOfPage":{"@id":"http:\/\/vincentians.com\/en\/life-of-st-vincent-de-paul-forbes-chapter-10\/#primaryimage"},"image":{"@id":"http:\/\/vincentians.com\/en\/life-of-st-vincent-de-paul-forbes-chapter-10\/#primaryimage"},"thumbnailUrl":"https:\/\/i0.wp.com\/vincentians.com\/en\/wp-content\/uploads\/sites\/2\/2016\/01\/vincent-de-paul.jpg?fit=1200%2C630","datePublished":"2015-05-26T06:30:36+00:00","dateModified":"2016-07-10T17:24:54+00:00","breadcrumb":{"@id":"http:\/\/vincentians.com\/en\/life-of-st-vincent-de-paul-forbes-chapter-10\/#breadcrumb"},"inLanguage":"en-US","potentialAction":[{"@type":"ReadAction","target":["http:\/\/vincentians.com\/en\/life-of-st-vincent-de-paul-forbes-chapter-10\/"]}]},{"@type":"ImageObject","inLanguage":"en-US","@id":"http:\/\/vincentians.com\/en\/life-of-st-vincent-de-paul-forbes-chapter-10\/#primaryimage","url":"https:\/\/i0.wp.com\/vincentians.com\/en\/wp-content\/uploads\/sites\/2\/2016\/01\/vincent-de-paul.jpg?fit=1200%2C630","contentUrl":"https:\/\/i0.wp.com\/vincentians.com\/en\/wp-content\/uploads\/sites\/2\/2016\/01\/vincent-de-paul.jpg?fit=1200%2C630","width":1200,"height":630},{"@type":"BreadcrumbList","@id":"http:\/\/vincentians.com\/en\/life-of-st-vincent-de-paul-forbes-chapter-10\/#breadcrumb","itemListElement":[{"@type":"ListItem","position":1,"name":"Portada","item":"https:\/\/vincentians.com\/en\/"},{"@type":"ListItem","position":2,"name":"Life of St. Vincent de Paul (Forbes). Chapter 10"}]},{"@type":"WebSite","@id":"https:\/\/vincentians.com\/en\/#website","url":"https:\/\/vincentians.com\/en\/","name":"We are Vincentians","description":"Know more to serve more","publisher":{"@id":"https:\/\/vincentians.com\/en\/#organization"},"potentialAction":[{"@type":"SearchAction","target":{"@type":"EntryPoint","urlTemplate":"https:\/\/vincentians.com\/en\/?s={search_term_string}"},"query-input":{"@type":"PropertyValueSpecification","valueRequired":true,"valueName":"search_term_string"}}],"inLanguage":"en-US"},{"@type":"Organization","@id":"https:\/\/vincentians.com\/en\/#organization","name":"The Vincentian Network","url":"https:\/\/vincentians.com\/en\/","logo":{"@type":"ImageObject","inLanguage":"en-US","@id":"https:\/\/vincentians.com\/en\/#\/schema\/logo\/image\/","url":"https:\/\/i1.wp.com\/vincentians.com\/en\/wp-content\/uploads\/sites\/2\/2016\/06\/Vincentian-Network-logo-big.png?fit=778%2C778&ssl=1","contentUrl":"https:\/\/i1.wp.com\/vincentians.com\/en\/wp-content\/uploads\/sites\/2\/2016\/06\/Vincentian-Network-logo-big.png?fit=778%2C778&ssl=1","width":778,"height":778,"caption":"The Vincentian Network"},"image":{"@id":"https:\/\/vincentians.com\/en\/#\/schema\/logo\/image\/"},"sameAs":["https:\/\/www.facebook.com\/WeAreVincentians\/","https:\/\/x.com\/WeVincentians"]},{"@type":"Person","@id":"https:\/\/vincentians.com\/en\/#\/schema\/person\/9623ef4d9aa3b2dfb8c061f1499288f2","name":"Francisco Javier Fern\u00e1ndez Chento","image":{"@type":"ImageObject","inLanguage":"en-US","@id":"https:\/\/vincentians.com\/en\/#\/schema\/person\/image\/","url":"https:\/\/secure.gravatar.com\/avatar\/497d5cde87b4c3d097d0315953521681ba2cd523ee66e5077c3711f7021e65de?s=96&d=mm&r=g","contentUrl":"https:\/\/secure.gravatar.com\/avatar\/497d5cde87b4c3d097d0315953521681ba2cd523ee66e5077c3711f7021e65de?s=96&d=mm&r=g","caption":"Francisco Javier Fern\u00e1ndez Chento"},"description":"Director General y cofundador de La Red de Formaci\u00f3n Vicenciana. Javier es laico vicenciano, afiliado a la Congregaci\u00f3n de la Misi\u00f3n y miembro del Equipo de Misiones Populares de la provincia can\u00f3nica de Zaragoza (Espa\u00f1a) de la Congregaci\u00f3n de la Misi\u00f3n. Graduado en la Universidad Oberta de Catalunya con cuatro grados (Asistente de direcci\u00f3n, Gesti\u00f3n Administrativa, Recursos Humanos y Contabilidad Avanzada). Bil\u00edng\u00fce Espa\u00f1ol\/Ingl\u00e9s. gestiona y mantiene varias p\u00e1ginas web cristianas y vicencianas, incluida including La Red de Formaci\u00f3n Vicenciana, de la que es cofundador. Actualmente es responsable del \u00e1rea de Espa\u00f1ol de .famvin, la Red de Noticias de la Familia Vicenciana. Tambi\u00e9n es m\u00fasico cat\u00f3lico y ha editado varios discos. Es Director General y cofundador de Trovador, una reconocida compa\u00f1\u00eda discogr\u00e1fica critiana de Espa\u00f1a. Trabaja en las Tecnolog\u00edas de la Informaci\u00f3n, ofreciendo servicios de alojamiento, dise\u00f1o y mantenimiento Web, as\u00ed como asesoramiento, formaci\u00f3n y soluciones inform\u00e1ticas, gesti\u00f3n documental y digitalizaci\u00f3n de textos, edici\u00f3n y maquetaci\u00f3n de libros, revistas, flyers, etc.","sameAs":["http:\/\/chento.org","https:\/\/www.facebook.com\/JavierChento","https:\/\/x.com\/https:\/\/twitter.com\/javierchento"],"url":"http:\/\/vincentians.com\/en\/author\/chento\/"}]}},"jetpack_publicize_connections":[],"jetpack_featured_media_url":"https:\/\/i0.wp.com\/vincentians.com\/en\/wp-content\/uploads\/sites\/2\/2016\/01\/vincent-de-paul.jpg?fit=1200%2C630","jetpack_sharing_enabled":true,"jetpack_shortlink":"https:\/\/wp.me\/p7K2Ow-s5e","jetpack-related-posts":[{"id":109178,"url":"http:\/\/vincentians.com\/en\/saint-vincent-paul-biography-00-introduction\/","url_meta":{"origin":107956,"position":0},"title":"Saint Vincent de Paul, a biography 00 &#8211; Introduction","author":"Francisco Javier Fern\u00e1ndez Chento","date":"December 20, 2016","format":false,"excerpt":"Foreword Forests and mists will always present a challenge to man's curiosity. It has been said of St. Vincent de Paul that his works encircle him like a forest and his humility envelops him like a mist. Father Jos\u00e9 Mar\u00eda Rom\u00e1n valiantly guides us through that forest and mist. His\u2026","rel":"","context":"In &quot;Vincent de Paul&quot;","block_context":{"text":"Vincent de Paul","link":"http:\/\/vincentians.com\/en\/category\/the-vincentian-family\/founders\/vincent-de-paul\/"},"img":{"alt_text":"","src":"https:\/\/i0.wp.com\/vincentians.com\/en\/wp-content\/uploads\/sites\/2\/2016\/07\/Saint-Vincent-de-Paul-a-biography.jpg?fit=1200%2C630&resize=350%2C200","width":350,"height":200,"srcset":"https:\/\/i0.wp.com\/vincentians.com\/en\/wp-content\/uploads\/sites\/2\/2016\/07\/Saint-Vincent-de-Paul-a-biography.jpg?fit=1200%2C630&resize=350%2C200 1x, https:\/\/i0.wp.com\/vincentians.com\/en\/wp-content\/uploads\/sites\/2\/2016\/07\/Saint-Vincent-de-Paul-a-biography.jpg?fit=1200%2C630&resize=525%2C300 1.5x, https:\/\/i0.wp.com\/vincentians.com\/en\/wp-content\/uploads\/sites\/2\/2016\/07\/Saint-Vincent-de-Paul-a-biography.jpg?fit=1200%2C630&resize=700%2C400 2x, https:\/\/i0.wp.com\/vincentians.com\/en\/wp-content\/uploads\/sites\/2\/2016\/07\/Saint-Vincent-de-Paul-a-biography.jpg?fit=1200%2C630&resize=1050%2C600 3x"},"classes":[]},{"id":151798,"url":"http:\/\/vincentians.com\/en\/new-in-the-library-history-of-st-vincent-paul-vols-1-2-emile-bougaud\/","url_meta":{"origin":107956,"position":1},"title":"New in the Library: &#8220;History of St. Vincent de Paul&#8221; Vols. 1 &#038; 2 (\u00c9mile Bougaud)","author":"Francisco Javier Fern\u00e1ndez Chento","date":"July 19, 2016","format":false,"excerpt":"English translation of Monseigneur Bougaud, Histoire de saint Vincent de Paul, fondateur de la Congr\u00e9gation des Pr\u00eatres de la Mission et des Filles de la Charit\u00e9, Paris, Poussielgue fr\u00e8res Ch. Poussielgue, successeur, 1889, t. I, XII-487 p., t. II, 428 p. Louis-Victor-\u00c9mile Bougaud, (1823-1888), Bishop of Laval in France. He\u2026","rel":"","context":"In &quot;Vincent de Paul&quot;","block_context":{"text":"Vincent de Paul","link":"http:\/\/vincentians.com\/en\/category\/the-vincentian-family\/founders\/vincent-de-paul\/"},"img":{"alt_text":"","src":"https:\/\/i0.wp.com\/vincentians.com\/en\/wp-content\/uploads\/sites\/2\/2016\/07\/the-vincentian-digital-library-2.jpg?fit=1200%2C630&resize=350%2C200","width":350,"height":200,"srcset":"https:\/\/i0.wp.com\/vincentians.com\/en\/wp-content\/uploads\/sites\/2\/2016\/07\/the-vincentian-digital-library-2.jpg?fit=1200%2C630&resize=350%2C200 1x, https:\/\/i0.wp.com\/vincentians.com\/en\/wp-content\/uploads\/sites\/2\/2016\/07\/the-vincentian-digital-library-2.jpg?fit=1200%2C630&resize=525%2C300 1.5x, https:\/\/i0.wp.com\/vincentians.com\/en\/wp-content\/uploads\/sites\/2\/2016\/07\/the-vincentian-digital-library-2.jpg?fit=1200%2C630&resize=700%2C400 2x, https:\/\/i0.wp.com\/vincentians.com\/en\/wp-content\/uploads\/sites\/2\/2016\/07\/the-vincentian-digital-library-2.jpg?fit=1200%2C630&resize=1050%2C600 3x"},"classes":[]},{"id":152797,"url":"http:\/\/vincentians.com\/en\/ephemerides-august-21\/","url_meta":{"origin":107956,"position":2},"title":"Ephemerides: August, 21","author":"Francisco Javier Fern\u00e1ndez Chento","date":"August 21, 2016","format":false,"excerpt":"1632. The Parliament of Paris accepts the letter of the King that approve the granting of Saint Lazare to the Congregation of the Mission. This is approved despite the objections of the Abbot of Saint Victor and some other priests in Paris. 1640. Vincent receives a letter from the Marquise\u2026","rel":"","context":"In &quot;Vincentian ephemerides&quot;","block_context":{"text":"Vincentian ephemerides","link":"http:\/\/vincentians.com\/en\/category\/history-of-the-vincentian-family\/vincentian-ephemerides\/"},"img":{"alt_text":"","src":"https:\/\/i0.wp.com\/vincentians.com\/en\/wp-content\/uploads\/sites\/2\/2016\/07\/ephemerides-fb.jpg?fit=1200%2C630&resize=350%2C200","width":350,"height":200,"srcset":"https:\/\/i0.wp.com\/vincentians.com\/en\/wp-content\/uploads\/sites\/2\/2016\/07\/ephemerides-fb.jpg?fit=1200%2C630&resize=350%2C200 1x, https:\/\/i0.wp.com\/vincentians.com\/en\/wp-content\/uploads\/sites\/2\/2016\/07\/ephemerides-fb.jpg?fit=1200%2C630&resize=525%2C300 1.5x, https:\/\/i0.wp.com\/vincentians.com\/en\/wp-content\/uploads\/sites\/2\/2016\/07\/ephemerides-fb.jpg?fit=1200%2C630&resize=700%2C400 2x, https:\/\/i0.wp.com\/vincentians.com\/en\/wp-content\/uploads\/sites\/2\/2016\/07\/ephemerides-fb.jpg?fit=1200%2C630&resize=1050%2C600 3x"},"classes":[]},{"id":107318,"url":"http:\/\/vincentians.com\/en\/ephemerides-may-17th\/","url_meta":{"origin":107956,"position":3},"title":"Ephemerides: May, 17th","author":"Francisco Javier Fern\u00e1ndez Chento","date":"May 17, 2017","format":false,"excerpt":"1610: In Paris, Mr Vincent who recently was chaplain of the Queen Marguerite, received a profit, that, as he said ead him to discomfort. The archbishop of Aix, Hurault de l'H\u00f4pital, ceded to Vincent the abbey of Saint-L\u00e9onard de Chaumes, in the Diocese of Saintes. On paper, the income from\u2026","rel":"","context":"In &quot;Vincentian ephemerides&quot;","block_context":{"text":"Vincentian ephemerides","link":"http:\/\/vincentians.com\/en\/category\/history-of-the-vincentian-family\/vincentian-ephemerides\/"},"img":{"alt_text":"","src":"https:\/\/i0.wp.com\/vincentians.com\/en\/wp-content\/uploads\/sites\/2\/2016\/07\/ephemerides-fb.jpg?fit=1200%2C630&resize=350%2C200","width":350,"height":200,"srcset":"https:\/\/i0.wp.com\/vincentians.com\/en\/wp-content\/uploads\/sites\/2\/2016\/07\/ephemerides-fb.jpg?fit=1200%2C630&resize=350%2C200 1x, https:\/\/i0.wp.com\/vincentians.com\/en\/wp-content\/uploads\/sites\/2\/2016\/07\/ephemerides-fb.jpg?fit=1200%2C630&resize=525%2C300 1.5x, https:\/\/i0.wp.com\/vincentians.com\/en\/wp-content\/uploads\/sites\/2\/2016\/07\/ephemerides-fb.jpg?fit=1200%2C630&resize=700%2C400 2x, https:\/\/i0.wp.com\/vincentians.com\/en\/wp-content\/uploads\/sites\/2\/2016\/07\/ephemerides-fb.jpg?fit=1200%2C630&resize=1050%2C600 3x"},"classes":[]},{"id":108388,"url":"http:\/\/vincentians.com\/en\/frederic-ozanam-and-the-establishment-of-the-society-of-st-vincent-de-paul-02\/","url_meta":{"origin":107956,"position":4},"title":"Frederic Ozanam and the Establishment of the Society of St. Vincent de Paul (02)","author":"Francisco Javier Fern\u00e1ndez Chento","date":"November 24, 2013","format":false,"excerpt":"Chapter II: The establishment of the Society of St. Vincent de Paul in England When Ozanam returned from Lyons to Paris and commenced his lectures at the Sorbonne, he was gratified to see them attended by many young men of various nationalities. He gladly made the acquaint\u00adance of these, and\u2026","rel":"","context":"In &quot;Fr\u00e9d\u00e9ric Ozanam&quot;","block_context":{"text":"Fr\u00e9d\u00e9ric Ozanam","link":"http:\/\/vincentians.com\/en\/category\/the-vincentian-family\/founders\/frederic-ozanam\/"},"img":{"alt_text":"","src":"https:\/\/i0.wp.com\/vincentians.com\/en\/wp-content\/uploads\/sites\/2\/2016\/07\/ozanam-cross.jpg?fit=1200%2C630&resize=350%2C200","width":350,"height":200,"srcset":"https:\/\/i0.wp.com\/vincentians.com\/en\/wp-content\/uploads\/sites\/2\/2016\/07\/ozanam-cross.jpg?fit=1200%2C630&resize=350%2C200 1x, https:\/\/i0.wp.com\/vincentians.com\/en\/wp-content\/uploads\/sites\/2\/2016\/07\/ozanam-cross.jpg?fit=1200%2C630&resize=525%2C300 1.5x, https:\/\/i0.wp.com\/vincentians.com\/en\/wp-content\/uploads\/sites\/2\/2016\/07\/ozanam-cross.jpg?fit=1200%2C630&resize=700%2C400 2x, https:\/\/i0.wp.com\/vincentians.com\/en\/wp-content\/uploads\/sites\/2\/2016\/07\/ozanam-cross.jpg?fit=1200%2C630&resize=1050%2C600 3x"},"classes":[]},{"id":105029,"url":"http:\/\/vincentians.com\/en\/society-at-the-time-of-saint-vincent-de-paul-v\/","url_meta":{"origin":107956,"position":5},"title":"Society at the time of Saint Vincent de Paul (V)","author":"Francisco Javier Fern\u00e1ndez Chento","date":"May 20, 2015","format":false,"excerpt":"Attitudes and behaviour towards poor people The mental and social attitudes towards poor people on the part of those living in 17th century society at times forgot and at other times perceived the paradoxical reconciliation of the scandal of the experience of misery (real poverty) and the spiritual esteem of\u2026","rel":"","context":"In &quot;At the time of Vincent de Paul&quot;","block_context":{"text":"At the time of Vincent de Paul","link":"http:\/\/vincentians.com\/en\/category\/history-of-the-vincentian-family\/at-the-time-of-vincent-de-paul\/"},"img":{"alt_text":"","src":"https:\/\/i0.wp.com\/vincentians.com\/en\/wp-content\/uploads\/sites\/2\/2016\/06\/Society-at-the-time-of-Saint-Vincent-de-Paul.jpg?fit=1200%2C630&resize=350%2C200","width":350,"height":200,"srcset":"https:\/\/i0.wp.com\/vincentians.com\/en\/wp-content\/uploads\/sites\/2\/2016\/06\/Society-at-the-time-of-Saint-Vincent-de-Paul.jpg?fit=1200%2C630&resize=350%2C200 1x, https:\/\/i0.wp.com\/vincentians.com\/en\/wp-content\/uploads\/sites\/2\/2016\/06\/Society-at-the-time-of-Saint-Vincent-de-Paul.jpg?fit=1200%2C630&resize=525%2C300 1.5x, https:\/\/i0.wp.com\/vincentians.com\/en\/wp-content\/uploads\/sites\/2\/2016\/06\/Society-at-the-time-of-Saint-Vincent-de-Paul.jpg?fit=1200%2C630&resize=700%2C400 2x, https:\/\/i0.wp.com\/vincentians.com\/en\/wp-content\/uploads\/sites\/2\/2016\/06\/Society-at-the-time-of-Saint-Vincent-de-Paul.jpg?fit=1200%2C630&resize=1050%2C600 3x"},"classes":[]}],"_links":{"self":[{"href":"http:\/\/vincentians.com\/en\/wp-json\/wp\/v2\/posts\/107956","targetHints":{"allow":["GET"]}}],"collection":[{"href":"http:\/\/vincentians.com\/en\/wp-json\/wp\/v2\/posts"}],"about":[{"href":"http:\/\/vincentians.com\/en\/wp-json\/wp\/v2\/types\/post"}],"author":[{"embeddable":true,"href":"http:\/\/vincentians.com\/en\/wp-json\/wp\/v2\/users\/4"}],"replies":[{"embeddable":true,"href":"http:\/\/vincentians.com\/en\/wp-json\/wp\/v2\/comments?post=107956"}],"version-history":[{"count":0,"href":"http:\/\/vincentians.com\/en\/wp-json\/wp\/v2\/posts\/107956\/revisions"}],"wp:featuredmedia":[{"embeddable":true,"href":"http:\/\/vincentians.com\/en\/wp-json\/wp\/v2\/media\/149156"}],"wp:attachment":[{"href":"http:\/\/vincentians.com\/en\/wp-json\/wp\/v2\/media?parent=107956"}],"wp:term":[{"taxonomy":"category","embeddable":true,"href":"http:\/\/vincentians.com\/en\/wp-json\/wp\/v2\/categories?post=107956"},{"taxonomy":"post_tag","embeddable":true,"href":"http:\/\/vincentians.com\/en\/wp-json\/wp\/v2\/tags?post=107956"}],"curies":[{"name":"wp","href":"https:\/\/api.w.org\/{rel}","templated":true}]}}