{"id":107950,"date":"2015-05-18T07:30:36","date_gmt":"2015-05-18T05:30:36","guid":{"rendered":"http:\/\/vincentians.com\/?p=107950"},"modified":"2016-07-10T21:00:58","modified_gmt":"2016-07-10T19:00:58","slug":"life-of-st-vincent-de-paul-forbes-chapter-02","status":"publish","type":"post","link":"http:\/\/vincentians.com\/en\/life-of-st-vincent-de-paul-forbes-chapter-02\/","title":{"rendered":"Life of St. Vincent de Paul (Forbes). Chapter 02"},"content":{"rendered":"<h2>Chapter 2 SLAVERY<\/h2>\n<p>THE pirates were bound for the port of Tunis, the largest city of Barbary. But the sight of the glittering white town with its background of mountains, set in the gorgeous coloring of the African landscape, brought no gleam of joy or comfort to the sad hearts of the prisoners. Before them lay a life of slavery which might be worse than death; there was small prospect that they would ever see their native land again.<\/p>\n<p>To one faint hope, however, they clung desperately, as a drowning man clings to a straw. There was a French consul in Tunis whose business it was to look after the trade interests of his country, and it was just possible that he might use his influence to set them free.<\/p>\n<p>The hope was short-lived. The pirates, expecting to make a good deal of money out of their prisoners, were equally aware of this fact, and their first act on landing was to post a notice that the captives they had for sale were Spaniards. Nothing was left to Vincent and his companions, who did not know a word of the language of the country, but to endure their cruel fate.<\/p>\n<p>The Turks, having stripped their prisoners and clothed them in a kind of rough uniform, fastened chains round their necks and marched them through the town to the marketplace, where they were exhibited for sale much as cattle are at the present day. They were carefully inspected by the dealers, who looked at their teeth, felt their muscles, made them run and walk\u2014with loads and without\u2014to satisfy themselves that they were in good condition, and finally selected their victims. Vincent was bought by a fisherman who, finding that his new slave got hopelessly ill whenever they put out to sea, repented of his bargain and sold him to an alchemist.<\/p>\n<p>In the West, as well as in the East, there were still men who believed in the Philosopher&#8217;s Stone and the Elixir of Life. By means of the still undiscovered Stone they hoped to change base metals into gold, while the equally undiscovered Elixir was to prolong life indefinitely, and to make old people young.<\/p>\n<p>Vincent&#8217;s master was an enthusiast in his profession and kept ten or fifteen furnaces always burning in which to conduct his experiments. His slave, whose business it was to keep them alight, was kindly treated; the old man soon grew very fond of him and would harangue him by the hour on the subject of metals and essences. His great desire was that Vincent should become a Mohammedan like himself, a desire which, needless to say, remained unfulfilled, in spite of the large sums of money he promised if his slave would only oblige him in this matter.<\/p>\n<p>The old alchemist, however, had a certain reputation in his own country. Having been sent for one day to the Sultan&#8217;s Court, he died on the way, leaving his slave to his nephew, who lost no time in getting rid of him.<\/p>\n<p>Vincent&#8217;s next master was a Frenchman who had apostatized and was living as a Mohammedan on his farm in the mountains. This man had three wives, who were very kind to the poor captive\u2014especially one of them, who, although herself a Mohammedan, was to be the cause of her husband&#8217;s conversion and Vincent&#8217;s release. She would go out to the fields where the Christian slave was working and bid him tell her about his country and his religion. His answers seemed to impress her greatly, and one day she asked him to sing her one of the hymns they sang in France in praise of their God.<\/p>\n<p>The request brought tears to Vincent&#8217;s eyes. He thought of the Israelites captive in Babylon, and of their answer to a similar demand. With an aching heart he intoned the psalm, &#8220;By the waters of Babylon,&#8221; while the woman, strangely impressed by the plaintive chant, listened attentively and, when he had ended, begged for more.<\/p>\n<p>The <i>Salve Regina<\/i> followed, and other songs of praise, after which she went home silent and thoughtful. That night she spoke to her husband. &#8220;I cannot understand,&#8221; she said, &#8220;why you have given up a religion which is so good and holy. Your Christian slave has been telling me of your Faith and of your God, and has sung songs in His praise. My heart was so full of joy while he sang that I do not believe I shall be so happy even in the paradise of my fathers.&#8221; Her husband, whose conscience was not quite dead within him, listened silent and abashed. &#8220;Ah,&#8221; she continued, &#8220;there is something wonderful in that religion!&#8221;<\/p>\n<p>The woman&#8217;s words bore fruit. All day long, as her husband went about his business, the remembrance of his lost Faith was tugging at his heartstrings. Catching sight of Vincent digging in the fields, he went to him and bade him take courage. &#8220;At the first opportunity,&#8221; he said, &#8220;I will escape with you to France.&#8221;<\/p>\n<p>It was nine long months before that opportunity came, for the Frenchman was in the Sultan&#8217;s service and was not able to leave the country. At last, however, the two men, escaping together in a small boat, succeeded in reaching Avignon, and Vincent was free once more.<\/p>\n<p>Cardinal Montorio, the Pope&#8217;s legate, was deeply interested in the two fugitives, and a few days later reconciled the apostate, now deeply repentant, to the Church. The Cardinal, who shortly afterwards returned to Rome, took Vincent with him, showing him great kindness and introducing him to several people of importance. The opinion they formed of him is shown by the fact that he was chosen not long after to go on a secret mission to the court of Henry IV, King of France.<\/p>\n<p>An interview\u2014or rather several interviews\u2014with a reigning monarch would have been considered in those days as a first-rate chance for anyone who had a spark of ambition. Nothing would have been easier than to put in a plea for a benefice or a bishopric; but Vincent, who was both humble and unselfish, had no thought of his own advancement. His only desire was to get his business over and to leave the Court as quickly as possible.<\/p>\n<p>The question of how he was to live remaining still unanswered, he took a room in a house near one of the largest hospitals in Paris and devoted himself to the service of the sick and dying. But even the rent of the little room was more than he could afford to pay, and he was glad to share it with a companion. This was a judge from his own part of the country who was in Paris on account of a lawsuit and who, not being overburdened with money, offered to share the lodging and the rent.<\/p>\n<p>It was at this time that Vincent met Father\u2014afterwards Cardinal\u2014de B\u00e9rulle, one of the most holy and learned priests of his time, who was occupied at that moment in founding the French Congregation of the Oratory, destined to do such good work for the clergy of France. De B\u00e9rulle was quick to recognize holiness and merit, and he and Vincent soon became fast friends.<\/p>\n<p>But it did not seem to be God&#8217;s will that our hero should prosper in Paris; he fell ill, and one day while he was lying in bed waiting for some medicine which had been ordered, his companion went out, leaving the cupboard in which he kept his money unlocked. The chemist&#8217;s assistant, arriving shortly afterwards with the medicine and opening the cupboard to get a glass for the patient, caught sight of the purse, slipped it into his pocket, and made off.<\/p>\n<p>No sooner had the judge returned than he went to the cupboard and discovered the theft. Turning furiously on the sick man, he accused him of having stolen his property and overwhelmed him with insults and abuse. Vincent, unmoved by his threats, only answered gently that he had seen nothing of the money and did not know what had become of it; but his companion, refusing to listen to reason, rushed out and accused him to the police. This led to nothing, as neither witness nor proof could be brought forward by the judge, who, furious at the failure of his accusation, went about Paris denouncing Vincent as a thief. So determined was he to ruin the poor priest whose room he had shared that he obtained an introduction to Father de B\u00e9rulle for the express purpose of making Vincent&#8217;s guilt known to him. As for the latter, he bore the affront in silence, making no attempt to justify himself beyond his first declaration that he was innocent. &#8220;God knows the truth,&#8221; he would reply to all accusations.<\/p>\n<p>The true thief was only discovered six months later. The chemist&#8217;s assistant had fallen ill and was lying at the point of death at a hospital, when, repenting of his crime, he sent to implore forgiveness of the man he had robbed. The judge, stricken with remorse, wrote at once to Vincent, offering to come and ask his pardon on his knees for the wrong he had done him.<\/p>\n<p>Vincent was then living at the Oratory with Father de B\u00e9rulle, who had never doubted his innocence. He hastened to assure his old roommate that he desired no such apology and begged him to say no more about the matter. Such was his treatment of the man who had done him so grievous an injury.<\/p>\n<p>It was during these years that Vincent de Paul had another strange experience in which he showed heroic courage and steadfastness. He made the acquaintance of a learned doctor of the Sorbonne who was so tormented with doubts against the Faith that his reason was in danger. This man confided his distress to Vincent, who explained to him that a temptation to doubt does not constitute unbelief, and that as long as his will remained firm he was safe. It happens, however, that such temptations often cloud the reason, and Vincent&#8217;s labors to restore the man&#8217;s peace of mind were in vain.<\/p>\n<p>The priest, deeply moved at the sight of a soul in such danger, besought God for help, offering himself to bear the temptation in the doctor&#8217;s place. It was the inspiration of a saint, and the prayer was granted. The man was instantly delivered from his doubts, which took possession of Vincent himself. The trial was long and painful. For several years this humble and fervent soul endured the agony of an incessant temptation to unbelief. But Vincent knew how to resist this most subtle snare of the Evil One, and, although the anguish was continual, his will never wavered.<\/p>\n<p>Copying out the <i>Credo<\/i> on a small sheet of parchment, he placed it over his heart, and his only answer to the fearful doubts that harassed him was to lay his hand upon it as he made his act of Faith. To prevent himself from dwelling on such thoughts, he devoted himself more than ever to works of charity, spending himself in the service of the sick and poor and comforting others when he himself was often in greater need of comfort.<\/p>\n<p>One day when the temptation was almost more than he could bear and he felt himself on the point of yielding, he made a vow to consecrate himself to Jesus Christ in the person of His poor. As he made the promise the temptation vanished, and forever. His faith henceforward was a faith that had been tried and had conquered; strong and firm as such a faith must be, it held him ready for all that God might send.<\/p>\n","protected":false},"excerpt":{"rendered":"<p>Chapter 2 SLAVERY THE pirates were bound for the port of Tunis, the largest city of Barbary. But the sight of the glittering white town with its background of mountains, set in the gorgeous coloring &#8230; <a href=\"http:\/\/vincentians.com\/en\/life-of-st-vincent-de-paul-forbes-chapter-02\/\" class=\"more-link\">Read More<\/a><\/p>\n","protected":false},"author":4,"featured_media":149156,"comment_status":"open","ping_status":"open","sticky":false,"template":"","format":"standard","meta":{"jetpack_post_was_ever_published":false,"_jetpack_newsletter_access":"","_jetpack_dont_email_post_to_subs":false,"_jetpack_newsletter_tier_id":0,"_jetpack_memberships_contains_paywalled_content":false,"_jetpack_memberships_contains_paid_content":false,"footnotes":"","jetpack_publicize_message":"","jetpack_publicize_feature_enabled":true,"jetpack_social_post_already_shared":false,"jetpack_social_options":{"image_generator_settings":{"template":"highway","default_image_id":0,"font":"","enabled":false},"version":2}},"categories":[5],"tags":[],"class_list":["post-107950","post","type-post","status-publish","format-standard","has-post-thumbnail","hentry","category-vincent-de-paul"],"yoast_head":"<!-- This site is optimized with the Yoast SEO plugin v26.3 - https:\/\/yoast.com\/wordpress\/plugins\/seo\/ -->\n<title>Life of St. Vincent de Paul (Forbes). Chapter 02 - We are Vincentians<\/title>\n<meta name=\"robots\" content=\"index, follow, max-snippet:-1, max-image-preview:large, max-video-preview:-1\" \/>\n<link rel=\"canonical\" href=\"http:\/\/vincentians.com\/en\/life-of-st-vincent-de-paul-forbes-chapter-02\/\" \/>\n<meta property=\"og:locale\" content=\"en_US\" \/>\n<meta property=\"og:type\" content=\"article\" \/>\n<meta property=\"og:title\" content=\"Life of St. Vincent de Paul (Forbes). Chapter 02 - We are Vincentians\" \/>\n<meta property=\"og:description\" content=\"Chapter 2 SLAVERY THE pirates were bound for the port of Tunis, the largest city of Barbary. But the sight of the glittering white town with its background of mountains, set in the gorgeous coloring ... Read More\" \/>\n<meta property=\"og:url\" content=\"http:\/\/vincentians.com\/en\/life-of-st-vincent-de-paul-forbes-chapter-02\/\" \/>\n<meta property=\"og:site_name\" content=\"We are Vincentians\" \/>\n<meta property=\"article:publisher\" content=\"https:\/\/www.facebook.com\/WeAreVincentians\/\" \/>\n<meta property=\"article:author\" content=\"https:\/\/www.facebook.com\/JavierChento\" \/>\n<meta property=\"article:published_time\" content=\"2015-05-18T05:30:36+00:00\" \/>\n<meta property=\"article:modified_time\" content=\"2016-07-10T19:00:58+00:00\" \/>\n<meta property=\"og:image\" content=\"https:\/\/i0.wp.com\/vincentians.com\/en\/wp-content\/uploads\/sites\/2\/2016\/01\/vincent-de-paul.jpg?fit=1200%2C630\" \/>\n\t<meta property=\"og:image:width\" content=\"1200\" \/>\n\t<meta property=\"og:image:height\" content=\"630\" \/>\n\t<meta property=\"og:image:type\" content=\"image\/jpeg\" \/>\n<meta name=\"author\" content=\"Francisco Javier Fern\u00e1ndez Chento\" \/>\n<meta name=\"twitter:card\" content=\"summary_large_image\" \/>\n<meta name=\"twitter:creator\" content=\"@https:\/\/twitter.com\/javierchento\" \/>\n<meta name=\"twitter:site\" content=\"@WeVincentians\" \/>\n<meta name=\"twitter:label1\" content=\"Written by\" \/>\n\t<meta name=\"twitter:data1\" content=\"Francisco Javier Fern\u00e1ndez Chento\" \/>\n\t<meta name=\"twitter:label2\" content=\"Est. reading time\" \/>\n\t<meta name=\"twitter:data2\" content=\"10 minutes\" \/>\n<script type=\"application\/ld+json\" class=\"yoast-schema-graph\">{\"@context\":\"https:\/\/schema.org\",\"@graph\":[{\"@type\":\"Article\",\"@id\":\"http:\/\/vincentians.com\/en\/life-of-st-vincent-de-paul-forbes-chapter-02\/#article\",\"isPartOf\":{\"@id\":\"http:\/\/vincentians.com\/en\/life-of-st-vincent-de-paul-forbes-chapter-02\/\"},\"author\":{\"name\":\"Francisco Javier Fern\u00e1ndez Chento\",\"@id\":\"https:\/\/vincentians.com\/en\/#\/schema\/person\/9623ef4d9aa3b2dfb8c061f1499288f2\"},\"headline\":\"Life of St. Vincent de Paul (Forbes). Chapter 02\",\"datePublished\":\"2015-05-18T05:30:36+00:00\",\"dateModified\":\"2016-07-10T19:00:58+00:00\",\"mainEntityOfPage\":{\"@id\":\"http:\/\/vincentians.com\/en\/life-of-st-vincent-de-paul-forbes-chapter-02\/\"},\"wordCount\":1972,\"commentCount\":0,\"publisher\":{\"@id\":\"https:\/\/vincentians.com\/en\/#organization\"},\"image\":{\"@id\":\"http:\/\/vincentians.com\/en\/life-of-st-vincent-de-paul-forbes-chapter-02\/#primaryimage\"},\"thumbnailUrl\":\"https:\/\/i0.wp.com\/vincentians.com\/en\/wp-content\/uploads\/sites\/2\/2016\/01\/vincent-de-paul.jpg?fit=1200%2C630\",\"articleSection\":[\"Vincent de Paul\"],\"inLanguage\":\"en-US\",\"potentialAction\":[{\"@type\":\"CommentAction\",\"name\":\"Comment\",\"target\":[\"http:\/\/vincentians.com\/en\/life-of-st-vincent-de-paul-forbes-chapter-02\/#respond\"]}]},{\"@type\":\"WebPage\",\"@id\":\"http:\/\/vincentians.com\/en\/life-of-st-vincent-de-paul-forbes-chapter-02\/\",\"url\":\"http:\/\/vincentians.com\/en\/life-of-st-vincent-de-paul-forbes-chapter-02\/\",\"name\":\"Life of St. Vincent de Paul (Forbes). Chapter 02 - We are Vincentians\",\"isPartOf\":{\"@id\":\"https:\/\/vincentians.com\/en\/#website\"},\"primaryImageOfPage\":{\"@id\":\"http:\/\/vincentians.com\/en\/life-of-st-vincent-de-paul-forbes-chapter-02\/#primaryimage\"},\"image\":{\"@id\":\"http:\/\/vincentians.com\/en\/life-of-st-vincent-de-paul-forbes-chapter-02\/#primaryimage\"},\"thumbnailUrl\":\"https:\/\/i0.wp.com\/vincentians.com\/en\/wp-content\/uploads\/sites\/2\/2016\/01\/vincent-de-paul.jpg?fit=1200%2C630\",\"datePublished\":\"2015-05-18T05:30:36+00:00\",\"dateModified\":\"2016-07-10T19:00:58+00:00\",\"breadcrumb\":{\"@id\":\"http:\/\/vincentians.com\/en\/life-of-st-vincent-de-paul-forbes-chapter-02\/#breadcrumb\"},\"inLanguage\":\"en-US\",\"potentialAction\":[{\"@type\":\"ReadAction\",\"target\":[\"http:\/\/vincentians.com\/en\/life-of-st-vincent-de-paul-forbes-chapter-02\/\"]}]},{\"@type\":\"ImageObject\",\"inLanguage\":\"en-US\",\"@id\":\"http:\/\/vincentians.com\/en\/life-of-st-vincent-de-paul-forbes-chapter-02\/#primaryimage\",\"url\":\"https:\/\/i0.wp.com\/vincentians.com\/en\/wp-content\/uploads\/sites\/2\/2016\/01\/vincent-de-paul.jpg?fit=1200%2C630\",\"contentUrl\":\"https:\/\/i0.wp.com\/vincentians.com\/en\/wp-content\/uploads\/sites\/2\/2016\/01\/vincent-de-paul.jpg?fit=1200%2C630\",\"width\":1200,\"height\":630},{\"@type\":\"BreadcrumbList\",\"@id\":\"http:\/\/vincentians.com\/en\/life-of-st-vincent-de-paul-forbes-chapter-02\/#breadcrumb\",\"itemListElement\":[{\"@type\":\"ListItem\",\"position\":1,\"name\":\"Portada\",\"item\":\"https:\/\/vincentians.com\/en\/\"},{\"@type\":\"ListItem\",\"position\":2,\"name\":\"Life of St. Vincent de Paul (Forbes). Chapter 02\"}]},{\"@type\":\"WebSite\",\"@id\":\"https:\/\/vincentians.com\/en\/#website\",\"url\":\"https:\/\/vincentians.com\/en\/\",\"name\":\"We are Vincentians\",\"description\":\"Know more to serve more\",\"publisher\":{\"@id\":\"https:\/\/vincentians.com\/en\/#organization\"},\"potentialAction\":[{\"@type\":\"SearchAction\",\"target\":{\"@type\":\"EntryPoint\",\"urlTemplate\":\"https:\/\/vincentians.com\/en\/?s={search_term_string}\"},\"query-input\":{\"@type\":\"PropertyValueSpecification\",\"valueRequired\":true,\"valueName\":\"search_term_string\"}}],\"inLanguage\":\"en-US\"},{\"@type\":\"Organization\",\"@id\":\"https:\/\/vincentians.com\/en\/#organization\",\"name\":\"The Vincentian Network\",\"url\":\"https:\/\/vincentians.com\/en\/\",\"logo\":{\"@type\":\"ImageObject\",\"inLanguage\":\"en-US\",\"@id\":\"https:\/\/vincentians.com\/en\/#\/schema\/logo\/image\/\",\"url\":\"https:\/\/i1.wp.com\/vincentians.com\/en\/wp-content\/uploads\/sites\/2\/2016\/06\/Vincentian-Network-logo-big.png?fit=778%2C778&ssl=1\",\"contentUrl\":\"https:\/\/i1.wp.com\/vincentians.com\/en\/wp-content\/uploads\/sites\/2\/2016\/06\/Vincentian-Network-logo-big.png?fit=778%2C778&ssl=1\",\"width\":778,\"height\":778,\"caption\":\"The Vincentian Network\"},\"image\":{\"@id\":\"https:\/\/vincentians.com\/en\/#\/schema\/logo\/image\/\"},\"sameAs\":[\"https:\/\/www.facebook.com\/WeAreVincentians\/\",\"https:\/\/x.com\/WeVincentians\"]},{\"@type\":\"Person\",\"@id\":\"https:\/\/vincentians.com\/en\/#\/schema\/person\/9623ef4d9aa3b2dfb8c061f1499288f2\",\"name\":\"Francisco Javier Fern\u00e1ndez Chento\",\"image\":{\"@type\":\"ImageObject\",\"inLanguage\":\"en-US\",\"@id\":\"https:\/\/vincentians.com\/en\/#\/schema\/person\/image\/\",\"url\":\"https:\/\/secure.gravatar.com\/avatar\/497d5cde87b4c3d097d0315953521681ba2cd523ee66e5077c3711f7021e65de?s=96&d=mm&r=g\",\"contentUrl\":\"https:\/\/secure.gravatar.com\/avatar\/497d5cde87b4c3d097d0315953521681ba2cd523ee66e5077c3711f7021e65de?s=96&d=mm&r=g\",\"caption\":\"Francisco Javier Fern\u00e1ndez Chento\"},\"description\":\"Director General y cofundador de La Red de Formaci\u00f3n Vicenciana. Javier es laico vicenciano, afiliado a la Congregaci\u00f3n de la Misi\u00f3n y miembro del Equipo de Misiones Populares de la provincia can\u00f3nica de Zaragoza (Espa\u00f1a) de la Congregaci\u00f3n de la Misi\u00f3n. Graduado en la Universidad Oberta de Catalunya con cuatro grados (Asistente de direcci\u00f3n, Gesti\u00f3n Administrativa, Recursos Humanos y Contabilidad Avanzada). Bil\u00edng\u00fce Espa\u00f1ol\/Ingl\u00e9s. gestiona y mantiene varias p\u00e1ginas web cristianas y vicencianas, incluida including La Red de Formaci\u00f3n Vicenciana, de la que es cofundador. Actualmente es responsable del \u00e1rea de Espa\u00f1ol de .famvin, la Red de Noticias de la Familia Vicenciana. Tambi\u00e9n es m\u00fasico cat\u00f3lico y ha editado varios discos. Es Director General y cofundador de Trovador, una reconocida compa\u00f1\u00eda discogr\u00e1fica critiana de Espa\u00f1a. Trabaja en las Tecnolog\u00edas de la Informaci\u00f3n, ofreciendo servicios de alojamiento, dise\u00f1o y mantenimiento Web, as\u00ed como asesoramiento, formaci\u00f3n y soluciones inform\u00e1ticas, gesti\u00f3n documental y digitalizaci\u00f3n de textos, edici\u00f3n y maquetaci\u00f3n de libros, revistas, flyers, etc.\",\"sameAs\":[\"http:\/\/chento.org\",\"https:\/\/www.facebook.com\/JavierChento\",\"https:\/\/x.com\/https:\/\/twitter.com\/javierchento\"],\"url\":\"http:\/\/vincentians.com\/en\/author\/chento\/\"}]}<\/script>\n<!-- \/ Yoast SEO plugin. -->","yoast_head_json":{"title":"Life of St. Vincent de Paul (Forbes). Chapter 02 - We are Vincentians","robots":{"index":"index","follow":"follow","max-snippet":"max-snippet:-1","max-image-preview":"max-image-preview:large","max-video-preview":"max-video-preview:-1"},"canonical":"http:\/\/vincentians.com\/en\/life-of-st-vincent-de-paul-forbes-chapter-02\/","og_locale":"en_US","og_type":"article","og_title":"Life of St. Vincent de Paul (Forbes). Chapter 02 - We are Vincentians","og_description":"Chapter 2 SLAVERY THE pirates were bound for the port of Tunis, the largest city of Barbary. But the sight of the glittering white town with its background of mountains, set in the gorgeous coloring ... Read More","og_url":"http:\/\/vincentians.com\/en\/life-of-st-vincent-de-paul-forbes-chapter-02\/","og_site_name":"We are Vincentians","article_publisher":"https:\/\/www.facebook.com\/WeAreVincentians\/","article_author":"https:\/\/www.facebook.com\/JavierChento","article_published_time":"2015-05-18T05:30:36+00:00","article_modified_time":"2016-07-10T19:00:58+00:00","og_image":[{"width":1200,"height":630,"url":"https:\/\/i0.wp.com\/vincentians.com\/en\/wp-content\/uploads\/sites\/2\/2016\/01\/vincent-de-paul.jpg?fit=1200%2C630","type":"image\/jpeg"}],"author":"Francisco Javier Fern\u00e1ndez Chento","twitter_card":"summary_large_image","twitter_creator":"@https:\/\/twitter.com\/javierchento","twitter_site":"@WeVincentians","twitter_misc":{"Written by":"Francisco Javier Fern\u00e1ndez Chento","Est. reading time":"10 minutes"},"schema":{"@context":"https:\/\/schema.org","@graph":[{"@type":"Article","@id":"http:\/\/vincentians.com\/en\/life-of-st-vincent-de-paul-forbes-chapter-02\/#article","isPartOf":{"@id":"http:\/\/vincentians.com\/en\/life-of-st-vincent-de-paul-forbes-chapter-02\/"},"author":{"name":"Francisco Javier Fern\u00e1ndez Chento","@id":"https:\/\/vincentians.com\/en\/#\/schema\/person\/9623ef4d9aa3b2dfb8c061f1499288f2"},"headline":"Life of St. Vincent de Paul (Forbes). Chapter 02","datePublished":"2015-05-18T05:30:36+00:00","dateModified":"2016-07-10T19:00:58+00:00","mainEntityOfPage":{"@id":"http:\/\/vincentians.com\/en\/life-of-st-vincent-de-paul-forbes-chapter-02\/"},"wordCount":1972,"commentCount":0,"publisher":{"@id":"https:\/\/vincentians.com\/en\/#organization"},"image":{"@id":"http:\/\/vincentians.com\/en\/life-of-st-vincent-de-paul-forbes-chapter-02\/#primaryimage"},"thumbnailUrl":"https:\/\/i0.wp.com\/vincentians.com\/en\/wp-content\/uploads\/sites\/2\/2016\/01\/vincent-de-paul.jpg?fit=1200%2C630","articleSection":["Vincent de Paul"],"inLanguage":"en-US","potentialAction":[{"@type":"CommentAction","name":"Comment","target":["http:\/\/vincentians.com\/en\/life-of-st-vincent-de-paul-forbes-chapter-02\/#respond"]}]},{"@type":"WebPage","@id":"http:\/\/vincentians.com\/en\/life-of-st-vincent-de-paul-forbes-chapter-02\/","url":"http:\/\/vincentians.com\/en\/life-of-st-vincent-de-paul-forbes-chapter-02\/","name":"Life of St. Vincent de Paul (Forbes). Chapter 02 - We are Vincentians","isPartOf":{"@id":"https:\/\/vincentians.com\/en\/#website"},"primaryImageOfPage":{"@id":"http:\/\/vincentians.com\/en\/life-of-st-vincent-de-paul-forbes-chapter-02\/#primaryimage"},"image":{"@id":"http:\/\/vincentians.com\/en\/life-of-st-vincent-de-paul-forbes-chapter-02\/#primaryimage"},"thumbnailUrl":"https:\/\/i0.wp.com\/vincentians.com\/en\/wp-content\/uploads\/sites\/2\/2016\/01\/vincent-de-paul.jpg?fit=1200%2C630","datePublished":"2015-05-18T05:30:36+00:00","dateModified":"2016-07-10T19:00:58+00:00","breadcrumb":{"@id":"http:\/\/vincentians.com\/en\/life-of-st-vincent-de-paul-forbes-chapter-02\/#breadcrumb"},"inLanguage":"en-US","potentialAction":[{"@type":"ReadAction","target":["http:\/\/vincentians.com\/en\/life-of-st-vincent-de-paul-forbes-chapter-02\/"]}]},{"@type":"ImageObject","inLanguage":"en-US","@id":"http:\/\/vincentians.com\/en\/life-of-st-vincent-de-paul-forbes-chapter-02\/#primaryimage","url":"https:\/\/i0.wp.com\/vincentians.com\/en\/wp-content\/uploads\/sites\/2\/2016\/01\/vincent-de-paul.jpg?fit=1200%2C630","contentUrl":"https:\/\/i0.wp.com\/vincentians.com\/en\/wp-content\/uploads\/sites\/2\/2016\/01\/vincent-de-paul.jpg?fit=1200%2C630","width":1200,"height":630},{"@type":"BreadcrumbList","@id":"http:\/\/vincentians.com\/en\/life-of-st-vincent-de-paul-forbes-chapter-02\/#breadcrumb","itemListElement":[{"@type":"ListItem","position":1,"name":"Portada","item":"https:\/\/vincentians.com\/en\/"},{"@type":"ListItem","position":2,"name":"Life of St. Vincent de Paul (Forbes). Chapter 02"}]},{"@type":"WebSite","@id":"https:\/\/vincentians.com\/en\/#website","url":"https:\/\/vincentians.com\/en\/","name":"We are Vincentians","description":"Know more to serve more","publisher":{"@id":"https:\/\/vincentians.com\/en\/#organization"},"potentialAction":[{"@type":"SearchAction","target":{"@type":"EntryPoint","urlTemplate":"https:\/\/vincentians.com\/en\/?s={search_term_string}"},"query-input":{"@type":"PropertyValueSpecification","valueRequired":true,"valueName":"search_term_string"}}],"inLanguage":"en-US"},{"@type":"Organization","@id":"https:\/\/vincentians.com\/en\/#organization","name":"The Vincentian Network","url":"https:\/\/vincentians.com\/en\/","logo":{"@type":"ImageObject","inLanguage":"en-US","@id":"https:\/\/vincentians.com\/en\/#\/schema\/logo\/image\/","url":"https:\/\/i1.wp.com\/vincentians.com\/en\/wp-content\/uploads\/sites\/2\/2016\/06\/Vincentian-Network-logo-big.png?fit=778%2C778&ssl=1","contentUrl":"https:\/\/i1.wp.com\/vincentians.com\/en\/wp-content\/uploads\/sites\/2\/2016\/06\/Vincentian-Network-logo-big.png?fit=778%2C778&ssl=1","width":778,"height":778,"caption":"The Vincentian Network"},"image":{"@id":"https:\/\/vincentians.com\/en\/#\/schema\/logo\/image\/"},"sameAs":["https:\/\/www.facebook.com\/WeAreVincentians\/","https:\/\/x.com\/WeVincentians"]},{"@type":"Person","@id":"https:\/\/vincentians.com\/en\/#\/schema\/person\/9623ef4d9aa3b2dfb8c061f1499288f2","name":"Francisco Javier Fern\u00e1ndez Chento","image":{"@type":"ImageObject","inLanguage":"en-US","@id":"https:\/\/vincentians.com\/en\/#\/schema\/person\/image\/","url":"https:\/\/secure.gravatar.com\/avatar\/497d5cde87b4c3d097d0315953521681ba2cd523ee66e5077c3711f7021e65de?s=96&d=mm&r=g","contentUrl":"https:\/\/secure.gravatar.com\/avatar\/497d5cde87b4c3d097d0315953521681ba2cd523ee66e5077c3711f7021e65de?s=96&d=mm&r=g","caption":"Francisco Javier Fern\u00e1ndez Chento"},"description":"Director General y cofundador de La Red de Formaci\u00f3n Vicenciana. Javier es laico vicenciano, afiliado a la Congregaci\u00f3n de la Misi\u00f3n y miembro del Equipo de Misiones Populares de la provincia can\u00f3nica de Zaragoza (Espa\u00f1a) de la Congregaci\u00f3n de la Misi\u00f3n. Graduado en la Universidad Oberta de Catalunya con cuatro grados (Asistente de direcci\u00f3n, Gesti\u00f3n Administrativa, Recursos Humanos y Contabilidad Avanzada). Bil\u00edng\u00fce Espa\u00f1ol\/Ingl\u00e9s. gestiona y mantiene varias p\u00e1ginas web cristianas y vicencianas, incluida including La Red de Formaci\u00f3n Vicenciana, de la que es cofundador. Actualmente es responsable del \u00e1rea de Espa\u00f1ol de .famvin, la Red de Noticias de la Familia Vicenciana. Tambi\u00e9n es m\u00fasico cat\u00f3lico y ha editado varios discos. Es Director General y cofundador de Trovador, una reconocida compa\u00f1\u00eda discogr\u00e1fica critiana de Espa\u00f1a. Trabaja en las Tecnolog\u00edas de la Informaci\u00f3n, ofreciendo servicios de alojamiento, dise\u00f1o y mantenimiento Web, as\u00ed como asesoramiento, formaci\u00f3n y soluciones inform\u00e1ticas, gesti\u00f3n documental y digitalizaci\u00f3n de textos, edici\u00f3n y maquetaci\u00f3n de libros, revistas, flyers, etc.","sameAs":["http:\/\/chento.org","https:\/\/www.facebook.com\/JavierChento","https:\/\/x.com\/https:\/\/twitter.com\/javierchento"],"url":"http:\/\/vincentians.com\/en\/author\/chento\/"}]}},"jetpack_publicize_connections":[],"jetpack_featured_media_url":"https:\/\/i0.wp.com\/vincentians.com\/en\/wp-content\/uploads\/sites\/2\/2016\/01\/vincent-de-paul.jpg?fit=1200%2C630","jetpack_sharing_enabled":true,"jetpack_shortlink":"https:\/\/wp.me\/p7K2Ow-s58","jetpack-related-posts":[{"id":109443,"url":"http:\/\/vincentians.com\/en\/saint-vincent-paul-biography-05-fiction-or-historical-fact-serious-problem-for-the-critics\/","url_meta":{"origin":107950,"position":0},"title":"Saint Vincent de Paul, a biography 05 &#8211; Fiction or historical fact? A serious problem for the critics","author":"Francisco Javier Fern\u00e1ndez Chento","date":"December 25, 2016","format":false,"excerpt":"Chapter V: Fiction or historical fact? A serious problem for the critics A long\u2011standing controversy \u00a0We could continue happily with our story if we didn't have to contend with the serious historical problem that we referred to before our study of the letters. For three centuries Vincent's account of his\u2026","rel":"","context":"In &quot;Vincent de Paul&quot;","block_context":{"text":"Vincent de Paul","link":"http:\/\/vincentians.com\/en\/category\/the-vincentian-family\/founders\/vincent-de-paul\/"},"img":{"alt_text":"","src":"https:\/\/i0.wp.com\/vincentians.com\/en\/wp-content\/uploads\/sites\/2\/2016\/07\/Saint-Vincent-de-Paul-a-biography.jpg?fit=1200%2C630&resize=350%2C200","width":350,"height":200,"srcset":"https:\/\/i0.wp.com\/vincentians.com\/en\/wp-content\/uploads\/sites\/2\/2016\/07\/Saint-Vincent-de-Paul-a-biography.jpg?fit=1200%2C630&resize=350%2C200 1x, https:\/\/i0.wp.com\/vincentians.com\/en\/wp-content\/uploads\/sites\/2\/2016\/07\/Saint-Vincent-de-Paul-a-biography.jpg?fit=1200%2C630&resize=525%2C300 1.5x, https:\/\/i0.wp.com\/vincentians.com\/en\/wp-content\/uploads\/sites\/2\/2016\/07\/Saint-Vincent-de-Paul-a-biography.jpg?fit=1200%2C630&resize=700%2C400 2x, https:\/\/i0.wp.com\/vincentians.com\/en\/wp-content\/uploads\/sites\/2\/2016\/07\/Saint-Vincent-de-Paul-a-biography.jpg?fit=1200%2C630&resize=1050%2C600 3x"},"classes":[]},{"id":107099,"url":"http:\/\/vincentians.com\/en\/the-life-of-vincent-de-paul-abelly-book-ii-chapter-i-section-vii-part-xi\/","url_meta":{"origin":107950,"position":1},"title":"The Life of Vincent de Paul (Abelly): Book II, Chapter I, Section VII, Part XI","author":"Francisco Javier Fern\u00e1ndez Chento","date":"September 23, 2016","format":false,"excerpt":"PART ELEVEN: The Remarkable Example of the Constancy of Two Young Slaves, the One from France, the Other from England This account is tragic, but nevertheless considerably edifying. It enables us to see the great fruits which the priests of the Congregation of the Mission, animated with the spirit and\u2026","rel":"","context":"In &quot;Vincent de Paul&quot;","block_context":{"text":"Vincent de Paul","link":"http:\/\/vincentians.com\/en\/category\/the-vincentian-family\/founders\/vincent-de-paul\/"},"img":{"alt_text":"","src":"https:\/\/i0.wp.com\/vincentians.com\/en\/wp-content\/uploads\/sites\/2\/2016\/07\/abelly-feat.jpg?fit=1200%2C630&resize=350%2C200","width":350,"height":200,"srcset":"https:\/\/i0.wp.com\/vincentians.com\/en\/wp-content\/uploads\/sites\/2\/2016\/07\/abelly-feat.jpg?fit=1200%2C630&resize=350%2C200 1x, https:\/\/i0.wp.com\/vincentians.com\/en\/wp-content\/uploads\/sites\/2\/2016\/07\/abelly-feat.jpg?fit=1200%2C630&resize=525%2C300 1.5x, https:\/\/i0.wp.com\/vincentians.com\/en\/wp-content\/uploads\/sites\/2\/2016\/07\/abelly-feat.jpg?fit=1200%2C630&resize=700%2C400 2x, https:\/\/i0.wp.com\/vincentians.com\/en\/wp-content\/uploads\/sites\/2\/2016\/07\/abelly-feat.jpg?fit=1200%2C630&resize=1050%2C600 3x"},"classes":[]},{"id":106960,"url":"http:\/\/vincentians.com\/en\/the-life-of-vincent-de-paul-abelly-book-ii-chapter-i-section-vii-part-iv\/","url_meta":{"origin":107950,"position":2},"title":"The Life of Vincent de Paul (Abelly): Book II, Chapter I, Section VII, Part IV","author":"Francisco Javier Fern\u00e1ndez Chento","date":"September 16, 2016","format":false,"excerpt":"PART FOUR: Other Vexations of the Missionaries in Tunis Although the missionaries at Tunis were not treated so inhumanly as those in Algiers, they also had to drink from the chalice of Jesus Christ and carry some small portion of his cross. In 1655 a false report reached the dey.\u2026","rel":"","context":"In &quot;Vincent de Paul&quot;","block_context":{"text":"Vincent de Paul","link":"http:\/\/vincentians.com\/en\/category\/the-vincentian-family\/founders\/vincent-de-paul\/"},"img":{"alt_text":"","src":"https:\/\/i0.wp.com\/vincentians.com\/en\/wp-content\/uploads\/sites\/2\/2016\/07\/abelly-feat.jpg?fit=1200%2C630&resize=350%2C200","width":350,"height":200,"srcset":"https:\/\/i0.wp.com\/vincentians.com\/en\/wp-content\/uploads\/sites\/2\/2016\/07\/abelly-feat.jpg?fit=1200%2C630&resize=350%2C200 1x, https:\/\/i0.wp.com\/vincentians.com\/en\/wp-content\/uploads\/sites\/2\/2016\/07\/abelly-feat.jpg?fit=1200%2C630&resize=525%2C300 1.5x, https:\/\/i0.wp.com\/vincentians.com\/en\/wp-content\/uploads\/sites\/2\/2016\/07\/abelly-feat.jpg?fit=1200%2C630&resize=700%2C400 2x, https:\/\/i0.wp.com\/vincentians.com\/en\/wp-content\/uploads\/sites\/2\/2016\/07\/abelly-feat.jpg?fit=1200%2C630&resize=1050%2C600 3x"},"classes":[]},{"id":107098,"url":"http:\/\/vincentians.com\/en\/the-life-of-vincent-de-paul-abelly-book-ii-chapter-i-section-vii-part-xii\/","url_meta":{"origin":107950,"position":3},"title":"The Life of Vincent de Paul (Abelly): Book II, Chapter I, Section VII, Part XII","author":"Francisco Javier Fern\u00e1ndez Chento","date":"September 24, 2016","format":false,"excerpt":"PART TWELVE: Various Other Charitable Activities of the Priests of the Congregation of the Mission Whom Monsieur Vincent Sent to Barbary for the Relief of the Poor Christian Slaves It would tire the reader if we detailed all the activities which the priests of the Mission, animated with the spirit\u2026","rel":"","context":"In &quot;Vincent de Paul&quot;","block_context":{"text":"Vincent de Paul","link":"http:\/\/vincentians.com\/en\/category\/the-vincentian-family\/founders\/vincent-de-paul\/"},"img":{"alt_text":"","src":"https:\/\/i0.wp.com\/vincentians.com\/en\/wp-content\/uploads\/sites\/2\/2016\/07\/abelly-feat.jpg?fit=1200%2C630&resize=350%2C200","width":350,"height":200,"srcset":"https:\/\/i0.wp.com\/vincentians.com\/en\/wp-content\/uploads\/sites\/2\/2016\/07\/abelly-feat.jpg?fit=1200%2C630&resize=350%2C200 1x, https:\/\/i0.wp.com\/vincentians.com\/en\/wp-content\/uploads\/sites\/2\/2016\/07\/abelly-feat.jpg?fit=1200%2C630&resize=525%2C300 1.5x, https:\/\/i0.wp.com\/vincentians.com\/en\/wp-content\/uploads\/sites\/2\/2016\/07\/abelly-feat.jpg?fit=1200%2C630&resize=700%2C400 2x, https:\/\/i0.wp.com\/vincentians.com\/en\/wp-content\/uploads\/sites\/2\/2016\/07\/abelly-feat.jpg?fit=1200%2C630&resize=1050%2C600 3x"},"classes":[]},{"id":106963,"url":"http:\/\/vincentians.com\/en\/the-life-of-vincent-de-paul-abelly-book-ii-chapter-i-section-vii-part-i\/","url_meta":{"origin":107950,"position":4},"title":"The Life of Vincent de Paul (Abelly): Book II, Chapter I, Section VII, Part I","author":"Francisco Javier Fern\u00e1ndez Chento","date":"September 13, 2016","format":false,"excerpt":"SECTION SEVEN: The More Remarkable Events in the Missions of the Barbary States Although the missions authorized by Monsieur Vincent in France, Italy, and surrounding areas were greatly blessed, as we have seen in the preceding sections, we must affirm that the ones given in more distant regions have also\u2026","rel":"","context":"In &quot;Vincent de Paul&quot;","block_context":{"text":"Vincent de Paul","link":"http:\/\/vincentians.com\/en\/category\/the-vincentian-family\/founders\/vincent-de-paul\/"},"img":{"alt_text":"","src":"https:\/\/i0.wp.com\/vincentians.com\/en\/wp-content\/uploads\/sites\/2\/2016\/07\/abelly-feat.jpg?fit=1200%2C630&resize=350%2C200","width":350,"height":200,"srcset":"https:\/\/i0.wp.com\/vincentians.com\/en\/wp-content\/uploads\/sites\/2\/2016\/07\/abelly-feat.jpg?fit=1200%2C630&resize=350%2C200 1x, https:\/\/i0.wp.com\/vincentians.com\/en\/wp-content\/uploads\/sites\/2\/2016\/07\/abelly-feat.jpg?fit=1200%2C630&resize=525%2C300 1.5x, https:\/\/i0.wp.com\/vincentians.com\/en\/wp-content\/uploads\/sites\/2\/2016\/07\/abelly-feat.jpg?fit=1200%2C630&resize=700%2C400 2x, https:\/\/i0.wp.com\/vincentians.com\/en\/wp-content\/uploads\/sites\/2\/2016\/07\/abelly-feat.jpg?fit=1200%2C630&resize=1050%2C600 3x"},"classes":[]},{"id":107943,"url":"http:\/\/vincentians.com\/en\/life-of-st-vincent-de-paul-forbes-chapter-01\/","url_meta":{"origin":107950,"position":5},"title":"Life of St. Vincent de Paul (Forbes). Chapter 01","author":"Francisco Javier Fern\u00e1ndez Chento","date":"May 17, 2015","format":false,"excerpt":"Chapter 1 A PEASANT'S SON A MONOTONOUS line of sand hills and the sea; a vast barren land stretching away in wave-like undulations far as eye can reach; marsh and heath and sand, sand and heath and marsh; here and there a stretch of scant coarse grass, a mass of\u2026","rel":"","context":"In &quot;Vincent de Paul&quot;","block_context":{"text":"Vincent de Paul","link":"http:\/\/vincentians.com\/en\/category\/the-vincentian-family\/founders\/vincent-de-paul\/"},"img":{"alt_text":"","src":"https:\/\/i0.wp.com\/vincentians.com\/en\/wp-content\/uploads\/sites\/2\/2016\/01\/vincent-de-paul.jpg?fit=1200%2C630&resize=350%2C200","width":350,"height":200,"srcset":"https:\/\/i0.wp.com\/vincentians.com\/en\/wp-content\/uploads\/sites\/2\/2016\/01\/vincent-de-paul.jpg?fit=1200%2C630&resize=350%2C200 1x, https:\/\/i0.wp.com\/vincentians.com\/en\/wp-content\/uploads\/sites\/2\/2016\/01\/vincent-de-paul.jpg?fit=1200%2C630&resize=525%2C300 1.5x, https:\/\/i0.wp.com\/vincentians.com\/en\/wp-content\/uploads\/sites\/2\/2016\/01\/vincent-de-paul.jpg?fit=1200%2C630&resize=700%2C400 2x, https:\/\/i0.wp.com\/vincentians.com\/en\/wp-content\/uploads\/sites\/2\/2016\/01\/vincent-de-paul.jpg?fit=1200%2C630&resize=1050%2C600 3x"},"classes":[]}],"_links":{"self":[{"href":"http:\/\/vincentians.com\/en\/wp-json\/wp\/v2\/posts\/107950","targetHints":{"allow":["GET"]}}],"collection":[{"href":"http:\/\/vincentians.com\/en\/wp-json\/wp\/v2\/posts"}],"about":[{"href":"http:\/\/vincentians.com\/en\/wp-json\/wp\/v2\/types\/post"}],"author":[{"embeddable":true,"href":"http:\/\/vincentians.com\/en\/wp-json\/wp\/v2\/users\/4"}],"replies":[{"embeddable":true,"href":"http:\/\/vincentians.com\/en\/wp-json\/wp\/v2\/comments?post=107950"}],"version-history":[{"count":0,"href":"http:\/\/vincentians.com\/en\/wp-json\/wp\/v2\/posts\/107950\/revisions"}],"wp:featuredmedia":[{"embeddable":true,"href":"http:\/\/vincentians.com\/en\/wp-json\/wp\/v2\/media\/149156"}],"wp:attachment":[{"href":"http:\/\/vincentians.com\/en\/wp-json\/wp\/v2\/media?parent=107950"}],"wp:term":[{"taxonomy":"category","embeddable":true,"href":"http:\/\/vincentians.com\/en\/wp-json\/wp\/v2\/categories?post=107950"},{"taxonomy":"post_tag","embeddable":true,"href":"http:\/\/vincentians.com\/en\/wp-json\/wp\/v2\/tags?post=107950"}],"curies":[{"name":"wp","href":"https:\/\/api.w.org\/{rel}","templated":true}]}}