{"id":107098,"date":"2016-09-24T06:00:35","date_gmt":"2016-09-24T04:00:35","guid":{"rendered":"http:\/\/vincentians.com\/?p=107098"},"modified":"2016-07-13T18:26:09","modified_gmt":"2016-07-13T16:26:09","slug":"the-life-of-vincent-de-paul-abelly-book-ii-chapter-i-section-vii-part-xii","status":"publish","type":"post","link":"http:\/\/vincentians.com\/en\/the-life-of-vincent-de-paul-abelly-book-ii-chapter-i-section-vii-part-xii\/","title":{"rendered":"The Life of Vincent de Paul (Abelly): Book II, Chapter I, Section VII, Part XII"},"content":{"rendered":"<h2>PART TWELVE: Various Other Charitable Activities of the Priests of the Congregation of the Mission Whom Monsieur Vincent Sent to Barbary for the Relief of the Poor Christian Slaves<\/h2>\n<p>It would tire the reader if we detailed all the activities which the priests of the Mission, animated with the spirit of their spiritual father and under his direction, contributed towards the aid of the poor Christian slaves of Barbary. They did everything humanly possible to aid them, whether in body or in soul. We, in these last paragraphs, will speak only of some things not touched upon in the previous sections.<\/p>\n<p>One of the most important services the missionaries rendered was to use all their influence to prevent some additional Christians from being forced into slavery, and to secure the release of others already held in ways that violated the customs of this country. Even in that violent and inhumane country, there was some sense of legality among the authorities. In a letter of January 1653 Monsieur Vincent wrote to Monsieur le Vacher in reply to letters he had received:<\/p>\n<p style=\"padding-left: 30px;\">I thank God that by your intercession several Frenchmen captured at sea and taken to Tunis have been preserved from slavery, and that you have been able to secure the release of some already in chains. In rendering this service to these persons, you render great service to God. May God in his goodness grant you the grace to act forcefully and efficaciously with the authorities in these matters.<span id='easy-footnote-1-107098' class='easy-footnote-margin-adjust'><\/span><span class='easy-footnote'><a href='http:\/\/vincentians.com\/en\/the-life-of-vincent-de-paul-abelly-book-ii-chapter-i-section-vii-part-xii\/#easy-footnote-bottom-1-107098' title='&lt;i&gt;CED&lt;\/i&gt; IV:544.'><sup>1<\/sup><\/a><\/span>\n<p>It is true that sometimes the violence and injustice proved too great for all the efforts of their charity. Despite their efforts or their money they were sometimes unable to stay the hands of these barbarians from harming the poor slaves they saw in grave danger. Monsieur le Vacher wrote to Monsieur Vincent about such a case.<\/p>\n<p style=\"padding-left: 30px;\">A young and attractive woman from Valencia, about twenty-five years old, was brought to Tunis after capture near her native city. She was put up for sale in the public marketplace, at which I attempted to ransom her by bidding up to 330 <i>ecus<\/i>, which the merchants had lent me, but a wicked Moor outbid me when I came to the end of my money. He already had two wives, this one making the third. This poor creature wept three days without a stop. They did not cause her to abandon her faith until she had been raped. Even some religious, captured from their convent located near the seacoast, suffered the same fate. Alas! If some charitable persons would contribute funds which could be used in similar situations, I am sure they would be richly rewarded.<span id='easy-footnote-2-107098' class='easy-footnote-margin-adjust'><\/span><span class='easy-footnote'><a href='http:\/\/vincentians.com\/en\/the-life-of-vincent-de-paul-abelly-book-ii-chapter-i-section-vii-part-xii\/#easy-footnote-bottom-2-107098' title='&lt;i&gt;CED&lt;\/i&gt; IV:575-76.'><sup>2<\/sup><\/a><\/span>\n<p>There was another act of goodness we cannot sufficiently praise. The zeal which burned in the heart of Monsieur Vincent and the priests of his Congregation, prevented many of these poor Christian slaves from denying their faith, especially when they saw them being tortured and on the point of succumbing. We might give several examples of this, among many others.<\/p>\n<p>Monsieur Guerin wrote to Monsieur Vincent from Tunis in 1646:<\/p>\n<p style=\"padding-left: 30px;\">We have rescued a French woman from the hands of an apostate from her own country. All the merchants contributed something, and I, myself, was able to give seventy <i>ecus<\/i>. The two other women are deeply troubled, but I thought it best to save the one who seemed in the greatest danger. There are other young and beautiful women in great peril if they are not rescued. One would already have been lost, if I, at great effort, had not secured an option of three months in which to ransom her, and had I not put her out of reach of her owner who surely would have violated her.<\/p>\n<p style=\"padding-left: 30px;\">Not long ago one woman was beaten with more than five hundred blows to force her to deny Jesus Christ. Not satisfied with this cruelty, two of her torturers, as she lay half dead on the ground, trampled upon her, and crushed her shoulder. She ended her life gloriously confessing her faith in Jesus Christ.<span id='easy-footnote-3-107098' class='easy-footnote-margin-adjust'><\/span><span class='easy-footnote'><a href='http:\/\/vincentians.com\/en\/the-life-of-vincent-de-paul-abelly-book-ii-chapter-i-section-vii-part-xii\/#easy-footnote-bottom-3-107098' title='&lt;i&gt;CED&lt;\/i&gt; II:585-86.'><sup>3<\/sup><\/a><\/span>\n<p>The same priest wrote in June, 1647:<\/p>\n<p style=\"padding-left: 30px;\">We have done much with the money you sent, including the ransom of a poor French woman who had suffered so long at the hands of her Turkish owner. It is a true miracle to have saved her from this tiger, who would take neither gold or silver for her. One day he asked me to come to see him. During our visit we agreed upon a price of three hundred <i>ecus<\/i>. I paid this at once after I obtained the official release from slavery, and immediately I took the woman to a safe place. Two hours later, this miserable man regretted his action, but it was too late, by the grace of God.<\/p>\n<p style=\"padding-left: 30px;\">We also redeemed a boy from Sables d&#8217;Olonne, who was on the verge of renouncing the faith. I think I wrote before of how we tried to prevent this. He cost us 150 <i>ecus<\/i>, of which I was able to give 36, the rest coming from wherever we could manage. I was also able to ransom the young Sicilian woman, a slave at Bizerte, whose husband had become a Moslem. During three years she had suffered indescribable torments rather than join in the apostasy of her husband. I wrote to you around last Christmas of finding her in a pitiable state, all covered with wounds. She cost 250 <i>ecus<\/i>, which came from alms, including a part from myself.<span id='easy-footnote-4-107098' class='easy-footnote-margin-adjust'><\/span><span class='easy-footnote'><a href='http:\/\/vincentians.com\/en\/the-life-of-vincent-de-paul-abelly-book-ii-chapter-i-section-vii-part-xii\/#easy-footnote-bottom-4-107098' title='&lt;i&gt;CED&lt;\/i&gt; III:203.'><sup>4<\/sup><\/a><\/span>\n<p>In still another letter, this same priest wrote:<\/p>\n<p style=\"padding-left: 30px;\">We have here a young boy from Marseille, aged thirteen. Since his capture and sale by the pirates he has been beaten with more than a thousand blows to force him to deny his faith in Jesus Christ. Even more cruelly, the skin of one arm was stripped off, like you would do to a piece of poultry before putting it on the grill. This was followed by a choice of four hundred more blows, meaning death itself, or becoming a Moslem. I went at once to see his owner, and three or four times threw myself at his feet. I begged to ransom the boy, and he finally agreed to the price of two hundred <i>piastres<\/i>. I had no money, but borrowed a hundred <i>ecus<\/i> at interest, with a merchant supplying the rest.<span id='easy-footnote-5-107098' class='easy-footnote-margin-adjust'><\/span><span class='easy-footnote'><a href='http:\/\/vincentians.com\/en\/the-life-of-vincent-de-paul-abelly-book-ii-chapter-i-section-vii-part-xii\/#easy-footnote-bottom-5-107098' title='&lt;i&gt;CED&lt;\/i&gt; III:222.'><sup>5<\/sup><\/a><\/span>\n<p>Monsieur Jean le Vacher wrote in one of his letters to Monsieur Vincent:<\/p>\n<p style=\"padding-left: 30px;\">A French vessel was shipwrecked on the coast of Tunis. Six of the crew were saved from drowning, but fell into the hands of the Moors, who took them to Tunis to be sold into slavery. Some time later the dey forced two of them, under torture, to deny their faith. Two others died under this treatment rather than imitate this infidelity. Since the dey was set on inflicting this same cruelty on the remaining two, we felt obliged to ransom them if we could. Six hundred <i>piastres<\/i> was agreed upon as a price, of which I contributed two hundred. For myself, I would rather suffer anything in this life than have anyone deny my divine Master. I would willingly give my blood and my life, even a thousand lives if I had them, rather than see Christians lose what our Lord purchased by his death.<span id='easy-footnote-6-107098' class='easy-footnote-margin-adjust'><\/span><span class='easy-footnote'><a href='http:\/\/vincentians.com\/en\/the-life-of-vincent-de-paul-abelly-book-ii-chapter-i-section-vii-part-xii\/#easy-footnote-bottom-6-107098' title='&lt;i&gt;CED&lt;\/i&gt; IV:618.'><sup>6<\/sup><\/a><\/span>\n<p>We learn from other letters of Monsieur Philippe le Vacher, his brother, written from Algiers to Monsieur Vincent about a young boy of Marseilles, only eight years old. Pirates had captured him, and he was now under duress to become a Moslem. He was ransomed, and returned to his own country. On another occasion he found three young women, sisters, natives of Vence in Provence, who had been captured by pirates and sold into slavery in Algiers. One of the sisters had fallen into the hands of the governor, who had her richly dressed, for he wished to make her his wife. Monsieur le Vacher redeemed all three at a cost of a thousand <i>ecus<\/i>, since this was the only way he saw to save them from this danger to their salvation. Another time he ransomed a mother and daughter and her small son, who were from the island of Corsica. All were in great danger because their owner wanted to have the younger woman deny her faith, so that he could marry her.<\/p>\n<p>The priests of the Congregation of the Mission could not ransom all those whom they saw in danger of renouncing their faith because their resources were quickly exhausted. They often found themselves committed beyond their resources. This did not hinder them from continuing their preaching. By the sacraments they administered to these poor slaves in their sufferings they helped to strengthen and encourage them in their sad plight. Many of these slaves persevered courageously in their confession of belief in Jesus Christ despite all the violent persecution brought against them.<\/p>\n<p>This spiritual help especially enabled ten women to remain faithful who had been badly treated for their beliefs among the many other slaves in Tunis in 1649. Their owners guarded these women closely, and did not allow them to leave their homes. They still managed to slip away long enough to attend mass, go to confession, and receive communion. They were so strengthened by the grace they received that not only did they suffer beatings and other indignities with patience, but even when they fell sick and could not be visited by a priest, they remained firm in their faith despite the efforts of the Moslem ministers who tried to force them to deny their allegiance to Jesus Christ. To understand better the inhumanity with which these poor slaves were treated to make them apostatize, and the strength of virtue they needed to resist, we must realize that these Moslems had the false conviction that anyone who could cause a Christian to become one of them had an assured place in paradise, no matter what sins he may have committed.<\/p>\n<p>With his understanding of the sad condition of the slaves, Monsieur Vincent took great pains to encourage his missionaries in their charitable service to them. In one of his many conferences, he said:<\/p>\n<p style=\"padding-left: 30px;\">This ministry is so great and so holy that it has given rise to several orders in the Church of God. These orders have always been greatly esteemed, since they are devoted to the slaves. One such order is the Religious for the Redemption of Captives, who attempt to ransom the slaves and return them to their own country. Among the vows they take is one to commit themselves to the redemption of Christian slaves. Is this not excellent and holy, gentlemen and my brothers?<\/p>\n<p style=\"padding-left: 30px;\">It seems to that me there is something even greater than going to Barbary to ransom the captives. It is to go there to live among them, to help them at every moment, in body and in soul, to look after their needs, to lend them a helping hand, to bring them every sort of help and consolation in their great afflictions and sufferings. O gentlemen and my brothers, consider well the grandeur of this ministry! Do you know enough about it? Is there anything closer to what our Lord himself did, when he came to earth to deliver men from the captivity of sin, and to teach them by his word and example. This is the example all missionaries must follow. They must be ready to leave their country, their conveniences, their rest, to imitate our confreres in Tunis and Algiers who are so completely given to the service of God and neighbor in these barbarous and infidel lands.<span id='easy-footnote-7-107098' class='easy-footnote-margin-adjust'><\/span><span class='easy-footnote'><a href='http:\/\/vincentians.com\/en\/the-life-of-vincent-de-paul-abelly-book-ii-chapter-i-section-vii-part-xii\/#easy-footnote-bottom-7-107098' title='&lt;i&gt;CED&lt;\/i&gt; XI:437.'><sup>7<\/sup><\/a><\/span>\n<p>To support all the charitable and holy projects these missionaries in Barbary were offering, Monsieur Vincent collected alms. From time to time he sent considerable sums, and added some of his own, when what he collected was not sufficient. These sums were spent mainly in rescuing those Christian slaves in imminent danger of losing their faith, either by ransoming them outright, or by giving them some alms by way of encouragement in their sufferings.<\/p>\n<p>Monsieur Vincent also sent money to ransom some French priests and religious who had been taken captive by the Moslems.<\/p>\n<p>On many occasions he sent the entire ransom money for several slaves. By the time of his death he had rescued, through the priests of his Congregation sent to Barbary, either by their own charity or as agents for others, over twelve hundred slaves who later returned to their own country. What was spent in these ransoms and in other works of charity in these infidel lands came to nearly 1,200,000 <i>livres<\/i>. In writing to one of his priests who had sent him an account of what he had spent, he said:<\/p>\n<p style=\"padding-left: 30px;\">I have read over your account book. O God, what consolation I have received in reading it! I assure you it gave me more satisfaction than anything I have seen for a long time, because it records what you and your charity have accomplished towards so many poor slaves of all nations and of all ages, afflicted with all sorts of miseries. Certainly, even though you could never be able to do more than you are already doing, what you have done is infinitely precious, and worthy of drawing immense blessings upon you. May it please the divine goodness of God to bless your work.<span id='easy-footnote-8-107098' class='easy-footnote-margin-adjust'><\/span><span class='easy-footnote'><a href='http:\/\/vincentians.com\/en\/the-life-of-vincent-de-paul-abelly-book-ii-chapter-i-section-vii-part-xii\/#easy-footnote-bottom-8-107098' title='&lt;i&gt;CED&lt;\/i&gt; V:490.'><sup>8<\/sup><\/a><\/span>\n<p>Monsieur Vincent also sent some money to the city of Algiers to set up a small hospital for the poor sick slaves, abandoned in their illness by their heartless owners. It was mainly through the generosity of the Duchess d&#8217;Aiguillon that this project began. Another service of Monsieur Vincent to the poor slaves from France was to serve as a clearinghouse for letters to and from the slaves. Not only did this allow the slaves to send news of themselves to their relatives, mothers, fathers, brothers, wives, and children, but to receive letters from them as well. This consoled them greatly in their unhappy state, and sometimes allowed them to work out their release. Before Monsieur Vincent introduced this service, the slaves from diverse regions, Picardy, Poitou, Guienne, Normandy, Brittany, Languedoc or other provinces, had little hope of receiving any response to their letters, for the mail to Marseilles and Paris was most unreliable. This added greatly to their desolation. Monsieur Vincent applied an effective remedy, almost without precedent. To appreciate it fully, the plight of the poor slaves would have to be recalled, where their total isolation from families added immeasurably to all the other sufferings of their captivity.<\/p>\n<p>This then is a short sketch of what Monsieur Vincent did for the poor slaves during his lifetime, and which the members of his Congregation continued after his death. I say short sketch, for only God is aware of all that was done. This humble missionary hid, as much as he could, what he did in the service of the divine Majesty, in order that the glory should be given totally to his name and not to himself. If he had done nothing else, aided by his confreres, than to establish and preserve the public exercise of the Catholic religion in this land of the Turk, even in the face of cruel persecution, this would have been a triumph in the service of Jesus Christ. The Lord had strengthened the arm of his faithful servant to raise a shrine to his most holy name in these two infidel kingdoms, even in the midst of its enemies. Christian charity triumphed in these places where it had seemed that even human dignity had disappeared, and where injustice and violence were everyday occurrences.<\/p>\n","protected":false},"excerpt":{"rendered":"<p>PART TWELVE: Various Other Charitable Activities of the Priests of the Congregation of the Mission Whom Monsieur Vincent Sent to Barbary for the Relief of the Poor Christian Slaves It would tire the reader if &#8230; <a href=\"http:\/\/vincentians.com\/en\/the-life-of-vincent-de-paul-abelly-book-ii-chapter-i-section-vii-part-xii\/\" class=\"more-link\">Read More<\/a><\/p>\n","protected":false},"author":4,"featured_media":149583,"comment_status":"open","ping_status":"open","sticky":false,"template":"","format":"standard","meta":{"jetpack_post_was_ever_published":false,"_jetpack_newsletter_access":"","_jetpack_dont_email_post_to_subs":false,"_jetpack_newsletter_tier_id":0,"_jetpack_memberships_contains_paywalled_content":false,"_jetpack_memberships_contains_paid_content":false,"footnotes":"","jetpack_publicize_message":"","jetpack_publicize_feature_enabled":true,"jetpack_social_post_already_shared":true,"jetpack_social_options":{"image_generator_settings":{"template":"highway","default_image_id":0,"font":"","enabled":false},"version":2}},"categories":[5],"tags":[],"class_list":["post-107098","post","type-post","status-publish","format-standard","has-post-thumbnail","hentry","category-vincent-de-paul"],"yoast_head":"<!-- This site is optimized with the Yoast SEO plugin v26.3 - https:\/\/yoast.com\/wordpress\/plugins\/seo\/ -->\n<title>The Life of Vincent de Paul (Abelly): Book II, Chapter I, Section VII, Part XII - We are Vincentians<\/title>\n<meta name=\"robots\" content=\"index, follow, max-snippet:-1, max-image-preview:large, max-video-preview:-1\" \/>\n<link rel=\"canonical\" href=\"http:\/\/vincentians.com\/en\/the-life-of-vincent-de-paul-abelly-book-ii-chapter-i-section-vii-part-xii\/\" \/>\n<meta property=\"og:locale\" content=\"en_US\" \/>\n<meta property=\"og:type\" content=\"article\" \/>\n<meta property=\"og:title\" content=\"The Life of Vincent de Paul (Abelly): Book II, Chapter I, Section VII, Part XII - We are Vincentians\" \/>\n<meta property=\"og:description\" content=\"PART TWELVE: Various Other Charitable Activities of the Priests of the Congregation of the Mission Whom Monsieur Vincent Sent to Barbary for the Relief of the Poor Christian Slaves It would tire the reader if ... Read More\" \/>\n<meta property=\"og:url\" content=\"http:\/\/vincentians.com\/en\/the-life-of-vincent-de-paul-abelly-book-ii-chapter-i-section-vii-part-xii\/\" \/>\n<meta property=\"og:site_name\" content=\"We are Vincentians\" \/>\n<meta property=\"article:publisher\" content=\"https:\/\/www.facebook.com\/WeAreVincentians\/\" \/>\n<meta property=\"article:author\" content=\"https:\/\/www.facebook.com\/JavierChento\" \/>\n<meta property=\"article:published_time\" content=\"2016-09-24T04:00:35+00:00\" \/>\n<meta property=\"og:image\" content=\"https:\/\/i0.wp.com\/vincentians.com\/en\/wp-content\/uploads\/sites\/2\/2016\/07\/abelly-feat.jpg?fit=1200%2C630\" \/>\n\t<meta property=\"og:image:width\" content=\"1200\" \/>\n\t<meta property=\"og:image:height\" content=\"630\" \/>\n\t<meta property=\"og:image:type\" content=\"image\/jpeg\" \/>\n<meta name=\"author\" content=\"Francisco Javier Fern\u00e1ndez Chento\" \/>\n<meta name=\"twitter:card\" content=\"summary_large_image\" \/>\n<meta name=\"twitter:creator\" content=\"@https:\/\/twitter.com\/javierchento\" \/>\n<meta name=\"twitter:site\" content=\"@WeVincentians\" \/>\n<meta name=\"twitter:label1\" content=\"Written by\" \/>\n\t<meta name=\"twitter:data1\" content=\"Francisco Javier Fern\u00e1ndez Chento\" \/>\n\t<meta name=\"twitter:label2\" content=\"Est. reading time\" \/>\n\t<meta name=\"twitter:data2\" content=\"13 minutes\" \/>\n<script type=\"application\/ld+json\" class=\"yoast-schema-graph\">{\"@context\":\"https:\/\/schema.org\",\"@graph\":[{\"@type\":\"Article\",\"@id\":\"http:\/\/vincentians.com\/en\/the-life-of-vincent-de-paul-abelly-book-ii-chapter-i-section-vii-part-xii\/#article\",\"isPartOf\":{\"@id\":\"http:\/\/vincentians.com\/en\/the-life-of-vincent-de-paul-abelly-book-ii-chapter-i-section-vii-part-xii\/\"},\"author\":{\"name\":\"Francisco Javier Fern\u00e1ndez Chento\",\"@id\":\"https:\/\/vincentians.com\/en\/#\/schema\/person\/9623ef4d9aa3b2dfb8c061f1499288f2\"},\"headline\":\"The Life of Vincent de Paul (Abelly): Book II, Chapter I, Section VII, Part XII\",\"datePublished\":\"2016-09-24T04:00:35+00:00\",\"mainEntityOfPage\":{\"@id\":\"http:\/\/vincentians.com\/en\/the-life-of-vincent-de-paul-abelly-book-ii-chapter-i-section-vii-part-xii\/\"},\"wordCount\":2649,\"commentCount\":0,\"publisher\":{\"@id\":\"https:\/\/vincentians.com\/en\/#organization\"},\"image\":{\"@id\":\"http:\/\/vincentians.com\/en\/the-life-of-vincent-de-paul-abelly-book-ii-chapter-i-section-vii-part-xii\/#primaryimage\"},\"thumbnailUrl\":\"https:\/\/i0.wp.com\/vincentians.com\/en\/wp-content\/uploads\/sites\/2\/2016\/07\/abelly-feat.jpg?fit=1200%2C630\",\"articleSection\":[\"Vincent de Paul\"],\"inLanguage\":\"en-US\",\"potentialAction\":[{\"@type\":\"CommentAction\",\"name\":\"Comment\",\"target\":[\"http:\/\/vincentians.com\/en\/the-life-of-vincent-de-paul-abelly-book-ii-chapter-i-section-vii-part-xii\/#respond\"]}]},{\"@type\":\"WebPage\",\"@id\":\"http:\/\/vincentians.com\/en\/the-life-of-vincent-de-paul-abelly-book-ii-chapter-i-section-vii-part-xii\/\",\"url\":\"http:\/\/vincentians.com\/en\/the-life-of-vincent-de-paul-abelly-book-ii-chapter-i-section-vii-part-xii\/\",\"name\":\"The Life of Vincent de Paul (Abelly): Book II, Chapter I, Section VII, Part XII - We are Vincentians\",\"isPartOf\":{\"@id\":\"https:\/\/vincentians.com\/en\/#website\"},\"primaryImageOfPage\":{\"@id\":\"http:\/\/vincentians.com\/en\/the-life-of-vincent-de-paul-abelly-book-ii-chapter-i-section-vii-part-xii\/#primaryimage\"},\"image\":{\"@id\":\"http:\/\/vincentians.com\/en\/the-life-of-vincent-de-paul-abelly-book-ii-chapter-i-section-vii-part-xii\/#primaryimage\"},\"thumbnailUrl\":\"https:\/\/i0.wp.com\/vincentians.com\/en\/wp-content\/uploads\/sites\/2\/2016\/07\/abelly-feat.jpg?fit=1200%2C630\",\"datePublished\":\"2016-09-24T04:00:35+00:00\",\"breadcrumb\":{\"@id\":\"http:\/\/vincentians.com\/en\/the-life-of-vincent-de-paul-abelly-book-ii-chapter-i-section-vii-part-xii\/#breadcrumb\"},\"inLanguage\":\"en-US\",\"potentialAction\":[{\"@type\":\"ReadAction\",\"target\":[\"http:\/\/vincentians.com\/en\/the-life-of-vincent-de-paul-abelly-book-ii-chapter-i-section-vii-part-xii\/\"]}]},{\"@type\":\"ImageObject\",\"inLanguage\":\"en-US\",\"@id\":\"http:\/\/vincentians.com\/en\/the-life-of-vincent-de-paul-abelly-book-ii-chapter-i-section-vii-part-xii\/#primaryimage\",\"url\":\"https:\/\/i0.wp.com\/vincentians.com\/en\/wp-content\/uploads\/sites\/2\/2016\/07\/abelly-feat.jpg?fit=1200%2C630\",\"contentUrl\":\"https:\/\/i0.wp.com\/vincentians.com\/en\/wp-content\/uploads\/sites\/2\/2016\/07\/abelly-feat.jpg?fit=1200%2C630\",\"width\":1200,\"height\":630},{\"@type\":\"BreadcrumbList\",\"@id\":\"http:\/\/vincentians.com\/en\/the-life-of-vincent-de-paul-abelly-book-ii-chapter-i-section-vii-part-xii\/#breadcrumb\",\"itemListElement\":[{\"@type\":\"ListItem\",\"position\":1,\"name\":\"Portada\",\"item\":\"https:\/\/vincentians.com\/en\/\"},{\"@type\":\"ListItem\",\"position\":2,\"name\":\"The Life of Vincent de Paul (Abelly): Book II, Chapter I, Section VII, Part XII\"}]},{\"@type\":\"WebSite\",\"@id\":\"https:\/\/vincentians.com\/en\/#website\",\"url\":\"https:\/\/vincentians.com\/en\/\",\"name\":\"We are Vincentians\",\"description\":\"Know more to serve more\",\"publisher\":{\"@id\":\"https:\/\/vincentians.com\/en\/#organization\"},\"potentialAction\":[{\"@type\":\"SearchAction\",\"target\":{\"@type\":\"EntryPoint\",\"urlTemplate\":\"https:\/\/vincentians.com\/en\/?s={search_term_string}\"},\"query-input\":{\"@type\":\"PropertyValueSpecification\",\"valueRequired\":true,\"valueName\":\"search_term_string\"}}],\"inLanguage\":\"en-US\"},{\"@type\":\"Organization\",\"@id\":\"https:\/\/vincentians.com\/en\/#organization\",\"name\":\"The Vincentian Network\",\"url\":\"https:\/\/vincentians.com\/en\/\",\"logo\":{\"@type\":\"ImageObject\",\"inLanguage\":\"en-US\",\"@id\":\"https:\/\/vincentians.com\/en\/#\/schema\/logo\/image\/\",\"url\":\"https:\/\/i1.wp.com\/vincentians.com\/en\/wp-content\/uploads\/sites\/2\/2016\/06\/Vincentian-Network-logo-big.png?fit=778%2C778&ssl=1\",\"contentUrl\":\"https:\/\/i1.wp.com\/vincentians.com\/en\/wp-content\/uploads\/sites\/2\/2016\/06\/Vincentian-Network-logo-big.png?fit=778%2C778&ssl=1\",\"width\":778,\"height\":778,\"caption\":\"The Vincentian Network\"},\"image\":{\"@id\":\"https:\/\/vincentians.com\/en\/#\/schema\/logo\/image\/\"},\"sameAs\":[\"https:\/\/www.facebook.com\/WeAreVincentians\/\",\"https:\/\/x.com\/WeVincentians\"]},{\"@type\":\"Person\",\"@id\":\"https:\/\/vincentians.com\/en\/#\/schema\/person\/9623ef4d9aa3b2dfb8c061f1499288f2\",\"name\":\"Francisco Javier Fern\u00e1ndez Chento\",\"image\":{\"@type\":\"ImageObject\",\"inLanguage\":\"en-US\",\"@id\":\"https:\/\/vincentians.com\/en\/#\/schema\/person\/image\/\",\"url\":\"https:\/\/secure.gravatar.com\/avatar\/497d5cde87b4c3d097d0315953521681ba2cd523ee66e5077c3711f7021e65de?s=96&d=mm&r=g\",\"contentUrl\":\"https:\/\/secure.gravatar.com\/avatar\/497d5cde87b4c3d097d0315953521681ba2cd523ee66e5077c3711f7021e65de?s=96&d=mm&r=g\",\"caption\":\"Francisco Javier Fern\u00e1ndez Chento\"},\"description\":\"Director General y cofundador de La Red de Formaci\u00f3n Vicenciana. Javier es laico vicenciano, afiliado a la Congregaci\u00f3n de la Misi\u00f3n y miembro del Equipo de Misiones Populares de la provincia can\u00f3nica de Zaragoza (Espa\u00f1a) de la Congregaci\u00f3n de la Misi\u00f3n. Graduado en la Universidad Oberta de Catalunya con cuatro grados (Asistente de direcci\u00f3n, Gesti\u00f3n Administrativa, Recursos Humanos y Contabilidad Avanzada). Bil\u00edng\u00fce Espa\u00f1ol\/Ingl\u00e9s. gestiona y mantiene varias p\u00e1ginas web cristianas y vicencianas, incluida including La Red de Formaci\u00f3n Vicenciana, de la que es cofundador. Actualmente es responsable del \u00e1rea de Espa\u00f1ol de .famvin, la Red de Noticias de la Familia Vicenciana. Tambi\u00e9n es m\u00fasico cat\u00f3lico y ha editado varios discos. Es Director General y cofundador de Trovador, una reconocida compa\u00f1\u00eda discogr\u00e1fica critiana de Espa\u00f1a. Trabaja en las Tecnolog\u00edas de la Informaci\u00f3n, ofreciendo servicios de alojamiento, dise\u00f1o y mantenimiento Web, as\u00ed como asesoramiento, formaci\u00f3n y soluciones inform\u00e1ticas, gesti\u00f3n documental y digitalizaci\u00f3n de textos, edici\u00f3n y maquetaci\u00f3n de libros, revistas, flyers, etc.\",\"sameAs\":[\"http:\/\/chento.org\",\"https:\/\/www.facebook.com\/JavierChento\",\"https:\/\/x.com\/https:\/\/twitter.com\/javierchento\"],\"url\":\"http:\/\/vincentians.com\/en\/author\/chento\/\"}]}<\/script>\n<!-- \/ Yoast SEO plugin. -->","yoast_head_json":{"title":"The Life of Vincent de Paul (Abelly): Book II, Chapter I, Section VII, Part XII - We are Vincentians","robots":{"index":"index","follow":"follow","max-snippet":"max-snippet:-1","max-image-preview":"max-image-preview:large","max-video-preview":"max-video-preview:-1"},"canonical":"http:\/\/vincentians.com\/en\/the-life-of-vincent-de-paul-abelly-book-ii-chapter-i-section-vii-part-xii\/","og_locale":"en_US","og_type":"article","og_title":"The Life of Vincent de Paul (Abelly): Book II, Chapter I, Section VII, Part XII - We are Vincentians","og_description":"PART TWELVE: Various Other Charitable Activities of the Priests of the Congregation of the Mission Whom Monsieur Vincent Sent to Barbary for the Relief of the Poor Christian Slaves It would tire the reader if ... Read More","og_url":"http:\/\/vincentians.com\/en\/the-life-of-vincent-de-paul-abelly-book-ii-chapter-i-section-vii-part-xii\/","og_site_name":"We are Vincentians","article_publisher":"https:\/\/www.facebook.com\/WeAreVincentians\/","article_author":"https:\/\/www.facebook.com\/JavierChento","article_published_time":"2016-09-24T04:00:35+00:00","og_image":[{"width":1200,"height":630,"url":"https:\/\/i0.wp.com\/vincentians.com\/en\/wp-content\/uploads\/sites\/2\/2016\/07\/abelly-feat.jpg?fit=1200%2C630","type":"image\/jpeg"}],"author":"Francisco Javier Fern\u00e1ndez Chento","twitter_card":"summary_large_image","twitter_creator":"@https:\/\/twitter.com\/javierchento","twitter_site":"@WeVincentians","twitter_misc":{"Written by":"Francisco Javier Fern\u00e1ndez Chento","Est. reading time":"13 minutes"},"schema":{"@context":"https:\/\/schema.org","@graph":[{"@type":"Article","@id":"http:\/\/vincentians.com\/en\/the-life-of-vincent-de-paul-abelly-book-ii-chapter-i-section-vii-part-xii\/#article","isPartOf":{"@id":"http:\/\/vincentians.com\/en\/the-life-of-vincent-de-paul-abelly-book-ii-chapter-i-section-vii-part-xii\/"},"author":{"name":"Francisco Javier Fern\u00e1ndez Chento","@id":"https:\/\/vincentians.com\/en\/#\/schema\/person\/9623ef4d9aa3b2dfb8c061f1499288f2"},"headline":"The Life of Vincent de Paul (Abelly): Book II, Chapter I, Section VII, Part XII","datePublished":"2016-09-24T04:00:35+00:00","mainEntityOfPage":{"@id":"http:\/\/vincentians.com\/en\/the-life-of-vincent-de-paul-abelly-book-ii-chapter-i-section-vii-part-xii\/"},"wordCount":2649,"commentCount":0,"publisher":{"@id":"https:\/\/vincentians.com\/en\/#organization"},"image":{"@id":"http:\/\/vincentians.com\/en\/the-life-of-vincent-de-paul-abelly-book-ii-chapter-i-section-vii-part-xii\/#primaryimage"},"thumbnailUrl":"https:\/\/i0.wp.com\/vincentians.com\/en\/wp-content\/uploads\/sites\/2\/2016\/07\/abelly-feat.jpg?fit=1200%2C630","articleSection":["Vincent de Paul"],"inLanguage":"en-US","potentialAction":[{"@type":"CommentAction","name":"Comment","target":["http:\/\/vincentians.com\/en\/the-life-of-vincent-de-paul-abelly-book-ii-chapter-i-section-vii-part-xii\/#respond"]}]},{"@type":"WebPage","@id":"http:\/\/vincentians.com\/en\/the-life-of-vincent-de-paul-abelly-book-ii-chapter-i-section-vii-part-xii\/","url":"http:\/\/vincentians.com\/en\/the-life-of-vincent-de-paul-abelly-book-ii-chapter-i-section-vii-part-xii\/","name":"The Life of Vincent de Paul (Abelly): Book II, Chapter I, Section VII, Part XII - We are Vincentians","isPartOf":{"@id":"https:\/\/vincentians.com\/en\/#website"},"primaryImageOfPage":{"@id":"http:\/\/vincentians.com\/en\/the-life-of-vincent-de-paul-abelly-book-ii-chapter-i-section-vii-part-xii\/#primaryimage"},"image":{"@id":"http:\/\/vincentians.com\/en\/the-life-of-vincent-de-paul-abelly-book-ii-chapter-i-section-vii-part-xii\/#primaryimage"},"thumbnailUrl":"https:\/\/i0.wp.com\/vincentians.com\/en\/wp-content\/uploads\/sites\/2\/2016\/07\/abelly-feat.jpg?fit=1200%2C630","datePublished":"2016-09-24T04:00:35+00:00","breadcrumb":{"@id":"http:\/\/vincentians.com\/en\/the-life-of-vincent-de-paul-abelly-book-ii-chapter-i-section-vii-part-xii\/#breadcrumb"},"inLanguage":"en-US","potentialAction":[{"@type":"ReadAction","target":["http:\/\/vincentians.com\/en\/the-life-of-vincent-de-paul-abelly-book-ii-chapter-i-section-vii-part-xii\/"]}]},{"@type":"ImageObject","inLanguage":"en-US","@id":"http:\/\/vincentians.com\/en\/the-life-of-vincent-de-paul-abelly-book-ii-chapter-i-section-vii-part-xii\/#primaryimage","url":"https:\/\/i0.wp.com\/vincentians.com\/en\/wp-content\/uploads\/sites\/2\/2016\/07\/abelly-feat.jpg?fit=1200%2C630","contentUrl":"https:\/\/i0.wp.com\/vincentians.com\/en\/wp-content\/uploads\/sites\/2\/2016\/07\/abelly-feat.jpg?fit=1200%2C630","width":1200,"height":630},{"@type":"BreadcrumbList","@id":"http:\/\/vincentians.com\/en\/the-life-of-vincent-de-paul-abelly-book-ii-chapter-i-section-vii-part-xii\/#breadcrumb","itemListElement":[{"@type":"ListItem","position":1,"name":"Portada","item":"https:\/\/vincentians.com\/en\/"},{"@type":"ListItem","position":2,"name":"The Life of Vincent de Paul (Abelly): Book II, Chapter I, Section VII, Part XII"}]},{"@type":"WebSite","@id":"https:\/\/vincentians.com\/en\/#website","url":"https:\/\/vincentians.com\/en\/","name":"We are Vincentians","description":"Know more to serve more","publisher":{"@id":"https:\/\/vincentians.com\/en\/#organization"},"potentialAction":[{"@type":"SearchAction","target":{"@type":"EntryPoint","urlTemplate":"https:\/\/vincentians.com\/en\/?s={search_term_string}"},"query-input":{"@type":"PropertyValueSpecification","valueRequired":true,"valueName":"search_term_string"}}],"inLanguage":"en-US"},{"@type":"Organization","@id":"https:\/\/vincentians.com\/en\/#organization","name":"The Vincentian Network","url":"https:\/\/vincentians.com\/en\/","logo":{"@type":"ImageObject","inLanguage":"en-US","@id":"https:\/\/vincentians.com\/en\/#\/schema\/logo\/image\/","url":"https:\/\/i1.wp.com\/vincentians.com\/en\/wp-content\/uploads\/sites\/2\/2016\/06\/Vincentian-Network-logo-big.png?fit=778%2C778&ssl=1","contentUrl":"https:\/\/i1.wp.com\/vincentians.com\/en\/wp-content\/uploads\/sites\/2\/2016\/06\/Vincentian-Network-logo-big.png?fit=778%2C778&ssl=1","width":778,"height":778,"caption":"The Vincentian Network"},"image":{"@id":"https:\/\/vincentians.com\/en\/#\/schema\/logo\/image\/"},"sameAs":["https:\/\/www.facebook.com\/WeAreVincentians\/","https:\/\/x.com\/WeVincentians"]},{"@type":"Person","@id":"https:\/\/vincentians.com\/en\/#\/schema\/person\/9623ef4d9aa3b2dfb8c061f1499288f2","name":"Francisco Javier Fern\u00e1ndez Chento","image":{"@type":"ImageObject","inLanguage":"en-US","@id":"https:\/\/vincentians.com\/en\/#\/schema\/person\/image\/","url":"https:\/\/secure.gravatar.com\/avatar\/497d5cde87b4c3d097d0315953521681ba2cd523ee66e5077c3711f7021e65de?s=96&d=mm&r=g","contentUrl":"https:\/\/secure.gravatar.com\/avatar\/497d5cde87b4c3d097d0315953521681ba2cd523ee66e5077c3711f7021e65de?s=96&d=mm&r=g","caption":"Francisco Javier Fern\u00e1ndez Chento"},"description":"Director General y cofundador de La Red de Formaci\u00f3n Vicenciana. Javier es laico vicenciano, afiliado a la Congregaci\u00f3n de la Misi\u00f3n y miembro del Equipo de Misiones Populares de la provincia can\u00f3nica de Zaragoza (Espa\u00f1a) de la Congregaci\u00f3n de la Misi\u00f3n. Graduado en la Universidad Oberta de Catalunya con cuatro grados (Asistente de direcci\u00f3n, Gesti\u00f3n Administrativa, Recursos Humanos y Contabilidad Avanzada). Bil\u00edng\u00fce Espa\u00f1ol\/Ingl\u00e9s. gestiona y mantiene varias p\u00e1ginas web cristianas y vicencianas, incluida including La Red de Formaci\u00f3n Vicenciana, de la que es cofundador. Actualmente es responsable del \u00e1rea de Espa\u00f1ol de .famvin, la Red de Noticias de la Familia Vicenciana. Tambi\u00e9n es m\u00fasico cat\u00f3lico y ha editado varios discos. Es Director General y cofundador de Trovador, una reconocida compa\u00f1\u00eda discogr\u00e1fica critiana de Espa\u00f1a. Trabaja en las Tecnolog\u00edas de la Informaci\u00f3n, ofreciendo servicios de alojamiento, dise\u00f1o y mantenimiento Web, as\u00ed como asesoramiento, formaci\u00f3n y soluciones inform\u00e1ticas, gesti\u00f3n documental y digitalizaci\u00f3n de textos, edici\u00f3n y maquetaci\u00f3n de libros, revistas, flyers, etc.","sameAs":["http:\/\/chento.org","https:\/\/www.facebook.com\/JavierChento","https:\/\/x.com\/https:\/\/twitter.com\/javierchento"],"url":"http:\/\/vincentians.com\/en\/author\/chento\/"}]}},"jetpack_publicize_connections":[],"jetpack_featured_media_url":"https:\/\/i0.wp.com\/vincentians.com\/en\/wp-content\/uploads\/sites\/2\/2016\/07\/abelly-feat.jpg?fit=1200%2C630","jetpack_sharing_enabled":true,"jetpack_shortlink":"https:\/\/wp.me\/p7K2Ow-rRo","jetpack-related-posts":[{"id":106963,"url":"http:\/\/vincentians.com\/en\/the-life-of-vincent-de-paul-abelly-book-ii-chapter-i-section-vii-part-i\/","url_meta":{"origin":107098,"position":0},"title":"The Life of Vincent de Paul (Abelly): Book II, Chapter I, Section VII, Part I","author":"Francisco Javier Fern\u00e1ndez Chento","date":"September 13, 2016","format":false,"excerpt":"SECTION SEVEN: The More Remarkable Events in the Missions of the Barbary States Although the missions authorized by Monsieur Vincent in France, Italy, and surrounding areas were greatly blessed, as we have seen in the preceding sections, we must affirm that the ones given in more distant regions have also\u2026","rel":"","context":"In &quot;Vincent de Paul&quot;","block_context":{"text":"Vincent de Paul","link":"http:\/\/vincentians.com\/en\/category\/the-vincentian-family\/founders\/vincent-de-paul\/"},"img":{"alt_text":"","src":"https:\/\/i0.wp.com\/vincentians.com\/en\/wp-content\/uploads\/sites\/2\/2016\/07\/abelly-feat.jpg?fit=1200%2C630&resize=350%2C200","width":350,"height":200,"srcset":"https:\/\/i0.wp.com\/vincentians.com\/en\/wp-content\/uploads\/sites\/2\/2016\/07\/abelly-feat.jpg?fit=1200%2C630&resize=350%2C200 1x, https:\/\/i0.wp.com\/vincentians.com\/en\/wp-content\/uploads\/sites\/2\/2016\/07\/abelly-feat.jpg?fit=1200%2C630&resize=525%2C300 1.5x, https:\/\/i0.wp.com\/vincentians.com\/en\/wp-content\/uploads\/sites\/2\/2016\/07\/abelly-feat.jpg?fit=1200%2C630&resize=700%2C400 2x, https:\/\/i0.wp.com\/vincentians.com\/en\/wp-content\/uploads\/sites\/2\/2016\/07\/abelly-feat.jpg?fit=1200%2C630&resize=1050%2C600 3x"},"classes":[]},{"id":106957,"url":"http:\/\/vincentians.com\/en\/the-life-of-vincent-de-paul-abelly-book-ii-chapter-i-section-vii-part-vii\/","url_meta":{"origin":107098,"position":1},"title":"The Life of Vincent de Paul (Abelly): Book II, Chapter I, Section VII, Part VII","author":"Francisco Javier Fern\u00e1ndez Chento","date":"September 19, 2016","format":false,"excerpt":"PART SEVEN: Various Employments and Sufferings of the Poor Christian Slaves in Barbary, and the Help and Services Rendered Them by the Missionaries To understand better the help which the missionaries of Monsieur Vincent gave to the Christian slaves in Barbary, we should be aware of the inhuman ways they\u2026","rel":"","context":"In &quot;Vincent de Paul&quot;","block_context":{"text":"Vincent de Paul","link":"http:\/\/vincentians.com\/en\/category\/the-vincentian-family\/founders\/vincent-de-paul\/"},"img":{"alt_text":"","src":"https:\/\/i0.wp.com\/vincentians.com\/en\/wp-content\/uploads\/sites\/2\/2016\/07\/abelly-feat.jpg?fit=1200%2C630&resize=350%2C200","width":350,"height":200,"srcset":"https:\/\/i0.wp.com\/vincentians.com\/en\/wp-content\/uploads\/sites\/2\/2016\/07\/abelly-feat.jpg?fit=1200%2C630&resize=350%2C200 1x, https:\/\/i0.wp.com\/vincentians.com\/en\/wp-content\/uploads\/sites\/2\/2016\/07\/abelly-feat.jpg?fit=1200%2C630&resize=525%2C300 1.5x, https:\/\/i0.wp.com\/vincentians.com\/en\/wp-content\/uploads\/sites\/2\/2016\/07\/abelly-feat.jpg?fit=1200%2C630&resize=700%2C400 2x, https:\/\/i0.wp.com\/vincentians.com\/en\/wp-content\/uploads\/sites\/2\/2016\/07\/abelly-feat.jpg?fit=1200%2C630&resize=1050%2C600 3x"},"classes":[]},{"id":107097,"url":"http:\/\/vincentians.com\/en\/the-life-of-vincent-de-paul-abelly-book-ii-chapter-i-section-vii-part-x\/","url_meta":{"origin":107098,"position":2},"title":"The Life of Vincent de Paul (Abelly): Book II, Chapter I, Section VII, Part X","author":"Francisco Javier Fern\u00e1ndez Chento","date":"September 22, 2016","format":false,"excerpt":"PART TEN:\u00a0 The Conversion of Several Heretics and Apostates Brought About by the Priests of the Congregation of the Mission Whom Monsieur Vincent Sent to Barbary An admirable example of the wisdom and goodness of God was his using the captivity of several heretics who had fallen into the hands\u2026","rel":"","context":"In &quot;Vincent de Paul&quot;","block_context":{"text":"Vincent de Paul","link":"http:\/\/vincentians.com\/en\/category\/the-vincentian-family\/founders\/vincent-de-paul\/"},"img":{"alt_text":"","src":"https:\/\/i0.wp.com\/vincentians.com\/en\/wp-content\/uploads\/sites\/2\/2016\/07\/abelly-feat.jpg?fit=1200%2C630&resize=350%2C200","width":350,"height":200,"srcset":"https:\/\/i0.wp.com\/vincentians.com\/en\/wp-content\/uploads\/sites\/2\/2016\/07\/abelly-feat.jpg?fit=1200%2C630&resize=350%2C200 1x, https:\/\/i0.wp.com\/vincentians.com\/en\/wp-content\/uploads\/sites\/2\/2016\/07\/abelly-feat.jpg?fit=1200%2C630&resize=525%2C300 1.5x, https:\/\/i0.wp.com\/vincentians.com\/en\/wp-content\/uploads\/sites\/2\/2016\/07\/abelly-feat.jpg?fit=1200%2C630&resize=700%2C400 2x, https:\/\/i0.wp.com\/vincentians.com\/en\/wp-content\/uploads\/sites\/2\/2016\/07\/abelly-feat.jpg?fit=1200%2C630&resize=1050%2C600 3x"},"classes":[]},{"id":106958,"url":"http:\/\/vincentians.com\/en\/the-life-of-vincent-de-paul-abelly-book-ii-chapter-i-section-vii-part-vi\/","url_meta":{"origin":107098,"position":3},"title":"The Life of Vincent de Paul (Abelly): Book II, Chapter I, Section VII, Part VI","author":"Francisco Javier Fern\u00e1ndez Chento","date":"September 18, 2016","format":false,"excerpt":"PART SIX: Various Directives Given by Monsieur Vincent to the Missionaries of Barbary Regarding Their Personal Behavior and Their Way of Acting Among the Infidels. The mortal hatred which the Moslems bore the Christians was so strong that they believed it was enough that they should kill a Christian to\u2026","rel":"","context":"In &quot;Vincent de Paul&quot;","block_context":{"text":"Vincent de Paul","link":"http:\/\/vincentians.com\/en\/category\/the-vincentian-family\/founders\/vincent-de-paul\/"},"img":{"alt_text":"","src":"https:\/\/i0.wp.com\/vincentians.com\/en\/wp-content\/uploads\/sites\/2\/2016\/07\/abelly-feat.jpg?fit=1200%2C630&resize=350%2C200","width":350,"height":200,"srcset":"https:\/\/i0.wp.com\/vincentians.com\/en\/wp-content\/uploads\/sites\/2\/2016\/07\/abelly-feat.jpg?fit=1200%2C630&resize=350%2C200 1x, https:\/\/i0.wp.com\/vincentians.com\/en\/wp-content\/uploads\/sites\/2\/2016\/07\/abelly-feat.jpg?fit=1200%2C630&resize=525%2C300 1.5x, https:\/\/i0.wp.com\/vincentians.com\/en\/wp-content\/uploads\/sites\/2\/2016\/07\/abelly-feat.jpg?fit=1200%2C630&resize=700%2C400 2x, https:\/\/i0.wp.com\/vincentians.com\/en\/wp-content\/uploads\/sites\/2\/2016\/07\/abelly-feat.jpg?fit=1200%2C630&resize=1050%2C600 3x"},"classes":[]},{"id":107074,"url":"http:\/\/vincentians.com\/en\/the-life-of-vincent-de-paul-abelly-book-ii-chapter-i-section-vii-part-ix\/","url_meta":{"origin":107098,"position":4},"title":"The Life of Vincent de Paul (Abelly): Book II, Chapter I, Section VII, Part IX","author":"Francisco Javier Fern\u00e1ndez Chento","date":"September 21, 2016","format":false,"excerpt":"PART NINE: Help Given to the Poor Slaves of Bizerte and of Several Other Places The priests of the Congregation of the Mission had been sent by their superior general, Monsieur Vincent, to help and serve the poor slaves in Barbary. They did not limit their charity to the cities\u2026","rel":"","context":"In &quot;Vincent de Paul&quot;","block_context":{"text":"Vincent de Paul","link":"http:\/\/vincentians.com\/en\/category\/the-vincentian-family\/founders\/vincent-de-paul\/"},"img":{"alt_text":"","src":"https:\/\/i0.wp.com\/vincentians.com\/en\/wp-content\/uploads\/sites\/2\/2016\/07\/abelly-feat.jpg?fit=1200%2C630&resize=350%2C200","width":350,"height":200,"srcset":"https:\/\/i0.wp.com\/vincentians.com\/en\/wp-content\/uploads\/sites\/2\/2016\/07\/abelly-feat.jpg?fit=1200%2C630&resize=350%2C200 1x, https:\/\/i0.wp.com\/vincentians.com\/en\/wp-content\/uploads\/sites\/2\/2016\/07\/abelly-feat.jpg?fit=1200%2C630&resize=525%2C300 1.5x, https:\/\/i0.wp.com\/vincentians.com\/en\/wp-content\/uploads\/sites\/2\/2016\/07\/abelly-feat.jpg?fit=1200%2C630&resize=700%2C400 2x, https:\/\/i0.wp.com\/vincentians.com\/en\/wp-content\/uploads\/sites\/2\/2016\/07\/abelly-feat.jpg?fit=1200%2C630&resize=1050%2C600 3x"},"classes":[]},{"id":106962,"url":"http:\/\/vincentians.com\/en\/the-life-of-vincent-de-paul-abelly-book-ii-chapter-i-section-vii-part-ii\/","url_meta":{"origin":107098,"position":5},"title":"The Life of Vincent de Paul (Abelly): Book II, Chapter I, Section VII, Part II","author":"Francisco Javier Fern\u00e1ndez Chento","date":"September 14, 2016","format":false,"excerpt":"PART TWO: The Main Work of the Missionaries in Barbary Monsieur Vincent first used his influence to have consuls appointed in the two cities, Tunis and Algiers. They were to cooperate with the priests of the Mission in the spiritual and corporal works of mercy serving the Christians there, both\u2026","rel":"","context":"In &quot;Vincent de Paul&quot;","block_context":{"text":"Vincent de Paul","link":"http:\/\/vincentians.com\/en\/category\/the-vincentian-family\/founders\/vincent-de-paul\/"},"img":{"alt_text":"","src":"https:\/\/i0.wp.com\/vincentians.com\/en\/wp-content\/uploads\/sites\/2\/2016\/07\/abelly-feat.jpg?fit=1200%2C630&resize=350%2C200","width":350,"height":200,"srcset":"https:\/\/i0.wp.com\/vincentians.com\/en\/wp-content\/uploads\/sites\/2\/2016\/07\/abelly-feat.jpg?fit=1200%2C630&resize=350%2C200 1x, https:\/\/i0.wp.com\/vincentians.com\/en\/wp-content\/uploads\/sites\/2\/2016\/07\/abelly-feat.jpg?fit=1200%2C630&resize=525%2C300 1.5x, https:\/\/i0.wp.com\/vincentians.com\/en\/wp-content\/uploads\/sites\/2\/2016\/07\/abelly-feat.jpg?fit=1200%2C630&resize=700%2C400 2x, https:\/\/i0.wp.com\/vincentians.com\/en\/wp-content\/uploads\/sites\/2\/2016\/07\/abelly-feat.jpg?fit=1200%2C630&resize=1050%2C600 3x"},"classes":[]}],"_links":{"self":[{"href":"http:\/\/vincentians.com\/en\/wp-json\/wp\/v2\/posts\/107098","targetHints":{"allow":["GET"]}}],"collection":[{"href":"http:\/\/vincentians.com\/en\/wp-json\/wp\/v2\/posts"}],"about":[{"href":"http:\/\/vincentians.com\/en\/wp-json\/wp\/v2\/types\/post"}],"author":[{"embeddable":true,"href":"http:\/\/vincentians.com\/en\/wp-json\/wp\/v2\/users\/4"}],"replies":[{"embeddable":true,"href":"http:\/\/vincentians.com\/en\/wp-json\/wp\/v2\/comments?post=107098"}],"version-history":[{"count":0,"href":"http:\/\/vincentians.com\/en\/wp-json\/wp\/v2\/posts\/107098\/revisions"}],"wp:featuredmedia":[{"embeddable":true,"href":"http:\/\/vincentians.com\/en\/wp-json\/wp\/v2\/media\/149583"}],"wp:attachment":[{"href":"http:\/\/vincentians.com\/en\/wp-json\/wp\/v2\/media?parent=107098"}],"wp:term":[{"taxonomy":"category","embeddable":true,"href":"http:\/\/vincentians.com\/en\/wp-json\/wp\/v2\/categories?post=107098"},{"taxonomy":"post_tag","embeddable":true,"href":"http:\/\/vincentians.com\/en\/wp-json\/wp\/v2\/tags?post=107098"}],"curies":[{"name":"wp","href":"https:\/\/api.w.org\/{rel}","templated":true}]}}