{"id":107070,"date":"2015-02-20T06:42:43","date_gmt":"2015-02-20T05:42:43","guid":{"rendered":"http:\/\/vincentians.com\/?p=107070"},"modified":"2016-07-10T11:03:48","modified_gmt":"2016-07-10T09:03:48","slug":"the-ministry-of-priesthood-for-st-vincent-and-his-congregation","status":"publish","type":"post","link":"http:\/\/vincentians.com\/en\/the-ministry-of-priesthood-for-st-vincent-and-his-congregation\/","title":{"rendered":"The Ministry of Priesthood for St Vincent and his Congregation"},"content":{"rendered":"<p>On 23 September 1600 a young man knelt before an old bishop at Chateau l\u2019Ev\u00eaque; he was being ordained to the priesthood. He was no more than 20 years of age, and his name was Vincent de Paul. The pre\u00admature ordination did not indicate a corresponding precocious sanctity, but more exactly a widespread unhappy condition of the priesthood which was in urgent need of reform. It is true that reform was under way in some places, as, for example, at Dax where the zealous new bishop was initiating better ways. But Vincent, for whatever reasons, did not receive priestly anointing from his episcopal hands<span id='easy-footnote-1-107070' class='easy-footnote-margin-adjust'><\/span><span class='easy-footnote'><a href='http:\/\/vincentians.com\/en\/the-ministry-of-priesthood-for-st-vincent-and-his-congregation\/#easy-footnote-bottom-1-107070' title='Coste: &lt;i&gt;The Life and Labours of St Vincent de Paul, &lt;\/i&gt;three vols, London 1934, trans\u00adlated by Joseph Leonard. Cf vol 1 pp 31ff. Rom\u00e1n: &lt;i&gt;San Vicente de Pa\u00fal, I, Biograf\u00eda, &lt;\/i&gt;Madrid 1981, cf pp 53ff. Mott: &lt;i&gt;Saint Vincent de Paul et le sacerdoce, &lt;\/i&gt;Paris 1900, cf pp 57ff.'><sup>1<\/sup><\/a><\/span>. The Tridentine clerical renewal, not given royal blessing in France till 1615, would later be one of the great consuming pastoral concerns of Vincent de Paul. But that lay a long way off in 1600.It is not my intention here to narrate in detail the wonderful projects on behalf of seminaries and the priestly life and ministry, though I am keeping these in mind. Rather my specific intention is to look at Vincent\u2019s experience of priesthood, and his reflections on it. So I want to draw frequently on the rich reservoir of St Vincent\u2019s story as we follow him with vivid interest through the pages of his epic, re-lived, so to speak, and life-bringing to his sons of today some centuries further along the road. As a result of this vivified contemplation of our Founder my desire is that we would deduce some possibly great, workable and lasting insights bearing on our own experience of priesthood at the present time.<\/p>\n<p>I think it is not too much to hope that our exploration, under the Spirit\u2019s guidance, may have far-reaching effects in the renewal of the Vincentian charism in our priesthood \u2014 what emphatically character\u00adises us as Vincentian priests. I am aware that many of our confr\u00e8res around the world are engaged like us in this noble ideal, and in many ways, whether in the vineyard of daily labour, the painstaking task of research, at the well-spring of silent prayer, or in patient, relentless, suffering. I suggest that all these are complementary, and flow into and from each other. We then go on with this purpose of discovering the true Vincent and taking his spirit into our hearts only to let it pour out from us to present an authentic priesthood in this period of history.<\/p>\n<h2><i>Views on priesthood in St Vincent\u2019s time<\/i><\/h2>\n<p>Feudal society and later monarchic rule provided a structural back\u00adground influencing attitudes in the religious sphere during the late Middle Ages and into the 17th century. Clichtove\u2019s image of priesthood was prevalent up to, and in, St Vincent\u2019s lifetime. This author, reflect\u00ading the current opinion, saw priesthood primarily in relation to cult; and the consequence of this was a tendency to separate priest from people. Priests and monks were placed far above the level of ordinary believers. According to this image priests became for the first time completely clerical and monastic, and spiritual literature on the priesthood has had clear echoes of this model right down to Vatican II<span id='easy-footnote-2-107070' class='easy-footnote-margin-adjust'><\/span><span class='easy-footnote'><a href='http:\/\/vincentians.com\/en\/the-ministry-of-priesthood-for-st-vincent-and-his-congregation\/#easy-footnote-bottom-2-107070' title='Schillebeeckx: &lt;i&gt;Ministry, &lt;\/i&gt;London 1981, cf pp 58ff.'><sup>2<\/sup><\/a><\/span>. Closely allied to this view formulated in the 16th century was one with much older roots, perhaps dating back to Pseudo-Dionysius of the patristic era. The theory stated that as higher angels illuminated those of a lower plane, so priests, being higher in the hierarchy of salvific economy, transmit redemptive influence to the laity and bring them to God<span id='easy-footnote-3-107070' class='easy-footnote-margin-adjust'><\/span><span class='easy-footnote'><a href='http:\/\/vincentians.com\/en\/the-ministry-of-priesthood-for-st-vincent-and-his-congregation\/#easy-footnote-bottom-3-107070' title='Orcajo and P\u00e9rez Flores: &lt;i&gt;San Vicente de Pa\u00fal, II, Espiritualidad y seleccion de escritos, &lt;\/i&gt;Madrid 1981, cf pp 60ff.'><sup>3<\/sup><\/a><\/span>. The Council of Trent did not set out to present a complete doctrine of the Catholic conception of priesthood and priestly ministry. The canons of the Council emphasised the priest\u2019s presidency at the Eucharist and the performance of other sacramental acts. Trent also affirmed the ministry of pastoral leader\u00adship and proclamation, both in association with the episcopate<span id='easy-footnote-4-107070' class='easy-footnote-margin-adjust'><\/span><span class='easy-footnote'><a href='http:\/\/vincentians.com\/en\/the-ministry-of-priesthood-for-st-vincent-and-his-congregation\/#easy-footnote-bottom-4-107070' title='Schillebeeckx: &lt;i&gt;op cit, &lt;\/i&gt;cf pp 60ff.'><sup>4<\/sup><\/a><\/span>. More interesting perhaps than these statements of Trent were the actual effects they-were to produce in the future history of the Church. But that is a whole story in itself. More important for our present task is the extent, greater or lesser, to which St Vincent imbibed, assimilated or modified existing attitudes on priesthood. He himself recalled with enduring sat\u00adisfaction the impression made on him in Rome by Clement VIII. He saw that Pope there probably in 1601, and always regarded him as a saint. It seems that it was on the occasion of that Roman visit that Vincent made his first real encounter with the mysterious world of sanctity.<\/p>\n<p>Cardinal de B\u00e9rulle\u2019s concept of the priesthood was well-known to St Vincent, and had effects on his own early ministry in particular. \u201cPriests should practise the religion of Christ towards his Father\u201d<span id='easy-footnote-5-107070' class='easy-footnote-margin-adjust'><\/span><span class='easy-footnote'><a href='http:\/\/vincentians.com\/en\/the-ministry-of-priesthood-for-st-vincent-and-his-congregation\/#easy-footnote-bottom-5-107070' title='Delarue: &lt;i&gt;The Missionary Ideal of the Priesthood according to St Vincent de Paul, &lt;\/i&gt;privately printed English translation, cf pp 41ff. Ibanez: &lt;i&gt;Vicente de Pa\u00fal: Realismo y encarnaci\u00f3n, &lt;\/i&gt;Salamanca 1982, cf pp 184ff.'><sup>5<\/sup><\/a><\/span>. Here the two men are on common ground, but while B\u00e9rulle tended towards subtlety and speculation, Vincent succeeded in taking the priesthood out of the purely theoretical sphere and into the reality of fraternal service unfold\u00ading in a discerned activity. B\u00e9rulle presented a powerful doctrine of the Incarnation and the call to all people to do God\u2019s will, and be redeemed in Christ. However, the great Oratorian \u201cmystic of essences\u201d somehow falls short of a dynamic direction which would bring to fruition this religion of the interior.<\/p>\n<h2><i>Evolution and labours of Vincent the priest<\/i><\/h2>\n<p>Vincent de Paul was alert to the conditions about him, and to other people and available writings. Francis de Sales and Benet of Canfield came into the young priest\u2019s orbit during the second decade of the 17th century. The Salesian <i>Love of God <\/i>with its unmistakable resonances of Teresian simplicity and gentleness softened the rigour and sharpened the active ministry of Vincent. Benet of Canfield\u2019s <i>Rule of Perfection <\/i>counselled him to follow the will of God and \u201cbe clothed with Jesus Christ\u201d.<\/p>\n<p>The second decade of the 17th century was also crucial for the young Vincent for other reasons. It was the decade of his trials: the false accu\u00adsation, and, according to Abelly, the horrific night of faith. B\u00e9rulle, to his eternal credit, stayed with him in these hardest of times. Out of the uterine darkness of purgation came the priest disillusioned with former ambitions. His altogether new self-gift in ministry to the poor was the antithesis of the soft option for a comfortable life on a fat benefice. The experience of pastoral ministry in the countryside, and especially at Folleville and Ch\u00e2tillon, channelled the evolving spiritual energy of Vincent towards a realisation of the kingdom, not just in himself, but far beyond, among those who were neglected and hungry for the word, in the hearts of the poor.<\/p>\n<p>It appears rather odd that B\u00e9rulle, who approved of Vincent\u2019s early apostolate among the poor, should later oppose the foundation of the Congregation of the Mission. In the meantime the Oratorian had been adopting a policy of constriction towards the Discalced Carmelite nuns and, to say the least, Vincent was not in agreement with it. At all events, the young priest from Dax was now becoming more autonomous spiri\u00adtually and more sensitive to the Spirit\u2019s urgings in himself. Also, from about 1618 (the year of B\u00e9rulle\u2019s clash with the Carmelites) he had as his spiritual director Fr Andr\u00e9 Duval, the humble Sorbonne professor, who was also a true friend to the Carmelites. This holy man remained his director for many years till his death in 1638. He allowed Vincent to mature into his forties and beyond. He guided him wisely to new pastures of priestly zeal and ministry. One of these was the Little Company of the Mission<span id='easy-footnote-6-107070' class='easy-footnote-margin-adjust'><\/span><span class='easy-footnote'><a href='http:\/\/vincentians.com\/en\/the-ministry-of-priesthood-for-st-vincent-and-his-congregation\/#easy-footnote-bottom-6-107070' title='Rom\u00e1n, &lt;i&gt;op cit, &lt;\/i&gt;pp 167-168.'><sup>6<\/sup><\/a><\/span>.<\/p>\n<p>Madame de Gondi, the \u201cwoman behind the man\u201d who preached at Folleville in 1617, urged him to establish a new community to preach the Gospel on her estates. For some time Vincent had performed a kind of peripatetic mission, drawing now and then on the collaboration of others. He invited other communities to enter this apostolate along with him on a more permanent basis. After these communities had turned down his request Vincent, after much reflection, decided to undertake the new foundation. On the way to his final discernment he made two retreats, from which he reaped a treasure which is surely part of his priestly charism, and ours. He had in fact a strong pull and desire to go ahead into action, but he rightly feared that this might be an all too natural inclination, and might even come from the evil spirit. So at the Soissons retreat he prayed insistently that he might be free of this too natural attraction, and of the haste which beset him. And he says: \u201cThe Lord in his mercy deigned to hear me so that he took away from me this desire and haste, and allowed me to enter into the contrary dispositions\u201d (II, 247). It still took a decisive nudge from Fr Duval to give Vincent the confirmation he needed in regard to God\u2019s plan. As a good directee he poured out his heart to the prudent professor, who listened carefully and responded positively to his aspirations. On hearing his reply Vincent felt in his heart a strong outpouring of grace; he now experienced the peace and reassurance which accompany all true invitations from God. He abandoned himself totally to the enterprise.<\/p>\n<p>The extensive project of preaching, teaching, conversion and healing among the people could not be carried out by a congregation of priests, no matter how devoted; there was required a holy and active priesthood right across the board. As one peruses the whole Vincentian story, the great work of priesthood renewal is one of the most inspiring and, I think, enduringly valid. The Tridentine seminary reform was slow in penetrating the maze of obstacles established by accepted usage, not least the poor quality of staff personnel in seminaries. Some reform was going on in this area. Among those already doing fine work in seminary ministry were the Jesuits for quite some time, and the Oratorians from 1612. Interestingly, St Vincent, with acute insight into human nature, did not favour the seminary recruitment of young boys, but he set great store by a thorough intellectual, pastoral and spiritual formation of men mature enough and ready to advance towards diaconate and priesthood. These he especially welcomed to the Bons Enfants College. He also pursued with remarkable resourcefulness and energy what we call today renewal courses for priests already in the ministry. These courses were diversified into several disciplines. The methods could obviously not be as sophisticated as today\u2019s, yet they reveal a heart in the right place and we find a splendidly modern insight of the saint in his promotion of the association of priests who met for the famous Tuesday Conferences<span id='easy-footnote-7-107070' class='easy-footnote-margin-adjust'><\/span><span class='easy-footnote'><a href='http:\/\/vincentians.com\/en\/the-ministry-of-priesthood-for-st-vincent-and-his-congregation\/#easy-footnote-bottom-7-107070' title='Coste, &lt;i&gt;op cit, &lt;\/i&gt;I, pp 264-267.'><sup>7<\/sup><\/a><\/span>.<\/p>\n<p>Vincent de Paul, for all his far-reaching labours and love for the clergy, was the exact opposite of a clerical exclusivist. The wide expanse of his outlook was none other than universal in its embrace of the kingdom which is ultimately the possession of the poor in spirit. This man of Pauline courage and indomitable charisma was like another apostle striding the pages of Acts. Indeed his ministry and its light and fire have more than tenuous reminders of the Lucan early Church story. This chronicle of the young Church depicts the excitement of begin\u00adnings and the inebriating inflow of the Spirit. Vincent in some degree recaptures this sense of openness and sheer joy in love and service. He is not living today \u201cin the body\u201d to see the new expansion of multiple ministries in the life of the Church. But, no doubt, the mushrooming and variety of ministry would be in accord with his spirit, all of course with due deference to lawful authority. Ch\u00e2tillon was a discovery of lay potential in charity. It was a seed from which a great tree of love, varie\u00adgated, rich and fruitful would spring up. The branches were laypeople, all who were willing to love, and give, and act, and the fruits were the love shared with the poor and all in need. A ministry of enlightenment, hope, and healing ensued, balm poured forth on a suffering world, and the laity were enrolled in this gentle kingdom of service. At this moment in time Vincent would find a responsibe chord in his heart for the modern agencies of mercy and relief, or for a group of Vincentians (or Vincentians in spirit) pouring oil on the wounds inflicted by drug abuse, or loneliness, or false prophecy, or unemployment. In a beautiful affirming talk to his lay ministers of charity he compares their position to that of the close followers and assistants of Jesus and his disciples of the infant Church:<\/p>\n<p>There is no condition in the world which is so close to their state as yours. They went from place to place to care for the needs not only of the Gospel workers but also of the indigent faithful (XIII, 815).<\/p>\n<p>Together with groups of laity and his own community St Vincent had a unique partner in St Louise de Marillac, who, with him, founded the Daughters of Charity. It was a case of new progeny rising from the family tree when the Company of the Daughers was established in 1633 and Louise, already eminent for her charitable work, was the right hand of St Vincent with regard to this new burgeoning of divine love released upon the world. In this context, as in many others, Vincent the priest esteems, listens to and incorporates women into the develop\u00adment of the Kingdom. He is not a feminist devotee of the 20th century, but a man who accepts fully the discipleship and ministry potential of womanhood. The launching of the Daughters into the city slums and the remote countryside was a stroke of genius, and also an act of faith in their spiritual calibre. Part of their apostolate, as that of the priests, was concerned with adult formation and education in the faith, something which was then appropriate and is now one of the most pressing needs of the Church. Vincent would use homely expressions of the Daughters, like \u201ca fine big girl\u201d, \u201ca really good girl, judicious and gracious\u201d, \u201clittle Barbara\u201d<span id='easy-footnote-8-107070' class='easy-footnote-margin-adjust'><\/span><span class='easy-footnote'><a href='http:\/\/vincentians.com\/en\/the-ministry-of-priesthood-for-st-vincent-and-his-congregation\/#easy-footnote-bottom-8-107070' title='Coste, &lt;i&gt;op cit, &lt;\/i&gt;I, pp 336-337, 339.'><sup>8<\/sup><\/a><\/span>. These endearing sum-ups show us his affection as well as good judgement. Surely his acceptance of women is an indication of a mature man at ease with his celibacy, and an imaginative cue-taking from his observation of women\u2019s role in the New Testament.<\/p>\n<h2><i>Vincent\u2019s particular insights on priesthood<\/i><\/h2>\n<p>At this point I want to reflect a little on the central vision of St Vincent regarding the priesthood, and then try to weave this living reality into our own experience of priesthood in the present age. From all we have been saying it is clear that our Founder was not cramped by the prevailing concepts of priesthood. Recently when I mentioned to somebody that he advocated simplicity and con-creteness in preaching, the response was that he was a man ahead of his time. He was ahead of his time in so many ways, but also he was strikingly wise in starting from the real position on the ground and in people\u2019s minds; he was a man of his time too. He subscribed in some degree to the Pseudo-Dionysian priestly model, mentioned above (cf XI, 348). On many occasions he expressed his highest esteem for the glory of the priesthood on earth as participating in the priesthood of Christ. He even went so far as to say:<\/p>\n<p>If I had known what the priesthood was before I had the temerity to enter that state&#8230;, I would have preferred to work the land rather than to commit myself to such an office (V, 568).<\/p>\n<p>Exaggeration, no doubt, due to the saint\u2019s humility. But Vincent was not paralysed by its awesomeness, and was always faithful to his call, relying on the grace it carried. He clearly distinguished the min\u00adisterial priesthood from the laity. But perhaps one of his most brilliant insights was to put the priesthood at the service of his brothers and sisters in a most radical way, to insert the priesthood and the priests he contacted into a living pastoral realism and love. The true greatness of the Vincentian priesthood is not separateness or superiority but a tent-pitching among humankind, a presence and brotherhood with people as they are. Along this wavelength heaven is found in hovels; the grace of Ordination becomes alive among the poor from the threshold of a royal palace to a traveller\u2019s caravan; the unloved are loved by those who bear the Vincentian emblem, so that through us they can believe in the Father\u2019s love for them. In words full of evangelical passion, St Vincent skilfully proclaims the special character of his followers:<\/p>\n<p>What reason has not the Congregation to humble itself, seeing the choice which the Lord made of it, since to the present day there has not been the like; and, be it said to the shame of our times, a congregation having for end to do that which Our Lord has come on earth to do \u2014 to announce the gospel to the neglected poor \u2014 has been but an object of contempt to the present age. Yet such is our end: to do what Jesus Christ has come on earth to do: \u201c<i>Evangelizare pauperibus misitme\u201d. <\/i>O! What an end!<span id='easy-footnote-9-107070' class='easy-footnote-margin-adjust'><\/span><span class='easy-footnote'><a href='http:\/\/vincentians.com\/en\/the-ministry-of-priesthood-for-st-vincent-and-his-congregation\/#easy-footnote-bottom-9-107070' title='&lt;i&gt;A Collection of the Conferences of St Vincent, &lt;\/i&gt;Dublin 1881, p3. (This translation, published anonymously, was by Malachy O\u2019Callaghan and John Burke and was made from the imperfect P\u00e9martin edition. This passage is slightly different in the Coste edition, XII pp 3-4. &lt;i&gt;Ed.&lt;\/i&gt;)'><sup>9<\/sup><\/a><\/span>\n<p>This typical, though not fundamentalist, likeness to Jesus and his mission was, and is, the inner secret of Vincent\u2019s charism: to go and bring the Good News of God\u2019s kingdom to the neglected poor, yester\u00adday, today, always. This is our obsession and peace. The peace of Christ may disturb us, but is disturbs only in order to bring freedom and peace to us now and at the last.<\/p>\n<p>Our portion, then, Gentlemen and my Brothers, are the poor. The poor! <i>Evangelizare pauperibus misit me. <\/i>What a blessing! Gentlemen. What a blessing! To do that which our Saviour has come on earth to do, and by this means to ascend from earth to heaven&#8230;<span id='easy-footnote-10-107070' class='easy-footnote-margin-adjust'><\/span><span class='easy-footnote'><a href='http:\/\/vincentians.com\/en\/the-ministry-of-priesthood-for-st-vincent-and-his-congregation\/#easy-footnote-bottom-10-107070' title='&lt;i&gt;Ibid, &lt;\/i&gt;p 4.'><sup>10<\/sup><\/a><\/span>\n<p>Here is something to project one ahead on the road of Jesus, in his company, filled by the confidence he inspires. \u201cWhere I am, there shall my servant be\u201d (Jn 12:26). And here, too, is another great part of the Vincentian secret. It is the mustard seed of the word ready for abundant growth at all moments, given goodwill, effort and atten-tiveness to the Lord. This awareness of the Lord will find times of more intense expres\u00adsion in the context of daily meditation and a rich liturgical life, but also a whole prayerful attitude to life in every respect, a life reflected upon, derived from Christ, and directed back to its source in the Trinity.<\/p>\n<p>\u201cThe Congregation of the Mission will last as long as it faithfully carries out the practice of prayer\u201d (XI, 83). These are sublime and sobering words of St Vincent who himself discovered a deep and pro\u00adlonged experience of priesthood and of God in his sustained prayer life. He passes on the experience to us in order that we may grasp the truth that all is emptiness without the fullness of a sound life of prayer.<\/p>\n<h2><i>A look at ourselves<\/i><\/h2>\n<p>At the present moment it appears as if the Congregation is maturing deeply. Signs of new plants can be spotted in the Vincentian field of the Church. Much also seems to be going on beneath the surface, roots refreshed, reaching upwards, soon, with the help of God, to break forth in a new spring of hope and goodness. A spirit of adventure and evangelical boldness invites us to affirm the goodness to be found in the world about us, and to challenge current popularly-accepted non-Christian values.<\/p>\n<p>One day, a young priest imagined he would like to proclaim Christ to the crowds in a busy city centre. It was sheer madness, of course (though Paul, who trod the Roman Empire long ago would hardly think so, nor do the cult devotees of today). The priest\u2019s fervour did not last, perhaps fortunately. Only a crackpot or a saint would try such a thing, and the reckoning of our modern mentality would probablly rightly consign such a one to the former category. But what Catholic priest or Vincentian priest, with co-operators, would think of initiating popular Christian renewal in halls about our cities, in neighbourhood groups, in roadside mission (we already have the parish missions and the Travellers\u2019 Mission), a lunchtime evangelisation, presence at pop concerts or youth festivals for Sunday Mass and direct apostolate, talks and leadership in Christian meditation and contemplation (the oriental groups are very active with the thoughts of their own masters), study and programmes of action on the greatest spiritual needs in contempo\u00adrary society? (St Vincent saw the horrendous state of the poor and the sacerdotal wastelands, and then discerned the way to action). These are some of the questions among the many that may be asked, though the answers are another matter, and in all fairness and respect it must be said that many of our confr\u00e8res are launching fresh initiatives in some of these, and other, areas. Here the heart could run away with the head, but also the head could be so cool as to cripple new possibilities, which are sometimes accompanied by risk and even failure. Certainly, means have to be proportionate to ends, and caution cannot be thrown to the winds. This kind of holy restlessness needs discerning, but I think it is great, especially now, to hear about new dreams, and to be open to the genuine prophetic voices within and without. It is good for us all to be tuned in to the insights, to listen, to reflect, to decide with the Spirit\u2019s guidance, to go forward with innovative vigour, perhaps very painfully.<\/p>\n<p>We have gained much inspiration from events of recent years and new fruitfulness in the Congregation, intraprovincial and worldwide. We have had the Provincial and General Assemblies, and the 1981 Fourth Centenary with its prophetic letter from Pope John Paul II to Fr McCullen. The Pope thinks of Vincent today \u201cfinding the way of the poor, the new poor\u201d. There has occurred the Provincials\u2019 meeting on Mission at Bogota in 1983. We are witnessing the Lord\u2019s goodness in the spiritual fruitfulness and fresh promise of our young confr\u00e8res in Columbia, Brazil, Nigeria, Poland, Austria and elsewhere. These seem to be among today\u2019s \u201csigns of the times\u201d. And, most recently, the Congregation has experienced the Vincentian Month held in Paris in July 1984. Here was a whole mine of new richness betokening an ever-youthful Congregation to be unfolded in powerful mission in the fulness of God\u2019s time.<\/p>\n<h2><i>Some conclusions<\/i><\/h2>\n<p>I now want to pick out a few of the many fine splendours of St Vincent\u2019s priestly ideal and experience, and propose that in these areas we might find the fertile seeds of growth at this point in our story. I would like in this process to work from the outside inwards, so to speak, like following a light back to the lamp which is its source.<\/p>\n<p>First, it seems to me that the Vincentian priesthood is alive and well. It shares the beauty of the Catholic priesthood throughout the world, as found in the New Testament, developed in the life of the Church, and transmitted through history. Now, especially in the light of Vatican II and renewal in all communities (including our own), the true inner essence of Christ\u2019s ministerial priests should be discovered and asserted. \u201cThe ministry itself (of priests) by a special title forbids them to be con\u00adformed to this world\u201d<span id='easy-footnote-11-107070' class='easy-footnote-margin-adjust'><\/span><span class='easy-footnote'><a href='http:\/\/vincentians.com\/en\/the-ministry-of-priesthood-for-st-vincent-and-his-congregation\/#easy-footnote-bottom-11-107070' title='&lt;i&gt;Presbyterorum ordinis, &lt;\/i&gt;\u00a73. Cf Rm 12:2.'><sup>11<\/sup><\/a><\/span>. The Council\u2019s words contain encouragement for us priests to resist the \u201cearthly, unspiritual, and devilish\u201d (Jm 3:15) in ourselves and in the world. So, a strong evangelistic voice from us proclaims the word of life and the truth that sets us and all people free.<\/p>\n<p>Wherever we are, whatever we do, this patient, divine word goes out from us to youth in our colleges and other places, to parishioners, to our seminarians, above all to the poor.<\/p>\n<p>The poor did not receive much explicit mention in the documents of the Second Vatican Council. It is since 1965 that they have cried most pleadingly across all boundaries. In Gutierrez\u2019s phrase \u201ctheology from the underside of history\u201d is now well and truly being written and lived. The Latin American theologians have reawakened our dormant con\u00adsciousness and revolutionised Christian awareness on the existence of the poor. Paul VI and John Paul II have added momentum and weight to this trend. Vincent de Paul\u2019s vision and words again come to life, most of all in the hearts of his sons and daughters. The poor transcend terms like conservative and liberal. They are concerned with bread, a decent life and a liberating Gospel of love and brotherhood, where prayer is born out of authentic celebration of the Eucharist. That poor man, Father Vincent, speaks to us again:<\/p>\n<p>Yes, the Lord asks us to evangelise the poor. It is what he did, and wants to continue doing through us&#8230; What happiness, my brothers! And also, what an obligation to have an affection for it (our vocation). Therefore a great motive we have is the grandeur of the task: to bring the poor to the knowledge of God, to announce Jesus Christ to them, to say that the kingdom of heaven is near, and that that kingdom is for the poor. How noble this is (XII, 79-80).<\/p>\n<p>Vincent thus catches the inner heart of our priesthood, its very essence. And in doing so he puts himself in the company of the most enthusiastic incarnationists. But we know that the Incarnation began with Christ, and always it has to include Christ in order to avoid ending up in the byways of mere philanthropy.<\/p>\n<p>Secondly, we trace back a little further the light that illumines a pro\u00adphetic message of humble spiritual leadership and partnership among the poor. Recently, on learning about new groups working among the poor, I was fascinated by the fact that these people live very simply and humbly. Their lifestyle is a sincere and pellucid witness to the poor whom they love. Their day-to-day living is eloquent and unmistakable, and compels credibility. I do not think the Vincentian way asks for an extreme form of poverty. We need reasonable community conditions, shelter and clothing. We need substantial food and the wherewithal to live and work effectively. Sufficient recreation and leisure, with oppor\u00adtunities for quietude, are also sound elements in our situation. The extent of all these is surely something for us to reflect on, though not easy to legislate on. Vincent, as up to date as the latest spiritual theologians, sets poverty in its true perspective:<\/p>\n<p>Having made this vow of poverty we no longer hold on to anything, we are no longer attached to honours, riches and pleasures; and after that, shall our heart be without love? No. It must then give its love and affections to God. The vow of poverty, therefore, is nothing else than a sovereign and perfect means of loving God indeed (XII, 380).<\/p>\n<p>The basis and effects of Christian poverty are stated in these words, and we are called to something even deeper than material poverty: depen\u00addence on God, our treasure (Mt 6:19-21). We become like Jesus and the biblical <i>anawim, <\/i>and in some way we can thus approximate to the lives of those we serve. In this regard, and in many others, the quality of our personal lives and fraternity is a sure indicator to the level of witness we give in the apostolic activity we undertake.<\/p>\n<p>Thirdly, and lastly, I wish to say something about the luminous point, where our light is intensified and where especially we reach the Father of Lights. I refer to our daily prayer, and the more extended periodic solitudes of our lives. Interior prayer, mature reflection, which blends with our liturgical activity (Mass, Penance, sacramental ministry, the Divine Office), and with all our labours and relationships, is the precious time of heightened presence, intimate conversation with Jesus Christ, and interior delight in God. Individually and communally we can draw water from the wells of the Lord. There, in interior prayer, we become conscious of the Spirit\u2019s promptings, lights, and the pulls of challenge, perhaps a treatment of healthy guilt at times. The divine life in us, born at baptism, nourished by sacraments, especially a living Eucharist, is fostered in the quiet hours of prayer, and in the sanctuary of a surrendered heart. A good knowledge of prayer and purification of self in accordance with a developing prayer life is a real need for all serious Christians. We give the daily desert time a high esteem in our diverse situations. And we could find great value in taking a quiet period at regular intervals for personal solitude and growth in friendship with Christ, \u201cabiding\u201d with him (cf Jn 15). Within our ministry, too, we can find a wealth of prayer, awareness and spirituality. In this way we would be able to discern more clearly the new invitations which the Lord extends to us, and receive strength to respond to them; our spirituality would be incarnational and transcendent in a balanced, harmonious realism.<\/p>\n<p>As to ways of praying, it is for each of us to see how the Spirit is leading us. St Vincent was wary of contemporary tendencies towards quietism and illuminism, yet he says contemplation occurs where the soul in the presence of God does nothing else but receive what he gives it. It does nothing but what God himself inspires in it, without any effort on its part&#8230; God himself fills your spirit and imprints on it a knowledge which you would never have reached (IX, 420-421).<\/p>\n<p>So he appreciates this manner of praying, though for him in this area the most important point was to be praying consistently according to the divine urge in each one, and above all with good fruit in love. He also sapiently asserts that \u201cperfection in fact does not consist in following a form of prayer, but in charity\u201d<span id='easy-footnote-12-107070' class='easy-footnote-margin-adjust'><\/span><span class='easy-footnote'><a href='http:\/\/vincentians.com\/en\/the-ministry-of-priesthood-for-st-vincent-and-his-congregation\/#easy-footnote-bottom-12-107070' title='Abelly: &lt;i&gt;Vie du v\u00e9n\u00e9rable serviteur de Dieu Vincent de Paul, &lt;\/i&gt;livre III, ch VII. (Pagination varies with edition, books and chapters remain the same).'><sup>12<\/sup><\/a><\/span>. So, like Mary who pondered in her contemplative heart, we pray in silent times and with voice, but also reach out to others in our visitations of charity. I have tried to trace back the Vincentian charism of priesthood to its source. There, the brilliant light of the Trinity is found and shines forth in the heart of St Vincent de Paul who in the plan of Providence transmits beams from the spectrum in special tonalities to us who carry the Vincentian torch. We in turn let this light radiate, in harmony with the whole Church, and with an explicit expression of prayer, humble love, service and solidarity upon our brothers and sisters, especially the poor of our time.<\/p>\n","protected":false},"excerpt":{"rendered":"<p>On 23 September 1600 a young man knelt before an old bishop at Chateau l\u2019Ev\u00eaque; he was being ordained to the priesthood. He was no more than 20 years of age, and his name was &#8230; <a href=\"http:\/\/vincentians.com\/en\/the-ministry-of-priesthood-for-st-vincent-and-his-congregation\/\" class=\"more-link\">Read More<\/a><\/p>\n","protected":false},"author":4,"featured_media":150277,"comment_status":"open","ping_status":"open","sticky":false,"template":"","format":"standard","meta":{"jetpack_post_was_ever_published":false,"_jetpack_newsletter_access":"","_jetpack_dont_email_post_to_subs":false,"_jetpack_newsletter_tier_id":0,"_jetpack_memberships_contains_paywalled_content":false,"_jetpack_memberships_contains_paid_content":false,"footnotes":"","jetpack_publicize_message":"","jetpack_publicize_feature_enabled":true,"jetpack_social_post_already_shared":false,"jetpack_social_options":{"image_generator_settings":{"template":"highway","default_image_id":0,"font":"","enabled":false},"version":2}},"categories":[16],"tags":[],"class_list":["post-107070","post","type-post","status-publish","format-standard","has-post-thumbnail","hentry","category-congregation-of-the-mission"],"yoast_head":"<!-- This site is optimized with the Yoast SEO plugin v26.3 - https:\/\/yoast.com\/wordpress\/plugins\/seo\/ -->\n<title>The Ministry of Priesthood for St Vincent and his Congregation - We are Vincentians<\/title>\n<meta name=\"robots\" content=\"index, follow, max-snippet:-1, max-image-preview:large, max-video-preview:-1\" \/>\n<link rel=\"canonical\" href=\"https:\/\/vincentians.com\/en\/the-ministry-of-priesthood-for-st-vincent-and-his-congregation\/\" \/>\n<meta property=\"og:locale\" content=\"en_US\" \/>\n<meta property=\"og:type\" content=\"article\" \/>\n<meta property=\"og:title\" content=\"The Ministry of Priesthood for St Vincent and his Congregation - We are Vincentians\" \/>\n<meta property=\"og:description\" content=\"On 23 September 1600 a young man knelt before an old bishop at Chateau l\u2019Ev\u00eaque; he was being ordained to the priesthood. He was no more than 20 years of age, and his name was ... Read More\" \/>\n<meta property=\"og:url\" content=\"https:\/\/vincentians.com\/en\/the-ministry-of-priesthood-for-st-vincent-and-his-congregation\/\" \/>\n<meta property=\"og:site_name\" content=\"We are Vincentians\" \/>\n<meta property=\"article:publisher\" content=\"https:\/\/www.facebook.com\/WeAreVincentians\/\" \/>\n<meta property=\"article:author\" content=\"https:\/\/www.facebook.com\/JavierChento\" \/>\n<meta property=\"article:published_time\" content=\"2015-02-20T05:42:43+00:00\" \/>\n<meta property=\"article:modified_time\" content=\"2016-07-10T09:03:48+00:00\" \/>\n<meta property=\"og:image\" content=\"https:\/\/i0.wp.com\/vincentians.com\/en\/wp-content\/uploads\/sites\/2\/2015\/02\/priesthood.jpg?fit=1200%2C630&ssl=1\" \/>\n\t<meta property=\"og:image:width\" content=\"1200\" \/>\n\t<meta property=\"og:image:height\" content=\"630\" \/>\n\t<meta property=\"og:image:type\" content=\"image\/jpeg\" \/>\n<meta name=\"author\" content=\"Francisco Javier Fern\u00e1ndez Chento\" \/>\n<meta name=\"twitter:card\" content=\"summary_large_image\" \/>\n<meta name=\"twitter:creator\" content=\"@https:\/\/twitter.com\/javierchento\" \/>\n<meta name=\"twitter:site\" content=\"@WeVincentians\" \/>\n<meta name=\"twitter:label1\" content=\"Written by\" \/>\n\t<meta name=\"twitter:data1\" content=\"Francisco Javier Fern\u00e1ndez Chento\" \/>\n\t<meta name=\"twitter:label2\" content=\"Est. reading time\" \/>\n\t<meta name=\"twitter:data2\" content=\"27 minutes\" \/>\n<script type=\"application\/ld+json\" class=\"yoast-schema-graph\">{\"@context\":\"https:\/\/schema.org\",\"@graph\":[{\"@type\":\"Article\",\"@id\":\"https:\/\/vincentians.com\/en\/the-ministry-of-priesthood-for-st-vincent-and-his-congregation\/#article\",\"isPartOf\":{\"@id\":\"https:\/\/vincentians.com\/en\/the-ministry-of-priesthood-for-st-vincent-and-his-congregation\/\"},\"author\":{\"name\":\"Francisco Javier Fern\u00e1ndez Chento\",\"@id\":\"https:\/\/vincentians.com\/en\/#\/schema\/person\/9623ef4d9aa3b2dfb8c061f1499288f2\"},\"headline\":\"The Ministry of Priesthood for St Vincent and his Congregation\",\"datePublished\":\"2015-02-20T05:42:43+00:00\",\"dateModified\":\"2016-07-10T09:03:48+00:00\",\"mainEntityOfPage\":{\"@id\":\"https:\/\/vincentians.com\/en\/the-ministry-of-priesthood-for-st-vincent-and-his-congregation\/\"},\"wordCount\":5394,\"commentCount\":0,\"publisher\":{\"@id\":\"https:\/\/vincentians.com\/en\/#organization\"},\"image\":{\"@id\":\"https:\/\/vincentians.com\/en\/the-ministry-of-priesthood-for-st-vincent-and-his-congregation\/#primaryimage\"},\"thumbnailUrl\":\"https:\/\/i0.wp.com\/vincentians.com\/en\/wp-content\/uploads\/sites\/2\/2015\/02\/priesthood.jpg?fit=1200%2C630\",\"articleSection\":[\"Congregation of the Mission\"],\"inLanguage\":\"en-US\",\"potentialAction\":[{\"@type\":\"CommentAction\",\"name\":\"Comment\",\"target\":[\"https:\/\/vincentians.com\/en\/the-ministry-of-priesthood-for-st-vincent-and-his-congregation\/#respond\"]}]},{\"@type\":\"WebPage\",\"@id\":\"https:\/\/vincentians.com\/en\/the-ministry-of-priesthood-for-st-vincent-and-his-congregation\/\",\"url\":\"https:\/\/vincentians.com\/en\/the-ministry-of-priesthood-for-st-vincent-and-his-congregation\/\",\"name\":\"The Ministry of Priesthood for St Vincent and his Congregation - We are Vincentians\",\"isPartOf\":{\"@id\":\"https:\/\/vincentians.com\/en\/#website\"},\"primaryImageOfPage\":{\"@id\":\"https:\/\/vincentians.com\/en\/the-ministry-of-priesthood-for-st-vincent-and-his-congregation\/#primaryimage\"},\"image\":{\"@id\":\"https:\/\/vincentians.com\/en\/the-ministry-of-priesthood-for-st-vincent-and-his-congregation\/#primaryimage\"},\"thumbnailUrl\":\"https:\/\/i0.wp.com\/vincentians.com\/en\/wp-content\/uploads\/sites\/2\/2015\/02\/priesthood.jpg?fit=1200%2C630\",\"datePublished\":\"2015-02-20T05:42:43+00:00\",\"dateModified\":\"2016-07-10T09:03:48+00:00\",\"breadcrumb\":{\"@id\":\"https:\/\/vincentians.com\/en\/the-ministry-of-priesthood-for-st-vincent-and-his-congregation\/#breadcrumb\"},\"inLanguage\":\"en-US\",\"potentialAction\":[{\"@type\":\"ReadAction\",\"target\":[\"https:\/\/vincentians.com\/en\/the-ministry-of-priesthood-for-st-vincent-and-his-congregation\/\"]}]},{\"@type\":\"ImageObject\",\"inLanguage\":\"en-US\",\"@id\":\"https:\/\/vincentians.com\/en\/the-ministry-of-priesthood-for-st-vincent-and-his-congregation\/#primaryimage\",\"url\":\"https:\/\/i0.wp.com\/vincentians.com\/en\/wp-content\/uploads\/sites\/2\/2015\/02\/priesthood.jpg?fit=1200%2C630\",\"contentUrl\":\"https:\/\/i0.wp.com\/vincentians.com\/en\/wp-content\/uploads\/sites\/2\/2015\/02\/priesthood.jpg?fit=1200%2C630\",\"width\":1200,\"height\":630},{\"@type\":\"BreadcrumbList\",\"@id\":\"https:\/\/vincentians.com\/en\/the-ministry-of-priesthood-for-st-vincent-and-his-congregation\/#breadcrumb\",\"itemListElement\":[{\"@type\":\"ListItem\",\"position\":1,\"name\":\"Portada\",\"item\":\"https:\/\/vincentians.com\/en\/\"},{\"@type\":\"ListItem\",\"position\":2,\"name\":\"The Ministry of Priesthood for St Vincent and his Congregation\"}]},{\"@type\":\"WebSite\",\"@id\":\"https:\/\/vincentians.com\/en\/#website\",\"url\":\"https:\/\/vincentians.com\/en\/\",\"name\":\"We are Vincentians\",\"description\":\"Know more to serve more\",\"publisher\":{\"@id\":\"https:\/\/vincentians.com\/en\/#organization\"},\"potentialAction\":[{\"@type\":\"SearchAction\",\"target\":{\"@type\":\"EntryPoint\",\"urlTemplate\":\"https:\/\/vincentians.com\/en\/?s={search_term_string}\"},\"query-input\":{\"@type\":\"PropertyValueSpecification\",\"valueRequired\":true,\"valueName\":\"search_term_string\"}}],\"inLanguage\":\"en-US\"},{\"@type\":\"Organization\",\"@id\":\"https:\/\/vincentians.com\/en\/#organization\",\"name\":\"The Vincentian Network\",\"url\":\"https:\/\/vincentians.com\/en\/\",\"logo\":{\"@type\":\"ImageObject\",\"inLanguage\":\"en-US\",\"@id\":\"https:\/\/vincentians.com\/en\/#\/schema\/logo\/image\/\",\"url\":\"https:\/\/i1.wp.com\/vincentians.com\/en\/wp-content\/uploads\/sites\/2\/2016\/06\/Vincentian-Network-logo-big.png?fit=778%2C778&ssl=1\",\"contentUrl\":\"https:\/\/i1.wp.com\/vincentians.com\/en\/wp-content\/uploads\/sites\/2\/2016\/06\/Vincentian-Network-logo-big.png?fit=778%2C778&ssl=1\",\"width\":778,\"height\":778,\"caption\":\"The Vincentian Network\"},\"image\":{\"@id\":\"https:\/\/vincentians.com\/en\/#\/schema\/logo\/image\/\"},\"sameAs\":[\"https:\/\/www.facebook.com\/WeAreVincentians\/\",\"https:\/\/x.com\/WeVincentians\"]},{\"@type\":\"Person\",\"@id\":\"https:\/\/vincentians.com\/en\/#\/schema\/person\/9623ef4d9aa3b2dfb8c061f1499288f2\",\"name\":\"Francisco Javier Fern\u00e1ndez Chento\",\"image\":{\"@type\":\"ImageObject\",\"inLanguage\":\"en-US\",\"@id\":\"https:\/\/vincentians.com\/en\/#\/schema\/person\/image\/\",\"url\":\"https:\/\/secure.gravatar.com\/avatar\/497d5cde87b4c3d097d0315953521681ba2cd523ee66e5077c3711f7021e65de?s=96&d=mm&r=g\",\"contentUrl\":\"https:\/\/secure.gravatar.com\/avatar\/497d5cde87b4c3d097d0315953521681ba2cd523ee66e5077c3711f7021e65de?s=96&d=mm&r=g\",\"caption\":\"Francisco Javier Fern\u00e1ndez Chento\"},\"description\":\"Director General y cofundador de La Red de Formaci\u00f3n Vicenciana. Javier es laico vicenciano, afiliado a la Congregaci\u00f3n de la Misi\u00f3n y miembro del Equipo de Misiones Populares de la provincia can\u00f3nica de Zaragoza (Espa\u00f1a) de la Congregaci\u00f3n de la Misi\u00f3n. Graduado en la Universidad Oberta de Catalunya con cuatro grados (Asistente de direcci\u00f3n, Gesti\u00f3n Administrativa, Recursos Humanos y Contabilidad Avanzada). Bil\u00edng\u00fce Espa\u00f1ol\/Ingl\u00e9s. gestiona y mantiene varias p\u00e1ginas web cristianas y vicencianas, incluida including La Red de Formaci\u00f3n Vicenciana, de la que es cofundador. Actualmente es responsable del \u00e1rea de Espa\u00f1ol de .famvin, la Red de Noticias de la Familia Vicenciana. Tambi\u00e9n es m\u00fasico cat\u00f3lico y ha editado varios discos. Es Director General y cofundador de Trovador, una reconocida compa\u00f1\u00eda discogr\u00e1fica critiana de Espa\u00f1a. Trabaja en las Tecnolog\u00edas de la Informaci\u00f3n, ofreciendo servicios de alojamiento, dise\u00f1o y mantenimiento Web, as\u00ed como asesoramiento, formaci\u00f3n y soluciones inform\u00e1ticas, gesti\u00f3n documental y digitalizaci\u00f3n de textos, edici\u00f3n y maquetaci\u00f3n de libros, revistas, flyers, etc.\",\"sameAs\":[\"http:\/\/chento.org\",\"https:\/\/www.facebook.com\/JavierChento\",\"https:\/\/x.com\/https:\/\/twitter.com\/javierchento\"],\"url\":\"http:\/\/vincentians.com\/en\/author\/chento\/\"}]}<\/script>\n<!-- \/ Yoast SEO plugin. -->","yoast_head_json":{"title":"The Ministry of Priesthood for St Vincent and his Congregation - We are Vincentians","robots":{"index":"index","follow":"follow","max-snippet":"max-snippet:-1","max-image-preview":"max-image-preview:large","max-video-preview":"max-video-preview:-1"},"canonical":"https:\/\/vincentians.com\/en\/the-ministry-of-priesthood-for-st-vincent-and-his-congregation\/","og_locale":"en_US","og_type":"article","og_title":"The Ministry of Priesthood for St Vincent and his Congregation - We are Vincentians","og_description":"On 23 September 1600 a young man knelt before an old bishop at Chateau l\u2019Ev\u00eaque; he was being ordained to the priesthood. He was no more than 20 years of age, and his name was ... Read More","og_url":"https:\/\/vincentians.com\/en\/the-ministry-of-priesthood-for-st-vincent-and-his-congregation\/","og_site_name":"We are Vincentians","article_publisher":"https:\/\/www.facebook.com\/WeAreVincentians\/","article_author":"https:\/\/www.facebook.com\/JavierChento","article_published_time":"2015-02-20T05:42:43+00:00","article_modified_time":"2016-07-10T09:03:48+00:00","og_image":[{"width":1200,"height":630,"url":"https:\/\/i0.wp.com\/vincentians.com\/en\/wp-content\/uploads\/sites\/2\/2015\/02\/priesthood.jpg?fit=1200%2C630&ssl=1","type":"image\/jpeg"}],"author":"Francisco Javier Fern\u00e1ndez Chento","twitter_card":"summary_large_image","twitter_creator":"@https:\/\/twitter.com\/javierchento","twitter_site":"@WeVincentians","twitter_misc":{"Written by":"Francisco Javier Fern\u00e1ndez Chento","Est. reading time":"27 minutes"},"schema":{"@context":"https:\/\/schema.org","@graph":[{"@type":"Article","@id":"https:\/\/vincentians.com\/en\/the-ministry-of-priesthood-for-st-vincent-and-his-congregation\/#article","isPartOf":{"@id":"https:\/\/vincentians.com\/en\/the-ministry-of-priesthood-for-st-vincent-and-his-congregation\/"},"author":{"name":"Francisco Javier Fern\u00e1ndez Chento","@id":"https:\/\/vincentians.com\/en\/#\/schema\/person\/9623ef4d9aa3b2dfb8c061f1499288f2"},"headline":"The Ministry of Priesthood for St Vincent and his Congregation","datePublished":"2015-02-20T05:42:43+00:00","dateModified":"2016-07-10T09:03:48+00:00","mainEntityOfPage":{"@id":"https:\/\/vincentians.com\/en\/the-ministry-of-priesthood-for-st-vincent-and-his-congregation\/"},"wordCount":5394,"commentCount":0,"publisher":{"@id":"https:\/\/vincentians.com\/en\/#organization"},"image":{"@id":"https:\/\/vincentians.com\/en\/the-ministry-of-priesthood-for-st-vincent-and-his-congregation\/#primaryimage"},"thumbnailUrl":"https:\/\/i0.wp.com\/vincentians.com\/en\/wp-content\/uploads\/sites\/2\/2015\/02\/priesthood.jpg?fit=1200%2C630","articleSection":["Congregation of the Mission"],"inLanguage":"en-US","potentialAction":[{"@type":"CommentAction","name":"Comment","target":["https:\/\/vincentians.com\/en\/the-ministry-of-priesthood-for-st-vincent-and-his-congregation\/#respond"]}]},{"@type":"WebPage","@id":"https:\/\/vincentians.com\/en\/the-ministry-of-priesthood-for-st-vincent-and-his-congregation\/","url":"https:\/\/vincentians.com\/en\/the-ministry-of-priesthood-for-st-vincent-and-his-congregation\/","name":"The Ministry of Priesthood for St Vincent and his Congregation - We are Vincentians","isPartOf":{"@id":"https:\/\/vincentians.com\/en\/#website"},"primaryImageOfPage":{"@id":"https:\/\/vincentians.com\/en\/the-ministry-of-priesthood-for-st-vincent-and-his-congregation\/#primaryimage"},"image":{"@id":"https:\/\/vincentians.com\/en\/the-ministry-of-priesthood-for-st-vincent-and-his-congregation\/#primaryimage"},"thumbnailUrl":"https:\/\/i0.wp.com\/vincentians.com\/en\/wp-content\/uploads\/sites\/2\/2015\/02\/priesthood.jpg?fit=1200%2C630","datePublished":"2015-02-20T05:42:43+00:00","dateModified":"2016-07-10T09:03:48+00:00","breadcrumb":{"@id":"https:\/\/vincentians.com\/en\/the-ministry-of-priesthood-for-st-vincent-and-his-congregation\/#breadcrumb"},"inLanguage":"en-US","potentialAction":[{"@type":"ReadAction","target":["https:\/\/vincentians.com\/en\/the-ministry-of-priesthood-for-st-vincent-and-his-congregation\/"]}]},{"@type":"ImageObject","inLanguage":"en-US","@id":"https:\/\/vincentians.com\/en\/the-ministry-of-priesthood-for-st-vincent-and-his-congregation\/#primaryimage","url":"https:\/\/i0.wp.com\/vincentians.com\/en\/wp-content\/uploads\/sites\/2\/2015\/02\/priesthood.jpg?fit=1200%2C630","contentUrl":"https:\/\/i0.wp.com\/vincentians.com\/en\/wp-content\/uploads\/sites\/2\/2015\/02\/priesthood.jpg?fit=1200%2C630","width":1200,"height":630},{"@type":"BreadcrumbList","@id":"https:\/\/vincentians.com\/en\/the-ministry-of-priesthood-for-st-vincent-and-his-congregation\/#breadcrumb","itemListElement":[{"@type":"ListItem","position":1,"name":"Portada","item":"https:\/\/vincentians.com\/en\/"},{"@type":"ListItem","position":2,"name":"The Ministry of Priesthood for St Vincent and his Congregation"}]},{"@type":"WebSite","@id":"https:\/\/vincentians.com\/en\/#website","url":"https:\/\/vincentians.com\/en\/","name":"We are Vincentians","description":"Know more to serve more","publisher":{"@id":"https:\/\/vincentians.com\/en\/#organization"},"potentialAction":[{"@type":"SearchAction","target":{"@type":"EntryPoint","urlTemplate":"https:\/\/vincentians.com\/en\/?s={search_term_string}"},"query-input":{"@type":"PropertyValueSpecification","valueRequired":true,"valueName":"search_term_string"}}],"inLanguage":"en-US"},{"@type":"Organization","@id":"https:\/\/vincentians.com\/en\/#organization","name":"The Vincentian Network","url":"https:\/\/vincentians.com\/en\/","logo":{"@type":"ImageObject","inLanguage":"en-US","@id":"https:\/\/vincentians.com\/en\/#\/schema\/logo\/image\/","url":"https:\/\/i1.wp.com\/vincentians.com\/en\/wp-content\/uploads\/sites\/2\/2016\/06\/Vincentian-Network-logo-big.png?fit=778%2C778&ssl=1","contentUrl":"https:\/\/i1.wp.com\/vincentians.com\/en\/wp-content\/uploads\/sites\/2\/2016\/06\/Vincentian-Network-logo-big.png?fit=778%2C778&ssl=1","width":778,"height":778,"caption":"The Vincentian Network"},"image":{"@id":"https:\/\/vincentians.com\/en\/#\/schema\/logo\/image\/"},"sameAs":["https:\/\/www.facebook.com\/WeAreVincentians\/","https:\/\/x.com\/WeVincentians"]},{"@type":"Person","@id":"https:\/\/vincentians.com\/en\/#\/schema\/person\/9623ef4d9aa3b2dfb8c061f1499288f2","name":"Francisco Javier Fern\u00e1ndez Chento","image":{"@type":"ImageObject","inLanguage":"en-US","@id":"https:\/\/vincentians.com\/en\/#\/schema\/person\/image\/","url":"https:\/\/secure.gravatar.com\/avatar\/497d5cde87b4c3d097d0315953521681ba2cd523ee66e5077c3711f7021e65de?s=96&d=mm&r=g","contentUrl":"https:\/\/secure.gravatar.com\/avatar\/497d5cde87b4c3d097d0315953521681ba2cd523ee66e5077c3711f7021e65de?s=96&d=mm&r=g","caption":"Francisco Javier Fern\u00e1ndez Chento"},"description":"Director General y cofundador de La Red de Formaci\u00f3n Vicenciana. Javier es laico vicenciano, afiliado a la Congregaci\u00f3n de la Misi\u00f3n y miembro del Equipo de Misiones Populares de la provincia can\u00f3nica de Zaragoza (Espa\u00f1a) de la Congregaci\u00f3n de la Misi\u00f3n. Graduado en la Universidad Oberta de Catalunya con cuatro grados (Asistente de direcci\u00f3n, Gesti\u00f3n Administrativa, Recursos Humanos y Contabilidad Avanzada). Bil\u00edng\u00fce Espa\u00f1ol\/Ingl\u00e9s. gestiona y mantiene varias p\u00e1ginas web cristianas y vicencianas, incluida including La Red de Formaci\u00f3n Vicenciana, de la que es cofundador. Actualmente es responsable del \u00e1rea de Espa\u00f1ol de .famvin, la Red de Noticias de la Familia Vicenciana. Tambi\u00e9n es m\u00fasico cat\u00f3lico y ha editado varios discos. Es Director General y cofundador de Trovador, una reconocida compa\u00f1\u00eda discogr\u00e1fica critiana de Espa\u00f1a. Trabaja en las Tecnolog\u00edas de la Informaci\u00f3n, ofreciendo servicios de alojamiento, dise\u00f1o y mantenimiento Web, as\u00ed como asesoramiento, formaci\u00f3n y soluciones inform\u00e1ticas, gesti\u00f3n documental y digitalizaci\u00f3n de textos, edici\u00f3n y maquetaci\u00f3n de libros, revistas, flyers, etc.","sameAs":["http:\/\/chento.org","https:\/\/www.facebook.com\/JavierChento","https:\/\/x.com\/https:\/\/twitter.com\/javierchento"],"url":"http:\/\/vincentians.com\/en\/author\/chento\/"}]}},"jetpack_publicize_connections":[],"jetpack_featured_media_url":"https:\/\/i0.wp.com\/vincentians.com\/en\/wp-content\/uploads\/sites\/2\/2015\/02\/priesthood.jpg?fit=1200%2C630","jetpack_sharing_enabled":true,"jetpack_shortlink":"https:\/\/wp.me\/p7K2Ow-rQW","jetpack-related-posts":[{"id":106920,"url":"http:\/\/vincentians.com\/en\/ephemerides-april-7th\/","url_meta":{"origin":107070,"position":0},"title":"Ephemerides: April, 7th","author":"Francisco Javier Fern\u00e1ndez Chento","date":"April 7, 2017","format":false,"excerpt":"1655:By the occasion of ascending the throne of St. Peter by Alexander VII, (pope Pio X died on January 7) St. Vincent decided to present modified Rules of the Congregation to new Pope. Fr Edmond Jolly was appointed a delegate in this case. He succeded and on September 22 the\u2026","rel":"","context":"In &quot;Vincentian ephemerides&quot;","block_context":{"text":"Vincentian ephemerides","link":"http:\/\/vincentians.com\/en\/category\/history-of-the-vincentian-family\/vincentian-ephemerides\/"},"img":{"alt_text":"","src":"https:\/\/i0.wp.com\/vincentians.com\/en\/wp-content\/uploads\/sites\/2\/2016\/07\/ephemerides-fb.jpg?fit=1200%2C630&resize=350%2C200","width":350,"height":200,"srcset":"https:\/\/i0.wp.com\/vincentians.com\/en\/wp-content\/uploads\/sites\/2\/2016\/07\/ephemerides-fb.jpg?fit=1200%2C630&resize=350%2C200 1x, https:\/\/i0.wp.com\/vincentians.com\/en\/wp-content\/uploads\/sites\/2\/2016\/07\/ephemerides-fb.jpg?fit=1200%2C630&resize=525%2C300 1.5x, https:\/\/i0.wp.com\/vincentians.com\/en\/wp-content\/uploads\/sites\/2\/2016\/07\/ephemerides-fb.jpg?fit=1200%2C630&resize=700%2C400 2x, https:\/\/i0.wp.com\/vincentians.com\/en\/wp-content\/uploads\/sites\/2\/2016\/07\/ephemerides-fb.jpg?fit=1200%2C630&resize=1050%2C600 3x"},"classes":[]},{"id":98234,"url":"http:\/\/vincentians.com\/en\/the-major-studies-on-vincent-de-paul\/","url_meta":{"origin":107070,"position":1},"title":"The Major Studies on Vincent de Paul","author":"Francisco Javier Fern\u00e1ndez Chento","date":"December 23, 2012","format":false,"excerpt":"There are two Vincent de Pauls who have come down to us: the Vincent of legend and the Vincent of history. The Vincent of legend is the Saint of popular piety. This is the Vincent with two chief virtues: humility and charity, whose works are reduced to three: the foundlings,\u2026","rel":"","context":"In &quot;Vincent de Paul&quot;","block_context":{"text":"Vincent de Paul","link":"http:\/\/vincentians.com\/en\/category\/the-vincentian-family\/founders\/vincent-de-paul\/"},"img":{"alt_text":"","src":"https:\/\/i0.wp.com\/vincentians.com\/en\/wp-content\/uploads\/sites\/2\/2012\/12\/vincent-de-paul-books.jpg?fit=1200%2C630&resize=350%2C200","width":350,"height":200,"srcset":"https:\/\/i0.wp.com\/vincentians.com\/en\/wp-content\/uploads\/sites\/2\/2012\/12\/vincent-de-paul-books.jpg?fit=1200%2C630&resize=350%2C200 1x, https:\/\/i0.wp.com\/vincentians.com\/en\/wp-content\/uploads\/sites\/2\/2012\/12\/vincent-de-paul-books.jpg?fit=1200%2C630&resize=525%2C300 1.5x, https:\/\/i0.wp.com\/vincentians.com\/en\/wp-content\/uploads\/sites\/2\/2012\/12\/vincent-de-paul-books.jpg?fit=1200%2C630&resize=700%2C400 2x, https:\/\/i0.wp.com\/vincentians.com\/en\/wp-content\/uploads\/sites\/2\/2012\/12\/vincent-de-paul-books.jpg?fit=1200%2C630&resize=1050%2C600 3x"},"classes":[]},{"id":51059,"url":"http:\/\/vincentians.com\/en\/vincent-and-madagascar\/","url_meta":{"origin":107070,"position":2},"title":"Vincent and Madagascar","author":"Francisco Javier Fern\u00e1ndez Chento","date":"July 18, 2016","format":false,"excerpt":"In the mid-17th century Vincent sent missioners to Madagascar. Armed with St Francis de Sales\u2019 Treatise on the Love of God and Introduction to the Devout Life, they were unwittingly cast into what was to prove the most demanding mission in the history of the Congregation of the Mission. On\u2026","rel":"","context":"In &quot;Vincent de Paul&quot;","block_context":{"text":"Vincent de Paul","link":"http:\/\/vincentians.com\/en\/category\/the-vincentian-family\/founders\/vincent-de-paul\/"},"img":{"alt_text":"","src":"https:\/\/i0.wp.com\/vincentians.com\/en\/wp-content\/uploads\/sites\/2\/2012\/11\/madagascar.jpg?fit=1200%2C630&resize=350%2C200","width":350,"height":200,"srcset":"https:\/\/i0.wp.com\/vincentians.com\/en\/wp-content\/uploads\/sites\/2\/2012\/11\/madagascar.jpg?fit=1200%2C630&resize=350%2C200 1x, https:\/\/i0.wp.com\/vincentians.com\/en\/wp-content\/uploads\/sites\/2\/2012\/11\/madagascar.jpg?fit=1200%2C630&resize=525%2C300 1.5x, https:\/\/i0.wp.com\/vincentians.com\/en\/wp-content\/uploads\/sites\/2\/2012\/11\/madagascar.jpg?fit=1200%2C630&resize=700%2C400 2x, https:\/\/i0.wp.com\/vincentians.com\/en\/wp-content\/uploads\/sites\/2\/2012\/11\/madagascar.jpg?fit=1200%2C630&resize=1050%2C600 3x"},"classes":[]},{"id":106531,"url":"http:\/\/vincentians.com\/en\/saint-vincent-and-church-renewal\/","url_meta":{"origin":107070,"position":3},"title":"Saint Vincent and Church Renewal","author":"Francisco Javier Fern\u00e1ndez Chento","date":"March 4, 2013","format":false,"excerpt":"In 1564 Pope Paul IV published the decrees of the Council of Trent. Publishing the decrees within a year of the Council\u2019s close was a considerable achievement, but ensuring that they were officially accepted outside Rome was an even more difficult task. The Council had fixed 24 as the age\u2026","rel":"","context":"In &quot;Vincent de Paul&quot;","block_context":{"text":"Vincent de Paul","link":"http:\/\/vincentians.com\/en\/category\/the-vincentian-family\/founders\/vincent-de-paul\/"},"img":{"alt_text":"","src":"https:\/\/i0.wp.com\/vincentians.com\/en\/wp-content\/uploads\/sites\/2\/2013\/03\/vincent-de-paul-flames.jpg?fit=1200%2C630&resize=350%2C200","width":350,"height":200,"srcset":"https:\/\/i0.wp.com\/vincentians.com\/en\/wp-content\/uploads\/sites\/2\/2013\/03\/vincent-de-paul-flames.jpg?fit=1200%2C630&resize=350%2C200 1x, https:\/\/i0.wp.com\/vincentians.com\/en\/wp-content\/uploads\/sites\/2\/2013\/03\/vincent-de-paul-flames.jpg?fit=1200%2C630&resize=525%2C300 1.5x, https:\/\/i0.wp.com\/vincentians.com\/en\/wp-content\/uploads\/sites\/2\/2013\/03\/vincent-de-paul-flames.jpg?fit=1200%2C630&resize=700%2C400 2x, https:\/\/i0.wp.com\/vincentians.com\/en\/wp-content\/uploads\/sites\/2\/2013\/03\/vincent-de-paul-flames.jpg?fit=1200%2C630&resize=1050%2C600 3x"},"classes":[]},{"id":65031,"url":"http:\/\/vincentians.com\/en\/frederic-ozanam-a-layman-for-now-chapter-3\/","url_meta":{"origin":107070,"position":4},"title":"Fr\u00e9d\u00e9ric Ozanam, A Layman for Now. Chapter 3","author":"Francisco Javier Fern\u00e1ndez Chento","date":"September 11, 2016","format":false,"excerpt":"Chapter 3 - The Spirit of Gospel and St. Vincent de Paul Frederic Ozanam is appropriately buried in the crypt of the Church of St. Joseph des Carmes which adjoins and serves the students attending the Institut Catholique in Paris. Above his tomb is a mural depicting the parable of\u2026","rel":"","context":"In &quot;Fr\u00e9d\u00e9ric Ozanam&quot;","block_context":{"text":"Fr\u00e9d\u00e9ric Ozanam","link":"http:\/\/vincentians.com\/en\/category\/the-vincentian-family\/founders\/frederic-ozanam\/"},"img":{"alt_text":"","src":"https:\/\/i0.wp.com\/vincentians.com\/en\/wp-content\/uploads\/sites\/2\/2016\/07\/frederic-ozanam-layman-for-now.jpg?fit=1200%2C630&resize=350%2C200","width":350,"height":200,"srcset":"https:\/\/i0.wp.com\/vincentians.com\/en\/wp-content\/uploads\/sites\/2\/2016\/07\/frederic-ozanam-layman-for-now.jpg?fit=1200%2C630&resize=350%2C200 1x, https:\/\/i0.wp.com\/vincentians.com\/en\/wp-content\/uploads\/sites\/2\/2016\/07\/frederic-ozanam-layman-for-now.jpg?fit=1200%2C630&resize=525%2C300 1.5x, https:\/\/i0.wp.com\/vincentians.com\/en\/wp-content\/uploads\/sites\/2\/2016\/07\/frederic-ozanam-layman-for-now.jpg?fit=1200%2C630&resize=700%2C400 2x, https:\/\/i0.wp.com\/vincentians.com\/en\/wp-content\/uploads\/sites\/2\/2016\/07\/frederic-ozanam-layman-for-now.jpg?fit=1200%2C630&resize=1050%2C600 3x"},"classes":[]},{"id":100869,"url":"http:\/\/vincentians.com\/en\/where-was-vincent-de-paul-born\/","url_meta":{"origin":107070,"position":5},"title":"Where was Vincent de Paul Born?","author":"Francisco Javier Fern\u00e1ndez Chento","date":"August 4, 2016","format":false,"excerpt":"1. Documentation Vincent's Words Vincent: he states that he is French: \"they [the Italians] think that we French act too quickly\" (CCD:II:267). He is also a Gascon: \"I entreat you to help a poor Gascon to do so\" (CCD:II:82, note 20). He is from the Diocese of Dax: \"His Lordship\u2026","rel":"","context":"In &quot;Vincent de Paul&quot;","block_context":{"text":"Vincent de Paul","link":"http:\/\/vincentians.com\/en\/category\/the-vincentian-family\/founders\/vincent-de-paul\/"},"img":{"alt_text":"","src":"https:\/\/i0.wp.com\/vincentians.com\/en\/wp-content\/uploads\/sites\/2\/2012\/12\/vincent-de-paul-landes-background.jpg?fit=1200%2C630&resize=350%2C200","width":350,"height":200,"srcset":"https:\/\/i0.wp.com\/vincentians.com\/en\/wp-content\/uploads\/sites\/2\/2012\/12\/vincent-de-paul-landes-background.jpg?fit=1200%2C630&resize=350%2C200 1x, https:\/\/i0.wp.com\/vincentians.com\/en\/wp-content\/uploads\/sites\/2\/2012\/12\/vincent-de-paul-landes-background.jpg?fit=1200%2C630&resize=525%2C300 1.5x, https:\/\/i0.wp.com\/vincentians.com\/en\/wp-content\/uploads\/sites\/2\/2012\/12\/vincent-de-paul-landes-background.jpg?fit=1200%2C630&resize=700%2C400 2x, https:\/\/i0.wp.com\/vincentians.com\/en\/wp-content\/uploads\/sites\/2\/2012\/12\/vincent-de-paul-landes-background.jpg?fit=1200%2C630&resize=1050%2C600 3x"},"classes":[]}],"_links":{"self":[{"href":"http:\/\/vincentians.com\/en\/wp-json\/wp\/v2\/posts\/107070","targetHints":{"allow":["GET"]}}],"collection":[{"href":"http:\/\/vincentians.com\/en\/wp-json\/wp\/v2\/posts"}],"about":[{"href":"http:\/\/vincentians.com\/en\/wp-json\/wp\/v2\/types\/post"}],"author":[{"embeddable":true,"href":"http:\/\/vincentians.com\/en\/wp-json\/wp\/v2\/users\/4"}],"replies":[{"embeddable":true,"href":"http:\/\/vincentians.com\/en\/wp-json\/wp\/v2\/comments?post=107070"}],"version-history":[{"count":0,"href":"http:\/\/vincentians.com\/en\/wp-json\/wp\/v2\/posts\/107070\/revisions"}],"wp:featuredmedia":[{"embeddable":true,"href":"http:\/\/vincentians.com\/en\/wp-json\/wp\/v2\/media\/150277"}],"wp:attachment":[{"href":"http:\/\/vincentians.com\/en\/wp-json\/wp\/v2\/media?parent=107070"}],"wp:term":[{"taxonomy":"category","embeddable":true,"href":"http:\/\/vincentians.com\/en\/wp-json\/wp\/v2\/categories?post=107070"},{"taxonomy":"post_tag","embeddable":true,"href":"http:\/\/vincentians.com\/en\/wp-json\/wp\/v2\/tags?post=107070"}],"curies":[{"name":"wp","href":"https:\/\/api.w.org\/{rel}","templated":true}]}}