{"id":107069,"date":"2013-11-17T10:42:43","date_gmt":"2013-11-17T09:42:43","guid":{"rendered":"http:\/\/vincentians.com\/?p=107069"},"modified":"2016-07-10T10:04:58","modified_gmt":"2016-07-10T08:04:58","slug":"st-vincent-and-discernment","status":"publish","type":"post","link":"http:\/\/vincentians.com\/en\/st-vincent-and-discernment\/","title":{"rendered":"Saint Vincent and Discernment"},"content":{"rendered":"<h2>1. Discernment<\/h2>\n<p>Within the entire span of religious consciousness and commitment there is a central conviction that God himself can and does direct our lives. A key exercise of the spiritual life is to experience God\u2019s direc\u00adtion or, as we say, to know God\u2019s will for us. This is called discernment. Many of us, even in our teens, first underwent this process when we felt the call of God and responded, painfully or joyfully, by joining the Congregation.<\/p>\n<p>The experience of Elijah is a model of discernment. On Mount Horeb he did not find God in either the storm, the fire or the earth\u00adquake, elements classically associated in the bible with divine epiphany. Instead, he found God in the still, gentle, breeze, an unlikely manifesta\u00adtion of God\u2019s presence (I Kgs 19:9).<\/p>\n<p>Jesus was filled with the Holy Spirit at his baptism (Mt 3: 16-17). Matthew refers us to the prophecy of Isaiah who foresaw in the Messiah a discerner of the things of God:<\/p>\n<p style=\"padding-left: 30px;\">And the spirit of the Lord shall rest upon him,<br \/>\nthe spirit of wisdom and understanding,<br \/>\na spirit of counsel and power,<br \/>\na spirit of knowledge and fear of Yahweh.<br \/>\n<i>He does not judge by appearances,<br \/>\nhe gives no verdict on hearsay <\/i>(Is 11: 2-3).<\/p>\n<p>St Paul warns us against trusting every spirit and he advises us to test them all. For he is aware that Satan can, and does, disguise himself as an angel of light to lead us away from God (I Cor 11:11-15).<\/p>\n<p>Emphasis on the need for discernment continues through the Christian tradition. Among the fathers in the East were <i>The Shepherd <\/i>of Hennas, Origen, Anthony of the Desert, Cyril of Jerusalem; and in the West St Augustine, Cassian and St Gregory the Great. Thus, <i>The Shepherd of <\/i>Hermas:<\/p>\n<p style=\"padding-left: 30px;\">How, then, &#8230; shall I know their workings, seeing that both angels dwell in me? Here, saith he, the angel of righteousness is delicate and bashful and gentle and tranquil. When, then, this one enters the heart, forthwith he speaketh to thee of righteousness, of purity, of holiness and of contentment, of every righteous deed &#8230; When all these things enter into the heart, know that the angel of righ\u00adteousness is with thee.<\/p>\n<p style=\"padding-left: 30px;\">Now, see the works of the angel of wickedness also. First of all, he is quick-tempered and bitter and senseless, and his works are evil, overthrowing the servants of God &#8230; Whenever a fit of angry temper or bitterness comes upon thee, know that he is in thee.\u2019<\/p>\n<p>The tradition is carried onwards by spiritual writers like St Bernard, John Gerson and Denis the Carthusian; also by theologians like Richard of St Victor, St Thomas Aquinas, Henry of Friemar, St Catherine of Siena. We imbibed the tradition in the seminaire while reading the <i>Imitation of Christ, <\/i>Bk 3, ch 54 <i>(Of the different motions of nature and grace) <\/i>and ch 55 <i>(Of the corruption of nature and the efficacy of divine grace).<\/i><\/p>\n<p>At the end of the middle ages the tradition on discernment was re\u00adstated in a fresh and precise form by St Ignatius of Loyola. One writer makes the point that Ignatius, recently converted from an unspiritual life, was unaware of the tradition so that his Rules for Discernment were re-inforcing and confirmatory of existing teaching of which he was quite innocent. Ignatius fashioned his rules for the needs of a counter-Reformation apostolic spirituality. There are three stages in his discernment process:<\/p>\n<ol>\n<li>First Week Discernment: simple judgement on the moral Tightness or wrongness of a decision or action;<\/li>\n<li>Second Week Discernment: more sensitive discernment of possible evil masquerading as good; our affectivity is important at this stage;<\/li>\n<li>Thinking with the Church (objective element which distin\u00adguished Ignatius\u2019 discernment from Luther\u2019s); discernment is not confirmed by God until it is confirmed by the Church.<span id='easy-footnote-1-107069' class='easy-footnote-margin-adjust'><\/span><span class='easy-footnote'><a href='http:\/\/vincentians.com\/en\/st-vincent-and-discernment\/#easy-footnote-bottom-1-107069' title='Cited in Cowan &amp;amp; Futrell: &lt;i&gt;The Spiritual Exercises of St Ignatius of Loyola, &lt;\/i&gt;1981, pp 154-155.'><sup>1<\/sup><\/a><\/span><\/li>\n<\/ol>\n<p>I shall conclude this section with an attempted definition of discern\u00adment: Discernment involves choosing the way of the light of Christ instead of the darkness of the evil one, and living with the consequences of this choice. Or, more familiarly, knowing God\u2019s will and doing it. Shorthand: allowing God to direct my life.<\/p>\n<h2>2. St Vincent and discernment<\/h2>\n<p>Our interest is in St Vincent and how he takes up the scriptural, patristic and medieval practice of discerning God\u2019s will. Vincent did not write, either systematically or autobiographically, about discernment. He was a mystic of action. His spirituality is expressed with actions rather than with words. In the Common Rules, the only work he wrote for publication, he summarises the principles of his spirituality for the benefit of his Congregation. There he advises us that we should always hold to the principle of using \u201cdivine means for divine ends\u201d (CR II, 5). This was no mere theory. We find in Vincent\u2019s life occasions when he lays aside his customary protests of diffidence and ignorance in favour of a high degree of conviction and determination. And his effectiveness is not to be traced to any self-will but to his willingness to be the file in the hands of the divine tradesman. If we accept Ignatius\u2019 scheme for discernment as outlined above we will find that Vincent\u2019s discernment process follows along similar lines. As he discerns the will of God for himself and for those he directs we can see in operation those three stages: judgement about the Tightness or wrongness of a decision, awareness of the subtle deceptions of the evil spirit which present as good and holy what in reality is neither, and his ever-sensitive attention to the mind of the Church. Three events from his life may serve to illus\u00adtrate Vincent\u2019s exercise of discernment.<\/p>\n<h3>(a) <i>Vincent\u2019s temptation<span id='easy-footnote-2-107069' class='easy-footnote-margin-adjust'><\/span><span class='easy-footnote'><a href='http:\/\/vincentians.com\/en\/st-vincent-and-discernment\/#easy-footnote-bottom-2-107069' title='I am indebted to Fr Eamonn Flanagan CM for much of the material in this section and for his translation of pp 166ff of Roman: &lt;i&gt;San Vicente de Pa\u00fal, I, Biograf\u00eda, &lt;\/i&gt;Madrid, 1981.'><sup>2<\/sup><\/a><\/span><\/i><\/h3>\n<p>It would be interesting to have a study of this significant happen\u00ading in Vincent\u2019s spiritual development. In his taking on himself of the burden of the doctor of the Sorbonne we have a hint of the future Vincent, the director of souls, drawing to himself the cloven hoofprints of the spirit of evil marking men\u2019s minds and hearts with anger, resis\u00adtance and unbelief. The director is tempted to crumble beneath the weight, to allow evil to swamp his spirit, to indulge feelings of futility and hopelessness or, as we would say today, to burn-out. And we see how Vincent, slowly, painfully and persistently propels himself towards the light, senses rather than sees God\u2019s light in the ambient darkness, and ends by finding his life\u2019s vocation in this apparently endless night of evil. Vincent chooses the way of light in preference to the way of darkness.<\/p>\n<h3><i>(b) Vincent\u2019s founding the Congregation<\/i><\/h3>\n<p>Vincent was reluctant to found a religious community. But once he arrived at the conviction that this was God\u2019s will, and that God\u2019s will was his will, the reluctance vanished and was replaced by single-minded determination. In order to arrive at this conclusion Vincent submitted himself on three different occasions to discern the will of God.<\/p>\n<p>The first occasion, to judge the Tightness of the project, was during a retreat he made in the Carthusian abbey of Valprofonde. There his Carthusian director dispelled his misgivings about himself and his project. He told him a story about a bishop of the patristic Church who was having difficulties over the acceptability of women for the sacra\u00adment of baptism:<\/p>\n<p style=\"padding-left: 30px;\">He begged God often to set him free from these temptations; but as God did not hear his prayer he finally lost his patience and decided to retire to the desert. There God showed him three crowns, each one more costly than the other, which he had prepared for him if he should persevere. But he told him that he would receive only the smallest since he did not have confidence that he would preserve him from failing in this trial. . . (II, 107).<\/p>\n<p>This anecdote \u2014 concluded Vincent, who told it to one of his con\u00adfr\u00e8res who was continually oppressed by scruples \u2014 \u201ccaused to vanish a temptation very similar to what I was then suffering in the exercise of my vocation\u201d<span id='easy-footnote-3-107069' class='easy-footnote-margin-adjust'><\/span><span class='easy-footnote'><a href='http:\/\/vincentians.com\/en\/st-vincent-and-discernment\/#easy-footnote-bottom-3-107069' title='(On the recipient of this letter see COLLOQUE No. 9, pp 212ff. &lt;i&gt;Ed.&lt;\/i&gt;)'><sup>3<\/sup><\/a><\/span>.<\/p>\n<p>The second occasion, to cope with the more subtle difficulty of dis\u00adtinguishing the real from the apparent will of God, was during a second retreat, this time at Soissons:<\/p>\n<p style=\"padding-left: 30px;\">at the outset of the project concerning the Mission during that continual preoccupation of my spirit, as I distrusted it but did not know whether it proceeded from nature or from the evil spirit, I made a retreat at Soissons expressly for the purpose that God might desire to take away from me the spirit of pleasure and haste which I was feeling about this matter, and God deigned to hear me to such an extent that in his mercy he removed from me this pleasure and haste, and allowed me to move into the opposite dis\u00adpositions (II, 246-247).<\/p>\n<p>We notice how Vincent was becoming attuned to the Spirit of God rather than to any other spirit. He was reaching a state of indifference over the matter. He desired:<\/p>\n<p style=\"padding-left: 30px;\">&#8230; to remain in this practice of not finishing or undertaking anything while there remain in me these ardours of hope in the prospect of great benefits (II, 247).<\/p>\n<p>The third occasion, confirmation by God through the authority of the Church, was the expressed view of his spiritual director, Andr\u00e9 Duval:<\/p>\n<p style=\"padding-left: 30px;\">In his efforts to submit himself totally to the will of God, Vincent &#8230; had learned that that will, even though well manifested by the interior movements of grace, becomes clearer still by way of the commands of one\u2019s superiors. At Soissons he had reached perfect indifference of spirit (freedom). He saw there a sign of the supernatural character of the proposed foundation. He wanted something more: an indication that it was positively willed by God (confirmation). So he brought the matter to his spiritual director Fr Andr\u00e9 Duval. Vincent poured out the whole story of himself, the missions, their success, the graces bestowed by God. Then he awaited the response of his director. It was brief but illuminating: \u201cThe servant who knows his master\u2019s will and does not do it will be given many blows\u201d. Scarcely had he heard these words than he felt in his heart a powerful explosion of grace. It was the divine command he was seeking. He doubted no more. God was calling him to offer himself completely, with all those who would follow him, to the mission of evangelisation of the poor<span id='easy-footnote-4-107069' class='easy-footnote-margin-adjust'><\/span><span class='easy-footnote'><a href='http:\/\/vincentians.com\/en\/st-vincent-and-discernment\/#easy-footnote-bottom-4-107069' title='Roman, &lt;i&gt;op cit, &lt;\/i&gt;pp 167-168.'><sup>4<\/sup><\/a><\/span>.<\/p>\n<p>Once more in the Common Rules we can see Vincent\u2019s own spiritual experience made available to his community:<\/p>\n<p>Experience teaches that the surest and safest remedy in such cases (where the evil spirit disguises himself as an angel of light to mislead us) is to reveal the trouble as soon as possible to those who have been appointed for this purpose. Each one, then, if he finds himself beset by thoughts suspected of illusion, or by any serious trouble or temptation, should reveal it as soon as possible to the Superior, or the Director appointed for this purpose, in order that a suitable remedy may be applied (CRII, 16).<\/p>\n<p>Let us now summarise the elements or stages of discernment used by Vincent in deciding to found the Congregation of the Mission:<\/p>\n<p style=\"padding-left: 30px;\">(i) The project was manifestly a good one;<\/p>\n<p style=\"padding-left: 30px;\">(ii) Vincent was free of harsh, hasty and harassed feelings, leaving him with a healthy indifference and free to be moved by God\u2019s spirit;<\/p>\n<p style=\"padding-left: 30px;\">(iii) The project was submitted to his director and it accorded with an authoritative voice of the Church.<\/p>\n<h3>(c) <i>Vincent: the discerning director<\/i><\/h3>\n<p>Vincent, experienced in discerning and doing God\u2019s good pleasure in his own life, was now ready and able to direct others in this same exercise. Fr Claude Dufour, rector of the seminary of Saintes, was a conscientious but austere man who wished to leave the Congregation in order to live a life more in conformity with his inclinations. He submit\u00adted his plan to Vincent\u2019s direction; here is what Vincent told him:<\/p>\n<p style=\"padding-left: 30px;\">It is the part of the (devil\u2019s) cleverness to tempt most good people to greater perfection, so that he may make them abandon the post where God wishes them to be (III, 166).<\/p>\n<p>That was 31 March 1647, and the following month, 23 April, he con\u00adtinues to warn Fr Dufour:<\/p>\n<p style=\"padding-left: 30px;\">(The devil\u2019s design) is to withdraw you from where God has placed you, under pretext of the greater security of your salvation, in order that the saving of your soul may be put in greater danger.<\/p>\n<p>And he mentions that one hundred Jesuits in the city of Paris alone have fallen for this ruse; (even in Vincent\u2019s time at least a hundred of Ignatius\u2019 sons were not observing his Rules for Discernment):<\/p>\n<p style=\"padding-left: 30px;\">In the name of God stand fast in the state in which God has placed you (III, 173).<\/p>\n<p>Vincent is prepared, if the need arises, to give Fr Dufour another appointment in order to keep him in the Congregation.<\/p>\n<p>In 1648 Vincent was writing again to Fr Dufour, who had complained about the number of unnecessary rules in the Congregation. Vincent complimented him on his life and work in the community and explained the necessity of rules in every group. He goes on:<\/p>\n<p style=\"padding-left: 30px;\">This makes me think that the little repugnance that you felt is the work of the evil spirit who wishes to annoy you in the beauti\u00adful road along which you are travelling. I beseech you, Sir, not to listen to him; for if two or three rules are displeasing to you because they are superfluous in your regard, another may like them because they suit him. The children of our Lord walk gladly in his ways; they have confidence in him and so, when they fall, they rise again; and if, instead of stopping to grumble about the stone they have tripped over, they humble themselves at their fall, this helps them to advance with great strides in his love. I hope for this from you, Sir, who are by his mercy entirely his, and who breathe only his holy will&#8230; And though it seems to you that you would more willingly carry out the duties of this holy religious state than those of our little institute, you would doubtless be therein deceived, as many others were who left their true vocation to enter on a different way of life in which they found less satis\u00adfaction. Why? Because the difficulties they thought to fly from were not in what they had left, but in their own imagination&#8230; (III 346-347).<\/p>\n<p>Right or wrong (leaving the community); the affectivity experienced (irritation, annoyance, which the evil spirit brings); and the authority of the Church (rules of Church or community): These are the ingredients of discernment of spirits handed on by the Christian community and invoked, and applied, by Vincent.<\/p>\n<h2>3. Irish Vincentians and discernment now<\/h2>\n<p>Our community is living through a period of upheaval and change in the Church and in the world. Doubts and difficulties within ourselves are experienced in the context of social disorder, violence and unjust poverty in the world around us. A choice to join, or stay with, the com\u00admunity can be an ambivalent one at present. For it may be an option to go along an easy, unreformed, unchanged, undirected drift powered by a familiar past and without any chosen future; or it may be a conscious corporate choice to assume responsibility for the spiritual and apostolic future of this province. At provincial gatherings, when we set about deciding our future, we say all the right things. We tell ourselves, for example, that we must pray for discernment of God\u2019s will. Do we trans\u00adlate this laudable sentiment into any recognisable process of prayerful discernment? Do we love what Vincent loved, do we practise what he taught us by his actions:<\/p>\n<p style=\"padding-left: 30px;\">(i) to discern the evidently right decisions for our future;<\/p>\n<p style=\"padding-left: 30px;\">(ii) to experience interior peace with the corporate decisions we take, and with the carrying out of them;<\/p>\n<p style=\"padding-left: 30px;\">(iii) to arrive at these decisions because they clearly conform to the thinking of the Church today?<\/p>\n<p>The tradition and practice of discernment are available to our Irish Province as we plan our future in response to Church and commu\u00adnity demands (contained in <i>Evangelii nuntiandi <\/i>and in the Superior General\u2019s letter following the Bogot\u00e1 meeting of Provincials). We must consider ourselves bound to follow St Vincent\u2019s principles and practice of discernment:<\/p>\n<p style=\"padding-left: 30px;\">&#8230; to use divine means for divine ends. We shall think and judge about matters according to the mind and judgement of Christ, never according to the standards of the world (CRII, 5).<\/p>\n<p>So, a critical question facing our province is the following: in our decision-making for apostolic mission which is the more likely to influ\u00adence us, the mind and attitude of contemporary business management whose terminology and values are centred on measurable material success, or the Spirit of Jesus Christ heeded through a process of Christian discernment, whose terminology and values are centred on the cross, consecration and oblation of self? I believe that at present we are inclined to listen first to the former. If so, our province is neglecting its Christian and Vincentian heritage.<\/p>\n","protected":false},"excerpt":{"rendered":"<p>1. Discernment Within the entire span of religious consciousness and commitment there is a central conviction that God himself can and does direct our lives. A key exercise of the spiritual life is to experience &#8230; <a href=\"http:\/\/vincentians.com\/en\/st-vincent-and-discernment\/\" class=\"more-link\">Read More<\/a><\/p>\n","protected":false},"author":4,"featured_media":150239,"comment_status":"open","ping_status":"open","sticky":false,"template":"","format":"standard","meta":{"jetpack_post_was_ever_published":false,"_jetpack_newsletter_access":"","_jetpack_dont_email_post_to_subs":false,"_jetpack_newsletter_tier_id":0,"_jetpack_memberships_contains_paywalled_content":false,"_jetpack_memberships_contains_paid_content":false,"footnotes":"","jetpack_publicize_message":"","jetpack_publicize_feature_enabled":true,"jetpack_social_post_already_shared":false,"jetpack_social_options":{"image_generator_settings":{"template":"highway","default_image_id":0,"font":"","enabled":false},"version":2}},"categories":[5],"tags":[],"class_list":["post-107069","post","type-post","status-publish","format-standard","has-post-thumbnail","hentry","category-vincent-de-paul"],"yoast_head":"<!-- This site is optimized with the Yoast SEO plugin v26.3 - https:\/\/yoast.com\/wordpress\/plugins\/seo\/ -->\n<title>Saint Vincent and Discernment - We are Vincentians<\/title>\n<meta name=\"robots\" content=\"index, follow, max-snippet:-1, max-image-preview:large, max-video-preview:-1\" \/>\n<link rel=\"canonical\" href=\"http:\/\/vincentians.com\/en\/st-vincent-and-discernment\/\" \/>\n<meta property=\"og:locale\" content=\"en_US\" \/>\n<meta property=\"og:type\" content=\"article\" \/>\n<meta property=\"og:title\" content=\"Saint Vincent and Discernment - We are Vincentians\" \/>\n<meta property=\"og:description\" content=\"1. Discernment Within the entire span of religious consciousness and commitment there is a central conviction that God himself can and does direct our lives. A key exercise of the spiritual life is to experience ... Read More\" \/>\n<meta property=\"og:url\" content=\"http:\/\/vincentians.com\/en\/st-vincent-and-discernment\/\" \/>\n<meta property=\"og:site_name\" content=\"We are Vincentians\" \/>\n<meta property=\"article:publisher\" content=\"https:\/\/www.facebook.com\/WeAreVincentians\/\" \/>\n<meta property=\"article:author\" content=\"https:\/\/www.facebook.com\/JavierChento\" \/>\n<meta property=\"article:published_time\" content=\"2013-11-17T09:42:43+00:00\" \/>\n<meta property=\"article:modified_time\" content=\"2016-07-10T08:04:58+00:00\" \/>\n<meta property=\"og:image\" content=\"https:\/\/i0.wp.com\/vincentians.com\/en\/wp-content\/uploads\/sites\/2\/2013\/11\/Saint-Vincent-and-Discernment.jpg?fit=1200%2C630\" \/>\n\t<meta property=\"og:image:width\" content=\"1200\" \/>\n\t<meta property=\"og:image:height\" content=\"630\" \/>\n\t<meta property=\"og:image:type\" content=\"image\/jpeg\" \/>\n<meta name=\"author\" content=\"Francisco Javier Fern\u00e1ndez Chento\" \/>\n<meta name=\"twitter:card\" content=\"summary_large_image\" \/>\n<meta name=\"twitter:creator\" content=\"@https:\/\/twitter.com\/javierchento\" \/>\n<meta name=\"twitter:site\" content=\"@WeVincentians\" \/>\n<meta name=\"twitter:label1\" content=\"Written by\" \/>\n\t<meta name=\"twitter:data1\" content=\"Francisco Javier Fern\u00e1ndez Chento\" \/>\n\t<meta name=\"twitter:label2\" content=\"Est. reading time\" \/>\n\t<meta name=\"twitter:data2\" content=\"15 minutes\" \/>\n<script type=\"application\/ld+json\" class=\"yoast-schema-graph\">{\"@context\":\"https:\/\/schema.org\",\"@graph\":[{\"@type\":\"Article\",\"@id\":\"http:\/\/vincentians.com\/en\/st-vincent-and-discernment\/#article\",\"isPartOf\":{\"@id\":\"http:\/\/vincentians.com\/en\/st-vincent-and-discernment\/\"},\"author\":{\"name\":\"Francisco Javier Fern\u00e1ndez Chento\",\"@id\":\"https:\/\/vincentians.com\/en\/#\/schema\/person\/9623ef4d9aa3b2dfb8c061f1499288f2\"},\"headline\":\"Saint Vincent and Discernment\",\"datePublished\":\"2013-11-17T09:42:43+00:00\",\"dateModified\":\"2016-07-10T08:04:58+00:00\",\"mainEntityOfPage\":{\"@id\":\"http:\/\/vincentians.com\/en\/st-vincent-and-discernment\/\"},\"wordCount\":2947,\"commentCount\":0,\"publisher\":{\"@id\":\"https:\/\/vincentians.com\/en\/#organization\"},\"image\":{\"@id\":\"http:\/\/vincentians.com\/en\/st-vincent-and-discernment\/#primaryimage\"},\"thumbnailUrl\":\"https:\/\/i0.wp.com\/vincentians.com\/en\/wp-content\/uploads\/sites\/2\/2013\/11\/Saint-Vincent-and-Discernment.jpg?fit=1200%2C630\",\"articleSection\":[\"Vincent de Paul\"],\"inLanguage\":\"en-US\",\"potentialAction\":[{\"@type\":\"CommentAction\",\"name\":\"Comment\",\"target\":[\"http:\/\/vincentians.com\/en\/st-vincent-and-discernment\/#respond\"]}]},{\"@type\":\"WebPage\",\"@id\":\"http:\/\/vincentians.com\/en\/st-vincent-and-discernment\/\",\"url\":\"http:\/\/vincentians.com\/en\/st-vincent-and-discernment\/\",\"name\":\"Saint Vincent and Discernment - We are Vincentians\",\"isPartOf\":{\"@id\":\"https:\/\/vincentians.com\/en\/#website\"},\"primaryImageOfPage\":{\"@id\":\"http:\/\/vincentians.com\/en\/st-vincent-and-discernment\/#primaryimage\"},\"image\":{\"@id\":\"http:\/\/vincentians.com\/en\/st-vincent-and-discernment\/#primaryimage\"},\"thumbnailUrl\":\"https:\/\/i0.wp.com\/vincentians.com\/en\/wp-content\/uploads\/sites\/2\/2013\/11\/Saint-Vincent-and-Discernment.jpg?fit=1200%2C630\",\"datePublished\":\"2013-11-17T09:42:43+00:00\",\"dateModified\":\"2016-07-10T08:04:58+00:00\",\"breadcrumb\":{\"@id\":\"http:\/\/vincentians.com\/en\/st-vincent-and-discernment\/#breadcrumb\"},\"inLanguage\":\"en-US\",\"potentialAction\":[{\"@type\":\"ReadAction\",\"target\":[\"http:\/\/vincentians.com\/en\/st-vincent-and-discernment\/\"]}]},{\"@type\":\"ImageObject\",\"inLanguage\":\"en-US\",\"@id\":\"http:\/\/vincentians.com\/en\/st-vincent-and-discernment\/#primaryimage\",\"url\":\"https:\/\/i0.wp.com\/vincentians.com\/en\/wp-content\/uploads\/sites\/2\/2013\/11\/Saint-Vincent-and-Discernment.jpg?fit=1200%2C630\",\"contentUrl\":\"https:\/\/i0.wp.com\/vincentians.com\/en\/wp-content\/uploads\/sites\/2\/2013\/11\/Saint-Vincent-and-Discernment.jpg?fit=1200%2C630\",\"width\":1200,\"height\":630},{\"@type\":\"BreadcrumbList\",\"@id\":\"http:\/\/vincentians.com\/en\/st-vincent-and-discernment\/#breadcrumb\",\"itemListElement\":[{\"@type\":\"ListItem\",\"position\":1,\"name\":\"Portada\",\"item\":\"https:\/\/vincentians.com\/en\/\"},{\"@type\":\"ListItem\",\"position\":2,\"name\":\"Saint Vincent and Discernment\"}]},{\"@type\":\"WebSite\",\"@id\":\"https:\/\/vincentians.com\/en\/#website\",\"url\":\"https:\/\/vincentians.com\/en\/\",\"name\":\"We are Vincentians\",\"description\":\"Know more to serve more\",\"publisher\":{\"@id\":\"https:\/\/vincentians.com\/en\/#organization\"},\"potentialAction\":[{\"@type\":\"SearchAction\",\"target\":{\"@type\":\"EntryPoint\",\"urlTemplate\":\"https:\/\/vincentians.com\/en\/?s={search_term_string}\"},\"query-input\":{\"@type\":\"PropertyValueSpecification\",\"valueRequired\":true,\"valueName\":\"search_term_string\"}}],\"inLanguage\":\"en-US\"},{\"@type\":\"Organization\",\"@id\":\"https:\/\/vincentians.com\/en\/#organization\",\"name\":\"The Vincentian Network\",\"url\":\"https:\/\/vincentians.com\/en\/\",\"logo\":{\"@type\":\"ImageObject\",\"inLanguage\":\"en-US\",\"@id\":\"https:\/\/vincentians.com\/en\/#\/schema\/logo\/image\/\",\"url\":\"https:\/\/i1.wp.com\/vincentians.com\/en\/wp-content\/uploads\/sites\/2\/2016\/06\/Vincentian-Network-logo-big.png?fit=778%2C778&ssl=1\",\"contentUrl\":\"https:\/\/i1.wp.com\/vincentians.com\/en\/wp-content\/uploads\/sites\/2\/2016\/06\/Vincentian-Network-logo-big.png?fit=778%2C778&ssl=1\",\"width\":778,\"height\":778,\"caption\":\"The Vincentian Network\"},\"image\":{\"@id\":\"https:\/\/vincentians.com\/en\/#\/schema\/logo\/image\/\"},\"sameAs\":[\"https:\/\/www.facebook.com\/WeAreVincentians\/\",\"https:\/\/x.com\/WeVincentians\"]},{\"@type\":\"Person\",\"@id\":\"https:\/\/vincentians.com\/en\/#\/schema\/person\/9623ef4d9aa3b2dfb8c061f1499288f2\",\"name\":\"Francisco Javier Fern\u00e1ndez Chento\",\"image\":{\"@type\":\"ImageObject\",\"inLanguage\":\"en-US\",\"@id\":\"https:\/\/vincentians.com\/en\/#\/schema\/person\/image\/\",\"url\":\"https:\/\/secure.gravatar.com\/avatar\/497d5cde87b4c3d097d0315953521681ba2cd523ee66e5077c3711f7021e65de?s=96&d=mm&r=g\",\"contentUrl\":\"https:\/\/secure.gravatar.com\/avatar\/497d5cde87b4c3d097d0315953521681ba2cd523ee66e5077c3711f7021e65de?s=96&d=mm&r=g\",\"caption\":\"Francisco Javier Fern\u00e1ndez Chento\"},\"description\":\"Director General y cofundador de La Red de Formaci\u00f3n Vicenciana. Javier es laico vicenciano, afiliado a la Congregaci\u00f3n de la Misi\u00f3n y miembro del Equipo de Misiones Populares de la provincia can\u00f3nica de Zaragoza (Espa\u00f1a) de la Congregaci\u00f3n de la Misi\u00f3n. Graduado en la Universidad Oberta de Catalunya con cuatro grados (Asistente de direcci\u00f3n, Gesti\u00f3n Administrativa, Recursos Humanos y Contabilidad Avanzada). Bil\u00edng\u00fce Espa\u00f1ol\/Ingl\u00e9s. gestiona y mantiene varias p\u00e1ginas web cristianas y vicencianas, incluida including La Red de Formaci\u00f3n Vicenciana, de la que es cofundador. Actualmente es responsable del \u00e1rea de Espa\u00f1ol de .famvin, la Red de Noticias de la Familia Vicenciana. Tambi\u00e9n es m\u00fasico cat\u00f3lico y ha editado varios discos. Es Director General y cofundador de Trovador, una reconocida compa\u00f1\u00eda discogr\u00e1fica critiana de Espa\u00f1a. Trabaja en las Tecnolog\u00edas de la Informaci\u00f3n, ofreciendo servicios de alojamiento, dise\u00f1o y mantenimiento Web, as\u00ed como asesoramiento, formaci\u00f3n y soluciones inform\u00e1ticas, gesti\u00f3n documental y digitalizaci\u00f3n de textos, edici\u00f3n y maquetaci\u00f3n de libros, revistas, flyers, etc.\",\"sameAs\":[\"http:\/\/chento.org\",\"https:\/\/www.facebook.com\/JavierChento\",\"https:\/\/x.com\/https:\/\/twitter.com\/javierchento\"],\"url\":\"http:\/\/vincentians.com\/en\/author\/chento\/\"}]}<\/script>\n<!-- \/ Yoast SEO plugin. -->","yoast_head_json":{"title":"Saint Vincent and Discernment - We are Vincentians","robots":{"index":"index","follow":"follow","max-snippet":"max-snippet:-1","max-image-preview":"max-image-preview:large","max-video-preview":"max-video-preview:-1"},"canonical":"http:\/\/vincentians.com\/en\/st-vincent-and-discernment\/","og_locale":"en_US","og_type":"article","og_title":"Saint Vincent and Discernment - We are Vincentians","og_description":"1. Discernment Within the entire span of religious consciousness and commitment there is a central conviction that God himself can and does direct our lives. A key exercise of the spiritual life is to experience ... Read More","og_url":"http:\/\/vincentians.com\/en\/st-vincent-and-discernment\/","og_site_name":"We are Vincentians","article_publisher":"https:\/\/www.facebook.com\/WeAreVincentians\/","article_author":"https:\/\/www.facebook.com\/JavierChento","article_published_time":"2013-11-17T09:42:43+00:00","article_modified_time":"2016-07-10T08:04:58+00:00","og_image":[{"width":1200,"height":630,"url":"https:\/\/i0.wp.com\/vincentians.com\/en\/wp-content\/uploads\/sites\/2\/2013\/11\/Saint-Vincent-and-Discernment.jpg?fit=1200%2C630","type":"image\/jpeg"}],"author":"Francisco Javier Fern\u00e1ndez Chento","twitter_card":"summary_large_image","twitter_creator":"@https:\/\/twitter.com\/javierchento","twitter_site":"@WeVincentians","twitter_misc":{"Written by":"Francisco Javier Fern\u00e1ndez Chento","Est. reading time":"15 minutes"},"schema":{"@context":"https:\/\/schema.org","@graph":[{"@type":"Article","@id":"http:\/\/vincentians.com\/en\/st-vincent-and-discernment\/#article","isPartOf":{"@id":"http:\/\/vincentians.com\/en\/st-vincent-and-discernment\/"},"author":{"name":"Francisco Javier Fern\u00e1ndez Chento","@id":"https:\/\/vincentians.com\/en\/#\/schema\/person\/9623ef4d9aa3b2dfb8c061f1499288f2"},"headline":"Saint Vincent and Discernment","datePublished":"2013-11-17T09:42:43+00:00","dateModified":"2016-07-10T08:04:58+00:00","mainEntityOfPage":{"@id":"http:\/\/vincentians.com\/en\/st-vincent-and-discernment\/"},"wordCount":2947,"commentCount":0,"publisher":{"@id":"https:\/\/vincentians.com\/en\/#organization"},"image":{"@id":"http:\/\/vincentians.com\/en\/st-vincent-and-discernment\/#primaryimage"},"thumbnailUrl":"https:\/\/i0.wp.com\/vincentians.com\/en\/wp-content\/uploads\/sites\/2\/2013\/11\/Saint-Vincent-and-Discernment.jpg?fit=1200%2C630","articleSection":["Vincent de Paul"],"inLanguage":"en-US","potentialAction":[{"@type":"CommentAction","name":"Comment","target":["http:\/\/vincentians.com\/en\/st-vincent-and-discernment\/#respond"]}]},{"@type":"WebPage","@id":"http:\/\/vincentians.com\/en\/st-vincent-and-discernment\/","url":"http:\/\/vincentians.com\/en\/st-vincent-and-discernment\/","name":"Saint Vincent and Discernment - We are Vincentians","isPartOf":{"@id":"https:\/\/vincentians.com\/en\/#website"},"primaryImageOfPage":{"@id":"http:\/\/vincentians.com\/en\/st-vincent-and-discernment\/#primaryimage"},"image":{"@id":"http:\/\/vincentians.com\/en\/st-vincent-and-discernment\/#primaryimage"},"thumbnailUrl":"https:\/\/i0.wp.com\/vincentians.com\/en\/wp-content\/uploads\/sites\/2\/2013\/11\/Saint-Vincent-and-Discernment.jpg?fit=1200%2C630","datePublished":"2013-11-17T09:42:43+00:00","dateModified":"2016-07-10T08:04:58+00:00","breadcrumb":{"@id":"http:\/\/vincentians.com\/en\/st-vincent-and-discernment\/#breadcrumb"},"inLanguage":"en-US","potentialAction":[{"@type":"ReadAction","target":["http:\/\/vincentians.com\/en\/st-vincent-and-discernment\/"]}]},{"@type":"ImageObject","inLanguage":"en-US","@id":"http:\/\/vincentians.com\/en\/st-vincent-and-discernment\/#primaryimage","url":"https:\/\/i0.wp.com\/vincentians.com\/en\/wp-content\/uploads\/sites\/2\/2013\/11\/Saint-Vincent-and-Discernment.jpg?fit=1200%2C630","contentUrl":"https:\/\/i0.wp.com\/vincentians.com\/en\/wp-content\/uploads\/sites\/2\/2013\/11\/Saint-Vincent-and-Discernment.jpg?fit=1200%2C630","width":1200,"height":630},{"@type":"BreadcrumbList","@id":"http:\/\/vincentians.com\/en\/st-vincent-and-discernment\/#breadcrumb","itemListElement":[{"@type":"ListItem","position":1,"name":"Portada","item":"https:\/\/vincentians.com\/en\/"},{"@type":"ListItem","position":2,"name":"Saint Vincent and Discernment"}]},{"@type":"WebSite","@id":"https:\/\/vincentians.com\/en\/#website","url":"https:\/\/vincentians.com\/en\/","name":"We are Vincentians","description":"Know more to serve more","publisher":{"@id":"https:\/\/vincentians.com\/en\/#organization"},"potentialAction":[{"@type":"SearchAction","target":{"@type":"EntryPoint","urlTemplate":"https:\/\/vincentians.com\/en\/?s={search_term_string}"},"query-input":{"@type":"PropertyValueSpecification","valueRequired":true,"valueName":"search_term_string"}}],"inLanguage":"en-US"},{"@type":"Organization","@id":"https:\/\/vincentians.com\/en\/#organization","name":"The Vincentian Network","url":"https:\/\/vincentians.com\/en\/","logo":{"@type":"ImageObject","inLanguage":"en-US","@id":"https:\/\/vincentians.com\/en\/#\/schema\/logo\/image\/","url":"https:\/\/i1.wp.com\/vincentians.com\/en\/wp-content\/uploads\/sites\/2\/2016\/06\/Vincentian-Network-logo-big.png?fit=778%2C778&ssl=1","contentUrl":"https:\/\/i1.wp.com\/vincentians.com\/en\/wp-content\/uploads\/sites\/2\/2016\/06\/Vincentian-Network-logo-big.png?fit=778%2C778&ssl=1","width":778,"height":778,"caption":"The Vincentian Network"},"image":{"@id":"https:\/\/vincentians.com\/en\/#\/schema\/logo\/image\/"},"sameAs":["https:\/\/www.facebook.com\/WeAreVincentians\/","https:\/\/x.com\/WeVincentians"]},{"@type":"Person","@id":"https:\/\/vincentians.com\/en\/#\/schema\/person\/9623ef4d9aa3b2dfb8c061f1499288f2","name":"Francisco Javier Fern\u00e1ndez Chento","image":{"@type":"ImageObject","inLanguage":"en-US","@id":"https:\/\/vincentians.com\/en\/#\/schema\/person\/image\/","url":"https:\/\/secure.gravatar.com\/avatar\/497d5cde87b4c3d097d0315953521681ba2cd523ee66e5077c3711f7021e65de?s=96&d=mm&r=g","contentUrl":"https:\/\/secure.gravatar.com\/avatar\/497d5cde87b4c3d097d0315953521681ba2cd523ee66e5077c3711f7021e65de?s=96&d=mm&r=g","caption":"Francisco Javier Fern\u00e1ndez Chento"},"description":"Director General y cofundador de La Red de Formaci\u00f3n Vicenciana. Javier es laico vicenciano, afiliado a la Congregaci\u00f3n de la Misi\u00f3n y miembro del Equipo de Misiones Populares de la provincia can\u00f3nica de Zaragoza (Espa\u00f1a) de la Congregaci\u00f3n de la Misi\u00f3n. Graduado en la Universidad Oberta de Catalunya con cuatro grados (Asistente de direcci\u00f3n, Gesti\u00f3n Administrativa, Recursos Humanos y Contabilidad Avanzada). Bil\u00edng\u00fce Espa\u00f1ol\/Ingl\u00e9s. gestiona y mantiene varias p\u00e1ginas web cristianas y vicencianas, incluida including La Red de Formaci\u00f3n Vicenciana, de la que es cofundador. Actualmente es responsable del \u00e1rea de Espa\u00f1ol de .famvin, la Red de Noticias de la Familia Vicenciana. Tambi\u00e9n es m\u00fasico cat\u00f3lico y ha editado varios discos. Es Director General y cofundador de Trovador, una reconocida compa\u00f1\u00eda discogr\u00e1fica critiana de Espa\u00f1a. Trabaja en las Tecnolog\u00edas de la Informaci\u00f3n, ofreciendo servicios de alojamiento, dise\u00f1o y mantenimiento Web, as\u00ed como asesoramiento, formaci\u00f3n y soluciones inform\u00e1ticas, gesti\u00f3n documental y digitalizaci\u00f3n de textos, edici\u00f3n y maquetaci\u00f3n de libros, revistas, flyers, etc.","sameAs":["http:\/\/chento.org","https:\/\/www.facebook.com\/JavierChento","https:\/\/x.com\/https:\/\/twitter.com\/javierchento"],"url":"http:\/\/vincentians.com\/en\/author\/chento\/"}]}},"jetpack_publicize_connections":[],"jetpack_featured_media_url":"https:\/\/i0.wp.com\/vincentians.com\/en\/wp-content\/uploads\/sites\/2\/2013\/11\/Saint-Vincent-and-Discernment.jpg?fit=1200%2C630","jetpack_sharing_enabled":true,"jetpack_shortlink":"https:\/\/wp.me\/p7K2Ow-rQV","jetpack-related-posts":[{"id":51040,"url":"http:\/\/vincentians.com\/en\/vincent-and-contemplative-prayer\/","url_meta":{"origin":107069,"position":0},"title":"Vincent and (Contemplative) Prayer","author":"Francisco Javier Fern\u00e1ndez Chento","date":"July 17, 2016","format":false,"excerpt":"It is the year 2000, and an Australian Vincentian, (whom we shall call Harry), reflects upon words of St Vincent de Paul spoken many years before. \"Donnez-moi un homme d\u2019oraison, et il sera capable tout;.. \" \"Give me a man of prayer, and he will be capable of everything; ..\"\u2026","rel":"","context":"In &quot;Vincent de Paul&quot;","block_context":{"text":"Vincent de Paul","link":"http:\/\/vincentians.com\/en\/category\/the-vincentian-family\/founders\/vincent-de-paul\/"},"img":{"alt_text":"","src":"https:\/\/i0.wp.com\/vincentians.com\/en\/wp-content\/uploads\/sites\/2\/2013\/11\/Saint-Vincent-and-Discernment.jpg?fit=1200%2C630&resize=350%2C200","width":350,"height":200,"srcset":"https:\/\/i0.wp.com\/vincentians.com\/en\/wp-content\/uploads\/sites\/2\/2013\/11\/Saint-Vincent-and-Discernment.jpg?fit=1200%2C630&resize=350%2C200 1x, https:\/\/i0.wp.com\/vincentians.com\/en\/wp-content\/uploads\/sites\/2\/2013\/11\/Saint-Vincent-and-Discernment.jpg?fit=1200%2C630&resize=525%2C300 1.5x, https:\/\/i0.wp.com\/vincentians.com\/en\/wp-content\/uploads\/sites\/2\/2013\/11\/Saint-Vincent-and-Discernment.jpg?fit=1200%2C630&resize=700%2C400 2x, https:\/\/i0.wp.com\/vincentians.com\/en\/wp-content\/uploads\/sites\/2\/2013\/11\/Saint-Vincent-and-Discernment.jpg?fit=1200%2C630&resize=1050%2C600 3x"},"classes":[]},{"id":106109,"url":"http:\/\/vincentians.com\/en\/the-way-of-st-vincent-is-our-way-10-attentive-to-the-signs-of-the-times\/","url_meta":{"origin":107069,"position":1},"title":"The Way of St. Vincent Is Our Way. 10. Attentive to the signs of the times","author":"Francisco Javier Fern\u00e1ndez Chento","date":"December 29, 2012","format":false,"excerpt":"10. Attentive to the signs of the times In the evening you say, 'It will be fine; there is a red sky', and in the morning, 'Stormy weather today; the sky is red and overcast'. You know how to read the face of the sky, but you cannot read the\u2026","rel":"","context":"In &quot;Charism&quot;","block_context":{"text":"Charism","link":"http:\/\/vincentians.com\/en\/category\/spirituality\/charism\/"},"img":{"alt_text":"","src":"https:\/\/i0.wp.com\/vincentians.com\/en\/wp-content\/uploads\/sites\/2\/2016\/06\/the-way-of-st-vincent-is-our-way.jpg?fit=1200%2C630&resize=350%2C200","width":350,"height":200,"srcset":"https:\/\/i0.wp.com\/vincentians.com\/en\/wp-content\/uploads\/sites\/2\/2016\/06\/the-way-of-st-vincent-is-our-way.jpg?fit=1200%2C630&resize=350%2C200 1x, https:\/\/i0.wp.com\/vincentians.com\/en\/wp-content\/uploads\/sites\/2\/2016\/06\/the-way-of-st-vincent-is-our-way.jpg?fit=1200%2C630&resize=525%2C300 1.5x, https:\/\/i0.wp.com\/vincentians.com\/en\/wp-content\/uploads\/sites\/2\/2016\/06\/the-way-of-st-vincent-is-our-way.jpg?fit=1200%2C630&resize=700%2C400 2x, https:\/\/i0.wp.com\/vincentians.com\/en\/wp-content\/uploads\/sites\/2\/2016\/06\/the-way-of-st-vincent-is-our-way.jpg?fit=1200%2C630&resize=1050%2C600 3x"},"classes":[]},{"id":51046,"url":"http:\/\/vincentians.com\/en\/the-congregation-of-the-mission-and-the-mission-of-the-church-to-the-poor\/","url_meta":{"origin":107069,"position":2},"title":"The Congregation of the Mission and The Mission of the Church to the Poor","author":"Francisco Javier Fern\u00e1ndez Chento","date":"July 21, 2016","format":false,"excerpt":"I The Mission then Origins revisited Vincent was confirmed in his mission to the poor but was still discovering its extent when, on 17 April 1625, the contract was drawn up with the De Gondis to provide a sure foundation from which the mission could move forward. Convinced \"that poor\u2026","rel":"","context":"In &quot;Congregation of the Mission&quot;","block_context":{"text":"Congregation of the Mission","link":"http:\/\/vincentians.com\/en\/category\/the-vincentian-family\/branches\/congregation-of-the-mission\/"},"img":{"alt_text":"","src":"https:\/\/i0.wp.com\/vincentians.com\/en\/wp-content\/uploads\/sites\/2\/2012\/11\/serve-the-poor.jpg?fit=1200%2C630&resize=350%2C200","width":350,"height":200,"srcset":"https:\/\/i0.wp.com\/vincentians.com\/en\/wp-content\/uploads\/sites\/2\/2012\/11\/serve-the-poor.jpg?fit=1200%2C630&resize=350%2C200 1x, https:\/\/i0.wp.com\/vincentians.com\/en\/wp-content\/uploads\/sites\/2\/2012\/11\/serve-the-poor.jpg?fit=1200%2C630&resize=525%2C300 1.5x, https:\/\/i0.wp.com\/vincentians.com\/en\/wp-content\/uploads\/sites\/2\/2012\/11\/serve-the-poor.jpg?fit=1200%2C630&resize=700%2C400 2x, https:\/\/i0.wp.com\/vincentians.com\/en\/wp-content\/uploads\/sites\/2\/2012\/11\/serve-the-poor.jpg?fit=1200%2C630&resize=1050%2C600 3x"},"classes":[]},{"id":153276,"url":"http:\/\/vincentians.com\/en\/to-see-and-to-discern-the-present-day-challenges-from-the-perspective-of-saint-vincent\/","url_meta":{"origin":107069,"position":3},"title":"To see and to discern the present day challenges from the perspective of Saint Vincent","author":"Francisco Javier Fern\u00e1ndez Chento","date":"October 7, 2016","format":false,"excerpt":"As we said at the beginning, our Vincentian month, which will examine the popular mission, will use the methodology SEE-JUDGE-ACT. This will then lead us to some conclusions and the redaction of a document which will gather together our convictions with regard to this ministry. Presently we are at the\u2026","rel":"","context":"In &quot;Vincentian Formation&quot;","block_context":{"text":"Vincentian Formation","link":"http:\/\/vincentians.com\/en\/category\/vincentian-formation\/"},"img":{"alt_text":"","src":"https:\/\/i0.wp.com\/vincentians.com\/en\/wp-content\/uploads\/sites\/2\/2016\/10\/present-day-challenges.jpg?fit=1200%2C630&resize=350%2C200","width":350,"height":200,"srcset":"https:\/\/i0.wp.com\/vincentians.com\/en\/wp-content\/uploads\/sites\/2\/2016\/10\/present-day-challenges.jpg?fit=1200%2C630&resize=350%2C200 1x, https:\/\/i0.wp.com\/vincentians.com\/en\/wp-content\/uploads\/sites\/2\/2016\/10\/present-day-challenges.jpg?fit=1200%2C630&resize=525%2C300 1.5x, https:\/\/i0.wp.com\/vincentians.com\/en\/wp-content\/uploads\/sites\/2\/2016\/10\/present-day-challenges.jpg?fit=1200%2C630&resize=700%2C400 2x, https:\/\/i0.wp.com\/vincentians.com\/en\/wp-content\/uploads\/sites\/2\/2016\/10\/present-day-challenges.jpg?fit=1200%2C630&resize=1050%2C600 3x"},"classes":[]},{"id":106512,"url":"http:\/\/vincentians.com\/en\/the-way-of-st-vincent-is-our-way-30-interested-in-knowing-the-spirit-of-the-congregation\/","url_meta":{"origin":107069,"position":4},"title":"The Way of St. Vincent Is Our Way. 30. Interested in knowing the Spirit of the Congregation","author":"Francisco Javier Fern\u00e1ndez Chento","date":"March 8, 2013","format":false,"excerpt":"30. Interested in knowing the Spirit of the Congregation Jesus said: 'Every scribe who becomes a disciple of the Kingdom of Heaven is like a householder who brings out from his storeroom things both new and old.\" Matthew 13:52 All the members should continually strive for a deeper knowledge of\u2026","rel":"","context":"In &quot;Charism&quot;","block_context":{"text":"Charism","link":"http:\/\/vincentians.com\/en\/category\/spirituality\/charism\/"},"img":{"alt_text":"","src":"https:\/\/i0.wp.com\/vincentians.com\/en\/wp-content\/uploads\/sites\/2\/2016\/06\/the-way-of-st-vincent-is-our-way.jpg?fit=1200%2C630&resize=350%2C200","width":350,"height":200,"srcset":"https:\/\/i0.wp.com\/vincentians.com\/en\/wp-content\/uploads\/sites\/2\/2016\/06\/the-way-of-st-vincent-is-our-way.jpg?fit=1200%2C630&resize=350%2C200 1x, https:\/\/i0.wp.com\/vincentians.com\/en\/wp-content\/uploads\/sites\/2\/2016\/06\/the-way-of-st-vincent-is-our-way.jpg?fit=1200%2C630&resize=525%2C300 1.5x, https:\/\/i0.wp.com\/vincentians.com\/en\/wp-content\/uploads\/sites\/2\/2016\/06\/the-way-of-st-vincent-is-our-way.jpg?fit=1200%2C630&resize=700%2C400 2x, https:\/\/i0.wp.com\/vincentians.com\/en\/wp-content\/uploads\/sites\/2\/2016\/06\/the-way-of-st-vincent-is-our-way.jpg?fit=1200%2C630&resize=1050%2C600 3x"},"classes":[]},{"id":153296,"url":"http:\/\/vincentians.com\/en\/seeing-and-discerning-the-challenges-from-st-vincents-eyes-to-ours\/","url_meta":{"origin":107069,"position":5},"title":"Seeing and Discerning the Challenges: From St. Vincent&#8217;s Eyes&#8230; To Ours","author":"Francisco Javier Fern\u00e1ndez Chento","date":"October 19, 2016","format":false,"excerpt":"Our Vincentian Month on Parish Missions is structured, as we said at the beginning, around the procedure of \"See - Judge - Act\", and will be brought to a close through a concluding process, and the drawing up of a document expressing our convictions concerning this ministry today. At present\u2026","rel":"","context":"In &quot;Missions&quot;","block_context":{"text":"Missions","link":"http:\/\/vincentians.com\/en\/category\/ministries\/missions\/"},"img":{"alt_text":"","src":"https:\/\/i0.wp.com\/vincentians.com\/en\/wp-content\/uploads\/sites\/2\/2013\/12\/eyes-of-the-poor.jpg?fit=1200%2C630&resize=350%2C200","width":350,"height":200,"srcset":"https:\/\/i0.wp.com\/vincentians.com\/en\/wp-content\/uploads\/sites\/2\/2013\/12\/eyes-of-the-poor.jpg?fit=1200%2C630&resize=350%2C200 1x, https:\/\/i0.wp.com\/vincentians.com\/en\/wp-content\/uploads\/sites\/2\/2013\/12\/eyes-of-the-poor.jpg?fit=1200%2C630&resize=525%2C300 1.5x, https:\/\/i0.wp.com\/vincentians.com\/en\/wp-content\/uploads\/sites\/2\/2013\/12\/eyes-of-the-poor.jpg?fit=1200%2C630&resize=700%2C400 2x, https:\/\/i0.wp.com\/vincentians.com\/en\/wp-content\/uploads\/sites\/2\/2013\/12\/eyes-of-the-poor.jpg?fit=1200%2C630&resize=1050%2C600 3x"},"classes":[]}],"_links":{"self":[{"href":"http:\/\/vincentians.com\/en\/wp-json\/wp\/v2\/posts\/107069","targetHints":{"allow":["GET"]}}],"collection":[{"href":"http:\/\/vincentians.com\/en\/wp-json\/wp\/v2\/posts"}],"about":[{"href":"http:\/\/vincentians.com\/en\/wp-json\/wp\/v2\/types\/post"}],"author":[{"embeddable":true,"href":"http:\/\/vincentians.com\/en\/wp-json\/wp\/v2\/users\/4"}],"replies":[{"embeddable":true,"href":"http:\/\/vincentians.com\/en\/wp-json\/wp\/v2\/comments?post=107069"}],"version-history":[{"count":0,"href":"http:\/\/vincentians.com\/en\/wp-json\/wp\/v2\/posts\/107069\/revisions"}],"wp:featuredmedia":[{"embeddable":true,"href":"http:\/\/vincentians.com\/en\/wp-json\/wp\/v2\/media\/150239"}],"wp:attachment":[{"href":"http:\/\/vincentians.com\/en\/wp-json\/wp\/v2\/media?parent=107069"}],"wp:term":[{"taxonomy":"category","embeddable":true,"href":"http:\/\/vincentians.com\/en\/wp-json\/wp\/v2\/categories?post=107069"},{"taxonomy":"post_tag","embeddable":true,"href":"http:\/\/vincentians.com\/en\/wp-json\/wp\/v2\/tags?post=107069"}],"curies":[{"name":"wp","href":"https:\/\/api.w.org\/{rel}","templated":true}]}}