{"id":106901,"date":"2015-05-16T07:12:30","date_gmt":"2015-05-16T05:12:30","guid":{"rendered":"http:\/\/vincentians.com\/?p=106901"},"modified":"2016-07-10T09:10:40","modified_gmt":"2016-07-10T07:10:40","slug":"saint-vincent-de-paul-1600-1614-a-psycho-spiritual-study","status":"publish","type":"post","link":"http:\/\/vincentians.com\/en\/saint-vincent-de-paul-1600-1614-a-psycho-spiritual-study\/","title":{"rendered":"Saint Vincent De Paul 1600-1614, A Psycho-spiritual Study"},"content":{"rendered":"<h2><i>Introduction<\/i><\/h2>\n<p>In this study we will look at Vincent\u2019s life from his ordination in 1600 to the time he vowed to serve the poor in 1614. For the sake of clarity we will divide these 14 years into three separate stages:<\/p>\n<ul>\n<li>1600-1605 early-adult transition, during which Vincent was ordained;<\/li>\n<li>1605-1608 a time of crisis when Vincent went missing;<\/li>\n<li>1608-1614 years of purification and transformation.<\/li>\n<\/ul>\n<p>We will use three complementary kinds of resource material. Firstly, there are the known historical facts: events, dates and some biographical material in letters and conferences. That said, we know precious little about the events of his early days and even less about his inner life. For example, Coste devotes only 50 pages of his 1500\u00ad page biography to the first third of Vincent\u2019s life. Secondly, we will attempt to interpret the available facts in the light of developmental psychology. We will use Levinson\u2019s<sup>1<\/sup> study of the male life-cycle and the Whiteheads\u2019<sup>2<\/sup> theological presentation of Erickson\u2019s developmental stages and tasks. Thirdly, we will use the Ignatian description of two main stages in spiritual growth.<sup>3<\/sup> Each has its own specific dynamic. In the first, the experimental emphasis is on the Lord\u2019s relationship with the believer. In the second, the focus shifts to the believer\u2019s desire to be united with Jesus poor and humble. The movement from one dynamic to the other becomes evident in a renunciation of pride and a worldly desire to possess, or to be noticed. This kind of conver\u00adsion opens the heart to the possibility of great holiness of life.<\/p>\n<p>By using these historic, psychological and spiritual resources we will hope to gain some insight into the possible dynamics of Vincent\u2019s interior life. They tend to be neglected in the biographies I have read. It is disappointing because these are significant years in Vincent\u2019s formation. Not only was his future sanctity rooted in this period, it marked the time when his experience of God was most like our own. It is my hope, therefore, that as we become aware of the dynamics of his early growth in holiness we will also throw light on our own potential for union with God. My approach will be tentative. That said, I hope it will stimulate fruitful reflection on this fascinating period of Vincent\u2019s life.<\/p>\n<h2><i>Early-adult transition 1600-1605<\/i><\/h2>\n<p>In his <i>Seasons of a Man\u2019s Life <\/i>Levinson says that men enter an early-adult transition between the ages of 17 and 22. This is a bridging period between adolescence and early adulthood. The main pre-occu\u00adpations of this time are a desire to get established in the world and to begin working out an adult sense of identity. These issues tend to be highlighted in what he calls \u201cmarker events\u201d. Vincent reached his at the age of 19 when he was ordained a priest.<\/p>\n<p>Ordination was a significant event in Vincent\u2019s life. It was illegal. Local custom tended to reflect the teaching of the recent Council of Trent 1545. A man was not eligible for ordination until he was 24. Nevertheless Vincent became a deacon at the tender age of 17! He then applied to the Bishop of Dax for permission to be ordained a priest. He must have lied about his age to get his dimissorial letters. Then he showed cunning, if not simplicity, by being ordained by a bishop who wasn\u2019t scrupulous about the Tridentine directive. This prelate was neither the bishop of Toulouse, Vincent\u2019s place of resi\u00addence, nor of Dax his place of birth. The future reformer of the clergy got off to a rather irregular start himself. No wonder his confr\u00e8res were never to know anything about the date, place, or circumstances of his ordination. Prudence rather than modesty seems to have been the motive. Vincent found it hard to get established in a priestly job or identity. The bishop of Dax offered him a parish but there were legal problems, so he continued to live as he had before. He ran his small school and continued to study at the university. It was a time when he seemed to rely on his own considerable talents for success. His earnings increased, his debts grew less and he got his bachelor\u2019s degree in theology in 1604. We don\u2019t know what the priesthood meant to him; had he a formal commitment to the role, or an interior sense of union with Jesus the highpriest? Two incidents in 1605 point towards an answer. Early in that year Vincent headed off to Bordeaux on a secret mission. He said it would be rash to mention what it was about. It is remotely possible that he had been offered a bishopric. \u201cWhat we do know for certain \u2014 on Vincent\u2019s own admission \u2014 is that the business promised to be of GREAT ADVANTAGE TO HIM, that it would involve considerable expenditure.\u201d<sup>4<\/sup><\/p>\n<p>When he returned from the South, Vincent found that he had been left some money in a woman\u2019s will. There was a complication. The only way he could get the 400 crowns was to collect the sum from a man in Marseilles who owed that amount to the deceased. To finance his trip Vincent had to borrow heavily himself. He hired a horse and set off. The future apostle of charity showed little compassion when he caught the man he called \u201ca scamp\u201d. He had him thrown into jail until he would agree to pay the debt. This was a far cry from the text \u201cbe mindful of prisoners as if you were sharing their imprisonment\u201d (Heb. 13.3). Meantime Vincent sold the hired horse. It was a bit like selling a rented car to raise money. It would be an immoral act in any age, and an illegal one in ours.<\/p>\n<p>In 1605 Vincent was a talented and well qualified priest of 25. He had his faults. He could act in an unscrupulous and callous way if it served his desire for ecclesiastical and financial advancement. In fact he was the kind of young priest that a present-day provincial would probably ask to see for \u201ca wee chat\u201d! He certainly wasn\u2019t a saint.<\/p>\n<h2><i>The missing years, 1605-1608<\/i><\/h2>\n<p>Levinson says that early-adulthood begins about 22 and ends when a man is 45 or so. During that time he can expect to experience one or more marker events, periods of transition that will challenge his values and sense of self. For Vincent one of these crises took place between the ages of 24 and 27, when he went missing. We are not sure where he was. In letters to M. De Comet he said that he had been a captive in Tunisia, having been captured by pirates during a sea voyage. While its certain that Vincent wrote the letters, doubt has been cast on their contents. Stafford Poole says that there are three possibilities.<sup>5<\/sup> Firstly, the letters are completely true. Grandchamps has shown that this is not viable from the historical point of view. Secondly, the letters could be dismissed as completely false. Thirdly, parts of the letters could be accepted as true, other parts rejected as false. After weighing all the evidence Poole concludes that the letters are probably false. This would explain why Vincent never once mentioned his captivity. Both Br Ducournau and Abelly testify to his life-long silence about it. It would also explain why Vincent made such frantic efforts to have the letters destroyed when they were discovered 50 years after their composition. At the age of 79 he wrote these words to Canon De St Martin; \u201cI entreat you by all the favours that God has been pleased to give you, to do me the favour of sending me THAT WRETCHED LETTER that makes mention of Turkey. I speak of the one that was discovered among the papers of the late M De Comet. I beg you again by the heart of Jesus Christ Our Lord to do me this favour that I ask you, as quickly as possible\u201d.<sup>6<\/sup> Was Vincent\u2019s silence about his captiv\u00adity, his desire to have the letters destroyed, motivated by the same embarassment he felt about his ordination?<\/p>\n<p>If Vincent wasn\u2019t in North Africa where was he? There are a number of possibilities. Perhaps he was in debtors\u2019 prison on account of the large sums he owed. Or he may have taken refuge from his creditors in the papal enclave of Avignon. Wherever he was, I believe it was a time of passage and crisis for Vincent.<\/p>\n<p>Having looked at it from an historical point of view we will switch now to a psychological perspective.<\/p>\n<p>The Whiteheads say that there are three phases in the experience of passage:<sup>1<\/sup><\/p>\n<p><b>1. <\/b><b>Separation: <\/b>A time when our usual accommodation with life is disrupted. Old securities are challenged. There is a feeling of having been hi-jacked, of being a helpless victim in a sort of no\u00adman\u2019s-land. This would be the symbolic meaning of Vincent\u2019s disappearance from society.<b><\/b><\/p>\n<p><b>2. <\/b><b>Transition: <\/b>A time of increased vulnerability, questioning and doubt. As illusions are challenged, the person begins to ask basic questions about his identity and values. As defence mech\u00adanisms break down, <i>chronos <\/i>becomes <i>kairos <\/i>as God begins to reveal Himself in a way that invites the person to change his values and sense of self. The experience of this kind of conver\u00adsion would be the symbolic meaning of Vincent\u2019s absence from society.<b><\/b><\/p>\n<p><b>3. <\/b><b>Incorporation: <\/b>As a person lets go of old ways of perception, he enters into a new stage of maturity and stability. This would be the symbolic implication of Vincent\u2019s re-emergence into society.<b><\/b><\/p>\n<p>Some time ago it occurred to me that Vincent\u2019s captivity letters had a dreamlike quality. Could they be interpreted in a Jungian way as symbols of un-conscious conflicts? I think they can, so I\u2019d like to propose a tentative interpretation. The journey by sea, followed by years in a strange land, represents a movement from the person con\u00adstituted by its various roles to the real, but largely un-conscious, self. This movement from the phenomenal to the real self is implicit in the accounts of Vincent\u2019s slave owners. Each one seems to symbolise some aspect of his conflict about priestly identity. Firstly, there is the fisher\u00adman. A priest is called to be a fisher of men, but Vincent writes: \u201cI was sold to a fisherman, but I have always been A VERY BAD SAILOR; he was obliged to get rid of me\u201d.<sup>8<\/sup> In other words, he had no stomach for the demands of priestly mission. Secondly, he was sold to an alchemist. This is fascinating from a symbolic point of view; indeed Jung wrote no less than three books on the psychological implications of alchemy.<sup>9<\/sup> I\u2019d like to draw attention to points mentioned by Vincent. He refers to the practice of trying to turn base metal into gold by human efforts. Surely this is symbolic of a Faustian desire to be like God. It is implicit in the reference to the philosopher\u2019s stone as well. As one author had written, \u201cIf the Alchemist could impregnate the Stone with his own life, then he had discovered the secret of the Creator\u201d.<sup>10<\/sup> Was Vincent becoming aware of his spiritual pride? Then he refers to the alchemist\u2019s talking skull. By means of ventriloquism he made it appear that he was receiv\u00ading oracles from God. Symbolically, this means to suggest that Vincent saw himself as a false prophet, a priest who failed to speak God\u2019s word. Thirdly, he was sold to a renegade priest. Is this a symbol of Vincent\u2019s alter-ego, the priest who is no longer faithful to his vocation? The women in the story are very interesting. There are three wives, one Greek Orthodox and two Moslems. From a Jungian point of view they would seem to be projections of different aspects of the Anima, i.e. the feminine aspects of the un-conscious mind. They are reminiscent of the three graces, wisdom, joy and festivity in classical mythology.\u201d The Greek woman would be Sophia, or wisdom. She liked Vincent and treated him with kindness. But it was one of the pagan women who was to be his source of joy. It was she who persuaded her husband to return to the excercise of his priesthood. In other words, through the benevolent power of the Anima, Vincent was led to a new sense of God, self and vocation. The soul is feminine in relation to a Father God. So Vincent personifies his spiritual deliverance in feminine terms by attributing it to Our Lady. As he let go of his old persona, with its false sense of self and values, Vincent was able to make his exodus journey back to a new sense of priestly identity. This coincided with his re-appearance in society as a changed man. As I have said, the Jungian interpretation is tentative. We are on firmer ground when we suspect that Vincent went through a spiritual trial in which his pride as the root of sin was revealed. I suspect that during the missing year he saw through his worldliness, his desire for money, status and advancement. Perhaps he began to see that it is by these desires that pride insinuates itself into the heart. It would seem that during this period he began to be attracted to Jesus in his poverty and humble dependence on God. He wanted to be united to him in this way, content to labour with Him for the salvation of souls even if it meant insult and injury. We can infer that this dynamic was at work in Vincent\u2019s life from the way he lived when he returned to Paris in 1608. As the Lord says, \u201cby your fruits you shall be known\u201d (Mt. 7:16).<\/p>\n<h2><i>Purification and transformation 1608-1614<\/i><\/h2>\n<p>Vincent was 27 when he surfaced in the capital. As we look at three significant events we will see how much he had changed. The first concerns the way he handled a threat to his good name. He was sharing an appartment with a judge at the time. One day while he was sick in bed, a thief made off with the judge\u2019s money. Vincent describes what happened next: \u201cA member of the community was once accused of having robbed his companion, and that before the house where he was staying. The charge was not true. Finding himself falsely accused, although he never meant to justify himself, the thought nevertheless did occur to him: \u2018See here; you are going to justify yourself, are you not? You are being falsely accused you know!\u2019 \u2018Oh no\u2019 he said, as he lifted his mind to God, \u2018it is necessary that I suffer this patiently\u2019 \u201c.\u2019<sup>2<\/sup> What a change. At 24 years of age Vincent demanded his rights, now he was willing to renounce them even if it meant the loss of his good name.<\/p>\n<p>His attitude to money had also changed. In 1611 he received a gift of 15,000 <i>livres <\/i>from John Latanne, master of the Paris mint. He immedi\u00adately gave it to the Charity Hospital \u201cto tend and nurse the sick poor\u201d. Gone was his earlier preoccupation with cash. In its place is evidence of a growing sensitivity to the poor. However there is evidence too that Vincent was tempted to resist his growing attraction to a life lived in total commitment to the poor. For example in 1610 he wrote to his mother \u201cI put great hope in God\u2019s grace, that he will bless my efforts, and soon give me the means of an honourable retirement so that I may spend the rest of my days near you\u201d.<sup>13<\/sup> Retirement at the age of 29! Vincent still had mixed desires, his purification was not yet complete.<\/p>\n<p>The year 1610 inaugurated another marker event. Vincent knew a priest who was experiencing terrible temptations against faith. He prayed that God would allow him to accept this man\u2019s burden in return for his peace of mind. As a result the theologian\u2019s trial ended while Vincent entered the period of interior struggle. Later he was to say \u201cGod often wishes to establish, upon the patience of those who undertake them, the good works that are to endure, and for that reason he allows such people to suffer many trials\u201d.<sup>14<\/sup> Well, Vincent battled with doubt for about three years. During this time he learned to die to the last vestiges of his pride. Finally, as Bill Purcell wrote, \u201che made up his mind to devote himself wholly and irrevocably to the service of the poor out of love for his Divine Master and in order to imitate him more perfectly\u201d.<sup>15<\/sup> When his doubts disappeared at this time, Vincent\u2019s faith was as strong as his commitment to the poor was complete. Faith and commitment found a united focus in the person of Jesus poor and humble.<\/p>\n<h2><i>Conclusion<\/i><\/h2>\n<p>Over thirteen years or so Vincent had gone through a remarkable interior change. Instead of making him bitter his many trials had made him better. During his times of passage he had discovered \u201cthe potency of disorder\u201d. Bit by bit he had become disillusioned with his youthful sense of identity and value. He had tried to escape from the implica\u00adtions of material and spiritual poverty, as from an enemy. But between the ages of 20 and 33 he learned to love his enemy. When he finally embraced and kissed him in 1614, he found it was Jesus he was loving. He discovered the truth of the words \u201cAs often as you did it for one of these the least of my brothers, you did it for Me\u201d (Mt 25:44). Vincent was about to become the apostle of charity. Surely the dynamics of his gradual conversion are also our God-given route to sanctity.<\/p>\n<p align=\"center\">Notes<\/p>\n<ol>\n<li>Levinson: <i>The Seasons of a Man\u2019s Life <\/i>(Ballantine).<\/li>\n<li>Whitehead &amp; Whitehead: <i>Christian Life Patterns <\/i>(Doubleday)<\/li>\n<li>Fleming (ed): <i>The Spiritual Exercises <\/i>(Institute of Jesuit Resources); Rahner: <i>Meditations on Priestly Life, <\/i>ch 16 \u201cThe Two Standards\u201d (Sheed &amp; Ward).<\/li>\n<li>Coste: <i>The Life and Labours of St Vincent de Paul, <\/i>vol. 1 p 26 (Burns &amp; Oates)<\/li>\n<li>Poole: <i>Tunisian Captivity: A survey of the controversy <\/i>p 71 (St John\u2019s Seminary, California).<\/li>\n<li>Coste, op. cit p 40.<\/li>\n<li>op. cit. pp 62-64.<\/li>\n<li>Calvet: <i>St Vincent de Paul, <\/i>p 24 (Burns &amp; Oates)<\/li>\n<li>Volumes 12, 13 and 14 of the collected works: <i>Psychology and Alchemy, Alchemical Studies <\/i>and <i>Mysterium Coniunctionis.<\/i><\/li>\n<li>Chetwynd: <i>A Dictionary of Symbols, <\/i>p 7 (Paladin).<\/li>\n<li>Chetwynd, op. cit p 23.<\/li>\n<li><i>12.\u00a0\u00a0\u00a0\u00a0 <\/i><i>All Hallows Annual 1959-1961 <\/i>p 55, Purcell: \u201cSt Vincent de Paul: Spiritual Life\u201d.<\/li>\n<li>Coste: op. cit. p44.<\/li>\n<li>Purcell: op. cit. p 74<\/li>\n<li>Purcell: op, cit. p 55.<\/li>\n<\/ol>\n","protected":false},"excerpt":{"rendered":"<p>Introduction In this study we will look at Vincent\u2019s life from his ordination in 1600 to the time he vowed to serve the poor in 1614. For the sake of clarity we will divide these &#8230; <a href=\"http:\/\/vincentians.com\/en\/saint-vincent-de-paul-1600-1614-a-psycho-spiritual-study\/\" class=\"more-link\">Read More<\/a><\/p>\n","protected":false},"author":4,"featured_media":149156,"comment_status":"open","ping_status":"open","sticky":false,"template":"","format":"standard","meta":{"jetpack_post_was_ever_published":false,"_jetpack_newsletter_access":"","_jetpack_dont_email_post_to_subs":false,"_jetpack_newsletter_tier_id":0,"_jetpack_memberships_contains_paywalled_content":false,"_jetpack_memberships_contains_paid_content":false,"footnotes":"","jetpack_publicize_message":"","jetpack_publicize_feature_enabled":true,"jetpack_social_post_already_shared":false,"jetpack_social_options":{"image_generator_settings":{"template":"highway","default_image_id":0,"font":"","enabled":false},"version":2}},"categories":[5],"tags":[],"class_list":["post-106901","post","type-post","status-publish","format-standard","has-post-thumbnail","hentry","category-vincent-de-paul"],"yoast_head":"<!-- This site is optimized with the Yoast SEO plugin v26.3 - https:\/\/yoast.com\/wordpress\/plugins\/seo\/ -->\n<title>Saint Vincent De Paul 1600-1614, A Psycho-spiritual Study - We are Vincentians<\/title>\n<meta name=\"robots\" content=\"index, follow, max-snippet:-1, max-image-preview:large, max-video-preview:-1\" \/>\n<link rel=\"canonical\" href=\"http:\/\/vincentians.com\/en\/saint-vincent-de-paul-1600-1614-a-psycho-spiritual-study\/\" \/>\n<meta property=\"og:locale\" content=\"en_US\" \/>\n<meta property=\"og:type\" content=\"article\" \/>\n<meta property=\"og:title\" content=\"Saint Vincent De Paul 1600-1614, A Psycho-spiritual Study - We are Vincentians\" \/>\n<meta property=\"og:description\" content=\"Introduction In this study we will look at Vincent\u2019s life from his ordination in 1600 to the time he vowed to serve the poor in 1614. For the sake of clarity we will divide these ... Read More\" \/>\n<meta property=\"og:url\" content=\"http:\/\/vincentians.com\/en\/saint-vincent-de-paul-1600-1614-a-psycho-spiritual-study\/\" \/>\n<meta property=\"og:site_name\" content=\"We are Vincentians\" \/>\n<meta property=\"article:publisher\" content=\"https:\/\/www.facebook.com\/WeAreVincentians\/\" \/>\n<meta property=\"article:author\" content=\"https:\/\/www.facebook.com\/JavierChento\" \/>\n<meta property=\"article:published_time\" content=\"2015-05-16T05:12:30+00:00\" \/>\n<meta property=\"article:modified_time\" content=\"2016-07-10T07:10:40+00:00\" \/>\n<meta property=\"og:image\" content=\"https:\/\/i0.wp.com\/vincentians.com\/en\/wp-content\/uploads\/sites\/2\/2016\/01\/vincent-de-paul.jpg?fit=1200%2C630\" \/>\n\t<meta property=\"og:image:width\" content=\"1200\" \/>\n\t<meta property=\"og:image:height\" content=\"630\" \/>\n\t<meta property=\"og:image:type\" content=\"image\/jpeg\" \/>\n<meta name=\"author\" content=\"Francisco Javier Fern\u00e1ndez Chento\" \/>\n<meta name=\"twitter:card\" content=\"summary_large_image\" \/>\n<meta name=\"twitter:creator\" content=\"@https:\/\/twitter.com\/javierchento\" \/>\n<meta name=\"twitter:site\" content=\"@WeVincentians\" \/>\n<meta name=\"twitter:label1\" content=\"Written by\" \/>\n\t<meta name=\"twitter:data1\" content=\"Francisco Javier Fern\u00e1ndez Chento\" \/>\n\t<meta name=\"twitter:label2\" content=\"Est. reading time\" \/>\n\t<meta name=\"twitter:data2\" content=\"15 minutes\" \/>\n<script type=\"application\/ld+json\" class=\"yoast-schema-graph\">{\"@context\":\"https:\/\/schema.org\",\"@graph\":[{\"@type\":\"Article\",\"@id\":\"http:\/\/vincentians.com\/en\/saint-vincent-de-paul-1600-1614-a-psycho-spiritual-study\/#article\",\"isPartOf\":{\"@id\":\"http:\/\/vincentians.com\/en\/saint-vincent-de-paul-1600-1614-a-psycho-spiritual-study\/\"},\"author\":{\"name\":\"Francisco Javier Fern\u00e1ndez Chento\",\"@id\":\"https:\/\/vincentians.com\/en\/#\/schema\/person\/9623ef4d9aa3b2dfb8c061f1499288f2\"},\"headline\":\"Saint Vincent De Paul 1600-1614, A Psycho-spiritual Study\",\"datePublished\":\"2015-05-16T05:12:30+00:00\",\"dateModified\":\"2016-07-10T07:10:40+00:00\",\"mainEntityOfPage\":{\"@id\":\"http:\/\/vincentians.com\/en\/saint-vincent-de-paul-1600-1614-a-psycho-spiritual-study\/\"},\"wordCount\":3090,\"commentCount\":0,\"publisher\":{\"@id\":\"https:\/\/vincentians.com\/en\/#organization\"},\"image\":{\"@id\":\"http:\/\/vincentians.com\/en\/saint-vincent-de-paul-1600-1614-a-psycho-spiritual-study\/#primaryimage\"},\"thumbnailUrl\":\"https:\/\/i0.wp.com\/vincentians.com\/en\/wp-content\/uploads\/sites\/2\/2016\/01\/vincent-de-paul.jpg?fit=1200%2C630\",\"articleSection\":[\"Vincent de Paul\"],\"inLanguage\":\"en-US\",\"potentialAction\":[{\"@type\":\"CommentAction\",\"name\":\"Comment\",\"target\":[\"http:\/\/vincentians.com\/en\/saint-vincent-de-paul-1600-1614-a-psycho-spiritual-study\/#respond\"]}]},{\"@type\":\"WebPage\",\"@id\":\"http:\/\/vincentians.com\/en\/saint-vincent-de-paul-1600-1614-a-psycho-spiritual-study\/\",\"url\":\"http:\/\/vincentians.com\/en\/saint-vincent-de-paul-1600-1614-a-psycho-spiritual-study\/\",\"name\":\"Saint Vincent De Paul 1600-1614, A Psycho-spiritual Study - We are Vincentians\",\"isPartOf\":{\"@id\":\"https:\/\/vincentians.com\/en\/#website\"},\"primaryImageOfPage\":{\"@id\":\"http:\/\/vincentians.com\/en\/saint-vincent-de-paul-1600-1614-a-psycho-spiritual-study\/#primaryimage\"},\"image\":{\"@id\":\"http:\/\/vincentians.com\/en\/saint-vincent-de-paul-1600-1614-a-psycho-spiritual-study\/#primaryimage\"},\"thumbnailUrl\":\"https:\/\/i0.wp.com\/vincentians.com\/en\/wp-content\/uploads\/sites\/2\/2016\/01\/vincent-de-paul.jpg?fit=1200%2C630\",\"datePublished\":\"2015-05-16T05:12:30+00:00\",\"dateModified\":\"2016-07-10T07:10:40+00:00\",\"breadcrumb\":{\"@id\":\"http:\/\/vincentians.com\/en\/saint-vincent-de-paul-1600-1614-a-psycho-spiritual-study\/#breadcrumb\"},\"inLanguage\":\"en-US\",\"potentialAction\":[{\"@type\":\"ReadAction\",\"target\":[\"http:\/\/vincentians.com\/en\/saint-vincent-de-paul-1600-1614-a-psycho-spiritual-study\/\"]}]},{\"@type\":\"ImageObject\",\"inLanguage\":\"en-US\",\"@id\":\"http:\/\/vincentians.com\/en\/saint-vincent-de-paul-1600-1614-a-psycho-spiritual-study\/#primaryimage\",\"url\":\"https:\/\/i0.wp.com\/vincentians.com\/en\/wp-content\/uploads\/sites\/2\/2016\/01\/vincent-de-paul.jpg?fit=1200%2C630\",\"contentUrl\":\"https:\/\/i0.wp.com\/vincentians.com\/en\/wp-content\/uploads\/sites\/2\/2016\/01\/vincent-de-paul.jpg?fit=1200%2C630\",\"width\":1200,\"height\":630},{\"@type\":\"BreadcrumbList\",\"@id\":\"http:\/\/vincentians.com\/en\/saint-vincent-de-paul-1600-1614-a-psycho-spiritual-study\/#breadcrumb\",\"itemListElement\":[{\"@type\":\"ListItem\",\"position\":1,\"name\":\"Portada\",\"item\":\"https:\/\/vincentians.com\/en\/\"},{\"@type\":\"ListItem\",\"position\":2,\"name\":\"Saint Vincent De Paul 1600-1614, A Psycho-spiritual Study\"}]},{\"@type\":\"WebSite\",\"@id\":\"https:\/\/vincentians.com\/en\/#website\",\"url\":\"https:\/\/vincentians.com\/en\/\",\"name\":\"We are Vincentians\",\"description\":\"Know more to serve more\",\"publisher\":{\"@id\":\"https:\/\/vincentians.com\/en\/#organization\"},\"potentialAction\":[{\"@type\":\"SearchAction\",\"target\":{\"@type\":\"EntryPoint\",\"urlTemplate\":\"https:\/\/vincentians.com\/en\/?s={search_term_string}\"},\"query-input\":{\"@type\":\"PropertyValueSpecification\",\"valueRequired\":true,\"valueName\":\"search_term_string\"}}],\"inLanguage\":\"en-US\"},{\"@type\":\"Organization\",\"@id\":\"https:\/\/vincentians.com\/en\/#organization\",\"name\":\"The Vincentian Network\",\"url\":\"https:\/\/vincentians.com\/en\/\",\"logo\":{\"@type\":\"ImageObject\",\"inLanguage\":\"en-US\",\"@id\":\"https:\/\/vincentians.com\/en\/#\/schema\/logo\/image\/\",\"url\":\"https:\/\/i1.wp.com\/vincentians.com\/en\/wp-content\/uploads\/sites\/2\/2016\/06\/Vincentian-Network-logo-big.png?fit=778%2C778&ssl=1\",\"contentUrl\":\"https:\/\/i1.wp.com\/vincentians.com\/en\/wp-content\/uploads\/sites\/2\/2016\/06\/Vincentian-Network-logo-big.png?fit=778%2C778&ssl=1\",\"width\":778,\"height\":778,\"caption\":\"The Vincentian Network\"},\"image\":{\"@id\":\"https:\/\/vincentians.com\/en\/#\/schema\/logo\/image\/\"},\"sameAs\":[\"https:\/\/www.facebook.com\/WeAreVincentians\/\",\"https:\/\/x.com\/WeVincentians\"]},{\"@type\":\"Person\",\"@id\":\"https:\/\/vincentians.com\/en\/#\/schema\/person\/9623ef4d9aa3b2dfb8c061f1499288f2\",\"name\":\"Francisco Javier Fern\u00e1ndez Chento\",\"image\":{\"@type\":\"ImageObject\",\"inLanguage\":\"en-US\",\"@id\":\"https:\/\/vincentians.com\/en\/#\/schema\/person\/image\/\",\"url\":\"https:\/\/secure.gravatar.com\/avatar\/497d5cde87b4c3d097d0315953521681ba2cd523ee66e5077c3711f7021e65de?s=96&d=mm&r=g\",\"contentUrl\":\"https:\/\/secure.gravatar.com\/avatar\/497d5cde87b4c3d097d0315953521681ba2cd523ee66e5077c3711f7021e65de?s=96&d=mm&r=g\",\"caption\":\"Francisco Javier Fern\u00e1ndez Chento\"},\"description\":\"Director General y cofundador de La Red de Formaci\u00f3n Vicenciana. Javier es laico vicenciano, afiliado a la Congregaci\u00f3n de la Misi\u00f3n y miembro del Equipo de Misiones Populares de la provincia can\u00f3nica de Zaragoza (Espa\u00f1a) de la Congregaci\u00f3n de la Misi\u00f3n. Graduado en la Universidad Oberta de Catalunya con cuatro grados (Asistente de direcci\u00f3n, Gesti\u00f3n Administrativa, Recursos Humanos y Contabilidad Avanzada). Bil\u00edng\u00fce Espa\u00f1ol\/Ingl\u00e9s. gestiona y mantiene varias p\u00e1ginas web cristianas y vicencianas, incluida including La Red de Formaci\u00f3n Vicenciana, de la que es cofundador. Actualmente es responsable del \u00e1rea de Espa\u00f1ol de .famvin, la Red de Noticias de la Familia Vicenciana. Tambi\u00e9n es m\u00fasico cat\u00f3lico y ha editado varios discos. Es Director General y cofundador de Trovador, una reconocida compa\u00f1\u00eda discogr\u00e1fica critiana de Espa\u00f1a. Trabaja en las Tecnolog\u00edas de la Informaci\u00f3n, ofreciendo servicios de alojamiento, dise\u00f1o y mantenimiento Web, as\u00ed como asesoramiento, formaci\u00f3n y soluciones inform\u00e1ticas, gesti\u00f3n documental y digitalizaci\u00f3n de textos, edici\u00f3n y maquetaci\u00f3n de libros, revistas, flyers, etc.\",\"sameAs\":[\"http:\/\/chento.org\",\"https:\/\/www.facebook.com\/JavierChento\",\"https:\/\/x.com\/https:\/\/twitter.com\/javierchento\"],\"url\":\"http:\/\/vincentians.com\/en\/author\/chento\/\"}]}<\/script>\n<!-- \/ Yoast SEO plugin. -->","yoast_head_json":{"title":"Saint Vincent De Paul 1600-1614, A Psycho-spiritual Study - We are Vincentians","robots":{"index":"index","follow":"follow","max-snippet":"max-snippet:-1","max-image-preview":"max-image-preview:large","max-video-preview":"max-video-preview:-1"},"canonical":"http:\/\/vincentians.com\/en\/saint-vincent-de-paul-1600-1614-a-psycho-spiritual-study\/","og_locale":"en_US","og_type":"article","og_title":"Saint Vincent De Paul 1600-1614, A Psycho-spiritual Study - We are Vincentians","og_description":"Introduction In this study we will look at Vincent\u2019s life from his ordination in 1600 to the time he vowed to serve the poor in 1614. For the sake of clarity we will divide these ... Read More","og_url":"http:\/\/vincentians.com\/en\/saint-vincent-de-paul-1600-1614-a-psycho-spiritual-study\/","og_site_name":"We are Vincentians","article_publisher":"https:\/\/www.facebook.com\/WeAreVincentians\/","article_author":"https:\/\/www.facebook.com\/JavierChento","article_published_time":"2015-05-16T05:12:30+00:00","article_modified_time":"2016-07-10T07:10:40+00:00","og_image":[{"width":1200,"height":630,"url":"https:\/\/i0.wp.com\/vincentians.com\/en\/wp-content\/uploads\/sites\/2\/2016\/01\/vincent-de-paul.jpg?fit=1200%2C630","type":"image\/jpeg"}],"author":"Francisco Javier Fern\u00e1ndez Chento","twitter_card":"summary_large_image","twitter_creator":"@https:\/\/twitter.com\/javierchento","twitter_site":"@WeVincentians","twitter_misc":{"Written by":"Francisco Javier Fern\u00e1ndez Chento","Est. reading time":"15 minutes"},"schema":{"@context":"https:\/\/schema.org","@graph":[{"@type":"Article","@id":"http:\/\/vincentians.com\/en\/saint-vincent-de-paul-1600-1614-a-psycho-spiritual-study\/#article","isPartOf":{"@id":"http:\/\/vincentians.com\/en\/saint-vincent-de-paul-1600-1614-a-psycho-spiritual-study\/"},"author":{"name":"Francisco Javier Fern\u00e1ndez Chento","@id":"https:\/\/vincentians.com\/en\/#\/schema\/person\/9623ef4d9aa3b2dfb8c061f1499288f2"},"headline":"Saint Vincent De Paul 1600-1614, A Psycho-spiritual Study","datePublished":"2015-05-16T05:12:30+00:00","dateModified":"2016-07-10T07:10:40+00:00","mainEntityOfPage":{"@id":"http:\/\/vincentians.com\/en\/saint-vincent-de-paul-1600-1614-a-psycho-spiritual-study\/"},"wordCount":3090,"commentCount":0,"publisher":{"@id":"https:\/\/vincentians.com\/en\/#organization"},"image":{"@id":"http:\/\/vincentians.com\/en\/saint-vincent-de-paul-1600-1614-a-psycho-spiritual-study\/#primaryimage"},"thumbnailUrl":"https:\/\/i0.wp.com\/vincentians.com\/en\/wp-content\/uploads\/sites\/2\/2016\/01\/vincent-de-paul.jpg?fit=1200%2C630","articleSection":["Vincent de Paul"],"inLanguage":"en-US","potentialAction":[{"@type":"CommentAction","name":"Comment","target":["http:\/\/vincentians.com\/en\/saint-vincent-de-paul-1600-1614-a-psycho-spiritual-study\/#respond"]}]},{"@type":"WebPage","@id":"http:\/\/vincentians.com\/en\/saint-vincent-de-paul-1600-1614-a-psycho-spiritual-study\/","url":"http:\/\/vincentians.com\/en\/saint-vincent-de-paul-1600-1614-a-psycho-spiritual-study\/","name":"Saint Vincent De Paul 1600-1614, A Psycho-spiritual Study - We are Vincentians","isPartOf":{"@id":"https:\/\/vincentians.com\/en\/#website"},"primaryImageOfPage":{"@id":"http:\/\/vincentians.com\/en\/saint-vincent-de-paul-1600-1614-a-psycho-spiritual-study\/#primaryimage"},"image":{"@id":"http:\/\/vincentians.com\/en\/saint-vincent-de-paul-1600-1614-a-psycho-spiritual-study\/#primaryimage"},"thumbnailUrl":"https:\/\/i0.wp.com\/vincentians.com\/en\/wp-content\/uploads\/sites\/2\/2016\/01\/vincent-de-paul.jpg?fit=1200%2C630","datePublished":"2015-05-16T05:12:30+00:00","dateModified":"2016-07-10T07:10:40+00:00","breadcrumb":{"@id":"http:\/\/vincentians.com\/en\/saint-vincent-de-paul-1600-1614-a-psycho-spiritual-study\/#breadcrumb"},"inLanguage":"en-US","potentialAction":[{"@type":"ReadAction","target":["http:\/\/vincentians.com\/en\/saint-vincent-de-paul-1600-1614-a-psycho-spiritual-study\/"]}]},{"@type":"ImageObject","inLanguage":"en-US","@id":"http:\/\/vincentians.com\/en\/saint-vincent-de-paul-1600-1614-a-psycho-spiritual-study\/#primaryimage","url":"https:\/\/i0.wp.com\/vincentians.com\/en\/wp-content\/uploads\/sites\/2\/2016\/01\/vincent-de-paul.jpg?fit=1200%2C630","contentUrl":"https:\/\/i0.wp.com\/vincentians.com\/en\/wp-content\/uploads\/sites\/2\/2016\/01\/vincent-de-paul.jpg?fit=1200%2C630","width":1200,"height":630},{"@type":"BreadcrumbList","@id":"http:\/\/vincentians.com\/en\/saint-vincent-de-paul-1600-1614-a-psycho-spiritual-study\/#breadcrumb","itemListElement":[{"@type":"ListItem","position":1,"name":"Portada","item":"https:\/\/vincentians.com\/en\/"},{"@type":"ListItem","position":2,"name":"Saint Vincent De Paul 1600-1614, A Psycho-spiritual Study"}]},{"@type":"WebSite","@id":"https:\/\/vincentians.com\/en\/#website","url":"https:\/\/vincentians.com\/en\/","name":"We are Vincentians","description":"Know more to serve more","publisher":{"@id":"https:\/\/vincentians.com\/en\/#organization"},"potentialAction":[{"@type":"SearchAction","target":{"@type":"EntryPoint","urlTemplate":"https:\/\/vincentians.com\/en\/?s={search_term_string}"},"query-input":{"@type":"PropertyValueSpecification","valueRequired":true,"valueName":"search_term_string"}}],"inLanguage":"en-US"},{"@type":"Organization","@id":"https:\/\/vincentians.com\/en\/#organization","name":"The Vincentian Network","url":"https:\/\/vincentians.com\/en\/","logo":{"@type":"ImageObject","inLanguage":"en-US","@id":"https:\/\/vincentians.com\/en\/#\/schema\/logo\/image\/","url":"https:\/\/i1.wp.com\/vincentians.com\/en\/wp-content\/uploads\/sites\/2\/2016\/06\/Vincentian-Network-logo-big.png?fit=778%2C778&ssl=1","contentUrl":"https:\/\/i1.wp.com\/vincentians.com\/en\/wp-content\/uploads\/sites\/2\/2016\/06\/Vincentian-Network-logo-big.png?fit=778%2C778&ssl=1","width":778,"height":778,"caption":"The Vincentian Network"},"image":{"@id":"https:\/\/vincentians.com\/en\/#\/schema\/logo\/image\/"},"sameAs":["https:\/\/www.facebook.com\/WeAreVincentians\/","https:\/\/x.com\/WeVincentians"]},{"@type":"Person","@id":"https:\/\/vincentians.com\/en\/#\/schema\/person\/9623ef4d9aa3b2dfb8c061f1499288f2","name":"Francisco Javier Fern\u00e1ndez Chento","image":{"@type":"ImageObject","inLanguage":"en-US","@id":"https:\/\/vincentians.com\/en\/#\/schema\/person\/image\/","url":"https:\/\/secure.gravatar.com\/avatar\/497d5cde87b4c3d097d0315953521681ba2cd523ee66e5077c3711f7021e65de?s=96&d=mm&r=g","contentUrl":"https:\/\/secure.gravatar.com\/avatar\/497d5cde87b4c3d097d0315953521681ba2cd523ee66e5077c3711f7021e65de?s=96&d=mm&r=g","caption":"Francisco Javier Fern\u00e1ndez Chento"},"description":"Director General y cofundador de La Red de Formaci\u00f3n Vicenciana. Javier es laico vicenciano, afiliado a la Congregaci\u00f3n de la Misi\u00f3n y miembro del Equipo de Misiones Populares de la provincia can\u00f3nica de Zaragoza (Espa\u00f1a) de la Congregaci\u00f3n de la Misi\u00f3n. Graduado en la Universidad Oberta de Catalunya con cuatro grados (Asistente de direcci\u00f3n, Gesti\u00f3n Administrativa, Recursos Humanos y Contabilidad Avanzada). Bil\u00edng\u00fce Espa\u00f1ol\/Ingl\u00e9s. gestiona y mantiene varias p\u00e1ginas web cristianas y vicencianas, incluida including La Red de Formaci\u00f3n Vicenciana, de la que es cofundador. Actualmente es responsable del \u00e1rea de Espa\u00f1ol de .famvin, la Red de Noticias de la Familia Vicenciana. Tambi\u00e9n es m\u00fasico cat\u00f3lico y ha editado varios discos. Es Director General y cofundador de Trovador, una reconocida compa\u00f1\u00eda discogr\u00e1fica critiana de Espa\u00f1a. Trabaja en las Tecnolog\u00edas de la Informaci\u00f3n, ofreciendo servicios de alojamiento, dise\u00f1o y mantenimiento Web, as\u00ed como asesoramiento, formaci\u00f3n y soluciones inform\u00e1ticas, gesti\u00f3n documental y digitalizaci\u00f3n de textos, edici\u00f3n y maquetaci\u00f3n de libros, revistas, flyers, etc.","sameAs":["http:\/\/chento.org","https:\/\/www.facebook.com\/JavierChento","https:\/\/x.com\/https:\/\/twitter.com\/javierchento"],"url":"http:\/\/vincentians.com\/en\/author\/chento\/"}]}},"jetpack_publicize_connections":[],"jetpack_featured_media_url":"https:\/\/i0.wp.com\/vincentians.com\/en\/wp-content\/uploads\/sites\/2\/2016\/01\/vincent-de-paul.jpg?fit=1200%2C630","jetpack_sharing_enabled":true,"jetpack_shortlink":"https:\/\/wp.me\/p7K2Ow-rOd","jetpack-related-posts":[{"id":52361,"url":"http:\/\/vincentians.com\/en\/the-founders-historical-context-chronology-of-events\/","url_meta":{"origin":106901,"position":0},"title":"The founders&#8217; historical context: chronology of events","author":"Francisco Javier Fern\u00e1ndez Chento","date":"January 20, 2016","format":false,"excerpt":"SAINT VINCENT POLITICS RELIGION ARTS & LITERATURE 1581 Birth of SVP in Pouy (Landes) Birth of Saint-Cyran Montaigne, Essays 1582 Death of Saint Teresa of Avila 1585 Death of Gregory XIII and election of Sixtus V, Birth of Francois Bourgoing 1588 General situation in Blois, Assassination of the Duke de\u2026","rel":"","context":"In &quot;At the time of Vincent de Paul&quot;","block_context":{"text":"At the time of Vincent de Paul","link":"http:\/\/vincentians.com\/en\/category\/history-of-the-vincentian-family\/at-the-time-of-vincent-de-paul\/"},"img":{"alt_text":"","src":"https:\/\/i0.wp.com\/vincentians.com\/en\/wp-content\/uploads\/sites\/2\/2016\/01\/vincent-louise.jpg?fit=1200%2C630&resize=350%2C200","width":350,"height":200,"srcset":"https:\/\/i0.wp.com\/vincentians.com\/en\/wp-content\/uploads\/sites\/2\/2016\/01\/vincent-louise.jpg?fit=1200%2C630&resize=350%2C200 1x, https:\/\/i0.wp.com\/vincentians.com\/en\/wp-content\/uploads\/sites\/2\/2016\/01\/vincent-louise.jpg?fit=1200%2C630&resize=525%2C300 1.5x, https:\/\/i0.wp.com\/vincentians.com\/en\/wp-content\/uploads\/sites\/2\/2016\/01\/vincent-louise.jpg?fit=1200%2C630&resize=700%2C400 2x, https:\/\/i0.wp.com\/vincentians.com\/en\/wp-content\/uploads\/sites\/2\/2016\/01\/vincent-louise.jpg?fit=1200%2C630&resize=1050%2C600 3x"},"classes":[]},{"id":109180,"url":"http:\/\/vincentians.com\/en\/saint-vincent-paul-biography-03-plans-and-setbacks\/","url_meta":{"origin":106901,"position":1},"title":"Saint Vincent de Paul, a biography 03 &#8211; Plans and setbacks","author":"Francisco Javier Fern\u00e1ndez Chento","date":"December 23, 2016","format":false,"excerpt":"Part two: The years of pilgrimage and apprenticeship (1600 \u2011 1617) Chapter III: Plans and setbacks The first project No sooner is Vincent ordained than it seems he achieved the objective he had so much set his heart on: an ecclesiastical benefice. He was to devise many schemes between the\u2026","rel":"","context":"In &quot;Vincent de Paul&quot;","block_context":{"text":"Vincent de Paul","link":"http:\/\/vincentians.com\/en\/category\/the-vincentian-family\/founders\/vincent-de-paul\/"},"img":{"alt_text":"","src":"https:\/\/i0.wp.com\/vincentians.com\/en\/wp-content\/uploads\/sites\/2\/2016\/07\/Saint-Vincent-de-Paul-a-biography.jpg?fit=1200%2C630&resize=350%2C200","width":350,"height":200,"srcset":"https:\/\/i0.wp.com\/vincentians.com\/en\/wp-content\/uploads\/sites\/2\/2016\/07\/Saint-Vincent-de-Paul-a-biography.jpg?fit=1200%2C630&resize=350%2C200 1x, https:\/\/i0.wp.com\/vincentians.com\/en\/wp-content\/uploads\/sites\/2\/2016\/07\/Saint-Vincent-de-Paul-a-biography.jpg?fit=1200%2C630&resize=525%2C300 1.5x, https:\/\/i0.wp.com\/vincentians.com\/en\/wp-content\/uploads\/sites\/2\/2016\/07\/Saint-Vincent-de-Paul-a-biography.jpg?fit=1200%2C630&resize=700%2C400 2x, https:\/\/i0.wp.com\/vincentians.com\/en\/wp-content\/uploads\/sites\/2\/2016\/07\/Saint-Vincent-de-Paul-a-biography.jpg?fit=1200%2C630&resize=1050%2C600 3x"},"classes":[]},{"id":58837,"url":"http:\/\/vincentians.com\/en\/saint-vincent-de-paul-1595-1617\/","url_meta":{"origin":106901,"position":2},"title":"Saint Vincent De Paul, 1595-1617","author":"Francisco Javier Fern\u00e1ndez Chento","date":"December 24, 2012","format":false,"excerpt":"The purpose of this paper is to survey the formative years of Saint Vincent de Paul, with special emphasis on his growth in sanc\u00adtity. It will be presented in three parts. The first deals with his life from the time that he left his childhood home in the village of\u2026","rel":"","context":"In &quot;Vincent de Paul&quot;","block_context":{"text":"Vincent de Paul","link":"http:\/\/vincentians.com\/en\/category\/the-vincentian-family\/founders\/vincent-de-paul\/"},"img":{"alt_text":"","src":"https:\/\/i0.wp.com\/vincentians.com\/en\/wp-content\/uploads\/sites\/2\/2016\/07\/st-vincent-de-paul.jpg?fit=1200%2C630&resize=350%2C200","width":350,"height":200,"srcset":"https:\/\/i0.wp.com\/vincentians.com\/en\/wp-content\/uploads\/sites\/2\/2016\/07\/st-vincent-de-paul.jpg?fit=1200%2C630&resize=350%2C200 1x, https:\/\/i0.wp.com\/vincentians.com\/en\/wp-content\/uploads\/sites\/2\/2016\/07\/st-vincent-de-paul.jpg?fit=1200%2C630&resize=525%2C300 1.5x, https:\/\/i0.wp.com\/vincentians.com\/en\/wp-content\/uploads\/sites\/2\/2016\/07\/st-vincent-de-paul.jpg?fit=1200%2C630&resize=700%2C400 2x, https:\/\/i0.wp.com\/vincentians.com\/en\/wp-content\/uploads\/sites\/2\/2016\/07\/st-vincent-de-paul.jpg?fit=1200%2C630&resize=1050%2C600 3x"},"classes":[]},{"id":109178,"url":"http:\/\/vincentians.com\/en\/saint-vincent-paul-biography-00-introduction\/","url_meta":{"origin":106901,"position":3},"title":"Saint Vincent de Paul, a biography 00 &#8211; Introduction","author":"Francisco Javier Fern\u00e1ndez Chento","date":"December 20, 2016","format":false,"excerpt":"Foreword Forests and mists will always present a challenge to man's curiosity. It has been said of St. Vincent de Paul that his works encircle him like a forest and his humility envelops him like a mist. Father Jos\u00e9 Mar\u00eda Rom\u00e1n valiantly guides us through that forest and mist. His\u2026","rel":"","context":"In &quot;Vincent de Paul&quot;","block_context":{"text":"Vincent de Paul","link":"http:\/\/vincentians.com\/en\/category\/the-vincentian-family\/founders\/vincent-de-paul\/"},"img":{"alt_text":"","src":"https:\/\/i0.wp.com\/vincentians.com\/en\/wp-content\/uploads\/sites\/2\/2016\/07\/Saint-Vincent-de-Paul-a-biography.jpg?fit=1200%2C630&resize=350%2C200","width":350,"height":200,"srcset":"https:\/\/i0.wp.com\/vincentians.com\/en\/wp-content\/uploads\/sites\/2\/2016\/07\/Saint-Vincent-de-Paul-a-biography.jpg?fit=1200%2C630&resize=350%2C200 1x, https:\/\/i0.wp.com\/vincentians.com\/en\/wp-content\/uploads\/sites\/2\/2016\/07\/Saint-Vincent-de-Paul-a-biography.jpg?fit=1200%2C630&resize=525%2C300 1.5x, https:\/\/i0.wp.com\/vincentians.com\/en\/wp-content\/uploads\/sites\/2\/2016\/07\/Saint-Vincent-de-Paul-a-biography.jpg?fit=1200%2C630&resize=700%2C400 2x, https:\/\/i0.wp.com\/vincentians.com\/en\/wp-content\/uploads\/sites\/2\/2016\/07\/Saint-Vincent-de-Paul-a-biography.jpg?fit=1200%2C630&resize=1050%2C600 3x"},"classes":[]},{"id":98234,"url":"http:\/\/vincentians.com\/en\/the-major-studies-on-vincent-de-paul\/","url_meta":{"origin":106901,"position":4},"title":"The Major Studies on Vincent de Paul","author":"Francisco Javier Fern\u00e1ndez Chento","date":"December 23, 2012","format":false,"excerpt":"There are two Vincent de Pauls who have come down to us: the Vincent of legend and the Vincent of history. The Vincent of legend is the Saint of popular piety. This is the Vincent with two chief virtues: humility and charity, whose works are reduced to three: the foundlings,\u2026","rel":"","context":"In &quot;Vincent de Paul&quot;","block_context":{"text":"Vincent de Paul","link":"http:\/\/vincentians.com\/en\/category\/the-vincentian-family\/founders\/vincent-de-paul\/"},"img":{"alt_text":"","src":"https:\/\/i0.wp.com\/vincentians.com\/en\/wp-content\/uploads\/sites\/2\/2012\/12\/vincent-de-paul-books.jpg?fit=1200%2C630&resize=350%2C200","width":350,"height":200,"srcset":"https:\/\/i0.wp.com\/vincentians.com\/en\/wp-content\/uploads\/sites\/2\/2012\/12\/vincent-de-paul-books.jpg?fit=1200%2C630&resize=350%2C200 1x, https:\/\/i0.wp.com\/vincentians.com\/en\/wp-content\/uploads\/sites\/2\/2012\/12\/vincent-de-paul-books.jpg?fit=1200%2C630&resize=525%2C300 1.5x, https:\/\/i0.wp.com\/vincentians.com\/en\/wp-content\/uploads\/sites\/2\/2012\/12\/vincent-de-paul-books.jpg?fit=1200%2C630&resize=700%2C400 2x, https:\/\/i0.wp.com\/vincentians.com\/en\/wp-content\/uploads\/sites\/2\/2012\/12\/vincent-de-paul-books.jpg?fit=1200%2C630&resize=1050%2C600 3x"},"classes":[]},{"id":107322,"url":"http:\/\/vincentians.com\/en\/ephemerides-may-13th\/","url_meta":{"origin":106901,"position":5},"title":"Ephemerides: May, 13th","author":"Francisco Javier Fern\u00e1ndez Chento","date":"May 13, 2017","format":false,"excerpt":"1622: The bishop of Soissons, Charles de Macqueville, at the request of Mrs. de Gondi, authorized the establishment of Confraternities of Charity in the villages of the barony of Montmirail, approved the settlement of these associations, delegated Vincent de Paul to make the establishment, and his own movement, granting indulgences\u2026","rel":"","context":"In &quot;Vincentian ephemerides&quot;","block_context":{"text":"Vincentian ephemerides","link":"http:\/\/vincentians.com\/en\/category\/history-of-the-vincentian-family\/vincentian-ephemerides\/"},"img":{"alt_text":"","src":"https:\/\/i0.wp.com\/vincentians.com\/en\/wp-content\/uploads\/sites\/2\/2016\/07\/ephemerides-fb.jpg?fit=1200%2C630&resize=350%2C200","width":350,"height":200,"srcset":"https:\/\/i0.wp.com\/vincentians.com\/en\/wp-content\/uploads\/sites\/2\/2016\/07\/ephemerides-fb.jpg?fit=1200%2C630&resize=350%2C200 1x, https:\/\/i0.wp.com\/vincentians.com\/en\/wp-content\/uploads\/sites\/2\/2016\/07\/ephemerides-fb.jpg?fit=1200%2C630&resize=525%2C300 1.5x, https:\/\/i0.wp.com\/vincentians.com\/en\/wp-content\/uploads\/sites\/2\/2016\/07\/ephemerides-fb.jpg?fit=1200%2C630&resize=700%2C400 2x, https:\/\/i0.wp.com\/vincentians.com\/en\/wp-content\/uploads\/sites\/2\/2016\/07\/ephemerides-fb.jpg?fit=1200%2C630&resize=1050%2C600 3x"},"classes":[]}],"_links":{"self":[{"href":"http:\/\/vincentians.com\/en\/wp-json\/wp\/v2\/posts\/106901","targetHints":{"allow":["GET"]}}],"collection":[{"href":"http:\/\/vincentians.com\/en\/wp-json\/wp\/v2\/posts"}],"about":[{"href":"http:\/\/vincentians.com\/en\/wp-json\/wp\/v2\/types\/post"}],"author":[{"embeddable":true,"href":"http:\/\/vincentians.com\/en\/wp-json\/wp\/v2\/users\/4"}],"replies":[{"embeddable":true,"href":"http:\/\/vincentians.com\/en\/wp-json\/wp\/v2\/comments?post=106901"}],"version-history":[{"count":0,"href":"http:\/\/vincentians.com\/en\/wp-json\/wp\/v2\/posts\/106901\/revisions"}],"wp:featuredmedia":[{"embeddable":true,"href":"http:\/\/vincentians.com\/en\/wp-json\/wp\/v2\/media\/149156"}],"wp:attachment":[{"href":"http:\/\/vincentians.com\/en\/wp-json\/wp\/v2\/media?parent=106901"}],"wp:term":[{"taxonomy":"category","embeddable":true,"href":"http:\/\/vincentians.com\/en\/wp-json\/wp\/v2\/categories?post=106901"},{"taxonomy":"post_tag","embeddable":true,"href":"http:\/\/vincentians.com\/en\/wp-json\/wp\/v2\/tags?post=106901"}],"curies":[{"name":"wp","href":"https:\/\/api.w.org\/{rel}","templated":true}]}}