{"id":106839,"date":"2013-11-19T08:28:33","date_gmt":"2013-11-19T07:28:33","guid":{"rendered":"http:\/\/vincentians.com\/?p=106839"},"modified":"2016-06-23T09:08:17","modified_gmt":"2016-06-23T09:08:17","slug":"louise-de-marillac-a-portrait-part-i-the-mystery-of-her-ancestry-and-youth-1","status":"publish","type":"post","link":"http:\/\/vincentians.com\/en\/louise-de-marillac-a-portrait-part-i-the-mystery-of-her-ancestry-and-youth-1\/","title":{"rendered":"Louise de Marillac, a portrait. Part I: The mystery of her ancestry and youth (1)"},"content":{"rendered":"<h2>Part I: The mystery of her ancestry and youth<\/h2>\n<h3>Marillac family origins<\/h3>\n<p>IT is HARD today to appreciate the role played by the great families of France in the seventeenth century; they stood between the nobility on the one hand, and the rising bourgeoisie on the other, a group of powerful old families, holding in their hands the effective <i>administrative <\/i>power of the country. They formed the lesser nobility and the judicial class, the <i>noblesse de robe, <\/i>many of them holding large estates by right of inheritance. They were the members of the <i>parlements, <\/i>the holders of the key military posts, of the bishoprics, the abbeys, the embassies, the titles and offices of the magistrature, and positions in the central government.<\/p>\n<p>In 159o, when Louise de Marillac was born, these families were still the real strength of the nation, the active and influential core of French society. The Marillacs were long\u00adstanding and important members of this class. They came originally from the region of Mauriac, in Le Cantal, that cold and rugged part of Auvergne which is as hard as the rock of its river beds. In the thirteenth century they were already making themselves felt. A fifteenth-century head of the house, Guillaume de Marillac, definitely brought the family to the front ranks. Two of his children acquired fame. Charles, a diplomat, was ambassador at Constantinople, in London, and in the Low Countries, and later Archbishop of Vienna. Guillaume, who was always known as &#8216;Guillaume II&#8217;, to distinguish him from his father, became eminent as a financer. By 1569 he had risen to be controller general to the king.<\/p>\n<p>This &#8216;Guillaume II&#8217; married twice, in 156o and 1571. By his first wife, Renee Alligret, he had eight children, among them Louis de Marillac, seigneur de Ferrieres, the father of our Louise, and Michel who rose to be Keeper of the Seals and eventually Chancellor of France, the first gentleman of the realm after the King. By his second wife, Genevieve de Bois-Leveque, Guillaume had four sons. One of these, Louis, comte de Beaumont, entered the army and eventually became marshal of France. A daughter by this second marriage, Valence, married Doni d&#8217;Attichy, Superintendent of Finances to Queen Marie de Medici<span id='easy-footnote-1-106839' class='easy-footnote-margin-adjust'><\/span><span class='easy-footnote'><a href='http:\/\/vincentians.com\/en\/louise-de-marillac-a-portrait-part-i-the-mystery-of-her-ancestry-and-youth-1\/#easy-footnote-bottom-1-106839' title='See Appendix for fuller details of the careers of these members of the Marillac family.'><sup>1<\/sup><\/a><\/span>\n<p>In this torrent of great names, we tend to overlook Louis, lord of Ferrieres and Farinvilliers, eldest son of Guillaume II. He was to some extent eclipsed by his brothers, and quite outdistanced by the brilliant marriage of his half-sister. Yet he was as handsome as any of them and had as good a head, though something of a fop and ladies&#8217; man. By profession he was a soldier, a captain of the guard in the royal household. He died young, at forty-eight years of age, leaving no mark on history save that he was the father of Louise.<\/p>\n<p>Thus Louise de Marillac was born of a sturdy line, and came from a family of high ambition which was nourished by the noblest of alliances and the finest of natural gifts and graces. She was destined to play a far-reaching role in the religious and social history of her country, and to achieve happiness for herself. But in her youth, and for long after, she was bowed down by the weight of a mysterious dispensa\u00adtion of providence.<\/p>\n","protected":false},"excerpt":{"rendered":"<p>Part I: The mystery of her ancestry and youth Marillac family origins IT is HARD today to appreciate the role played by the great families of France in the seventeenth century; they stood between the &#8230; <a href=\"http:\/\/vincentians.com\/en\/louise-de-marillac-a-portrait-part-i-the-mystery-of-her-ancestry-and-youth-1\/\" class=\"more-link\">Read More<\/a><\/p>\n","protected":false},"author":4,"featured_media":149291,"comment_status":"open","ping_status":"open","sticky":false,"template":"","format":"standard","meta":{"jetpack_post_was_ever_published":false,"_jetpack_newsletter_access":"","_jetpack_dont_email_post_to_subs":false,"_jetpack_newsletter_tier_id":0,"_jetpack_memberships_contains_paywalled_content":false,"_jetpack_memberships_contains_paid_content":false,"footnotes":"","jetpack_publicize_message":"","jetpack_publicize_feature_enabled":true,"jetpack_social_post_already_shared":false,"jetpack_social_options":{"image_generator_settings":{"template":"highway","default_image_id":0,"font":"","enabled":false},"version":2}},"categories":[18],"tags":[],"class_list":["post-106839","post","type-post","status-publish","format-standard","has-post-thumbnail","hentry","category-louise-de-marillac"],"yoast_head":"<!-- This site is optimized with the Yoast SEO plugin v26.3 - https:\/\/yoast.com\/wordpress\/plugins\/seo\/ -->\n<title>Louise de Marillac, a portrait. Part I: The mystery of her ancestry and youth (1) - We are Vincentians<\/title>\n<meta name=\"robots\" content=\"index, follow, max-snippet:-1, max-image-preview:large, max-video-preview:-1\" \/>\n<link rel=\"canonical\" href=\"https:\/\/vincentians.com\/en\/louise-de-marillac-a-portrait-part-i-the-mystery-of-her-ancestry-and-youth-1\/\" \/>\n<meta property=\"og:locale\" content=\"en_US\" \/>\n<meta property=\"og:type\" content=\"article\" \/>\n<meta property=\"og:title\" content=\"Louise de Marillac, a portrait. Part I: The mystery of her ancestry and youth (1) - We are Vincentians\" \/>\n<meta property=\"og:description\" content=\"Part I: The mystery of her ancestry and youth Marillac family origins IT is HARD today to appreciate the role played by the great families of France in the seventeenth century; they stood between the ... Read More\" \/>\n<meta property=\"og:url\" content=\"https:\/\/vincentians.com\/en\/louise-de-marillac-a-portrait-part-i-the-mystery-of-her-ancestry-and-youth-1\/\" \/>\n<meta property=\"og:site_name\" content=\"We are Vincentians\" \/>\n<meta property=\"article:publisher\" content=\"https:\/\/www.facebook.com\/WeAreVincentians\/\" \/>\n<meta property=\"article:author\" content=\"https:\/\/www.facebook.com\/JavierChento\" \/>\n<meta property=\"article:published_time\" content=\"2013-11-19T07:28:33+00:00\" \/>\n<meta property=\"article:modified_time\" content=\"2016-06-23T09:08:17+00:00\" \/>\n<meta property=\"og:image\" content=\"https:\/\/i0.wp.com\/vincentians.com\/en\/wp-content\/uploads\/sites\/2\/2016\/07\/louise-de-marillac2.jpg?fit=1200%2C630&ssl=1\" \/>\n\t<meta property=\"og:image:width\" content=\"1200\" \/>\n\t<meta property=\"og:image:height\" content=\"630\" \/>\n\t<meta property=\"og:image:type\" content=\"image\/jpeg\" \/>\n<meta name=\"author\" content=\"Francisco Javier Fern\u00e1ndez Chento\" \/>\n<meta name=\"twitter:card\" content=\"summary_large_image\" \/>\n<meta name=\"twitter:creator\" content=\"@https:\/\/twitter.com\/javierchento\" \/>\n<meta name=\"twitter:site\" content=\"@WeVincentians\" \/>\n<meta name=\"twitter:label1\" content=\"Written by\" \/>\n\t<meta name=\"twitter:data1\" content=\"Francisco Javier Fern\u00e1ndez Chento\" \/>\n\t<meta name=\"twitter:label2\" content=\"Est. reading time\" \/>\n\t<meta name=\"twitter:data2\" content=\"3 minutes\" \/>\n<script type=\"application\/ld+json\" class=\"yoast-schema-graph\">{\"@context\":\"https:\/\/schema.org\",\"@graph\":[{\"@type\":\"Article\",\"@id\":\"https:\/\/vincentians.com\/en\/louise-de-marillac-a-portrait-part-i-the-mystery-of-her-ancestry-and-youth-1\/#article\",\"isPartOf\":{\"@id\":\"https:\/\/vincentians.com\/en\/louise-de-marillac-a-portrait-part-i-the-mystery-of-her-ancestry-and-youth-1\/\"},\"author\":{\"name\":\"Francisco Javier Fern\u00e1ndez Chento\",\"@id\":\"https:\/\/vincentians.com\/en\/#\/schema\/person\/9623ef4d9aa3b2dfb8c061f1499288f2\"},\"headline\":\"Louise de Marillac, a portrait. Part I: The mystery of her ancestry and youth (1)\",\"datePublished\":\"2013-11-19T07:28:33+00:00\",\"dateModified\":\"2016-06-23T09:08:17+00:00\",\"mainEntityOfPage\":{\"@id\":\"https:\/\/vincentians.com\/en\/louise-de-marillac-a-portrait-part-i-the-mystery-of-her-ancestry-and-youth-1\/\"},\"wordCount\":578,\"commentCount\":0,\"publisher\":{\"@id\":\"https:\/\/vincentians.com\/en\/#organization\"},\"image\":{\"@id\":\"https:\/\/vincentians.com\/en\/louise-de-marillac-a-portrait-part-i-the-mystery-of-her-ancestry-and-youth-1\/#primaryimage\"},\"thumbnailUrl\":\"https:\/\/i0.wp.com\/vincentians.com\/en\/wp-content\/uploads\/sites\/2\/2016\/07\/louise-de-marillac2.jpg?fit=1200%2C630\",\"articleSection\":[\"Louise de Marillac\"],\"inLanguage\":\"en-US\",\"potentialAction\":[{\"@type\":\"CommentAction\",\"name\":\"Comment\",\"target\":[\"https:\/\/vincentians.com\/en\/louise-de-marillac-a-portrait-part-i-the-mystery-of-her-ancestry-and-youth-1\/#respond\"]}]},{\"@type\":\"WebPage\",\"@id\":\"https:\/\/vincentians.com\/en\/louise-de-marillac-a-portrait-part-i-the-mystery-of-her-ancestry-and-youth-1\/\",\"url\":\"https:\/\/vincentians.com\/en\/louise-de-marillac-a-portrait-part-i-the-mystery-of-her-ancestry-and-youth-1\/\",\"name\":\"Louise de Marillac, a portrait. Part I: The mystery of her ancestry and youth (1) - We are Vincentians\",\"isPartOf\":{\"@id\":\"https:\/\/vincentians.com\/en\/#website\"},\"primaryImageOfPage\":{\"@id\":\"https:\/\/vincentians.com\/en\/louise-de-marillac-a-portrait-part-i-the-mystery-of-her-ancestry-and-youth-1\/#primaryimage\"},\"image\":{\"@id\":\"https:\/\/vincentians.com\/en\/louise-de-marillac-a-portrait-part-i-the-mystery-of-her-ancestry-and-youth-1\/#primaryimage\"},\"thumbnailUrl\":\"https:\/\/i0.wp.com\/vincentians.com\/en\/wp-content\/uploads\/sites\/2\/2016\/07\/louise-de-marillac2.jpg?fit=1200%2C630\",\"datePublished\":\"2013-11-19T07:28:33+00:00\",\"dateModified\":\"2016-06-23T09:08:17+00:00\",\"breadcrumb\":{\"@id\":\"https:\/\/vincentians.com\/en\/louise-de-marillac-a-portrait-part-i-the-mystery-of-her-ancestry-and-youth-1\/#breadcrumb\"},\"inLanguage\":\"en-US\",\"potentialAction\":[{\"@type\":\"ReadAction\",\"target\":[\"https:\/\/vincentians.com\/en\/louise-de-marillac-a-portrait-part-i-the-mystery-of-her-ancestry-and-youth-1\/\"]}]},{\"@type\":\"ImageObject\",\"inLanguage\":\"en-US\",\"@id\":\"https:\/\/vincentians.com\/en\/louise-de-marillac-a-portrait-part-i-the-mystery-of-her-ancestry-and-youth-1\/#primaryimage\",\"url\":\"https:\/\/i0.wp.com\/vincentians.com\/en\/wp-content\/uploads\/sites\/2\/2016\/07\/louise-de-marillac2.jpg?fit=1200%2C630\",\"contentUrl\":\"https:\/\/i0.wp.com\/vincentians.com\/en\/wp-content\/uploads\/sites\/2\/2016\/07\/louise-de-marillac2.jpg?fit=1200%2C630\",\"width\":1200,\"height\":630},{\"@type\":\"BreadcrumbList\",\"@id\":\"https:\/\/vincentians.com\/en\/louise-de-marillac-a-portrait-part-i-the-mystery-of-her-ancestry-and-youth-1\/#breadcrumb\",\"itemListElement\":[{\"@type\":\"ListItem\",\"position\":1,\"name\":\"Portada\",\"item\":\"https:\/\/vincentians.com\/en\/\"},{\"@type\":\"ListItem\",\"position\":2,\"name\":\"Louise de Marillac, a portrait. Part I: The mystery of her ancestry and youth (1)\"}]},{\"@type\":\"WebSite\",\"@id\":\"https:\/\/vincentians.com\/en\/#website\",\"url\":\"https:\/\/vincentians.com\/en\/\",\"name\":\"We are Vincentians\",\"description\":\"Know more to serve more\",\"publisher\":{\"@id\":\"https:\/\/vincentians.com\/en\/#organization\"},\"potentialAction\":[{\"@type\":\"SearchAction\",\"target\":{\"@type\":\"EntryPoint\",\"urlTemplate\":\"https:\/\/vincentians.com\/en\/?s={search_term_string}\"},\"query-input\":{\"@type\":\"PropertyValueSpecification\",\"valueRequired\":true,\"valueName\":\"search_term_string\"}}],\"inLanguage\":\"en-US\"},{\"@type\":\"Organization\",\"@id\":\"https:\/\/vincentians.com\/en\/#organization\",\"name\":\"The Vincentian Network\",\"url\":\"https:\/\/vincentians.com\/en\/\",\"logo\":{\"@type\":\"ImageObject\",\"inLanguage\":\"en-US\",\"@id\":\"https:\/\/vincentians.com\/en\/#\/schema\/logo\/image\/\",\"url\":\"https:\/\/i1.wp.com\/vincentians.com\/en\/wp-content\/uploads\/sites\/2\/2016\/06\/Vincentian-Network-logo-big.png?fit=778%2C778&ssl=1\",\"contentUrl\":\"https:\/\/i1.wp.com\/vincentians.com\/en\/wp-content\/uploads\/sites\/2\/2016\/06\/Vincentian-Network-logo-big.png?fit=778%2C778&ssl=1\",\"width\":778,\"height\":778,\"caption\":\"The Vincentian Network\"},\"image\":{\"@id\":\"https:\/\/vincentians.com\/en\/#\/schema\/logo\/image\/\"},\"sameAs\":[\"https:\/\/www.facebook.com\/WeAreVincentians\/\",\"https:\/\/x.com\/WeVincentians\"]},{\"@type\":\"Person\",\"@id\":\"https:\/\/vincentians.com\/en\/#\/schema\/person\/9623ef4d9aa3b2dfb8c061f1499288f2\",\"name\":\"Francisco Javier Fern\u00e1ndez Chento\",\"image\":{\"@type\":\"ImageObject\",\"inLanguage\":\"en-US\",\"@id\":\"https:\/\/vincentians.com\/en\/#\/schema\/person\/image\/\",\"url\":\"https:\/\/secure.gravatar.com\/avatar\/497d5cde87b4c3d097d0315953521681ba2cd523ee66e5077c3711f7021e65de?s=96&d=mm&r=g\",\"contentUrl\":\"https:\/\/secure.gravatar.com\/avatar\/497d5cde87b4c3d097d0315953521681ba2cd523ee66e5077c3711f7021e65de?s=96&d=mm&r=g\",\"caption\":\"Francisco Javier Fern\u00e1ndez Chento\"},\"description\":\"Director General y cofundador de La Red de Formaci\u00f3n Vicenciana. Javier es laico vicenciano, afiliado a la Congregaci\u00f3n de la Misi\u00f3n y miembro del Equipo de Misiones Populares de la provincia can\u00f3nica de Zaragoza (Espa\u00f1a) de la Congregaci\u00f3n de la Misi\u00f3n. Graduado en la Universidad Oberta de Catalunya con cuatro grados (Asistente de direcci\u00f3n, Gesti\u00f3n Administrativa, Recursos Humanos y Contabilidad Avanzada). Bil\u00edng\u00fce Espa\u00f1ol\/Ingl\u00e9s. gestiona y mantiene varias p\u00e1ginas web cristianas y vicencianas, incluida including La Red de Formaci\u00f3n Vicenciana, de la que es cofundador. Actualmente es responsable del \u00e1rea de Espa\u00f1ol de .famvin, la Red de Noticias de la Familia Vicenciana. Tambi\u00e9n es m\u00fasico cat\u00f3lico y ha editado varios discos. Es Director General y cofundador de Trovador, una reconocida compa\u00f1\u00eda discogr\u00e1fica critiana de Espa\u00f1a. Trabaja en las Tecnolog\u00edas de la Informaci\u00f3n, ofreciendo servicios de alojamiento, dise\u00f1o y mantenimiento Web, as\u00ed como asesoramiento, formaci\u00f3n y soluciones inform\u00e1ticas, gesti\u00f3n documental y digitalizaci\u00f3n de textos, edici\u00f3n y maquetaci\u00f3n de libros, revistas, flyers, etc.\",\"sameAs\":[\"http:\/\/chento.org\",\"https:\/\/www.facebook.com\/JavierChento\",\"https:\/\/x.com\/https:\/\/twitter.com\/javierchento\"],\"url\":\"http:\/\/vincentians.com\/en\/author\/chento\/\"}]}<\/script>\n<!-- \/ Yoast SEO plugin. -->","yoast_head_json":{"title":"Louise de Marillac, a portrait. Part I: The mystery of her ancestry and youth (1) - We are Vincentians","robots":{"index":"index","follow":"follow","max-snippet":"max-snippet:-1","max-image-preview":"max-image-preview:large","max-video-preview":"max-video-preview:-1"},"canonical":"https:\/\/vincentians.com\/en\/louise-de-marillac-a-portrait-part-i-the-mystery-of-her-ancestry-and-youth-1\/","og_locale":"en_US","og_type":"article","og_title":"Louise de Marillac, a portrait. Part I: The mystery of her ancestry and youth (1) - We are Vincentians","og_description":"Part I: The mystery of her ancestry and youth Marillac family origins IT is HARD today to appreciate the role played by the great families of France in the seventeenth century; they stood between the ... Read More","og_url":"https:\/\/vincentians.com\/en\/louise-de-marillac-a-portrait-part-i-the-mystery-of-her-ancestry-and-youth-1\/","og_site_name":"We are Vincentians","article_publisher":"https:\/\/www.facebook.com\/WeAreVincentians\/","article_author":"https:\/\/www.facebook.com\/JavierChento","article_published_time":"2013-11-19T07:28:33+00:00","article_modified_time":"2016-06-23T09:08:17+00:00","og_image":[{"width":1200,"height":630,"url":"https:\/\/i0.wp.com\/vincentians.com\/en\/wp-content\/uploads\/sites\/2\/2016\/07\/louise-de-marillac2.jpg?fit=1200%2C630&ssl=1","type":"image\/jpeg"}],"author":"Francisco Javier Fern\u00e1ndez Chento","twitter_card":"summary_large_image","twitter_creator":"@https:\/\/twitter.com\/javierchento","twitter_site":"@WeVincentians","twitter_misc":{"Written by":"Francisco Javier Fern\u00e1ndez Chento","Est. reading time":"3 minutes"},"schema":{"@context":"https:\/\/schema.org","@graph":[{"@type":"Article","@id":"https:\/\/vincentians.com\/en\/louise-de-marillac-a-portrait-part-i-the-mystery-of-her-ancestry-and-youth-1\/#article","isPartOf":{"@id":"https:\/\/vincentians.com\/en\/louise-de-marillac-a-portrait-part-i-the-mystery-of-her-ancestry-and-youth-1\/"},"author":{"name":"Francisco Javier Fern\u00e1ndez Chento","@id":"https:\/\/vincentians.com\/en\/#\/schema\/person\/9623ef4d9aa3b2dfb8c061f1499288f2"},"headline":"Louise de Marillac, a portrait. Part I: The mystery of her ancestry and youth (1)","datePublished":"2013-11-19T07:28:33+00:00","dateModified":"2016-06-23T09:08:17+00:00","mainEntityOfPage":{"@id":"https:\/\/vincentians.com\/en\/louise-de-marillac-a-portrait-part-i-the-mystery-of-her-ancestry-and-youth-1\/"},"wordCount":578,"commentCount":0,"publisher":{"@id":"https:\/\/vincentians.com\/en\/#organization"},"image":{"@id":"https:\/\/vincentians.com\/en\/louise-de-marillac-a-portrait-part-i-the-mystery-of-her-ancestry-and-youth-1\/#primaryimage"},"thumbnailUrl":"https:\/\/i0.wp.com\/vincentians.com\/en\/wp-content\/uploads\/sites\/2\/2016\/07\/louise-de-marillac2.jpg?fit=1200%2C630","articleSection":["Louise de Marillac"],"inLanguage":"en-US","potentialAction":[{"@type":"CommentAction","name":"Comment","target":["https:\/\/vincentians.com\/en\/louise-de-marillac-a-portrait-part-i-the-mystery-of-her-ancestry-and-youth-1\/#respond"]}]},{"@type":"WebPage","@id":"https:\/\/vincentians.com\/en\/louise-de-marillac-a-portrait-part-i-the-mystery-of-her-ancestry-and-youth-1\/","url":"https:\/\/vincentians.com\/en\/louise-de-marillac-a-portrait-part-i-the-mystery-of-her-ancestry-and-youth-1\/","name":"Louise de Marillac, a portrait. Part I: The mystery of her ancestry and youth (1) - We are Vincentians","isPartOf":{"@id":"https:\/\/vincentians.com\/en\/#website"},"primaryImageOfPage":{"@id":"https:\/\/vincentians.com\/en\/louise-de-marillac-a-portrait-part-i-the-mystery-of-her-ancestry-and-youth-1\/#primaryimage"},"image":{"@id":"https:\/\/vincentians.com\/en\/louise-de-marillac-a-portrait-part-i-the-mystery-of-her-ancestry-and-youth-1\/#primaryimage"},"thumbnailUrl":"https:\/\/i0.wp.com\/vincentians.com\/en\/wp-content\/uploads\/sites\/2\/2016\/07\/louise-de-marillac2.jpg?fit=1200%2C630","datePublished":"2013-11-19T07:28:33+00:00","dateModified":"2016-06-23T09:08:17+00:00","breadcrumb":{"@id":"https:\/\/vincentians.com\/en\/louise-de-marillac-a-portrait-part-i-the-mystery-of-her-ancestry-and-youth-1\/#breadcrumb"},"inLanguage":"en-US","potentialAction":[{"@type":"ReadAction","target":["https:\/\/vincentians.com\/en\/louise-de-marillac-a-portrait-part-i-the-mystery-of-her-ancestry-and-youth-1\/"]}]},{"@type":"ImageObject","inLanguage":"en-US","@id":"https:\/\/vincentians.com\/en\/louise-de-marillac-a-portrait-part-i-the-mystery-of-her-ancestry-and-youth-1\/#primaryimage","url":"https:\/\/i0.wp.com\/vincentians.com\/en\/wp-content\/uploads\/sites\/2\/2016\/07\/louise-de-marillac2.jpg?fit=1200%2C630","contentUrl":"https:\/\/i0.wp.com\/vincentians.com\/en\/wp-content\/uploads\/sites\/2\/2016\/07\/louise-de-marillac2.jpg?fit=1200%2C630","width":1200,"height":630},{"@type":"BreadcrumbList","@id":"https:\/\/vincentians.com\/en\/louise-de-marillac-a-portrait-part-i-the-mystery-of-her-ancestry-and-youth-1\/#breadcrumb","itemListElement":[{"@type":"ListItem","position":1,"name":"Portada","item":"https:\/\/vincentians.com\/en\/"},{"@type":"ListItem","position":2,"name":"Louise de Marillac, a portrait. Part I: The mystery of her ancestry and youth (1)"}]},{"@type":"WebSite","@id":"https:\/\/vincentians.com\/en\/#website","url":"https:\/\/vincentians.com\/en\/","name":"We are Vincentians","description":"Know more to serve more","publisher":{"@id":"https:\/\/vincentians.com\/en\/#organization"},"potentialAction":[{"@type":"SearchAction","target":{"@type":"EntryPoint","urlTemplate":"https:\/\/vincentians.com\/en\/?s={search_term_string}"},"query-input":{"@type":"PropertyValueSpecification","valueRequired":true,"valueName":"search_term_string"}}],"inLanguage":"en-US"},{"@type":"Organization","@id":"https:\/\/vincentians.com\/en\/#organization","name":"The Vincentian Network","url":"https:\/\/vincentians.com\/en\/","logo":{"@type":"ImageObject","inLanguage":"en-US","@id":"https:\/\/vincentians.com\/en\/#\/schema\/logo\/image\/","url":"https:\/\/i1.wp.com\/vincentians.com\/en\/wp-content\/uploads\/sites\/2\/2016\/06\/Vincentian-Network-logo-big.png?fit=778%2C778&ssl=1","contentUrl":"https:\/\/i1.wp.com\/vincentians.com\/en\/wp-content\/uploads\/sites\/2\/2016\/06\/Vincentian-Network-logo-big.png?fit=778%2C778&ssl=1","width":778,"height":778,"caption":"The Vincentian Network"},"image":{"@id":"https:\/\/vincentians.com\/en\/#\/schema\/logo\/image\/"},"sameAs":["https:\/\/www.facebook.com\/WeAreVincentians\/","https:\/\/x.com\/WeVincentians"]},{"@type":"Person","@id":"https:\/\/vincentians.com\/en\/#\/schema\/person\/9623ef4d9aa3b2dfb8c061f1499288f2","name":"Francisco Javier Fern\u00e1ndez Chento","image":{"@type":"ImageObject","inLanguage":"en-US","@id":"https:\/\/vincentians.com\/en\/#\/schema\/person\/image\/","url":"https:\/\/secure.gravatar.com\/avatar\/497d5cde87b4c3d097d0315953521681ba2cd523ee66e5077c3711f7021e65de?s=96&d=mm&r=g","contentUrl":"https:\/\/secure.gravatar.com\/avatar\/497d5cde87b4c3d097d0315953521681ba2cd523ee66e5077c3711f7021e65de?s=96&d=mm&r=g","caption":"Francisco Javier Fern\u00e1ndez Chento"},"description":"Director General y cofundador de La Red de Formaci\u00f3n Vicenciana. Javier es laico vicenciano, afiliado a la Congregaci\u00f3n de la Misi\u00f3n y miembro del Equipo de Misiones Populares de la provincia can\u00f3nica de Zaragoza (Espa\u00f1a) de la Congregaci\u00f3n de la Misi\u00f3n. Graduado en la Universidad Oberta de Catalunya con cuatro grados (Asistente de direcci\u00f3n, Gesti\u00f3n Administrativa, Recursos Humanos y Contabilidad Avanzada). Bil\u00edng\u00fce Espa\u00f1ol\/Ingl\u00e9s. gestiona y mantiene varias p\u00e1ginas web cristianas y vicencianas, incluida including La Red de Formaci\u00f3n Vicenciana, de la que es cofundador. Actualmente es responsable del \u00e1rea de Espa\u00f1ol de .famvin, la Red de Noticias de la Familia Vicenciana. Tambi\u00e9n es m\u00fasico cat\u00f3lico y ha editado varios discos. Es Director General y cofundador de Trovador, una reconocida compa\u00f1\u00eda discogr\u00e1fica critiana de Espa\u00f1a. Trabaja en las Tecnolog\u00edas de la Informaci\u00f3n, ofreciendo servicios de alojamiento, dise\u00f1o y mantenimiento Web, as\u00ed como asesoramiento, formaci\u00f3n y soluciones inform\u00e1ticas, gesti\u00f3n documental y digitalizaci\u00f3n de textos, edici\u00f3n y maquetaci\u00f3n de libros, revistas, flyers, etc.","sameAs":["http:\/\/chento.org","https:\/\/www.facebook.com\/JavierChento","https:\/\/x.com\/https:\/\/twitter.com\/javierchento"],"url":"http:\/\/vincentians.com\/en\/author\/chento\/"}]}},"jetpack_publicize_connections":[],"jetpack_featured_media_url":"https:\/\/i0.wp.com\/vincentians.com\/en\/wp-content\/uploads\/sites\/2\/2016\/07\/louise-de-marillac2.jpg?fit=1200%2C630","jetpack_sharing_enabled":true,"jetpack_shortlink":"https:\/\/wp.me\/p7K2Ow-rNd","jetpack-related-posts":[{"id":106857,"url":"http:\/\/vincentians.com\/en\/louise-de-marillac-a-portrait-part-i-the-mystery-of-her-ancestry-and-youth-4\/","url_meta":{"origin":106839,"position":0},"title":"Louise de Marillac, a portrait. Part I: The mystery of her ancestry and youth (4)","author":"Francisco Javier Fern\u00e1ndez Chento","date":"November 22, 2013","format":false,"excerpt":"A great marriage of convenience FOR Valence de Marillac and Catherine de' Medici, wife of Louis de Marillac, it was no very difficult matter to find somewhere about the Court a young man with a future, who would make a suitable husband for Louise. Choice was made of Antoine Le\u2026","rel":"","context":"In &quot;Louise de Marillac&quot;","block_context":{"text":"Louise de Marillac","link":"http:\/\/vincentians.com\/en\/category\/the-vincentian-family\/founders\/louise-de-marillac\/"},"img":{"alt_text":"","src":"https:\/\/i0.wp.com\/vincentians.com\/en\/wp-content\/uploads\/sites\/2\/2016\/07\/louise-de-marillac2.jpg?fit=1200%2C630&resize=350%2C200","width":350,"height":200,"srcset":"https:\/\/i0.wp.com\/vincentians.com\/en\/wp-content\/uploads\/sites\/2\/2016\/07\/louise-de-marillac2.jpg?fit=1200%2C630&resize=350%2C200 1x, https:\/\/i0.wp.com\/vincentians.com\/en\/wp-content\/uploads\/sites\/2\/2016\/07\/louise-de-marillac2.jpg?fit=1200%2C630&resize=525%2C300 1.5x, https:\/\/i0.wp.com\/vincentians.com\/en\/wp-content\/uploads\/sites\/2\/2016\/07\/louise-de-marillac2.jpg?fit=1200%2C630&resize=700%2C400 2x, https:\/\/i0.wp.com\/vincentians.com\/en\/wp-content\/uploads\/sites\/2\/2016\/07\/louise-de-marillac2.jpg?fit=1200%2C630&resize=1050%2C600 3x"},"classes":[]},{"id":37783,"url":"http:\/\/vincentians.com\/en\/life-of-saint-louise-de-marillac-1-a-stormy-childhood\/","url_meta":{"origin":106839,"position":1},"title":"Life Of Saint Louise De Marillac. 1: A stormy childhood","author":"Francisco Javier Fern\u00e1ndez Chento","date":"August 8, 2016","format":false,"excerpt":"Introduction: History speaks admirably about the great saint of charity. His prominence and importance has endured to the present century. Do we not say that those who incarnate the virtue of charity in the midst of the forgotten members of society and in the midst of those who die alone\u2026","rel":"","context":"In &quot;Louise de Marillac&quot;","block_context":{"text":"Louise de Marillac","link":"http:\/\/vincentians.com\/en\/category\/the-vincentian-family\/founders\/louise-de-marillac\/"},"img":{"alt_text":"","src":"https:\/\/i0.wp.com\/vincentians.com\/en\/wp-content\/uploads\/sites\/2\/2016\/07\/louise-de-marillac.jpg?fit=1200%2C630&resize=350%2C200","width":350,"height":200,"srcset":"https:\/\/i0.wp.com\/vincentians.com\/en\/wp-content\/uploads\/sites\/2\/2016\/07\/louise-de-marillac.jpg?fit=1200%2C630&resize=350%2C200 1x, https:\/\/i0.wp.com\/vincentians.com\/en\/wp-content\/uploads\/sites\/2\/2016\/07\/louise-de-marillac.jpg?fit=1200%2C630&resize=525%2C300 1.5x, https:\/\/i0.wp.com\/vincentians.com\/en\/wp-content\/uploads\/sites\/2\/2016\/07\/louise-de-marillac.jpg?fit=1200%2C630&resize=700%2C400 2x, https:\/\/i0.wp.com\/vincentians.com\/en\/wp-content\/uploads\/sites\/2\/2016\/07\/louise-de-marillac.jpg?fit=1200%2C630&resize=1050%2C600 3x"},"classes":[]},{"id":106851,"url":"http:\/\/vincentians.com\/en\/louise-de-marillac-a-portrait-part-i-the-mystery-of-her-ancestry-and-youth-2\/","url_meta":{"origin":106839,"position":2},"title":"Louise de Marillac, a portrait. Part I: The mystery of her ancestry and youth (2)","author":"Francisco Javier Fern\u00e1ndez Chento","date":"November 20, 2013","format":false,"excerpt":"The mystery of her birth THE FACTS are as follows: Louis de Marillac, lord of Ferrieres en Brie and later also of Farinvilliers, spent his youth in the army and carried out with competence the commissions with which he was entrusted. In 1584, he married Marie de la Roziere, a\u2026","rel":"","context":"In &quot;Louise de Marillac&quot;","block_context":{"text":"Louise de Marillac","link":"http:\/\/vincentians.com\/en\/category\/the-vincentian-family\/founders\/louise-de-marillac\/"},"img":{"alt_text":"","src":"https:\/\/i0.wp.com\/vincentians.com\/en\/wp-content\/uploads\/sites\/2\/2016\/07\/louise-de-marillac2.jpg?fit=1200%2C630&resize=350%2C200","width":350,"height":200,"srcset":"https:\/\/i0.wp.com\/vincentians.com\/en\/wp-content\/uploads\/sites\/2\/2016\/07\/louise-de-marillac2.jpg?fit=1200%2C630&resize=350%2C200 1x, https:\/\/i0.wp.com\/vincentians.com\/en\/wp-content\/uploads\/sites\/2\/2016\/07\/louise-de-marillac2.jpg?fit=1200%2C630&resize=525%2C300 1.5x, https:\/\/i0.wp.com\/vincentians.com\/en\/wp-content\/uploads\/sites\/2\/2016\/07\/louise-de-marillac2.jpg?fit=1200%2C630&resize=700%2C400 2x, https:\/\/i0.wp.com\/vincentians.com\/en\/wp-content\/uploads\/sites\/2\/2016\/07\/louise-de-marillac2.jpg?fit=1200%2C630&resize=1050%2C600 3x"},"classes":[]},{"id":47797,"url":"http:\/\/vincentians.com\/en\/saint-louise-de-marillacs-uncle-louis-xiiis-garde-des-sceaux-michel-de-marillac-1560-1632\/","url_meta":{"origin":106839,"position":3},"title":"Saint Louise de Marillac&#8217;s Uncle: Louis XIII&#8217;s Garde des Sceaux, Michel de Marillac (1560-1632)","author":"Francisco Javier Fern\u00e1ndez Chento","date":"January 15, 2016","format":false,"excerpt":"The name Louise de Marillac, writes Louise Sullivan, D.C., \u201chas largely remained hidden\u201d in the \u201cshadow\u201d of her famous mentor and colleague, Vincent de Paul. A similar shadow has, until recently, hidden the reputation of Saint Louise\u2019s uncle, Michel de Marillac (1560-1632), despite being arguably among the half-dozen most important\u2026","rel":"","context":"In &quot;At the time of Vincent de Paul&quot;","block_context":{"text":"At the time of Vincent de Paul","link":"http:\/\/vincentians.com\/en\/category\/history-of-the-vincentian-family\/at-the-time-of-vincent-de-paul\/"},"img":{"alt_text":"","src":"https:\/\/i0.wp.com\/vincentians.com\/en\/wp-content\/uploads\/sites\/2\/2016\/01\/michel-de-marillac-1.jpg?fit=1200%2C630&resize=350%2C200","width":350,"height":200,"srcset":"https:\/\/i0.wp.com\/vincentians.com\/en\/wp-content\/uploads\/sites\/2\/2016\/01\/michel-de-marillac-1.jpg?fit=1200%2C630&resize=350%2C200 1x, https:\/\/i0.wp.com\/vincentians.com\/en\/wp-content\/uploads\/sites\/2\/2016\/01\/michel-de-marillac-1.jpg?fit=1200%2C630&resize=525%2C300 1.5x, https:\/\/i0.wp.com\/vincentians.com\/en\/wp-content\/uploads\/sites\/2\/2016\/01\/michel-de-marillac-1.jpg?fit=1200%2C630&resize=700%2C400 2x, https:\/\/i0.wp.com\/vincentians.com\/en\/wp-content\/uploads\/sites\/2\/2016\/01\/michel-de-marillac-1.jpg?fit=1200%2C630&resize=1050%2C600 3x"},"classes":[]},{"id":149858,"url":"http:\/\/vincentians.com\/en\/new-in-the-library-spiritual-writings-of-louise-marillac\/","url_meta":{"origin":106839,"position":4},"title":"New in the Library: Spiritual Writings  of Louise De Marillac","author":"Francisco Javier Fern\u00e1ndez Chento","date":"July 8, 2016","format":false,"excerpt":"Spiritual writings of Louise de Marillac. Edited and translated from the original French edition Sainte Louise de Marillac: Ecrits Spirituels by Louise Sullivan, D.C. Brooklyn, New York: New City Press, 1991.","rel":"","context":"In &quot;Louise de Marillac&quot;","block_context":{"text":"Louise de Marillac","link":"http:\/\/vincentians.com\/en\/category\/the-vincentian-family\/founders\/louise-de-marillac\/"},"img":{"alt_text":"","src":"https:\/\/i0.wp.com\/vincentians.com\/en\/wp-content\/uploads\/sites\/2\/2016\/07\/the-vincentian-digital-library-2.jpg?fit=1200%2C630&resize=350%2C200","width":350,"height":200,"srcset":"https:\/\/i0.wp.com\/vincentians.com\/en\/wp-content\/uploads\/sites\/2\/2016\/07\/the-vincentian-digital-library-2.jpg?fit=1200%2C630&resize=350%2C200 1x, https:\/\/i0.wp.com\/vincentians.com\/en\/wp-content\/uploads\/sites\/2\/2016\/07\/the-vincentian-digital-library-2.jpg?fit=1200%2C630&resize=525%2C300 1.5x, https:\/\/i0.wp.com\/vincentians.com\/en\/wp-content\/uploads\/sites\/2\/2016\/07\/the-vincentian-digital-library-2.jpg?fit=1200%2C630&resize=700%2C400 2x, https:\/\/i0.wp.com\/vincentians.com\/en\/wp-content\/uploads\/sites\/2\/2016\/07\/the-vincentian-digital-library-2.jpg?fit=1200%2C630&resize=1050%2C600 3x"},"classes":[]},{"id":42028,"url":"http:\/\/vincentians.com\/en\/the-ecclesial-and-charitable-experience-of-saint-louise-de-marillac-yesterday-and-today\/","url_meta":{"origin":106839,"position":5},"title":"The Ecclesial and Charitable Experience of Saint Louise de Marillac, Yesterday and Today","author":"Francisco Javier Fern\u00e1ndez Chento","date":"July 7, 2016","format":false,"excerpt":"Introduction We are going to conclude this Congress with a reflection on Saint Louise de Marillac as a woman of the church. Her contemplation of the mystery of the church and the ecclesial reality of that era led her to become a woman who was guided by the Spirit and\u2026","rel":"","context":"In &quot;Louise de Marillac&quot;","block_context":{"text":"Louise de Marillac","link":"http:\/\/vincentians.com\/en\/category\/the-vincentian-family\/founders\/louise-de-marillac\/"},"img":{"alt_text":"","src":"https:\/\/i0.wp.com\/vincentians.com\/en\/wp-content\/uploads\/sites\/2\/2012\/12\/marillac-charitative-experience.jpg?fit=1200%2C630&resize=350%2C200","width":350,"height":200,"srcset":"https:\/\/i0.wp.com\/vincentians.com\/en\/wp-content\/uploads\/sites\/2\/2012\/12\/marillac-charitative-experience.jpg?fit=1200%2C630&resize=350%2C200 1x, https:\/\/i0.wp.com\/vincentians.com\/en\/wp-content\/uploads\/sites\/2\/2012\/12\/marillac-charitative-experience.jpg?fit=1200%2C630&resize=525%2C300 1.5x, https:\/\/i0.wp.com\/vincentians.com\/en\/wp-content\/uploads\/sites\/2\/2012\/12\/marillac-charitative-experience.jpg?fit=1200%2C630&resize=700%2C400 2x, https:\/\/i0.wp.com\/vincentians.com\/en\/wp-content\/uploads\/sites\/2\/2012\/12\/marillac-charitative-experience.jpg?fit=1200%2C630&resize=1050%2C600 3x"},"classes":[]}],"_links":{"self":[{"href":"http:\/\/vincentians.com\/en\/wp-json\/wp\/v2\/posts\/106839","targetHints":{"allow":["GET"]}}],"collection":[{"href":"http:\/\/vincentians.com\/en\/wp-json\/wp\/v2\/posts"}],"about":[{"href":"http:\/\/vincentians.com\/en\/wp-json\/wp\/v2\/types\/post"}],"author":[{"embeddable":true,"href":"http:\/\/vincentians.com\/en\/wp-json\/wp\/v2\/users\/4"}],"replies":[{"embeddable":true,"href":"http:\/\/vincentians.com\/en\/wp-json\/wp\/v2\/comments?post=106839"}],"version-history":[{"count":0,"href":"http:\/\/vincentians.com\/en\/wp-json\/wp\/v2\/posts\/106839\/revisions"}],"wp:featuredmedia":[{"embeddable":true,"href":"http:\/\/vincentians.com\/en\/wp-json\/wp\/v2\/media\/149291"}],"wp:attachment":[{"href":"http:\/\/vincentians.com\/en\/wp-json\/wp\/v2\/media?parent=106839"}],"wp:term":[{"taxonomy":"category","embeddable":true,"href":"http:\/\/vincentians.com\/en\/wp-json\/wp\/v2\/categories?post=106839"},{"taxonomy":"post_tag","embeddable":true,"href":"http:\/\/vincentians.com\/en\/wp-json\/wp\/v2\/tags?post=106839"}],"curies":[{"name":"wp","href":"https:\/\/api.w.org\/{rel}","templated":true}]}}