{"id":106803,"date":"2016-09-07T06:00:35","date_gmt":"2016-09-07T04:00:35","guid":{"rendered":"http:\/\/vincentians.com\/?p=106803"},"modified":"2016-07-13T18:20:50","modified_gmt":"2016-07-13T16:20:50","slug":"the-life-of-vincent-de-paul-abelly-book-ii-chapter-i-section-ii-part-viii","status":"publish","type":"post","link":"http:\/\/vincentians.com\/en\/the-life-of-vincent-de-paul-abelly-book-ii-chapter-i-section-ii-part-viii\/","title":{"rendered":"The Life of Vincent de Paul (Abelly): Book II, Chapter I, Section II, Part VIII"},"content":{"rendered":"<h2>PART EIGHT: Various Other Places in France<\/h2>\n<p>From the time when Monsieur Vincent had first sent his priests to work outside the diocese of Paris to most distant parts of the kingdom, a noted abbot wrote a letter of congratulations in 1627, on what he had observed.<\/p>\n<p style=\"padding-left: 30px;\">I have just returned from a long trip into four of the provinces where the good odor of your holy institution which works for the instruction and salvation of souls of the countryside has been noted. In truth, I believe that in the Church of God none is more edifying and praiseworthy among those who have received the character and the order of Jesus Christ than your priests. We must pray God to bestow his spirit of perseverance upon a work so advantageous to the good of souls, to which so few of those consecrated to the service of God give enough attention.<span id='easy-footnote-1-106803' class='easy-footnote-margin-adjust'><\/span><span class='easy-footnote'><a href='http:\/\/vincentians.com\/en\/the-life-of-vincent-de-paul-abelly-book-ii-chapter-i-section-ii-part-viii\/#easy-footnote-bottom-1-106803' title='&lt;i&gt;CED&lt;\/i&gt; I:35-36.'><sup>1<\/sup><\/a><\/span>\n<p>Monsieur Vincent sent two priests to the diocese of Montauban around 1630 to strengthen Catholics in their faith. Living among heretics, they ran the constant danger of falling into their errors. After two years of constant effort he recalled them. Although they had been sent mainly to work with the Catholics, God allowed them to convert twenty-four heretics while there.<\/p>\n<p>Several years later the late Bishop de Murviel of Montauban wrote to Monsieur Vincent about several sorcerers who had appeared in his diocese, and his difficulties in eradicating their influence.<span id='easy-footnote-2-106803' class='easy-footnote-margin-adjust'><\/span><span class='easy-footnote'><a href='http:\/\/vincentians.com\/en\/the-life-of-vincent-de-paul-abelly-book-ii-chapter-i-section-ii-part-viii\/#easy-footnote-bottom-2-106803' title='Anne de Murviel, bishop of Montauban. Richelieu had captured this city from the Huguenots and reestablished Catholicism. Murviel, who had been chased from his see, was also reestablished there. The following year he asked for missionaries to evangelize his diocese.'><sup>2<\/sup><\/a><\/span>\n<p style=\"padding-left: 30px;\">The priests of the Mission are most necessary in this diocese, for the places they formerly worked show no signs of either sorcerers or sorceresses. This shows what good the catechetical instructions and general confessions have brought about. They put the people in such a good state the devils can make no headway by their charms and spells, as they can with those sunk in ignorance and sin.<span id='easy-footnote-3-106803' class='easy-footnote-margin-adjust'><\/span><span class='easy-footnote'><a href='http:\/\/vincentians.com\/en\/the-life-of-vincent-de-paul-abelly-book-ii-chapter-i-section-ii-part-viii\/#easy-footnote-bottom-3-106803' title='&lt;i&gt;CED&lt;\/i&gt; II:429.'><sup>3<\/sup><\/a><\/span>\n<p>In 1634 Monsieur Vincent sent other missionaries to work in the diocese of Bordeaux. They wrote to tell him people came from far away to the mission with such devotion that many passed entire weeks living where the mission was being given, awaiting their turn to make their confession. Some fell to their knees and openly confessed their sins to receive absolution. Others said they would rather die than return home without making their general confession.<span id='easy-footnote-4-106803' class='easy-footnote-margin-adjust'><\/span><span class='easy-footnote'><a href='http:\/\/vincentians.com\/en\/the-life-of-vincent-de-paul-abelly-book-ii-chapter-i-section-ii-part-viii\/#easy-footnote-bottom-4-106803' title='&lt;i&gt;CED&lt;\/i&gt; I:289-90.'><sup>4<\/sup><\/a><\/span>\n<p>In 1638 several priests of the Mission were sent to work in the diocese of Lucon. Three years later one of them wrote to Monsieur Vincent about the mission they had given:<\/p>\n<p style=\"padding-left: 30px;\">It is hard to imagine how much our labors have been rewarded by the consolation sent by God to encourage us. These souls of Poitou, who seem hard as rocks, have caught the fire of devotion so ardently that it seems it will not be easily extinguished.<span id='easy-footnote-5-106803' class='easy-footnote-margin-adjust'><\/span><span class='easy-footnote'><a href='http:\/\/vincentians.com\/en\/the-life-of-vincent-de-paul-abelly-book-ii-chapter-i-section-ii-part-viii\/#easy-footnote-bottom-5-106803' title='&lt;i&gt;CED&lt;\/i&gt; II:168.'><sup>5<\/sup><\/a><\/span>\n<p>Another priest wrote in 1642 from the mission at Essarts, stating that seven heretics had been converted, and that wonderful changes had been brought about among the nobility and the officers of the law.<span id='easy-footnote-6-106803' class='easy-footnote-margin-adjust'><\/span><span class='easy-footnote'><a href='http:\/\/vincentians.com\/en\/the-life-of-vincent-de-paul-abelly-book-ii-chapter-i-section-ii-part-viii\/#easy-footnote-bottom-6-106803' title='&lt;i&gt;CED&lt;\/i&gt; II:266.'><sup>6<\/sup><\/a><\/span>\n<p>Still another priest wrote from the mission of Saint Gilles on the coast. He reported that dissensions and quarrels had been settled, hearts reconciled, difficult lawsuits ended, appropriate restitutions made when necessary, the poor aided, and the sick poor consoled and helped by the Confraternity of Charity. Catholics were strengthened in practicing the true religion.<span id='easy-footnote-7-106803' class='easy-footnote-margin-adjust'><\/span><span class='easy-footnote'><a href='http:\/\/vincentians.com\/en\/the-life-of-vincent-de-paul-abelly-book-ii-chapter-i-section-ii-part-viii\/#easy-footnote-bottom-7-106803' title='&lt;i&gt;CED&lt;\/i&gt; IV:108.'><sup>7<\/sup><\/a><\/span>\n<p>The late Bishop de Nivel of Lucon wrote to Monsieur Vincent in 1642 about the mission which the priests of his Company had presented in his diocese.<\/p>\n<p style=\"padding-left: 30px;\">If it shall please God to preserve the institute of the priests of the Mission in the Church for many years, we can expect much fruit from it. The diocese of Lucon in which, by your appointment, your priests have worked for the last three or four years, has received such blessing that I am infinitely grateful to Cardinal Richelieu for arranging to have them come, and to yourself for having sent them. Their superior, especially, has worked hard and earnestly. He has the gifts needed in his position, especially his zeal, to everyone&#8217;s admiration. His only fault is that he perhaps works too hard, if it be possible to be excessive in working to gain souls to God.<span id='easy-footnote-8-106803' class='easy-footnote-margin-adjust'><\/span><span class='easy-footnote'><a href='http:\/\/vincentians.com\/en\/the-life-of-vincent-de-paul-abelly-book-ii-chapter-i-section-ii-part-viii\/#easy-footnote-bottom-8-106803' title='&lt;i&gt;CED&lt;\/i&gt; II:244.'><sup>8<\/sup><\/a><\/span>\n<p>Other priests of the Mission went to the region of Angouleme in 1640. A noble woman there had wished to have them give a mission in the village of Saint Amand which belonged to her. She received the following letter from one of her officials:<\/p>\n<p style=\"padding-left: 30px;\">I imagine I could not begin my letter on a matter more agreeable to you than by telling you the happy success of the mission you arranged in your territory of Saint Amand. It was so blessed that not only your dependents but thirty or forty neighboring parishes shared in its marvelous fruits. The Minims and the Capuchins were no less zealous, and their example attracted a large part of the leading people of Angouleme. I assure you, Madame, that according to common report, the missionaries have never labored so successfully for the glory of God. They have converted five or six of the leading Huguenots of Montignac, and the Duc de la Rochefoucauld is so pleased he will ask Monsieur Vincent to arrange a mission next spring at Verteuil and at Marsillac. The lords, N. and N., who attended this mission were so touched that one decided to give up his paramour and the other has married the woman who was living with him.<\/p>\n<p>Monsieur Vincent sent other missionaries to the diocese in 1643, but we know no details of their work. Nevertheless it seemed so useful to Bishop du Perron of Angouleme that he wrote in January of the following year as follows:<span id='easy-footnote-9-106803' class='easy-footnote-margin-adjust'><\/span><span class='easy-footnote'><a href='http:\/\/vincentians.com\/en\/the-life-of-vincent-de-paul-abelly-book-ii-chapter-i-section-ii-part-viii\/#easy-footnote-bottom-9-106803' title='Jacques du Perron, the nephew of the cardinal of the same name.'><sup>9<\/sup><\/a><\/span>\n<p style=\"padding-left: 30px;\">Although I have already thanked you for sending your missionaries into this diocese, I felt I could not send off this letter to our little Conference without expressing, however feebly, my appreciation of the great fruit this diocese has received from your charitable hands.<span id='easy-footnote-10-106803' class='easy-footnote-margin-adjust'><\/span><span class='easy-footnote'><a href='http:\/\/vincentians.com\/en\/the-life-of-vincent-de-paul-abelly-book-ii-chapter-i-section-ii-part-viii\/#easy-footnote-bottom-10-106803' title='This was a conference of ecclesiastics, founded on the model of the Paris conference.'><sup>10<\/sup><\/a><\/span> My happiness will ever be incomplete, Monsieur, until that day when we shall have a permanent mission in this diocese, which needs it so much more than other places. When I learn that you can do us this favor, I shall do all in my power to find the means of making this establishment. I believe this will contribute much to the glory of God and will aid the Church in its mission for the salvation of souls. I know it is the sole motive you have in view in all your efforts.<span id='easy-footnote-11-106803' class='easy-footnote-margin-adjust'><\/span><span class='easy-footnote'><a href='http:\/\/vincentians.com\/en\/the-life-of-vincent-de-paul-abelly-book-ii-chapter-i-section-ii-part-viii\/#easy-footnote-bottom-11-106803' title='&lt;i&gt;CED&lt;\/i&gt; II:441-42.'><sup>11<\/sup><\/a><\/span>\n<p>This letter was followed two weeks later by another, written to Monsieur Vincent by a priest from Angouleme.<\/p>\n<p style=\"padding-left: 30px;\">I am just about to leave by horseback for Blansac, with the money you sent me for the needs of your missionaries who have been working there. Once again, please let me repeat my humble prayers in favor of this poor and desolate diocese. It begs you to send permanent workers to tend to its extreme spiritual needs. These can be remedied only if persons of an impartial charity and zeal such as your priests of Saint Lazare come to take charge. I know well, Monsieur, that the providence of God can use a thousand other means to help us, should it please him. Yet it seems clear enough that he has chosen you among these thousands to help the poor dioceses of this kingdom, but especially those that seem to be the most abandoned of all.<span id='easy-footnote-12-106803' class='easy-footnote-margin-adjust'><\/span><span class='easy-footnote'><a href='http:\/\/vincentians.com\/en\/the-life-of-vincent-de-paul-abelly-book-ii-chapter-i-section-ii-part-viii\/#easy-footnote-bottom-12-106803' title='&lt;i&gt;CED&lt;\/i&gt; II:443-44.'><sup>12<\/sup><\/a><\/span>\n<p>The late Archbishop de Montchal of Toulouse wrote to Monsieur Vincent in 1640:<\/p>\n<p style=\"padding-left: 30px;\">I cannot allow these two priests you sent to us to leave without thanking you, as I do with all my heart, for the great service they have rendered to God in my diocese. I cannot adequately express the pains they have taken, nor the fruits they have reaped for which I am especially grateful since they work in my stead. One of them learned the language of the region to the admiration of those who speak it, and has shown himself untiring in his labors. When they have recovered a bit I wish you would send them back, for I am thinking of establishing the ordination retreats, and I will need their help. All will work out for the glory of God if you will help us.<span id='easy-footnote-13-106803' class='easy-footnote-margin-adjust'><\/span><span class='easy-footnote'><a href='http:\/\/vincentians.com\/en\/the-life-of-vincent-de-paul-abelly-book-ii-chapter-i-section-ii-part-viii\/#easy-footnote-bottom-13-106803' title='&lt;i&gt;CED&lt;\/i&gt; II:88-89.'><sup>13<\/sup><\/a><\/span>\n<p>In 1648 the superior of the mission at Richelieu wrote to Monsieur Vincent to tell him three missionaries had given a pair of missions in Bas-Poitou. Among the graces God had given through their ministry, not the least was the conversion of twelve heretics.<span id='easy-footnote-14-106803' class='easy-footnote-margin-adjust'><\/span><span class='easy-footnote'><a href='http:\/\/vincentians.com\/en\/the-life-of-vincent-de-paul-abelly-book-ii-chapter-i-section-ii-part-viii\/#easy-footnote-bottom-14-106803' title='&lt;i&gt;CED&lt;\/i&gt; III:302.'><sup>14<\/sup><\/a><\/span>\n<p>It is proper to note an important consideration in the conversion of heretics, such as those we just mentioned, and in the great number of others effected from the time of the first missions of Monsieur Vincent until the present. Their conversion was not brought about in arguing with them, nor was it accomplished by helping them, finding them jobs, or by other temporal favors. By God&#8217;s special favor, the instruction and good example of the missionaries made them see Christian verities in their true light and attracted them to the Catholic religion. The appeal was the stronger the more removed it was from any mere human consideration.<\/p>\n<p>About this time, the same missionaries gave their services to the parish of Sache in the diocese of Tours. They wrote to tell Monsieur Vincent that, although only six hundred people lived in the parish, twelve hundred participated in the general communion. They told him the mission had produced many reconciliations, restitutions, true conversions, and other similar fruits. The pastor, his vicar, and five other priests had made their general confession. One of the richest men of the parish, a miser, was so touched by this that he told the preacher that in future he would distribute bread three times a week to any of the poor who would present themselves at his door.<span id='easy-footnote-15-106803' class='easy-footnote-margin-adjust'><\/span><span class='easy-footnote'><a href='http:\/\/vincentians.com\/en\/the-life-of-vincent-de-paul-abelly-book-ii-chapter-i-section-ii-part-viii\/#easy-footnote-bottom-15-106803' title='&lt;i&gt;CED&lt;\/i&gt; III:269.'><sup>15<\/sup><\/a><\/span>\n<p>After this mission another was given in the village of Villaine, in the same diocese. The same blessings seemed to be upon it also, in the number and devotion of the people, in the conversions of sinners, and in the reconciliations of enemies, thirteen or fourteen of which were significant. The general communion was made in an atmosphere of much feeling. At the procession of almost two thousand people, the eighty-eight-year-old pastor wept for joy at the sight of such graces given to those under his care. He had never seen such devotion in his church as he saw on that occasion.<\/p>\n<p>There was yet another mission in 1650 in this same diocese of Tours, in the parish of Cheilly. Besides the graces God ordinarily bestowed on the people, four or five notable reconciliations took place. One occurred between the pastor and one of the villagers who had insulted him. Another took place between the churchwardens who managed the goods of the parish the previous five years, and the one now in charge. This settlement was advantageous to the church, which was very poorly furnished. The third was between several officers of justice, who for five or six years had lived in great enmity. The fourth was between two noblemen over something or other. The fifth was between a landowner and his tenant over some accounts, much to the disadvantage of the worker.<\/p>\n<p>We omit mention of a great many other situations which occurred in various parts of the kingdom. If reported, they would be repetitious and besides would require several volumes to recount. The few we have given may serve as a sketch of how it pleased God to bestow his blessings on the work of Monsieur Vincent throughout the kingdom. I use the words &#8220;great blessings&#8221; advisedly, measuring them by what they cost Jesus Christ. He in turn taught us the way we should value the conversion of sinners and all that contributes to it. He said in his Gospel &#8220;that there will be great joy among the angels of heaven upon one sinner being converted, and doing penance upon earth.&#8221;<span id='easy-footnote-16-106803' class='easy-footnote-margin-adjust'><\/span><span class='easy-footnote'><a href='http:\/\/vincentians.com\/en\/the-life-of-vincent-de-paul-abelly-book-ii-chapter-i-section-ii-part-viii\/#easy-footnote-bottom-16-106803' title='Based on Luke 15:10.'><sup>16<\/sup><\/a><\/span> We can well believe these wise and enlightened spirits rejoice at what is truly worthwhile.<\/p>\n","protected":false},"excerpt":{"rendered":"<p>PART EIGHT: Various Other Places in France From the time when Monsieur Vincent had first sent his priests to work outside the diocese of Paris to most distant parts of the kingdom, a noted abbot &#8230; <a href=\"http:\/\/vincentians.com\/en\/the-life-of-vincent-de-paul-abelly-book-ii-chapter-i-section-ii-part-viii\/\" class=\"more-link\">Read More<\/a><\/p>\n","protected":false},"author":4,"featured_media":149583,"comment_status":"open","ping_status":"open","sticky":false,"template":"","format":"standard","meta":{"jetpack_post_was_ever_published":false,"_jetpack_newsletter_access":"","_jetpack_dont_email_post_to_subs":false,"_jetpack_newsletter_tier_id":0,"_jetpack_memberships_contains_paywalled_content":false,"_jetpack_memberships_contains_paid_content":false,"footnotes":"","jetpack_publicize_message":"","jetpack_publicize_feature_enabled":true,"jetpack_social_post_already_shared":true,"jetpack_social_options":{"image_generator_settings":{"template":"highway","default_image_id":0,"font":"","enabled":false},"version":2}},"categories":[5],"tags":[],"class_list":["post-106803","post","type-post","status-publish","format-standard","has-post-thumbnail","hentry","category-vincent-de-paul"],"yoast_head":"<!-- This site is optimized with the Yoast SEO plugin v26.3 - https:\/\/yoast.com\/wordpress\/plugins\/seo\/ -->\n<title>The Life of Vincent de Paul (Abelly): Book II, Chapter I, Section II, Part VIII - We are Vincentians<\/title>\n<meta name=\"robots\" content=\"index, follow, max-snippet:-1, max-image-preview:large, max-video-preview:-1\" \/>\n<link rel=\"canonical\" href=\"http:\/\/vincentians.com\/en\/the-life-of-vincent-de-paul-abelly-book-ii-chapter-i-section-ii-part-viii\/\" \/>\n<meta property=\"og:locale\" content=\"en_US\" \/>\n<meta property=\"og:type\" content=\"article\" \/>\n<meta property=\"og:title\" content=\"The Life of Vincent de Paul (Abelly): Book II, Chapter I, Section II, Part VIII - We are Vincentians\" \/>\n<meta property=\"og:description\" content=\"PART EIGHT: Various Other Places in France From the time when Monsieur Vincent had first sent his priests to work outside the diocese of Paris to most distant parts of the kingdom, a noted abbot ... Read More\" \/>\n<meta property=\"og:url\" content=\"http:\/\/vincentians.com\/en\/the-life-of-vincent-de-paul-abelly-book-ii-chapter-i-section-ii-part-viii\/\" \/>\n<meta property=\"og:site_name\" content=\"We are Vincentians\" \/>\n<meta property=\"article:publisher\" content=\"https:\/\/www.facebook.com\/WeAreVincentians\/\" \/>\n<meta property=\"article:author\" content=\"https:\/\/www.facebook.com\/JavierChento\" \/>\n<meta property=\"article:published_time\" content=\"2016-09-07T04:00:35+00:00\" \/>\n<meta property=\"og:image\" content=\"https:\/\/i0.wp.com\/vincentians.com\/en\/wp-content\/uploads\/sites\/2\/2016\/07\/abelly-feat.jpg?fit=1200%2C630\" \/>\n\t<meta property=\"og:image:width\" content=\"1200\" \/>\n\t<meta property=\"og:image:height\" content=\"630\" \/>\n\t<meta property=\"og:image:type\" content=\"image\/jpeg\" \/>\n<meta name=\"author\" content=\"Francisco Javier Fern\u00e1ndez Chento\" \/>\n<meta name=\"twitter:card\" content=\"summary_large_image\" \/>\n<meta name=\"twitter:creator\" content=\"@https:\/\/twitter.com\/javierchento\" \/>\n<meta name=\"twitter:site\" content=\"@WeVincentians\" \/>\n<meta name=\"twitter:label1\" content=\"Written by\" \/>\n\t<meta name=\"twitter:data1\" content=\"Francisco Javier Fern\u00e1ndez Chento\" \/>\n\t<meta name=\"twitter:label2\" content=\"Est. reading time\" \/>\n\t<meta name=\"twitter:data2\" content=\"11 minutes\" \/>\n<script type=\"application\/ld+json\" class=\"yoast-schema-graph\">{\"@context\":\"https:\/\/schema.org\",\"@graph\":[{\"@type\":\"Article\",\"@id\":\"http:\/\/vincentians.com\/en\/the-life-of-vincent-de-paul-abelly-book-ii-chapter-i-section-ii-part-viii\/#article\",\"isPartOf\":{\"@id\":\"http:\/\/vincentians.com\/en\/the-life-of-vincent-de-paul-abelly-book-ii-chapter-i-section-ii-part-viii\/\"},\"author\":{\"name\":\"Francisco Javier Fern\u00e1ndez Chento\",\"@id\":\"https:\/\/vincentians.com\/en\/#\/schema\/person\/9623ef4d9aa3b2dfb8c061f1499288f2\"},\"headline\":\"The Life of Vincent de Paul (Abelly): Book II, Chapter I, Section II, Part VIII\",\"datePublished\":\"2016-09-07T04:00:35+00:00\",\"mainEntityOfPage\":{\"@id\":\"http:\/\/vincentians.com\/en\/the-life-of-vincent-de-paul-abelly-book-ii-chapter-i-section-ii-part-viii\/\"},\"wordCount\":2149,\"commentCount\":0,\"publisher\":{\"@id\":\"https:\/\/vincentians.com\/en\/#organization\"},\"image\":{\"@id\":\"http:\/\/vincentians.com\/en\/the-life-of-vincent-de-paul-abelly-book-ii-chapter-i-section-ii-part-viii\/#primaryimage\"},\"thumbnailUrl\":\"https:\/\/i0.wp.com\/vincentians.com\/en\/wp-content\/uploads\/sites\/2\/2016\/07\/abelly-feat.jpg?fit=1200%2C630\",\"articleSection\":[\"Vincent de Paul\"],\"inLanguage\":\"en-US\",\"potentialAction\":[{\"@type\":\"CommentAction\",\"name\":\"Comment\",\"target\":[\"http:\/\/vincentians.com\/en\/the-life-of-vincent-de-paul-abelly-book-ii-chapter-i-section-ii-part-viii\/#respond\"]}]},{\"@type\":\"WebPage\",\"@id\":\"http:\/\/vincentians.com\/en\/the-life-of-vincent-de-paul-abelly-book-ii-chapter-i-section-ii-part-viii\/\",\"url\":\"http:\/\/vincentians.com\/en\/the-life-of-vincent-de-paul-abelly-book-ii-chapter-i-section-ii-part-viii\/\",\"name\":\"The Life of Vincent de Paul (Abelly): Book II, Chapter I, Section II, Part VIII - We are Vincentians\",\"isPartOf\":{\"@id\":\"https:\/\/vincentians.com\/en\/#website\"},\"primaryImageOfPage\":{\"@id\":\"http:\/\/vincentians.com\/en\/the-life-of-vincent-de-paul-abelly-book-ii-chapter-i-section-ii-part-viii\/#primaryimage\"},\"image\":{\"@id\":\"http:\/\/vincentians.com\/en\/the-life-of-vincent-de-paul-abelly-book-ii-chapter-i-section-ii-part-viii\/#primaryimage\"},\"thumbnailUrl\":\"https:\/\/i0.wp.com\/vincentians.com\/en\/wp-content\/uploads\/sites\/2\/2016\/07\/abelly-feat.jpg?fit=1200%2C630\",\"datePublished\":\"2016-09-07T04:00:35+00:00\",\"breadcrumb\":{\"@id\":\"http:\/\/vincentians.com\/en\/the-life-of-vincent-de-paul-abelly-book-ii-chapter-i-section-ii-part-viii\/#breadcrumb\"},\"inLanguage\":\"en-US\",\"potentialAction\":[{\"@type\":\"ReadAction\",\"target\":[\"http:\/\/vincentians.com\/en\/the-life-of-vincent-de-paul-abelly-book-ii-chapter-i-section-ii-part-viii\/\"]}]},{\"@type\":\"ImageObject\",\"inLanguage\":\"en-US\",\"@id\":\"http:\/\/vincentians.com\/en\/the-life-of-vincent-de-paul-abelly-book-ii-chapter-i-section-ii-part-viii\/#primaryimage\",\"url\":\"https:\/\/i0.wp.com\/vincentians.com\/en\/wp-content\/uploads\/sites\/2\/2016\/07\/abelly-feat.jpg?fit=1200%2C630\",\"contentUrl\":\"https:\/\/i0.wp.com\/vincentians.com\/en\/wp-content\/uploads\/sites\/2\/2016\/07\/abelly-feat.jpg?fit=1200%2C630\",\"width\":1200,\"height\":630},{\"@type\":\"BreadcrumbList\",\"@id\":\"http:\/\/vincentians.com\/en\/the-life-of-vincent-de-paul-abelly-book-ii-chapter-i-section-ii-part-viii\/#breadcrumb\",\"itemListElement\":[{\"@type\":\"ListItem\",\"position\":1,\"name\":\"Portada\",\"item\":\"https:\/\/vincentians.com\/en\/\"},{\"@type\":\"ListItem\",\"position\":2,\"name\":\"The Life of Vincent de Paul (Abelly): Book II, Chapter I, Section II, Part VIII\"}]},{\"@type\":\"WebSite\",\"@id\":\"https:\/\/vincentians.com\/en\/#website\",\"url\":\"https:\/\/vincentians.com\/en\/\",\"name\":\"We are Vincentians\",\"description\":\"Know more to serve more\",\"publisher\":{\"@id\":\"https:\/\/vincentians.com\/en\/#organization\"},\"potentialAction\":[{\"@type\":\"SearchAction\",\"target\":{\"@type\":\"EntryPoint\",\"urlTemplate\":\"https:\/\/vincentians.com\/en\/?s={search_term_string}\"},\"query-input\":{\"@type\":\"PropertyValueSpecification\",\"valueRequired\":true,\"valueName\":\"search_term_string\"}}],\"inLanguage\":\"en-US\"},{\"@type\":\"Organization\",\"@id\":\"https:\/\/vincentians.com\/en\/#organization\",\"name\":\"The Vincentian Network\",\"url\":\"https:\/\/vincentians.com\/en\/\",\"logo\":{\"@type\":\"ImageObject\",\"inLanguage\":\"en-US\",\"@id\":\"https:\/\/vincentians.com\/en\/#\/schema\/logo\/image\/\",\"url\":\"https:\/\/i1.wp.com\/vincentians.com\/en\/wp-content\/uploads\/sites\/2\/2016\/06\/Vincentian-Network-logo-big.png?fit=778%2C778&ssl=1\",\"contentUrl\":\"https:\/\/i1.wp.com\/vincentians.com\/en\/wp-content\/uploads\/sites\/2\/2016\/06\/Vincentian-Network-logo-big.png?fit=778%2C778&ssl=1\",\"width\":778,\"height\":778,\"caption\":\"The Vincentian Network\"},\"image\":{\"@id\":\"https:\/\/vincentians.com\/en\/#\/schema\/logo\/image\/\"},\"sameAs\":[\"https:\/\/www.facebook.com\/WeAreVincentians\/\",\"https:\/\/x.com\/WeVincentians\"]},{\"@type\":\"Person\",\"@id\":\"https:\/\/vincentians.com\/en\/#\/schema\/person\/9623ef4d9aa3b2dfb8c061f1499288f2\",\"name\":\"Francisco Javier Fern\u00e1ndez Chento\",\"image\":{\"@type\":\"ImageObject\",\"inLanguage\":\"en-US\",\"@id\":\"https:\/\/vincentians.com\/en\/#\/schema\/person\/image\/\",\"url\":\"https:\/\/secure.gravatar.com\/avatar\/497d5cde87b4c3d097d0315953521681ba2cd523ee66e5077c3711f7021e65de?s=96&d=mm&r=g\",\"contentUrl\":\"https:\/\/secure.gravatar.com\/avatar\/497d5cde87b4c3d097d0315953521681ba2cd523ee66e5077c3711f7021e65de?s=96&d=mm&r=g\",\"caption\":\"Francisco Javier Fern\u00e1ndez Chento\"},\"description\":\"Director General y cofundador de La Red de Formaci\u00f3n Vicenciana. Javier es laico vicenciano, afiliado a la Congregaci\u00f3n de la Misi\u00f3n y miembro del Equipo de Misiones Populares de la provincia can\u00f3nica de Zaragoza (Espa\u00f1a) de la Congregaci\u00f3n de la Misi\u00f3n. Graduado en la Universidad Oberta de Catalunya con cuatro grados (Asistente de direcci\u00f3n, Gesti\u00f3n Administrativa, Recursos Humanos y Contabilidad Avanzada). Bil\u00edng\u00fce Espa\u00f1ol\/Ingl\u00e9s. gestiona y mantiene varias p\u00e1ginas web cristianas y vicencianas, incluida including La Red de Formaci\u00f3n Vicenciana, de la que es cofundador. Actualmente es responsable del \u00e1rea de Espa\u00f1ol de .famvin, la Red de Noticias de la Familia Vicenciana. Tambi\u00e9n es m\u00fasico cat\u00f3lico y ha editado varios discos. Es Director General y cofundador de Trovador, una reconocida compa\u00f1\u00eda discogr\u00e1fica critiana de Espa\u00f1a. Trabaja en las Tecnolog\u00edas de la Informaci\u00f3n, ofreciendo servicios de alojamiento, dise\u00f1o y mantenimiento Web, as\u00ed como asesoramiento, formaci\u00f3n y soluciones inform\u00e1ticas, gesti\u00f3n documental y digitalizaci\u00f3n de textos, edici\u00f3n y maquetaci\u00f3n de libros, revistas, flyers, etc.\",\"sameAs\":[\"http:\/\/chento.org\",\"https:\/\/www.facebook.com\/JavierChento\",\"https:\/\/x.com\/https:\/\/twitter.com\/javierchento\"],\"url\":\"http:\/\/vincentians.com\/en\/author\/chento\/\"}]}<\/script>\n<!-- \/ Yoast SEO plugin. -->","yoast_head_json":{"title":"The Life of Vincent de Paul (Abelly): Book II, Chapter I, Section II, Part VIII - We are Vincentians","robots":{"index":"index","follow":"follow","max-snippet":"max-snippet:-1","max-image-preview":"max-image-preview:large","max-video-preview":"max-video-preview:-1"},"canonical":"http:\/\/vincentians.com\/en\/the-life-of-vincent-de-paul-abelly-book-ii-chapter-i-section-ii-part-viii\/","og_locale":"en_US","og_type":"article","og_title":"The Life of Vincent de Paul (Abelly): Book II, Chapter I, Section II, Part VIII - We are Vincentians","og_description":"PART EIGHT: Various Other Places in France From the time when Monsieur Vincent had first sent his priests to work outside the diocese of Paris to most distant parts of the kingdom, a noted abbot ... Read More","og_url":"http:\/\/vincentians.com\/en\/the-life-of-vincent-de-paul-abelly-book-ii-chapter-i-section-ii-part-viii\/","og_site_name":"We are Vincentians","article_publisher":"https:\/\/www.facebook.com\/WeAreVincentians\/","article_author":"https:\/\/www.facebook.com\/JavierChento","article_published_time":"2016-09-07T04:00:35+00:00","og_image":[{"width":1200,"height":630,"url":"https:\/\/i0.wp.com\/vincentians.com\/en\/wp-content\/uploads\/sites\/2\/2016\/07\/abelly-feat.jpg?fit=1200%2C630","type":"image\/jpeg"}],"author":"Francisco Javier Fern\u00e1ndez Chento","twitter_card":"summary_large_image","twitter_creator":"@https:\/\/twitter.com\/javierchento","twitter_site":"@WeVincentians","twitter_misc":{"Written by":"Francisco Javier Fern\u00e1ndez Chento","Est. reading time":"11 minutes"},"schema":{"@context":"https:\/\/schema.org","@graph":[{"@type":"Article","@id":"http:\/\/vincentians.com\/en\/the-life-of-vincent-de-paul-abelly-book-ii-chapter-i-section-ii-part-viii\/#article","isPartOf":{"@id":"http:\/\/vincentians.com\/en\/the-life-of-vincent-de-paul-abelly-book-ii-chapter-i-section-ii-part-viii\/"},"author":{"name":"Francisco Javier Fern\u00e1ndez Chento","@id":"https:\/\/vincentians.com\/en\/#\/schema\/person\/9623ef4d9aa3b2dfb8c061f1499288f2"},"headline":"The Life of Vincent de Paul (Abelly): Book II, Chapter I, Section II, Part VIII","datePublished":"2016-09-07T04:00:35+00:00","mainEntityOfPage":{"@id":"http:\/\/vincentians.com\/en\/the-life-of-vincent-de-paul-abelly-book-ii-chapter-i-section-ii-part-viii\/"},"wordCount":2149,"commentCount":0,"publisher":{"@id":"https:\/\/vincentians.com\/en\/#organization"},"image":{"@id":"http:\/\/vincentians.com\/en\/the-life-of-vincent-de-paul-abelly-book-ii-chapter-i-section-ii-part-viii\/#primaryimage"},"thumbnailUrl":"https:\/\/i0.wp.com\/vincentians.com\/en\/wp-content\/uploads\/sites\/2\/2016\/07\/abelly-feat.jpg?fit=1200%2C630","articleSection":["Vincent de Paul"],"inLanguage":"en-US","potentialAction":[{"@type":"CommentAction","name":"Comment","target":["http:\/\/vincentians.com\/en\/the-life-of-vincent-de-paul-abelly-book-ii-chapter-i-section-ii-part-viii\/#respond"]}]},{"@type":"WebPage","@id":"http:\/\/vincentians.com\/en\/the-life-of-vincent-de-paul-abelly-book-ii-chapter-i-section-ii-part-viii\/","url":"http:\/\/vincentians.com\/en\/the-life-of-vincent-de-paul-abelly-book-ii-chapter-i-section-ii-part-viii\/","name":"The Life of Vincent de Paul (Abelly): Book II, Chapter I, Section II, Part VIII - We are Vincentians","isPartOf":{"@id":"https:\/\/vincentians.com\/en\/#website"},"primaryImageOfPage":{"@id":"http:\/\/vincentians.com\/en\/the-life-of-vincent-de-paul-abelly-book-ii-chapter-i-section-ii-part-viii\/#primaryimage"},"image":{"@id":"http:\/\/vincentians.com\/en\/the-life-of-vincent-de-paul-abelly-book-ii-chapter-i-section-ii-part-viii\/#primaryimage"},"thumbnailUrl":"https:\/\/i0.wp.com\/vincentians.com\/en\/wp-content\/uploads\/sites\/2\/2016\/07\/abelly-feat.jpg?fit=1200%2C630","datePublished":"2016-09-07T04:00:35+00:00","breadcrumb":{"@id":"http:\/\/vincentians.com\/en\/the-life-of-vincent-de-paul-abelly-book-ii-chapter-i-section-ii-part-viii\/#breadcrumb"},"inLanguage":"en-US","potentialAction":[{"@type":"ReadAction","target":["http:\/\/vincentians.com\/en\/the-life-of-vincent-de-paul-abelly-book-ii-chapter-i-section-ii-part-viii\/"]}]},{"@type":"ImageObject","inLanguage":"en-US","@id":"http:\/\/vincentians.com\/en\/the-life-of-vincent-de-paul-abelly-book-ii-chapter-i-section-ii-part-viii\/#primaryimage","url":"https:\/\/i0.wp.com\/vincentians.com\/en\/wp-content\/uploads\/sites\/2\/2016\/07\/abelly-feat.jpg?fit=1200%2C630","contentUrl":"https:\/\/i0.wp.com\/vincentians.com\/en\/wp-content\/uploads\/sites\/2\/2016\/07\/abelly-feat.jpg?fit=1200%2C630","width":1200,"height":630},{"@type":"BreadcrumbList","@id":"http:\/\/vincentians.com\/en\/the-life-of-vincent-de-paul-abelly-book-ii-chapter-i-section-ii-part-viii\/#breadcrumb","itemListElement":[{"@type":"ListItem","position":1,"name":"Portada","item":"https:\/\/vincentians.com\/en\/"},{"@type":"ListItem","position":2,"name":"The Life of Vincent de Paul (Abelly): Book II, Chapter I, Section II, Part VIII"}]},{"@type":"WebSite","@id":"https:\/\/vincentians.com\/en\/#website","url":"https:\/\/vincentians.com\/en\/","name":"We are Vincentians","description":"Know more to serve more","publisher":{"@id":"https:\/\/vincentians.com\/en\/#organization"},"potentialAction":[{"@type":"SearchAction","target":{"@type":"EntryPoint","urlTemplate":"https:\/\/vincentians.com\/en\/?s={search_term_string}"},"query-input":{"@type":"PropertyValueSpecification","valueRequired":true,"valueName":"search_term_string"}}],"inLanguage":"en-US"},{"@type":"Organization","@id":"https:\/\/vincentians.com\/en\/#organization","name":"The Vincentian Network","url":"https:\/\/vincentians.com\/en\/","logo":{"@type":"ImageObject","inLanguage":"en-US","@id":"https:\/\/vincentians.com\/en\/#\/schema\/logo\/image\/","url":"https:\/\/i1.wp.com\/vincentians.com\/en\/wp-content\/uploads\/sites\/2\/2016\/06\/Vincentian-Network-logo-big.png?fit=778%2C778&ssl=1","contentUrl":"https:\/\/i1.wp.com\/vincentians.com\/en\/wp-content\/uploads\/sites\/2\/2016\/06\/Vincentian-Network-logo-big.png?fit=778%2C778&ssl=1","width":778,"height":778,"caption":"The Vincentian Network"},"image":{"@id":"https:\/\/vincentians.com\/en\/#\/schema\/logo\/image\/"},"sameAs":["https:\/\/www.facebook.com\/WeAreVincentians\/","https:\/\/x.com\/WeVincentians"]},{"@type":"Person","@id":"https:\/\/vincentians.com\/en\/#\/schema\/person\/9623ef4d9aa3b2dfb8c061f1499288f2","name":"Francisco Javier Fern\u00e1ndez Chento","image":{"@type":"ImageObject","inLanguage":"en-US","@id":"https:\/\/vincentians.com\/en\/#\/schema\/person\/image\/","url":"https:\/\/secure.gravatar.com\/avatar\/497d5cde87b4c3d097d0315953521681ba2cd523ee66e5077c3711f7021e65de?s=96&d=mm&r=g","contentUrl":"https:\/\/secure.gravatar.com\/avatar\/497d5cde87b4c3d097d0315953521681ba2cd523ee66e5077c3711f7021e65de?s=96&d=mm&r=g","caption":"Francisco Javier Fern\u00e1ndez Chento"},"description":"Director General y cofundador de La Red de Formaci\u00f3n Vicenciana. Javier es laico vicenciano, afiliado a la Congregaci\u00f3n de la Misi\u00f3n y miembro del Equipo de Misiones Populares de la provincia can\u00f3nica de Zaragoza (Espa\u00f1a) de la Congregaci\u00f3n de la Misi\u00f3n. Graduado en la Universidad Oberta de Catalunya con cuatro grados (Asistente de direcci\u00f3n, Gesti\u00f3n Administrativa, Recursos Humanos y Contabilidad Avanzada). Bil\u00edng\u00fce Espa\u00f1ol\/Ingl\u00e9s. gestiona y mantiene varias p\u00e1ginas web cristianas y vicencianas, incluida including La Red de Formaci\u00f3n Vicenciana, de la que es cofundador. Actualmente es responsable del \u00e1rea de Espa\u00f1ol de .famvin, la Red de Noticias de la Familia Vicenciana. Tambi\u00e9n es m\u00fasico cat\u00f3lico y ha editado varios discos. Es Director General y cofundador de Trovador, una reconocida compa\u00f1\u00eda discogr\u00e1fica critiana de Espa\u00f1a. Trabaja en las Tecnolog\u00edas de la Informaci\u00f3n, ofreciendo servicios de alojamiento, dise\u00f1o y mantenimiento Web, as\u00ed como asesoramiento, formaci\u00f3n y soluciones inform\u00e1ticas, gesti\u00f3n documental y digitalizaci\u00f3n de textos, edici\u00f3n y maquetaci\u00f3n de libros, revistas, flyers, etc.","sameAs":["http:\/\/chento.org","https:\/\/www.facebook.com\/JavierChento","https:\/\/x.com\/https:\/\/twitter.com\/javierchento"],"url":"http:\/\/vincentians.com\/en\/author\/chento\/"}]}},"jetpack_publicize_connections":[],"jetpack_featured_media_url":"https:\/\/i0.wp.com\/vincentians.com\/en\/wp-content\/uploads\/sites\/2\/2016\/07\/abelly-feat.jpg?fit=1200%2C630","jetpack_sharing_enabled":true,"jetpack_shortlink":"https:\/\/wp.me\/p7K2Ow-rMD","jetpack-related-posts":[{"id":107386,"url":"http:\/\/vincentians.com\/en\/the-life-of-vincent-de-paul-abelly-book-ii-chapter-ii-section-i\/","url_meta":{"origin":106803,"position":0},"title":"The Life of Vincent de Paul (Abelly): Book II, Chapter II, Section I","author":"Francisco Javier Fern\u00e1ndez Chento","date":"October 5, 2016","format":false,"excerpt":"CHAPTER TWO: The Spiritual Exercises to Prepare for the Proper Reception of Holy Orders SECTION ONE: The Pressing Need of Clergy Reform at the Time Monsieur Vincent Established the Ordination Retreats In the previous chapter we have seen the abundant blessings God had poured forth on the missions of Monsieur\u2026","rel":"","context":"In &quot;Vincent de Paul&quot;","block_context":{"text":"Vincent de Paul","link":"http:\/\/vincentians.com\/en\/category\/the-vincentian-family\/founders\/vincent-de-paul\/"},"img":{"alt_text":"","src":"https:\/\/i0.wp.com\/vincentians.com\/en\/wp-content\/uploads\/sites\/2\/2016\/07\/abelly-feat.jpg?fit=1200%2C630&resize=350%2C200","width":350,"height":200,"srcset":"https:\/\/i0.wp.com\/vincentians.com\/en\/wp-content\/uploads\/sites\/2\/2016\/07\/abelly-feat.jpg?fit=1200%2C630&resize=350%2C200 1x, https:\/\/i0.wp.com\/vincentians.com\/en\/wp-content\/uploads\/sites\/2\/2016\/07\/abelly-feat.jpg?fit=1200%2C630&resize=525%2C300 1.5x, https:\/\/i0.wp.com\/vincentians.com\/en\/wp-content\/uploads\/sites\/2\/2016\/07\/abelly-feat.jpg?fit=1200%2C630&resize=700%2C400 2x, https:\/\/i0.wp.com\/vincentians.com\/en\/wp-content\/uploads\/sites\/2\/2016\/07\/abelly-feat.jpg?fit=1200%2C630&resize=1050%2C600 3x"},"classes":[]},{"id":106550,"url":"http:\/\/vincentians.com\/en\/the-life-of-vincent-de-paul-abelly-book-ii-chapter-i-section-ii-part-iii\/","url_meta":{"origin":106803,"position":1},"title":"The Life of Vincent de Paul (Abelly): Book II, Chapter I, Section II, Part III","author":"Francisco Javier Fern\u00e1ndez Chento","date":"September 2, 2016","format":false,"excerpt":"PART THREE: The Dioceses of Mende and Saint Flour The diocese of Mende in the Cevennes was overrun by heretics. On several occasions Monsieur Vincent had sent his missionaries, either to attempt to bring the heretics back to the faith or to strengthen the Catholics and prevent them from falling\u2026","rel":"","context":"In &quot;Vincent de Paul&quot;","block_context":{"text":"Vincent de Paul","link":"http:\/\/vincentians.com\/en\/category\/the-vincentian-family\/founders\/vincent-de-paul\/"},"img":{"alt_text":"","src":"https:\/\/i0.wp.com\/vincentians.com\/en\/wp-content\/uploads\/sites\/2\/2016\/07\/abelly-feat.jpg?fit=1200%2C630&resize=350%2C200","width":350,"height":200,"srcset":"https:\/\/i0.wp.com\/vincentians.com\/en\/wp-content\/uploads\/sites\/2\/2016\/07\/abelly-feat.jpg?fit=1200%2C630&resize=350%2C200 1x, https:\/\/i0.wp.com\/vincentians.com\/en\/wp-content\/uploads\/sites\/2\/2016\/07\/abelly-feat.jpg?fit=1200%2C630&resize=525%2C300 1.5x, https:\/\/i0.wp.com\/vincentians.com\/en\/wp-content\/uploads\/sites\/2\/2016\/07\/abelly-feat.jpg?fit=1200%2C630&resize=700%2C400 2x, https:\/\/i0.wp.com\/vincentians.com\/en\/wp-content\/uploads\/sites\/2\/2016\/07\/abelly-feat.jpg?fit=1200%2C630&resize=1050%2C600 3x"},"classes":[]},{"id":106802,"url":"http:\/\/vincentians.com\/en\/the-life-of-vincent-de-paul-abelly-book-ii-chapter-i-section-ii-part-vii\/","url_meta":{"origin":106803,"position":2},"title":"The Life of Vincent de Paul (Abelly): Book II, Chapter I, Section II, Part VII","author":"Francisco Javier Fern\u00e1ndez Chento","date":"September 6, 2016","format":false,"excerpt":"PART SEVEN: Various Places in Burgundy and Champagne In 1642 Monsieur Vincent sent several priests of the Congregation to give a mission in the parish of Saint Cyr in the diocese of Sens. The lord of the region wrote, after the completion of the mission: The efforts of your priests,\u2026","rel":"","context":"In &quot;Vincent de Paul&quot;","block_context":{"text":"Vincent de Paul","link":"http:\/\/vincentians.com\/en\/category\/the-vincentian-family\/founders\/vincent-de-paul\/"},"img":{"alt_text":"","src":"https:\/\/i0.wp.com\/vincentians.com\/en\/wp-content\/uploads\/sites\/2\/2016\/07\/abelly-feat.jpg?fit=1200%2C630&resize=350%2C200","width":350,"height":200,"srcset":"https:\/\/i0.wp.com\/vincentians.com\/en\/wp-content\/uploads\/sites\/2\/2016\/07\/abelly-feat.jpg?fit=1200%2C630&resize=350%2C200 1x, https:\/\/i0.wp.com\/vincentians.com\/en\/wp-content\/uploads\/sites\/2\/2016\/07\/abelly-feat.jpg?fit=1200%2C630&resize=525%2C300 1.5x, https:\/\/i0.wp.com\/vincentians.com\/en\/wp-content\/uploads\/sites\/2\/2016\/07\/abelly-feat.jpg?fit=1200%2C630&resize=700%2C400 2x, https:\/\/i0.wp.com\/vincentians.com\/en\/wp-content\/uploads\/sites\/2\/2016\/07\/abelly-feat.jpg?fit=1200%2C630&resize=1050%2C600 3x"},"classes":[]},{"id":107382,"url":"http:\/\/vincentians.com\/en\/the-life-of-vincent-de-paul-abelly-book-ii-chapter-ii-section-v\/","url_meta":{"origin":106803,"position":3},"title":"The Life of Vincent de Paul (Abelly): Book II, Chapter II, Section V","author":"Francisco Javier Fern\u00e1ndez Chento","date":"October 9, 2016","format":false,"excerpt":"SECTION FIVE: Some Examples of the Blessings Brought About in France by the Ordination Retreats The first testimony we will cite is Monsieur Vincent himself. In 1633 he wrote a letter to a priest of the Congregation who was in Rome, in which he spoke from the depths of his\u2026","rel":"","context":"In &quot;Vincent de Paul&quot;","block_context":{"text":"Vincent de Paul","link":"http:\/\/vincentians.com\/en\/category\/the-vincentian-family\/founders\/vincent-de-paul\/"},"img":{"alt_text":"","src":"https:\/\/i0.wp.com\/vincentians.com\/en\/wp-content\/uploads\/sites\/2\/2016\/07\/abelly-feat.jpg?fit=1200%2C630&resize=350%2C200","width":350,"height":200,"srcset":"https:\/\/i0.wp.com\/vincentians.com\/en\/wp-content\/uploads\/sites\/2\/2016\/07\/abelly-feat.jpg?fit=1200%2C630&resize=350%2C200 1x, https:\/\/i0.wp.com\/vincentians.com\/en\/wp-content\/uploads\/sites\/2\/2016\/07\/abelly-feat.jpg?fit=1200%2C630&resize=525%2C300 1.5x, https:\/\/i0.wp.com\/vincentians.com\/en\/wp-content\/uploads\/sites\/2\/2016\/07\/abelly-feat.jpg?fit=1200%2C630&resize=700%2C400 2x, https:\/\/i0.wp.com\/vincentians.com\/en\/wp-content\/uploads\/sites\/2\/2016\/07\/abelly-feat.jpg?fit=1200%2C630&resize=1050%2C600 3x"},"classes":[]},{"id":107397,"url":"http:\/\/vincentians.com\/en\/the-life-of-vincent-de-paul-abelly-book-ii-chapter-iii-section-ii\/","url_meta":{"origin":106803,"position":4},"title":"The Life of Vincent de Paul (Abelly): Book II, Chapter III, Section II","author":"Francisco Javier Fern\u00e1ndez Chento","date":"October 12, 2016","format":false,"excerpt":"SECTION TWO: The Progress of This Company, and the Successes It Enjoyed This Company, begun so well under the wise guidance of Monsieur Vincent, continued to enjoy new blessings, which God conferred upon it through the hands of his faithful servant. Among the first fruits was the growth of the\u2026","rel":"","context":"In &quot;Vincent de Paul&quot;","block_context":{"text":"Vincent de Paul","link":"http:\/\/vincentians.com\/en\/category\/the-vincentian-family\/founders\/vincent-de-paul\/"},"img":{"alt_text":"","src":"https:\/\/i0.wp.com\/vincentians.com\/en\/wp-content\/uploads\/sites\/2\/2016\/07\/abelly-feat.jpg?fit=1200%2C630&resize=350%2C200","width":350,"height":200,"srcset":"https:\/\/i0.wp.com\/vincentians.com\/en\/wp-content\/uploads\/sites\/2\/2016\/07\/abelly-feat.jpg?fit=1200%2C630&resize=350%2C200 1x, https:\/\/i0.wp.com\/vincentians.com\/en\/wp-content\/uploads\/sites\/2\/2016\/07\/abelly-feat.jpg?fit=1200%2C630&resize=525%2C300 1.5x, https:\/\/i0.wp.com\/vincentians.com\/en\/wp-content\/uploads\/sites\/2\/2016\/07\/abelly-feat.jpg?fit=1200%2C630&resize=700%2C400 2x, https:\/\/i0.wp.com\/vincentians.com\/en\/wp-content\/uploads\/sites\/2\/2016\/07\/abelly-feat.jpg?fit=1200%2C630&resize=1050%2C600 3x"},"classes":[]},{"id":105535,"url":"http:\/\/vincentians.com\/en\/vincent-letter-0003-to-his-mother-in-pouy\/","url_meta":{"origin":106803,"position":5},"title":"Vincent, Letter 0003. To His Mother, In Pouy","author":"Francisco Javier Fern\u00e1ndez Chento","date":"August 1, 2016","format":false,"excerpt":"February 17, 1610 Mother, The assurance that Monsieur de Saint-Martin has given me with regard to your good health has gladdened me, as much as the prolonged sojourn which I must necessarily make in this city in order to regain my chances for advancement (which my disasters took from me)\u2026","rel":"","context":"In &quot;Writings of Vincent de Paul&quot;","block_context":{"text":"Writings of Vincent de Paul","link":"http:\/\/vincentians.com\/en\/category\/writings\/writings-of-vincent-de-paul\/"},"img":{"alt_text":"","src":"https:\/\/i0.wp.com\/vincentians.com\/en\/wp-content\/uploads\/sites\/2\/2016\/06\/Writings-of-Vincent-de-Paul.jpg?fit=1200%2C630&resize=350%2C200","width":350,"height":200,"srcset":"https:\/\/i0.wp.com\/vincentians.com\/en\/wp-content\/uploads\/sites\/2\/2016\/06\/Writings-of-Vincent-de-Paul.jpg?fit=1200%2C630&resize=350%2C200 1x, https:\/\/i0.wp.com\/vincentians.com\/en\/wp-content\/uploads\/sites\/2\/2016\/06\/Writings-of-Vincent-de-Paul.jpg?fit=1200%2C630&resize=525%2C300 1.5x, https:\/\/i0.wp.com\/vincentians.com\/en\/wp-content\/uploads\/sites\/2\/2016\/06\/Writings-of-Vincent-de-Paul.jpg?fit=1200%2C630&resize=700%2C400 2x, https:\/\/i0.wp.com\/vincentians.com\/en\/wp-content\/uploads\/sites\/2\/2016\/06\/Writings-of-Vincent-de-Paul.jpg?fit=1200%2C630&resize=1050%2C600 3x"},"classes":[]}],"_links":{"self":[{"href":"http:\/\/vincentians.com\/en\/wp-json\/wp\/v2\/posts\/106803","targetHints":{"allow":["GET"]}}],"collection":[{"href":"http:\/\/vincentians.com\/en\/wp-json\/wp\/v2\/posts"}],"about":[{"href":"http:\/\/vincentians.com\/en\/wp-json\/wp\/v2\/types\/post"}],"author":[{"embeddable":true,"href":"http:\/\/vincentians.com\/en\/wp-json\/wp\/v2\/users\/4"}],"replies":[{"embeddable":true,"href":"http:\/\/vincentians.com\/en\/wp-json\/wp\/v2\/comments?post=106803"}],"version-history":[{"count":0,"href":"http:\/\/vincentians.com\/en\/wp-json\/wp\/v2\/posts\/106803\/revisions"}],"wp:featuredmedia":[{"embeddable":true,"href":"http:\/\/vincentians.com\/en\/wp-json\/wp\/v2\/media\/149583"}],"wp:attachment":[{"href":"http:\/\/vincentians.com\/en\/wp-json\/wp\/v2\/media?parent=106803"}],"wp:term":[{"taxonomy":"category","embeddable":true,"href":"http:\/\/vincentians.com\/en\/wp-json\/wp\/v2\/categories?post=106803"},{"taxonomy":"post_tag","embeddable":true,"href":"http:\/\/vincentians.com\/en\/wp-json\/wp\/v2\/tags?post=106803"}],"curies":[{"name":"wp","href":"https:\/\/api.w.org\/{rel}","templated":true}]}}