{"id":106801,"date":"2016-09-05T06:00:35","date_gmt":"2016-09-05T04:00:35","guid":{"rendered":"http:\/\/vincentians.com\/?p=106801"},"modified":"2016-07-13T18:20:32","modified_gmt":"2016-07-13T16:20:32","slug":"the-life-of-vincent-de-paul-abelly-book-ii-chapter-i-section-ii-part-vi","status":"publish","type":"post","link":"http:\/\/vincentians.com\/en\/the-life-of-vincent-de-paul-abelly-book-ii-chapter-i-section-ii-part-vi\/","title":{"rendered":"The Life of Vincent de Paul (Abelly): Book II, Chapter I, Section II, Part VI"},"content":{"rendered":"<h2>PART SIX: Various Places in Brittany<\/h2>\n<p>The missions in Brittany were as successful as those in the other provinces. The superior of the missionaries headquartered at Saint Meen in the diocese of Saint Malo wrote to Monsieur Vincent in 1657.<span id='easy-footnote-1-106801' class='easy-footnote-margin-adjust'><\/span><span class='easy-footnote'><a href='http:\/\/vincentians.com\/en\/the-life-of-vincent-de-paul-abelly-book-ii-chapter-i-section-ii-part-vi\/#easy-footnote-bottom-1-106801' title='Louis Serre, superior at Saint Meen, 1655-1665.'><sup>1<\/sup><\/a><\/span> He said that at a mission in Pleurtuit, three thousand persons had gone to confession. Further, if the priests should return, they would need more than twenty confessors to satisfy the great number of people who would come for confession. Among other things he said that upon leaving the church, a respected person of the parish fell to his knees in the cemetery before his fellow parishioners. He asked pardon from those he had offended, to the great consternation of all at this demonstration. Another person, upon leaving the confessional, went of his own accord eight leagues away to ask pardon of someone he had offended in some rather slight way.<span id='easy-footnote-2-106801' class='easy-footnote-margin-adjust'><\/span><span class='easy-footnote'><a href='http:\/\/vincentians.com\/en\/the-life-of-vincent-de-paul-abelly-book-ii-chapter-i-section-ii-part-vi\/#easy-footnote-bottom-2-106801' title='&lt;i&gt;CED&lt;\/i&gt; VI:281.'><sup>2<\/sup><\/a><\/span>\n<p>In another letter from 1658, he reported to Monsieur Vincent several remarkable events which occurred at the mission of Mauron.<\/p>\n<p style=\"padding-left: 30px;\">Every day, even on working days, more than twelve hundred people came for the catechetical instructions. The leading people of the town came to hear the sermons. Several men and women servants even left their employment because their masters or mistresses would not give them time off to attend the services. They preferred to lose their wages rather than miss an opportunity to hear the word of God. We saw mothers, after they had made their own general confession on the mission, take the place of their daughters in service, to give them the opportunity to do likewise. Other servants requested permission to come to the instructions, even at the cost of losing their wages for the time they would not be at work.<\/p>\n<p style=\"padding-left: 30px;\">On Quinquagesima Sunday and the two following days, such a crowd of people wanted to receive communion that it took until seven o&#8217;clock in the evening to satisfy them all. Since the closing the mission, I have been told that, of all the taverns there, not a single one remains, for in one of our sermons we had mentioned how difficult it was for inn-keepers to keep from sin in giving people drink to excess, a vice prevalent in this region. In addition, in the dealings they have with one another, instead of sealing an agreement by a drink, as is customary in this region, they now give money to the Confraternity of Charity, which we were able to set up in the locality for the sick poor.<span id='easy-footnote-3-106801' class='easy-footnote-margin-adjust'><\/span><span class='easy-footnote'><a href='http:\/\/vincentians.com\/en\/the-life-of-vincent-de-paul-abelly-book-ii-chapter-i-section-ii-part-vi\/#easy-footnote-bottom-3-106801' title='&lt;i&gt;CED&lt;\/i&gt; VII:115.'><sup>3<\/sup><\/a><\/span>\n<p>The following year this same superior wrote of another mission:<\/p>\n<p style=\"padding-left: 30px;\">Our mission in Plaissala is now completed by the grace of God. He showered his blessings in such abundance that all who worked on it agree they have never seen one which accomplished so much good.<\/p>\n<p style=\"padding-left: 30px;\">We noticed people from seventeen surrounding parishes. Several men who came to confession remarked they had waited ten days in the church. I believe the same thing could have happened to five hundred others as well. Major disputes have been settled, particularly among the nobility, helped along by the Baron du Rechau. He has a house in this parish, where he came from Saint Brieu, his ordinary residence. After hearing our first sermon, he came to our house with his wife, to tell us he was going to stay here the entire mission. I asked him to help us settle the frequent disputes in this region, and to bring reconciliation, especially between gentlemen. He succeeded to an extraordinary degree.<\/p>\n<p style=\"padding-left: 30px;\">The carnival days were taken up in exercises of piety. On Monday we had a solemn procession, in which the bishop of Saint Brieuc carried the blessed sacrament.<span id='easy-footnote-4-106801' class='easy-footnote-margin-adjust'><\/span><span class='easy-footnote'><a href='http:\/\/vincentians.com\/en\/the-life-of-vincent-de-paul-abelly-book-ii-chapter-i-section-ii-part-vi\/#easy-footnote-bottom-4-106801' title='Denis de la Barde.'><sup>4<\/sup><\/a><\/span> The people attended with devotion and modesty, walking four by four in the procession which lasted nearly two hours in an almost continuous rain, and only a few dropped out. The same prelate conferred the sacrament of confirmation the next day, Tuesday, in the cemetery, in the midst of wind and rain, for the church was not large enough to hold all the people.<span id='easy-footnote-5-106801' class='easy-footnote-margin-adjust'><\/span><span class='easy-footnote'><a href='http:\/\/vincentians.com\/en\/the-life-of-vincent-de-paul-abelly-book-ii-chapter-i-section-ii-part-vi\/#easy-footnote-bottom-5-106801' title='&lt;i&gt;CED&lt;\/i&gt; VII:469-70.'><sup>5<\/sup><\/a><\/span>\n<p>The bishop of Treguier had a mission given at Guingcamp, after another at Morlaix in 1648.<span id='easy-footnote-6-106801' class='easy-footnote-margin-adjust'><\/span><span class='easy-footnote'><a href='http:\/\/vincentians.com\/en\/the-life-of-vincent-de-paul-abelly-book-ii-chapter-i-section-ii-part-vi\/#easy-footnote-bottom-6-106801' title='Balthasar Grangier.'><sup>6<\/sup><\/a><\/span> He wrote of them to Monsieur Vincent:<\/p>\n<p style=\"padding-left: 30px;\">Your letter has found us busy in the mission, from which I expect a great deal. One of your priests preaches admirably and devoutly in the evening service. Another gives the main catechetical instruction at one o&#8217;clock in the afternoon, to the satisfaction of all. Another priest teaches the shorter catechism lesson, and my theologian preaches in the morning in the native dialect. In a word, everyone is working, even myself, for I preach twice a week. With God&#8217;s help, we will begin the confessions tomorrow. The people of the area are not used to missions, but are astonished at what takes place, and each expresses his thoughts differently, but all with respect. I hope that all will work out well with the grace of God.<span id='easy-footnote-7-106801' class='easy-footnote-margin-adjust'><\/span><span class='easy-footnote'><a href='http:\/\/vincentians.com\/en\/the-life-of-vincent-de-paul-abelly-book-ii-chapter-i-section-ii-part-vi\/#easy-footnote-bottom-7-106801' title='&lt;i&gt;CED&lt;\/i&gt; III:269-70.'><sup>7<\/sup><\/a><\/span>\n<p>In another letter, written in 1650 about another mission, he said:<\/p>\n<p style=\"padding-left: 30px;\">I thank you for the faithful service of four of your priests in the mission they have given here. Their ability, their zeal, their care in preaching and hearing confessions have been so great that they have reaped abundant fruit. I may say the residents of this region, men and women of all ages and conditions, have been converted. I praise God that through you we have such good laborers in this vineyard. Monsieur N. exerts such energy in his preaching that no one can resist him. I have already engaged him for the mission next year at N.<span id='easy-footnote-8-106801' class='easy-footnote-margin-adjust'><\/span><span class='easy-footnote'><a href='http:\/\/vincentians.com\/en\/the-life-of-vincent-de-paul-abelly-book-ii-chapter-i-section-ii-part-vi\/#easy-footnote-bottom-8-106801' title='&lt;i&gt;CED&lt;\/i&gt; III:630.'><sup>8<\/sup><\/a><\/span>\n","protected":false},"excerpt":{"rendered":"<p>PART SIX: Various Places in Brittany The missions in Brittany were as successful as those in the other provinces. The superior of the missionaries headquartered at Saint Meen in the diocese of Saint Malo wrote &#8230; <a href=\"http:\/\/vincentians.com\/en\/the-life-of-vincent-de-paul-abelly-book-ii-chapter-i-section-ii-part-vi\/\" class=\"more-link\">Read More<\/a><\/p>\n","protected":false},"author":4,"featured_media":149583,"comment_status":"open","ping_status":"open","sticky":false,"template":"","format":"standard","meta":{"jetpack_post_was_ever_published":false,"_jetpack_newsletter_access":"","_jetpack_dont_email_post_to_subs":false,"_jetpack_newsletter_tier_id":0,"_jetpack_memberships_contains_paywalled_content":false,"_jetpack_memberships_contains_paid_content":false,"footnotes":"","jetpack_publicize_message":"","jetpack_publicize_feature_enabled":true,"jetpack_social_post_already_shared":true,"jetpack_social_options":{"image_generator_settings":{"template":"highway","default_image_id":0,"font":"","enabled":false},"version":2}},"categories":[5],"tags":[],"class_list":["post-106801","post","type-post","status-publish","format-standard","has-post-thumbnail","hentry","category-vincent-de-paul"],"yoast_head":"<!-- This site is optimized with the Yoast SEO plugin v26.3 - https:\/\/yoast.com\/wordpress\/plugins\/seo\/ -->\n<title>The Life of Vincent de Paul (Abelly): Book II, Chapter I, Section II, Part VI - We are Vincentians<\/title>\n<meta name=\"robots\" content=\"index, follow, max-snippet:-1, max-image-preview:large, max-video-preview:-1\" \/>\n<link rel=\"canonical\" href=\"http:\/\/vincentians.com\/en\/the-life-of-vincent-de-paul-abelly-book-ii-chapter-i-section-ii-part-vi\/\" \/>\n<meta property=\"og:locale\" content=\"en_US\" \/>\n<meta property=\"og:type\" content=\"article\" \/>\n<meta property=\"og:title\" content=\"The Life of Vincent de Paul (Abelly): Book II, Chapter I, Section II, Part VI - We are Vincentians\" \/>\n<meta property=\"og:description\" content=\"PART SIX: Various Places in Brittany The missions in Brittany were as successful as those in the other provinces. The superior of the missionaries headquartered at Saint Meen in the diocese of Saint Malo wrote ... Read More\" \/>\n<meta property=\"og:url\" content=\"http:\/\/vincentians.com\/en\/the-life-of-vincent-de-paul-abelly-book-ii-chapter-i-section-ii-part-vi\/\" \/>\n<meta property=\"og:site_name\" content=\"We are Vincentians\" \/>\n<meta property=\"article:publisher\" content=\"https:\/\/www.facebook.com\/WeAreVincentians\/\" \/>\n<meta property=\"article:author\" content=\"https:\/\/www.facebook.com\/JavierChento\" \/>\n<meta property=\"article:published_time\" content=\"2016-09-05T04:00:35+00:00\" \/>\n<meta property=\"og:image\" content=\"https:\/\/i0.wp.com\/vincentians.com\/en\/wp-content\/uploads\/sites\/2\/2016\/07\/abelly-feat.jpg?fit=1200%2C630\" \/>\n\t<meta property=\"og:image:width\" content=\"1200\" \/>\n\t<meta property=\"og:image:height\" content=\"630\" \/>\n\t<meta property=\"og:image:type\" content=\"image\/jpeg\" \/>\n<meta name=\"author\" content=\"Francisco Javier Fern\u00e1ndez Chento\" \/>\n<meta name=\"twitter:card\" content=\"summary_large_image\" \/>\n<meta name=\"twitter:creator\" content=\"@https:\/\/twitter.com\/javierchento\" \/>\n<meta name=\"twitter:site\" content=\"@WeVincentians\" \/>\n<meta name=\"twitter:label1\" content=\"Written by\" \/>\n\t<meta name=\"twitter:data1\" content=\"Francisco Javier Fern\u00e1ndez Chento\" \/>\n\t<meta name=\"twitter:label2\" content=\"Est. reading time\" \/>\n\t<meta name=\"twitter:data2\" content=\"5 minutes\" \/>\n<script type=\"application\/ld+json\" class=\"yoast-schema-graph\">{\"@context\":\"https:\/\/schema.org\",\"@graph\":[{\"@type\":\"Article\",\"@id\":\"http:\/\/vincentians.com\/en\/the-life-of-vincent-de-paul-abelly-book-ii-chapter-i-section-ii-part-vi\/#article\",\"isPartOf\":{\"@id\":\"http:\/\/vincentians.com\/en\/the-life-of-vincent-de-paul-abelly-book-ii-chapter-i-section-ii-part-vi\/\"},\"author\":{\"name\":\"Francisco Javier Fern\u00e1ndez Chento\",\"@id\":\"https:\/\/vincentians.com\/en\/#\/schema\/person\/9623ef4d9aa3b2dfb8c061f1499288f2\"},\"headline\":\"The Life of Vincent de Paul (Abelly): Book II, Chapter I, Section II, Part VI\",\"datePublished\":\"2016-09-05T04:00:35+00:00\",\"mainEntityOfPage\":{\"@id\":\"http:\/\/vincentians.com\/en\/the-life-of-vincent-de-paul-abelly-book-ii-chapter-i-section-ii-part-vi\/\"},\"wordCount\":991,\"commentCount\":0,\"publisher\":{\"@id\":\"https:\/\/vincentians.com\/en\/#organization\"},\"image\":{\"@id\":\"http:\/\/vincentians.com\/en\/the-life-of-vincent-de-paul-abelly-book-ii-chapter-i-section-ii-part-vi\/#primaryimage\"},\"thumbnailUrl\":\"https:\/\/i0.wp.com\/vincentians.com\/en\/wp-content\/uploads\/sites\/2\/2016\/07\/abelly-feat.jpg?fit=1200%2C630\",\"articleSection\":[\"Vincent de Paul\"],\"inLanguage\":\"en-US\",\"potentialAction\":[{\"@type\":\"CommentAction\",\"name\":\"Comment\",\"target\":[\"http:\/\/vincentians.com\/en\/the-life-of-vincent-de-paul-abelly-book-ii-chapter-i-section-ii-part-vi\/#respond\"]}]},{\"@type\":\"WebPage\",\"@id\":\"http:\/\/vincentians.com\/en\/the-life-of-vincent-de-paul-abelly-book-ii-chapter-i-section-ii-part-vi\/\",\"url\":\"http:\/\/vincentians.com\/en\/the-life-of-vincent-de-paul-abelly-book-ii-chapter-i-section-ii-part-vi\/\",\"name\":\"The Life of Vincent de Paul (Abelly): Book II, Chapter I, Section II, Part VI - We are Vincentians\",\"isPartOf\":{\"@id\":\"https:\/\/vincentians.com\/en\/#website\"},\"primaryImageOfPage\":{\"@id\":\"http:\/\/vincentians.com\/en\/the-life-of-vincent-de-paul-abelly-book-ii-chapter-i-section-ii-part-vi\/#primaryimage\"},\"image\":{\"@id\":\"http:\/\/vincentians.com\/en\/the-life-of-vincent-de-paul-abelly-book-ii-chapter-i-section-ii-part-vi\/#primaryimage\"},\"thumbnailUrl\":\"https:\/\/i0.wp.com\/vincentians.com\/en\/wp-content\/uploads\/sites\/2\/2016\/07\/abelly-feat.jpg?fit=1200%2C630\",\"datePublished\":\"2016-09-05T04:00:35+00:00\",\"breadcrumb\":{\"@id\":\"http:\/\/vincentians.com\/en\/the-life-of-vincent-de-paul-abelly-book-ii-chapter-i-section-ii-part-vi\/#breadcrumb\"},\"inLanguage\":\"en-US\",\"potentialAction\":[{\"@type\":\"ReadAction\",\"target\":[\"http:\/\/vincentians.com\/en\/the-life-of-vincent-de-paul-abelly-book-ii-chapter-i-section-ii-part-vi\/\"]}]},{\"@type\":\"ImageObject\",\"inLanguage\":\"en-US\",\"@id\":\"http:\/\/vincentians.com\/en\/the-life-of-vincent-de-paul-abelly-book-ii-chapter-i-section-ii-part-vi\/#primaryimage\",\"url\":\"https:\/\/i0.wp.com\/vincentians.com\/en\/wp-content\/uploads\/sites\/2\/2016\/07\/abelly-feat.jpg?fit=1200%2C630\",\"contentUrl\":\"https:\/\/i0.wp.com\/vincentians.com\/en\/wp-content\/uploads\/sites\/2\/2016\/07\/abelly-feat.jpg?fit=1200%2C630\",\"width\":1200,\"height\":630},{\"@type\":\"BreadcrumbList\",\"@id\":\"http:\/\/vincentians.com\/en\/the-life-of-vincent-de-paul-abelly-book-ii-chapter-i-section-ii-part-vi\/#breadcrumb\",\"itemListElement\":[{\"@type\":\"ListItem\",\"position\":1,\"name\":\"Portada\",\"item\":\"https:\/\/vincentians.com\/en\/\"},{\"@type\":\"ListItem\",\"position\":2,\"name\":\"The Life of Vincent de Paul (Abelly): Book II, Chapter I, Section II, Part VI\"}]},{\"@type\":\"WebSite\",\"@id\":\"https:\/\/vincentians.com\/en\/#website\",\"url\":\"https:\/\/vincentians.com\/en\/\",\"name\":\"We are Vincentians\",\"description\":\"Know more to serve more\",\"publisher\":{\"@id\":\"https:\/\/vincentians.com\/en\/#organization\"},\"potentialAction\":[{\"@type\":\"SearchAction\",\"target\":{\"@type\":\"EntryPoint\",\"urlTemplate\":\"https:\/\/vincentians.com\/en\/?s={search_term_string}\"},\"query-input\":{\"@type\":\"PropertyValueSpecification\",\"valueRequired\":true,\"valueName\":\"search_term_string\"}}],\"inLanguage\":\"en-US\"},{\"@type\":\"Organization\",\"@id\":\"https:\/\/vincentians.com\/en\/#organization\",\"name\":\"The Vincentian Network\",\"url\":\"https:\/\/vincentians.com\/en\/\",\"logo\":{\"@type\":\"ImageObject\",\"inLanguage\":\"en-US\",\"@id\":\"https:\/\/vincentians.com\/en\/#\/schema\/logo\/image\/\",\"url\":\"https:\/\/i1.wp.com\/vincentians.com\/en\/wp-content\/uploads\/sites\/2\/2016\/06\/Vincentian-Network-logo-big.png?fit=778%2C778&ssl=1\",\"contentUrl\":\"https:\/\/i1.wp.com\/vincentians.com\/en\/wp-content\/uploads\/sites\/2\/2016\/06\/Vincentian-Network-logo-big.png?fit=778%2C778&ssl=1\",\"width\":778,\"height\":778,\"caption\":\"The Vincentian Network\"},\"image\":{\"@id\":\"https:\/\/vincentians.com\/en\/#\/schema\/logo\/image\/\"},\"sameAs\":[\"https:\/\/www.facebook.com\/WeAreVincentians\/\",\"https:\/\/x.com\/WeVincentians\"]},{\"@type\":\"Person\",\"@id\":\"https:\/\/vincentians.com\/en\/#\/schema\/person\/9623ef4d9aa3b2dfb8c061f1499288f2\",\"name\":\"Francisco Javier Fern\u00e1ndez Chento\",\"image\":{\"@type\":\"ImageObject\",\"inLanguage\":\"en-US\",\"@id\":\"https:\/\/vincentians.com\/en\/#\/schema\/person\/image\/\",\"url\":\"https:\/\/secure.gravatar.com\/avatar\/497d5cde87b4c3d097d0315953521681ba2cd523ee66e5077c3711f7021e65de?s=96&d=mm&r=g\",\"contentUrl\":\"https:\/\/secure.gravatar.com\/avatar\/497d5cde87b4c3d097d0315953521681ba2cd523ee66e5077c3711f7021e65de?s=96&d=mm&r=g\",\"caption\":\"Francisco Javier Fern\u00e1ndez Chento\"},\"description\":\"Director General y cofundador de La Red de Formaci\u00f3n Vicenciana. Javier es laico vicenciano, afiliado a la Congregaci\u00f3n de la Misi\u00f3n y miembro del Equipo de Misiones Populares de la provincia can\u00f3nica de Zaragoza (Espa\u00f1a) de la Congregaci\u00f3n de la Misi\u00f3n. Graduado en la Universidad Oberta de Catalunya con cuatro grados (Asistente de direcci\u00f3n, Gesti\u00f3n Administrativa, Recursos Humanos y Contabilidad Avanzada). Bil\u00edng\u00fce Espa\u00f1ol\/Ingl\u00e9s. gestiona y mantiene varias p\u00e1ginas web cristianas y vicencianas, incluida including La Red de Formaci\u00f3n Vicenciana, de la que es cofundador. Actualmente es responsable del \u00e1rea de Espa\u00f1ol de .famvin, la Red de Noticias de la Familia Vicenciana. Tambi\u00e9n es m\u00fasico cat\u00f3lico y ha editado varios discos. Es Director General y cofundador de Trovador, una reconocida compa\u00f1\u00eda discogr\u00e1fica critiana de Espa\u00f1a. Trabaja en las Tecnolog\u00edas de la Informaci\u00f3n, ofreciendo servicios de alojamiento, dise\u00f1o y mantenimiento Web, as\u00ed como asesoramiento, formaci\u00f3n y soluciones inform\u00e1ticas, gesti\u00f3n documental y digitalizaci\u00f3n de textos, edici\u00f3n y maquetaci\u00f3n de libros, revistas, flyers, etc.\",\"sameAs\":[\"http:\/\/chento.org\",\"https:\/\/www.facebook.com\/JavierChento\",\"https:\/\/x.com\/https:\/\/twitter.com\/javierchento\"],\"url\":\"http:\/\/vincentians.com\/en\/author\/chento\/\"}]}<\/script>\n<!-- \/ Yoast SEO plugin. -->","yoast_head_json":{"title":"The Life of Vincent de Paul (Abelly): Book II, Chapter I, Section II, Part VI - We are Vincentians","robots":{"index":"index","follow":"follow","max-snippet":"max-snippet:-1","max-image-preview":"max-image-preview:large","max-video-preview":"max-video-preview:-1"},"canonical":"http:\/\/vincentians.com\/en\/the-life-of-vincent-de-paul-abelly-book-ii-chapter-i-section-ii-part-vi\/","og_locale":"en_US","og_type":"article","og_title":"The Life of Vincent de Paul (Abelly): Book II, Chapter I, Section II, Part VI - We are Vincentians","og_description":"PART SIX: Various Places in Brittany The missions in Brittany were as successful as those in the other provinces. The superior of the missionaries headquartered at Saint Meen in the diocese of Saint Malo wrote ... Read More","og_url":"http:\/\/vincentians.com\/en\/the-life-of-vincent-de-paul-abelly-book-ii-chapter-i-section-ii-part-vi\/","og_site_name":"We are Vincentians","article_publisher":"https:\/\/www.facebook.com\/WeAreVincentians\/","article_author":"https:\/\/www.facebook.com\/JavierChento","article_published_time":"2016-09-05T04:00:35+00:00","og_image":[{"width":1200,"height":630,"url":"https:\/\/i0.wp.com\/vincentians.com\/en\/wp-content\/uploads\/sites\/2\/2016\/07\/abelly-feat.jpg?fit=1200%2C630","type":"image\/jpeg"}],"author":"Francisco Javier Fern\u00e1ndez Chento","twitter_card":"summary_large_image","twitter_creator":"@https:\/\/twitter.com\/javierchento","twitter_site":"@WeVincentians","twitter_misc":{"Written by":"Francisco Javier Fern\u00e1ndez Chento","Est. reading time":"5 minutes"},"schema":{"@context":"https:\/\/schema.org","@graph":[{"@type":"Article","@id":"http:\/\/vincentians.com\/en\/the-life-of-vincent-de-paul-abelly-book-ii-chapter-i-section-ii-part-vi\/#article","isPartOf":{"@id":"http:\/\/vincentians.com\/en\/the-life-of-vincent-de-paul-abelly-book-ii-chapter-i-section-ii-part-vi\/"},"author":{"name":"Francisco Javier Fern\u00e1ndez Chento","@id":"https:\/\/vincentians.com\/en\/#\/schema\/person\/9623ef4d9aa3b2dfb8c061f1499288f2"},"headline":"The Life of Vincent de Paul (Abelly): Book II, Chapter I, Section II, Part VI","datePublished":"2016-09-05T04:00:35+00:00","mainEntityOfPage":{"@id":"http:\/\/vincentians.com\/en\/the-life-of-vincent-de-paul-abelly-book-ii-chapter-i-section-ii-part-vi\/"},"wordCount":991,"commentCount":0,"publisher":{"@id":"https:\/\/vincentians.com\/en\/#organization"},"image":{"@id":"http:\/\/vincentians.com\/en\/the-life-of-vincent-de-paul-abelly-book-ii-chapter-i-section-ii-part-vi\/#primaryimage"},"thumbnailUrl":"https:\/\/i0.wp.com\/vincentians.com\/en\/wp-content\/uploads\/sites\/2\/2016\/07\/abelly-feat.jpg?fit=1200%2C630","articleSection":["Vincent de Paul"],"inLanguage":"en-US","potentialAction":[{"@type":"CommentAction","name":"Comment","target":["http:\/\/vincentians.com\/en\/the-life-of-vincent-de-paul-abelly-book-ii-chapter-i-section-ii-part-vi\/#respond"]}]},{"@type":"WebPage","@id":"http:\/\/vincentians.com\/en\/the-life-of-vincent-de-paul-abelly-book-ii-chapter-i-section-ii-part-vi\/","url":"http:\/\/vincentians.com\/en\/the-life-of-vincent-de-paul-abelly-book-ii-chapter-i-section-ii-part-vi\/","name":"The Life of Vincent de Paul (Abelly): Book II, Chapter I, Section II, Part VI - We are Vincentians","isPartOf":{"@id":"https:\/\/vincentians.com\/en\/#website"},"primaryImageOfPage":{"@id":"http:\/\/vincentians.com\/en\/the-life-of-vincent-de-paul-abelly-book-ii-chapter-i-section-ii-part-vi\/#primaryimage"},"image":{"@id":"http:\/\/vincentians.com\/en\/the-life-of-vincent-de-paul-abelly-book-ii-chapter-i-section-ii-part-vi\/#primaryimage"},"thumbnailUrl":"https:\/\/i0.wp.com\/vincentians.com\/en\/wp-content\/uploads\/sites\/2\/2016\/07\/abelly-feat.jpg?fit=1200%2C630","datePublished":"2016-09-05T04:00:35+00:00","breadcrumb":{"@id":"http:\/\/vincentians.com\/en\/the-life-of-vincent-de-paul-abelly-book-ii-chapter-i-section-ii-part-vi\/#breadcrumb"},"inLanguage":"en-US","potentialAction":[{"@type":"ReadAction","target":["http:\/\/vincentians.com\/en\/the-life-of-vincent-de-paul-abelly-book-ii-chapter-i-section-ii-part-vi\/"]}]},{"@type":"ImageObject","inLanguage":"en-US","@id":"http:\/\/vincentians.com\/en\/the-life-of-vincent-de-paul-abelly-book-ii-chapter-i-section-ii-part-vi\/#primaryimage","url":"https:\/\/i0.wp.com\/vincentians.com\/en\/wp-content\/uploads\/sites\/2\/2016\/07\/abelly-feat.jpg?fit=1200%2C630","contentUrl":"https:\/\/i0.wp.com\/vincentians.com\/en\/wp-content\/uploads\/sites\/2\/2016\/07\/abelly-feat.jpg?fit=1200%2C630","width":1200,"height":630},{"@type":"BreadcrumbList","@id":"http:\/\/vincentians.com\/en\/the-life-of-vincent-de-paul-abelly-book-ii-chapter-i-section-ii-part-vi\/#breadcrumb","itemListElement":[{"@type":"ListItem","position":1,"name":"Portada","item":"https:\/\/vincentians.com\/en\/"},{"@type":"ListItem","position":2,"name":"The Life of Vincent de Paul (Abelly): Book II, Chapter I, Section II, Part VI"}]},{"@type":"WebSite","@id":"https:\/\/vincentians.com\/en\/#website","url":"https:\/\/vincentians.com\/en\/","name":"We are Vincentians","description":"Know more to serve more","publisher":{"@id":"https:\/\/vincentians.com\/en\/#organization"},"potentialAction":[{"@type":"SearchAction","target":{"@type":"EntryPoint","urlTemplate":"https:\/\/vincentians.com\/en\/?s={search_term_string}"},"query-input":{"@type":"PropertyValueSpecification","valueRequired":true,"valueName":"search_term_string"}}],"inLanguage":"en-US"},{"@type":"Organization","@id":"https:\/\/vincentians.com\/en\/#organization","name":"The Vincentian Network","url":"https:\/\/vincentians.com\/en\/","logo":{"@type":"ImageObject","inLanguage":"en-US","@id":"https:\/\/vincentians.com\/en\/#\/schema\/logo\/image\/","url":"https:\/\/i1.wp.com\/vincentians.com\/en\/wp-content\/uploads\/sites\/2\/2016\/06\/Vincentian-Network-logo-big.png?fit=778%2C778&ssl=1","contentUrl":"https:\/\/i1.wp.com\/vincentians.com\/en\/wp-content\/uploads\/sites\/2\/2016\/06\/Vincentian-Network-logo-big.png?fit=778%2C778&ssl=1","width":778,"height":778,"caption":"The Vincentian Network"},"image":{"@id":"https:\/\/vincentians.com\/en\/#\/schema\/logo\/image\/"},"sameAs":["https:\/\/www.facebook.com\/WeAreVincentians\/","https:\/\/x.com\/WeVincentians"]},{"@type":"Person","@id":"https:\/\/vincentians.com\/en\/#\/schema\/person\/9623ef4d9aa3b2dfb8c061f1499288f2","name":"Francisco Javier Fern\u00e1ndez Chento","image":{"@type":"ImageObject","inLanguage":"en-US","@id":"https:\/\/vincentians.com\/en\/#\/schema\/person\/image\/","url":"https:\/\/secure.gravatar.com\/avatar\/497d5cde87b4c3d097d0315953521681ba2cd523ee66e5077c3711f7021e65de?s=96&d=mm&r=g","contentUrl":"https:\/\/secure.gravatar.com\/avatar\/497d5cde87b4c3d097d0315953521681ba2cd523ee66e5077c3711f7021e65de?s=96&d=mm&r=g","caption":"Francisco Javier Fern\u00e1ndez Chento"},"description":"Director General y cofundador de La Red de Formaci\u00f3n Vicenciana. Javier es laico vicenciano, afiliado a la Congregaci\u00f3n de la Misi\u00f3n y miembro del Equipo de Misiones Populares de la provincia can\u00f3nica de Zaragoza (Espa\u00f1a) de la Congregaci\u00f3n de la Misi\u00f3n. Graduado en la Universidad Oberta de Catalunya con cuatro grados (Asistente de direcci\u00f3n, Gesti\u00f3n Administrativa, Recursos Humanos y Contabilidad Avanzada). Bil\u00edng\u00fce Espa\u00f1ol\/Ingl\u00e9s. gestiona y mantiene varias p\u00e1ginas web cristianas y vicencianas, incluida including La Red de Formaci\u00f3n Vicenciana, de la que es cofundador. Actualmente es responsable del \u00e1rea de Espa\u00f1ol de .famvin, la Red de Noticias de la Familia Vicenciana. Tambi\u00e9n es m\u00fasico cat\u00f3lico y ha editado varios discos. Es Director General y cofundador de Trovador, una reconocida compa\u00f1\u00eda discogr\u00e1fica critiana de Espa\u00f1a. Trabaja en las Tecnolog\u00edas de la Informaci\u00f3n, ofreciendo servicios de alojamiento, dise\u00f1o y mantenimiento Web, as\u00ed como asesoramiento, formaci\u00f3n y soluciones inform\u00e1ticas, gesti\u00f3n documental y digitalizaci\u00f3n de textos, edici\u00f3n y maquetaci\u00f3n de libros, revistas, flyers, etc.","sameAs":["http:\/\/chento.org","https:\/\/www.facebook.com\/JavierChento","https:\/\/x.com\/https:\/\/twitter.com\/javierchento"],"url":"http:\/\/vincentians.com\/en\/author\/chento\/"}]}},"jetpack_publicize_connections":[],"jetpack_featured_media_url":"https:\/\/i0.wp.com\/vincentians.com\/en\/wp-content\/uploads\/sites\/2\/2016\/07\/abelly-feat.jpg?fit=1200%2C630","jetpack_sharing_enabled":true,"jetpack_shortlink":"https:\/\/wp.me\/p7K2Ow-rMB","jetpack-related-posts":[{"id":106408,"url":"http:\/\/vincentians.com\/en\/ephemerides-march-10th\/","url_meta":{"origin":106801,"position":0},"title":"Ephemerides: March, 10th","author":"Francisco Javier Fern\u00e1ndez Chento","date":"March 10, 2017","format":false,"excerpt":"1656: The Conference of St. Vincent in Saint Lazare about humility. He talked about motives that Congregations takes to achieve true humility. 1666: In Paris, Fr Renee Almeras signed contract with Msgr Denis de la Barde, bishop of Saint Brieuc who turned foundation of diocesan seminary into hands of Lazarists.\u2026","rel":"","context":"In &quot;Vincentian ephemerides&quot;","block_context":{"text":"Vincentian ephemerides","link":"http:\/\/vincentians.com\/en\/category\/history-of-the-vincentian-family\/vincentian-ephemerides\/"},"img":{"alt_text":"","src":"https:\/\/i0.wp.com\/vincentians.com\/en\/wp-content\/uploads\/sites\/2\/2016\/07\/ephemerides-fb.jpg?fit=1200%2C630&resize=350%2C200","width":350,"height":200,"srcset":"https:\/\/i0.wp.com\/vincentians.com\/en\/wp-content\/uploads\/sites\/2\/2016\/07\/ephemerides-fb.jpg?fit=1200%2C630&resize=350%2C200 1x, https:\/\/i0.wp.com\/vincentians.com\/en\/wp-content\/uploads\/sites\/2\/2016\/07\/ephemerides-fb.jpg?fit=1200%2C630&resize=525%2C300 1.5x, https:\/\/i0.wp.com\/vincentians.com\/en\/wp-content\/uploads\/sites\/2\/2016\/07\/ephemerides-fb.jpg?fit=1200%2C630&resize=700%2C400 2x, https:\/\/i0.wp.com\/vincentians.com\/en\/wp-content\/uploads\/sites\/2\/2016\/07\/ephemerides-fb.jpg?fit=1200%2C630&resize=1050%2C600 3x"},"classes":[]},{"id":149719,"url":"http:\/\/vincentians.com\/en\/ephemerides-july-25\/","url_meta":{"origin":106801,"position":1},"title":"Ephemerides: July, 25","author":"Francisco Javier Fern\u00e1ndez Chento","date":"July 25, 2017","format":false,"excerpt":"1643: King Louis XIII has asked Vincent de Paul to send some of his priests to Barbary, to relieve Christians enslaved by Turkish corsairs. In Paris, the Duchess of Aiguillon wanting to participate in this good work, signed a contract to build a house for Missioners in Marseilles, which will\u2026","rel":"","context":"In &quot;Vincentian ephemerides&quot;","block_context":{"text":"Vincentian ephemerides","link":"http:\/\/vincentians.com\/en\/category\/history-of-the-vincentian-family\/vincentian-ephemerides\/"},"img":{"alt_text":"","src":"https:\/\/i0.wp.com\/vincentians.com\/en\/wp-content\/uploads\/sites\/2\/2016\/07\/ephemerides-fb.jpg?fit=1200%2C630&resize=350%2C200","width":350,"height":200,"srcset":"https:\/\/i0.wp.com\/vincentians.com\/en\/wp-content\/uploads\/sites\/2\/2016\/07\/ephemerides-fb.jpg?fit=1200%2C630&resize=350%2C200 1x, https:\/\/i0.wp.com\/vincentians.com\/en\/wp-content\/uploads\/sites\/2\/2016\/07\/ephemerides-fb.jpg?fit=1200%2C630&resize=525%2C300 1.5x, https:\/\/i0.wp.com\/vincentians.com\/en\/wp-content\/uploads\/sites\/2\/2016\/07\/ephemerides-fb.jpg?fit=1200%2C630&resize=700%2C400 2x, https:\/\/i0.wp.com\/vincentians.com\/en\/wp-content\/uploads\/sites\/2\/2016\/07\/ephemerides-fb.jpg?fit=1200%2C630&resize=1050%2C600 3x"},"classes":[]},{"id":148898,"url":"http:\/\/vincentians.com\/en\/the-contributions-of-the-vincentian-charism-to-the-mission-of-the-church-3\/","url_meta":{"origin":106801,"position":2},"title":"The Contributions of the Vincentian Charism to the Mission of the Church (3)","author":"Francisco Javier Fern\u00e1ndez Chento","date":"June 25, 2016","format":false,"excerpt":"3. Participation of the laity, especially women, in the mission of the Apostles The biographers of Vincent de Paul and Louise de Marillac highlight their important contribution to the promotion of the laity, especially women. They also point out the various ways in which Vincent and Louise promoted the laity\u2026","rel":"","context":"In &quot;Vincentian Formation&quot;","block_context":{"text":"Vincentian Formation","link":"http:\/\/vincentians.com\/en\/category\/vincentian-formation\/"},"img":{"alt_text":"","src":"https:\/\/i0.wp.com\/vincentians.com\/en\/wp-content\/uploads\/sites\/2\/2016\/06\/contributions-charism.jpg?fit=1200%2C630&resize=350%2C200","width":350,"height":200,"srcset":"https:\/\/i0.wp.com\/vincentians.com\/en\/wp-content\/uploads\/sites\/2\/2016\/06\/contributions-charism.jpg?fit=1200%2C630&resize=350%2C200 1x, https:\/\/i0.wp.com\/vincentians.com\/en\/wp-content\/uploads\/sites\/2\/2016\/06\/contributions-charism.jpg?fit=1200%2C630&resize=525%2C300 1.5x, https:\/\/i0.wp.com\/vincentians.com\/en\/wp-content\/uploads\/sites\/2\/2016\/06\/contributions-charism.jpg?fit=1200%2C630&resize=700%2C400 2x, https:\/\/i0.wp.com\/vincentians.com\/en\/wp-content\/uploads\/sites\/2\/2016\/06\/contributions-charism.jpg?fit=1200%2C630&resize=1050%2C600 3x"},"classes":[]},{"id":107193,"url":"http:\/\/vincentians.com\/en\/the-life-of-vincent-de-paul-abelly-book-ii-chapter-i-section-ix-part-ii\/","url_meta":{"origin":106801,"position":3},"title":"The Life of Vincent de Paul (Abelly): Book II, Chapter I, Section IX, Part II","author":"Francisco Javier Fern\u00e1ndez Chento","date":"September 27, 2016","format":false,"excerpt":"PART TWO: The Departure of the Two Priests of the Congregation of the Mission, and Events that Occurred on their Journey No sooner had Monsieur Nacquart received this letter from Monsieur Vincent than he immediately began to put its directives into effect, considering it as showing not the will of\u2026","rel":"","context":"In &quot;Vincent de Paul&quot;","block_context":{"text":"Vincent de Paul","link":"http:\/\/vincentians.com\/en\/category\/the-vincentian-family\/founders\/vincent-de-paul\/"},"img":{"alt_text":"","src":"https:\/\/i0.wp.com\/vincentians.com\/en\/wp-content\/uploads\/sites\/2\/2016\/07\/abelly-feat.jpg?fit=1200%2C630&resize=350%2C200","width":350,"height":200,"srcset":"https:\/\/i0.wp.com\/vincentians.com\/en\/wp-content\/uploads\/sites\/2\/2016\/07\/abelly-feat.jpg?fit=1200%2C630&resize=350%2C200 1x, https:\/\/i0.wp.com\/vincentians.com\/en\/wp-content\/uploads\/sites\/2\/2016\/07\/abelly-feat.jpg?fit=1200%2C630&resize=525%2C300 1.5x, https:\/\/i0.wp.com\/vincentians.com\/en\/wp-content\/uploads\/sites\/2\/2016\/07\/abelly-feat.jpg?fit=1200%2C630&resize=700%2C400 2x, https:\/\/i0.wp.com\/vincentians.com\/en\/wp-content\/uploads\/sites\/2\/2016\/07\/abelly-feat.jpg?fit=1200%2C630&resize=1050%2C600 3x"},"classes":[]},{"id":106550,"url":"http:\/\/vincentians.com\/en\/the-life-of-vincent-de-paul-abelly-book-ii-chapter-i-section-ii-part-iii\/","url_meta":{"origin":106801,"position":4},"title":"The Life of Vincent de Paul (Abelly): Book II, Chapter I, Section II, Part III","author":"Francisco Javier Fern\u00e1ndez Chento","date":"September 2, 2016","format":false,"excerpt":"PART THREE: The Dioceses of Mende and Saint Flour The diocese of Mende in the Cevennes was overrun by heretics. On several occasions Monsieur Vincent had sent his missionaries, either to attempt to bring the heretics back to the faith or to strengthen the Catholics and prevent them from falling\u2026","rel":"","context":"In &quot;Vincent de Paul&quot;","block_context":{"text":"Vincent de Paul","link":"http:\/\/vincentians.com\/en\/category\/the-vincentian-family\/founders\/vincent-de-paul\/"},"img":{"alt_text":"","src":"https:\/\/i0.wp.com\/vincentians.com\/en\/wp-content\/uploads\/sites\/2\/2016\/07\/abelly-feat.jpg?fit=1200%2C630&resize=350%2C200","width":350,"height":200,"srcset":"https:\/\/i0.wp.com\/vincentians.com\/en\/wp-content\/uploads\/sites\/2\/2016\/07\/abelly-feat.jpg?fit=1200%2C630&resize=350%2C200 1x, https:\/\/i0.wp.com\/vincentians.com\/en\/wp-content\/uploads\/sites\/2\/2016\/07\/abelly-feat.jpg?fit=1200%2C630&resize=525%2C300 1.5x, https:\/\/i0.wp.com\/vincentians.com\/en\/wp-content\/uploads\/sites\/2\/2016\/07\/abelly-feat.jpg?fit=1200%2C630&resize=700%2C400 2x, https:\/\/i0.wp.com\/vincentians.com\/en\/wp-content\/uploads\/sites\/2\/2016\/07\/abelly-feat.jpg?fit=1200%2C630&resize=1050%2C600 3x"},"classes":[]},{"id":105535,"url":"http:\/\/vincentians.com\/en\/vincent-letter-0003-to-his-mother-in-pouy\/","url_meta":{"origin":106801,"position":5},"title":"Vincent, Letter 0003. To His Mother, In Pouy","author":"Francisco Javier Fern\u00e1ndez Chento","date":"August 1, 2016","format":false,"excerpt":"February 17, 1610 Mother, The assurance that Monsieur de Saint-Martin has given me with regard to your good health has gladdened me, as much as the prolonged sojourn which I must necessarily make in this city in order to regain my chances for advancement (which my disasters took from me)\u2026","rel":"","context":"In &quot;Writings of Vincent de Paul&quot;","block_context":{"text":"Writings of Vincent de Paul","link":"http:\/\/vincentians.com\/en\/category\/writings\/writings-of-vincent-de-paul\/"},"img":{"alt_text":"","src":"https:\/\/i0.wp.com\/vincentians.com\/en\/wp-content\/uploads\/sites\/2\/2016\/06\/Writings-of-Vincent-de-Paul.jpg?fit=1200%2C630&resize=350%2C200","width":350,"height":200,"srcset":"https:\/\/i0.wp.com\/vincentians.com\/en\/wp-content\/uploads\/sites\/2\/2016\/06\/Writings-of-Vincent-de-Paul.jpg?fit=1200%2C630&resize=350%2C200 1x, https:\/\/i0.wp.com\/vincentians.com\/en\/wp-content\/uploads\/sites\/2\/2016\/06\/Writings-of-Vincent-de-Paul.jpg?fit=1200%2C630&resize=525%2C300 1.5x, https:\/\/i0.wp.com\/vincentians.com\/en\/wp-content\/uploads\/sites\/2\/2016\/06\/Writings-of-Vincent-de-Paul.jpg?fit=1200%2C630&resize=700%2C400 2x, https:\/\/i0.wp.com\/vincentians.com\/en\/wp-content\/uploads\/sites\/2\/2016\/06\/Writings-of-Vincent-de-Paul.jpg?fit=1200%2C630&resize=1050%2C600 3x"},"classes":[]}],"_links":{"self":[{"href":"http:\/\/vincentians.com\/en\/wp-json\/wp\/v2\/posts\/106801","targetHints":{"allow":["GET"]}}],"collection":[{"href":"http:\/\/vincentians.com\/en\/wp-json\/wp\/v2\/posts"}],"about":[{"href":"http:\/\/vincentians.com\/en\/wp-json\/wp\/v2\/types\/post"}],"author":[{"embeddable":true,"href":"http:\/\/vincentians.com\/en\/wp-json\/wp\/v2\/users\/4"}],"replies":[{"embeddable":true,"href":"http:\/\/vincentians.com\/en\/wp-json\/wp\/v2\/comments?post=106801"}],"version-history":[{"count":0,"href":"http:\/\/vincentians.com\/en\/wp-json\/wp\/v2\/posts\/106801\/revisions"}],"wp:featuredmedia":[{"embeddable":true,"href":"http:\/\/vincentians.com\/en\/wp-json\/wp\/v2\/media\/149583"}],"wp:attachment":[{"href":"http:\/\/vincentians.com\/en\/wp-json\/wp\/v2\/media?parent=106801"}],"wp:term":[{"taxonomy":"category","embeddable":true,"href":"http:\/\/vincentians.com\/en\/wp-json\/wp\/v2\/categories?post=106801"},{"taxonomy":"post_tag","embeddable":true,"href":"http:\/\/vincentians.com\/en\/wp-json\/wp\/v2\/tags?post=106801"}],"curies":[{"name":"wp","href":"https:\/\/api.w.org\/{rel}","templated":true}]}}