{"id":106786,"date":"2015-05-14T07:12:30","date_gmt":"2015-05-14T05:12:30","guid":{"rendered":"http:\/\/vincentians.com\/?p=106786"},"modified":"2016-07-10T09:17:14","modified_gmt":"2016-07-10T07:17:14","slug":"st-vincent-and-the-priesthood","status":"publish","type":"post","link":"http:\/\/vincentians.com\/en\/st-vincent-and-the-priesthood\/","title":{"rendered":"St Vincent and the Priesthood"},"content":{"rendered":"<h2><i>Introduction<\/i><\/h2>\n<p>Daniel-Rops in his history of the church in the 17th century entitles his second chapter \u201cAn age of spiritual grandeur\u201d. Yet in that same chapter he has some frightening references to the scandalous conduct of priests who, in his own words, \u201cwere interested in everything but their priesthood and their apostolate. They lived with their families after ordination, unoccupied; they frequented the Court and the town, hoping for a good benefice \u2014 apart from all those in minor orders, subdeacons and other wandering monks who were to be found everywhere\u201d. There would seem to be somewhat of a paradox here. In fact some of the biographies of St Vincent concentrate so much on the evils of the clergy of the 17th century that many would find it difficult to accept the title of Daniel-Rops\u2019 second chapter. But in fact parallel to the sordid state of the clergy, or at least of some of them, there was a tremendous revivalist movement going on.<\/p>\n<p>The famous French school of spirituality, headed by B\u00e9rulle, was exercising a powerful counter-witness to that of the undesirable clergy to which Daniel-Rops and indeed Vincent himself refer so often. Interestingly, historians of the period seem generally speaking to omit the name of Vincent de Paul from this French school of spirituality. In addition to B\u00e9rulle his successor as superior of the Oratory, Charles de Condren, Jean-Jacques Olier and John Eudes are the names that are usually given as forming the nucleus of this original French school of spirituality. Vincent\u2019s name is not linked with the school. This might be puzzling at first sight because in fact Vincent was a disciple of B\u00e9rulle in the sense that B\u00e9rulle was his confessor and director. He probably spent a whole year doing something like an extended retreat with B\u00e9rulle. But while Vincent learned much of his Christo-centrism from B\u00e9rulle he manifested a complete independence of him in the manner in which he applied his Incarnational theology to life. Vincent had another tutor besides B\u00e9rulle, the poor. As we shall see, Vincent was thoroughly evangelised by the poor and this gave a very practical and down-to-earth slant to his Incarnationalism. Vincent of course was not alone in this interpretation of B\u00e9rullianism. John Eudes was of similar frame of mind. Vincent however would be the first to admit to the tremendous influence of B\u00e9rulle on this great revivalist movement of the 17th century in which he himself played a very significant role. It was because the days were dark that the work of these great reformers shone so brightly and merited for the 17th century the designation \u201cAn age of spiritual grandeur\u201d.<\/p>\n<h2><i>V<\/i><i>incent becomes a priest<\/i><\/h2>\n<p>Vincent was ordained to the priesthood when he was not quite twenty years of age. In other words, he violated the prescriptions of the Council of Trent which stipulated that the minimum age for ordination to the priesthood was twenty-four. I suppose there is some excuse for this extraordinary violation of the Church\u2019s ruling in the fact that the decrees of the Council of Trent were not even accepted in France at that time. So, while it does not justify the situation, the fact is that it was nothing unusual to have priests ordained even before the age of twenty in France at that time.<\/p>\n<p>Notwithstanding his youth at the time of his ordination Vincent differed from many of his priest contemporaries intellectually. He was in fact an educated man at the time of his ordination. The same could not be said of many of his contemporaries. He had done three years in the school in Dax where he was both student and tutor \u2014 tutor to Monsieur de Comet\u2019s children. He then entered the university of Toulouse where he spent up to seven years in all and obtained a Bachelor\u2019s degree in Theology. While therefore as I have said he differed from his contemporaries intellectually the question is, did he differ from them in ambition? Could what Daniel-Rops says of the general run of the clergy at the time be said of Vincent too? Well, we have his own words to the effect that his early ambition was to secure a good benefice and settle down near his mother so that he could look after her. There was however something about his choice of Buzet as the venue for his first Mass which seems to indicate that there was a depth to his spirituality even at this time which augured will for the future. There was a shrine to our Lady at Buzet which he visited frequently during his student days. The late Mgr Calvet\u2019s comment on this in his biography of Vincent is interesting: \u201cAt twenty, head and heart were in a healthy state morally; and it was as a priest, indeed a good priest, that he went on with his studies at the university of Toulouse and continued to preside over his small school\u201d. Nearly sixty years later, however, Vincent testifies himself that his understanding of of the sublimity of the priesthood when he was ordained was quite meagre: \u201cAs far as I am concerned myself, if I had known the real nature of the priesthood then, when I had the temerity to become a priest, as I know it now, I would have chosen to work as a labourer on the land rather then involve myself in such a sublime calling\u201d (V 568).<\/p>\n<p>So, while one must recognise with Calvet that even at the beginning Vincent had a deep reverence for the priesthood it must be admitted too that there was quite a strong mixture of worldliness and ambition in the young priest Vincent.<\/p>\n<h2><i>The mission experience<\/i><\/h2>\n<p>As already stated, however, Vincent had another tutor besides Berulle, the poor. When he began to give the much-needed missions to the poor country people he made a discovery which greatly shocked him and which revealed to him that there was urgent need for a new type of priest. This new type of priest must not be content simply to contemplate Christ the Eternal Priest offering himself to the Father, but rather one who carries the living Christ into the market place of the neglected people, especially the poor and destitute. The state of the country people to whom Vincent gave his first missions constituted a real school of sacerdotal theology for him. From his knowledge of the history of the church in the world at large and the way in which priests neglected their duties to their people, he saw this very thing happening in his own native France. Often during his subsequent years he spoke feelingly of the way in which the church down the centuries was brought to disaster in many places by bad priests. In fact he almost became obsessed by the shocking neglect of the poor by the priests. As we know, he was one of the team of deeply concerned ecclesiastics who saw the solution to the situation in the establishment of seminaries as recommended by the Council of Trent.<\/p>\n<h2><i>Man of God for others<\/i><\/h2>\n<p>In modern times we are very accustomed to the statement that a priest is a man of God for others. Incidentally, this is one of Helder Camara\u2019s description of the priest: \u201cDo you know what it means to be a priest? It means to belong to yourself no more. The priest belongs to God and to others\u201d <i>(<\/i><i>T<\/i><i>h<\/i><i>e Impossible Dream, <\/i>pp 23-24). The whole theology of Vincent on the priesthood is really saturated with the idea that the priest is for others. His starting point in his approach to the priesthood as indeed in his approach to everything is Jesus Christ. For Vincent the Gospels are the story of Christ the Eternal High Priest. He was not interested in what modern theologians call Christ\u2019s consciousness of his priesthood. Vincent saw the priesthood of Christ unfolded on every page of the Gospels. He was thoroughly convinced that the \u201chuman\u201d priest participates in this Gospel priesthood of Christ. It is a priesthood which bypasses as it were speculative theology and is totally immersed in concrete reality.<\/p>\n<p>We know anyhow that speculative theology was not Vincent\u2019s interest, certainly after his own conversion. We might with good reason call him a biblical theologian precisely because of his practical and concrete approach to matters theological. He has a very strong statement on this question of relationship between the priesthood of Christ and ours in a conference given on 19 July 1655: \u201cThe distinguishing mark of priests is that their priesthood is a participation in the priesthood of the Son of God who has given them the power to offer his own Body in sacrifice and to give it as meat so that those who eat it will live eternally\u201d (XI 7). It is of course true that this same idea about the nature of our priesthood is also the common teaching of many of Vincent\u2019s contemporaries, and of course of modern theologians as well. But once again he differs from them all in his manner of applying the doctrine of participation to the priesthood of the ministerial priests. Vincent seemed to see the priest as the very Christ going about in the concrete circumstances of everyday life, doing good to real people in the flesh. In fact he said so much on one occasion: \u201cTo be a priest is not so much to accomplish or fulfil the ministry of which he has given us an example, as to give oneself to him so that he will continue to exercise the ministry in us and by us\u201d (XI 74). This seems to me to be the very heart of Vincent\u2019s teaching on the priesthood. He saw the \u201chuman\u201d priest as the identity of Christ the Priest. We know how often Vincent himself paused in the exercise of his own priesthood to try to be sure that at this particular moment in his life he was in fact the identity of Christ. What would Christ do in these circumstances was a constant question he put to himself.<\/p>\n<h2><i>Instrument of Christ<\/i><\/h2>\n<p>Another simile used by Vincent very often about the priest is <i>Instrument. <\/i>Here of course he is thinking of instrument as a living reality. In the mind of Vincent the priest is the instrument of Christ because in a very real way the priest is alive with the very aliveness of Christ himself. Again in modern theology the term used for this would probably be <i>s<\/i><i>a<\/i><i>c<\/i><i>r<\/i><i>a<\/i><i>m<\/i><i>e<\/i><i>n<\/i><i>t<\/i><i>: <\/i>the priest is the sacrament of Christ. It is because of this that Vincent insisted so much on the need for a very high quality of spiritual or interior life in the priest. For him, though the priest is certainly one who is sent as the instrument of Christ, he is sent not just as a messenger or on an errand. He is sent as a person who is destined to live out the personality of Christ. He is sent too to share the total destiny of Christ the Priest. Some theologians today when discussing this \u201contology\u201d of the priest tend to teach that the priest can be effective in his cultic mission without being identified necessarily with the \u201contology\u201d of the Priest Christ. On the other hand these same theologians are convinced that in his prophetic role the priest must himself be part of the living word. In other words he cannot divorce the quality of his life from the word that he preaches because he himself is the word. Vincent would have no such hair-splitting. All his teaching on the priesthood emphasised the total take-over of the priest\u2019s personality by the personality of Christ. For example, Vincent says that when the priest says Mass he must be conscious of the fact that Christ himself is the chief celebrant: \u201cWhen a priest says Mass he must believe and realise that it is Jesus Christ himself, our Saviour, who is the principal and the sovereign priest who offers the sacrifice; the priest is only the minister of the Lord\u2026\u201d (XI 375). And again, in similar vein: \u201cOur vocation is to embrace the hearts of men, do what the Son of God did, he who came into the world to set it on fire. It is true therefore that I am sent not only to love God but to make him loved. It is not enough to love God if my neighbour does not love him\u201d (XII 262). From all this it is obvious that Vincent is asking for a very high degree of Christ-consciousness in the priest. Vincent\u2019s words about the priest and Mass quoted above make it quite clear that at Mass the priest must be deeply conscious of his identity with Christ the Eternal High Priest.<\/p>\n<h2><i>The priest the voice of God<\/i><\/h2>\n<p>Vincent is no less convinced that the priest is the voice of God, especially when he is preaching the word: \u201cWe must preach as apostles, that is to say to preach well with fruit; we must approach it with simplicity and use simple language, the kind of language that everyone will understand and from which they will derive fruit. This is how Jesus Christ preached and it is a great privilege that God has granted to this miserable Company the happiness of imitating him in this\u201d (XI258). The voice of the priest is the voice of the love of God in the priest\u2019s heart: \u201cNow if it is true that we are called to preach the love of God far and near, if we must inflame the nations with this love, if we are called to cast the divine fire on earth, if all this is so, my brothers, what a great fire of divine love should be burning in my soul\u201d (XII 263). It was because there was so little of this \u201cdivine enthusiasm\u201d in the preachers of his own day that Vincent was so insistent on the virtue of simplicity in the priest. For Vincent simplicity was not just a virtue, it was a vision leading to a deep personal experience of God. And it is precisely this experience that he preaches.<\/p>\n<h2><i>Relationship between the poor and Vincent\u2019s concept of the priest<\/i><\/h2>\n<p>I remember many years ago having a conversation with one of the Congregation\u2019s historians about St Vincent and the priesthood. This historian was quite certain that Vincent\u2019s interest in the priesthood was very definitely related to his mission to the poor. In other words, according to this historian had Vincent not embarked first on his mission to the neglected country people he probably would not have become so involved in the reform of the clergy. In the introduction to this article I have already referred to the fact that the poor evangelised Vincent. Here I want to draw attention to the other side of the coin, namely that Vincent saw the priest very much as the Messiah for the poor.<\/p>\n<p>In a conference in December 1658 he has this to say on Christ, the priest and the poor: \u201cYes, our Saviour asks us to evangelise the poor; this is what he himself did and this is what he wants to be continued by us. We have much reason to be humiliated on this matter, seeing the Eternal Father calls us to fulfil the designs of his Son who came to evangelise the poor and who has actually given this as a sign that he was the Son of God and that he was the Messiah for whom the world was waiting\u201d (XII 79). Vincent seems to have reached a very deep consciousness of the meaning of the priesthood when he found himself among the shepherdless poor. He would therefore be very much at home with the current emphasis on the church as the church of the poor. It would be impossible to think of Vincent enjoying the very deep and satisfying contemplation of the French spiritual salons while the poor were languishing for the word and sacrament. I am sure that with Vincent\u2019s own dedication to Divine Providence he would have seen his entry into the world of the poor when he was a young ambitious priest as one of the very important ways in which God was deepening his consciousness of the meaning of the priesthood. Reading his letters especially one gets the very definite impression that he saw the ministry to the poor as a very effective instrument in the creation of his own \u201cpriestly mind\u201d.<\/p>\n<h2><i>The influence of the priest in society<\/i><\/h2>\n<p>We are all familiar with Vincent\u2019s thesis about the influence of bad priests. In a conference specifically on priests in September 1655 he is quite dramatic about this fact. He says: \u201cRecently I was at a meeting where there were seven prelates who were reflecting on the disorders in the church. They were saying quite definitely that it was the ecclesiastics who were the principal cause of these disorders in the church\u201d. He then added his own contribution on the subject: \u201cIt is the priests therefore, yes, we are the cause of the desolation which is ruining the church, this deplorable falling-away from the church which is happening in so many parts of the world. It is almost entirely destroyed in Asia, Africa and even in a great part of Europe\u201d. It was in this context that he made the statement about the possible transfer of the church from Europe altogether: \u201cDoesn\u2019t it seem, Fathers, that God wishes to transport his church to other countries?\u201d (XI 309).<\/p>\n<p>Pope St Pius X was a very strong supporter of the thesis of Vincent about the harm done by bad priests. This fear which seems to have been constantly on the mind of Vincent dictated the kind of directions which he gave to his priests in seminaries concerning the removal of doubtful candidates for the priesthood.<\/p>\n<p>On the other side of the coin, however, Vincent had most encouraging words about the influence of the good priest: \u201cOh, Fathers, what a wonderful thing is a good priest. What cannot a good ecclesiastic do! What conversions will he not bring about! Take for example Monsieur Bourdaise, this excellent priest. What does he not do, and what cannot he do! The happiness of the Christian way of life depends on priests because the good parishioners look up to a good ecclesiastic, they respect a charitable pastor and they follow his lead; in fact they try to imitate him. Oh, let us strive to make them all good since this is our work and because the priesthood is such a sublime calling. Oh my Saviour, how totally should the poor missionaries give themselves to you for the formation of good ecclesiastics, since this is the most difficult and the most sublime work, and of course the most important for the salvation of men and the progress of Christianity\u201d (XI 7-8).<\/p>\n<h2><i>Conclusion<\/i><\/h2>\n<p>The priest, then, for Vincent is a real presence of the mind and the spirit of Christ. In fact he is in a very real sense a real presence of the person of Christ himself. No other theology of the priesthood would fit in with Vincent\u2019s conviction of the transforming power of the good priest in any society. Again, one is reminded of the saintly Pope Pius X who stated: \u201cNo priest can be good or bad alone\u201d.<\/p>\n<p>We can readily hear Vincent saying Amen to the present Holy Father\u2019s assessment of the kind of priest that the world is looking for today: \u201cIn practical terms, the only priest who will always prove necessary to people is the priest who is conscious of the full meaning of his priesthood; the priest who believes profoundly, who professes his faith with courage, who prays fervently, who teaches with deep conviction, who serves, who puts into practice the programme of the Beatitudes, who knows how to love disinterestedly, who is close to everyone and especially to those who are most in need\u201d <i>(<\/i><i>L<\/i><i>etter to Priests, <\/i>Passion Sunday 1979). This is in fact the new type of priest which Vincent saw the need for when he entered the mission field of the poor country people in 1617 and for which he laboured for over half of his eighty years.<\/p>\n","protected":false},"excerpt":{"rendered":"<p>Introduction Daniel-Rops in his history of the church in the 17th century entitles his second chapter \u201cAn age of spiritual grandeur\u201d. Yet in that same chapter he has some frightening references to the scandalous conduct &#8230; <a href=\"http:\/\/vincentians.com\/en\/st-vincent-and-the-priesthood\/\" class=\"more-link\">Read More<\/a><\/p>\n","protected":false},"author":4,"featured_media":150182,"comment_status":"open","ping_status":"open","sticky":false,"template":"","format":"standard","meta":{"jetpack_post_was_ever_published":false,"_jetpack_newsletter_access":"","_jetpack_dont_email_post_to_subs":false,"_jetpack_newsletter_tier_id":0,"_jetpack_memberships_contains_paywalled_content":false,"_jetpack_memberships_contains_paid_content":false,"footnotes":"","jetpack_publicize_message":"","jetpack_publicize_feature_enabled":true,"jetpack_social_post_already_shared":false,"jetpack_social_options":{"image_generator_settings":{"template":"highway","default_image_id":0,"font":"","enabled":false},"version":2}},"categories":[5],"tags":[],"class_list":["post-106786","post","type-post","status-publish","format-standard","has-post-thumbnail","hentry","category-vincent-de-paul"],"yoast_head":"<!-- This site is optimized with the Yoast SEO plugin v26.3 - https:\/\/yoast.com\/wordpress\/plugins\/seo\/ -->\n<title>St Vincent and the Priesthood - We are Vincentians<\/title>\n<meta name=\"robots\" content=\"index, follow, max-snippet:-1, max-image-preview:large, max-video-preview:-1\" \/>\n<link rel=\"canonical\" href=\"http:\/\/vincentians.com\/en\/st-vincent-and-the-priesthood\/\" \/>\n<meta property=\"og:locale\" content=\"en_US\" \/>\n<meta property=\"og:type\" content=\"article\" \/>\n<meta property=\"og:title\" content=\"St Vincent and the Priesthood - We are Vincentians\" \/>\n<meta property=\"og:description\" content=\"Introduction Daniel-Rops in his history of the church in the 17th century entitles his second chapter \u201cAn age of spiritual grandeur\u201d. Yet in that same chapter he has some frightening references to the scandalous conduct ... Read More\" \/>\n<meta property=\"og:url\" content=\"http:\/\/vincentians.com\/en\/st-vincent-and-the-priesthood\/\" \/>\n<meta property=\"og:site_name\" content=\"We are Vincentians\" \/>\n<meta property=\"article:publisher\" content=\"https:\/\/www.facebook.com\/WeAreVincentians\/\" \/>\n<meta property=\"article:author\" content=\"https:\/\/www.facebook.com\/JavierChento\" \/>\n<meta property=\"article:published_time\" content=\"2015-05-14T05:12:30+00:00\" \/>\n<meta property=\"article:modified_time\" content=\"2016-07-10T07:17:14+00:00\" \/>\n<meta property=\"og:image\" content=\"https:\/\/i0.wp.com\/vincentians.com\/en\/wp-content\/uploads\/sites\/2\/2015\/05\/St-Vincent-and-the-Priesthood.jpg?fit=1200%2C630\" \/>\n\t<meta property=\"og:image:width\" content=\"1200\" \/>\n\t<meta property=\"og:image:height\" content=\"630\" \/>\n\t<meta property=\"og:image:type\" content=\"image\/jpeg\" \/>\n<meta name=\"author\" content=\"Francisco Javier Fern\u00e1ndez Chento\" \/>\n<meta name=\"twitter:card\" content=\"summary_large_image\" \/>\n<meta name=\"twitter:creator\" content=\"@https:\/\/twitter.com\/javierchento\" \/>\n<meta name=\"twitter:site\" content=\"@WeVincentians\" \/>\n<meta name=\"twitter:label1\" content=\"Written by\" \/>\n\t<meta name=\"twitter:data1\" content=\"Francisco Javier Fern\u00e1ndez Chento\" \/>\n\t<meta name=\"twitter:label2\" content=\"Est. reading time\" \/>\n\t<meta name=\"twitter:data2\" content=\"17 minutes\" \/>\n<script type=\"application\/ld+json\" class=\"yoast-schema-graph\">{\"@context\":\"https:\/\/schema.org\",\"@graph\":[{\"@type\":\"Article\",\"@id\":\"http:\/\/vincentians.com\/en\/st-vincent-and-the-priesthood\/#article\",\"isPartOf\":{\"@id\":\"http:\/\/vincentians.com\/en\/st-vincent-and-the-priesthood\/\"},\"author\":{\"name\":\"Francisco Javier Fern\u00e1ndez Chento\",\"@id\":\"https:\/\/vincentians.com\/en\/#\/schema\/person\/9623ef4d9aa3b2dfb8c061f1499288f2\"},\"headline\":\"St Vincent and the Priesthood\",\"datePublished\":\"2015-05-14T05:12:30+00:00\",\"dateModified\":\"2016-07-10T07:17:14+00:00\",\"mainEntityOfPage\":{\"@id\":\"http:\/\/vincentians.com\/en\/st-vincent-and-the-priesthood\/\"},\"wordCount\":3399,\"commentCount\":0,\"publisher\":{\"@id\":\"https:\/\/vincentians.com\/en\/#organization\"},\"image\":{\"@id\":\"http:\/\/vincentians.com\/en\/st-vincent-and-the-priesthood\/#primaryimage\"},\"thumbnailUrl\":\"https:\/\/i0.wp.com\/vincentians.com\/en\/wp-content\/uploads\/sites\/2\/2015\/05\/St-Vincent-and-the-Priesthood.jpg?fit=1200%2C630\",\"articleSection\":[\"Vincent de Paul\"],\"inLanguage\":\"en-US\",\"potentialAction\":[{\"@type\":\"CommentAction\",\"name\":\"Comment\",\"target\":[\"http:\/\/vincentians.com\/en\/st-vincent-and-the-priesthood\/#respond\"]}]},{\"@type\":\"WebPage\",\"@id\":\"http:\/\/vincentians.com\/en\/st-vincent-and-the-priesthood\/\",\"url\":\"http:\/\/vincentians.com\/en\/st-vincent-and-the-priesthood\/\",\"name\":\"St Vincent and the Priesthood - We are Vincentians\",\"isPartOf\":{\"@id\":\"https:\/\/vincentians.com\/en\/#website\"},\"primaryImageOfPage\":{\"@id\":\"http:\/\/vincentians.com\/en\/st-vincent-and-the-priesthood\/#primaryimage\"},\"image\":{\"@id\":\"http:\/\/vincentians.com\/en\/st-vincent-and-the-priesthood\/#primaryimage\"},\"thumbnailUrl\":\"https:\/\/i0.wp.com\/vincentians.com\/en\/wp-content\/uploads\/sites\/2\/2015\/05\/St-Vincent-and-the-Priesthood.jpg?fit=1200%2C630\",\"datePublished\":\"2015-05-14T05:12:30+00:00\",\"dateModified\":\"2016-07-10T07:17:14+00:00\",\"breadcrumb\":{\"@id\":\"http:\/\/vincentians.com\/en\/st-vincent-and-the-priesthood\/#breadcrumb\"},\"inLanguage\":\"en-US\",\"potentialAction\":[{\"@type\":\"ReadAction\",\"target\":[\"http:\/\/vincentians.com\/en\/st-vincent-and-the-priesthood\/\"]}]},{\"@type\":\"ImageObject\",\"inLanguage\":\"en-US\",\"@id\":\"http:\/\/vincentians.com\/en\/st-vincent-and-the-priesthood\/#primaryimage\",\"url\":\"https:\/\/i0.wp.com\/vincentians.com\/en\/wp-content\/uploads\/sites\/2\/2015\/05\/St-Vincent-and-the-Priesthood.jpg?fit=1200%2C630\",\"contentUrl\":\"https:\/\/i0.wp.com\/vincentians.com\/en\/wp-content\/uploads\/sites\/2\/2015\/05\/St-Vincent-and-the-Priesthood.jpg?fit=1200%2C630\",\"width\":1200,\"height\":630},{\"@type\":\"BreadcrumbList\",\"@id\":\"http:\/\/vincentians.com\/en\/st-vincent-and-the-priesthood\/#breadcrumb\",\"itemListElement\":[{\"@type\":\"ListItem\",\"position\":1,\"name\":\"Portada\",\"item\":\"https:\/\/vincentians.com\/en\/\"},{\"@type\":\"ListItem\",\"position\":2,\"name\":\"St Vincent and the Priesthood\"}]},{\"@type\":\"WebSite\",\"@id\":\"https:\/\/vincentians.com\/en\/#website\",\"url\":\"https:\/\/vincentians.com\/en\/\",\"name\":\"We are Vincentians\",\"description\":\"Know more to serve more\",\"publisher\":{\"@id\":\"https:\/\/vincentians.com\/en\/#organization\"},\"potentialAction\":[{\"@type\":\"SearchAction\",\"target\":{\"@type\":\"EntryPoint\",\"urlTemplate\":\"https:\/\/vincentians.com\/en\/?s={search_term_string}\"},\"query-input\":{\"@type\":\"PropertyValueSpecification\",\"valueRequired\":true,\"valueName\":\"search_term_string\"}}],\"inLanguage\":\"en-US\"},{\"@type\":\"Organization\",\"@id\":\"https:\/\/vincentians.com\/en\/#organization\",\"name\":\"The Vincentian Network\",\"url\":\"https:\/\/vincentians.com\/en\/\",\"logo\":{\"@type\":\"ImageObject\",\"inLanguage\":\"en-US\",\"@id\":\"https:\/\/vincentians.com\/en\/#\/schema\/logo\/image\/\",\"url\":\"https:\/\/i1.wp.com\/vincentians.com\/en\/wp-content\/uploads\/sites\/2\/2016\/06\/Vincentian-Network-logo-big.png?fit=778%2C778&ssl=1\",\"contentUrl\":\"https:\/\/i1.wp.com\/vincentians.com\/en\/wp-content\/uploads\/sites\/2\/2016\/06\/Vincentian-Network-logo-big.png?fit=778%2C778&ssl=1\",\"width\":778,\"height\":778,\"caption\":\"The Vincentian Network\"},\"image\":{\"@id\":\"https:\/\/vincentians.com\/en\/#\/schema\/logo\/image\/\"},\"sameAs\":[\"https:\/\/www.facebook.com\/WeAreVincentians\/\",\"https:\/\/x.com\/WeVincentians\"]},{\"@type\":\"Person\",\"@id\":\"https:\/\/vincentians.com\/en\/#\/schema\/person\/9623ef4d9aa3b2dfb8c061f1499288f2\",\"name\":\"Francisco Javier Fern\u00e1ndez Chento\",\"image\":{\"@type\":\"ImageObject\",\"inLanguage\":\"en-US\",\"@id\":\"https:\/\/vincentians.com\/en\/#\/schema\/person\/image\/\",\"url\":\"https:\/\/secure.gravatar.com\/avatar\/497d5cde87b4c3d097d0315953521681ba2cd523ee66e5077c3711f7021e65de?s=96&d=mm&r=g\",\"contentUrl\":\"https:\/\/secure.gravatar.com\/avatar\/497d5cde87b4c3d097d0315953521681ba2cd523ee66e5077c3711f7021e65de?s=96&d=mm&r=g\",\"caption\":\"Francisco Javier Fern\u00e1ndez Chento\"},\"description\":\"Director General y cofundador de La Red de Formaci\u00f3n Vicenciana. Javier es laico vicenciano, afiliado a la Congregaci\u00f3n de la Misi\u00f3n y miembro del Equipo de Misiones Populares de la provincia can\u00f3nica de Zaragoza (Espa\u00f1a) de la Congregaci\u00f3n de la Misi\u00f3n. Graduado en la Universidad Oberta de Catalunya con cuatro grados (Asistente de direcci\u00f3n, Gesti\u00f3n Administrativa, Recursos Humanos y Contabilidad Avanzada). Bil\u00edng\u00fce Espa\u00f1ol\/Ingl\u00e9s. gestiona y mantiene varias p\u00e1ginas web cristianas y vicencianas, incluida including La Red de Formaci\u00f3n Vicenciana, de la que es cofundador. Actualmente es responsable del \u00e1rea de Espa\u00f1ol de .famvin, la Red de Noticias de la Familia Vicenciana. Tambi\u00e9n es m\u00fasico cat\u00f3lico y ha editado varios discos. Es Director General y cofundador de Trovador, una reconocida compa\u00f1\u00eda discogr\u00e1fica critiana de Espa\u00f1a. Trabaja en las Tecnolog\u00edas de la Informaci\u00f3n, ofreciendo servicios de alojamiento, dise\u00f1o y mantenimiento Web, as\u00ed como asesoramiento, formaci\u00f3n y soluciones inform\u00e1ticas, gesti\u00f3n documental y digitalizaci\u00f3n de textos, edici\u00f3n y maquetaci\u00f3n de libros, revistas, flyers, etc.\",\"sameAs\":[\"http:\/\/chento.org\",\"https:\/\/www.facebook.com\/JavierChento\",\"https:\/\/x.com\/https:\/\/twitter.com\/javierchento\"],\"url\":\"http:\/\/vincentians.com\/en\/author\/chento\/\"}]}<\/script>\n<!-- \/ Yoast SEO plugin. -->","yoast_head_json":{"title":"St Vincent and the Priesthood - We are Vincentians","robots":{"index":"index","follow":"follow","max-snippet":"max-snippet:-1","max-image-preview":"max-image-preview:large","max-video-preview":"max-video-preview:-1"},"canonical":"http:\/\/vincentians.com\/en\/st-vincent-and-the-priesthood\/","og_locale":"en_US","og_type":"article","og_title":"St Vincent and the Priesthood - We are Vincentians","og_description":"Introduction Daniel-Rops in his history of the church in the 17th century entitles his second chapter \u201cAn age of spiritual grandeur\u201d. Yet in that same chapter he has some frightening references to the scandalous conduct ... Read More","og_url":"http:\/\/vincentians.com\/en\/st-vincent-and-the-priesthood\/","og_site_name":"We are Vincentians","article_publisher":"https:\/\/www.facebook.com\/WeAreVincentians\/","article_author":"https:\/\/www.facebook.com\/JavierChento","article_published_time":"2015-05-14T05:12:30+00:00","article_modified_time":"2016-07-10T07:17:14+00:00","og_image":[{"width":1200,"height":630,"url":"https:\/\/i0.wp.com\/vincentians.com\/en\/wp-content\/uploads\/sites\/2\/2015\/05\/St-Vincent-and-the-Priesthood.jpg?fit=1200%2C630","type":"image\/jpeg"}],"author":"Francisco Javier Fern\u00e1ndez Chento","twitter_card":"summary_large_image","twitter_creator":"@https:\/\/twitter.com\/javierchento","twitter_site":"@WeVincentians","twitter_misc":{"Written by":"Francisco Javier Fern\u00e1ndez Chento","Est. reading time":"17 minutes"},"schema":{"@context":"https:\/\/schema.org","@graph":[{"@type":"Article","@id":"http:\/\/vincentians.com\/en\/st-vincent-and-the-priesthood\/#article","isPartOf":{"@id":"http:\/\/vincentians.com\/en\/st-vincent-and-the-priesthood\/"},"author":{"name":"Francisco Javier Fern\u00e1ndez Chento","@id":"https:\/\/vincentians.com\/en\/#\/schema\/person\/9623ef4d9aa3b2dfb8c061f1499288f2"},"headline":"St Vincent and the Priesthood","datePublished":"2015-05-14T05:12:30+00:00","dateModified":"2016-07-10T07:17:14+00:00","mainEntityOfPage":{"@id":"http:\/\/vincentians.com\/en\/st-vincent-and-the-priesthood\/"},"wordCount":3399,"commentCount":0,"publisher":{"@id":"https:\/\/vincentians.com\/en\/#organization"},"image":{"@id":"http:\/\/vincentians.com\/en\/st-vincent-and-the-priesthood\/#primaryimage"},"thumbnailUrl":"https:\/\/i0.wp.com\/vincentians.com\/en\/wp-content\/uploads\/sites\/2\/2015\/05\/St-Vincent-and-the-Priesthood.jpg?fit=1200%2C630","articleSection":["Vincent de Paul"],"inLanguage":"en-US","potentialAction":[{"@type":"CommentAction","name":"Comment","target":["http:\/\/vincentians.com\/en\/st-vincent-and-the-priesthood\/#respond"]}]},{"@type":"WebPage","@id":"http:\/\/vincentians.com\/en\/st-vincent-and-the-priesthood\/","url":"http:\/\/vincentians.com\/en\/st-vincent-and-the-priesthood\/","name":"St Vincent and the Priesthood - We are Vincentians","isPartOf":{"@id":"https:\/\/vincentians.com\/en\/#website"},"primaryImageOfPage":{"@id":"http:\/\/vincentians.com\/en\/st-vincent-and-the-priesthood\/#primaryimage"},"image":{"@id":"http:\/\/vincentians.com\/en\/st-vincent-and-the-priesthood\/#primaryimage"},"thumbnailUrl":"https:\/\/i0.wp.com\/vincentians.com\/en\/wp-content\/uploads\/sites\/2\/2015\/05\/St-Vincent-and-the-Priesthood.jpg?fit=1200%2C630","datePublished":"2015-05-14T05:12:30+00:00","dateModified":"2016-07-10T07:17:14+00:00","breadcrumb":{"@id":"http:\/\/vincentians.com\/en\/st-vincent-and-the-priesthood\/#breadcrumb"},"inLanguage":"en-US","potentialAction":[{"@type":"ReadAction","target":["http:\/\/vincentians.com\/en\/st-vincent-and-the-priesthood\/"]}]},{"@type":"ImageObject","inLanguage":"en-US","@id":"http:\/\/vincentians.com\/en\/st-vincent-and-the-priesthood\/#primaryimage","url":"https:\/\/i0.wp.com\/vincentians.com\/en\/wp-content\/uploads\/sites\/2\/2015\/05\/St-Vincent-and-the-Priesthood.jpg?fit=1200%2C630","contentUrl":"https:\/\/i0.wp.com\/vincentians.com\/en\/wp-content\/uploads\/sites\/2\/2015\/05\/St-Vincent-and-the-Priesthood.jpg?fit=1200%2C630","width":1200,"height":630},{"@type":"BreadcrumbList","@id":"http:\/\/vincentians.com\/en\/st-vincent-and-the-priesthood\/#breadcrumb","itemListElement":[{"@type":"ListItem","position":1,"name":"Portada","item":"https:\/\/vincentians.com\/en\/"},{"@type":"ListItem","position":2,"name":"St Vincent and the Priesthood"}]},{"@type":"WebSite","@id":"https:\/\/vincentians.com\/en\/#website","url":"https:\/\/vincentians.com\/en\/","name":"We are Vincentians","description":"Know more to serve more","publisher":{"@id":"https:\/\/vincentians.com\/en\/#organization"},"potentialAction":[{"@type":"SearchAction","target":{"@type":"EntryPoint","urlTemplate":"https:\/\/vincentians.com\/en\/?s={search_term_string}"},"query-input":{"@type":"PropertyValueSpecification","valueRequired":true,"valueName":"search_term_string"}}],"inLanguage":"en-US"},{"@type":"Organization","@id":"https:\/\/vincentians.com\/en\/#organization","name":"The Vincentian Network","url":"https:\/\/vincentians.com\/en\/","logo":{"@type":"ImageObject","inLanguage":"en-US","@id":"https:\/\/vincentians.com\/en\/#\/schema\/logo\/image\/","url":"https:\/\/i1.wp.com\/vincentians.com\/en\/wp-content\/uploads\/sites\/2\/2016\/06\/Vincentian-Network-logo-big.png?fit=778%2C778&ssl=1","contentUrl":"https:\/\/i1.wp.com\/vincentians.com\/en\/wp-content\/uploads\/sites\/2\/2016\/06\/Vincentian-Network-logo-big.png?fit=778%2C778&ssl=1","width":778,"height":778,"caption":"The Vincentian Network"},"image":{"@id":"https:\/\/vincentians.com\/en\/#\/schema\/logo\/image\/"},"sameAs":["https:\/\/www.facebook.com\/WeAreVincentians\/","https:\/\/x.com\/WeVincentians"]},{"@type":"Person","@id":"https:\/\/vincentians.com\/en\/#\/schema\/person\/9623ef4d9aa3b2dfb8c061f1499288f2","name":"Francisco Javier Fern\u00e1ndez Chento","image":{"@type":"ImageObject","inLanguage":"en-US","@id":"https:\/\/vincentians.com\/en\/#\/schema\/person\/image\/","url":"https:\/\/secure.gravatar.com\/avatar\/497d5cde87b4c3d097d0315953521681ba2cd523ee66e5077c3711f7021e65de?s=96&d=mm&r=g","contentUrl":"https:\/\/secure.gravatar.com\/avatar\/497d5cde87b4c3d097d0315953521681ba2cd523ee66e5077c3711f7021e65de?s=96&d=mm&r=g","caption":"Francisco Javier Fern\u00e1ndez Chento"},"description":"Director General y cofundador de La Red de Formaci\u00f3n Vicenciana. Javier es laico vicenciano, afiliado a la Congregaci\u00f3n de la Misi\u00f3n y miembro del Equipo de Misiones Populares de la provincia can\u00f3nica de Zaragoza (Espa\u00f1a) de la Congregaci\u00f3n de la Misi\u00f3n. Graduado en la Universidad Oberta de Catalunya con cuatro grados (Asistente de direcci\u00f3n, Gesti\u00f3n Administrativa, Recursos Humanos y Contabilidad Avanzada). Bil\u00edng\u00fce Espa\u00f1ol\/Ingl\u00e9s. gestiona y mantiene varias p\u00e1ginas web cristianas y vicencianas, incluida including La Red de Formaci\u00f3n Vicenciana, de la que es cofundador. Actualmente es responsable del \u00e1rea de Espa\u00f1ol de .famvin, la Red de Noticias de la Familia Vicenciana. Tambi\u00e9n es m\u00fasico cat\u00f3lico y ha editado varios discos. Es Director General y cofundador de Trovador, una reconocida compa\u00f1\u00eda discogr\u00e1fica critiana de Espa\u00f1a. Trabaja en las Tecnolog\u00edas de la Informaci\u00f3n, ofreciendo servicios de alojamiento, dise\u00f1o y mantenimiento Web, as\u00ed como asesoramiento, formaci\u00f3n y soluciones inform\u00e1ticas, gesti\u00f3n documental y digitalizaci\u00f3n de textos, edici\u00f3n y maquetaci\u00f3n de libros, revistas, flyers, etc.","sameAs":["http:\/\/chento.org","https:\/\/www.facebook.com\/JavierChento","https:\/\/x.com\/https:\/\/twitter.com\/javierchento"],"url":"http:\/\/vincentians.com\/en\/author\/chento\/"}]}},"jetpack_publicize_connections":[],"jetpack_featured_media_url":"https:\/\/i0.wp.com\/vincentians.com\/en\/wp-content\/uploads\/sites\/2\/2015\/05\/St-Vincent-and-the-Priesthood.jpg?fit=1200%2C630","jetpack_sharing_enabled":true,"jetpack_shortlink":"https:\/\/wp.me\/p7K2Ow-rMm","jetpack-related-posts":[{"id":107070,"url":"http:\/\/vincentians.com\/en\/the-ministry-of-priesthood-for-st-vincent-and-his-congregation\/","url_meta":{"origin":106786,"position":0},"title":"The Ministry of Priesthood for St Vincent and his Congregation","author":"Francisco Javier Fern\u00e1ndez Chento","date":"February 20, 2015","format":false,"excerpt":"On 23 September 1600 a young man knelt before an old bishop at Chateau l\u2019Ev\u00eaque; he was being ordained to the priesthood. He was no more than 20 years of age, and his name was Vincent de Paul. The pre\u00admature ordination did not indicate a corresponding precocious sanctity, but more\u2026","rel":"","context":"In &quot;Congregation of the Mission&quot;","block_context":{"text":"Congregation of the Mission","link":"http:\/\/vincentians.com\/en\/category\/the-vincentian-family\/branches\/congregation-of-the-mission\/"},"img":{"alt_text":"","src":"https:\/\/i0.wp.com\/vincentians.com\/en\/wp-content\/uploads\/sites\/2\/2015\/02\/priesthood.jpg?fit=1200%2C630&resize=350%2C200","width":350,"height":200,"srcset":"https:\/\/i0.wp.com\/vincentians.com\/en\/wp-content\/uploads\/sites\/2\/2015\/02\/priesthood.jpg?fit=1200%2C630&resize=350%2C200 1x, https:\/\/i0.wp.com\/vincentians.com\/en\/wp-content\/uploads\/sites\/2\/2015\/02\/priesthood.jpg?fit=1200%2C630&resize=525%2C300 1.5x, https:\/\/i0.wp.com\/vincentians.com\/en\/wp-content\/uploads\/sites\/2\/2015\/02\/priesthood.jpg?fit=1200%2C630&resize=700%2C400 2x, https:\/\/i0.wp.com\/vincentians.com\/en\/wp-content\/uploads\/sites\/2\/2015\/02\/priesthood.jpg?fit=1200%2C630&resize=1050%2C600 3x"},"classes":[]},{"id":51059,"url":"http:\/\/vincentians.com\/en\/vincent-and-madagascar\/","url_meta":{"origin":106786,"position":1},"title":"Vincent and Madagascar","author":"Francisco Javier Fern\u00e1ndez Chento","date":"July 18, 2016","format":false,"excerpt":"In the mid-17th century Vincent sent missioners to Madagascar. Armed with St Francis de Sales\u2019 Treatise on the Love of God and Introduction to the Devout Life, they were unwittingly cast into what was to prove the most demanding mission in the history of the Congregation of the Mission. On\u2026","rel":"","context":"In &quot;Vincent de Paul&quot;","block_context":{"text":"Vincent de Paul","link":"http:\/\/vincentians.com\/en\/category\/the-vincentian-family\/founders\/vincent-de-paul\/"},"img":{"alt_text":"","src":"https:\/\/i0.wp.com\/vincentians.com\/en\/wp-content\/uploads\/sites\/2\/2012\/11\/madagascar.jpg?fit=1200%2C630&resize=350%2C200","width":350,"height":200,"srcset":"https:\/\/i0.wp.com\/vincentians.com\/en\/wp-content\/uploads\/sites\/2\/2012\/11\/madagascar.jpg?fit=1200%2C630&resize=350%2C200 1x, https:\/\/i0.wp.com\/vincentians.com\/en\/wp-content\/uploads\/sites\/2\/2012\/11\/madagascar.jpg?fit=1200%2C630&resize=525%2C300 1.5x, https:\/\/i0.wp.com\/vincentians.com\/en\/wp-content\/uploads\/sites\/2\/2012\/11\/madagascar.jpg?fit=1200%2C630&resize=700%2C400 2x, https:\/\/i0.wp.com\/vincentians.com\/en\/wp-content\/uploads\/sites\/2\/2012\/11\/madagascar.jpg?fit=1200%2C630&resize=1050%2C600 3x"},"classes":[]},{"id":98234,"url":"http:\/\/vincentians.com\/en\/the-major-studies-on-vincent-de-paul\/","url_meta":{"origin":106786,"position":2},"title":"The Major Studies on Vincent de Paul","author":"Francisco Javier Fern\u00e1ndez Chento","date":"December 23, 2012","format":false,"excerpt":"There are two Vincent de Pauls who have come down to us: the Vincent of legend and the Vincent of history. The Vincent of legend is the Saint of popular piety. This is the Vincent with two chief virtues: humility and charity, whose works are reduced to three: the foundlings,\u2026","rel":"","context":"In &quot;Vincent de Paul&quot;","block_context":{"text":"Vincent de Paul","link":"http:\/\/vincentians.com\/en\/category\/the-vincentian-family\/founders\/vincent-de-paul\/"},"img":{"alt_text":"","src":"https:\/\/i0.wp.com\/vincentians.com\/en\/wp-content\/uploads\/sites\/2\/2012\/12\/vincent-de-paul-books.jpg?fit=1200%2C630&resize=350%2C200","width":350,"height":200,"srcset":"https:\/\/i0.wp.com\/vincentians.com\/en\/wp-content\/uploads\/sites\/2\/2012\/12\/vincent-de-paul-books.jpg?fit=1200%2C630&resize=350%2C200 1x, https:\/\/i0.wp.com\/vincentians.com\/en\/wp-content\/uploads\/sites\/2\/2012\/12\/vincent-de-paul-books.jpg?fit=1200%2C630&resize=525%2C300 1.5x, https:\/\/i0.wp.com\/vincentians.com\/en\/wp-content\/uploads\/sites\/2\/2012\/12\/vincent-de-paul-books.jpg?fit=1200%2C630&resize=700%2C400 2x, https:\/\/i0.wp.com\/vincentians.com\/en\/wp-content\/uploads\/sites\/2\/2012\/12\/vincent-de-paul-books.jpg?fit=1200%2C630&resize=1050%2C600 3x"},"classes":[]},{"id":107949,"url":"http:\/\/vincentians.com\/en\/life-of-st-vincent-de-paul-forbes-chapter-05\/","url_meta":{"origin":106786,"position":3},"title":"Life of St. Vincent de Paul (Forbes). Chapter 05","author":"Francisco Javier Fern\u00e1ndez Chento","date":"May 21, 2015","format":false,"excerpt":"Chapter 5 MISSION WORK THE incident which had given rise to Vincent's first mission at Folleville had never been forgotten by Madame de Gondi. It seemed to her that there was need to multiply such missions among the country poor, and no sooner had Vincent returned to her house than\u2026","rel":"","context":"In &quot;Vincent de Paul&quot;","block_context":{"text":"Vincent de Paul","link":"http:\/\/vincentians.com\/en\/category\/the-vincentian-family\/founders\/vincent-de-paul\/"},"img":{"alt_text":"","src":"https:\/\/i0.wp.com\/vincentians.com\/en\/wp-content\/uploads\/sites\/2\/2016\/01\/vincent-de-paul.jpg?fit=1200%2C630&resize=350%2C200","width":350,"height":200,"srcset":"https:\/\/i0.wp.com\/vincentians.com\/en\/wp-content\/uploads\/sites\/2\/2016\/01\/vincent-de-paul.jpg?fit=1200%2C630&resize=350%2C200 1x, https:\/\/i0.wp.com\/vincentians.com\/en\/wp-content\/uploads\/sites\/2\/2016\/01\/vincent-de-paul.jpg?fit=1200%2C630&resize=525%2C300 1.5x, https:\/\/i0.wp.com\/vincentians.com\/en\/wp-content\/uploads\/sites\/2\/2016\/01\/vincent-de-paul.jpg?fit=1200%2C630&resize=700%2C400 2x, https:\/\/i0.wp.com\/vincentians.com\/en\/wp-content\/uploads\/sites\/2\/2016\/01\/vincent-de-paul.jpg?fit=1200%2C630&resize=1050%2C600 3x"},"classes":[]},{"id":106994,"url":"http:\/\/vincentians.com\/en\/st-vincent-de-paul-a-guide-for-priests-today\/","url_meta":{"origin":106786,"position":4},"title":"St Vincent De Paul \u2014 A Guide for Priests Today","author":"Francisco Javier Fern\u00e1ndez Chento","date":"February 17, 2015","format":false,"excerpt":"Some 45 years ago now, (English translation in 1932), a French diocesan priest the Abbe A\u2019rnaud d\u2019Agnel wrote a book entitled St Vincent de Paul a Guide for Priests, from which I have borrowed most of my title, adding only the word \u201ctoday\u201d. I take most of what I have\u2026","rel":"","context":"In &quot;Vincentian Formation&quot;","block_context":{"text":"Vincentian Formation","link":"http:\/\/vincentians.com\/en\/category\/vincentian-formation\/"},"img":{"alt_text":"","src":"https:\/\/i0.wp.com\/vincentians.com\/en\/wp-content\/uploads\/sites\/2\/2015\/02\/priest.jpg?fit=1200%2C630&resize=350%2C200","width":350,"height":200,"srcset":"https:\/\/i0.wp.com\/vincentians.com\/en\/wp-content\/uploads\/sites\/2\/2015\/02\/priest.jpg?fit=1200%2C630&resize=350%2C200 1x, https:\/\/i0.wp.com\/vincentians.com\/en\/wp-content\/uploads\/sites\/2\/2015\/02\/priest.jpg?fit=1200%2C630&resize=525%2C300 1.5x, https:\/\/i0.wp.com\/vincentians.com\/en\/wp-content\/uploads\/sites\/2\/2015\/02\/priest.jpg?fit=1200%2C630&resize=700%2C400 2x, https:\/\/i0.wp.com\/vincentians.com\/en\/wp-content\/uploads\/sites\/2\/2015\/02\/priest.jpg?fit=1200%2C630&resize=1050%2C600 3x"},"classes":[]},{"id":107943,"url":"http:\/\/vincentians.com\/en\/life-of-st-vincent-de-paul-forbes-chapter-01\/","url_meta":{"origin":106786,"position":5},"title":"Life of St. Vincent de Paul (Forbes). Chapter 01","author":"Francisco Javier Fern\u00e1ndez Chento","date":"May 17, 2015","format":false,"excerpt":"Chapter 1 A PEASANT'S SON A MONOTONOUS line of sand hills and the sea; a vast barren land stretching away in wave-like undulations far as eye can reach; marsh and heath and sand, sand and heath and marsh; here and there a stretch of scant coarse grass, a mass of\u2026","rel":"","context":"In &quot;Vincent de Paul&quot;","block_context":{"text":"Vincent de Paul","link":"http:\/\/vincentians.com\/en\/category\/the-vincentian-family\/founders\/vincent-de-paul\/"},"img":{"alt_text":"","src":"https:\/\/i0.wp.com\/vincentians.com\/en\/wp-content\/uploads\/sites\/2\/2016\/01\/vincent-de-paul.jpg?fit=1200%2C630&resize=350%2C200","width":350,"height":200,"srcset":"https:\/\/i0.wp.com\/vincentians.com\/en\/wp-content\/uploads\/sites\/2\/2016\/01\/vincent-de-paul.jpg?fit=1200%2C630&resize=350%2C200 1x, https:\/\/i0.wp.com\/vincentians.com\/en\/wp-content\/uploads\/sites\/2\/2016\/01\/vincent-de-paul.jpg?fit=1200%2C630&resize=525%2C300 1.5x, https:\/\/i0.wp.com\/vincentians.com\/en\/wp-content\/uploads\/sites\/2\/2016\/01\/vincent-de-paul.jpg?fit=1200%2C630&resize=700%2C400 2x, https:\/\/i0.wp.com\/vincentians.com\/en\/wp-content\/uploads\/sites\/2\/2016\/01\/vincent-de-paul.jpg?fit=1200%2C630&resize=1050%2C600 3x"},"classes":[]}],"_links":{"self":[{"href":"http:\/\/vincentians.com\/en\/wp-json\/wp\/v2\/posts\/106786","targetHints":{"allow":["GET"]}}],"collection":[{"href":"http:\/\/vincentians.com\/en\/wp-json\/wp\/v2\/posts"}],"about":[{"href":"http:\/\/vincentians.com\/en\/wp-json\/wp\/v2\/types\/post"}],"author":[{"embeddable":true,"href":"http:\/\/vincentians.com\/en\/wp-json\/wp\/v2\/users\/4"}],"replies":[{"embeddable":true,"href":"http:\/\/vincentians.com\/en\/wp-json\/wp\/v2\/comments?post=106786"}],"version-history":[{"count":0,"href":"http:\/\/vincentians.com\/en\/wp-json\/wp\/v2\/posts\/106786\/revisions"}],"wp:featuredmedia":[{"embeddable":true,"href":"http:\/\/vincentians.com\/en\/wp-json\/wp\/v2\/media\/150182"}],"wp:attachment":[{"href":"http:\/\/vincentians.com\/en\/wp-json\/wp\/v2\/media?parent=106786"}],"wp:term":[{"taxonomy":"category","embeddable":true,"href":"http:\/\/vincentians.com\/en\/wp-json\/wp\/v2\/categories?post=106786"},{"taxonomy":"post_tag","embeddable":true,"href":"http:\/\/vincentians.com\/en\/wp-json\/wp\/v2\/tags?post=106786"}],"curies":[{"name":"wp","href":"https:\/\/api.w.org\/{rel}","templated":true}]}}