{"id":106687,"date":"2013-04-17T07:10:42","date_gmt":"2013-04-17T05:10:42","guid":{"rendered":"http:\/\/vincentians.com\/?p=106687"},"modified":"2016-07-10T08:10:38","modified_gmt":"2016-07-10T06:10:38","slug":"life-of-felix-de-andreis-chapter-08","status":"publish","type":"post","link":"http:\/\/vincentians.com\/en\/life-of-felix-de-andreis-chapter-08\/","title":{"rendered":"Life of Felix de Andreis. Chapter 08"},"content":{"rendered":"<p>IN his letters to Rome, addressed to the Vicar General of the Congregation of the Mission, Father De Andreis frequently ex\u00adpressed his desire of being set free from the bonds of earth, in order to rise and be united with his God, the centre of all truth, charity and eternal happiness. He spoke thus, especially in his last letter written from St. Louis to Rome, and dated Sep\u00adtember 4th, 182o. In it he declares that he <i>ardently longs for the day which would con\u00adsummate the total sacrifice of his life. <\/i>That day came soon enough \u2014 less than forty days after the date of his letter.<\/p>\n<p>The health of Father De Andreis had al\u00adways been weak and delicate. It was on that account that he had been sent from Placentia to Rome in 1806 ; but as he labored indefatigably, his sojourn in that city, far from ameliorating, only served to impair his condition. He concealed his infirmities, because he thirsted to suffer and labor in the vineyard of the Lord. When his departure for America was projected, his superiors evinced no little opposition to the measure, being convinced that an un\u00addertaking of the kind required stronger health than his. The hardships which he endured in his journey, and those no less considerable which he had to undergo during his sojourn in Upper Louisiana, joined to his continual and fatiguing labor, eventually shortened his life. He was well aware of this, but far from being grieved at the thought, one would almost have said that he awaited his last hour with im\u00adpatience. With the most perfect confidence in God he witnessed its approach. His last illness though brief, was extremely painful, but he bore it with heroic patience. He received the holy viaticum with the utmost fervor, and Bishop Dubourg, inconsolable for such a loss, shortly after gave him ex\u00adtreme unction. The few priests who stood weeping around his bed were no less afflicted, and they ceased not to offer to God fervent prayers for his last journey.<\/p>\n<p>Rev. Leo R. De Neckere, C. M., then a young priest, but afterwards bishop of New Orleans, was one of those who watched near the servant of God during the closing days of his life, and knelt beside him when lie was dying. Shortly before this sad event, Father De Neckere wrote to Father Rosati as follows : &#8220;After having embraced you, in the Sacred Hearts of Jesus and Mary, I must announce, with the deepest sorrow, that our dear superior seems very near his end. He is not able himself to write, and hence he has commissioned me to write for him. The bishop is, I believe, writing also and he will give you details much better than I can. Since Sunday last Father De Andreis seems greatly im\u00adpressed with the thought of death, and he asked for the last Sacraments, though the physician and others did not think there was much danger. His sufferings and weakness have continually increased during the week, and hence the bishop yesterday administered the holy viaticum to him. Yesterday our dear patient manifested a great desire to see you. I never witnessed anything more edifying and devout than his transports of joy and overflowings of heart, when the thought of death filled him with the hope of an early union with his Creator.&#8221;<\/p>\n<p>Years after his death the older inhabitants of St. Louis used to tell how Father De An\u00addreis, when he felt that he was dying, begged those around him to lift his emaci\u00adated body from the bed and place him on the bare floor of his poor abode, that as Christ died, naked ou the cross, so he might die on the naked floor, to resemble as nearly as possible in death that divine Master who had been his model during all the actions of his life.<\/p>\n<p>A little before his death Bishop Dubourg proposed to him to bless all his fellow-mis\u00adsionaries, which he did, with the same af\u00adfection he had always evinced towards them. His last act was to appoint Father Rosati (who had always been his dearest disciple and most effectual support, ) his successor as superior of the American mis\u00adsion ; then he expired with the calm joy of the saints, on the feast of St. Theresa, October 15th, 182o. No sooner was the sad event known to the inhabitants of St. Louis than all, even Protestants, gave marks of the deepest sorrow, considering his loss as a public calamity. Sobs and tears, far more than words, expressed the general affliction, so universally was he be\u00adloved. During his brief illness they not only came to enquire after him, but the principal citizens of the place waited upon him, day and night, with the most devoted affection ; nor could they speak of anything else but his virtues, particularly his meek\u00adness and charity. Clothed in his sacerdotal robes, he was laid out in a room of the seminary, and thence carried to the church, where the funeral rites were performed with great solemnity.<\/p>\n<p>There happened, at this time, certain wonderful \u2014 we might almost say miracu\u00adlous facts,\u2014&#8221; <i>Which,&#8221; <\/i>writes Father Rosati, afterwards Bishop of St. Louis,&#8221; <i>we can re\u00adlate with the utmost assurance, since their occurrence was certain and undeniable.&#8221;<\/i><\/p>\n<p>A very pious widow, who had long be\u00adfore embraced the Catholic faith in the dio\u00adcese of Boston, and who at the death of Father De Andreis was living at St. Louis as Bishop Dubourg&#8217;s housekeeper, had often felt interiorly urged during the last illness of the servant of God, to go and beg his blessing that she might be cured of a disease from which she had been suffering seven years, without being able to obtain from physicians any effectual relief. But knowing how much he disliked to receive women into his house, the pious widow could not summon sufficient courage to enter his room and recommend herself to his prayers, fearing that she might there\u00adby cause him some displeasure. However, after his death she entered, and approaching with lively faith the feet of the vener\u00adated deceased, whose remains were laid out in the house, she began to offer fervent prayers to God for her cure. While so do\u00ading she touched the feet of the corpse, and immediately experiended an entire cessation of all her pains ; her strength was renewed, and she returned home completely cured and joyful beyond measure. She spoke of this cure to all, and as her previous suffer\u00adings were well known, while every one witnessed her entire recovery, no doubt was entertained of the truth of the event.<\/p>\n<p>&#8220;Bishop Dubourg mentioned it to me,&#8221; adds Bishop Rosati, &#8220;at the very time it took place, as an indubitable fact, and six or seven months after when I happened to be at St. Louis, I saw the person in question, a Mrs. Hearn, and begged her to relate to me all that I had heard respecting her wonderful cure. She promptly con\u00adsented to my request, and gave me a pre\u00adcise account of the event, with all its cir\u00adcumstances.&#8221;<\/p>\n<p>&#8220;No less remarkable,&#8221; continues the bishop, &#8220;was another occurrence, witnessed by nearly all the inhabitants of St. Louis, and which was regarded a3 a public and striking testimony given by Heaven, of the sanctity of Father De A ndreis. On the morning of the 16th of October, precisely at nine o&#8217;clock, when the body of the ser\u00advant of God clothed in his sacerdotal vest\u00adments, was laid out in the hall for the con\u00adsolation of those who wished to see him, while the day was serene and the sun shin\u00ading with his usual splendor, a beautiful large star suddenly appeared in the sky, exactly over the spot where the body lay exposed. Its brilliancy was visible to every one for the space of three hours, and it dis\u00adappeared only at the moment when the body, having been taken to the church, the funeral ceremonies around the coffin were concluded.<\/p>\n<p>&#8220;All admired this prodigy, <i>its position was considered as an evident miracle, <\/i>and as it was the general opinion that Father De Andreis was a saint, every one openly declared that this beautiful star was the soul of the servant of God, already resplen\u00addent with celestial glory. The Rev. Father Saulnier, now assistant priest of the cathe\u00addral of St. Louis, and who was then a resi\u00addent of the place ; Mr. Bovet, a native of Canada, of exemplary piety and singular probity ; Mr. de Hodiamont \u2014 all worthy citizens and excellent Catholics\u2014can be referred to as witnesses of the wonderful fact we have related.&#8221;<\/p>\n<p>There is another event equally well authenticated, namely a miraculous cure performed by Father De Andreis during his residence in Kentucky. The man whose health was restored by means of the pray\u00aders of the servant of God, afterwards resided at The Barrens, a few miles from St. Mary&#8217;s Seminary, and Archbishop Odin of New Orleans heard the fact from his own lips.<\/p>\n<p>Bishop Dubourg, a man of enlightened wisdom and who was highly capable of dis\u00adcerning true and solid virtue, held the ser\u00advant of God in the highest esteem and would not allow his remains to be placed in the common cemetery. Remembering how much Father De Andreis had loved the Missionaries, his companions, and how much also he was beloved by them in re\u00adturn, the bishop granted them the privilege of possessing his body. Accordingly, after having celebrated with his entire clergy the solemn obsequies in the cathedral church in St. Louis, he ordered that the venerated remains should be conveyed with suitable pomp to the seminary of The Barrens, where Father Rosati was superior.<\/p>\n<p>The bishop wrote to Father Rosati as follows, on October 16, 182o : &#8220;God has deprived us of your father, and my saintly co-laborer, my dear friend. What can I say to console you for this irreparable loss, since I am myself overwhelmed with grief? <i>Sicut Domino placuit, ita facturn est. Sit nomen Domini benediction. <\/i>I send you his precious remains. They belong naturally to you, but in parting with them I assure you that I make a sacrifice for your sake. Be pleased to inform your superiors of the profound sorrow in which I am plunged. Let this holy body repose in a place where it can be easily disinterred when this may be necessary. Bring the seminarians every Sunday evening to his grave, and often call the attention of the people of the parish to the treasure they possess.&#8221;<\/p>\n<p>During this removal of the body of the servant of God to The Barrens, eighty miles distant, it was escorted by the most distinguished citizens of St. Louis, who voluntarily hastened to join the funeral train. As the mournful procession pro\u00adceeded on its way, many Catholics of the parishes through which it passed joined the inhabitants of St. Louis. They crossed the river at Cahokia, were the coffin having been taken to the church, Mass was chanted and a funeral service celebrated, according to the customary formalities. Rev. Father Olivier, in his parish of Prairie du Rocher, performed the same charitable and religious office for the illustrious deceased. At this place the devout retinue was increased, and soon reached the parish of St. Genevieve. Here the holy priest was universally la\u00admented. The people remembered that they had seen him full of life among them, that he had been their zealous guide and in\u00addefatigable missionary, and all hastened to pay him the last tribute of their respect, by assisting at the funeral service performed over his remains by their worthy pastor, Father Pratte. Many of the inhabitants joined the sorrowful train, and accompanied the body to the seminary of The Barrens. Father Rosati, being duly apprised of their arrival, with all his clergy set out to meet the procession at the entrance of the church, and solemnly received the body ac\u00adcording to the formalities prescribed by the ritual. His prayers were frequently inter\u00adrupted by sobs and tears, for how could he restrain his grief for one who had been both his beloved master and cherished com\u00adpanion, a father whom he, more than any one else, knew to be a truly apostolic man, and on whose aid he had so long rested all his earthly hopes? On the following day, a solemn High Mass having been chanted, after the recitation of the customary prayers, the precious remains were laid in a tomb of brick work, behind the church. Here they were left until the month of September, 1837.<\/p>\n<p>Meanwhile the new and handsome church belonging to the seminary having been completed, Bishop Rosati, who had been previously raised to the episcopal see of St. Louis, of which he was the first bishop, ordered that the body of Father De Andreis should be removed to a more suitable rest\u00ading place. The intentions of the bishop were announced to the poeple, and they came in crowds to the old church, into which the coffin was brought. The Office for the Dead was chanted, the most holy sacrifice was offered with great solemnity, and then the devout procession moved on to the new church, were the body was laid in a stone sepulchre, constructed by order of the bishop. It was placed on the gospel side, in the chapel of St. Vincent, directly beneath the pavement. CA slab, bearing the following inscription in honor of the deceased, was inserted in the opposite wall:<\/p>\n<p style=\"text-align: center;\">Hic jacet<br \/>\nFelix De Andreis, Congregationis Missionis in America Primus Superior et Fundator, Atque Diocesis Neo Aurelianensis Vicarius Generalis ;<br \/>\nNatus Dernontii in Italia Subalpina, Prid.<br \/>\nId. Decemb. MDCCLXXVIII.<br \/>\nObiit Sti Ludovici Idib. Oct. MDCCCXX.<br \/>\nVir apostolicis virtutibns, ingenio , eruditione<br \/>\net eloquentia maxime conspicuus.<br \/>\nNe mortuus a fratribus corpore abesset<br \/>\nqui vivus illis fuerat corde quam maxime<br \/>\nconjunctus, mortales ejus exuvias sancto<br \/>\nLudovico exportatas et in veteri<br \/>\ncaemeterio primum tumulatas,<br \/>\nFratres ejus in Christo amantissimi,<br \/>\nEpiscopus Sancti Ludovici<br \/>\nCoeterique Congregationis Missionis sacer-<br \/>\ndotes decentiorem hunc in locum<br \/>\ntranstulerunt,<br \/>\nIX Kal. Octob. MDCCCXXXVII.<\/p>\n<p>Bishop Dubourg announced the death of Father De Andreis to all the clergy of his diocese by the following circular :<\/p>\n<p style=\"padding-left: 30px;\">&#8220;R. I. P.<\/p>\n<p style=\"padding-left: 30px;\"><i>&#8220;Jussu Revmi. Episcopi nostri mcestissimum tibi nuncium facio <\/i>OBITUS REVDI. ADMODUM D. FELICIS nE ANDREIS, <i>Vicarii-generalis, necnon Congregationis Missionis, in hac Ludo\u00advicensi provincia moderatoris, viri sanctitate xque ac doctrina prxstantissimi, qui Octobris die 15, 1820, post duiturni morbi molestias admira\u00adbili mansuetudine toleratas, sacramentis munitus et calestibus jam diliciis afiluens, annos natus circiter duo et quadraginta, meliorem ad vitam evolavit. Defecit heu! Cleri nostri lumen et decus, evangelii prwco potentissimus, pauperism amator, Ludovisian.e missionis spes et columen! Pretiosam venerandi sacerdotis mortem inexple\u00adbili luctu prosequitur Episcopus, lugent et om\u00adnium ordinum homines. Utinam tot gemitibus motus Deus totius consolationis, aliquos in nobis excitat tantae virtutis haeredes!<\/i><\/p>\n<p style=\"padding-left: 30px;\"><i>&#8220;Ad obsequia paratissimus,<\/i><\/p>\n<p style=\"padding-left: 30px;\">&#8220;Cu. DE LACROIX,<\/p>\n<p style=\"padding-left: 30px;\"><i>&#8220;Ilevmi. D. D. Episcopi Ludov., Secretaries.&#8221;<\/i><\/p>\n<p>For the benefit of readers not familiar with the Latin, we will here give a trans\u00adlation of the foregoing circular :<\/p>\n<p style=\"padding-left: 30px;\">&#8220;By order of our Right Rev. Bishop I hereby make to you the most lamentable announcement of the death of the Very Rev. Felix De Andreis, Vicar-General of this diocese, and superior of the Congre\u00adgation of the Mission in the province of Louisiana. He was a man most renowned for sanctity and for learning. He died on the i5th of October, 182o, after a long and painful illness borne with admirable resig\u00adnation. Fortified by the sacraments, and seeming to taste in advance celestial joys, he passed to a better life, at about the age of forty-two years. Thus alas ! has passed away a light and ornament of our clergy, a most eloquent preacher of. the gospel, a lover of the poor, the hope and support of our Louisiana Mission. The bishop la\u00adments, with inexpressible grief, the pre\u00adcious death of this venerated priest, and men of all classes mourn his loss. May the God of all consolation, moved by so many lamentations, raise up among ns many imitators of his great virtue !<\/p>\n<p style=\"padding-left: 30px;\">Your obedient servant,<\/p>\n<p style=\"padding-left: 30px;\">Chas. De Lacroix,<\/p>\n<p style=\"padding-left: 30px;\">Sec&#8217;y of the Bishop of Louisiana.&#8221;<\/p>\n<p>It was also thought proper that Bishop Dubourg should send speedy information to Rome of the sad event. This he did in a letter of October i9th, addressed to the Vicar-General of the Vincentians. The following is a translation from the French:<\/p>\n<p style=\"padding-left: 30px;\">&#8220;Very Reverend Sir:<\/p>\n<p style=\"padding-left: 30px;\">&#8220;God has just visited us with an afflic\u00adtion which my heart feels most keenly, and which is also a terrible blow for this mission. It is the death of Father De An\u00addreis, which occurred on Sunday, the 15th instant, the day on which we celebrated the feast of the holy Guardian Angels, and I doubt not that the prayers said for him on that occasion were granted to their full extent : <i>Subvenite .Angeli Dei&#8230; et jubeas earn a sanctis Angelis suscipi, et ad patriani Paradisi perdaci. <\/i>This death has plunged, not only the city of St. Louis but the whole diocese, into the deepest grief, for every one considered him a saint. I trust that God will glorify him by the testi\u00admony of miracles, for there exists already a very general readiness to believe in them, a most beautiful star having appeared in the heavens, in the middle of the day, at the very moment of his funeral. A woman of advanced age, employed in my _service, who had been suffering for three years was immediately, and I trust effectually, cured of her disease. I enclose you the account in English ; also the Latin circular.<\/p>\n<p style=\"padding-left: 30px;\">&#8220;This is indeed an irreparable loss. At the moment of his death, Father De An\u00addreis appointed Rev. Jos. Rosati as superior of the Congregation of the Mission in Ame\u00adrica. He is the only one who can fill such a post, for all the others are too young. It is very necessary, sir, that you should send us two subjects of mature age, of talent and solid virtue, in order that the precious foundation of the company in Louisiana may be permanently secured. If Father Rosati fail us, all will go to ruin. He also will, without doubt, entreat you to do this; allow me to unite my most earnest prayer with his. Besides the seminary which I have given to the Congregation, I intend to make use of it for the establishment of another house for the missions, in one of the most populous localities of Lower Louisiana. The good that these two estab\u00adlishments will procure is incalculable. You have been already informed, Re\u00adverend sir, that you have here six novices, nearly all priests, of whom the greater number are remarkable for talent and virtue.<\/p>\n<p style=\"padding-left: 30px;\">&#8220;I have the honor to remain, etc. &#8220;Louis William Dubourg, &#8220;Bishop of Louisiana. &#8220;St. Louis, Mo., U. <i>S. <\/i>of America, Oct. 19, 18zo.&#8221;&#8216;<\/p>\n<p>We will subjoin to the above letter an extract from the Missouri Gazette. It is as follows :<\/p>\n<p style=\"padding-left: 30px;\"><i>&#8220;ST. <\/i>Louis, Mo., October 18, 1820.<\/p>\n<p style=\"padding-left: 30px;\"><b>&#8220;REGISTER OF DEATHS.<\/b><\/p>\n<p style=\"padding-left: 30px;\">&#8220;Died in this city on the 15th of the present month, after a painful illness, in the forty-second year of his age, the Rev. Felix De Andreis, Vicar-General of Loui\u00adsiana, and Superior of the Congregation of the Mission in America. This venerated priest was born in Piedmont, Italy, of a respectable and wealthy family. He em\u00adbraced the ecclesiastical career at an early period of his life. His youth was dis\u00adtinguished by perfect innocence and con\u00adtinual progress in virtue, thereby foretelling what he was to be in after years, a man of God, an apostle. The comforts of home and the delights of family affection were the first ties that the voice of heaven called upon him to s4ver, in order to devote him\u00adself to the lowly and toilsome duties of the country missions, and the practice of the evangelical counsels of poverty and obedi\u00adence, in the truly apostolic Congregation founded by St. Vincent, about two hun\u00addred years ago. The different provinces of Italy were, by turns, the theatre of his zeal, and the stirring effusions of his almost divine eloquence, brought to his feet thousands of miserable sinners, who were comforted and relieved by his tender chari\u00adty. Being called to Rome, as the place most suited to his noble talents and exten\u00adsive learning, he became, in a short time, the oracle of this capital of the Christian world, and excited the admiration of the most eminent prelates. But his humility was alarmed at the esteem he enjoyed, and which opened for him a path to the highest honors ; the city of Rome was too limited for his ardent zeal, and he sought a field more vast and more abandoned. He had long solicited the favor of being sent to a foreign mission. &#8216; China was the first object of his desires, but Divine Providence having frustrated his hopes in that quarter, directed them towards America. He had many obstacles to surmount in order to attain his end ; his superiors, supported by the most illustrious dignitaries of Rome, strongly opposed his departure. It was re\u00adpresented to the Sovereign Pontiff that his presence in Rome was absolutely necessary, and that his removal would be a public calamity. It even appears that the Holy Father was somewhat influenced by these arguments, but he finally consented to the desires of the humble priest, and imposed silence on all who opposed his departure. The holy man, therefore, left Italy for America in 1816, being accompanied by several members of his Congregation, of whom he was, in due form, ap\u00adpointed superior; and after residing for about a year in Kentucky, where he is still remembered with esteem and affection, he arrived in this city with our excellent bishop, who, some time before had made him his Vicar-General and the soul of his councils. The three years of his residence among us were entirely devoted to the most active and charitable offices of his sacred ministry, and were enough to immortalize his gentle memory in the hearts of all classes of our citizens.\u00a0 His fervent piety, unwearied solicitude for the salvation of souls, his tender and ingenious charity to\u00adwards the poor, will long be favorite topics; while his pathetic and frequent exhorta\u00adtions from the pulpit will for ever remain engraved on the hearts of his hearers, to serve as a reproof to the negligent and ani\u00admate the good to perseverence. His last moments were those of the just man, who every day of his life studies the great lesson of dying a holy death. The announcement of his approaching dissolution not only found him resigned and contented, but it further excited him to raptures of joy. All the glory of heaven shone upon his pallid countenance. His last words were in favor of his spiritual children, whom he recom\u00admended to the especial care of the bishop. His death is universally lamented. Every one seems to have lost in him a true father, and the weeping crowd that accompanied his final obsequies proclaimed him the be\u00adloved of God and man, one whose memory will be forever blessed. His mortal remains will be conveyed by pions escort to the seminary of The Barrens in Perry County, which is directed by the priests of his Con\u00adgregation.&#8221;<\/p>\n<p>The saintly Mother Duchesne, first superi\u00ador of the Sacred Heart Nuns in America, enjoyed, for a short time preceding his death, the happiness of having Father De Andreis for her confessor and spiritual direc\u00adtor. Until she met him, she seemed to have found no one in this country who properly understood her, or who could satisfy her in the direction of her conscience. In one of her letters she wrote: &#8220;I have no longer any consolations; my heart longs for some sup\u00adport, and finds none but in God. In my anxiety for spiritual aid I thought of Mgr. Flaget, the bishop of Bardstown, but he never came; and then again, of the holy Father De Andreis, the provincial of the Lazarists, but he is ill. So I must remain with God alone, my soul never having been able to open itself to any one since I left France. &#8221; ( Life of Mother Duchesne, p.198. )<\/p>\n<p>The pastor of Florissant, Mo., a few miles from St. Louis, was also the chaplain of the Sacred Heart community, which Mother Du\u00adchesne had established there. As this priest was obliged to be absent for a considerable time during 1819, Father De Andreis was sent by the bishop to take his place, to the great delight of Mother Duchesne and her companions. His short residence at Floris\u00adsant was yet long enough to have been full of the greatest consolation and benefit to these heroic religious who, in the midst of poverty and suffering, practiced the most heroic virtues and laid, deep and strong, the first foundation of the Sacred Heart Society in the New World. Madam Duchesne was herself dangerously ill during the last sick\u00adness of Father De Andreis. As soon as she was able, she wrote to her superiors in France, saying: &#8220;The bishop, and we too, have suffered a great loss, that of Father De Andreis, the superior of the Lazarists and Vicar General. He was great, both in sanctity and learning, and with singular gifts for the care of souls. A malignant fever carried him off just as I was getting better. All the popu\u00adlation of St. Louis, Protestants and Jews in\u00adcluded, followed him to the grave, with the most sincere grief. He is supposed to have already wrought several miracles.&#8221; (Idem, p. 208.)<\/p>\n<p>As Mother Duchesue is a candidate for beatification, the evidence of her holy life and heroic virtues being now under exami\u00adnation by the Congregation of Rites in Rome, her testimony to the virtues of her holy direc\u00adtor is of more than ordinary importance.<\/p>\n<p>Till the day of her death, she kept, as a most cherished relic, a copy of the Imita\u00adtion of Christ, which had been used by Father De Andreis.<\/p>\n<p>When the news of the death of Father De Andreis was announced to his friends at a distance from St. Louis, many of them expressed by letter their great veneration for him, and their deep grief over his un\u00adtimely departure. From these letters we will give just a few selections here. Rev. Father Portier, afterwards first Bishop of Mobile, wrote from New Orleans to Father Rosati in the following terms, on Decem\u00adber 2d, 1820:<\/p>\n<p style=\"padding-left: 30px;\">&#8220;We realize, my dear friend, the great loss which you, and all of us, have sus\u00adtained in the death of our saintly Father De Andreis. It is a general affliction for all the Missionaries, but it is a very special one to me, who had hoped to find, for a long time to come, in his lights and his sanctity the direction which my conscience demands and will continue to demand. But what consoles me is, that the saint who is dead will become our protector, by his merits and his prayers, and that the memory of his holy example will long sur\u00advive amongst us, to reanimate us in the trials of our career. We celebrated here three solemn Masses for the repose of his soul, but I do not doubt that it found re\u00adpose in the bosom of God, at the very in\u00adstant when it was separated from his body.&#8221;<\/p>\n<p style=\"padding-left: 30px;\">Bishop David, co-adjutor of the diocese of Bardstown, held Father De Andreis in the highest veneration. When the news of the death of the servant of God reached him, he wrote from the seminary of Bards\u00adtown to Father Rosati, expressing his great sorrow. His letter is dated December 12, 1820. &#8220;I share with you as far as pos\u00adsible,&#8221; he wrote, &#8220;the great loss which has lately befallen you. I knew the merit of Father De Andreis well enough to ap\u00adpreciate him. His death is not only a loss to you, but to the diocese of Louisiana and to the entire Church. But what should console us all is the assurance we have, that if a faithful priest has been taken from us, an intercessor has been given us in heaven, who will be not less useful to us by the graces lie will obtain for us, than he would have been by the exercise of his ministry amongst us, if his life had been prolonged.&#8221;<\/p>\n<p>And the saintly Bishop Flaget, who knew Father De Andreis so well and loved him so tenderly, was overcome by grief when he heard of the death of his dear friend. The admiration of these two holy men for each other was mutual. Mother Duchesne said of them : &#8220;They are both universally looked upon as saints, and God visibly blesses their ministry.&#8221; During their residence together in the seminary at Bardstown, for nearly a year, they came to know each other intimately. The letters of Father De Andreis, given in preceding pages, sufficiently testify his great esteem for the bishop, while the following words of Bishop Flaget, written to Father Rosati, November 6, 182o, are valuable evidence to the sanctity of the great priest whose life we are writing.<\/p>\n<p style=\"padding-left: 30px;\">&#8220;I feel most deeply,&#8221; says Bishop Flaget, &#8220;the irreparable loss you have sustained by the death of the wise, the amiable, the saintly Father De Andreis. I knew and appreciated his great merits, though I was not able to imitate his virtues. Heaven grant that he may not rise up some day to condemn my laxity and lukewarmness. The Bishop Mauricastro, my co-adjutor, as well as those here who knew the virtuous Missionary, join with me in my sorrow and desire me to express to you their sincere condolence. It was the afternoon of All Saints Day, when we were about to cele\u00adbrate the second vespers of the feast and the first vespers of. All Souls, that the afflicting news reached us ; and, as we recalled the simplicity, the kindness, the piety and fer\u00advour of the holy priest, we were puzzled to decide whether we should invoke him as a saint or pray for the repose of his soul. But, however this may be, he will certainly see God for all eternity ; and no matter how valuable he may have been to us dur\u00ading this life, he will be still more so now, after his happy death.&#8221;<\/p>\n","protected":false},"excerpt":{"rendered":"<p>IN his letters to Rome, addressed to the Vicar General of the Congregation of the Mission, Father De Andreis frequently ex\u00adpressed his desire of being set free from the bonds of earth, in order to &#8230; <a href=\"http:\/\/vincentians.com\/en\/life-of-felix-de-andreis-chapter-08\/\" class=\"more-link\">Read More<\/a><\/p>\n","protected":false},"author":4,"featured_media":150099,"comment_status":"open","ping_status":"open","sticky":false,"template":"","format":"standard","meta":{"jetpack_post_was_ever_published":false,"_jetpack_newsletter_access":"","_jetpack_dont_email_post_to_subs":false,"_jetpack_newsletter_tier_id":0,"_jetpack_memberships_contains_paywalled_content":false,"_jetpack_memberships_contains_paid_content":false,"footnotes":"","jetpack_publicize_message":"","jetpack_publicize_feature_enabled":true,"jetpack_social_post_already_shared":false,"jetpack_social_options":{"image_generator_settings":{"template":"highway","default_image_id":0,"font":"","enabled":false},"version":2}},"categories":[32],"tags":[],"class_list":["post-106687","post","type-post","status-publish","format-standard","has-post-thumbnail","hentry","category-felix-de-andreis"],"yoast_head":"<!-- This site is optimized with the Yoast SEO plugin v26.3 - https:\/\/yoast.com\/wordpress\/plugins\/seo\/ -->\n<title>Life of Felix de Andreis. Chapter 08 - We are Vincentians<\/title>\n<meta name=\"robots\" content=\"index, follow, max-snippet:-1, max-image-preview:large, max-video-preview:-1\" \/>\n<link rel=\"canonical\" href=\"https:\/\/vincentians.com\/en\/life-of-felix-de-andreis-chapter-08\/\" \/>\n<meta property=\"og:locale\" content=\"en_US\" \/>\n<meta property=\"og:type\" content=\"article\" \/>\n<meta property=\"og:title\" content=\"Life of Felix de Andreis. Chapter 08 - We are Vincentians\" \/>\n<meta property=\"og:description\" content=\"IN his letters to Rome, addressed to the Vicar General of the Congregation of the Mission, Father De Andreis frequently ex\u00adpressed his desire of being set free from the bonds of earth, in order to ... Read More\" \/>\n<meta property=\"og:url\" content=\"https:\/\/vincentians.com\/en\/life-of-felix-de-andreis-chapter-08\/\" \/>\n<meta property=\"og:site_name\" content=\"We are Vincentians\" \/>\n<meta property=\"article:publisher\" content=\"https:\/\/www.facebook.com\/WeAreVincentians\/\" \/>\n<meta property=\"article:author\" content=\"https:\/\/www.facebook.com\/JavierChento\" \/>\n<meta property=\"article:published_time\" content=\"2013-04-17T05:10:42+00:00\" \/>\n<meta property=\"article:modified_time\" content=\"2016-07-10T06:10:38+00:00\" \/>\n<meta property=\"og:image\" content=\"https:\/\/i0.wp.com\/vincentians.com\/en\/wp-content\/uploads\/sites\/2\/2016\/07\/felix-de-andreis.jpg?fit=1200%2C630&ssl=1\" \/>\n\t<meta property=\"og:image:width\" content=\"1200\" \/>\n\t<meta property=\"og:image:height\" content=\"630\" \/>\n\t<meta property=\"og:image:type\" content=\"image\/jpeg\" \/>\n<meta name=\"author\" content=\"Francisco Javier Fern\u00e1ndez Chento\" \/>\n<meta name=\"twitter:card\" content=\"summary_large_image\" \/>\n<meta name=\"twitter:creator\" content=\"@https:\/\/twitter.com\/javierchento\" \/>\n<meta name=\"twitter:site\" content=\"@WeVincentians\" \/>\n<meta name=\"twitter:label1\" content=\"Written by\" \/>\n\t<meta name=\"twitter:data1\" content=\"Francisco Javier Fern\u00e1ndez Chento\" \/>\n\t<meta name=\"twitter:label2\" content=\"Est. reading time\" \/>\n\t<meta name=\"twitter:data2\" content=\"25 minutes\" \/>\n<script type=\"application\/ld+json\" class=\"yoast-schema-graph\">{\"@context\":\"https:\/\/schema.org\",\"@graph\":[{\"@type\":\"Article\",\"@id\":\"https:\/\/vincentians.com\/en\/life-of-felix-de-andreis-chapter-08\/#article\",\"isPartOf\":{\"@id\":\"https:\/\/vincentians.com\/en\/life-of-felix-de-andreis-chapter-08\/\"},\"author\":{\"name\":\"Francisco Javier Fern\u00e1ndez Chento\",\"@id\":\"https:\/\/vincentians.com\/en\/#\/schema\/person\/9623ef4d9aa3b2dfb8c061f1499288f2\"},\"headline\":\"Life of Felix de Andreis. Chapter 08\",\"datePublished\":\"2013-04-17T05:10:42+00:00\",\"dateModified\":\"2016-07-10T06:10:38+00:00\",\"mainEntityOfPage\":{\"@id\":\"https:\/\/vincentians.com\/en\/life-of-felix-de-andreis-chapter-08\/\"},\"wordCount\":5103,\"commentCount\":0,\"publisher\":{\"@id\":\"https:\/\/vincentians.com\/en\/#organization\"},\"image\":{\"@id\":\"https:\/\/vincentians.com\/en\/life-of-felix-de-andreis-chapter-08\/#primaryimage\"},\"thumbnailUrl\":\"https:\/\/i0.wp.com\/vincentians.com\/en\/wp-content\/uploads\/sites\/2\/2016\/07\/felix-de-andreis.jpg?fit=1200%2C630\",\"articleSection\":[\"Felix de Andreis\"],\"inLanguage\":\"en-US\",\"potentialAction\":[{\"@type\":\"CommentAction\",\"name\":\"Comment\",\"target\":[\"https:\/\/vincentians.com\/en\/life-of-felix-de-andreis-chapter-08\/#respond\"]}]},{\"@type\":\"WebPage\",\"@id\":\"https:\/\/vincentians.com\/en\/life-of-felix-de-andreis-chapter-08\/\",\"url\":\"https:\/\/vincentians.com\/en\/life-of-felix-de-andreis-chapter-08\/\",\"name\":\"Life of Felix de Andreis. Chapter 08 - We are Vincentians\",\"isPartOf\":{\"@id\":\"https:\/\/vincentians.com\/en\/#website\"},\"primaryImageOfPage\":{\"@id\":\"https:\/\/vincentians.com\/en\/life-of-felix-de-andreis-chapter-08\/#primaryimage\"},\"image\":{\"@id\":\"https:\/\/vincentians.com\/en\/life-of-felix-de-andreis-chapter-08\/#primaryimage\"},\"thumbnailUrl\":\"https:\/\/i0.wp.com\/vincentians.com\/en\/wp-content\/uploads\/sites\/2\/2016\/07\/felix-de-andreis.jpg?fit=1200%2C630\",\"datePublished\":\"2013-04-17T05:10:42+00:00\",\"dateModified\":\"2016-07-10T06:10:38+00:00\",\"breadcrumb\":{\"@id\":\"https:\/\/vincentians.com\/en\/life-of-felix-de-andreis-chapter-08\/#breadcrumb\"},\"inLanguage\":\"en-US\",\"potentialAction\":[{\"@type\":\"ReadAction\",\"target\":[\"https:\/\/vincentians.com\/en\/life-of-felix-de-andreis-chapter-08\/\"]}]},{\"@type\":\"ImageObject\",\"inLanguage\":\"en-US\",\"@id\":\"https:\/\/vincentians.com\/en\/life-of-felix-de-andreis-chapter-08\/#primaryimage\",\"url\":\"https:\/\/i0.wp.com\/vincentians.com\/en\/wp-content\/uploads\/sites\/2\/2016\/07\/felix-de-andreis.jpg?fit=1200%2C630\",\"contentUrl\":\"https:\/\/i0.wp.com\/vincentians.com\/en\/wp-content\/uploads\/sites\/2\/2016\/07\/felix-de-andreis.jpg?fit=1200%2C630\",\"width\":1200,\"height\":630},{\"@type\":\"BreadcrumbList\",\"@id\":\"https:\/\/vincentians.com\/en\/life-of-felix-de-andreis-chapter-08\/#breadcrumb\",\"itemListElement\":[{\"@type\":\"ListItem\",\"position\":1,\"name\":\"Portada\",\"item\":\"https:\/\/vincentians.com\/en\/\"},{\"@type\":\"ListItem\",\"position\":2,\"name\":\"Life of Felix de Andreis. Chapter 08\"}]},{\"@type\":\"WebSite\",\"@id\":\"https:\/\/vincentians.com\/en\/#website\",\"url\":\"https:\/\/vincentians.com\/en\/\",\"name\":\"We are Vincentians\",\"description\":\"Know more to serve more\",\"publisher\":{\"@id\":\"https:\/\/vincentians.com\/en\/#organization\"},\"potentialAction\":[{\"@type\":\"SearchAction\",\"target\":{\"@type\":\"EntryPoint\",\"urlTemplate\":\"https:\/\/vincentians.com\/en\/?s={search_term_string}\"},\"query-input\":{\"@type\":\"PropertyValueSpecification\",\"valueRequired\":true,\"valueName\":\"search_term_string\"}}],\"inLanguage\":\"en-US\"},{\"@type\":\"Organization\",\"@id\":\"https:\/\/vincentians.com\/en\/#organization\",\"name\":\"The Vincentian Network\",\"url\":\"https:\/\/vincentians.com\/en\/\",\"logo\":{\"@type\":\"ImageObject\",\"inLanguage\":\"en-US\",\"@id\":\"https:\/\/vincentians.com\/en\/#\/schema\/logo\/image\/\",\"url\":\"https:\/\/i1.wp.com\/vincentians.com\/en\/wp-content\/uploads\/sites\/2\/2016\/06\/Vincentian-Network-logo-big.png?fit=778%2C778&ssl=1\",\"contentUrl\":\"https:\/\/i1.wp.com\/vincentians.com\/en\/wp-content\/uploads\/sites\/2\/2016\/06\/Vincentian-Network-logo-big.png?fit=778%2C778&ssl=1\",\"width\":778,\"height\":778,\"caption\":\"The Vincentian Network\"},\"image\":{\"@id\":\"https:\/\/vincentians.com\/en\/#\/schema\/logo\/image\/\"},\"sameAs\":[\"https:\/\/www.facebook.com\/WeAreVincentians\/\",\"https:\/\/x.com\/WeVincentians\"]},{\"@type\":\"Person\",\"@id\":\"https:\/\/vincentians.com\/en\/#\/schema\/person\/9623ef4d9aa3b2dfb8c061f1499288f2\",\"name\":\"Francisco Javier Fern\u00e1ndez Chento\",\"image\":{\"@type\":\"ImageObject\",\"inLanguage\":\"en-US\",\"@id\":\"https:\/\/vincentians.com\/en\/#\/schema\/person\/image\/\",\"url\":\"https:\/\/secure.gravatar.com\/avatar\/497d5cde87b4c3d097d0315953521681ba2cd523ee66e5077c3711f7021e65de?s=96&d=mm&r=g\",\"contentUrl\":\"https:\/\/secure.gravatar.com\/avatar\/497d5cde87b4c3d097d0315953521681ba2cd523ee66e5077c3711f7021e65de?s=96&d=mm&r=g\",\"caption\":\"Francisco Javier Fern\u00e1ndez Chento\"},\"description\":\"Director General y cofundador de La Red de Formaci\u00f3n Vicenciana. Javier es laico vicenciano, afiliado a la Congregaci\u00f3n de la Misi\u00f3n y miembro del Equipo de Misiones Populares de la provincia can\u00f3nica de Zaragoza (Espa\u00f1a) de la Congregaci\u00f3n de la Misi\u00f3n. Graduado en la Universidad Oberta de Catalunya con cuatro grados (Asistente de direcci\u00f3n, Gesti\u00f3n Administrativa, Recursos Humanos y Contabilidad Avanzada). Bil\u00edng\u00fce Espa\u00f1ol\/Ingl\u00e9s. gestiona y mantiene varias p\u00e1ginas web cristianas y vicencianas, incluida including La Red de Formaci\u00f3n Vicenciana, de la que es cofundador. Actualmente es responsable del \u00e1rea de Espa\u00f1ol de .famvin, la Red de Noticias de la Familia Vicenciana. Tambi\u00e9n es m\u00fasico cat\u00f3lico y ha editado varios discos. Es Director General y cofundador de Trovador, una reconocida compa\u00f1\u00eda discogr\u00e1fica critiana de Espa\u00f1a. Trabaja en las Tecnolog\u00edas de la Informaci\u00f3n, ofreciendo servicios de alojamiento, dise\u00f1o y mantenimiento Web, as\u00ed como asesoramiento, formaci\u00f3n y soluciones inform\u00e1ticas, gesti\u00f3n documental y digitalizaci\u00f3n de textos, edici\u00f3n y maquetaci\u00f3n de libros, revistas, flyers, etc.\",\"sameAs\":[\"http:\/\/chento.org\",\"https:\/\/www.facebook.com\/JavierChento\",\"https:\/\/x.com\/https:\/\/twitter.com\/javierchento\"],\"url\":\"http:\/\/vincentians.com\/en\/author\/chento\/\"}]}<\/script>\n<!-- \/ Yoast SEO plugin. -->","yoast_head_json":{"title":"Life of Felix de Andreis. Chapter 08 - We are Vincentians","robots":{"index":"index","follow":"follow","max-snippet":"max-snippet:-1","max-image-preview":"max-image-preview:large","max-video-preview":"max-video-preview:-1"},"canonical":"https:\/\/vincentians.com\/en\/life-of-felix-de-andreis-chapter-08\/","og_locale":"en_US","og_type":"article","og_title":"Life of Felix de Andreis. Chapter 08 - We are Vincentians","og_description":"IN his letters to Rome, addressed to the Vicar General of the Congregation of the Mission, Father De Andreis frequently ex\u00adpressed his desire of being set free from the bonds of earth, in order to ... Read More","og_url":"https:\/\/vincentians.com\/en\/life-of-felix-de-andreis-chapter-08\/","og_site_name":"We are Vincentians","article_publisher":"https:\/\/www.facebook.com\/WeAreVincentians\/","article_author":"https:\/\/www.facebook.com\/JavierChento","article_published_time":"2013-04-17T05:10:42+00:00","article_modified_time":"2016-07-10T06:10:38+00:00","og_image":[{"width":1200,"height":630,"url":"https:\/\/i0.wp.com\/vincentians.com\/en\/wp-content\/uploads\/sites\/2\/2016\/07\/felix-de-andreis.jpg?fit=1200%2C630&ssl=1","type":"image\/jpeg"}],"author":"Francisco Javier Fern\u00e1ndez Chento","twitter_card":"summary_large_image","twitter_creator":"@https:\/\/twitter.com\/javierchento","twitter_site":"@WeVincentians","twitter_misc":{"Written by":"Francisco Javier Fern\u00e1ndez Chento","Est. reading time":"25 minutes"},"schema":{"@context":"https:\/\/schema.org","@graph":[{"@type":"Article","@id":"https:\/\/vincentians.com\/en\/life-of-felix-de-andreis-chapter-08\/#article","isPartOf":{"@id":"https:\/\/vincentians.com\/en\/life-of-felix-de-andreis-chapter-08\/"},"author":{"name":"Francisco Javier Fern\u00e1ndez Chento","@id":"https:\/\/vincentians.com\/en\/#\/schema\/person\/9623ef4d9aa3b2dfb8c061f1499288f2"},"headline":"Life of Felix de Andreis. Chapter 08","datePublished":"2013-04-17T05:10:42+00:00","dateModified":"2016-07-10T06:10:38+00:00","mainEntityOfPage":{"@id":"https:\/\/vincentians.com\/en\/life-of-felix-de-andreis-chapter-08\/"},"wordCount":5103,"commentCount":0,"publisher":{"@id":"https:\/\/vincentians.com\/en\/#organization"},"image":{"@id":"https:\/\/vincentians.com\/en\/life-of-felix-de-andreis-chapter-08\/#primaryimage"},"thumbnailUrl":"https:\/\/i0.wp.com\/vincentians.com\/en\/wp-content\/uploads\/sites\/2\/2016\/07\/felix-de-andreis.jpg?fit=1200%2C630","articleSection":["Felix de Andreis"],"inLanguage":"en-US","potentialAction":[{"@type":"CommentAction","name":"Comment","target":["https:\/\/vincentians.com\/en\/life-of-felix-de-andreis-chapter-08\/#respond"]}]},{"@type":"WebPage","@id":"https:\/\/vincentians.com\/en\/life-of-felix-de-andreis-chapter-08\/","url":"https:\/\/vincentians.com\/en\/life-of-felix-de-andreis-chapter-08\/","name":"Life of Felix de Andreis. Chapter 08 - We are Vincentians","isPartOf":{"@id":"https:\/\/vincentians.com\/en\/#website"},"primaryImageOfPage":{"@id":"https:\/\/vincentians.com\/en\/life-of-felix-de-andreis-chapter-08\/#primaryimage"},"image":{"@id":"https:\/\/vincentians.com\/en\/life-of-felix-de-andreis-chapter-08\/#primaryimage"},"thumbnailUrl":"https:\/\/i0.wp.com\/vincentians.com\/en\/wp-content\/uploads\/sites\/2\/2016\/07\/felix-de-andreis.jpg?fit=1200%2C630","datePublished":"2013-04-17T05:10:42+00:00","dateModified":"2016-07-10T06:10:38+00:00","breadcrumb":{"@id":"https:\/\/vincentians.com\/en\/life-of-felix-de-andreis-chapter-08\/#breadcrumb"},"inLanguage":"en-US","potentialAction":[{"@type":"ReadAction","target":["https:\/\/vincentians.com\/en\/life-of-felix-de-andreis-chapter-08\/"]}]},{"@type":"ImageObject","inLanguage":"en-US","@id":"https:\/\/vincentians.com\/en\/life-of-felix-de-andreis-chapter-08\/#primaryimage","url":"https:\/\/i0.wp.com\/vincentians.com\/en\/wp-content\/uploads\/sites\/2\/2016\/07\/felix-de-andreis.jpg?fit=1200%2C630","contentUrl":"https:\/\/i0.wp.com\/vincentians.com\/en\/wp-content\/uploads\/sites\/2\/2016\/07\/felix-de-andreis.jpg?fit=1200%2C630","width":1200,"height":630},{"@type":"BreadcrumbList","@id":"https:\/\/vincentians.com\/en\/life-of-felix-de-andreis-chapter-08\/#breadcrumb","itemListElement":[{"@type":"ListItem","position":1,"name":"Portada","item":"https:\/\/vincentians.com\/en\/"},{"@type":"ListItem","position":2,"name":"Life of Felix de Andreis. Chapter 08"}]},{"@type":"WebSite","@id":"https:\/\/vincentians.com\/en\/#website","url":"https:\/\/vincentians.com\/en\/","name":"We are Vincentians","description":"Know more to serve more","publisher":{"@id":"https:\/\/vincentians.com\/en\/#organization"},"potentialAction":[{"@type":"SearchAction","target":{"@type":"EntryPoint","urlTemplate":"https:\/\/vincentians.com\/en\/?s={search_term_string}"},"query-input":{"@type":"PropertyValueSpecification","valueRequired":true,"valueName":"search_term_string"}}],"inLanguage":"en-US"},{"@type":"Organization","@id":"https:\/\/vincentians.com\/en\/#organization","name":"The Vincentian Network","url":"https:\/\/vincentians.com\/en\/","logo":{"@type":"ImageObject","inLanguage":"en-US","@id":"https:\/\/vincentians.com\/en\/#\/schema\/logo\/image\/","url":"https:\/\/i1.wp.com\/vincentians.com\/en\/wp-content\/uploads\/sites\/2\/2016\/06\/Vincentian-Network-logo-big.png?fit=778%2C778&ssl=1","contentUrl":"https:\/\/i1.wp.com\/vincentians.com\/en\/wp-content\/uploads\/sites\/2\/2016\/06\/Vincentian-Network-logo-big.png?fit=778%2C778&ssl=1","width":778,"height":778,"caption":"The Vincentian Network"},"image":{"@id":"https:\/\/vincentians.com\/en\/#\/schema\/logo\/image\/"},"sameAs":["https:\/\/www.facebook.com\/WeAreVincentians\/","https:\/\/x.com\/WeVincentians"]},{"@type":"Person","@id":"https:\/\/vincentians.com\/en\/#\/schema\/person\/9623ef4d9aa3b2dfb8c061f1499288f2","name":"Francisco Javier Fern\u00e1ndez Chento","image":{"@type":"ImageObject","inLanguage":"en-US","@id":"https:\/\/vincentians.com\/en\/#\/schema\/person\/image\/","url":"https:\/\/secure.gravatar.com\/avatar\/497d5cde87b4c3d097d0315953521681ba2cd523ee66e5077c3711f7021e65de?s=96&d=mm&r=g","contentUrl":"https:\/\/secure.gravatar.com\/avatar\/497d5cde87b4c3d097d0315953521681ba2cd523ee66e5077c3711f7021e65de?s=96&d=mm&r=g","caption":"Francisco Javier Fern\u00e1ndez Chento"},"description":"Director General y cofundador de La Red de Formaci\u00f3n Vicenciana. Javier es laico vicenciano, afiliado a la Congregaci\u00f3n de la Misi\u00f3n y miembro del Equipo de Misiones Populares de la provincia can\u00f3nica de Zaragoza (Espa\u00f1a) de la Congregaci\u00f3n de la Misi\u00f3n. Graduado en la Universidad Oberta de Catalunya con cuatro grados (Asistente de direcci\u00f3n, Gesti\u00f3n Administrativa, Recursos Humanos y Contabilidad Avanzada). Bil\u00edng\u00fce Espa\u00f1ol\/Ingl\u00e9s. gestiona y mantiene varias p\u00e1ginas web cristianas y vicencianas, incluida including La Red de Formaci\u00f3n Vicenciana, de la que es cofundador. Actualmente es responsable del \u00e1rea de Espa\u00f1ol de .famvin, la Red de Noticias de la Familia Vicenciana. Tambi\u00e9n es m\u00fasico cat\u00f3lico y ha editado varios discos. Es Director General y cofundador de Trovador, una reconocida compa\u00f1\u00eda discogr\u00e1fica critiana de Espa\u00f1a. Trabaja en las Tecnolog\u00edas de la Informaci\u00f3n, ofreciendo servicios de alojamiento, dise\u00f1o y mantenimiento Web, as\u00ed como asesoramiento, formaci\u00f3n y soluciones inform\u00e1ticas, gesti\u00f3n documental y digitalizaci\u00f3n de textos, edici\u00f3n y maquetaci\u00f3n de libros, revistas, flyers, etc.","sameAs":["http:\/\/chento.org","https:\/\/www.facebook.com\/JavierChento","https:\/\/x.com\/https:\/\/twitter.com\/javierchento"],"url":"http:\/\/vincentians.com\/en\/author\/chento\/"}]}},"jetpack_publicize_connections":[],"jetpack_featured_media_url":"https:\/\/i0.wp.com\/vincentians.com\/en\/wp-content\/uploads\/sites\/2\/2016\/07\/felix-de-andreis.jpg?fit=1200%2C630","jetpack_sharing_enabled":true,"jetpack_shortlink":"https:\/\/wp.me\/p7K2Ow-rKL","jetpack-related-posts":[{"id":104373,"url":"http:\/\/vincentians.com\/en\/andreis-letter-001-to-felix-andreis-c-m\/","url_meta":{"origin":106687,"position":0},"title":"Andreis, Letter 001. To Felix de Andreis, C.M.","author":"Francisco Javier Fern\u00e1ndez Chento","date":"July 21, 2016","format":false,"excerpt":"(Between 1801 and 1803) Be prepared to leave for the mission you desire so much. You are destined for China, and you and your companions will be able to see in these circumstances the designs of divine providence. To accomplish its purposes it makes use of truly unforeseen means. (Francois\u2026","rel":"","context":"In &quot;Writings of Felix de Andreis&quot;","block_context":{"text":"Writings of Felix de Andreis","link":"http:\/\/vincentians.com\/en\/category\/writings\/writings-of-felix-de-andreis\/"},"img":{"alt_text":"","src":"https:\/\/i0.wp.com\/vincentians.com\/en\/wp-content\/uploads\/sites\/2\/2016\/06\/Writings-of-Felix-de-Andreis.jpg?fit=1200%2C630&resize=350%2C200","width":350,"height":200,"srcset":"https:\/\/i0.wp.com\/vincentians.com\/en\/wp-content\/uploads\/sites\/2\/2016\/06\/Writings-of-Felix-de-Andreis.jpg?fit=1200%2C630&resize=350%2C200 1x, https:\/\/i0.wp.com\/vincentians.com\/en\/wp-content\/uploads\/sites\/2\/2016\/06\/Writings-of-Felix-de-Andreis.jpg?fit=1200%2C630&resize=525%2C300 1.5x, https:\/\/i0.wp.com\/vincentians.com\/en\/wp-content\/uploads\/sites\/2\/2016\/06\/Writings-of-Felix-de-Andreis.jpg?fit=1200%2C630&resize=700%2C400 2x, https:\/\/i0.wp.com\/vincentians.com\/en\/wp-content\/uploads\/sites\/2\/2016\/06\/Writings-of-Felix-de-Andreis.jpg?fit=1200%2C630&resize=1050%2C600 3x"},"classes":[]},{"id":104386,"url":"http:\/\/vincentians.com\/en\/andreis-letter-004-to-vincenzo-andreis\/","url_meta":{"origin":106687,"position":1},"title":"Andreis, Letter 004. To Vincenzo De Andreis","author":"Francisco Javier Fern\u00e1ndez Chento","date":"August 11, 2016","format":false,"excerpt":"Rome 6 July 1814 My dearest brother, Last evening I received your fine letter with the enclosed bill of exchange, for which I thank you. Please relay my deepest thanks to our father. I already assumed that our father would receive back from the restored government his former office from\u2026","rel":"","context":"In &quot;Writings of Felix de Andreis&quot;","block_context":{"text":"Writings of Felix de Andreis","link":"http:\/\/vincentians.com\/en\/category\/writings\/writings-of-felix-de-andreis\/"},"img":{"alt_text":"","src":"https:\/\/i0.wp.com\/vincentians.com\/en\/wp-content\/uploads\/sites\/2\/2016\/06\/Writings-of-Felix-de-Andreis.jpg?fit=1200%2C630&resize=350%2C200","width":350,"height":200,"srcset":"https:\/\/i0.wp.com\/vincentians.com\/en\/wp-content\/uploads\/sites\/2\/2016\/06\/Writings-of-Felix-de-Andreis.jpg?fit=1200%2C630&resize=350%2C200 1x, https:\/\/i0.wp.com\/vincentians.com\/en\/wp-content\/uploads\/sites\/2\/2016\/06\/Writings-of-Felix-de-Andreis.jpg?fit=1200%2C630&resize=525%2C300 1.5x, https:\/\/i0.wp.com\/vincentians.com\/en\/wp-content\/uploads\/sites\/2\/2016\/06\/Writings-of-Felix-de-Andreis.jpg?fit=1200%2C630&resize=700%2C400 2x, https:\/\/i0.wp.com\/vincentians.com\/en\/wp-content\/uploads\/sites\/2\/2016\/06\/Writings-of-Felix-de-Andreis.jpg?fit=1200%2C630&resize=1050%2C600 3x"},"classes":[]},{"id":104388,"url":"http:\/\/vincentians.com\/en\/andreis-letter-002-to-vincenzo-andreis\/","url_meta":{"origin":106687,"position":2},"title":"Andreis, Letter 002. To Vincenzo De Andreis","author":"Francisco Javier Fern\u00e1ndez Chento","date":"July 28, 2016","format":false,"excerpt":"Rome 29 July 1812 My dearest brother, I still remember the promise I made you a year ago in my last letter, that I would give you timely notice of my departure from here to our native region. I had, so to say, pen in hand ready to fulfill this\u2026","rel":"","context":"In &quot;Writings of Felix de Andreis&quot;","block_context":{"text":"Writings of Felix de Andreis","link":"http:\/\/vincentians.com\/en\/category\/writings\/writings-of-felix-de-andreis\/"},"img":{"alt_text":"","src":"https:\/\/i0.wp.com\/vincentians.com\/en\/wp-content\/uploads\/sites\/2\/2016\/06\/Writings-of-Felix-de-Andreis.jpg?fit=1200%2C630&resize=350%2C200","width":350,"height":200,"srcset":"https:\/\/i0.wp.com\/vincentians.com\/en\/wp-content\/uploads\/sites\/2\/2016\/06\/Writings-of-Felix-de-Andreis.jpg?fit=1200%2C630&resize=350%2C200 1x, https:\/\/i0.wp.com\/vincentians.com\/en\/wp-content\/uploads\/sites\/2\/2016\/06\/Writings-of-Felix-de-Andreis.jpg?fit=1200%2C630&resize=525%2C300 1.5x, https:\/\/i0.wp.com\/vincentians.com\/en\/wp-content\/uploads\/sites\/2\/2016\/06\/Writings-of-Felix-de-Andreis.jpg?fit=1200%2C630&resize=700%2C400 2x, https:\/\/i0.wp.com\/vincentians.com\/en\/wp-content\/uploads\/sites\/2\/2016\/06\/Writings-of-Felix-de-Andreis.jpg?fit=1200%2C630&resize=1050%2C600 3x"},"classes":[]},{"id":104389,"url":"http:\/\/vincentians.com\/en\/andreis-letter-005-to-vincenzo-andreis\/","url_meta":{"origin":106687,"position":3},"title":"Andreis, Letter 005. To Vincenzo De Andreis","author":"Francisco Javier Fern\u00e1ndez Chento","date":"August 18, 2016","format":false,"excerpt":"Rome 15 May 1815 My dear brother, So that you might have no further reason to complain of my epistolary silence, I now feel inspired to satisfy this duty since I have a bit of free time. Also the news I received from you just yesterday moved me to write.\u2026","rel":"","context":"In &quot;Writings of Felix de Andreis&quot;","block_context":{"text":"Writings of Felix de Andreis","link":"http:\/\/vincentians.com\/en\/category\/writings\/writings-of-felix-de-andreis\/"},"img":{"alt_text":"","src":"https:\/\/i0.wp.com\/vincentians.com\/en\/wp-content\/uploads\/sites\/2\/2016\/06\/Writings-of-Felix-de-Andreis.jpg?fit=1200%2C630&resize=350%2C200","width":350,"height":200,"srcset":"https:\/\/i0.wp.com\/vincentians.com\/en\/wp-content\/uploads\/sites\/2\/2016\/06\/Writings-of-Felix-de-Andreis.jpg?fit=1200%2C630&resize=350%2C200 1x, https:\/\/i0.wp.com\/vincentians.com\/en\/wp-content\/uploads\/sites\/2\/2016\/06\/Writings-of-Felix-de-Andreis.jpg?fit=1200%2C630&resize=525%2C300 1.5x, https:\/\/i0.wp.com\/vincentians.com\/en\/wp-content\/uploads\/sites\/2\/2016\/06\/Writings-of-Felix-de-Andreis.jpg?fit=1200%2C630&resize=700%2C400 2x, https:\/\/i0.wp.com\/vincentians.com\/en\/wp-content\/uploads\/sites\/2\/2016\/06\/Writings-of-Felix-de-Andreis.jpg?fit=1200%2C630&resize=1050%2C600 3x"},"classes":[]},{"id":44054,"url":"http:\/\/vincentians.com\/en\/life-of-felix-andreis-chapter-00-introduction\/","url_meta":{"origin":106687,"position":4},"title":"Life of Felix de Andreis. Chapter 00 \u2014 Introduction","author":"Francisco Javier Fern\u00e1ndez Chento","date":"March 4, 2013","format":false,"excerpt":"TO the Right Rev. JOSEPH ROSATI, first bishop of St. Louis, we are principally indebted for the following life of his vener\u00adated Superior, the Very Rev. Felix De An\u00addreis, C. M. And no one else was as well qualified as Bishop Rosati, to describe the life and heroic virtues of\u2026","rel":"","context":"In &quot;Felix de Andreis&quot;","block_context":{"text":"Felix de Andreis","link":"http:\/\/vincentians.com\/en\/category\/the-vincentian-family\/the-vincentian-family-in-heaven\/venerable-and-servant-of-god\/felix-de-andreis\/"},"img":{"alt_text":"","src":"https:\/\/i0.wp.com\/vincentians.com\/en\/wp-content\/uploads\/sites\/2\/2016\/07\/felix-de-andreis.jpg?fit=1200%2C630&resize=350%2C200","width":350,"height":200,"srcset":"https:\/\/i0.wp.com\/vincentians.com\/en\/wp-content\/uploads\/sites\/2\/2016\/07\/felix-de-andreis.jpg?fit=1200%2C630&resize=350%2C200 1x, https:\/\/i0.wp.com\/vincentians.com\/en\/wp-content\/uploads\/sites\/2\/2016\/07\/felix-de-andreis.jpg?fit=1200%2C630&resize=525%2C300 1.5x, https:\/\/i0.wp.com\/vincentians.com\/en\/wp-content\/uploads\/sites\/2\/2016\/07\/felix-de-andreis.jpg?fit=1200%2C630&resize=700%2C400 2x, https:\/\/i0.wp.com\/vincentians.com\/en\/wp-content\/uploads\/sites\/2\/2016\/07\/felix-de-andreis.jpg?fit=1200%2C630&resize=1050%2C600 3x"},"classes":[]},{"id":106669,"url":"http:\/\/vincentians.com\/en\/life-of-felix-de-andreis-chapter-03\/","url_meta":{"origin":106687,"position":5},"title":"Life of Felix de Andreis. Chapter 03","author":"Francisco Javier Fern\u00e1ndez Chento","date":"March 13, 2013","format":false,"excerpt":"FROM the time that Father De Andreis took the firm resolution of entering the Con\u00adgregation of St. Vincent de Paul, he was in\u00adstinctively urged by a desire of being one day able to devote himself to those missions undertaken by the children of the Saint in infidel lands. This ardent\u2026","rel":"","context":"In &quot;Felix de Andreis&quot;","block_context":{"text":"Felix de Andreis","link":"http:\/\/vincentians.com\/en\/category\/the-vincentian-family\/the-vincentian-family-in-heaven\/venerable-and-servant-of-god\/felix-de-andreis\/"},"img":{"alt_text":"","src":"https:\/\/i0.wp.com\/vincentians.com\/en\/wp-content\/uploads\/sites\/2\/2016\/07\/felix-de-andreis.jpg?fit=1200%2C630&resize=350%2C200","width":350,"height":200,"srcset":"https:\/\/i0.wp.com\/vincentians.com\/en\/wp-content\/uploads\/sites\/2\/2016\/07\/felix-de-andreis.jpg?fit=1200%2C630&resize=350%2C200 1x, https:\/\/i0.wp.com\/vincentians.com\/en\/wp-content\/uploads\/sites\/2\/2016\/07\/felix-de-andreis.jpg?fit=1200%2C630&resize=525%2C300 1.5x, https:\/\/i0.wp.com\/vincentians.com\/en\/wp-content\/uploads\/sites\/2\/2016\/07\/felix-de-andreis.jpg?fit=1200%2C630&resize=700%2C400 2x, https:\/\/i0.wp.com\/vincentians.com\/en\/wp-content\/uploads\/sites\/2\/2016\/07\/felix-de-andreis.jpg?fit=1200%2C630&resize=1050%2C600 3x"},"classes":[]}],"_links":{"self":[{"href":"http:\/\/vincentians.com\/en\/wp-json\/wp\/v2\/posts\/106687","targetHints":{"allow":["GET"]}}],"collection":[{"href":"http:\/\/vincentians.com\/en\/wp-json\/wp\/v2\/posts"}],"about":[{"href":"http:\/\/vincentians.com\/en\/wp-json\/wp\/v2\/types\/post"}],"author":[{"embeddable":true,"href":"http:\/\/vincentians.com\/en\/wp-json\/wp\/v2\/users\/4"}],"replies":[{"embeddable":true,"href":"http:\/\/vincentians.com\/en\/wp-json\/wp\/v2\/comments?post=106687"}],"version-history":[{"count":0,"href":"http:\/\/vincentians.com\/en\/wp-json\/wp\/v2\/posts\/106687\/revisions"}],"wp:featuredmedia":[{"embeddable":true,"href":"http:\/\/vincentians.com\/en\/wp-json\/wp\/v2\/media\/150099"}],"wp:attachment":[{"href":"http:\/\/vincentians.com\/en\/wp-json\/wp\/v2\/media?parent=106687"}],"wp:term":[{"taxonomy":"category","embeddable":true,"href":"http:\/\/vincentians.com\/en\/wp-json\/wp\/v2\/categories?post=106687"},{"taxonomy":"post_tag","embeddable":true,"href":"http:\/\/vincentians.com\/en\/wp-json\/wp\/v2\/tags?post=106687"}],"curies":[{"name":"wp","href":"https:\/\/api.w.org\/{rel}","templated":true}]}}