{"id":106641,"date":"2016-07-16T11:00:00","date_gmt":"2016-07-16T09:00:00","guid":{"rendered":"http:\/\/vincentians.com\/?p=106641"},"modified":"2016-07-15T21:30:13","modified_gmt":"2016-07-15T19:30:13","slug":"the-poor-country-people-of-seventeenth-century-france","status":"publish","type":"post","link":"http:\/\/vincentians.com\/en\/the-poor-country-people-of-seventeenth-century-france\/","title":{"rendered":"The Poor Country People of Seventeenth Century France"},"content":{"rendered":"<div>\n<p>During the past forty years French historians have shifted their attention from the great personages and political movements of their country\u2019s past to the ordinary people among their ancestors. Their key interests include diet, health, education, housing, wage and price scales, commerce, technology, agronomics, climate, parish registers, wills, court records, diaries, peasant and urban lifestyles, and social mobility. Ephemeral popular literature, songs. and broadsheets have shed light on the mentality and concerns of the day. Consequently even a total amateur such as the present writer can glean some interesting information on \u201cthe poor country people\u201d so beloved of St. Vincent. Authorised publishing during the 1970s have been consulted in order to profit from recent research. A list of them is appended to place responsibility for the content of these pages where it belongs.<\/p>\n<h2><i>I. <\/i><i>The Country People<\/i><\/h2>\n<p>First, what overtones had \u201ccountryside\u201d and \u201ccountry people\u201d for the contemporaries of Vincent de Paul? Contrary to the situation in Europe and North America today, almost ninety per cent of the French were rural dwellers during the seventeenth century. More surprisingly, scarcely ten per cent of the population was engaged in industry, and much of that activity was based in the countryside, for example, the widespread manufacture of coarse cloth. By 1600 Europe had only forty-two towns with more than 40,000 inhabitants. The figure had risen to a mere fifty-two by 1700. Paris was Europe\u2019s largest city with a population of over 200, (XX). London and Naples exceeded 100,000; and by 1600 Rome. Milan, Venice, Messina. Amsterdam, Antwerp, Lisbon and Seville had reached 100,000. Lyons and Marseilles were near that figure. The towns were centres of royal administration, law courts, commerce, and luxury trades. They provided non-productive services for their rural hinterland, on which they were parasites \u2014 and viewed as such by the farming folk. Towards 1640 the population of France had risen to twenty-two millions. Thirty years later it was down to eighteen millions. In comparison, around 1640 England and Wales had 5 millions, Spain 6, The Netherlands 3, Germany 12, and Italy 12. By 1600 France had thirty-four inhabitants per square kilometre. Its open spaces gave the traveller a feeling of immense loneliness. To the French of the time their country was vast. Although a letter could reach Naples from Paris in three weeks, the travel of ordinary citizens was slow, expensive; highly uncomfortable, and often risky due to incessant wars, marauding mercenaries, professional brigands, poor highways and bridges, unhygienic inns, and sporadic revolts in the provinces over excessive taxation. It is not surprising that Vincent counselled Louise sometimes to take the safer river barge.<\/p>\n<\/div>\n<div>\n<p>Most French people of the time lived and died within sight of the church where they had been baptised. They thought in terms of the <i>pays, <\/i>the ten or twenty villages of their immediate area. The great majority of marriages was between persons of the same or a neighbouring village. The rural world was a closed one. It presented a united front against such outsiders as soldiers, townspeople, travellers, tourists, plague-carriers, and vagrants. These were immediately recognisable by their speech and dress. It may be significant, in this light, that the Daughters of Charity and the Congregation of the Mission were grouped mainly in towns, or in the shadow of institutions like the Benedictine monastery of MoutiersSaint-Jean. When the peasants raised their eyes to wider horizons, it was to their province \u2014 Normandy, Burgundy, Picardy, Gascony. Vincent lodged with a judge who was a fellow Gascon. Louis XIII, so conscious of his roots in B\u00e9arn, south of Gascony, would presumably have considered Vincent as a neighbour. Rarely did rural dwellers look to France as a whole. Indeed, royal authority was weak in the provinces until Cardinal Richelieu in the 1630s. What population mobility there was came from seasonal migration to help in the harvests, relocation to acquire professional training, and migration to towns, where the newly arrived commonly lodged among those of their <i>pays. <\/i>Of course the wars and famines of 1635-1659 produced floods of refugees and pauperised peasants. Thieves and vagrants controlled the forests and highways around Paris, and were masters of the streets after nightfall.<\/p>\n<p>The upper classes had their own epithets for the farming people: \u201cstate mules\u201d (Richelieu, 1585-1642); \u201crabble\u201d (Cardinal Mazarin, 16071661); \u201csavages\u201d (Madame de S\u00e9vign\u00e9, 1626-1692); \u201cwild animals\u201d (Jean de la Bruy\u00e8re, 1645-1696). With the exceptions of Rembrandt and Louis Le Nain, seventeenth century artists depicted the peasants and the poor as inebriated boors. Despite such urban disdain and misunderstanding, there remained a certain mystique about the country people. European literature of the period enshrines many versions of, \u201cWhen Adam delved and Eve span, who was then the gentleman?\u201d The peasant was sensed to be the fountainhead of all society, and the ancestor even of the aristocrats. They were recognised as the indispensable producing class, and the mainstay of the economy, of society (replenishing the population of towns), and of the state. In 1601 Sir Robert Cecil made a declaration which would have been accepted in France: \u201cWhosoever doth not maintain the plough destroys this Kingdom.\u201d As will be seen in the second section, the old order was changing. The country people were viewed as the repository of traditional values: sturdy industry, patient endurance, subordination, piety, contentment with their daily bread, independence. In the hungry, brutal France of the seventeenth century, this was largely a myth, but it was a benign and comforting myth.<\/p>\n<\/div>\n<div>\n<h2><i>II. <\/i><i>Rural Poverty<\/i><\/h2>\n<p>The notion of rural poverty will be tackled as physical, economic, and spiritual: <i>physical well-being <\/i>(diet, health, and life expectancy); <i>economic status <\/i>(land ownership, taxation, climatic and other disasters); <i>personal development <\/i>(education; popular culture, religion, and the role of the Church; the advance of pauperisation).<\/p>\n<p>Peasant diet consisted mainly of black bread, vegetable soups with perhaps some lard or offal, milk, cheese, crude pastries, porridge, peas, beans, lentils, and chestnuts. Fruit was rare and vegetables of poor quality. On feast days this may have been supplemented with coarse bacon or poultry. The great majority would have found it difficult to reduce their intake during Lent, since they were chronically undernourished. Lack of vitamin C led to scurvy, and low resistance to cold, infection, and heavy exertion. A deficiency in vitamin D resulted in bony joints and spinal curvature.<\/p>\n<p>The general health of the country (and poorer town) folk was deplorable. They died in great numbers of cholera, smallpox, typhoid, typhus, dysentery, tuberculosis, influenza, and puerperal fever. The death rate of the poor was two to three times that of the rich. In some warmer areas with stagnant water malaria was debilitating. Attacks occurring every two days mark the tertian fever, and those every three days are the quartan fever. A bout of malaria is characterised by high fever with an abrupt onset (usually in the late afternoon), headaches, chills, delirium, muscular pains, nausea, vomiting, and, in extreme cases, fits and coma (Dr. Paddy Neustatter). Louis Abelly records in 1664 that Vincent suffered his \u201clittle fever\u201d for periods of three to fifteen days, but did not interrupt his schedule. He sweated it out between jars of hot water, under three blankets even during summer. He refused to compensate his lack of sleep by taking a siesta, but often dozed off even while talking to people of importance. The quartan fever struck him once or twice each year. yet during these fevers he did some of his best work (Abelly, 1891 edition, Volume 1, pp. 350-352). The bubonic plague carried off one fifth and more of the population of some regions. It has been calculated that in France at least two millions were killed by it between 1600 and 1670. Almost five per cent of the populace perished from it during 1628-1632, even though the great cities of northern France were spared. People died in such numbers in the South that crops could not be harvested, and many survivors later died of hunger. Between 1659 and 1673 Moli\u00e8re based four of his plays on the inability of the doctors to cure. Paris and Lyons may have had one doctor for every five thousand citizens, but the countryside had to depend on local wizards, wise women, herbalists, and fair day quacks.<\/p>\n<\/div>\n<div>\n<p>One in four children died before their first birthday, and half did not reach the age of twenty. The statistics for a prosperous area near Beauvais over 1656-1735 are: out of one thousand live births 712 survived the first year. Five years later there were 567; ten years later 529; and twenty years later 489. Men were old at forty. Marriage was postponed until the ages of twenty-seven for men and twenty-four for women by about 1650 \u2014 with a consequent drop in fertility. The average family size in seventeenth century France was four children. During the last twenty years of Vincent\u2019s life his fellow countrymen were literally decimated by war, starvation, and disease. In the vicinity of Paris during the civil strife of 1648-1653, the Fronde, there was a succession of seven years of very heavy rainfall. (Vincent nearly drowned in a river in spate at Durtal in 1649). The population loss there was perhaps one third. During the summer of 1652 it was quite common for these villages to lose one quarter of their inhabitants. Nobody could cope with such misery.<\/p>\n<p>How well off financially were the country people? The fact that fully half the land was owned by peasants seems reassuring. In 1663 at Roquevaire in lower Province the clergy owned one per cent of the land, twelve bourgeois owned 19 per cent, nine nobles owned 23 per cent, and one hundred and fifty peasant proprietors owned the rest. Roughly speaking, the bourgeois had three times as much land as the farmers, and the aristocracy had nine times more. Whereas the Church could own ten and even twenty per cent of the land in Normandy, it possessed much less in the South, where there were more peasant proprietors. Jean Jacquart notes, \u201cM. Vincent was realistic enough to endow his congregation with magnificent resources in real estate, whose nucleus was the 345 hectares (about 850 acres) of arable land on the plateau of Saclay\u201d (p. 259). Few of the farmers were freeholders. They had to fulfil various obligations of labour and kind to the lord of the manor. To be economically independent a farmer needed thirty acres in years of plenty, and sixty-five acres in years of shortage. Only one peasant in ten owned sixty-five or more acres. Most farmers had to buy food at inflated prices during lean years.<\/p>\n<\/div>\n<div>\n<p>Another burden was the multiform taxation, which increased dramatically after Richelieu plunged into war against the Catholic Hapsburgs in 1635. The government levied 31 million livres in 1610, 39 million in 1635,44 million in 1641, and some 55 million in 1655. It has been calculated that the taxation roughly tripled between 1630 and 1648. Towards the middle of the century the monarchy was taking one eighth of the gross annual agrarian income, a sum equal to fifteen per cent of the national food supply. Any margin of safety which may have existed in what was at best a subsistence economy was wiped out. By the midseventeenth century the small farmer was supposed to pay 20% of his income to the crown, 8% to the Church (in practice the tithe came to one eleventh of the cereal production), 4% on other taxes, 20% for running costs \u2014 and on top of this 52% came the rent to the landlord. They were terrorised into paying by seizure of their goods and animals, by deeming the local community responsible for the debts of individuals, and by the billeting of troops. It is no wonder that tax riots were a recurring feature of 1630-1660, particularly in the South and West of France. Without reciprocal loans and services the whole agricultural system would have collapsed. During the seventeenth century the village assembly lost its democratic character, and became dominated by the handful of strong farmers who were better able to cope with the harsh economic conditions.<\/p>\n<p>A final contemporary calamity was the little ice age that set in over Europe about 1580 and petered out towards the middle of the last century. Particularly chilly, and often wet, conditions were experienced between 1620 and 1710. The analysis of tree rings reveals prolonged bad weather in the 1590s, 1620s, 1640s, and 1650s. A fall of one degree centigrade in average summer temperature restricts the growing season of plants by three to four weeks, and reduces the maximum altitude at which crops will ripen by 500 feet. Currently in Europe every day\u2019s delay in ripening diminishes the cereal crops by sixty-three kilos a hectare. Allied to bad weather and shortage of land for and increased population were the primitive agricultural techniques. Fewer beasts \u2014and these two thirds to a half the size of their modern counterparts\u2014 meant less manure and less power to work the land. Restoration of the soil was achieved by the wasteful system of allowing a field to lie fallow for one year in three in the north of France, and one year in two in the South. yoke-oxen represented affluence. (Did Vincent\u2019s father have more than one pair of oxen when he sold \u201ca yoke\u201d to pay for his son\u2019s clerical studies?) Swing ploughs only scratched the surface of the earth, without actually working it. Most of the work was done by hand with spade, hoe, sickle, and flail. When crops were poor rural employment dropped. Simultaneously that half of the adolescent population which hoped to amass enough capital by going into service found less opportunities in the villages and squires\u2019 manors due to the fall in revenue from the fields. About every twelve years there were bad harvests, and consequently greater malnutrition and higher mortality. Actual subsistence crises seem to have occurred on a thirty year cycle in 1597,1630, and 1662. There were intermediate smaller-scale crises in 1622 and 1649-1651. The periods of widespread death in France were 1629-1630, 1636-1637, 1648-1651, and 1660-1662. Vincent worked in a cold, wet, agriculturally depressed France, with a population declining from the ravages of war, plague, and famine.<\/p>\n<\/div>\n<div>\n<p>Moving lastly to what may loosely be described as personal development, the general character of rural culture may be sketched. Parish schools were few until the middle decades of the seventeenth century. Counter-Reformation forces such as the Company of the Blessed Sacrament founded village schools in order to promote lay participation in Church life, and to combat Protestantism, by spreading a more personalised and enlightened, even dogmatic, faith. People from the South had the additional hurdle of having to master official Parisian French. Thirty years after Vincent\u2019s death only 29% of French men and 14% of French women could sign their name.<\/p>\n<p>The rural people saw their environment as hostile and mysterious. They were afraid not only of hunger, but of darkness, forests, brigands, wolves, eclipses, comets, almanac predictions, mad dogs, plague, and Satan. Nature could produce anything \u2014 ghosts, changelings, outlandish beasts. Travellers\u2019 tales and oral traditions about violence fed their imaginations. undernourishment rendered them hypersensitive. They were quarrelsome, but easily reduced to pity at the sight of a column of galley slaves or a mourning wife or mother. Village ceremonies (including the licensed violence of ritual pitched battles), and often bacchanalian festivities and dances, provided a minimum of entertainment and fostered a community spirit. Privacy and individuality were almost unknown. Those who stepped out of line were subject to brutal and long-lasting reprisals. Never did they question the superiority of other social groups.<\/p>\n<p>A certain rural communism springing from common land, and shared rights to water, woods, and wasteland for grazing, was compounded by a naive evangelistic sense of being the children of God. There was a vague Christianity of the poor propagated orally during the long evenings at home, the communal recreations after work, and the parish meetings. However, the old institutions and creed were not catering adequately for the people in these dislocated times. Their religious outlook was tinged by magic and semi-Manicheanism. The devil and the saints fought over them. The clergy protected them. Superstitious rituals with consecrated hosts, holy water, and gibberish prayers were common. Confraternities assuring a good funeral and prayers for the dead flourished. Nevertheless, it is hardly surprising that for quite a few sorcery had become a substitute religion and a counter-culture. Jean Jacquart hazards a sketch of what religion meant to the average small farmer and vinedresser: \u201cA very genuine attachment to Christianity, a series of obligatory customary practices which no one thought of omitting. In addition, some naive but sincere devotions, more or less mingled with superstition and an astonishing familiarity with the sacred, which sometimes descends to the grossly material. Bursts of fervour impelling some to set out on distant pilgrimages \u2026 In short, an almost total ignorance of dogma, of the very essence of religion, and a radical disregard for Christian morality. The situation was such that doubt has been expressed whether that \u2018Christianity\u2019 was ever Christian, despite the Easter communions, the new churches and images of the saints, and the invocations in wills\u201d (pp. 319-320).<\/p>\n<\/div>\n<div>\n<p>The numerous country priests should have been pioneers of renewal. Monastic life had been reformed to a notable extent by 1600, but the diocesan clergy required another century of effort. The Concordat of Bologna (1516) gave the king almost a free hand in appointing bishops to the more than 120 sees. These were normally from the families of nobles or officials, with about a quarter being sons of well-established bourgeois. But a bishop could be anyone from the awkward youngest son of a penurious noble to a zealous royal confessor. At all events the bishop had little control over his pastors, since a good half of the benefices were in the grant of the laity. Too much can be made of the incidence of priestly concubinage. The basic drawbacks were that commonly priests were ignorant and wholly untrained, and that sometimes they were avaricious absentees. The dress of a priest was the insignia of a little-respected profession, which was plied like a routine trade, retaining nothing of the apostolic life save its poverty \u2014 and that unwillingly. The lord of the manor often employed the local curates as agricultural day-labours for carting, waxing, milling, or thatching. The clergy numbered perhaps 100,000 in almost 30,000 parishes, and practising Catholics were one hundred times as many. Nevertheless the Church was weak in institutions and trained manpower in the rural areas. Parishes were electoral wards and fiscal districts. The parish priest had to make public announcements from the pulpit, and to issue legal summonses and fill out questionnaires for administrators. Thus he was in some sense a government agent. The parish was the sole known world of most of the landed peasantry. Lay persons were responsible for the upkeep of the body of the church (but not of the choir), and the furnishing of the presbytery. Most priests learned their trade by a brief apprenticeship to a barely literate ordained relative. The parish priest was usually a bourgeois, not a country man. Often he was not a local, and sometimes was an absentee. The least clerical of clerics, he frequently raised animals and went to fairs and taverns. He kept bees, and sometimes a concubine and family. Significantly, in 1645 many parishioners of Autun were surprised to learn that priests were not supposed to keep mistresses. In many dioceses, but by no means all, the parish clergy were undisturbed by their ordinary until about 1620. So they continued to wrangle over tithes, and to offer a truncated Mass on Sundays. There was widespread abstinence from preaching, catechising, and administration of the sacraments of Penance and the Anointing of the Sick. The visitations that did take place revealed no more than three or four books in the average presbytery: a breviary, <i>The Golden Legend, The Imitation. <\/i>The archbishop of Sens in 1658 was the first of many prelates to order his priests to buy seventeen books and show them to him on his visitation. These included the Bible, Roman Catechism, Summa of St. Thomas Aquinas, Borromeo\u2019s <i>Instructions for Confessors, <\/i>and Francis de Sales\u2019 <i>Introduction to the Devout Life. <\/i>The situation had improved since the last-named could complain, \u201cIn seventeen years I have only been able to form three priests such as I wish them all to be, and out of those three I have really formed only one and a half.\u201d<\/p>\n<\/div>\n<div>\n<p>A final factor in rural disintegretion was the creeping pauperisation of the seventeenth century. War, plague, and famine, added to technological stagnation, lack of investment in agriculture, insufficient size of farms, increased population, soaring food prices, and snowballing taxation made debtors and then vagrants of many of the peasant proprietors. In sum, the basic taxes could be paid out of funds in 1615, out of borrowing in 1625, and out of the proceeds of selling the farm after 1630. The solid farmers and town people bought them out. Towns were inundated with homeless rural beggars since there was nothing left to scavenge in the countryside. Cannibalism came to within one hundred miles of Paris. Vincent de Paul had to agree with the stern policy of confining the \u201cundeserving\u201d poor in workhouses or hospitals. Public order was invoked to get them off the streets. In 1656 his more humane parallel policy of outdoor crisis relief and distribution of alms was forbidden by the government. Charity itself entered the Iron Age.<\/p>\n<\/div>\n<div>\n<h2>Bibliography<\/h2>\n<ul>\n<li>Robin Briggs, <i>Early modern France 1560-1715. <\/i>Oxford university Press, 1977.<\/li>\n<li>P. J. Coveney, editor, <i>France in Crisis, 1620-75. <\/i>London: Macmillan, 1977.<\/li>\n<li>Jean Jacquart in H. Neveux, J. Jacquart, and E. Le Roy Ladurie, editors, <i>Histoire de la France rurale, II. <\/i>Paris: Le Seuil, 1975. Pp. 185-350. (Series directed by G. Duby and A. Wallon).<\/li>\n<li>Henry Kamen, <i>The Iron Century. Social Change in Europe 1550-1660. <\/i>Cardinal Series. London: Sphere Books, 1971, revised 1976.<\/li>\n<li>Catharina Lis and Hugo Soly, <i>Poverty and Capitalism in Pre-Industrial Europe. <\/i>Hassocks: Harvester Press, 1979.<\/li>\n<li>Robert Mandrou, <i>Introduction to Modern France 1500-1640&#8230; <\/i>Translated from 2nd French edition 1974. London: E. Arnold, 1975.<\/li>\n<li>Roland Mousnier, <i>Les institutions de la France sous la monarchic absolue, 15981789, I, Soci\u00e9t\u00e9 et Etat. <\/i>Paris: Presses universitaires de France, 1974.<\/li>\n<li>Geoffrey Parker, <i>Europe in Crisis 1598-1648. <\/i>Fontana History of Europe. London: Fontana Paperbacks (Collins), 1979.<\/li>\n<\/ul>\n<\/div>\n","protected":false},"excerpt":{"rendered":"<p>During the past forty years French historians have shifted their attention from the great personages and political movements of their country\u2019s past to the ordinary people among their ancestors. Their key interests include diet, health, &#8230; <a href=\"http:\/\/vincentians.com\/en\/the-poor-country-people-of-seventeenth-century-france\/\" class=\"more-link\">Read More<\/a><\/p>\n","protected":false},"author":4,"featured_media":149783,"comment_status":"open","ping_status":"open","sticky":false,"template":"","format":"standard","meta":{"jetpack_post_was_ever_published":false,"_jetpack_newsletter_access":"","_jetpack_dont_email_post_to_subs":false,"_jetpack_newsletter_tier_id":0,"_jetpack_memberships_contains_paywalled_content":false,"_jetpack_memberships_contains_paid_content":false,"footnotes":"","jetpack_publicize_message":"","jetpack_publicize_feature_enabled":true,"jetpack_social_post_already_shared":true,"jetpack_social_options":{"image_generator_settings":{"template":"highway","default_image_id":0,"font":"","enabled":false},"version":2}},"categories":[17],"tags":[],"class_list":["post-106641","post","type-post","status-publish","format-standard","has-post-thumbnail","hentry","category-at-the-time-of-vincent-de-paul"],"yoast_head":"<!-- This site is optimized with the Yoast SEO plugin v26.3 - https:\/\/yoast.com\/wordpress\/plugins\/seo\/ -->\n<title>The Poor Country People of Seventeenth Century France - We are Vincentians<\/title>\n<meta name=\"robots\" content=\"index, follow, max-snippet:-1, max-image-preview:large, max-video-preview:-1\" \/>\n<link rel=\"canonical\" href=\"https:\/\/vincentians.com\/en\/the-poor-country-people-of-seventeenth-century-france\/\" \/>\n<meta property=\"og:locale\" content=\"en_US\" \/>\n<meta property=\"og:type\" content=\"article\" \/>\n<meta property=\"og:title\" content=\"The Poor Country People of Seventeenth Century France - We are Vincentians\" \/>\n<meta property=\"og:description\" content=\"During the past forty years French historians have shifted their attention from the great personages and political movements of their country\u2019s past to the ordinary people among their ancestors. Their key interests include diet, health, ... Read More\" \/>\n<meta property=\"og:url\" content=\"https:\/\/vincentians.com\/en\/the-poor-country-people-of-seventeenth-century-france\/\" \/>\n<meta property=\"og:site_name\" content=\"We are Vincentians\" \/>\n<meta property=\"article:publisher\" content=\"https:\/\/www.facebook.com\/WeAreVincentians\/\" \/>\n<meta property=\"article:author\" content=\"https:\/\/www.facebook.com\/JavierChento\" \/>\n<meta property=\"article:published_time\" content=\"2016-07-16T09:00:00+00:00\" \/>\n<meta property=\"og:image\" content=\"https:\/\/i0.wp.com\/vincentians.com\/en\/wp-content\/uploads\/sites\/2\/2013\/03\/french-post-roads-xvii-cent.jpg?fit=1200%2C630&ssl=1\" \/>\n\t<meta property=\"og:image:width\" content=\"1200\" \/>\n\t<meta property=\"og:image:height\" content=\"630\" \/>\n\t<meta property=\"og:image:type\" content=\"image\/jpeg\" \/>\n<meta name=\"author\" content=\"Francisco Javier Fern\u00e1ndez Chento\" \/>\n<meta name=\"twitter:card\" content=\"summary_large_image\" \/>\n<meta name=\"twitter:creator\" content=\"@https:\/\/twitter.com\/javierchento\" \/>\n<meta name=\"twitter:site\" content=\"@WeVincentians\" \/>\n<meta name=\"twitter:label1\" content=\"Written by\" \/>\n\t<meta name=\"twitter:data1\" content=\"Francisco Javier Fern\u00e1ndez Chento\" \/>\n\t<meta name=\"twitter:label2\" content=\"Est. reading time\" \/>\n\t<meta name=\"twitter:data2\" content=\"18 minutes\" \/>\n<script type=\"application\/ld+json\" class=\"yoast-schema-graph\">{\"@context\":\"https:\/\/schema.org\",\"@graph\":[{\"@type\":\"Article\",\"@id\":\"https:\/\/vincentians.com\/en\/the-poor-country-people-of-seventeenth-century-france\/#article\",\"isPartOf\":{\"@id\":\"https:\/\/vincentians.com\/en\/the-poor-country-people-of-seventeenth-century-france\/\"},\"author\":{\"name\":\"Francisco Javier Fern\u00e1ndez Chento\",\"@id\":\"https:\/\/vincentians.com\/en\/#\/schema\/person\/9623ef4d9aa3b2dfb8c061f1499288f2\"},\"headline\":\"The Poor Country People of Seventeenth Century France\",\"datePublished\":\"2016-07-16T09:00:00+00:00\",\"mainEntityOfPage\":{\"@id\":\"https:\/\/vincentians.com\/en\/the-poor-country-people-of-seventeenth-century-france\/\"},\"wordCount\":3655,\"commentCount\":0,\"publisher\":{\"@id\":\"https:\/\/vincentians.com\/en\/#organization\"},\"image\":{\"@id\":\"https:\/\/vincentians.com\/en\/the-poor-country-people-of-seventeenth-century-france\/#primaryimage\"},\"thumbnailUrl\":\"https:\/\/i0.wp.com\/vincentians.com\/en\/wp-content\/uploads\/sites\/2\/2013\/03\/french-post-roads-xvii-cent.jpg?fit=1200%2C630\",\"articleSection\":[\"At the time of Vincent de Paul\"],\"inLanguage\":\"en-US\",\"potentialAction\":[{\"@type\":\"CommentAction\",\"name\":\"Comment\",\"target\":[\"https:\/\/vincentians.com\/en\/the-poor-country-people-of-seventeenth-century-france\/#respond\"]}]},{\"@type\":\"WebPage\",\"@id\":\"https:\/\/vincentians.com\/en\/the-poor-country-people-of-seventeenth-century-france\/\",\"url\":\"https:\/\/vincentians.com\/en\/the-poor-country-people-of-seventeenth-century-france\/\",\"name\":\"The Poor Country People of Seventeenth Century France - We are Vincentians\",\"isPartOf\":{\"@id\":\"https:\/\/vincentians.com\/en\/#website\"},\"primaryImageOfPage\":{\"@id\":\"https:\/\/vincentians.com\/en\/the-poor-country-people-of-seventeenth-century-france\/#primaryimage\"},\"image\":{\"@id\":\"https:\/\/vincentians.com\/en\/the-poor-country-people-of-seventeenth-century-france\/#primaryimage\"},\"thumbnailUrl\":\"https:\/\/i0.wp.com\/vincentians.com\/en\/wp-content\/uploads\/sites\/2\/2013\/03\/french-post-roads-xvii-cent.jpg?fit=1200%2C630\",\"datePublished\":\"2016-07-16T09:00:00+00:00\",\"breadcrumb\":{\"@id\":\"https:\/\/vincentians.com\/en\/the-poor-country-people-of-seventeenth-century-france\/#breadcrumb\"},\"inLanguage\":\"en-US\",\"potentialAction\":[{\"@type\":\"ReadAction\",\"target\":[\"https:\/\/vincentians.com\/en\/the-poor-country-people-of-seventeenth-century-france\/\"]}]},{\"@type\":\"ImageObject\",\"inLanguage\":\"en-US\",\"@id\":\"https:\/\/vincentians.com\/en\/the-poor-country-people-of-seventeenth-century-france\/#primaryimage\",\"url\":\"https:\/\/i0.wp.com\/vincentians.com\/en\/wp-content\/uploads\/sites\/2\/2013\/03\/french-post-roads-xvii-cent.jpg?fit=1200%2C630\",\"contentUrl\":\"https:\/\/i0.wp.com\/vincentians.com\/en\/wp-content\/uploads\/sites\/2\/2013\/03\/french-post-roads-xvii-cent.jpg?fit=1200%2C630\",\"width\":1200,\"height\":630},{\"@type\":\"BreadcrumbList\",\"@id\":\"https:\/\/vincentians.com\/en\/the-poor-country-people-of-seventeenth-century-france\/#breadcrumb\",\"itemListElement\":[{\"@type\":\"ListItem\",\"position\":1,\"name\":\"Portada\",\"item\":\"https:\/\/vincentians.com\/en\/\"},{\"@type\":\"ListItem\",\"position\":2,\"name\":\"The Poor Country People of Seventeenth Century France\"}]},{\"@type\":\"WebSite\",\"@id\":\"https:\/\/vincentians.com\/en\/#website\",\"url\":\"https:\/\/vincentians.com\/en\/\",\"name\":\"We are Vincentians\",\"description\":\"Know more to serve more\",\"publisher\":{\"@id\":\"https:\/\/vincentians.com\/en\/#organization\"},\"potentialAction\":[{\"@type\":\"SearchAction\",\"target\":{\"@type\":\"EntryPoint\",\"urlTemplate\":\"https:\/\/vincentians.com\/en\/?s={search_term_string}\"},\"query-input\":{\"@type\":\"PropertyValueSpecification\",\"valueRequired\":true,\"valueName\":\"search_term_string\"}}],\"inLanguage\":\"en-US\"},{\"@type\":\"Organization\",\"@id\":\"https:\/\/vincentians.com\/en\/#organization\",\"name\":\"The Vincentian Network\",\"url\":\"https:\/\/vincentians.com\/en\/\",\"logo\":{\"@type\":\"ImageObject\",\"inLanguage\":\"en-US\",\"@id\":\"https:\/\/vincentians.com\/en\/#\/schema\/logo\/image\/\",\"url\":\"https:\/\/i1.wp.com\/vincentians.com\/en\/wp-content\/uploads\/sites\/2\/2016\/06\/Vincentian-Network-logo-big.png?fit=778%2C778&ssl=1\",\"contentUrl\":\"https:\/\/i1.wp.com\/vincentians.com\/en\/wp-content\/uploads\/sites\/2\/2016\/06\/Vincentian-Network-logo-big.png?fit=778%2C778&ssl=1\",\"width\":778,\"height\":778,\"caption\":\"The Vincentian Network\"},\"image\":{\"@id\":\"https:\/\/vincentians.com\/en\/#\/schema\/logo\/image\/\"},\"sameAs\":[\"https:\/\/www.facebook.com\/WeAreVincentians\/\",\"https:\/\/x.com\/WeVincentians\"]},{\"@type\":\"Person\",\"@id\":\"https:\/\/vincentians.com\/en\/#\/schema\/person\/9623ef4d9aa3b2dfb8c061f1499288f2\",\"name\":\"Francisco Javier Fern\u00e1ndez Chento\",\"image\":{\"@type\":\"ImageObject\",\"inLanguage\":\"en-US\",\"@id\":\"https:\/\/vincentians.com\/en\/#\/schema\/person\/image\/\",\"url\":\"https:\/\/secure.gravatar.com\/avatar\/497d5cde87b4c3d097d0315953521681ba2cd523ee66e5077c3711f7021e65de?s=96&d=mm&r=g\",\"contentUrl\":\"https:\/\/secure.gravatar.com\/avatar\/497d5cde87b4c3d097d0315953521681ba2cd523ee66e5077c3711f7021e65de?s=96&d=mm&r=g\",\"caption\":\"Francisco Javier Fern\u00e1ndez Chento\"},\"description\":\"Director General y cofundador de La Red de Formaci\u00f3n Vicenciana. Javier es laico vicenciano, afiliado a la Congregaci\u00f3n de la Misi\u00f3n y miembro del Equipo de Misiones Populares de la provincia can\u00f3nica de Zaragoza (Espa\u00f1a) de la Congregaci\u00f3n de la Misi\u00f3n. Graduado en la Universidad Oberta de Catalunya con cuatro grados (Asistente de direcci\u00f3n, Gesti\u00f3n Administrativa, Recursos Humanos y Contabilidad Avanzada). Bil\u00edng\u00fce Espa\u00f1ol\/Ingl\u00e9s. gestiona y mantiene varias p\u00e1ginas web cristianas y vicencianas, incluida including La Red de Formaci\u00f3n Vicenciana, de la que es cofundador. Actualmente es responsable del \u00e1rea de Espa\u00f1ol de .famvin, la Red de Noticias de la Familia Vicenciana. Tambi\u00e9n es m\u00fasico cat\u00f3lico y ha editado varios discos. Es Director General y cofundador de Trovador, una reconocida compa\u00f1\u00eda discogr\u00e1fica critiana de Espa\u00f1a. Trabaja en las Tecnolog\u00edas de la Informaci\u00f3n, ofreciendo servicios de alojamiento, dise\u00f1o y mantenimiento Web, as\u00ed como asesoramiento, formaci\u00f3n y soluciones inform\u00e1ticas, gesti\u00f3n documental y digitalizaci\u00f3n de textos, edici\u00f3n y maquetaci\u00f3n de libros, revistas, flyers, etc.\",\"sameAs\":[\"http:\/\/chento.org\",\"https:\/\/www.facebook.com\/JavierChento\",\"https:\/\/x.com\/https:\/\/twitter.com\/javierchento\"],\"url\":\"http:\/\/vincentians.com\/en\/author\/chento\/\"}]}<\/script>\n<!-- \/ Yoast SEO plugin. -->","yoast_head_json":{"title":"The Poor Country People of Seventeenth Century France - We are Vincentians","robots":{"index":"index","follow":"follow","max-snippet":"max-snippet:-1","max-image-preview":"max-image-preview:large","max-video-preview":"max-video-preview:-1"},"canonical":"https:\/\/vincentians.com\/en\/the-poor-country-people-of-seventeenth-century-france\/","og_locale":"en_US","og_type":"article","og_title":"The Poor Country People of Seventeenth Century France - We are Vincentians","og_description":"During the past forty years French historians have shifted their attention from the great personages and political movements of their country\u2019s past to the ordinary people among their ancestors. Their key interests include diet, health, ... Read More","og_url":"https:\/\/vincentians.com\/en\/the-poor-country-people-of-seventeenth-century-france\/","og_site_name":"We are Vincentians","article_publisher":"https:\/\/www.facebook.com\/WeAreVincentians\/","article_author":"https:\/\/www.facebook.com\/JavierChento","article_published_time":"2016-07-16T09:00:00+00:00","og_image":[{"width":1200,"height":630,"url":"https:\/\/i0.wp.com\/vincentians.com\/en\/wp-content\/uploads\/sites\/2\/2013\/03\/french-post-roads-xvii-cent.jpg?fit=1200%2C630&ssl=1","type":"image\/jpeg"}],"author":"Francisco Javier Fern\u00e1ndez Chento","twitter_card":"summary_large_image","twitter_creator":"@https:\/\/twitter.com\/javierchento","twitter_site":"@WeVincentians","twitter_misc":{"Written by":"Francisco Javier Fern\u00e1ndez Chento","Est. reading time":"18 minutes"},"schema":{"@context":"https:\/\/schema.org","@graph":[{"@type":"Article","@id":"https:\/\/vincentians.com\/en\/the-poor-country-people-of-seventeenth-century-france\/#article","isPartOf":{"@id":"https:\/\/vincentians.com\/en\/the-poor-country-people-of-seventeenth-century-france\/"},"author":{"name":"Francisco Javier Fern\u00e1ndez Chento","@id":"https:\/\/vincentians.com\/en\/#\/schema\/person\/9623ef4d9aa3b2dfb8c061f1499288f2"},"headline":"The Poor Country People of Seventeenth Century France","datePublished":"2016-07-16T09:00:00+00:00","mainEntityOfPage":{"@id":"https:\/\/vincentians.com\/en\/the-poor-country-people-of-seventeenth-century-france\/"},"wordCount":3655,"commentCount":0,"publisher":{"@id":"https:\/\/vincentians.com\/en\/#organization"},"image":{"@id":"https:\/\/vincentians.com\/en\/the-poor-country-people-of-seventeenth-century-france\/#primaryimage"},"thumbnailUrl":"https:\/\/i0.wp.com\/vincentians.com\/en\/wp-content\/uploads\/sites\/2\/2013\/03\/french-post-roads-xvii-cent.jpg?fit=1200%2C630","articleSection":["At the time of Vincent de Paul"],"inLanguage":"en-US","potentialAction":[{"@type":"CommentAction","name":"Comment","target":["https:\/\/vincentians.com\/en\/the-poor-country-people-of-seventeenth-century-france\/#respond"]}]},{"@type":"WebPage","@id":"https:\/\/vincentians.com\/en\/the-poor-country-people-of-seventeenth-century-france\/","url":"https:\/\/vincentians.com\/en\/the-poor-country-people-of-seventeenth-century-france\/","name":"The Poor Country People of Seventeenth Century France - We are Vincentians","isPartOf":{"@id":"https:\/\/vincentians.com\/en\/#website"},"primaryImageOfPage":{"@id":"https:\/\/vincentians.com\/en\/the-poor-country-people-of-seventeenth-century-france\/#primaryimage"},"image":{"@id":"https:\/\/vincentians.com\/en\/the-poor-country-people-of-seventeenth-century-france\/#primaryimage"},"thumbnailUrl":"https:\/\/i0.wp.com\/vincentians.com\/en\/wp-content\/uploads\/sites\/2\/2013\/03\/french-post-roads-xvii-cent.jpg?fit=1200%2C630","datePublished":"2016-07-16T09:00:00+00:00","breadcrumb":{"@id":"https:\/\/vincentians.com\/en\/the-poor-country-people-of-seventeenth-century-france\/#breadcrumb"},"inLanguage":"en-US","potentialAction":[{"@type":"ReadAction","target":["https:\/\/vincentians.com\/en\/the-poor-country-people-of-seventeenth-century-france\/"]}]},{"@type":"ImageObject","inLanguage":"en-US","@id":"https:\/\/vincentians.com\/en\/the-poor-country-people-of-seventeenth-century-france\/#primaryimage","url":"https:\/\/i0.wp.com\/vincentians.com\/en\/wp-content\/uploads\/sites\/2\/2013\/03\/french-post-roads-xvii-cent.jpg?fit=1200%2C630","contentUrl":"https:\/\/i0.wp.com\/vincentians.com\/en\/wp-content\/uploads\/sites\/2\/2013\/03\/french-post-roads-xvii-cent.jpg?fit=1200%2C630","width":1200,"height":630},{"@type":"BreadcrumbList","@id":"https:\/\/vincentians.com\/en\/the-poor-country-people-of-seventeenth-century-france\/#breadcrumb","itemListElement":[{"@type":"ListItem","position":1,"name":"Portada","item":"https:\/\/vincentians.com\/en\/"},{"@type":"ListItem","position":2,"name":"The Poor Country People of Seventeenth Century France"}]},{"@type":"WebSite","@id":"https:\/\/vincentians.com\/en\/#website","url":"https:\/\/vincentians.com\/en\/","name":"We are Vincentians","description":"Know more to serve more","publisher":{"@id":"https:\/\/vincentians.com\/en\/#organization"},"potentialAction":[{"@type":"SearchAction","target":{"@type":"EntryPoint","urlTemplate":"https:\/\/vincentians.com\/en\/?s={search_term_string}"},"query-input":{"@type":"PropertyValueSpecification","valueRequired":true,"valueName":"search_term_string"}}],"inLanguage":"en-US"},{"@type":"Organization","@id":"https:\/\/vincentians.com\/en\/#organization","name":"The Vincentian Network","url":"https:\/\/vincentians.com\/en\/","logo":{"@type":"ImageObject","inLanguage":"en-US","@id":"https:\/\/vincentians.com\/en\/#\/schema\/logo\/image\/","url":"https:\/\/i1.wp.com\/vincentians.com\/en\/wp-content\/uploads\/sites\/2\/2016\/06\/Vincentian-Network-logo-big.png?fit=778%2C778&ssl=1","contentUrl":"https:\/\/i1.wp.com\/vincentians.com\/en\/wp-content\/uploads\/sites\/2\/2016\/06\/Vincentian-Network-logo-big.png?fit=778%2C778&ssl=1","width":778,"height":778,"caption":"The Vincentian Network"},"image":{"@id":"https:\/\/vincentians.com\/en\/#\/schema\/logo\/image\/"},"sameAs":["https:\/\/www.facebook.com\/WeAreVincentians\/","https:\/\/x.com\/WeVincentians"]},{"@type":"Person","@id":"https:\/\/vincentians.com\/en\/#\/schema\/person\/9623ef4d9aa3b2dfb8c061f1499288f2","name":"Francisco Javier Fern\u00e1ndez Chento","image":{"@type":"ImageObject","inLanguage":"en-US","@id":"https:\/\/vincentians.com\/en\/#\/schema\/person\/image\/","url":"https:\/\/secure.gravatar.com\/avatar\/497d5cde87b4c3d097d0315953521681ba2cd523ee66e5077c3711f7021e65de?s=96&d=mm&r=g","contentUrl":"https:\/\/secure.gravatar.com\/avatar\/497d5cde87b4c3d097d0315953521681ba2cd523ee66e5077c3711f7021e65de?s=96&d=mm&r=g","caption":"Francisco Javier Fern\u00e1ndez Chento"},"description":"Director General y cofundador de La Red de Formaci\u00f3n Vicenciana. Javier es laico vicenciano, afiliado a la Congregaci\u00f3n de la Misi\u00f3n y miembro del Equipo de Misiones Populares de la provincia can\u00f3nica de Zaragoza (Espa\u00f1a) de la Congregaci\u00f3n de la Misi\u00f3n. Graduado en la Universidad Oberta de Catalunya con cuatro grados (Asistente de direcci\u00f3n, Gesti\u00f3n Administrativa, Recursos Humanos y Contabilidad Avanzada). Bil\u00edng\u00fce Espa\u00f1ol\/Ingl\u00e9s. gestiona y mantiene varias p\u00e1ginas web cristianas y vicencianas, incluida including La Red de Formaci\u00f3n Vicenciana, de la que es cofundador. Actualmente es responsable del \u00e1rea de Espa\u00f1ol de .famvin, la Red de Noticias de la Familia Vicenciana. Tambi\u00e9n es m\u00fasico cat\u00f3lico y ha editado varios discos. Es Director General y cofundador de Trovador, una reconocida compa\u00f1\u00eda discogr\u00e1fica critiana de Espa\u00f1a. Trabaja en las Tecnolog\u00edas de la Informaci\u00f3n, ofreciendo servicios de alojamiento, dise\u00f1o y mantenimiento Web, as\u00ed como asesoramiento, formaci\u00f3n y soluciones inform\u00e1ticas, gesti\u00f3n documental y digitalizaci\u00f3n de textos, edici\u00f3n y maquetaci\u00f3n de libros, revistas, flyers, etc.","sameAs":["http:\/\/chento.org","https:\/\/www.facebook.com\/JavierChento","https:\/\/x.com\/https:\/\/twitter.com\/javierchento"],"url":"http:\/\/vincentians.com\/en\/author\/chento\/"}]}},"jetpack_publicize_connections":[],"jetpack_featured_media_url":"https:\/\/i0.wp.com\/vincentians.com\/en\/wp-content\/uploads\/sites\/2\/2013\/03\/french-post-roads-xvii-cent.jpg?fit=1200%2C630","jetpack_sharing_enabled":true,"jetpack_shortlink":"https:\/\/wp.me\/p7K2Ow-rK1","jetpack-related-posts":[{"id":39427,"url":"http:\/\/vincentians.com\/en\/vincent-de-paul-a-priest-of-charity-at-the-service-of-the-poor\/","url_meta":{"origin":106641,"position":0},"title":"Vincent de Paul: A priest of charity at the service of the poor","author":"Francisco Javier Fern\u00e1ndez Chento","date":"December 2, 2012","format":false,"excerpt":"Vincent, a follower of the French school, viewed the priest as a man who performed acts of worship, thus the priest had to be holy in order to deal with holy things. Priesthood was a participation in the priesthood of the Son of God and as such was both awesome\u2026","rel":"","context":"In &quot;Vincent de Paul&quot;","block_context":{"text":"Vincent de Paul","link":"http:\/\/vincentians.com\/en\/category\/the-vincentian-family\/founders\/vincent-de-paul\/"},"img":{"alt_text":"","src":"https:\/\/i0.wp.com\/vincentians.com\/en\/wp-content\/uploads\/sites\/2\/2013\/12\/vincent-de-paul-with-poor.jpg?fit=1200%2C630&resize=350%2C200","width":350,"height":200,"srcset":"https:\/\/i0.wp.com\/vincentians.com\/en\/wp-content\/uploads\/sites\/2\/2013\/12\/vincent-de-paul-with-poor.jpg?fit=1200%2C630&resize=350%2C200 1x, https:\/\/i0.wp.com\/vincentians.com\/en\/wp-content\/uploads\/sites\/2\/2013\/12\/vincent-de-paul-with-poor.jpg?fit=1200%2C630&resize=525%2C300 1.5x, https:\/\/i0.wp.com\/vincentians.com\/en\/wp-content\/uploads\/sites\/2\/2013\/12\/vincent-de-paul-with-poor.jpg?fit=1200%2C630&resize=700%2C400 2x, https:\/\/i0.wp.com\/vincentians.com\/en\/wp-content\/uploads\/sites\/2\/2013\/12\/vincent-de-paul-with-poor.jpg?fit=1200%2C630&resize=1050%2C600 3x"},"classes":[]},{"id":52925,"url":"http:\/\/vincentians.com\/en\/vincent-the-country-boy\/","url_meta":{"origin":106641,"position":1},"title":"Vincent, The Country Boy","author":"Francisco Javier Fern\u00e1ndez Chento","date":"July 26, 2016","format":false,"excerpt":"I Vincent de Paul was rooted in the country, and early in life he had every intention of staying fixed there. If he ventured beyond that setting after ordination it was to find clerical advancement, so he could return home more securely rooted. His hopes were not for himself alone,\u2026","rel":"","context":"In &quot;Vincent de Paul&quot;","block_context":{"text":"Vincent de Paul","link":"http:\/\/vincentians.com\/en\/category\/the-vincentian-family\/founders\/vincent-de-paul\/"},"img":{"alt_text":"","src":"https:\/\/i0.wp.com\/vincentians.com\/en\/wp-content\/uploads\/sites\/2\/2012\/12\/vincent-de-paul-landes-background.jpg?fit=1200%2C630&resize=350%2C200","width":350,"height":200,"srcset":"https:\/\/i0.wp.com\/vincentians.com\/en\/wp-content\/uploads\/sites\/2\/2012\/12\/vincent-de-paul-landes-background.jpg?fit=1200%2C630&resize=350%2C200 1x, https:\/\/i0.wp.com\/vincentians.com\/en\/wp-content\/uploads\/sites\/2\/2012\/12\/vincent-de-paul-landes-background.jpg?fit=1200%2C630&resize=525%2C300 1.5x, https:\/\/i0.wp.com\/vincentians.com\/en\/wp-content\/uploads\/sites\/2\/2012\/12\/vincent-de-paul-landes-background.jpg?fit=1200%2C630&resize=700%2C400 2x, https:\/\/i0.wp.com\/vincentians.com\/en\/wp-content\/uploads\/sites\/2\/2012\/12\/vincent-de-paul-landes-background.jpg?fit=1200%2C630&resize=1050%2C600 3x"},"classes":[]},{"id":100871,"url":"http:\/\/vincentians.com\/en\/vincents-infancy-fifteen-years-in-a-rural-area\/","url_meta":{"origin":106641,"position":2},"title":"Vincent&#8217;s Infancy: Fifteen Years in a Rural Area","author":"Francisco Javier Fern\u00e1ndez Chento","date":"August 7, 2016","format":false,"excerpt":"1. Vincent, son of plowmen and farmers I was saying with consolation, a few days ago when I was preaching in a community, that I am the son of a poor farmer; and in another gathering, that I have looked after pigs (CCD:I:206). Alas! Monsieur, how you embarrass the son\u2026","rel":"","context":"In &quot;Vincent de Paul&quot;","block_context":{"text":"Vincent de Paul","link":"http:\/\/vincentians.com\/en\/category\/the-vincentian-family\/founders\/vincent-de-paul\/"},"img":{"alt_text":"","src":"https:\/\/i0.wp.com\/vincentians.com\/en\/wp-content\/uploads\/sites\/2\/2012\/12\/vincent-de-paul-ranquines-background.jpg?fit=1200%2C630&resize=350%2C200","width":350,"height":200,"srcset":"https:\/\/i0.wp.com\/vincentians.com\/en\/wp-content\/uploads\/sites\/2\/2012\/12\/vincent-de-paul-ranquines-background.jpg?fit=1200%2C630&resize=350%2C200 1x, https:\/\/i0.wp.com\/vincentians.com\/en\/wp-content\/uploads\/sites\/2\/2012\/12\/vincent-de-paul-ranquines-background.jpg?fit=1200%2C630&resize=525%2C300 1.5x, https:\/\/i0.wp.com\/vincentians.com\/en\/wp-content\/uploads\/sites\/2\/2012\/12\/vincent-de-paul-ranquines-background.jpg?fit=1200%2C630&resize=700%2C400 2x, https:\/\/i0.wp.com\/vincentians.com\/en\/wp-content\/uploads\/sites\/2\/2012\/12\/vincent-de-paul-ranquines-background.jpg?fit=1200%2C630&resize=1050%2C600 3x"},"classes":[]},{"id":46806,"url":"http:\/\/vincentians.com\/en\/the-poor-an-attempt-to-fathom-the-mind-of-st-vincent\/","url_meta":{"origin":106641,"position":3},"title":"The poor: An attempt to fathom the mind of St. Vincent","author":"Francisco Javier Fern\u00e1ndez Chento","date":"December 2, 2014","format":false,"excerpt":"I. Introduction While reading Louis Abelly's La Vie De S. Vincent De Paul, I was struck by his use of the adjective pauvre. Abelly lived at St. Lazare during the later part of St. Vincent's life and was an eyewitness to the activity of St. Vincent. Since he was conver\u00adsant\u2026","rel":"","context":"In &quot;Vincentian Formation&quot;","block_context":{"text":"Vincentian Formation","link":"http:\/\/vincentians.com\/en\/category\/vincentian-formation\/"},"img":{"alt_text":"","src":"https:\/\/i0.wp.com\/vincentians.com\/en\/wp-content\/uploads\/sites\/2\/2014\/12\/african-orphan.jpg?fit=1200%2C630&resize=350%2C200","width":350,"height":200,"srcset":"https:\/\/i0.wp.com\/vincentians.com\/en\/wp-content\/uploads\/sites\/2\/2014\/12\/african-orphan.jpg?fit=1200%2C630&resize=350%2C200 1x, https:\/\/i0.wp.com\/vincentians.com\/en\/wp-content\/uploads\/sites\/2\/2014\/12\/african-orphan.jpg?fit=1200%2C630&resize=525%2C300 1.5x, https:\/\/i0.wp.com\/vincentians.com\/en\/wp-content\/uploads\/sites\/2\/2014\/12\/african-orphan.jpg?fit=1200%2C630&resize=700%2C400 2x, https:\/\/i0.wp.com\/vincentians.com\/en\/wp-content\/uploads\/sites\/2\/2014\/12\/african-orphan.jpg?fit=1200%2C630&resize=1050%2C600 3x"},"classes":[]},{"id":67858,"url":"http:\/\/vincentians.com\/en\/vincent-de-paul-a-man-of-the-gospel\/","url_meta":{"origin":106641,"position":4},"title":"Vincent de Paul: a man of the Gospel","author":"Francisco Javier Fern\u00e1ndez Chento","date":"July 2, 2016","format":false,"excerpt":"Introduction Throughout the history of the Church many men and women who have followed Jesus Christ have been classified as men and women of the gospel. In reality all the saints could be referred to in the same manner because they took the gospel seriously and made the gospel a\u2026","rel":"","context":"In &quot;Vincent de Paul&quot;","block_context":{"text":"Vincent de Paul","link":"http:\/\/vincentians.com\/en\/category\/the-vincentian-family\/founders\/vincent-de-paul\/"},"img":{"alt_text":"","src":"https:\/\/i0.wp.com\/vincentians.com\/en\/wp-content\/uploads\/sites\/2\/2012\/12\/Vincent-de-Paul-a-man-of-the-gospel.jpg?fit=1200%2C630&resize=350%2C200","width":350,"height":200,"srcset":"https:\/\/i0.wp.com\/vincentians.com\/en\/wp-content\/uploads\/sites\/2\/2012\/12\/Vincent-de-Paul-a-man-of-the-gospel.jpg?fit=1200%2C630&resize=350%2C200 1x, https:\/\/i0.wp.com\/vincentians.com\/en\/wp-content\/uploads\/sites\/2\/2012\/12\/Vincent-de-Paul-a-man-of-the-gospel.jpg?fit=1200%2C630&resize=525%2C300 1.5x, https:\/\/i0.wp.com\/vincentians.com\/en\/wp-content\/uploads\/sites\/2\/2012\/12\/Vincent-de-Paul-a-man-of-the-gospel.jpg?fit=1200%2C630&resize=700%2C400 2x, https:\/\/i0.wp.com\/vincentians.com\/en\/wp-content\/uploads\/sites\/2\/2012\/12\/Vincent-de-Paul-a-man-of-the-gospel.jpg?fit=1200%2C630&resize=1050%2C600 3x"},"classes":[]},{"id":52931,"url":"http:\/\/vincentians.com\/en\/vincent-de-paul-patron-of-refugees\/","url_meta":{"origin":106641,"position":5},"title":"Vincent de Paul, Patron of Refugees","author":"Francisco Javier Fern\u00e1ndez Chento","date":"August 7, 2016","format":false,"excerpt":"The image that would best dramatize Vincent de Paul as the patron of charity would be to show him at the center of a whirlwind, its inner circle ringed with persons who defined his life: his missionaries and Daughters, his lay collaborators and benefactors, their energies spinning out into the\u2026","rel":"","context":"In &quot;Vincent de Paul&quot;","block_context":{"text":"Vincent de Paul","link":"http:\/\/vincentians.com\/en\/category\/the-vincentian-family\/founders\/vincent-de-paul\/"},"img":{"alt_text":"","src":"https:\/\/i0.wp.com\/vincentians.com\/en\/wp-content\/uploads\/sites\/2\/2013\/12\/vincent-de-paul-with-poor.jpg?fit=1200%2C630&resize=350%2C200","width":350,"height":200,"srcset":"https:\/\/i0.wp.com\/vincentians.com\/en\/wp-content\/uploads\/sites\/2\/2013\/12\/vincent-de-paul-with-poor.jpg?fit=1200%2C630&resize=350%2C200 1x, https:\/\/i0.wp.com\/vincentians.com\/en\/wp-content\/uploads\/sites\/2\/2013\/12\/vincent-de-paul-with-poor.jpg?fit=1200%2C630&resize=525%2C300 1.5x, https:\/\/i0.wp.com\/vincentians.com\/en\/wp-content\/uploads\/sites\/2\/2013\/12\/vincent-de-paul-with-poor.jpg?fit=1200%2C630&resize=700%2C400 2x, https:\/\/i0.wp.com\/vincentians.com\/en\/wp-content\/uploads\/sites\/2\/2013\/12\/vincent-de-paul-with-poor.jpg?fit=1200%2C630&resize=1050%2C600 3x"},"classes":[]}],"_links":{"self":[{"href":"http:\/\/vincentians.com\/en\/wp-json\/wp\/v2\/posts\/106641","targetHints":{"allow":["GET"]}}],"collection":[{"href":"http:\/\/vincentians.com\/en\/wp-json\/wp\/v2\/posts"}],"about":[{"href":"http:\/\/vincentians.com\/en\/wp-json\/wp\/v2\/types\/post"}],"author":[{"embeddable":true,"href":"http:\/\/vincentians.com\/en\/wp-json\/wp\/v2\/users\/4"}],"replies":[{"embeddable":true,"href":"http:\/\/vincentians.com\/en\/wp-json\/wp\/v2\/comments?post=106641"}],"version-history":[{"count":0,"href":"http:\/\/vincentians.com\/en\/wp-json\/wp\/v2\/posts\/106641\/revisions"}],"wp:featuredmedia":[{"embeddable":true,"href":"http:\/\/vincentians.com\/en\/wp-json\/wp\/v2\/media\/149783"}],"wp:attachment":[{"href":"http:\/\/vincentians.com\/en\/wp-json\/wp\/v2\/media?parent=106641"}],"wp:term":[{"taxonomy":"category","embeddable":true,"href":"http:\/\/vincentians.com\/en\/wp-json\/wp\/v2\/categories?post=106641"},{"taxonomy":"post_tag","embeddable":true,"href":"http:\/\/vincentians.com\/en\/wp-json\/wp\/v2\/tags?post=106641"}],"curies":[{"name":"wp","href":"https:\/\/api.w.org\/{rel}","templated":true}]}}