{"id":106283,"date":"2013-01-15T06:27:16","date_gmt":"2013-01-15T05:27:16","guid":{"rendered":"http:\/\/vincentians.com\/?p=106283"},"modified":"2016-06-23T09:08:28","modified_gmt":"2016-06-23T09:08:28","slug":"the-way-of-st-vincent-is-our-way-19-built-on-solid-rock","status":"publish","type":"post","link":"http:\/\/vincentians.com\/en\/the-way-of-st-vincent-is-our-way-19-built-on-solid-rock\/","title":{"rendered":"The Way of St. Vincent Is Our Way. 19. Built on solid rock"},"content":{"rendered":"<h2>19. Built on solid rock<\/h2>\n<p style=\"padding-left: 30px\">Everyone who listens to these words of mine and puts them into action is like the wise person who built a house on rock. The rain poured down, the flood came, the winds blew hard against the house; but it did not collapse, because it was established on solid rock.<br \/>\nMatthew 7:24-25<\/p>\n<p style=\"padding-left: 30px\">In order that, with God&#8217;s grace, it might achieve its purpose, the Congregation of the Mission, which consists of clerics and lay persons, strives to be filled with the sensitivity and attitudes of Christ, indeed with his very Spirit which is particularly clear in the examples from the Gospels explained in the Common Rules.<br \/>\nConstitutions, 4<\/p>\n<p>Without doubt the first idea of the above text of the Constitutions is that the membership of the Congregation is like that of the Church, i.e., we are clerics and laity. But the text goes further. It points out that Jesus, his affections and his spirit, are the focal point for the members of the Congregation. For, as has already been said, the first and most important duty of the members of the Congregation of the Mission is to put on the Spirit of Christ. Another idea of the text revolves around the value and the place that we give to the Common Rules. Are we, priests and brothers, able to find in them the evangelical doctrine necessary to live our lives as missionaries? Let us reflect further on this.<\/p>\n<h3>1. The Doctrine of Christ Does Not Deceive<\/h3>\n<p>An indisputable principle: Christ does not let us down; his doctrine does not deceive. Saint Vincent asked his missionaries to be convinced of this reality.<\/p>\n<p>Each one must strive, above all else, to ground himself in this truth: the teaching of Christ can never deceive, while that of the world is always false, since Christ himself declares that the former is like a house built upon solid rock. For this reason then the Congregation shall always make claim to act according to the maxims of Christ, never according to those of the world&#8230;<span id='easy-footnote-1-106283' class='easy-footnote-margin-adjust'><\/span><span class='easy-footnote'><a href='http:\/\/vincentians.com\/en\/the-way-of-st-vincent-is-our-way-19-built-on-solid-rock\/#easy-footnote-bottom-1-106283' title='Common Rules, ii, 1.'><sup>1<\/sup><\/a><\/span>\n<h3>2. We Are Spiritual Persons<\/h3>\n<p>Saint Paul made a distinction between the spiritual and the wordly person (1 Corinthians 2:14). The wordly person does not accept the spiritual person&#8217;s way of living. Since, for Saint Vincent, the missionary is a spiritual person, spiritual values are foremost in the Congregation of the Mission:<\/p>\n<p>Christ said: &#8216;Seek first the Kingdom of God and his justice and all these things that you need shall be given to you besides.&#8217; Each one shall endeavor to prefer the spiritual to the temporal, the welfare of the soul to the health of the body, the glory of God to the vanity of the world. Indeed, one should be determined with Saint Paul to choose privation, infamy, torture and even death itself, rather than be separated from the love of Christ. Therefore, no one shall be solicitous about temporal goods; rather shall he cast his care upon the Lord, convinced that, as long as he is rooted in this charity and grounded in this hope, he will always remain under the protection of the God of heaven; and thus no evil will befall him nor will he himself be wanting in any good, even though he may think that everything he possesses is about to be lost<span id='easy-footnote-2-106283' class='easy-footnote-margin-adjust'><\/span><span class='easy-footnote'><a href='http:\/\/vincentians.com\/en\/the-way-of-st-vincent-is-our-way-19-built-on-solid-rock\/#easy-footnote-bottom-2-106283' title='Common Rules, ii, 2.'><sup>2<\/sup><\/a><\/span>.<\/p>\n<h3>3. Let Us Venerate with Our Hearts the Common Rules<\/h3>\n<p>The Common Rules can be considered as the &#8220;code of perfection of our institute.&#8221; Saint Vincent exhorted us to venerate them:<\/p>\n<p>We shall all venerate with our hearts our Rules and Constitutions, including those that might seem to us of minor importance. Let us look on them as the means that God has given us to acquire the perfection proper to our vocation and so to attain our salvation. Therefore, let us frequently excite in ourselves the living and generous desire of observing them with fidelity. And if any of these rules are repugnant to our understanding or feeling, let us force ourselves unceasingly to overcome and conquer our natural desires. Let us remember that, according to the words of Christ, the Kingdom of Heaven has been enduring violent assault, and the violent have been seizing it by force<span id='easy-footnote-3-106283' class='easy-footnote-margin-adjust'><\/span><span class='easy-footnote'><a href='http:\/\/vincentians.com\/en\/the-way-of-st-vincent-is-our-way-19-built-on-solid-rock\/#easy-footnote-bottom-3-106283' title='Common Rules, xii, 13.'><sup>3<\/sup><\/a><\/span>.<\/p>\n<ul>\n<li>Do I continue to consider the Common Rule as a true &#8220;code of my spiritual life?&#8221;<\/li>\n<li>Have I concerned myself with the internalization of the Rule by frequent reading, study, and meditation?<\/li>\n<\/ul>\n<h2>Prayer:<\/h2>\n<p>Exhortation of Saint Vincent at the End of the Conference of February 14, 1659, on the Evangelical Maxims:<\/p>\n<p>Let us fill our spirit with them. Let us fill our hearts with his love and let us live accordingly.<\/p>\n<p>Let us pray to the apostles, who loved the evangelical maxims so much and observed them so well.<\/p>\n<p>Let us pray to the Blessed Virgin who, more than anyone else, entered into their meaning and practiced them.<\/p>\n<p>Let us pray, finally, to our Lord, who has established them in order that he might give us the grace of being faithful in practicing them, exciting us to it with the testimony of his virtues and with his example.<\/p>\n<p>There are reasons to hope that, living according to these maxims will be beneficial to us both in time and in eternity.<\/p>\n","protected":false},"excerpt":{"rendered":"<p>19. Built on solid rock Everyone who listens to these words of mine and puts them into action is like the wise person who built a house on rock. The rain poured down, the flood &#8230; <a href=\"http:\/\/vincentians.com\/en\/the-way-of-st-vincent-is-our-way-19-built-on-solid-rock\/\" class=\"more-link\">Read More<\/a><\/p>\n","protected":false},"author":4,"featured_media":149116,"comment_status":"open","ping_status":"open","sticky":false,"template":"","format":"standard","meta":{"jetpack_post_was_ever_published":false,"_jetpack_newsletter_access":"","_jetpack_dont_email_post_to_subs":false,"_jetpack_newsletter_tier_id":0,"_jetpack_memberships_contains_paywalled_content":false,"_jetpack_memberships_contains_paid_content":false,"footnotes":"","jetpack_publicize_message":"","jetpack_publicize_feature_enabled":true,"jetpack_social_post_already_shared":false,"jetpack_social_options":{"image_generator_settings":{"template":"highway","default_image_id":0,"font":"","enabled":false},"version":2}},"categories":[10],"tags":[],"class_list":["post-106283","post","type-post","status-publish","format-standard","has-post-thumbnail","hentry","category-charism"],"yoast_head":"<!-- This site is optimized with the Yoast SEO plugin v26.3 - https:\/\/yoast.com\/wordpress\/plugins\/seo\/ -->\n<title>The Way of St. Vincent Is Our Way. 19. Built on solid rock - We are Vincentians<\/title>\n<meta name=\"robots\" content=\"index, follow, max-snippet:-1, max-image-preview:large, max-video-preview:-1\" \/>\n<link rel=\"canonical\" href=\"http:\/\/vincentians.com\/en\/the-way-of-st-vincent-is-our-way-19-built-on-solid-rock\/\" \/>\n<meta property=\"og:locale\" content=\"en_US\" \/>\n<meta property=\"og:type\" content=\"article\" \/>\n<meta property=\"og:title\" content=\"The Way of St. Vincent Is Our Way. 19. Built on solid rock - We are Vincentians\" \/>\n<meta property=\"og:description\" content=\"19. Built on solid rock Everyone who listens to these words of mine and puts them into action is like the wise person who built a house on rock. The rain poured down, the flood ... Read More\" \/>\n<meta property=\"og:url\" content=\"http:\/\/vincentians.com\/en\/the-way-of-st-vincent-is-our-way-19-built-on-solid-rock\/\" \/>\n<meta property=\"og:site_name\" content=\"We are Vincentians\" \/>\n<meta property=\"article:publisher\" content=\"https:\/\/www.facebook.com\/WeAreVincentians\/\" \/>\n<meta property=\"article:author\" content=\"https:\/\/www.facebook.com\/JavierChento\" \/>\n<meta property=\"article:published_time\" content=\"2013-01-15T05:27:16+00:00\" \/>\n<meta property=\"article:modified_time\" content=\"2016-06-23T09:08:28+00:00\" \/>\n<meta property=\"og:image\" content=\"https:\/\/i0.wp.com\/vincentians.com\/en\/wp-content\/uploads\/sites\/2\/2016\/06\/the-way-of-st-vincent-is-our-way.jpg?fit=1200%2C630\" \/>\n\t<meta property=\"og:image:width\" content=\"1200\" \/>\n\t<meta property=\"og:image:height\" content=\"630\" \/>\n\t<meta property=\"og:image:type\" content=\"image\/jpeg\" \/>\n<meta name=\"author\" content=\"Francisco Javier Fern\u00e1ndez Chento\" \/>\n<meta name=\"twitter:card\" content=\"summary_large_image\" \/>\n<meta name=\"twitter:creator\" content=\"@https:\/\/twitter.com\/javierchento\" \/>\n<meta name=\"twitter:site\" content=\"@WeVincentians\" \/>\n<meta name=\"twitter:label1\" content=\"Written by\" \/>\n\t<meta name=\"twitter:data1\" content=\"Francisco Javier Fern\u00e1ndez Chento\" \/>\n\t<meta name=\"twitter:label2\" content=\"Est. reading time\" \/>\n\t<meta name=\"twitter:data2\" content=\"4 minutes\" \/>\n<script type=\"application\/ld+json\" class=\"yoast-schema-graph\">{\"@context\":\"https:\/\/schema.org\",\"@graph\":[{\"@type\":\"Article\",\"@id\":\"http:\/\/vincentians.com\/en\/the-way-of-st-vincent-is-our-way-19-built-on-solid-rock\/#article\",\"isPartOf\":{\"@id\":\"http:\/\/vincentians.com\/en\/the-way-of-st-vincent-is-our-way-19-built-on-solid-rock\/\"},\"author\":{\"name\":\"Francisco Javier Fern\u00e1ndez Chento\",\"@id\":\"https:\/\/vincentians.com\/en\/#\/schema\/person\/9623ef4d9aa3b2dfb8c061f1499288f2\"},\"headline\":\"The Way of St. Vincent Is Our Way. 19. Built on solid rock\",\"datePublished\":\"2013-01-15T05:27:16+00:00\",\"dateModified\":\"2016-06-23T09:08:28+00:00\",\"mainEntityOfPage\":{\"@id\":\"http:\/\/vincentians.com\/en\/the-way-of-st-vincent-is-our-way-19-built-on-solid-rock\/\"},\"wordCount\":893,\"commentCount\":0,\"publisher\":{\"@id\":\"https:\/\/vincentians.com\/en\/#organization\"},\"image\":{\"@id\":\"http:\/\/vincentians.com\/en\/the-way-of-st-vincent-is-our-way-19-built-on-solid-rock\/#primaryimage\"},\"thumbnailUrl\":\"https:\/\/i0.wp.com\/vincentians.com\/en\/wp-content\/uploads\/sites\/2\/2016\/06\/the-way-of-st-vincent-is-our-way.jpg?fit=1200%2C630\",\"articleSection\":[\"Charism\"],\"inLanguage\":\"en-US\",\"potentialAction\":[{\"@type\":\"CommentAction\",\"name\":\"Comment\",\"target\":[\"http:\/\/vincentians.com\/en\/the-way-of-st-vincent-is-our-way-19-built-on-solid-rock\/#respond\"]}]},{\"@type\":\"WebPage\",\"@id\":\"http:\/\/vincentians.com\/en\/the-way-of-st-vincent-is-our-way-19-built-on-solid-rock\/\",\"url\":\"http:\/\/vincentians.com\/en\/the-way-of-st-vincent-is-our-way-19-built-on-solid-rock\/\",\"name\":\"The Way of St. Vincent Is Our Way. 19. Built on solid rock - We are Vincentians\",\"isPartOf\":{\"@id\":\"https:\/\/vincentians.com\/en\/#website\"},\"primaryImageOfPage\":{\"@id\":\"http:\/\/vincentians.com\/en\/the-way-of-st-vincent-is-our-way-19-built-on-solid-rock\/#primaryimage\"},\"image\":{\"@id\":\"http:\/\/vincentians.com\/en\/the-way-of-st-vincent-is-our-way-19-built-on-solid-rock\/#primaryimage\"},\"thumbnailUrl\":\"https:\/\/i0.wp.com\/vincentians.com\/en\/wp-content\/uploads\/sites\/2\/2016\/06\/the-way-of-st-vincent-is-our-way.jpg?fit=1200%2C630\",\"datePublished\":\"2013-01-15T05:27:16+00:00\",\"dateModified\":\"2016-06-23T09:08:28+00:00\",\"breadcrumb\":{\"@id\":\"http:\/\/vincentians.com\/en\/the-way-of-st-vincent-is-our-way-19-built-on-solid-rock\/#breadcrumb\"},\"inLanguage\":\"en-US\",\"potentialAction\":[{\"@type\":\"ReadAction\",\"target\":[\"http:\/\/vincentians.com\/en\/the-way-of-st-vincent-is-our-way-19-built-on-solid-rock\/\"]}]},{\"@type\":\"ImageObject\",\"inLanguage\":\"en-US\",\"@id\":\"http:\/\/vincentians.com\/en\/the-way-of-st-vincent-is-our-way-19-built-on-solid-rock\/#primaryimage\",\"url\":\"https:\/\/i0.wp.com\/vincentians.com\/en\/wp-content\/uploads\/sites\/2\/2016\/06\/the-way-of-st-vincent-is-our-way.jpg?fit=1200%2C630\",\"contentUrl\":\"https:\/\/i0.wp.com\/vincentians.com\/en\/wp-content\/uploads\/sites\/2\/2016\/06\/the-way-of-st-vincent-is-our-way.jpg?fit=1200%2C630\",\"width\":1200,\"height\":630},{\"@type\":\"BreadcrumbList\",\"@id\":\"http:\/\/vincentians.com\/en\/the-way-of-st-vincent-is-our-way-19-built-on-solid-rock\/#breadcrumb\",\"itemListElement\":[{\"@type\":\"ListItem\",\"position\":1,\"name\":\"Portada\",\"item\":\"https:\/\/vincentians.com\/en\/\"},{\"@type\":\"ListItem\",\"position\":2,\"name\":\"The Way of St. Vincent Is Our Way. 19. Built on solid rock\"}]},{\"@type\":\"WebSite\",\"@id\":\"https:\/\/vincentians.com\/en\/#website\",\"url\":\"https:\/\/vincentians.com\/en\/\",\"name\":\"We are Vincentians\",\"description\":\"Know more to serve more\",\"publisher\":{\"@id\":\"https:\/\/vincentians.com\/en\/#organization\"},\"potentialAction\":[{\"@type\":\"SearchAction\",\"target\":{\"@type\":\"EntryPoint\",\"urlTemplate\":\"https:\/\/vincentians.com\/en\/?s={search_term_string}\"},\"query-input\":{\"@type\":\"PropertyValueSpecification\",\"valueRequired\":true,\"valueName\":\"search_term_string\"}}],\"inLanguage\":\"en-US\"},{\"@type\":\"Organization\",\"@id\":\"https:\/\/vincentians.com\/en\/#organization\",\"name\":\"The Vincentian Network\",\"url\":\"https:\/\/vincentians.com\/en\/\",\"logo\":{\"@type\":\"ImageObject\",\"inLanguage\":\"en-US\",\"@id\":\"https:\/\/vincentians.com\/en\/#\/schema\/logo\/image\/\",\"url\":\"https:\/\/i1.wp.com\/vincentians.com\/en\/wp-content\/uploads\/sites\/2\/2016\/06\/Vincentian-Network-logo-big.png?fit=778%2C778&ssl=1\",\"contentUrl\":\"https:\/\/i1.wp.com\/vincentians.com\/en\/wp-content\/uploads\/sites\/2\/2016\/06\/Vincentian-Network-logo-big.png?fit=778%2C778&ssl=1\",\"width\":778,\"height\":778,\"caption\":\"The Vincentian Network\"},\"image\":{\"@id\":\"https:\/\/vincentians.com\/en\/#\/schema\/logo\/image\/\"},\"sameAs\":[\"https:\/\/www.facebook.com\/WeAreVincentians\/\",\"https:\/\/x.com\/WeVincentians\"]},{\"@type\":\"Person\",\"@id\":\"https:\/\/vincentians.com\/en\/#\/schema\/person\/9623ef4d9aa3b2dfb8c061f1499288f2\",\"name\":\"Francisco Javier Fern\u00e1ndez Chento\",\"image\":{\"@type\":\"ImageObject\",\"inLanguage\":\"en-US\",\"@id\":\"https:\/\/vincentians.com\/en\/#\/schema\/person\/image\/\",\"url\":\"https:\/\/secure.gravatar.com\/avatar\/497d5cde87b4c3d097d0315953521681ba2cd523ee66e5077c3711f7021e65de?s=96&d=mm&r=g\",\"contentUrl\":\"https:\/\/secure.gravatar.com\/avatar\/497d5cde87b4c3d097d0315953521681ba2cd523ee66e5077c3711f7021e65de?s=96&d=mm&r=g\",\"caption\":\"Francisco Javier Fern\u00e1ndez Chento\"},\"description\":\"Director General y cofundador de La Red de Formaci\u00f3n Vicenciana. Javier es laico vicenciano, afiliado a la Congregaci\u00f3n de la Misi\u00f3n y miembro del Equipo de Misiones Populares de la provincia can\u00f3nica de Zaragoza (Espa\u00f1a) de la Congregaci\u00f3n de la Misi\u00f3n. Graduado en la Universidad Oberta de Catalunya con cuatro grados (Asistente de direcci\u00f3n, Gesti\u00f3n Administrativa, Recursos Humanos y Contabilidad Avanzada). Bil\u00edng\u00fce Espa\u00f1ol\/Ingl\u00e9s. gestiona y mantiene varias p\u00e1ginas web cristianas y vicencianas, incluida including La Red de Formaci\u00f3n Vicenciana, de la que es cofundador. Actualmente es responsable del \u00e1rea de Espa\u00f1ol de .famvin, la Red de Noticias de la Familia Vicenciana. Tambi\u00e9n es m\u00fasico cat\u00f3lico y ha editado varios discos. Es Director General y cofundador de Trovador, una reconocida compa\u00f1\u00eda discogr\u00e1fica critiana de Espa\u00f1a. Trabaja en las Tecnolog\u00edas de la Informaci\u00f3n, ofreciendo servicios de alojamiento, dise\u00f1o y mantenimiento Web, as\u00ed como asesoramiento, formaci\u00f3n y soluciones inform\u00e1ticas, gesti\u00f3n documental y digitalizaci\u00f3n de textos, edici\u00f3n y maquetaci\u00f3n de libros, revistas, flyers, etc.\",\"sameAs\":[\"http:\/\/chento.org\",\"https:\/\/www.facebook.com\/JavierChento\",\"https:\/\/x.com\/https:\/\/twitter.com\/javierchento\"],\"url\":\"http:\/\/vincentians.com\/en\/author\/chento\/\"}]}<\/script>\n<!-- \/ Yoast SEO plugin. -->","yoast_head_json":{"title":"The Way of St. Vincent Is Our Way. 19. Built on solid rock - We are Vincentians","robots":{"index":"index","follow":"follow","max-snippet":"max-snippet:-1","max-image-preview":"max-image-preview:large","max-video-preview":"max-video-preview:-1"},"canonical":"http:\/\/vincentians.com\/en\/the-way-of-st-vincent-is-our-way-19-built-on-solid-rock\/","og_locale":"en_US","og_type":"article","og_title":"The Way of St. Vincent Is Our Way. 19. Built on solid rock - We are Vincentians","og_description":"19. Built on solid rock Everyone who listens to these words of mine and puts them into action is like the wise person who built a house on rock. The rain poured down, the flood ... Read More","og_url":"http:\/\/vincentians.com\/en\/the-way-of-st-vincent-is-our-way-19-built-on-solid-rock\/","og_site_name":"We are Vincentians","article_publisher":"https:\/\/www.facebook.com\/WeAreVincentians\/","article_author":"https:\/\/www.facebook.com\/JavierChento","article_published_time":"2013-01-15T05:27:16+00:00","article_modified_time":"2016-06-23T09:08:28+00:00","og_image":[{"width":1200,"height":630,"url":"https:\/\/i0.wp.com\/vincentians.com\/en\/wp-content\/uploads\/sites\/2\/2016\/06\/the-way-of-st-vincent-is-our-way.jpg?fit=1200%2C630","type":"image\/jpeg"}],"author":"Francisco Javier Fern\u00e1ndez Chento","twitter_card":"summary_large_image","twitter_creator":"@https:\/\/twitter.com\/javierchento","twitter_site":"@WeVincentians","twitter_misc":{"Written by":"Francisco Javier Fern\u00e1ndez Chento","Est. reading time":"4 minutes"},"schema":{"@context":"https:\/\/schema.org","@graph":[{"@type":"Article","@id":"http:\/\/vincentians.com\/en\/the-way-of-st-vincent-is-our-way-19-built-on-solid-rock\/#article","isPartOf":{"@id":"http:\/\/vincentians.com\/en\/the-way-of-st-vincent-is-our-way-19-built-on-solid-rock\/"},"author":{"name":"Francisco Javier Fern\u00e1ndez Chento","@id":"https:\/\/vincentians.com\/en\/#\/schema\/person\/9623ef4d9aa3b2dfb8c061f1499288f2"},"headline":"The Way of St. Vincent Is Our Way. 19. Built on solid rock","datePublished":"2013-01-15T05:27:16+00:00","dateModified":"2016-06-23T09:08:28+00:00","mainEntityOfPage":{"@id":"http:\/\/vincentians.com\/en\/the-way-of-st-vincent-is-our-way-19-built-on-solid-rock\/"},"wordCount":893,"commentCount":0,"publisher":{"@id":"https:\/\/vincentians.com\/en\/#organization"},"image":{"@id":"http:\/\/vincentians.com\/en\/the-way-of-st-vincent-is-our-way-19-built-on-solid-rock\/#primaryimage"},"thumbnailUrl":"https:\/\/i0.wp.com\/vincentians.com\/en\/wp-content\/uploads\/sites\/2\/2016\/06\/the-way-of-st-vincent-is-our-way.jpg?fit=1200%2C630","articleSection":["Charism"],"inLanguage":"en-US","potentialAction":[{"@type":"CommentAction","name":"Comment","target":["http:\/\/vincentians.com\/en\/the-way-of-st-vincent-is-our-way-19-built-on-solid-rock\/#respond"]}]},{"@type":"WebPage","@id":"http:\/\/vincentians.com\/en\/the-way-of-st-vincent-is-our-way-19-built-on-solid-rock\/","url":"http:\/\/vincentians.com\/en\/the-way-of-st-vincent-is-our-way-19-built-on-solid-rock\/","name":"The Way of St. Vincent Is Our Way. 19. Built on solid rock - We are Vincentians","isPartOf":{"@id":"https:\/\/vincentians.com\/en\/#website"},"primaryImageOfPage":{"@id":"http:\/\/vincentians.com\/en\/the-way-of-st-vincent-is-our-way-19-built-on-solid-rock\/#primaryimage"},"image":{"@id":"http:\/\/vincentians.com\/en\/the-way-of-st-vincent-is-our-way-19-built-on-solid-rock\/#primaryimage"},"thumbnailUrl":"https:\/\/i0.wp.com\/vincentians.com\/en\/wp-content\/uploads\/sites\/2\/2016\/06\/the-way-of-st-vincent-is-our-way.jpg?fit=1200%2C630","datePublished":"2013-01-15T05:27:16+00:00","dateModified":"2016-06-23T09:08:28+00:00","breadcrumb":{"@id":"http:\/\/vincentians.com\/en\/the-way-of-st-vincent-is-our-way-19-built-on-solid-rock\/#breadcrumb"},"inLanguage":"en-US","potentialAction":[{"@type":"ReadAction","target":["http:\/\/vincentians.com\/en\/the-way-of-st-vincent-is-our-way-19-built-on-solid-rock\/"]}]},{"@type":"ImageObject","inLanguage":"en-US","@id":"http:\/\/vincentians.com\/en\/the-way-of-st-vincent-is-our-way-19-built-on-solid-rock\/#primaryimage","url":"https:\/\/i0.wp.com\/vincentians.com\/en\/wp-content\/uploads\/sites\/2\/2016\/06\/the-way-of-st-vincent-is-our-way.jpg?fit=1200%2C630","contentUrl":"https:\/\/i0.wp.com\/vincentians.com\/en\/wp-content\/uploads\/sites\/2\/2016\/06\/the-way-of-st-vincent-is-our-way.jpg?fit=1200%2C630","width":1200,"height":630},{"@type":"BreadcrumbList","@id":"http:\/\/vincentians.com\/en\/the-way-of-st-vincent-is-our-way-19-built-on-solid-rock\/#breadcrumb","itemListElement":[{"@type":"ListItem","position":1,"name":"Portada","item":"https:\/\/vincentians.com\/en\/"},{"@type":"ListItem","position":2,"name":"The Way of St. Vincent Is Our Way. 19. Built on solid rock"}]},{"@type":"WebSite","@id":"https:\/\/vincentians.com\/en\/#website","url":"https:\/\/vincentians.com\/en\/","name":"We are Vincentians","description":"Know more to serve more","publisher":{"@id":"https:\/\/vincentians.com\/en\/#organization"},"potentialAction":[{"@type":"SearchAction","target":{"@type":"EntryPoint","urlTemplate":"https:\/\/vincentians.com\/en\/?s={search_term_string}"},"query-input":{"@type":"PropertyValueSpecification","valueRequired":true,"valueName":"search_term_string"}}],"inLanguage":"en-US"},{"@type":"Organization","@id":"https:\/\/vincentians.com\/en\/#organization","name":"The Vincentian Network","url":"https:\/\/vincentians.com\/en\/","logo":{"@type":"ImageObject","inLanguage":"en-US","@id":"https:\/\/vincentians.com\/en\/#\/schema\/logo\/image\/","url":"https:\/\/i1.wp.com\/vincentians.com\/en\/wp-content\/uploads\/sites\/2\/2016\/06\/Vincentian-Network-logo-big.png?fit=778%2C778&ssl=1","contentUrl":"https:\/\/i1.wp.com\/vincentians.com\/en\/wp-content\/uploads\/sites\/2\/2016\/06\/Vincentian-Network-logo-big.png?fit=778%2C778&ssl=1","width":778,"height":778,"caption":"The Vincentian Network"},"image":{"@id":"https:\/\/vincentians.com\/en\/#\/schema\/logo\/image\/"},"sameAs":["https:\/\/www.facebook.com\/WeAreVincentians\/","https:\/\/x.com\/WeVincentians"]},{"@type":"Person","@id":"https:\/\/vincentians.com\/en\/#\/schema\/person\/9623ef4d9aa3b2dfb8c061f1499288f2","name":"Francisco Javier Fern\u00e1ndez Chento","image":{"@type":"ImageObject","inLanguage":"en-US","@id":"https:\/\/vincentians.com\/en\/#\/schema\/person\/image\/","url":"https:\/\/secure.gravatar.com\/avatar\/497d5cde87b4c3d097d0315953521681ba2cd523ee66e5077c3711f7021e65de?s=96&d=mm&r=g","contentUrl":"https:\/\/secure.gravatar.com\/avatar\/497d5cde87b4c3d097d0315953521681ba2cd523ee66e5077c3711f7021e65de?s=96&d=mm&r=g","caption":"Francisco Javier Fern\u00e1ndez Chento"},"description":"Director General y cofundador de La Red de Formaci\u00f3n Vicenciana. Javier es laico vicenciano, afiliado a la Congregaci\u00f3n de la Misi\u00f3n y miembro del Equipo de Misiones Populares de la provincia can\u00f3nica de Zaragoza (Espa\u00f1a) de la Congregaci\u00f3n de la Misi\u00f3n. Graduado en la Universidad Oberta de Catalunya con cuatro grados (Asistente de direcci\u00f3n, Gesti\u00f3n Administrativa, Recursos Humanos y Contabilidad Avanzada). Bil\u00edng\u00fce Espa\u00f1ol\/Ingl\u00e9s. gestiona y mantiene varias p\u00e1ginas web cristianas y vicencianas, incluida including La Red de Formaci\u00f3n Vicenciana, de la que es cofundador. Actualmente es responsable del \u00e1rea de Espa\u00f1ol de .famvin, la Red de Noticias de la Familia Vicenciana. Tambi\u00e9n es m\u00fasico cat\u00f3lico y ha editado varios discos. Es Director General y cofundador de Trovador, una reconocida compa\u00f1\u00eda discogr\u00e1fica critiana de Espa\u00f1a. Trabaja en las Tecnolog\u00edas de la Informaci\u00f3n, ofreciendo servicios de alojamiento, dise\u00f1o y mantenimiento Web, as\u00ed como asesoramiento, formaci\u00f3n y soluciones inform\u00e1ticas, gesti\u00f3n documental y digitalizaci\u00f3n de textos, edici\u00f3n y maquetaci\u00f3n de libros, revistas, flyers, etc.","sameAs":["http:\/\/chento.org","https:\/\/www.facebook.com\/JavierChento","https:\/\/x.com\/https:\/\/twitter.com\/javierchento"],"url":"http:\/\/vincentians.com\/en\/author\/chento\/"}]}},"jetpack_publicize_connections":[],"jetpack_featured_media_url":"https:\/\/i0.wp.com\/vincentians.com\/en\/wp-content\/uploads\/sites\/2\/2016\/06\/the-way-of-st-vincent-is-our-way.jpg?fit=1200%2C630","jetpack_sharing_enabled":true,"jetpack_shortlink":"https:\/\/wp.me\/p7K2Ow-rEf","jetpack-related-posts":[{"id":106015,"url":"http:\/\/vincentians.com\/en\/the-way-of-st-vincent-is-our-way-15-the-constitutions-as-a-means-of-attaining-perfection\/","url_meta":{"origin":106283,"position":0},"title":"The Way of St. Vincent Is Our Way. 15. The constitutions as a means of attaining perfection","author":"Francisco Javier Fern\u00e1ndez Chento","date":"January 11, 2013","format":false,"excerpt":"15. The constitutions as a means of attaining perfection For I tell you, if your virtue goes no deeper than that of the Scribes and Pharisees, you will never enter into the Kingdom of Heaven. Matthew 5:20 The Congregation of the Mission is a clerical society of apostolic life and\u2026","rel":"","context":"In &quot;Charism&quot;","block_context":{"text":"Charism","link":"http:\/\/vincentians.com\/en\/category\/spirituality\/charism\/"},"img":{"alt_text":"","src":"https:\/\/i0.wp.com\/vincentians.com\/en\/wp-content\/uploads\/sites\/2\/2016\/06\/the-way-of-st-vincent-is-our-way.jpg?fit=1200%2C630&resize=350%2C200","width":350,"height":200,"srcset":"https:\/\/i0.wp.com\/vincentians.com\/en\/wp-content\/uploads\/sites\/2\/2016\/06\/the-way-of-st-vincent-is-our-way.jpg?fit=1200%2C630&resize=350%2C200 1x, https:\/\/i0.wp.com\/vincentians.com\/en\/wp-content\/uploads\/sites\/2\/2016\/06\/the-way-of-st-vincent-is-our-way.jpg?fit=1200%2C630&resize=525%2C300 1.5x, https:\/\/i0.wp.com\/vincentians.com\/en\/wp-content\/uploads\/sites\/2\/2016\/06\/the-way-of-st-vincent-is-our-way.jpg?fit=1200%2C630&resize=700%2C400 2x, https:\/\/i0.wp.com\/vincentians.com\/en\/wp-content\/uploads\/sites\/2\/2016\/06\/the-way-of-st-vincent-is-our-way.jpg?fit=1200%2C630&resize=1050%2C600 3x"},"classes":[]},{"id":106110,"url":"http:\/\/vincentians.com\/en\/the-way-of-st-vincent-is-our-way-14-the-common-life\/","url_meta":{"origin":106283,"position":1},"title":"The Way of St. Vincent Is Our Way. 14. The common life","author":"Francisco Javier Fern\u00e1ndez Chento","date":"January 2, 2013","format":false,"excerpt":"14. The common life As Jesus went up into the hills, he summoned those he wanted; they were to be his companions and to be sent out to preach, with power to cast out devils. Mark 3:13-14 The Congregation of the Mission is a clerical society of apostolic life and\u2026","rel":"","context":"In &quot;Charism&quot;","block_context":{"text":"Charism","link":"http:\/\/vincentians.com\/en\/category\/spirituality\/charism\/"},"img":{"alt_text":"","src":"https:\/\/i0.wp.com\/vincentians.com\/en\/wp-content\/uploads\/sites\/2\/2016\/06\/the-way-of-st-vincent-is-our-way.jpg?fit=1200%2C630&resize=350%2C200","width":350,"height":200,"srcset":"https:\/\/i0.wp.com\/vincentians.com\/en\/wp-content\/uploads\/sites\/2\/2016\/06\/the-way-of-st-vincent-is-our-way.jpg?fit=1200%2C630&resize=350%2C200 1x, https:\/\/i0.wp.com\/vincentians.com\/en\/wp-content\/uploads\/sites\/2\/2016\/06\/the-way-of-st-vincent-is-our-way.jpg?fit=1200%2C630&resize=525%2C300 1.5x, https:\/\/i0.wp.com\/vincentians.com\/en\/wp-content\/uploads\/sites\/2\/2016\/06\/the-way-of-st-vincent-is-our-way.jpg?fit=1200%2C630&resize=700%2C400 2x, https:\/\/i0.wp.com\/vincentians.com\/en\/wp-content\/uploads\/sites\/2\/2016\/06\/the-way-of-st-vincent-is-our-way.jpg?fit=1200%2C630&resize=1050%2C600 3x"},"classes":[]},{"id":105308,"url":"http:\/\/vincentians.com\/en\/the-life-of-vincent-de-paul-abelly-book-i-chapter-xxxi\/","url_meta":{"origin":106283,"position":2},"title":"The Life of Vincent de Paul (Abelly): Book I, Chapter XXXI","author":"Francisco Javier Fern\u00e1ndez Chento","date":"August 2, 2016","format":false,"excerpt":"The Founding of Several Seminaries for Clergy Great rivers always flow towards the ocean, ever being swelled by the waters of brooks and streams along the way. So too with the charity of Monsieur Vincent. It was ever directed to God, but grew each day, not so much from what\u2026","rel":"","context":"In &quot;Vincent de Paul&quot;","block_context":{"text":"Vincent de Paul","link":"http:\/\/vincentians.com\/en\/category\/the-vincentian-family\/founders\/vincent-de-paul\/"},"img":{"alt_text":"","src":"https:\/\/i0.wp.com\/vincentians.com\/en\/wp-content\/uploads\/sites\/2\/2016\/07\/abelly-feat.jpg?fit=1200%2C630&resize=350%2C200","width":350,"height":200,"srcset":"https:\/\/i0.wp.com\/vincentians.com\/en\/wp-content\/uploads\/sites\/2\/2016\/07\/abelly-feat.jpg?fit=1200%2C630&resize=350%2C200 1x, https:\/\/i0.wp.com\/vincentians.com\/en\/wp-content\/uploads\/sites\/2\/2016\/07\/abelly-feat.jpg?fit=1200%2C630&resize=525%2C300 1.5x, https:\/\/i0.wp.com\/vincentians.com\/en\/wp-content\/uploads\/sites\/2\/2016\/07\/abelly-feat.jpg?fit=1200%2C630&resize=700%2C400 2x, https:\/\/i0.wp.com\/vincentians.com\/en\/wp-content\/uploads\/sites\/2\/2016\/07\/abelly-feat.jpg?fit=1200%2C630&resize=1050%2C600 3x"},"classes":[]},{"id":104387,"url":"http:\/\/vincentians.com\/en\/andreis-letter-003-preface-to-norme-ed-avvisi\/","url_meta":{"origin":106283,"position":3},"title":"Andreis, Letter 003. Preface to &#8220;Norme ed Avvisi&#8221;","author":"Francisco Javier Fern\u00e1ndez Chento","date":"August 4, 2016","format":false,"excerpt":"(1814?) In his bull establishing our Congregation, Pope Urban VIII of happy memory deigned to write a truly incomparable commendation of it. Something greater than this could not be imagined nor desired from the mouth of a Vicar of Christ. \"[It is] an institute most acceptable to God, most useful\u2026","rel":"","context":"In &quot;Writings of Felix de Andreis&quot;","block_context":{"text":"Writings of Felix de Andreis","link":"http:\/\/vincentians.com\/en\/category\/writings\/writings-of-felix-de-andreis\/"},"img":{"alt_text":"","src":"https:\/\/i0.wp.com\/vincentians.com\/en\/wp-content\/uploads\/sites\/2\/2016\/06\/Writings-of-Felix-de-Andreis.jpg?fit=1200%2C630&resize=350%2C200","width":350,"height":200,"srcset":"https:\/\/i0.wp.com\/vincentians.com\/en\/wp-content\/uploads\/sites\/2\/2016\/06\/Writings-of-Felix-de-Andreis.jpg?fit=1200%2C630&resize=350%2C200 1x, https:\/\/i0.wp.com\/vincentians.com\/en\/wp-content\/uploads\/sites\/2\/2016\/06\/Writings-of-Felix-de-Andreis.jpg?fit=1200%2C630&resize=525%2C300 1.5x, https:\/\/i0.wp.com\/vincentians.com\/en\/wp-content\/uploads\/sites\/2\/2016\/06\/Writings-of-Felix-de-Andreis.jpg?fit=1200%2C630&resize=700%2C400 2x, https:\/\/i0.wp.com\/vincentians.com\/en\/wp-content\/uploads\/sites\/2\/2016\/06\/Writings-of-Felix-de-Andreis.jpg?fit=1200%2C630&resize=1050%2C600 3x"},"classes":[]},{"id":105486,"url":"http:\/\/vincentians.com\/en\/ephemerides-december-20\/","url_meta":{"origin":106283,"position":4},"title":"Ephemerides: December, 20","author":"Francisco Javier Fern\u00e1ndez Chento","date":"December 20, 2016","format":false,"excerpt":"1596 In 1596, Vincent receives tonsure from the bishop of Tarbes and so enters the clerical state. 1904 In 1904, for the first time, the feast of St. Vincent de Paul, Universal Patron of Charitable Works, is celebrated. This feast day was approved by the Sacred Congregation of Rites and\u2026","rel":"","context":"In &quot;Vincentian ephemerides&quot;","block_context":{"text":"Vincentian ephemerides","link":"http:\/\/vincentians.com\/en\/category\/history-of-the-vincentian-family\/vincentian-ephemerides\/"},"img":{"alt_text":"","src":"https:\/\/i0.wp.com\/vincentians.com\/en\/wp-content\/uploads\/sites\/2\/2016\/07\/ephemerides-fb.jpg?fit=1200%2C630&resize=350%2C200","width":350,"height":200,"srcset":"https:\/\/i0.wp.com\/vincentians.com\/en\/wp-content\/uploads\/sites\/2\/2016\/07\/ephemerides-fb.jpg?fit=1200%2C630&resize=350%2C200 1x, https:\/\/i0.wp.com\/vincentians.com\/en\/wp-content\/uploads\/sites\/2\/2016\/07\/ephemerides-fb.jpg?fit=1200%2C630&resize=525%2C300 1.5x, https:\/\/i0.wp.com\/vincentians.com\/en\/wp-content\/uploads\/sites\/2\/2016\/07\/ephemerides-fb.jpg?fit=1200%2C630&resize=700%2C400 2x, https:\/\/i0.wp.com\/vincentians.com\/en\/wp-content\/uploads\/sites\/2\/2016\/07\/ephemerides-fb.jpg?fit=1200%2C630&resize=1050%2C600 3x"},"classes":[]},{"id":43013,"url":"http:\/\/vincentians.com\/en\/rene-almeras-c-m\/","url_meta":{"origin":106283,"position":5},"title":"Ren\u00e9 Alm\u00e9ras, C.M.","author":"Francisco Javier Fern\u00e1ndez Chento","date":"January 9, 2016","format":false,"excerpt":"Background and Early Life Fr Ren\u00e9 Alm\u00e9ras CM was the second Superior General of the Congregation of the Mission, and the immediate successor of Vincent de Paul. Elected in January 17, 1661 following the death of Vincent de Paul in 1660, Fr Alm\u00e9ras held the office of Superior General till\u2026","rel":"","context":"In &quot;Vincentian Fathers biographies&quot;","block_context":{"text":"Vincentian Fathers biographies","link":"http:\/\/vincentians.com\/en\/category\/the-vincentian-family\/vincentian-biographies\/vincentian-fathers-biographies\/"},"img":{"alt_text":"","src":"https:\/\/i0.wp.com\/vincentians.com\/en\/wp-content\/uploads\/sites\/2\/2016\/01\/rene-almeras.jpg?fit=1200%2C630&resize=350%2C200","width":350,"height":200,"srcset":"https:\/\/i0.wp.com\/vincentians.com\/en\/wp-content\/uploads\/sites\/2\/2016\/01\/rene-almeras.jpg?fit=1200%2C630&resize=350%2C200 1x, https:\/\/i0.wp.com\/vincentians.com\/en\/wp-content\/uploads\/sites\/2\/2016\/01\/rene-almeras.jpg?fit=1200%2C630&resize=525%2C300 1.5x, https:\/\/i0.wp.com\/vincentians.com\/en\/wp-content\/uploads\/sites\/2\/2016\/01\/rene-almeras.jpg?fit=1200%2C630&resize=700%2C400 2x, https:\/\/i0.wp.com\/vincentians.com\/en\/wp-content\/uploads\/sites\/2\/2016\/01\/rene-almeras.jpg?fit=1200%2C630&resize=1050%2C600 3x"},"classes":[]}],"_links":{"self":[{"href":"http:\/\/vincentians.com\/en\/wp-json\/wp\/v2\/posts\/106283","targetHints":{"allow":["GET"]}}],"collection":[{"href":"http:\/\/vincentians.com\/en\/wp-json\/wp\/v2\/posts"}],"about":[{"href":"http:\/\/vincentians.com\/en\/wp-json\/wp\/v2\/types\/post"}],"author":[{"embeddable":true,"href":"http:\/\/vincentians.com\/en\/wp-json\/wp\/v2\/users\/4"}],"replies":[{"embeddable":true,"href":"http:\/\/vincentians.com\/en\/wp-json\/wp\/v2\/comments?post=106283"}],"version-history":[{"count":0,"href":"http:\/\/vincentians.com\/en\/wp-json\/wp\/v2\/posts\/106283\/revisions"}],"wp:featuredmedia":[{"embeddable":true,"href":"http:\/\/vincentians.com\/en\/wp-json\/wp\/v2\/media\/149116"}],"wp:attachment":[{"href":"http:\/\/vincentians.com\/en\/wp-json\/wp\/v2\/media?parent=106283"}],"wp:term":[{"taxonomy":"category","embeddable":true,"href":"http:\/\/vincentians.com\/en\/wp-json\/wp\/v2\/categories?post=106283"},{"taxonomy":"post_tag","embeddable":true,"href":"http:\/\/vincentians.com\/en\/wp-json\/wp\/v2\/tags?post=106283"}],"curies":[{"name":"wp","href":"https:\/\/api.w.org\/{rel}","templated":true}]}}