{"id":106281,"date":"2013-01-13T06:27:16","date_gmt":"2013-01-13T05:27:16","guid":{"rendered":"http:\/\/vincentians.com\/?p=106281"},"modified":"2016-06-23T09:08:28","modified_gmt":"2016-06-23T09:08:28","slug":"the-way-of-st-vincent-is-our-way-17-at-the-service-of-the-universal-church","status":"publish","type":"post","link":"http:\/\/vincentians.com\/en\/the-way-of-st-vincent-is-our-way-17-at-the-service-of-the-universal-church\/","title":{"rendered":"The Way of St. Vincent Is Our Way. 17. At the service of the universal Church"},"content":{"rendered":"<h2>17. At the service of the universal Church<\/h2>\n<p style=\"padding-left: 30px\">He called the Twelve together and gave them power and authority over all devils and to cure diseases, and he sent them out to proclaim the Kingdom of God and to heal. He said to them: &#8216;Take nothing for the journey, neither staff nor haversack, nor bread nor money; and let none of you take a spare tunic. Whatever house you enter, stay there; and when you leave, let it also be from there. As for those who do not welcome you, when you leave their town, shake the dust from your feet as a sign to them.&#8217; So they went from village to village proclaiming the Good News and healing everywhere.<br \/>\nLuke 9:1-6<\/p>\n<p style=\"padding-left: 30px\">The Congregation of the Mission, according to the tradition set forth by Saint Vincent, carries on its own apostolate in close cooperation with the bishops and diocesan clergy. For this reason, Saint Vincent often said that the Congregation of the Mission is secular, although it enjoys autonomy which has been granted either by universal law or by exemption.<br \/>\nConstitutions 3,2<\/p>\n<p>From its origins, the Congregation of the Mission has been conscious of its universal vocation. When it was still nothing more than a handful of missionaries, Saint Vincent obtained a canonical exemption from the Pope. This exemption transcends the usual juridical order and has power over the internal life, as well as the pastoral activity, of the Congregation.<\/p>\n<h3>1. To Provide More Adequately for the Needs of the Lord&#8217;s Flock<\/h3>\n<p>Our exemption does not give the Company the right to close itself off from the world. Instead, it enables the Congregation to open itself to the needs of the universal Church and allows us to take care of them. Lumen Gentium speaks of exemptions in the following way:<\/p>\n<p>The Roman Pontiff, by reason of his primacy over the entire Church, in consideration of the common good, and in order to provide more adequately for the needs of the Lord&#8217;s flock, is able to grant an exemption to any Institute of perfection and all of its members. The members of these Institutes, in fulfillment of their duties in the Church, and according to their special form of life, ought to show bishops the reverence and obedience required by Canon Law. For bishops possess pastoral authority over individual churches, and apostolic work demands unity and harmony<span id='easy-footnote-1-106281' class='easy-footnote-margin-adjust'><\/span><span class='easy-footnote'><a href='http:\/\/vincentians.com\/en\/the-way-of-st-vincent-is-our-way-17-at-the-service-of-the-universal-church\/#easy-footnote-bottom-1-106281' title='Lumen Gentium, November 21, 1964, 45.'><sup>1<\/sup><\/a><\/span>.<\/p>\n<h3>2. To Preserve the Integrity of Our Spiritual and Apostolic Heritage<\/h3>\n<p>Another aspect of the exemption is autonomy, i.e., the Congregation can freely maintain its own identity, its special spiritual and apostolic heritage:<\/p>\n<p>A true autonomy in its life, especially in governance, is recognized for each institute. This autonomy means that each institute keeps its own discipline within the Church and can maintain its heritage, whole and entire, i.e., observe with fidelity the intentions of its founders, all that the competent ecclesiastical authority has approved concerning the nature, purpose, spirit and character of the institute, and its sound tradition<span id='easy-footnote-2-106281' class='easy-footnote-margin-adjust'><\/span><span class='easy-footnote'><a href='http:\/\/vincentians.com\/en\/the-way-of-st-vincent-is-our-way-17-at-the-service-of-the-universal-church\/#easy-footnote-bottom-2-106281' title='Code of Canon Law, 586, 578.'><sup>2<\/sup><\/a><\/span>.<\/p>\n<h3>3. Five Fundamental Rules of the Congregation of the Mission<\/h3>\n<p>A summary of Saint Vincent&#8217;s thinking about the Company&#8217;s exemption and its dependence on the Pope is contained in a letter which he wrote to Monsieur DuCoudray, who was charged with presenting the petition for the approval of the Congregation of the Mission in Rome:<\/p>\n<p>To live in the Congregation, we must observe five fundamental rules: 1. let the bishop have the power to send missionaries to the part of the diocese he wishes; 2. during the time of the mission our confreres should be submissive to the local pastors; 3. we should take nothing from the poor\u2014rather we should live at our own expense; 4. we should not preach or catechize in the cities, except to ordinands and those making retreats in our houses; 5. the Superior of the Company will direct our Institute<span id='easy-footnote-3-106281' class='easy-footnote-margin-adjust'><\/span><span class='easy-footnote'><a href='http:\/\/vincentians.com\/en\/the-way-of-st-vincent-is-our-way-17-at-the-service-of-the-universal-church\/#easy-footnote-bottom-3-106281' title='O.C., i, 177.'><sup>3<\/sup><\/a><\/span>.<\/p>\n<ul>\n<li>Am I really a &#8220;catholic&#8221; priest, a member of the universal Church, or am I &#8220;provincial&#8221; in my work and thinking?<\/li>\n<li>How do other diocesan priests, religious and laity see me? Do they recognize me as a missionary of the Congregation of the Mission or as an &#8220;undefined&#8221; person?<\/li>\n<\/ul>\n<h2>Prayer:<\/h2>\n<p>God, our Father, you willed all to be saved and to come to the knowledge of your truth. Send workers into your great harvest so that the Gospel may be preached to every creature, and your people, gathered together by the word of life and strengthened by the power of the sacraments, may advance in the way of salvation and love. We pray in the name of Jesus, who lives and reigns with you and the Holy Spirit, one God, for ever and ever. Amen<span id='easy-footnote-4-106281' class='easy-footnote-margin-adjust'><\/span><span class='easy-footnote'><a href='http:\/\/vincentians.com\/en\/the-way-of-st-vincent-is-our-way-17-at-the-service-of-the-universal-church\/#easy-footnote-bottom-4-106281' title='Prayer from the Votive Mass for the Spread of the Gospel.'><sup>4<\/sup><\/a><\/span>.<\/p>\n","protected":false},"excerpt":{"rendered":"<p>17. At the service of the universal Church He called the Twelve together and gave them power and authority over all devils and to cure diseases, and he sent them out to proclaim the Kingdom &#8230; <a href=\"http:\/\/vincentians.com\/en\/the-way-of-st-vincent-is-our-way-17-at-the-service-of-the-universal-church\/\" class=\"more-link\">Read More<\/a><\/p>\n","protected":false},"author":4,"featured_media":149116,"comment_status":"open","ping_status":"open","sticky":false,"template":"","format":"standard","meta":{"jetpack_post_was_ever_published":false,"_jetpack_newsletter_access":"","_jetpack_dont_email_post_to_subs":false,"_jetpack_newsletter_tier_id":0,"_jetpack_memberships_contains_paywalled_content":false,"_jetpack_memberships_contains_paid_content":false,"footnotes":"","jetpack_publicize_message":"","jetpack_publicize_feature_enabled":true,"jetpack_social_post_already_shared":false,"jetpack_social_options":{"image_generator_settings":{"template":"highway","default_image_id":0,"font":"","enabled":false},"version":2}},"categories":[10],"tags":[],"class_list":["post-106281","post","type-post","status-publish","format-standard","has-post-thumbnail","hentry","category-charism"],"yoast_head":"<!-- This site is optimized with the Yoast SEO plugin v26.3 - https:\/\/yoast.com\/wordpress\/plugins\/seo\/ -->\n<title>The Way of St. Vincent Is Our Way. 17. At the service of the universal Church - We are Vincentians<\/title>\n<meta name=\"robots\" content=\"index, follow, max-snippet:-1, max-image-preview:large, max-video-preview:-1\" \/>\n<link rel=\"canonical\" href=\"http:\/\/vincentians.com\/en\/the-way-of-st-vincent-is-our-way-17-at-the-service-of-the-universal-church\/\" \/>\n<meta property=\"og:locale\" content=\"en_US\" \/>\n<meta property=\"og:type\" content=\"article\" \/>\n<meta property=\"og:title\" content=\"The Way of St. Vincent Is Our Way. 17. At the service of the universal Church - We are Vincentians\" \/>\n<meta property=\"og:description\" content=\"17. At the service of the universal Church He called the Twelve together and gave them power and authority over all devils and to cure diseases, and he sent them out to proclaim the Kingdom ... Read More\" \/>\n<meta property=\"og:url\" content=\"http:\/\/vincentians.com\/en\/the-way-of-st-vincent-is-our-way-17-at-the-service-of-the-universal-church\/\" \/>\n<meta property=\"og:site_name\" content=\"We are Vincentians\" \/>\n<meta property=\"article:publisher\" content=\"https:\/\/www.facebook.com\/WeAreVincentians\/\" \/>\n<meta property=\"article:author\" content=\"https:\/\/www.facebook.com\/JavierChento\" \/>\n<meta property=\"article:published_time\" content=\"2013-01-13T05:27:16+00:00\" \/>\n<meta property=\"article:modified_time\" content=\"2016-06-23T09:08:28+00:00\" \/>\n<meta property=\"og:image\" content=\"https:\/\/i0.wp.com\/vincentians.com\/en\/wp-content\/uploads\/sites\/2\/2016\/06\/the-way-of-st-vincent-is-our-way.jpg?fit=1200%2C630\" \/>\n\t<meta property=\"og:image:width\" content=\"1200\" \/>\n\t<meta property=\"og:image:height\" content=\"630\" \/>\n\t<meta property=\"og:image:type\" content=\"image\/jpeg\" \/>\n<meta name=\"author\" content=\"Francisco Javier Fern\u00e1ndez Chento\" \/>\n<meta name=\"twitter:card\" content=\"summary_large_image\" \/>\n<meta name=\"twitter:creator\" content=\"@https:\/\/twitter.com\/javierchento\" \/>\n<meta name=\"twitter:site\" content=\"@WeVincentians\" \/>\n<meta name=\"twitter:label1\" content=\"Written by\" \/>\n\t<meta name=\"twitter:data1\" content=\"Francisco Javier Fern\u00e1ndez Chento\" \/>\n\t<meta name=\"twitter:label2\" content=\"Est. reading time\" \/>\n\t<meta name=\"twitter:data2\" content=\"4 minutes\" \/>\n<script type=\"application\/ld+json\" class=\"yoast-schema-graph\">{\"@context\":\"https:\/\/schema.org\",\"@graph\":[{\"@type\":\"Article\",\"@id\":\"http:\/\/vincentians.com\/en\/the-way-of-st-vincent-is-our-way-17-at-the-service-of-the-universal-church\/#article\",\"isPartOf\":{\"@id\":\"http:\/\/vincentians.com\/en\/the-way-of-st-vincent-is-our-way-17-at-the-service-of-the-universal-church\/\"},\"author\":{\"name\":\"Francisco Javier Fern\u00e1ndez Chento\",\"@id\":\"https:\/\/vincentians.com\/en\/#\/schema\/person\/9623ef4d9aa3b2dfb8c061f1499288f2\"},\"headline\":\"The Way of St. Vincent Is Our Way. 17. At the service of the universal Church\",\"datePublished\":\"2013-01-13T05:27:16+00:00\",\"dateModified\":\"2016-06-23T09:08:28+00:00\",\"mainEntityOfPage\":{\"@id\":\"http:\/\/vincentians.com\/en\/the-way-of-st-vincent-is-our-way-17-at-the-service-of-the-universal-church\/\"},\"wordCount\":813,\"commentCount\":0,\"publisher\":{\"@id\":\"https:\/\/vincentians.com\/en\/#organization\"},\"image\":{\"@id\":\"http:\/\/vincentians.com\/en\/the-way-of-st-vincent-is-our-way-17-at-the-service-of-the-universal-church\/#primaryimage\"},\"thumbnailUrl\":\"https:\/\/i0.wp.com\/vincentians.com\/en\/wp-content\/uploads\/sites\/2\/2016\/06\/the-way-of-st-vincent-is-our-way.jpg?fit=1200%2C630\",\"articleSection\":[\"Charism\"],\"inLanguage\":\"en-US\",\"potentialAction\":[{\"@type\":\"CommentAction\",\"name\":\"Comment\",\"target\":[\"http:\/\/vincentians.com\/en\/the-way-of-st-vincent-is-our-way-17-at-the-service-of-the-universal-church\/#respond\"]}]},{\"@type\":\"WebPage\",\"@id\":\"http:\/\/vincentians.com\/en\/the-way-of-st-vincent-is-our-way-17-at-the-service-of-the-universal-church\/\",\"url\":\"http:\/\/vincentians.com\/en\/the-way-of-st-vincent-is-our-way-17-at-the-service-of-the-universal-church\/\",\"name\":\"The Way of St. Vincent Is Our Way. 17. At the service of the universal Church - We are Vincentians\",\"isPartOf\":{\"@id\":\"https:\/\/vincentians.com\/en\/#website\"},\"primaryImageOfPage\":{\"@id\":\"http:\/\/vincentians.com\/en\/the-way-of-st-vincent-is-our-way-17-at-the-service-of-the-universal-church\/#primaryimage\"},\"image\":{\"@id\":\"http:\/\/vincentians.com\/en\/the-way-of-st-vincent-is-our-way-17-at-the-service-of-the-universal-church\/#primaryimage\"},\"thumbnailUrl\":\"https:\/\/i0.wp.com\/vincentians.com\/en\/wp-content\/uploads\/sites\/2\/2016\/06\/the-way-of-st-vincent-is-our-way.jpg?fit=1200%2C630\",\"datePublished\":\"2013-01-13T05:27:16+00:00\",\"dateModified\":\"2016-06-23T09:08:28+00:00\",\"breadcrumb\":{\"@id\":\"http:\/\/vincentians.com\/en\/the-way-of-st-vincent-is-our-way-17-at-the-service-of-the-universal-church\/#breadcrumb\"},\"inLanguage\":\"en-US\",\"potentialAction\":[{\"@type\":\"ReadAction\",\"target\":[\"http:\/\/vincentians.com\/en\/the-way-of-st-vincent-is-our-way-17-at-the-service-of-the-universal-church\/\"]}]},{\"@type\":\"ImageObject\",\"inLanguage\":\"en-US\",\"@id\":\"http:\/\/vincentians.com\/en\/the-way-of-st-vincent-is-our-way-17-at-the-service-of-the-universal-church\/#primaryimage\",\"url\":\"https:\/\/i0.wp.com\/vincentians.com\/en\/wp-content\/uploads\/sites\/2\/2016\/06\/the-way-of-st-vincent-is-our-way.jpg?fit=1200%2C630\",\"contentUrl\":\"https:\/\/i0.wp.com\/vincentians.com\/en\/wp-content\/uploads\/sites\/2\/2016\/06\/the-way-of-st-vincent-is-our-way.jpg?fit=1200%2C630\",\"width\":1200,\"height\":630},{\"@type\":\"BreadcrumbList\",\"@id\":\"http:\/\/vincentians.com\/en\/the-way-of-st-vincent-is-our-way-17-at-the-service-of-the-universal-church\/#breadcrumb\",\"itemListElement\":[{\"@type\":\"ListItem\",\"position\":1,\"name\":\"Portada\",\"item\":\"https:\/\/vincentians.com\/en\/\"},{\"@type\":\"ListItem\",\"position\":2,\"name\":\"The Way of St. Vincent Is Our Way. 17. At the service of the universal Church\"}]},{\"@type\":\"WebSite\",\"@id\":\"https:\/\/vincentians.com\/en\/#website\",\"url\":\"https:\/\/vincentians.com\/en\/\",\"name\":\"We are Vincentians\",\"description\":\"Know more to serve more\",\"publisher\":{\"@id\":\"https:\/\/vincentians.com\/en\/#organization\"},\"potentialAction\":[{\"@type\":\"SearchAction\",\"target\":{\"@type\":\"EntryPoint\",\"urlTemplate\":\"https:\/\/vincentians.com\/en\/?s={search_term_string}\"},\"query-input\":{\"@type\":\"PropertyValueSpecification\",\"valueRequired\":true,\"valueName\":\"search_term_string\"}}],\"inLanguage\":\"en-US\"},{\"@type\":\"Organization\",\"@id\":\"https:\/\/vincentians.com\/en\/#organization\",\"name\":\"The Vincentian Network\",\"url\":\"https:\/\/vincentians.com\/en\/\",\"logo\":{\"@type\":\"ImageObject\",\"inLanguage\":\"en-US\",\"@id\":\"https:\/\/vincentians.com\/en\/#\/schema\/logo\/image\/\",\"url\":\"https:\/\/i1.wp.com\/vincentians.com\/en\/wp-content\/uploads\/sites\/2\/2016\/06\/Vincentian-Network-logo-big.png?fit=778%2C778&ssl=1\",\"contentUrl\":\"https:\/\/i1.wp.com\/vincentians.com\/en\/wp-content\/uploads\/sites\/2\/2016\/06\/Vincentian-Network-logo-big.png?fit=778%2C778&ssl=1\",\"width\":778,\"height\":778,\"caption\":\"The Vincentian Network\"},\"image\":{\"@id\":\"https:\/\/vincentians.com\/en\/#\/schema\/logo\/image\/\"},\"sameAs\":[\"https:\/\/www.facebook.com\/WeAreVincentians\/\",\"https:\/\/x.com\/WeVincentians\"]},{\"@type\":\"Person\",\"@id\":\"https:\/\/vincentians.com\/en\/#\/schema\/person\/9623ef4d9aa3b2dfb8c061f1499288f2\",\"name\":\"Francisco Javier Fern\u00e1ndez Chento\",\"image\":{\"@type\":\"ImageObject\",\"inLanguage\":\"en-US\",\"@id\":\"https:\/\/vincentians.com\/en\/#\/schema\/person\/image\/\",\"url\":\"https:\/\/secure.gravatar.com\/avatar\/497d5cde87b4c3d097d0315953521681ba2cd523ee66e5077c3711f7021e65de?s=96&d=mm&r=g\",\"contentUrl\":\"https:\/\/secure.gravatar.com\/avatar\/497d5cde87b4c3d097d0315953521681ba2cd523ee66e5077c3711f7021e65de?s=96&d=mm&r=g\",\"caption\":\"Francisco Javier Fern\u00e1ndez Chento\"},\"description\":\"Director General y cofundador de La Red de Formaci\u00f3n Vicenciana. Javier es laico vicenciano, afiliado a la Congregaci\u00f3n de la Misi\u00f3n y miembro del Equipo de Misiones Populares de la provincia can\u00f3nica de Zaragoza (Espa\u00f1a) de la Congregaci\u00f3n de la Misi\u00f3n. Graduado en la Universidad Oberta de Catalunya con cuatro grados (Asistente de direcci\u00f3n, Gesti\u00f3n Administrativa, Recursos Humanos y Contabilidad Avanzada). Bil\u00edng\u00fce Espa\u00f1ol\/Ingl\u00e9s. gestiona y mantiene varias p\u00e1ginas web cristianas y vicencianas, incluida including La Red de Formaci\u00f3n Vicenciana, de la que es cofundador. Actualmente es responsable del \u00e1rea de Espa\u00f1ol de .famvin, la Red de Noticias de la Familia Vicenciana. Tambi\u00e9n es m\u00fasico cat\u00f3lico y ha editado varios discos. Es Director General y cofundador de Trovador, una reconocida compa\u00f1\u00eda discogr\u00e1fica critiana de Espa\u00f1a. Trabaja en las Tecnolog\u00edas de la Informaci\u00f3n, ofreciendo servicios de alojamiento, dise\u00f1o y mantenimiento Web, as\u00ed como asesoramiento, formaci\u00f3n y soluciones inform\u00e1ticas, gesti\u00f3n documental y digitalizaci\u00f3n de textos, edici\u00f3n y maquetaci\u00f3n de libros, revistas, flyers, etc.\",\"sameAs\":[\"http:\/\/chento.org\",\"https:\/\/www.facebook.com\/JavierChento\",\"https:\/\/x.com\/https:\/\/twitter.com\/javierchento\"],\"url\":\"http:\/\/vincentians.com\/en\/author\/chento\/\"}]}<\/script>\n<!-- \/ Yoast SEO plugin. -->","yoast_head_json":{"title":"The Way of St. Vincent Is Our Way. 17. At the service of the universal Church - We are Vincentians","robots":{"index":"index","follow":"follow","max-snippet":"max-snippet:-1","max-image-preview":"max-image-preview:large","max-video-preview":"max-video-preview:-1"},"canonical":"http:\/\/vincentians.com\/en\/the-way-of-st-vincent-is-our-way-17-at-the-service-of-the-universal-church\/","og_locale":"en_US","og_type":"article","og_title":"The Way of St. Vincent Is Our Way. 17. At the service of the universal Church - We are Vincentians","og_description":"17. At the service of the universal Church He called the Twelve together and gave them power and authority over all devils and to cure diseases, and he sent them out to proclaim the Kingdom ... Read More","og_url":"http:\/\/vincentians.com\/en\/the-way-of-st-vincent-is-our-way-17-at-the-service-of-the-universal-church\/","og_site_name":"We are Vincentians","article_publisher":"https:\/\/www.facebook.com\/WeAreVincentians\/","article_author":"https:\/\/www.facebook.com\/JavierChento","article_published_time":"2013-01-13T05:27:16+00:00","article_modified_time":"2016-06-23T09:08:28+00:00","og_image":[{"width":1200,"height":630,"url":"https:\/\/i0.wp.com\/vincentians.com\/en\/wp-content\/uploads\/sites\/2\/2016\/06\/the-way-of-st-vincent-is-our-way.jpg?fit=1200%2C630","type":"image\/jpeg"}],"author":"Francisco Javier Fern\u00e1ndez Chento","twitter_card":"summary_large_image","twitter_creator":"@https:\/\/twitter.com\/javierchento","twitter_site":"@WeVincentians","twitter_misc":{"Written by":"Francisco Javier Fern\u00e1ndez Chento","Est. reading time":"4 minutes"},"schema":{"@context":"https:\/\/schema.org","@graph":[{"@type":"Article","@id":"http:\/\/vincentians.com\/en\/the-way-of-st-vincent-is-our-way-17-at-the-service-of-the-universal-church\/#article","isPartOf":{"@id":"http:\/\/vincentians.com\/en\/the-way-of-st-vincent-is-our-way-17-at-the-service-of-the-universal-church\/"},"author":{"name":"Francisco Javier Fern\u00e1ndez Chento","@id":"https:\/\/vincentians.com\/en\/#\/schema\/person\/9623ef4d9aa3b2dfb8c061f1499288f2"},"headline":"The Way of St. Vincent Is Our Way. 17. At the service of the universal Church","datePublished":"2013-01-13T05:27:16+00:00","dateModified":"2016-06-23T09:08:28+00:00","mainEntityOfPage":{"@id":"http:\/\/vincentians.com\/en\/the-way-of-st-vincent-is-our-way-17-at-the-service-of-the-universal-church\/"},"wordCount":813,"commentCount":0,"publisher":{"@id":"https:\/\/vincentians.com\/en\/#organization"},"image":{"@id":"http:\/\/vincentians.com\/en\/the-way-of-st-vincent-is-our-way-17-at-the-service-of-the-universal-church\/#primaryimage"},"thumbnailUrl":"https:\/\/i0.wp.com\/vincentians.com\/en\/wp-content\/uploads\/sites\/2\/2016\/06\/the-way-of-st-vincent-is-our-way.jpg?fit=1200%2C630","articleSection":["Charism"],"inLanguage":"en-US","potentialAction":[{"@type":"CommentAction","name":"Comment","target":["http:\/\/vincentians.com\/en\/the-way-of-st-vincent-is-our-way-17-at-the-service-of-the-universal-church\/#respond"]}]},{"@type":"WebPage","@id":"http:\/\/vincentians.com\/en\/the-way-of-st-vincent-is-our-way-17-at-the-service-of-the-universal-church\/","url":"http:\/\/vincentians.com\/en\/the-way-of-st-vincent-is-our-way-17-at-the-service-of-the-universal-church\/","name":"The Way of St. Vincent Is Our Way. 17. At the service of the universal Church - We are Vincentians","isPartOf":{"@id":"https:\/\/vincentians.com\/en\/#website"},"primaryImageOfPage":{"@id":"http:\/\/vincentians.com\/en\/the-way-of-st-vincent-is-our-way-17-at-the-service-of-the-universal-church\/#primaryimage"},"image":{"@id":"http:\/\/vincentians.com\/en\/the-way-of-st-vincent-is-our-way-17-at-the-service-of-the-universal-church\/#primaryimage"},"thumbnailUrl":"https:\/\/i0.wp.com\/vincentians.com\/en\/wp-content\/uploads\/sites\/2\/2016\/06\/the-way-of-st-vincent-is-our-way.jpg?fit=1200%2C630","datePublished":"2013-01-13T05:27:16+00:00","dateModified":"2016-06-23T09:08:28+00:00","breadcrumb":{"@id":"http:\/\/vincentians.com\/en\/the-way-of-st-vincent-is-our-way-17-at-the-service-of-the-universal-church\/#breadcrumb"},"inLanguage":"en-US","potentialAction":[{"@type":"ReadAction","target":["http:\/\/vincentians.com\/en\/the-way-of-st-vincent-is-our-way-17-at-the-service-of-the-universal-church\/"]}]},{"@type":"ImageObject","inLanguage":"en-US","@id":"http:\/\/vincentians.com\/en\/the-way-of-st-vincent-is-our-way-17-at-the-service-of-the-universal-church\/#primaryimage","url":"https:\/\/i0.wp.com\/vincentians.com\/en\/wp-content\/uploads\/sites\/2\/2016\/06\/the-way-of-st-vincent-is-our-way.jpg?fit=1200%2C630","contentUrl":"https:\/\/i0.wp.com\/vincentians.com\/en\/wp-content\/uploads\/sites\/2\/2016\/06\/the-way-of-st-vincent-is-our-way.jpg?fit=1200%2C630","width":1200,"height":630},{"@type":"BreadcrumbList","@id":"http:\/\/vincentians.com\/en\/the-way-of-st-vincent-is-our-way-17-at-the-service-of-the-universal-church\/#breadcrumb","itemListElement":[{"@type":"ListItem","position":1,"name":"Portada","item":"https:\/\/vincentians.com\/en\/"},{"@type":"ListItem","position":2,"name":"The Way of St. Vincent Is Our Way. 17. At the service of the universal Church"}]},{"@type":"WebSite","@id":"https:\/\/vincentians.com\/en\/#website","url":"https:\/\/vincentians.com\/en\/","name":"We are Vincentians","description":"Know more to serve more","publisher":{"@id":"https:\/\/vincentians.com\/en\/#organization"},"potentialAction":[{"@type":"SearchAction","target":{"@type":"EntryPoint","urlTemplate":"https:\/\/vincentians.com\/en\/?s={search_term_string}"},"query-input":{"@type":"PropertyValueSpecification","valueRequired":true,"valueName":"search_term_string"}}],"inLanguage":"en-US"},{"@type":"Organization","@id":"https:\/\/vincentians.com\/en\/#organization","name":"The Vincentian Network","url":"https:\/\/vincentians.com\/en\/","logo":{"@type":"ImageObject","inLanguage":"en-US","@id":"https:\/\/vincentians.com\/en\/#\/schema\/logo\/image\/","url":"https:\/\/i1.wp.com\/vincentians.com\/en\/wp-content\/uploads\/sites\/2\/2016\/06\/Vincentian-Network-logo-big.png?fit=778%2C778&ssl=1","contentUrl":"https:\/\/i1.wp.com\/vincentians.com\/en\/wp-content\/uploads\/sites\/2\/2016\/06\/Vincentian-Network-logo-big.png?fit=778%2C778&ssl=1","width":778,"height":778,"caption":"The Vincentian Network"},"image":{"@id":"https:\/\/vincentians.com\/en\/#\/schema\/logo\/image\/"},"sameAs":["https:\/\/www.facebook.com\/WeAreVincentians\/","https:\/\/x.com\/WeVincentians"]},{"@type":"Person","@id":"https:\/\/vincentians.com\/en\/#\/schema\/person\/9623ef4d9aa3b2dfb8c061f1499288f2","name":"Francisco Javier Fern\u00e1ndez Chento","image":{"@type":"ImageObject","inLanguage":"en-US","@id":"https:\/\/vincentians.com\/en\/#\/schema\/person\/image\/","url":"https:\/\/secure.gravatar.com\/avatar\/497d5cde87b4c3d097d0315953521681ba2cd523ee66e5077c3711f7021e65de?s=96&d=mm&r=g","contentUrl":"https:\/\/secure.gravatar.com\/avatar\/497d5cde87b4c3d097d0315953521681ba2cd523ee66e5077c3711f7021e65de?s=96&d=mm&r=g","caption":"Francisco Javier Fern\u00e1ndez Chento"},"description":"Director General y cofundador de La Red de Formaci\u00f3n Vicenciana. Javier es laico vicenciano, afiliado a la Congregaci\u00f3n de la Misi\u00f3n y miembro del Equipo de Misiones Populares de la provincia can\u00f3nica de Zaragoza (Espa\u00f1a) de la Congregaci\u00f3n de la Misi\u00f3n. Graduado en la Universidad Oberta de Catalunya con cuatro grados (Asistente de direcci\u00f3n, Gesti\u00f3n Administrativa, Recursos Humanos y Contabilidad Avanzada). Bil\u00edng\u00fce Espa\u00f1ol\/Ingl\u00e9s. gestiona y mantiene varias p\u00e1ginas web cristianas y vicencianas, incluida including La Red de Formaci\u00f3n Vicenciana, de la que es cofundador. Actualmente es responsable del \u00e1rea de Espa\u00f1ol de .famvin, la Red de Noticias de la Familia Vicenciana. Tambi\u00e9n es m\u00fasico cat\u00f3lico y ha editado varios discos. Es Director General y cofundador de Trovador, una reconocida compa\u00f1\u00eda discogr\u00e1fica critiana de Espa\u00f1a. Trabaja en las Tecnolog\u00edas de la Informaci\u00f3n, ofreciendo servicios de alojamiento, dise\u00f1o y mantenimiento Web, as\u00ed como asesoramiento, formaci\u00f3n y soluciones inform\u00e1ticas, gesti\u00f3n documental y digitalizaci\u00f3n de textos, edici\u00f3n y maquetaci\u00f3n de libros, revistas, flyers, etc.","sameAs":["http:\/\/chento.org","https:\/\/www.facebook.com\/JavierChento","https:\/\/x.com\/https:\/\/twitter.com\/javierchento"],"url":"http:\/\/vincentians.com\/en\/author\/chento\/"}]}},"jetpack_publicize_connections":[],"jetpack_featured_media_url":"https:\/\/i0.wp.com\/vincentians.com\/en\/wp-content\/uploads\/sites\/2\/2016\/06\/the-way-of-st-vincent-is-our-way.jpg?fit=1200%2C630","jetpack_sharing_enabled":true,"jetpack_shortlink":"https:\/\/wp.me\/p7K2Ow-rEd","jetpack-related-posts":[{"id":148903,"url":"http:\/\/vincentians.com\/en\/the-contributions-of-the-vincentian-charism-to-the-mission-of-the-church-8\/","url_meta":{"origin":106281,"position":0},"title":"The Contributions of the Vincentian Charism to the Mission of the Church (8)","author":"Francisco Javier Fern\u00e1ndez Chento","date":"June 30, 2016","format":false,"excerpt":"8. Charity animates the mission and the mission is charity Jesus, in the synagogue at Nazareth and as he proclaimed the text from the prophet Isaiah (The Spirit of the Lord is upon me, because he has anointed me to bring glad tidings to the poor. He has sent me\u2026","rel":"","context":"In &quot;Vincentian Formation&quot;","block_context":{"text":"Vincentian Formation","link":"http:\/\/vincentians.com\/en\/category\/vincentian-formation\/"},"img":{"alt_text":"","src":"https:\/\/i0.wp.com\/vincentians.com\/en\/wp-content\/uploads\/sites\/2\/2016\/06\/contributions-charism.jpg?fit=1200%2C630&resize=350%2C200","width":350,"height":200,"srcset":"https:\/\/i0.wp.com\/vincentians.com\/en\/wp-content\/uploads\/sites\/2\/2016\/06\/contributions-charism.jpg?fit=1200%2C630&resize=350%2C200 1x, https:\/\/i0.wp.com\/vincentians.com\/en\/wp-content\/uploads\/sites\/2\/2016\/06\/contributions-charism.jpg?fit=1200%2C630&resize=525%2C300 1.5x, https:\/\/i0.wp.com\/vincentians.com\/en\/wp-content\/uploads\/sites\/2\/2016\/06\/contributions-charism.jpg?fit=1200%2C630&resize=700%2C400 2x, https:\/\/i0.wp.com\/vincentians.com\/en\/wp-content\/uploads\/sites\/2\/2016\/06\/contributions-charism.jpg?fit=1200%2C630&resize=1050%2C600 3x"},"classes":[]},{"id":148901,"url":"http:\/\/vincentians.com\/en\/the-contributions-of-the-vincentian-charism-to-the-mission-of-the-church-6\/","url_meta":{"origin":106281,"position":1},"title":"The Contributions of the Vincentian Charism to the Mission of the Church (6)","author":"Francisco Javier Fern\u00e1ndez Chento","date":"June 28, 2016","format":false,"excerpt":"6. The mission of the Church and those who evangelize When Pope Francis referred to the urgency of the evangelizing mission of the church in the midst of today\u2019s world, he exclaimed: How I long to find the right words to stir up enthusiasm for a new chapter of evangelization\u2026","rel":"","context":"In &quot;Vincentian Formation&quot;","block_context":{"text":"Vincentian Formation","link":"http:\/\/vincentians.com\/en\/category\/vincentian-formation\/"},"img":{"alt_text":"","src":"https:\/\/i0.wp.com\/vincentians.com\/en\/wp-content\/uploads\/sites\/2\/2016\/06\/contributions-charism.jpg?fit=1200%2C630&resize=350%2C200","width":350,"height":200,"srcset":"https:\/\/i0.wp.com\/vincentians.com\/en\/wp-content\/uploads\/sites\/2\/2016\/06\/contributions-charism.jpg?fit=1200%2C630&resize=350%2C200 1x, https:\/\/i0.wp.com\/vincentians.com\/en\/wp-content\/uploads\/sites\/2\/2016\/06\/contributions-charism.jpg?fit=1200%2C630&resize=525%2C300 1.5x, https:\/\/i0.wp.com\/vincentians.com\/en\/wp-content\/uploads\/sites\/2\/2016\/06\/contributions-charism.jpg?fit=1200%2C630&resize=700%2C400 2x, https:\/\/i0.wp.com\/vincentians.com\/en\/wp-content\/uploads\/sites\/2\/2016\/06\/contributions-charism.jpg?fit=1200%2C630&resize=1050%2C600 3x"},"classes":[]},{"id":108998,"url":"http:\/\/vincentians.com\/en\/the-liberation-of-the-poor-the-vincentian-rule-to-make-the-gospel-of-jesus-christ-effective-4\/","url_meta":{"origin":106281,"position":2},"title":"The Liberation of the poor: the Vincentian Rule to Make the Gospel of Jesus Christ Effective (4)","author":"Francisco Javier Fern\u00e1ndez Chento","date":"January 17, 2014","format":false,"excerpt":"Vincent de Paul builds up the Kingdom of God We read the following in one of Saint Augustine\u2019s sermons: Help the hungry, the naked and the needy; help strangers and those in bondage. They will be the porters to convey your riches to heaven \u2026 As our head, Christ is\u2026","rel":"","context":"In &quot;Vincentian Formation&quot;","block_context":{"text":"Vincentian Formation","link":"http:\/\/vincentians.com\/en\/category\/vincentian-formation\/"},"img":{"alt_text":"","src":"https:\/\/i0.wp.com\/vincentians.com\/en\/wp-content\/uploads\/sites\/2\/2016\/06\/liberation-of-the-poor.jpg?fit=1200%2C630&resize=350%2C200","width":350,"height":200,"srcset":"https:\/\/i0.wp.com\/vincentians.com\/en\/wp-content\/uploads\/sites\/2\/2016\/06\/liberation-of-the-poor.jpg?fit=1200%2C630&resize=350%2C200 1x, https:\/\/i0.wp.com\/vincentians.com\/en\/wp-content\/uploads\/sites\/2\/2016\/06\/liberation-of-the-poor.jpg?fit=1200%2C630&resize=525%2C300 1.5x, https:\/\/i0.wp.com\/vincentians.com\/en\/wp-content\/uploads\/sites\/2\/2016\/06\/liberation-of-the-poor.jpg?fit=1200%2C630&resize=700%2C400 2x, https:\/\/i0.wp.com\/vincentians.com\/en\/wp-content\/uploads\/sites\/2\/2016\/06\/liberation-of-the-poor.jpg?fit=1200%2C630&resize=1050%2C600 3x"},"classes":[]},{"id":108083,"url":"http:\/\/vincentians.com\/en\/the-way-of-st-vincent-is-our-way-49-servants-of-the-daughters-of-charity\/","url_meta":{"origin":106281,"position":3},"title":"The Way of St. Vincent Is Our Way. 49. Servants of the Daughters of Charity","author":"Francisco Javier Fern\u00e1ndez Chento","date":"November 21, 2013","format":false,"excerpt":"Jesus made his way through towns and villages preaching and proclaiming the Good News of the Kingdom of God. With him went the Twelve, as well as certain women who had been cured of evil spirits and ailments. Luke 8:1-2 Since the Congregation of the Mission and the Daughters of\u2026","rel":"","context":"In &quot;Charism&quot;","block_context":{"text":"Charism","link":"http:\/\/vincentians.com\/en\/category\/spirituality\/charism\/"},"img":{"alt_text":"","src":"https:\/\/i0.wp.com\/vincentians.com\/en\/wp-content\/uploads\/sites\/2\/2016\/06\/the-way-of-st-vincent-is-our-way.jpg?fit=1200%2C630&resize=350%2C200","width":350,"height":200,"srcset":"https:\/\/i0.wp.com\/vincentians.com\/en\/wp-content\/uploads\/sites\/2\/2016\/06\/the-way-of-st-vincent-is-our-way.jpg?fit=1200%2C630&resize=350%2C200 1x, https:\/\/i0.wp.com\/vincentians.com\/en\/wp-content\/uploads\/sites\/2\/2016\/06\/the-way-of-st-vincent-is-our-way.jpg?fit=1200%2C630&resize=525%2C300 1.5x, https:\/\/i0.wp.com\/vincentians.com\/en\/wp-content\/uploads\/sites\/2\/2016\/06\/the-way-of-st-vincent-is-our-way.jpg?fit=1200%2C630&resize=700%2C400 2x, https:\/\/i0.wp.com\/vincentians.com\/en\/wp-content\/uploads\/sites\/2\/2016\/06\/the-way-of-st-vincent-is-our-way.jpg?fit=1200%2C630&resize=1050%2C600 3x"},"classes":[]},{"id":104724,"url":"http:\/\/vincentians.com\/en\/the-life-of-vincent-de-paul-abelly-book-i-chapter-xiii\/","url_meta":{"origin":106281,"position":4},"title":"The Life of Vincent de Paul (Abelly): Book I, Chapter XIII","author":"Francisco Javier Fern\u00e1ndez Chento","date":"July 15, 2016","format":false,"excerpt":"Different Works of Piety that Monsieur Vincent Was Involved with After His Return to the de Gondi Household True charity is never content to sit idly by. Once it possesses one's heart perfectly, it is ever on the alert to do all it can to further God's glory and bring\u2026","rel":"","context":"In &quot;Vincent de Paul&quot;","block_context":{"text":"Vincent de Paul","link":"http:\/\/vincentians.com\/en\/category\/the-vincentian-family\/founders\/vincent-de-paul\/"},"img":{"alt_text":"","src":"https:\/\/i0.wp.com\/vincentians.com\/en\/wp-content\/uploads\/sites\/2\/2016\/07\/abelly-feat.jpg?fit=1200%2C630&resize=350%2C200","width":350,"height":200,"srcset":"https:\/\/i0.wp.com\/vincentians.com\/en\/wp-content\/uploads\/sites\/2\/2016\/07\/abelly-feat.jpg?fit=1200%2C630&resize=350%2C200 1x, https:\/\/i0.wp.com\/vincentians.com\/en\/wp-content\/uploads\/sites\/2\/2016\/07\/abelly-feat.jpg?fit=1200%2C630&resize=525%2C300 1.5x, https:\/\/i0.wp.com\/vincentians.com\/en\/wp-content\/uploads\/sites\/2\/2016\/07\/abelly-feat.jpg?fit=1200%2C630&resize=700%2C400 2x, https:\/\/i0.wp.com\/vincentians.com\/en\/wp-content\/uploads\/sites\/2\/2016\/07\/abelly-feat.jpg?fit=1200%2C630&resize=1050%2C600 3x"},"classes":[]},{"id":107357,"url":"http:\/\/vincentians.com\/en\/the-way-of-st-vincent-is-our-way-43-preaching-the-missions\/","url_meta":{"origin":106281,"position":5},"title":"The Way of St. Vincent Is Our Way. 43. Preaching the Missions","author":"Francisco Javier Fern\u00e1ndez Chento","date":"May 18, 2013","format":false,"excerpt":"When they found Jesus they said: 'Everybody is looking for you.' He answered, 'Let us go elsewhere, to the neighboring country towns, so that I can preach there too, because that is why I came.' Mark 1:37-38 With this purpose in view, the Congregation of the Mission, faithful to the\u2026","rel":"","context":"In &quot;Charism&quot;","block_context":{"text":"Charism","link":"http:\/\/vincentians.com\/en\/category\/spirituality\/charism\/"},"img":{"alt_text":"","src":"https:\/\/i0.wp.com\/vincentians.com\/en\/wp-content\/uploads\/sites\/2\/2016\/06\/the-way-of-st-vincent-is-our-way.jpg?fit=1200%2C630&resize=350%2C200","width":350,"height":200,"srcset":"https:\/\/i0.wp.com\/vincentians.com\/en\/wp-content\/uploads\/sites\/2\/2016\/06\/the-way-of-st-vincent-is-our-way.jpg?fit=1200%2C630&resize=350%2C200 1x, https:\/\/i0.wp.com\/vincentians.com\/en\/wp-content\/uploads\/sites\/2\/2016\/06\/the-way-of-st-vincent-is-our-way.jpg?fit=1200%2C630&resize=525%2C300 1.5x, https:\/\/i0.wp.com\/vincentians.com\/en\/wp-content\/uploads\/sites\/2\/2016\/06\/the-way-of-st-vincent-is-our-way.jpg?fit=1200%2C630&resize=700%2C400 2x, https:\/\/i0.wp.com\/vincentians.com\/en\/wp-content\/uploads\/sites\/2\/2016\/06\/the-way-of-st-vincent-is-our-way.jpg?fit=1200%2C630&resize=1050%2C600 3x"},"classes":[]}],"_links":{"self":[{"href":"http:\/\/vincentians.com\/en\/wp-json\/wp\/v2\/posts\/106281","targetHints":{"allow":["GET"]}}],"collection":[{"href":"http:\/\/vincentians.com\/en\/wp-json\/wp\/v2\/posts"}],"about":[{"href":"http:\/\/vincentians.com\/en\/wp-json\/wp\/v2\/types\/post"}],"author":[{"embeddable":true,"href":"http:\/\/vincentians.com\/en\/wp-json\/wp\/v2\/users\/4"}],"replies":[{"embeddable":true,"href":"http:\/\/vincentians.com\/en\/wp-json\/wp\/v2\/comments?post=106281"}],"version-history":[{"count":0,"href":"http:\/\/vincentians.com\/en\/wp-json\/wp\/v2\/posts\/106281\/revisions"}],"wp:featuredmedia":[{"embeddable":true,"href":"http:\/\/vincentians.com\/en\/wp-json\/wp\/v2\/media\/149116"}],"wp:attachment":[{"href":"http:\/\/vincentians.com\/en\/wp-json\/wp\/v2\/media?parent=106281"}],"wp:term":[{"taxonomy":"category","embeddable":true,"href":"http:\/\/vincentians.com\/en\/wp-json\/wp\/v2\/categories?post=106281"},{"taxonomy":"post_tag","embeddable":true,"href":"http:\/\/vincentians.com\/en\/wp-json\/wp\/v2\/tags?post=106281"}],"curies":[{"name":"wp","href":"https:\/\/api.w.org\/{rel}","templated":true}]}}