{"id":106111,"date":"2012-12-31T06:27:16","date_gmt":"2012-12-31T05:27:16","guid":{"rendered":"http:\/\/vincentians.com\/?p=106111"},"modified":"2016-06-23T09:08:28","modified_gmt":"2016-06-23T09:08:28","slug":"the-way-of-st-vincent-is-our-way-12-pioneers-in-new-ways","status":"publish","type":"post","link":"http:\/\/vincentians.com\/en\/the-way-of-st-vincent-is-our-way-12-pioneers-in-new-ways\/","title":{"rendered":"The Way of St. Vincent Is Our Way. 12. Pioneers in new ways"},"content":{"rendered":"<h2>12. Pioneers in new ways<\/h2>\n<p style=\"padding-left: 30px\">Never try to suppress the Spirit or treat the gift of prophecy with contempt; think before you do anything; hold on to what is good and avoid every form of evil.<br \/>\n2 Thessalonians 5:19-20<\/p>\n<p style=\"padding-left: 30px\">&#8230; the Congregation of the Mission, faithful to the Gospel, and always attentive to the signs of the times and the more urgent calls of the Church, should take care to open up new ways and use new means adapted to the circumstances of time and place. Moreover, it should strive to evaluate and plan its works and ministries, and in this way remain in a continual state of renewal.<br \/>\nConstitutions, 2<\/p>\n<p>The purpose of the Congregation of the Mission lies within the Church&#8217;s mission of evangelization. The Congregation calls all its members to live this purpose and make it more visible. This effort requires creativity.<\/p>\n<h3>1. He Almost Totally Changed the Face of the Church<\/h3>\n<p>Henri de Maupas, eulogizing Saint Vincent, said: &#8220;He almost totally changed the face of the Church.&#8221; Is this the exaggeration of a eulogist? Perhaps. But no one could deny the boldness of Saint Vincent&#8217;s apostolic courage, his organizational skills, and his ability to breathe new life into antiquated apostolic methods. Some might question certain aspects of Saint Vincent&#8217;s resourcefulness, but the genius that created or recreated spiritual and apostolic activities is unquestionable.<\/p>\n<p>Comforting a dying brother, Saint Vincent told him that &#8220;the love of God is infinitely inventive and creative.&#8221; To demonstrate this he reminded him of all the things God&#8217;s love has done for us. This &#8220;infinite inventive love&#8221; is the same love which continually aids the Congregation of the Mission.<span id='easy-footnote-1-106111' class='easy-footnote-margin-adjust'><\/span><span class='easy-footnote'><a href='http:\/\/vincentians.com\/en\/the-way-of-st-vincent-is-our-way-12-pioneers-in-new-ways\/#easy-footnote-bottom-1-106111' title='&amp;#8220;Exhortation to a Dying Brother,&amp;#8221; 1645, O.C., xi, 65.'><sup>1<\/sup><\/a><\/span>\n<h3>2. Do Not Suppress the Spirit<\/h3>\n<p>This is the exhortation of Saint Paul the Apostle to the community at Thessalonika. The context of his appeal is the community. He addresses the manner in which community is recreated. The creative capacity of the Congregation of the Mission, whatever it may have been in the past, is directed to a future that leads to new roads by which its God-given charism will endure.<\/p>\n<p>The principles of decentralization, subsidiarity, relative autonomy, and co-responsibility, established by the Constitutions, have this purpose in mind. Some concrete directions have been added to these general principles.<\/p>\n<ul>\n<li>#19 and 25 of our Constitutions ask for the renovation of the local community.<\/li>\n<li>#14, 15 and 16 of our Constitutions ask for a true renewal of the Congregation&#8217;s ministries.<\/li>\n<li>#22 and 79 of our Constitutions call for respect towards individual initiatives.<\/li>\n<li>#17 and 18 of our Statutes call for a search for new ways of living poverty.<\/li>\n<\/ul>\n<h3>3. Paul VI&#8217;s Advice to the Congregation of the Mission<\/h3>\n<p>Creativity and new ways of being should be expressed in the goals and spirit of the Congregation. Since #19 of the Constitutions calls us to respect and heed special initiatives, therefore, whatever our creativity produces is of great interest to us.<\/p>\n<p>Let us listen to what Paul VI said about good adaptation:<\/p>\n<p>The religious life, if it is to be renewed, must adapt its non-essential elements to certain changes which, with growing rapidity and to an increasing extent are affecting the conditions of the life of every human being. But how is this to be attained while maintaining those &#8216;stable forms of living&#8217; recognized by the Church, except by a renewal of the authentic and integral vocation of your institute.<span id='easy-footnote-2-106111' class='easy-footnote-margin-adjust'><\/span><span class='easy-footnote'><a href='http:\/\/vincentians.com\/en\/the-way-of-st-vincent-is-our-way-12-pioneers-in-new-ways\/#easy-footnote-bottom-2-106111' title='Evangelica Testificatio, June 29, 1971, 51. 49. Vincentianna, 1964, 22-23.'><sup>2<\/sup><\/a><\/span>\n<p>It is also worthwhile to call to mind the advice which Paul VI gave to the Congregation of the Mission in 1968 before we began the work of revision and adaptation of our normative texts.<\/p>\n<p>Be faithful to the evangelical traditions and norms established by Saint Vincent.<\/p>\n<p>Be faithful to the study of human beings in the modern world so as to meet their physical and spiritual needs.<\/p>\n<p>Be faithful to the Church, which we, as children of God, as apostles and servants, ought to love and esteem and serve.<span id='easy-footnote-3-106111' class='easy-footnote-margin-adjust'><\/span><span class='easy-footnote'><a href='http:\/\/vincentians.com\/en\/the-way-of-st-vincent-is-our-way-12-pioneers-in-new-ways\/#easy-footnote-bottom-3-106111' title='Vincentianna, 1964, 22-23.'><sup>3<\/sup><\/a><\/span>\n<ul>\n<li>Am I open to initiatives of others?<\/li>\n<li>What is more important to me: the objective value of initiatives, projects, plans, etc., or the prejudices I have toward those who propose them?<\/li>\n<li>Do I collaborate with the initiatives of others as if they were my own?<\/li>\n<\/ul>\n<h2>Prayer:<\/h2>\n<p>Oh God, our Father, the only font of all perfect gifts, stir up in us your love; enliven our faith; make our hope grow so that the seed of good within us may develop and mature. This we ask through our Lord Jesus, who lives and reigns with you and the Holy Spirit, one God, for ever and ever. Amen.<\/p>\n","protected":false},"excerpt":{"rendered":"<p>12. Pioneers in new ways Never try to suppress the Spirit or treat the gift of prophecy with contempt; think before you do anything; hold on to what is good and avoid every form of &#8230; <a href=\"http:\/\/vincentians.com\/en\/the-way-of-st-vincent-is-our-way-12-pioneers-in-new-ways\/\" class=\"more-link\">Read More<\/a><\/p>\n","protected":false},"author":4,"featured_media":149116,"comment_status":"open","ping_status":"open","sticky":false,"template":"","format":"standard","meta":{"jetpack_post_was_ever_published":false,"_jetpack_newsletter_access":"","_jetpack_dont_email_post_to_subs":false,"_jetpack_newsletter_tier_id":0,"_jetpack_memberships_contains_paywalled_content":false,"_jetpack_memberships_contains_paid_content":false,"footnotes":"","jetpack_publicize_message":"","jetpack_publicize_feature_enabled":true,"jetpack_social_post_already_shared":false,"jetpack_social_options":{"image_generator_settings":{"template":"highway","default_image_id":0,"font":"","enabled":false},"version":2}},"categories":[10],"tags":[],"class_list":["post-106111","post","type-post","status-publish","format-standard","has-post-thumbnail","hentry","category-charism"],"yoast_head":"<!-- This site is optimized with the Yoast SEO plugin v26.3 - https:\/\/yoast.com\/wordpress\/plugins\/seo\/ -->\n<title>The Way of St. Vincent Is Our Way. 12. Pioneers in new ways - We are Vincentians<\/title>\n<meta name=\"robots\" content=\"index, follow, max-snippet:-1, max-image-preview:large, max-video-preview:-1\" \/>\n<link rel=\"canonical\" href=\"https:\/\/vincentians.com\/en\/the-way-of-st-vincent-is-our-way-12-pioneers-in-new-ways\/\" \/>\n<meta property=\"og:locale\" content=\"en_US\" \/>\n<meta property=\"og:type\" content=\"article\" \/>\n<meta property=\"og:title\" content=\"The Way of St. Vincent Is Our Way. 12. Pioneers in new ways - We are Vincentians\" \/>\n<meta property=\"og:description\" content=\"12. Pioneers in new ways Never try to suppress the Spirit or treat the gift of prophecy with contempt; think before you do anything; hold on to what is good and avoid every form of ... Read More\" \/>\n<meta property=\"og:url\" content=\"https:\/\/vincentians.com\/en\/the-way-of-st-vincent-is-our-way-12-pioneers-in-new-ways\/\" \/>\n<meta property=\"og:site_name\" content=\"We are Vincentians\" \/>\n<meta property=\"article:publisher\" content=\"https:\/\/www.facebook.com\/WeAreVincentians\/\" \/>\n<meta property=\"article:author\" content=\"https:\/\/www.facebook.com\/JavierChento\" \/>\n<meta property=\"article:published_time\" content=\"2012-12-31T05:27:16+00:00\" \/>\n<meta property=\"article:modified_time\" content=\"2016-06-23T09:08:28+00:00\" \/>\n<meta property=\"og:image\" content=\"https:\/\/i0.wp.com\/vincentians.com\/en\/wp-content\/uploads\/sites\/2\/2016\/06\/the-way-of-st-vincent-is-our-way.jpg?fit=1200%2C630&ssl=1\" \/>\n\t<meta property=\"og:image:width\" content=\"1200\" \/>\n\t<meta property=\"og:image:height\" content=\"630\" \/>\n\t<meta property=\"og:image:type\" content=\"image\/jpeg\" \/>\n<meta name=\"author\" content=\"Francisco Javier Fern\u00e1ndez Chento\" \/>\n<meta name=\"twitter:card\" content=\"summary_large_image\" \/>\n<meta name=\"twitter:creator\" content=\"@https:\/\/twitter.com\/javierchento\" \/>\n<meta name=\"twitter:site\" content=\"@WeVincentians\" \/>\n<meta name=\"twitter:label1\" content=\"Written by\" \/>\n\t<meta name=\"twitter:data1\" content=\"Francisco Javier Fern\u00e1ndez Chento\" \/>\n\t<meta name=\"twitter:label2\" content=\"Est. reading time\" \/>\n\t<meta name=\"twitter:data2\" content=\"4 minutes\" \/>\n<script type=\"application\/ld+json\" class=\"yoast-schema-graph\">{\"@context\":\"https:\/\/schema.org\",\"@graph\":[{\"@type\":\"Article\",\"@id\":\"https:\/\/vincentians.com\/en\/the-way-of-st-vincent-is-our-way-12-pioneers-in-new-ways\/#article\",\"isPartOf\":{\"@id\":\"https:\/\/vincentians.com\/en\/the-way-of-st-vincent-is-our-way-12-pioneers-in-new-ways\/\"},\"author\":{\"name\":\"Francisco Javier Fern\u00e1ndez Chento\",\"@id\":\"https:\/\/vincentians.com\/en\/#\/schema\/person\/9623ef4d9aa3b2dfb8c061f1499288f2\"},\"headline\":\"The Way of St. Vincent Is Our Way. 12. Pioneers in new ways\",\"datePublished\":\"2012-12-31T05:27:16+00:00\",\"dateModified\":\"2016-06-23T09:08:28+00:00\",\"mainEntityOfPage\":{\"@id\":\"https:\/\/vincentians.com\/en\/the-way-of-st-vincent-is-our-way-12-pioneers-in-new-ways\/\"},\"wordCount\":775,\"commentCount\":0,\"publisher\":{\"@id\":\"https:\/\/vincentians.com\/en\/#organization\"},\"image\":{\"@id\":\"https:\/\/vincentians.com\/en\/the-way-of-st-vincent-is-our-way-12-pioneers-in-new-ways\/#primaryimage\"},\"thumbnailUrl\":\"https:\/\/i0.wp.com\/vincentians.com\/en\/wp-content\/uploads\/sites\/2\/2016\/06\/the-way-of-st-vincent-is-our-way.jpg?fit=1200%2C630\",\"articleSection\":[\"Charism\"],\"inLanguage\":\"en-US\",\"potentialAction\":[{\"@type\":\"CommentAction\",\"name\":\"Comment\",\"target\":[\"https:\/\/vincentians.com\/en\/the-way-of-st-vincent-is-our-way-12-pioneers-in-new-ways\/#respond\"]}]},{\"@type\":\"WebPage\",\"@id\":\"https:\/\/vincentians.com\/en\/the-way-of-st-vincent-is-our-way-12-pioneers-in-new-ways\/\",\"url\":\"https:\/\/vincentians.com\/en\/the-way-of-st-vincent-is-our-way-12-pioneers-in-new-ways\/\",\"name\":\"The Way of St. Vincent Is Our Way. 12. Pioneers in new ways - We are Vincentians\",\"isPartOf\":{\"@id\":\"https:\/\/vincentians.com\/en\/#website\"},\"primaryImageOfPage\":{\"@id\":\"https:\/\/vincentians.com\/en\/the-way-of-st-vincent-is-our-way-12-pioneers-in-new-ways\/#primaryimage\"},\"image\":{\"@id\":\"https:\/\/vincentians.com\/en\/the-way-of-st-vincent-is-our-way-12-pioneers-in-new-ways\/#primaryimage\"},\"thumbnailUrl\":\"https:\/\/i0.wp.com\/vincentians.com\/en\/wp-content\/uploads\/sites\/2\/2016\/06\/the-way-of-st-vincent-is-our-way.jpg?fit=1200%2C630\",\"datePublished\":\"2012-12-31T05:27:16+00:00\",\"dateModified\":\"2016-06-23T09:08:28+00:00\",\"breadcrumb\":{\"@id\":\"https:\/\/vincentians.com\/en\/the-way-of-st-vincent-is-our-way-12-pioneers-in-new-ways\/#breadcrumb\"},\"inLanguage\":\"en-US\",\"potentialAction\":[{\"@type\":\"ReadAction\",\"target\":[\"https:\/\/vincentians.com\/en\/the-way-of-st-vincent-is-our-way-12-pioneers-in-new-ways\/\"]}]},{\"@type\":\"ImageObject\",\"inLanguage\":\"en-US\",\"@id\":\"https:\/\/vincentians.com\/en\/the-way-of-st-vincent-is-our-way-12-pioneers-in-new-ways\/#primaryimage\",\"url\":\"https:\/\/i0.wp.com\/vincentians.com\/en\/wp-content\/uploads\/sites\/2\/2016\/06\/the-way-of-st-vincent-is-our-way.jpg?fit=1200%2C630\",\"contentUrl\":\"https:\/\/i0.wp.com\/vincentians.com\/en\/wp-content\/uploads\/sites\/2\/2016\/06\/the-way-of-st-vincent-is-our-way.jpg?fit=1200%2C630\",\"width\":1200,\"height\":630},{\"@type\":\"BreadcrumbList\",\"@id\":\"https:\/\/vincentians.com\/en\/the-way-of-st-vincent-is-our-way-12-pioneers-in-new-ways\/#breadcrumb\",\"itemListElement\":[{\"@type\":\"ListItem\",\"position\":1,\"name\":\"Portada\",\"item\":\"https:\/\/vincentians.com\/en\/\"},{\"@type\":\"ListItem\",\"position\":2,\"name\":\"The Way of St. Vincent Is Our Way. 12. Pioneers in new ways\"}]},{\"@type\":\"WebSite\",\"@id\":\"https:\/\/vincentians.com\/en\/#website\",\"url\":\"https:\/\/vincentians.com\/en\/\",\"name\":\"We are Vincentians\",\"description\":\"Know more to serve more\",\"publisher\":{\"@id\":\"https:\/\/vincentians.com\/en\/#organization\"},\"potentialAction\":[{\"@type\":\"SearchAction\",\"target\":{\"@type\":\"EntryPoint\",\"urlTemplate\":\"https:\/\/vincentians.com\/en\/?s={search_term_string}\"},\"query-input\":{\"@type\":\"PropertyValueSpecification\",\"valueRequired\":true,\"valueName\":\"search_term_string\"}}],\"inLanguage\":\"en-US\"},{\"@type\":\"Organization\",\"@id\":\"https:\/\/vincentians.com\/en\/#organization\",\"name\":\"The Vincentian Network\",\"url\":\"https:\/\/vincentians.com\/en\/\",\"logo\":{\"@type\":\"ImageObject\",\"inLanguage\":\"en-US\",\"@id\":\"https:\/\/vincentians.com\/en\/#\/schema\/logo\/image\/\",\"url\":\"https:\/\/i1.wp.com\/vincentians.com\/en\/wp-content\/uploads\/sites\/2\/2016\/06\/Vincentian-Network-logo-big.png?fit=778%2C778&ssl=1\",\"contentUrl\":\"https:\/\/i1.wp.com\/vincentians.com\/en\/wp-content\/uploads\/sites\/2\/2016\/06\/Vincentian-Network-logo-big.png?fit=778%2C778&ssl=1\",\"width\":778,\"height\":778,\"caption\":\"The Vincentian Network\"},\"image\":{\"@id\":\"https:\/\/vincentians.com\/en\/#\/schema\/logo\/image\/\"},\"sameAs\":[\"https:\/\/www.facebook.com\/WeAreVincentians\/\",\"https:\/\/x.com\/WeVincentians\"]},{\"@type\":\"Person\",\"@id\":\"https:\/\/vincentians.com\/en\/#\/schema\/person\/9623ef4d9aa3b2dfb8c061f1499288f2\",\"name\":\"Francisco Javier Fern\u00e1ndez Chento\",\"image\":{\"@type\":\"ImageObject\",\"inLanguage\":\"en-US\",\"@id\":\"https:\/\/vincentians.com\/en\/#\/schema\/person\/image\/\",\"url\":\"https:\/\/secure.gravatar.com\/avatar\/497d5cde87b4c3d097d0315953521681ba2cd523ee66e5077c3711f7021e65de?s=96&d=mm&r=g\",\"contentUrl\":\"https:\/\/secure.gravatar.com\/avatar\/497d5cde87b4c3d097d0315953521681ba2cd523ee66e5077c3711f7021e65de?s=96&d=mm&r=g\",\"caption\":\"Francisco Javier Fern\u00e1ndez Chento\"},\"description\":\"Director General y cofundador de La Red de Formaci\u00f3n Vicenciana. Javier es laico vicenciano, afiliado a la Congregaci\u00f3n de la Misi\u00f3n y miembro del Equipo de Misiones Populares de la provincia can\u00f3nica de Zaragoza (Espa\u00f1a) de la Congregaci\u00f3n de la Misi\u00f3n. Graduado en la Universidad Oberta de Catalunya con cuatro grados (Asistente de direcci\u00f3n, Gesti\u00f3n Administrativa, Recursos Humanos y Contabilidad Avanzada). Bil\u00edng\u00fce Espa\u00f1ol\/Ingl\u00e9s. gestiona y mantiene varias p\u00e1ginas web cristianas y vicencianas, incluida including La Red de Formaci\u00f3n Vicenciana, de la que es cofundador. Actualmente es responsable del \u00e1rea de Espa\u00f1ol de .famvin, la Red de Noticias de la Familia Vicenciana. Tambi\u00e9n es m\u00fasico cat\u00f3lico y ha editado varios discos. Es Director General y cofundador de Trovador, una reconocida compa\u00f1\u00eda discogr\u00e1fica critiana de Espa\u00f1a. Trabaja en las Tecnolog\u00edas de la Informaci\u00f3n, ofreciendo servicios de alojamiento, dise\u00f1o y mantenimiento Web, as\u00ed como asesoramiento, formaci\u00f3n y soluciones inform\u00e1ticas, gesti\u00f3n documental y digitalizaci\u00f3n de textos, edici\u00f3n y maquetaci\u00f3n de libros, revistas, flyers, etc.\",\"sameAs\":[\"http:\/\/chento.org\",\"https:\/\/www.facebook.com\/JavierChento\",\"https:\/\/x.com\/https:\/\/twitter.com\/javierchento\"],\"url\":\"http:\/\/vincentians.com\/en\/author\/chento\/\"}]}<\/script>\n<!-- \/ Yoast SEO plugin. -->","yoast_head_json":{"title":"The Way of St. Vincent Is Our Way. 12. Pioneers in new ways - We are Vincentians","robots":{"index":"index","follow":"follow","max-snippet":"max-snippet:-1","max-image-preview":"max-image-preview:large","max-video-preview":"max-video-preview:-1"},"canonical":"https:\/\/vincentians.com\/en\/the-way-of-st-vincent-is-our-way-12-pioneers-in-new-ways\/","og_locale":"en_US","og_type":"article","og_title":"The Way of St. Vincent Is Our Way. 12. Pioneers in new ways - We are Vincentians","og_description":"12. Pioneers in new ways Never try to suppress the Spirit or treat the gift of prophecy with contempt; think before you do anything; hold on to what is good and avoid every form of ... Read More","og_url":"https:\/\/vincentians.com\/en\/the-way-of-st-vincent-is-our-way-12-pioneers-in-new-ways\/","og_site_name":"We are Vincentians","article_publisher":"https:\/\/www.facebook.com\/WeAreVincentians\/","article_author":"https:\/\/www.facebook.com\/JavierChento","article_published_time":"2012-12-31T05:27:16+00:00","article_modified_time":"2016-06-23T09:08:28+00:00","og_image":[{"width":1200,"height":630,"url":"https:\/\/i0.wp.com\/vincentians.com\/en\/wp-content\/uploads\/sites\/2\/2016\/06\/the-way-of-st-vincent-is-our-way.jpg?fit=1200%2C630&ssl=1","type":"image\/jpeg"}],"author":"Francisco Javier Fern\u00e1ndez Chento","twitter_card":"summary_large_image","twitter_creator":"@https:\/\/twitter.com\/javierchento","twitter_site":"@WeVincentians","twitter_misc":{"Written by":"Francisco Javier Fern\u00e1ndez Chento","Est. reading time":"4 minutes"},"schema":{"@context":"https:\/\/schema.org","@graph":[{"@type":"Article","@id":"https:\/\/vincentians.com\/en\/the-way-of-st-vincent-is-our-way-12-pioneers-in-new-ways\/#article","isPartOf":{"@id":"https:\/\/vincentians.com\/en\/the-way-of-st-vincent-is-our-way-12-pioneers-in-new-ways\/"},"author":{"name":"Francisco Javier Fern\u00e1ndez Chento","@id":"https:\/\/vincentians.com\/en\/#\/schema\/person\/9623ef4d9aa3b2dfb8c061f1499288f2"},"headline":"The Way of St. Vincent Is Our Way. 12. Pioneers in new ways","datePublished":"2012-12-31T05:27:16+00:00","dateModified":"2016-06-23T09:08:28+00:00","mainEntityOfPage":{"@id":"https:\/\/vincentians.com\/en\/the-way-of-st-vincent-is-our-way-12-pioneers-in-new-ways\/"},"wordCount":775,"commentCount":0,"publisher":{"@id":"https:\/\/vincentians.com\/en\/#organization"},"image":{"@id":"https:\/\/vincentians.com\/en\/the-way-of-st-vincent-is-our-way-12-pioneers-in-new-ways\/#primaryimage"},"thumbnailUrl":"https:\/\/i0.wp.com\/vincentians.com\/en\/wp-content\/uploads\/sites\/2\/2016\/06\/the-way-of-st-vincent-is-our-way.jpg?fit=1200%2C630","articleSection":["Charism"],"inLanguage":"en-US","potentialAction":[{"@type":"CommentAction","name":"Comment","target":["https:\/\/vincentians.com\/en\/the-way-of-st-vincent-is-our-way-12-pioneers-in-new-ways\/#respond"]}]},{"@type":"WebPage","@id":"https:\/\/vincentians.com\/en\/the-way-of-st-vincent-is-our-way-12-pioneers-in-new-ways\/","url":"https:\/\/vincentians.com\/en\/the-way-of-st-vincent-is-our-way-12-pioneers-in-new-ways\/","name":"The Way of St. Vincent Is Our Way. 12. Pioneers in new ways - We are Vincentians","isPartOf":{"@id":"https:\/\/vincentians.com\/en\/#website"},"primaryImageOfPage":{"@id":"https:\/\/vincentians.com\/en\/the-way-of-st-vincent-is-our-way-12-pioneers-in-new-ways\/#primaryimage"},"image":{"@id":"https:\/\/vincentians.com\/en\/the-way-of-st-vincent-is-our-way-12-pioneers-in-new-ways\/#primaryimage"},"thumbnailUrl":"https:\/\/i0.wp.com\/vincentians.com\/en\/wp-content\/uploads\/sites\/2\/2016\/06\/the-way-of-st-vincent-is-our-way.jpg?fit=1200%2C630","datePublished":"2012-12-31T05:27:16+00:00","dateModified":"2016-06-23T09:08:28+00:00","breadcrumb":{"@id":"https:\/\/vincentians.com\/en\/the-way-of-st-vincent-is-our-way-12-pioneers-in-new-ways\/#breadcrumb"},"inLanguage":"en-US","potentialAction":[{"@type":"ReadAction","target":["https:\/\/vincentians.com\/en\/the-way-of-st-vincent-is-our-way-12-pioneers-in-new-ways\/"]}]},{"@type":"ImageObject","inLanguage":"en-US","@id":"https:\/\/vincentians.com\/en\/the-way-of-st-vincent-is-our-way-12-pioneers-in-new-ways\/#primaryimage","url":"https:\/\/i0.wp.com\/vincentians.com\/en\/wp-content\/uploads\/sites\/2\/2016\/06\/the-way-of-st-vincent-is-our-way.jpg?fit=1200%2C630","contentUrl":"https:\/\/i0.wp.com\/vincentians.com\/en\/wp-content\/uploads\/sites\/2\/2016\/06\/the-way-of-st-vincent-is-our-way.jpg?fit=1200%2C630","width":1200,"height":630},{"@type":"BreadcrumbList","@id":"https:\/\/vincentians.com\/en\/the-way-of-st-vincent-is-our-way-12-pioneers-in-new-ways\/#breadcrumb","itemListElement":[{"@type":"ListItem","position":1,"name":"Portada","item":"https:\/\/vincentians.com\/en\/"},{"@type":"ListItem","position":2,"name":"The Way of St. Vincent Is Our Way. 12. Pioneers in new ways"}]},{"@type":"WebSite","@id":"https:\/\/vincentians.com\/en\/#website","url":"https:\/\/vincentians.com\/en\/","name":"We are Vincentians","description":"Know more to serve more","publisher":{"@id":"https:\/\/vincentians.com\/en\/#organization"},"potentialAction":[{"@type":"SearchAction","target":{"@type":"EntryPoint","urlTemplate":"https:\/\/vincentians.com\/en\/?s={search_term_string}"},"query-input":{"@type":"PropertyValueSpecification","valueRequired":true,"valueName":"search_term_string"}}],"inLanguage":"en-US"},{"@type":"Organization","@id":"https:\/\/vincentians.com\/en\/#organization","name":"The Vincentian Network","url":"https:\/\/vincentians.com\/en\/","logo":{"@type":"ImageObject","inLanguage":"en-US","@id":"https:\/\/vincentians.com\/en\/#\/schema\/logo\/image\/","url":"https:\/\/i1.wp.com\/vincentians.com\/en\/wp-content\/uploads\/sites\/2\/2016\/06\/Vincentian-Network-logo-big.png?fit=778%2C778&ssl=1","contentUrl":"https:\/\/i1.wp.com\/vincentians.com\/en\/wp-content\/uploads\/sites\/2\/2016\/06\/Vincentian-Network-logo-big.png?fit=778%2C778&ssl=1","width":778,"height":778,"caption":"The Vincentian Network"},"image":{"@id":"https:\/\/vincentians.com\/en\/#\/schema\/logo\/image\/"},"sameAs":["https:\/\/www.facebook.com\/WeAreVincentians\/","https:\/\/x.com\/WeVincentians"]},{"@type":"Person","@id":"https:\/\/vincentians.com\/en\/#\/schema\/person\/9623ef4d9aa3b2dfb8c061f1499288f2","name":"Francisco Javier Fern\u00e1ndez Chento","image":{"@type":"ImageObject","inLanguage":"en-US","@id":"https:\/\/vincentians.com\/en\/#\/schema\/person\/image\/","url":"https:\/\/secure.gravatar.com\/avatar\/497d5cde87b4c3d097d0315953521681ba2cd523ee66e5077c3711f7021e65de?s=96&d=mm&r=g","contentUrl":"https:\/\/secure.gravatar.com\/avatar\/497d5cde87b4c3d097d0315953521681ba2cd523ee66e5077c3711f7021e65de?s=96&d=mm&r=g","caption":"Francisco Javier Fern\u00e1ndez Chento"},"description":"Director General y cofundador de La Red de Formaci\u00f3n Vicenciana. Javier es laico vicenciano, afiliado a la Congregaci\u00f3n de la Misi\u00f3n y miembro del Equipo de Misiones Populares de la provincia can\u00f3nica de Zaragoza (Espa\u00f1a) de la Congregaci\u00f3n de la Misi\u00f3n. Graduado en la Universidad Oberta de Catalunya con cuatro grados (Asistente de direcci\u00f3n, Gesti\u00f3n Administrativa, Recursos Humanos y Contabilidad Avanzada). Bil\u00edng\u00fce Espa\u00f1ol\/Ingl\u00e9s. gestiona y mantiene varias p\u00e1ginas web cristianas y vicencianas, incluida including La Red de Formaci\u00f3n Vicenciana, de la que es cofundador. Actualmente es responsable del \u00e1rea de Espa\u00f1ol de .famvin, la Red de Noticias de la Familia Vicenciana. Tambi\u00e9n es m\u00fasico cat\u00f3lico y ha editado varios discos. Es Director General y cofundador de Trovador, una reconocida compa\u00f1\u00eda discogr\u00e1fica critiana de Espa\u00f1a. Trabaja en las Tecnolog\u00edas de la Informaci\u00f3n, ofreciendo servicios de alojamiento, dise\u00f1o y mantenimiento Web, as\u00ed como asesoramiento, formaci\u00f3n y soluciones inform\u00e1ticas, gesti\u00f3n documental y digitalizaci\u00f3n de textos, edici\u00f3n y maquetaci\u00f3n de libros, revistas, flyers, etc.","sameAs":["http:\/\/chento.org","https:\/\/www.facebook.com\/JavierChento","https:\/\/x.com\/https:\/\/twitter.com\/javierchento"],"url":"http:\/\/vincentians.com\/en\/author\/chento\/"}]}},"jetpack_publicize_connections":[],"jetpack_featured_media_url":"https:\/\/i0.wp.com\/vincentians.com\/en\/wp-content\/uploads\/sites\/2\/2016\/06\/the-way-of-st-vincent-is-our-way.jpg?fit=1200%2C630","jetpack_sharing_enabled":true,"jetpack_shortlink":"https:\/\/wp.me\/p7K2Ow-rBt","jetpack-related-posts":[{"id":106281,"url":"http:\/\/vincentians.com\/en\/the-way-of-st-vincent-is-our-way-17-at-the-service-of-the-universal-church\/","url_meta":{"origin":106111,"position":0},"title":"The Way of St. Vincent Is Our Way. 17. At the service of the universal Church","author":"Francisco Javier Fern\u00e1ndez Chento","date":"January 13, 2013","format":false,"excerpt":"17. At the service of the universal Church He called the Twelve together and gave them power and authority over all devils and to cure diseases, and he sent them out to proclaim the Kingdom of God and to heal. He said to them: 'Take nothing for the journey, neither\u2026","rel":"","context":"In &quot;Charism&quot;","block_context":{"text":"Charism","link":"http:\/\/vincentians.com\/en\/category\/spirituality\/charism\/"},"img":{"alt_text":"","src":"https:\/\/i0.wp.com\/vincentians.com\/en\/wp-content\/uploads\/sites\/2\/2016\/06\/the-way-of-st-vincent-is-our-way.jpg?fit=1200%2C630&resize=350%2C200","width":350,"height":200,"srcset":"https:\/\/i0.wp.com\/vincentians.com\/en\/wp-content\/uploads\/sites\/2\/2016\/06\/the-way-of-st-vincent-is-our-way.jpg?fit=1200%2C630&resize=350%2C200 1x, https:\/\/i0.wp.com\/vincentians.com\/en\/wp-content\/uploads\/sites\/2\/2016\/06\/the-way-of-st-vincent-is-our-way.jpg?fit=1200%2C630&resize=525%2C300 1.5x, https:\/\/i0.wp.com\/vincentians.com\/en\/wp-content\/uploads\/sites\/2\/2016\/06\/the-way-of-st-vincent-is-our-way.jpg?fit=1200%2C630&resize=700%2C400 2x, https:\/\/i0.wp.com\/vincentians.com\/en\/wp-content\/uploads\/sites\/2\/2016\/06\/the-way-of-st-vincent-is-our-way.jpg?fit=1200%2C630&resize=1050%2C600 3x"},"classes":[]},{"id":106888,"url":"http:\/\/vincentians.com\/en\/the-way-of-st-vincent-is-our-way-33-the-grace-of-evangelization\/","url_meta":{"origin":106111,"position":1},"title":"The Way of St. Vincent Is Our Way. 33. The Grace of Evangelization","author":"Francisco Javier Fern\u00e1ndez Chento","date":"March 22, 2013","format":false,"excerpt":"33. The Grace of Evangelization But how shall they call on him in whom they have not believed? And how can they believe unless they have heard of him? And how can they hear unless there is someone to preach? And how can there be preachers unless they are sent?\u2026","rel":"","context":"In &quot;Charism&quot;","block_context":{"text":"Charism","link":"http:\/\/vincentians.com\/en\/category\/spirituality\/charism\/"},"img":{"alt_text":"","src":"https:\/\/i0.wp.com\/vincentians.com\/en\/wp-content\/uploads\/sites\/2\/2016\/06\/the-way-of-st-vincent-is-our-way.jpg?fit=1200%2C630&resize=350%2C200","width":350,"height":200,"srcset":"https:\/\/i0.wp.com\/vincentians.com\/en\/wp-content\/uploads\/sites\/2\/2016\/06\/the-way-of-st-vincent-is-our-way.jpg?fit=1200%2C630&resize=350%2C200 1x, https:\/\/i0.wp.com\/vincentians.com\/en\/wp-content\/uploads\/sites\/2\/2016\/06\/the-way-of-st-vincent-is-our-way.jpg?fit=1200%2C630&resize=525%2C300 1.5x, https:\/\/i0.wp.com\/vincentians.com\/en\/wp-content\/uploads\/sites\/2\/2016\/06\/the-way-of-st-vincent-is-our-way.jpg?fit=1200%2C630&resize=700%2C400 2x, https:\/\/i0.wp.com\/vincentians.com\/en\/wp-content\/uploads\/sites\/2\/2016\/06\/the-way-of-st-vincent-is-our-way.jpg?fit=1200%2C630&resize=1050%2C600 3x"},"classes":[]},{"id":107357,"url":"http:\/\/vincentians.com\/en\/the-way-of-st-vincent-is-our-way-43-preaching-the-missions\/","url_meta":{"origin":106111,"position":2},"title":"The Way of St. Vincent Is Our Way. 43. Preaching the Missions","author":"Francisco Javier Fern\u00e1ndez Chento","date":"May 18, 2013","format":false,"excerpt":"When they found Jesus they said: 'Everybody is looking for you.' He answered, 'Let us go elsewhere, to the neighboring country towns, so that I can preach there too, because that is why I came.' Mark 1:37-38 With this purpose in view, the Congregation of the Mission, faithful to the\u2026","rel":"","context":"In &quot;Charism&quot;","block_context":{"text":"Charism","link":"http:\/\/vincentians.com\/en\/category\/spirituality\/charism\/"},"img":{"alt_text":"","src":"https:\/\/i0.wp.com\/vincentians.com\/en\/wp-content\/uploads\/sites\/2\/2016\/06\/the-way-of-st-vincent-is-our-way.jpg?fit=1200%2C630&resize=350%2C200","width":350,"height":200,"srcset":"https:\/\/i0.wp.com\/vincentians.com\/en\/wp-content\/uploads\/sites\/2\/2016\/06\/the-way-of-st-vincent-is-our-way.jpg?fit=1200%2C630&resize=350%2C200 1x, https:\/\/i0.wp.com\/vincentians.com\/en\/wp-content\/uploads\/sites\/2\/2016\/06\/the-way-of-st-vincent-is-our-way.jpg?fit=1200%2C630&resize=525%2C300 1.5x, https:\/\/i0.wp.com\/vincentians.com\/en\/wp-content\/uploads\/sites\/2\/2016\/06\/the-way-of-st-vincent-is-our-way.jpg?fit=1200%2C630&resize=700%2C400 2x, https:\/\/i0.wp.com\/vincentians.com\/en\/wp-content\/uploads\/sites\/2\/2016\/06\/the-way-of-st-vincent-is-our-way.jpg?fit=1200%2C630&resize=1050%2C600 3x"},"classes":[]},{"id":148897,"url":"http:\/\/vincentians.com\/en\/the-contributions-of-the-vincentian-charism-to-the-mission-of-the-church-2\/","url_meta":{"origin":106111,"position":3},"title":"The Contributions of the Vincentian Charism to the Mission of the Church (2)","author":"Francisco Javier Fern\u00e1ndez Chento","date":"June 24, 2016","format":false,"excerpt":"2. Christian life as viewed from the perspective of a theology of mission: men and women who continue the mission of the Son of God I have just mentioned the fact that the theology of mission is a starting point for the new forms of life in the Church, forms\u2026","rel":"","context":"In &quot;Vincentian Formation&quot;","block_context":{"text":"Vincentian Formation","link":"http:\/\/vincentians.com\/en\/category\/vincentian-formation\/"},"img":{"alt_text":"","src":"https:\/\/i0.wp.com\/vincentians.com\/en\/wp-content\/uploads\/sites\/2\/2016\/06\/contributions-charism.jpg?fit=1200%2C630&resize=350%2C200","width":350,"height":200,"srcset":"https:\/\/i0.wp.com\/vincentians.com\/en\/wp-content\/uploads\/sites\/2\/2016\/06\/contributions-charism.jpg?fit=1200%2C630&resize=350%2C200 1x, https:\/\/i0.wp.com\/vincentians.com\/en\/wp-content\/uploads\/sites\/2\/2016\/06\/contributions-charism.jpg?fit=1200%2C630&resize=525%2C300 1.5x, https:\/\/i0.wp.com\/vincentians.com\/en\/wp-content\/uploads\/sites\/2\/2016\/06\/contributions-charism.jpg?fit=1200%2C630&resize=700%2C400 2x, https:\/\/i0.wp.com\/vincentians.com\/en\/wp-content\/uploads\/sites\/2\/2016\/06\/contributions-charism.jpg?fit=1200%2C630&resize=1050%2C600 3x"},"classes":[]},{"id":106015,"url":"http:\/\/vincentians.com\/en\/the-way-of-st-vincent-is-our-way-15-the-constitutions-as-a-means-of-attaining-perfection\/","url_meta":{"origin":106111,"position":4},"title":"The Way of St. Vincent Is Our Way. 15. The constitutions as a means of attaining perfection","author":"Francisco Javier Fern\u00e1ndez Chento","date":"January 11, 2013","format":false,"excerpt":"15. The constitutions as a means of attaining perfection For I tell you, if your virtue goes no deeper than that of the Scribes and Pharisees, you will never enter into the Kingdom of Heaven. Matthew 5:20 The Congregation of the Mission is a clerical society of apostolic life and\u2026","rel":"","context":"In &quot;Charism&quot;","block_context":{"text":"Charism","link":"http:\/\/vincentians.com\/en\/category\/spirituality\/charism\/"},"img":{"alt_text":"","src":"https:\/\/i0.wp.com\/vincentians.com\/en\/wp-content\/uploads\/sites\/2\/2016\/06\/the-way-of-st-vincent-is-our-way.jpg?fit=1200%2C630&resize=350%2C200","width":350,"height":200,"srcset":"https:\/\/i0.wp.com\/vincentians.com\/en\/wp-content\/uploads\/sites\/2\/2016\/06\/the-way-of-st-vincent-is-our-way.jpg?fit=1200%2C630&resize=350%2C200 1x, https:\/\/i0.wp.com\/vincentians.com\/en\/wp-content\/uploads\/sites\/2\/2016\/06\/the-way-of-st-vincent-is-our-way.jpg?fit=1200%2C630&resize=525%2C300 1.5x, https:\/\/i0.wp.com\/vincentians.com\/en\/wp-content\/uploads\/sites\/2\/2016\/06\/the-way-of-st-vincent-is-our-way.jpg?fit=1200%2C630&resize=700%2C400 2x, https:\/\/i0.wp.com\/vincentians.com\/en\/wp-content\/uploads\/sites\/2\/2016\/06\/the-way-of-st-vincent-is-our-way.jpg?fit=1200%2C630&resize=1050%2C600 3x"},"classes":[]},{"id":109166,"url":"http:\/\/vincentians.com\/en\/some-hopes-for-the-world-wide-congregation\/","url_meta":{"origin":106111,"position":5},"title":"Some Hopes for the World-Wide Congregation","author":"Francisco Javier Fern\u00e1ndez Chento","date":"December 18, 2014","format":false,"excerpt":"The prophet Joel tells us that young men will see visions and old men will dream dreams (Jl 3:1). As brothers in the Congregation, I hope that we can dream the same dreams so that together we can bring them about. Let me share with you some of my hopes\u2026","rel":"","context":"In &quot;Congregation of the Mission&quot;","block_context":{"text":"Congregation of the Mission","link":"http:\/\/vincentians.com\/en\/category\/the-vincentian-family\/branches\/congregation-of-the-mission\/"},"img":{"alt_text":"","src":"https:\/\/i0.wp.com\/vincentians.com\/en\/wp-content\/uploads\/sites\/2\/2014\/12\/St-Vincent-Church-Nigeria-5.jpg?fit=1200%2C630&resize=350%2C200","width":350,"height":200,"srcset":"https:\/\/i0.wp.com\/vincentians.com\/en\/wp-content\/uploads\/sites\/2\/2014\/12\/St-Vincent-Church-Nigeria-5.jpg?fit=1200%2C630&resize=350%2C200 1x, https:\/\/i0.wp.com\/vincentians.com\/en\/wp-content\/uploads\/sites\/2\/2014\/12\/St-Vincent-Church-Nigeria-5.jpg?fit=1200%2C630&resize=525%2C300 1.5x, https:\/\/i0.wp.com\/vincentians.com\/en\/wp-content\/uploads\/sites\/2\/2014\/12\/St-Vincent-Church-Nigeria-5.jpg?fit=1200%2C630&resize=700%2C400 2x, https:\/\/i0.wp.com\/vincentians.com\/en\/wp-content\/uploads\/sites\/2\/2014\/12\/St-Vincent-Church-Nigeria-5.jpg?fit=1200%2C630&resize=1050%2C600 3x"},"classes":[]}],"_links":{"self":[{"href":"http:\/\/vincentians.com\/en\/wp-json\/wp\/v2\/posts\/106111","targetHints":{"allow":["GET"]}}],"collection":[{"href":"http:\/\/vincentians.com\/en\/wp-json\/wp\/v2\/posts"}],"about":[{"href":"http:\/\/vincentians.com\/en\/wp-json\/wp\/v2\/types\/post"}],"author":[{"embeddable":true,"href":"http:\/\/vincentians.com\/en\/wp-json\/wp\/v2\/users\/4"}],"replies":[{"embeddable":true,"href":"http:\/\/vincentians.com\/en\/wp-json\/wp\/v2\/comments?post=106111"}],"version-history":[{"count":0,"href":"http:\/\/vincentians.com\/en\/wp-json\/wp\/v2\/posts\/106111\/revisions"}],"wp:featuredmedia":[{"embeddable":true,"href":"http:\/\/vincentians.com\/en\/wp-json\/wp\/v2\/media\/149116"}],"wp:attachment":[{"href":"http:\/\/vincentians.com\/en\/wp-json\/wp\/v2\/media?parent=106111"}],"wp:term":[{"taxonomy":"category","embeddable":true,"href":"http:\/\/vincentians.com\/en\/wp-json\/wp\/v2\/categories?post=106111"},{"taxonomy":"post_tag","embeddable":true,"href":"http:\/\/vincentians.com\/en\/wp-json\/wp\/v2\/tags?post=106111"}],"curies":[{"name":"wp","href":"https:\/\/api.w.org\/{rel}","templated":true}]}}