{"id":105985,"date":"2015-02-12T04:00:03","date_gmt":"2015-02-12T03:00:03","guid":{"rendered":"http:\/\/vincentians.com\/blog\/three-invitations-of-blessed-fr-marcantonio-durando-to-the-vincentian-family-2\/"},"modified":"2016-07-10T08:47:47","modified_gmt":"2016-07-10T06:47:47","slug":"a-humble-and-impassioned-witness-to-the-gospel","status":"publish","type":"post","link":"http:\/\/vincentians.com\/en\/a-humble-and-impassioned-witness-to-the-gospel\/","title":{"rendered":"A Humble and Impassioned Witness to the Gospel"},"content":{"rendered":"<p>A Piedmontese priest of the 19<sup>th<\/sup> century was accustomed to say: \u201cIn Turin there are four saints: Don Bosco, Cottolengo, Don Cafasso, and Fr. Durando.\u201d The last one mentioned is the least known, and has only now reach the honors of the altars. He is the least known, but in Turin during the time of the <em>Risorgimento<\/em> he was appreciated, esteemed, and thought of as a man of God and a spiritual counselor, rich in virtue, prudent and capable of discernment, a formator of numerous priests and men and women religious.<\/p>\n<p>This consciousness of the holiness of Fr. Durando was also known within the Vincentian community. At his death, Fr. Giovanni Torre, his successor as the guide of the Province of Turin, wrote these words to the confreres: \u201cWe have lost a father, but we nourish the hope of having gained a protector in heaven.\u201d He gave the order that be gathered together \u201cas soon as possible the news about the particulars of his life and of the singular examples of virtue which he left us, so that they not be lost.\u201d We can thus say that his reputation for holiness was alive both inside and outside the Vincentian family.<\/p>\n<p>A priest of an intense spiritual life, he was above all a man of government, demanding in requiring the observance of the Rules, but measured and balanced with a sense of reality united to a exquisite and attentive charity, above all for the weakest, that grew with time. In him, provincial for over 40 years, Director of the Daughters of Charity and founder of the Nazarene Sisters, we find (at the school of St. Vincent de Paul) a man who walked on ordinary, simple, hidden ways, but, if need be, tenacious and courageous, overcoming his natural timidity. This lifestyle came from a profound conviction that manifested itself in his way of acting and in his words:<\/p>\n<p>That which is extraordinary is always suspect. I love what is ordinary, what is common, the evangelical virtues, true humility, mortification, observance, but all this done well, in a perfect way, but simply done, and without noise.<\/p>\n<p>He recognized that all this required the sustenance of the grace of God, and a constant working on oneself. He wrote:<\/p>\n<p>With the grace of God, little by little, to form truly humble, simple, mortified, patient hearts, detached from everything and that only think about and draw life from Jesus.<\/p>\n<p>He himself lived what he taught, there was nothing showy in the 80 years of his existence; he sought to live in Christ, clothing himself in the virtues of a priest, and those characteristic of a Vincentian missionary. He recommended everyone to be exemplary in these virtues, and he said with certainty: <em>We cannot give to others what we do not have. <\/em>Fr. Marcantonio Durando, with his thin figure, had a reserved and shy character, but at the same time he was cordial, richer in sensitivity than he appeared, capable of paternal and even maternal affection, but without affectation.<\/p>\n<p>At the center of his spirituality was Christ the Lord, especially Christ, suffering in his passion and on the cross. On the pained and striking face of the <em>Ecce Homo <\/em>the new Blessed fixed a moved and admiring gaze. The passion of Christ was \u201chis refuge, his favorite subject of meditation.\u201d He recommended it to the people whom he directed: \u201cdo everything you can to make this devotion your own and to inspire it in others.\u201d On another occasion he wrote: \u201cLet your ordinary subject of meditation be the life, passion, and death of Jesus Christ.\u201d For Durando, the Passion of Christ is a school of high spirituality, the most sublime <em>school of love<\/em>. In fact, he said of it:<\/p>\n<p style=\"padding-left: 30px;\"><em>In the Passion of Christ you will find humility, obedience, meekness, and all the virtues, <\/em>and he taught his daughters, <em>you will find humility and charity at the feet of the Crucified.<\/em><\/p>\n<p>In another intense and significant passage, he expressed himself thus:<\/p>\n<p style=\"padding-left: 30px;\"><em>Calvary is the mount of lovers and the open wounds of Jesus Crucified are a shelter and a dwelling place for the Lord\u2019s doves. Whoever does not like being on Calvary or living in those wounds will never be a true lover of Jesus. If his love was such that it made him embrace the cross and nailed him to the hard wood, if in short he suffered and died because of the great love that he bore for each one of us, can we be indifferent to so much charity? Is it possible not to love an infinite good, a God who consumes himself out of love for us? <\/em><em>It is on Calvary that all the saints of heaven were formed in love.<\/em><\/p>\n<p>The devotion to the Passion of the Lord was linked to the celebration of the Eucharist, and was its prolongation, and from this inexhaustible font of love he daily drew both strength and joy. He said:<\/p>\n<p>The Eucharist is unparalleled sign of the great and tender love of Christ and of his profound humility.<\/p>\n<p>He felt the Passion of Christ as a spur to consume totally his existence for the Lord, and it moved him to be ready and generous in the service of the God and of his brothers, saying: <em>He sacrificed Himself completely for you, and you sacrifice yourselves completely for Him.<\/em><\/p>\n<p>He was guided in his daily life by the contemplation of the suffering Christ, but this did not make him closed or sad; on the contrary, he transmitted serenity and peace to those he met. He made his goal, as he wrote in a letter, <em>to act always in the charity that everything hopes.<\/em> He affirmed: \u201cThe perfection of the love of Jesus Christ is manifested not only when one suffers adversities and humiliations with patience, but with joy and thanksgiving.\u201d On another occasion he exhorted:<\/p>\n<p>One needs to have ever present the example of Jesus Christ\u2019s life \u2026 The contemplation of Jesus humiliated, of Jesus poor, of Jesus scourged, of Jesus crowned with thorns, of Jesus crucified, changes suffering into joy.<\/p>\n<p>He taught that we must learn from Jesus, that he abandoned himself into the hands of his Father, to do God\u2019s will and to live in obedience. He counseled in a letter:<\/p>\n<p>Abandon yourself into God\u2019s hands; do not have any thought other than doing the will of God; do not anticipate the counsels of God with thoughts and desires on your future. The will of God is that you do with heart, with commitment, with zeal the things, the duties that have been entrusted to you &#8230; Meditate well on this great truth; make it your norm, your rule, your life, your good. In this consists all our holiness and perfection.<\/p>\n<p>The certainty of being able to make the journey of holiness came to him from the strength that prayer gave him, and he affirmed:<\/p>\n<p>Prayer is the source of all good and the mother of all virtues, \u2014 and, he added, \u2014 let the spirit of prayer, of interior and exterior recollection and of silence reign in the whole house and in all the religious.<\/p>\n<p>Prayer was for him the fountain of serenity and interior peace, and because of this he taught:<\/p>\n<p style=\"padding-left: 30px;\">Rigorous silence, great interior recollection, the spirit of prayer, a love of work, and a spirit of penance, but at the same time, nothing melancholy, no sadness or hypocrisy. You understand that when the spirit of prayer and penance is the fruit of the Holy Spirit, there is always joy and holy spiritual happiness.<\/p>\n<p>He himself had made this the style of his life. He sought evangelical perfection by living with passionate zeal the ordinary priestly life: the celebration of the Eucharist, the sacrament of Reconciliation, the preaching of parish missions and of spiritual exercises, of retreats and of conferences to clergy, and the spiritual direction of persons belonging to all social classes, welcoming them with availability and kindness.<\/p>\n<p>Marcoantonio Durando, faithful disciple of Vincent de Paul, invites us to a humble and trusting sanctity, simple and prudent, meek and strong, lived in the exercise of charity, above all in the fidelity to the little things of everyday life, accepting adversities, tests, and sufferings that can come one\u2019s way when one seeks tenaciously to live in a consistent and faithful way with Christ and with his gospel.<\/p>\n<p>In a writing of 1876, he recommended to his confreres:<\/p>\n<p style=\"padding-left: 30px;\">Let charity always rule in our midst, and govern our actions, our words, and our thoughts, so that, with one mind we may honor Jesus Christ always, and may the peace of the Lord be always among us and in our hearts.<\/p>\n","protected":false},"excerpt":{"rendered":"<p>A Piedmontese priest of the 19th century was accustomed to say: \u201cIn Turin there are four saints: Don Bosco, Cottolengo, Don Cafasso, and Fr. Durando.\u201d The last one mentioned is the least known, and has &#8230; <a href=\"http:\/\/vincentians.com\/en\/a-humble-and-impassioned-witness-to-the-gospel\/\" class=\"more-link\">Read More<\/a><\/p>\n","protected":false},"author":4,"featured_media":150147,"comment_status":"open","ping_status":"open","sticky":false,"template":"","format":"standard","meta":{"jetpack_post_was_ever_published":false,"_jetpack_newsletter_access":"","_jetpack_dont_email_post_to_subs":false,"_jetpack_newsletter_tier_id":0,"_jetpack_memberships_contains_paywalled_content":false,"_jetpack_memberships_contains_paid_content":false,"footnotes":"","jetpack_publicize_message":"","jetpack_publicize_feature_enabled":true,"jetpack_social_post_already_shared":false,"jetpack_social_options":{"image_generator_settings":{"template":"highway","default_image_id":0,"font":"","enabled":false},"version":2}},"categories":[22],"tags":[],"class_list":["post-105985","post","type-post","status-publish","format-standard","has-post-thumbnail","hentry","category-marco-antonio-durando"],"yoast_head":"<!-- This site is optimized with the Yoast SEO plugin v26.3 - https:\/\/yoast.com\/wordpress\/plugins\/seo\/ -->\n<title>A Humble and Impassioned Witness to the Gospel - We are Vincentians<\/title>\n<meta name=\"robots\" content=\"index, follow, max-snippet:-1, max-image-preview:large, max-video-preview:-1\" \/>\n<link rel=\"canonical\" href=\"http:\/\/vincentians.com\/en\/a-humble-and-impassioned-witness-to-the-gospel\/\" \/>\n<meta property=\"og:locale\" content=\"en_US\" \/>\n<meta property=\"og:type\" content=\"article\" \/>\n<meta property=\"og:title\" content=\"A Humble and Impassioned Witness to the Gospel - We are Vincentians\" \/>\n<meta property=\"og:description\" content=\"A Piedmontese priest of the 19th century was accustomed to say: \u201cIn Turin there are four saints: Don Bosco, Cottolengo, Don Cafasso, and Fr. Durando.\u201d The last one mentioned is the least known, and has ... Read More\" \/>\n<meta property=\"og:url\" content=\"http:\/\/vincentians.com\/en\/a-humble-and-impassioned-witness-to-the-gospel\/\" \/>\n<meta property=\"og:site_name\" content=\"We are Vincentians\" \/>\n<meta property=\"article:publisher\" content=\"https:\/\/www.facebook.com\/WeAreVincentians\/\" \/>\n<meta property=\"article:author\" content=\"https:\/\/www.facebook.com\/JavierChento\" \/>\n<meta property=\"article:published_time\" content=\"2015-02-12T03:00:03+00:00\" \/>\n<meta property=\"article:modified_time\" content=\"2016-07-10T06:47:47+00:00\" \/>\n<meta property=\"og:image\" content=\"https:\/\/i0.wp.com\/vincentians.com\/en\/wp-content\/uploads\/sites\/2\/2016\/07\/durando.jpg?fit=1200%2C630\" \/>\n\t<meta property=\"og:image:width\" content=\"1200\" \/>\n\t<meta property=\"og:image:height\" content=\"630\" \/>\n\t<meta property=\"og:image:type\" content=\"image\/jpeg\" \/>\n<meta name=\"author\" content=\"Francisco Javier Fern\u00e1ndez Chento\" \/>\n<meta name=\"twitter:card\" content=\"summary_large_image\" \/>\n<meta name=\"twitter:creator\" content=\"@https:\/\/twitter.com\/javierchento\" \/>\n<meta name=\"twitter:site\" content=\"@WeVincentians\" \/>\n<meta name=\"twitter:label1\" content=\"Written by\" \/>\n\t<meta name=\"twitter:data1\" content=\"Francisco Javier Fern\u00e1ndez Chento\" \/>\n\t<meta name=\"twitter:label2\" content=\"Est. reading time\" \/>\n\t<meta name=\"twitter:data2\" content=\"7 minutes\" \/>\n<script type=\"application\/ld+json\" class=\"yoast-schema-graph\">{\"@context\":\"https:\/\/schema.org\",\"@graph\":[{\"@type\":\"Article\",\"@id\":\"http:\/\/vincentians.com\/en\/a-humble-and-impassioned-witness-to-the-gospel\/#article\",\"isPartOf\":{\"@id\":\"http:\/\/vincentians.com\/en\/a-humble-and-impassioned-witness-to-the-gospel\/\"},\"author\":{\"name\":\"Francisco Javier Fern\u00e1ndez Chento\",\"@id\":\"https:\/\/vincentians.com\/en\/#\/schema\/person\/9623ef4d9aa3b2dfb8c061f1499288f2\"},\"headline\":\"A Humble and Impassioned Witness to the Gospel\",\"datePublished\":\"2015-02-12T03:00:03+00:00\",\"dateModified\":\"2016-07-10T06:47:47+00:00\",\"mainEntityOfPage\":{\"@id\":\"http:\/\/vincentians.com\/en\/a-humble-and-impassioned-witness-to-the-gospel\/\"},\"wordCount\":1453,\"commentCount\":0,\"publisher\":{\"@id\":\"https:\/\/vincentians.com\/en\/#organization\"},\"image\":{\"@id\":\"http:\/\/vincentians.com\/en\/a-humble-and-impassioned-witness-to-the-gospel\/#primaryimage\"},\"thumbnailUrl\":\"https:\/\/i0.wp.com\/vincentians.com\/en\/wp-content\/uploads\/sites\/2\/2016\/07\/durando.jpg?fit=1200%2C630\",\"articleSection\":[\"Marco Antonio Durando\"],\"inLanguage\":\"en-US\",\"potentialAction\":[{\"@type\":\"CommentAction\",\"name\":\"Comment\",\"target\":[\"http:\/\/vincentians.com\/en\/a-humble-and-impassioned-witness-to-the-gospel\/#respond\"]}]},{\"@type\":\"WebPage\",\"@id\":\"http:\/\/vincentians.com\/en\/a-humble-and-impassioned-witness-to-the-gospel\/\",\"url\":\"http:\/\/vincentians.com\/en\/a-humble-and-impassioned-witness-to-the-gospel\/\",\"name\":\"A Humble and Impassioned Witness to the Gospel - We are Vincentians\",\"isPartOf\":{\"@id\":\"https:\/\/vincentians.com\/en\/#website\"},\"primaryImageOfPage\":{\"@id\":\"http:\/\/vincentians.com\/en\/a-humble-and-impassioned-witness-to-the-gospel\/#primaryimage\"},\"image\":{\"@id\":\"http:\/\/vincentians.com\/en\/a-humble-and-impassioned-witness-to-the-gospel\/#primaryimage\"},\"thumbnailUrl\":\"https:\/\/i0.wp.com\/vincentians.com\/en\/wp-content\/uploads\/sites\/2\/2016\/07\/durando.jpg?fit=1200%2C630\",\"datePublished\":\"2015-02-12T03:00:03+00:00\",\"dateModified\":\"2016-07-10T06:47:47+00:00\",\"breadcrumb\":{\"@id\":\"http:\/\/vincentians.com\/en\/a-humble-and-impassioned-witness-to-the-gospel\/#breadcrumb\"},\"inLanguage\":\"en-US\",\"potentialAction\":[{\"@type\":\"ReadAction\",\"target\":[\"http:\/\/vincentians.com\/en\/a-humble-and-impassioned-witness-to-the-gospel\/\"]}]},{\"@type\":\"ImageObject\",\"inLanguage\":\"en-US\",\"@id\":\"http:\/\/vincentians.com\/en\/a-humble-and-impassioned-witness-to-the-gospel\/#primaryimage\",\"url\":\"https:\/\/i0.wp.com\/vincentians.com\/en\/wp-content\/uploads\/sites\/2\/2016\/07\/durando.jpg?fit=1200%2C630\",\"contentUrl\":\"https:\/\/i0.wp.com\/vincentians.com\/en\/wp-content\/uploads\/sites\/2\/2016\/07\/durando.jpg?fit=1200%2C630\",\"width\":1200,\"height\":630},{\"@type\":\"BreadcrumbList\",\"@id\":\"http:\/\/vincentians.com\/en\/a-humble-and-impassioned-witness-to-the-gospel\/#breadcrumb\",\"itemListElement\":[{\"@type\":\"ListItem\",\"position\":1,\"name\":\"Portada\",\"item\":\"https:\/\/vincentians.com\/en\/\"},{\"@type\":\"ListItem\",\"position\":2,\"name\":\"A Humble and Impassioned Witness to the Gospel\"}]},{\"@type\":\"WebSite\",\"@id\":\"https:\/\/vincentians.com\/en\/#website\",\"url\":\"https:\/\/vincentians.com\/en\/\",\"name\":\"We are Vincentians\",\"description\":\"Know more to serve more\",\"publisher\":{\"@id\":\"https:\/\/vincentians.com\/en\/#organization\"},\"potentialAction\":[{\"@type\":\"SearchAction\",\"target\":{\"@type\":\"EntryPoint\",\"urlTemplate\":\"https:\/\/vincentians.com\/en\/?s={search_term_string}\"},\"query-input\":{\"@type\":\"PropertyValueSpecification\",\"valueRequired\":true,\"valueName\":\"search_term_string\"}}],\"inLanguage\":\"en-US\"},{\"@type\":\"Organization\",\"@id\":\"https:\/\/vincentians.com\/en\/#organization\",\"name\":\"The Vincentian Network\",\"url\":\"https:\/\/vincentians.com\/en\/\",\"logo\":{\"@type\":\"ImageObject\",\"inLanguage\":\"en-US\",\"@id\":\"https:\/\/vincentians.com\/en\/#\/schema\/logo\/image\/\",\"url\":\"https:\/\/i1.wp.com\/vincentians.com\/en\/wp-content\/uploads\/sites\/2\/2016\/06\/Vincentian-Network-logo-big.png?fit=778%2C778&ssl=1\",\"contentUrl\":\"https:\/\/i1.wp.com\/vincentians.com\/en\/wp-content\/uploads\/sites\/2\/2016\/06\/Vincentian-Network-logo-big.png?fit=778%2C778&ssl=1\",\"width\":778,\"height\":778,\"caption\":\"The Vincentian Network\"},\"image\":{\"@id\":\"https:\/\/vincentians.com\/en\/#\/schema\/logo\/image\/\"},\"sameAs\":[\"https:\/\/www.facebook.com\/WeAreVincentians\/\",\"https:\/\/x.com\/WeVincentians\"]},{\"@type\":\"Person\",\"@id\":\"https:\/\/vincentians.com\/en\/#\/schema\/person\/9623ef4d9aa3b2dfb8c061f1499288f2\",\"name\":\"Francisco Javier Fern\u00e1ndez Chento\",\"image\":{\"@type\":\"ImageObject\",\"inLanguage\":\"en-US\",\"@id\":\"https:\/\/vincentians.com\/en\/#\/schema\/person\/image\/\",\"url\":\"https:\/\/secure.gravatar.com\/avatar\/497d5cde87b4c3d097d0315953521681ba2cd523ee66e5077c3711f7021e65de?s=96&d=mm&r=g\",\"contentUrl\":\"https:\/\/secure.gravatar.com\/avatar\/497d5cde87b4c3d097d0315953521681ba2cd523ee66e5077c3711f7021e65de?s=96&d=mm&r=g\",\"caption\":\"Francisco Javier Fern\u00e1ndez Chento\"},\"description\":\"Director General y cofundador de La Red de Formaci\u00f3n Vicenciana. Javier es laico vicenciano, afiliado a la Congregaci\u00f3n de la Misi\u00f3n y miembro del Equipo de Misiones Populares de la provincia can\u00f3nica de Zaragoza (Espa\u00f1a) de la Congregaci\u00f3n de la Misi\u00f3n. Graduado en la Universidad Oberta de Catalunya con cuatro grados (Asistente de direcci\u00f3n, Gesti\u00f3n Administrativa, Recursos Humanos y Contabilidad Avanzada). Bil\u00edng\u00fce Espa\u00f1ol\/Ingl\u00e9s. gestiona y mantiene varias p\u00e1ginas web cristianas y vicencianas, incluida including La Red de Formaci\u00f3n Vicenciana, de la que es cofundador. Actualmente es responsable del \u00e1rea de Espa\u00f1ol de .famvin, la Red de Noticias de la Familia Vicenciana. Tambi\u00e9n es m\u00fasico cat\u00f3lico y ha editado varios discos. Es Director General y cofundador de Trovador, una reconocida compa\u00f1\u00eda discogr\u00e1fica critiana de Espa\u00f1a. Trabaja en las Tecnolog\u00edas de la Informaci\u00f3n, ofreciendo servicios de alojamiento, dise\u00f1o y mantenimiento Web, as\u00ed como asesoramiento, formaci\u00f3n y soluciones inform\u00e1ticas, gesti\u00f3n documental y digitalizaci\u00f3n de textos, edici\u00f3n y maquetaci\u00f3n de libros, revistas, flyers, etc.\",\"sameAs\":[\"http:\/\/chento.org\",\"https:\/\/www.facebook.com\/JavierChento\",\"https:\/\/x.com\/https:\/\/twitter.com\/javierchento\"],\"url\":\"http:\/\/vincentians.com\/en\/author\/chento\/\"}]}<\/script>\n<!-- \/ Yoast SEO plugin. -->","yoast_head_json":{"title":"A Humble and Impassioned Witness to the Gospel - We are Vincentians","robots":{"index":"index","follow":"follow","max-snippet":"max-snippet:-1","max-image-preview":"max-image-preview:large","max-video-preview":"max-video-preview:-1"},"canonical":"http:\/\/vincentians.com\/en\/a-humble-and-impassioned-witness-to-the-gospel\/","og_locale":"en_US","og_type":"article","og_title":"A Humble and Impassioned Witness to the Gospel - We are Vincentians","og_description":"A Piedmontese priest of the 19th century was accustomed to say: \u201cIn Turin there are four saints: Don Bosco, Cottolengo, Don Cafasso, and Fr. Durando.\u201d The last one mentioned is the least known, and has ... Read More","og_url":"http:\/\/vincentians.com\/en\/a-humble-and-impassioned-witness-to-the-gospel\/","og_site_name":"We are Vincentians","article_publisher":"https:\/\/www.facebook.com\/WeAreVincentians\/","article_author":"https:\/\/www.facebook.com\/JavierChento","article_published_time":"2015-02-12T03:00:03+00:00","article_modified_time":"2016-07-10T06:47:47+00:00","og_image":[{"width":1200,"height":630,"url":"https:\/\/i0.wp.com\/vincentians.com\/en\/wp-content\/uploads\/sites\/2\/2016\/07\/durando.jpg?fit=1200%2C630","type":"image\/jpeg"}],"author":"Francisco Javier Fern\u00e1ndez Chento","twitter_card":"summary_large_image","twitter_creator":"@https:\/\/twitter.com\/javierchento","twitter_site":"@WeVincentians","twitter_misc":{"Written by":"Francisco Javier Fern\u00e1ndez Chento","Est. reading time":"7 minutes"},"schema":{"@context":"https:\/\/schema.org","@graph":[{"@type":"Article","@id":"http:\/\/vincentians.com\/en\/a-humble-and-impassioned-witness-to-the-gospel\/#article","isPartOf":{"@id":"http:\/\/vincentians.com\/en\/a-humble-and-impassioned-witness-to-the-gospel\/"},"author":{"name":"Francisco Javier Fern\u00e1ndez Chento","@id":"https:\/\/vincentians.com\/en\/#\/schema\/person\/9623ef4d9aa3b2dfb8c061f1499288f2"},"headline":"A Humble and Impassioned Witness to the Gospel","datePublished":"2015-02-12T03:00:03+00:00","dateModified":"2016-07-10T06:47:47+00:00","mainEntityOfPage":{"@id":"http:\/\/vincentians.com\/en\/a-humble-and-impassioned-witness-to-the-gospel\/"},"wordCount":1453,"commentCount":0,"publisher":{"@id":"https:\/\/vincentians.com\/en\/#organization"},"image":{"@id":"http:\/\/vincentians.com\/en\/a-humble-and-impassioned-witness-to-the-gospel\/#primaryimage"},"thumbnailUrl":"https:\/\/i0.wp.com\/vincentians.com\/en\/wp-content\/uploads\/sites\/2\/2016\/07\/durando.jpg?fit=1200%2C630","articleSection":["Marco Antonio Durando"],"inLanguage":"en-US","potentialAction":[{"@type":"CommentAction","name":"Comment","target":["http:\/\/vincentians.com\/en\/a-humble-and-impassioned-witness-to-the-gospel\/#respond"]}]},{"@type":"WebPage","@id":"http:\/\/vincentians.com\/en\/a-humble-and-impassioned-witness-to-the-gospel\/","url":"http:\/\/vincentians.com\/en\/a-humble-and-impassioned-witness-to-the-gospel\/","name":"A Humble and Impassioned Witness to the Gospel - We are Vincentians","isPartOf":{"@id":"https:\/\/vincentians.com\/en\/#website"},"primaryImageOfPage":{"@id":"http:\/\/vincentians.com\/en\/a-humble-and-impassioned-witness-to-the-gospel\/#primaryimage"},"image":{"@id":"http:\/\/vincentians.com\/en\/a-humble-and-impassioned-witness-to-the-gospel\/#primaryimage"},"thumbnailUrl":"https:\/\/i0.wp.com\/vincentians.com\/en\/wp-content\/uploads\/sites\/2\/2016\/07\/durando.jpg?fit=1200%2C630","datePublished":"2015-02-12T03:00:03+00:00","dateModified":"2016-07-10T06:47:47+00:00","breadcrumb":{"@id":"http:\/\/vincentians.com\/en\/a-humble-and-impassioned-witness-to-the-gospel\/#breadcrumb"},"inLanguage":"en-US","potentialAction":[{"@type":"ReadAction","target":["http:\/\/vincentians.com\/en\/a-humble-and-impassioned-witness-to-the-gospel\/"]}]},{"@type":"ImageObject","inLanguage":"en-US","@id":"http:\/\/vincentians.com\/en\/a-humble-and-impassioned-witness-to-the-gospel\/#primaryimage","url":"https:\/\/i0.wp.com\/vincentians.com\/en\/wp-content\/uploads\/sites\/2\/2016\/07\/durando.jpg?fit=1200%2C630","contentUrl":"https:\/\/i0.wp.com\/vincentians.com\/en\/wp-content\/uploads\/sites\/2\/2016\/07\/durando.jpg?fit=1200%2C630","width":1200,"height":630},{"@type":"BreadcrumbList","@id":"http:\/\/vincentians.com\/en\/a-humble-and-impassioned-witness-to-the-gospel\/#breadcrumb","itemListElement":[{"@type":"ListItem","position":1,"name":"Portada","item":"https:\/\/vincentians.com\/en\/"},{"@type":"ListItem","position":2,"name":"A Humble and Impassioned Witness to the Gospel"}]},{"@type":"WebSite","@id":"https:\/\/vincentians.com\/en\/#website","url":"https:\/\/vincentians.com\/en\/","name":"We are Vincentians","description":"Know more to serve more","publisher":{"@id":"https:\/\/vincentians.com\/en\/#organization"},"potentialAction":[{"@type":"SearchAction","target":{"@type":"EntryPoint","urlTemplate":"https:\/\/vincentians.com\/en\/?s={search_term_string}"},"query-input":{"@type":"PropertyValueSpecification","valueRequired":true,"valueName":"search_term_string"}}],"inLanguage":"en-US"},{"@type":"Organization","@id":"https:\/\/vincentians.com\/en\/#organization","name":"The Vincentian Network","url":"https:\/\/vincentians.com\/en\/","logo":{"@type":"ImageObject","inLanguage":"en-US","@id":"https:\/\/vincentians.com\/en\/#\/schema\/logo\/image\/","url":"https:\/\/i1.wp.com\/vincentians.com\/en\/wp-content\/uploads\/sites\/2\/2016\/06\/Vincentian-Network-logo-big.png?fit=778%2C778&ssl=1","contentUrl":"https:\/\/i1.wp.com\/vincentians.com\/en\/wp-content\/uploads\/sites\/2\/2016\/06\/Vincentian-Network-logo-big.png?fit=778%2C778&ssl=1","width":778,"height":778,"caption":"The Vincentian Network"},"image":{"@id":"https:\/\/vincentians.com\/en\/#\/schema\/logo\/image\/"},"sameAs":["https:\/\/www.facebook.com\/WeAreVincentians\/","https:\/\/x.com\/WeVincentians"]},{"@type":"Person","@id":"https:\/\/vincentians.com\/en\/#\/schema\/person\/9623ef4d9aa3b2dfb8c061f1499288f2","name":"Francisco Javier Fern\u00e1ndez Chento","image":{"@type":"ImageObject","inLanguage":"en-US","@id":"https:\/\/vincentians.com\/en\/#\/schema\/person\/image\/","url":"https:\/\/secure.gravatar.com\/avatar\/497d5cde87b4c3d097d0315953521681ba2cd523ee66e5077c3711f7021e65de?s=96&d=mm&r=g","contentUrl":"https:\/\/secure.gravatar.com\/avatar\/497d5cde87b4c3d097d0315953521681ba2cd523ee66e5077c3711f7021e65de?s=96&d=mm&r=g","caption":"Francisco Javier Fern\u00e1ndez Chento"},"description":"Director General y cofundador de La Red de Formaci\u00f3n Vicenciana. Javier es laico vicenciano, afiliado a la Congregaci\u00f3n de la Misi\u00f3n y miembro del Equipo de Misiones Populares de la provincia can\u00f3nica de Zaragoza (Espa\u00f1a) de la Congregaci\u00f3n de la Misi\u00f3n. Graduado en la Universidad Oberta de Catalunya con cuatro grados (Asistente de direcci\u00f3n, Gesti\u00f3n Administrativa, Recursos Humanos y Contabilidad Avanzada). Bil\u00edng\u00fce Espa\u00f1ol\/Ingl\u00e9s. gestiona y mantiene varias p\u00e1ginas web cristianas y vicencianas, incluida including La Red de Formaci\u00f3n Vicenciana, de la que es cofundador. Actualmente es responsable del \u00e1rea de Espa\u00f1ol de .famvin, la Red de Noticias de la Familia Vicenciana. Tambi\u00e9n es m\u00fasico cat\u00f3lico y ha editado varios discos. Es Director General y cofundador de Trovador, una reconocida compa\u00f1\u00eda discogr\u00e1fica critiana de Espa\u00f1a. Trabaja en las Tecnolog\u00edas de la Informaci\u00f3n, ofreciendo servicios de alojamiento, dise\u00f1o y mantenimiento Web, as\u00ed como asesoramiento, formaci\u00f3n y soluciones inform\u00e1ticas, gesti\u00f3n documental y digitalizaci\u00f3n de textos, edici\u00f3n y maquetaci\u00f3n de libros, revistas, flyers, etc.","sameAs":["http:\/\/chento.org","https:\/\/www.facebook.com\/JavierChento","https:\/\/x.com\/https:\/\/twitter.com\/javierchento"],"url":"http:\/\/vincentians.com\/en\/author\/chento\/"}]}},"jetpack_publicize_connections":[],"jetpack_featured_media_url":"https:\/\/i0.wp.com\/vincentians.com\/en\/wp-content\/uploads\/sites\/2\/2016\/07\/durando.jpg?fit=1200%2C630","jetpack_sharing_enabled":true,"jetpack_shortlink":"https:\/\/wp.me\/p7K2Ow-rzr","jetpack-related-posts":[{"id":105957,"url":"http:\/\/vincentians.com\/en\/blessed-marco-antonio-durando\/","url_meta":{"origin":105985,"position":0},"title":"Blessed Marco Antonio Durando","author":"Francisco Javier Fern\u00e1ndez Chento","date":"December 10, 2012","format":false,"excerpt":"Blessed Marco Antonio Durando was born May 22, 1801 in Mondovi, Italy and died December 10, 1880 in Turin, Italy. A priest of the Congregation of the Mission, he founded the Institute of the Sisters of Jesus the Nazarene. The decree of Blessed Durando\u2019s \u201cheroic virtue\u201d was made on July\u2026","rel":"","context":"In &quot;Marco Antonio Durando&quot;","block_context":{"text":"Marco Antonio Durando","link":"http:\/\/vincentians.com\/en\/category\/the-vincentian-family\/the-vincentian-family-in-heaven\/blessed\/marco-antonio-durando\/"},"img":{"alt_text":"","src":"https:\/\/i0.wp.com\/vincentians.com\/en\/wp-content\/uploads\/sites\/2\/2016\/07\/durando.jpg?fit=1200%2C630&resize=350%2C200","width":350,"height":200,"srcset":"https:\/\/i0.wp.com\/vincentians.com\/en\/wp-content\/uploads\/sites\/2\/2016\/07\/durando.jpg?fit=1200%2C630&resize=350%2C200 1x, https:\/\/i0.wp.com\/vincentians.com\/en\/wp-content\/uploads\/sites\/2\/2016\/07\/durando.jpg?fit=1200%2C630&resize=525%2C300 1.5x, https:\/\/i0.wp.com\/vincentians.com\/en\/wp-content\/uploads\/sites\/2\/2016\/07\/durando.jpg?fit=1200%2C630&resize=700%2C400 2x, https:\/\/i0.wp.com\/vincentians.com\/en\/wp-content\/uploads\/sites\/2\/2016\/07\/durando.jpg?fit=1200%2C630&resize=1050%2C600 3x"},"classes":[]},{"id":105981,"url":"http:\/\/vincentians.com\/en\/three-invitations-of-blessed-fr-marcantonio-durando-to-the-vincentian-family\/","url_meta":{"origin":105985,"position":1},"title":"Three Invitations of Blessed Fr. Marcantonio Durando to the Vincentian Family","author":"Francisco Javier Fern\u00e1ndez Chento","date":"February 11, 2015","format":false,"excerpt":"1. An invitation to revive the spirituality of St. Vincent de Paul Fr. Marcantonio Durando, CM, was always \u201cfascinated\u201d by the spirituality of St. Vincent de Paul. Thanks to the presence of the Signori della Missione [the \u201cgentlemen\u201d of the Mission] in his native city of Mondov\u00ec, he chose to\u2026","rel":"","context":"In &quot;Marco Antonio Durando&quot;","block_context":{"text":"Marco Antonio Durando","link":"http:\/\/vincentians.com\/en\/category\/the-vincentian-family\/the-vincentian-family-in-heaven\/blessed\/marco-antonio-durando\/"},"img":{"alt_text":"","src":"https:\/\/i0.wp.com\/vincentians.com\/en\/wp-content\/uploads\/sites\/2\/2016\/07\/durando.jpg?fit=1200%2C630&resize=350%2C200","width":350,"height":200,"srcset":"https:\/\/i0.wp.com\/vincentians.com\/en\/wp-content\/uploads\/sites\/2\/2016\/07\/durando.jpg?fit=1200%2C630&resize=350%2C200 1x, https:\/\/i0.wp.com\/vincentians.com\/en\/wp-content\/uploads\/sites\/2\/2016\/07\/durando.jpg?fit=1200%2C630&resize=525%2C300 1.5x, https:\/\/i0.wp.com\/vincentians.com\/en\/wp-content\/uploads\/sites\/2\/2016\/07\/durando.jpg?fit=1200%2C630&resize=700%2C400 2x, https:\/\/i0.wp.com\/vincentians.com\/en\/wp-content\/uploads\/sites\/2\/2016\/07\/durando.jpg?fit=1200%2C630&resize=1050%2C600 3x"},"classes":[]},{"id":105961,"url":"http:\/\/vincentians.com\/en\/a-short-life-of-blessed-marcantonio-durando-1801-1880\/","url_meta":{"origin":105985,"position":2},"title":"A Short Life of Blessed Marcantonio Durando (1801-1880)","author":"Francisco Javier Fern\u00e1ndez Chento","date":"December 10, 2012","format":false,"excerpt":"1. The family: childhood and youth The Durandos were a respected and wealthy family in Mondov\u00ec. They had ten children, of whom two died in infancy. Marcantonio was born on 22 May 1801. The family atmosphere was one of liberalism tainted with secularism, even if not always with real anticlericalism.\u2026","rel":"","context":"In &quot;Marco Antonio Durando&quot;","block_context":{"text":"Marco Antonio Durando","link":"http:\/\/vincentians.com\/en\/category\/the-vincentian-family\/the-vincentian-family-in-heaven\/blessed\/marco-antonio-durando\/"},"img":{"alt_text":"","src":"https:\/\/i0.wp.com\/vincentians.com\/en\/wp-content\/uploads\/sites\/2\/2016\/07\/durando.jpg?fit=1200%2C630&resize=350%2C200","width":350,"height":200,"srcset":"https:\/\/i0.wp.com\/vincentians.com\/en\/wp-content\/uploads\/sites\/2\/2016\/07\/durando.jpg?fit=1200%2C630&resize=350%2C200 1x, https:\/\/i0.wp.com\/vincentians.com\/en\/wp-content\/uploads\/sites\/2\/2016\/07\/durando.jpg?fit=1200%2C630&resize=525%2C300 1.5x, https:\/\/i0.wp.com\/vincentians.com\/en\/wp-content\/uploads\/sites\/2\/2016\/07\/durando.jpg?fit=1200%2C630&resize=700%2C400 2x, https:\/\/i0.wp.com\/vincentians.com\/en\/wp-content\/uploads\/sites\/2\/2016\/07\/durando.jpg?fit=1200%2C630&resize=1050%2C600 3x"},"classes":[]},{"id":105969,"url":"http:\/\/vincentians.com\/en\/the-unedited-collection-of-letters-of-blessed-marcantonio-durando\/","url_meta":{"origin":105985,"position":3},"title":"The Unedited Collection of Letters of Blessed Marcantonio Durando","author":"Francisco Javier Fern\u00e1ndez Chento","date":"December 10, 2012","format":false,"excerpt":"Fr. Durando never wrote a book, nor published one, except for an \u201ceducative\u201d pamphlet, written for an Institute of the Daughters of Charity at Fontanetta Po. His collection of letters, however, is a veritable \u201cmonument,\u201d and a mine of information on civil and religious life, on the spiritual direction of\u2026","rel":"","context":"In &quot;Marco Antonio Durando&quot;","block_context":{"text":"Marco Antonio Durando","link":"http:\/\/vincentians.com\/en\/category\/the-vincentian-family\/the-vincentian-family-in-heaven\/blessed\/marco-antonio-durando\/"},"img":{"alt_text":"","src":"https:\/\/i0.wp.com\/vincentians.com\/en\/wp-content\/uploads\/sites\/2\/2016\/07\/durando.jpg?fit=1200%2C630&resize=350%2C200","width":350,"height":200,"srcset":"https:\/\/i0.wp.com\/vincentians.com\/en\/wp-content\/uploads\/sites\/2\/2016\/07\/durando.jpg?fit=1200%2C630&resize=350%2C200 1x, https:\/\/i0.wp.com\/vincentians.com\/en\/wp-content\/uploads\/sites\/2\/2016\/07\/durando.jpg?fit=1200%2C630&resize=525%2C300 1.5x, https:\/\/i0.wp.com\/vincentians.com\/en\/wp-content\/uploads\/sites\/2\/2016\/07\/durando.jpg?fit=1200%2C630&resize=700%2C400 2x, https:\/\/i0.wp.com\/vincentians.com\/en\/wp-content\/uploads\/sites\/2\/2016\/07\/durando.jpg?fit=1200%2C630&resize=1050%2C600 3x"},"classes":[]},{"id":105460,"url":"http:\/\/vincentians.com\/en\/ephemerides-december-10\/","url_meta":{"origin":105985,"position":4},"title":"Ephemerides: December, 10","author":"Francisco Javier Fern\u00e1ndez Chento","date":"December 10, 2016","format":false,"excerpt":"1880 In 1880, Fr. Durando, C. M. Dies in Tur\u00edn. He founded the Congregation of the Nazarenes for young women of illegitimate birth who wanted to be religious. His cause for Beatification has been introduced in Rome.","rel":"","context":"In &quot;Vincentian ephemerides&quot;","block_context":{"text":"Vincentian ephemerides","link":"http:\/\/vincentians.com\/en\/category\/history-of-the-vincentian-family\/vincentian-ephemerides\/"},"img":{"alt_text":"","src":"https:\/\/i0.wp.com\/vincentians.com\/en\/wp-content\/uploads\/sites\/2\/2016\/07\/ephemerides-fb.jpg?fit=1200%2C630&resize=350%2C200","width":350,"height":200,"srcset":"https:\/\/i0.wp.com\/vincentians.com\/en\/wp-content\/uploads\/sites\/2\/2016\/07\/ephemerides-fb.jpg?fit=1200%2C630&resize=350%2C200 1x, https:\/\/i0.wp.com\/vincentians.com\/en\/wp-content\/uploads\/sites\/2\/2016\/07\/ephemerides-fb.jpg?fit=1200%2C630&resize=525%2C300 1.5x, https:\/\/i0.wp.com\/vincentians.com\/en\/wp-content\/uploads\/sites\/2\/2016\/07\/ephemerides-fb.jpg?fit=1200%2C630&resize=700%2C400 2x, https:\/\/i0.wp.com\/vincentians.com\/en\/wp-content\/uploads\/sites\/2\/2016\/07\/ephemerides-fb.jpg?fit=1200%2C630&resize=1050%2C600 3x"},"classes":[]},{"id":105989,"url":"http:\/\/vincentians.com\/en\/marcantonio-durando-the-decree-on-the-virtues\/","url_meta":{"origin":105985,"position":5},"title":"Marcantonio Durando: The Decree on the Virtues","author":"Francisco Javier Fern\u00e1ndez Chento","date":"December 10, 2012","format":false,"excerpt":"Marcantonio Durando A priest of the Congregation of St Vincent de Paul Founder of the Institute of the Sisters of Jesus the Nazarene (1801-1880) The decree on the virtues \u201cSpeaking the truth in love, we are to grow up in every way into him who is the head, into Christ\u201d\u2026","rel":"","context":"In &quot;Marco Antonio Durando&quot;","block_context":{"text":"Marco Antonio Durando","link":"http:\/\/vincentians.com\/en\/category\/the-vincentian-family\/the-vincentian-family-in-heaven\/blessed\/marco-antonio-durando\/"},"img":{"alt_text":"","src":"https:\/\/i0.wp.com\/vincentians.com\/en\/wp-content\/uploads\/sites\/2\/2016\/07\/durando.jpg?fit=1200%2C630&resize=350%2C200","width":350,"height":200,"srcset":"https:\/\/i0.wp.com\/vincentians.com\/en\/wp-content\/uploads\/sites\/2\/2016\/07\/durando.jpg?fit=1200%2C630&resize=350%2C200 1x, https:\/\/i0.wp.com\/vincentians.com\/en\/wp-content\/uploads\/sites\/2\/2016\/07\/durando.jpg?fit=1200%2C630&resize=525%2C300 1.5x, https:\/\/i0.wp.com\/vincentians.com\/en\/wp-content\/uploads\/sites\/2\/2016\/07\/durando.jpg?fit=1200%2C630&resize=700%2C400 2x, https:\/\/i0.wp.com\/vincentians.com\/en\/wp-content\/uploads\/sites\/2\/2016\/07\/durando.jpg?fit=1200%2C630&resize=1050%2C600 3x"},"classes":[]}],"_links":{"self":[{"href":"http:\/\/vincentians.com\/en\/wp-json\/wp\/v2\/posts\/105985","targetHints":{"allow":["GET"]}}],"collection":[{"href":"http:\/\/vincentians.com\/en\/wp-json\/wp\/v2\/posts"}],"about":[{"href":"http:\/\/vincentians.com\/en\/wp-json\/wp\/v2\/types\/post"}],"author":[{"embeddable":true,"href":"http:\/\/vincentians.com\/en\/wp-json\/wp\/v2\/users\/4"}],"replies":[{"embeddable":true,"href":"http:\/\/vincentians.com\/en\/wp-json\/wp\/v2\/comments?post=105985"}],"version-history":[{"count":0,"href":"http:\/\/vincentians.com\/en\/wp-json\/wp\/v2\/posts\/105985\/revisions"}],"wp:featuredmedia":[{"embeddable":true,"href":"http:\/\/vincentians.com\/en\/wp-json\/wp\/v2\/media\/150147"}],"wp:attachment":[{"href":"http:\/\/vincentians.com\/en\/wp-json\/wp\/v2\/media?parent=105985"}],"wp:term":[{"taxonomy":"category","embeddable":true,"href":"http:\/\/vincentians.com\/en\/wp-json\/wp\/v2\/categories?post=105985"},{"taxonomy":"post_tag","embeddable":true,"href":"http:\/\/vincentians.com\/en\/wp-json\/wp\/v2\/tags?post=105985"}],"curies":[{"name":"wp","href":"https:\/\/api.w.org\/{rel}","templated":true}]}}