{"id":105808,"date":"2016-08-20T18:00:45","date_gmt":"2016-08-20T16:00:45","guid":{"rendered":"http:\/\/vincentians.com\/blog\/life-of-saint-louise-de-marillac-2-a-fleeting-happiness-10\/"},"modified":"2016-08-02T06:21:16","modified_gmt":"2016-08-02T04:21:16","slug":"life-of-saint-louise-de-marillac-13-the-last-message","status":"publish","type":"post","link":"http:\/\/vincentians.com\/en\/life-of-saint-louise-de-marillac-13-the-last-message\/","title":{"rendered":"Life Of Saint Louise De Marillac. 13: The last message"},"content":{"rendered":"<h2><strong>13] The last message<\/strong><\/h2>\n<p>Louise\u2019s health was always a source of concern for Vincent. On December 13<sup>th<\/sup>, 1647, he wrote to M. Blatiron, the superior of the house in Geneva: <em>in this you are almost like Mademoiselle Le Gras, whom I consider as dead, according to nature, for ten years now. To see her, one would say that she has just stepped out of the tomb because her body is so frail and her face so pale. However, God knows the strength of spirit she possesses <\/em>(CCD:III:257).<\/p>\n<p>Frequent fevers obliged Louise to have recourse to physicans who prescribed purges and blood-lettings according to the custom of that era. Her energy always provided her with the strength to recuperate. Vincent saw in this a special grace of God who was aware of the needs of the poor, aware that they needed someone to assist them. Beginning in 1658 the relapses became more frequent.<\/p>\n<p>In May, 1656, a serious illness put Louise\u2019s life in danger. She calmly prepared to die, convinced that God had given her <em>the key that will soon release me from this world <\/em>(SWLM:489 [L.457]). To everyone\u2019s surprise she gradually recuperated her strength and by the end of the year she was able to take up her usual activities.<\/p>\n<p>On February 4<sup>th<\/sup>, 1660, Louise\u2019s left arms swelled and her temperature rose rapidly. Her state of health deteriorated despite the two incisions that were made on her arm. Surrounded by her family and the Sisters who resided at the Motherhouse, Louise received with great peace the sacrament of the sick. During that celebration she blessed her son and his family: <em>I pray the Father, Son and Holy Spirit, by the power God has given fathers and mothers to bless their children, to bless you, to detach you from all earthly things and to unite you to Himself \u2026 to live like good Christians.<\/em><\/p>\n<p>Then, as Louise saw the Sisters who surrounded her, she exhorted them to love their vocation and to remain faithful to their service of the poor. On several occasions the Sisters prayed for Louise\u2019s recovery. They placed the relics of Saint Charles and Saint Francis de Sales on her arm. She seemed to get better. The swelling was reduced and she no long had a fever. This progress continued for three weeks until March 9<sup>th<\/sup> when the gangrene appeared on her arm. Louise understood the seriousness of her condition and asked to receive Viaticum. She prepared to receive God by speaking with the Sisters about the greatness of the Eucharist. On the morning of March 13<sup>th<\/sup> the pastor of Saint-Laurent brought the Eucharist. After a lengthy period of thanksgiving Louise addressed the Sisters once again: <em>My dear Sisters, I continue to ask God for His blessings for you and pray that He will grant you the grace to persevere in your vocation in order to serve Him in the manner He asks of you. Take good care of the service of the poor. Above all, live together in great union and cordiality, loving one another in imitation of the union and life of Our Lord. Pray earnestly to the Blessed Virgin, that she may be your only Mother <\/em>(SWLM:835 [Spiritual Testament]).<\/p>\n<p>With these words that the Sisters received as a spiritual testament, Louise reaffirmed that which is essential for the Company of the Daughters of Charity. The Company was established and founded to serve the poor which should be preferred to all other forms of ministry. The common life sustains and guarantees this service, a service which reveals God\u2019s love to the Church and to the world. In the life of the Daughters of Charity Louise gave a central place to Christ. She recalled how Mary had been called to guide each and every individual to Christ and to the poor. During the night of March 13<sup>th<\/sup> Louise\u2019s strength declined. Advised about these events, many Ladies of Charity visited her. The Duchess Ventadour asked to remain by Louise\u2019s side until the end. Even though Louise was weak, she was very attentive to each person, comforting some and encouraging others. Vincent de Paul, who was also ill, was unable to be present. He sent a priest of the Mission to tell her that he hoped to meet her in heaven.<br \/>\nOn March 15<sup>th<\/sup>, at 6:00am, Louise told the Sisters who were watching over her to get some rest and promised to tell them when the time came for her to appear before God. At 11:00am she called all the Sisters. Louise entered her final agony. The Duchess Ventadour was at her side holding a lighted candle. All the Sisters were on their knees reciting the prayers for those who are dying. One of the Missionaries bestowed the Apostolic Blessing on Louise and soon after, Louise died. It was 11:30am, Monday of Holy Week, March 15<sup>th<\/sup>, 1660.<\/p>\n<p>On Wednesday Louise\u2019s body was brought to the chapel of the Visitation, the church of Saint-Laurent, the parish of the motherhouse of the Daughters of Charity. Gobillon, the first biographer who published his work sixteen years after Louise\u2019s death, recounted an incident that was recalled by many people who visited her tomb: <em>At different times a fine mist filled the air with the odor of violets and lilies. What is even more surprising is that the Daughters of Charity who went there to recite prayers at Louise\u2019s tomb would return to their house with this strong odor on their person. They in turn would share this fragrance with the Sisters in the infirmary where the Sisters inhaled it with joy. It could also be said here that I myself have experienced this and I also tried to find some natural cause for all of this but no such explanation could be found.<\/em><\/p>\n<p>Is not this perfume a reflection of Louise\u2019s holiness and her profound humility? Is not this perfume an invitation to continue the work that has been begun on behalf of those persons who are poor?<\/p>\n<p>For centuries countless Daughters of Charity have desired to live like Louise and as a result have consecrated their lives to God in order to serve Him in the least of their brothers and sisters. They have traveled innumerable highways and byways in order to be present to those who are most forgotten and despised. At the present time more than thirty thousand Daughters of Charity, in seventy-three countries, have heard the call of the poor: <em>At the school of the Son of God, Daughters of Charity learn that no type of distress should be foreign to them. Christ appeals constantly to their Company through their suffering brothers and sisters, through the signs of the times, and through the Church. Multiple are the forms of poverty and multiple the forms of service, but one is the love bestowed on those whom God has \u201ccalled and assembled\u201d <\/em>(Constitutions, #11). In Europe, as well as in Africa, Asia, the Americas and Australia, the Daughters of Charity exert great effort in order to live out the great insights of Louise de Marillac and Vincent de Paul and in order to respond with renewed fidelity to the needs of the present era.<\/p>\n","protected":false},"excerpt":{"rendered":"<p>13] The last message Louise\u2019s health was always a source of concern for Vincent. On December 13th, 1647, he wrote to M. Blatiron, the superior of the house in Geneva: in this you are almost &#8230; <a href=\"http:\/\/vincentians.com\/en\/life-of-saint-louise-de-marillac-13-the-last-message\/\" class=\"more-link\">Read More<\/a><\/p>\n","protected":false},"author":4,"featured_media":149292,"comment_status":"open","ping_status":"open","sticky":false,"template":"","format":"standard","meta":{"jetpack_post_was_ever_published":false,"_jetpack_newsletter_access":"","_jetpack_dont_email_post_to_subs":false,"_jetpack_newsletter_tier_id":0,"_jetpack_memberships_contains_paywalled_content":false,"_jetpack_memberships_contains_paid_content":false,"footnotes":"","jetpack_publicize_message":"","jetpack_publicize_feature_enabled":true,"jetpack_social_post_already_shared":true,"jetpack_social_options":{"image_generator_settings":{"template":"highway","default_image_id":0,"font":"","enabled":false},"version":2}},"categories":[18],"tags":[],"class_list":["post-105808","post","type-post","status-publish","format-standard","has-post-thumbnail","hentry","category-louise-de-marillac"],"yoast_head":"<!-- This site is optimized with the Yoast SEO plugin v26.3 - https:\/\/yoast.com\/wordpress\/plugins\/seo\/ -->\n<title>Life Of Saint Louise De Marillac. 13: The last message - We are Vincentians<\/title>\n<meta name=\"robots\" content=\"index, follow, max-snippet:-1, max-image-preview:large, max-video-preview:-1\" \/>\n<link rel=\"canonical\" href=\"http:\/\/vincentians.com\/en\/life-of-saint-louise-de-marillac-13-the-last-message\/\" \/>\n<meta property=\"og:locale\" content=\"en_US\" \/>\n<meta property=\"og:type\" content=\"article\" \/>\n<meta property=\"og:title\" content=\"Life Of Saint Louise De Marillac. 13: The last message - We are Vincentians\" \/>\n<meta property=\"og:description\" content=\"13] The last message Louise\u2019s health was always a source of concern for Vincent. On December 13th, 1647, he wrote to M. Blatiron, the superior of the house in Geneva: in this you are almost ... Read More\" \/>\n<meta property=\"og:url\" content=\"http:\/\/vincentians.com\/en\/life-of-saint-louise-de-marillac-13-the-last-message\/\" \/>\n<meta property=\"og:site_name\" content=\"We are Vincentians\" \/>\n<meta property=\"article:publisher\" content=\"https:\/\/www.facebook.com\/WeAreVincentians\/\" \/>\n<meta property=\"article:author\" content=\"https:\/\/www.facebook.com\/JavierChento\" \/>\n<meta property=\"article:published_time\" content=\"2016-08-20T16:00:45+00:00\" \/>\n<meta property=\"og:image\" content=\"https:\/\/i0.wp.com\/vincentians.com\/en\/wp-content\/uploads\/sites\/2\/2016\/07\/louise-de-marillac.jpg?fit=1200%2C630\" \/>\n\t<meta property=\"og:image:width\" content=\"1200\" \/>\n\t<meta property=\"og:image:height\" content=\"630\" \/>\n\t<meta property=\"og:image:type\" content=\"image\/jpeg\" \/>\n<meta name=\"author\" content=\"Francisco Javier Fern\u00e1ndez Chento\" \/>\n<meta name=\"twitter:card\" content=\"summary_large_image\" \/>\n<meta name=\"twitter:creator\" content=\"@https:\/\/twitter.com\/javierchento\" \/>\n<meta name=\"twitter:site\" content=\"@WeVincentians\" \/>\n<meta name=\"twitter:label1\" content=\"Written by\" \/>\n\t<meta name=\"twitter:data1\" content=\"Francisco Javier Fern\u00e1ndez Chento\" \/>\n\t<meta name=\"twitter:label2\" content=\"Est. reading time\" \/>\n\t<meta name=\"twitter:data2\" content=\"6 minutes\" \/>\n<script type=\"application\/ld+json\" class=\"yoast-schema-graph\">{\"@context\":\"https:\/\/schema.org\",\"@graph\":[{\"@type\":\"Article\",\"@id\":\"http:\/\/vincentians.com\/en\/life-of-saint-louise-de-marillac-13-the-last-message\/#article\",\"isPartOf\":{\"@id\":\"http:\/\/vincentians.com\/en\/life-of-saint-louise-de-marillac-13-the-last-message\/\"},\"author\":{\"name\":\"Francisco Javier Fern\u00e1ndez Chento\",\"@id\":\"https:\/\/vincentians.com\/en\/#\/schema\/person\/9623ef4d9aa3b2dfb8c061f1499288f2\"},\"headline\":\"Life Of Saint Louise De Marillac. 13: The last message\",\"datePublished\":\"2016-08-20T16:00:45+00:00\",\"mainEntityOfPage\":{\"@id\":\"http:\/\/vincentians.com\/en\/life-of-saint-louise-de-marillac-13-the-last-message\/\"},\"wordCount\":1207,\"commentCount\":0,\"publisher\":{\"@id\":\"https:\/\/vincentians.com\/en\/#organization\"},\"image\":{\"@id\":\"http:\/\/vincentians.com\/en\/life-of-saint-louise-de-marillac-13-the-last-message\/#primaryimage\"},\"thumbnailUrl\":\"https:\/\/i0.wp.com\/vincentians.com\/en\/wp-content\/uploads\/sites\/2\/2016\/07\/louise-de-marillac.jpg?fit=1200%2C630\",\"articleSection\":[\"Louise de Marillac\"],\"inLanguage\":\"en-US\",\"potentialAction\":[{\"@type\":\"CommentAction\",\"name\":\"Comment\",\"target\":[\"http:\/\/vincentians.com\/en\/life-of-saint-louise-de-marillac-13-the-last-message\/#respond\"]}]},{\"@type\":\"WebPage\",\"@id\":\"http:\/\/vincentians.com\/en\/life-of-saint-louise-de-marillac-13-the-last-message\/\",\"url\":\"http:\/\/vincentians.com\/en\/life-of-saint-louise-de-marillac-13-the-last-message\/\",\"name\":\"Life Of Saint Louise De Marillac. 13: The last message - We are Vincentians\",\"isPartOf\":{\"@id\":\"https:\/\/vincentians.com\/en\/#website\"},\"primaryImageOfPage\":{\"@id\":\"http:\/\/vincentians.com\/en\/life-of-saint-louise-de-marillac-13-the-last-message\/#primaryimage\"},\"image\":{\"@id\":\"http:\/\/vincentians.com\/en\/life-of-saint-louise-de-marillac-13-the-last-message\/#primaryimage\"},\"thumbnailUrl\":\"https:\/\/i0.wp.com\/vincentians.com\/en\/wp-content\/uploads\/sites\/2\/2016\/07\/louise-de-marillac.jpg?fit=1200%2C630\",\"datePublished\":\"2016-08-20T16:00:45+00:00\",\"breadcrumb\":{\"@id\":\"http:\/\/vincentians.com\/en\/life-of-saint-louise-de-marillac-13-the-last-message\/#breadcrumb\"},\"inLanguage\":\"en-US\",\"potentialAction\":[{\"@type\":\"ReadAction\",\"target\":[\"http:\/\/vincentians.com\/en\/life-of-saint-louise-de-marillac-13-the-last-message\/\"]}]},{\"@type\":\"ImageObject\",\"inLanguage\":\"en-US\",\"@id\":\"http:\/\/vincentians.com\/en\/life-of-saint-louise-de-marillac-13-the-last-message\/#primaryimage\",\"url\":\"https:\/\/i0.wp.com\/vincentians.com\/en\/wp-content\/uploads\/sites\/2\/2016\/07\/louise-de-marillac.jpg?fit=1200%2C630\",\"contentUrl\":\"https:\/\/i0.wp.com\/vincentians.com\/en\/wp-content\/uploads\/sites\/2\/2016\/07\/louise-de-marillac.jpg?fit=1200%2C630\",\"width\":1200,\"height\":630},{\"@type\":\"BreadcrumbList\",\"@id\":\"http:\/\/vincentians.com\/en\/life-of-saint-louise-de-marillac-13-the-last-message\/#breadcrumb\",\"itemListElement\":[{\"@type\":\"ListItem\",\"position\":1,\"name\":\"Portada\",\"item\":\"https:\/\/vincentians.com\/en\/\"},{\"@type\":\"ListItem\",\"position\":2,\"name\":\"Life Of Saint Louise De Marillac. 13: The last message\"}]},{\"@type\":\"WebSite\",\"@id\":\"https:\/\/vincentians.com\/en\/#website\",\"url\":\"https:\/\/vincentians.com\/en\/\",\"name\":\"We are Vincentians\",\"description\":\"Know more to serve more\",\"publisher\":{\"@id\":\"https:\/\/vincentians.com\/en\/#organization\"},\"potentialAction\":[{\"@type\":\"SearchAction\",\"target\":{\"@type\":\"EntryPoint\",\"urlTemplate\":\"https:\/\/vincentians.com\/en\/?s={search_term_string}\"},\"query-input\":{\"@type\":\"PropertyValueSpecification\",\"valueRequired\":true,\"valueName\":\"search_term_string\"}}],\"inLanguage\":\"en-US\"},{\"@type\":\"Organization\",\"@id\":\"https:\/\/vincentians.com\/en\/#organization\",\"name\":\"The Vincentian Network\",\"url\":\"https:\/\/vincentians.com\/en\/\",\"logo\":{\"@type\":\"ImageObject\",\"inLanguage\":\"en-US\",\"@id\":\"https:\/\/vincentians.com\/en\/#\/schema\/logo\/image\/\",\"url\":\"https:\/\/i1.wp.com\/vincentians.com\/en\/wp-content\/uploads\/sites\/2\/2016\/06\/Vincentian-Network-logo-big.png?fit=778%2C778&ssl=1\",\"contentUrl\":\"https:\/\/i1.wp.com\/vincentians.com\/en\/wp-content\/uploads\/sites\/2\/2016\/06\/Vincentian-Network-logo-big.png?fit=778%2C778&ssl=1\",\"width\":778,\"height\":778,\"caption\":\"The Vincentian Network\"},\"image\":{\"@id\":\"https:\/\/vincentians.com\/en\/#\/schema\/logo\/image\/\"},\"sameAs\":[\"https:\/\/www.facebook.com\/WeAreVincentians\/\",\"https:\/\/x.com\/WeVincentians\"]},{\"@type\":\"Person\",\"@id\":\"https:\/\/vincentians.com\/en\/#\/schema\/person\/9623ef4d9aa3b2dfb8c061f1499288f2\",\"name\":\"Francisco Javier Fern\u00e1ndez Chento\",\"image\":{\"@type\":\"ImageObject\",\"inLanguage\":\"en-US\",\"@id\":\"https:\/\/vincentians.com\/en\/#\/schema\/person\/image\/\",\"url\":\"https:\/\/secure.gravatar.com\/avatar\/497d5cde87b4c3d097d0315953521681ba2cd523ee66e5077c3711f7021e65de?s=96&d=mm&r=g\",\"contentUrl\":\"https:\/\/secure.gravatar.com\/avatar\/497d5cde87b4c3d097d0315953521681ba2cd523ee66e5077c3711f7021e65de?s=96&d=mm&r=g\",\"caption\":\"Francisco Javier Fern\u00e1ndez Chento\"},\"description\":\"Director General y cofundador de La Red de Formaci\u00f3n Vicenciana. Javier es laico vicenciano, afiliado a la Congregaci\u00f3n de la Misi\u00f3n y miembro del Equipo de Misiones Populares de la provincia can\u00f3nica de Zaragoza (Espa\u00f1a) de la Congregaci\u00f3n de la Misi\u00f3n. Graduado en la Universidad Oberta de Catalunya con cuatro grados (Asistente de direcci\u00f3n, Gesti\u00f3n Administrativa, Recursos Humanos y Contabilidad Avanzada). Bil\u00edng\u00fce Espa\u00f1ol\/Ingl\u00e9s. gestiona y mantiene varias p\u00e1ginas web cristianas y vicencianas, incluida including La Red de Formaci\u00f3n Vicenciana, de la que es cofundador. Actualmente es responsable del \u00e1rea de Espa\u00f1ol de .famvin, la Red de Noticias de la Familia Vicenciana. Tambi\u00e9n es m\u00fasico cat\u00f3lico y ha editado varios discos. Es Director General y cofundador de Trovador, una reconocida compa\u00f1\u00eda discogr\u00e1fica critiana de Espa\u00f1a. Trabaja en las Tecnolog\u00edas de la Informaci\u00f3n, ofreciendo servicios de alojamiento, dise\u00f1o y mantenimiento Web, as\u00ed como asesoramiento, formaci\u00f3n y soluciones inform\u00e1ticas, gesti\u00f3n documental y digitalizaci\u00f3n de textos, edici\u00f3n y maquetaci\u00f3n de libros, revistas, flyers, etc.\",\"sameAs\":[\"http:\/\/chento.org\",\"https:\/\/www.facebook.com\/JavierChento\",\"https:\/\/x.com\/https:\/\/twitter.com\/javierchento\"],\"url\":\"http:\/\/vincentians.com\/en\/author\/chento\/\"}]}<\/script>\n<!-- \/ Yoast SEO plugin. -->","yoast_head_json":{"title":"Life Of Saint Louise De Marillac. 13: The last message - We are Vincentians","robots":{"index":"index","follow":"follow","max-snippet":"max-snippet:-1","max-image-preview":"max-image-preview:large","max-video-preview":"max-video-preview:-1"},"canonical":"http:\/\/vincentians.com\/en\/life-of-saint-louise-de-marillac-13-the-last-message\/","og_locale":"en_US","og_type":"article","og_title":"Life Of Saint Louise De Marillac. 13: The last message - We are Vincentians","og_description":"13] The last message Louise\u2019s health was always a source of concern for Vincent. On December 13th, 1647, he wrote to M. Blatiron, the superior of the house in Geneva: in this you are almost ... Read More","og_url":"http:\/\/vincentians.com\/en\/life-of-saint-louise-de-marillac-13-the-last-message\/","og_site_name":"We are Vincentians","article_publisher":"https:\/\/www.facebook.com\/WeAreVincentians\/","article_author":"https:\/\/www.facebook.com\/JavierChento","article_published_time":"2016-08-20T16:00:45+00:00","og_image":[{"width":1200,"height":630,"url":"https:\/\/i0.wp.com\/vincentians.com\/en\/wp-content\/uploads\/sites\/2\/2016\/07\/louise-de-marillac.jpg?fit=1200%2C630","type":"image\/jpeg"}],"author":"Francisco Javier Fern\u00e1ndez Chento","twitter_card":"summary_large_image","twitter_creator":"@https:\/\/twitter.com\/javierchento","twitter_site":"@WeVincentians","twitter_misc":{"Written by":"Francisco Javier Fern\u00e1ndez Chento","Est. reading time":"6 minutes"},"schema":{"@context":"https:\/\/schema.org","@graph":[{"@type":"Article","@id":"http:\/\/vincentians.com\/en\/life-of-saint-louise-de-marillac-13-the-last-message\/#article","isPartOf":{"@id":"http:\/\/vincentians.com\/en\/life-of-saint-louise-de-marillac-13-the-last-message\/"},"author":{"name":"Francisco Javier Fern\u00e1ndez Chento","@id":"https:\/\/vincentians.com\/en\/#\/schema\/person\/9623ef4d9aa3b2dfb8c061f1499288f2"},"headline":"Life Of Saint Louise De Marillac. 13: The last message","datePublished":"2016-08-20T16:00:45+00:00","mainEntityOfPage":{"@id":"http:\/\/vincentians.com\/en\/life-of-saint-louise-de-marillac-13-the-last-message\/"},"wordCount":1207,"commentCount":0,"publisher":{"@id":"https:\/\/vincentians.com\/en\/#organization"},"image":{"@id":"http:\/\/vincentians.com\/en\/life-of-saint-louise-de-marillac-13-the-last-message\/#primaryimage"},"thumbnailUrl":"https:\/\/i0.wp.com\/vincentians.com\/en\/wp-content\/uploads\/sites\/2\/2016\/07\/louise-de-marillac.jpg?fit=1200%2C630","articleSection":["Louise de Marillac"],"inLanguage":"en-US","potentialAction":[{"@type":"CommentAction","name":"Comment","target":["http:\/\/vincentians.com\/en\/life-of-saint-louise-de-marillac-13-the-last-message\/#respond"]}]},{"@type":"WebPage","@id":"http:\/\/vincentians.com\/en\/life-of-saint-louise-de-marillac-13-the-last-message\/","url":"http:\/\/vincentians.com\/en\/life-of-saint-louise-de-marillac-13-the-last-message\/","name":"Life Of Saint Louise De Marillac. 13: The last message - We are Vincentians","isPartOf":{"@id":"https:\/\/vincentians.com\/en\/#website"},"primaryImageOfPage":{"@id":"http:\/\/vincentians.com\/en\/life-of-saint-louise-de-marillac-13-the-last-message\/#primaryimage"},"image":{"@id":"http:\/\/vincentians.com\/en\/life-of-saint-louise-de-marillac-13-the-last-message\/#primaryimage"},"thumbnailUrl":"https:\/\/i0.wp.com\/vincentians.com\/en\/wp-content\/uploads\/sites\/2\/2016\/07\/louise-de-marillac.jpg?fit=1200%2C630","datePublished":"2016-08-20T16:00:45+00:00","breadcrumb":{"@id":"http:\/\/vincentians.com\/en\/life-of-saint-louise-de-marillac-13-the-last-message\/#breadcrumb"},"inLanguage":"en-US","potentialAction":[{"@type":"ReadAction","target":["http:\/\/vincentians.com\/en\/life-of-saint-louise-de-marillac-13-the-last-message\/"]}]},{"@type":"ImageObject","inLanguage":"en-US","@id":"http:\/\/vincentians.com\/en\/life-of-saint-louise-de-marillac-13-the-last-message\/#primaryimage","url":"https:\/\/i0.wp.com\/vincentians.com\/en\/wp-content\/uploads\/sites\/2\/2016\/07\/louise-de-marillac.jpg?fit=1200%2C630","contentUrl":"https:\/\/i0.wp.com\/vincentians.com\/en\/wp-content\/uploads\/sites\/2\/2016\/07\/louise-de-marillac.jpg?fit=1200%2C630","width":1200,"height":630},{"@type":"BreadcrumbList","@id":"http:\/\/vincentians.com\/en\/life-of-saint-louise-de-marillac-13-the-last-message\/#breadcrumb","itemListElement":[{"@type":"ListItem","position":1,"name":"Portada","item":"https:\/\/vincentians.com\/en\/"},{"@type":"ListItem","position":2,"name":"Life Of Saint Louise De Marillac. 13: The last message"}]},{"@type":"WebSite","@id":"https:\/\/vincentians.com\/en\/#website","url":"https:\/\/vincentians.com\/en\/","name":"We are Vincentians","description":"Know more to serve more","publisher":{"@id":"https:\/\/vincentians.com\/en\/#organization"},"potentialAction":[{"@type":"SearchAction","target":{"@type":"EntryPoint","urlTemplate":"https:\/\/vincentians.com\/en\/?s={search_term_string}"},"query-input":{"@type":"PropertyValueSpecification","valueRequired":true,"valueName":"search_term_string"}}],"inLanguage":"en-US"},{"@type":"Organization","@id":"https:\/\/vincentians.com\/en\/#organization","name":"The Vincentian Network","url":"https:\/\/vincentians.com\/en\/","logo":{"@type":"ImageObject","inLanguage":"en-US","@id":"https:\/\/vincentians.com\/en\/#\/schema\/logo\/image\/","url":"https:\/\/i1.wp.com\/vincentians.com\/en\/wp-content\/uploads\/sites\/2\/2016\/06\/Vincentian-Network-logo-big.png?fit=778%2C778&ssl=1","contentUrl":"https:\/\/i1.wp.com\/vincentians.com\/en\/wp-content\/uploads\/sites\/2\/2016\/06\/Vincentian-Network-logo-big.png?fit=778%2C778&ssl=1","width":778,"height":778,"caption":"The Vincentian Network"},"image":{"@id":"https:\/\/vincentians.com\/en\/#\/schema\/logo\/image\/"},"sameAs":["https:\/\/www.facebook.com\/WeAreVincentians\/","https:\/\/x.com\/WeVincentians"]},{"@type":"Person","@id":"https:\/\/vincentians.com\/en\/#\/schema\/person\/9623ef4d9aa3b2dfb8c061f1499288f2","name":"Francisco Javier Fern\u00e1ndez Chento","image":{"@type":"ImageObject","inLanguage":"en-US","@id":"https:\/\/vincentians.com\/en\/#\/schema\/person\/image\/","url":"https:\/\/secure.gravatar.com\/avatar\/497d5cde87b4c3d097d0315953521681ba2cd523ee66e5077c3711f7021e65de?s=96&d=mm&r=g","contentUrl":"https:\/\/secure.gravatar.com\/avatar\/497d5cde87b4c3d097d0315953521681ba2cd523ee66e5077c3711f7021e65de?s=96&d=mm&r=g","caption":"Francisco Javier Fern\u00e1ndez Chento"},"description":"Director General y cofundador de La Red de Formaci\u00f3n Vicenciana. Javier es laico vicenciano, afiliado a la Congregaci\u00f3n de la Misi\u00f3n y miembro del Equipo de Misiones Populares de la provincia can\u00f3nica de Zaragoza (Espa\u00f1a) de la Congregaci\u00f3n de la Misi\u00f3n. Graduado en la Universidad Oberta de Catalunya con cuatro grados (Asistente de direcci\u00f3n, Gesti\u00f3n Administrativa, Recursos Humanos y Contabilidad Avanzada). Bil\u00edng\u00fce Espa\u00f1ol\/Ingl\u00e9s. gestiona y mantiene varias p\u00e1ginas web cristianas y vicencianas, incluida including La Red de Formaci\u00f3n Vicenciana, de la que es cofundador. Actualmente es responsable del \u00e1rea de Espa\u00f1ol de .famvin, la Red de Noticias de la Familia Vicenciana. Tambi\u00e9n es m\u00fasico cat\u00f3lico y ha editado varios discos. Es Director General y cofundador de Trovador, una reconocida compa\u00f1\u00eda discogr\u00e1fica critiana de Espa\u00f1a. Trabaja en las Tecnolog\u00edas de la Informaci\u00f3n, ofreciendo servicios de alojamiento, dise\u00f1o y mantenimiento Web, as\u00ed como asesoramiento, formaci\u00f3n y soluciones inform\u00e1ticas, gesti\u00f3n documental y digitalizaci\u00f3n de textos, edici\u00f3n y maquetaci\u00f3n de libros, revistas, flyers, etc.","sameAs":["http:\/\/chento.org","https:\/\/www.facebook.com\/JavierChento","https:\/\/x.com\/https:\/\/twitter.com\/javierchento"],"url":"http:\/\/vincentians.com\/en\/author\/chento\/"}]}},"jetpack_publicize_connections":[],"jetpack_featured_media_url":"https:\/\/i0.wp.com\/vincentians.com\/en\/wp-content\/uploads\/sites\/2\/2016\/07\/louise-de-marillac.jpg?fit=1200%2C630","jetpack_sharing_enabled":true,"jetpack_shortlink":"https:\/\/wp.me\/p7K2Ow-rwA","jetpack-related-posts":[{"id":37783,"url":"http:\/\/vincentians.com\/en\/life-of-saint-louise-de-marillac-1-a-stormy-childhood\/","url_meta":{"origin":105808,"position":0},"title":"Life Of Saint Louise De Marillac. 1: A stormy childhood","author":"Francisco Javier Fern\u00e1ndez Chento","date":"August 8, 2016","format":false,"excerpt":"Introduction: History speaks admirably about the great saint of charity. His prominence and importance has endured to the present century. Do we not say that those who incarnate the virtue of charity in the midst of the forgotten members of society and in the midst of those who die alone\u2026","rel":"","context":"In &quot;Louise de Marillac&quot;","block_context":{"text":"Louise de Marillac","link":"http:\/\/vincentians.com\/en\/category\/the-vincentian-family\/founders\/louise-de-marillac\/"},"img":{"alt_text":"","src":"https:\/\/i0.wp.com\/vincentians.com\/en\/wp-content\/uploads\/sites\/2\/2016\/07\/louise-de-marillac.jpg?fit=1200%2C630&resize=350%2C200","width":350,"height":200,"srcset":"https:\/\/i0.wp.com\/vincentians.com\/en\/wp-content\/uploads\/sites\/2\/2016\/07\/louise-de-marillac.jpg?fit=1200%2C630&resize=350%2C200 1x, https:\/\/i0.wp.com\/vincentians.com\/en\/wp-content\/uploads\/sites\/2\/2016\/07\/louise-de-marillac.jpg?fit=1200%2C630&resize=525%2C300 1.5x, https:\/\/i0.wp.com\/vincentians.com\/en\/wp-content\/uploads\/sites\/2\/2016\/07\/louise-de-marillac.jpg?fit=1200%2C630&resize=700%2C400 2x, https:\/\/i0.wp.com\/vincentians.com\/en\/wp-content\/uploads\/sites\/2\/2016\/07\/louise-de-marillac.jpg?fit=1200%2C630&resize=1050%2C600 3x"},"classes":[]},{"id":42028,"url":"http:\/\/vincentians.com\/en\/the-ecclesial-and-charitable-experience-of-saint-louise-de-marillac-yesterday-and-today\/","url_meta":{"origin":105808,"position":1},"title":"The Ecclesial and Charitable Experience of Saint Louise de Marillac, Yesterday and Today","author":"Francisco Javier Fern\u00e1ndez Chento","date":"July 7, 2016","format":false,"excerpt":"Introduction We are going to conclude this Congress with a reflection on Saint Louise de Marillac as a woman of the church. Her contemplation of the mystery of the church and the ecclesial reality of that era led her to become a woman who was guided by the Spirit and\u2026","rel":"","context":"In &quot;Louise de Marillac&quot;","block_context":{"text":"Louise de Marillac","link":"http:\/\/vincentians.com\/en\/category\/the-vincentian-family\/founders\/louise-de-marillac\/"},"img":{"alt_text":"","src":"https:\/\/i0.wp.com\/vincentians.com\/en\/wp-content\/uploads\/sites\/2\/2012\/12\/marillac-charitative-experience.jpg?fit=1200%2C630&resize=350%2C200","width":350,"height":200,"srcset":"https:\/\/i0.wp.com\/vincentians.com\/en\/wp-content\/uploads\/sites\/2\/2012\/12\/marillac-charitative-experience.jpg?fit=1200%2C630&resize=350%2C200 1x, https:\/\/i0.wp.com\/vincentians.com\/en\/wp-content\/uploads\/sites\/2\/2012\/12\/marillac-charitative-experience.jpg?fit=1200%2C630&resize=525%2C300 1.5x, https:\/\/i0.wp.com\/vincentians.com\/en\/wp-content\/uploads\/sites\/2\/2012\/12\/marillac-charitative-experience.jpg?fit=1200%2C630&resize=700%2C400 2x, https:\/\/i0.wp.com\/vincentians.com\/en\/wp-content\/uploads\/sites\/2\/2012\/12\/marillac-charitative-experience.jpg?fit=1200%2C630&resize=1050%2C600 3x"},"classes":[]},{"id":51189,"url":"http:\/\/vincentians.com\/en\/the-letters-of-louise-de-marillac-to-the-daughters-of-charity-i\/","url_meta":{"origin":105808,"position":2},"title":"The Letters of Louise de Marillac to the Daughters of Charity (I)","author":"Francisco Javier Fern\u00e1ndez Chento","date":"August 8, 2016","format":false,"excerpt":"Introduction On March 15th, 1660, between 11:00am and noon, after generously sharing her blessings with the Daughters of Charity, Louise de Marillac's life came to an end. She was almost sixty-nine years old. Thus the earthly life of this holy woman was completed. She was not a tall woman, but\u2026","rel":"","context":"In &quot;Louise de Marillac&quot;","block_context":{"text":"Louise de Marillac","link":"http:\/\/vincentians.com\/en\/category\/the-vincentian-family\/founders\/louise-de-marillac\/"},"img":{"alt_text":"","src":"https:\/\/i0.wp.com\/vincentians.com\/en\/wp-content\/uploads\/sites\/2\/2012\/11\/marillac-wrting.jpg?fit=1200%2C630&resize=350%2C200","width":350,"height":200,"srcset":"https:\/\/i0.wp.com\/vincentians.com\/en\/wp-content\/uploads\/sites\/2\/2012\/11\/marillac-wrting.jpg?fit=1200%2C630&resize=350%2C200 1x, https:\/\/i0.wp.com\/vincentians.com\/en\/wp-content\/uploads\/sites\/2\/2012\/11\/marillac-wrting.jpg?fit=1200%2C630&resize=525%2C300 1.5x, https:\/\/i0.wp.com\/vincentians.com\/en\/wp-content\/uploads\/sites\/2\/2012\/11\/marillac-wrting.jpg?fit=1200%2C630&resize=700%2C400 2x, https:\/\/i0.wp.com\/vincentians.com\/en\/wp-content\/uploads\/sites\/2\/2012\/11\/marillac-wrting.jpg?fit=1200%2C630&resize=1050%2C600 3x"},"classes":[]},{"id":108312,"url":"http:\/\/vincentians.com\/en\/louise-letter-0038-to-monsieur-vincent\/","url_meta":{"origin":105808,"position":3},"title":"Louise, Letter 0038. To Monsieur Vincent","author":"Francisco Javier Fern\u00e1ndez Chento","date":"September 13, 2016","format":false,"excerpt":"Sunday (c. 1638) Monsieur, I am sending your reply to Madame Pelletier by Sister Turgis. I am so wicked that I would have preferred, given her imminent departure, that this message had never been sent. Monsieur de Liancourt was here yesterday. I did not see him, but he sent me\u2026","rel":"","context":"In &quot;Writings of Louise de Marillac&quot;","block_context":{"text":"Writings of Louise de Marillac","link":"http:\/\/vincentians.com\/en\/category\/writings\/writings-of-louise-de-marillac\/"},"img":{"alt_text":"","src":"https:\/\/i0.wp.com\/vincentians.com\/en\/wp-content\/uploads\/sites\/2\/2016\/06\/Writings-of-Louise-de-Marillac.jpg?fit=1200%2C630&resize=350%2C200","width":350,"height":200,"srcset":"https:\/\/i0.wp.com\/vincentians.com\/en\/wp-content\/uploads\/sites\/2\/2016\/06\/Writings-of-Louise-de-Marillac.jpg?fit=1200%2C630&resize=350%2C200 1x, https:\/\/i0.wp.com\/vincentians.com\/en\/wp-content\/uploads\/sites\/2\/2016\/06\/Writings-of-Louise-de-Marillac.jpg?fit=1200%2C630&resize=525%2C300 1.5x, https:\/\/i0.wp.com\/vincentians.com\/en\/wp-content\/uploads\/sites\/2\/2016\/06\/Writings-of-Louise-de-Marillac.jpg?fit=1200%2C630&resize=700%2C400 2x, https:\/\/i0.wp.com\/vincentians.com\/en\/wp-content\/uploads\/sites\/2\/2016\/06\/Writings-of-Louise-de-Marillac.jpg?fit=1200%2C630&resize=1050%2C600 3x"},"classes":[]},{"id":105798,"url":"http:\/\/vincentians.com\/en\/life-of-saint-louise-de-marillac-3-in-search-of-her-vocation\/","url_meta":{"origin":105808,"position":4},"title":"Life Of Saint Louise De Marillac. 3: In search of her vocation","author":"Francisco Javier Fern\u00e1ndez Chento","date":"August 10, 2016","format":false,"excerpt":"3] In search of her vocation Alone once again and overwhelmed by what she called the justice of God, Louise sought support. She wrote her cousin, Hilarion Rebours, Bishop Camus and her uncle, Michel. Their responses upset Louise and so she continued to experience a lack of peace in her\u2026","rel":"","context":"In &quot;Louise de Marillac&quot;","block_context":{"text":"Louise de Marillac","link":"http:\/\/vincentians.com\/en\/category\/the-vincentian-family\/founders\/louise-de-marillac\/"},"img":{"alt_text":"","src":"https:\/\/i0.wp.com\/vincentians.com\/en\/wp-content\/uploads\/sites\/2\/2016\/07\/louise-de-marillac.jpg?fit=1200%2C630&resize=350%2C200","width":350,"height":200,"srcset":"https:\/\/i0.wp.com\/vincentians.com\/en\/wp-content\/uploads\/sites\/2\/2016\/07\/louise-de-marillac.jpg?fit=1200%2C630&resize=350%2C200 1x, https:\/\/i0.wp.com\/vincentians.com\/en\/wp-content\/uploads\/sites\/2\/2016\/07\/louise-de-marillac.jpg?fit=1200%2C630&resize=525%2C300 1.5x, https:\/\/i0.wp.com\/vincentians.com\/en\/wp-content\/uploads\/sites\/2\/2016\/07\/louise-de-marillac.jpg?fit=1200%2C630&resize=700%2C400 2x, https:\/\/i0.wp.com\/vincentians.com\/en\/wp-content\/uploads\/sites\/2\/2016\/07\/louise-de-marillac.jpg?fit=1200%2C630&resize=1050%2C600 3x"},"classes":[]},{"id":105807,"url":"http:\/\/vincentians.com\/en\/life-of-saint-louise-de-marillac-12-toward-a-relationship-of-communion\/","url_meta":{"origin":105808,"position":5},"title":"Life Of Saint Louise De Marillac. 12: Toward a relationship of communion","author":"Francisco Javier Fern\u00e1ndez Chento","date":"August 19, 2016","format":false,"excerpt":"12] Toward a relationship of communion Thirty-five years of working together, thirty-five years of intense activity. For Vincent and Louise was this simply a manner of collaboration that was imposed on them by circumstances or was this collaboration more than mutual assistance that involved them in the multiple works that\u2026","rel":"","context":"In &quot;Louise de Marillac&quot;","block_context":{"text":"Louise de Marillac","link":"http:\/\/vincentians.com\/en\/category\/the-vincentian-family\/founders\/louise-de-marillac\/"},"img":{"alt_text":"","src":"https:\/\/i0.wp.com\/vincentians.com\/en\/wp-content\/uploads\/sites\/2\/2016\/07\/louise-de-marillac.jpg?fit=1200%2C630&resize=350%2C200","width":350,"height":200,"srcset":"https:\/\/i0.wp.com\/vincentians.com\/en\/wp-content\/uploads\/sites\/2\/2016\/07\/louise-de-marillac.jpg?fit=1200%2C630&resize=350%2C200 1x, https:\/\/i0.wp.com\/vincentians.com\/en\/wp-content\/uploads\/sites\/2\/2016\/07\/louise-de-marillac.jpg?fit=1200%2C630&resize=525%2C300 1.5x, https:\/\/i0.wp.com\/vincentians.com\/en\/wp-content\/uploads\/sites\/2\/2016\/07\/louise-de-marillac.jpg?fit=1200%2C630&resize=700%2C400 2x, https:\/\/i0.wp.com\/vincentians.com\/en\/wp-content\/uploads\/sites\/2\/2016\/07\/louise-de-marillac.jpg?fit=1200%2C630&resize=1050%2C600 3x"},"classes":[]}],"_links":{"self":[{"href":"http:\/\/vincentians.com\/en\/wp-json\/wp\/v2\/posts\/105808","targetHints":{"allow":["GET"]}}],"collection":[{"href":"http:\/\/vincentians.com\/en\/wp-json\/wp\/v2\/posts"}],"about":[{"href":"http:\/\/vincentians.com\/en\/wp-json\/wp\/v2\/types\/post"}],"author":[{"embeddable":true,"href":"http:\/\/vincentians.com\/en\/wp-json\/wp\/v2\/users\/4"}],"replies":[{"embeddable":true,"href":"http:\/\/vincentians.com\/en\/wp-json\/wp\/v2\/comments?post=105808"}],"version-history":[{"count":0,"href":"http:\/\/vincentians.com\/en\/wp-json\/wp\/v2\/posts\/105808\/revisions"}],"wp:featuredmedia":[{"embeddable":true,"href":"http:\/\/vincentians.com\/en\/wp-json\/wp\/v2\/media\/149292"}],"wp:attachment":[{"href":"http:\/\/vincentians.com\/en\/wp-json\/wp\/v2\/media?parent=105808"}],"wp:term":[{"taxonomy":"category","embeddable":true,"href":"http:\/\/vincentians.com\/en\/wp-json\/wp\/v2\/categories?post=105808"},{"taxonomy":"post_tag","embeddable":true,"href":"http:\/\/vincentians.com\/en\/wp-json\/wp\/v2\/tags?post=105808"}],"curies":[{"name":"wp","href":"https:\/\/api.w.org\/{rel}","templated":true}]}}