{"id":105707,"date":"2012-12-01T03:03:33","date_gmt":"2012-12-01T02:03:33","guid":{"rendered":"http:\/\/vincentians.com\/?p=105707"},"modified":"2016-07-10T11:34:49","modified_gmt":"2016-07-10T09:34:49","slug":"sisters-of-charity-of-nazareth","status":"publish","type":"post","link":"http:\/\/vincentians.com\/en\/sisters-of-charity-of-nazareth\/","title":{"rendered":"Sisters of Charity of Nazareth"},"content":{"rendered":"<div>We Sisters of Charity of Nazareth are an international Congregation in a multicultural world. Impelled by the love of Christ, in the tradition of Vincent de Paul and the pioneer spirit of Catherine Spalding, we and our Associates are committed to work for justice in solidarity with oppressed peoples, especially the economically poor and women, and to care for the earth. We risk our lives and resources, both personally and corporately, as we engage in diverse ministries in carrying out this mission.<\/div>\n<div>\n<p>The year 2012 marks the bicentennial anniversary of the foundation of the Sisters of Charity of\u00a0Nazareth. As a tribute to these sisters, we offer a reflection on aspects of the Vincentian charism that\u00a0permeated their 200 years of ministry.<\/p>\n<h2><strong>Trust in Divine Providence<\/strong><\/h2>\n<p><a href=\"https:\/\/i0.wp.com\/vincentians.com\/en\/wp-content\/uploads\/sites\/2\/2012\/12\/scn_1.png\"><img data-recalc-dims=\"1\" loading=\"lazy\" decoding=\"async\" data-attachment-id=\"150306\" data-permalink=\"http:\/\/vincentians.com\/en\/sisters-of-charity-of-nazareth\/scn_1\/\" data-orig-file=\"https:\/\/i0.wp.com\/vincentians.com\/en\/wp-content\/uploads\/sites\/2\/2012\/12\/scn_1.png?fit=333%2C313\" data-orig-size=\"333,313\" data-comments-opened=\"1\" data-image-meta=\"{&quot;aperture&quot;:&quot;0&quot;,&quot;credit&quot;:&quot;&quot;,&quot;camera&quot;:&quot;&quot;,&quot;caption&quot;:&quot;&quot;,&quot;created_timestamp&quot;:&quot;0&quot;,&quot;copyright&quot;:&quot;&quot;,&quot;focal_length&quot;:&quot;0&quot;,&quot;iso&quot;:&quot;0&quot;,&quot;shutter_speed&quot;:&quot;0&quot;,&quot;title&quot;:&quot;&quot;,&quot;orientation&quot;:&quot;0&quot;}\" data-image-title=\"scn_1\" data-image-description=\"\" data-image-caption=\"\" data-medium-file=\"https:\/\/i0.wp.com\/vincentians.com\/en\/wp-content\/uploads\/sites\/2\/2012\/12\/scn_1.png?fit=300%2C282\" data-large-file=\"https:\/\/i0.wp.com\/vincentians.com\/en\/wp-content\/uploads\/sites\/2\/2012\/12\/scn_1.png?fit=333%2C313\" class=\"alignright size-medium wp-image-150306\" src=\"https:\/\/i0.wp.com\/vincentians.com\/en\/wp-content\/uploads\/sites\/2\/2012\/12\/scn_1.png?resize=300%2C282\" alt=\"scn_1\" width=\"300\" height=\"282\" srcset=\"https:\/\/i0.wp.com\/vincentians.com\/en\/wp-content\/uploads\/sites\/2\/2012\/12\/scn_1.png?resize=300%2C282 300w, https:\/\/i0.wp.com\/vincentians.com\/en\/wp-content\/uploads\/sites\/2\/2012\/12\/scn_1.png?resize=100%2C94 100w, https:\/\/i0.wp.com\/vincentians.com\/en\/wp-content\/uploads\/sites\/2\/2012\/12\/scn_1.png?w=333 333w\" sizes=\"auto, (max-width: 300px) 100vw, 300px\" \/><\/a>Congregations formed in the spirit of Saints\u00a0Vincent and Louise are characterized by\u00a0boundless trust in the Providence of God and an\u00a0unwavering commitment to respond to \u2018what is\u00a0before them.\u2019 In the early 19th\u00a0century, the\u00a0immediate needs facing Catherine Spalding and\u00a0her companions in rural KY were education, care\u00a0for orphans and for the sick. Between 1812 and\u00a01834 the fledging community lovingly began all\u00a0three ministries.<\/p>\n<p>Education was their first priority. At great\u00a0personal sacrifice, the sisters built a school at\u00a0St. Thomas, the original site of their foundation.\u00a0Only later did they learn that the land on which\u00a0they built could never belong to them. In 1822,\u00a0with meager resources and firm trust in Divine\u00a0Providence, the Congregation purchased land\u00a0north of Bardstown, the site of the present\u00a0Nazareth campus. Here they could build and\u00a0expand as needed.<\/p>\n<p>In 1832 a cholera epidemic devastated Louisville\u00a0and Bardstown. The sisters closed their schools\u00a0and went into the homes of the sick and dying.\u00a0The epidemic increased the already large\u00a0number of children left orphaned by parents who\u00a0died on river boats enroute to Louisville. The\u00a0community responded by opening St. Vincent\u2019s\u00a0Orphanage, the first of many SCN homes for\u00a0children who had no one to care for them. The\u00a0first privately owned hospital, St. Vincent\u2019s\u00a0Infirmary, actually began in a vacant wing of an\u00a0expanded orphanage. From these modest\u00a0beginnings a constellation of schools, orphanages\u00a0and hospitals grew. Witness the numbers:<\/p>\n<p style=\"text-align: center;\"><a href=\"https:\/\/i0.wp.com\/vincentians.com\/en\/wp-content\/uploads\/sites\/2\/2012\/12\/scn_2.png\"><img data-recalc-dims=\"1\" loading=\"lazy\" decoding=\"async\" data-attachment-id=\"150307\" data-permalink=\"http:\/\/vincentians.com\/en\/sisters-of-charity-of-nazareth\/scn_2\/\" data-orig-file=\"https:\/\/i0.wp.com\/vincentians.com\/en\/wp-content\/uploads\/sites\/2\/2012\/12\/scn_2.png?fit=334%2C143\" data-orig-size=\"334,143\" data-comments-opened=\"1\" data-image-meta=\"{&quot;aperture&quot;:&quot;0&quot;,&quot;credit&quot;:&quot;&quot;,&quot;camera&quot;:&quot;&quot;,&quot;caption&quot;:&quot;&quot;,&quot;created_timestamp&quot;:&quot;0&quot;,&quot;copyright&quot;:&quot;&quot;,&quot;focal_length&quot;:&quot;0&quot;,&quot;iso&quot;:&quot;0&quot;,&quot;shutter_speed&quot;:&quot;0&quot;,&quot;title&quot;:&quot;&quot;,&quot;orientation&quot;:&quot;0&quot;}\" data-image-title=\"scn_2\" data-image-description=\"\" data-image-caption=\"\" data-medium-file=\"https:\/\/i0.wp.com\/vincentians.com\/en\/wp-content\/uploads\/sites\/2\/2012\/12\/scn_2.png?fit=300%2C128\" data-large-file=\"https:\/\/i0.wp.com\/vincentians.com\/en\/wp-content\/uploads\/sites\/2\/2012\/12\/scn_2.png?fit=334%2C143\" class=\"aligncenter size-full wp-image-150307\" src=\"https:\/\/i0.wp.com\/vincentians.com\/en\/wp-content\/uploads\/sites\/2\/2012\/12\/scn_2.png?resize=334%2C143\" alt=\"scn_2\" width=\"334\" height=\"143\" srcset=\"https:\/\/i0.wp.com\/vincentians.com\/en\/wp-content\/uploads\/sites\/2\/2012\/12\/scn_2.png?w=334 334w, https:\/\/i0.wp.com\/vincentians.com\/en\/wp-content\/uploads\/sites\/2\/2012\/12\/scn_2.png?resize=300%2C128 300w, https:\/\/i0.wp.com\/vincentians.com\/en\/wp-content\/uploads\/sites\/2\/2012\/12\/scn_2.png?resize=100%2C43 100w\" sizes=\"auto, (max-width: 334px) 100vw, 334px\" \/><\/a><\/p>\n<p>The SCN mission expanded beyond U.S. borders when two young Jesuits came to Nazareth in 1946 with\u00a0a request from Bishop Sullivan of the Patna Diocese for sisters to staff a hospital and later a school in\u00a0northern India. The Jesuits said that their Bishop was looking for a\u00a0\u201creligious order with a charism for risk in ministry.\u201d Overwhelmed by\u00a0the multitude of appeals for sisters to serve here at home, Mother Ann\u00a0Sebastian and her Council initially refused this request. Unexpectedly,\u00a0later in the day, the two Jesuits received the good news that the\u00a0community would accept this mission. The Spirit worked quickly on the\u00a0hearts of the Council.<\/p>\n<h2><strong>Steadfastness in Mission<\/strong><\/h2>\n<p><a href=\"https:\/\/i0.wp.com\/vincentians.com\/en\/wp-content\/uploads\/sites\/2\/2012\/12\/scn_3.png\"><img data-recalc-dims=\"1\" loading=\"lazy\" decoding=\"async\" data-attachment-id=\"150309\" data-permalink=\"http:\/\/vincentians.com\/en\/sisters-of-charity-of-nazareth\/scn_3\/\" data-orig-file=\"https:\/\/i0.wp.com\/vincentians.com\/en\/wp-content\/uploads\/sites\/2\/2012\/12\/scn_3.png?fit=236%2C628\" data-orig-size=\"236,628\" data-comments-opened=\"1\" data-image-meta=\"{&quot;aperture&quot;:&quot;0&quot;,&quot;credit&quot;:&quot;&quot;,&quot;camera&quot;:&quot;&quot;,&quot;caption&quot;:&quot;&quot;,&quot;created_timestamp&quot;:&quot;0&quot;,&quot;copyright&quot;:&quot;&quot;,&quot;focal_length&quot;:&quot;0&quot;,&quot;iso&quot;:&quot;0&quot;,&quot;shutter_speed&quot;:&quot;0&quot;,&quot;title&quot;:&quot;&quot;,&quot;orientation&quot;:&quot;0&quot;}\" data-image-title=\"scn_3\" data-image-description=\"\" data-image-caption=\"\" data-medium-file=\"https:\/\/i0.wp.com\/vincentians.com\/en\/wp-content\/uploads\/sites\/2\/2012\/12\/scn_3.png?fit=113%2C300\" data-large-file=\"https:\/\/i0.wp.com\/vincentians.com\/en\/wp-content\/uploads\/sites\/2\/2012\/12\/scn_3.png?fit=236%2C628\" class=\"alignright size-full wp-image-150309\" src=\"https:\/\/i0.wp.com\/vincentians.com\/en\/wp-content\/uploads\/sites\/2\/2012\/12\/scn_3.png?resize=236%2C628\" alt=\"scn_3\" width=\"236\" height=\"628\" srcset=\"https:\/\/i0.wp.com\/vincentians.com\/en\/wp-content\/uploads\/sites\/2\/2012\/12\/scn_3.png?w=236 236w, https:\/\/i0.wp.com\/vincentians.com\/en\/wp-content\/uploads\/sites\/2\/2012\/12\/scn_3.png?resize=113%2C300 113w, https:\/\/i0.wp.com\/vincentians.com\/en\/wp-content\/uploads\/sites\/2\/2012\/12\/scn_3.png?resize=38%2C100 38w, https:\/\/i0.wp.com\/vincentians.com\/en\/wp-content\/uploads\/sites\/2\/2012\/12\/scn_3.png?resize=100%2C266 100w\" sizes=\"auto, (max-width: 236px) 100vw, 236px\" \/><\/a>The Sisters\u2019 steadfastness in mission manifested itself in their\u00a0capacity for self-sacrifice, adaptability and resourcefulness in the\u00a0midst of great hardship. In 1919 SCNs established Our Lady of Mercy Hospital in Mt. Vernon,\u00a0Ohio. Because of the anti-Catholicism that permeated the area, only a\u00a0few patients, usually in a dying condition, came to the hospital. The\u00a0sisters\u2019 commitment and perseverance in providing compassionate\u00a0health care gradually overcame the intense prejudice that continued\u00a0for decades. The sisters served the people until the hospital closed in\u00a01979.<\/p>\n<p>The sisters responded generously to the educational needs in\u00a0southeastern Ohio where immigrants of numerous nationalities flocked\u00a0to work in the coal mines. The diversity of languages presented a real problem for pastors and teachers. In the spring of 1929, after meeting\u00a0with Polish parents whose children could not understand Englishspeaking teachers, the pastor of St. Stanislaus parish related the\u00a0problem to Mother Mary Catherine. Within a week of the pastor\u2019s call,\u00a0Mother transferred the lively and gifted Sister Austina Romanowski\u00a0from Kentucky to Maynard, Ohio to teach in both Polish and English.<\/p>\n<p>In the mid 1950\u2019s, Sister Mary Jude Howard served at Nazareth Hospital in Mokama, Northern India\u00a0where there was no electricity. Distressed at the frequent death of preemie babies, Sister noted the\u00a0need for incubators to keep the babies warm after birth. Her ingenious mind and heart figured out a way\u00a0to make incubators by cutting empty rectangular kerosene cans to form a cradle, lining them with small\u00a0pillows and blankets warmed by lanterns, and held up on four sticks. Her incubators didn\u2019t look like much,\u00a0but they kept the preemies alive.<\/p>\n<h2><strong>Wisdom in Communal Discernment<\/strong><\/h2>\n<p><em>\u201cWhat are your thoughts, my sisters?\u201d \u00a0(Vincent de Paul)<\/em><\/p>\n<p>In respect to the possible merger with the Emmitsburg community in 1841, Catherine informed the\u00a0community of the situation, gathered them in prayer, read her letter to Bishop Flaget and invited all\u00a0who wished, to sign it. Tradition tells us that she then left the room. Catherine anticipated the call for\u00a0communal discernment stated so well in Vatican II \u2026 it happens \u2026 that with equal sincerity some of the\u00a0faithful will disagree with others on a given matter. They should always try to enlighten one another\u00a0through honest discussion, preserving mutual charity and caring above all for the common good.\u00a0(Gaudium et Spes, #44) To Bishop Flaget\u2019s credit, he listened to his \u201cdaughters.\u201d<\/p>\n<p>In 1974 the SCN General Assembly called the community to a life-style of shared corporate reflection.\u00a0Two years later, the Constitutions Committee involved the total community in a four year process of\u00a0prayerful reflection and honest dialogue in the revision of the Constitutions. (1976-1980) \u00a0This effort\u00a0concluded with a community written Constitutions sent to Rome for approval in 1981. Sister Margaret\u00a0Maria Coon, a member of the Committee, wrote \u201cAn ever-recurring theme throughout the papers was\u00a0faith manifested through awareness of God\u2019s Providence\u2026\u201d<\/p>\n<p>More recently, Sister Mary Elizabeth Miller, President, called the community to a day of prayer and\u00a0discernment designed to gather the sisters\u2019 wisdom on how to respond to the 2009 Apostolic Visitation.<\/p>\n<h2><strong>Empathy of Heart<\/strong><\/h2>\n<p>From the very beginning of the Sisters of Charity of Nazareth, empathy was evident in the\u00a0sisters\u2019 ministries. Several stories highlight this.\u00a0A father, having lost his wife and needing to\u00a0travel to New Orleans to find work, presented\u00a0his two-year-old daughter to Catherine, agreeing\u00a0to pay one dollar a week. After seventeen weeks,\u00a0the father sent $17 plus an additional $3 for\u00a0warm winter clothes for his daughter. He wrote:<\/p>\n<blockquote><p>\u201c\u2026[the twenty dollars is] to be\u00a0paid to Catherine, nun, for\u00a0boarding my little girl in the\u00a0nunnery\u2026 Good Catherine, be so\u00a0kind as to favor me with a line or\u00a0two, letting me know how my poor\u00a0child is, as I am very uneasy about her, and sorry for the loss of her\u00a0poor mother. Your afflicted,\u00a0humble servant, James McGloin.\u201d<\/p><\/blockquote>\n<p>The sisters agonized over the plight of the African American community. During Catherine\u2019s time, she promoted instruction in the faith for the \u201cservants\u201d (slaves) at Nazareth. Between 1871-1943 the SCNs staffed eleven schools for African Americans in five Southern states, including St Augustine, the first school for Negroes in the Diocese of Louisville. At the request of the Passionist Community, the sisters opened a 50-bed hospital in Ensley, Alabama where African American doctors, who were not allowed to practice in public hospitals, cared for their own people. Mother Ann Sebastian Sullivan wrote, \u201cThis project will be charity, purely charity, one which we shall entrust to Divine \u00a0Providence, with one sole offering, our good will.\u201d<\/p>\n<p>From 1904-1950 the Kentucky Day Law prohibited any educational institution from admitting African Americans. When this law was rescinded, Nazareth College immediately opened its doors to African Americans and by December\u00a01950 had the largest number of African\u00a0American students of all Kentucky colleges.<\/p>\n<p>At the outbreak of the 1918 Spanish Influenza\u00a0Epidemic, the military requested the Sisters of\u00a0Charity of Nazareth to nurse the approximately\u00a014,000 men suffering from the flu at Camp\u00a0Taylor, Louisville, Kentucky. Both nursing and\u00a0teaching sisters went to minister to these\u00a0soldiers. Upon surveying their patients, the\u00a0sisters immediately requested pajamas for the\u00a0men. After a week most of the sick were out of\u00a0their uniforms. The next request which came a\u00a0few days later was for sheets and pillowcases.<\/p>\n<p>The sisters\u2019 arrival in the camp saw a notable\u00a0decrease in the death rate. One soldier said to a\u00a0sister, \u201cWe did not have this attention before\u00a0you came. We had no idea the Catholic sisters\u00a0were such good women.\u201d The soldiers were\u00a0amazed to discover the sisters received no\u00a0salaries for their services.<\/p>\n<p>Wisdom in Communal Discernment, Trust in Divine Providence, Steadfastness in Mission and Empathy of\u00a0Heart are not only virtues that were needed in the past, but values that every Sister of Charity and\u00a0Associate need to continually nurture today.<\/p>\n<\/div>\n","protected":false},"excerpt":{"rendered":"<p>We Sisters of Charity of Nazareth are an international Congregation in a multicultural world. Impelled by the love of Christ, in the tradition of Vincent de Paul and the pioneer spirit of Catherine Spalding, we &#8230; <a href=\"http:\/\/vincentians.com\/en\/sisters-of-charity-of-nazareth\/\" class=\"more-link\">Read More<\/a><\/p>\n","protected":false},"author":4,"featured_media":150305,"comment_status":"open","ping_status":"open","sticky":false,"template":"","format":"standard","meta":{"jetpack_post_was_ever_published":false,"_jetpack_newsletter_access":"","_jetpack_dont_email_post_to_subs":false,"_jetpack_newsletter_tier_id":0,"_jetpack_memberships_contains_paywalled_content":false,"_jetpack_memberships_contains_paid_content":false,"footnotes":"","jetpack_publicize_message":"","jetpack_publicize_feature_enabled":true,"jetpack_social_post_already_shared":false,"jetpack_social_options":{"image_generator_settings":{"template":"highway","default_image_id":0,"font":"","enabled":false},"version":2}},"categories":[21],"tags":[],"class_list":["post-105707","post","type-post","status-publish","format-standard","has-post-thumbnail","hentry","category-sisters-of-charity-of-nazareth"],"yoast_head":"<!-- This site is optimized with the Yoast SEO plugin v26.3 - https:\/\/yoast.com\/wordpress\/plugins\/seo\/ -->\n<title>Sisters of Charity of Nazareth - We are Vincentians<\/title>\n<meta name=\"robots\" content=\"index, follow, max-snippet:-1, max-image-preview:large, max-video-preview:-1\" \/>\n<link rel=\"canonical\" href=\"http:\/\/vincentians.com\/en\/sisters-of-charity-of-nazareth\/\" \/>\n<meta property=\"og:locale\" content=\"en_US\" \/>\n<meta property=\"og:type\" content=\"article\" \/>\n<meta property=\"og:title\" content=\"Sisters of Charity of Nazareth - We are Vincentians\" \/>\n<meta property=\"og:description\" content=\"We Sisters of Charity of Nazareth are an international Congregation in a multicultural world. Impelled by the love of Christ, in the tradition of Vincent de Paul and the pioneer spirit of Catherine Spalding, we ... Read More\" \/>\n<meta property=\"og:url\" content=\"http:\/\/vincentians.com\/en\/sisters-of-charity-of-nazareth\/\" \/>\n<meta property=\"og:site_name\" content=\"We are Vincentians\" \/>\n<meta property=\"article:publisher\" content=\"https:\/\/www.facebook.com\/WeAreVincentians\/\" \/>\n<meta property=\"article:author\" content=\"https:\/\/www.facebook.com\/JavierChento\" \/>\n<meta property=\"article:published_time\" content=\"2012-12-01T02:03:33+00:00\" \/>\n<meta property=\"article:modified_time\" content=\"2016-07-10T09:34:49+00:00\" \/>\n<meta property=\"og:image\" content=\"https:\/\/i0.wp.com\/vincentians.com\/en\/wp-content\/uploads\/sites\/2\/2012\/12\/sisters-of-charity-of-nazareth.jpg?fit=1200%2C630\" \/>\n\t<meta property=\"og:image:width\" content=\"1200\" \/>\n\t<meta property=\"og:image:height\" content=\"630\" \/>\n\t<meta property=\"og:image:type\" content=\"image\/jpeg\" \/>\n<meta name=\"author\" content=\"Francisco Javier Fern\u00e1ndez Chento\" \/>\n<meta name=\"twitter:card\" content=\"summary_large_image\" \/>\n<meta name=\"twitter:creator\" content=\"@https:\/\/twitter.com\/javierchento\" \/>\n<meta name=\"twitter:site\" content=\"@WeVincentians\" \/>\n<meta name=\"twitter:label1\" content=\"Written by\" \/>\n\t<meta name=\"twitter:data1\" content=\"Francisco Javier Fern\u00e1ndez Chento\" \/>\n\t<meta name=\"twitter:label2\" content=\"Est. reading time\" \/>\n\t<meta name=\"twitter:data2\" content=\"7 minutes\" \/>\n<script type=\"application\/ld+json\" class=\"yoast-schema-graph\">{\"@context\":\"https:\/\/schema.org\",\"@graph\":[{\"@type\":\"Article\",\"@id\":\"http:\/\/vincentians.com\/en\/sisters-of-charity-of-nazareth\/#article\",\"isPartOf\":{\"@id\":\"http:\/\/vincentians.com\/en\/sisters-of-charity-of-nazareth\/\"},\"author\":{\"name\":\"Francisco Javier Fern\u00e1ndez Chento\",\"@id\":\"https:\/\/vincentians.com\/en\/#\/schema\/person\/9623ef4d9aa3b2dfb8c061f1499288f2\"},\"headline\":\"Sisters of Charity of Nazareth\",\"datePublished\":\"2012-12-01T02:03:33+00:00\",\"dateModified\":\"2016-07-10T09:34:49+00:00\",\"mainEntityOfPage\":{\"@id\":\"http:\/\/vincentians.com\/en\/sisters-of-charity-of-nazareth\/\"},\"wordCount\":1455,\"commentCount\":0,\"publisher\":{\"@id\":\"https:\/\/vincentians.com\/en\/#organization\"},\"image\":{\"@id\":\"http:\/\/vincentians.com\/en\/sisters-of-charity-of-nazareth\/#primaryimage\"},\"thumbnailUrl\":\"https:\/\/i0.wp.com\/vincentians.com\/en\/wp-content\/uploads\/sites\/2\/2012\/12\/sisters-of-charity-of-nazareth.jpg?fit=1200%2C630\",\"articleSection\":[\"Sisters of Charity of Nazareth\"],\"inLanguage\":\"en-US\",\"potentialAction\":[{\"@type\":\"CommentAction\",\"name\":\"Comment\",\"target\":[\"http:\/\/vincentians.com\/en\/sisters-of-charity-of-nazareth\/#respond\"]}]},{\"@type\":\"WebPage\",\"@id\":\"http:\/\/vincentians.com\/en\/sisters-of-charity-of-nazareth\/\",\"url\":\"http:\/\/vincentians.com\/en\/sisters-of-charity-of-nazareth\/\",\"name\":\"Sisters of Charity of Nazareth - We are Vincentians\",\"isPartOf\":{\"@id\":\"https:\/\/vincentians.com\/en\/#website\"},\"primaryImageOfPage\":{\"@id\":\"http:\/\/vincentians.com\/en\/sisters-of-charity-of-nazareth\/#primaryimage\"},\"image\":{\"@id\":\"http:\/\/vincentians.com\/en\/sisters-of-charity-of-nazareth\/#primaryimage\"},\"thumbnailUrl\":\"https:\/\/i0.wp.com\/vincentians.com\/en\/wp-content\/uploads\/sites\/2\/2012\/12\/sisters-of-charity-of-nazareth.jpg?fit=1200%2C630\",\"datePublished\":\"2012-12-01T02:03:33+00:00\",\"dateModified\":\"2016-07-10T09:34:49+00:00\",\"breadcrumb\":{\"@id\":\"http:\/\/vincentians.com\/en\/sisters-of-charity-of-nazareth\/#breadcrumb\"},\"inLanguage\":\"en-US\",\"potentialAction\":[{\"@type\":\"ReadAction\",\"target\":[\"http:\/\/vincentians.com\/en\/sisters-of-charity-of-nazareth\/\"]}]},{\"@type\":\"ImageObject\",\"inLanguage\":\"en-US\",\"@id\":\"http:\/\/vincentians.com\/en\/sisters-of-charity-of-nazareth\/#primaryimage\",\"url\":\"https:\/\/i0.wp.com\/vincentians.com\/en\/wp-content\/uploads\/sites\/2\/2012\/12\/sisters-of-charity-of-nazareth.jpg?fit=1200%2C630\",\"contentUrl\":\"https:\/\/i0.wp.com\/vincentians.com\/en\/wp-content\/uploads\/sites\/2\/2012\/12\/sisters-of-charity-of-nazareth.jpg?fit=1200%2C630\",\"width\":1200,\"height\":630},{\"@type\":\"BreadcrumbList\",\"@id\":\"http:\/\/vincentians.com\/en\/sisters-of-charity-of-nazareth\/#breadcrumb\",\"itemListElement\":[{\"@type\":\"ListItem\",\"position\":1,\"name\":\"Portada\",\"item\":\"https:\/\/vincentians.com\/en\/\"},{\"@type\":\"ListItem\",\"position\":2,\"name\":\"Sisters of Charity of Nazareth\"}]},{\"@type\":\"WebSite\",\"@id\":\"https:\/\/vincentians.com\/en\/#website\",\"url\":\"https:\/\/vincentians.com\/en\/\",\"name\":\"We are Vincentians\",\"description\":\"Know more to serve more\",\"publisher\":{\"@id\":\"https:\/\/vincentians.com\/en\/#organization\"},\"potentialAction\":[{\"@type\":\"SearchAction\",\"target\":{\"@type\":\"EntryPoint\",\"urlTemplate\":\"https:\/\/vincentians.com\/en\/?s={search_term_string}\"},\"query-input\":{\"@type\":\"PropertyValueSpecification\",\"valueRequired\":true,\"valueName\":\"search_term_string\"}}],\"inLanguage\":\"en-US\"},{\"@type\":\"Organization\",\"@id\":\"https:\/\/vincentians.com\/en\/#organization\",\"name\":\"The Vincentian Network\",\"url\":\"https:\/\/vincentians.com\/en\/\",\"logo\":{\"@type\":\"ImageObject\",\"inLanguage\":\"en-US\",\"@id\":\"https:\/\/vincentians.com\/en\/#\/schema\/logo\/image\/\",\"url\":\"https:\/\/i1.wp.com\/vincentians.com\/en\/wp-content\/uploads\/sites\/2\/2016\/06\/Vincentian-Network-logo-big.png?fit=778%2C778&ssl=1\",\"contentUrl\":\"https:\/\/i1.wp.com\/vincentians.com\/en\/wp-content\/uploads\/sites\/2\/2016\/06\/Vincentian-Network-logo-big.png?fit=778%2C778&ssl=1\",\"width\":778,\"height\":778,\"caption\":\"The Vincentian Network\"},\"image\":{\"@id\":\"https:\/\/vincentians.com\/en\/#\/schema\/logo\/image\/\"},\"sameAs\":[\"https:\/\/www.facebook.com\/WeAreVincentians\/\",\"https:\/\/x.com\/WeVincentians\"]},{\"@type\":\"Person\",\"@id\":\"https:\/\/vincentians.com\/en\/#\/schema\/person\/9623ef4d9aa3b2dfb8c061f1499288f2\",\"name\":\"Francisco Javier Fern\u00e1ndez Chento\",\"image\":{\"@type\":\"ImageObject\",\"inLanguage\":\"en-US\",\"@id\":\"https:\/\/vincentians.com\/en\/#\/schema\/person\/image\/\",\"url\":\"https:\/\/secure.gravatar.com\/avatar\/497d5cde87b4c3d097d0315953521681ba2cd523ee66e5077c3711f7021e65de?s=96&d=mm&r=g\",\"contentUrl\":\"https:\/\/secure.gravatar.com\/avatar\/497d5cde87b4c3d097d0315953521681ba2cd523ee66e5077c3711f7021e65de?s=96&d=mm&r=g\",\"caption\":\"Francisco Javier Fern\u00e1ndez Chento\"},\"description\":\"Director General y cofundador de La Red de Formaci\u00f3n Vicenciana. Javier es laico vicenciano, afiliado a la Congregaci\u00f3n de la Misi\u00f3n y miembro del Equipo de Misiones Populares de la provincia can\u00f3nica de Zaragoza (Espa\u00f1a) de la Congregaci\u00f3n de la Misi\u00f3n. Graduado en la Universidad Oberta de Catalunya con cuatro grados (Asistente de direcci\u00f3n, Gesti\u00f3n Administrativa, Recursos Humanos y Contabilidad Avanzada). Bil\u00edng\u00fce Espa\u00f1ol\/Ingl\u00e9s. gestiona y mantiene varias p\u00e1ginas web cristianas y vicencianas, incluida including La Red de Formaci\u00f3n Vicenciana, de la que es cofundador. Actualmente es responsable del \u00e1rea de Espa\u00f1ol de .famvin, la Red de Noticias de la Familia Vicenciana. Tambi\u00e9n es m\u00fasico cat\u00f3lico y ha editado varios discos. Es Director General y cofundador de Trovador, una reconocida compa\u00f1\u00eda discogr\u00e1fica critiana de Espa\u00f1a. Trabaja en las Tecnolog\u00edas de la Informaci\u00f3n, ofreciendo servicios de alojamiento, dise\u00f1o y mantenimiento Web, as\u00ed como asesoramiento, formaci\u00f3n y soluciones inform\u00e1ticas, gesti\u00f3n documental y digitalizaci\u00f3n de textos, edici\u00f3n y maquetaci\u00f3n de libros, revistas, flyers, etc.\",\"sameAs\":[\"http:\/\/chento.org\",\"https:\/\/www.facebook.com\/JavierChento\",\"https:\/\/x.com\/https:\/\/twitter.com\/javierchento\"],\"url\":\"http:\/\/vincentians.com\/en\/author\/chento\/\"}]}<\/script>\n<!-- \/ Yoast SEO plugin. -->","yoast_head_json":{"title":"Sisters of Charity of Nazareth - We are Vincentians","robots":{"index":"index","follow":"follow","max-snippet":"max-snippet:-1","max-image-preview":"max-image-preview:large","max-video-preview":"max-video-preview:-1"},"canonical":"http:\/\/vincentians.com\/en\/sisters-of-charity-of-nazareth\/","og_locale":"en_US","og_type":"article","og_title":"Sisters of Charity of Nazareth - We are Vincentians","og_description":"We Sisters of Charity of Nazareth are an international Congregation in a multicultural world. Impelled by the love of Christ, in the tradition of Vincent de Paul and the pioneer spirit of Catherine Spalding, we ... Read More","og_url":"http:\/\/vincentians.com\/en\/sisters-of-charity-of-nazareth\/","og_site_name":"We are Vincentians","article_publisher":"https:\/\/www.facebook.com\/WeAreVincentians\/","article_author":"https:\/\/www.facebook.com\/JavierChento","article_published_time":"2012-12-01T02:03:33+00:00","article_modified_time":"2016-07-10T09:34:49+00:00","og_image":[{"width":1200,"height":630,"url":"https:\/\/i0.wp.com\/vincentians.com\/en\/wp-content\/uploads\/sites\/2\/2012\/12\/sisters-of-charity-of-nazareth.jpg?fit=1200%2C630","type":"image\/jpeg"}],"author":"Francisco Javier Fern\u00e1ndez Chento","twitter_card":"summary_large_image","twitter_creator":"@https:\/\/twitter.com\/javierchento","twitter_site":"@WeVincentians","twitter_misc":{"Written by":"Francisco Javier Fern\u00e1ndez Chento","Est. reading time":"7 minutes"},"schema":{"@context":"https:\/\/schema.org","@graph":[{"@type":"Article","@id":"http:\/\/vincentians.com\/en\/sisters-of-charity-of-nazareth\/#article","isPartOf":{"@id":"http:\/\/vincentians.com\/en\/sisters-of-charity-of-nazareth\/"},"author":{"name":"Francisco Javier Fern\u00e1ndez Chento","@id":"https:\/\/vincentians.com\/en\/#\/schema\/person\/9623ef4d9aa3b2dfb8c061f1499288f2"},"headline":"Sisters of Charity of Nazareth","datePublished":"2012-12-01T02:03:33+00:00","dateModified":"2016-07-10T09:34:49+00:00","mainEntityOfPage":{"@id":"http:\/\/vincentians.com\/en\/sisters-of-charity-of-nazareth\/"},"wordCount":1455,"commentCount":0,"publisher":{"@id":"https:\/\/vincentians.com\/en\/#organization"},"image":{"@id":"http:\/\/vincentians.com\/en\/sisters-of-charity-of-nazareth\/#primaryimage"},"thumbnailUrl":"https:\/\/i0.wp.com\/vincentians.com\/en\/wp-content\/uploads\/sites\/2\/2012\/12\/sisters-of-charity-of-nazareth.jpg?fit=1200%2C630","articleSection":["Sisters of Charity of Nazareth"],"inLanguage":"en-US","potentialAction":[{"@type":"CommentAction","name":"Comment","target":["http:\/\/vincentians.com\/en\/sisters-of-charity-of-nazareth\/#respond"]}]},{"@type":"WebPage","@id":"http:\/\/vincentians.com\/en\/sisters-of-charity-of-nazareth\/","url":"http:\/\/vincentians.com\/en\/sisters-of-charity-of-nazareth\/","name":"Sisters of Charity of Nazareth - We are Vincentians","isPartOf":{"@id":"https:\/\/vincentians.com\/en\/#website"},"primaryImageOfPage":{"@id":"http:\/\/vincentians.com\/en\/sisters-of-charity-of-nazareth\/#primaryimage"},"image":{"@id":"http:\/\/vincentians.com\/en\/sisters-of-charity-of-nazareth\/#primaryimage"},"thumbnailUrl":"https:\/\/i0.wp.com\/vincentians.com\/en\/wp-content\/uploads\/sites\/2\/2012\/12\/sisters-of-charity-of-nazareth.jpg?fit=1200%2C630","datePublished":"2012-12-01T02:03:33+00:00","dateModified":"2016-07-10T09:34:49+00:00","breadcrumb":{"@id":"http:\/\/vincentians.com\/en\/sisters-of-charity-of-nazareth\/#breadcrumb"},"inLanguage":"en-US","potentialAction":[{"@type":"ReadAction","target":["http:\/\/vincentians.com\/en\/sisters-of-charity-of-nazareth\/"]}]},{"@type":"ImageObject","inLanguage":"en-US","@id":"http:\/\/vincentians.com\/en\/sisters-of-charity-of-nazareth\/#primaryimage","url":"https:\/\/i0.wp.com\/vincentians.com\/en\/wp-content\/uploads\/sites\/2\/2012\/12\/sisters-of-charity-of-nazareth.jpg?fit=1200%2C630","contentUrl":"https:\/\/i0.wp.com\/vincentians.com\/en\/wp-content\/uploads\/sites\/2\/2012\/12\/sisters-of-charity-of-nazareth.jpg?fit=1200%2C630","width":1200,"height":630},{"@type":"BreadcrumbList","@id":"http:\/\/vincentians.com\/en\/sisters-of-charity-of-nazareth\/#breadcrumb","itemListElement":[{"@type":"ListItem","position":1,"name":"Portada","item":"https:\/\/vincentians.com\/en\/"},{"@type":"ListItem","position":2,"name":"Sisters of Charity of Nazareth"}]},{"@type":"WebSite","@id":"https:\/\/vincentians.com\/en\/#website","url":"https:\/\/vincentians.com\/en\/","name":"We are Vincentians","description":"Know more to serve more","publisher":{"@id":"https:\/\/vincentians.com\/en\/#organization"},"potentialAction":[{"@type":"SearchAction","target":{"@type":"EntryPoint","urlTemplate":"https:\/\/vincentians.com\/en\/?s={search_term_string}"},"query-input":{"@type":"PropertyValueSpecification","valueRequired":true,"valueName":"search_term_string"}}],"inLanguage":"en-US"},{"@type":"Organization","@id":"https:\/\/vincentians.com\/en\/#organization","name":"The Vincentian Network","url":"https:\/\/vincentians.com\/en\/","logo":{"@type":"ImageObject","inLanguage":"en-US","@id":"https:\/\/vincentians.com\/en\/#\/schema\/logo\/image\/","url":"https:\/\/i1.wp.com\/vincentians.com\/en\/wp-content\/uploads\/sites\/2\/2016\/06\/Vincentian-Network-logo-big.png?fit=778%2C778&ssl=1","contentUrl":"https:\/\/i1.wp.com\/vincentians.com\/en\/wp-content\/uploads\/sites\/2\/2016\/06\/Vincentian-Network-logo-big.png?fit=778%2C778&ssl=1","width":778,"height":778,"caption":"The Vincentian Network"},"image":{"@id":"https:\/\/vincentians.com\/en\/#\/schema\/logo\/image\/"},"sameAs":["https:\/\/www.facebook.com\/WeAreVincentians\/","https:\/\/x.com\/WeVincentians"]},{"@type":"Person","@id":"https:\/\/vincentians.com\/en\/#\/schema\/person\/9623ef4d9aa3b2dfb8c061f1499288f2","name":"Francisco Javier Fern\u00e1ndez Chento","image":{"@type":"ImageObject","inLanguage":"en-US","@id":"https:\/\/vincentians.com\/en\/#\/schema\/person\/image\/","url":"https:\/\/secure.gravatar.com\/avatar\/497d5cde87b4c3d097d0315953521681ba2cd523ee66e5077c3711f7021e65de?s=96&d=mm&r=g","contentUrl":"https:\/\/secure.gravatar.com\/avatar\/497d5cde87b4c3d097d0315953521681ba2cd523ee66e5077c3711f7021e65de?s=96&d=mm&r=g","caption":"Francisco Javier Fern\u00e1ndez Chento"},"description":"Director General y cofundador de La Red de Formaci\u00f3n Vicenciana. Javier es laico vicenciano, afiliado a la Congregaci\u00f3n de la Misi\u00f3n y miembro del Equipo de Misiones Populares de la provincia can\u00f3nica de Zaragoza (Espa\u00f1a) de la Congregaci\u00f3n de la Misi\u00f3n. Graduado en la Universidad Oberta de Catalunya con cuatro grados (Asistente de direcci\u00f3n, Gesti\u00f3n Administrativa, Recursos Humanos y Contabilidad Avanzada). Bil\u00edng\u00fce Espa\u00f1ol\/Ingl\u00e9s. gestiona y mantiene varias p\u00e1ginas web cristianas y vicencianas, incluida including La Red de Formaci\u00f3n Vicenciana, de la que es cofundador. Actualmente es responsable del \u00e1rea de Espa\u00f1ol de .famvin, la Red de Noticias de la Familia Vicenciana. Tambi\u00e9n es m\u00fasico cat\u00f3lico y ha editado varios discos. Es Director General y cofundador de Trovador, una reconocida compa\u00f1\u00eda discogr\u00e1fica critiana de Espa\u00f1a. Trabaja en las Tecnolog\u00edas de la Informaci\u00f3n, ofreciendo servicios de alojamiento, dise\u00f1o y mantenimiento Web, as\u00ed como asesoramiento, formaci\u00f3n y soluciones inform\u00e1ticas, gesti\u00f3n documental y digitalizaci\u00f3n de textos, edici\u00f3n y maquetaci\u00f3n de libros, revistas, flyers, etc.","sameAs":["http:\/\/chento.org","https:\/\/www.facebook.com\/JavierChento","https:\/\/x.com\/https:\/\/twitter.com\/javierchento"],"url":"http:\/\/vincentians.com\/en\/author\/chento\/"}]}},"jetpack_publicize_connections":[],"jetpack_featured_media_url":"https:\/\/i0.wp.com\/vincentians.com\/en\/wp-content\/uploads\/sites\/2\/2012\/12\/sisters-of-charity-of-nazareth.jpg?fit=1200%2C630","jetpack_sharing_enabled":true,"jetpack_shortlink":"https:\/\/wp.me\/p7K2Ow-ruX","jetpack-related-posts":[{"id":105761,"url":"http:\/\/vincentians.com\/en\/catherine-spalding-co-foundress-of-the-sisters-of-charity-of-nazareth\/","url_meta":{"origin":105707,"position":0},"title":"Catherine Spalding: co-foundress of the Sisters of Charity of Nazareth","author":"Francisco Javier Fern\u00e1ndez Chento","date":"December 2, 2012","format":false,"excerpt":"The Sisters of Charity of Nazareth (SCN) maintain a vibrant presence in ministry in the US. This article presents an overview of their co-foundress, Catherine Spalding, and shows Mother Catherine to be the creative, mission-driven, and articulate leader that is still very much in need in today\u2019s society. If you\u2026","rel":"","context":"In &quot;Sisters of Charity of Nazareth&quot;","block_context":{"text":"Sisters of Charity of Nazareth","link":"http:\/\/vincentians.com\/en\/category\/the-vincentian-family\/branches\/sisters-of-charity-of-nazareth\/"},"img":{"alt_text":"","src":"https:\/\/i0.wp.com\/vincentians.com\/en\/wp-content\/uploads\/sites\/2\/2012\/12\/Catherine-Spalding.jpg?fit=1200%2C630&resize=350%2C200","width":350,"height":200,"srcset":"https:\/\/i0.wp.com\/vincentians.com\/en\/wp-content\/uploads\/sites\/2\/2012\/12\/Catherine-Spalding.jpg?fit=1200%2C630&resize=350%2C200 1x, https:\/\/i0.wp.com\/vincentians.com\/en\/wp-content\/uploads\/sites\/2\/2012\/12\/Catherine-Spalding.jpg?fit=1200%2C630&resize=525%2C300 1.5x, https:\/\/i0.wp.com\/vincentians.com\/en\/wp-content\/uploads\/sites\/2\/2012\/12\/Catherine-Spalding.jpg?fit=1200%2C630&resize=700%2C400 2x, https:\/\/i0.wp.com\/vincentians.com\/en\/wp-content\/uploads\/sites\/2\/2012\/12\/Catherine-Spalding.jpg?fit=1200%2C630&resize=1050%2C600 3x"},"classes":[]},{"id":106442,"url":"http:\/\/vincentians.com\/en\/ephemerides-march-25th\/","url_meta":{"origin":105707,"position":1},"title":"Ephemerides: March, 25th","author":"Francisco Javier Fern\u00e1ndez Chento","date":"March 25, 2017","format":false,"excerpt":"1634: In Paris. Louise de Marillac, authorized by Monsieur Vincent, renovates her vow of widowhood. 1642: As a souvenir of Mother Louise consecration of her life into service of Lord Of Charity chosen by Daughters of Charity for the Solemnity of Annunciation to celebrate renovation of their vows, during the\u2026","rel":"","context":"In &quot;Vincentian ephemerides&quot;","block_context":{"text":"Vincentian ephemerides","link":"http:\/\/vincentians.com\/en\/category\/history-of-the-vincentian-family\/vincentian-ephemerides\/"},"img":{"alt_text":"","src":"https:\/\/i0.wp.com\/vincentians.com\/en\/wp-content\/uploads\/sites\/2\/2016\/07\/ephemerides-fb.jpg?fit=1200%2C630&resize=350%2C200","width":350,"height":200,"srcset":"https:\/\/i0.wp.com\/vincentians.com\/en\/wp-content\/uploads\/sites\/2\/2016\/07\/ephemerides-fb.jpg?fit=1200%2C630&resize=350%2C200 1x, https:\/\/i0.wp.com\/vincentians.com\/en\/wp-content\/uploads\/sites\/2\/2016\/07\/ephemerides-fb.jpg?fit=1200%2C630&resize=525%2C300 1.5x, https:\/\/i0.wp.com\/vincentians.com\/en\/wp-content\/uploads\/sites\/2\/2016\/07\/ephemerides-fb.jpg?fit=1200%2C630&resize=700%2C400 2x, https:\/\/i0.wp.com\/vincentians.com\/en\/wp-content\/uploads\/sites\/2\/2016\/07\/ephemerides-fb.jpg?fit=1200%2C630&resize=1050%2C600 3x"},"classes":[]},{"id":113948,"url":"http:\/\/vincentians.com\/en\/blessed-miriam-teresa-demjanovich-s-c-chronology\/","url_meta":{"origin":105707,"position":2},"title":"Blessed Miriam Teresa Demjanovich, S.C.: A Chronology","author":"Francisco Javier Fern\u00e1ndez Chento","date":"June 23, 2016","format":false,"excerpt":"March 26, 1901 The last of seven children of Alexander and Johanna (Szuchy), Teresa Demjanovich was born in Bayonne, NJ. Her parents had emigrated from what is now northeastern Slovakia. March 31, 1901 Teresa was baptized and confirmed according to the Byzantine-Ruthenian Rite of the Catholic Church in Saint John\u2026","rel":"","context":"In &quot;Miriam Teresa Demjanovich&quot;","block_context":{"text":"Miriam Teresa Demjanovich","link":"http:\/\/vincentians.com\/en\/category\/the-vincentian-family\/the-vincentian-family-in-heaven\/blessed\/miriam-teresa-demjanovich\/"},"img":{"alt_text":"","src":"https:\/\/i0.wp.com\/vincentians.com\/en\/wp-content\/uploads\/sites\/2\/2016\/06\/Demjanovich.jpg?fit=1200%2C630&resize=350%2C200","width":350,"height":200,"srcset":"https:\/\/i0.wp.com\/vincentians.com\/en\/wp-content\/uploads\/sites\/2\/2016\/06\/Demjanovich.jpg?fit=1200%2C630&resize=350%2C200 1x, https:\/\/i0.wp.com\/vincentians.com\/en\/wp-content\/uploads\/sites\/2\/2016\/06\/Demjanovich.jpg?fit=1200%2C630&resize=525%2C300 1.5x, https:\/\/i0.wp.com\/vincentians.com\/en\/wp-content\/uploads\/sites\/2\/2016\/06\/Demjanovich.jpg?fit=1200%2C630&resize=700%2C400 2x, https:\/\/i0.wp.com\/vincentians.com\/en\/wp-content\/uploads\/sites\/2\/2016\/06\/Demjanovich.jpg?fit=1200%2C630&resize=1050%2C600 3x"},"classes":[]},{"id":41990,"url":"http:\/\/vincentians.com\/en\/vincentian-family-tree\/","url_meta":{"origin":105707,"position":3},"title":"Vincentian Family Tree","author":"Francisco Javier Fern\u00e1ndez Chento","date":"January 6, 2016","format":false,"excerpt":"Catholic Institutes of Consecrated Life And Societies of Apostolic Life 1.1 Institutes founded by Vincent de Paul. FRANCE Congregation of the Mission (Lazarists or Vincentian Fathers and Brothers) Company of the Daughters of Charity of Saint Vincent de Paul, Servants of the Sick Poor (Grey Sisters) 1.2 Institutes which adopted\u2026","rel":"","context":"In &quot;Branches&quot;","block_context":{"text":"Branches","link":"http:\/\/vincentians.com\/en\/category\/the-vincentian-family\/branches\/"},"img":{"alt_text":"","src":"https:\/\/i0.wp.com\/vincentians.com\/en\/wp-content\/uploads\/sites\/2\/2016\/01\/family-tree.jpg?fit=1200%2C630&resize=350%2C200","width":350,"height":200,"srcset":"https:\/\/i0.wp.com\/vincentians.com\/en\/wp-content\/uploads\/sites\/2\/2016\/01\/family-tree.jpg?fit=1200%2C630&resize=350%2C200 1x, https:\/\/i0.wp.com\/vincentians.com\/en\/wp-content\/uploads\/sites\/2\/2016\/01\/family-tree.jpg?fit=1200%2C630&resize=525%2C300 1.5x, https:\/\/i0.wp.com\/vincentians.com\/en\/wp-content\/uploads\/sites\/2\/2016\/01\/family-tree.jpg?fit=1200%2C630&resize=700%2C400 2x, https:\/\/i0.wp.com\/vincentians.com\/en\/wp-content\/uploads\/sites\/2\/2016\/01\/family-tree.jpg?fit=1200%2C630&resize=1050%2C600 3x"},"classes":[]},{"id":106400,"url":"http:\/\/vincentians.com\/en\/ephemerides-march-20th\/","url_meta":{"origin":105707,"position":4},"title":"Ephemerides: March, 20th","author":"Francisco Javier Fern\u00e1ndez Chento","date":"March 20, 2017","format":false,"excerpt":"1638: Four priests of the Mission installs in the village of Sancey, near Troyes. 1654: Conference of St. Vincent de Paul in Saint Lazare about motives and exercises of well lived Lent. 1784: Fr Nicholas Raux, Fr John Joseph Ghislain and Brother Joseph Paris embark \"Triton\" in port of Brest.\u2026","rel":"","context":"In &quot;Vincentian ephemerides&quot;","block_context":{"text":"Vincentian ephemerides","link":"http:\/\/vincentians.com\/en\/category\/history-of-the-vincentian-family\/vincentian-ephemerides\/"},"img":{"alt_text":"","src":"https:\/\/i0.wp.com\/vincentians.com\/en\/wp-content\/uploads\/sites\/2\/2016\/07\/ephemerides-fb.jpg?fit=1200%2C630&resize=350%2C200","width":350,"height":200,"srcset":"https:\/\/i0.wp.com\/vincentians.com\/en\/wp-content\/uploads\/sites\/2\/2016\/07\/ephemerides-fb.jpg?fit=1200%2C630&resize=350%2C200 1x, https:\/\/i0.wp.com\/vincentians.com\/en\/wp-content\/uploads\/sites\/2\/2016\/07\/ephemerides-fb.jpg?fit=1200%2C630&resize=525%2C300 1.5x, https:\/\/i0.wp.com\/vincentians.com\/en\/wp-content\/uploads\/sites\/2\/2016\/07\/ephemerides-fb.jpg?fit=1200%2C630&resize=700%2C400 2x, https:\/\/i0.wp.com\/vincentians.com\/en\/wp-content\/uploads\/sites\/2\/2016\/07\/ephemerides-fb.jpg?fit=1200%2C630&resize=1050%2C600 3x"},"classes":[]},{"id":57438,"url":"http:\/\/vincentians.com\/en\/a-life-of-service-a-life-of-true-happiness\/","url_meta":{"origin":105707,"position":5},"title":"A life of service, a life of true happiness","author":"Francisco Javier Fern\u00e1ndez Chento","date":"December 18, 2012","format":false,"excerpt":"\u201cWell hello. I\u2019m glad you al made it. Otherwise I\u2019d be up here talking to myself.\u201d \u2014Sister Louise Grundish speaking to the Pittsburgh Hospital Nurses Alumnae Association Sister Louise Grundish is not a stand-up comedian, but if she were, she would be one of the best. As a Sister of\u2026","rel":"","context":"In &quot;Daughters of Charity&quot;","block_context":{"text":"Daughters of Charity","link":"http:\/\/vincentians.com\/en\/category\/the-vincentian-family\/branches\/daughters-of-charity\/"},"img":{"alt_text":"","src":"https:\/\/i0.wp.com\/vincentians.com\/en\/wp-content\/uploads\/sites\/2\/2012\/12\/Sister-Louise-Grundish.jpg?fit=1200%2C630&resize=350%2C200","width":350,"height":200,"srcset":"https:\/\/i0.wp.com\/vincentians.com\/en\/wp-content\/uploads\/sites\/2\/2012\/12\/Sister-Louise-Grundish.jpg?fit=1200%2C630&resize=350%2C200 1x, https:\/\/i0.wp.com\/vincentians.com\/en\/wp-content\/uploads\/sites\/2\/2012\/12\/Sister-Louise-Grundish.jpg?fit=1200%2C630&resize=525%2C300 1.5x, https:\/\/i0.wp.com\/vincentians.com\/en\/wp-content\/uploads\/sites\/2\/2012\/12\/Sister-Louise-Grundish.jpg?fit=1200%2C630&resize=700%2C400 2x, https:\/\/i0.wp.com\/vincentians.com\/en\/wp-content\/uploads\/sites\/2\/2012\/12\/Sister-Louise-Grundish.jpg?fit=1200%2C630&resize=1050%2C600 3x"},"classes":[]}],"_links":{"self":[{"href":"http:\/\/vincentians.com\/en\/wp-json\/wp\/v2\/posts\/105707","targetHints":{"allow":["GET"]}}],"collection":[{"href":"http:\/\/vincentians.com\/en\/wp-json\/wp\/v2\/posts"}],"about":[{"href":"http:\/\/vincentians.com\/en\/wp-json\/wp\/v2\/types\/post"}],"author":[{"embeddable":true,"href":"http:\/\/vincentians.com\/en\/wp-json\/wp\/v2\/users\/4"}],"replies":[{"embeddable":true,"href":"http:\/\/vincentians.com\/en\/wp-json\/wp\/v2\/comments?post=105707"}],"version-history":[{"count":0,"href":"http:\/\/vincentians.com\/en\/wp-json\/wp\/v2\/posts\/105707\/revisions"}],"wp:featuredmedia":[{"embeddable":true,"href":"http:\/\/vincentians.com\/en\/wp-json\/wp\/v2\/media\/150305"}],"wp:attachment":[{"href":"http:\/\/vincentians.com\/en\/wp-json\/wp\/v2\/media?parent=105707"}],"wp:term":[{"taxonomy":"category","embeddable":true,"href":"http:\/\/vincentians.com\/en\/wp-json\/wp\/v2\/categories?post=105707"},{"taxonomy":"post_tag","embeddable":true,"href":"http:\/\/vincentians.com\/en\/wp-json\/wp\/v2\/tags?post=105707"}],"curies":[{"name":"wp","href":"https:\/\/api.w.org\/{rel}","templated":true}]}}