{"id":105549,"date":"2016-09-25T04:00:06","date_gmt":"2016-09-25T02:00:06","guid":{"rendered":"http:\/\/vincentians.com\/?p=105549"},"modified":"2016-08-11T05:28:20","modified_gmt":"2016-08-11T03:28:20","slug":"elizabeth-letter-1-010-to-dr-richard-bayley","status":"publish","type":"post","link":"http:\/\/vincentians.com\/en\/elizabeth-letter-1-010-to-dr-richard-bayley\/","title":{"rendered":"Elizabeth, Letter 1-010: To Dr. Richard Bayley"},"content":{"rendered":"<p align=\"right\">New York 13th February 1797<\/p>\n<p>My Father<\/p>\n<p>This is to intreat and implore you to smile on me when we meet, and not to punish me with the well merited reproof my Conscience has prepared for me. as an Apology is useless when the person who is to offer it is convinced of the fault committed, and as it often occasions embarrassment and additional error, I hope you will admit in its place the plain Truth, that I am well My Husband better my Son and Daughter<span id='easy-footnote-1-105549' class='easy-footnote-margin-adjust'><\/span><span class='easy-footnote'><a href='http:\/\/vincentians.com\/en\/elizabeth-letter-1-010-to-dr-richard-bayley\/#easy-footnote-bottom-1-105549' title='Anna Maria Seton and William Seton (1796-1868), He was born November 25 and was the oldest son of Elizabeth Bayley and William Magee Seton. He attended both Georgetown College in Washington. &lt;em&gt;DE., &lt;\/em&gt;and St. Mary&amp;#8217;s College in Baltimore and was among the first students at Mount St. Mary&amp;#8217;s College, Enimitsburg. From 1815 to 1817. he learned mercantile procedures under the tutelage of the Filiechi family in Leghorn, Italy. He served in the United States Navy (1818-18341 and married (1832) Emily Prime (1804-1854), the daughter of a New York banker. They had nine children of whom seven lived. He led the life of a country gentleman, dividing his time between travel and residence at his wife&amp;#8217;s beautiful estate, Cragdon, in Westchester County. New York. He and some members of his family arc buried in the old cemetery at Mount St. Mary&amp;#8217;s near the entrance to the present National Grotto of Our Lady of Lourdes.'><sup>1<\/sup><\/a><\/span> <em>Admirable <\/em>etc. etc.\u2014that the most pleasant day I have yet experienced or anticipate in this month of February is the one which will return you to me, a circumstance very generally wished, but most particularly by your very affectionate Daughter E.A.Seton<\/p>\n<p>The Soap Boilers and Tallow chandlers talk of petitioning the Leg\u00adislature for a removal of the Health Officer<span id='easy-footnote-2-105549' class='easy-footnote-margin-adjust'><\/span><span class='easy-footnote'><a href='http:\/\/vincentians.com\/en\/elizabeth-letter-1-010-to-dr-richard-bayley\/#easy-footnote-bottom-2-105549' title='Dr. Richard Bayley, health officer of the newly created Board of Health Commissioners, was responsible For public health issues. In 1797 the powers of &lt;em&gt;the &lt;\/em&gt;Health Office commissioners were strengthened by conferring on them the right to make ordinances for cleaning the city. Standing water and sewage in the streets where the soap and candle makers worked were the objects of part of their attempts to clean up the streets.'><sup>2<\/sup><\/a><\/span>\n","protected":false},"excerpt":{"rendered":"<p>New York 13th February 1797 My Father This is to intreat and implore you to smile on me when we meet, and not to punish me with the well merited reproof my Conscience has prepared &#8230; <a href=\"http:\/\/vincentians.com\/en\/elizabeth-letter-1-010-to-dr-richard-bayley\/\" class=\"more-link\">Read More<\/a><\/p>\n","protected":false},"author":4,"featured_media":147302,"comment_status":"open","ping_status":"open","sticky":false,"template":"","format":"standard","meta":{"jetpack_post_was_ever_published":false,"_jetpack_newsletter_access":"","_jetpack_dont_email_post_to_subs":false,"_jetpack_newsletter_tier_id":0,"_jetpack_memberships_contains_paywalled_content":false,"_jetpack_memberships_contains_paid_content":false,"footnotes":"","jetpack_publicize_message":"","jetpack_publicize_feature_enabled":true,"jetpack_social_post_already_shared":true,"jetpack_social_options":{"image_generator_settings":{"template":"highway","default_image_id":0,"font":"","enabled":false},"version":2}},"categories":[64],"tags":[],"class_list":["post-105549","post","type-post","status-publish","format-standard","has-post-thumbnail","hentry","category-writings-of-elizabeth-ann-seton"],"yoast_head":"<!-- This site is optimized with the Yoast SEO plugin v26.3 - https:\/\/yoast.com\/wordpress\/plugins\/seo\/ -->\n<title>Elizabeth, Letter 1-010: To Dr. Richard Bayley - We are Vincentians<\/title>\n<meta name=\"robots\" content=\"index, follow, max-snippet:-1, max-image-preview:large, max-video-preview:-1\" \/>\n<link rel=\"canonical\" href=\"https:\/\/vincentians.com\/en\/elizabeth-letter-1-010-to-dr-richard-bayley\/\" \/>\n<meta property=\"og:locale\" content=\"en_US\" \/>\n<meta property=\"og:type\" content=\"article\" \/>\n<meta property=\"og:title\" content=\"Elizabeth, Letter 1-010: To Dr. Richard Bayley - We are Vincentians\" \/>\n<meta property=\"og:description\" content=\"New York 13th February 1797 My Father This is to intreat and implore you to smile on me when we meet, and not to punish me with the well merited reproof my Conscience has prepared ... Read More\" \/>\n<meta property=\"og:url\" content=\"https:\/\/vincentians.com\/en\/elizabeth-letter-1-010-to-dr-richard-bayley\/\" \/>\n<meta property=\"og:site_name\" content=\"We are Vincentians\" \/>\n<meta property=\"article:publisher\" content=\"https:\/\/www.facebook.com\/WeAreVincentians\/\" \/>\n<meta property=\"article:author\" content=\"https:\/\/www.facebook.com\/JavierChento\" \/>\n<meta property=\"article:published_time\" content=\"2016-09-25T02:00:06+00:00\" \/>\n<meta property=\"og:image\" content=\"https:\/\/i0.wp.com\/vincentians.com\/en\/wp-content\/uploads\/sites\/2\/2016\/06\/Writings-of-Elizabeth-Ann-Seton.jpg?fit=1200%2C630&ssl=1\" \/>\n\t<meta property=\"og:image:width\" content=\"1200\" \/>\n\t<meta property=\"og:image:height\" content=\"630\" \/>\n\t<meta property=\"og:image:type\" content=\"image\/jpeg\" \/>\n<meta name=\"author\" content=\"Francisco Javier Fern\u00e1ndez Chento\" \/>\n<meta name=\"twitter:card\" content=\"summary_large_image\" \/>\n<meta name=\"twitter:creator\" content=\"@https:\/\/twitter.com\/javierchento\" \/>\n<meta name=\"twitter:site\" content=\"@WeVincentians\" \/>\n<meta name=\"twitter:label1\" content=\"Written by\" \/>\n\t<meta name=\"twitter:data1\" content=\"Francisco Javier Fern\u00e1ndez Chento\" \/>\n\t<meta name=\"twitter:label2\" content=\"Est. reading time\" \/>\n\t<meta name=\"twitter:data2\" content=\"2 minutes\" \/>\n<script type=\"application\/ld+json\" class=\"yoast-schema-graph\">{\"@context\":\"https:\/\/schema.org\",\"@graph\":[{\"@type\":\"Article\",\"@id\":\"https:\/\/vincentians.com\/en\/elizabeth-letter-1-010-to-dr-richard-bayley\/#article\",\"isPartOf\":{\"@id\":\"https:\/\/vincentians.com\/en\/elizabeth-letter-1-010-to-dr-richard-bayley\/\"},\"author\":{\"name\":\"Francisco Javier Fern\u00e1ndez Chento\",\"@id\":\"https:\/\/vincentians.com\/en\/#\/schema\/person\/9623ef4d9aa3b2dfb8c061f1499288f2\"},\"headline\":\"Elizabeth, Letter 1-010: To Dr. Richard Bayley\",\"datePublished\":\"2016-09-25T02:00:06+00:00\",\"mainEntityOfPage\":{\"@id\":\"https:\/\/vincentians.com\/en\/elizabeth-letter-1-010-to-dr-richard-bayley\/\"},\"wordCount\":378,\"commentCount\":0,\"publisher\":{\"@id\":\"https:\/\/vincentians.com\/en\/#organization\"},\"image\":{\"@id\":\"https:\/\/vincentians.com\/en\/elizabeth-letter-1-010-to-dr-richard-bayley\/#primaryimage\"},\"thumbnailUrl\":\"https:\/\/i0.wp.com\/vincentians.com\/en\/wp-content\/uploads\/sites\/2\/2016\/06\/Writings-of-Elizabeth-Ann-Seton.jpg?fit=1200%2C630\",\"articleSection\":[\"Writings of Elizabeth Ann Seton\"],\"inLanguage\":\"en-US\",\"potentialAction\":[{\"@type\":\"CommentAction\",\"name\":\"Comment\",\"target\":[\"https:\/\/vincentians.com\/en\/elizabeth-letter-1-010-to-dr-richard-bayley\/#respond\"]}]},{\"@type\":\"WebPage\",\"@id\":\"https:\/\/vincentians.com\/en\/elizabeth-letter-1-010-to-dr-richard-bayley\/\",\"url\":\"https:\/\/vincentians.com\/en\/elizabeth-letter-1-010-to-dr-richard-bayley\/\",\"name\":\"Elizabeth, Letter 1-010: To Dr. Richard Bayley - We are Vincentians\",\"isPartOf\":{\"@id\":\"https:\/\/vincentians.com\/en\/#website\"},\"primaryImageOfPage\":{\"@id\":\"https:\/\/vincentians.com\/en\/elizabeth-letter-1-010-to-dr-richard-bayley\/#primaryimage\"},\"image\":{\"@id\":\"https:\/\/vincentians.com\/en\/elizabeth-letter-1-010-to-dr-richard-bayley\/#primaryimage\"},\"thumbnailUrl\":\"https:\/\/i0.wp.com\/vincentians.com\/en\/wp-content\/uploads\/sites\/2\/2016\/06\/Writings-of-Elizabeth-Ann-Seton.jpg?fit=1200%2C630\",\"datePublished\":\"2016-09-25T02:00:06+00:00\",\"breadcrumb\":{\"@id\":\"https:\/\/vincentians.com\/en\/elizabeth-letter-1-010-to-dr-richard-bayley\/#breadcrumb\"},\"inLanguage\":\"en-US\",\"potentialAction\":[{\"@type\":\"ReadAction\",\"target\":[\"https:\/\/vincentians.com\/en\/elizabeth-letter-1-010-to-dr-richard-bayley\/\"]}]},{\"@type\":\"ImageObject\",\"inLanguage\":\"en-US\",\"@id\":\"https:\/\/vincentians.com\/en\/elizabeth-letter-1-010-to-dr-richard-bayley\/#primaryimage\",\"url\":\"https:\/\/i0.wp.com\/vincentians.com\/en\/wp-content\/uploads\/sites\/2\/2016\/06\/Writings-of-Elizabeth-Ann-Seton.jpg?fit=1200%2C630\",\"contentUrl\":\"https:\/\/i0.wp.com\/vincentians.com\/en\/wp-content\/uploads\/sites\/2\/2016\/06\/Writings-of-Elizabeth-Ann-Seton.jpg?fit=1200%2C630\",\"width\":1200,\"height\":630},{\"@type\":\"BreadcrumbList\",\"@id\":\"https:\/\/vincentians.com\/en\/elizabeth-letter-1-010-to-dr-richard-bayley\/#breadcrumb\",\"itemListElement\":[{\"@type\":\"ListItem\",\"position\":1,\"name\":\"Portada\",\"item\":\"https:\/\/vincentians.com\/en\/\"},{\"@type\":\"ListItem\",\"position\":2,\"name\":\"Elizabeth, Letter 1-010: To Dr. Richard Bayley\"}]},{\"@type\":\"WebSite\",\"@id\":\"https:\/\/vincentians.com\/en\/#website\",\"url\":\"https:\/\/vincentians.com\/en\/\",\"name\":\"We are Vincentians\",\"description\":\"Know more to serve more\",\"publisher\":{\"@id\":\"https:\/\/vincentians.com\/en\/#organization\"},\"potentialAction\":[{\"@type\":\"SearchAction\",\"target\":{\"@type\":\"EntryPoint\",\"urlTemplate\":\"https:\/\/vincentians.com\/en\/?s={search_term_string}\"},\"query-input\":{\"@type\":\"PropertyValueSpecification\",\"valueRequired\":true,\"valueName\":\"search_term_string\"}}],\"inLanguage\":\"en-US\"},{\"@type\":\"Organization\",\"@id\":\"https:\/\/vincentians.com\/en\/#organization\",\"name\":\"The Vincentian Network\",\"url\":\"https:\/\/vincentians.com\/en\/\",\"logo\":{\"@type\":\"ImageObject\",\"inLanguage\":\"en-US\",\"@id\":\"https:\/\/vincentians.com\/en\/#\/schema\/logo\/image\/\",\"url\":\"https:\/\/i1.wp.com\/vincentians.com\/en\/wp-content\/uploads\/sites\/2\/2016\/06\/Vincentian-Network-logo-big.png?fit=778%2C778&ssl=1\",\"contentUrl\":\"https:\/\/i1.wp.com\/vincentians.com\/en\/wp-content\/uploads\/sites\/2\/2016\/06\/Vincentian-Network-logo-big.png?fit=778%2C778&ssl=1\",\"width\":778,\"height\":778,\"caption\":\"The Vincentian Network\"},\"image\":{\"@id\":\"https:\/\/vincentians.com\/en\/#\/schema\/logo\/image\/\"},\"sameAs\":[\"https:\/\/www.facebook.com\/WeAreVincentians\/\",\"https:\/\/x.com\/WeVincentians\"]},{\"@type\":\"Person\",\"@id\":\"https:\/\/vincentians.com\/en\/#\/schema\/person\/9623ef4d9aa3b2dfb8c061f1499288f2\",\"name\":\"Francisco Javier Fern\u00e1ndez Chento\",\"image\":{\"@type\":\"ImageObject\",\"inLanguage\":\"en-US\",\"@id\":\"https:\/\/vincentians.com\/en\/#\/schema\/person\/image\/\",\"url\":\"https:\/\/secure.gravatar.com\/avatar\/497d5cde87b4c3d097d0315953521681ba2cd523ee66e5077c3711f7021e65de?s=96&d=mm&r=g\",\"contentUrl\":\"https:\/\/secure.gravatar.com\/avatar\/497d5cde87b4c3d097d0315953521681ba2cd523ee66e5077c3711f7021e65de?s=96&d=mm&r=g\",\"caption\":\"Francisco Javier Fern\u00e1ndez Chento\"},\"description\":\"Director General y cofundador de La Red de Formaci\u00f3n Vicenciana. Javier es laico vicenciano, afiliado a la Congregaci\u00f3n de la Misi\u00f3n y miembro del Equipo de Misiones Populares de la provincia can\u00f3nica de Zaragoza (Espa\u00f1a) de la Congregaci\u00f3n de la Misi\u00f3n. Graduado en la Universidad Oberta de Catalunya con cuatro grados (Asistente de direcci\u00f3n, Gesti\u00f3n Administrativa, Recursos Humanos y Contabilidad Avanzada). Bil\u00edng\u00fce Espa\u00f1ol\/Ingl\u00e9s. gestiona y mantiene varias p\u00e1ginas web cristianas y vicencianas, incluida including La Red de Formaci\u00f3n Vicenciana, de la que es cofundador. Actualmente es responsable del \u00e1rea de Espa\u00f1ol de .famvin, la Red de Noticias de la Familia Vicenciana. Tambi\u00e9n es m\u00fasico cat\u00f3lico y ha editado varios discos. Es Director General y cofundador de Trovador, una reconocida compa\u00f1\u00eda discogr\u00e1fica critiana de Espa\u00f1a. Trabaja en las Tecnolog\u00edas de la Informaci\u00f3n, ofreciendo servicios de alojamiento, dise\u00f1o y mantenimiento Web, as\u00ed como asesoramiento, formaci\u00f3n y soluciones inform\u00e1ticas, gesti\u00f3n documental y digitalizaci\u00f3n de textos, edici\u00f3n y maquetaci\u00f3n de libros, revistas, flyers, etc.\",\"sameAs\":[\"http:\/\/chento.org\",\"https:\/\/www.facebook.com\/JavierChento\",\"https:\/\/x.com\/https:\/\/twitter.com\/javierchento\"],\"url\":\"http:\/\/vincentians.com\/en\/author\/chento\/\"}]}<\/script>\n<!-- \/ Yoast SEO plugin. -->","yoast_head_json":{"title":"Elizabeth, Letter 1-010: To Dr. Richard Bayley - We are Vincentians","robots":{"index":"index","follow":"follow","max-snippet":"max-snippet:-1","max-image-preview":"max-image-preview:large","max-video-preview":"max-video-preview:-1"},"canonical":"https:\/\/vincentians.com\/en\/elizabeth-letter-1-010-to-dr-richard-bayley\/","og_locale":"en_US","og_type":"article","og_title":"Elizabeth, Letter 1-010: To Dr. Richard Bayley - We are Vincentians","og_description":"New York 13th February 1797 My Father This is to intreat and implore you to smile on me when we meet, and not to punish me with the well merited reproof my Conscience has prepared ... Read More","og_url":"https:\/\/vincentians.com\/en\/elizabeth-letter-1-010-to-dr-richard-bayley\/","og_site_name":"We are Vincentians","article_publisher":"https:\/\/www.facebook.com\/WeAreVincentians\/","article_author":"https:\/\/www.facebook.com\/JavierChento","article_published_time":"2016-09-25T02:00:06+00:00","og_image":[{"width":1200,"height":630,"url":"https:\/\/i0.wp.com\/vincentians.com\/en\/wp-content\/uploads\/sites\/2\/2016\/06\/Writings-of-Elizabeth-Ann-Seton.jpg?fit=1200%2C630&ssl=1","type":"image\/jpeg"}],"author":"Francisco Javier Fern\u00e1ndez Chento","twitter_card":"summary_large_image","twitter_creator":"@https:\/\/twitter.com\/javierchento","twitter_site":"@WeVincentians","twitter_misc":{"Written by":"Francisco Javier Fern\u00e1ndez Chento","Est. reading time":"2 minutes"},"schema":{"@context":"https:\/\/schema.org","@graph":[{"@type":"Article","@id":"https:\/\/vincentians.com\/en\/elizabeth-letter-1-010-to-dr-richard-bayley\/#article","isPartOf":{"@id":"https:\/\/vincentians.com\/en\/elizabeth-letter-1-010-to-dr-richard-bayley\/"},"author":{"name":"Francisco Javier Fern\u00e1ndez Chento","@id":"https:\/\/vincentians.com\/en\/#\/schema\/person\/9623ef4d9aa3b2dfb8c061f1499288f2"},"headline":"Elizabeth, Letter 1-010: To Dr. Richard Bayley","datePublished":"2016-09-25T02:00:06+00:00","mainEntityOfPage":{"@id":"https:\/\/vincentians.com\/en\/elizabeth-letter-1-010-to-dr-richard-bayley\/"},"wordCount":378,"commentCount":0,"publisher":{"@id":"https:\/\/vincentians.com\/en\/#organization"},"image":{"@id":"https:\/\/vincentians.com\/en\/elizabeth-letter-1-010-to-dr-richard-bayley\/#primaryimage"},"thumbnailUrl":"https:\/\/i0.wp.com\/vincentians.com\/en\/wp-content\/uploads\/sites\/2\/2016\/06\/Writings-of-Elizabeth-Ann-Seton.jpg?fit=1200%2C630","articleSection":["Writings of Elizabeth Ann Seton"],"inLanguage":"en-US","potentialAction":[{"@type":"CommentAction","name":"Comment","target":["https:\/\/vincentians.com\/en\/elizabeth-letter-1-010-to-dr-richard-bayley\/#respond"]}]},{"@type":"WebPage","@id":"https:\/\/vincentians.com\/en\/elizabeth-letter-1-010-to-dr-richard-bayley\/","url":"https:\/\/vincentians.com\/en\/elizabeth-letter-1-010-to-dr-richard-bayley\/","name":"Elizabeth, Letter 1-010: To Dr. Richard Bayley - We are Vincentians","isPartOf":{"@id":"https:\/\/vincentians.com\/en\/#website"},"primaryImageOfPage":{"@id":"https:\/\/vincentians.com\/en\/elizabeth-letter-1-010-to-dr-richard-bayley\/#primaryimage"},"image":{"@id":"https:\/\/vincentians.com\/en\/elizabeth-letter-1-010-to-dr-richard-bayley\/#primaryimage"},"thumbnailUrl":"https:\/\/i0.wp.com\/vincentians.com\/en\/wp-content\/uploads\/sites\/2\/2016\/06\/Writings-of-Elizabeth-Ann-Seton.jpg?fit=1200%2C630","datePublished":"2016-09-25T02:00:06+00:00","breadcrumb":{"@id":"https:\/\/vincentians.com\/en\/elizabeth-letter-1-010-to-dr-richard-bayley\/#breadcrumb"},"inLanguage":"en-US","potentialAction":[{"@type":"ReadAction","target":["https:\/\/vincentians.com\/en\/elizabeth-letter-1-010-to-dr-richard-bayley\/"]}]},{"@type":"ImageObject","inLanguage":"en-US","@id":"https:\/\/vincentians.com\/en\/elizabeth-letter-1-010-to-dr-richard-bayley\/#primaryimage","url":"https:\/\/i0.wp.com\/vincentians.com\/en\/wp-content\/uploads\/sites\/2\/2016\/06\/Writings-of-Elizabeth-Ann-Seton.jpg?fit=1200%2C630","contentUrl":"https:\/\/i0.wp.com\/vincentians.com\/en\/wp-content\/uploads\/sites\/2\/2016\/06\/Writings-of-Elizabeth-Ann-Seton.jpg?fit=1200%2C630","width":1200,"height":630},{"@type":"BreadcrumbList","@id":"https:\/\/vincentians.com\/en\/elizabeth-letter-1-010-to-dr-richard-bayley\/#breadcrumb","itemListElement":[{"@type":"ListItem","position":1,"name":"Portada","item":"https:\/\/vincentians.com\/en\/"},{"@type":"ListItem","position":2,"name":"Elizabeth, Letter 1-010: To Dr. Richard Bayley"}]},{"@type":"WebSite","@id":"https:\/\/vincentians.com\/en\/#website","url":"https:\/\/vincentians.com\/en\/","name":"We are Vincentians","description":"Know more to serve more","publisher":{"@id":"https:\/\/vincentians.com\/en\/#organization"},"potentialAction":[{"@type":"SearchAction","target":{"@type":"EntryPoint","urlTemplate":"https:\/\/vincentians.com\/en\/?s={search_term_string}"},"query-input":{"@type":"PropertyValueSpecification","valueRequired":true,"valueName":"search_term_string"}}],"inLanguage":"en-US"},{"@type":"Organization","@id":"https:\/\/vincentians.com\/en\/#organization","name":"The Vincentian Network","url":"https:\/\/vincentians.com\/en\/","logo":{"@type":"ImageObject","inLanguage":"en-US","@id":"https:\/\/vincentians.com\/en\/#\/schema\/logo\/image\/","url":"https:\/\/i1.wp.com\/vincentians.com\/en\/wp-content\/uploads\/sites\/2\/2016\/06\/Vincentian-Network-logo-big.png?fit=778%2C778&ssl=1","contentUrl":"https:\/\/i1.wp.com\/vincentians.com\/en\/wp-content\/uploads\/sites\/2\/2016\/06\/Vincentian-Network-logo-big.png?fit=778%2C778&ssl=1","width":778,"height":778,"caption":"The Vincentian Network"},"image":{"@id":"https:\/\/vincentians.com\/en\/#\/schema\/logo\/image\/"},"sameAs":["https:\/\/www.facebook.com\/WeAreVincentians\/","https:\/\/x.com\/WeVincentians"]},{"@type":"Person","@id":"https:\/\/vincentians.com\/en\/#\/schema\/person\/9623ef4d9aa3b2dfb8c061f1499288f2","name":"Francisco Javier Fern\u00e1ndez Chento","image":{"@type":"ImageObject","inLanguage":"en-US","@id":"https:\/\/vincentians.com\/en\/#\/schema\/person\/image\/","url":"https:\/\/secure.gravatar.com\/avatar\/497d5cde87b4c3d097d0315953521681ba2cd523ee66e5077c3711f7021e65de?s=96&d=mm&r=g","contentUrl":"https:\/\/secure.gravatar.com\/avatar\/497d5cde87b4c3d097d0315953521681ba2cd523ee66e5077c3711f7021e65de?s=96&d=mm&r=g","caption":"Francisco Javier Fern\u00e1ndez Chento"},"description":"Director General y cofundador de La Red de Formaci\u00f3n Vicenciana. Javier es laico vicenciano, afiliado a la Congregaci\u00f3n de la Misi\u00f3n y miembro del Equipo de Misiones Populares de la provincia can\u00f3nica de Zaragoza (Espa\u00f1a) de la Congregaci\u00f3n de la Misi\u00f3n. Graduado en la Universidad Oberta de Catalunya con cuatro grados (Asistente de direcci\u00f3n, Gesti\u00f3n Administrativa, Recursos Humanos y Contabilidad Avanzada). Bil\u00edng\u00fce Espa\u00f1ol\/Ingl\u00e9s. gestiona y mantiene varias p\u00e1ginas web cristianas y vicencianas, incluida including La Red de Formaci\u00f3n Vicenciana, de la que es cofundador. Actualmente es responsable del \u00e1rea de Espa\u00f1ol de .famvin, la Red de Noticias de la Familia Vicenciana. Tambi\u00e9n es m\u00fasico cat\u00f3lico y ha editado varios discos. Es Director General y cofundador de Trovador, una reconocida compa\u00f1\u00eda discogr\u00e1fica critiana de Espa\u00f1a. Trabaja en las Tecnolog\u00edas de la Informaci\u00f3n, ofreciendo servicios de alojamiento, dise\u00f1o y mantenimiento Web, as\u00ed como asesoramiento, formaci\u00f3n y soluciones inform\u00e1ticas, gesti\u00f3n documental y digitalizaci\u00f3n de textos, edici\u00f3n y maquetaci\u00f3n de libros, revistas, flyers, etc.","sameAs":["http:\/\/chento.org","https:\/\/www.facebook.com\/JavierChento","https:\/\/x.com\/https:\/\/twitter.com\/javierchento"],"url":"http:\/\/vincentians.com\/en\/author\/chento\/"}]}},"jetpack_publicize_connections":[],"jetpack_featured_media_url":"https:\/\/i0.wp.com\/vincentians.com\/en\/wp-content\/uploads\/sites\/2\/2016\/06\/Writings-of-Elizabeth-Ann-Seton.jpg?fit=1200%2C630","jetpack_sharing_enabled":true,"jetpack_shortlink":"https:\/\/wp.me\/p7K2Ow-rsp","jetpack-related-posts":[{"id":104345,"url":"http:\/\/vincentians.com\/en\/elizabeth-letter-1-004-to-william-magee-seton\/","url_meta":{"origin":105549,"position":0},"title":"Elizabeth, Letter 1-004: To William Magee Seton","author":"Francisco Javier Fern\u00e1ndez Chento","date":"August 10, 2016","format":false,"excerpt":"(No date) Your Eliza's Eye is very Ugly but not very painful, but It will pre\u00advent the possibility of my going out Therefore you must devote a great deal of your time to me\u2014come as early as possible\u2014We shall dine at one today as Post(1) is going out of town\u2014\u2026","rel":"","context":"In &quot;Writings of Elizabeth Ann Seton&quot;","block_context":{"text":"Writings of Elizabeth Ann Seton","link":"http:\/\/vincentians.com\/en\/category\/writings\/writings-of-elizabeth-ann-seton\/"},"img":{"alt_text":"","src":"https:\/\/i0.wp.com\/vincentians.com\/en\/wp-content\/uploads\/sites\/2\/2016\/06\/Writings-of-Elizabeth-Ann-Seton.jpg?fit=1200%2C630&resize=350%2C200","width":350,"height":200,"srcset":"https:\/\/i0.wp.com\/vincentians.com\/en\/wp-content\/uploads\/sites\/2\/2016\/06\/Writings-of-Elizabeth-Ann-Seton.jpg?fit=1200%2C630&resize=350%2C200 1x, https:\/\/i0.wp.com\/vincentians.com\/en\/wp-content\/uploads\/sites\/2\/2016\/06\/Writings-of-Elizabeth-Ann-Seton.jpg?fit=1200%2C630&resize=525%2C300 1.5x, https:\/\/i0.wp.com\/vincentians.com\/en\/wp-content\/uploads\/sites\/2\/2016\/06\/Writings-of-Elizabeth-Ann-Seton.jpg?fit=1200%2C630&resize=700%2C400 2x, https:\/\/i0.wp.com\/vincentians.com\/en\/wp-content\/uploads\/sites\/2\/2016\/06\/Writings-of-Elizabeth-Ann-Seton.jpg?fit=1200%2C630&resize=1050%2C600 3x"},"classes":[]},{"id":43326,"url":"http:\/\/vincentians.com\/en\/the-setons-the-bayleys-and-the-roosevelts\/","url_meta":{"origin":105549,"position":1},"title":"The Setons, the Bayleys, and the Roosevelts","author":"Francisco Javier Fern\u00e1ndez Chento","date":"July 1, 2016","format":false,"excerpt":"Archbishop Robert Seton was remembered as a fairly eccentric character who made a good deal of his family background. A pastor, scholar, and enthusiast of ecclesiastical minutiae, he was also a genealogist who traced his roots back to medieval Europe. In 1899, he published a 438-page history, An Old Family:\u2026","rel":"","context":"In &quot;Elisabeth Ann Bayley Seton&quot;","block_context":{"text":"Elisabeth Ann Bayley Seton","link":"http:\/\/vincentians.com\/en\/category\/the-vincentian-family\/founders\/elisabeth-ann-bayley-seton\/"},"img":{"alt_text":"","src":"https:\/\/i0.wp.com\/vincentians.com\/en\/wp-content\/uploads\/sites\/2\/2016\/01\/seton.jpg?fit=1200%2C630&resize=350%2C200","width":350,"height":200,"srcset":"https:\/\/i0.wp.com\/vincentians.com\/en\/wp-content\/uploads\/sites\/2\/2016\/01\/seton.jpg?fit=1200%2C630&resize=350%2C200 1x, https:\/\/i0.wp.com\/vincentians.com\/en\/wp-content\/uploads\/sites\/2\/2016\/01\/seton.jpg?fit=1200%2C630&resize=525%2C300 1.5x, https:\/\/i0.wp.com\/vincentians.com\/en\/wp-content\/uploads\/sites\/2\/2016\/01\/seton.jpg?fit=1200%2C630&resize=700%2C400 2x, https:\/\/i0.wp.com\/vincentians.com\/en\/wp-content\/uploads\/sites\/2\/2016\/01\/seton.jpg?fit=1200%2C630&resize=1050%2C600 3x"},"classes":[]},{"id":104333,"url":"http:\/\/vincentians.com\/en\/elizabeth-letter-1-001-to-william-magee-seton\/","url_meta":{"origin":105549,"position":2},"title":"Elizabeth, Letter 1-001: To William Magee Seton","author":"Francisco Javier Fern\u00e1ndez Chento","date":"July 20, 2016","format":false,"excerpt":"(No date) My dearest Will, I have resolved to do my duty and go and see Mrs. Dwight this af\u00adternoon and If the weather remains clear it is my intention to pass an hour with Mrs. WiIks in the Evening where you may have the honor of seeing me if\u2026","rel":"","context":"In &quot;Writings of Elizabeth Ann Seton&quot;","block_context":{"text":"Writings of Elizabeth Ann Seton","link":"http:\/\/vincentians.com\/en\/category\/writings\/writings-of-elizabeth-ann-seton\/"},"img":{"alt_text":"","src":"https:\/\/i0.wp.com\/vincentians.com\/en\/wp-content\/uploads\/sites\/2\/2016\/06\/Writings-of-Elizabeth-Ann-Seton.jpg?fit=1200%2C630&resize=350%2C200","width":350,"height":200,"srcset":"https:\/\/i0.wp.com\/vincentians.com\/en\/wp-content\/uploads\/sites\/2\/2016\/06\/Writings-of-Elizabeth-Ann-Seton.jpg?fit=1200%2C630&resize=350%2C200 1x, https:\/\/i0.wp.com\/vincentians.com\/en\/wp-content\/uploads\/sites\/2\/2016\/06\/Writings-of-Elizabeth-Ann-Seton.jpg?fit=1200%2C630&resize=525%2C300 1.5x, https:\/\/i0.wp.com\/vincentians.com\/en\/wp-content\/uploads\/sites\/2\/2016\/06\/Writings-of-Elizabeth-Ann-Seton.jpg?fit=1200%2C630&resize=700%2C400 2x, https:\/\/i0.wp.com\/vincentians.com\/en\/wp-content\/uploads\/sites\/2\/2016\/06\/Writings-of-Elizabeth-Ann-Seton.jpg?fit=1200%2C630&resize=1050%2C600 3x"},"classes":[]},{"id":104343,"url":"http:\/\/vincentians.com\/en\/elizabeth-letter-1-006-to-william-magee-seton\/","url_meta":{"origin":105549,"position":3},"title":"Elizabeth, Letter 1-006: To William Magee Seton","author":"Francisco Javier Fern\u00e1ndez Chento","date":"August 28, 2016","format":false,"excerpt":"(No date) My Father dined with us and has gone I dont know where\u2014 I do not think you will meet him until the Evening.\u2014 Your apology is al\u00adready made for one who is most earnestly interested in his good opin\u00adion of you\u2014 Your E will be in Wall Street\u2026","rel":"","context":"In &quot;Writings of Elizabeth Ann Seton&quot;","block_context":{"text":"Writings of Elizabeth Ann Seton","link":"http:\/\/vincentians.com\/en\/category\/writings\/writings-of-elizabeth-ann-seton\/"},"img":{"alt_text":"","src":"https:\/\/i0.wp.com\/vincentians.com\/en\/wp-content\/uploads\/sites\/2\/2016\/06\/Writings-of-Elizabeth-Ann-Seton.jpg?fit=1200%2C630&resize=350%2C200","width":350,"height":200,"srcset":"https:\/\/i0.wp.com\/vincentians.com\/en\/wp-content\/uploads\/sites\/2\/2016\/06\/Writings-of-Elizabeth-Ann-Seton.jpg?fit=1200%2C630&resize=350%2C200 1x, https:\/\/i0.wp.com\/vincentians.com\/en\/wp-content\/uploads\/sites\/2\/2016\/06\/Writings-of-Elizabeth-Ann-Seton.jpg?fit=1200%2C630&resize=525%2C300 1.5x, https:\/\/i0.wp.com\/vincentians.com\/en\/wp-content\/uploads\/sites\/2\/2016\/06\/Writings-of-Elizabeth-Ann-Seton.jpg?fit=1200%2C630&resize=700%2C400 2x, https:\/\/i0.wp.com\/vincentians.com\/en\/wp-content\/uploads\/sites\/2\/2016\/06\/Writings-of-Elizabeth-Ann-Seton.jpg?fit=1200%2C630&resize=1050%2C600 3x"},"classes":[]},{"id":58521,"url":"http:\/\/vincentians.com\/en\/saint-elizabeth-ann-seton\/","url_meta":{"origin":105549,"position":4},"title":"Saint Elizabeth Ann Seton","author":"Francisco Javier Fern\u00e1ndez Chento","date":"December 11, 2012","format":false,"excerpt":"Convert to Roman Catholicism; foundress of the American Sisters of Charity, which was the first sisterhood native to the United States; a wife, mother, widow, sole parent, foundress, educator, social minister, and spiritual leader, Elizabeth Bayley Seton was the first person born in the United States to become a canonized\u2026","rel":"","context":"In &quot;Elisabeth Ann Bayley Seton&quot;","block_context":{"text":"Elisabeth Ann Bayley Seton","link":"http:\/\/vincentians.com\/en\/category\/the-vincentian-family\/founders\/elisabeth-ann-bayley-seton\/"},"img":{"alt_text":"","src":"https:\/\/i0.wp.com\/vincentians.com\/en\/wp-content\/uploads\/sites\/2\/2016\/01\/seton.jpg?fit=1200%2C630&resize=350%2C200","width":350,"height":200,"srcset":"https:\/\/i0.wp.com\/vincentians.com\/en\/wp-content\/uploads\/sites\/2\/2016\/01\/seton.jpg?fit=1200%2C630&resize=350%2C200 1x, https:\/\/i0.wp.com\/vincentians.com\/en\/wp-content\/uploads\/sites\/2\/2016\/01\/seton.jpg?fit=1200%2C630&resize=525%2C300 1.5x, https:\/\/i0.wp.com\/vincentians.com\/en\/wp-content\/uploads\/sites\/2\/2016\/01\/seton.jpg?fit=1200%2C630&resize=700%2C400 2x, https:\/\/i0.wp.com\/vincentians.com\/en\/wp-content\/uploads\/sites\/2\/2016\/01\/seton.jpg?fit=1200%2C630&resize=1050%2C600 3x"},"classes":[]},{"id":108952,"url":"http:\/\/vincentians.com\/en\/st-elizabeth-ann-seton-hazard-yet-forward\/","url_meta":{"origin":105549,"position":5},"title":"St. Elizabeth Ann Seton: Hazard yet Forward","author":"Francisco Javier Fern\u00e1ndez Chento","date":"January 4, 2014","format":false,"excerpt":"St. Elizabeth Ann Seton (1774-1821) was born Elizabeth Ann Bayley on August 28, 1774, in New York and was raised Episcopalian. She was the daughter of Richard Bayley, a respected physician in the city, and Catherine, the daughter of an Episcopal rector. In 1777, Catherine died while giving birth, leaving\u2026","rel":"","context":"In &quot;Elisabeth Ann Bayley Seton&quot;","block_context":{"text":"Elisabeth Ann Bayley Seton","link":"http:\/\/vincentians.com\/en\/category\/the-vincentian-family\/founders\/elisabeth-ann-bayley-seton\/"},"img":{"alt_text":"","src":"https:\/\/i0.wp.com\/vincentians.com\/en\/wp-content\/uploads\/sites\/2\/2016\/01\/seton.jpg?fit=1200%2C630&resize=350%2C200","width":350,"height":200,"srcset":"https:\/\/i0.wp.com\/vincentians.com\/en\/wp-content\/uploads\/sites\/2\/2016\/01\/seton.jpg?fit=1200%2C630&resize=350%2C200 1x, https:\/\/i0.wp.com\/vincentians.com\/en\/wp-content\/uploads\/sites\/2\/2016\/01\/seton.jpg?fit=1200%2C630&resize=525%2C300 1.5x, https:\/\/i0.wp.com\/vincentians.com\/en\/wp-content\/uploads\/sites\/2\/2016\/01\/seton.jpg?fit=1200%2C630&resize=700%2C400 2x, https:\/\/i0.wp.com\/vincentians.com\/en\/wp-content\/uploads\/sites\/2\/2016\/01\/seton.jpg?fit=1200%2C630&resize=1050%2C600 3x"},"classes":[]}],"_links":{"self":[{"href":"http:\/\/vincentians.com\/en\/wp-json\/wp\/v2\/posts\/105549","targetHints":{"allow":["GET"]}}],"collection":[{"href":"http:\/\/vincentians.com\/en\/wp-json\/wp\/v2\/posts"}],"about":[{"href":"http:\/\/vincentians.com\/en\/wp-json\/wp\/v2\/types\/post"}],"author":[{"embeddable":true,"href":"http:\/\/vincentians.com\/en\/wp-json\/wp\/v2\/users\/4"}],"replies":[{"embeddable":true,"href":"http:\/\/vincentians.com\/en\/wp-json\/wp\/v2\/comments?post=105549"}],"version-history":[{"count":0,"href":"http:\/\/vincentians.com\/en\/wp-json\/wp\/v2\/posts\/105549\/revisions"}],"wp:featuredmedia":[{"embeddable":true,"href":"http:\/\/vincentians.com\/en\/wp-json\/wp\/v2\/media\/147302"}],"wp:attachment":[{"href":"http:\/\/vincentians.com\/en\/wp-json\/wp\/v2\/media?parent=105549"}],"wp:term":[{"taxonomy":"category","embeddable":true,"href":"http:\/\/vincentians.com\/en\/wp-json\/wp\/v2\/categories?post=105549"},{"taxonomy":"post_tag","embeddable":true,"href":"http:\/\/vincentians.com\/en\/wp-json\/wp\/v2\/tags?post=105549"}],"curies":[{"name":"wp","href":"https:\/\/api.w.org\/{rel}","templated":true}]}}