{"id":105446,"date":"2012-11-28T16:37:54","date_gmt":"2012-11-28T15:37:54","guid":{"rendered":"http:\/\/vincentians.com\/?p=105446"},"modified":"2016-07-10T07:45:26","modified_gmt":"2016-07-10T05:45:26","slug":"saint-catherine-laboure-and-faith","status":"publish","type":"post","link":"http:\/\/vincentians.com\/en\/saint-catherine-laboure-and-faith\/","title":{"rendered":"Saint Catherine Labour\u00e9 and Faith"},"content":{"rendered":"<p style=\"padding-left: 30px;\"><strong>Porta fidei 1. beginning<\/strong><\/p>\n<p style=\"padding-left: 30px;\"><em>1. The \u201cdoor of faith\u201d (Acts\u00a014:27) is always open for us, ushering us into the life of communion with God and offering entry into his Church. It is possible to cross that threshold when the word of God is proclaimed and the heart allows itself to be shaped by transforming grace. To enter through that door is to set out on a journey that lasts a lifetime.<\/em><\/p>\n<p><a href=\"https:\/\/i0.wp.com\/vincentians.com\/en\/wp-content\/uploads\/sites\/2\/2012\/11\/catherine.laboure.png\"><img data-recalc-dims=\"1\" loading=\"lazy\" decoding=\"async\" data-attachment-id=\"150084\" data-permalink=\"http:\/\/vincentians.com\/en\/saint-catherine-laboure-and-faith\/catherine-laboure\/\" data-orig-file=\"https:\/\/i0.wp.com\/vincentians.com\/en\/wp-content\/uploads\/sites\/2\/2012\/11\/catherine.laboure.png?fit=396%2C299\" data-orig-size=\"396,299\" data-comments-opened=\"1\" data-image-meta=\"{&quot;aperture&quot;:&quot;0&quot;,&quot;credit&quot;:&quot;&quot;,&quot;camera&quot;:&quot;&quot;,&quot;caption&quot;:&quot;&quot;,&quot;created_timestamp&quot;:&quot;0&quot;,&quot;copyright&quot;:&quot;&quot;,&quot;focal_length&quot;:&quot;0&quot;,&quot;iso&quot;:&quot;0&quot;,&quot;shutter_speed&quot;:&quot;0&quot;,&quot;title&quot;:&quot;&quot;,&quot;orientation&quot;:&quot;0&quot;}\" data-image-title=\"catherine.laboure\" data-image-description=\"\" data-image-caption=\"\" data-medium-file=\"https:\/\/i0.wp.com\/vincentians.com\/en\/wp-content\/uploads\/sites\/2\/2012\/11\/catherine.laboure.png?fit=300%2C227\" data-large-file=\"https:\/\/i0.wp.com\/vincentians.com\/en\/wp-content\/uploads\/sites\/2\/2012\/11\/catherine.laboure.png?fit=396%2C299\" class=\"alignright size-medium wp-image-150084\" src=\"https:\/\/i0.wp.com\/vincentians.com\/en\/wp-content\/uploads\/sites\/2\/2012\/11\/catherine.laboure.png?resize=300%2C227\" alt=\"catherine.laboure\" width=\"300\" height=\"227\" srcset=\"https:\/\/i0.wp.com\/vincentians.com\/en\/wp-content\/uploads\/sites\/2\/2012\/11\/catherine.laboure.png?resize=300%2C227 300w, https:\/\/i0.wp.com\/vincentians.com\/en\/wp-content\/uploads\/sites\/2\/2012\/11\/catherine.laboure.png?resize=100%2C76 100w, https:\/\/i0.wp.com\/vincentians.com\/en\/wp-content\/uploads\/sites\/2\/2012\/11\/catherine.laboure.png?w=396 396w\" sizes=\"auto, (max-width: 300px) 100vw, 300px\" \/><\/a>The life of St. Catherine Laboure is a life entirely given to God. She receives every moment from God. Here are some episodes from her life that show its strong relationship with God.<\/p>\n<p><strong>From childhood, <\/strong>she trusted God and remained faithful to him. \u00a0She knew the death of her mother when she was very young and she was confided to the care of her aunt.\u00a0 She was far from her father for two years.\u00a0 On her return, when she was barely 12 years old, she helped in the work of the farm and became mistress of the household.\u00a0 The task is tough.\u00a0 It is FAITH which gives Catherine support in her responsibilities and gives her the courage to assume the management of the farm.\u00a0 She prays daily in the church in Fain, where there is no Blessed Sacrament since the Revolution.\u00a0 She regularly walks the 2km to participate in the Eucharist.\u00a0 Her life is lived in the presence of God which gives meaning to all her actions, despite what some of her neighbors say about prayer being a waste of time.<\/p>\n<p>After her initial formation as a Daughter of Charity, Catherine was sent in 1831 to a deprived suburb southeast of Paris to serve the elderly in the hospice at rue Picpus in Reuilly. \u00a0She was available for all the needed services: kitchen, laundry, management of the farm.\u00a0 Her primary role was to be with the aged men.<\/p>\n<p>\u201cCatherine was good even with the most disagreeable of them, just as if they had the right to special attention\u2026She saw them as they were: wounded creatures crying for help and knocking themselves against walls\u00a0 and against people \u2013 like children who need courage and self-esteem restoring to them.\u201d\u00a0 Fr. Ren\u00e9 Laurentin Laurentin, Life of Catherine Labour\u00e9, p. 114.<\/p>\n<p>It is in Faith and by love for the poorest that Catherine endured all difficulties, misunderstandings and frustrations, be they in community or from the people she served.\u00a0 In each one she saw the face of God and loved the person as they were.<\/p>\n<p style=\"padding-left: 30px;\"><strong>Porta fidei 14. Paragraph 2<\/strong><\/p>\n<p style=\"padding-left: 30px;\"><em>Faith without charity bears no fruit, while charity without faith would be a sentiment constantly at the mercy of doubt. Faith and charity each require the other, in such a way that each allows the other to set out along its respective path. Indeed, many Christians dedicate their lives with love to those who are lonely, marginalized or excluded, as to those who are the first with a claim on our attention and the most important for us to support, because it is in them that the reflection of Christ\u2019s own face is seen. Through faith, we can recognize the face of the risen Lord in those who ask for our love. \u201cAs you did it to one of the least of these my brethren, you did it to me\u201d (Mt\u00a025:40).<\/em><\/p>\n<div class=\"x-resp-embed x-is-video x-is-dailymotion\"><iframe loading=\"lazy\" frameborder=\"0\" width=\"846\" height=\"634\" src=\"https:\/\/www.dailymotion.com\/embed\/video\/xfpo0k\" allowfullscreen><\/iframe><\/div>\n","protected":false},"excerpt":{"rendered":"<p>Porta fidei 1. beginning 1. The \u201cdoor of faith\u201d (Acts\u00a014:27) is always open for us, ushering us into the life of communion with God and offering entry into his Church. It is possible to cross &#8230; <a href=\"http:\/\/vincentians.com\/en\/saint-catherine-laboure-and-faith\/\" class=\"more-link\">Read More<\/a><\/p>\n","protected":false},"author":4,"featured_media":150086,"comment_status":"open","ping_status":"open","sticky":false,"template":"","format":"standard","meta":{"jetpack_post_was_ever_published":false,"_jetpack_newsletter_access":"","_jetpack_dont_email_post_to_subs":false,"_jetpack_newsletter_tier_id":0,"_jetpack_memberships_contains_paywalled_content":false,"_jetpack_memberships_contains_paid_content":false,"footnotes":"","jetpack_publicize_message":"","jetpack_publicize_feature_enabled":true,"jetpack_social_post_already_shared":false,"jetpack_social_options":{"image_generator_settings":{"template":"highway","default_image_id":0,"font":"","enabled":false},"version":2}},"categories":[20],"tags":[],"class_list":["post-105446","post","type-post","status-publish","format-standard","has-post-thumbnail","hentry","category-catherine-laboure"],"yoast_head":"<!-- This site is optimized with the Yoast SEO plugin v26.3 - https:\/\/yoast.com\/wordpress\/plugins\/seo\/ -->\n<title>Saint Catherine Labour\u00e9 and Faith - We are Vincentians<\/title>\n<meta name=\"robots\" content=\"index, follow, max-snippet:-1, max-image-preview:large, max-video-preview:-1\" \/>\n<link rel=\"canonical\" href=\"https:\/\/vincentians.com\/en\/saint-catherine-laboure-and-faith\/\" \/>\n<meta property=\"og:locale\" content=\"en_US\" \/>\n<meta property=\"og:type\" content=\"article\" \/>\n<meta property=\"og:title\" content=\"Saint Catherine Labour\u00e9 and Faith - We are Vincentians\" \/>\n<meta property=\"og:description\" content=\"Porta fidei 1. beginning 1. The \u201cdoor of faith\u201d (Acts\u00a014:27) is always open for us, ushering us into the life of communion with God and offering entry into his Church. It is possible to cross ... Read More\" \/>\n<meta property=\"og:url\" content=\"https:\/\/vincentians.com\/en\/saint-catherine-laboure-and-faith\/\" \/>\n<meta property=\"og:site_name\" content=\"We are Vincentians\" \/>\n<meta property=\"article:publisher\" content=\"https:\/\/www.facebook.com\/WeAreVincentians\/\" \/>\n<meta property=\"article:author\" content=\"https:\/\/www.facebook.com\/JavierChento\" \/>\n<meta property=\"article:published_time\" content=\"2012-11-28T15:37:54+00:00\" \/>\n<meta property=\"article:modified_time\" content=\"2016-07-10T05:45:26+00:00\" \/>\n<meta property=\"og:image\" content=\"https:\/\/i0.wp.com\/vincentians.com\/en\/wp-content\/uploads\/sites\/2\/2012\/11\/catherine-laboure.jpg?fit=1200%2C630&ssl=1\" \/>\n\t<meta property=\"og:image:width\" content=\"1200\" \/>\n\t<meta property=\"og:image:height\" content=\"630\" \/>\n\t<meta property=\"og:image:type\" content=\"image\/jpeg\" \/>\n<meta name=\"author\" content=\"Francisco Javier Fern\u00e1ndez Chento\" \/>\n<meta name=\"twitter:card\" content=\"summary_large_image\" \/>\n<meta name=\"twitter:creator\" content=\"@https:\/\/twitter.com\/javierchento\" \/>\n<meta name=\"twitter:site\" content=\"@WeVincentians\" \/>\n<meta name=\"twitter:label1\" content=\"Written by\" \/>\n\t<meta name=\"twitter:data1\" content=\"Francisco Javier Fern\u00e1ndez Chento\" \/>\n\t<meta name=\"twitter:label2\" content=\"Est. reading time\" \/>\n\t<meta name=\"twitter:data2\" content=\"3 minutes\" \/>\n<script type=\"application\/ld+json\" class=\"yoast-schema-graph\">{\"@context\":\"https:\/\/schema.org\",\"@graph\":[{\"@type\":\"Article\",\"@id\":\"https:\/\/vincentians.com\/en\/saint-catherine-laboure-and-faith\/#article\",\"isPartOf\":{\"@id\":\"https:\/\/vincentians.com\/en\/saint-catherine-laboure-and-faith\/\"},\"author\":{\"name\":\"Francisco Javier Fern\u00e1ndez Chento\",\"@id\":\"https:\/\/vincentians.com\/en\/#\/schema\/person\/9623ef4d9aa3b2dfb8c061f1499288f2\"},\"headline\":\"Saint Catherine Labour\u00e9 and Faith\",\"datePublished\":\"2012-11-28T15:37:54+00:00\",\"dateModified\":\"2016-07-10T05:45:26+00:00\",\"mainEntityOfPage\":{\"@id\":\"https:\/\/vincentians.com\/en\/saint-catherine-laboure-and-faith\/\"},\"wordCount\":556,\"commentCount\":0,\"publisher\":{\"@id\":\"https:\/\/vincentians.com\/en\/#organization\"},\"image\":{\"@id\":\"https:\/\/vincentians.com\/en\/saint-catherine-laboure-and-faith\/#primaryimage\"},\"thumbnailUrl\":\"https:\/\/i0.wp.com\/vincentians.com\/en\/wp-content\/uploads\/sites\/2\/2012\/11\/catherine-laboure.jpg?fit=1200%2C630\",\"articleSection\":[\"Catherine Labour\u00e9\"],\"inLanguage\":\"en-US\",\"potentialAction\":[{\"@type\":\"CommentAction\",\"name\":\"Comment\",\"target\":[\"https:\/\/vincentians.com\/en\/saint-catherine-laboure-and-faith\/#respond\"]}]},{\"@type\":\"WebPage\",\"@id\":\"https:\/\/vincentians.com\/en\/saint-catherine-laboure-and-faith\/\",\"url\":\"https:\/\/vincentians.com\/en\/saint-catherine-laboure-and-faith\/\",\"name\":\"Saint Catherine Labour\u00e9 and Faith - We are Vincentians\",\"isPartOf\":{\"@id\":\"https:\/\/vincentians.com\/en\/#website\"},\"primaryImageOfPage\":{\"@id\":\"https:\/\/vincentians.com\/en\/saint-catherine-laboure-and-faith\/#primaryimage\"},\"image\":{\"@id\":\"https:\/\/vincentians.com\/en\/saint-catherine-laboure-and-faith\/#primaryimage\"},\"thumbnailUrl\":\"https:\/\/i0.wp.com\/vincentians.com\/en\/wp-content\/uploads\/sites\/2\/2012\/11\/catherine-laboure.jpg?fit=1200%2C630\",\"datePublished\":\"2012-11-28T15:37:54+00:00\",\"dateModified\":\"2016-07-10T05:45:26+00:00\",\"breadcrumb\":{\"@id\":\"https:\/\/vincentians.com\/en\/saint-catherine-laboure-and-faith\/#breadcrumb\"},\"inLanguage\":\"en-US\",\"potentialAction\":[{\"@type\":\"ReadAction\",\"target\":[\"https:\/\/vincentians.com\/en\/saint-catherine-laboure-and-faith\/\"]}]},{\"@type\":\"ImageObject\",\"inLanguage\":\"en-US\",\"@id\":\"https:\/\/vincentians.com\/en\/saint-catherine-laboure-and-faith\/#primaryimage\",\"url\":\"https:\/\/i0.wp.com\/vincentians.com\/en\/wp-content\/uploads\/sites\/2\/2012\/11\/catherine-laboure.jpg?fit=1200%2C630\",\"contentUrl\":\"https:\/\/i0.wp.com\/vincentians.com\/en\/wp-content\/uploads\/sites\/2\/2012\/11\/catherine-laboure.jpg?fit=1200%2C630\",\"width\":1200,\"height\":630},{\"@type\":\"BreadcrumbList\",\"@id\":\"https:\/\/vincentians.com\/en\/saint-catherine-laboure-and-faith\/#breadcrumb\",\"itemListElement\":[{\"@type\":\"ListItem\",\"position\":1,\"name\":\"Portada\",\"item\":\"https:\/\/vincentians.com\/en\/\"},{\"@type\":\"ListItem\",\"position\":2,\"name\":\"Saint Catherine Labour\u00e9 and Faith\"}]},{\"@type\":\"WebSite\",\"@id\":\"https:\/\/vincentians.com\/en\/#website\",\"url\":\"https:\/\/vincentians.com\/en\/\",\"name\":\"We are Vincentians\",\"description\":\"Know more to serve more\",\"publisher\":{\"@id\":\"https:\/\/vincentians.com\/en\/#organization\"},\"potentialAction\":[{\"@type\":\"SearchAction\",\"target\":{\"@type\":\"EntryPoint\",\"urlTemplate\":\"https:\/\/vincentians.com\/en\/?s={search_term_string}\"},\"query-input\":{\"@type\":\"PropertyValueSpecification\",\"valueRequired\":true,\"valueName\":\"search_term_string\"}}],\"inLanguage\":\"en-US\"},{\"@type\":\"Organization\",\"@id\":\"https:\/\/vincentians.com\/en\/#organization\",\"name\":\"The Vincentian Network\",\"url\":\"https:\/\/vincentians.com\/en\/\",\"logo\":{\"@type\":\"ImageObject\",\"inLanguage\":\"en-US\",\"@id\":\"https:\/\/vincentians.com\/en\/#\/schema\/logo\/image\/\",\"url\":\"https:\/\/i1.wp.com\/vincentians.com\/en\/wp-content\/uploads\/sites\/2\/2016\/06\/Vincentian-Network-logo-big.png?fit=778%2C778&ssl=1\",\"contentUrl\":\"https:\/\/i1.wp.com\/vincentians.com\/en\/wp-content\/uploads\/sites\/2\/2016\/06\/Vincentian-Network-logo-big.png?fit=778%2C778&ssl=1\",\"width\":778,\"height\":778,\"caption\":\"The Vincentian Network\"},\"image\":{\"@id\":\"https:\/\/vincentians.com\/en\/#\/schema\/logo\/image\/\"},\"sameAs\":[\"https:\/\/www.facebook.com\/WeAreVincentians\/\",\"https:\/\/x.com\/WeVincentians\"]},{\"@type\":\"Person\",\"@id\":\"https:\/\/vincentians.com\/en\/#\/schema\/person\/9623ef4d9aa3b2dfb8c061f1499288f2\",\"name\":\"Francisco Javier Fern\u00e1ndez Chento\",\"image\":{\"@type\":\"ImageObject\",\"inLanguage\":\"en-US\",\"@id\":\"https:\/\/vincentians.com\/en\/#\/schema\/person\/image\/\",\"url\":\"https:\/\/secure.gravatar.com\/avatar\/497d5cde87b4c3d097d0315953521681ba2cd523ee66e5077c3711f7021e65de?s=96&d=mm&r=g\",\"contentUrl\":\"https:\/\/secure.gravatar.com\/avatar\/497d5cde87b4c3d097d0315953521681ba2cd523ee66e5077c3711f7021e65de?s=96&d=mm&r=g\",\"caption\":\"Francisco Javier Fern\u00e1ndez Chento\"},\"description\":\"Director General y cofundador de La Red de Formaci\u00f3n Vicenciana. Javier es laico vicenciano, afiliado a la Congregaci\u00f3n de la Misi\u00f3n y miembro del Equipo de Misiones Populares de la provincia can\u00f3nica de Zaragoza (Espa\u00f1a) de la Congregaci\u00f3n de la Misi\u00f3n. Graduado en la Universidad Oberta de Catalunya con cuatro grados (Asistente de direcci\u00f3n, Gesti\u00f3n Administrativa, Recursos Humanos y Contabilidad Avanzada). Bil\u00edng\u00fce Espa\u00f1ol\/Ingl\u00e9s. gestiona y mantiene varias p\u00e1ginas web cristianas y vicencianas, incluida including La Red de Formaci\u00f3n Vicenciana, de la que es cofundador. Actualmente es responsable del \u00e1rea de Espa\u00f1ol de .famvin, la Red de Noticias de la Familia Vicenciana. Tambi\u00e9n es m\u00fasico cat\u00f3lico y ha editado varios discos. Es Director General y cofundador de Trovador, una reconocida compa\u00f1\u00eda discogr\u00e1fica critiana de Espa\u00f1a. Trabaja en las Tecnolog\u00edas de la Informaci\u00f3n, ofreciendo servicios de alojamiento, dise\u00f1o y mantenimiento Web, as\u00ed como asesoramiento, formaci\u00f3n y soluciones inform\u00e1ticas, gesti\u00f3n documental y digitalizaci\u00f3n de textos, edici\u00f3n y maquetaci\u00f3n de libros, revistas, flyers, etc.\",\"sameAs\":[\"http:\/\/chento.org\",\"https:\/\/www.facebook.com\/JavierChento\",\"https:\/\/x.com\/https:\/\/twitter.com\/javierchento\"],\"url\":\"http:\/\/vincentians.com\/en\/author\/chento\/\"}]}<\/script>\n<!-- \/ Yoast SEO plugin. -->","yoast_head_json":{"title":"Saint Catherine Labour\u00e9 and Faith - We are Vincentians","robots":{"index":"index","follow":"follow","max-snippet":"max-snippet:-1","max-image-preview":"max-image-preview:large","max-video-preview":"max-video-preview:-1"},"canonical":"https:\/\/vincentians.com\/en\/saint-catherine-laboure-and-faith\/","og_locale":"en_US","og_type":"article","og_title":"Saint Catherine Labour\u00e9 and Faith - We are Vincentians","og_description":"Porta fidei 1. beginning 1. The \u201cdoor of faith\u201d (Acts\u00a014:27) is always open for us, ushering us into the life of communion with God and offering entry into his Church. It is possible to cross ... Read More","og_url":"https:\/\/vincentians.com\/en\/saint-catherine-laboure-and-faith\/","og_site_name":"We are Vincentians","article_publisher":"https:\/\/www.facebook.com\/WeAreVincentians\/","article_author":"https:\/\/www.facebook.com\/JavierChento","article_published_time":"2012-11-28T15:37:54+00:00","article_modified_time":"2016-07-10T05:45:26+00:00","og_image":[{"width":1200,"height":630,"url":"https:\/\/i0.wp.com\/vincentians.com\/en\/wp-content\/uploads\/sites\/2\/2012\/11\/catherine-laboure.jpg?fit=1200%2C630&ssl=1","type":"image\/jpeg"}],"author":"Francisco Javier Fern\u00e1ndez Chento","twitter_card":"summary_large_image","twitter_creator":"@https:\/\/twitter.com\/javierchento","twitter_site":"@WeVincentians","twitter_misc":{"Written by":"Francisco Javier Fern\u00e1ndez Chento","Est. reading time":"3 minutes"},"schema":{"@context":"https:\/\/schema.org","@graph":[{"@type":"Article","@id":"https:\/\/vincentians.com\/en\/saint-catherine-laboure-and-faith\/#article","isPartOf":{"@id":"https:\/\/vincentians.com\/en\/saint-catherine-laboure-and-faith\/"},"author":{"name":"Francisco Javier Fern\u00e1ndez Chento","@id":"https:\/\/vincentians.com\/en\/#\/schema\/person\/9623ef4d9aa3b2dfb8c061f1499288f2"},"headline":"Saint Catherine Labour\u00e9 and Faith","datePublished":"2012-11-28T15:37:54+00:00","dateModified":"2016-07-10T05:45:26+00:00","mainEntityOfPage":{"@id":"https:\/\/vincentians.com\/en\/saint-catherine-laboure-and-faith\/"},"wordCount":556,"commentCount":0,"publisher":{"@id":"https:\/\/vincentians.com\/en\/#organization"},"image":{"@id":"https:\/\/vincentians.com\/en\/saint-catherine-laboure-and-faith\/#primaryimage"},"thumbnailUrl":"https:\/\/i0.wp.com\/vincentians.com\/en\/wp-content\/uploads\/sites\/2\/2012\/11\/catherine-laboure.jpg?fit=1200%2C630","articleSection":["Catherine Labour\u00e9"],"inLanguage":"en-US","potentialAction":[{"@type":"CommentAction","name":"Comment","target":["https:\/\/vincentians.com\/en\/saint-catherine-laboure-and-faith\/#respond"]}]},{"@type":"WebPage","@id":"https:\/\/vincentians.com\/en\/saint-catherine-laboure-and-faith\/","url":"https:\/\/vincentians.com\/en\/saint-catherine-laboure-and-faith\/","name":"Saint Catherine Labour\u00e9 and Faith - We are Vincentians","isPartOf":{"@id":"https:\/\/vincentians.com\/en\/#website"},"primaryImageOfPage":{"@id":"https:\/\/vincentians.com\/en\/saint-catherine-laboure-and-faith\/#primaryimage"},"image":{"@id":"https:\/\/vincentians.com\/en\/saint-catherine-laboure-and-faith\/#primaryimage"},"thumbnailUrl":"https:\/\/i0.wp.com\/vincentians.com\/en\/wp-content\/uploads\/sites\/2\/2012\/11\/catherine-laboure.jpg?fit=1200%2C630","datePublished":"2012-11-28T15:37:54+00:00","dateModified":"2016-07-10T05:45:26+00:00","breadcrumb":{"@id":"https:\/\/vincentians.com\/en\/saint-catherine-laboure-and-faith\/#breadcrumb"},"inLanguage":"en-US","potentialAction":[{"@type":"ReadAction","target":["https:\/\/vincentians.com\/en\/saint-catherine-laboure-and-faith\/"]}]},{"@type":"ImageObject","inLanguage":"en-US","@id":"https:\/\/vincentians.com\/en\/saint-catherine-laboure-and-faith\/#primaryimage","url":"https:\/\/i0.wp.com\/vincentians.com\/en\/wp-content\/uploads\/sites\/2\/2012\/11\/catherine-laboure.jpg?fit=1200%2C630","contentUrl":"https:\/\/i0.wp.com\/vincentians.com\/en\/wp-content\/uploads\/sites\/2\/2012\/11\/catherine-laboure.jpg?fit=1200%2C630","width":1200,"height":630},{"@type":"BreadcrumbList","@id":"https:\/\/vincentians.com\/en\/saint-catherine-laboure-and-faith\/#breadcrumb","itemListElement":[{"@type":"ListItem","position":1,"name":"Portada","item":"https:\/\/vincentians.com\/en\/"},{"@type":"ListItem","position":2,"name":"Saint Catherine Labour\u00e9 and Faith"}]},{"@type":"WebSite","@id":"https:\/\/vincentians.com\/en\/#website","url":"https:\/\/vincentians.com\/en\/","name":"We are Vincentians","description":"Know more to serve more","publisher":{"@id":"https:\/\/vincentians.com\/en\/#organization"},"potentialAction":[{"@type":"SearchAction","target":{"@type":"EntryPoint","urlTemplate":"https:\/\/vincentians.com\/en\/?s={search_term_string}"},"query-input":{"@type":"PropertyValueSpecification","valueRequired":true,"valueName":"search_term_string"}}],"inLanguage":"en-US"},{"@type":"Organization","@id":"https:\/\/vincentians.com\/en\/#organization","name":"The Vincentian Network","url":"https:\/\/vincentians.com\/en\/","logo":{"@type":"ImageObject","inLanguage":"en-US","@id":"https:\/\/vincentians.com\/en\/#\/schema\/logo\/image\/","url":"https:\/\/i1.wp.com\/vincentians.com\/en\/wp-content\/uploads\/sites\/2\/2016\/06\/Vincentian-Network-logo-big.png?fit=778%2C778&ssl=1","contentUrl":"https:\/\/i1.wp.com\/vincentians.com\/en\/wp-content\/uploads\/sites\/2\/2016\/06\/Vincentian-Network-logo-big.png?fit=778%2C778&ssl=1","width":778,"height":778,"caption":"The Vincentian Network"},"image":{"@id":"https:\/\/vincentians.com\/en\/#\/schema\/logo\/image\/"},"sameAs":["https:\/\/www.facebook.com\/WeAreVincentians\/","https:\/\/x.com\/WeVincentians"]},{"@type":"Person","@id":"https:\/\/vincentians.com\/en\/#\/schema\/person\/9623ef4d9aa3b2dfb8c061f1499288f2","name":"Francisco Javier Fern\u00e1ndez Chento","image":{"@type":"ImageObject","inLanguage":"en-US","@id":"https:\/\/vincentians.com\/en\/#\/schema\/person\/image\/","url":"https:\/\/secure.gravatar.com\/avatar\/497d5cde87b4c3d097d0315953521681ba2cd523ee66e5077c3711f7021e65de?s=96&d=mm&r=g","contentUrl":"https:\/\/secure.gravatar.com\/avatar\/497d5cde87b4c3d097d0315953521681ba2cd523ee66e5077c3711f7021e65de?s=96&d=mm&r=g","caption":"Francisco Javier Fern\u00e1ndez Chento"},"description":"Director General y cofundador de La Red de Formaci\u00f3n Vicenciana. Javier es laico vicenciano, afiliado a la Congregaci\u00f3n de la Misi\u00f3n y miembro del Equipo de Misiones Populares de la provincia can\u00f3nica de Zaragoza (Espa\u00f1a) de la Congregaci\u00f3n de la Misi\u00f3n. Graduado en la Universidad Oberta de Catalunya con cuatro grados (Asistente de direcci\u00f3n, Gesti\u00f3n Administrativa, Recursos Humanos y Contabilidad Avanzada). Bil\u00edng\u00fce Espa\u00f1ol\/Ingl\u00e9s. gestiona y mantiene varias p\u00e1ginas web cristianas y vicencianas, incluida including La Red de Formaci\u00f3n Vicenciana, de la que es cofundador. Actualmente es responsable del \u00e1rea de Espa\u00f1ol de .famvin, la Red de Noticias de la Familia Vicenciana. Tambi\u00e9n es m\u00fasico cat\u00f3lico y ha editado varios discos. Es Director General y cofundador de Trovador, una reconocida compa\u00f1\u00eda discogr\u00e1fica critiana de Espa\u00f1a. Trabaja en las Tecnolog\u00edas de la Informaci\u00f3n, ofreciendo servicios de alojamiento, dise\u00f1o y mantenimiento Web, as\u00ed como asesoramiento, formaci\u00f3n y soluciones inform\u00e1ticas, gesti\u00f3n documental y digitalizaci\u00f3n de textos, edici\u00f3n y maquetaci\u00f3n de libros, revistas, flyers, etc.","sameAs":["http:\/\/chento.org","https:\/\/www.facebook.com\/JavierChento","https:\/\/x.com\/https:\/\/twitter.com\/javierchento"],"url":"http:\/\/vincentians.com\/en\/author\/chento\/"}]}},"jetpack_publicize_connections":[],"jetpack_featured_media_url":"https:\/\/i0.wp.com\/vincentians.com\/en\/wp-content\/uploads\/sites\/2\/2012\/11\/catherine-laboure.jpg?fit=1200%2C630","jetpack_sharing_enabled":true,"jetpack_shortlink":"https:\/\/wp.me\/p7K2Ow-rqK","jetpack-related-posts":[{"id":152604,"url":"http:\/\/vincentians.com\/en\/feast-of-saint-catherine-laboure-ssvp-usa\/","url_meta":{"origin":105446,"position":0},"title":"Feast of Saint Catherine Labour\u00e9 (SSVP USA)","author":"Francisco Javier Fern\u00e1ndez Chento","date":"November 28, 2016","format":false,"excerpt":"Gospel: (Luke 12:32-34) Jesus said to his disciples: \u201cDo not live in fear, little flock. It has pleased your Father to give you the kingdom. Sell what you have and give alms. Get purses for yourselves that do not wear out, never-failing treasure with the Lord which no thief comes\u2026","rel":"","context":"In &quot;Homilies and reflections, Year A&quot;","block_context":{"text":"Homilies and reflections, Year A","link":"http:\/\/vincentians.com\/en\/category\/homilies-and-reflections-on-the-word-of-god\/homilies-and-reflections-year-a\/"},"img":{"alt_text":"","src":"https:\/\/i0.wp.com\/vincentians.com\/en\/wp-content\/uploads\/sites\/2\/2016\/07\/reflexiones-palabra-de-dios.jpg?fit=1200%2C630&resize=350%2C200","width":350,"height":200,"srcset":"https:\/\/i0.wp.com\/vincentians.com\/en\/wp-content\/uploads\/sites\/2\/2016\/07\/reflexiones-palabra-de-dios.jpg?fit=1200%2C630&resize=350%2C200 1x, https:\/\/i0.wp.com\/vincentians.com\/en\/wp-content\/uploads\/sites\/2\/2016\/07\/reflexiones-palabra-de-dios.jpg?fit=1200%2C630&resize=525%2C300 1.5x, https:\/\/i0.wp.com\/vincentians.com\/en\/wp-content\/uploads\/sites\/2\/2016\/07\/reflexiones-palabra-de-dios.jpg?fit=1200%2C630&resize=700%2C400 2x, https:\/\/i0.wp.com\/vincentians.com\/en\/wp-content\/uploads\/sites\/2\/2016\/07\/reflexiones-palabra-de-dios.jpg?fit=1200%2C630&resize=1050%2C600 3x"},"classes":[]},{"id":105382,"url":"http:\/\/vincentians.com\/en\/saint-catherine-laboure-of-the-miraculous-medal-xi-the-dark-night-of-a-soul\/","url_meta":{"origin":105446,"position":1},"title":"Saint Catherine Labour\u00e9 of the Miraculous Medal XI. The Dark Night of a Soul","author":"Francisco Javier Fern\u00e1ndez Chento","date":"July 30, 2016","format":false,"excerpt":"XI. The Dark Night of a Soul While all this was being done\u2014the making of the Medal, its marvelous spread, and its official acceptance by the Church\u2014Catherine Laboure, hidden away in Enghien, was adjusting to the routine of a lifetime. The years 1830-36 were eventful ones for her. In no\u2026","rel":"","context":"In &quot;Catherine Labour\u00e9&quot;","block_context":{"text":"Catherine Labour\u00e9","link":"http:\/\/vincentians.com\/en\/category\/the-vincentian-family\/the-vincentian-family-in-heaven\/saint\/catherine-laboure\/"},"img":{"alt_text":"","src":"https:\/\/i0.wp.com\/vincentians.com\/en\/wp-content\/uploads\/sites\/2\/2016\/07\/laboure-miraculous-medal.jpg?fit=1200%2C630&resize=350%2C200","width":350,"height":200,"srcset":"https:\/\/i0.wp.com\/vincentians.com\/en\/wp-content\/uploads\/sites\/2\/2016\/07\/laboure-miraculous-medal.jpg?fit=1200%2C630&resize=350%2C200 1x, https:\/\/i0.wp.com\/vincentians.com\/en\/wp-content\/uploads\/sites\/2\/2016\/07\/laboure-miraculous-medal.jpg?fit=1200%2C630&resize=525%2C300 1.5x, https:\/\/i0.wp.com\/vincentians.com\/en\/wp-content\/uploads\/sites\/2\/2016\/07\/laboure-miraculous-medal.jpg?fit=1200%2C630&resize=700%2C400 2x, https:\/\/i0.wp.com\/vincentians.com\/en\/wp-content\/uploads\/sites\/2\/2016\/07\/laboure-miraculous-medal.jpg?fit=1200%2C630&resize=1050%2C600 3x"},"classes":[]},{"id":105388,"url":"http:\/\/vincentians.com\/en\/saint-catherine-laboure-of-the-miraculous-medal-vi-a-vision-of-christ-as-king\/","url_meta":{"origin":105446,"position":2},"title":"Saint Catherine Labour\u00e9 of the Miraculous Medal VI. A Vision of Christ as King","author":"Francisco Javier Fern\u00e1ndez Chento","date":"July 25, 2016","format":false,"excerpt":"VI. A Vision of Christ as King With the conclusion of her nine days of grace, young Sister Laboure was faced with a formidable task. In spite of the reassurance of the last vision, heavy thoughts of things to come weighed her down. To make matters worse, she suffered an\u2026","rel":"","context":"In &quot;Catherine Labour\u00e9&quot;","block_context":{"text":"Catherine Labour\u00e9","link":"http:\/\/vincentians.com\/en\/category\/the-vincentian-family\/the-vincentian-family-in-heaven\/saint\/catherine-laboure\/"},"img":{"alt_text":"","src":"https:\/\/i0.wp.com\/vincentians.com\/en\/wp-content\/uploads\/sites\/2\/2016\/07\/laboure-miraculous-medal.jpg?fit=1200%2C630&resize=350%2C200","width":350,"height":200,"srcset":"https:\/\/i0.wp.com\/vincentians.com\/en\/wp-content\/uploads\/sites\/2\/2016\/07\/laboure-miraculous-medal.jpg?fit=1200%2C630&resize=350%2C200 1x, https:\/\/i0.wp.com\/vincentians.com\/en\/wp-content\/uploads\/sites\/2\/2016\/07\/laboure-miraculous-medal.jpg?fit=1200%2C630&resize=525%2C300 1.5x, https:\/\/i0.wp.com\/vincentians.com\/en\/wp-content\/uploads\/sites\/2\/2016\/07\/laboure-miraculous-medal.jpg?fit=1200%2C630&resize=700%2C400 2x, https:\/\/i0.wp.com\/vincentians.com\/en\/wp-content\/uploads\/sites\/2\/2016\/07\/laboure-miraculous-medal.jpg?fit=1200%2C630&resize=1050%2C600 3x"},"classes":[]},{"id":105387,"url":"http:\/\/vincentians.com\/en\/saint-catherine-laboure-of-the-miraculous-medal-vii-this-is-the-blessed-virgin\/","url_meta":{"origin":105446,"position":3},"title":"Saint Catherine Labour\u00e9 of the Miraculous Medal VII. &#8220;This is the Blessed Virgin&#8221;","author":"Francisco Javier Fern\u00e1ndez Chento","date":"July 26, 2016","format":false,"excerpt":"VII. \"This is the Blessed Virgin\" On a midsummer's night\u2014July 18, 1830, the eve of the feast of St. Vincent de Paul\u2014Our Lady came to Paris. She came, not to the shadowy vastness of her Cathedral of Notre Dame, but to the narrow back street called the rue du Bac,\u2026","rel":"","context":"In &quot;Catherine Labour\u00e9&quot;","block_context":{"text":"Catherine Labour\u00e9","link":"http:\/\/vincentians.com\/en\/category\/the-vincentian-family\/the-vincentian-family-in-heaven\/saint\/catherine-laboure\/"},"img":{"alt_text":"","src":"https:\/\/i0.wp.com\/vincentians.com\/en\/wp-content\/uploads\/sites\/2\/2016\/07\/laboure-miraculous-medal.jpg?fit=1200%2C630&resize=350%2C200","width":350,"height":200,"srcset":"https:\/\/i0.wp.com\/vincentians.com\/en\/wp-content\/uploads\/sites\/2\/2016\/07\/laboure-miraculous-medal.jpg?fit=1200%2C630&resize=350%2C200 1x, https:\/\/i0.wp.com\/vincentians.com\/en\/wp-content\/uploads\/sites\/2\/2016\/07\/laboure-miraculous-medal.jpg?fit=1200%2C630&resize=525%2C300 1.5x, https:\/\/i0.wp.com\/vincentians.com\/en\/wp-content\/uploads\/sites\/2\/2016\/07\/laboure-miraculous-medal.jpg?fit=1200%2C630&resize=700%2C400 2x, https:\/\/i0.wp.com\/vincentians.com\/en\/wp-content\/uploads\/sites\/2\/2016\/07\/laboure-miraculous-medal.jpg?fit=1200%2C630&resize=1050%2C600 3x"},"classes":[]},{"id":105391,"url":"http:\/\/vincentians.com\/en\/saint-catherine-laboure-of-the-miraculous-medal-xiii-three-old-men-of-enghien\/","url_meta":{"origin":105446,"position":4},"title":"Saint Catherine Labour\u00e9 of the Miraculous Medal XIII. Three Old Men of Enghien","author":"Francisco Javier Fern\u00e1ndez Chento","date":"August 1, 2016","format":false,"excerpt":"XIII. Three Old Men of Enghien About a year before pronouncing her vows, Catherine had been removed from the kitchen and given charge of the laundry and clothes room. The change was not necessarily a reflection on her ability as a cook. In religious life, such changes are a matter\u2026","rel":"","context":"In &quot;Catherine Labour\u00e9&quot;","block_context":{"text":"Catherine Labour\u00e9","link":"http:\/\/vincentians.com\/en\/category\/the-vincentian-family\/the-vincentian-family-in-heaven\/saint\/catherine-laboure\/"},"img":{"alt_text":"","src":"https:\/\/i0.wp.com\/vincentians.com\/en\/wp-content\/uploads\/sites\/2\/2016\/07\/laboure-miraculous-medal.jpg?fit=1200%2C630&resize=350%2C200","width":350,"height":200,"srcset":"https:\/\/i0.wp.com\/vincentians.com\/en\/wp-content\/uploads\/sites\/2\/2016\/07\/laboure-miraculous-medal.jpg?fit=1200%2C630&resize=350%2C200 1x, https:\/\/i0.wp.com\/vincentians.com\/en\/wp-content\/uploads\/sites\/2\/2016\/07\/laboure-miraculous-medal.jpg?fit=1200%2C630&resize=525%2C300 1.5x, https:\/\/i0.wp.com\/vincentians.com\/en\/wp-content\/uploads\/sites\/2\/2016\/07\/laboure-miraculous-medal.jpg?fit=1200%2C630&resize=700%2C400 2x, https:\/\/i0.wp.com\/vincentians.com\/en\/wp-content\/uploads\/sites\/2\/2016\/07\/laboure-miraculous-medal.jpg?fit=1200%2C630&resize=1050%2C600 3x"},"classes":[]},{"id":105413,"url":"http:\/\/vincentians.com\/en\/saint-catherine-laboure-of-the-miraculous-medal-xvi-the-commune-and-communists\/","url_meta":{"origin":105446,"position":5},"title":"Saint Catherine Labour\u00e9 of the Miraculous Medal XVI. The Commune and Communists","author":"Francisco Javier Fern\u00e1ndez Chento","date":"August 4, 2016","format":false,"excerpt":"XVI. The Commune and Communists On May 1, 1860, Catherine celebrated the twenty-fifth anniversary of her vows. There was no great to-do over the event, for she was not an important personage in the eyes of men, but there would be the little intimate celebration in the bosom of her\u2026","rel":"","context":"In &quot;Catherine Labour\u00e9&quot;","block_context":{"text":"Catherine Labour\u00e9","link":"http:\/\/vincentians.com\/en\/category\/the-vincentian-family\/the-vincentian-family-in-heaven\/saint\/catherine-laboure\/"},"img":{"alt_text":"","src":"https:\/\/i0.wp.com\/vincentians.com\/en\/wp-content\/uploads\/sites\/2\/2016\/07\/laboure-miraculous-medal.jpg?fit=1200%2C630&resize=350%2C200","width":350,"height":200,"srcset":"https:\/\/i0.wp.com\/vincentians.com\/en\/wp-content\/uploads\/sites\/2\/2016\/07\/laboure-miraculous-medal.jpg?fit=1200%2C630&resize=350%2C200 1x, https:\/\/i0.wp.com\/vincentians.com\/en\/wp-content\/uploads\/sites\/2\/2016\/07\/laboure-miraculous-medal.jpg?fit=1200%2C630&resize=525%2C300 1.5x, https:\/\/i0.wp.com\/vincentians.com\/en\/wp-content\/uploads\/sites\/2\/2016\/07\/laboure-miraculous-medal.jpg?fit=1200%2C630&resize=700%2C400 2x, https:\/\/i0.wp.com\/vincentians.com\/en\/wp-content\/uploads\/sites\/2\/2016\/07\/laboure-miraculous-medal.jpg?fit=1200%2C630&resize=1050%2C600 3x"},"classes":[]}],"_links":{"self":[{"href":"http:\/\/vincentians.com\/en\/wp-json\/wp\/v2\/posts\/105446","targetHints":{"allow":["GET"]}}],"collection":[{"href":"http:\/\/vincentians.com\/en\/wp-json\/wp\/v2\/posts"}],"about":[{"href":"http:\/\/vincentians.com\/en\/wp-json\/wp\/v2\/types\/post"}],"author":[{"embeddable":true,"href":"http:\/\/vincentians.com\/en\/wp-json\/wp\/v2\/users\/4"}],"replies":[{"embeddable":true,"href":"http:\/\/vincentians.com\/en\/wp-json\/wp\/v2\/comments?post=105446"}],"version-history":[{"count":0,"href":"http:\/\/vincentians.com\/en\/wp-json\/wp\/v2\/posts\/105446\/revisions"}],"wp:featuredmedia":[{"embeddable":true,"href":"http:\/\/vincentians.com\/en\/wp-json\/wp\/v2\/media\/150086"}],"wp:attachment":[{"href":"http:\/\/vincentians.com\/en\/wp-json\/wp\/v2\/media?parent=105446"}],"wp:term":[{"taxonomy":"category","embeddable":true,"href":"http:\/\/vincentians.com\/en\/wp-json\/wp\/v2\/categories?post=105446"},{"taxonomy":"post_tag","embeddable":true,"href":"http:\/\/vincentians.com\/en\/wp-json\/wp\/v2\/tags?post=105446"}],"curies":[{"name":"wp","href":"https:\/\/api.w.org\/{rel}","templated":true}]}}