{"id":105376,"date":"2016-07-19T16:00:22","date_gmt":"2016-07-19T14:00:22","guid":{"rendered":"http:\/\/vincentians.com\/?p=105376"},"modified":"2016-07-19T07:37:06","modified_gmt":"2016-07-19T05:37:06","slug":"saint-catherine-laboure-of-the-miraculous-medal-foreword","status":"publish","type":"post","link":"http:\/\/vincentians.com\/en\/saint-catherine-laboure-of-the-miraculous-medal-foreword\/","title":{"rendered":"Saint Catherine Labour\u00e9 of the Miraculous Medal. Foreword"},"content":{"rendered":"<h2><strong>Foreword<\/strong><\/h2>\n<p>The publishers say that this life of St. Catherine Laboure by Father Dirvin will be the definitive biography of St. Catherine. Like many other people, I suppose, I have never been quite certain of the meaning of this word as it is applied to a biography. So I asked the publishers what they mean when they say that Father Dirvin&#8217;s book is definitive. Here is their explanation.<\/p>\n<p>This book is the full and authoritative story on the life and works of St. Catherine, the Daughter of Charity to whom the Miraculous Medal was manifested by the Blessed Virgin in Paris in 1830. It contains much material never published before, since Father Dirvin had access to archives and places never before opened to a biographer or a historian. These were not only in Paris, but also in Rome and in the village of Fain-les-moutiers, where Catherine was born and spent her childhood. Every statement of fact has been fully authenticated; where evidence on any point is not fully conclusive, this is clearly indicated. In this book you will read everything significant that is recorded anywhere about St. Catherine and her life&#8217;s work.<\/p>\n<p>How Father Dirvin was able to obtain so much previously unpublished material can easily be understood by those who know of the long and close association of the Vincentian Fathers with the Miraculous Medal. For those who may not know, a brief explanation should suffice.<\/p>\n<p>St. Vincent de Paul founded two Communities: 1) the Congregation of the Mission (Vincentian Fathers) and 2) the Daughters of Charity, sometimes called the Sisters of Charity. At the time Mary manifested the design of the Medal of her Immaculate Conception, Catherine Laboure was a novice in the Paris motherhouse of the Daughters of Charity. When the first Medals were cast two years later, it was only natural that they should be distributed by the spiritual sons and daughters of St. Vincent\u2014first in France, and then throughout the world.<\/p>\n<p>The first organized effort to spread devotion to Mary through her Medal was made in the United States, in 1915, by the Vincentian Fathers of Germantown, Philadelphia. Prompted by a desire to show our appreciation for a wonderful favor received through the Medal, the superiors of our Community decided to establish an association to promote devotion to Mary Immaculate. This was the beginning of The Central Association of the Miraculous Medal. For eleven years prior to his transfer to St. John&#8217;s University, Brooklyn, Father Dirvin was on the office staff of the &#8220;Central Association&#8221; and was associate editor of our magazine, The Miraculous Medal.<\/p>\n<p>I hope that all this talk about definitive editions and scholarly research will not mislead anyone into thinking that Father Dirvin&#8217;s book is a dry compilation of facts. Far from it! Here is a narrative that brings Catherine Laboure to vivid life\u2014as a child; as the little housekeeper in a motherless household; as a girl seeking her vocation; as the young novice chosen by Mary to give her Medal of grace to the world; as the humble Sister who insisted on remaining anonymous almost to the end. This is a book you will find very hard to lay aside until you have read the final sentence on the last page.<\/p>\n<p>Rev. Joseph A. Skelly, C.M., Director<br \/>\nThe Central Association of the Miraculous Medal<br \/>\nGermantown, Philadelphia, Pa.<\/p>\n<p>Feast of the Assumption, 1958<\/p>\n<p><strong>Acknowledgments<\/strong><\/p>\n<p>The author of any book is indebted to many people. It is impossible for him to thank them all publicly, but certain ones, whom he leaned upon heavily, cannot be passed over. My biggest debt of gratitude is to Father Joseph A. Skelly, C.M., who believed in the book from the first and was prodigal in giving me access to original sources. I am grateful to my confreres, who helped me by their encouragement, advice, and knowledge, especially to our Most Honored Father, William M. Slattery, Superior General of the Vincentian Fathers and the Sisters of Charity, and to Fathers William J. Casey, John J. Munday, and Joseph J. Symes. I am grateful also to my religious Sisters, especially Sister Mary Basil, Assistant General of the Sisters of Charity, and the Sisters Custodians of the Archives at Rue du Bac. Nor can I forget the kindness of M. l&#8217;Abbe Rochet, cure of the parish in which St. Catherine lived, and of Mme. Laboure-Gontard LeGrange, of Nuits St. Georges in Burgundy, a great grandniece of the saint. Special thanks are due Prof. William A. McBrien, of the Department of English of St. John&#8217;s University, New York, for not counting the cost of time and labor in his careful and critical reading of the manuscript.<\/p>\n<p><strong>List of Proper Names found in the text.<\/strong><\/p>\n<p>Affre, Aimee, Aladel, Albigensian, Alexandre, Alphonse, Alphonsus, Andre, Andredes, Andreveux, Annales, Antoine, Antoinette, Appolline, Archconfraternity, Ars, Athanasius, Auguste, Augustine, Avila, Bac, Baptiste, Barrois, Baudrey, Belloc, Berchmans, Beune, Bismarck, Bisqueyburu, Blanchot, Bonaparte, Borghese, Boulainvilliers, Boulet, Bourdonnais, Bourgoin, Brittany, Buglose, Bussieres, C.M., Cantal, Cany, Capharnaum, Carleton, Castelsarrasin, Cavaignac, Cerf, Chandenier, Chantal, Charite, Charlemagne, Chartres, Charvier, Chatillon-sur-Seine, Chinchon, Claude, Claudine, Clovis, Coeur, Coliseum, Concorde, Cormarin, Cosnard, Cosnards, Darboy, Darlin, Dax, Defriche-Desgenette, Desgenette, Desmoulins, Devos, Dijon, Dirvin, Dufes, Dufour, Duhamel, Ehrle, Emmitsburg, Enghien, Etienne, Eugene, Fain-les-moutiers, Fatima, Fenimore, Ferronnays, Fouquet, Francis, Franco, Francois, Francoise, Frayssinous, Frederic, Froc, Gabriel, Genevieve, Gerlier, Germantown, Gesu, Gillet, Gontard, Gontards, Grapien, Greve, Gruyer, Guilbert, Guillou, Gustave, Hachette, Henri, Henriot, Hieropolis, Higginson, Hilaire, Hinaut, Hong Kong, Hubert, Hugo, Hyacinthe, Irving, Isaiah, Jacques, Jeanrot, Josephine, Juiverie, Justine, Karl, LaSalette, Laboure, Lackawanna, Lacordaire, Lamarck, Lamartine, Lamartinie, Lammenais, Langres, Lazare, LeCerf, LeGrange, Levacher, Ligouri, Lisieux, Loire, Londres, Loreto, Lorette, Lourdes, Lucien, Lyon, MacMahon, Maggiore, Mailly, Malcap, Malines, Mamer, Marceau, Mariette, Marseilles, Martha, Marx, Masella, Masonic, Mauche, Maurel, McBrien, Mediatrix, Memorare, Memorares, Mettavent, Meugniot, Misermont, Mongibello, Montaigne-Ste, Montbard, Montdidier, Montmartre, Mozart, Munday, Naples, Nicolas, Nicolo, Nimes, Noire, Nozo, Nuits, Ojetti, Omer, Orfevres, Orleans, Otto, Ozanam, Paganini, Palermo, Paray-le-monial, Patrizi, Payne, Perboyre, Pereire, PetitPont, Philadelphia, Philippe, Pierre, Pinot, Pius, Positivists, Pradt, Prost, Proudhon, Prussia, Pyrenees, Quelen, Ratagunde, Ratisbonne, Redemptorist, Remy, Rendu, Rene, Reuilly, Rheims, Roch, Rouchechouart, Rouquette, Skelly, Salhorgne, Saul, Sauveur, Sejole, Senailly, Sibour, Siena, Sion, Skelly, Slattery, Soubirous, Soucial, St.-Thomas-d&#8217;Aquin, Strasbourg, Symes, Tanguy, Ternes, Therese, Thomas, Tobie, Tonine, Troyes, Tuilleries, Vachette, Valliere, Vanutelli, Vatican, Verdier, Versailles, Vianney, Victoire, Vieux-Colombier, Villeforte, Villette, Vincennes, Vincentian, Vizerny, Wilhelm, Zoe, d&#8217;Arc, d&#8217;Enghien, du, l&#8217;Echiquier.<\/p>\n","protected":false},"excerpt":{"rendered":"<p>Foreword The publishers say that this life of St. Catherine Laboure by Father Dirvin will be the definitive biography of St. Catherine. Like many other people, I suppose, I have never been quite certain of &#8230; <a href=\"http:\/\/vincentians.com\/en\/saint-catherine-laboure-of-the-miraculous-medal-foreword\/\" class=\"more-link\">Read More<\/a><\/p>\n","protected":false},"author":4,"featured_media":149527,"comment_status":"open","ping_status":"open","sticky":false,"template":"","format":"standard","meta":{"jetpack_post_was_ever_published":false,"_jetpack_newsletter_access":"","_jetpack_dont_email_post_to_subs":false,"_jetpack_newsletter_tier_id":0,"_jetpack_memberships_contains_paywalled_content":false,"_jetpack_memberships_contains_paid_content":false,"footnotes":"","jetpack_publicize_message":"","jetpack_publicize_feature_enabled":true,"jetpack_social_post_already_shared":true,"jetpack_social_options":{"image_generator_settings":{"template":"highway","default_image_id":0,"font":"","enabled":false},"version":2}},"categories":[20,8],"tags":[],"class_list":["post-105376","post","type-post","status-publish","format-standard","has-post-thumbnail","hentry","category-catherine-laboure","category-virgin-mary"],"yoast_head":"<!-- This site is optimized with the Yoast SEO plugin v26.3 - https:\/\/yoast.com\/wordpress\/plugins\/seo\/ -->\n<title>Saint Catherine Labour\u00e9 of the Miraculous Medal. Foreword - We are Vincentians<\/title>\n<meta name=\"robots\" content=\"index, follow, max-snippet:-1, max-image-preview:large, max-video-preview:-1\" \/>\n<link rel=\"canonical\" href=\"http:\/\/vincentians.com\/en\/saint-catherine-laboure-of-the-miraculous-medal-foreword\/\" \/>\n<meta property=\"og:locale\" content=\"en_US\" \/>\n<meta property=\"og:type\" content=\"article\" \/>\n<meta property=\"og:title\" content=\"Saint Catherine Labour\u00e9 of the Miraculous Medal. Foreword - We are Vincentians\" \/>\n<meta property=\"og:description\" content=\"Foreword The publishers say that this life of St. Catherine Laboure by Father Dirvin will be the definitive biography of St. Catherine. Like many other people, I suppose, I have never been quite certain of ... Read More\" \/>\n<meta property=\"og:url\" content=\"http:\/\/vincentians.com\/en\/saint-catherine-laboure-of-the-miraculous-medal-foreword\/\" \/>\n<meta property=\"og:site_name\" content=\"We are Vincentians\" \/>\n<meta property=\"article:publisher\" content=\"https:\/\/www.facebook.com\/WeAreVincentians\/\" \/>\n<meta property=\"article:author\" content=\"https:\/\/www.facebook.com\/JavierChento\" \/>\n<meta property=\"article:published_time\" content=\"2016-07-19T14:00:22+00:00\" \/>\n<meta property=\"og:image\" content=\"https:\/\/i0.wp.com\/vincentians.com\/en\/wp-content\/uploads\/sites\/2\/2016\/07\/laboure-miraculous-medal.jpg?fit=1200%2C630\" \/>\n\t<meta property=\"og:image:width\" content=\"1200\" \/>\n\t<meta property=\"og:image:height\" content=\"630\" \/>\n\t<meta property=\"og:image:type\" content=\"image\/jpeg\" \/>\n<meta name=\"author\" content=\"Francisco Javier Fern\u00e1ndez Chento\" \/>\n<meta name=\"twitter:card\" content=\"summary_large_image\" \/>\n<meta name=\"twitter:creator\" content=\"@https:\/\/twitter.com\/javierchento\" \/>\n<meta name=\"twitter:site\" content=\"@WeVincentians\" \/>\n<meta name=\"twitter:label1\" content=\"Written by\" \/>\n\t<meta name=\"twitter:data1\" content=\"Francisco Javier Fern\u00e1ndez Chento\" \/>\n\t<meta name=\"twitter:label2\" content=\"Est. reading time\" \/>\n\t<meta name=\"twitter:data2\" content=\"5 minutes\" \/>\n<script type=\"application\/ld+json\" class=\"yoast-schema-graph\">{\"@context\":\"https:\/\/schema.org\",\"@graph\":[{\"@type\":\"Article\",\"@id\":\"http:\/\/vincentians.com\/en\/saint-catherine-laboure-of-the-miraculous-medal-foreword\/#article\",\"isPartOf\":{\"@id\":\"http:\/\/vincentians.com\/en\/saint-catherine-laboure-of-the-miraculous-medal-foreword\/\"},\"author\":{\"name\":\"Francisco Javier Fern\u00e1ndez Chento\",\"@id\":\"https:\/\/vincentians.com\/en\/#\/schema\/person\/9623ef4d9aa3b2dfb8c061f1499288f2\"},\"headline\":\"Saint Catherine Labour\u00e9 of the Miraculous Medal. Foreword\",\"datePublished\":\"2016-07-19T14:00:22+00:00\",\"mainEntityOfPage\":{\"@id\":\"http:\/\/vincentians.com\/en\/saint-catherine-laboure-of-the-miraculous-medal-foreword\/\"},\"wordCount\":1058,\"commentCount\":0,\"publisher\":{\"@id\":\"https:\/\/vincentians.com\/en\/#organization\"},\"image\":{\"@id\":\"http:\/\/vincentians.com\/en\/saint-catherine-laboure-of-the-miraculous-medal-foreword\/#primaryimage\"},\"thumbnailUrl\":\"https:\/\/i0.wp.com\/vincentians.com\/en\/wp-content\/uploads\/sites\/2\/2016\/07\/laboure-miraculous-medal.jpg?fit=1200%2C630\",\"articleSection\":[\"Catherine Labour\u00e9\",\"Virgin Mary\"],\"inLanguage\":\"en-US\",\"potentialAction\":[{\"@type\":\"CommentAction\",\"name\":\"Comment\",\"target\":[\"http:\/\/vincentians.com\/en\/saint-catherine-laboure-of-the-miraculous-medal-foreword\/#respond\"]}]},{\"@type\":\"WebPage\",\"@id\":\"http:\/\/vincentians.com\/en\/saint-catherine-laboure-of-the-miraculous-medal-foreword\/\",\"url\":\"http:\/\/vincentians.com\/en\/saint-catherine-laboure-of-the-miraculous-medal-foreword\/\",\"name\":\"Saint Catherine Labour\u00e9 of the Miraculous Medal. Foreword - We are Vincentians\",\"isPartOf\":{\"@id\":\"https:\/\/vincentians.com\/en\/#website\"},\"primaryImageOfPage\":{\"@id\":\"http:\/\/vincentians.com\/en\/saint-catherine-laboure-of-the-miraculous-medal-foreword\/#primaryimage\"},\"image\":{\"@id\":\"http:\/\/vincentians.com\/en\/saint-catherine-laboure-of-the-miraculous-medal-foreword\/#primaryimage\"},\"thumbnailUrl\":\"https:\/\/i0.wp.com\/vincentians.com\/en\/wp-content\/uploads\/sites\/2\/2016\/07\/laboure-miraculous-medal.jpg?fit=1200%2C630\",\"datePublished\":\"2016-07-19T14:00:22+00:00\",\"breadcrumb\":{\"@id\":\"http:\/\/vincentians.com\/en\/saint-catherine-laboure-of-the-miraculous-medal-foreword\/#breadcrumb\"},\"inLanguage\":\"en-US\",\"potentialAction\":[{\"@type\":\"ReadAction\",\"target\":[\"http:\/\/vincentians.com\/en\/saint-catherine-laboure-of-the-miraculous-medal-foreword\/\"]}]},{\"@type\":\"ImageObject\",\"inLanguage\":\"en-US\",\"@id\":\"http:\/\/vincentians.com\/en\/saint-catherine-laboure-of-the-miraculous-medal-foreword\/#primaryimage\",\"url\":\"https:\/\/i0.wp.com\/vincentians.com\/en\/wp-content\/uploads\/sites\/2\/2016\/07\/laboure-miraculous-medal.jpg?fit=1200%2C630\",\"contentUrl\":\"https:\/\/i0.wp.com\/vincentians.com\/en\/wp-content\/uploads\/sites\/2\/2016\/07\/laboure-miraculous-medal.jpg?fit=1200%2C630\",\"width\":1200,\"height\":630},{\"@type\":\"BreadcrumbList\",\"@id\":\"http:\/\/vincentians.com\/en\/saint-catherine-laboure-of-the-miraculous-medal-foreword\/#breadcrumb\",\"itemListElement\":[{\"@type\":\"ListItem\",\"position\":1,\"name\":\"Portada\",\"item\":\"https:\/\/vincentians.com\/en\/\"},{\"@type\":\"ListItem\",\"position\":2,\"name\":\"Saint Catherine Labour\u00e9 of the Miraculous Medal. Foreword\"}]},{\"@type\":\"WebSite\",\"@id\":\"https:\/\/vincentians.com\/en\/#website\",\"url\":\"https:\/\/vincentians.com\/en\/\",\"name\":\"We are Vincentians\",\"description\":\"Know more to serve more\",\"publisher\":{\"@id\":\"https:\/\/vincentians.com\/en\/#organization\"},\"potentialAction\":[{\"@type\":\"SearchAction\",\"target\":{\"@type\":\"EntryPoint\",\"urlTemplate\":\"https:\/\/vincentians.com\/en\/?s={search_term_string}\"},\"query-input\":{\"@type\":\"PropertyValueSpecification\",\"valueRequired\":true,\"valueName\":\"search_term_string\"}}],\"inLanguage\":\"en-US\"},{\"@type\":\"Organization\",\"@id\":\"https:\/\/vincentians.com\/en\/#organization\",\"name\":\"The Vincentian Network\",\"url\":\"https:\/\/vincentians.com\/en\/\",\"logo\":{\"@type\":\"ImageObject\",\"inLanguage\":\"en-US\",\"@id\":\"https:\/\/vincentians.com\/en\/#\/schema\/logo\/image\/\",\"url\":\"https:\/\/i1.wp.com\/vincentians.com\/en\/wp-content\/uploads\/sites\/2\/2016\/06\/Vincentian-Network-logo-big.png?fit=778%2C778&ssl=1\",\"contentUrl\":\"https:\/\/i1.wp.com\/vincentians.com\/en\/wp-content\/uploads\/sites\/2\/2016\/06\/Vincentian-Network-logo-big.png?fit=778%2C778&ssl=1\",\"width\":778,\"height\":778,\"caption\":\"The Vincentian Network\"},\"image\":{\"@id\":\"https:\/\/vincentians.com\/en\/#\/schema\/logo\/image\/\"},\"sameAs\":[\"https:\/\/www.facebook.com\/WeAreVincentians\/\",\"https:\/\/x.com\/WeVincentians\"]},{\"@type\":\"Person\",\"@id\":\"https:\/\/vincentians.com\/en\/#\/schema\/person\/9623ef4d9aa3b2dfb8c061f1499288f2\",\"name\":\"Francisco Javier Fern\u00e1ndez Chento\",\"image\":{\"@type\":\"ImageObject\",\"inLanguage\":\"en-US\",\"@id\":\"https:\/\/vincentians.com\/en\/#\/schema\/person\/image\/\",\"url\":\"https:\/\/secure.gravatar.com\/avatar\/497d5cde87b4c3d097d0315953521681ba2cd523ee66e5077c3711f7021e65de?s=96&d=mm&r=g\",\"contentUrl\":\"https:\/\/secure.gravatar.com\/avatar\/497d5cde87b4c3d097d0315953521681ba2cd523ee66e5077c3711f7021e65de?s=96&d=mm&r=g\",\"caption\":\"Francisco Javier Fern\u00e1ndez Chento\"},\"description\":\"Director General y cofundador de La Red de Formaci\u00f3n Vicenciana. Javier es laico vicenciano, afiliado a la Congregaci\u00f3n de la Misi\u00f3n y miembro del Equipo de Misiones Populares de la provincia can\u00f3nica de Zaragoza (Espa\u00f1a) de la Congregaci\u00f3n de la Misi\u00f3n. Graduado en la Universidad Oberta de Catalunya con cuatro grados (Asistente de direcci\u00f3n, Gesti\u00f3n Administrativa, Recursos Humanos y Contabilidad Avanzada). Bil\u00edng\u00fce Espa\u00f1ol\/Ingl\u00e9s. gestiona y mantiene varias p\u00e1ginas web cristianas y vicencianas, incluida including La Red de Formaci\u00f3n Vicenciana, de la que es cofundador. Actualmente es responsable del \u00e1rea de Espa\u00f1ol de .famvin, la Red de Noticias de la Familia Vicenciana. Tambi\u00e9n es m\u00fasico cat\u00f3lico y ha editado varios discos. Es Director General y cofundador de Trovador, una reconocida compa\u00f1\u00eda discogr\u00e1fica critiana de Espa\u00f1a. Trabaja en las Tecnolog\u00edas de la Informaci\u00f3n, ofreciendo servicios de alojamiento, dise\u00f1o y mantenimiento Web, as\u00ed como asesoramiento, formaci\u00f3n y soluciones inform\u00e1ticas, gesti\u00f3n documental y digitalizaci\u00f3n de textos, edici\u00f3n y maquetaci\u00f3n de libros, revistas, flyers, etc.\",\"sameAs\":[\"http:\/\/chento.org\",\"https:\/\/www.facebook.com\/JavierChento\",\"https:\/\/x.com\/https:\/\/twitter.com\/javierchento\"],\"url\":\"http:\/\/vincentians.com\/en\/author\/chento\/\"}]}<\/script>\n<!-- \/ Yoast SEO plugin. -->","yoast_head_json":{"title":"Saint Catherine Labour\u00e9 of the Miraculous Medal. Foreword - We are Vincentians","robots":{"index":"index","follow":"follow","max-snippet":"max-snippet:-1","max-image-preview":"max-image-preview:large","max-video-preview":"max-video-preview:-1"},"canonical":"http:\/\/vincentians.com\/en\/saint-catherine-laboure-of-the-miraculous-medal-foreword\/","og_locale":"en_US","og_type":"article","og_title":"Saint Catherine Labour\u00e9 of the Miraculous Medal. Foreword - We are Vincentians","og_description":"Foreword The publishers say that this life of St. Catherine Laboure by Father Dirvin will be the definitive biography of St. Catherine. Like many other people, I suppose, I have never been quite certain of ... Read More","og_url":"http:\/\/vincentians.com\/en\/saint-catherine-laboure-of-the-miraculous-medal-foreword\/","og_site_name":"We are Vincentians","article_publisher":"https:\/\/www.facebook.com\/WeAreVincentians\/","article_author":"https:\/\/www.facebook.com\/JavierChento","article_published_time":"2016-07-19T14:00:22+00:00","og_image":[{"width":1200,"height":630,"url":"https:\/\/i0.wp.com\/vincentians.com\/en\/wp-content\/uploads\/sites\/2\/2016\/07\/laboure-miraculous-medal.jpg?fit=1200%2C630","type":"image\/jpeg"}],"author":"Francisco Javier Fern\u00e1ndez Chento","twitter_card":"summary_large_image","twitter_creator":"@https:\/\/twitter.com\/javierchento","twitter_site":"@WeVincentians","twitter_misc":{"Written by":"Francisco Javier Fern\u00e1ndez Chento","Est. reading time":"5 minutes"},"schema":{"@context":"https:\/\/schema.org","@graph":[{"@type":"Article","@id":"http:\/\/vincentians.com\/en\/saint-catherine-laboure-of-the-miraculous-medal-foreword\/#article","isPartOf":{"@id":"http:\/\/vincentians.com\/en\/saint-catherine-laboure-of-the-miraculous-medal-foreword\/"},"author":{"name":"Francisco Javier Fern\u00e1ndez Chento","@id":"https:\/\/vincentians.com\/en\/#\/schema\/person\/9623ef4d9aa3b2dfb8c061f1499288f2"},"headline":"Saint Catherine Labour\u00e9 of the Miraculous Medal. Foreword","datePublished":"2016-07-19T14:00:22+00:00","mainEntityOfPage":{"@id":"http:\/\/vincentians.com\/en\/saint-catherine-laboure-of-the-miraculous-medal-foreword\/"},"wordCount":1058,"commentCount":0,"publisher":{"@id":"https:\/\/vincentians.com\/en\/#organization"},"image":{"@id":"http:\/\/vincentians.com\/en\/saint-catherine-laboure-of-the-miraculous-medal-foreword\/#primaryimage"},"thumbnailUrl":"https:\/\/i0.wp.com\/vincentians.com\/en\/wp-content\/uploads\/sites\/2\/2016\/07\/laboure-miraculous-medal.jpg?fit=1200%2C630","articleSection":["Catherine Labour\u00e9","Virgin Mary"],"inLanguage":"en-US","potentialAction":[{"@type":"CommentAction","name":"Comment","target":["http:\/\/vincentians.com\/en\/saint-catherine-laboure-of-the-miraculous-medal-foreword\/#respond"]}]},{"@type":"WebPage","@id":"http:\/\/vincentians.com\/en\/saint-catherine-laboure-of-the-miraculous-medal-foreword\/","url":"http:\/\/vincentians.com\/en\/saint-catherine-laboure-of-the-miraculous-medal-foreword\/","name":"Saint Catherine Labour\u00e9 of the Miraculous Medal. Foreword - We are Vincentians","isPartOf":{"@id":"https:\/\/vincentians.com\/en\/#website"},"primaryImageOfPage":{"@id":"http:\/\/vincentians.com\/en\/saint-catherine-laboure-of-the-miraculous-medal-foreword\/#primaryimage"},"image":{"@id":"http:\/\/vincentians.com\/en\/saint-catherine-laboure-of-the-miraculous-medal-foreword\/#primaryimage"},"thumbnailUrl":"https:\/\/i0.wp.com\/vincentians.com\/en\/wp-content\/uploads\/sites\/2\/2016\/07\/laboure-miraculous-medal.jpg?fit=1200%2C630","datePublished":"2016-07-19T14:00:22+00:00","breadcrumb":{"@id":"http:\/\/vincentians.com\/en\/saint-catherine-laboure-of-the-miraculous-medal-foreword\/#breadcrumb"},"inLanguage":"en-US","potentialAction":[{"@type":"ReadAction","target":["http:\/\/vincentians.com\/en\/saint-catherine-laboure-of-the-miraculous-medal-foreword\/"]}]},{"@type":"ImageObject","inLanguage":"en-US","@id":"http:\/\/vincentians.com\/en\/saint-catherine-laboure-of-the-miraculous-medal-foreword\/#primaryimage","url":"https:\/\/i0.wp.com\/vincentians.com\/en\/wp-content\/uploads\/sites\/2\/2016\/07\/laboure-miraculous-medal.jpg?fit=1200%2C630","contentUrl":"https:\/\/i0.wp.com\/vincentians.com\/en\/wp-content\/uploads\/sites\/2\/2016\/07\/laboure-miraculous-medal.jpg?fit=1200%2C630","width":1200,"height":630},{"@type":"BreadcrumbList","@id":"http:\/\/vincentians.com\/en\/saint-catherine-laboure-of-the-miraculous-medal-foreword\/#breadcrumb","itemListElement":[{"@type":"ListItem","position":1,"name":"Portada","item":"https:\/\/vincentians.com\/en\/"},{"@type":"ListItem","position":2,"name":"Saint Catherine Labour\u00e9 of the Miraculous Medal. Foreword"}]},{"@type":"WebSite","@id":"https:\/\/vincentians.com\/en\/#website","url":"https:\/\/vincentians.com\/en\/","name":"We are Vincentians","description":"Know more to serve more","publisher":{"@id":"https:\/\/vincentians.com\/en\/#organization"},"potentialAction":[{"@type":"SearchAction","target":{"@type":"EntryPoint","urlTemplate":"https:\/\/vincentians.com\/en\/?s={search_term_string}"},"query-input":{"@type":"PropertyValueSpecification","valueRequired":true,"valueName":"search_term_string"}}],"inLanguage":"en-US"},{"@type":"Organization","@id":"https:\/\/vincentians.com\/en\/#organization","name":"The Vincentian Network","url":"https:\/\/vincentians.com\/en\/","logo":{"@type":"ImageObject","inLanguage":"en-US","@id":"https:\/\/vincentians.com\/en\/#\/schema\/logo\/image\/","url":"https:\/\/i1.wp.com\/vincentians.com\/en\/wp-content\/uploads\/sites\/2\/2016\/06\/Vincentian-Network-logo-big.png?fit=778%2C778&ssl=1","contentUrl":"https:\/\/i1.wp.com\/vincentians.com\/en\/wp-content\/uploads\/sites\/2\/2016\/06\/Vincentian-Network-logo-big.png?fit=778%2C778&ssl=1","width":778,"height":778,"caption":"The Vincentian Network"},"image":{"@id":"https:\/\/vincentians.com\/en\/#\/schema\/logo\/image\/"},"sameAs":["https:\/\/www.facebook.com\/WeAreVincentians\/","https:\/\/x.com\/WeVincentians"]},{"@type":"Person","@id":"https:\/\/vincentians.com\/en\/#\/schema\/person\/9623ef4d9aa3b2dfb8c061f1499288f2","name":"Francisco Javier Fern\u00e1ndez Chento","image":{"@type":"ImageObject","inLanguage":"en-US","@id":"https:\/\/vincentians.com\/en\/#\/schema\/person\/image\/","url":"https:\/\/secure.gravatar.com\/avatar\/497d5cde87b4c3d097d0315953521681ba2cd523ee66e5077c3711f7021e65de?s=96&d=mm&r=g","contentUrl":"https:\/\/secure.gravatar.com\/avatar\/497d5cde87b4c3d097d0315953521681ba2cd523ee66e5077c3711f7021e65de?s=96&d=mm&r=g","caption":"Francisco Javier Fern\u00e1ndez Chento"},"description":"Director General y cofundador de La Red de Formaci\u00f3n Vicenciana. Javier es laico vicenciano, afiliado a la Congregaci\u00f3n de la Misi\u00f3n y miembro del Equipo de Misiones Populares de la provincia can\u00f3nica de Zaragoza (Espa\u00f1a) de la Congregaci\u00f3n de la Misi\u00f3n. Graduado en la Universidad Oberta de Catalunya con cuatro grados (Asistente de direcci\u00f3n, Gesti\u00f3n Administrativa, Recursos Humanos y Contabilidad Avanzada). Bil\u00edng\u00fce Espa\u00f1ol\/Ingl\u00e9s. gestiona y mantiene varias p\u00e1ginas web cristianas y vicencianas, incluida including La Red de Formaci\u00f3n Vicenciana, de la que es cofundador. Actualmente es responsable del \u00e1rea de Espa\u00f1ol de .famvin, la Red de Noticias de la Familia Vicenciana. Tambi\u00e9n es m\u00fasico cat\u00f3lico y ha editado varios discos. Es Director General y cofundador de Trovador, una reconocida compa\u00f1\u00eda discogr\u00e1fica critiana de Espa\u00f1a. Trabaja en las Tecnolog\u00edas de la Informaci\u00f3n, ofreciendo servicios de alojamiento, dise\u00f1o y mantenimiento Web, as\u00ed como asesoramiento, formaci\u00f3n y soluciones inform\u00e1ticas, gesti\u00f3n documental y digitalizaci\u00f3n de textos, edici\u00f3n y maquetaci\u00f3n de libros, revistas, flyers, etc.","sameAs":["http:\/\/chento.org","https:\/\/www.facebook.com\/JavierChento","https:\/\/x.com\/https:\/\/twitter.com\/javierchento"],"url":"http:\/\/vincentians.com\/en\/author\/chento\/"}]}},"jetpack_publicize_connections":[],"jetpack_featured_media_url":"https:\/\/i0.wp.com\/vincentians.com\/en\/wp-content\/uploads\/sites\/2\/2016\/07\/laboure-miraculous-medal.jpg?fit=1200%2C630","jetpack_sharing_enabled":true,"jetpack_shortlink":"https:\/\/wp.me\/p7K2Ow-rpC","jetpack-related-posts":[{"id":152604,"url":"http:\/\/vincentians.com\/en\/feast-of-saint-catherine-laboure-ssvp-usa\/","url_meta":{"origin":105376,"position":0},"title":"Feast of Saint Catherine Labour\u00e9 (SSVP USA)","author":"Francisco Javier Fern\u00e1ndez Chento","date":"November 28, 2016","format":false,"excerpt":"Gospel: (Luke 12:32-34) Jesus said to his disciples: \u201cDo not live in fear, little flock. It has pleased your Father to give you the kingdom. Sell what you have and give alms. Get purses for yourselves that do not wear out, never-failing treasure with the Lord which no thief comes\u2026","rel":"","context":"In &quot;Homilies and reflections, Year A&quot;","block_context":{"text":"Homilies and reflections, Year A","link":"http:\/\/vincentians.com\/en\/category\/homilies-and-reflections-on-the-word-of-god\/homilies-and-reflections-year-a\/"},"img":{"alt_text":"","src":"https:\/\/i0.wp.com\/vincentians.com\/en\/wp-content\/uploads\/sites\/2\/2016\/07\/reflexiones-palabra-de-dios.jpg?fit=1200%2C630&resize=350%2C200","width":350,"height":200,"srcset":"https:\/\/i0.wp.com\/vincentians.com\/en\/wp-content\/uploads\/sites\/2\/2016\/07\/reflexiones-palabra-de-dios.jpg?fit=1200%2C630&resize=350%2C200 1x, https:\/\/i0.wp.com\/vincentians.com\/en\/wp-content\/uploads\/sites\/2\/2016\/07\/reflexiones-palabra-de-dios.jpg?fit=1200%2C630&resize=525%2C300 1.5x, https:\/\/i0.wp.com\/vincentians.com\/en\/wp-content\/uploads\/sites\/2\/2016\/07\/reflexiones-palabra-de-dios.jpg?fit=1200%2C630&resize=700%2C400 2x, https:\/\/i0.wp.com\/vincentians.com\/en\/wp-content\/uploads\/sites\/2\/2016\/07\/reflexiones-palabra-de-dios.jpg?fit=1200%2C630&resize=1050%2C600 3x"},"classes":[]},{"id":105386,"url":"http:\/\/vincentians.com\/en\/saint-catherine-laboure-of-the-miraculous-medal-viii-the-apparition-of-the-miraculous-medal\/","url_meta":{"origin":105376,"position":1},"title":"Saint Catherine Labour\u00e9 of the Miraculous Medal VIII. The Apparition of the Miraculous Medal","author":"Francisco Javier Fern\u00e1ndez Chento","date":"July 27, 2016","format":false,"excerpt":"VIII. The Apparition of the Miraculous Medal Outside the convent on the rue du Bac, the City of Paris had grown quiet; people had gone back to their daily living. Charles X retreated to England, where he no longer ruled even \"like an English king.\" Louis Philippe came to the\u2026","rel":"","context":"In &quot;Catherine Labour\u00e9&quot;","block_context":{"text":"Catherine Labour\u00e9","link":"http:\/\/vincentians.com\/en\/category\/the-vincentian-family\/the-vincentian-family-in-heaven\/saint\/catherine-laboure\/"},"img":{"alt_text":"","src":"https:\/\/i0.wp.com\/vincentians.com\/en\/wp-content\/uploads\/sites\/2\/2016\/07\/laboure-miraculous-medal.jpg?fit=1200%2C630&resize=350%2C200","width":350,"height":200,"srcset":"https:\/\/i0.wp.com\/vincentians.com\/en\/wp-content\/uploads\/sites\/2\/2016\/07\/laboure-miraculous-medal.jpg?fit=1200%2C630&resize=350%2C200 1x, https:\/\/i0.wp.com\/vincentians.com\/en\/wp-content\/uploads\/sites\/2\/2016\/07\/laboure-miraculous-medal.jpg?fit=1200%2C630&resize=525%2C300 1.5x, https:\/\/i0.wp.com\/vincentians.com\/en\/wp-content\/uploads\/sites\/2\/2016\/07\/laboure-miraculous-medal.jpg?fit=1200%2C630&resize=700%2C400 2x, https:\/\/i0.wp.com\/vincentians.com\/en\/wp-content\/uploads\/sites\/2\/2016\/07\/laboure-miraculous-medal.jpg?fit=1200%2C630&resize=1050%2C600 3x"},"classes":[]},{"id":152605,"url":"http:\/\/vincentians.com\/en\/feast-of-our-lady-of-the-miraculous-medal-ssvp-usa\/","url_meta":{"origin":105376,"position":2},"title":"Feast of Our Lady of the Miraculous Medal (SSVP USA)","author":"Francisco Javier Fern\u00e1ndez Chento","date":"November 27, 2016","format":false,"excerpt":"Gospel: (Luke 1:26-38) The angel Gabriel was sent from God to a town of Galilee named Nazareth, to a virgin named Mary. The angel said to her: \u201cHail full of grace! The Lord is with you\u2026. Do not be afraid, Mary, for you have found favor with God. Behold, you\u2026","rel":"","context":"In &quot;Homilies and reflections, Year A&quot;","block_context":{"text":"Homilies and reflections, Year A","link":"http:\/\/vincentians.com\/en\/category\/homilies-and-reflections-on-the-word-of-god\/homilies-and-reflections-year-a\/"},"img":{"alt_text":"","src":"https:\/\/i0.wp.com\/vincentians.com\/en\/wp-content\/uploads\/sites\/2\/2016\/07\/reflexiones-palabra-de-dios.jpg?fit=1200%2C630&resize=350%2C200","width":350,"height":200,"srcset":"https:\/\/i0.wp.com\/vincentians.com\/en\/wp-content\/uploads\/sites\/2\/2016\/07\/reflexiones-palabra-de-dios.jpg?fit=1200%2C630&resize=350%2C200 1x, https:\/\/i0.wp.com\/vincentians.com\/en\/wp-content\/uploads\/sites\/2\/2016\/07\/reflexiones-palabra-de-dios.jpg?fit=1200%2C630&resize=525%2C300 1.5x, https:\/\/i0.wp.com\/vincentians.com\/en\/wp-content\/uploads\/sites\/2\/2016\/07\/reflexiones-palabra-de-dios.jpg?fit=1200%2C630&resize=700%2C400 2x, https:\/\/i0.wp.com\/vincentians.com\/en\/wp-content\/uploads\/sites\/2\/2016\/07\/reflexiones-palabra-de-dios.jpg?fit=1200%2C630&resize=1050%2C600 3x"},"classes":[]},{"id":105412,"url":"http:\/\/vincentians.com\/en\/saint-catherine-laboure-of-the-miraculous-medal-xv-the-cross-of-victory-vision\/","url_meta":{"origin":105376,"position":3},"title":"Saint Catherine Labour\u00e9 of the Miraculous Medal XV. The &#8220;Cross of Victory&#8221; Vision","author":"Francisco Javier Fern\u00e1ndez Chento","date":"August 3, 2016","format":false,"excerpt":"XV. The \"Cross of Victory\" Vision On February 22, 1848, there erupted the first of the bloody Parisian battles that marked that year of Revolutions. Louis Philippe had grown bored with being a figurehead king and his Bourbon blood had begun to show in a series of high-handed actions that\u2026","rel":"","context":"In &quot;Catherine Labour\u00e9&quot;","block_context":{"text":"Catherine Labour\u00e9","link":"http:\/\/vincentians.com\/en\/category\/the-vincentian-family\/the-vincentian-family-in-heaven\/saint\/catherine-laboure\/"},"img":{"alt_text":"","src":"https:\/\/i0.wp.com\/vincentians.com\/en\/wp-content\/uploads\/sites\/2\/2016\/07\/laboure-miraculous-medal.jpg?fit=1200%2C630&resize=350%2C200","width":350,"height":200,"srcset":"https:\/\/i0.wp.com\/vincentians.com\/en\/wp-content\/uploads\/sites\/2\/2016\/07\/laboure-miraculous-medal.jpg?fit=1200%2C630&resize=350%2C200 1x, https:\/\/i0.wp.com\/vincentians.com\/en\/wp-content\/uploads\/sites\/2\/2016\/07\/laboure-miraculous-medal.jpg?fit=1200%2C630&resize=525%2C300 1.5x, https:\/\/i0.wp.com\/vincentians.com\/en\/wp-content\/uploads\/sites\/2\/2016\/07\/laboure-miraculous-medal.jpg?fit=1200%2C630&resize=700%2C400 2x, https:\/\/i0.wp.com\/vincentians.com\/en\/wp-content\/uploads\/sites\/2\/2016\/07\/laboure-miraculous-medal.jpg?fit=1200%2C630&resize=1050%2C600 3x"},"classes":[]},{"id":105384,"url":"http:\/\/vincentians.com\/en\/saint-catherine-laboure-of-the-miraculous-medal-ix-the-secret-of-forty-six-years\/","url_meta":{"origin":105376,"position":4},"title":"Saint Catherine Labour\u00e9 of the Miraculous Medal IX. The Secret of Forty-Six Years","author":"Francisco Javier Fern\u00e1ndez Chento","date":"July 28, 2016","format":false,"excerpt":"IX. The Secret of Forty-Six Years In those last weeks of 1830, Sister Laboure was not the only one with difficulties. Father Aladel had his own, and to spare. In a way, the difficulties of the anxious Sister were mere mental annoyances compared to the tangled skein of problems in\u2026","rel":"","context":"In &quot;Catherine Labour\u00e9&quot;","block_context":{"text":"Catherine Labour\u00e9","link":"http:\/\/vincentians.com\/en\/category\/the-vincentian-family\/the-vincentian-family-in-heaven\/saint\/catherine-laboure\/"},"img":{"alt_text":"","src":"https:\/\/i0.wp.com\/vincentians.com\/en\/wp-content\/uploads\/sites\/2\/2016\/07\/laboure-miraculous-medal.jpg?fit=1200%2C630&resize=350%2C200","width":350,"height":200,"srcset":"https:\/\/i0.wp.com\/vincentians.com\/en\/wp-content\/uploads\/sites\/2\/2016\/07\/laboure-miraculous-medal.jpg?fit=1200%2C630&resize=350%2C200 1x, https:\/\/i0.wp.com\/vincentians.com\/en\/wp-content\/uploads\/sites\/2\/2016\/07\/laboure-miraculous-medal.jpg?fit=1200%2C630&resize=525%2C300 1.5x, https:\/\/i0.wp.com\/vincentians.com\/en\/wp-content\/uploads\/sites\/2\/2016\/07\/laboure-miraculous-medal.jpg?fit=1200%2C630&resize=700%2C400 2x, https:\/\/i0.wp.com\/vincentians.com\/en\/wp-content\/uploads\/sites\/2\/2016\/07\/laboure-miraculous-medal.jpg?fit=1200%2C630&resize=1050%2C600 3x"},"classes":[]},{"id":105411,"url":"http:\/\/vincentians.com\/en\/saint-catherine-laboure-of-the-miraculous-medal-xiv-the-medal-and-ratisbonne\/","url_meta":{"origin":105376,"position":5},"title":"Saint Catherine Labour\u00e9 of the Miraculous Medal XIV. The Medal and Ratisbonne","author":"Francisco Javier Fern\u00e1ndez Chento","date":"August 2, 2016","format":false,"excerpt":"XIV. The Medal and Ratisbonne Soon after the apparition of July 18, 1830, Catherine had told her director: \"The Blessed Virgin asks another mission of you. She wishes you to establish an order of which you will be the founder and director. It is a Confraternity of Children of Mary.\u2026","rel":"","context":"In &quot;Catherine Labour\u00e9&quot;","block_context":{"text":"Catherine Labour\u00e9","link":"http:\/\/vincentians.com\/en\/category\/the-vincentian-family\/the-vincentian-family-in-heaven\/saint\/catherine-laboure\/"},"img":{"alt_text":"","src":"https:\/\/i0.wp.com\/vincentians.com\/en\/wp-content\/uploads\/sites\/2\/2016\/07\/laboure-miraculous-medal.jpg?fit=1200%2C630&resize=350%2C200","width":350,"height":200,"srcset":"https:\/\/i0.wp.com\/vincentians.com\/en\/wp-content\/uploads\/sites\/2\/2016\/07\/laboure-miraculous-medal.jpg?fit=1200%2C630&resize=350%2C200 1x, https:\/\/i0.wp.com\/vincentians.com\/en\/wp-content\/uploads\/sites\/2\/2016\/07\/laboure-miraculous-medal.jpg?fit=1200%2C630&resize=525%2C300 1.5x, https:\/\/i0.wp.com\/vincentians.com\/en\/wp-content\/uploads\/sites\/2\/2016\/07\/laboure-miraculous-medal.jpg?fit=1200%2C630&resize=700%2C400 2x, https:\/\/i0.wp.com\/vincentians.com\/en\/wp-content\/uploads\/sites\/2\/2016\/07\/laboure-miraculous-medal.jpg?fit=1200%2C630&resize=1050%2C600 3x"},"classes":[]}],"_links":{"self":[{"href":"http:\/\/vincentians.com\/en\/wp-json\/wp\/v2\/posts\/105376","targetHints":{"allow":["GET"]}}],"collection":[{"href":"http:\/\/vincentians.com\/en\/wp-json\/wp\/v2\/posts"}],"about":[{"href":"http:\/\/vincentians.com\/en\/wp-json\/wp\/v2\/types\/post"}],"author":[{"embeddable":true,"href":"http:\/\/vincentians.com\/en\/wp-json\/wp\/v2\/users\/4"}],"replies":[{"embeddable":true,"href":"http:\/\/vincentians.com\/en\/wp-json\/wp\/v2\/comments?post=105376"}],"version-history":[{"count":0,"href":"http:\/\/vincentians.com\/en\/wp-json\/wp\/v2\/posts\/105376\/revisions"}],"wp:featuredmedia":[{"embeddable":true,"href":"http:\/\/vincentians.com\/en\/wp-json\/wp\/v2\/media\/149527"}],"wp:attachment":[{"href":"http:\/\/vincentians.com\/en\/wp-json\/wp\/v2\/media?parent=105376"}],"wp:term":[{"taxonomy":"category","embeddable":true,"href":"http:\/\/vincentians.com\/en\/wp-json\/wp\/v2\/categories?post=105376"},{"taxonomy":"post_tag","embeddable":true,"href":"http:\/\/vincentians.com\/en\/wp-json\/wp\/v2\/tags?post=105376"}],"curies":[{"name":"wp","href":"https:\/\/api.w.org\/{rel}","templated":true}]}}