{"id":105333,"date":"2016-08-24T06:00:35","date_gmt":"2016-08-24T04:00:35","guid":{"rendered":"http:\/\/vincentians.com\/?p=105333"},"modified":"2016-07-13T18:12:20","modified_gmt":"2016-07-13T16:12:20","slug":"the-life-of-vincent-de-paul-abelly-book-i-chapter-lii","status":"publish","type":"post","link":"http:\/\/vincentians.com\/en\/the-life-of-vincent-de-paul-abelly-book-i-chapter-lii\/","title":{"rendered":"The Life of Vincent de Paul (Abelly): Book I, Chapter LII"},"content":{"rendered":"<p><strong>Events Surrounding the Death of Monsieur Vincent<\/strong><\/p>\n<p>This faithful servant of God in his lingering illness awaited, like another Simeon, the happy hour when his divine Redeemer would deliver him from this body of death that held his soul in captivity. If this was deferred, it was only to fill up his merits by continuing to exercise his patience and other virtues he practiced so worthily, and to complete the crown prepared for his faithful life. When this was accomplished, the Father of mercies and the God of all consolation willed to give him the supreme prize, the death of the just. To put it better, this would end his dying here below to begin the true life of the just with the saints in a blessed eternity.<\/p>\n<p>Sacred history tells us that when God called Moses to the summit of Mount Nebo, he commanded him to die there. The holy patriarch submitted to the will of God. He died that very hour, not through any sickness but purely through his obedience. &#8220;And he died,&#8221; says Holy Scripture, &#8220;by the mouth of the Lord,&#8221; <span id='easy-footnote-1-105333' class='easy-footnote-margin-adjust'><\/span><span class='easy-footnote'><a href='http:\/\/vincentians.com\/en\/the-life-of-vincent-de-paul-abelly-book-i-chapter-lii\/#easy-footnote-bottom-1-105333' title='Deut 34:5.'><sup>1<\/sup><\/a><\/span> that is to say, receiving death as a singular favor, a kiss of peace, from the mouth of his Lord and God.<\/p>\n<p>If it be permitted to compare the graces God gave to his saints to what he gave his dearest servants, leaving aside any judgment about their merits, we may say that by a special mercy he conferred a similar gift upon his faithful servant Vincent de Paul, who had ever lived in entire and perfect dependence on his holy will. His death was not so much the result of fevers or other serious illness but rather a sort of obedience and submission to the divine will. His death was so peaceful and tranquil that it seemed a gentle sleep rather than a death. To express what occurred with this holy man, we might say he fell asleep in the peace of his Lord, who willed to anticipate the choicest blessing of his divine compassion and to place on his head a priceless crown of glory. This was the reward God wished to give for his life of fidelity and zeal. He had consumed his life in the cares, labors, and fatigues of God&#8217;s service, but completed it happily in peace and tranquility. He voluntarily deprived himself of all repose or satisfaction during his life to procure the coming of the kingdom of Jesus Christ and the advancement of his glory. In dying he found a true repose by entering into the joy of the Lord. This is how it came about.<\/p>\n<p>Seeing his end approaching, Monsieur Vincent disposed himself interiorly for this last passage by continuing to practice those virtues he considered most agreeable to God. This was detachment from all created things, as much as charity permitted, to raise his heart more perfectly to the Principle of all good. On September 25, towards noon, he slept in his chair, something that was happening now more often because of his lack of sleep during the night, as well as his great weakness, which seemed more pronounced. He thought of this sleep as a sort of advance guard of his approaching death. When someone asked why he slept so much he remarked with a smile that it was the brother coming to meet the sister, by which he meant sleep as the brother awaiting sister death.<\/p>\n<p>On Sunday, September 26, he had himself carried to the chapel for mass and communion, as he did every day, but when he returned to his room fell into a deeper sleep than usual. The brother attending him awakened him after some time, spoke to him briefly, but saw that he immediately fell into the same deep sleep. He alerted the director of the house, who had the doctor called, but he found Monsieur Vincent in such a weakened state he felt no further remedy would be effective. The doctor advised the administration of the sacrament of extreme unction, but before leaving he was able to awaken his patient. In his usual way he responded with a smiling and affable countenance, but was so weak he could say only a few words, but unable to finish what he wanted to say.<\/p>\n<p>Later, one of the principal priests of the Congregation came to see him, asking for his final blessing upon all members of the community, both those present and those absent. He attempted to raise his head and said the first part of the blessing in an audible voice, but it trailed off in the second. Towards evening, as he became increasingly weaker and apparently lapsing into the last agony, he was administered the sacrament of extreme unction. He passed the night calmly, in almost constant communion with God. When he lapsed into unconsciousness only a word addressed to him could rouse him, while all other words seemed to have no effect. Among the pious aspirations suggested to him from time to time, he seemed to respond best to these words of the psalmist: <em>Deus in adjutorium meum intende<\/em>, [&#8220;God come to my assistance&#8221;] which were often repeated. He would respond <em>Domine ad adjuvandum me festina<\/em> [&#8220;Lord make haste to help me&#8221;]. <span id='easy-footnote-2-105333' class='easy-footnote-margin-adjust'><\/span><span class='easy-footnote'><a href='http:\/\/vincentians.com\/en\/the-life-of-vincent-de-paul-abelly-book-i-chapter-lii\/#easy-footnote-bottom-2-105333' title='Ps 70:2.'><sup>2<\/sup><\/a><\/span> He continued to do this until his last breath, imitating the great saints, fathers of the desert, who regularly used this same short prayer to show their dependence on the sovereign power of God, the constant need they had of his graces and mercy, their hope in his goodness, and the filial love which moved their heart. They proved their desire to seek God always as their good Father, never fearing to weary him by their insistent prayers, but showing a great and perfect confidence in his infinite love.<\/p>\n<p>A virtuous priest of the Tuesday Conference, a great friend of Monsieur Vincent, was at Saint Lazare at the time on retreat. <span id='easy-footnote-3-105333' class='easy-footnote-margin-adjust'><\/span><span class='easy-footnote'><a href='http:\/\/vincentians.com\/en\/the-life-of-vincent-de-paul-abelly-book-i-chapter-lii\/#easy-footnote-bottom-3-105333' title='Father Le Prestre, one of the most zealous members.'><sup>3<\/sup><\/a><\/span> He heard of the extremity to which Monsieur Vincent was reduced and went to visit him in his sickroom shortly before he expired. He asked for a blessing upon all members of the conference, to leave his spirit with them, and to obtain from God that their group never depart from the way of virtue inspired and communicated by Monsieur Vincent. The response was in his usual humble way, <em>Qui coepit opus bonum, ipse perficiet<\/em> [&#8220;He who has begun the good work in you will carry it through to completion&#8221;]. <span id='easy-footnote-4-105333' class='easy-footnote-margin-adjust'><\/span><span class='easy-footnote'><a href='http:\/\/vincentians.com\/en\/the-life-of-vincent-de-paul-abelly-book-i-chapter-lii\/#easy-footnote-bottom-4-105333' title='Phil 1:6.'><sup>4<\/sup><\/a><\/span> Shortly after, he quietly passed from this life to a better one with no agitation whatsoever.<\/p>\n<p>On Monday, September 27, 1660, at 4:30 A.M., God called him to himself, just at the hour his confreres were beginning their meditation to attract God to themselves. This was the very hour and the very moment he was accustomed, for over forty years, to invoke the Holy Spirit upon himself and his confreres. At that hour, this same adorable Spirit brought his soul from earth to heaven, as we so confidently hope from the infinite goodness of God, considering his holy life, his zeal for the glory of God, his charity for the neighbor, his humility, his patience, and all the other virtues he practiced right up to the time of his death. His life gives us good reason to believe in the infinite goodness of God. This faithful servant of his divine majesty could well say in this hour of his death, in humble thanks for his graces, and in imitation of the holy apostle, that he had fought courageously, had completed his course, had preserved an inviolable fidelity, and there remained only that he receive the crown of justice from the hand of his sovereign Lord.<\/p>\n<p>After breathing his last, his appearance did not change. He retained his usual gentle and serene expression, seated in his chair as though sleeping. He had been sitting there, fully clothed, the last twenty-four hours of his life, for those present felt there would be more harm done if they attempted to move him.<\/p>\n<p>He died without a fever, without any single significant event, but by a seeming gradual weakening of nature, like a lamp going out as the oil is used up. His body did not become rigid but remained pliable as before. An autopsy removed all the principal organs, all of which were found to be healthy. A growth, the size of an <em>ecu<\/em>, had formed in his spleen, which the doctors and surgeons found quite extraordinary. This suggested an intervention of divine Providence in his favor, for this growth was spongy and soft, serving as a reservoir for melancholic humors. Normally, when these discharge, they release such vapors to the brain that the imagination is flooded with illusions, and sometimes the judgment is adversely affected. God, who destined Monsieur Vincent for such signal services to his Church, seems to have exempted Monsieur Vincent from this natural process. God never allowed false lights or erroneous impressions to influence him. He was above all such weaknesses. He had a sound judgment and knew well how to discern in all things the good and the evil, the true and the false, the certain and the doubtful, as we saw throughout his life.<\/p>\n<p>He was waked the next day, September 28, until midday, in the meeting hall and then in the church of Saint Lazare, when the divine service as celebrated, followed by his interment. In attendance were the Prince de Conti, Archbishop Piccolomini, papal nuncio and archbishop of Caesarea, and several other prelates, several pastors of Paris, and a great number of priests and many religious of various orders. <span id='easy-footnote-5-105333' class='easy-footnote-margin-adjust'><\/span><span class='easy-footnote'><a href='http:\/\/vincentians.com\/en\/the-life-of-vincent-de-paul-abelly-book-i-chapter-lii\/#easy-footnote-bottom-5-105333' title='Among these were Jacques Benigne Bossuet and Armand de Montmorin, archbishop of Vienne. This latter requested permission to look one last time on the saint&amp;#8217;s face before the slab was fixed on his tomb. As he did so, he kissed Saint Vincent&amp;#8217;s hands.'><sup>5<\/sup><\/a><\/span> The Duchess d&#8217;Aiguillon and several other lords and ladies honored his memory by their presence, not to mention a large crowd of the people. His heart was preserved in a silver urn, given by the duchess. His body was placed in a leaden coffin, enclosed in another of wood, and was buried in the middle of the choir in the church of Saint Lazare. This epitaph was placed on the stone: <em>Hic jacet Venerabilis Vir Vincentius a Paulo, Presbyter, Fundator seu Institutor, et primus Superior Generalis Congregationis Missionis, nec non Puellarum Charitatis. Obiit die 27. Septembris anni 1660. Aetatis vero suae 85<\/em>. [&#8220;Here lies the venerable Vincent de Paul, priest, founder or institutor and first superior general of the Congregation of the Mission and of the Daughters of Charity. He died September 27, 1660, at the age of eighty-five&#8221;].<\/p>\n<p>The priests of the Tuesday Conference of Saint Lazare whom Monsieur Vincent brought together and directed for so many years, held a solemn service some time later in the church of Saint Germain l&#8217;Auxerrois at Paris. Bishop Henri de Maupas du Tour, formerly of Le Puy and now of Evreux, had a special veneration and affection for the great servant of God and gave the funeral oration with as much zeal as learning and piety. He was listened to with a singular admiration and edification by all his audience, composed of a large group of prelates, clergy, religious, and an enormous gathering of other people. He could not say all he wanted, even though he spoke for over two hours. As he said himself, his subject was so vast he would have required a whole Lenten series to do it justice.<\/p>\n<p>Several cathedral churches, Reims among them, offered solemn masses for his happy repose, as did many parish churches and religious communities. Many individual priests of Paris and other places in France also offered masses in appreciation of his charity and in thanks for what he had given to the entire Church.<\/p>\n<p><em>End of Book One<\/em><\/p>\n","protected":false},"excerpt":{"rendered":"<p>Events Surrounding the Death of Monsieur Vincent This faithful servant of God in his lingering illness awaited, like another Simeon, the happy hour when his divine Redeemer would deliver him from this body of death &#8230; <a href=\"http:\/\/vincentians.com\/en\/the-life-of-vincent-de-paul-abelly-book-i-chapter-lii\/\" class=\"more-link\">Read More<\/a><\/p>\n","protected":false},"author":4,"featured_media":149583,"comment_status":"open","ping_status":"open","sticky":false,"template":"","format":"standard","meta":{"jetpack_post_was_ever_published":false,"_jetpack_newsletter_access":"","_jetpack_dont_email_post_to_subs":false,"_jetpack_newsletter_tier_id":0,"_jetpack_memberships_contains_paywalled_content":false,"_jetpack_memberships_contains_paid_content":false,"footnotes":"","jetpack_publicize_message":"","jetpack_publicize_feature_enabled":true,"jetpack_social_post_already_shared":true,"jetpack_social_options":{"image_generator_settings":{"template":"highway","default_image_id":0,"font":"","enabled":false},"version":2}},"categories":[5],"tags":[],"class_list":["post-105333","post","type-post","status-publish","format-standard","has-post-thumbnail","hentry","category-vincent-de-paul"],"yoast_head":"<!-- This site is optimized with the Yoast SEO plugin v26.3 - https:\/\/yoast.com\/wordpress\/plugins\/seo\/ -->\n<title>The Life of Vincent de Paul (Abelly): Book I, Chapter LII - We are Vincentians<\/title>\n<meta name=\"robots\" content=\"index, follow, max-snippet:-1, max-image-preview:large, max-video-preview:-1\" \/>\n<link rel=\"canonical\" href=\"http:\/\/vincentians.com\/en\/the-life-of-vincent-de-paul-abelly-book-i-chapter-lii\/\" \/>\n<meta property=\"og:locale\" content=\"en_US\" \/>\n<meta property=\"og:type\" content=\"article\" \/>\n<meta property=\"og:title\" content=\"The Life of Vincent de Paul (Abelly): Book I, Chapter LII - We are Vincentians\" \/>\n<meta property=\"og:description\" content=\"Events Surrounding the Death of Monsieur Vincent This faithful servant of God in his lingering illness awaited, like another Simeon, the happy hour when his divine Redeemer would deliver him from this body of death ... Read More\" \/>\n<meta property=\"og:url\" content=\"http:\/\/vincentians.com\/en\/the-life-of-vincent-de-paul-abelly-book-i-chapter-lii\/\" \/>\n<meta property=\"og:site_name\" content=\"We are Vincentians\" \/>\n<meta property=\"article:publisher\" content=\"https:\/\/www.facebook.com\/WeAreVincentians\/\" \/>\n<meta property=\"article:author\" content=\"https:\/\/www.facebook.com\/JavierChento\" \/>\n<meta property=\"article:published_time\" content=\"2016-08-24T04:00:35+00:00\" \/>\n<meta property=\"og:image\" content=\"https:\/\/i0.wp.com\/vincentians.com\/en\/wp-content\/uploads\/sites\/2\/2016\/07\/abelly-feat.jpg?fit=1200%2C630\" \/>\n\t<meta property=\"og:image:width\" content=\"1200\" \/>\n\t<meta property=\"og:image:height\" content=\"630\" \/>\n\t<meta property=\"og:image:type\" content=\"image\/jpeg\" \/>\n<meta name=\"author\" content=\"Francisco Javier Fern\u00e1ndez Chento\" \/>\n<meta name=\"twitter:card\" content=\"summary_large_image\" \/>\n<meta name=\"twitter:creator\" content=\"@https:\/\/twitter.com\/javierchento\" \/>\n<meta name=\"twitter:site\" content=\"@WeVincentians\" \/>\n<meta name=\"twitter:label1\" content=\"Written by\" \/>\n\t<meta name=\"twitter:data1\" content=\"Francisco Javier Fern\u00e1ndez Chento\" \/>\n\t<meta name=\"twitter:label2\" content=\"Est. reading time\" \/>\n\t<meta name=\"twitter:data2\" content=\"10 minutes\" \/>\n<script type=\"application\/ld+json\" class=\"yoast-schema-graph\">{\"@context\":\"https:\/\/schema.org\",\"@graph\":[{\"@type\":\"Article\",\"@id\":\"http:\/\/vincentians.com\/en\/the-life-of-vincent-de-paul-abelly-book-i-chapter-lii\/#article\",\"isPartOf\":{\"@id\":\"http:\/\/vincentians.com\/en\/the-life-of-vincent-de-paul-abelly-book-i-chapter-lii\/\"},\"author\":{\"name\":\"Francisco Javier Fern\u00e1ndez Chento\",\"@id\":\"https:\/\/vincentians.com\/en\/#\/schema\/person\/9623ef4d9aa3b2dfb8c061f1499288f2\"},\"headline\":\"The Life of Vincent de Paul (Abelly): Book I, Chapter LII\",\"datePublished\":\"2016-08-24T04:00:35+00:00\",\"mainEntityOfPage\":{\"@id\":\"http:\/\/vincentians.com\/en\/the-life-of-vincent-de-paul-abelly-book-i-chapter-lii\/\"},\"wordCount\":1999,\"commentCount\":0,\"publisher\":{\"@id\":\"https:\/\/vincentians.com\/en\/#organization\"},\"image\":{\"@id\":\"http:\/\/vincentians.com\/en\/the-life-of-vincent-de-paul-abelly-book-i-chapter-lii\/#primaryimage\"},\"thumbnailUrl\":\"https:\/\/i0.wp.com\/vincentians.com\/en\/wp-content\/uploads\/sites\/2\/2016\/07\/abelly-feat.jpg?fit=1200%2C630\",\"articleSection\":[\"Vincent de Paul\"],\"inLanguage\":\"en-US\",\"potentialAction\":[{\"@type\":\"CommentAction\",\"name\":\"Comment\",\"target\":[\"http:\/\/vincentians.com\/en\/the-life-of-vincent-de-paul-abelly-book-i-chapter-lii\/#respond\"]}]},{\"@type\":\"WebPage\",\"@id\":\"http:\/\/vincentians.com\/en\/the-life-of-vincent-de-paul-abelly-book-i-chapter-lii\/\",\"url\":\"http:\/\/vincentians.com\/en\/the-life-of-vincent-de-paul-abelly-book-i-chapter-lii\/\",\"name\":\"The Life of Vincent de Paul (Abelly): Book I, Chapter LII - We are Vincentians\",\"isPartOf\":{\"@id\":\"https:\/\/vincentians.com\/en\/#website\"},\"primaryImageOfPage\":{\"@id\":\"http:\/\/vincentians.com\/en\/the-life-of-vincent-de-paul-abelly-book-i-chapter-lii\/#primaryimage\"},\"image\":{\"@id\":\"http:\/\/vincentians.com\/en\/the-life-of-vincent-de-paul-abelly-book-i-chapter-lii\/#primaryimage\"},\"thumbnailUrl\":\"https:\/\/i0.wp.com\/vincentians.com\/en\/wp-content\/uploads\/sites\/2\/2016\/07\/abelly-feat.jpg?fit=1200%2C630\",\"datePublished\":\"2016-08-24T04:00:35+00:00\",\"breadcrumb\":{\"@id\":\"http:\/\/vincentians.com\/en\/the-life-of-vincent-de-paul-abelly-book-i-chapter-lii\/#breadcrumb\"},\"inLanguage\":\"en-US\",\"potentialAction\":[{\"@type\":\"ReadAction\",\"target\":[\"http:\/\/vincentians.com\/en\/the-life-of-vincent-de-paul-abelly-book-i-chapter-lii\/\"]}]},{\"@type\":\"ImageObject\",\"inLanguage\":\"en-US\",\"@id\":\"http:\/\/vincentians.com\/en\/the-life-of-vincent-de-paul-abelly-book-i-chapter-lii\/#primaryimage\",\"url\":\"https:\/\/i0.wp.com\/vincentians.com\/en\/wp-content\/uploads\/sites\/2\/2016\/07\/abelly-feat.jpg?fit=1200%2C630\",\"contentUrl\":\"https:\/\/i0.wp.com\/vincentians.com\/en\/wp-content\/uploads\/sites\/2\/2016\/07\/abelly-feat.jpg?fit=1200%2C630\",\"width\":1200,\"height\":630},{\"@type\":\"BreadcrumbList\",\"@id\":\"http:\/\/vincentians.com\/en\/the-life-of-vincent-de-paul-abelly-book-i-chapter-lii\/#breadcrumb\",\"itemListElement\":[{\"@type\":\"ListItem\",\"position\":1,\"name\":\"Portada\",\"item\":\"https:\/\/vincentians.com\/en\/\"},{\"@type\":\"ListItem\",\"position\":2,\"name\":\"The Life of Vincent de Paul (Abelly): Book I, Chapter LII\"}]},{\"@type\":\"WebSite\",\"@id\":\"https:\/\/vincentians.com\/en\/#website\",\"url\":\"https:\/\/vincentians.com\/en\/\",\"name\":\"We are Vincentians\",\"description\":\"Know more to serve more\",\"publisher\":{\"@id\":\"https:\/\/vincentians.com\/en\/#organization\"},\"potentialAction\":[{\"@type\":\"SearchAction\",\"target\":{\"@type\":\"EntryPoint\",\"urlTemplate\":\"https:\/\/vincentians.com\/en\/?s={search_term_string}\"},\"query-input\":{\"@type\":\"PropertyValueSpecification\",\"valueRequired\":true,\"valueName\":\"search_term_string\"}}],\"inLanguage\":\"en-US\"},{\"@type\":\"Organization\",\"@id\":\"https:\/\/vincentians.com\/en\/#organization\",\"name\":\"The Vincentian Network\",\"url\":\"https:\/\/vincentians.com\/en\/\",\"logo\":{\"@type\":\"ImageObject\",\"inLanguage\":\"en-US\",\"@id\":\"https:\/\/vincentians.com\/en\/#\/schema\/logo\/image\/\",\"url\":\"https:\/\/i1.wp.com\/vincentians.com\/en\/wp-content\/uploads\/sites\/2\/2016\/06\/Vincentian-Network-logo-big.png?fit=778%2C778&ssl=1\",\"contentUrl\":\"https:\/\/i1.wp.com\/vincentians.com\/en\/wp-content\/uploads\/sites\/2\/2016\/06\/Vincentian-Network-logo-big.png?fit=778%2C778&ssl=1\",\"width\":778,\"height\":778,\"caption\":\"The Vincentian Network\"},\"image\":{\"@id\":\"https:\/\/vincentians.com\/en\/#\/schema\/logo\/image\/\"},\"sameAs\":[\"https:\/\/www.facebook.com\/WeAreVincentians\/\",\"https:\/\/x.com\/WeVincentians\"]},{\"@type\":\"Person\",\"@id\":\"https:\/\/vincentians.com\/en\/#\/schema\/person\/9623ef4d9aa3b2dfb8c061f1499288f2\",\"name\":\"Francisco Javier Fern\u00e1ndez Chento\",\"image\":{\"@type\":\"ImageObject\",\"inLanguage\":\"en-US\",\"@id\":\"https:\/\/vincentians.com\/en\/#\/schema\/person\/image\/\",\"url\":\"https:\/\/secure.gravatar.com\/avatar\/497d5cde87b4c3d097d0315953521681ba2cd523ee66e5077c3711f7021e65de?s=96&d=mm&r=g\",\"contentUrl\":\"https:\/\/secure.gravatar.com\/avatar\/497d5cde87b4c3d097d0315953521681ba2cd523ee66e5077c3711f7021e65de?s=96&d=mm&r=g\",\"caption\":\"Francisco Javier Fern\u00e1ndez Chento\"},\"description\":\"Director General y cofundador de La Red de Formaci\u00f3n Vicenciana. Javier es laico vicenciano, afiliado a la Congregaci\u00f3n de la Misi\u00f3n y miembro del Equipo de Misiones Populares de la provincia can\u00f3nica de Zaragoza (Espa\u00f1a) de la Congregaci\u00f3n de la Misi\u00f3n. Graduado en la Universidad Oberta de Catalunya con cuatro grados (Asistente de direcci\u00f3n, Gesti\u00f3n Administrativa, Recursos Humanos y Contabilidad Avanzada). Bil\u00edng\u00fce Espa\u00f1ol\/Ingl\u00e9s. gestiona y mantiene varias p\u00e1ginas web cristianas y vicencianas, incluida including La Red de Formaci\u00f3n Vicenciana, de la que es cofundador. Actualmente es responsable del \u00e1rea de Espa\u00f1ol de .famvin, la Red de Noticias de la Familia Vicenciana. Tambi\u00e9n es m\u00fasico cat\u00f3lico y ha editado varios discos. Es Director General y cofundador de Trovador, una reconocida compa\u00f1\u00eda discogr\u00e1fica critiana de Espa\u00f1a. Trabaja en las Tecnolog\u00edas de la Informaci\u00f3n, ofreciendo servicios de alojamiento, dise\u00f1o y mantenimiento Web, as\u00ed como asesoramiento, formaci\u00f3n y soluciones inform\u00e1ticas, gesti\u00f3n documental y digitalizaci\u00f3n de textos, edici\u00f3n y maquetaci\u00f3n de libros, revistas, flyers, etc.\",\"sameAs\":[\"http:\/\/chento.org\",\"https:\/\/www.facebook.com\/JavierChento\",\"https:\/\/x.com\/https:\/\/twitter.com\/javierchento\"],\"url\":\"http:\/\/vincentians.com\/en\/author\/chento\/\"}]}<\/script>\n<!-- \/ Yoast SEO plugin. -->","yoast_head_json":{"title":"The Life of Vincent de Paul (Abelly): Book I, Chapter LII - We are Vincentians","robots":{"index":"index","follow":"follow","max-snippet":"max-snippet:-1","max-image-preview":"max-image-preview:large","max-video-preview":"max-video-preview:-1"},"canonical":"http:\/\/vincentians.com\/en\/the-life-of-vincent-de-paul-abelly-book-i-chapter-lii\/","og_locale":"en_US","og_type":"article","og_title":"The Life of Vincent de Paul (Abelly): Book I, Chapter LII - We are Vincentians","og_description":"Events Surrounding the Death of Monsieur Vincent This faithful servant of God in his lingering illness awaited, like another Simeon, the happy hour when his divine Redeemer would deliver him from this body of death ... Read More","og_url":"http:\/\/vincentians.com\/en\/the-life-of-vincent-de-paul-abelly-book-i-chapter-lii\/","og_site_name":"We are Vincentians","article_publisher":"https:\/\/www.facebook.com\/WeAreVincentians\/","article_author":"https:\/\/www.facebook.com\/JavierChento","article_published_time":"2016-08-24T04:00:35+00:00","og_image":[{"width":1200,"height":630,"url":"https:\/\/i0.wp.com\/vincentians.com\/en\/wp-content\/uploads\/sites\/2\/2016\/07\/abelly-feat.jpg?fit=1200%2C630","type":"image\/jpeg"}],"author":"Francisco Javier Fern\u00e1ndez Chento","twitter_card":"summary_large_image","twitter_creator":"@https:\/\/twitter.com\/javierchento","twitter_site":"@WeVincentians","twitter_misc":{"Written by":"Francisco Javier Fern\u00e1ndez Chento","Est. reading time":"10 minutes"},"schema":{"@context":"https:\/\/schema.org","@graph":[{"@type":"Article","@id":"http:\/\/vincentians.com\/en\/the-life-of-vincent-de-paul-abelly-book-i-chapter-lii\/#article","isPartOf":{"@id":"http:\/\/vincentians.com\/en\/the-life-of-vincent-de-paul-abelly-book-i-chapter-lii\/"},"author":{"name":"Francisco Javier Fern\u00e1ndez Chento","@id":"https:\/\/vincentians.com\/en\/#\/schema\/person\/9623ef4d9aa3b2dfb8c061f1499288f2"},"headline":"The Life of Vincent de Paul (Abelly): Book I, Chapter LII","datePublished":"2016-08-24T04:00:35+00:00","mainEntityOfPage":{"@id":"http:\/\/vincentians.com\/en\/the-life-of-vincent-de-paul-abelly-book-i-chapter-lii\/"},"wordCount":1999,"commentCount":0,"publisher":{"@id":"https:\/\/vincentians.com\/en\/#organization"},"image":{"@id":"http:\/\/vincentians.com\/en\/the-life-of-vincent-de-paul-abelly-book-i-chapter-lii\/#primaryimage"},"thumbnailUrl":"https:\/\/i0.wp.com\/vincentians.com\/en\/wp-content\/uploads\/sites\/2\/2016\/07\/abelly-feat.jpg?fit=1200%2C630","articleSection":["Vincent de Paul"],"inLanguage":"en-US","potentialAction":[{"@type":"CommentAction","name":"Comment","target":["http:\/\/vincentians.com\/en\/the-life-of-vincent-de-paul-abelly-book-i-chapter-lii\/#respond"]}]},{"@type":"WebPage","@id":"http:\/\/vincentians.com\/en\/the-life-of-vincent-de-paul-abelly-book-i-chapter-lii\/","url":"http:\/\/vincentians.com\/en\/the-life-of-vincent-de-paul-abelly-book-i-chapter-lii\/","name":"The Life of Vincent de Paul (Abelly): Book I, Chapter LII - We are Vincentians","isPartOf":{"@id":"https:\/\/vincentians.com\/en\/#website"},"primaryImageOfPage":{"@id":"http:\/\/vincentians.com\/en\/the-life-of-vincent-de-paul-abelly-book-i-chapter-lii\/#primaryimage"},"image":{"@id":"http:\/\/vincentians.com\/en\/the-life-of-vincent-de-paul-abelly-book-i-chapter-lii\/#primaryimage"},"thumbnailUrl":"https:\/\/i0.wp.com\/vincentians.com\/en\/wp-content\/uploads\/sites\/2\/2016\/07\/abelly-feat.jpg?fit=1200%2C630","datePublished":"2016-08-24T04:00:35+00:00","breadcrumb":{"@id":"http:\/\/vincentians.com\/en\/the-life-of-vincent-de-paul-abelly-book-i-chapter-lii\/#breadcrumb"},"inLanguage":"en-US","potentialAction":[{"@type":"ReadAction","target":["http:\/\/vincentians.com\/en\/the-life-of-vincent-de-paul-abelly-book-i-chapter-lii\/"]}]},{"@type":"ImageObject","inLanguage":"en-US","@id":"http:\/\/vincentians.com\/en\/the-life-of-vincent-de-paul-abelly-book-i-chapter-lii\/#primaryimage","url":"https:\/\/i0.wp.com\/vincentians.com\/en\/wp-content\/uploads\/sites\/2\/2016\/07\/abelly-feat.jpg?fit=1200%2C630","contentUrl":"https:\/\/i0.wp.com\/vincentians.com\/en\/wp-content\/uploads\/sites\/2\/2016\/07\/abelly-feat.jpg?fit=1200%2C630","width":1200,"height":630},{"@type":"BreadcrumbList","@id":"http:\/\/vincentians.com\/en\/the-life-of-vincent-de-paul-abelly-book-i-chapter-lii\/#breadcrumb","itemListElement":[{"@type":"ListItem","position":1,"name":"Portada","item":"https:\/\/vincentians.com\/en\/"},{"@type":"ListItem","position":2,"name":"The Life of Vincent de Paul (Abelly): Book I, Chapter LII"}]},{"@type":"WebSite","@id":"https:\/\/vincentians.com\/en\/#website","url":"https:\/\/vincentians.com\/en\/","name":"We are Vincentians","description":"Know more to serve more","publisher":{"@id":"https:\/\/vincentians.com\/en\/#organization"},"potentialAction":[{"@type":"SearchAction","target":{"@type":"EntryPoint","urlTemplate":"https:\/\/vincentians.com\/en\/?s={search_term_string}"},"query-input":{"@type":"PropertyValueSpecification","valueRequired":true,"valueName":"search_term_string"}}],"inLanguage":"en-US"},{"@type":"Organization","@id":"https:\/\/vincentians.com\/en\/#organization","name":"The Vincentian Network","url":"https:\/\/vincentians.com\/en\/","logo":{"@type":"ImageObject","inLanguage":"en-US","@id":"https:\/\/vincentians.com\/en\/#\/schema\/logo\/image\/","url":"https:\/\/i1.wp.com\/vincentians.com\/en\/wp-content\/uploads\/sites\/2\/2016\/06\/Vincentian-Network-logo-big.png?fit=778%2C778&ssl=1","contentUrl":"https:\/\/i1.wp.com\/vincentians.com\/en\/wp-content\/uploads\/sites\/2\/2016\/06\/Vincentian-Network-logo-big.png?fit=778%2C778&ssl=1","width":778,"height":778,"caption":"The Vincentian Network"},"image":{"@id":"https:\/\/vincentians.com\/en\/#\/schema\/logo\/image\/"},"sameAs":["https:\/\/www.facebook.com\/WeAreVincentians\/","https:\/\/x.com\/WeVincentians"]},{"@type":"Person","@id":"https:\/\/vincentians.com\/en\/#\/schema\/person\/9623ef4d9aa3b2dfb8c061f1499288f2","name":"Francisco Javier Fern\u00e1ndez Chento","image":{"@type":"ImageObject","inLanguage":"en-US","@id":"https:\/\/vincentians.com\/en\/#\/schema\/person\/image\/","url":"https:\/\/secure.gravatar.com\/avatar\/497d5cde87b4c3d097d0315953521681ba2cd523ee66e5077c3711f7021e65de?s=96&d=mm&r=g","contentUrl":"https:\/\/secure.gravatar.com\/avatar\/497d5cde87b4c3d097d0315953521681ba2cd523ee66e5077c3711f7021e65de?s=96&d=mm&r=g","caption":"Francisco Javier Fern\u00e1ndez Chento"},"description":"Director General y cofundador de La Red de Formaci\u00f3n Vicenciana. Javier es laico vicenciano, afiliado a la Congregaci\u00f3n de la Misi\u00f3n y miembro del Equipo de Misiones Populares de la provincia can\u00f3nica de Zaragoza (Espa\u00f1a) de la Congregaci\u00f3n de la Misi\u00f3n. Graduado en la Universidad Oberta de Catalunya con cuatro grados (Asistente de direcci\u00f3n, Gesti\u00f3n Administrativa, Recursos Humanos y Contabilidad Avanzada). Bil\u00edng\u00fce Espa\u00f1ol\/Ingl\u00e9s. gestiona y mantiene varias p\u00e1ginas web cristianas y vicencianas, incluida including La Red de Formaci\u00f3n Vicenciana, de la que es cofundador. Actualmente es responsable del \u00e1rea de Espa\u00f1ol de .famvin, la Red de Noticias de la Familia Vicenciana. Tambi\u00e9n es m\u00fasico cat\u00f3lico y ha editado varios discos. Es Director General y cofundador de Trovador, una reconocida compa\u00f1\u00eda discogr\u00e1fica critiana de Espa\u00f1a. Trabaja en las Tecnolog\u00edas de la Informaci\u00f3n, ofreciendo servicios de alojamiento, dise\u00f1o y mantenimiento Web, as\u00ed como asesoramiento, formaci\u00f3n y soluciones inform\u00e1ticas, gesti\u00f3n documental y digitalizaci\u00f3n de textos, edici\u00f3n y maquetaci\u00f3n de libros, revistas, flyers, etc.","sameAs":["http:\/\/chento.org","https:\/\/www.facebook.com\/JavierChento","https:\/\/x.com\/https:\/\/twitter.com\/javierchento"],"url":"http:\/\/vincentians.com\/en\/author\/chento\/"}]}},"jetpack_publicize_connections":[],"jetpack_featured_media_url":"https:\/\/i0.wp.com\/vincentians.com\/en\/wp-content\/uploads\/sites\/2\/2016\/07\/abelly-feat.jpg?fit=1200%2C630","jetpack_sharing_enabled":true,"jetpack_shortlink":"https:\/\/wp.me\/p7K2Ow-roV","jetpack-related-posts":[{"id":108832,"url":"http:\/\/vincentians.com\/en\/the-litany-of-st-vincent-de-paul\/","url_meta":{"origin":105333,"position":0},"title":"The Litany of St. Vincent de Paul","author":"Francisco Javier Fern\u00e1ndez Chento","date":"January 1, 2016","format":false,"excerpt":"Lord, have mercy on us. Lord, have mercy on us. Christ, have mercy on us. Christ, have mercy on us. Christ, hear us. Christ, graciously hear us. God, the Father of Heaven, Have mercy on us. God, the Son, Redeemer of the world, Have mercy on us. God, the Holy\u2026","rel":"","context":"In &quot;Prayer&quot;","block_context":{"text":"Prayer","link":"http:\/\/vincentians.com\/en\/category\/spirituality\/prayer\/"},"img":{"alt_text":"","src":"https:\/\/i0.wp.com\/vincentians.com\/en\/wp-content\/uploads\/sites\/2\/2014\/01\/vicente-de-paul.jpg?fit=1200%2C630&resize=350%2C200","width":350,"height":200,"srcset":"https:\/\/i0.wp.com\/vincentians.com\/en\/wp-content\/uploads\/sites\/2\/2014\/01\/vicente-de-paul.jpg?fit=1200%2C630&resize=350%2C200 1x, https:\/\/i0.wp.com\/vincentians.com\/en\/wp-content\/uploads\/sites\/2\/2014\/01\/vicente-de-paul.jpg?fit=1200%2C630&resize=525%2C300 1.5x, https:\/\/i0.wp.com\/vincentians.com\/en\/wp-content\/uploads\/sites\/2\/2014\/01\/vicente-de-paul.jpg?fit=1200%2C630&resize=700%2C400 2x, https:\/\/i0.wp.com\/vincentians.com\/en\/wp-content\/uploads\/sites\/2\/2014\/01\/vicente-de-paul.jpg?fit=1200%2C630&resize=1050%2C600 3x"},"classes":[]},{"id":105316,"url":"http:\/\/vincentians.com\/en\/the-life-of-vincent-de-paul-abelly-book-i-chapter-xxxvi\/","url_meta":{"origin":105333,"position":1},"title":"The Life of Vincent de Paul (Abelly): Book I, Chapter XXXVI","author":"Francisco Javier Fern\u00e1ndez Chento","date":"August 8, 2016","format":false,"excerpt":"Services Provided by Monsieur Vincent to the Late King, Louis XIII of Glorious Memory, in His Last Illness, for the Spiritual Good of his Soul The dignity of kings lifts them so far beyond that of others that Scripture calls them gods, seeing they are vicars and living images of\u2026","rel":"","context":"In &quot;Vincent de Paul&quot;","block_context":{"text":"Vincent de Paul","link":"http:\/\/vincentians.com\/en\/category\/the-vincentian-family\/founders\/vincent-de-paul\/"},"img":{"alt_text":"","src":"https:\/\/i0.wp.com\/vincentians.com\/en\/wp-content\/uploads\/sites\/2\/2016\/07\/abelly-feat.jpg?fit=1200%2C630&resize=350%2C200","width":350,"height":200,"srcset":"https:\/\/i0.wp.com\/vincentians.com\/en\/wp-content\/uploads\/sites\/2\/2016\/07\/abelly-feat.jpg?fit=1200%2C630&resize=350%2C200 1x, https:\/\/i0.wp.com\/vincentians.com\/en\/wp-content\/uploads\/sites\/2\/2016\/07\/abelly-feat.jpg?fit=1200%2C630&resize=525%2C300 1.5x, https:\/\/i0.wp.com\/vincentians.com\/en\/wp-content\/uploads\/sites\/2\/2016\/07\/abelly-feat.jpg?fit=1200%2C630&resize=700%2C400 2x, https:\/\/i0.wp.com\/vincentians.com\/en\/wp-content\/uploads\/sites\/2\/2016\/07\/abelly-feat.jpg?fit=1200%2C630&resize=1050%2C600 3x"},"classes":[]},{"id":106959,"url":"http:\/\/vincentians.com\/en\/the-life-of-vincent-de-paul-abelly-book-ii-chapter-i-section-vii-part-v\/","url_meta":{"origin":105333,"position":2},"title":"The Life of Vincent de Paul (Abelly): Book II, Chapter I, Section VII, Part V","author":"Francisco Javier Fern\u00e1ndez Chento","date":"September 17, 2016","format":false,"excerpt":"PART FIVE: An Account Given by Monsieur Vincent to His Community of the Martyrdom of a Young Christian Burned to Death in Algiers for His Faith in Jesus Christ. All the acts of virtue and piety practiced by the Christian slaves might well be considered as fruits of the missions\u2026","rel":"","context":"In &quot;Vincent de Paul&quot;","block_context":{"text":"Vincent de Paul","link":"http:\/\/vincentians.com\/en\/category\/the-vincentian-family\/founders\/vincent-de-paul\/"},"img":{"alt_text":"","src":"https:\/\/i0.wp.com\/vincentians.com\/en\/wp-content\/uploads\/sites\/2\/2016\/07\/abelly-feat.jpg?fit=1200%2C630&resize=350%2C200","width":350,"height":200,"srcset":"https:\/\/i0.wp.com\/vincentians.com\/en\/wp-content\/uploads\/sites\/2\/2016\/07\/abelly-feat.jpg?fit=1200%2C630&resize=350%2C200 1x, https:\/\/i0.wp.com\/vincentians.com\/en\/wp-content\/uploads\/sites\/2\/2016\/07\/abelly-feat.jpg?fit=1200%2C630&resize=525%2C300 1.5x, https:\/\/i0.wp.com\/vincentians.com\/en\/wp-content\/uploads\/sites\/2\/2016\/07\/abelly-feat.jpg?fit=1200%2C630&resize=700%2C400 2x, https:\/\/i0.wp.com\/vincentians.com\/en\/wp-content\/uploads\/sites\/2\/2016\/07\/abelly-feat.jpg?fit=1200%2C630&resize=1050%2C600 3x"},"classes":[]},{"id":105322,"url":"http:\/\/vincentians.com\/en\/the-life-of-vincent-de-paul-abelly-book-i-chapter-li\/","url_meta":{"origin":105333,"position":3},"title":"The Life of Vincent de Paul (Abelly): Book I, Chapter LI","author":"Francisco Javier Fern\u00e1ndez Chento","date":"August 23, 2016","format":false,"excerpt":"His Preparation for Death Both Monsieur Vincent and his confreres were well aware of his approaching end, but with quite different sentiments. His brethren and all who loved him dreaded this separation and felt a deep regret at seeing it so near. On the other hand, this saintly old man,\u2026","rel":"","context":"In &quot;Vincent de Paul&quot;","block_context":{"text":"Vincent de Paul","link":"http:\/\/vincentians.com\/en\/category\/the-vincentian-family\/founders\/vincent-de-paul\/"},"img":{"alt_text":"","src":"https:\/\/i0.wp.com\/vincentians.com\/en\/wp-content\/uploads\/sites\/2\/2016\/07\/abelly-feat.jpg?fit=1200%2C630&resize=350%2C200","width":350,"height":200,"srcset":"https:\/\/i0.wp.com\/vincentians.com\/en\/wp-content\/uploads\/sites\/2\/2016\/07\/abelly-feat.jpg?fit=1200%2C630&resize=350%2C200 1x, https:\/\/i0.wp.com\/vincentians.com\/en\/wp-content\/uploads\/sites\/2\/2016\/07\/abelly-feat.jpg?fit=1200%2C630&resize=525%2C300 1.5x, https:\/\/i0.wp.com\/vincentians.com\/en\/wp-content\/uploads\/sites\/2\/2016\/07\/abelly-feat.jpg?fit=1200%2C630&resize=700%2C400 2x, https:\/\/i0.wp.com\/vincentians.com\/en\/wp-content\/uploads\/sites\/2\/2016\/07\/abelly-feat.jpg?fit=1200%2C630&resize=1050%2C600 3x"},"classes":[]},{"id":108998,"url":"http:\/\/vincentians.com\/en\/the-liberation-of-the-poor-the-vincentian-rule-to-make-the-gospel-of-jesus-christ-effective-4\/","url_meta":{"origin":105333,"position":4},"title":"The Liberation of the poor: the Vincentian Rule to Make the Gospel of Jesus Christ Effective (4)","author":"Francisco Javier Fern\u00e1ndez Chento","date":"January 17, 2014","format":false,"excerpt":"Vincent de Paul builds up the Kingdom of God We read the following in one of Saint Augustine\u2019s sermons: Help the hungry, the naked and the needy; help strangers and those in bondage. They will be the porters to convey your riches to heaven \u2026 As our head, Christ is\u2026","rel":"","context":"In &quot;Vincentian Formation&quot;","block_context":{"text":"Vincentian Formation","link":"http:\/\/vincentians.com\/en\/category\/vincentian-formation\/"},"img":{"alt_text":"","src":"https:\/\/i0.wp.com\/vincentians.com\/en\/wp-content\/uploads\/sites\/2\/2016\/06\/liberation-of-the-poor.jpg?fit=1200%2C630&resize=350%2C200","width":350,"height":200,"srcset":"https:\/\/i0.wp.com\/vincentians.com\/en\/wp-content\/uploads\/sites\/2\/2016\/06\/liberation-of-the-poor.jpg?fit=1200%2C630&resize=350%2C200 1x, https:\/\/i0.wp.com\/vincentians.com\/en\/wp-content\/uploads\/sites\/2\/2016\/06\/liberation-of-the-poor.jpg?fit=1200%2C630&resize=525%2C300 1.5x, https:\/\/i0.wp.com\/vincentians.com\/en\/wp-content\/uploads\/sites\/2\/2016\/06\/liberation-of-the-poor.jpg?fit=1200%2C630&resize=700%2C400 2x, https:\/\/i0.wp.com\/vincentians.com\/en\/wp-content\/uploads\/sites\/2\/2016\/06\/liberation-of-the-poor.jpg?fit=1200%2C630&resize=1050%2C600 3x"},"classes":[]},{"id":108145,"url":"http:\/\/vincentians.com\/en\/how-st-vincent-ferrer-influenced-st-vincent-de-paul\/","url_meta":{"origin":105333,"position":5},"title":"How St Vincent Ferrer influenced St Vincent de Paul","author":"Francisco Javier Fern\u00e1ndez Chento","date":"November 18, 2013","format":false,"excerpt":"When I was reading about the life and works of Vincent Ferrer, whom I admire enormously, I was surprised to find that some of his biographers mentioned that he had a significant influence on St Vincent de Paul. For instance, in his book, St Vincent Ferrer: The Angel of the\u2026","rel":"","context":"In &quot;Vincent de Paul&quot;","block_context":{"text":"Vincent de Paul","link":"http:\/\/vincentians.com\/en\/category\/the-vincentian-family\/founders\/vincent-de-paul\/"},"img":{"alt_text":"","src":"https:\/\/i0.wp.com\/vincentians.com\/en\/wp-content\/uploads\/sites\/2\/2013\/11\/st-vincent-ferrer.jpg?fit=1200%2C630&resize=350%2C200","width":350,"height":200,"srcset":"https:\/\/i0.wp.com\/vincentians.com\/en\/wp-content\/uploads\/sites\/2\/2013\/11\/st-vincent-ferrer.jpg?fit=1200%2C630&resize=350%2C200 1x, https:\/\/i0.wp.com\/vincentians.com\/en\/wp-content\/uploads\/sites\/2\/2013\/11\/st-vincent-ferrer.jpg?fit=1200%2C630&resize=525%2C300 1.5x, https:\/\/i0.wp.com\/vincentians.com\/en\/wp-content\/uploads\/sites\/2\/2013\/11\/st-vincent-ferrer.jpg?fit=1200%2C630&resize=700%2C400 2x, https:\/\/i0.wp.com\/vincentians.com\/en\/wp-content\/uploads\/sites\/2\/2013\/11\/st-vincent-ferrer.jpg?fit=1200%2C630&resize=1050%2C600 3x"},"classes":[]}],"_links":{"self":[{"href":"http:\/\/vincentians.com\/en\/wp-json\/wp\/v2\/posts\/105333","targetHints":{"allow":["GET"]}}],"collection":[{"href":"http:\/\/vincentians.com\/en\/wp-json\/wp\/v2\/posts"}],"about":[{"href":"http:\/\/vincentians.com\/en\/wp-json\/wp\/v2\/types\/post"}],"author":[{"embeddable":true,"href":"http:\/\/vincentians.com\/en\/wp-json\/wp\/v2\/users\/4"}],"replies":[{"embeddable":true,"href":"http:\/\/vincentians.com\/en\/wp-json\/wp\/v2\/comments?post=105333"}],"version-history":[{"count":0,"href":"http:\/\/vincentians.com\/en\/wp-json\/wp\/v2\/posts\/105333\/revisions"}],"wp:featuredmedia":[{"embeddable":true,"href":"http:\/\/vincentians.com\/en\/wp-json\/wp\/v2\/media\/149583"}],"wp:attachment":[{"href":"http:\/\/vincentians.com\/en\/wp-json\/wp\/v2\/media?parent=105333"}],"wp:term":[{"taxonomy":"category","embeddable":true,"href":"http:\/\/vincentians.com\/en\/wp-json\/wp\/v2\/categories?post=105333"},{"taxonomy":"post_tag","embeddable":true,"href":"http:\/\/vincentians.com\/en\/wp-json\/wp\/v2\/tags?post=105333"}],"curies":[{"name":"wp","href":"https:\/\/api.w.org\/{rel}","templated":true}]}}