{"id":105328,"date":"2016-08-17T06:00:35","date_gmt":"2016-08-17T04:00:35","guid":{"rendered":"http:\/\/vincentians.com\/?p=105328"},"modified":"2016-07-13T18:11:16","modified_gmt":"2016-07-13T16:11:16","slug":"the-life-of-vincent-de-paul-abelly-book-i-chapter-xlv","status":"publish","type":"post","link":"http:\/\/vincentians.com\/en\/the-life-of-vincent-de-paul-abelly-book-i-chapter-xlv\/","title":{"rendered":"The Life of Vincent de Paul (Abelly): Book I, Chapter XLV"},"content":{"rendered":"<p><strong>The Home for the Aged Poor Begun at Paris by Monsieur Vincent; The General Hospital for the Poor Begun by Him in that Same City<\/strong><\/p>\n<p>Monsieur Vincent&#8217;s charity seemed like a burning fire, ever ready to expand when the conditions were right. It probably would be preferable to say that he was consumed by that heavenly fire which Jesus Christ came to bring upon the earth, to respond to everything having to do with the glory of God and the salvation of souls. This faithful servant of God did not let any opportunity pass to serve the Church or work for the good of his neighbor. Despite his advancing years and the infirmities ordinarily accompanying old age, he still bore the principal burden of the many pious works he had established. Notwithstanding this he was always ready, even anxious, to begin new ventures for the glory of God. Rather than being overwhelmed by the burdens of new projects, on these occasions his vigor and strength seemed to increase.<\/p>\n<p>This is illustrated on the occasion in 1653 when divine Providence used him for a new expression of charity. This led to one of the most significant developments in the Church in many years. This was the establishment of the general hospital for the sick poor at Paris, of which we can say without taking anything away from the many other virtuous people who contributed to its origin that Monsieur Vincent laid the first stone. Rather we should say that God used him without his being aware of the designs of Providence. Since its very inception, other zealous workers have generously participated in building this marvelous structure which flourishes even today.<\/p>\n<p>This is a summary of events leading to the building of the hospital.<\/p>\n<p>A citizen of Paris was moved by the desire to do something in the service of God. He went to see Monsieur Vincent, whose charity was well known to him. He stated that he wished to devote a large sum for works of charity totally at the judgment of Monsieur Vincent, but on condition that his gift remain completely anonymous. He wanted to do this solely for God&#8217;s glory, without his identity being known to anyone besides God and Monsieur Vincent.<\/p>\n<p>Monsieur Vincent received the gift as a deposit for the poor, since he did not think he could refuse. After mature deliberation before God he prayed for light to discern what good work would be most suitable. He discussed the question with the donor until the two agreed that the gift should be used to found a home for poor workers who because of age or infirmity were no longer able to earn their livelihood. It was his experience that those reduced to begging often neglected their own salvation. By founding a home for these poor people he would be doing a double service for them: taking care of their bodily wants and at the same time looking after their spiritual welfare. He proposed this idea to the generous benefactor, who agreed wholeheartedly. He did so only on condition that the spiritual and temporal administration of the hospital would forever remain in the hands of the superior general of the Congregation of the Mission.<\/p>\n<p>To carry out his project, Monsieur Vincent bought two houses and grounds in the faubourg Saint Lawrence in Paris. He furnished these houses with beds, linens, and everything else deemed necessary. He had a small chapel constructed, and even with this had enough left over to set up an investment that yielded an annual return. He was able to receive forty poor persons in the hospital, twenty men and twenty women, whom he housed and fed, and this has continued to the present. The income fell off these last years. A reduction in the number of guests would have been necessary had divine Providence not provided help from elsewhere. The forty poor were housed in two separate buildings, one for men and one for women. They were, however, so situated that both groups could attend the same mass, listen to the same reading during meals, but the tables were so arranged that the two groups were entirely separate, with neither able to see or speak with the other.<\/p>\n<p>He bought tools and set up workshops so the forty could occupy their time and talent to the limit of their reduced strength. He wanted to avoid their falling into idleness. He commissioned the Daughters of Charity to care for these poor people and designated one of his priests of the Mission to celebrate mass, instruct them in the word of God, and administer the sacraments. He himself was among the first to offer this instruction. He recommended especially union among themselves, piety, and above all a gratitude towards God for having provided such a peaceful home where their bodily needs and the salvation of their souls were attended to. <span id='easy-footnote-1-105328' class='easy-footnote-margin-adjust'><\/span><span class='easy-footnote'><a href='http:\/\/vincentians.com\/en\/the-life-of-vincent-de-paul-abelly-book-i-chapter-xlv\/#easy-footnote-bottom-1-105328' title='&lt;em&gt;CED&lt;\/em&gt; XII:156-63.'><sup>1<\/sup><\/a><\/span>\n<p>He called this foundation the Hospital of the Holy Name of Jesus. <span id='easy-footnote-2-105328' class='easy-footnote-margin-adjust'><\/span><span class='easy-footnote'><a href='http:\/\/vincentians.com\/en\/the-life-of-vincent-de-paul-abelly-book-i-chapter-xlv\/#easy-footnote-bottom-2-105328' title='This building had probably already been known as &amp;#8220;Holy Name of Jesus.&amp;#8221;'><sup>2<\/sup><\/a><\/span> He applied for approval to king, without, however, naming the chief benefactor, and this was given by letters patent. The archbishop of Paris approved of these matters, granting the entire direction of the hospital to Monsieur Vincent and his successors.<\/p>\n<p>As soon as one of the poor patients died, another was brought in to take his place. All lived in great serenity, esteeming themselves happy to be cared for in life as well as in death. Their chief care was to live such a Christian life that their death would be peaceful. Their well-ordered style of life appealed to others who hoped to succeed them in the hospital, so that soon there was a wait of several years before they could be accommodated.<\/p>\n<p>Once he had established and organized this new hospital, Monsieur Vincent received visits from several representatives of the Ladies of Charity of Paris and other virtuous women of some standing. They visited all parts of the establishment only to be thoroughly edified at the good order and excellent management they saw. Everywhere peace and union prevailed. Murmurings and slander were unheard of, as were all other vices. The poor, busy in their small workshops, fulfilled their religious duties as much as their condition would allow. The whole hospital seemed to recall the life of the early Christians and seemed to be a convent or monastery rather than a home for seculars. <span id='easy-footnote-3-105328' class='easy-footnote-margin-adjust'><\/span><span class='easy-footnote'><a href='http:\/\/vincentians.com\/en\/the-life-of-vincent-de-paul-abelly-book-i-chapter-xlv\/#easy-footnote-bottom-3-105328' title='This hospital survived the French Revolution, with various names and locations in later years.'><sup>3<\/sup><\/a><\/span>\n<p>The sight of such a well-run enterprise gave rise in the minds of those who had visited the hospital the plight of the many poor who begged in the streets or in the churches of the city. These people for the most part live a disordered life, marked by vice and dissipation, but until now no one seemed able to help them. Several of the Ladies of Charity had the thought that perhaps Monsieur Vincent could rescue these poor from the streets. He possibly could do on a larger scale what he had so well accomplished on a smaller. God&#8217;s grace and blessing could be relied on, and at Saint Lazare and with the Daughters of Charity some were available to help out, if only a place large enough could be found to receive these poor people.<\/p>\n<p>The women who first thought of this mentioned it to several others who had visited Monsieur Vincent&#8217;s hospital. Then one of the visitors gave fifty thousand <em>livres<\/em> to begin the building of a general hospital. Another woman gave an investment worth three thousand <em>livres<\/em> for the same purpose. On the day of the periodic assembly of these Ladies of Charity, at which Monsieur Vincent presided in keeping with his usual practice unless prevented by some unforeseen difficulty, they surprised him greatly, as he himself said, when they endorsed the project wholeheartedly. He could not help admiring the zealous charity of these good women for which he praised God and congratulated them. However, he stated that the matter was of such importance that it should be considered further and prayed over at great length.<\/p>\n<p>At the next meeting these women appeared even more determined than before. They assured Monsieur Vincent that money for the project would not be lacking, for they had contacts with several other wealthy persons who had promised considerable help. They pressed Monsieur Vincent to give his consent. He still hesitated, but his reluctance was no match for their ardent desire to begin this enterprise. A large enough house and grounds would obviously be required to house the number of poor they were considering. Someone proposed that the king be asked for the property known as the Salpetriere, near the river, opposite the arsenal. At the time the building and grounds were not being used. Monsieur Vincent spoke to the queen regent, who agreed and gave him the deed to the property. Some person claimed that he had an interest in the property, but was satisfied when one of the Ladies of Charity promised him an annual investment paying eight hundred <em>livres<\/em> to compensate his losses.<\/p>\n<p>After all these matters had been taken care for, it seemed to the Ladies of Charity that it remained only to get started. Some of the more fervent were disappointed that the poor were not immediately gathered up and brought to the home. They let Monsieur Vincent know how they felt about the delay. Monsieur Vincent and the women could not agree about how the poor were to be enticed to come to this new home nor about how it was to be run. This led him to the painful position of having to slow down the project, for it was going far too fast for his taste. This explains what he said, in an effort to moderate their zeal:<\/p>\n<p style=\"padding-left: 30px;\">The affairs of the Lord ordinarily develop little by little. They begin slowly and only then develop. When God wished to save Noah and his family he directed him to build the ark. This could have been completed quickly, but Noah was told to begin building a hundred years before the rains began and to work little by little on its construction. In the same way when the Lord planned to bring the children of Israel to the promised land he could have done so in a short time. Instead, forty years passed before they entered into Canaan. When God sent his Son to redeem mankind did he not delay three or four thousand years? God is never rushed. He does all things in their own good time.<\/p>\n<p style=\"padding-left: 30px;\">When our Savior came upon earth he could have come at a perfect age to effect our redemption. He did not have to spend thirty years in a hidden, even superfluous, life at Nazareth, but he chose to be born an infant and grew just like other men to full stature. Did he not say on occasion that his hour had not yet come? This was to teach us not to be too hasty in those matters which depend more on God than on ourselves. He could have established his Church throughout the world in his own lifetime. He preferred, however, to lay the foundation and leave the rest to his apostles and their successors. According to this way of acting it does not seem expedient to attempt to do everything at once or even to think that we have to act immediately to keep the good will of those who are anxious to start. What should we do, then? Go gently, pray much to God and act in union of heart.<\/p>\n<p>He added:<\/p>\n<p style=\"padding-left: 30px;\">It seems to me that we first ought to experiment with taking one, or even two hundred poor people, and afterward only those who want to come. If they are well treated there will be no lack of applications, and we can adjust the number we take to what resources Providence provides. We won&#8217;t lose by following this plan, but if on the contrary we use compulsion and act precipitously, we run the risk of thwarting the designs of God. If the work we propose is from him it will succeed and endure, but if it is solely a human enterprise it will not do much good, nor will it last long.<\/p>\n<p>Thus Monsieur Vincent expressed his opinion to the Ladies of Charity, who responded by tempering their zeal for the project. But what restrained them even more was that some of the leading civil officials would not approve the project, thinking it not well enough planned. <span id='easy-footnote-4-105328' class='easy-footnote-margin-adjust'><\/span><span class='easy-footnote'><a href='http:\/\/vincentians.com\/en\/the-life-of-vincent-de-paul-abelly-book-i-chapter-xlv\/#easy-footnote-bottom-4-105328' title='The most opposed was the first president Pomponne de Bellievre, who had succeeded Mathieu Mole at his death, in January 1656. He was won to the cause before his death, and he provided generous gifts to the new establishment. Lamoignon succeeded him, and continued his charitable efforts.'><sup>4<\/sup><\/a><\/span> The years 1655 and 1656 passed with no real progress, except that several proposals were made to solve the practical problems of administering the proposed hospital. Finally a group of well-placed and zealous persons worked out a plan of administration which included a board of directors, and with God&#8217;s blessing this plan was accepted. The Ladies of Charity, who under the wise guidance of Monsieur Vincent had first conceived the project, were greatly consoled to see it finally approved by public authority, and willingly gave their support to the newly created board. Monsieur Vincent for his part turned over the Salpetriere to them, as well as the Chateau de Bicetre which had been given him several years before as a home for abandoned children.<\/p>\n<p>Besides turning over these buildings in favor of the poor, the Ladies of Charity contributed notable amounts of money, a quantity of linens, beds, and other furniture, even some made in the shops of Saint Lazare, to prepare the hospital for its opening. The whole enterprise was not carried out as an experiment, as Monsieur Vincent had suggested, nor would it depend on a choice made by the poor. Instead, to put an end to begging, all the poor of Paris were offered the choice&#8211;either work to earn their livelihood or else go to the general hospital.<\/p>\n<p>Monsieur Vincent wrote the following in March 1657 to one of his friends:<\/p>\n<p style=\"padding-left: 30px;\">Begging is outlawed in Paris, and the poor are being brought together in suitable places where they may be helped, instructed, and given something do to. It&#8217;s a fine scheme but difficult. It has begun well, and thanks be to God, has won the everyone&#8217;s approval. Many people have helped by giving generously, and others have donated their services. We have already collected ten thousand shirts and other things in proportion. The king and Parlement have powerfully supported the project even without our asking. They have even appointed the priests of our Congregation and the Daughters of Charity to serve the poor under the authority of the archbishop of Paris. We have not yet undertaken the actual work for we do not yet know for sure if it is the God&#8217;s will for us. If we do begin this work it will at first be an experiment to see how it goes. <span id='easy-footnote-5-105328' class='easy-footnote-margin-adjust'><\/span><span class='easy-footnote'><a href='http:\/\/vincentians.com\/en\/the-life-of-vincent-de-paul-abelly-book-i-chapter-xlv\/#easy-footnote-bottom-5-105328' title='&lt;em&gt;CED&lt;\/em&gt; VI:245.'><sup>5<\/sup><\/a><\/span>\n<p>Monsieur Vincent learned that the priests of his Congregation would be in charge of the spiritual ministry to the poor of the hospital, but in a matter of this importance he felt it should be thoroughly considered before God. Even though he was advised that it would be expedient to accept this appointment, he prayed and then called together the priests at Saint Lazare to discuss the matter fully. He pointed out the pros and cons of the case, and then they, for several great and serious reasons, decided to excuse themselves from this responsibility. Letters patent had already been issued assigning this right exclusively to the priests, so a formal legal document was drawn up which renounced this right, to enable other clerics to take up the work.<\/p>\n<p>Since the hospital was just about to open, and the directors and administrators were anxious to begin as soon as possible, Monsieur Vincent persuaded one of the priests, who came regularly to Saint Lazare on Tuesdays, to accept the assignment as rector of the general hospital. <span id='easy-footnote-6-105328' class='easy-footnote-margin-adjust'><\/span><span class='easy-footnote'><a href='http:\/\/vincentians.com\/en\/the-life-of-vincent-de-paul-abelly-book-i-chapter-xlv\/#easy-footnote-bottom-6-105328' title='Abelly himself.'><sup>6<\/sup><\/a><\/span> This was done to avoid any delay in the opening of the hospital which might have resulted from the refusal of Monsieur Vincent to take over the spiritual care of the poor there. It would also ensure that the poor were adequately provided for right from the beginning. After serving for some time with other priests of the Tuesday Conference of Clerics giving missions in the various parts of the hospital with others from various churches of Paris, the rector was forced by illness to resign from the difficult position he had assumed. He submitted his resignation to the vicars general of Cardinal de Retz, archbishop of Paris. He appointed, in turn, another priest of the Tuesday Conference, a doctor on the faculty of the University of Paris. He has served as rector of the general hospital for some time with great success, offering missions in all houses of the institution as an expression of his dedication to the poor. <span id='easy-footnote-7-105328' class='easy-footnote-margin-adjust'><\/span><span class='easy-footnote'><a href='http:\/\/vincentians.com\/en\/the-life-of-vincent-de-paul-abelly-book-i-chapter-xlv\/#easy-footnote-bottom-7-105328' title='This hospital annually housed twenty thousand poor.'><sup>7<\/sup><\/a><\/span>\n","protected":false},"excerpt":{"rendered":"<p>The Home for the Aged Poor Begun at Paris by Monsieur Vincent; The General Hospital for the Poor Begun by Him in that Same City Monsieur Vincent&#8217;s charity seemed like a burning fire, ever ready &#8230; <a href=\"http:\/\/vincentians.com\/en\/the-life-of-vincent-de-paul-abelly-book-i-chapter-xlv\/\" class=\"more-link\">Read More<\/a><\/p>\n","protected":false},"author":4,"featured_media":149583,"comment_status":"open","ping_status":"open","sticky":false,"template":"","format":"standard","meta":{"jetpack_post_was_ever_published":false,"_jetpack_newsletter_access":"","_jetpack_dont_email_post_to_subs":false,"_jetpack_newsletter_tier_id":0,"_jetpack_memberships_contains_paywalled_content":false,"_jetpack_memberships_contains_paid_content":false,"footnotes":"","jetpack_publicize_message":"","jetpack_publicize_feature_enabled":true,"jetpack_social_post_already_shared":true,"jetpack_social_options":{"image_generator_settings":{"template":"highway","default_image_id":0,"font":"","enabled":false},"version":2}},"categories":[5],"tags":[],"class_list":["post-105328","post","type-post","status-publish","format-standard","has-post-thumbnail","hentry","category-vincent-de-paul"],"yoast_head":"<!-- This site is optimized with the Yoast SEO plugin v26.3 - https:\/\/yoast.com\/wordpress\/plugins\/seo\/ -->\n<title>The Life of Vincent de Paul (Abelly): Book I, Chapter XLV - We are Vincentians<\/title>\n<meta name=\"robots\" content=\"index, follow, max-snippet:-1, max-image-preview:large, max-video-preview:-1\" \/>\n<link rel=\"canonical\" href=\"https:\/\/vincentians.com\/en\/the-life-of-vincent-de-paul-abelly-book-i-chapter-xlv\/\" \/>\n<meta property=\"og:locale\" content=\"en_US\" \/>\n<meta property=\"og:type\" content=\"article\" \/>\n<meta property=\"og:title\" content=\"The Life of Vincent de Paul (Abelly): Book I, Chapter XLV - We are Vincentians\" \/>\n<meta property=\"og:description\" content=\"The Home for the Aged Poor Begun at Paris by Monsieur Vincent; The General Hospital for the Poor Begun by Him in that Same City Monsieur Vincent&#8217;s charity seemed like a burning fire, ever ready ... Read More\" \/>\n<meta property=\"og:url\" content=\"https:\/\/vincentians.com\/en\/the-life-of-vincent-de-paul-abelly-book-i-chapter-xlv\/\" \/>\n<meta property=\"og:site_name\" content=\"We are Vincentians\" \/>\n<meta property=\"article:publisher\" content=\"https:\/\/www.facebook.com\/WeAreVincentians\/\" \/>\n<meta property=\"article:author\" content=\"https:\/\/www.facebook.com\/JavierChento\" \/>\n<meta property=\"article:published_time\" content=\"2016-08-17T04:00:35+00:00\" \/>\n<meta property=\"og:image\" content=\"https:\/\/i0.wp.com\/vincentians.com\/en\/wp-content\/uploads\/sites\/2\/2016\/07\/abelly-feat.jpg?fit=1200%2C630&ssl=1\" \/>\n\t<meta property=\"og:image:width\" content=\"1200\" \/>\n\t<meta property=\"og:image:height\" content=\"630\" \/>\n\t<meta property=\"og:image:type\" content=\"image\/jpeg\" \/>\n<meta name=\"author\" content=\"Francisco Javier Fern\u00e1ndez Chento\" \/>\n<meta name=\"twitter:card\" content=\"summary_large_image\" \/>\n<meta name=\"twitter:creator\" content=\"@https:\/\/twitter.com\/javierchento\" \/>\n<meta name=\"twitter:site\" content=\"@WeVincentians\" \/>\n<meta name=\"twitter:label1\" content=\"Written by\" \/>\n\t<meta name=\"twitter:data1\" content=\"Francisco Javier Fern\u00e1ndez Chento\" \/>\n\t<meta name=\"twitter:label2\" content=\"Est. reading time\" \/>\n\t<meta name=\"twitter:data2\" content=\"14 minutes\" \/>\n<script type=\"application\/ld+json\" class=\"yoast-schema-graph\">{\"@context\":\"https:\/\/schema.org\",\"@graph\":[{\"@type\":\"Article\",\"@id\":\"https:\/\/vincentians.com\/en\/the-life-of-vincent-de-paul-abelly-book-i-chapter-xlv\/#article\",\"isPartOf\":{\"@id\":\"https:\/\/vincentians.com\/en\/the-life-of-vincent-de-paul-abelly-book-i-chapter-xlv\/\"},\"author\":{\"name\":\"Francisco Javier Fern\u00e1ndez Chento\",\"@id\":\"https:\/\/vincentians.com\/en\/#\/schema\/person\/9623ef4d9aa3b2dfb8c061f1499288f2\"},\"headline\":\"The Life of Vincent de Paul (Abelly): Book I, Chapter XLV\",\"datePublished\":\"2016-08-17T04:00:35+00:00\",\"mainEntityOfPage\":{\"@id\":\"https:\/\/vincentians.com\/en\/the-life-of-vincent-de-paul-abelly-book-i-chapter-xlv\/\"},\"wordCount\":2903,\"commentCount\":0,\"publisher\":{\"@id\":\"https:\/\/vincentians.com\/en\/#organization\"},\"image\":{\"@id\":\"https:\/\/vincentians.com\/en\/the-life-of-vincent-de-paul-abelly-book-i-chapter-xlv\/#primaryimage\"},\"thumbnailUrl\":\"https:\/\/i0.wp.com\/vincentians.com\/en\/wp-content\/uploads\/sites\/2\/2016\/07\/abelly-feat.jpg?fit=1200%2C630\",\"articleSection\":[\"Vincent de Paul\"],\"inLanguage\":\"en-US\",\"potentialAction\":[{\"@type\":\"CommentAction\",\"name\":\"Comment\",\"target\":[\"https:\/\/vincentians.com\/en\/the-life-of-vincent-de-paul-abelly-book-i-chapter-xlv\/#respond\"]}]},{\"@type\":\"WebPage\",\"@id\":\"https:\/\/vincentians.com\/en\/the-life-of-vincent-de-paul-abelly-book-i-chapter-xlv\/\",\"url\":\"https:\/\/vincentians.com\/en\/the-life-of-vincent-de-paul-abelly-book-i-chapter-xlv\/\",\"name\":\"The Life of Vincent de Paul (Abelly): Book I, Chapter XLV - We are Vincentians\",\"isPartOf\":{\"@id\":\"https:\/\/vincentians.com\/en\/#website\"},\"primaryImageOfPage\":{\"@id\":\"https:\/\/vincentians.com\/en\/the-life-of-vincent-de-paul-abelly-book-i-chapter-xlv\/#primaryimage\"},\"image\":{\"@id\":\"https:\/\/vincentians.com\/en\/the-life-of-vincent-de-paul-abelly-book-i-chapter-xlv\/#primaryimage\"},\"thumbnailUrl\":\"https:\/\/i0.wp.com\/vincentians.com\/en\/wp-content\/uploads\/sites\/2\/2016\/07\/abelly-feat.jpg?fit=1200%2C630\",\"datePublished\":\"2016-08-17T04:00:35+00:00\",\"breadcrumb\":{\"@id\":\"https:\/\/vincentians.com\/en\/the-life-of-vincent-de-paul-abelly-book-i-chapter-xlv\/#breadcrumb\"},\"inLanguage\":\"en-US\",\"potentialAction\":[{\"@type\":\"ReadAction\",\"target\":[\"https:\/\/vincentians.com\/en\/the-life-of-vincent-de-paul-abelly-book-i-chapter-xlv\/\"]}]},{\"@type\":\"ImageObject\",\"inLanguage\":\"en-US\",\"@id\":\"https:\/\/vincentians.com\/en\/the-life-of-vincent-de-paul-abelly-book-i-chapter-xlv\/#primaryimage\",\"url\":\"https:\/\/i0.wp.com\/vincentians.com\/en\/wp-content\/uploads\/sites\/2\/2016\/07\/abelly-feat.jpg?fit=1200%2C630\",\"contentUrl\":\"https:\/\/i0.wp.com\/vincentians.com\/en\/wp-content\/uploads\/sites\/2\/2016\/07\/abelly-feat.jpg?fit=1200%2C630\",\"width\":1200,\"height\":630},{\"@type\":\"BreadcrumbList\",\"@id\":\"https:\/\/vincentians.com\/en\/the-life-of-vincent-de-paul-abelly-book-i-chapter-xlv\/#breadcrumb\",\"itemListElement\":[{\"@type\":\"ListItem\",\"position\":1,\"name\":\"Portada\",\"item\":\"https:\/\/vincentians.com\/en\/\"},{\"@type\":\"ListItem\",\"position\":2,\"name\":\"The Life of Vincent de Paul (Abelly): Book I, Chapter XLV\"}]},{\"@type\":\"WebSite\",\"@id\":\"https:\/\/vincentians.com\/en\/#website\",\"url\":\"https:\/\/vincentians.com\/en\/\",\"name\":\"We are Vincentians\",\"description\":\"Know more to serve more\",\"publisher\":{\"@id\":\"https:\/\/vincentians.com\/en\/#organization\"},\"potentialAction\":[{\"@type\":\"SearchAction\",\"target\":{\"@type\":\"EntryPoint\",\"urlTemplate\":\"https:\/\/vincentians.com\/en\/?s={search_term_string}\"},\"query-input\":{\"@type\":\"PropertyValueSpecification\",\"valueRequired\":true,\"valueName\":\"search_term_string\"}}],\"inLanguage\":\"en-US\"},{\"@type\":\"Organization\",\"@id\":\"https:\/\/vincentians.com\/en\/#organization\",\"name\":\"The Vincentian Network\",\"url\":\"https:\/\/vincentians.com\/en\/\",\"logo\":{\"@type\":\"ImageObject\",\"inLanguage\":\"en-US\",\"@id\":\"https:\/\/vincentians.com\/en\/#\/schema\/logo\/image\/\",\"url\":\"https:\/\/i1.wp.com\/vincentians.com\/en\/wp-content\/uploads\/sites\/2\/2016\/06\/Vincentian-Network-logo-big.png?fit=778%2C778&ssl=1\",\"contentUrl\":\"https:\/\/i1.wp.com\/vincentians.com\/en\/wp-content\/uploads\/sites\/2\/2016\/06\/Vincentian-Network-logo-big.png?fit=778%2C778&ssl=1\",\"width\":778,\"height\":778,\"caption\":\"The Vincentian Network\"},\"image\":{\"@id\":\"https:\/\/vincentians.com\/en\/#\/schema\/logo\/image\/\"},\"sameAs\":[\"https:\/\/www.facebook.com\/WeAreVincentians\/\",\"https:\/\/x.com\/WeVincentians\"]},{\"@type\":\"Person\",\"@id\":\"https:\/\/vincentians.com\/en\/#\/schema\/person\/9623ef4d9aa3b2dfb8c061f1499288f2\",\"name\":\"Francisco Javier Fern\u00e1ndez Chento\",\"image\":{\"@type\":\"ImageObject\",\"inLanguage\":\"en-US\",\"@id\":\"https:\/\/vincentians.com\/en\/#\/schema\/person\/image\/\",\"url\":\"https:\/\/secure.gravatar.com\/avatar\/497d5cde87b4c3d097d0315953521681ba2cd523ee66e5077c3711f7021e65de?s=96&d=mm&r=g\",\"contentUrl\":\"https:\/\/secure.gravatar.com\/avatar\/497d5cde87b4c3d097d0315953521681ba2cd523ee66e5077c3711f7021e65de?s=96&d=mm&r=g\",\"caption\":\"Francisco Javier Fern\u00e1ndez Chento\"},\"description\":\"Director General y cofundador de La Red de Formaci\u00f3n Vicenciana. Javier es laico vicenciano, afiliado a la Congregaci\u00f3n de la Misi\u00f3n y miembro del Equipo de Misiones Populares de la provincia can\u00f3nica de Zaragoza (Espa\u00f1a) de la Congregaci\u00f3n de la Misi\u00f3n. Graduado en la Universidad Oberta de Catalunya con cuatro grados (Asistente de direcci\u00f3n, Gesti\u00f3n Administrativa, Recursos Humanos y Contabilidad Avanzada). Bil\u00edng\u00fce Espa\u00f1ol\/Ingl\u00e9s. gestiona y mantiene varias p\u00e1ginas web cristianas y vicencianas, incluida including La Red de Formaci\u00f3n Vicenciana, de la que es cofundador. Actualmente es responsable del \u00e1rea de Espa\u00f1ol de .famvin, la Red de Noticias de la Familia Vicenciana. Tambi\u00e9n es m\u00fasico cat\u00f3lico y ha editado varios discos. Es Director General y cofundador de Trovador, una reconocida compa\u00f1\u00eda discogr\u00e1fica critiana de Espa\u00f1a. Trabaja en las Tecnolog\u00edas de la Informaci\u00f3n, ofreciendo servicios de alojamiento, dise\u00f1o y mantenimiento Web, as\u00ed como asesoramiento, formaci\u00f3n y soluciones inform\u00e1ticas, gesti\u00f3n documental y digitalizaci\u00f3n de textos, edici\u00f3n y maquetaci\u00f3n de libros, revistas, flyers, etc.\",\"sameAs\":[\"http:\/\/chento.org\",\"https:\/\/www.facebook.com\/JavierChento\",\"https:\/\/x.com\/https:\/\/twitter.com\/javierchento\"],\"url\":\"http:\/\/vincentians.com\/en\/author\/chento\/\"}]}<\/script>\n<!-- \/ Yoast SEO plugin. -->","yoast_head_json":{"title":"The Life of Vincent de Paul (Abelly): Book I, Chapter XLV - We are Vincentians","robots":{"index":"index","follow":"follow","max-snippet":"max-snippet:-1","max-image-preview":"max-image-preview:large","max-video-preview":"max-video-preview:-1"},"canonical":"https:\/\/vincentians.com\/en\/the-life-of-vincent-de-paul-abelly-book-i-chapter-xlv\/","og_locale":"en_US","og_type":"article","og_title":"The Life of Vincent de Paul (Abelly): Book I, Chapter XLV - We are Vincentians","og_description":"The Home for the Aged Poor Begun at Paris by Monsieur Vincent; The General Hospital for the Poor Begun by Him in that Same City Monsieur Vincent&#8217;s charity seemed like a burning fire, ever ready ... Read More","og_url":"https:\/\/vincentians.com\/en\/the-life-of-vincent-de-paul-abelly-book-i-chapter-xlv\/","og_site_name":"We are Vincentians","article_publisher":"https:\/\/www.facebook.com\/WeAreVincentians\/","article_author":"https:\/\/www.facebook.com\/JavierChento","article_published_time":"2016-08-17T04:00:35+00:00","og_image":[{"width":1200,"height":630,"url":"https:\/\/i0.wp.com\/vincentians.com\/en\/wp-content\/uploads\/sites\/2\/2016\/07\/abelly-feat.jpg?fit=1200%2C630&ssl=1","type":"image\/jpeg"}],"author":"Francisco Javier Fern\u00e1ndez Chento","twitter_card":"summary_large_image","twitter_creator":"@https:\/\/twitter.com\/javierchento","twitter_site":"@WeVincentians","twitter_misc":{"Written by":"Francisco Javier Fern\u00e1ndez Chento","Est. reading time":"14 minutes"},"schema":{"@context":"https:\/\/schema.org","@graph":[{"@type":"Article","@id":"https:\/\/vincentians.com\/en\/the-life-of-vincent-de-paul-abelly-book-i-chapter-xlv\/#article","isPartOf":{"@id":"https:\/\/vincentians.com\/en\/the-life-of-vincent-de-paul-abelly-book-i-chapter-xlv\/"},"author":{"name":"Francisco Javier Fern\u00e1ndez Chento","@id":"https:\/\/vincentians.com\/en\/#\/schema\/person\/9623ef4d9aa3b2dfb8c061f1499288f2"},"headline":"The Life of Vincent de Paul (Abelly): Book I, Chapter XLV","datePublished":"2016-08-17T04:00:35+00:00","mainEntityOfPage":{"@id":"https:\/\/vincentians.com\/en\/the-life-of-vincent-de-paul-abelly-book-i-chapter-xlv\/"},"wordCount":2903,"commentCount":0,"publisher":{"@id":"https:\/\/vincentians.com\/en\/#organization"},"image":{"@id":"https:\/\/vincentians.com\/en\/the-life-of-vincent-de-paul-abelly-book-i-chapter-xlv\/#primaryimage"},"thumbnailUrl":"https:\/\/i0.wp.com\/vincentians.com\/en\/wp-content\/uploads\/sites\/2\/2016\/07\/abelly-feat.jpg?fit=1200%2C630","articleSection":["Vincent de Paul"],"inLanguage":"en-US","potentialAction":[{"@type":"CommentAction","name":"Comment","target":["https:\/\/vincentians.com\/en\/the-life-of-vincent-de-paul-abelly-book-i-chapter-xlv\/#respond"]}]},{"@type":"WebPage","@id":"https:\/\/vincentians.com\/en\/the-life-of-vincent-de-paul-abelly-book-i-chapter-xlv\/","url":"https:\/\/vincentians.com\/en\/the-life-of-vincent-de-paul-abelly-book-i-chapter-xlv\/","name":"The Life of Vincent de Paul (Abelly): Book I, Chapter XLV - We are Vincentians","isPartOf":{"@id":"https:\/\/vincentians.com\/en\/#website"},"primaryImageOfPage":{"@id":"https:\/\/vincentians.com\/en\/the-life-of-vincent-de-paul-abelly-book-i-chapter-xlv\/#primaryimage"},"image":{"@id":"https:\/\/vincentians.com\/en\/the-life-of-vincent-de-paul-abelly-book-i-chapter-xlv\/#primaryimage"},"thumbnailUrl":"https:\/\/i0.wp.com\/vincentians.com\/en\/wp-content\/uploads\/sites\/2\/2016\/07\/abelly-feat.jpg?fit=1200%2C630","datePublished":"2016-08-17T04:00:35+00:00","breadcrumb":{"@id":"https:\/\/vincentians.com\/en\/the-life-of-vincent-de-paul-abelly-book-i-chapter-xlv\/#breadcrumb"},"inLanguage":"en-US","potentialAction":[{"@type":"ReadAction","target":["https:\/\/vincentians.com\/en\/the-life-of-vincent-de-paul-abelly-book-i-chapter-xlv\/"]}]},{"@type":"ImageObject","inLanguage":"en-US","@id":"https:\/\/vincentians.com\/en\/the-life-of-vincent-de-paul-abelly-book-i-chapter-xlv\/#primaryimage","url":"https:\/\/i0.wp.com\/vincentians.com\/en\/wp-content\/uploads\/sites\/2\/2016\/07\/abelly-feat.jpg?fit=1200%2C630","contentUrl":"https:\/\/i0.wp.com\/vincentians.com\/en\/wp-content\/uploads\/sites\/2\/2016\/07\/abelly-feat.jpg?fit=1200%2C630","width":1200,"height":630},{"@type":"BreadcrumbList","@id":"https:\/\/vincentians.com\/en\/the-life-of-vincent-de-paul-abelly-book-i-chapter-xlv\/#breadcrumb","itemListElement":[{"@type":"ListItem","position":1,"name":"Portada","item":"https:\/\/vincentians.com\/en\/"},{"@type":"ListItem","position":2,"name":"The Life of Vincent de Paul (Abelly): Book I, Chapter XLV"}]},{"@type":"WebSite","@id":"https:\/\/vincentians.com\/en\/#website","url":"https:\/\/vincentians.com\/en\/","name":"We are Vincentians","description":"Know more to serve more","publisher":{"@id":"https:\/\/vincentians.com\/en\/#organization"},"potentialAction":[{"@type":"SearchAction","target":{"@type":"EntryPoint","urlTemplate":"https:\/\/vincentians.com\/en\/?s={search_term_string}"},"query-input":{"@type":"PropertyValueSpecification","valueRequired":true,"valueName":"search_term_string"}}],"inLanguage":"en-US"},{"@type":"Organization","@id":"https:\/\/vincentians.com\/en\/#organization","name":"The Vincentian Network","url":"https:\/\/vincentians.com\/en\/","logo":{"@type":"ImageObject","inLanguage":"en-US","@id":"https:\/\/vincentians.com\/en\/#\/schema\/logo\/image\/","url":"https:\/\/i1.wp.com\/vincentians.com\/en\/wp-content\/uploads\/sites\/2\/2016\/06\/Vincentian-Network-logo-big.png?fit=778%2C778&ssl=1","contentUrl":"https:\/\/i1.wp.com\/vincentians.com\/en\/wp-content\/uploads\/sites\/2\/2016\/06\/Vincentian-Network-logo-big.png?fit=778%2C778&ssl=1","width":778,"height":778,"caption":"The Vincentian Network"},"image":{"@id":"https:\/\/vincentians.com\/en\/#\/schema\/logo\/image\/"},"sameAs":["https:\/\/www.facebook.com\/WeAreVincentians\/","https:\/\/x.com\/WeVincentians"]},{"@type":"Person","@id":"https:\/\/vincentians.com\/en\/#\/schema\/person\/9623ef4d9aa3b2dfb8c061f1499288f2","name":"Francisco Javier Fern\u00e1ndez Chento","image":{"@type":"ImageObject","inLanguage":"en-US","@id":"https:\/\/vincentians.com\/en\/#\/schema\/person\/image\/","url":"https:\/\/secure.gravatar.com\/avatar\/497d5cde87b4c3d097d0315953521681ba2cd523ee66e5077c3711f7021e65de?s=96&d=mm&r=g","contentUrl":"https:\/\/secure.gravatar.com\/avatar\/497d5cde87b4c3d097d0315953521681ba2cd523ee66e5077c3711f7021e65de?s=96&d=mm&r=g","caption":"Francisco Javier Fern\u00e1ndez Chento"},"description":"Director General y cofundador de La Red de Formaci\u00f3n Vicenciana. Javier es laico vicenciano, afiliado a la Congregaci\u00f3n de la Misi\u00f3n y miembro del Equipo de Misiones Populares de la provincia can\u00f3nica de Zaragoza (Espa\u00f1a) de la Congregaci\u00f3n de la Misi\u00f3n. Graduado en la Universidad Oberta de Catalunya con cuatro grados (Asistente de direcci\u00f3n, Gesti\u00f3n Administrativa, Recursos Humanos y Contabilidad Avanzada). Bil\u00edng\u00fce Espa\u00f1ol\/Ingl\u00e9s. gestiona y mantiene varias p\u00e1ginas web cristianas y vicencianas, incluida including La Red de Formaci\u00f3n Vicenciana, de la que es cofundador. Actualmente es responsable del \u00e1rea de Espa\u00f1ol de .famvin, la Red de Noticias de la Familia Vicenciana. Tambi\u00e9n es m\u00fasico cat\u00f3lico y ha editado varios discos. Es Director General y cofundador de Trovador, una reconocida compa\u00f1\u00eda discogr\u00e1fica critiana de Espa\u00f1a. Trabaja en las Tecnolog\u00edas de la Informaci\u00f3n, ofreciendo servicios de alojamiento, dise\u00f1o y mantenimiento Web, as\u00ed como asesoramiento, formaci\u00f3n y soluciones inform\u00e1ticas, gesti\u00f3n documental y digitalizaci\u00f3n de textos, edici\u00f3n y maquetaci\u00f3n de libros, revistas, flyers, etc.","sameAs":["http:\/\/chento.org","https:\/\/www.facebook.com\/JavierChento","https:\/\/x.com\/https:\/\/twitter.com\/javierchento"],"url":"http:\/\/vincentians.com\/en\/author\/chento\/"}]}},"jetpack_publicize_connections":[],"jetpack_featured_media_url":"https:\/\/i0.wp.com\/vincentians.com\/en\/wp-content\/uploads\/sites\/2\/2016\/07\/abelly-feat.jpg?fit=1200%2C630","jetpack_sharing_enabled":true,"jetpack_shortlink":"https:\/\/wp.me\/p7K2Ow-roQ","jetpack-related-posts":[{"id":104722,"url":"http:\/\/vincentians.com\/en\/the-life-of-vincent-de-paul-abelly-book-i-chapter-xi\/","url_meta":{"origin":105328,"position":0},"title":"The Life of Vincent de Paul (Abelly): Book I, Chapter XI","author":"Francisco Javier Fern\u00e1ndez Chento","date":"July 13, 2016","format":false,"excerpt":"The Conversion of Several Heretics whom Monsieur Vincent Brought Back to the Catholic Church While Monsieur Vincent was at Chatillon, God used his zeal and prudence to influence several people who had fallen into heresy. He was able to bring them back to the path of truth. We will recount\u2026","rel":"","context":"In &quot;Vincent de Paul&quot;","block_context":{"text":"Vincent de Paul","link":"http:\/\/vincentians.com\/en\/category\/the-vincentian-family\/founders\/vincent-de-paul\/"},"img":{"alt_text":"","src":"https:\/\/i0.wp.com\/vincentians.com\/en\/wp-content\/uploads\/sites\/2\/2016\/07\/abelly-feat.jpg?fit=1200%2C630&resize=350%2C200","width":350,"height":200,"srcset":"https:\/\/i0.wp.com\/vincentians.com\/en\/wp-content\/uploads\/sites\/2\/2016\/07\/abelly-feat.jpg?fit=1200%2C630&resize=350%2C200 1x, https:\/\/i0.wp.com\/vincentians.com\/en\/wp-content\/uploads\/sites\/2\/2016\/07\/abelly-feat.jpg?fit=1200%2C630&resize=525%2C300 1.5x, https:\/\/i0.wp.com\/vincentians.com\/en\/wp-content\/uploads\/sites\/2\/2016\/07\/abelly-feat.jpg?fit=1200%2C630&resize=700%2C400 2x, https:\/\/i0.wp.com\/vincentians.com\/en\/wp-content\/uploads\/sites\/2\/2016\/07\/abelly-feat.jpg?fit=1200%2C630&resize=1050%2C600 3x"},"classes":[]},{"id":104725,"url":"http:\/\/vincentians.com\/en\/the-life-of-vincent-de-paul-abelly-book-i-chapter-xiv\/","url_meta":{"origin":105328,"position":1},"title":"The Life of Vincent de Paul (Abelly): Book I, Chapter XIV","author":"Francisco Javier Fern\u00e1ndez Chento","date":"July 16, 2016","format":false,"excerpt":"After Appointment as Royal Chaplain of the Galleys, Monsieur Vincent Visits Provence and Guienne to Provide Physical and Spiritual Help to the Convicts When the general of the galleys had seen the blessings brought about through the efforts of Monsieur Vincent in working for the salvation of souls, he wished\u2026","rel":"","context":"In &quot;Vincent de Paul&quot;","block_context":{"text":"Vincent de Paul","link":"http:\/\/vincentians.com\/en\/category\/the-vincentian-family\/founders\/vincent-de-paul\/"},"img":{"alt_text":"","src":"https:\/\/i0.wp.com\/vincentians.com\/en\/wp-content\/uploads\/sites\/2\/2016\/07\/abelly-feat.jpg?fit=1200%2C630&resize=350%2C200","width":350,"height":200,"srcset":"https:\/\/i0.wp.com\/vincentians.com\/en\/wp-content\/uploads\/sites\/2\/2016\/07\/abelly-feat.jpg?fit=1200%2C630&resize=350%2C200 1x, https:\/\/i0.wp.com\/vincentians.com\/en\/wp-content\/uploads\/sites\/2\/2016\/07\/abelly-feat.jpg?fit=1200%2C630&resize=525%2C300 1.5x, https:\/\/i0.wp.com\/vincentians.com\/en\/wp-content\/uploads\/sites\/2\/2016\/07\/abelly-feat.jpg?fit=1200%2C630&resize=700%2C400 2x, https:\/\/i0.wp.com\/vincentians.com\/en\/wp-content\/uploads\/sites\/2\/2016\/07\/abelly-feat.jpg?fit=1200%2C630&resize=1050%2C600 3x"},"classes":[]},{"id":104721,"url":"http:\/\/vincentians.com\/en\/the-life-of-vincent-de-paul-abelly-book-i-chapter-x\/","url_meta":{"origin":105328,"position":2},"title":"The Life of Vincent de Paul (Abelly): Book I, Chapter X","author":"Francisco Javier Fern\u00e1ndez Chento","date":"July 12, 2016","format":false,"excerpt":"The Beginnings of the Confraternity of Charity for the Sick Poor While Monsieur Vincent was still at Chatillon, as he was about to mount the pulpit one feastday, a lady of a noble house in the neighborhood said a few words to him. She asked him to recommend to the\u2026","rel":"","context":"In &quot;Vincent de Paul&quot;","block_context":{"text":"Vincent de Paul","link":"http:\/\/vincentians.com\/en\/category\/the-vincentian-family\/founders\/vincent-de-paul\/"},"img":{"alt_text":"","src":"https:\/\/i0.wp.com\/vincentians.com\/en\/wp-content\/uploads\/sites\/2\/2016\/07\/abelly-feat.jpg?fit=1200%2C630&resize=350%2C200","width":350,"height":200,"srcset":"https:\/\/i0.wp.com\/vincentians.com\/en\/wp-content\/uploads\/sites\/2\/2016\/07\/abelly-feat.jpg?fit=1200%2C630&resize=350%2C200 1x, https:\/\/i0.wp.com\/vincentians.com\/en\/wp-content\/uploads\/sites\/2\/2016\/07\/abelly-feat.jpg?fit=1200%2C630&resize=525%2C300 1.5x, https:\/\/i0.wp.com\/vincentians.com\/en\/wp-content\/uploads\/sites\/2\/2016\/07\/abelly-feat.jpg?fit=1200%2C630&resize=700%2C400 2x, https:\/\/i0.wp.com\/vincentians.com\/en\/wp-content\/uploads\/sites\/2\/2016\/07\/abelly-feat.jpg?fit=1200%2C630&resize=1050%2C600 3x"},"classes":[]},{"id":107382,"url":"http:\/\/vincentians.com\/en\/the-life-of-vincent-de-paul-abelly-book-ii-chapter-ii-section-v\/","url_meta":{"origin":105328,"position":3},"title":"The Life of Vincent de Paul (Abelly): Book II, Chapter II, Section V","author":"Francisco Javier Fern\u00e1ndez Chento","date":"October 9, 2016","format":false,"excerpt":"SECTION FIVE: Some Examples of the Blessings Brought About in France by the Ordination Retreats The first testimony we will cite is Monsieur Vincent himself. In 1633 he wrote a letter to a priest of the Congregation who was in Rome, in which he spoke from the depths of his\u2026","rel":"","context":"In &quot;Vincent de Paul&quot;","block_context":{"text":"Vincent de Paul","link":"http:\/\/vincentians.com\/en\/category\/the-vincentian-family\/founders\/vincent-de-paul\/"},"img":{"alt_text":"","src":"https:\/\/i0.wp.com\/vincentians.com\/en\/wp-content\/uploads\/sites\/2\/2016\/07\/abelly-feat.jpg?fit=1200%2C630&resize=350%2C200","width":350,"height":200,"srcset":"https:\/\/i0.wp.com\/vincentians.com\/en\/wp-content\/uploads\/sites\/2\/2016\/07\/abelly-feat.jpg?fit=1200%2C630&resize=350%2C200 1x, https:\/\/i0.wp.com\/vincentians.com\/en\/wp-content\/uploads\/sites\/2\/2016\/07\/abelly-feat.jpg?fit=1200%2C630&resize=525%2C300 1.5x, https:\/\/i0.wp.com\/vincentians.com\/en\/wp-content\/uploads\/sites\/2\/2016\/07\/abelly-feat.jpg?fit=1200%2C630&resize=700%2C400 2x, https:\/\/i0.wp.com\/vincentians.com\/en\/wp-content\/uploads\/sites\/2\/2016\/07\/abelly-feat.jpg?fit=1200%2C630&resize=1050%2C600 3x"},"classes":[]},{"id":106490,"url":"http:\/\/vincentians.com\/en\/the-life-of-vincent-de-paul-abelly-book-ii-chapter-i-section-i-part-v\/","url_meta":{"origin":105328,"position":4},"title":"The Life of Vincent de Paul (Abelly): Book II, Chapter I, Section I, Part V","author":"Francisco Javier Fern\u00e1ndez Chento","date":"August 30, 2016","format":false,"excerpt":"PART FIVE: The General Results of the Missions Given by Monsieur Vincent and the Missionaries of His Congregation The Gospel maxim recalls that we know the tree by the fruit it produces. There is no more assured way of judging its vigor and fertility than by examining what it brings\u2026","rel":"","context":"In &quot;Vincent de Paul&quot;","block_context":{"text":"Vincent de Paul","link":"http:\/\/vincentians.com\/en\/category\/the-vincentian-family\/founders\/vincent-de-paul\/"},"img":{"alt_text":"","src":"https:\/\/i0.wp.com\/vincentians.com\/en\/wp-content\/uploads\/sites\/2\/2016\/07\/abelly-feat.jpg?fit=1200%2C630&resize=350%2C200","width":350,"height":200,"srcset":"https:\/\/i0.wp.com\/vincentians.com\/en\/wp-content\/uploads\/sites\/2\/2016\/07\/abelly-feat.jpg?fit=1200%2C630&resize=350%2C200 1x, https:\/\/i0.wp.com\/vincentians.com\/en\/wp-content\/uploads\/sites\/2\/2016\/07\/abelly-feat.jpg?fit=1200%2C630&resize=525%2C300 1.5x, https:\/\/i0.wp.com\/vincentians.com\/en\/wp-content\/uploads\/sites\/2\/2016\/07\/abelly-feat.jpg?fit=1200%2C630&resize=700%2C400 2x, https:\/\/i0.wp.com\/vincentians.com\/en\/wp-content\/uploads\/sites\/2\/2016\/07\/abelly-feat.jpg?fit=1200%2C630&resize=1050%2C600 3x"},"classes":[]},{"id":105203,"url":"http:\/\/vincentians.com\/en\/the-life-of-vincent-de-paul-abelly-book-i-chapter-xvii\/","url_meta":{"origin":105328,"position":5},"title":"The Life of Vincent de Paul (Abelly): Book I, Chapter XVII","author":"Francisco Javier Fern\u00e1ndez Chento","date":"July 19, 2016","format":false,"excerpt":"He is Appointed Head of the College des Bons Enfants, and Later Makes the First Foundation of the Congregation of the Mission Madame de Gondi, as we have already said, saw both the need and the success of the missions. She had conceived the idea some years before of endowing\u2026","rel":"","context":"In &quot;Vincent de Paul&quot;","block_context":{"text":"Vincent de Paul","link":"http:\/\/vincentians.com\/en\/category\/the-vincentian-family\/founders\/vincent-de-paul\/"},"img":{"alt_text":"","src":"https:\/\/i0.wp.com\/vincentians.com\/en\/wp-content\/uploads\/sites\/2\/2016\/07\/abelly-feat.jpg?fit=1200%2C630&resize=350%2C200","width":350,"height":200,"srcset":"https:\/\/i0.wp.com\/vincentians.com\/en\/wp-content\/uploads\/sites\/2\/2016\/07\/abelly-feat.jpg?fit=1200%2C630&resize=350%2C200 1x, https:\/\/i0.wp.com\/vincentians.com\/en\/wp-content\/uploads\/sites\/2\/2016\/07\/abelly-feat.jpg?fit=1200%2C630&resize=525%2C300 1.5x, https:\/\/i0.wp.com\/vincentians.com\/en\/wp-content\/uploads\/sites\/2\/2016\/07\/abelly-feat.jpg?fit=1200%2C630&resize=700%2C400 2x, https:\/\/i0.wp.com\/vincentians.com\/en\/wp-content\/uploads\/sites\/2\/2016\/07\/abelly-feat.jpg?fit=1200%2C630&resize=1050%2C600 3x"},"classes":[]}],"_links":{"self":[{"href":"http:\/\/vincentians.com\/en\/wp-json\/wp\/v2\/posts\/105328","targetHints":{"allow":["GET"]}}],"collection":[{"href":"http:\/\/vincentians.com\/en\/wp-json\/wp\/v2\/posts"}],"about":[{"href":"http:\/\/vincentians.com\/en\/wp-json\/wp\/v2\/types\/post"}],"author":[{"embeddable":true,"href":"http:\/\/vincentians.com\/en\/wp-json\/wp\/v2\/users\/4"}],"replies":[{"embeddable":true,"href":"http:\/\/vincentians.com\/en\/wp-json\/wp\/v2\/comments?post=105328"}],"version-history":[{"count":0,"href":"http:\/\/vincentians.com\/en\/wp-json\/wp\/v2\/posts\/105328\/revisions"}],"wp:featuredmedia":[{"embeddable":true,"href":"http:\/\/vincentians.com\/en\/wp-json\/wp\/v2\/media\/149583"}],"wp:attachment":[{"href":"http:\/\/vincentians.com\/en\/wp-json\/wp\/v2\/media?parent=105328"}],"wp:term":[{"taxonomy":"category","embeddable":true,"href":"http:\/\/vincentians.com\/en\/wp-json\/wp\/v2\/categories?post=105328"},{"taxonomy":"post_tag","embeddable":true,"href":"http:\/\/vincentians.com\/en\/wp-json\/wp\/v2\/tags?post=105328"}],"curies":[{"name":"wp","href":"https:\/\/api.w.org\/{rel}","templated":true}]}}