{"id":105327,"date":"2016-08-18T06:00:35","date_gmt":"2016-08-18T04:00:35","guid":{"rendered":"http:\/\/vincentians.com\/?p=105327"},"modified":"2016-07-13T18:11:24","modified_gmt":"2016-07-13T16:11:24","slug":"the-life-of-vincent-de-paul-abelly-book-i-chapter-xlvi","status":"publish","type":"post","link":"http:\/\/vincentians.com\/en\/the-life-of-vincent-de-paul-abelly-book-i-chapter-xlvi\/","title":{"rendered":"The Life of Vincent de Paul (Abelly): Book I, Chapter XLVI"},"content":{"rendered":"<p><strong>A Census of the Houses of the Congregation of the Mission Founded During the Lifetime of Monsieur Vincent<\/strong><\/p>\n<p>God planted the Congregation of the Mission in his Church as a mystic vine which was to bear fruit though his grace to sanctify a large number of souls. He willed that it extend its branches everywhere. The new growth was in the establishment of other houses, which in truth should be attributed to the will of God rather than to any human intervention. The one most responsible for cooperation with this design of God was Monsieur Vincent, but only after he was convinced that not to do so would be to resist the action of God.<\/p>\n<p>We have already spoken of the three houses in Paris, that is, the College des Bons Enfants, Saint Lazare, and Saint Charles.<\/p>\n<p>The first house outside of Paris began in Lorraine in the town of Toul at the invitation of Charles Chretien de Gournay, bishop of Scythia. At the time, he was administrator of Toul and afterwards became its bishop. This mission was established in 1635 in the house of the Holy Spirit with the approval of the religious who lived there. It was formally joined to the Congregation of the Mission, and this action was authorized by the king with letters patent and ratified by the Parlement.<\/p>\n<p>Three years later, in 1638, Cardinal Richelieu, as a memorial of his piety and as a sign of his esteem for Monsieur Vincent and his institute, founded a house of the Congregation of the Mission in the city of Richelieu. This foundation bore the obligation of having missions preached not only in the diocese of Poitiers in which the city of Richelieu is located but also in Lucon, where he formerly was bishop. <span id='easy-footnote-1-105327' class='easy-footnote-margin-adjust'><\/span><span class='easy-footnote'><a href='http:\/\/vincentians.com\/en\/the-life-of-vincent-de-paul-abelly-book-i-chapter-xlvi\/#easy-footnote-bottom-1-105327' title='Armand Duplessis, Cardinal Richelieu, was bishop of Lucon from 1607 to 1624. Named cardinal in 1622, he resigned his diocese to give himself entirely to affairs of state. He died December 4, 1642, at age fifty-eight.'><sup>1<\/sup><\/a><\/span> While awaiting the coming of other priests of the Congregation to Lucon the priests fulfilled the obligation of giving missions and were able to offer various other services. The cardinal completed his gift by leaving a sum of money for their maintenance.<\/p>\n<p>Some time later, after the purchase of a house in Lucon around 1645, Monsieur Vincent sent three or four of his priests in response to the earnest request of Pierre de Nivelle, bishop of Lucon, who gave them full faculties to work in his diocese. They have remained there since, to the credit of the missionaries of Richelieu, who gave them a small sum to help in their upkeep, and thus enable them to serve many souls more fully.<\/p>\n<p>In the same year, 1638, another house of the Congregation was founded in Troyes, in Champagne, by the good offices of its late bishop, Rene de Bresle and of the late Commander de Sillery.<\/p>\n<p>In 1640 Monsieur Vincent sent several priests of his Congregation <span id='easy-footnote-2-105327' class='easy-footnote-margin-adjust'><\/span><span class='easy-footnote'><a href='http:\/\/vincentians.com\/en\/the-life-of-vincent-de-paul-abelly-book-i-chapter-xlvi\/#easy-footnote-bottom-2-105327' title='To Annecy'><sup>2<\/sup><\/a><\/span> to work in the diocese of Geneva in Savoy. This was in response to the earnest request of Juste Guerin, bishop of Geneva, coupled with the insistence of Mother de Chantal, foundress and first superioress of the Visitation Sisters, in the city of Annecy. The bishop hoped to preserve in the diocese by means of the missions the great blessings brought by Blessed Francis de Sales. Commander de Sillery, moved by a singular dedication to the memory of this prelate, set up a foundation for the support of the missionaries, who have remained there up to the present. Besides giving missions for the sanctification of the country people, their commitment has been to reform and train the clergy. They did this by the usual ordination retreats and by founding a seminary. It began in October 1641 to train the clergy in knowledge and virtue.<\/p>\n<p>In the same year, 1641, Dominique Seguier, bishop of Meaux, authorized a house of the Congregation in the city of Crecy in Brie, to conduct missions in his diocese. This was founded in the king&#8217;s own name by Monsieur [Pierre] Lorthon, counselor to the king.<\/p>\n<p>The following year, 1642, saw the foundation and establishment of another house in Rome through the generosity of the noblewoman Marie de Wignerod, Duchess d&#8217;Aiguillon, niece of Cardinal Richelieu. She was zealous for God&#8217;s glory and charitable towards her neighbor, especially the most neglected poor no matter where they lived. This virtuous woman had a special esteem and affection of Monsieur Vincent, who in turn greatly appreciated her help and friendship.<\/p>\n<p>This same duchess arranged to support seven priest missionaries to give missions in her territory of Aiguillon and in the counties of Agenais and Condomois. The bishop of Agen <span id='easy-footnote-3-105327' class='easy-footnote-margin-adjust'><\/span><span class='easy-footnote'><a href='http:\/\/vincentians.com\/en\/the-life-of-vincent-de-paul-abelly-book-i-chapter-xlvi\/#easy-footnote-bottom-3-105327' title='Barthelemy Delbene.'><sup>3<\/sup><\/a><\/span> arranged for them to start a house at Notre Dame de la Rose in his diocese, near the town of Sainte Livrade.<\/p>\n<p>This same lady was responsible for supporting the new establishment in 1643 in the city of Marseilles, chiefly for the benefit of the poor unfortunates condemned to the galleys of France. The priests were to do all their usual good works in favor of the poor. Several years later the work was expanded by the duchess in favor of the Christian slaves of the Barbary pirates.<\/p>\n<p>In the same year, 1643, Alain de Solminihac, the late bishop, baron and count of Cahors, whose memory is held in such veneration in all the Church because of the eminent virtues with which his life was graced, brought the Congregation of the Mission to his diocese. <span id='easy-footnote-4-105327' class='easy-footnote-margin-adjust'><\/span><span class='easy-footnote'><a href='http:\/\/vincentians.com\/en\/the-life-of-vincent-de-paul-abelly-book-i-chapter-xlvi\/#easy-footnote-bottom-4-105327' title='1593-1659. Born in Perigord, he became abbot of Chancelade near his home town. He worked strenuously for the reformation of that abbey and of others. He was named bishop of Cahors in 1636. He established a seminary for the formation of his clergy and entrusted it to Saint Vincent. He died in 1659, at age sixty-seven. Pope John Paul II beatified him in 1981.'><sup>4<\/sup><\/a><\/span> He himself was noted for his pastoral vigilance, his zeal for the glory of God and for the salvation of the people of his diocese. He was sensitive to the singular graces he recognized in Monsieur Vincent and in his institute. He judged he would do a great service to his diocese by inviting the Congregation of the Mission to open a house in Cahors.<\/p>\n<p>The late king, Louis XIII of glorious memory, acquired sovereignty over the Sedan region, but unfortunately it was deeply infected with heresy. He requested Monsieur Vincent to send some members of his Congregation to conduct missions that would instruct and confirm Catholics in their faith. For the most part these people were poorly educated and in constant danger of losing their faith because of their frequent contact with heretics.<\/p>\n<p>To further this project His Majesty ordered that a large sum be given to Monsieur Vincent to underwrite the work of the missions. After the death of this great monarch, Louis XIV, his successor now gloriously reigning, upon the advice of the queen regent, his mother, preferred that the remaining money should serve as a foundation for a permanent house of the Congregation of the Mission. This was done finally by Eleonor d&#8217;Etampes de Valencay, archbishop of Reims.<\/p>\n<p>The house at Montmirail, a small village in Brie in the diocese of Soissons, was founded in 1644 by the Duke de Retz.<span id='easy-footnote-5-105327' class='easy-footnote-margin-adjust'><\/span><span class='easy-footnote'><a href='http:\/\/vincentians.com\/en\/the-life-of-vincent-de-paul-abelly-book-i-chapter-xlvi\/#easy-footnote-bottom-5-105327' title='Pierre de Gondi, the eldest son of Philip Emmanuel de Gondi, and a former student of Saint Vincent.'><sup>5<\/sup><\/a><\/span> Monsieur Toublan, his secretary, contributed some of his inheritance to this foundation.<\/p>\n<p>Jacques Raoul [de la Guibourgere], then bishop of that city, established the house at Saintes that same year with the help of the diocesan clergy for the purpose of missions and a seminary.<\/p>\n<p>The following year, 1645, another house was set up in the city of Le Mans, at the insistence of the bishop, Emeric de La Ferte, and the cooperation of Monsieur Lucas, head of the collegial church of Notre Dame de Coeffort, a royal foundation in the city. This was done with the consent of the canons, who turned over the church, the house and its appurtenances to the Congregation of the Mission. This was confirmed by royal letters patent, and ratified by the authorities of the town.<\/p>\n<p>In the same year, 1645, Achille de Harlay, bishop of Saint Malo, requested priests of the Congregation to work in his diocese. Monsieur Vincent sent several, and they were soon given the abbey of Saint Meen to live in. It should be remarked that the bishop was also abbot of this monastery, and the religious there agreed to the invitation. In fact, the house and its benefice was ceded to the missionaries. This transaction was authorized by letters patent from the king and later was approved by an apostolic bull of our holy father the pope, Alexander VII. <span id='easy-footnote-6-105327' class='easy-footnote-margin-adjust'><\/span><span class='easy-footnote'><a href='http:\/\/vincentians.com\/en\/the-life-of-vincent-de-paul-abelly-book-i-chapter-xlvi\/#easy-footnote-bottom-6-105327' title='&lt;em&gt;CED&lt;\/em&gt; XIII:387-95. April 4, 1658.'><sup>6<\/sup><\/a><\/span>\n<p>We must not neglect to mention the foundation made in 1645 and the two following years in several remote locations. Having been pressed by the requests of some zealous and virtuous persons, but more so by his own charity, he sent some of his priests to remote places for various works of mercy, after obtaining the necessary approvals from the apostolic see. He sent men to Tunis and Algiers for the spiritual and temporal care of Christian slaves who, whether well or ill, were in great need. He sent others to Ireland to instruct and encourage the poor Catholics of this region oppressed by their heretical masters from England. His zeal put no limits on his charity. He sent other priests all the way to the island of Madagascar then called Saint Lawrence, located below the equator. Here the people lived either in idolatry or with no religion at all. This is a vast region covered with brambles that this steward of the Gospel sought to reclaim by the indescribable labor of his followers, several of whom have already succumbed. We should mention that Monsieur Vincent displayed a remarkable firmness and constancy in supporting these apostolic efforts, particularly in this infidel island and in Tunis and Algiers. This took place despite the enormous difficulties in these missions, with the accompanying losses he suffered. We shall refer in Book Two<span id='easy-footnote-7-105327' class='easy-footnote-margin-adjust'><\/span><span class='easy-footnote'><a href='http:\/\/vincentians.com\/en\/the-life-of-vincent-de-paul-abelly-book-i-chapter-xlvi\/#easy-footnote-bottom-7-105327' title='Ch. 1, sects. 7-9.'><sup>7<\/sup><\/a><\/span> to the blessings God has poured out on these foreign missionaries and to the fruits they reaped, aided by his grace.<\/p>\n<p>In the same year 1645, Cardinal Durazzo, the esteemed archbishop of Genoa in Italy, learning of the services rendered to the Church by Monsieur Vincent and the Congregation of the Mission in various places, chiefly Savoy and Rome, set about procuring the same benefit for his diocese. In response to his earnest request to have some priests of the Congregation in the city of Genoa, Monsieur Vincent sent several, and they were warmly received. The archbishop, with considerable help from local priests, Baliano Raggio and Giovanni Cristoforo Moncia, and from the local nobility, underwrote the enterprise.<\/p>\n<p>In 1650 the Congregation of the Mission was set up in the city of Agen by the bishop. He also had the priests assume the direction of his seminary.<\/p>\n<p>In 1651 Monsieur Vincent sent some priests of the Congregation to Warsaw in Poland in response to the invitation of the pious and generous queen. In Book Two we shall see what remarkable things took place in this foundation that reveal Monsieur Vincent&#8217;s generosity, his truly apostolic zeal, and his personal self-abnegation. <span id='easy-footnote-8-105327' class='easy-footnote-margin-adjust'><\/span><span class='easy-footnote'><a href='http:\/\/vincentians.com\/en\/the-life-of-vincent-de-paul-abelly-book-i-chapter-xlvi\/#easy-footnote-bottom-8-105327' title='Ch. 1, sect. 10.'><sup>8<\/sup><\/a><\/span>\n<p>In this same year, 1651, Monsieur Vincent sent some of his priests to the Hebrides Islands to serve the abandoned poor of this region, located to the north of the kingdom of Scotland.<\/p>\n<p>The following year, 1652, the Congregation of the Mission was established in the diocese of Montauban where Bishop Pierre de Bertier handed over to them the direction of the seminary besides the missions to be given in his diocese.<\/p>\n<p>The house in the city of Treguier in lower Brittany, in 1654, was due to the kindness of Balthazar Grangier, count and bishop. He was aided in this by Monsieur Thepant, lord of Rumelin and canon of the cathedral church of Treguier, who endowed it.<\/p>\n<p>In the same year Monsieur Vincent sent several of his Company to the town of Agde in Languedoc at the request of the count and bishop Francis Fouquet, who later became archbishop of Narbonne.<\/p>\n<p>The same year also, Monsieur Vincent sent priests to Turin, capital of Piedmont, at the request of the Marquis de Pianezza, prime minister of the duke of Savoy. This latter was a man of singular piety and had a great desire to further the glory of God and the salvation of souls by establishing a house of the Congregation in Turin.<\/p>\n<p>In 1657 the court was in Metz. Moved by her usual concern to further the public good, the queen mother thought that inviting Monsieur Vincent to send some missionaries to the city would be the most effective way to achieve this goal. <span id='easy-footnote-9-105327' class='easy-footnote-margin-adjust'><\/span><span class='easy-footnote'><a href='http:\/\/vincentians.com\/en\/the-life-of-vincent-de-paul-abelly-book-i-chapter-xlvi\/#easy-footnote-bottom-9-105327' title='See &lt;em&gt;CED&lt;\/em&gt; XII:4.'><sup>9<\/sup><\/a><\/span> Accordingly, she returned to Paris, summoned Monsieur Vincent, and told him of her wishes. She also told him she wanted him to send missionaries to give a mission in Metz. He replied:<\/p>\n<p style=\"padding-left: 30px;\">Your Majesty is perhaps not aware that the Congregation of the Mission was founded solely for service to the poor. Our community is in Paris or other episcopal cities only to direct seminaries, to prepare young ecclesiastics about to be ordained, or to serve as a base for missions into the countryside, and not to preach, catechize, or hear the confessions of its citizens. However, another group of clerics who meet regularly at Saint Lazare can, if Your Majesty wishes, fulfill your wishes better than ourselves.<\/p>\n<p>The queen replied that she was unaware that the priests of the Congregation of the Mission did not serve in the larger cities. As she had no desire to turn them from their proper goal as an institute, if the priests of the Tuesday Conference of Saint Lazare were to come, she would find this satisfactory. This actually occurred in the Lenten season of 1658. Monsieur Vincent chose more than twenty priests, all capable men. He then requested the late Father de Chandenier, a man of singular virtue and of good repute, to take charge of this new foundation. <span id='easy-footnote-10-105327' class='easy-footnote-margin-adjust'><\/span><span class='easy-footnote'><a href='http:\/\/vincentians.com\/en\/the-life-of-vincent-de-paul-abelly-book-i-chapter-xlvi\/#easy-footnote-bottom-10-105327' title='See below, ch. 49. The total was probably less; see &lt;em&gt;CED&lt;\/em&gt; VII:76, 92.'><sup>10<\/sup><\/a><\/span> He was successful in this, carefully following the advice given him by Monsieur Vincent. He observed all the usual practices of the missions to guarantee success. When this virtuous priest reported the condition of the house to Her Majesty, she was so pleased that she decided to found a house of the Congregation of the Mission in Metz itself, but this did not happen until after the death of Monsieur Vincent.<\/p>\n<p>In 1659 he sent several of his priests to Narbonne at the request of the archbishop, Francois Fouquet, who founded the house there.<\/p>\n<p>The late Father de Sery of the Mailly family of Picardy had informed Monsieur Vincent several times in the past that he wished to contribute to the foundation of the Congregation of the Mission in Amiens. However, before this project could be completed, our holy priest had passed from this world. The mission was established, however, by Francois Faure, bishop of Amiens, who gave the priests the perpetual direction of his seminary. The good priest survived Monsieur Vincent only a short time, having requested that he be buried near him in the church of Saint Lazare.<\/p>\n<p>The late Henri de Baradat, count and bishop of Noyon and peer of the realm, wished to have the Congregation of the Mission in his diocese and wrote to Monsieur Vincent with this intention. Monsieur Vincent did not think it appropriate at the time to accede to the request. Divine Providence reserved the fulfillment of this wish to his worthy successor, Francois de Clermont. He was not long in his diocese before he followed up on the request to have the Congregation of the Mission come. This was accepted, and when the priests arrived, they were given the perpetual direction of the seminary of the diocese. This occurred in 1662.<\/p>\n<p>It should be remarked that other prelates besides those in France itself wished to have the Congregation of the Mission in their dioceses for giving missions, working with those about to be ordained, and directing seminaries. Monsieur Vincent could not honor all their requests, either for lack of personnel or for other good and sufficient reasons. He did not care to attempt anything before the moment willed by God or beyond his own capabilities.<\/p>\n<p>The priests of the Congregation of the Mission reaped the fruit of their labors, even here in this life. They saw their numbers increase like the stars of heaven, and the Congregation quickly became rooted in short time in various parts of the world.<\/p>\n<p>Since the most ardent desire of the heart of Monsieur Vincent was that God should be glorified and that souls redeemed by the blood of Jesus Christ should be saved, he was moved to profound gratitude that Providence had used him, a poor and miserable creature (as he believed) to bring about these things. The thought of all the works in which his Congregation was engaged did not give him a sense of accomplishment but rather one of deeper and deeper self-abasement. He continually offered his thanks to God that notwithstanding his own unworthiness and lack of ability he had been chosen as the instrument of divine mercy to bring about such blessings upon the world.<\/p>\n","protected":false},"excerpt":{"rendered":"<p>A Census of the Houses of the Congregation of the Mission Founded During the Lifetime of Monsieur Vincent God planted the Congregation of the Mission in his Church as a mystic vine which was to &#8230; <a href=\"http:\/\/vincentians.com\/en\/the-life-of-vincent-de-paul-abelly-book-i-chapter-xlvi\/\" class=\"more-link\">Read More<\/a><\/p>\n","protected":false},"author":4,"featured_media":149583,"comment_status":"open","ping_status":"open","sticky":false,"template":"","format":"standard","meta":{"jetpack_post_was_ever_published":false,"_jetpack_newsletter_access":"","_jetpack_dont_email_post_to_subs":false,"_jetpack_newsletter_tier_id":0,"_jetpack_memberships_contains_paywalled_content":false,"_jetpack_memberships_contains_paid_content":false,"footnotes":"","jetpack_publicize_message":"","jetpack_publicize_feature_enabled":true,"jetpack_social_post_already_shared":true,"jetpack_social_options":{"image_generator_settings":{"template":"highway","default_image_id":0,"font":"","enabled":false},"version":2}},"categories":[5],"tags":[],"class_list":["post-105327","post","type-post","status-publish","format-standard","has-post-thumbnail","hentry","category-vincent-de-paul"],"yoast_head":"<!-- This site is optimized with the Yoast SEO plugin v26.3 - https:\/\/yoast.com\/wordpress\/plugins\/seo\/ -->\n<title>The Life of Vincent de Paul (Abelly): Book I, Chapter XLVI - We are Vincentians<\/title>\n<meta name=\"robots\" content=\"index, follow, max-snippet:-1, max-image-preview:large, max-video-preview:-1\" \/>\n<link rel=\"canonical\" href=\"http:\/\/vincentians.com\/en\/the-life-of-vincent-de-paul-abelly-book-i-chapter-xlvi\/\" \/>\n<meta property=\"og:locale\" content=\"en_US\" \/>\n<meta property=\"og:type\" content=\"article\" \/>\n<meta property=\"og:title\" content=\"The Life of Vincent de Paul (Abelly): Book I, Chapter XLVI - We are Vincentians\" \/>\n<meta property=\"og:description\" content=\"A Census of the Houses of the Congregation of the Mission Founded During the Lifetime of Monsieur Vincent God planted the Congregation of the Mission in his Church as a mystic vine which was to ... Read More\" \/>\n<meta property=\"og:url\" content=\"http:\/\/vincentians.com\/en\/the-life-of-vincent-de-paul-abelly-book-i-chapter-xlvi\/\" \/>\n<meta property=\"og:site_name\" content=\"We are Vincentians\" \/>\n<meta property=\"article:publisher\" content=\"https:\/\/www.facebook.com\/WeAreVincentians\/\" \/>\n<meta property=\"article:author\" content=\"https:\/\/www.facebook.com\/JavierChento\" \/>\n<meta property=\"article:published_time\" content=\"2016-08-18T04:00:35+00:00\" \/>\n<meta property=\"og:image\" content=\"https:\/\/i0.wp.com\/vincentians.com\/en\/wp-content\/uploads\/sites\/2\/2016\/07\/abelly-feat.jpg?fit=1200%2C630\" \/>\n\t<meta property=\"og:image:width\" content=\"1200\" \/>\n\t<meta property=\"og:image:height\" content=\"630\" \/>\n\t<meta property=\"og:image:type\" content=\"image\/jpeg\" \/>\n<meta name=\"author\" content=\"Francisco Javier Fern\u00e1ndez Chento\" \/>\n<meta name=\"twitter:card\" content=\"summary_large_image\" \/>\n<meta name=\"twitter:creator\" content=\"@https:\/\/twitter.com\/javierchento\" \/>\n<meta name=\"twitter:site\" content=\"@WeVincentians\" \/>\n<meta name=\"twitter:label1\" content=\"Written by\" \/>\n\t<meta name=\"twitter:data1\" content=\"Francisco Javier Fern\u00e1ndez Chento\" \/>\n\t<meta name=\"twitter:label2\" content=\"Est. reading time\" \/>\n\t<meta name=\"twitter:data2\" content=\"15 minutes\" \/>\n<script type=\"application\/ld+json\" class=\"yoast-schema-graph\">{\"@context\":\"https:\/\/schema.org\",\"@graph\":[{\"@type\":\"Article\",\"@id\":\"http:\/\/vincentians.com\/en\/the-life-of-vincent-de-paul-abelly-book-i-chapter-xlvi\/#article\",\"isPartOf\":{\"@id\":\"http:\/\/vincentians.com\/en\/the-life-of-vincent-de-paul-abelly-book-i-chapter-xlvi\/\"},\"author\":{\"name\":\"Francisco Javier Fern\u00e1ndez Chento\",\"@id\":\"https:\/\/vincentians.com\/en\/#\/schema\/person\/9623ef4d9aa3b2dfb8c061f1499288f2\"},\"headline\":\"The Life of Vincent de Paul (Abelly): Book I, Chapter XLVI\",\"datePublished\":\"2016-08-18T04:00:35+00:00\",\"mainEntityOfPage\":{\"@id\":\"http:\/\/vincentians.com\/en\/the-life-of-vincent-de-paul-abelly-book-i-chapter-xlvi\/\"},\"wordCount\":2926,\"commentCount\":0,\"publisher\":{\"@id\":\"https:\/\/vincentians.com\/en\/#organization\"},\"image\":{\"@id\":\"http:\/\/vincentians.com\/en\/the-life-of-vincent-de-paul-abelly-book-i-chapter-xlvi\/#primaryimage\"},\"thumbnailUrl\":\"https:\/\/i0.wp.com\/vincentians.com\/en\/wp-content\/uploads\/sites\/2\/2016\/07\/abelly-feat.jpg?fit=1200%2C630\",\"articleSection\":[\"Vincent de Paul\"],\"inLanguage\":\"en-US\",\"potentialAction\":[{\"@type\":\"CommentAction\",\"name\":\"Comment\",\"target\":[\"http:\/\/vincentians.com\/en\/the-life-of-vincent-de-paul-abelly-book-i-chapter-xlvi\/#respond\"]}]},{\"@type\":\"WebPage\",\"@id\":\"http:\/\/vincentians.com\/en\/the-life-of-vincent-de-paul-abelly-book-i-chapter-xlvi\/\",\"url\":\"http:\/\/vincentians.com\/en\/the-life-of-vincent-de-paul-abelly-book-i-chapter-xlvi\/\",\"name\":\"The Life of Vincent de Paul (Abelly): Book I, Chapter XLVI - We are Vincentians\",\"isPartOf\":{\"@id\":\"https:\/\/vincentians.com\/en\/#website\"},\"primaryImageOfPage\":{\"@id\":\"http:\/\/vincentians.com\/en\/the-life-of-vincent-de-paul-abelly-book-i-chapter-xlvi\/#primaryimage\"},\"image\":{\"@id\":\"http:\/\/vincentians.com\/en\/the-life-of-vincent-de-paul-abelly-book-i-chapter-xlvi\/#primaryimage\"},\"thumbnailUrl\":\"https:\/\/i0.wp.com\/vincentians.com\/en\/wp-content\/uploads\/sites\/2\/2016\/07\/abelly-feat.jpg?fit=1200%2C630\",\"datePublished\":\"2016-08-18T04:00:35+00:00\",\"breadcrumb\":{\"@id\":\"http:\/\/vincentians.com\/en\/the-life-of-vincent-de-paul-abelly-book-i-chapter-xlvi\/#breadcrumb\"},\"inLanguage\":\"en-US\",\"potentialAction\":[{\"@type\":\"ReadAction\",\"target\":[\"http:\/\/vincentians.com\/en\/the-life-of-vincent-de-paul-abelly-book-i-chapter-xlvi\/\"]}]},{\"@type\":\"ImageObject\",\"inLanguage\":\"en-US\",\"@id\":\"http:\/\/vincentians.com\/en\/the-life-of-vincent-de-paul-abelly-book-i-chapter-xlvi\/#primaryimage\",\"url\":\"https:\/\/i0.wp.com\/vincentians.com\/en\/wp-content\/uploads\/sites\/2\/2016\/07\/abelly-feat.jpg?fit=1200%2C630\",\"contentUrl\":\"https:\/\/i0.wp.com\/vincentians.com\/en\/wp-content\/uploads\/sites\/2\/2016\/07\/abelly-feat.jpg?fit=1200%2C630\",\"width\":1200,\"height\":630},{\"@type\":\"BreadcrumbList\",\"@id\":\"http:\/\/vincentians.com\/en\/the-life-of-vincent-de-paul-abelly-book-i-chapter-xlvi\/#breadcrumb\",\"itemListElement\":[{\"@type\":\"ListItem\",\"position\":1,\"name\":\"Portada\",\"item\":\"https:\/\/vincentians.com\/en\/\"},{\"@type\":\"ListItem\",\"position\":2,\"name\":\"The Life of Vincent de Paul (Abelly): Book I, Chapter XLVI\"}]},{\"@type\":\"WebSite\",\"@id\":\"https:\/\/vincentians.com\/en\/#website\",\"url\":\"https:\/\/vincentians.com\/en\/\",\"name\":\"We are Vincentians\",\"description\":\"Know more to serve more\",\"publisher\":{\"@id\":\"https:\/\/vincentians.com\/en\/#organization\"},\"potentialAction\":[{\"@type\":\"SearchAction\",\"target\":{\"@type\":\"EntryPoint\",\"urlTemplate\":\"https:\/\/vincentians.com\/en\/?s={search_term_string}\"},\"query-input\":{\"@type\":\"PropertyValueSpecification\",\"valueRequired\":true,\"valueName\":\"search_term_string\"}}],\"inLanguage\":\"en-US\"},{\"@type\":\"Organization\",\"@id\":\"https:\/\/vincentians.com\/en\/#organization\",\"name\":\"The Vincentian Network\",\"url\":\"https:\/\/vincentians.com\/en\/\",\"logo\":{\"@type\":\"ImageObject\",\"inLanguage\":\"en-US\",\"@id\":\"https:\/\/vincentians.com\/en\/#\/schema\/logo\/image\/\",\"url\":\"https:\/\/i1.wp.com\/vincentians.com\/en\/wp-content\/uploads\/sites\/2\/2016\/06\/Vincentian-Network-logo-big.png?fit=778%2C778&ssl=1\",\"contentUrl\":\"https:\/\/i1.wp.com\/vincentians.com\/en\/wp-content\/uploads\/sites\/2\/2016\/06\/Vincentian-Network-logo-big.png?fit=778%2C778&ssl=1\",\"width\":778,\"height\":778,\"caption\":\"The Vincentian Network\"},\"image\":{\"@id\":\"https:\/\/vincentians.com\/en\/#\/schema\/logo\/image\/\"},\"sameAs\":[\"https:\/\/www.facebook.com\/WeAreVincentians\/\",\"https:\/\/x.com\/WeVincentians\"]},{\"@type\":\"Person\",\"@id\":\"https:\/\/vincentians.com\/en\/#\/schema\/person\/9623ef4d9aa3b2dfb8c061f1499288f2\",\"name\":\"Francisco Javier Fern\u00e1ndez Chento\",\"image\":{\"@type\":\"ImageObject\",\"inLanguage\":\"en-US\",\"@id\":\"https:\/\/vincentians.com\/en\/#\/schema\/person\/image\/\",\"url\":\"https:\/\/secure.gravatar.com\/avatar\/497d5cde87b4c3d097d0315953521681ba2cd523ee66e5077c3711f7021e65de?s=96&d=mm&r=g\",\"contentUrl\":\"https:\/\/secure.gravatar.com\/avatar\/497d5cde87b4c3d097d0315953521681ba2cd523ee66e5077c3711f7021e65de?s=96&d=mm&r=g\",\"caption\":\"Francisco Javier Fern\u00e1ndez Chento\"},\"description\":\"Director General y cofundador de La Red de Formaci\u00f3n Vicenciana. Javier es laico vicenciano, afiliado a la Congregaci\u00f3n de la Misi\u00f3n y miembro del Equipo de Misiones Populares de la provincia can\u00f3nica de Zaragoza (Espa\u00f1a) de la Congregaci\u00f3n de la Misi\u00f3n. Graduado en la Universidad Oberta de Catalunya con cuatro grados (Asistente de direcci\u00f3n, Gesti\u00f3n Administrativa, Recursos Humanos y Contabilidad Avanzada). Bil\u00edng\u00fce Espa\u00f1ol\/Ingl\u00e9s. gestiona y mantiene varias p\u00e1ginas web cristianas y vicencianas, incluida including La Red de Formaci\u00f3n Vicenciana, de la que es cofundador. Actualmente es responsable del \u00e1rea de Espa\u00f1ol de .famvin, la Red de Noticias de la Familia Vicenciana. Tambi\u00e9n es m\u00fasico cat\u00f3lico y ha editado varios discos. Es Director General y cofundador de Trovador, una reconocida compa\u00f1\u00eda discogr\u00e1fica critiana de Espa\u00f1a. Trabaja en las Tecnolog\u00edas de la Informaci\u00f3n, ofreciendo servicios de alojamiento, dise\u00f1o y mantenimiento Web, as\u00ed como asesoramiento, formaci\u00f3n y soluciones inform\u00e1ticas, gesti\u00f3n documental y digitalizaci\u00f3n de textos, edici\u00f3n y maquetaci\u00f3n de libros, revistas, flyers, etc.\",\"sameAs\":[\"http:\/\/chento.org\",\"https:\/\/www.facebook.com\/JavierChento\",\"https:\/\/x.com\/https:\/\/twitter.com\/javierchento\"],\"url\":\"http:\/\/vincentians.com\/en\/author\/chento\/\"}]}<\/script>\n<!-- \/ Yoast SEO plugin. -->","yoast_head_json":{"title":"The Life of Vincent de Paul (Abelly): Book I, Chapter XLVI - We are Vincentians","robots":{"index":"index","follow":"follow","max-snippet":"max-snippet:-1","max-image-preview":"max-image-preview:large","max-video-preview":"max-video-preview:-1"},"canonical":"http:\/\/vincentians.com\/en\/the-life-of-vincent-de-paul-abelly-book-i-chapter-xlvi\/","og_locale":"en_US","og_type":"article","og_title":"The Life of Vincent de Paul (Abelly): Book I, Chapter XLVI - We are Vincentians","og_description":"A Census of the Houses of the Congregation of the Mission Founded During the Lifetime of Monsieur Vincent God planted the Congregation of the Mission in his Church as a mystic vine which was to ... Read More","og_url":"http:\/\/vincentians.com\/en\/the-life-of-vincent-de-paul-abelly-book-i-chapter-xlvi\/","og_site_name":"We are Vincentians","article_publisher":"https:\/\/www.facebook.com\/WeAreVincentians\/","article_author":"https:\/\/www.facebook.com\/JavierChento","article_published_time":"2016-08-18T04:00:35+00:00","og_image":[{"width":1200,"height":630,"url":"https:\/\/i0.wp.com\/vincentians.com\/en\/wp-content\/uploads\/sites\/2\/2016\/07\/abelly-feat.jpg?fit=1200%2C630","type":"image\/jpeg"}],"author":"Francisco Javier Fern\u00e1ndez Chento","twitter_card":"summary_large_image","twitter_creator":"@https:\/\/twitter.com\/javierchento","twitter_site":"@WeVincentians","twitter_misc":{"Written by":"Francisco Javier Fern\u00e1ndez Chento","Est. reading time":"15 minutes"},"schema":{"@context":"https:\/\/schema.org","@graph":[{"@type":"Article","@id":"http:\/\/vincentians.com\/en\/the-life-of-vincent-de-paul-abelly-book-i-chapter-xlvi\/#article","isPartOf":{"@id":"http:\/\/vincentians.com\/en\/the-life-of-vincent-de-paul-abelly-book-i-chapter-xlvi\/"},"author":{"name":"Francisco Javier Fern\u00e1ndez Chento","@id":"https:\/\/vincentians.com\/en\/#\/schema\/person\/9623ef4d9aa3b2dfb8c061f1499288f2"},"headline":"The Life of Vincent de Paul (Abelly): Book I, Chapter XLVI","datePublished":"2016-08-18T04:00:35+00:00","mainEntityOfPage":{"@id":"http:\/\/vincentians.com\/en\/the-life-of-vincent-de-paul-abelly-book-i-chapter-xlvi\/"},"wordCount":2926,"commentCount":0,"publisher":{"@id":"https:\/\/vincentians.com\/en\/#organization"},"image":{"@id":"http:\/\/vincentians.com\/en\/the-life-of-vincent-de-paul-abelly-book-i-chapter-xlvi\/#primaryimage"},"thumbnailUrl":"https:\/\/i0.wp.com\/vincentians.com\/en\/wp-content\/uploads\/sites\/2\/2016\/07\/abelly-feat.jpg?fit=1200%2C630","articleSection":["Vincent de Paul"],"inLanguage":"en-US","potentialAction":[{"@type":"CommentAction","name":"Comment","target":["http:\/\/vincentians.com\/en\/the-life-of-vincent-de-paul-abelly-book-i-chapter-xlvi\/#respond"]}]},{"@type":"WebPage","@id":"http:\/\/vincentians.com\/en\/the-life-of-vincent-de-paul-abelly-book-i-chapter-xlvi\/","url":"http:\/\/vincentians.com\/en\/the-life-of-vincent-de-paul-abelly-book-i-chapter-xlvi\/","name":"The Life of Vincent de Paul (Abelly): Book I, Chapter XLVI - We are Vincentians","isPartOf":{"@id":"https:\/\/vincentians.com\/en\/#website"},"primaryImageOfPage":{"@id":"http:\/\/vincentians.com\/en\/the-life-of-vincent-de-paul-abelly-book-i-chapter-xlvi\/#primaryimage"},"image":{"@id":"http:\/\/vincentians.com\/en\/the-life-of-vincent-de-paul-abelly-book-i-chapter-xlvi\/#primaryimage"},"thumbnailUrl":"https:\/\/i0.wp.com\/vincentians.com\/en\/wp-content\/uploads\/sites\/2\/2016\/07\/abelly-feat.jpg?fit=1200%2C630","datePublished":"2016-08-18T04:00:35+00:00","breadcrumb":{"@id":"http:\/\/vincentians.com\/en\/the-life-of-vincent-de-paul-abelly-book-i-chapter-xlvi\/#breadcrumb"},"inLanguage":"en-US","potentialAction":[{"@type":"ReadAction","target":["http:\/\/vincentians.com\/en\/the-life-of-vincent-de-paul-abelly-book-i-chapter-xlvi\/"]}]},{"@type":"ImageObject","inLanguage":"en-US","@id":"http:\/\/vincentians.com\/en\/the-life-of-vincent-de-paul-abelly-book-i-chapter-xlvi\/#primaryimage","url":"https:\/\/i0.wp.com\/vincentians.com\/en\/wp-content\/uploads\/sites\/2\/2016\/07\/abelly-feat.jpg?fit=1200%2C630","contentUrl":"https:\/\/i0.wp.com\/vincentians.com\/en\/wp-content\/uploads\/sites\/2\/2016\/07\/abelly-feat.jpg?fit=1200%2C630","width":1200,"height":630},{"@type":"BreadcrumbList","@id":"http:\/\/vincentians.com\/en\/the-life-of-vincent-de-paul-abelly-book-i-chapter-xlvi\/#breadcrumb","itemListElement":[{"@type":"ListItem","position":1,"name":"Portada","item":"https:\/\/vincentians.com\/en\/"},{"@type":"ListItem","position":2,"name":"The Life of Vincent de Paul (Abelly): Book I, Chapter XLVI"}]},{"@type":"WebSite","@id":"https:\/\/vincentians.com\/en\/#website","url":"https:\/\/vincentians.com\/en\/","name":"We are Vincentians","description":"Know more to serve more","publisher":{"@id":"https:\/\/vincentians.com\/en\/#organization"},"potentialAction":[{"@type":"SearchAction","target":{"@type":"EntryPoint","urlTemplate":"https:\/\/vincentians.com\/en\/?s={search_term_string}"},"query-input":{"@type":"PropertyValueSpecification","valueRequired":true,"valueName":"search_term_string"}}],"inLanguage":"en-US"},{"@type":"Organization","@id":"https:\/\/vincentians.com\/en\/#organization","name":"The Vincentian Network","url":"https:\/\/vincentians.com\/en\/","logo":{"@type":"ImageObject","inLanguage":"en-US","@id":"https:\/\/vincentians.com\/en\/#\/schema\/logo\/image\/","url":"https:\/\/i1.wp.com\/vincentians.com\/en\/wp-content\/uploads\/sites\/2\/2016\/06\/Vincentian-Network-logo-big.png?fit=778%2C778&ssl=1","contentUrl":"https:\/\/i1.wp.com\/vincentians.com\/en\/wp-content\/uploads\/sites\/2\/2016\/06\/Vincentian-Network-logo-big.png?fit=778%2C778&ssl=1","width":778,"height":778,"caption":"The Vincentian Network"},"image":{"@id":"https:\/\/vincentians.com\/en\/#\/schema\/logo\/image\/"},"sameAs":["https:\/\/www.facebook.com\/WeAreVincentians\/","https:\/\/x.com\/WeVincentians"]},{"@type":"Person","@id":"https:\/\/vincentians.com\/en\/#\/schema\/person\/9623ef4d9aa3b2dfb8c061f1499288f2","name":"Francisco Javier Fern\u00e1ndez Chento","image":{"@type":"ImageObject","inLanguage":"en-US","@id":"https:\/\/vincentians.com\/en\/#\/schema\/person\/image\/","url":"https:\/\/secure.gravatar.com\/avatar\/497d5cde87b4c3d097d0315953521681ba2cd523ee66e5077c3711f7021e65de?s=96&d=mm&r=g","contentUrl":"https:\/\/secure.gravatar.com\/avatar\/497d5cde87b4c3d097d0315953521681ba2cd523ee66e5077c3711f7021e65de?s=96&d=mm&r=g","caption":"Francisco Javier Fern\u00e1ndez Chento"},"description":"Director General y cofundador de La Red de Formaci\u00f3n Vicenciana. Javier es laico vicenciano, afiliado a la Congregaci\u00f3n de la Misi\u00f3n y miembro del Equipo de Misiones Populares de la provincia can\u00f3nica de Zaragoza (Espa\u00f1a) de la Congregaci\u00f3n de la Misi\u00f3n. Graduado en la Universidad Oberta de Catalunya con cuatro grados (Asistente de direcci\u00f3n, Gesti\u00f3n Administrativa, Recursos Humanos y Contabilidad Avanzada). Bil\u00edng\u00fce Espa\u00f1ol\/Ingl\u00e9s. gestiona y mantiene varias p\u00e1ginas web cristianas y vicencianas, incluida including La Red de Formaci\u00f3n Vicenciana, de la que es cofundador. Actualmente es responsable del \u00e1rea de Espa\u00f1ol de .famvin, la Red de Noticias de la Familia Vicenciana. Tambi\u00e9n es m\u00fasico cat\u00f3lico y ha editado varios discos. Es Director General y cofundador de Trovador, una reconocida compa\u00f1\u00eda discogr\u00e1fica critiana de Espa\u00f1a. Trabaja en las Tecnolog\u00edas de la Informaci\u00f3n, ofreciendo servicios de alojamiento, dise\u00f1o y mantenimiento Web, as\u00ed como asesoramiento, formaci\u00f3n y soluciones inform\u00e1ticas, gesti\u00f3n documental y digitalizaci\u00f3n de textos, edici\u00f3n y maquetaci\u00f3n de libros, revistas, flyers, etc.","sameAs":["http:\/\/chento.org","https:\/\/www.facebook.com\/JavierChento","https:\/\/x.com\/https:\/\/twitter.com\/javierchento"],"url":"http:\/\/vincentians.com\/en\/author\/chento\/"}]}},"jetpack_publicize_connections":[],"jetpack_featured_media_url":"https:\/\/i0.wp.com\/vincentians.com\/en\/wp-content\/uploads\/sites\/2\/2016\/07\/abelly-feat.jpg?fit=1200%2C630","jetpack_sharing_enabled":true,"jetpack_shortlink":"https:\/\/wp.me\/p7K2Ow-roP","jetpack-related-posts":[{"id":105207,"url":"http:\/\/vincentians.com\/en\/the-life-of-vincent-de-paul-abelly-book-i-chapter-xx\/","url_meta":{"origin":105327,"position":0},"title":"The Life of Vincent de Paul (Abelly): Book I, Chapter XX","author":"Francisco Javier Fern\u00e1ndez Chento","date":"July 22, 2016","format":false,"excerpt":"The Birth and Establishment of the Congregation of the Mission We could truthfully say that this Congregation in its beginnings was that small mustard seed spoken of in the Gospel: although the least of all the seeds, it becomes a great tree in which the birds of the air build\u2026","rel":"","context":"In &quot;Vincent de Paul&quot;","block_context":{"text":"Vincent de Paul","link":"http:\/\/vincentians.com\/en\/category\/the-vincentian-family\/founders\/vincent-de-paul\/"},"img":{"alt_text":"","src":"https:\/\/i0.wp.com\/vincentians.com\/en\/wp-content\/uploads\/sites\/2\/2016\/07\/abelly-feat.jpg?fit=1200%2C630&resize=350%2C200","width":350,"height":200,"srcset":"https:\/\/i0.wp.com\/vincentians.com\/en\/wp-content\/uploads\/sites\/2\/2016\/07\/abelly-feat.jpg?fit=1200%2C630&resize=350%2C200 1x, https:\/\/i0.wp.com\/vincentians.com\/en\/wp-content\/uploads\/sites\/2\/2016\/07\/abelly-feat.jpg?fit=1200%2C630&resize=525%2C300 1.5x, https:\/\/i0.wp.com\/vincentians.com\/en\/wp-content\/uploads\/sites\/2\/2016\/07\/abelly-feat.jpg?fit=1200%2C630&resize=700%2C400 2x, https:\/\/i0.wp.com\/vincentians.com\/en\/wp-content\/uploads\/sites\/2\/2016\/07\/abelly-feat.jpg?fit=1200%2C630&resize=1050%2C600 3x"},"classes":[]},{"id":105332,"url":"http:\/\/vincentians.com\/en\/the-life-of-vincent-de-paul-abelly-book-i-chapter-xli\/","url_meta":{"origin":105327,"position":1},"title":"The Life of Vincent de Paul (Abelly): Book I, Chapter XLI","author":"Francisco Javier Fern\u00e1ndez Chento","date":"August 13, 2016","format":false,"excerpt":"The Death of the Prior of Saint Lazare. Monsieur Vincent's Appreciation of Him Monsieur Adrian Le Bon, the prior of Saint Lazare, was the instrument in God's hand, as we have said, for bringing Monsieur Vincent and his priests to Saint Lazare. Not only did he agree that Monsieur Vincent\u2026","rel":"","context":"In &quot;Vincent de Paul&quot;","block_context":{"text":"Vincent de Paul","link":"http:\/\/vincentians.com\/en\/category\/the-vincentian-family\/founders\/vincent-de-paul\/"},"img":{"alt_text":"","src":"https:\/\/i0.wp.com\/vincentians.com\/en\/wp-content\/uploads\/sites\/2\/2016\/07\/abelly-feat.jpg?fit=1200%2C630&resize=350%2C200","width":350,"height":200,"srcset":"https:\/\/i0.wp.com\/vincentians.com\/en\/wp-content\/uploads\/sites\/2\/2016\/07\/abelly-feat.jpg?fit=1200%2C630&resize=350%2C200 1x, https:\/\/i0.wp.com\/vincentians.com\/en\/wp-content\/uploads\/sites\/2\/2016\/07\/abelly-feat.jpg?fit=1200%2C630&resize=525%2C300 1.5x, https:\/\/i0.wp.com\/vincentians.com\/en\/wp-content\/uploads\/sites\/2\/2016\/07\/abelly-feat.jpg?fit=1200%2C630&resize=700%2C400 2x, https:\/\/i0.wp.com\/vincentians.com\/en\/wp-content\/uploads\/sites\/2\/2016\/07\/abelly-feat.jpg?fit=1200%2C630&resize=1050%2C600 3x"},"classes":[]},{"id":105290,"url":"http:\/\/vincentians.com\/en\/the-life-of-vincent-de-paul-abelly-book-i-chapter-xxii\/","url_meta":{"origin":105327,"position":2},"title":"The Life of Vincent de Paul (Abelly): Book I, Chapter XXII","author":"Francisco Javier Fern\u00e1ndez Chento","date":"July 24, 2016","format":false,"excerpt":"The Establishment of the Priests of the Congregation of the Mission at Saint Lazare This mystic Jerusalem began little by little to develop into a new city, built from living stones shaped by the practice of the appropriate virtues. It is true, however, that the College des Bons Enfants furnished\u2026","rel":"","context":"In &quot;Vincent de Paul&quot;","block_context":{"text":"Vincent de Paul","link":"http:\/\/vincentians.com\/en\/category\/the-vincentian-family\/founders\/vincent-de-paul\/"},"img":{"alt_text":"","src":"https:\/\/i0.wp.com\/vincentians.com\/en\/wp-content\/uploads\/sites\/2\/2016\/07\/abelly-feat.jpg?fit=1200%2C630&resize=350%2C200","width":350,"height":200,"srcset":"https:\/\/i0.wp.com\/vincentians.com\/en\/wp-content\/uploads\/sites\/2\/2016\/07\/abelly-feat.jpg?fit=1200%2C630&resize=350%2C200 1x, https:\/\/i0.wp.com\/vincentians.com\/en\/wp-content\/uploads\/sites\/2\/2016\/07\/abelly-feat.jpg?fit=1200%2C630&resize=525%2C300 1.5x, https:\/\/i0.wp.com\/vincentians.com\/en\/wp-content\/uploads\/sites\/2\/2016\/07\/abelly-feat.jpg?fit=1200%2C630&resize=700%2C400 2x, https:\/\/i0.wp.com\/vincentians.com\/en\/wp-content\/uploads\/sites\/2\/2016\/07\/abelly-feat.jpg?fit=1200%2C630&resize=1050%2C600 3x"},"classes":[]},{"id":105309,"url":"http:\/\/vincentians.com\/en\/the-life-of-vincent-de-paul-abelly-book-i-chapter-xxxi-bis\/","url_meta":{"origin":105327,"position":3},"title":"The Life of Vincent de Paul (Abelly): Book I, Chapter XXXI bis","author":"Francisco Javier Fern\u00e1ndez Chento","date":"August 3, 2016","format":false,"excerpt":"Note: This chapter was intended for inclusion by Abelly, but was published only in 1841 after it was recovered from the Sulpician archives. Monsieur Vincent's Collaboration with Father Olier in Various Pious Works Great servants of God, animated by the same spirit, should be fittingly associated with each other and\u2026","rel":"","context":"In &quot;Vincent de Paul&quot;","block_context":{"text":"Vincent de Paul","link":"http:\/\/vincentians.com\/en\/category\/the-vincentian-family\/founders\/vincent-de-paul\/"},"img":{"alt_text":"","src":"https:\/\/i0.wp.com\/vincentians.com\/en\/wp-content\/uploads\/sites\/2\/2016\/07\/abelly-feat.jpg?fit=1200%2C630&resize=350%2C200","width":350,"height":200,"srcset":"https:\/\/i0.wp.com\/vincentians.com\/en\/wp-content\/uploads\/sites\/2\/2016\/07\/abelly-feat.jpg?fit=1200%2C630&resize=350%2C200 1x, https:\/\/i0.wp.com\/vincentians.com\/en\/wp-content\/uploads\/sites\/2\/2016\/07\/abelly-feat.jpg?fit=1200%2C630&resize=525%2C300 1.5x, https:\/\/i0.wp.com\/vincentians.com\/en\/wp-content\/uploads\/sites\/2\/2016\/07\/abelly-feat.jpg?fit=1200%2C630&resize=700%2C400 2x, https:\/\/i0.wp.com\/vincentians.com\/en\/wp-content\/uploads\/sites\/2\/2016\/07\/abelly-feat.jpg?fit=1200%2C630&resize=1050%2C600 3x"},"classes":[]},{"id":105308,"url":"http:\/\/vincentians.com\/en\/the-life-of-vincent-de-paul-abelly-book-i-chapter-xxxi\/","url_meta":{"origin":105327,"position":4},"title":"The Life of Vincent de Paul (Abelly): Book I, Chapter XXXI","author":"Francisco Javier Fern\u00e1ndez Chento","date":"August 2, 2016","format":false,"excerpt":"The Founding of Several Seminaries for Clergy Great rivers always flow towards the ocean, ever being swelled by the waters of brooks and streams along the way. So too with the charity of Monsieur Vincent. It was ever directed to God, but grew each day, not so much from what\u2026","rel":"","context":"In &quot;Vincent de Paul&quot;","block_context":{"text":"Vincent de Paul","link":"http:\/\/vincentians.com\/en\/category\/the-vincentian-family\/founders\/vincent-de-paul\/"},"img":{"alt_text":"","src":"https:\/\/i0.wp.com\/vincentians.com\/en\/wp-content\/uploads\/sites\/2\/2016\/07\/abelly-feat.jpg?fit=1200%2C630&resize=350%2C200","width":350,"height":200,"srcset":"https:\/\/i0.wp.com\/vincentians.com\/en\/wp-content\/uploads\/sites\/2\/2016\/07\/abelly-feat.jpg?fit=1200%2C630&resize=350%2C200 1x, https:\/\/i0.wp.com\/vincentians.com\/en\/wp-content\/uploads\/sites\/2\/2016\/07\/abelly-feat.jpg?fit=1200%2C630&resize=525%2C300 1.5x, https:\/\/i0.wp.com\/vincentians.com\/en\/wp-content\/uploads\/sites\/2\/2016\/07\/abelly-feat.jpg?fit=1200%2C630&resize=700%2C400 2x, https:\/\/i0.wp.com\/vincentians.com\/en\/wp-content\/uploads\/sites\/2\/2016\/07\/abelly-feat.jpg?fit=1200%2C630&resize=1050%2C600 3x"},"classes":[]},{"id":106490,"url":"http:\/\/vincentians.com\/en\/the-life-of-vincent-de-paul-abelly-book-ii-chapter-i-section-i-part-v\/","url_meta":{"origin":105327,"position":5},"title":"The Life of Vincent de Paul (Abelly): Book II, Chapter I, Section I, Part V","author":"Francisco Javier Fern\u00e1ndez Chento","date":"August 30, 2016","format":false,"excerpt":"PART FIVE: The General Results of the Missions Given by Monsieur Vincent and the Missionaries of His Congregation The Gospel maxim recalls that we know the tree by the fruit it produces. There is no more assured way of judging its vigor and fertility than by examining what it brings\u2026","rel":"","context":"In &quot;Vincent de Paul&quot;","block_context":{"text":"Vincent de Paul","link":"http:\/\/vincentians.com\/en\/category\/the-vincentian-family\/founders\/vincent-de-paul\/"},"img":{"alt_text":"","src":"https:\/\/i0.wp.com\/vincentians.com\/en\/wp-content\/uploads\/sites\/2\/2016\/07\/abelly-feat.jpg?fit=1200%2C630&resize=350%2C200","width":350,"height":200,"srcset":"https:\/\/i0.wp.com\/vincentians.com\/en\/wp-content\/uploads\/sites\/2\/2016\/07\/abelly-feat.jpg?fit=1200%2C630&resize=350%2C200 1x, https:\/\/i0.wp.com\/vincentians.com\/en\/wp-content\/uploads\/sites\/2\/2016\/07\/abelly-feat.jpg?fit=1200%2C630&resize=525%2C300 1.5x, https:\/\/i0.wp.com\/vincentians.com\/en\/wp-content\/uploads\/sites\/2\/2016\/07\/abelly-feat.jpg?fit=1200%2C630&resize=700%2C400 2x, https:\/\/i0.wp.com\/vincentians.com\/en\/wp-content\/uploads\/sites\/2\/2016\/07\/abelly-feat.jpg?fit=1200%2C630&resize=1050%2C600 3x"},"classes":[]}],"_links":{"self":[{"href":"http:\/\/vincentians.com\/en\/wp-json\/wp\/v2\/posts\/105327","targetHints":{"allow":["GET"]}}],"collection":[{"href":"http:\/\/vincentians.com\/en\/wp-json\/wp\/v2\/posts"}],"about":[{"href":"http:\/\/vincentians.com\/en\/wp-json\/wp\/v2\/types\/post"}],"author":[{"embeddable":true,"href":"http:\/\/vincentians.com\/en\/wp-json\/wp\/v2\/users\/4"}],"replies":[{"embeddable":true,"href":"http:\/\/vincentians.com\/en\/wp-json\/wp\/v2\/comments?post=105327"}],"version-history":[{"count":0,"href":"http:\/\/vincentians.com\/en\/wp-json\/wp\/v2\/posts\/105327\/revisions"}],"wp:featuredmedia":[{"embeddable":true,"href":"http:\/\/vincentians.com\/en\/wp-json\/wp\/v2\/media\/149583"}],"wp:attachment":[{"href":"http:\/\/vincentians.com\/en\/wp-json\/wp\/v2\/media?parent=105327"}],"wp:term":[{"taxonomy":"category","embeddable":true,"href":"http:\/\/vincentians.com\/en\/wp-json\/wp\/v2\/categories?post=105327"},{"taxonomy":"post_tag","embeddable":true,"href":"http:\/\/vincentians.com\/en\/wp-json\/wp\/v2\/tags?post=105327"}],"curies":[{"name":"wp","href":"https:\/\/api.w.org\/{rel}","templated":true}]}}