{"id":105323,"date":"2016-08-22T06:00:35","date_gmt":"2016-08-22T04:00:35","guid":{"rendered":"http:\/\/vincentians.com\/?p=105323"},"modified":"2016-07-13T18:11:56","modified_gmt":"2016-07-13T16:11:56","slug":"the-life-of-vincent-de-paul-abelly-book-i-chapter-l","status":"publish","type":"post","link":"http:\/\/vincentians.com\/en\/the-life-of-vincent-de-paul-abelly-book-i-chapter-l\/","title":{"rendered":"The Life of Vincent de Paul (Abelly): Book I, Chapter L"},"content":{"rendered":"<p><strong>Monsieur Vincent&#8217;s Illnesses and the Saintly Use He Made of Them<\/strong><\/p>\n<p>To perfect the holocaust of the life of this holy priest and to consume all in him that was not for the honor and glory of his sovereign Lord, bodily sufferings had to complete the sacrifice begun in his spirit. Having permitted him to be subject to different infirmities during his life, God sorely afflicted him in his last years to show his great patience and to give the crown of life to his perseverance and his love.<\/p>\n<p>In one of the earlier chapters we mentioned his having a robust physique, but one subject to several afflictions dating from the time he served in the de Gondi household. He fell ill while there and carried with him a chronic swelling of his legs and feet.<\/p>\n<p>Besides that, he was sensitive to changes in the atmosphere, which brought on a rather constant low fever lasting three or four days, and sometimes two weeks or more. This did not affect his ordinary routine, however, for he rose at 4:00 A.M. as did the others, made his meditation in the church, and tended to his usual duties and business as though he were in perfect health. He called this ailment his little fever. It was helped only by severe perspiration for several days running, especially during the summer. During the hottest times, when even a sheet was too much cover at night, he was obliged to sleep under three blankets. He also had two metal tubs filled with boiling water at his side, and he spent the entire night this way. In the morning his bed was soaked in sweat, but he insisted on changing it himself, not allowing anyone else to touch it.<\/p>\n<p>The remedy was doubtless not quite so bad as the disease, but it still was most inconvenient to Monsieur Vincent, who bore it with courage. The brother who watched over him felt the treatment was excessive because it kept Monsieur Vincent awake the whole night, and because the excessive heat during the already oppressive summer weather was most painful to endure.<\/p>\n<p>These long sweats and lack of sleep, which he never made up during the day, weakened him considerably. This in turn caused him to fall asleep even while speaking to visitors, sometimes to people of a high station. He did violence to himself to resist this tendency, but instead of speaking of its cause, the lack of sleep during the night, he would attribute it simply to his miserable nature, a term he ordinarily used.<\/p>\n<p>Besides this low fever, he also experienced a quartan fever once or twice each year. <span id='easy-footnote-1-105323' class='easy-footnote-margin-adjust'><\/span><span class='easy-footnote'><a href='http:\/\/vincentians.com\/en\/the-life-of-vincent-de-paul-abelly-book-i-chapter-l\/#easy-footnote-bottom-1-105323' title='A fever, probably malarial, occurring approximately every seventy-two hours.'><sup>1<\/sup><\/a><\/span> During these times God used him for some of his greatest deeds, as we have already reported. Instead of resting in an infirmary, he worked with even greater application and blessing in the service of the Church and for the benefit and salvation of the poor.<\/p>\n<p>He had a serious attack in 1645. During this illness his devotion led him to receive communion every day. The severity of the fever caused several hours of delirium during which he repeated words from the abundance of his heart, which showed the dispositions of his devout soul. Among others, he repeated these words often: <em>In spiritu humilitatis, et in animo contrito, suscipiamur a te, Domine<\/em>. That is, Deign, O Lord, to receive us, who come to you with a humble spirit and a contrite heart. <span id='easy-footnote-2-105323' class='easy-footnote-margin-adjust'><\/span><span class='easy-footnote'><a href='http:\/\/vincentians.com\/en\/the-life-of-vincent-de-paul-abelly-book-i-chapter-l\/#easy-footnote-bottom-2-105323' title='Saint Vincent used these words in response to Father Jean Baptiste Saint Jure, S.J., a close friend, who had come to visit him in his illness.'><sup>2<\/sup><\/a><\/span>\n<p>One event during this serious illness deserves mention. Monsieur Dufour, a priest of the Congregation from the diocese of Amiens, was sick in the same house. <span id='easy-footnote-3-105323' class='easy-footnote-margin-adjust'><\/span><span class='easy-footnote'><a href='http:\/\/vincentians.com\/en\/the-life-of-vincent-de-paul-abelly-book-i-chapter-l\/#easy-footnote-bottom-3-105323' title='Antoine Dufour, born at Montdidier, was received a young priest into the Congregation of the Mission at Paris, December 31, 1639.'><sup>3<\/sup><\/a><\/span> Learning that Monsieur Vincent was in danger of death, he prayed the same prayer as did David for Absalom his son, that God would take him in place of the father of his soul. We mention simply that as Monsieur Vincent began to get better, the illness of this good priest took a turn for the worse, and shortly after he died.<\/p>\n<p>On the night this priest died, those attending Monsieur Vincent heard, at midnight, three knocks on the door of his room but, going to see who was there, found no one. Monsieur Vincent called a cleric of the Congregation, asked for his breviary, and then had him recite a section of the Office of the Dead, as though he were aware of the priest&#8217;s death, although no one had said a word of this to him.<\/p>\n<p>When he was in Richelieu in 1649, he suffered from a tertian fever, <span id='easy-footnote-4-105323' class='easy-footnote-margin-adjust'><\/span><span class='easy-footnote'><a href='http:\/\/vincentians.com\/en\/the-life-of-vincent-de-paul-abelly-book-i-chapter-l\/#easy-footnote-bottom-4-105323' title='A fever occurring approximately every forty-eight hours.'><sup>4<\/sup><\/a><\/span> but did not allow it to interfere with his usual duties, despite the long and violent attacks.<\/p>\n<p>In 1656 he had another illness, which began with a fever that lasted several days but which ended by a swelling of one leg, confining him to bed for some time. He had to stay in his room for nearly two months. He was unable to stand and had to be lifted in and out of bed to be near a fire. Only in this sickness could he be persuaded to accept a room with a fireplace, which gave him some relief in his sickness.<\/p>\n<p>From this time on, that is, from 1656 until his death in 1660, he had frequent attacks of fevers and other sicknesses. One Lent he was especially ill, hardly being able to eat at all. In 1658 he developed an eye infection which would not clear up. He tried several remedies without effect, until the doctor finally suggested his putting the blood of a freshly killed pigeon upon his eye. When the brother surgeon of the house of Saint Lazare brought a pigeon, Monsieur Vincent would not allow it to be killed despite all remonstrances. He said that to him this innocent animal represented his Savior, and besides, if God wanted him to be cured he certainly knew how to do so. This indeed is what happened.<\/p>\n<p>About the end of 1658, as he was returning from the city together with another priest, the axle of the carriage in which he was riding broke, throwing him to the ground, where his head struck the roadway. He was incapacitated for a long time, and to make matters worse the fever returned several days after his fall. This reduced him to a state in which he himself thought he might be in danger of death.<\/p>\n<p>So as not to weary the reader with a listing of all the other illnesses suffered by Monsieur Vincent from time to time to prove his virtue, it is enough to say there were few sicknesses he did not experience. God so willed it to increase his sympathy for his neighbor, especially his spiritual children. He never failed to visit the sick in the infirmary, edifying, consoling, and making them happy at his every visit. When he came upon someone who was discouraged or, because of the length or nature of his sickness, feared he was going to die, he would say a word of edification to help him raise his mind to God. Then Monsieur Vincent would ordinarily say, especially to the younger men:<\/p>\n<p style=\"padding-left: 30px;\">Do not be too concerned, brother. I had this same illness in my youth, and I survived. I had shortness of breath, but no longer; I suffered from rupture, but the Lord has cured me; I had headaches, but they have passed; difficulties with my lungs and a troubled stomach which I have overcome. Have patience (he used to say), your troubles will pass and God will find use for you. Let things develop, and resign yourself to him in peace and tranquility.<\/p>\n<p>We might call the most serious of all the maladies of Monsieur Vincent a sort of martyrdom which finally claimed his life. Yet it brought him closer to Jesus Christ in imitation of his sufferings as he always had been in imitation of his virtues and good works. This condition was the swelling of his feet and legs, which troubled him for forty-five years. Sometimes the pain was so severe he could not stand or walk, and at other times his legs were so inflamed he was obliged to keep to his bed. At this time, in 1632, when he began to live at Saint Lazare, he acquired a horse because Saint Lazare was some distance from the city, and at this time he began to be involved in a multitude of enterprises which continued until his death. This horse served him well until 1649, when the trouble with his legs increased greatly. It was brought on by the long trip he had made to Brittany and Poitou, and it became impossible for him to mount or dismount. He would have been forced to remain at Saint Lazare, as he had resolved to do, were it not for an order of the late archbishop of Paris which obliged him to use a small carriage.<\/p>\n<p>This swelling of the legs increased, affecting even the knees by 1656, so he could stand only with great pain and walk only with the help of a cane. Later, in 1658, one of his feet developed an ulcer and this added to the difficulty with his knees, preventing him from leaving the house from 1659 on. For some time he continued to come down from his room for the prayers of the Church and to celebrate holy mass, as also to attend the Tuesday Conferences held at Saint Lazare. As to the mass, it came to the point that he could no longer mount the steps of the altar. He was obliged to put on and take off the vestments at the altar itself. This led him to remark with a smile that he had become a great lord, for only prelates dressed at the altar.<\/p>\n<p>Towards the end of 1659 he was obliged to offer mass in the infirmary chapel. By 1660 his legs became so bad he was no longer able to offer mass. He continued to attend, however, until the day of his death, despite the pain he felt in going from room to chapel, walking with the help of crutches.<\/p>\n<p>His strength lessened daily, for he ate almost nothing. He did not want anything special brought to him, especially anything fancy. His doctor and some well-placed and pious friends persuaded him to take some broth and chicken they had brought. After one or two times, however, he said these things did not agree with him, and that he preferred not to have them brought in future. All the same he continued to tend to business, and looked after all things according to his custom.<\/p>\n<p>This good servant of God was reduced to walking only with the help of crutches and with indescribable pain. There was always the danger of falling, for he could hardly move his legs. In July 1660, he was urgently requested to allow the room next to his to be made into a chapel so he could hear mass without leaving his room. He would not hear of it and gave as his reason that such domestic chapels must never be created without overriding necessity, which he did not admit to in his own regard.<\/p>\n<p>He was prevailed upon to allow a chair to be made in which he could be carried from his room to the infirmary chapel to avoid such great pain of walking and to obviate the possibility of falling, as he went each day to attend mass. He resisted the suggestion of the chair until August, when he was no longer able to walk, even with crutches. He finally consented to having the chair made. He began to use it on the feast of the Assumption of the most blessed Virgin and continued to do so for about six weeks, until his death. He regretted the inconvenience he caused the two brothers who carried him, and he never wanted them to carry him any farther than the chapel, about thirty or forty paces away.<\/p>\n<p>Certainly, if this venerable old man had no other illnesses than having to remain seated every day from morning till evening for two years, and especially the last year, practically without being able to ease his pains, it would have been enough to try his patience. If we add to this the trouble he experienced with his swollen knees and the ulcerated feet for which there seemed to be no relief we can appreciate the true martyrdom he endured. Besides all these difficulties, God allowed still another problem to make him resemble even more his Master, a man of sorrows. He experienced a great difficulty in passing his water during the last year of his life, and this caused him much suffering and inconvenience. He was unable to rise from bed or use his legs. His effort to rise by pulling on a rope attached to a bracket in his room caused him much pain. He was never heard to utter any complaint, but only some aspirations to God, such as &#8220;Ah my Savior! My blessed Savior!&#8221; or other like expressions which he pronounced devoutly, casting his eyes upon a small wooden crucifix placed near his bed to console him.<\/p>\n<p>Amid all the suffering he endured throughout his hard and austere life, he never wanted to sleep on a soft bed. He preferred a straw mattress to pass five or six hours of the night, not so much to take his rest as to find a new source of suffering. Fluid drained from the ulcers on his legs during the day in such abundance that it sometimes left stains on the floor. At night it would settle in his knees, causing him great pain and leading to his increasing weakness.<\/p>\n<p>Even in this condition he continued to apply himself to the direction of his Congregation and to the other groups he was responsible for. He had his priests represent him in places he was too weak to attend, but he would instruct them in what they were to do and say. He received a large number of letters which he read and answered. He called together the officers of the house and his assistants to speak with them, either all together or in private as the situation demanded. He asked how things were going and deliberated with them and gave orders as he saw they were needed. He sent his priests to the missions, but not before calling them together to discuss how they were to make themselves useful and efficacious in their new assignment.<\/p>\n<p>With all these efforts to continue his activity, and with his sufferings, his strength lessened so that he could apply himself and speak only with much pain. Despite this, he would still talk for a full half hour or more with such vigor and grace that those who heard him were astonished, they said later, for they had never heard him speak with such order and energy. What is most remarkable is that in the case of both his own confreres as well as those from outside who came to see him, he received them politely, with a smile and with agreeable words, just as though he were in perfect health. If asked about his illnesses he would make light of them, saying they were as nothing compared with the sufferings of our Lord, and much less than he deserved. With this he would turn the conversation to any ill his visitor might have, showing more concern for them than for his own difficulties.<\/p>\n","protected":false},"excerpt":{"rendered":"<p>Monsieur Vincent&#8217;s Illnesses and the Saintly Use He Made of Them To perfect the holocaust of the life of this holy priest and to consume all in him that was not for the honor and &#8230; <a href=\"http:\/\/vincentians.com\/en\/the-life-of-vincent-de-paul-abelly-book-i-chapter-l\/\" class=\"more-link\">Read More<\/a><\/p>\n","protected":false},"author":4,"featured_media":149583,"comment_status":"open","ping_status":"open","sticky":false,"template":"","format":"standard","meta":{"jetpack_post_was_ever_published":false,"_jetpack_newsletter_access":"","_jetpack_dont_email_post_to_subs":false,"_jetpack_newsletter_tier_id":0,"_jetpack_memberships_contains_paywalled_content":false,"_jetpack_memberships_contains_paid_content":false,"footnotes":"","jetpack_publicize_message":"","jetpack_publicize_feature_enabled":true,"jetpack_social_post_already_shared":true,"jetpack_social_options":{"image_generator_settings":{"template":"highway","default_image_id":0,"font":"","enabled":false},"version":2}},"categories":[5],"tags":[],"class_list":["post-105323","post","type-post","status-publish","format-standard","has-post-thumbnail","hentry","category-vincent-de-paul"],"yoast_head":"<!-- This site is optimized with the Yoast SEO plugin v26.3 - https:\/\/yoast.com\/wordpress\/plugins\/seo\/ -->\n<title>The Life of Vincent de Paul (Abelly): Book I, Chapter L - We are Vincentians<\/title>\n<meta name=\"robots\" content=\"index, follow, max-snippet:-1, max-image-preview:large, max-video-preview:-1\" \/>\n<link rel=\"canonical\" href=\"https:\/\/vincentians.com\/en\/the-life-of-vincent-de-paul-abelly-book-i-chapter-l\/\" \/>\n<meta property=\"og:locale\" content=\"en_US\" \/>\n<meta property=\"og:type\" content=\"article\" \/>\n<meta property=\"og:title\" content=\"The Life of Vincent de Paul (Abelly): Book I, Chapter L - We are Vincentians\" \/>\n<meta property=\"og:description\" content=\"Monsieur Vincent&#8217;s Illnesses and the Saintly Use He Made of Them To perfect the holocaust of the life of this holy priest and to consume all in him that was not for the honor and ... Read More\" \/>\n<meta property=\"og:url\" content=\"https:\/\/vincentians.com\/en\/the-life-of-vincent-de-paul-abelly-book-i-chapter-l\/\" \/>\n<meta property=\"og:site_name\" content=\"We are Vincentians\" \/>\n<meta property=\"article:publisher\" content=\"https:\/\/www.facebook.com\/WeAreVincentians\/\" \/>\n<meta property=\"article:author\" content=\"https:\/\/www.facebook.com\/JavierChento\" \/>\n<meta property=\"article:published_time\" content=\"2016-08-22T04:00:35+00:00\" \/>\n<meta property=\"og:image\" content=\"https:\/\/i0.wp.com\/vincentians.com\/en\/wp-content\/uploads\/sites\/2\/2016\/07\/abelly-feat.jpg?fit=1200%2C630&ssl=1\" \/>\n\t<meta property=\"og:image:width\" content=\"1200\" \/>\n\t<meta property=\"og:image:height\" content=\"630\" \/>\n\t<meta property=\"og:image:type\" content=\"image\/jpeg\" \/>\n<meta name=\"author\" content=\"Francisco Javier Fern\u00e1ndez Chento\" \/>\n<meta name=\"twitter:card\" content=\"summary_large_image\" \/>\n<meta name=\"twitter:creator\" content=\"@https:\/\/twitter.com\/javierchento\" \/>\n<meta name=\"twitter:site\" content=\"@WeVincentians\" \/>\n<meta name=\"twitter:label1\" content=\"Written by\" \/>\n\t<meta name=\"twitter:data1\" content=\"Francisco Javier Fern\u00e1ndez Chento\" \/>\n\t<meta name=\"twitter:label2\" content=\"Est. reading time\" \/>\n\t<meta name=\"twitter:data2\" content=\"13 minutes\" \/>\n<script type=\"application\/ld+json\" class=\"yoast-schema-graph\">{\"@context\":\"https:\/\/schema.org\",\"@graph\":[{\"@type\":\"Article\",\"@id\":\"https:\/\/vincentians.com\/en\/the-life-of-vincent-de-paul-abelly-book-i-chapter-l\/#article\",\"isPartOf\":{\"@id\":\"https:\/\/vincentians.com\/en\/the-life-of-vincent-de-paul-abelly-book-i-chapter-l\/\"},\"author\":{\"name\":\"Francisco Javier Fern\u00e1ndez Chento\",\"@id\":\"https:\/\/vincentians.com\/en\/#\/schema\/person\/9623ef4d9aa3b2dfb8c061f1499288f2\"},\"headline\":\"The Life of Vincent de Paul (Abelly): Book I, Chapter L\",\"datePublished\":\"2016-08-22T04:00:35+00:00\",\"mainEntityOfPage\":{\"@id\":\"https:\/\/vincentians.com\/en\/the-life-of-vincent-de-paul-abelly-book-i-chapter-l\/\"},\"wordCount\":2650,\"commentCount\":0,\"publisher\":{\"@id\":\"https:\/\/vincentians.com\/en\/#organization\"},\"image\":{\"@id\":\"https:\/\/vincentians.com\/en\/the-life-of-vincent-de-paul-abelly-book-i-chapter-l\/#primaryimage\"},\"thumbnailUrl\":\"https:\/\/i0.wp.com\/vincentians.com\/en\/wp-content\/uploads\/sites\/2\/2016\/07\/abelly-feat.jpg?fit=1200%2C630\",\"articleSection\":[\"Vincent de Paul\"],\"inLanguage\":\"en-US\",\"potentialAction\":[{\"@type\":\"CommentAction\",\"name\":\"Comment\",\"target\":[\"https:\/\/vincentians.com\/en\/the-life-of-vincent-de-paul-abelly-book-i-chapter-l\/#respond\"]}]},{\"@type\":\"WebPage\",\"@id\":\"https:\/\/vincentians.com\/en\/the-life-of-vincent-de-paul-abelly-book-i-chapter-l\/\",\"url\":\"https:\/\/vincentians.com\/en\/the-life-of-vincent-de-paul-abelly-book-i-chapter-l\/\",\"name\":\"The Life of Vincent de Paul (Abelly): Book I, Chapter L - We are Vincentians\",\"isPartOf\":{\"@id\":\"https:\/\/vincentians.com\/en\/#website\"},\"primaryImageOfPage\":{\"@id\":\"https:\/\/vincentians.com\/en\/the-life-of-vincent-de-paul-abelly-book-i-chapter-l\/#primaryimage\"},\"image\":{\"@id\":\"https:\/\/vincentians.com\/en\/the-life-of-vincent-de-paul-abelly-book-i-chapter-l\/#primaryimage\"},\"thumbnailUrl\":\"https:\/\/i0.wp.com\/vincentians.com\/en\/wp-content\/uploads\/sites\/2\/2016\/07\/abelly-feat.jpg?fit=1200%2C630\",\"datePublished\":\"2016-08-22T04:00:35+00:00\",\"breadcrumb\":{\"@id\":\"https:\/\/vincentians.com\/en\/the-life-of-vincent-de-paul-abelly-book-i-chapter-l\/#breadcrumb\"},\"inLanguage\":\"en-US\",\"potentialAction\":[{\"@type\":\"ReadAction\",\"target\":[\"https:\/\/vincentians.com\/en\/the-life-of-vincent-de-paul-abelly-book-i-chapter-l\/\"]}]},{\"@type\":\"ImageObject\",\"inLanguage\":\"en-US\",\"@id\":\"https:\/\/vincentians.com\/en\/the-life-of-vincent-de-paul-abelly-book-i-chapter-l\/#primaryimage\",\"url\":\"https:\/\/i0.wp.com\/vincentians.com\/en\/wp-content\/uploads\/sites\/2\/2016\/07\/abelly-feat.jpg?fit=1200%2C630\",\"contentUrl\":\"https:\/\/i0.wp.com\/vincentians.com\/en\/wp-content\/uploads\/sites\/2\/2016\/07\/abelly-feat.jpg?fit=1200%2C630\",\"width\":1200,\"height\":630},{\"@type\":\"BreadcrumbList\",\"@id\":\"https:\/\/vincentians.com\/en\/the-life-of-vincent-de-paul-abelly-book-i-chapter-l\/#breadcrumb\",\"itemListElement\":[{\"@type\":\"ListItem\",\"position\":1,\"name\":\"Portada\",\"item\":\"https:\/\/vincentians.com\/en\/\"},{\"@type\":\"ListItem\",\"position\":2,\"name\":\"The Life of Vincent de Paul (Abelly): Book I, Chapter L\"}]},{\"@type\":\"WebSite\",\"@id\":\"https:\/\/vincentians.com\/en\/#website\",\"url\":\"https:\/\/vincentians.com\/en\/\",\"name\":\"We are Vincentians\",\"description\":\"Know more to serve more\",\"publisher\":{\"@id\":\"https:\/\/vincentians.com\/en\/#organization\"},\"potentialAction\":[{\"@type\":\"SearchAction\",\"target\":{\"@type\":\"EntryPoint\",\"urlTemplate\":\"https:\/\/vincentians.com\/en\/?s={search_term_string}\"},\"query-input\":{\"@type\":\"PropertyValueSpecification\",\"valueRequired\":true,\"valueName\":\"search_term_string\"}}],\"inLanguage\":\"en-US\"},{\"@type\":\"Organization\",\"@id\":\"https:\/\/vincentians.com\/en\/#organization\",\"name\":\"The Vincentian Network\",\"url\":\"https:\/\/vincentians.com\/en\/\",\"logo\":{\"@type\":\"ImageObject\",\"inLanguage\":\"en-US\",\"@id\":\"https:\/\/vincentians.com\/en\/#\/schema\/logo\/image\/\",\"url\":\"https:\/\/i1.wp.com\/vincentians.com\/en\/wp-content\/uploads\/sites\/2\/2016\/06\/Vincentian-Network-logo-big.png?fit=778%2C778&ssl=1\",\"contentUrl\":\"https:\/\/i1.wp.com\/vincentians.com\/en\/wp-content\/uploads\/sites\/2\/2016\/06\/Vincentian-Network-logo-big.png?fit=778%2C778&ssl=1\",\"width\":778,\"height\":778,\"caption\":\"The Vincentian Network\"},\"image\":{\"@id\":\"https:\/\/vincentians.com\/en\/#\/schema\/logo\/image\/\"},\"sameAs\":[\"https:\/\/www.facebook.com\/WeAreVincentians\/\",\"https:\/\/x.com\/WeVincentians\"]},{\"@type\":\"Person\",\"@id\":\"https:\/\/vincentians.com\/en\/#\/schema\/person\/9623ef4d9aa3b2dfb8c061f1499288f2\",\"name\":\"Francisco Javier Fern\u00e1ndez Chento\",\"image\":{\"@type\":\"ImageObject\",\"inLanguage\":\"en-US\",\"@id\":\"https:\/\/vincentians.com\/en\/#\/schema\/person\/image\/\",\"url\":\"https:\/\/secure.gravatar.com\/avatar\/497d5cde87b4c3d097d0315953521681ba2cd523ee66e5077c3711f7021e65de?s=96&d=mm&r=g\",\"contentUrl\":\"https:\/\/secure.gravatar.com\/avatar\/497d5cde87b4c3d097d0315953521681ba2cd523ee66e5077c3711f7021e65de?s=96&d=mm&r=g\",\"caption\":\"Francisco Javier Fern\u00e1ndez Chento\"},\"description\":\"Director General y cofundador de La Red de Formaci\u00f3n Vicenciana. Javier es laico vicenciano, afiliado a la Congregaci\u00f3n de la Misi\u00f3n y miembro del Equipo de Misiones Populares de la provincia can\u00f3nica de Zaragoza (Espa\u00f1a) de la Congregaci\u00f3n de la Misi\u00f3n. Graduado en la Universidad Oberta de Catalunya con cuatro grados (Asistente de direcci\u00f3n, Gesti\u00f3n Administrativa, Recursos Humanos y Contabilidad Avanzada). Bil\u00edng\u00fce Espa\u00f1ol\/Ingl\u00e9s. gestiona y mantiene varias p\u00e1ginas web cristianas y vicencianas, incluida including La Red de Formaci\u00f3n Vicenciana, de la que es cofundador. Actualmente es responsable del \u00e1rea de Espa\u00f1ol de .famvin, la Red de Noticias de la Familia Vicenciana. Tambi\u00e9n es m\u00fasico cat\u00f3lico y ha editado varios discos. Es Director General y cofundador de Trovador, una reconocida compa\u00f1\u00eda discogr\u00e1fica critiana de Espa\u00f1a. Trabaja en las Tecnolog\u00edas de la Informaci\u00f3n, ofreciendo servicios de alojamiento, dise\u00f1o y mantenimiento Web, as\u00ed como asesoramiento, formaci\u00f3n y soluciones inform\u00e1ticas, gesti\u00f3n documental y digitalizaci\u00f3n de textos, edici\u00f3n y maquetaci\u00f3n de libros, revistas, flyers, etc.\",\"sameAs\":[\"http:\/\/chento.org\",\"https:\/\/www.facebook.com\/JavierChento\",\"https:\/\/x.com\/https:\/\/twitter.com\/javierchento\"],\"url\":\"http:\/\/vincentians.com\/en\/author\/chento\/\"}]}<\/script>\n<!-- \/ Yoast SEO plugin. -->","yoast_head_json":{"title":"The Life of Vincent de Paul (Abelly): Book I, Chapter L - We are Vincentians","robots":{"index":"index","follow":"follow","max-snippet":"max-snippet:-1","max-image-preview":"max-image-preview:large","max-video-preview":"max-video-preview:-1"},"canonical":"https:\/\/vincentians.com\/en\/the-life-of-vincent-de-paul-abelly-book-i-chapter-l\/","og_locale":"en_US","og_type":"article","og_title":"The Life of Vincent de Paul (Abelly): Book I, Chapter L - We are Vincentians","og_description":"Monsieur Vincent&#8217;s Illnesses and the Saintly Use He Made of Them To perfect the holocaust of the life of this holy priest and to consume all in him that was not for the honor and ... Read More","og_url":"https:\/\/vincentians.com\/en\/the-life-of-vincent-de-paul-abelly-book-i-chapter-l\/","og_site_name":"We are Vincentians","article_publisher":"https:\/\/www.facebook.com\/WeAreVincentians\/","article_author":"https:\/\/www.facebook.com\/JavierChento","article_published_time":"2016-08-22T04:00:35+00:00","og_image":[{"width":1200,"height":630,"url":"https:\/\/i0.wp.com\/vincentians.com\/en\/wp-content\/uploads\/sites\/2\/2016\/07\/abelly-feat.jpg?fit=1200%2C630&ssl=1","type":"image\/jpeg"}],"author":"Francisco Javier Fern\u00e1ndez Chento","twitter_card":"summary_large_image","twitter_creator":"@https:\/\/twitter.com\/javierchento","twitter_site":"@WeVincentians","twitter_misc":{"Written by":"Francisco Javier Fern\u00e1ndez Chento","Est. reading time":"13 minutes"},"schema":{"@context":"https:\/\/schema.org","@graph":[{"@type":"Article","@id":"https:\/\/vincentians.com\/en\/the-life-of-vincent-de-paul-abelly-book-i-chapter-l\/#article","isPartOf":{"@id":"https:\/\/vincentians.com\/en\/the-life-of-vincent-de-paul-abelly-book-i-chapter-l\/"},"author":{"name":"Francisco Javier Fern\u00e1ndez Chento","@id":"https:\/\/vincentians.com\/en\/#\/schema\/person\/9623ef4d9aa3b2dfb8c061f1499288f2"},"headline":"The Life of Vincent de Paul (Abelly): Book I, Chapter L","datePublished":"2016-08-22T04:00:35+00:00","mainEntityOfPage":{"@id":"https:\/\/vincentians.com\/en\/the-life-of-vincent-de-paul-abelly-book-i-chapter-l\/"},"wordCount":2650,"commentCount":0,"publisher":{"@id":"https:\/\/vincentians.com\/en\/#organization"},"image":{"@id":"https:\/\/vincentians.com\/en\/the-life-of-vincent-de-paul-abelly-book-i-chapter-l\/#primaryimage"},"thumbnailUrl":"https:\/\/i0.wp.com\/vincentians.com\/en\/wp-content\/uploads\/sites\/2\/2016\/07\/abelly-feat.jpg?fit=1200%2C630","articleSection":["Vincent de Paul"],"inLanguage":"en-US","potentialAction":[{"@type":"CommentAction","name":"Comment","target":["https:\/\/vincentians.com\/en\/the-life-of-vincent-de-paul-abelly-book-i-chapter-l\/#respond"]}]},{"@type":"WebPage","@id":"https:\/\/vincentians.com\/en\/the-life-of-vincent-de-paul-abelly-book-i-chapter-l\/","url":"https:\/\/vincentians.com\/en\/the-life-of-vincent-de-paul-abelly-book-i-chapter-l\/","name":"The Life of Vincent de Paul (Abelly): Book I, Chapter L - We are Vincentians","isPartOf":{"@id":"https:\/\/vincentians.com\/en\/#website"},"primaryImageOfPage":{"@id":"https:\/\/vincentians.com\/en\/the-life-of-vincent-de-paul-abelly-book-i-chapter-l\/#primaryimage"},"image":{"@id":"https:\/\/vincentians.com\/en\/the-life-of-vincent-de-paul-abelly-book-i-chapter-l\/#primaryimage"},"thumbnailUrl":"https:\/\/i0.wp.com\/vincentians.com\/en\/wp-content\/uploads\/sites\/2\/2016\/07\/abelly-feat.jpg?fit=1200%2C630","datePublished":"2016-08-22T04:00:35+00:00","breadcrumb":{"@id":"https:\/\/vincentians.com\/en\/the-life-of-vincent-de-paul-abelly-book-i-chapter-l\/#breadcrumb"},"inLanguage":"en-US","potentialAction":[{"@type":"ReadAction","target":["https:\/\/vincentians.com\/en\/the-life-of-vincent-de-paul-abelly-book-i-chapter-l\/"]}]},{"@type":"ImageObject","inLanguage":"en-US","@id":"https:\/\/vincentians.com\/en\/the-life-of-vincent-de-paul-abelly-book-i-chapter-l\/#primaryimage","url":"https:\/\/i0.wp.com\/vincentians.com\/en\/wp-content\/uploads\/sites\/2\/2016\/07\/abelly-feat.jpg?fit=1200%2C630","contentUrl":"https:\/\/i0.wp.com\/vincentians.com\/en\/wp-content\/uploads\/sites\/2\/2016\/07\/abelly-feat.jpg?fit=1200%2C630","width":1200,"height":630},{"@type":"BreadcrumbList","@id":"https:\/\/vincentians.com\/en\/the-life-of-vincent-de-paul-abelly-book-i-chapter-l\/#breadcrumb","itemListElement":[{"@type":"ListItem","position":1,"name":"Portada","item":"https:\/\/vincentians.com\/en\/"},{"@type":"ListItem","position":2,"name":"The Life of Vincent de Paul (Abelly): Book I, Chapter L"}]},{"@type":"WebSite","@id":"https:\/\/vincentians.com\/en\/#website","url":"https:\/\/vincentians.com\/en\/","name":"We are Vincentians","description":"Know more to serve more","publisher":{"@id":"https:\/\/vincentians.com\/en\/#organization"},"potentialAction":[{"@type":"SearchAction","target":{"@type":"EntryPoint","urlTemplate":"https:\/\/vincentians.com\/en\/?s={search_term_string}"},"query-input":{"@type":"PropertyValueSpecification","valueRequired":true,"valueName":"search_term_string"}}],"inLanguage":"en-US"},{"@type":"Organization","@id":"https:\/\/vincentians.com\/en\/#organization","name":"The Vincentian Network","url":"https:\/\/vincentians.com\/en\/","logo":{"@type":"ImageObject","inLanguage":"en-US","@id":"https:\/\/vincentians.com\/en\/#\/schema\/logo\/image\/","url":"https:\/\/i1.wp.com\/vincentians.com\/en\/wp-content\/uploads\/sites\/2\/2016\/06\/Vincentian-Network-logo-big.png?fit=778%2C778&ssl=1","contentUrl":"https:\/\/i1.wp.com\/vincentians.com\/en\/wp-content\/uploads\/sites\/2\/2016\/06\/Vincentian-Network-logo-big.png?fit=778%2C778&ssl=1","width":778,"height":778,"caption":"The Vincentian Network"},"image":{"@id":"https:\/\/vincentians.com\/en\/#\/schema\/logo\/image\/"},"sameAs":["https:\/\/www.facebook.com\/WeAreVincentians\/","https:\/\/x.com\/WeVincentians"]},{"@type":"Person","@id":"https:\/\/vincentians.com\/en\/#\/schema\/person\/9623ef4d9aa3b2dfb8c061f1499288f2","name":"Francisco Javier Fern\u00e1ndez Chento","image":{"@type":"ImageObject","inLanguage":"en-US","@id":"https:\/\/vincentians.com\/en\/#\/schema\/person\/image\/","url":"https:\/\/secure.gravatar.com\/avatar\/497d5cde87b4c3d097d0315953521681ba2cd523ee66e5077c3711f7021e65de?s=96&d=mm&r=g","contentUrl":"https:\/\/secure.gravatar.com\/avatar\/497d5cde87b4c3d097d0315953521681ba2cd523ee66e5077c3711f7021e65de?s=96&d=mm&r=g","caption":"Francisco Javier Fern\u00e1ndez Chento"},"description":"Director General y cofundador de La Red de Formaci\u00f3n Vicenciana. Javier es laico vicenciano, afiliado a la Congregaci\u00f3n de la Misi\u00f3n y miembro del Equipo de Misiones Populares de la provincia can\u00f3nica de Zaragoza (Espa\u00f1a) de la Congregaci\u00f3n de la Misi\u00f3n. Graduado en la Universidad Oberta de Catalunya con cuatro grados (Asistente de direcci\u00f3n, Gesti\u00f3n Administrativa, Recursos Humanos y Contabilidad Avanzada). Bil\u00edng\u00fce Espa\u00f1ol\/Ingl\u00e9s. gestiona y mantiene varias p\u00e1ginas web cristianas y vicencianas, incluida including La Red de Formaci\u00f3n Vicenciana, de la que es cofundador. Actualmente es responsable del \u00e1rea de Espa\u00f1ol de .famvin, la Red de Noticias de la Familia Vicenciana. Tambi\u00e9n es m\u00fasico cat\u00f3lico y ha editado varios discos. Es Director General y cofundador de Trovador, una reconocida compa\u00f1\u00eda discogr\u00e1fica critiana de Espa\u00f1a. Trabaja en las Tecnolog\u00edas de la Informaci\u00f3n, ofreciendo servicios de alojamiento, dise\u00f1o y mantenimiento Web, as\u00ed como asesoramiento, formaci\u00f3n y soluciones inform\u00e1ticas, gesti\u00f3n documental y digitalizaci\u00f3n de textos, edici\u00f3n y maquetaci\u00f3n de libros, revistas, flyers, etc.","sameAs":["http:\/\/chento.org","https:\/\/www.facebook.com\/JavierChento","https:\/\/x.com\/https:\/\/twitter.com\/javierchento"],"url":"http:\/\/vincentians.com\/en\/author\/chento\/"}]}},"jetpack_publicize_connections":[],"jetpack_featured_media_url":"https:\/\/i0.wp.com\/vincentians.com\/en\/wp-content\/uploads\/sites\/2\/2016\/07\/abelly-feat.jpg?fit=1200%2C630","jetpack_sharing_enabled":true,"jetpack_shortlink":"https:\/\/wp.me\/p7K2Ow-roL","jetpack-related-posts":[{"id":108832,"url":"http:\/\/vincentians.com\/en\/the-litany-of-st-vincent-de-paul\/","url_meta":{"origin":105323,"position":0},"title":"The Litany of St. Vincent de Paul","author":"Francisco Javier Fern\u00e1ndez Chento","date":"January 1, 2016","format":false,"excerpt":"Lord, have mercy on us. Lord, have mercy on us. Christ, have mercy on us. Christ, have mercy on us. Christ, hear us. Christ, graciously hear us. God, the Father of Heaven, Have mercy on us. God, the Son, Redeemer of the world, Have mercy on us. God, the Holy\u2026","rel":"","context":"In &quot;Prayer&quot;","block_context":{"text":"Prayer","link":"http:\/\/vincentians.com\/en\/category\/spirituality\/prayer\/"},"img":{"alt_text":"","src":"https:\/\/i0.wp.com\/vincentians.com\/en\/wp-content\/uploads\/sites\/2\/2014\/01\/vicente-de-paul.jpg?fit=1200%2C630&resize=350%2C200","width":350,"height":200,"srcset":"https:\/\/i0.wp.com\/vincentians.com\/en\/wp-content\/uploads\/sites\/2\/2014\/01\/vicente-de-paul.jpg?fit=1200%2C630&resize=350%2C200 1x, https:\/\/i0.wp.com\/vincentians.com\/en\/wp-content\/uploads\/sites\/2\/2014\/01\/vicente-de-paul.jpg?fit=1200%2C630&resize=525%2C300 1.5x, https:\/\/i0.wp.com\/vincentians.com\/en\/wp-content\/uploads\/sites\/2\/2014\/01\/vicente-de-paul.jpg?fit=1200%2C630&resize=700%2C400 2x, https:\/\/i0.wp.com\/vincentians.com\/en\/wp-content\/uploads\/sites\/2\/2014\/01\/vicente-de-paul.jpg?fit=1200%2C630&resize=1050%2C600 3x"},"classes":[]},{"id":105209,"url":"http:\/\/vincentians.com\/en\/the-life-of-vincent-de-paul-abelly-book-i-chapter-xviii\/","url_meta":{"origin":105323,"position":1},"title":"The Life of Vincent de Paul (Abelly): Book I, Chapter XVIII","author":"Francisco Javier Fern\u00e1ndez Chento","date":"July 20, 2016","format":false,"excerpt":"Madame de Gondi Passes from This Life to a Better One. Monsieur Vincent Goes to the College des Bons Enfants The foundation of the priests of the Mission was the one dearest to the heart of Madame de Gondi. She recognized the great fruit it could produce in the Church\u2026","rel":"","context":"In &quot;Vincent de Paul&quot;","block_context":{"text":"Vincent de Paul","link":"http:\/\/vincentians.com\/en\/category\/the-vincentian-family\/founders\/vincent-de-paul\/"},"img":{"alt_text":"","src":"https:\/\/i0.wp.com\/vincentians.com\/en\/wp-content\/uploads\/sites\/2\/2016\/07\/abelly-feat.jpg?fit=1200%2C630&resize=350%2C200","width":350,"height":200,"srcset":"https:\/\/i0.wp.com\/vincentians.com\/en\/wp-content\/uploads\/sites\/2\/2016\/07\/abelly-feat.jpg?fit=1200%2C630&resize=350%2C200 1x, https:\/\/i0.wp.com\/vincentians.com\/en\/wp-content\/uploads\/sites\/2\/2016\/07\/abelly-feat.jpg?fit=1200%2C630&resize=525%2C300 1.5x, https:\/\/i0.wp.com\/vincentians.com\/en\/wp-content\/uploads\/sites\/2\/2016\/07\/abelly-feat.jpg?fit=1200%2C630&resize=700%2C400 2x, https:\/\/i0.wp.com\/vincentians.com\/en\/wp-content\/uploads\/sites\/2\/2016\/07\/abelly-feat.jpg?fit=1200%2C630&resize=1050%2C600 3x"},"classes":[]},{"id":150814,"url":"http:\/\/vincentians.com\/en\/passion-for-justice-social-justice-teaching-resource\/","url_meta":{"origin":105323,"position":2},"title":"Passion for Justice: a Social Justice Teaching Resource","author":"Francisco Javier Fern\u00e1ndez Chento","date":"July 10, 2016","format":false,"excerpt":"In this exceptional resource we will find 8 chapters with ideas and activities for teaching Social Justice: Contents: Frederic Ozanam 1813 \u2013 1853 Poverty Social Justice Catholic Social Teaching St Vincent de Paul St Vincent de Paul Society St Vincent de Paul Society in Australia Spirituality of the St Vincent\u2026","rel":"","context":"In &quot;Catholic Social Teaching&quot;","block_context":{"text":"Catholic Social Teaching","link":"http:\/\/vincentians.com\/en\/category\/christian-formation\/catholic-social-teaching\/"},"img":{"alt_text":"","src":"https:\/\/i0.wp.com\/vincentians.com\/en\/wp-content\/uploads\/sites\/2\/2016\/07\/passion-for-justice.jpg?fit=1200%2C630&resize=350%2C200","width":350,"height":200,"srcset":"https:\/\/i0.wp.com\/vincentians.com\/en\/wp-content\/uploads\/sites\/2\/2016\/07\/passion-for-justice.jpg?fit=1200%2C630&resize=350%2C200 1x, https:\/\/i0.wp.com\/vincentians.com\/en\/wp-content\/uploads\/sites\/2\/2016\/07\/passion-for-justice.jpg?fit=1200%2C630&resize=525%2C300 1.5x, https:\/\/i0.wp.com\/vincentians.com\/en\/wp-content\/uploads\/sites\/2\/2016\/07\/passion-for-justice.jpg?fit=1200%2C630&resize=700%2C400 2x, https:\/\/i0.wp.com\/vincentians.com\/en\/wp-content\/uploads\/sites\/2\/2016\/07\/passion-for-justice.jpg?fit=1200%2C630&resize=1050%2C600 3x"},"classes":[]},{"id":105316,"url":"http:\/\/vincentians.com\/en\/the-life-of-vincent-de-paul-abelly-book-i-chapter-xxxvi\/","url_meta":{"origin":105323,"position":3},"title":"The Life of Vincent de Paul (Abelly): Book I, Chapter XXXVI","author":"Francisco Javier Fern\u00e1ndez Chento","date":"August 8, 2016","format":false,"excerpt":"Services Provided by Monsieur Vincent to the Late King, Louis XIII of Glorious Memory, in His Last Illness, for the Spiritual Good of his Soul The dignity of kings lifts them so far beyond that of others that Scripture calls them gods, seeing they are vicars and living images of\u2026","rel":"","context":"In &quot;Vincent de Paul&quot;","block_context":{"text":"Vincent de Paul","link":"http:\/\/vincentians.com\/en\/category\/the-vincentian-family\/founders\/vincent-de-paul\/"},"img":{"alt_text":"","src":"https:\/\/i0.wp.com\/vincentians.com\/en\/wp-content\/uploads\/sites\/2\/2016\/07\/abelly-feat.jpg?fit=1200%2C630&resize=350%2C200","width":350,"height":200,"srcset":"https:\/\/i0.wp.com\/vincentians.com\/en\/wp-content\/uploads\/sites\/2\/2016\/07\/abelly-feat.jpg?fit=1200%2C630&resize=350%2C200 1x, https:\/\/i0.wp.com\/vincentians.com\/en\/wp-content\/uploads\/sites\/2\/2016\/07\/abelly-feat.jpg?fit=1200%2C630&resize=525%2C300 1.5x, https:\/\/i0.wp.com\/vincentians.com\/en\/wp-content\/uploads\/sites\/2\/2016\/07\/abelly-feat.jpg?fit=1200%2C630&resize=700%2C400 2x, https:\/\/i0.wp.com\/vincentians.com\/en\/wp-content\/uploads\/sites\/2\/2016\/07\/abelly-feat.jpg?fit=1200%2C630&resize=1050%2C600 3x"},"classes":[]},{"id":41990,"url":"http:\/\/vincentians.com\/en\/vincentian-family-tree\/","url_meta":{"origin":105323,"position":4},"title":"Vincentian Family Tree","author":"Francisco Javier Fern\u00e1ndez Chento","date":"January 6, 2016","format":false,"excerpt":"Catholic Institutes of Consecrated Life And Societies of Apostolic Life 1.1 Institutes founded by Vincent de Paul. FRANCE Congregation of the Mission (Lazarists or Vincentian Fathers and Brothers) Company of the Daughters of Charity of Saint Vincent de Paul, Servants of the Sick Poor (Grey Sisters) 1.2 Institutes which adopted\u2026","rel":"","context":"In &quot;Branches&quot;","block_context":{"text":"Branches","link":"http:\/\/vincentians.com\/en\/category\/the-vincentian-family\/branches\/"},"img":{"alt_text":"","src":"https:\/\/i0.wp.com\/vincentians.com\/en\/wp-content\/uploads\/sites\/2\/2016\/01\/family-tree.jpg?fit=1200%2C630&resize=350%2C200","width":350,"height":200,"srcset":"https:\/\/i0.wp.com\/vincentians.com\/en\/wp-content\/uploads\/sites\/2\/2016\/01\/family-tree.jpg?fit=1200%2C630&resize=350%2C200 1x, https:\/\/i0.wp.com\/vincentians.com\/en\/wp-content\/uploads\/sites\/2\/2016\/01\/family-tree.jpg?fit=1200%2C630&resize=525%2C300 1.5x, https:\/\/i0.wp.com\/vincentians.com\/en\/wp-content\/uploads\/sites\/2\/2016\/01\/family-tree.jpg?fit=1200%2C630&resize=700%2C400 2x, https:\/\/i0.wp.com\/vincentians.com\/en\/wp-content\/uploads\/sites\/2\/2016\/01\/family-tree.jpg?fit=1200%2C630&resize=1050%2C600 3x"},"classes":[]},{"id":52931,"url":"http:\/\/vincentians.com\/en\/vincent-de-paul-patron-of-refugees\/","url_meta":{"origin":105323,"position":5},"title":"Vincent de Paul, Patron of Refugees","author":"Francisco Javier Fern\u00e1ndez Chento","date":"August 7, 2016","format":false,"excerpt":"The image that would best dramatize Vincent de Paul as the patron of charity would be to show him at the center of a whirlwind, its inner circle ringed with persons who defined his life: his missionaries and Daughters, his lay collaborators and benefactors, their energies spinning out into the\u2026","rel":"","context":"In &quot;Vincent de Paul&quot;","block_context":{"text":"Vincent de Paul","link":"http:\/\/vincentians.com\/en\/category\/the-vincentian-family\/founders\/vincent-de-paul\/"},"img":{"alt_text":"","src":"https:\/\/i0.wp.com\/vincentians.com\/en\/wp-content\/uploads\/sites\/2\/2013\/12\/vincent-de-paul-with-poor.jpg?fit=1200%2C630&resize=350%2C200","width":350,"height":200,"srcset":"https:\/\/i0.wp.com\/vincentians.com\/en\/wp-content\/uploads\/sites\/2\/2013\/12\/vincent-de-paul-with-poor.jpg?fit=1200%2C630&resize=350%2C200 1x, https:\/\/i0.wp.com\/vincentians.com\/en\/wp-content\/uploads\/sites\/2\/2013\/12\/vincent-de-paul-with-poor.jpg?fit=1200%2C630&resize=525%2C300 1.5x, https:\/\/i0.wp.com\/vincentians.com\/en\/wp-content\/uploads\/sites\/2\/2013\/12\/vincent-de-paul-with-poor.jpg?fit=1200%2C630&resize=700%2C400 2x, https:\/\/i0.wp.com\/vincentians.com\/en\/wp-content\/uploads\/sites\/2\/2013\/12\/vincent-de-paul-with-poor.jpg?fit=1200%2C630&resize=1050%2C600 3x"},"classes":[]}],"_links":{"self":[{"href":"http:\/\/vincentians.com\/en\/wp-json\/wp\/v2\/posts\/105323","targetHints":{"allow":["GET"]}}],"collection":[{"href":"http:\/\/vincentians.com\/en\/wp-json\/wp\/v2\/posts"}],"about":[{"href":"http:\/\/vincentians.com\/en\/wp-json\/wp\/v2\/types\/post"}],"author":[{"embeddable":true,"href":"http:\/\/vincentians.com\/en\/wp-json\/wp\/v2\/users\/4"}],"replies":[{"embeddable":true,"href":"http:\/\/vincentians.com\/en\/wp-json\/wp\/v2\/comments?post=105323"}],"version-history":[{"count":0,"href":"http:\/\/vincentians.com\/en\/wp-json\/wp\/v2\/posts\/105323\/revisions"}],"wp:featuredmedia":[{"embeddable":true,"href":"http:\/\/vincentians.com\/en\/wp-json\/wp\/v2\/media\/149583"}],"wp:attachment":[{"href":"http:\/\/vincentians.com\/en\/wp-json\/wp\/v2\/media?parent=105323"}],"wp:term":[{"taxonomy":"category","embeddable":true,"href":"http:\/\/vincentians.com\/en\/wp-json\/wp\/v2\/categories?post=105323"},{"taxonomy":"post_tag","embeddable":true,"href":"http:\/\/vincentians.com\/en\/wp-json\/wp\/v2\/tags?post=105323"}],"curies":[{"name":"wp","href":"https:\/\/api.w.org\/{rel}","templated":true}]}}