{"id":105318,"date":"2016-08-06T06:00:35","date_gmt":"2016-08-06T04:00:35","guid":{"rendered":"http:\/\/vincentians.com\/?p=105318"},"modified":"2016-07-13T18:06:34","modified_gmt":"2016-07-13T16:06:34","slug":"the-life-of-vincent-de-paul-abelly-book-i-chapter-xxxiv","status":"publish","type":"post","link":"http:\/\/vincentians.com\/en\/the-life-of-vincent-de-paul-abelly-book-i-chapter-xxxiv\/","title":{"rendered":"The Life of Vincent de Paul (Abelly): Book I, Chapter XXXIV"},"content":{"rendered":"<p><strong>The Establishment of the First Internal Seminary, at Saint Lazare, for the Congregation of the Mission<\/strong><\/p>\n<p>The fathers of the desert followed a well-known maxim of receiving no one into their congregations unless he were well known and of proven virtue. This maxim has since been observed in all communities, both secular and regular, which have been established from time to time in the Church. As one of the most experienced of these ancients said so well, gold should not be worked or finished until it has been tested. <span id='easy-footnote-1-105318' class='easy-footnote-margin-adjust'><\/span><span class='easy-footnote'><a href='http:\/\/vincentians.com\/en\/the-life-of-vincent-de-paul-abelly-book-i-chapter-xxxiv\/#easy-footnote-bottom-1-105318' title='John Climacus, PG 88.'><sup>1<\/sup><\/a><\/span> Aspirants to the perfection of the religious state, to which they feel called by God to dedicate themselves to his service, ought to pass various tests both to know themselves better and to dispose themselves better to work for the goal they proposed to themselves.<\/p>\n<p>During the first years, when Monsieur Vincent began to work on the missions he did not yet realize the designs of God nor what God may have wanted to accomplish with him and by him. He did not specify any definite program of training for those who wished to join him in his efforts. He was satisfied with the good will that brought these first members to him. At best, he invited them to make a retreat both to strengthen their own resolution and to implore the help of divine grace. Some time later he felt some spiritual exercises ought to be added to the retreat, which was prolonged somewhat more than was usual at the time. Gradually seeing his Congregation take form, and knowing the importance of admitting only well-intentioned subjects called by God, he decided that those who came must first pass some time in a seminary <span id='easy-footnote-2-105318' class='easy-footnote-margin-adjust'><\/span><span class='easy-footnote'><a href='http:\/\/vincentians.com\/en\/the-life-of-vincent-de-paul-abelly-book-i-chapter-xxxiv\/#easy-footnote-bottom-2-105318' title='I.e., novitiate for the Congregation of the Mission.'><sup>2<\/sup><\/a><\/span> under a director who would form them in the practices of the virtues and introduce them to the spiritual life.<\/p>\n<p>The first director chosen was Monsieur Jean de la Salle, one of the three priests who had first joined him, whom he supplied with a daily timetable and a few general regulations. This seminary was begun in June 1637 in the house of Saint Lazare, where it has remained ever since, always blessed by God. Ordinarily there were about thirty or forty seminarians, both priests and clerics. This was the first seminary exclusively for the priests of the Congregation of the Mission. The others, mentioned earlier, were for ecclesiastics who were not members of the Congregation. Monsieur Vincent referred to it as <em>spem gregis<\/em> [&#8220;hope of the flock&#8221;] and as the nursery of the missionaries. His confidence in the paternal Providence was such that he never doubted about adequate numbers of applicants for the seminary. He took as a maxim that God would choose and call whom he would. Just as the first missionaries of the Son of God, his apostles, did not choose themselves but were selected by this divine Savior who called those he wished, so too those who would give themselves to God to work, in imitation of many great saints, at instructing and converting the people must be chosen and called by this same Lord.<\/p>\n<p>For this same reason Monsieur Vincent never wanted to say a single word to anyone to attract him to the Congregation. He forbade his confreres to persuade anyone to enter. This is what he said on this matter:<\/p>\n<p style=\"padding-left: 30px;\">Ordinarily, God chooses the weak to do his great deeds. We have in our own Congregation some who were admitted with much difficulty and misgivings because they offered little hope, but today we see them as good laborers in the vineyard of the Lord. Some are superiors who direct their missions with prudence and grace. We must praise God for them and admire his influence over them. Oh, gentlemen, be careful when you receive people into the house for their spiritual retreat that you never say anything which would tend to attract them to our Company. It is up to God to call them and provide the initial inspiration. Even more, when you see they are inclined this way, be careful that you do not decide for them that they are to be missionaries, either by your counsel or by your exhortations. Say only they must turn more and more to God to seek his will and to think over carefully such an important matter. Point out to them the hardships they can expect if they embrace this state in life and how they must be prepared to work and suffer for the sake of God. If they still persist, they should be referred to the superior to speak more fully about their vocation. Leave this to God, gentlemen, and remain humbly in expectation and in dependence on the good pleasure of his Providence.<\/p>\n<p style=\"padding-left: 30px;\">By his mercy, this is what we have done in the Company up to the present, and we can say that whatever has come to us has been sent by God. We have sought neither men, goods, nor foundations. In the name of God, keep it like this and allow God to sustain us. Follow his initiative, please, and do not attempt to anticipate his direction of us. Believe me, if the Congregation follows this path, God will bless us.<\/p>\n<p style=\"padding-left: 30px;\">If you see that any of the retreatants have the thought of going elsewhere to serve God in some other community, O God! do not prevent them, lest the anger of God fall upon our Company for trying to arrange something contrary to his holy will. And tell me, if you will, if the Company up to the present has not acted this way, in never trying to persuade others to join us, no matter how promising, unless they were sent to us by God and have been considering this vocation for a long time. The Carthusian priests and other religious communities have sent us several young men to make a retreat when they have applied there. They are cautious.<\/p>\n<p style=\"padding-left: 30px;\">What then? Here is a young man with the thought of becoming a Carthusian. He was sent here on retreat to consider before the Lord what he is being called to, and you try to persuade him to remain here! What is that, gentlemen, if not trying to hold on to what does not belong to us? Or to enter a Congregation which God does not call him to, or which he has not even given a thought to? What would be the effect of this, other than to draw down the curse of God upon our Company? O poor Company of missionaries if you ever fell into this sad plight! But by the grace of God you have not, and never will. Pray to God, gentlemen, pray to God to confirm this Company in the grace he has given us up to now of seeking nothing but his holy will. <span id='easy-footnote-3-105318' class='easy-footnote-margin-adjust'><\/span><span class='easy-footnote'><a href='http:\/\/vincentians.com\/en\/the-life-of-vincent-de-paul-abelly-book-i-chapter-xxxiv\/#easy-footnote-bottom-3-105318' title='&lt;em&gt;CED&lt;\/em&gt; XI:425-27.'><sup>3<\/sup><\/a><\/span>\n<p>Another day Monsieur Vincent received a letter from a priest of the Congregation. <span id='easy-footnote-4-105318' class='easy-footnote-margin-adjust'><\/span><span class='easy-footnote'><a href='http:\/\/vincentians.com\/en\/the-life-of-vincent-de-paul-abelly-book-i-chapter-xxxiv\/#easy-footnote-bottom-4-105318' title='Jean de Lestang.'><sup>4<\/sup><\/a><\/span> It informed him of a most virtuous ecclesiastic whom he thought a good candidate for the life of a missionary. This person even seemed to show some inclination towards the Congregation. Monsieur Vincent replied:<\/p>\n<p style=\"padding-left: 30px;\">I have not sent your letter to Monsieur N. [Serre], <span id='easy-footnote-5-105318' class='easy-footnote-margin-adjust'><\/span><span class='easy-footnote'><a href='http:\/\/vincentians.com\/en\/the-life-of-vincent-de-paul-abelly-book-i-chapter-xxxiv\/#easy-footnote-bottom-5-105318' title='Louis Serre later joined the Congregation.'><sup>5<\/sup><\/a><\/span> for it persuades him to enter our Company, but we have a contrary maxim, never to ask anyone to join our community. God alone will choose whom he will, and we are well convinced that a missionary called by him will do more good than many others without a true vocation. We must pray that he send good laborers for the harvest, and live so our good example will attract many others, if God so wills. <span id='easy-footnote-6-105318' class='easy-footnote-margin-adjust'><\/span><span class='easy-footnote'><a href='http:\/\/vincentians.com\/en\/the-life-of-vincent-de-paul-abelly-book-i-chapter-xxxiv\/#easy-footnote-bottom-6-105318' title='&lt;em&gt;CED&lt;\/em&gt; VIII:286-87.'><sup>6<\/sup><\/a><\/span>\n<p>This is the way Monsieur Vincent spoke, and this is the way he acted. Some people spoke or wrote to him, each in his own way:<\/p>\n<p style=\"padding-left: 30px;\">Monsieur, I am putting myself totally into your hands to do whatever you consider God is calling me to. Tell me, then, what should I do? Should I quit the world for this or that state? I am convinced that God sent me to you to know his will. I am indifferent to what I should do, so I will follow your suggestion as a most assured manifestation of the will of God.<\/p>\n<p>There were many such cases, but this humble and wise servant of God almost never would suggest or prescribe the state of life they should embrace. As he used to say, he feared he would be anticipating God&#8217;s Providence and presuming on the direction of his sovereign will rather than humbly and faithfully following it.<\/p>\n<p style=\"padding-left: 30px;\">The solution of your uncertainty is a matter that must be resolved between God and yourself. Continue to pray for his inspiration about what you are to do. Make a retreat for several days for this purpose and be persuaded that the resolution you come to in the presence of the Lord shall be most agreeable to his divine Majesty and most helpful to yourself.<\/p>\n<p>If those who came to him after deciding to leave the world, but remained undecided about which order to join, would suggest two, he would send them away to have them consider before God which to choose. If the Congregation of the Mission was one of the two, he would say, &#8220;Oh, Monsieur, we are a poor Company unworthy to be compared to this other congregation. Go, in the name of the Lord. You will be much happier there than with us.&#8221; <span id='easy-footnote-7-105318' class='easy-footnote-margin-adjust'><\/span><span class='easy-footnote'><a href='http:\/\/vincentians.com\/en\/the-life-of-vincent-de-paul-abelly-book-i-chapter-xxxiv\/#easy-footnote-bottom-7-105318' title='&lt;em&gt;CED&lt;\/em&gt; XII:316.'><sup>7<\/sup><\/a><\/span>\n<p>For those who came determined to enter the Congregation, he was most hesitant to accept them. He would ask, &#8220;How long have you been thinking of this? How and on what occasion did this thought first come to you? What is your occupation? What motive leads you to seek to be a missionary? Are you disposed to go wherever you might be sent, even to the most remote foreign lands? Are you ready to endure all hardships?&#8221; He would point out the difficulties likely to come about in their new state.<\/p>\n<p>He would send them away several times without giving any decision, and even with little hope of being accepted, to test their vocation and virtue. He would put them off for a long time, obliging them to come back several times to get to know them better. He would never give them a definite answer no matter how satisfied he was of their dispositions and their perseverance until he had them make a retreat to discern God&#8217;s will. If they persevered in their first objective he would have them meet some of the older members of the community. If these men judged them suitable for the Congregation he finally would accept them for the seminary. There they would receive two years of training in humility, mortification, devotion, recollection, punctuality, and other practices conducive to a life of virtue, and to honor, as he used to say, the infancy of our Lord. He hoped they would become prayerful to prepare themselves for the unction of the Spirit of God, which would preserve in them the fire of charity in their hearts among all the trials and labors of the missions. <span id='easy-footnote-8-105318' class='easy-footnote-margin-adjust'><\/span><span class='easy-footnote'><a href='http:\/\/vincentians.com\/en\/the-life-of-vincent-de-paul-abelly-book-i-chapter-xxxiv\/#easy-footnote-bottom-8-105318' title='See &lt;em&gt;CED&lt;\/em&gt; XI:126-28; XII:63-64.'><sup>8<\/sup><\/a><\/span> After successfully completing the seminary program the candidates were finally admitted to the Congregation. If they had not completed their studies, they did so to have the requisite learning befitting their state.<\/p>\n<p>He wrote out in his own hand a short summary of the dispositions they should possess as a member of the Congregation of the Mission.<\/p>\n<p style=\"padding-left: 30px;\">One who wishes to live in community should resolve to live as a pilgrim upon earth, making himself a fool for Jesus Christ. He should be converted, mortify all the passions, seek God alone, submit himself to everyone as the least of all, be persuaded that he has come to serve and not to govern, to suffer and work, not to live in ease and laziness. He should realize that a person is purified like gold in the furnace and that he cannot persevere unless he humble himself before God. In doing so he should be persuaded that he will achieve true contentment in this life and eternal happiness in the next. <span id='easy-footnote-9-105318' class='easy-footnote-margin-adjust'><\/span><span class='easy-footnote'><a href='http:\/\/vincentians.com\/en\/the-life-of-vincent-de-paul-abelly-book-i-chapter-xxxiv\/#easy-footnote-bottom-9-105318' title='A nearly literal translation from Book 1, ch. 16, of the &lt;em&gt;Imitation of Christ&lt;\/em&gt;.'><sup>9<\/sup><\/a><\/span>\n<p>In these few words the saintly man touched on many things. We can safely say he preserved the community from those who, not finding their ease or satisfaction in the world, hope they might settle down to a life of peace and repose in the Congregation of the Mission.<\/p>\n<p>Here is yet another word on the dispositions he desired to see in his confreres, which he spoke to his community on an occasion when word was received of a missionary maltreated in a foreign country. <span id='easy-footnote-10-105318' class='easy-footnote-margin-adjust'><\/span><span class='easy-footnote'><a href='http:\/\/vincentians.com\/en\/the-life-of-vincent-de-paul-abelly-book-i-chapter-xxxiv\/#easy-footnote-bottom-10-105318' title='Jean Barreau, consul at Algiers.'><sup>10<\/sup><\/a><\/span>\n<p style=\"padding-left: 30px;\">Please God, my brothers, that all who come to the Company come with the thought of martyrdom, with the desire to suffer death and to consecrate themselves totally to serve God either in a foreign land or here at home or wherever it shall please God to use this poor little Company. Yes, with the thought of martyrdom. Oh, how often we should ask this grace of our Lord! Alas, gentlemen and my brothers, is anything more reasonable than to give one&#8217;s life for him who has so freely given his for us? If our Lord has loved us so much as to die for us, why do we not have the same affection for him and show it, should the occasion present itself? We see a list of popes who one after the other have been martyred. Isn&#8217;t it astonishing to see businessmen, for a little profit, cross the seas and run a thousand risks? Last Sunday I met a man who said he had been persuaded to go to the Indies. When I asked him if it were not dangerous, he admitted it was. He knew one merchant who had returned, but another who had not. I then said to myself, if this person, for a few precious stones and a trifling gain, is willing to risk so many dangers, how much more we should be willing to do so to gain the precious jewel of the Gospel and to win souls to Jesus Christ?\u00a0 <span id='easy-footnote-11-105318' class='easy-footnote-margin-adjust'><\/span><span class='easy-footnote'><a href='http:\/\/vincentians.com\/en\/the-life-of-vincent-de-paul-abelly-book-i-chapter-xxxiv\/#easy-footnote-bottom-11-105318' title='&lt;em&gt;CED&lt;\/em&gt; XI:370-71.'><sup>11<\/sup><\/a><\/span>\n","protected":false},"excerpt":{"rendered":"<p>The Establishment of the First Internal Seminary, at Saint Lazare, for the Congregation of the Mission The fathers of the desert followed a well-known maxim of receiving no one into their congregations unless he were &#8230; <a href=\"http:\/\/vincentians.com\/en\/the-life-of-vincent-de-paul-abelly-book-i-chapter-xxxiv\/\" class=\"more-link\">Read More<\/a><\/p>\n","protected":false},"author":4,"featured_media":149583,"comment_status":"open","ping_status":"open","sticky":false,"template":"","format":"standard","meta":{"jetpack_post_was_ever_published":false,"_jetpack_newsletter_access":"","_jetpack_dont_email_post_to_subs":false,"_jetpack_newsletter_tier_id":0,"_jetpack_memberships_contains_paywalled_content":false,"_jetpack_memberships_contains_paid_content":false,"footnotes":"","jetpack_publicize_message":"","jetpack_publicize_feature_enabled":true,"jetpack_social_post_already_shared":true,"jetpack_social_options":{"image_generator_settings":{"template":"highway","default_image_id":0,"font":"","enabled":false},"version":2}},"categories":[5],"tags":[],"class_list":["post-105318","post","type-post","status-publish","format-standard","has-post-thumbnail","hentry","category-vincent-de-paul"],"yoast_head":"<!-- This site is optimized with the Yoast SEO plugin v26.3 - https:\/\/yoast.com\/wordpress\/plugins\/seo\/ -->\n<title>The Life of Vincent de Paul (Abelly): Book I, Chapter XXXIV - We are Vincentians<\/title>\n<meta name=\"robots\" content=\"index, follow, max-snippet:-1, max-image-preview:large, max-video-preview:-1\" \/>\n<link rel=\"canonical\" href=\"http:\/\/vincentians.com\/en\/the-life-of-vincent-de-paul-abelly-book-i-chapter-xxxiv\/\" \/>\n<meta property=\"og:locale\" content=\"en_US\" \/>\n<meta property=\"og:type\" content=\"article\" \/>\n<meta property=\"og:title\" content=\"The Life of Vincent de Paul (Abelly): Book I, Chapter XXXIV - We are Vincentians\" \/>\n<meta property=\"og:description\" content=\"The Establishment of the First Internal Seminary, at Saint Lazare, for the Congregation of the Mission The fathers of the desert followed a well-known maxim of receiving no one into their congregations unless he were ... Read More\" \/>\n<meta property=\"og:url\" content=\"http:\/\/vincentians.com\/en\/the-life-of-vincent-de-paul-abelly-book-i-chapter-xxxiv\/\" \/>\n<meta property=\"og:site_name\" content=\"We are Vincentians\" \/>\n<meta property=\"article:publisher\" content=\"https:\/\/www.facebook.com\/WeAreVincentians\/\" \/>\n<meta property=\"article:author\" content=\"https:\/\/www.facebook.com\/JavierChento\" \/>\n<meta property=\"article:published_time\" content=\"2016-08-06T04:00:35+00:00\" \/>\n<meta property=\"og:image\" content=\"https:\/\/i0.wp.com\/vincentians.com\/en\/wp-content\/uploads\/sites\/2\/2016\/07\/abelly-feat.jpg?fit=1200%2C630\" \/>\n\t<meta property=\"og:image:width\" content=\"1200\" \/>\n\t<meta property=\"og:image:height\" content=\"630\" \/>\n\t<meta property=\"og:image:type\" content=\"image\/jpeg\" \/>\n<meta name=\"author\" content=\"Francisco Javier Fern\u00e1ndez Chento\" \/>\n<meta name=\"twitter:card\" content=\"summary_large_image\" \/>\n<meta name=\"twitter:creator\" content=\"@https:\/\/twitter.com\/javierchento\" \/>\n<meta name=\"twitter:site\" content=\"@WeVincentians\" \/>\n<meta name=\"twitter:label1\" content=\"Written by\" \/>\n\t<meta name=\"twitter:data1\" content=\"Francisco Javier Fern\u00e1ndez Chento\" \/>\n\t<meta name=\"twitter:label2\" content=\"Est. reading time\" \/>\n\t<meta name=\"twitter:data2\" content=\"12 minutes\" \/>\n<script type=\"application\/ld+json\" class=\"yoast-schema-graph\">{\"@context\":\"https:\/\/schema.org\",\"@graph\":[{\"@type\":\"Article\",\"@id\":\"http:\/\/vincentians.com\/en\/the-life-of-vincent-de-paul-abelly-book-i-chapter-xxxiv\/#article\",\"isPartOf\":{\"@id\":\"http:\/\/vincentians.com\/en\/the-life-of-vincent-de-paul-abelly-book-i-chapter-xxxiv\/\"},\"author\":{\"name\":\"Francisco Javier Fern\u00e1ndez Chento\",\"@id\":\"https:\/\/vincentians.com\/en\/#\/schema\/person\/9623ef4d9aa3b2dfb8c061f1499288f2\"},\"headline\":\"The Life of Vincent de Paul (Abelly): Book I, Chapter XXXIV\",\"datePublished\":\"2016-08-06T04:00:35+00:00\",\"mainEntityOfPage\":{\"@id\":\"http:\/\/vincentians.com\/en\/the-life-of-vincent-de-paul-abelly-book-i-chapter-xxxiv\/\"},\"wordCount\":2437,\"commentCount\":0,\"publisher\":{\"@id\":\"https:\/\/vincentians.com\/en\/#organization\"},\"image\":{\"@id\":\"http:\/\/vincentians.com\/en\/the-life-of-vincent-de-paul-abelly-book-i-chapter-xxxiv\/#primaryimage\"},\"thumbnailUrl\":\"https:\/\/i0.wp.com\/vincentians.com\/en\/wp-content\/uploads\/sites\/2\/2016\/07\/abelly-feat.jpg?fit=1200%2C630\",\"articleSection\":[\"Vincent de Paul\"],\"inLanguage\":\"en-US\",\"potentialAction\":[{\"@type\":\"CommentAction\",\"name\":\"Comment\",\"target\":[\"http:\/\/vincentians.com\/en\/the-life-of-vincent-de-paul-abelly-book-i-chapter-xxxiv\/#respond\"]}]},{\"@type\":\"WebPage\",\"@id\":\"http:\/\/vincentians.com\/en\/the-life-of-vincent-de-paul-abelly-book-i-chapter-xxxiv\/\",\"url\":\"http:\/\/vincentians.com\/en\/the-life-of-vincent-de-paul-abelly-book-i-chapter-xxxiv\/\",\"name\":\"The Life of Vincent de Paul (Abelly): Book I, Chapter XXXIV - We are Vincentians\",\"isPartOf\":{\"@id\":\"https:\/\/vincentians.com\/en\/#website\"},\"primaryImageOfPage\":{\"@id\":\"http:\/\/vincentians.com\/en\/the-life-of-vincent-de-paul-abelly-book-i-chapter-xxxiv\/#primaryimage\"},\"image\":{\"@id\":\"http:\/\/vincentians.com\/en\/the-life-of-vincent-de-paul-abelly-book-i-chapter-xxxiv\/#primaryimage\"},\"thumbnailUrl\":\"https:\/\/i0.wp.com\/vincentians.com\/en\/wp-content\/uploads\/sites\/2\/2016\/07\/abelly-feat.jpg?fit=1200%2C630\",\"datePublished\":\"2016-08-06T04:00:35+00:00\",\"breadcrumb\":{\"@id\":\"http:\/\/vincentians.com\/en\/the-life-of-vincent-de-paul-abelly-book-i-chapter-xxxiv\/#breadcrumb\"},\"inLanguage\":\"en-US\",\"potentialAction\":[{\"@type\":\"ReadAction\",\"target\":[\"http:\/\/vincentians.com\/en\/the-life-of-vincent-de-paul-abelly-book-i-chapter-xxxiv\/\"]}]},{\"@type\":\"ImageObject\",\"inLanguage\":\"en-US\",\"@id\":\"http:\/\/vincentians.com\/en\/the-life-of-vincent-de-paul-abelly-book-i-chapter-xxxiv\/#primaryimage\",\"url\":\"https:\/\/i0.wp.com\/vincentians.com\/en\/wp-content\/uploads\/sites\/2\/2016\/07\/abelly-feat.jpg?fit=1200%2C630\",\"contentUrl\":\"https:\/\/i0.wp.com\/vincentians.com\/en\/wp-content\/uploads\/sites\/2\/2016\/07\/abelly-feat.jpg?fit=1200%2C630\",\"width\":1200,\"height\":630},{\"@type\":\"BreadcrumbList\",\"@id\":\"http:\/\/vincentians.com\/en\/the-life-of-vincent-de-paul-abelly-book-i-chapter-xxxiv\/#breadcrumb\",\"itemListElement\":[{\"@type\":\"ListItem\",\"position\":1,\"name\":\"Portada\",\"item\":\"https:\/\/vincentians.com\/en\/\"},{\"@type\":\"ListItem\",\"position\":2,\"name\":\"The Life of Vincent de Paul (Abelly): Book I, Chapter XXXIV\"}]},{\"@type\":\"WebSite\",\"@id\":\"https:\/\/vincentians.com\/en\/#website\",\"url\":\"https:\/\/vincentians.com\/en\/\",\"name\":\"We are Vincentians\",\"description\":\"Know more to serve more\",\"publisher\":{\"@id\":\"https:\/\/vincentians.com\/en\/#organization\"},\"potentialAction\":[{\"@type\":\"SearchAction\",\"target\":{\"@type\":\"EntryPoint\",\"urlTemplate\":\"https:\/\/vincentians.com\/en\/?s={search_term_string}\"},\"query-input\":{\"@type\":\"PropertyValueSpecification\",\"valueRequired\":true,\"valueName\":\"search_term_string\"}}],\"inLanguage\":\"en-US\"},{\"@type\":\"Organization\",\"@id\":\"https:\/\/vincentians.com\/en\/#organization\",\"name\":\"The Vincentian Network\",\"url\":\"https:\/\/vincentians.com\/en\/\",\"logo\":{\"@type\":\"ImageObject\",\"inLanguage\":\"en-US\",\"@id\":\"https:\/\/vincentians.com\/en\/#\/schema\/logo\/image\/\",\"url\":\"https:\/\/i1.wp.com\/vincentians.com\/en\/wp-content\/uploads\/sites\/2\/2016\/06\/Vincentian-Network-logo-big.png?fit=778%2C778&ssl=1\",\"contentUrl\":\"https:\/\/i1.wp.com\/vincentians.com\/en\/wp-content\/uploads\/sites\/2\/2016\/06\/Vincentian-Network-logo-big.png?fit=778%2C778&ssl=1\",\"width\":778,\"height\":778,\"caption\":\"The Vincentian Network\"},\"image\":{\"@id\":\"https:\/\/vincentians.com\/en\/#\/schema\/logo\/image\/\"},\"sameAs\":[\"https:\/\/www.facebook.com\/WeAreVincentians\/\",\"https:\/\/x.com\/WeVincentians\"]},{\"@type\":\"Person\",\"@id\":\"https:\/\/vincentians.com\/en\/#\/schema\/person\/9623ef4d9aa3b2dfb8c061f1499288f2\",\"name\":\"Francisco Javier Fern\u00e1ndez Chento\",\"image\":{\"@type\":\"ImageObject\",\"inLanguage\":\"en-US\",\"@id\":\"https:\/\/vincentians.com\/en\/#\/schema\/person\/image\/\",\"url\":\"https:\/\/secure.gravatar.com\/avatar\/497d5cde87b4c3d097d0315953521681ba2cd523ee66e5077c3711f7021e65de?s=96&d=mm&r=g\",\"contentUrl\":\"https:\/\/secure.gravatar.com\/avatar\/497d5cde87b4c3d097d0315953521681ba2cd523ee66e5077c3711f7021e65de?s=96&d=mm&r=g\",\"caption\":\"Francisco Javier Fern\u00e1ndez Chento\"},\"description\":\"Director General y cofundador de La Red de Formaci\u00f3n Vicenciana. Javier es laico vicenciano, afiliado a la Congregaci\u00f3n de la Misi\u00f3n y miembro del Equipo de Misiones Populares de la provincia can\u00f3nica de Zaragoza (Espa\u00f1a) de la Congregaci\u00f3n de la Misi\u00f3n. Graduado en la Universidad Oberta de Catalunya con cuatro grados (Asistente de direcci\u00f3n, Gesti\u00f3n Administrativa, Recursos Humanos y Contabilidad Avanzada). Bil\u00edng\u00fce Espa\u00f1ol\/Ingl\u00e9s. gestiona y mantiene varias p\u00e1ginas web cristianas y vicencianas, incluida including La Red de Formaci\u00f3n Vicenciana, de la que es cofundador. Actualmente es responsable del \u00e1rea de Espa\u00f1ol de .famvin, la Red de Noticias de la Familia Vicenciana. Tambi\u00e9n es m\u00fasico cat\u00f3lico y ha editado varios discos. Es Director General y cofundador de Trovador, una reconocida compa\u00f1\u00eda discogr\u00e1fica critiana de Espa\u00f1a. Trabaja en las Tecnolog\u00edas de la Informaci\u00f3n, ofreciendo servicios de alojamiento, dise\u00f1o y mantenimiento Web, as\u00ed como asesoramiento, formaci\u00f3n y soluciones inform\u00e1ticas, gesti\u00f3n documental y digitalizaci\u00f3n de textos, edici\u00f3n y maquetaci\u00f3n de libros, revistas, flyers, etc.\",\"sameAs\":[\"http:\/\/chento.org\",\"https:\/\/www.facebook.com\/JavierChento\",\"https:\/\/x.com\/https:\/\/twitter.com\/javierchento\"],\"url\":\"http:\/\/vincentians.com\/en\/author\/chento\/\"}]}<\/script>\n<!-- \/ Yoast SEO plugin. -->","yoast_head_json":{"title":"The Life of Vincent de Paul (Abelly): Book I, Chapter XXXIV - We are Vincentians","robots":{"index":"index","follow":"follow","max-snippet":"max-snippet:-1","max-image-preview":"max-image-preview:large","max-video-preview":"max-video-preview:-1"},"canonical":"http:\/\/vincentians.com\/en\/the-life-of-vincent-de-paul-abelly-book-i-chapter-xxxiv\/","og_locale":"en_US","og_type":"article","og_title":"The Life of Vincent de Paul (Abelly): Book I, Chapter XXXIV - We are Vincentians","og_description":"The Establishment of the First Internal Seminary, at Saint Lazare, for the Congregation of the Mission The fathers of the desert followed a well-known maxim of receiving no one into their congregations unless he were ... Read More","og_url":"http:\/\/vincentians.com\/en\/the-life-of-vincent-de-paul-abelly-book-i-chapter-xxxiv\/","og_site_name":"We are Vincentians","article_publisher":"https:\/\/www.facebook.com\/WeAreVincentians\/","article_author":"https:\/\/www.facebook.com\/JavierChento","article_published_time":"2016-08-06T04:00:35+00:00","og_image":[{"width":1200,"height":630,"url":"https:\/\/i0.wp.com\/vincentians.com\/en\/wp-content\/uploads\/sites\/2\/2016\/07\/abelly-feat.jpg?fit=1200%2C630","type":"image\/jpeg"}],"author":"Francisco Javier Fern\u00e1ndez Chento","twitter_card":"summary_large_image","twitter_creator":"@https:\/\/twitter.com\/javierchento","twitter_site":"@WeVincentians","twitter_misc":{"Written by":"Francisco Javier Fern\u00e1ndez Chento","Est. reading time":"12 minutes"},"schema":{"@context":"https:\/\/schema.org","@graph":[{"@type":"Article","@id":"http:\/\/vincentians.com\/en\/the-life-of-vincent-de-paul-abelly-book-i-chapter-xxxiv\/#article","isPartOf":{"@id":"http:\/\/vincentians.com\/en\/the-life-of-vincent-de-paul-abelly-book-i-chapter-xxxiv\/"},"author":{"name":"Francisco Javier Fern\u00e1ndez Chento","@id":"https:\/\/vincentians.com\/en\/#\/schema\/person\/9623ef4d9aa3b2dfb8c061f1499288f2"},"headline":"The Life of Vincent de Paul (Abelly): Book I, Chapter XXXIV","datePublished":"2016-08-06T04:00:35+00:00","mainEntityOfPage":{"@id":"http:\/\/vincentians.com\/en\/the-life-of-vincent-de-paul-abelly-book-i-chapter-xxxiv\/"},"wordCount":2437,"commentCount":0,"publisher":{"@id":"https:\/\/vincentians.com\/en\/#organization"},"image":{"@id":"http:\/\/vincentians.com\/en\/the-life-of-vincent-de-paul-abelly-book-i-chapter-xxxiv\/#primaryimage"},"thumbnailUrl":"https:\/\/i0.wp.com\/vincentians.com\/en\/wp-content\/uploads\/sites\/2\/2016\/07\/abelly-feat.jpg?fit=1200%2C630","articleSection":["Vincent de Paul"],"inLanguage":"en-US","potentialAction":[{"@type":"CommentAction","name":"Comment","target":["http:\/\/vincentians.com\/en\/the-life-of-vincent-de-paul-abelly-book-i-chapter-xxxiv\/#respond"]}]},{"@type":"WebPage","@id":"http:\/\/vincentians.com\/en\/the-life-of-vincent-de-paul-abelly-book-i-chapter-xxxiv\/","url":"http:\/\/vincentians.com\/en\/the-life-of-vincent-de-paul-abelly-book-i-chapter-xxxiv\/","name":"The Life of Vincent de Paul (Abelly): Book I, Chapter XXXIV - We are Vincentians","isPartOf":{"@id":"https:\/\/vincentians.com\/en\/#website"},"primaryImageOfPage":{"@id":"http:\/\/vincentians.com\/en\/the-life-of-vincent-de-paul-abelly-book-i-chapter-xxxiv\/#primaryimage"},"image":{"@id":"http:\/\/vincentians.com\/en\/the-life-of-vincent-de-paul-abelly-book-i-chapter-xxxiv\/#primaryimage"},"thumbnailUrl":"https:\/\/i0.wp.com\/vincentians.com\/en\/wp-content\/uploads\/sites\/2\/2016\/07\/abelly-feat.jpg?fit=1200%2C630","datePublished":"2016-08-06T04:00:35+00:00","breadcrumb":{"@id":"http:\/\/vincentians.com\/en\/the-life-of-vincent-de-paul-abelly-book-i-chapter-xxxiv\/#breadcrumb"},"inLanguage":"en-US","potentialAction":[{"@type":"ReadAction","target":["http:\/\/vincentians.com\/en\/the-life-of-vincent-de-paul-abelly-book-i-chapter-xxxiv\/"]}]},{"@type":"ImageObject","inLanguage":"en-US","@id":"http:\/\/vincentians.com\/en\/the-life-of-vincent-de-paul-abelly-book-i-chapter-xxxiv\/#primaryimage","url":"https:\/\/i0.wp.com\/vincentians.com\/en\/wp-content\/uploads\/sites\/2\/2016\/07\/abelly-feat.jpg?fit=1200%2C630","contentUrl":"https:\/\/i0.wp.com\/vincentians.com\/en\/wp-content\/uploads\/sites\/2\/2016\/07\/abelly-feat.jpg?fit=1200%2C630","width":1200,"height":630},{"@type":"BreadcrumbList","@id":"http:\/\/vincentians.com\/en\/the-life-of-vincent-de-paul-abelly-book-i-chapter-xxxiv\/#breadcrumb","itemListElement":[{"@type":"ListItem","position":1,"name":"Portada","item":"https:\/\/vincentians.com\/en\/"},{"@type":"ListItem","position":2,"name":"The Life of Vincent de Paul (Abelly): Book I, Chapter XXXIV"}]},{"@type":"WebSite","@id":"https:\/\/vincentians.com\/en\/#website","url":"https:\/\/vincentians.com\/en\/","name":"We are Vincentians","description":"Know more to serve more","publisher":{"@id":"https:\/\/vincentians.com\/en\/#organization"},"potentialAction":[{"@type":"SearchAction","target":{"@type":"EntryPoint","urlTemplate":"https:\/\/vincentians.com\/en\/?s={search_term_string}"},"query-input":{"@type":"PropertyValueSpecification","valueRequired":true,"valueName":"search_term_string"}}],"inLanguage":"en-US"},{"@type":"Organization","@id":"https:\/\/vincentians.com\/en\/#organization","name":"The Vincentian Network","url":"https:\/\/vincentians.com\/en\/","logo":{"@type":"ImageObject","inLanguage":"en-US","@id":"https:\/\/vincentians.com\/en\/#\/schema\/logo\/image\/","url":"https:\/\/i1.wp.com\/vincentians.com\/en\/wp-content\/uploads\/sites\/2\/2016\/06\/Vincentian-Network-logo-big.png?fit=778%2C778&ssl=1","contentUrl":"https:\/\/i1.wp.com\/vincentians.com\/en\/wp-content\/uploads\/sites\/2\/2016\/06\/Vincentian-Network-logo-big.png?fit=778%2C778&ssl=1","width":778,"height":778,"caption":"The Vincentian Network"},"image":{"@id":"https:\/\/vincentians.com\/en\/#\/schema\/logo\/image\/"},"sameAs":["https:\/\/www.facebook.com\/WeAreVincentians\/","https:\/\/x.com\/WeVincentians"]},{"@type":"Person","@id":"https:\/\/vincentians.com\/en\/#\/schema\/person\/9623ef4d9aa3b2dfb8c061f1499288f2","name":"Francisco Javier Fern\u00e1ndez Chento","image":{"@type":"ImageObject","inLanguage":"en-US","@id":"https:\/\/vincentians.com\/en\/#\/schema\/person\/image\/","url":"https:\/\/secure.gravatar.com\/avatar\/497d5cde87b4c3d097d0315953521681ba2cd523ee66e5077c3711f7021e65de?s=96&d=mm&r=g","contentUrl":"https:\/\/secure.gravatar.com\/avatar\/497d5cde87b4c3d097d0315953521681ba2cd523ee66e5077c3711f7021e65de?s=96&d=mm&r=g","caption":"Francisco Javier Fern\u00e1ndez Chento"},"description":"Director General y cofundador de La Red de Formaci\u00f3n Vicenciana. Javier es laico vicenciano, afiliado a la Congregaci\u00f3n de la Misi\u00f3n y miembro del Equipo de Misiones Populares de la provincia can\u00f3nica de Zaragoza (Espa\u00f1a) de la Congregaci\u00f3n de la Misi\u00f3n. Graduado en la Universidad Oberta de Catalunya con cuatro grados (Asistente de direcci\u00f3n, Gesti\u00f3n Administrativa, Recursos Humanos y Contabilidad Avanzada). Bil\u00edng\u00fce Espa\u00f1ol\/Ingl\u00e9s. gestiona y mantiene varias p\u00e1ginas web cristianas y vicencianas, incluida including La Red de Formaci\u00f3n Vicenciana, de la que es cofundador. Actualmente es responsable del \u00e1rea de Espa\u00f1ol de .famvin, la Red de Noticias de la Familia Vicenciana. Tambi\u00e9n es m\u00fasico cat\u00f3lico y ha editado varios discos. Es Director General y cofundador de Trovador, una reconocida compa\u00f1\u00eda discogr\u00e1fica critiana de Espa\u00f1a. Trabaja en las Tecnolog\u00edas de la Informaci\u00f3n, ofreciendo servicios de alojamiento, dise\u00f1o y mantenimiento Web, as\u00ed como asesoramiento, formaci\u00f3n y soluciones inform\u00e1ticas, gesti\u00f3n documental y digitalizaci\u00f3n de textos, edici\u00f3n y maquetaci\u00f3n de libros, revistas, flyers, etc.","sameAs":["http:\/\/chento.org","https:\/\/www.facebook.com\/JavierChento","https:\/\/x.com\/https:\/\/twitter.com\/javierchento"],"url":"http:\/\/vincentians.com\/en\/author\/chento\/"}]}},"jetpack_publicize_connections":[],"jetpack_featured_media_url":"https:\/\/i0.wp.com\/vincentians.com\/en\/wp-content\/uploads\/sites\/2\/2016\/07\/abelly-feat.jpg?fit=1200%2C630","jetpack_sharing_enabled":true,"jetpack_shortlink":"https:\/\/wp.me\/p7K2Ow-roG","jetpack-related-posts":[{"id":105207,"url":"http:\/\/vincentians.com\/en\/the-life-of-vincent-de-paul-abelly-book-i-chapter-xx\/","url_meta":{"origin":105318,"position":0},"title":"The Life of Vincent de Paul (Abelly): Book I, Chapter XX","author":"Francisco Javier Fern\u00e1ndez Chento","date":"July 22, 2016","format":false,"excerpt":"The Birth and Establishment of the Congregation of the Mission We could truthfully say that this Congregation in its beginnings was that small mustard seed spoken of in the Gospel: although the least of all the seeds, it becomes a great tree in which the birds of the air build\u2026","rel":"","context":"In &quot;Vincent de Paul&quot;","block_context":{"text":"Vincent de Paul","link":"http:\/\/vincentians.com\/en\/category\/the-vincentian-family\/founders\/vincent-de-paul\/"},"img":{"alt_text":"","src":"https:\/\/i0.wp.com\/vincentians.com\/en\/wp-content\/uploads\/sites\/2\/2016\/07\/abelly-feat.jpg?fit=1200%2C630&resize=350%2C200","width":350,"height":200,"srcset":"https:\/\/i0.wp.com\/vincentians.com\/en\/wp-content\/uploads\/sites\/2\/2016\/07\/abelly-feat.jpg?fit=1200%2C630&resize=350%2C200 1x, https:\/\/i0.wp.com\/vincentians.com\/en\/wp-content\/uploads\/sites\/2\/2016\/07\/abelly-feat.jpg?fit=1200%2C630&resize=525%2C300 1.5x, https:\/\/i0.wp.com\/vincentians.com\/en\/wp-content\/uploads\/sites\/2\/2016\/07\/abelly-feat.jpg?fit=1200%2C630&resize=700%2C400 2x, https:\/\/i0.wp.com\/vincentians.com\/en\/wp-content\/uploads\/sites\/2\/2016\/07\/abelly-feat.jpg?fit=1200%2C630&resize=1050%2C600 3x"},"classes":[]},{"id":108835,"url":"http:\/\/vincentians.com\/en\/origin-of-the-brothers-of-s-vincent-de-paul-now-called-religious-of-s-vincent-de-paul\/","url_meta":{"origin":105318,"position":1},"title":"Origin of the Brothers of S. Vincent de Paul (now called Religious of S. Vincent de Paul)","author":"Francisco Javier Fern\u00e1ndez Chento","date":"January 2, 2013","format":false,"excerpt":"The Congregation of the Brothers of St Vincent de Paul was begun in 1845 by a few simple laymen, whom a great love for works of piety and mercy had drawn together, and into whose minds, one thought simultaneously entered, that these different works sprung up in our days through\u2026","rel":"","context":"In &quot;Religious of Saint Vincent de Paul&quot;","block_context":{"text":"Religious of Saint Vincent de Paul","link":"http:\/\/vincentians.com\/en\/category\/the-vincentian-family\/branches\/religious-of-saint-vincent-de-paul\/"},"img":{"alt_text":"","src":"https:\/\/i0.wp.com\/vincentians.com\/en\/wp-content\/uploads\/sites\/2\/2013\/01\/vincent-de-paul.jpg?fit=1200%2C630&resize=350%2C200","width":350,"height":200,"srcset":"https:\/\/i0.wp.com\/vincentians.com\/en\/wp-content\/uploads\/sites\/2\/2013\/01\/vincent-de-paul.jpg?fit=1200%2C630&resize=350%2C200 1x, https:\/\/i0.wp.com\/vincentians.com\/en\/wp-content\/uploads\/sites\/2\/2013\/01\/vincent-de-paul.jpg?fit=1200%2C630&resize=525%2C300 1.5x, https:\/\/i0.wp.com\/vincentians.com\/en\/wp-content\/uploads\/sites\/2\/2013\/01\/vincent-de-paul.jpg?fit=1200%2C630&resize=700%2C400 2x, https:\/\/i0.wp.com\/vincentians.com\/en\/wp-content\/uploads\/sites\/2\/2013\/01\/vincent-de-paul.jpg?fit=1200%2C630&resize=1050%2C600 3x"},"classes":[]},{"id":105314,"url":"http:\/\/vincentians.com\/en\/the-life-of-vincent-de-paul-abelly-book-i-chapter-xxxviii\/","url_meta":{"origin":105318,"position":2},"title":"The Life of Vincent de Paul (Abelly): Book I, Chapter XXXVIII","author":"Francisco Javier Fern\u00e1ndez Chento","date":"August 10, 2016","format":false,"excerpt":"Monsieur Vincent's Help in Establishing the Congregation of the Daughters of the Cross and for the Spiritual Good of its Members Since Monsieur Vincent's charity did not limit itself to any single outlet but extended universally to whatever he saw as contributing to God's glory, he approved and esteemed whatever\u2026","rel":"","context":"In &quot;Vincent de Paul&quot;","block_context":{"text":"Vincent de Paul","link":"http:\/\/vincentians.com\/en\/category\/the-vincentian-family\/founders\/vincent-de-paul\/"},"img":{"alt_text":"","src":"https:\/\/i0.wp.com\/vincentians.com\/en\/wp-content\/uploads\/sites\/2\/2016\/07\/abelly-feat.jpg?fit=1200%2C630&resize=350%2C200","width":350,"height":200,"srcset":"https:\/\/i0.wp.com\/vincentians.com\/en\/wp-content\/uploads\/sites\/2\/2016\/07\/abelly-feat.jpg?fit=1200%2C630&resize=350%2C200 1x, https:\/\/i0.wp.com\/vincentians.com\/en\/wp-content\/uploads\/sites\/2\/2016\/07\/abelly-feat.jpg?fit=1200%2C630&resize=525%2C300 1.5x, https:\/\/i0.wp.com\/vincentians.com\/en\/wp-content\/uploads\/sites\/2\/2016\/07\/abelly-feat.jpg?fit=1200%2C630&resize=700%2C400 2x, https:\/\/i0.wp.com\/vincentians.com\/en\/wp-content\/uploads\/sites\/2\/2016\/07\/abelly-feat.jpg?fit=1200%2C630&resize=1050%2C600 3x"},"classes":[]},{"id":106490,"url":"http:\/\/vincentians.com\/en\/the-life-of-vincent-de-paul-abelly-book-ii-chapter-i-section-i-part-v\/","url_meta":{"origin":105318,"position":3},"title":"The Life of Vincent de Paul (Abelly): Book II, Chapter I, Section I, Part V","author":"Francisco Javier Fern\u00e1ndez Chento","date":"August 30, 2016","format":false,"excerpt":"PART FIVE: The General Results of the Missions Given by Monsieur Vincent and the Missionaries of His Congregation The Gospel maxim recalls that we know the tree by the fruit it produces. There is no more assured way of judging its vigor and fertility than by examining what it brings\u2026","rel":"","context":"In &quot;Vincent de Paul&quot;","block_context":{"text":"Vincent de Paul","link":"http:\/\/vincentians.com\/en\/category\/the-vincentian-family\/founders\/vincent-de-paul\/"},"img":{"alt_text":"","src":"https:\/\/i0.wp.com\/vincentians.com\/en\/wp-content\/uploads\/sites\/2\/2016\/07\/abelly-feat.jpg?fit=1200%2C630&resize=350%2C200","width":350,"height":200,"srcset":"https:\/\/i0.wp.com\/vincentians.com\/en\/wp-content\/uploads\/sites\/2\/2016\/07\/abelly-feat.jpg?fit=1200%2C630&resize=350%2C200 1x, https:\/\/i0.wp.com\/vincentians.com\/en\/wp-content\/uploads\/sites\/2\/2016\/07\/abelly-feat.jpg?fit=1200%2C630&resize=525%2C300 1.5x, https:\/\/i0.wp.com\/vincentians.com\/en\/wp-content\/uploads\/sites\/2\/2016\/07\/abelly-feat.jpg?fit=1200%2C630&resize=700%2C400 2x, https:\/\/i0.wp.com\/vincentians.com\/en\/wp-content\/uploads\/sites\/2\/2016\/07\/abelly-feat.jpg?fit=1200%2C630&resize=1050%2C600 3x"},"classes":[]},{"id":106470,"url":"http:\/\/vincentians.com\/en\/vincentian-spirituality-the-congregation-of-the-mission\/","url_meta":{"origin":105318,"position":4},"title":"Vincentian Spirituality: the Congregation of the Mission","author":"Francisco Javier Fern\u00e1ndez Chento","date":"February 25, 2013","format":false,"excerpt":"The Congregation of the Mission is a society of apostolic life, composed of priests and lay brothers, founded by Saint Vincent de Paul in Paris on April 17, 1625 and approved by Pope Urban VII on January 12, 1633 with the publication of the bull Salvatoris Nostri. The members of\u2026","rel":"","context":"In &quot;Congregation of the Mission&quot;","block_context":{"text":"Congregation of the Mission","link":"http:\/\/vincentians.com\/en\/category\/the-vincentian-family\/branches\/congregation-of-the-mission\/"},"img":{"alt_text":"","src":"https:\/\/i0.wp.com\/vincentians.com\/en\/wp-content\/uploads\/sites\/2\/2016\/06\/vincentian-spirituality.jpg?fit=1200%2C630&resize=350%2C200","width":350,"height":200,"srcset":"https:\/\/i0.wp.com\/vincentians.com\/en\/wp-content\/uploads\/sites\/2\/2016\/06\/vincentian-spirituality.jpg?fit=1200%2C630&resize=350%2C200 1x, https:\/\/i0.wp.com\/vincentians.com\/en\/wp-content\/uploads\/sites\/2\/2016\/06\/vincentian-spirituality.jpg?fit=1200%2C630&resize=525%2C300 1.5x, https:\/\/i0.wp.com\/vincentians.com\/en\/wp-content\/uploads\/sites\/2\/2016\/06\/vincentian-spirituality.jpg?fit=1200%2C630&resize=700%2C400 2x, https:\/\/i0.wp.com\/vincentians.com\/en\/wp-content\/uploads\/sites\/2\/2016\/06\/vincentian-spirituality.jpg?fit=1200%2C630&resize=1050%2C600 3x"},"classes":[]},{"id":106283,"url":"http:\/\/vincentians.com\/en\/the-way-of-st-vincent-is-our-way-19-built-on-solid-rock\/","url_meta":{"origin":105318,"position":5},"title":"The Way of St. Vincent Is Our Way. 19. Built on solid rock","author":"Francisco Javier Fern\u00e1ndez Chento","date":"January 15, 2013","format":false,"excerpt":"19. Built on solid rock Everyone who listens to these words of mine and puts them into action is like the wise person who built a house on rock. The rain poured down, the flood came, the winds blew hard against the house; but it did not collapse, because it\u2026","rel":"","context":"In &quot;Charism&quot;","block_context":{"text":"Charism","link":"http:\/\/vincentians.com\/en\/category\/spirituality\/charism\/"},"img":{"alt_text":"","src":"https:\/\/i0.wp.com\/vincentians.com\/en\/wp-content\/uploads\/sites\/2\/2016\/06\/the-way-of-st-vincent-is-our-way.jpg?fit=1200%2C630&resize=350%2C200","width":350,"height":200,"srcset":"https:\/\/i0.wp.com\/vincentians.com\/en\/wp-content\/uploads\/sites\/2\/2016\/06\/the-way-of-st-vincent-is-our-way.jpg?fit=1200%2C630&resize=350%2C200 1x, https:\/\/i0.wp.com\/vincentians.com\/en\/wp-content\/uploads\/sites\/2\/2016\/06\/the-way-of-st-vincent-is-our-way.jpg?fit=1200%2C630&resize=525%2C300 1.5x, https:\/\/i0.wp.com\/vincentians.com\/en\/wp-content\/uploads\/sites\/2\/2016\/06\/the-way-of-st-vincent-is-our-way.jpg?fit=1200%2C630&resize=700%2C400 2x, https:\/\/i0.wp.com\/vincentians.com\/en\/wp-content\/uploads\/sites\/2\/2016\/06\/the-way-of-st-vincent-is-our-way.jpg?fit=1200%2C630&resize=1050%2C600 3x"},"classes":[]}],"_links":{"self":[{"href":"http:\/\/vincentians.com\/en\/wp-json\/wp\/v2\/posts\/105318","targetHints":{"allow":["GET"]}}],"collection":[{"href":"http:\/\/vincentians.com\/en\/wp-json\/wp\/v2\/posts"}],"about":[{"href":"http:\/\/vincentians.com\/en\/wp-json\/wp\/v2\/types\/post"}],"author":[{"embeddable":true,"href":"http:\/\/vincentians.com\/en\/wp-json\/wp\/v2\/users\/4"}],"replies":[{"embeddable":true,"href":"http:\/\/vincentians.com\/en\/wp-json\/wp\/v2\/comments?post=105318"}],"version-history":[{"count":0,"href":"http:\/\/vincentians.com\/en\/wp-json\/wp\/v2\/posts\/105318\/revisions"}],"wp:featuredmedia":[{"embeddable":true,"href":"http:\/\/vincentians.com\/en\/wp-json\/wp\/v2\/media\/149583"}],"wp:attachment":[{"href":"http:\/\/vincentians.com\/en\/wp-json\/wp\/v2\/media?parent=105318"}],"wp:term":[{"taxonomy":"category","embeddable":true,"href":"http:\/\/vincentians.com\/en\/wp-json\/wp\/v2\/categories?post=105318"},{"taxonomy":"post_tag","embeddable":true,"href":"http:\/\/vincentians.com\/en\/wp-json\/wp\/v2\/tags?post=105318"}],"curies":[{"name":"wp","href":"https:\/\/api.w.org\/{rel}","templated":true}]}}