{"id":105317,"date":"2016-08-07T06:00:35","date_gmt":"2016-08-07T04:00:35","guid":{"rendered":"http:\/\/vincentians.com\/?p=105317"},"modified":"2016-07-13T18:06:42","modified_gmt":"2016-07-13T16:06:42","slug":"the-life-of-vincent-de-paul-abelly-book-i-chapter-xxxv","status":"publish","type":"post","link":"http:\/\/vincentians.com\/en\/the-life-of-vincent-de-paul-abelly-book-i-chapter-xxxv\/","title":{"rendered":"The Life of Vincent de Paul (Abelly): Book I, Chapter XXXV"},"content":{"rendered":"<p><strong>Monsieur Vincent Devotes Himself to the Poor of Lorraine during the War and Takes Particular Care of Some Gentlemen and Ladies, Refugees in Paris<\/strong><\/p>\n<p>Saint Augustine says rightly that God is so good he allows no evil from which he cannot draw a greater good. We could appeal to an almost infinite number of examples to illustrate this truth. We do not have to go farther afield than the last war in Lorraine, when it seemed that God permitted the extreme sufferings of this formerly blessed province to draw forth greater spiritual good. The war provided the opportunity for many virtuous persons, among them Monsieur Vincent, to show heroic charity in the service of the needy. He showed these poor suffering people to what degree charity can rise in this last age, when, according to the prediction of Jesus Christ, because of the iniquity which has abounded on all sides, charity has grown cold. <span id='easy-footnote-1-105317' class='easy-footnote-margin-adjust'><\/span><span class='easy-footnote'><a href='http:\/\/vincentians.com\/en\/the-life-of-vincent-de-paul-abelly-book-i-chapter-xxxv\/#easy-footnote-bottom-1-105317' title='Matt 24:12.'><sup>1<\/sup><\/a><\/span>\n<p>When Monsieur Vincent was alerted in 1639 to the deplorable state to which Lorraine had been reduced by war, <span id='easy-footnote-2-105317' class='easy-footnote-margin-adjust'><\/span><span class='easy-footnote'><a href='http:\/\/vincentians.com\/en\/the-life-of-vincent-de-paul-abelly-book-i-chapter-xxxv\/#easy-footnote-bottom-2-105317' title='The last period of the Thirty-Years War. In this period, Charles V, the duke of Lorraine, was defeated by Richelieu&amp;#8217;s political and military strategy.'><sup>2<\/sup><\/a><\/span> he immediately resolved to offer help. He took some alms at his disposal, added some of his own, and gave them to his confreres to distribute. These alms were soon exhausted. Those who had gone to distribute them returned with almost unbelievable stories of what they had seen with their own eyes. This so affected Monsieur Vincent and several other persons in Paris to whom he related the sad story that all resolved to aid these unfortunate people at whatever cost. These good people donated great sums to the cause which Monsieur Vincent sent by one of his religious to be distributed to those in the greatest need. He did so not only in the villages but also in the larger cities. One would think them nearly untouched by war, such as Metz, Toul, Verdun, Nancy, Bar-le-Duc, Pont-a-Mousson, Saint Michel, and others, yet in these deplorable times people of all classes were reduced to direst necessity. Mothers reportedly crazed by hunger ate their own children. Girls and young women were ready to give themselves in prostitution to avoid death. Even reformed religious broke their cloister to seek bread, to the peril of their virtue and the scandal of the Church.<\/p>\n<p>The enormous number of people of all classes and of both sexes, reduced to extreme necessity, soon exhausted even the abundant alms sent to them. A charity less than what Monsieur Vincent had would have lost heart and judged the situation hopeless, especially because of the other pressing problems in Paris and in the rest of France. But what can a heart not do which loves God and trusts in him completely? &#8220;I can do all things in him who strengthens me,&#8221; says the apostle. <span id='easy-footnote-3-105317' class='easy-footnote-margin-adjust'><\/span><span class='easy-footnote'><a href='http:\/\/vincentians.com\/en\/the-life-of-vincent-de-paul-abelly-book-i-chapter-xxxv\/#easy-footnote-bottom-3-105317' title='Phil 4:13.'><sup>3<\/sup><\/a><\/span> Monsieur Vincent could say the same. God so blessed his efforts in coordinating the contributions of many that he sent at various times nearly 1.6 million <em>livres<\/em> to Lorraine. The queen mother gave a part, and the Ladies of Charity in Paris had contributed significantly to this sum. <span id='easy-footnote-4-105317' class='easy-footnote-margin-adjust'><\/span><span class='easy-footnote'><a href='http:\/\/vincentians.com\/en\/the-life-of-vincent-de-paul-abelly-book-i-chapter-xxxv\/#easy-footnote-bottom-4-105317' title='King Louis XIII, a few days before his death, also contributed from his personal funds. Coste, &lt;em&gt;Life&lt;\/em&gt;, II:371.'><sup>4<\/sup><\/a><\/span>\n<p>During the nine or ten years of this sad state of affairs, people knew that a brother of the Mission had made fifty-three trips to Lorraine to bring the money collected to the needy. <span id='easy-footnote-5-105317' class='easy-footnote-margin-adjust'><\/span><span class='easy-footnote'><a href='http:\/\/vincentians.com\/en\/the-life-of-vincent-de-paul-abelly-book-i-chapter-xxxv\/#easy-footnote-bottom-5-105317' title='Matthieu Renard, 1592-1669.'><sup>5<\/sup><\/a><\/span> He carried at least twenty thousand <em>livres<\/em> each time, and sometimes twenty-five or thirty thousand <em>livres<\/em> or even more. What is miraculous is that by God&#8217;s protection he passed through regions occupied by the army and through places threatened by soldiers and exposed to their pillaging. Yet he was never robbed or searched, but always arrived safely at the place destined to receive the alms.<\/p>\n<p>To be of even greater service to the poor and to stretch out what he was providing, Monsieur Vincent instructed the missionaries serving in Lorraine to provide a daily distribution of bread and soup and to be mindful of the sick as well. At the same time as the distribution of food, the fathers were not to forget spiritual blessings as well, by instruction, consolation, and encouragement so that the care of souls would accompany concern for bodily needs.<\/p>\n<p>Who can count the number of persons this faithful provider had helped in body and soul through the urgings of his immense charity? How many did he rescue from the depths of despair? He was well aware that God was the prime author of all these benefactions and we will see more particularly in Book Two more of what was involved in this marvelous undertaking. <span id='easy-footnote-6-105317' class='easy-footnote-margin-adjust'><\/span><span class='easy-footnote'><a href='http:\/\/vincentians.com\/en\/the-life-of-vincent-de-paul-abelly-book-i-chapter-xxxv\/#easy-footnote-bottom-6-105317' title='Ch. 11.'><sup>6<\/sup><\/a><\/span>\n<p>Even this is not the whole story. The providence of God provided a new opportunity for this father of the poor to show the extent of his charity. The continued misery in Lorraine and the war obliged a group of inhabitants of the region to leave to seek refuge in Paris. There they found themselves under Monsieur Vincent&#8217;s care as the assured refuge of the poor and needy. He found housing, food, and clothing for them in various places. When he found some among them who had not received the sacraments for a long time, because of the troubled times or because of the absence of their pastors through death or flight, he organized two missions for them. These were held during the Easter season for two consecutive years <span id='easy-footnote-7-105317' class='easy-footnote-margin-adjust'><\/span><span class='easy-footnote'><a href='http:\/\/vincentians.com\/en\/the-life-of-vincent-de-paul-abelly-book-i-chapter-xxxv\/#easy-footnote-bottom-7-105317' title='1641, 1642.'><sup>7<\/sup><\/a><\/span> in a village church about half a league from Paris called La Chapelle. Many distinguished people came from Paris, either to attend the mission or to help out in some way. The exiles received the spiritual help of the exercises, as well as the corporal help they so badly needed. The former group served the latter, and these latter were enabled to make their way in the world.<\/p>\n<p>Among the refugees from Lorraine were several noble men and women forced to come to Paris by the events of their homeland. They gradually sold all they could rescue from their belongings and were reduced to a sad state made worse by their shame at having fallen so far from their former condition. They seemed to prefer to suffer silently rather than advertise their extreme poverty.<\/p>\n<p>A person of some standing alerted Monsieur Vincent to this situation and suggested the thought that some way should be found to help these people. Monsieur Vincent responded, &#8220;What joy you give me, Monsieur. Yes, it is right to help these poor nobles, to honor our Lord, at once most noble and yet so poor.&#8221; He then recommended this undertaking to God, considering within himself how he might secure some help for these poor unfortunate people. He felt this particular project might appeal to some more fortunate noble persons. He contacted seven or eight such people, among them the late Baron de Renty, whose saintly life has been written and published since his death as a perfect model of those souls whose virtues truly ennoble them. <span id='easy-footnote-8-105317' class='easy-footnote-margin-adjust'><\/span><span class='easy-footnote'><a href='http:\/\/vincentians.com\/en\/the-life-of-vincent-de-paul-abelly-book-i-chapter-xxxv\/#easy-footnote-bottom-8-105317' title='Gaston de Renty, 1611-1649, who left the military life for one of religious and charitable work in Paris. He had frequent contact with Saint Vincent, and was his principal help in providing assistance to the nobles of Lorraine who had fled to Paris. See also Book Two, ch. 4, sect. 4.'><sup>8<\/sup><\/a><\/span>\n<p>Monsieur Vincent called these gentlemen together and he spoke so effectively of the importance and merit of this work of charity that they resolved to band together to help these distressed members of the nobility. Several were appointed to visit the refugees in their lodgings so as to form a clearer picture of their needs, to take their names, and to find out the exact number in each family. This information was presented to their next gathering, where these gentlemen arranged to provide subsistence for the next month. They continued on the first Sunday of each month to meet at Saint Lazare, where they again arranged to support these poor refugees for the following period. Monsieur Vincent was among the contributors, sometimes doing more than he should have. Once the collection of alms was two hundred <em>livres<\/em> short of what was necessary. He called the procurator of the house and taking him aside, asked him quietly what money was available. The response was that just enough remained for the expenses of the community for the next day. &#8220;And how much is that,&#8221; asked Monsieur Vincent. &#8220;Fifty <em>ecus<\/em>,&#8221; was the reply. &#8220;Is there nothing else in the house?&#8221; asked Monsieur Vincent. &#8220;No, Monsieur, we have only fifty <em>ecus<\/em>.&#8221; &#8220;Please bring them to me, Monsieur.&#8221; With that he gave this to make up, almost, what was lacking to maintain the refugee nobility for a month. He preferred to deprive himself and to be forced to borrow to feed his own household rather than allow these people to suffer want.<\/p>\n<p>One of the nobles present heard the reply of the procurator and so admired the generosity of Monsieur Vincent that he reported it to the others present. The following morning one of them brought a small bag with one thousand <em>francs<\/em> to Saint Lazare as an alms for the community.<\/p>\n<p>This service to the displaced nobility of Lorraine continued for almost seven years. During that time they were supported in their temporal needs, but in addition they were visited regularly, shown all marks of respect, consoled, and helped in their business affairs as much as was feasible. After Lorraine returned to some semblance of normality, some of the refugees returned home. Monsieur Vincent provided funds for their trip and gave them something to tide them over until they could re-establish themselves in their old surroundings. He continued to assist those remaining in Paris.<\/p>\n<p>No activity of the virtue of charity so completely filled the heart of Monsieur Vincent that he was not open to something new. As he was helping the nobility of Lorraine, he found out about some English and Scottish gentlemen forced by their Catholic faith to take refuge in Paris. He spoke to the same group of gentlemen helping the Lorraine nobility and had them help this new group of noblemen as well. He continued this aid up to the time of his death. The following is an extract from what one of the gentlemen wrote of these events:<\/p>\n<p style=\"padding-left: 30px;\">Monsieur Vincent always was the first to give. He opened his heart as well as his purse. If anything was lacking he contributed what he had, depriving himself of what was necessary to achieve his goal. On one occasion, to reach a certain sum, three hundred <em>livres<\/em> was needed. He gave it at once, but it was known that he had just been given this money to buy a horse better than the one he had, which was old and feeble and had fallen under him several times. He preferred to run the risk of injury rather than to leave those in need unassisted.<\/p>\n<p>This assembly of nobility continued for about twenty years. It should be ranked among the major works associated with Monsieur Vincent. As author and promoter, together with the charity and zeal of the illustrious people who composed it, he brought relief to an great number of ills and provided a great number of benefactions to many.<\/p>\n<p>We must not omit here an episode about Monsieur Vincent at this time. He was so aware of the evils of war, the horrible sins, sacrileges, blasphemies, profanation of sacred things, murders, and all the violence and cruelty against even innocent persons, not to mention the devastation of entire provinces, and the ruin of many families, that his heart was torn with sorrow. He decided on a step contrary to all hope and opposed to what human prudence might suggest, to attempt what at best would be considered doubtful and possibly prejudicial to his own interests.<\/p>\n<p>We have discussed in another place the high regard Cardinal Richelieu had for him. Monsieur Vincent decided to approach him not for personal gain, but for the public good. He paid a visit one day and spoke with great respect of the extreme suffering of the poor, and the other disorders and sins caused by the war. He then threw himself at the cardinal&#8217;s feet and said: &#8220;My lord, give us peace. Have pity on us: give peace to France.&#8221; He repeated this with such feeling the cardinal was moved. He accepted the appeal willingly, but stated that he was working for peace and that peace did not depend upon him alone. It depended on many others, both within and outside the kingdom. <span id='easy-footnote-9-105317' class='easy-footnote-margin-adjust'><\/span><span class='easy-footnote'><a href='http:\/\/vincentians.com\/en\/the-life-of-vincent-de-paul-abelly-book-i-chapter-xxxv\/#easy-footnote-bottom-9-105317' title='This event can be dated only between 1639 and 1642; no more definite date is known.'><sup>9<\/sup><\/a><\/span>\n<p>Had he consulted some prudent person living in society he would certainly have been advised against this manner of speaking to the prime minister. He ran the risk of being shut out from any more contact with the cardinal. Charity removed his fear and closed his eyes to all human respect, to all except the service of God and the good of the Christian people. <span id='easy-footnote-10-105317' class='easy-footnote-margin-adjust'><\/span><span class='easy-footnote'><a href='http:\/\/vincentians.com\/en\/the-life-of-vincent-de-paul-abelly-book-i-chapter-xxxv\/#easy-footnote-bottom-10-105317' title='Saint Vincent had favored turning armed French intervention from Catholic Austria to the English puritans. He intervened in the two incidents described above, even though they opposed the foreign policy of Cardinal Richelieu. This opposition was shared by the &lt;em&gt;d\u00e9vot&lt;\/em&gt; party, scandalized that Catholic France was supporting Protestant nations, and opposing Catholic ones.'><sup>10<\/sup><\/a><\/span>\n<p>Once he spoke on a similar topic:<\/p>\n<p style=\"padding-left: 30px;\">Once I went to see Cardinal Richelieu to help poor Ireland at the time England was at war with the king. He said to me, &#8220;I am sorry, Monsieur Vincent, the king has too much to do now.&#8221; I reminded him the pope urged this and had promised one hundred thousand <em>ecus<\/em>. He replied, &#8220;One hundred thousand <em>ecus<\/em>, is nothing for an army. You would need one hundred thousand soldiers, equipment, arms, and convoys to transport them. An army is a big machine! It doesn&#8217;t move too easily!&#8221;<\/p>\n<p>Although his prayers were not heard then, and what he proposed was not done, we can nevertheless see how his affection and zeal were always prepared to further religion and the true good of Catholics.<\/p>\n","protected":false},"excerpt":{"rendered":"<p>Monsieur Vincent Devotes Himself to the Poor of Lorraine during the War and Takes Particular Care of Some Gentlemen and Ladies, Refugees in Paris Saint Augustine says rightly that God is so good he allows &#8230; <a href=\"http:\/\/vincentians.com\/en\/the-life-of-vincent-de-paul-abelly-book-i-chapter-xxxv\/\" class=\"more-link\">Read More<\/a><\/p>\n","protected":false},"author":4,"featured_media":149583,"comment_status":"open","ping_status":"open","sticky":false,"template":"","format":"standard","meta":{"jetpack_post_was_ever_published":false,"_jetpack_newsletter_access":"","_jetpack_dont_email_post_to_subs":false,"_jetpack_newsletter_tier_id":0,"_jetpack_memberships_contains_paywalled_content":false,"_jetpack_memberships_contains_paid_content":false,"footnotes":"","jetpack_publicize_message":"","jetpack_publicize_feature_enabled":true,"jetpack_social_post_already_shared":true,"jetpack_social_options":{"image_generator_settings":{"template":"highway","default_image_id":0,"font":"","enabled":false},"version":2}},"categories":[5],"tags":[],"class_list":["post-105317","post","type-post","status-publish","format-standard","has-post-thumbnail","hentry","category-vincent-de-paul"],"yoast_head":"<!-- This site is optimized with the Yoast SEO plugin v26.3 - https:\/\/yoast.com\/wordpress\/plugins\/seo\/ -->\n<title>The Life of Vincent de Paul (Abelly): Book I, Chapter XXXV - We are Vincentians<\/title>\n<meta name=\"robots\" content=\"index, follow, max-snippet:-1, max-image-preview:large, max-video-preview:-1\" \/>\n<link rel=\"canonical\" href=\"http:\/\/vincentians.com\/en\/the-life-of-vincent-de-paul-abelly-book-i-chapter-xxxv\/\" \/>\n<meta property=\"og:locale\" content=\"en_US\" \/>\n<meta property=\"og:type\" content=\"article\" \/>\n<meta property=\"og:title\" content=\"The Life of Vincent de Paul (Abelly): Book I, Chapter XXXV - We are Vincentians\" \/>\n<meta property=\"og:description\" content=\"Monsieur Vincent Devotes Himself to the Poor of Lorraine during the War and Takes Particular Care of Some Gentlemen and Ladies, Refugees in Paris Saint Augustine says rightly that God is so good he allows ... Read More\" \/>\n<meta property=\"og:url\" content=\"http:\/\/vincentians.com\/en\/the-life-of-vincent-de-paul-abelly-book-i-chapter-xxxv\/\" \/>\n<meta property=\"og:site_name\" content=\"We are Vincentians\" \/>\n<meta property=\"article:publisher\" content=\"https:\/\/www.facebook.com\/WeAreVincentians\/\" \/>\n<meta property=\"article:author\" content=\"https:\/\/www.facebook.com\/JavierChento\" \/>\n<meta property=\"article:published_time\" content=\"2016-08-07T04:00:35+00:00\" \/>\n<meta property=\"og:image\" content=\"https:\/\/i0.wp.com\/vincentians.com\/en\/wp-content\/uploads\/sites\/2\/2016\/07\/abelly-feat.jpg?fit=1200%2C630\" \/>\n\t<meta property=\"og:image:width\" content=\"1200\" \/>\n\t<meta property=\"og:image:height\" content=\"630\" \/>\n\t<meta property=\"og:image:type\" content=\"image\/jpeg\" \/>\n<meta name=\"author\" content=\"Francisco Javier Fern\u00e1ndez Chento\" \/>\n<meta name=\"twitter:card\" content=\"summary_large_image\" \/>\n<meta name=\"twitter:creator\" content=\"@https:\/\/twitter.com\/javierchento\" \/>\n<meta name=\"twitter:site\" content=\"@WeVincentians\" \/>\n<meta name=\"twitter:label1\" content=\"Written by\" \/>\n\t<meta name=\"twitter:data1\" content=\"Francisco Javier Fern\u00e1ndez Chento\" \/>\n\t<meta name=\"twitter:label2\" content=\"Est. reading time\" \/>\n\t<meta name=\"twitter:data2\" content=\"12 minutes\" \/>\n<script type=\"application\/ld+json\" class=\"yoast-schema-graph\">{\"@context\":\"https:\/\/schema.org\",\"@graph\":[{\"@type\":\"Article\",\"@id\":\"http:\/\/vincentians.com\/en\/the-life-of-vincent-de-paul-abelly-book-i-chapter-xxxv\/#article\",\"isPartOf\":{\"@id\":\"http:\/\/vincentians.com\/en\/the-life-of-vincent-de-paul-abelly-book-i-chapter-xxxv\/\"},\"author\":{\"name\":\"Francisco Javier Fern\u00e1ndez Chento\",\"@id\":\"https:\/\/vincentians.com\/en\/#\/schema\/person\/9623ef4d9aa3b2dfb8c061f1499288f2\"},\"headline\":\"The Life of Vincent de Paul (Abelly): Book I, Chapter XXXV\",\"datePublished\":\"2016-08-07T04:00:35+00:00\",\"mainEntityOfPage\":{\"@id\":\"http:\/\/vincentians.com\/en\/the-life-of-vincent-de-paul-abelly-book-i-chapter-xxxv\/\"},\"wordCount\":2405,\"commentCount\":0,\"publisher\":{\"@id\":\"https:\/\/vincentians.com\/en\/#organization\"},\"image\":{\"@id\":\"http:\/\/vincentians.com\/en\/the-life-of-vincent-de-paul-abelly-book-i-chapter-xxxv\/#primaryimage\"},\"thumbnailUrl\":\"https:\/\/i0.wp.com\/vincentians.com\/en\/wp-content\/uploads\/sites\/2\/2016\/07\/abelly-feat.jpg?fit=1200%2C630\",\"articleSection\":[\"Vincent de Paul\"],\"inLanguage\":\"en-US\",\"potentialAction\":[{\"@type\":\"CommentAction\",\"name\":\"Comment\",\"target\":[\"http:\/\/vincentians.com\/en\/the-life-of-vincent-de-paul-abelly-book-i-chapter-xxxv\/#respond\"]}]},{\"@type\":\"WebPage\",\"@id\":\"http:\/\/vincentians.com\/en\/the-life-of-vincent-de-paul-abelly-book-i-chapter-xxxv\/\",\"url\":\"http:\/\/vincentians.com\/en\/the-life-of-vincent-de-paul-abelly-book-i-chapter-xxxv\/\",\"name\":\"The Life of Vincent de Paul (Abelly): Book I, Chapter XXXV - We are Vincentians\",\"isPartOf\":{\"@id\":\"https:\/\/vincentians.com\/en\/#website\"},\"primaryImageOfPage\":{\"@id\":\"http:\/\/vincentians.com\/en\/the-life-of-vincent-de-paul-abelly-book-i-chapter-xxxv\/#primaryimage\"},\"image\":{\"@id\":\"http:\/\/vincentians.com\/en\/the-life-of-vincent-de-paul-abelly-book-i-chapter-xxxv\/#primaryimage\"},\"thumbnailUrl\":\"https:\/\/i0.wp.com\/vincentians.com\/en\/wp-content\/uploads\/sites\/2\/2016\/07\/abelly-feat.jpg?fit=1200%2C630\",\"datePublished\":\"2016-08-07T04:00:35+00:00\",\"breadcrumb\":{\"@id\":\"http:\/\/vincentians.com\/en\/the-life-of-vincent-de-paul-abelly-book-i-chapter-xxxv\/#breadcrumb\"},\"inLanguage\":\"en-US\",\"potentialAction\":[{\"@type\":\"ReadAction\",\"target\":[\"http:\/\/vincentians.com\/en\/the-life-of-vincent-de-paul-abelly-book-i-chapter-xxxv\/\"]}]},{\"@type\":\"ImageObject\",\"inLanguage\":\"en-US\",\"@id\":\"http:\/\/vincentians.com\/en\/the-life-of-vincent-de-paul-abelly-book-i-chapter-xxxv\/#primaryimage\",\"url\":\"https:\/\/i0.wp.com\/vincentians.com\/en\/wp-content\/uploads\/sites\/2\/2016\/07\/abelly-feat.jpg?fit=1200%2C630\",\"contentUrl\":\"https:\/\/i0.wp.com\/vincentians.com\/en\/wp-content\/uploads\/sites\/2\/2016\/07\/abelly-feat.jpg?fit=1200%2C630\",\"width\":1200,\"height\":630},{\"@type\":\"BreadcrumbList\",\"@id\":\"http:\/\/vincentians.com\/en\/the-life-of-vincent-de-paul-abelly-book-i-chapter-xxxv\/#breadcrumb\",\"itemListElement\":[{\"@type\":\"ListItem\",\"position\":1,\"name\":\"Portada\",\"item\":\"https:\/\/vincentians.com\/en\/\"},{\"@type\":\"ListItem\",\"position\":2,\"name\":\"The Life of Vincent de Paul (Abelly): Book I, Chapter XXXV\"}]},{\"@type\":\"WebSite\",\"@id\":\"https:\/\/vincentians.com\/en\/#website\",\"url\":\"https:\/\/vincentians.com\/en\/\",\"name\":\"We are Vincentians\",\"description\":\"Know more to serve more\",\"publisher\":{\"@id\":\"https:\/\/vincentians.com\/en\/#organization\"},\"potentialAction\":[{\"@type\":\"SearchAction\",\"target\":{\"@type\":\"EntryPoint\",\"urlTemplate\":\"https:\/\/vincentians.com\/en\/?s={search_term_string}\"},\"query-input\":{\"@type\":\"PropertyValueSpecification\",\"valueRequired\":true,\"valueName\":\"search_term_string\"}}],\"inLanguage\":\"en-US\"},{\"@type\":\"Organization\",\"@id\":\"https:\/\/vincentians.com\/en\/#organization\",\"name\":\"The Vincentian Network\",\"url\":\"https:\/\/vincentians.com\/en\/\",\"logo\":{\"@type\":\"ImageObject\",\"inLanguage\":\"en-US\",\"@id\":\"https:\/\/vincentians.com\/en\/#\/schema\/logo\/image\/\",\"url\":\"https:\/\/i1.wp.com\/vincentians.com\/en\/wp-content\/uploads\/sites\/2\/2016\/06\/Vincentian-Network-logo-big.png?fit=778%2C778&ssl=1\",\"contentUrl\":\"https:\/\/i1.wp.com\/vincentians.com\/en\/wp-content\/uploads\/sites\/2\/2016\/06\/Vincentian-Network-logo-big.png?fit=778%2C778&ssl=1\",\"width\":778,\"height\":778,\"caption\":\"The Vincentian Network\"},\"image\":{\"@id\":\"https:\/\/vincentians.com\/en\/#\/schema\/logo\/image\/\"},\"sameAs\":[\"https:\/\/www.facebook.com\/WeAreVincentians\/\",\"https:\/\/x.com\/WeVincentians\"]},{\"@type\":\"Person\",\"@id\":\"https:\/\/vincentians.com\/en\/#\/schema\/person\/9623ef4d9aa3b2dfb8c061f1499288f2\",\"name\":\"Francisco Javier Fern\u00e1ndez Chento\",\"image\":{\"@type\":\"ImageObject\",\"inLanguage\":\"en-US\",\"@id\":\"https:\/\/vincentians.com\/en\/#\/schema\/person\/image\/\",\"url\":\"https:\/\/secure.gravatar.com\/avatar\/497d5cde87b4c3d097d0315953521681ba2cd523ee66e5077c3711f7021e65de?s=96&d=mm&r=g\",\"contentUrl\":\"https:\/\/secure.gravatar.com\/avatar\/497d5cde87b4c3d097d0315953521681ba2cd523ee66e5077c3711f7021e65de?s=96&d=mm&r=g\",\"caption\":\"Francisco Javier Fern\u00e1ndez Chento\"},\"description\":\"Director General y cofundador de La Red de Formaci\u00f3n Vicenciana. Javier es laico vicenciano, afiliado a la Congregaci\u00f3n de la Misi\u00f3n y miembro del Equipo de Misiones Populares de la provincia can\u00f3nica de Zaragoza (Espa\u00f1a) de la Congregaci\u00f3n de la Misi\u00f3n. Graduado en la Universidad Oberta de Catalunya con cuatro grados (Asistente de direcci\u00f3n, Gesti\u00f3n Administrativa, Recursos Humanos y Contabilidad Avanzada). Bil\u00edng\u00fce Espa\u00f1ol\/Ingl\u00e9s. gestiona y mantiene varias p\u00e1ginas web cristianas y vicencianas, incluida including La Red de Formaci\u00f3n Vicenciana, de la que es cofundador. Actualmente es responsable del \u00e1rea de Espa\u00f1ol de .famvin, la Red de Noticias de la Familia Vicenciana. Tambi\u00e9n es m\u00fasico cat\u00f3lico y ha editado varios discos. Es Director General y cofundador de Trovador, una reconocida compa\u00f1\u00eda discogr\u00e1fica critiana de Espa\u00f1a. Trabaja en las Tecnolog\u00edas de la Informaci\u00f3n, ofreciendo servicios de alojamiento, dise\u00f1o y mantenimiento Web, as\u00ed como asesoramiento, formaci\u00f3n y soluciones inform\u00e1ticas, gesti\u00f3n documental y digitalizaci\u00f3n de textos, edici\u00f3n y maquetaci\u00f3n de libros, revistas, flyers, etc.\",\"sameAs\":[\"http:\/\/chento.org\",\"https:\/\/www.facebook.com\/JavierChento\",\"https:\/\/x.com\/https:\/\/twitter.com\/javierchento\"],\"url\":\"http:\/\/vincentians.com\/en\/author\/chento\/\"}]}<\/script>\n<!-- \/ Yoast SEO plugin. -->","yoast_head_json":{"title":"The Life of Vincent de Paul (Abelly): Book I, Chapter XXXV - We are Vincentians","robots":{"index":"index","follow":"follow","max-snippet":"max-snippet:-1","max-image-preview":"max-image-preview:large","max-video-preview":"max-video-preview:-1"},"canonical":"http:\/\/vincentians.com\/en\/the-life-of-vincent-de-paul-abelly-book-i-chapter-xxxv\/","og_locale":"en_US","og_type":"article","og_title":"The Life of Vincent de Paul (Abelly): Book I, Chapter XXXV - We are Vincentians","og_description":"Monsieur Vincent Devotes Himself to the Poor of Lorraine during the War and Takes Particular Care of Some Gentlemen and Ladies, Refugees in Paris Saint Augustine says rightly that God is so good he allows ... Read More","og_url":"http:\/\/vincentians.com\/en\/the-life-of-vincent-de-paul-abelly-book-i-chapter-xxxv\/","og_site_name":"We are Vincentians","article_publisher":"https:\/\/www.facebook.com\/WeAreVincentians\/","article_author":"https:\/\/www.facebook.com\/JavierChento","article_published_time":"2016-08-07T04:00:35+00:00","og_image":[{"width":1200,"height":630,"url":"https:\/\/i0.wp.com\/vincentians.com\/en\/wp-content\/uploads\/sites\/2\/2016\/07\/abelly-feat.jpg?fit=1200%2C630","type":"image\/jpeg"}],"author":"Francisco Javier Fern\u00e1ndez Chento","twitter_card":"summary_large_image","twitter_creator":"@https:\/\/twitter.com\/javierchento","twitter_site":"@WeVincentians","twitter_misc":{"Written by":"Francisco Javier Fern\u00e1ndez Chento","Est. reading time":"12 minutes"},"schema":{"@context":"https:\/\/schema.org","@graph":[{"@type":"Article","@id":"http:\/\/vincentians.com\/en\/the-life-of-vincent-de-paul-abelly-book-i-chapter-xxxv\/#article","isPartOf":{"@id":"http:\/\/vincentians.com\/en\/the-life-of-vincent-de-paul-abelly-book-i-chapter-xxxv\/"},"author":{"name":"Francisco Javier Fern\u00e1ndez Chento","@id":"https:\/\/vincentians.com\/en\/#\/schema\/person\/9623ef4d9aa3b2dfb8c061f1499288f2"},"headline":"The Life of Vincent de Paul (Abelly): Book I, Chapter XXXV","datePublished":"2016-08-07T04:00:35+00:00","mainEntityOfPage":{"@id":"http:\/\/vincentians.com\/en\/the-life-of-vincent-de-paul-abelly-book-i-chapter-xxxv\/"},"wordCount":2405,"commentCount":0,"publisher":{"@id":"https:\/\/vincentians.com\/en\/#organization"},"image":{"@id":"http:\/\/vincentians.com\/en\/the-life-of-vincent-de-paul-abelly-book-i-chapter-xxxv\/#primaryimage"},"thumbnailUrl":"https:\/\/i0.wp.com\/vincentians.com\/en\/wp-content\/uploads\/sites\/2\/2016\/07\/abelly-feat.jpg?fit=1200%2C630","articleSection":["Vincent de Paul"],"inLanguage":"en-US","potentialAction":[{"@type":"CommentAction","name":"Comment","target":["http:\/\/vincentians.com\/en\/the-life-of-vincent-de-paul-abelly-book-i-chapter-xxxv\/#respond"]}]},{"@type":"WebPage","@id":"http:\/\/vincentians.com\/en\/the-life-of-vincent-de-paul-abelly-book-i-chapter-xxxv\/","url":"http:\/\/vincentians.com\/en\/the-life-of-vincent-de-paul-abelly-book-i-chapter-xxxv\/","name":"The Life of Vincent de Paul (Abelly): Book I, Chapter XXXV - We are Vincentians","isPartOf":{"@id":"https:\/\/vincentians.com\/en\/#website"},"primaryImageOfPage":{"@id":"http:\/\/vincentians.com\/en\/the-life-of-vincent-de-paul-abelly-book-i-chapter-xxxv\/#primaryimage"},"image":{"@id":"http:\/\/vincentians.com\/en\/the-life-of-vincent-de-paul-abelly-book-i-chapter-xxxv\/#primaryimage"},"thumbnailUrl":"https:\/\/i0.wp.com\/vincentians.com\/en\/wp-content\/uploads\/sites\/2\/2016\/07\/abelly-feat.jpg?fit=1200%2C630","datePublished":"2016-08-07T04:00:35+00:00","breadcrumb":{"@id":"http:\/\/vincentians.com\/en\/the-life-of-vincent-de-paul-abelly-book-i-chapter-xxxv\/#breadcrumb"},"inLanguage":"en-US","potentialAction":[{"@type":"ReadAction","target":["http:\/\/vincentians.com\/en\/the-life-of-vincent-de-paul-abelly-book-i-chapter-xxxv\/"]}]},{"@type":"ImageObject","inLanguage":"en-US","@id":"http:\/\/vincentians.com\/en\/the-life-of-vincent-de-paul-abelly-book-i-chapter-xxxv\/#primaryimage","url":"https:\/\/i0.wp.com\/vincentians.com\/en\/wp-content\/uploads\/sites\/2\/2016\/07\/abelly-feat.jpg?fit=1200%2C630","contentUrl":"https:\/\/i0.wp.com\/vincentians.com\/en\/wp-content\/uploads\/sites\/2\/2016\/07\/abelly-feat.jpg?fit=1200%2C630","width":1200,"height":630},{"@type":"BreadcrumbList","@id":"http:\/\/vincentians.com\/en\/the-life-of-vincent-de-paul-abelly-book-i-chapter-xxxv\/#breadcrumb","itemListElement":[{"@type":"ListItem","position":1,"name":"Portada","item":"https:\/\/vincentians.com\/en\/"},{"@type":"ListItem","position":2,"name":"The Life of Vincent de Paul (Abelly): Book I, Chapter XXXV"}]},{"@type":"WebSite","@id":"https:\/\/vincentians.com\/en\/#website","url":"https:\/\/vincentians.com\/en\/","name":"We are Vincentians","description":"Know more to serve more","publisher":{"@id":"https:\/\/vincentians.com\/en\/#organization"},"potentialAction":[{"@type":"SearchAction","target":{"@type":"EntryPoint","urlTemplate":"https:\/\/vincentians.com\/en\/?s={search_term_string}"},"query-input":{"@type":"PropertyValueSpecification","valueRequired":true,"valueName":"search_term_string"}}],"inLanguage":"en-US"},{"@type":"Organization","@id":"https:\/\/vincentians.com\/en\/#organization","name":"The Vincentian Network","url":"https:\/\/vincentians.com\/en\/","logo":{"@type":"ImageObject","inLanguage":"en-US","@id":"https:\/\/vincentians.com\/en\/#\/schema\/logo\/image\/","url":"https:\/\/i1.wp.com\/vincentians.com\/en\/wp-content\/uploads\/sites\/2\/2016\/06\/Vincentian-Network-logo-big.png?fit=778%2C778&ssl=1","contentUrl":"https:\/\/i1.wp.com\/vincentians.com\/en\/wp-content\/uploads\/sites\/2\/2016\/06\/Vincentian-Network-logo-big.png?fit=778%2C778&ssl=1","width":778,"height":778,"caption":"The Vincentian Network"},"image":{"@id":"https:\/\/vincentians.com\/en\/#\/schema\/logo\/image\/"},"sameAs":["https:\/\/www.facebook.com\/WeAreVincentians\/","https:\/\/x.com\/WeVincentians"]},{"@type":"Person","@id":"https:\/\/vincentians.com\/en\/#\/schema\/person\/9623ef4d9aa3b2dfb8c061f1499288f2","name":"Francisco Javier Fern\u00e1ndez Chento","image":{"@type":"ImageObject","inLanguage":"en-US","@id":"https:\/\/vincentians.com\/en\/#\/schema\/person\/image\/","url":"https:\/\/secure.gravatar.com\/avatar\/497d5cde87b4c3d097d0315953521681ba2cd523ee66e5077c3711f7021e65de?s=96&d=mm&r=g","contentUrl":"https:\/\/secure.gravatar.com\/avatar\/497d5cde87b4c3d097d0315953521681ba2cd523ee66e5077c3711f7021e65de?s=96&d=mm&r=g","caption":"Francisco Javier Fern\u00e1ndez Chento"},"description":"Director General y cofundador de La Red de Formaci\u00f3n Vicenciana. Javier es laico vicenciano, afiliado a la Congregaci\u00f3n de la Misi\u00f3n y miembro del Equipo de Misiones Populares de la provincia can\u00f3nica de Zaragoza (Espa\u00f1a) de la Congregaci\u00f3n de la Misi\u00f3n. Graduado en la Universidad Oberta de Catalunya con cuatro grados (Asistente de direcci\u00f3n, Gesti\u00f3n Administrativa, Recursos Humanos y Contabilidad Avanzada). Bil\u00edng\u00fce Espa\u00f1ol\/Ingl\u00e9s. gestiona y mantiene varias p\u00e1ginas web cristianas y vicencianas, incluida including La Red de Formaci\u00f3n Vicenciana, de la que es cofundador. Actualmente es responsable del \u00e1rea de Espa\u00f1ol de .famvin, la Red de Noticias de la Familia Vicenciana. Tambi\u00e9n es m\u00fasico cat\u00f3lico y ha editado varios discos. Es Director General y cofundador de Trovador, una reconocida compa\u00f1\u00eda discogr\u00e1fica critiana de Espa\u00f1a. Trabaja en las Tecnolog\u00edas de la Informaci\u00f3n, ofreciendo servicios de alojamiento, dise\u00f1o y mantenimiento Web, as\u00ed como asesoramiento, formaci\u00f3n y soluciones inform\u00e1ticas, gesti\u00f3n documental y digitalizaci\u00f3n de textos, edici\u00f3n y maquetaci\u00f3n de libros, revistas, flyers, etc.","sameAs":["http:\/\/chento.org","https:\/\/www.facebook.com\/JavierChento","https:\/\/x.com\/https:\/\/twitter.com\/javierchento"],"url":"http:\/\/vincentians.com\/en\/author\/chento\/"}]}},"jetpack_publicize_connections":[],"jetpack_featured_media_url":"https:\/\/i0.wp.com\/vincentians.com\/en\/wp-content\/uploads\/sites\/2\/2016\/07\/abelly-feat.jpg?fit=1200%2C630","jetpack_sharing_enabled":true,"jetpack_shortlink":"https:\/\/wp.me\/p7K2Ow-roF","jetpack-related-posts":[{"id":104721,"url":"http:\/\/vincentians.com\/en\/the-life-of-vincent-de-paul-abelly-book-i-chapter-x\/","url_meta":{"origin":105317,"position":0},"title":"The Life of Vincent de Paul (Abelly): Book I, Chapter X","author":"Francisco Javier Fern\u00e1ndez Chento","date":"July 12, 2016","format":false,"excerpt":"The Beginnings of the Confraternity of Charity for the Sick Poor While Monsieur Vincent was still at Chatillon, as he was about to mount the pulpit one feastday, a lady of a noble house in the neighborhood said a few words to him. She asked him to recommend to the\u2026","rel":"","context":"In &quot;Vincent de Paul&quot;","block_context":{"text":"Vincent de Paul","link":"http:\/\/vincentians.com\/en\/category\/the-vincentian-family\/founders\/vincent-de-paul\/"},"img":{"alt_text":"","src":"https:\/\/i0.wp.com\/vincentians.com\/en\/wp-content\/uploads\/sites\/2\/2016\/07\/abelly-feat.jpg?fit=1200%2C630&resize=350%2C200","width":350,"height":200,"srcset":"https:\/\/i0.wp.com\/vincentians.com\/en\/wp-content\/uploads\/sites\/2\/2016\/07\/abelly-feat.jpg?fit=1200%2C630&resize=350%2C200 1x, https:\/\/i0.wp.com\/vincentians.com\/en\/wp-content\/uploads\/sites\/2\/2016\/07\/abelly-feat.jpg?fit=1200%2C630&resize=525%2C300 1.5x, https:\/\/i0.wp.com\/vincentians.com\/en\/wp-content\/uploads\/sites\/2\/2016\/07\/abelly-feat.jpg?fit=1200%2C630&resize=700%2C400 2x, https:\/\/i0.wp.com\/vincentians.com\/en\/wp-content\/uploads\/sites\/2\/2016\/07\/abelly-feat.jpg?fit=1200%2C630&resize=1050%2C600 3x"},"classes":[]},{"id":105321,"url":"http:\/\/vincentians.com\/en\/the-life-of-vincent-de-paul-abelly-book-i-chapter-xl\/","url_meta":{"origin":105317,"position":1},"title":"The Life of Vincent de Paul (Abelly): Book I, Chapter XL","author":"Francisco Javier Fern\u00e1ndez Chento","date":"August 12, 2016","format":false,"excerpt":"Monsieur Vincent Works for the Relief of the Poor of the Frontier Regions Devastated by the War, Especially Champagne and Picardy Scripture truly says that it is hard to cure long and degenerating illnesses, and likewise that a physician is inclined to abandon those with untreatable illness. It is the\u2026","rel":"","context":"In &quot;Vincent de Paul&quot;","block_context":{"text":"Vincent de Paul","link":"http:\/\/vincentians.com\/en\/category\/the-vincentian-family\/founders\/vincent-de-paul\/"},"img":{"alt_text":"","src":"https:\/\/i0.wp.com\/vincentians.com\/en\/wp-content\/uploads\/sites\/2\/2016\/07\/abelly-feat.jpg?fit=1200%2C630&resize=350%2C200","width":350,"height":200,"srcset":"https:\/\/i0.wp.com\/vincentians.com\/en\/wp-content\/uploads\/sites\/2\/2016\/07\/abelly-feat.jpg?fit=1200%2C630&resize=350%2C200 1x, https:\/\/i0.wp.com\/vincentians.com\/en\/wp-content\/uploads\/sites\/2\/2016\/07\/abelly-feat.jpg?fit=1200%2C630&resize=525%2C300 1.5x, https:\/\/i0.wp.com\/vincentians.com\/en\/wp-content\/uploads\/sites\/2\/2016\/07\/abelly-feat.jpg?fit=1200%2C630&resize=700%2C400 2x, https:\/\/i0.wp.com\/vincentians.com\/en\/wp-content\/uploads\/sites\/2\/2016\/07\/abelly-feat.jpg?fit=1200%2C630&resize=1050%2C600 3x"},"classes":[]},{"id":104725,"url":"http:\/\/vincentians.com\/en\/the-life-of-vincent-de-paul-abelly-book-i-chapter-xiv\/","url_meta":{"origin":105317,"position":2},"title":"The Life of Vincent de Paul (Abelly): Book I, Chapter XIV","author":"Francisco Javier Fern\u00e1ndez Chento","date":"July 16, 2016","format":false,"excerpt":"After Appointment as Royal Chaplain of the Galleys, Monsieur Vincent Visits Provence and Guienne to Provide Physical and Spiritual Help to the Convicts When the general of the galleys had seen the blessings brought about through the efforts of Monsieur Vincent in working for the salvation of souls, he wished\u2026","rel":"","context":"In &quot;Vincent de Paul&quot;","block_context":{"text":"Vincent de Paul","link":"http:\/\/vincentians.com\/en\/category\/the-vincentian-family\/founders\/vincent-de-paul\/"},"img":{"alt_text":"","src":"https:\/\/i0.wp.com\/vincentians.com\/en\/wp-content\/uploads\/sites\/2\/2016\/07\/abelly-feat.jpg?fit=1200%2C630&resize=350%2C200","width":350,"height":200,"srcset":"https:\/\/i0.wp.com\/vincentians.com\/en\/wp-content\/uploads\/sites\/2\/2016\/07\/abelly-feat.jpg?fit=1200%2C630&resize=350%2C200 1x, https:\/\/i0.wp.com\/vincentians.com\/en\/wp-content\/uploads\/sites\/2\/2016\/07\/abelly-feat.jpg?fit=1200%2C630&resize=525%2C300 1.5x, https:\/\/i0.wp.com\/vincentians.com\/en\/wp-content\/uploads\/sites\/2\/2016\/07\/abelly-feat.jpg?fit=1200%2C630&resize=700%2C400 2x, https:\/\/i0.wp.com\/vincentians.com\/en\/wp-content\/uploads\/sites\/2\/2016\/07\/abelly-feat.jpg?fit=1200%2C630&resize=1050%2C600 3x"},"classes":[]},{"id":107838,"url":"http:\/\/vincentians.com\/en\/the-life-of-vincent-de-paul-abelly-book-ii-chapter-xi-section-i\/","url_meta":{"origin":105317,"position":3},"title":"The Life of Vincent de Paul (Abelly): Book II, Chapter XI, Section I","author":"Francisco Javier Fern\u00e1ndez Chento","date":"October 26, 2016","format":false,"excerpt":"CHAPTER ELEVEN: The Help Given by Monsieur Vincent to Different Provinces Devastated by Wars SECTION ONE: Help Given to Lorraine We can say without exaggeration that we will see in this and in the following two sections a masterpiece of charity seldom equaled. In these pages we speak of the\u2026","rel":"","context":"In &quot;Vincent de Paul&quot;","block_context":{"text":"Vincent de Paul","link":"http:\/\/vincentians.com\/en\/category\/the-vincentian-family\/founders\/vincent-de-paul\/"},"img":{"alt_text":"","src":"https:\/\/i0.wp.com\/vincentians.com\/en\/wp-content\/uploads\/sites\/2\/2016\/07\/abelly-feat.jpg?fit=1200%2C630&resize=350%2C200","width":350,"height":200,"srcset":"https:\/\/i0.wp.com\/vincentians.com\/en\/wp-content\/uploads\/sites\/2\/2016\/07\/abelly-feat.jpg?fit=1200%2C630&resize=350%2C200 1x, https:\/\/i0.wp.com\/vincentians.com\/en\/wp-content\/uploads\/sites\/2\/2016\/07\/abelly-feat.jpg?fit=1200%2C630&resize=525%2C300 1.5x, https:\/\/i0.wp.com\/vincentians.com\/en\/wp-content\/uploads\/sites\/2\/2016\/07\/abelly-feat.jpg?fit=1200%2C630&resize=700%2C400 2x, https:\/\/i0.wp.com\/vincentians.com\/en\/wp-content\/uploads\/sites\/2\/2016\/07\/abelly-feat.jpg?fit=1200%2C630&resize=1050%2C600 3x"},"classes":[]},{"id":105331,"url":"http:\/\/vincentians.com\/en\/the-life-of-vincent-de-paul-abelly-book-i-chapter-xlii\/","url_meta":{"origin":105317,"position":4},"title":"The Life of Vincent de Paul (Abelly): Book I, Chapter XLII","author":"Francisco Javier Fern\u00e1ndez Chento","date":"August 14, 2016","format":false,"excerpt":"The Help Given by Monsieur Vincent to the Poor of Paris and Several Other Places During the Troubled Times of 1652 and Later We have spoken in an earlier chapter of the charity rendered by Monsieur Vincent to the poor of Lorraine, Champagne, and Picardy. New troubles arose in the\u2026","rel":"","context":"In &quot;Vincent de Paul&quot;","block_context":{"text":"Vincent de Paul","link":"http:\/\/vincentians.com\/en\/category\/the-vincentian-family\/founders\/vincent-de-paul\/"},"img":{"alt_text":"","src":"https:\/\/i0.wp.com\/vincentians.com\/en\/wp-content\/uploads\/sites\/2\/2016\/07\/abelly-feat.jpg?fit=1200%2C630&resize=350%2C200","width":350,"height":200,"srcset":"https:\/\/i0.wp.com\/vincentians.com\/en\/wp-content\/uploads\/sites\/2\/2016\/07\/abelly-feat.jpg?fit=1200%2C630&resize=350%2C200 1x, https:\/\/i0.wp.com\/vincentians.com\/en\/wp-content\/uploads\/sites\/2\/2016\/07\/abelly-feat.jpg?fit=1200%2C630&resize=525%2C300 1.5x, https:\/\/i0.wp.com\/vincentians.com\/en\/wp-content\/uploads\/sites\/2\/2016\/07\/abelly-feat.jpg?fit=1200%2C630&resize=700%2C400 2x, https:\/\/i0.wp.com\/vincentians.com\/en\/wp-content\/uploads\/sites\/2\/2016\/07\/abelly-feat.jpg?fit=1200%2C630&resize=1050%2C600 3x"},"classes":[]},{"id":104726,"url":"http:\/\/vincentians.com\/en\/the-life-of-vincent-de-paul-abelly-book-i-chapter-xv\/","url_meta":{"origin":105317,"position":5},"title":"The Life of Vincent de Paul (Abelly): Book I, Chapter XV","author":"Francisco Javier Fern\u00e1ndez Chento","date":"July 17, 2016","format":false,"excerpt":"He Provides for the Physical and Spiritual Necessities of the Poor of Macon, with Excellent Results Since the fire of charity burned ever more brightly in the heart of Monsieur Vincent, God provided other opportunities for the development of this virtue. Once, passing through Macon he became aware of the\u2026","rel":"","context":"In &quot;Vincent de Paul&quot;","block_context":{"text":"Vincent de Paul","link":"http:\/\/vincentians.com\/en\/category\/the-vincentian-family\/founders\/vincent-de-paul\/"},"img":{"alt_text":"","src":"https:\/\/i0.wp.com\/vincentians.com\/en\/wp-content\/uploads\/sites\/2\/2016\/07\/abelly-feat.jpg?fit=1200%2C630&resize=350%2C200","width":350,"height":200,"srcset":"https:\/\/i0.wp.com\/vincentians.com\/en\/wp-content\/uploads\/sites\/2\/2016\/07\/abelly-feat.jpg?fit=1200%2C630&resize=350%2C200 1x, https:\/\/i0.wp.com\/vincentians.com\/en\/wp-content\/uploads\/sites\/2\/2016\/07\/abelly-feat.jpg?fit=1200%2C630&resize=525%2C300 1.5x, https:\/\/i0.wp.com\/vincentians.com\/en\/wp-content\/uploads\/sites\/2\/2016\/07\/abelly-feat.jpg?fit=1200%2C630&resize=700%2C400 2x, https:\/\/i0.wp.com\/vincentians.com\/en\/wp-content\/uploads\/sites\/2\/2016\/07\/abelly-feat.jpg?fit=1200%2C630&resize=1050%2C600 3x"},"classes":[]}],"_links":{"self":[{"href":"http:\/\/vincentians.com\/en\/wp-json\/wp\/v2\/posts\/105317","targetHints":{"allow":["GET"]}}],"collection":[{"href":"http:\/\/vincentians.com\/en\/wp-json\/wp\/v2\/posts"}],"about":[{"href":"http:\/\/vincentians.com\/en\/wp-json\/wp\/v2\/types\/post"}],"author":[{"embeddable":true,"href":"http:\/\/vincentians.com\/en\/wp-json\/wp\/v2\/users\/4"}],"replies":[{"embeddable":true,"href":"http:\/\/vincentians.com\/en\/wp-json\/wp\/v2\/comments?post=105317"}],"version-history":[{"count":0,"href":"http:\/\/vincentians.com\/en\/wp-json\/wp\/v2\/posts\/105317\/revisions"}],"wp:featuredmedia":[{"embeddable":true,"href":"http:\/\/vincentians.com\/en\/wp-json\/wp\/v2\/media\/149583"}],"wp:attachment":[{"href":"http:\/\/vincentians.com\/en\/wp-json\/wp\/v2\/media?parent=105317"}],"wp:term":[{"taxonomy":"category","embeddable":true,"href":"http:\/\/vincentians.com\/en\/wp-json\/wp\/v2\/categories?post=105317"},{"taxonomy":"post_tag","embeddable":true,"href":"http:\/\/vincentians.com\/en\/wp-json\/wp\/v2\/tags?post=105317"}],"curies":[{"name":"wp","href":"https:\/\/api.w.org\/{rel}","templated":true}]}}