{"id":105207,"date":"2016-07-22T07:45:35","date_gmt":"2016-07-22T05:45:35","guid":{"rendered":"http:\/\/vincentians.com\/?p=105207"},"modified":"2016-07-22T07:47:02","modified_gmt":"2016-07-22T05:47:02","slug":"the-life-of-vincent-de-paul-abelly-book-i-chapter-xx","status":"publish","type":"post","link":"http:\/\/vincentians.com\/en\/the-life-of-vincent-de-paul-abelly-book-i-chapter-xx\/","title":{"rendered":"The Life of Vincent de Paul (Abelly): Book I, Chapter XX"},"content":{"rendered":"<p><strong>The Birth and Establishment of the Congregation of the Mission<\/strong><\/p>\n<p>We could truthfully say that this Congregation in its beginnings was that small mustard seed spoken of in the Gospel: although the least of all the seeds, it becomes a great tree in which the birds of the air build their nests. Nothing was so small as the Congregation at its commencement, not only in external things, but in the mind of Monsieur Vincent and the first priests associated with him. They thought of themselves as the least of all those engaged in Church ministry. They committed themselves to the humblest tasks, serving the lowest and least appreciated in the common opinion of the world, such as instructing and catechizing the poor, particularly in the small villages and the most abandoned places. They would help, assist, and aid the sick poor, and disposing both the poor and the sick to make good general confessions. They thought of themselves as servants of the pastors and other priests, but also of the villagers, the galley slaves, or any other person in need. They were of a mind to do this gratuitously, with no recompense whatever. They considered it an honor to serve Jesus Christ in the person of the poor and accepted it as a favor that pastors would allow them to carry out these works of charity in their parishes.<\/p>\n<p>It pleased God to pour out abundant blessings upon these small beginnings, and there soon developed a large community which happily has expanded to many other places, as we shall describe below. This community has contributed, and continues to contribute, with special benediction, to the advancement of the kingdom of Jesus Christ.<\/p>\n<p>As has already been said, in 1625 after the death of Madame de Gondi, Monsieur Vincent moved to the principalship of the College des Bons Enfants, following the archbishop&#8217;s efforts, supported by the lady and the general, to carry out the purpose of their foundation. Monsieur Portail, of whom we have already spoken, and who had already spent twelve or fifteen years with Monsieur Vincent, now saw a new opportunity to devote himself to God. He moved to the College des Bons Enfants with Monsieur Vincent, deciding to join the new company of priests and to commit himself to the missions. He persuaded another priest to join him in this decision, promising him fifty <em>ecus<\/em> each year for personal expenses. <span id='easy-footnote-1-105207' class='easy-footnote-margin-adjust'><\/span><span class='easy-footnote'><a href='http:\/\/vincentians.com\/en\/the-life-of-vincent-de-paul-abelly-book-i-chapter-xx\/#easy-footnote-bottom-1-105207' title='Adrien Gambart, priest of the diocese of Noyon. Among other works he published &lt;em&gt;Le Missionnaire paroissial&lt;\/em&gt;, 10 vols., Paris, 1668, which reflects the method of preaching recommended by Saint Vincent.'><sup>1<\/sup><\/a><\/span> The three went from village to village, catechizing, exhorting, hearing confessions, and performing the other exercises of the mission with simplicity, humility, and charity, all at their own expense, not asking for anything for themselves. They worked first in those places where the missions had already been set up, but gradually moved to other parishes, chiefly in the diocese of Paris. Since they did not have the means to engage watchmen to live in the College des Bons Enfants, in their absence they left the keys with one of the neighbors.<\/p>\n<p>Who would have thought that from such modest beginnings great progress would be made, such as we now see? Or that two poor priests going out to the smallest villages and other forgotten places would actually be laying the foundations of such a large spiritual edifice which God was pleased to raise up in his Church? Monsieur Vincent spoke of this marvel one day to his community at Saint Lazare:<\/p>\n<p style=\"padding-left: 30px;\">We went plainly and simply, sent by their lordships the bishops, to evangelize the poor, just as our Lord did. That is all we did. And for his part, God accomplished what he had foreseen from all eternity. He so blessed our work that other clerics joined us, asking to be received into our Company, not all at once, but from time to time. O Lord, who would ever have thought we would develop to our present state? If anyone had said as much then, I would have thought he was mocking me. And yet, that is how God began the Company. Oh well, would you call that human which no one even thought of? Neither myself nor Monsieur Portail ever did. Alas, we were far from that! <span id='easy-footnote-2-105207' class='easy-footnote-margin-adjust'><\/span><span class='easy-footnote'><a href='http:\/\/vincentians.com\/en\/the-life-of-vincent-de-paul-abelly-book-i-chapter-xx\/#easy-footnote-bottom-2-105207' title='&lt;em&gt;CED&lt;\/em&gt; XI:8-9.'><sup>2<\/sup><\/a><\/span>\n<p>The archbishop of Paris, John Francis de Gondi, later gave official approbation to the institution of the Congregation of the Mission, by a decree dated April 24, 1626, in the same style as he used in the contract of foundation. Two good priests from Picardy, Fathers Francois du Coudray\u00a0 <span id='easy-footnote-3-105207' class='easy-footnote-margin-adjust'><\/span><span class='easy-footnote'><a href='http:\/\/vincentians.com\/en\/the-life-of-vincent-de-paul-abelly-book-i-chapter-xx\/#easy-footnote-bottom-3-105207' title='Francois du Coudray, 1586-1649, joined the Congregation in 1626, whose only other members were the founder and Antoine Portail. Saint Vincent chose him to go to Rome to negotiate the approbation of the Congregation; he remained there from 1631 to 1635. He served in many houses: Paris, Toul, Marseilles, La Rose, Richelieu. His theological knowledge was marred by some unorthodox opinions, and Saint Vincent took steps to prevent him from spreading errors.'><sup>3<\/sup><\/a><\/span> and Jean de la Salle, <span id='easy-footnote-4-105207' class='easy-footnote-margin-adjust'><\/span><span class='easy-footnote'><a href='http:\/\/vincentians.com\/en\/the-life-of-vincent-de-paul-abelly-book-i-chapter-xx\/#easy-footnote-bottom-4-105207' title='Jean de la Salle, 1598-1639, was a gifted biblical expositor (see &lt;em&gt;CED&lt;\/em&gt; XII:293), came to Monsieur Vincent in 1626. He was the first director of the internal seminary (novitiate), 1637.'><sup>4<\/sup><\/a><\/span> came to Monsieur Vincent and offered to join Monsieur Portail in living and working under Monsieur Vincent&#8217;s direction. He received them and associated them with himself in executing the foundation set up for the purpose, by an act certified by two notaries of the Chatelet on September 4, 1626.<\/p>\n<p>The late King, Louis XIII, of glorious memory, by letters patent of May 1627, at the recommendation of the general of the galleys, confirmed and approved the contract of foundation allowing the Association or Congregation of the Priests of the Mission to live in common, to reside in various parts of the kingdom of France as shall seem good to them, and to accept all legacies, alms, or other gifts which shall be made to them. <span id='easy-footnote-5-105207' class='easy-footnote-margin-adjust'><\/span><span class='easy-footnote'><a href='http:\/\/vincentians.com\/en\/the-life-of-vincent-de-paul-abelly-book-i-chapter-xx\/#easy-footnote-bottom-5-105207' title='&lt;em&gt;CED&lt;\/em&gt; XIII:225-26.'><sup>5<\/sup><\/a><\/span>\n<p>God thus blessed the beginnings of the Congregation of the Mission by the special gift of his merciful Providence. By this same Providence he allowed it to increase and multiply. For this purpose he inspired several other clerics to work with Monsieur Vincent at the harvest of souls. Four other priests joined, besides the three already mentioned, that is, Jean Becu of the village of Brache in the diocese of Amiens, <span id='easy-footnote-6-105207' class='easy-footnote-margin-adjust'><\/span><span class='easy-footnote'><a href='http:\/\/vincentians.com\/en\/the-life-of-vincent-de-paul-abelly-book-i-chapter-xx\/#easy-footnote-bottom-6-105207' title='Jean Becu, 1592-1667, ordained a priest in 1616, came to the Congregation in 1626. Two of his brothers followed him, and one of his sisters became a Daughter of Charity.'><sup>6<\/sup><\/a><\/span> Antoine Lucas of Paris, <span id='easy-footnote-7-105207' class='easy-footnote-margin-adjust'><\/span><span class='easy-footnote'><a href='http:\/\/vincentians.com\/en\/the-life-of-vincent-de-paul-abelly-book-i-chapter-xx\/#easy-footnote-bottom-7-105207' title='Antoine Lucas, 1600-1656, entered the Congregation in 1626, and was ordained two years later. He was known for his zeal and talent for preaching. He died a victim of his zeal for the plague-stricken.'><sup>7<\/sup><\/a><\/span> Jean Brunet of the village of Rion in Auvergne in the diocese of Clermont, <span id='easy-footnote-8-105207' class='easy-footnote-margin-adjust'><\/span><span class='easy-footnote'><a href='http:\/\/vincentians.com\/en\/the-life-of-vincent-de-paul-abelly-book-i-chapter-xx\/#easy-footnote-bottom-8-105207' title='Jean-Joseph Brunet, 1597-1649, joined Saint Vincent in 1627. He died a victim of his zeal for the plague-stricken.'><sup>8<\/sup><\/a><\/span> and Jean Dehorgny of the village of Estrees in the diocese of Noyon. <span id='easy-footnote-9-105207' class='easy-footnote-margin-adjust'><\/span><span class='easy-footnote'><a href='http:\/\/vincentians.com\/en\/the-life-of-vincent-de-paul-abelly-book-i-chapter-xx\/#easy-footnote-bottom-9-105207' title='Jean Dehorgny (or d&amp;#8217;Horgny), ?-1667, joined Saint Vincent in 1627, and was ordained a priest a year later. He directed the College des Bons Enfants on three occasions. He was assistant to the superior general twice, superior of the house in Rome twice, and director of the Daughters of Charity from 1660 to 1667. Several of his conferences to them are still extant.'><sup>9<\/sup><\/a><\/span>\n<p>These seven thus associated themselves and joined Monsieur Vincent to live and die in the Congregation of the Mission, promising God to remain faithful their entire life in working for the salvation and sanctification of the poor country people. This they faithfully accomplished. We could say these men were like the seven priests of Joshua. Their trumpets broke down the walls of Jericho, and their example, zeal, and virtue attracted several others to this holy army.<\/p>\n<p>By a papal bull of Urban VIII dated January [12,] 1632, this pious Company was raised formally to the status of a Congregation, the Priests of the Congregation of the Mission, under the direction of Monsieur Vincent. <span id='easy-footnote-10-105207' class='easy-footnote-margin-adjust'><\/span><span class='easy-footnote'><a href='http:\/\/vincentians.com\/en\/the-life-of-vincent-de-paul-abelly-book-i-chapter-xx\/#easy-footnote-bottom-10-105207' title='&lt;em&gt;CED&lt;\/em&gt; XIII:257-67. By contemporary reckoning, the year was 1633, since the papal year began not on January 1 but on March 25.'><sup>10<\/sup><\/a><\/span> The pope gave him the authority to set down regulations for the good order of the community. To further the work of the institute, the king gave new letters patent, dated May 1642, approved by the Parlement of Paris in September of that same year. <span id='easy-footnote-11-105207' class='easy-footnote-margin-adjust'><\/span><span class='easy-footnote'><a href='http:\/\/vincentians.com\/en\/the-life-of-vincent-de-paul-abelly-book-i-chapter-xx\/#easy-footnote-bottom-11-105207' title='&lt;em&gt;CED&lt;\/em&gt; XIII:286-87.'><sup>11<\/sup><\/a><\/span>\n<p>The bull of Urban VIII gave the name Priests of the Congregation of the Mission to those of this community. By this name they are distinguished from all other communities, even those who work at the same sort of mission as those of Monsieur Vincent. We have thought it necessary to underline this to avoid possible misunderstandings, if this distinction is not kept in mind. <span id='easy-footnote-12-105207' class='easy-footnote-margin-adjust'><\/span><span class='easy-footnote'><a href='http:\/\/vincentians.com\/en\/the-life-of-vincent-de-paul-abelly-book-i-chapter-xx\/#easy-footnote-bottom-12-105207' title='Alexander VII completed the work of Urban VIII by the approving the constitution of the company, 22 September 1655 (&lt;em&gt;CED&lt;\/em&gt; XIII:380-83). By this brief he approved the taking of vows, while explaining their exact nature for the Congregation of the Mission. He further legislated the exemption of the congregation from the jurisdiction of bishops in matters of internal administration, but respecting their jurisdiction in those things regarding the missions to be given in their dioceses. The first vows were taken by Saint Vincent and his confreres September 8, 1629.'><sup>12<\/sup><\/a><\/span>\n","protected":false},"excerpt":{"rendered":"<p>The Birth and Establishment of the Congregation of the Mission We could truthfully say that this Congregation in its beginnings was that small mustard seed spoken of in the Gospel: although the least of all &#8230; <a href=\"http:\/\/vincentians.com\/en\/the-life-of-vincent-de-paul-abelly-book-i-chapter-xx\/\" class=\"more-link\">Read More<\/a><\/p>\n","protected":false},"author":4,"featured_media":149583,"comment_status":"open","ping_status":"open","sticky":false,"template":"","format":"standard","meta":{"jetpack_post_was_ever_published":false,"_jetpack_newsletter_access":"","_jetpack_dont_email_post_to_subs":false,"_jetpack_newsletter_tier_id":0,"_jetpack_memberships_contains_paywalled_content":false,"_jetpack_memberships_contains_paid_content":false,"footnotes":"","jetpack_publicize_message":"","jetpack_publicize_feature_enabled":true,"jetpack_social_post_already_shared":true,"jetpack_social_options":{"image_generator_settings":{"template":"highway","default_image_id":0,"font":"","enabled":false},"version":2}},"categories":[5],"tags":[],"class_list":["post-105207","post","type-post","status-publish","format-standard","has-post-thumbnail","hentry","category-vincent-de-paul"],"yoast_head":"<!-- This site is optimized with the Yoast SEO plugin v26.3 - https:\/\/yoast.com\/wordpress\/plugins\/seo\/ -->\n<title>The Life of Vincent de Paul (Abelly): Book I, Chapter XX - We are Vincentians<\/title>\n<meta name=\"robots\" content=\"index, follow, max-snippet:-1, max-image-preview:large, max-video-preview:-1\" \/>\n<link rel=\"canonical\" href=\"https:\/\/vincentians.com\/en\/the-life-of-vincent-de-paul-abelly-book-i-chapter-xx\/\" \/>\n<meta property=\"og:locale\" content=\"en_US\" \/>\n<meta property=\"og:type\" content=\"article\" \/>\n<meta property=\"og:title\" content=\"The Life of Vincent de Paul (Abelly): Book I, Chapter XX - We are Vincentians\" \/>\n<meta property=\"og:description\" content=\"The Birth and Establishment of the Congregation of the Mission We could truthfully say that this Congregation in its beginnings was that small mustard seed spoken of in the Gospel: although the least of all ... Read More\" \/>\n<meta property=\"og:url\" content=\"https:\/\/vincentians.com\/en\/the-life-of-vincent-de-paul-abelly-book-i-chapter-xx\/\" \/>\n<meta property=\"og:site_name\" content=\"We are Vincentians\" \/>\n<meta property=\"article:publisher\" content=\"https:\/\/www.facebook.com\/WeAreVincentians\/\" \/>\n<meta property=\"article:author\" content=\"https:\/\/www.facebook.com\/JavierChento\" \/>\n<meta property=\"article:published_time\" content=\"2016-07-22T05:45:35+00:00\" \/>\n<meta property=\"article:modified_time\" content=\"2016-07-22T05:47:02+00:00\" \/>\n<meta property=\"og:image\" content=\"https:\/\/i0.wp.com\/vincentians.com\/en\/wp-content\/uploads\/sites\/2\/2016\/07\/abelly-feat.jpg?fit=1200%2C630&ssl=1\" \/>\n\t<meta property=\"og:image:width\" content=\"1200\" \/>\n\t<meta property=\"og:image:height\" content=\"630\" \/>\n\t<meta property=\"og:image:type\" content=\"image\/jpeg\" \/>\n<meta name=\"author\" content=\"Francisco Javier Fern\u00e1ndez Chento\" \/>\n<meta name=\"twitter:card\" content=\"summary_large_image\" \/>\n<meta name=\"twitter:creator\" content=\"@https:\/\/twitter.com\/javierchento\" \/>\n<meta name=\"twitter:site\" content=\"@WeVincentians\" \/>\n<meta name=\"twitter:label1\" content=\"Written by\" \/>\n\t<meta name=\"twitter:data1\" content=\"Francisco Javier Fern\u00e1ndez Chento\" \/>\n\t<meta name=\"twitter:label2\" content=\"Est. reading time\" \/>\n\t<meta name=\"twitter:data2\" content=\"8 minutes\" \/>\n<script type=\"application\/ld+json\" class=\"yoast-schema-graph\">{\"@context\":\"https:\/\/schema.org\",\"@graph\":[{\"@type\":\"Article\",\"@id\":\"https:\/\/vincentians.com\/en\/the-life-of-vincent-de-paul-abelly-book-i-chapter-xx\/#article\",\"isPartOf\":{\"@id\":\"https:\/\/vincentians.com\/en\/the-life-of-vincent-de-paul-abelly-book-i-chapter-xx\/\"},\"author\":{\"name\":\"Francisco Javier Fern\u00e1ndez Chento\",\"@id\":\"https:\/\/vincentians.com\/en\/#\/schema\/person\/9623ef4d9aa3b2dfb8c061f1499288f2\"},\"headline\":\"The Life of Vincent de Paul (Abelly): Book I, Chapter XX\",\"datePublished\":\"2016-07-22T05:45:35+00:00\",\"dateModified\":\"2016-07-22T05:47:02+00:00\",\"mainEntityOfPage\":{\"@id\":\"https:\/\/vincentians.com\/en\/the-life-of-vincent-de-paul-abelly-book-i-chapter-xx\/\"},\"wordCount\":1598,\"commentCount\":0,\"publisher\":{\"@id\":\"https:\/\/vincentians.com\/en\/#organization\"},\"image\":{\"@id\":\"https:\/\/vincentians.com\/en\/the-life-of-vincent-de-paul-abelly-book-i-chapter-xx\/#primaryimage\"},\"thumbnailUrl\":\"https:\/\/i0.wp.com\/vincentians.com\/en\/wp-content\/uploads\/sites\/2\/2016\/07\/abelly-feat.jpg?fit=1200%2C630\",\"articleSection\":[\"Vincent de Paul\"],\"inLanguage\":\"en-US\",\"potentialAction\":[{\"@type\":\"CommentAction\",\"name\":\"Comment\",\"target\":[\"https:\/\/vincentians.com\/en\/the-life-of-vincent-de-paul-abelly-book-i-chapter-xx\/#respond\"]}]},{\"@type\":\"WebPage\",\"@id\":\"https:\/\/vincentians.com\/en\/the-life-of-vincent-de-paul-abelly-book-i-chapter-xx\/\",\"url\":\"https:\/\/vincentians.com\/en\/the-life-of-vincent-de-paul-abelly-book-i-chapter-xx\/\",\"name\":\"The Life of Vincent de Paul (Abelly): Book I, Chapter XX - We are Vincentians\",\"isPartOf\":{\"@id\":\"https:\/\/vincentians.com\/en\/#website\"},\"primaryImageOfPage\":{\"@id\":\"https:\/\/vincentians.com\/en\/the-life-of-vincent-de-paul-abelly-book-i-chapter-xx\/#primaryimage\"},\"image\":{\"@id\":\"https:\/\/vincentians.com\/en\/the-life-of-vincent-de-paul-abelly-book-i-chapter-xx\/#primaryimage\"},\"thumbnailUrl\":\"https:\/\/i0.wp.com\/vincentians.com\/en\/wp-content\/uploads\/sites\/2\/2016\/07\/abelly-feat.jpg?fit=1200%2C630\",\"datePublished\":\"2016-07-22T05:45:35+00:00\",\"dateModified\":\"2016-07-22T05:47:02+00:00\",\"breadcrumb\":{\"@id\":\"https:\/\/vincentians.com\/en\/the-life-of-vincent-de-paul-abelly-book-i-chapter-xx\/#breadcrumb\"},\"inLanguage\":\"en-US\",\"potentialAction\":[{\"@type\":\"ReadAction\",\"target\":[\"https:\/\/vincentians.com\/en\/the-life-of-vincent-de-paul-abelly-book-i-chapter-xx\/\"]}]},{\"@type\":\"ImageObject\",\"inLanguage\":\"en-US\",\"@id\":\"https:\/\/vincentians.com\/en\/the-life-of-vincent-de-paul-abelly-book-i-chapter-xx\/#primaryimage\",\"url\":\"https:\/\/i0.wp.com\/vincentians.com\/en\/wp-content\/uploads\/sites\/2\/2016\/07\/abelly-feat.jpg?fit=1200%2C630\",\"contentUrl\":\"https:\/\/i0.wp.com\/vincentians.com\/en\/wp-content\/uploads\/sites\/2\/2016\/07\/abelly-feat.jpg?fit=1200%2C630\",\"width\":1200,\"height\":630},{\"@type\":\"BreadcrumbList\",\"@id\":\"https:\/\/vincentians.com\/en\/the-life-of-vincent-de-paul-abelly-book-i-chapter-xx\/#breadcrumb\",\"itemListElement\":[{\"@type\":\"ListItem\",\"position\":1,\"name\":\"Portada\",\"item\":\"https:\/\/vincentians.com\/en\/\"},{\"@type\":\"ListItem\",\"position\":2,\"name\":\"The Life of Vincent de Paul (Abelly): Book I, Chapter XX\"}]},{\"@type\":\"WebSite\",\"@id\":\"https:\/\/vincentians.com\/en\/#website\",\"url\":\"https:\/\/vincentians.com\/en\/\",\"name\":\"We are Vincentians\",\"description\":\"Know more to serve more\",\"publisher\":{\"@id\":\"https:\/\/vincentians.com\/en\/#organization\"},\"potentialAction\":[{\"@type\":\"SearchAction\",\"target\":{\"@type\":\"EntryPoint\",\"urlTemplate\":\"https:\/\/vincentians.com\/en\/?s={search_term_string}\"},\"query-input\":{\"@type\":\"PropertyValueSpecification\",\"valueRequired\":true,\"valueName\":\"search_term_string\"}}],\"inLanguage\":\"en-US\"},{\"@type\":\"Organization\",\"@id\":\"https:\/\/vincentians.com\/en\/#organization\",\"name\":\"The Vincentian Network\",\"url\":\"https:\/\/vincentians.com\/en\/\",\"logo\":{\"@type\":\"ImageObject\",\"inLanguage\":\"en-US\",\"@id\":\"https:\/\/vincentians.com\/en\/#\/schema\/logo\/image\/\",\"url\":\"https:\/\/i1.wp.com\/vincentians.com\/en\/wp-content\/uploads\/sites\/2\/2016\/06\/Vincentian-Network-logo-big.png?fit=778%2C778&ssl=1\",\"contentUrl\":\"https:\/\/i1.wp.com\/vincentians.com\/en\/wp-content\/uploads\/sites\/2\/2016\/06\/Vincentian-Network-logo-big.png?fit=778%2C778&ssl=1\",\"width\":778,\"height\":778,\"caption\":\"The Vincentian Network\"},\"image\":{\"@id\":\"https:\/\/vincentians.com\/en\/#\/schema\/logo\/image\/\"},\"sameAs\":[\"https:\/\/www.facebook.com\/WeAreVincentians\/\",\"https:\/\/x.com\/WeVincentians\"]},{\"@type\":\"Person\",\"@id\":\"https:\/\/vincentians.com\/en\/#\/schema\/person\/9623ef4d9aa3b2dfb8c061f1499288f2\",\"name\":\"Francisco Javier Fern\u00e1ndez Chento\",\"image\":{\"@type\":\"ImageObject\",\"inLanguage\":\"en-US\",\"@id\":\"https:\/\/vincentians.com\/en\/#\/schema\/person\/image\/\",\"url\":\"https:\/\/secure.gravatar.com\/avatar\/497d5cde87b4c3d097d0315953521681ba2cd523ee66e5077c3711f7021e65de?s=96&d=mm&r=g\",\"contentUrl\":\"https:\/\/secure.gravatar.com\/avatar\/497d5cde87b4c3d097d0315953521681ba2cd523ee66e5077c3711f7021e65de?s=96&d=mm&r=g\",\"caption\":\"Francisco Javier Fern\u00e1ndez Chento\"},\"description\":\"Director General y cofundador de La Red de Formaci\u00f3n Vicenciana. Javier es laico vicenciano, afiliado a la Congregaci\u00f3n de la Misi\u00f3n y miembro del Equipo de Misiones Populares de la provincia can\u00f3nica de Zaragoza (Espa\u00f1a) de la Congregaci\u00f3n de la Misi\u00f3n. Graduado en la Universidad Oberta de Catalunya con cuatro grados (Asistente de direcci\u00f3n, Gesti\u00f3n Administrativa, Recursos Humanos y Contabilidad Avanzada). Bil\u00edng\u00fce Espa\u00f1ol\/Ingl\u00e9s. gestiona y mantiene varias p\u00e1ginas web cristianas y vicencianas, incluida including La Red de Formaci\u00f3n Vicenciana, de la que es cofundador. Actualmente es responsable del \u00e1rea de Espa\u00f1ol de .famvin, la Red de Noticias de la Familia Vicenciana. Tambi\u00e9n es m\u00fasico cat\u00f3lico y ha editado varios discos. Es Director General y cofundador de Trovador, una reconocida compa\u00f1\u00eda discogr\u00e1fica critiana de Espa\u00f1a. Trabaja en las Tecnolog\u00edas de la Informaci\u00f3n, ofreciendo servicios de alojamiento, dise\u00f1o y mantenimiento Web, as\u00ed como asesoramiento, formaci\u00f3n y soluciones inform\u00e1ticas, gesti\u00f3n documental y digitalizaci\u00f3n de textos, edici\u00f3n y maquetaci\u00f3n de libros, revistas, flyers, etc.\",\"sameAs\":[\"http:\/\/chento.org\",\"https:\/\/www.facebook.com\/JavierChento\",\"https:\/\/x.com\/https:\/\/twitter.com\/javierchento\"],\"url\":\"http:\/\/vincentians.com\/en\/author\/chento\/\"}]}<\/script>\n<!-- \/ Yoast SEO plugin. -->","yoast_head_json":{"title":"The Life of Vincent de Paul (Abelly): Book I, Chapter XX - We are Vincentians","robots":{"index":"index","follow":"follow","max-snippet":"max-snippet:-1","max-image-preview":"max-image-preview:large","max-video-preview":"max-video-preview:-1"},"canonical":"https:\/\/vincentians.com\/en\/the-life-of-vincent-de-paul-abelly-book-i-chapter-xx\/","og_locale":"en_US","og_type":"article","og_title":"The Life of Vincent de Paul (Abelly): Book I, Chapter XX - We are Vincentians","og_description":"The Birth and Establishment of the Congregation of the Mission We could truthfully say that this Congregation in its beginnings was that small mustard seed spoken of in the Gospel: although the least of all ... Read More","og_url":"https:\/\/vincentians.com\/en\/the-life-of-vincent-de-paul-abelly-book-i-chapter-xx\/","og_site_name":"We are Vincentians","article_publisher":"https:\/\/www.facebook.com\/WeAreVincentians\/","article_author":"https:\/\/www.facebook.com\/JavierChento","article_published_time":"2016-07-22T05:45:35+00:00","article_modified_time":"2016-07-22T05:47:02+00:00","og_image":[{"width":1200,"height":630,"url":"https:\/\/i0.wp.com\/vincentians.com\/en\/wp-content\/uploads\/sites\/2\/2016\/07\/abelly-feat.jpg?fit=1200%2C630&ssl=1","type":"image\/jpeg"}],"author":"Francisco Javier Fern\u00e1ndez Chento","twitter_card":"summary_large_image","twitter_creator":"@https:\/\/twitter.com\/javierchento","twitter_site":"@WeVincentians","twitter_misc":{"Written by":"Francisco Javier Fern\u00e1ndez Chento","Est. reading time":"8 minutes"},"schema":{"@context":"https:\/\/schema.org","@graph":[{"@type":"Article","@id":"https:\/\/vincentians.com\/en\/the-life-of-vincent-de-paul-abelly-book-i-chapter-xx\/#article","isPartOf":{"@id":"https:\/\/vincentians.com\/en\/the-life-of-vincent-de-paul-abelly-book-i-chapter-xx\/"},"author":{"name":"Francisco Javier Fern\u00e1ndez Chento","@id":"https:\/\/vincentians.com\/en\/#\/schema\/person\/9623ef4d9aa3b2dfb8c061f1499288f2"},"headline":"The Life of Vincent de Paul (Abelly): Book I, Chapter XX","datePublished":"2016-07-22T05:45:35+00:00","dateModified":"2016-07-22T05:47:02+00:00","mainEntityOfPage":{"@id":"https:\/\/vincentians.com\/en\/the-life-of-vincent-de-paul-abelly-book-i-chapter-xx\/"},"wordCount":1598,"commentCount":0,"publisher":{"@id":"https:\/\/vincentians.com\/en\/#organization"},"image":{"@id":"https:\/\/vincentians.com\/en\/the-life-of-vincent-de-paul-abelly-book-i-chapter-xx\/#primaryimage"},"thumbnailUrl":"https:\/\/i0.wp.com\/vincentians.com\/en\/wp-content\/uploads\/sites\/2\/2016\/07\/abelly-feat.jpg?fit=1200%2C630","articleSection":["Vincent de Paul"],"inLanguage":"en-US","potentialAction":[{"@type":"CommentAction","name":"Comment","target":["https:\/\/vincentians.com\/en\/the-life-of-vincent-de-paul-abelly-book-i-chapter-xx\/#respond"]}]},{"@type":"WebPage","@id":"https:\/\/vincentians.com\/en\/the-life-of-vincent-de-paul-abelly-book-i-chapter-xx\/","url":"https:\/\/vincentians.com\/en\/the-life-of-vincent-de-paul-abelly-book-i-chapter-xx\/","name":"The Life of Vincent de Paul (Abelly): Book I, Chapter XX - We are Vincentians","isPartOf":{"@id":"https:\/\/vincentians.com\/en\/#website"},"primaryImageOfPage":{"@id":"https:\/\/vincentians.com\/en\/the-life-of-vincent-de-paul-abelly-book-i-chapter-xx\/#primaryimage"},"image":{"@id":"https:\/\/vincentians.com\/en\/the-life-of-vincent-de-paul-abelly-book-i-chapter-xx\/#primaryimage"},"thumbnailUrl":"https:\/\/i0.wp.com\/vincentians.com\/en\/wp-content\/uploads\/sites\/2\/2016\/07\/abelly-feat.jpg?fit=1200%2C630","datePublished":"2016-07-22T05:45:35+00:00","dateModified":"2016-07-22T05:47:02+00:00","breadcrumb":{"@id":"https:\/\/vincentians.com\/en\/the-life-of-vincent-de-paul-abelly-book-i-chapter-xx\/#breadcrumb"},"inLanguage":"en-US","potentialAction":[{"@type":"ReadAction","target":["https:\/\/vincentians.com\/en\/the-life-of-vincent-de-paul-abelly-book-i-chapter-xx\/"]}]},{"@type":"ImageObject","inLanguage":"en-US","@id":"https:\/\/vincentians.com\/en\/the-life-of-vincent-de-paul-abelly-book-i-chapter-xx\/#primaryimage","url":"https:\/\/i0.wp.com\/vincentians.com\/en\/wp-content\/uploads\/sites\/2\/2016\/07\/abelly-feat.jpg?fit=1200%2C630","contentUrl":"https:\/\/i0.wp.com\/vincentians.com\/en\/wp-content\/uploads\/sites\/2\/2016\/07\/abelly-feat.jpg?fit=1200%2C630","width":1200,"height":630},{"@type":"BreadcrumbList","@id":"https:\/\/vincentians.com\/en\/the-life-of-vincent-de-paul-abelly-book-i-chapter-xx\/#breadcrumb","itemListElement":[{"@type":"ListItem","position":1,"name":"Portada","item":"https:\/\/vincentians.com\/en\/"},{"@type":"ListItem","position":2,"name":"The Life of Vincent de Paul (Abelly): Book I, Chapter XX"}]},{"@type":"WebSite","@id":"https:\/\/vincentians.com\/en\/#website","url":"https:\/\/vincentians.com\/en\/","name":"We are Vincentians","description":"Know more to serve more","publisher":{"@id":"https:\/\/vincentians.com\/en\/#organization"},"potentialAction":[{"@type":"SearchAction","target":{"@type":"EntryPoint","urlTemplate":"https:\/\/vincentians.com\/en\/?s={search_term_string}"},"query-input":{"@type":"PropertyValueSpecification","valueRequired":true,"valueName":"search_term_string"}}],"inLanguage":"en-US"},{"@type":"Organization","@id":"https:\/\/vincentians.com\/en\/#organization","name":"The Vincentian Network","url":"https:\/\/vincentians.com\/en\/","logo":{"@type":"ImageObject","inLanguage":"en-US","@id":"https:\/\/vincentians.com\/en\/#\/schema\/logo\/image\/","url":"https:\/\/i1.wp.com\/vincentians.com\/en\/wp-content\/uploads\/sites\/2\/2016\/06\/Vincentian-Network-logo-big.png?fit=778%2C778&ssl=1","contentUrl":"https:\/\/i1.wp.com\/vincentians.com\/en\/wp-content\/uploads\/sites\/2\/2016\/06\/Vincentian-Network-logo-big.png?fit=778%2C778&ssl=1","width":778,"height":778,"caption":"The Vincentian Network"},"image":{"@id":"https:\/\/vincentians.com\/en\/#\/schema\/logo\/image\/"},"sameAs":["https:\/\/www.facebook.com\/WeAreVincentians\/","https:\/\/x.com\/WeVincentians"]},{"@type":"Person","@id":"https:\/\/vincentians.com\/en\/#\/schema\/person\/9623ef4d9aa3b2dfb8c061f1499288f2","name":"Francisco Javier Fern\u00e1ndez Chento","image":{"@type":"ImageObject","inLanguage":"en-US","@id":"https:\/\/vincentians.com\/en\/#\/schema\/person\/image\/","url":"https:\/\/secure.gravatar.com\/avatar\/497d5cde87b4c3d097d0315953521681ba2cd523ee66e5077c3711f7021e65de?s=96&d=mm&r=g","contentUrl":"https:\/\/secure.gravatar.com\/avatar\/497d5cde87b4c3d097d0315953521681ba2cd523ee66e5077c3711f7021e65de?s=96&d=mm&r=g","caption":"Francisco Javier Fern\u00e1ndez Chento"},"description":"Director General y cofundador de La Red de Formaci\u00f3n Vicenciana. Javier es laico vicenciano, afiliado a la Congregaci\u00f3n de la Misi\u00f3n y miembro del Equipo de Misiones Populares de la provincia can\u00f3nica de Zaragoza (Espa\u00f1a) de la Congregaci\u00f3n de la Misi\u00f3n. Graduado en la Universidad Oberta de Catalunya con cuatro grados (Asistente de direcci\u00f3n, Gesti\u00f3n Administrativa, Recursos Humanos y Contabilidad Avanzada). Bil\u00edng\u00fce Espa\u00f1ol\/Ingl\u00e9s. gestiona y mantiene varias p\u00e1ginas web cristianas y vicencianas, incluida including La Red de Formaci\u00f3n Vicenciana, de la que es cofundador. Actualmente es responsable del \u00e1rea de Espa\u00f1ol de .famvin, la Red de Noticias de la Familia Vicenciana. Tambi\u00e9n es m\u00fasico cat\u00f3lico y ha editado varios discos. Es Director General y cofundador de Trovador, una reconocida compa\u00f1\u00eda discogr\u00e1fica critiana de Espa\u00f1a. Trabaja en las Tecnolog\u00edas de la Informaci\u00f3n, ofreciendo servicios de alojamiento, dise\u00f1o y mantenimiento Web, as\u00ed como asesoramiento, formaci\u00f3n y soluciones inform\u00e1ticas, gesti\u00f3n documental y digitalizaci\u00f3n de textos, edici\u00f3n y maquetaci\u00f3n de libros, revistas, flyers, etc.","sameAs":["http:\/\/chento.org","https:\/\/www.facebook.com\/JavierChento","https:\/\/x.com\/https:\/\/twitter.com\/javierchento"],"url":"http:\/\/vincentians.com\/en\/author\/chento\/"}]}},"jetpack_publicize_connections":[],"jetpack_featured_media_url":"https:\/\/i0.wp.com\/vincentians.com\/en\/wp-content\/uploads\/sites\/2\/2016\/07\/abelly-feat.jpg?fit=1200%2C630","jetpack_sharing_enabled":true,"jetpack_shortlink":"https:\/\/wp.me\/p7K2Ow-rmT","jetpack-related-posts":[{"id":107949,"url":"http:\/\/vincentians.com\/en\/life-of-st-vincent-de-paul-forbes-chapter-05\/","url_meta":{"origin":105207,"position":0},"title":"Life of St. Vincent de Paul (Forbes). Chapter 05","author":"Francisco Javier Fern\u00e1ndez Chento","date":"May 21, 2015","format":false,"excerpt":"Chapter 5 MISSION WORK THE incident which had given rise to Vincent's first mission at Folleville had never been forgotten by Madame de Gondi. It seemed to her that there was need to multiply such missions among the country poor, and no sooner had Vincent returned to her house than\u2026","rel":"","context":"In &quot;Vincent de Paul&quot;","block_context":{"text":"Vincent de Paul","link":"http:\/\/vincentians.com\/en\/category\/the-vincentian-family\/founders\/vincent-de-paul\/"},"img":{"alt_text":"","src":"https:\/\/i0.wp.com\/vincentians.com\/en\/wp-content\/uploads\/sites\/2\/2016\/01\/vincent-de-paul.jpg?fit=1200%2C630&resize=350%2C200","width":350,"height":200,"srcset":"https:\/\/i0.wp.com\/vincentians.com\/en\/wp-content\/uploads\/sites\/2\/2016\/01\/vincent-de-paul.jpg?fit=1200%2C630&resize=350%2C200 1x, https:\/\/i0.wp.com\/vincentians.com\/en\/wp-content\/uploads\/sites\/2\/2016\/01\/vincent-de-paul.jpg?fit=1200%2C630&resize=525%2C300 1.5x, https:\/\/i0.wp.com\/vincentians.com\/en\/wp-content\/uploads\/sites\/2\/2016\/01\/vincent-de-paul.jpg?fit=1200%2C630&resize=700%2C400 2x, https:\/\/i0.wp.com\/vincentians.com\/en\/wp-content\/uploads\/sites\/2\/2016\/01\/vincent-de-paul.jpg?fit=1200%2C630&resize=1050%2C600 3x"},"classes":[]},{"id":108835,"url":"http:\/\/vincentians.com\/en\/origin-of-the-brothers-of-s-vincent-de-paul-now-called-religious-of-s-vincent-de-paul\/","url_meta":{"origin":105207,"position":1},"title":"Origin of the Brothers of S. Vincent de Paul (now called Religious of S. Vincent de Paul)","author":"Francisco Javier Fern\u00e1ndez Chento","date":"January 2, 2013","format":false,"excerpt":"The Congregation of the Brothers of St Vincent de Paul was begun in 1845 by a few simple laymen, whom a great love for works of piety and mercy had drawn together, and into whose minds, one thought simultaneously entered, that these different works sprung up in our days through\u2026","rel":"","context":"In &quot;Religious of Saint Vincent de Paul&quot;","block_context":{"text":"Religious of Saint Vincent de Paul","link":"http:\/\/vincentians.com\/en\/category\/the-vincentian-family\/branches\/religious-of-saint-vincent-de-paul\/"},"img":{"alt_text":"","src":"https:\/\/i0.wp.com\/vincentians.com\/en\/wp-content\/uploads\/sites\/2\/2013\/01\/vincent-de-paul.jpg?fit=1200%2C630&resize=350%2C200","width":350,"height":200,"srcset":"https:\/\/i0.wp.com\/vincentians.com\/en\/wp-content\/uploads\/sites\/2\/2013\/01\/vincent-de-paul.jpg?fit=1200%2C630&resize=350%2C200 1x, https:\/\/i0.wp.com\/vincentians.com\/en\/wp-content\/uploads\/sites\/2\/2013\/01\/vincent-de-paul.jpg?fit=1200%2C630&resize=525%2C300 1.5x, https:\/\/i0.wp.com\/vincentians.com\/en\/wp-content\/uploads\/sites\/2\/2013\/01\/vincent-de-paul.jpg?fit=1200%2C630&resize=700%2C400 2x, https:\/\/i0.wp.com\/vincentians.com\/en\/wp-content\/uploads\/sites\/2\/2013\/01\/vincent-de-paul.jpg?fit=1200%2C630&resize=1050%2C600 3x"},"classes":[]},{"id":106470,"url":"http:\/\/vincentians.com\/en\/vincentian-spirituality-the-congregation-of-the-mission\/","url_meta":{"origin":105207,"position":2},"title":"Vincentian Spirituality: the Congregation of the Mission","author":"Francisco Javier Fern\u00e1ndez Chento","date":"February 25, 2013","format":false,"excerpt":"The Congregation of the Mission is a society of apostolic life, composed of priests and lay brothers, founded by Saint Vincent de Paul in Paris on April 17, 1625 and approved by Pope Urban VII on January 12, 1633 with the publication of the bull Salvatoris Nostri. The members of\u2026","rel":"","context":"In &quot;Congregation of the Mission&quot;","block_context":{"text":"Congregation of the Mission","link":"http:\/\/vincentians.com\/en\/category\/the-vincentian-family\/branches\/congregation-of-the-mission\/"},"img":{"alt_text":"","src":"https:\/\/i0.wp.com\/vincentians.com\/en\/wp-content\/uploads\/sites\/2\/2016\/06\/vincentian-spirituality.jpg?fit=1200%2C630&resize=350%2C200","width":350,"height":200,"srcset":"https:\/\/i0.wp.com\/vincentians.com\/en\/wp-content\/uploads\/sites\/2\/2016\/06\/vincentian-spirituality.jpg?fit=1200%2C630&resize=350%2C200 1x, https:\/\/i0.wp.com\/vincentians.com\/en\/wp-content\/uploads\/sites\/2\/2016\/06\/vincentian-spirituality.jpg?fit=1200%2C630&resize=525%2C300 1.5x, https:\/\/i0.wp.com\/vincentians.com\/en\/wp-content\/uploads\/sites\/2\/2016\/06\/vincentian-spirituality.jpg?fit=1200%2C630&resize=700%2C400 2x, https:\/\/i0.wp.com\/vincentians.com\/en\/wp-content\/uploads\/sites\/2\/2016\/06\/vincentian-spirituality.jpg?fit=1200%2C630&resize=1050%2C600 3x"},"classes":[]},{"id":105327,"url":"http:\/\/vincentians.com\/en\/the-life-of-vincent-de-paul-abelly-book-i-chapter-xlvi\/","url_meta":{"origin":105207,"position":3},"title":"The Life of Vincent de Paul (Abelly): Book I, Chapter XLVI","author":"Francisco Javier Fern\u00e1ndez Chento","date":"August 18, 2016","format":false,"excerpt":"A Census of the Houses of the Congregation of the Mission Founded During the Lifetime of Monsieur Vincent God planted the Congregation of the Mission in his Church as a mystic vine which was to bear fruit though his grace to sanctify a large number of souls. He willed that\u2026","rel":"","context":"In &quot;Vincent de Paul&quot;","block_context":{"text":"Vincent de Paul","link":"http:\/\/vincentians.com\/en\/category\/the-vincentian-family\/founders\/vincent-de-paul\/"},"img":{"alt_text":"","src":"https:\/\/i0.wp.com\/vincentians.com\/en\/wp-content\/uploads\/sites\/2\/2016\/07\/abelly-feat.jpg?fit=1200%2C630&resize=350%2C200","width":350,"height":200,"srcset":"https:\/\/i0.wp.com\/vincentians.com\/en\/wp-content\/uploads\/sites\/2\/2016\/07\/abelly-feat.jpg?fit=1200%2C630&resize=350%2C200 1x, https:\/\/i0.wp.com\/vincentians.com\/en\/wp-content\/uploads\/sites\/2\/2016\/07\/abelly-feat.jpg?fit=1200%2C630&resize=525%2C300 1.5x, https:\/\/i0.wp.com\/vincentians.com\/en\/wp-content\/uploads\/sites\/2\/2016\/07\/abelly-feat.jpg?fit=1200%2C630&resize=700%2C400 2x, https:\/\/i0.wp.com\/vincentians.com\/en\/wp-content\/uploads\/sites\/2\/2016\/07\/abelly-feat.jpg?fit=1200%2C630&resize=1050%2C600 3x"},"classes":[]},{"id":106469,"url":"http:\/\/vincentians.com\/en\/vincentian-spirituality-goods\/","url_meta":{"origin":105207,"position":4},"title":"Vincentian Spirituality: Goods","author":"Francisco Javier Fern\u00e1ndez Chento","date":"May 19, 2015","format":false,"excerpt":"1] The economic structure of France during the seventeenth century Vincent spoke to the Missionaries in order to encourage them to dedicate themselves to the works proper to their vocation, but at the same time and without intending to do so, he described the reality of France\u2019s economic situation: We\u2026","rel":"","context":"In &quot;Vincentian Formation&quot;","block_context":{"text":"Vincentian Formation","link":"http:\/\/vincentians.com\/en\/category\/vincentian-formation\/"},"img":{"alt_text":"","src":"https:\/\/i0.wp.com\/vincentians.com\/en\/wp-content\/uploads\/sites\/2\/2016\/06\/vincentian-spirituality.jpg?fit=1200%2C630&resize=350%2C200","width":350,"height":200,"srcset":"https:\/\/i0.wp.com\/vincentians.com\/en\/wp-content\/uploads\/sites\/2\/2016\/06\/vincentian-spirituality.jpg?fit=1200%2C630&resize=350%2C200 1x, https:\/\/i0.wp.com\/vincentians.com\/en\/wp-content\/uploads\/sites\/2\/2016\/06\/vincentian-spirituality.jpg?fit=1200%2C630&resize=525%2C300 1.5x, https:\/\/i0.wp.com\/vincentians.com\/en\/wp-content\/uploads\/sites\/2\/2016\/06\/vincentian-spirituality.jpg?fit=1200%2C630&resize=700%2C400 2x, https:\/\/i0.wp.com\/vincentians.com\/en\/wp-content\/uploads\/sites\/2\/2016\/06\/vincentian-spirituality.jpg?fit=1200%2C630&resize=1050%2C600 3x"},"classes":[]},{"id":105314,"url":"http:\/\/vincentians.com\/en\/the-life-of-vincent-de-paul-abelly-book-i-chapter-xxxviii\/","url_meta":{"origin":105207,"position":5},"title":"The Life of Vincent de Paul (Abelly): Book I, Chapter XXXVIII","author":"Francisco Javier Fern\u00e1ndez Chento","date":"August 10, 2016","format":false,"excerpt":"Monsieur Vincent's Help in Establishing the Congregation of the Daughters of the Cross and for the Spiritual Good of its Members Since Monsieur Vincent's charity did not limit itself to any single outlet but extended universally to whatever he saw as contributing to God's glory, he approved and esteemed whatever\u2026","rel":"","context":"In &quot;Vincent de Paul&quot;","block_context":{"text":"Vincent de Paul","link":"http:\/\/vincentians.com\/en\/category\/the-vincentian-family\/founders\/vincent-de-paul\/"},"img":{"alt_text":"","src":"https:\/\/i0.wp.com\/vincentians.com\/en\/wp-content\/uploads\/sites\/2\/2016\/07\/abelly-feat.jpg?fit=1200%2C630&resize=350%2C200","width":350,"height":200,"srcset":"https:\/\/i0.wp.com\/vincentians.com\/en\/wp-content\/uploads\/sites\/2\/2016\/07\/abelly-feat.jpg?fit=1200%2C630&resize=350%2C200 1x, https:\/\/i0.wp.com\/vincentians.com\/en\/wp-content\/uploads\/sites\/2\/2016\/07\/abelly-feat.jpg?fit=1200%2C630&resize=525%2C300 1.5x, https:\/\/i0.wp.com\/vincentians.com\/en\/wp-content\/uploads\/sites\/2\/2016\/07\/abelly-feat.jpg?fit=1200%2C630&resize=700%2C400 2x, https:\/\/i0.wp.com\/vincentians.com\/en\/wp-content\/uploads\/sites\/2\/2016\/07\/abelly-feat.jpg?fit=1200%2C630&resize=1050%2C600 3x"},"classes":[]}],"_links":{"self":[{"href":"http:\/\/vincentians.com\/en\/wp-json\/wp\/v2\/posts\/105207","targetHints":{"allow":["GET"]}}],"collection":[{"href":"http:\/\/vincentians.com\/en\/wp-json\/wp\/v2\/posts"}],"about":[{"href":"http:\/\/vincentians.com\/en\/wp-json\/wp\/v2\/types\/post"}],"author":[{"embeddable":true,"href":"http:\/\/vincentians.com\/en\/wp-json\/wp\/v2\/users\/4"}],"replies":[{"embeddable":true,"href":"http:\/\/vincentians.com\/en\/wp-json\/wp\/v2\/comments?post=105207"}],"version-history":[{"count":0,"href":"http:\/\/vincentians.com\/en\/wp-json\/wp\/v2\/posts\/105207\/revisions"}],"wp:featuredmedia":[{"embeddable":true,"href":"http:\/\/vincentians.com\/en\/wp-json\/wp\/v2\/media\/149583"}],"wp:attachment":[{"href":"http:\/\/vincentians.com\/en\/wp-json\/wp\/v2\/media?parent=105207"}],"wp:term":[{"taxonomy":"category","embeddable":true,"href":"http:\/\/vincentians.com\/en\/wp-json\/wp\/v2\/categories?post=105207"},{"taxonomy":"post_tag","embeddable":true,"href":"http:\/\/vincentians.com\/en\/wp-json\/wp\/v2\/tags?post=105207"}],"curies":[{"name":"wp","href":"https:\/\/api.w.org\/{rel}","templated":true}]}}