{"id":105017,"date":"2015-05-17T02:31:36","date_gmt":"2015-05-17T00:31:36","guid":{"rendered":"http:\/\/vincentians.com\/blog\/society-at-the-time-of-saint-vincent-de-paul-2\/"},"modified":"2016-07-10T19:11:00","modified_gmt":"2016-07-10T17:11:00","slug":"society-at-the-time-of-saint-vincent-de-paul-ii","status":"publish","type":"post","link":"http:\/\/vincentians.com\/en\/society-at-the-time-of-saint-vincent-de-paul-ii\/","title":{"rendered":"Society at the time of Saint Vincent de Paul (II)"},"content":{"rendered":"<h2>I. Demographical aspect<\/h2>\n<p>The society of Vincent de Paul&#8217;s era was solidly rooted in a territory of almost one half million square kilometres. In this territory there were about twenty million inhabitants. These statistics show that France was by far the most highly populated kingdom in Europe, with the exception of far away Russia. This demographical strength helps explain its political power.<\/p>\n<p>Such a large population helped guarantee that the King of France would have substantial material resources. Among these twenty million inhabitants, at least twelve million, approximately, would have been producers, and thus, contributors.<\/p>\n<p>This is where the most solid goldmine of French power for King Louis was located. It sufficed that his subjects not be miserable and that they pay their taxes, in order for the government enterprises including war to be assured, but also for the future of the country to be foreseen without serious concern. In spite of reluctance on the part of the contributors, the fiscal system in the end was tolerated, even if from our perspective it seems unequal, mediocre and oppressive. The reality of it allows one to conclude that the inhabitants continued to live, work and pay, with the exception of certain social categories and regions and some specific years. This almost constant population of twenty million inhabitants leads us to affirm that in spite of so many miserable aspects and so many tragic events, the relative richness of the country constituted one of the great factors of its stability. To this richness, must be added the varied climate, the land and the water as well as the courage and ingenuity of those who worked on the land.<\/p>\n<p>For such an extensive kingdom, a population density of forty inbitants per square kilometre constituted an acceptable transform\u00adation, even if it seems modest by today&#8217;s standards. This optimal equilibrium between the economy and the population was what France was able to maintain, given its type of production, technical level, forms of consumption and commerce, physical customs and mentalities.<\/p>\n<p>Notwithstanding the maintenance of some twenty million in\u00adhabitants, in order to examine it on a long term scale, it is important to note that this population was not young, because it aged very rapidly. The average lifespan was thirty-five years, and infant mortality claimed one in four children below the age of one year.<\/p>\n<p>In a number of years, and especially over a longer course of time, the rural population would be transformed as it underwent abrupt oscil\u00adlations that were at times quite severe. Insufficient harvests, followed by epidemics, accompanied by war, all decimated the population by claiming numerous victims. Death came in the form of three apoca\u00adlyptic faces, at times distinct but frequently interrelated. These three forms of calamities, dreaded by humanity since the beginning of time, struck the subjects of the King of France.<\/p>\n<h3>1. War<\/h3>\n<p>War, which is always atrocious and is carried out in the forms of atrocity of the era, brought about a great number of victims, especially in the regions of Lorraine, Champagne, Picardy and the surrounding areas of Paris. The disasters of war disconcerted and destroyed the people, prevented work, commerce and trade. The armies often left in their wake, especially in the North and the East, disease, devastation, misery and death. The violent acts and the excessive abuses of the armies knew no limits.<\/p>\n<h3>2. Plague<\/h3>\n<p>Until 1650, the geography of France was affected by &#8220;the evil that spread terror.&#8221; The bubonic or pulmonary plague frequently recurred and spread through regions with devastating force. In some summers, with its brief but terrible outbreaks, it would decimate one quarter or one third of the inhabitants of a region or province. As soon as a serious epidemic erupted, panic would spread among the population. Despite the precautions and attempts to fight it, this evil invaded bodies and was transmitted across areas.<\/p>\n<p>Other epidemics, less &#8220;spectacular&#8221; but perhaps more dan\u00adgerous, brought about other &#8220;crises of mortality&#8221; in several provinces. Smallpox outbreaks took the lives of children between the ages of three and seven every five years. Influenza, malaria and dysentery cost thousands of lives, especially in times immediately following severe food shortages.<\/p>\n<h3>3. Hunger<\/h3>\n<p>Hunger made an appearance frequently and regularly especial\u00adly in the North, Center and East of France. Its origin was related to weather phenomena and was the consequence of an economy too dependent on grain production, an assortment of economic and social customs which created a structured mentality.<\/p>\n<p>The diet of the majority of French citizens of this time consisted primarily, and sometimes solely on boiled stews, soup and bread. The diet of poor persons was predominantly grains.<\/p>\n<p>The wheat harvest, at least in a part of the kingdom, was insuf\u00adficient to satisfy immediate needs. The land deprived of fertilizer and poorly worked produced little. The slow spread of information and limited transportation prevented rapid delivery of aid. Whenever rumors of &#8220;food shortages&#8221; spread, threats ensued and prices doubled or even tripled. It was impossible to be able to buy what was needed. Half of the population would seek out other means of sustenance, often contaminated, sending their children to beg or steal, and be\u00adcoming violently angry against those who monopolized the supplies. This led to threats, which led to attacks. Hunger during the 1630&#8217;s provoked many illnesses.<\/p>\n<p>The disasters of 1649-1653 caused by four bad harvests and four consecutive famines were aggravated by bands of vagrants at the time of the Fronde civil war and by the insecurity on the roads. The correspondence written to Vincent de Paul described scenes of canni\u00adbalism and other miseries. In reality, the majority of the population had a deficient and insufficient diet. Without a doubt, the &#8220;shortage&#8221; was the main cause of the population crisis at the time of Vincent de Paul.<\/p>\n<p>The fact that after one or two years of insufficient harvest, the majority of the population was reduced to disease and weakness due to hunger clearly shows the essential deficiencies of this economy and this society. At the same time, it demonstrates that the majority of the citizens did not enjoy economic independence and that they did not harvest enough to live on. The world of craftsmen and small artisans in the city did not possess sufficient resources to make up for what was lacking. Although it was harsh, this shortage made obvious both the mediocrity of economic mechanisms and the extreme inequality of the different social levels.<\/p>\n<p>The great economic crisis of 1630 and those of 1648-1653 coincided with the great economic crises unleashed by the cyclical rise in the price of wheat. Consequently, it is not an exaggeration to claim that the price of wheat was a true demographic &#8220;barometer&#8221; and that a demographical crisis in its oldest form directly resulted from an economic crisis in its oldest form. If the life and death of the people depended on the price of wheat, it was because grain dominated the economy and society. This implies that the majority of the population could not harvest sufficient quantities of wheat to sustain them or that they did not have enough resources to buy it when its price increased considerably. An agricultural crisis thus led to an economic crisis, which in turn unleashed the dangers of expensive bread, hunger, unemployment, misery and death.<\/p>\n<p>Nevertheless, this population, undergoing these severe repercus\u00adsions, tried to overcome an obsession with death by a special force of vital importance: human reproduction increased at a sufficient rate to overcome the threat of death and to maintain the human race.<\/p>\n","protected":false},"excerpt":{"rendered":"<p>I. Demographical aspect The society of Vincent de Paul&#8217;s era was solidly rooted in a territory of almost one half million square kilometres. In this territory there were about twenty million inhabitants. These statistics show &#8230; <a href=\"http:\/\/vincentians.com\/en\/society-at-the-time-of-saint-vincent-de-paul-ii\/\" class=\"more-link\">Read More<\/a><\/p>\n","protected":false},"author":4,"featured_media":149124,"comment_status":"open","ping_status":"open","sticky":false,"template":"","format":"standard","meta":{"jetpack_post_was_ever_published":false,"_jetpack_newsletter_access":"","_jetpack_dont_email_post_to_subs":false,"_jetpack_newsletter_tier_id":0,"_jetpack_memberships_contains_paywalled_content":false,"_jetpack_memberships_contains_paid_content":false,"footnotes":"","jetpack_publicize_message":"","jetpack_publicize_feature_enabled":true,"jetpack_social_post_already_shared":false,"jetpack_social_options":{"image_generator_settings":{"template":"highway","default_image_id":0,"font":"","enabled":false},"version":2}},"categories":[17],"tags":[],"class_list":["post-105017","post","type-post","status-publish","format-standard","has-post-thumbnail","hentry","category-at-the-time-of-vincent-de-paul"],"yoast_head":"<!-- This site is optimized with the Yoast SEO plugin v26.3 - https:\/\/yoast.com\/wordpress\/plugins\/seo\/ -->\n<title>Society at the time of Saint Vincent de Paul (II) - We are Vincentians<\/title>\n<meta name=\"robots\" content=\"index, follow, max-snippet:-1, max-image-preview:large, max-video-preview:-1\" \/>\n<link rel=\"canonical\" href=\"http:\/\/vincentians.com\/en\/society-at-the-time-of-saint-vincent-de-paul-ii\/\" \/>\n<meta property=\"og:locale\" content=\"en_US\" \/>\n<meta property=\"og:type\" content=\"article\" \/>\n<meta property=\"og:title\" content=\"Society at the time of Saint Vincent de Paul (II) - We are Vincentians\" \/>\n<meta property=\"og:description\" content=\"I. Demographical aspect The society of Vincent de Paul&#8217;s era was solidly rooted in a territory of almost one half million square kilometres. In this territory there were about twenty million inhabitants. These statistics show ... Read More\" \/>\n<meta property=\"og:url\" content=\"http:\/\/vincentians.com\/en\/society-at-the-time-of-saint-vincent-de-paul-ii\/\" \/>\n<meta property=\"og:site_name\" content=\"We are Vincentians\" \/>\n<meta property=\"article:publisher\" content=\"https:\/\/www.facebook.com\/WeAreVincentians\/\" \/>\n<meta property=\"article:author\" content=\"https:\/\/www.facebook.com\/JavierChento\" \/>\n<meta property=\"article:published_time\" content=\"2015-05-17T00:31:36+00:00\" \/>\n<meta property=\"article:modified_time\" content=\"2016-07-10T17:11:00+00:00\" \/>\n<meta property=\"og:image\" content=\"https:\/\/i0.wp.com\/vincentians.com\/en\/wp-content\/uploads\/sites\/2\/2016\/06\/Society-at-the-time-of-Saint-Vincent-de-Paul.jpg?fit=1200%2C630\" \/>\n\t<meta property=\"og:image:width\" content=\"1200\" \/>\n\t<meta property=\"og:image:height\" content=\"630\" \/>\n\t<meta property=\"og:image:type\" content=\"image\/jpeg\" \/>\n<meta name=\"author\" content=\"Francisco Javier Fern\u00e1ndez Chento\" \/>\n<meta name=\"twitter:card\" content=\"summary_large_image\" \/>\n<meta name=\"twitter:creator\" content=\"@https:\/\/twitter.com\/javierchento\" \/>\n<meta name=\"twitter:site\" content=\"@WeVincentians\" \/>\n<meta name=\"twitter:label1\" content=\"Written by\" \/>\n\t<meta name=\"twitter:data1\" content=\"Francisco Javier Fern\u00e1ndez Chento\" \/>\n\t<meta name=\"twitter:label2\" content=\"Est. reading time\" \/>\n\t<meta name=\"twitter:data2\" content=\"6 minutes\" \/>\n<script type=\"application\/ld+json\" class=\"yoast-schema-graph\">{\"@context\":\"https:\/\/schema.org\",\"@graph\":[{\"@type\":\"Article\",\"@id\":\"http:\/\/vincentians.com\/en\/society-at-the-time-of-saint-vincent-de-paul-ii\/#article\",\"isPartOf\":{\"@id\":\"http:\/\/vincentians.com\/en\/society-at-the-time-of-saint-vincent-de-paul-ii\/\"},\"author\":{\"name\":\"Francisco Javier Fern\u00e1ndez Chento\",\"@id\":\"https:\/\/vincentians.com\/en\/#\/schema\/person\/9623ef4d9aa3b2dfb8c061f1499288f2\"},\"headline\":\"Society at the time of Saint Vincent de Paul (II)\",\"datePublished\":\"2015-05-17T00:31:36+00:00\",\"dateModified\":\"2016-07-10T17:11:00+00:00\",\"mainEntityOfPage\":{\"@id\":\"http:\/\/vincentians.com\/en\/society-at-the-time-of-saint-vincent-de-paul-ii\/\"},\"wordCount\":1267,\"commentCount\":0,\"publisher\":{\"@id\":\"https:\/\/vincentians.com\/en\/#organization\"},\"image\":{\"@id\":\"http:\/\/vincentians.com\/en\/society-at-the-time-of-saint-vincent-de-paul-ii\/#primaryimage\"},\"thumbnailUrl\":\"https:\/\/i0.wp.com\/vincentians.com\/en\/wp-content\/uploads\/sites\/2\/2016\/06\/Society-at-the-time-of-Saint-Vincent-de-Paul.jpg?fit=1200%2C630\",\"articleSection\":[\"At the time of Vincent de Paul\"],\"inLanguage\":\"en-US\",\"potentialAction\":[{\"@type\":\"CommentAction\",\"name\":\"Comment\",\"target\":[\"http:\/\/vincentians.com\/en\/society-at-the-time-of-saint-vincent-de-paul-ii\/#respond\"]}]},{\"@type\":\"WebPage\",\"@id\":\"http:\/\/vincentians.com\/en\/society-at-the-time-of-saint-vincent-de-paul-ii\/\",\"url\":\"http:\/\/vincentians.com\/en\/society-at-the-time-of-saint-vincent-de-paul-ii\/\",\"name\":\"Society at the time of Saint Vincent de Paul (II) - We are Vincentians\",\"isPartOf\":{\"@id\":\"https:\/\/vincentians.com\/en\/#website\"},\"primaryImageOfPage\":{\"@id\":\"http:\/\/vincentians.com\/en\/society-at-the-time-of-saint-vincent-de-paul-ii\/#primaryimage\"},\"image\":{\"@id\":\"http:\/\/vincentians.com\/en\/society-at-the-time-of-saint-vincent-de-paul-ii\/#primaryimage\"},\"thumbnailUrl\":\"https:\/\/i0.wp.com\/vincentians.com\/en\/wp-content\/uploads\/sites\/2\/2016\/06\/Society-at-the-time-of-Saint-Vincent-de-Paul.jpg?fit=1200%2C630\",\"datePublished\":\"2015-05-17T00:31:36+00:00\",\"dateModified\":\"2016-07-10T17:11:00+00:00\",\"breadcrumb\":{\"@id\":\"http:\/\/vincentians.com\/en\/society-at-the-time-of-saint-vincent-de-paul-ii\/#breadcrumb\"},\"inLanguage\":\"en-US\",\"potentialAction\":[{\"@type\":\"ReadAction\",\"target\":[\"http:\/\/vincentians.com\/en\/society-at-the-time-of-saint-vincent-de-paul-ii\/\"]}]},{\"@type\":\"ImageObject\",\"inLanguage\":\"en-US\",\"@id\":\"http:\/\/vincentians.com\/en\/society-at-the-time-of-saint-vincent-de-paul-ii\/#primaryimage\",\"url\":\"https:\/\/i0.wp.com\/vincentians.com\/en\/wp-content\/uploads\/sites\/2\/2016\/06\/Society-at-the-time-of-Saint-Vincent-de-Paul.jpg?fit=1200%2C630\",\"contentUrl\":\"https:\/\/i0.wp.com\/vincentians.com\/en\/wp-content\/uploads\/sites\/2\/2016\/06\/Society-at-the-time-of-Saint-Vincent-de-Paul.jpg?fit=1200%2C630\",\"width\":1200,\"height\":630},{\"@type\":\"BreadcrumbList\",\"@id\":\"http:\/\/vincentians.com\/en\/society-at-the-time-of-saint-vincent-de-paul-ii\/#breadcrumb\",\"itemListElement\":[{\"@type\":\"ListItem\",\"position\":1,\"name\":\"Portada\",\"item\":\"https:\/\/vincentians.com\/en\/\"},{\"@type\":\"ListItem\",\"position\":2,\"name\":\"Society at the time of Saint Vincent de Paul (II)\"}]},{\"@type\":\"WebSite\",\"@id\":\"https:\/\/vincentians.com\/en\/#website\",\"url\":\"https:\/\/vincentians.com\/en\/\",\"name\":\"We are Vincentians\",\"description\":\"Know more to serve more\",\"publisher\":{\"@id\":\"https:\/\/vincentians.com\/en\/#organization\"},\"potentialAction\":[{\"@type\":\"SearchAction\",\"target\":{\"@type\":\"EntryPoint\",\"urlTemplate\":\"https:\/\/vincentians.com\/en\/?s={search_term_string}\"},\"query-input\":{\"@type\":\"PropertyValueSpecification\",\"valueRequired\":true,\"valueName\":\"search_term_string\"}}],\"inLanguage\":\"en-US\"},{\"@type\":\"Organization\",\"@id\":\"https:\/\/vincentians.com\/en\/#organization\",\"name\":\"The Vincentian Network\",\"url\":\"https:\/\/vincentians.com\/en\/\",\"logo\":{\"@type\":\"ImageObject\",\"inLanguage\":\"en-US\",\"@id\":\"https:\/\/vincentians.com\/en\/#\/schema\/logo\/image\/\",\"url\":\"https:\/\/i1.wp.com\/vincentians.com\/en\/wp-content\/uploads\/sites\/2\/2016\/06\/Vincentian-Network-logo-big.png?fit=778%2C778&ssl=1\",\"contentUrl\":\"https:\/\/i1.wp.com\/vincentians.com\/en\/wp-content\/uploads\/sites\/2\/2016\/06\/Vincentian-Network-logo-big.png?fit=778%2C778&ssl=1\",\"width\":778,\"height\":778,\"caption\":\"The Vincentian Network\"},\"image\":{\"@id\":\"https:\/\/vincentians.com\/en\/#\/schema\/logo\/image\/\"},\"sameAs\":[\"https:\/\/www.facebook.com\/WeAreVincentians\/\",\"https:\/\/x.com\/WeVincentians\"]},{\"@type\":\"Person\",\"@id\":\"https:\/\/vincentians.com\/en\/#\/schema\/person\/9623ef4d9aa3b2dfb8c061f1499288f2\",\"name\":\"Francisco Javier Fern\u00e1ndez Chento\",\"image\":{\"@type\":\"ImageObject\",\"inLanguage\":\"en-US\",\"@id\":\"https:\/\/vincentians.com\/en\/#\/schema\/person\/image\/\",\"url\":\"https:\/\/secure.gravatar.com\/avatar\/497d5cde87b4c3d097d0315953521681ba2cd523ee66e5077c3711f7021e65de?s=96&d=mm&r=g\",\"contentUrl\":\"https:\/\/secure.gravatar.com\/avatar\/497d5cde87b4c3d097d0315953521681ba2cd523ee66e5077c3711f7021e65de?s=96&d=mm&r=g\",\"caption\":\"Francisco Javier Fern\u00e1ndez Chento\"},\"description\":\"Director General y cofundador de La Red de Formaci\u00f3n Vicenciana. Javier es laico vicenciano, afiliado a la Congregaci\u00f3n de la Misi\u00f3n y miembro del Equipo de Misiones Populares de la provincia can\u00f3nica de Zaragoza (Espa\u00f1a) de la Congregaci\u00f3n de la Misi\u00f3n. Graduado en la Universidad Oberta de Catalunya con cuatro grados (Asistente de direcci\u00f3n, Gesti\u00f3n Administrativa, Recursos Humanos y Contabilidad Avanzada). Bil\u00edng\u00fce Espa\u00f1ol\/Ingl\u00e9s. gestiona y mantiene varias p\u00e1ginas web cristianas y vicencianas, incluida including La Red de Formaci\u00f3n Vicenciana, de la que es cofundador. Actualmente es responsable del \u00e1rea de Espa\u00f1ol de .famvin, la Red de Noticias de la Familia Vicenciana. Tambi\u00e9n es m\u00fasico cat\u00f3lico y ha editado varios discos. Es Director General y cofundador de Trovador, una reconocida compa\u00f1\u00eda discogr\u00e1fica critiana de Espa\u00f1a. Trabaja en las Tecnolog\u00edas de la Informaci\u00f3n, ofreciendo servicios de alojamiento, dise\u00f1o y mantenimiento Web, as\u00ed como asesoramiento, formaci\u00f3n y soluciones inform\u00e1ticas, gesti\u00f3n documental y digitalizaci\u00f3n de textos, edici\u00f3n y maquetaci\u00f3n de libros, revistas, flyers, etc.\",\"sameAs\":[\"http:\/\/chento.org\",\"https:\/\/www.facebook.com\/JavierChento\",\"https:\/\/x.com\/https:\/\/twitter.com\/javierchento\"],\"url\":\"http:\/\/vincentians.com\/en\/author\/chento\/\"}]}<\/script>\n<!-- \/ Yoast SEO plugin. -->","yoast_head_json":{"title":"Society at the time of Saint Vincent de Paul (II) - We are Vincentians","robots":{"index":"index","follow":"follow","max-snippet":"max-snippet:-1","max-image-preview":"max-image-preview:large","max-video-preview":"max-video-preview:-1"},"canonical":"http:\/\/vincentians.com\/en\/society-at-the-time-of-saint-vincent-de-paul-ii\/","og_locale":"en_US","og_type":"article","og_title":"Society at the time of Saint Vincent de Paul (II) - We are Vincentians","og_description":"I. Demographical aspect The society of Vincent de Paul&#8217;s era was solidly rooted in a territory of almost one half million square kilometres. In this territory there were about twenty million inhabitants. These statistics show ... Read More","og_url":"http:\/\/vincentians.com\/en\/society-at-the-time-of-saint-vincent-de-paul-ii\/","og_site_name":"We are Vincentians","article_publisher":"https:\/\/www.facebook.com\/WeAreVincentians\/","article_author":"https:\/\/www.facebook.com\/JavierChento","article_published_time":"2015-05-17T00:31:36+00:00","article_modified_time":"2016-07-10T17:11:00+00:00","og_image":[{"width":1200,"height":630,"url":"https:\/\/i0.wp.com\/vincentians.com\/en\/wp-content\/uploads\/sites\/2\/2016\/06\/Society-at-the-time-of-Saint-Vincent-de-Paul.jpg?fit=1200%2C630","type":"image\/jpeg"}],"author":"Francisco Javier Fern\u00e1ndez Chento","twitter_card":"summary_large_image","twitter_creator":"@https:\/\/twitter.com\/javierchento","twitter_site":"@WeVincentians","twitter_misc":{"Written by":"Francisco Javier Fern\u00e1ndez Chento","Est. reading time":"6 minutes"},"schema":{"@context":"https:\/\/schema.org","@graph":[{"@type":"Article","@id":"http:\/\/vincentians.com\/en\/society-at-the-time-of-saint-vincent-de-paul-ii\/#article","isPartOf":{"@id":"http:\/\/vincentians.com\/en\/society-at-the-time-of-saint-vincent-de-paul-ii\/"},"author":{"name":"Francisco Javier Fern\u00e1ndez Chento","@id":"https:\/\/vincentians.com\/en\/#\/schema\/person\/9623ef4d9aa3b2dfb8c061f1499288f2"},"headline":"Society at the time of Saint Vincent de Paul (II)","datePublished":"2015-05-17T00:31:36+00:00","dateModified":"2016-07-10T17:11:00+00:00","mainEntityOfPage":{"@id":"http:\/\/vincentians.com\/en\/society-at-the-time-of-saint-vincent-de-paul-ii\/"},"wordCount":1267,"commentCount":0,"publisher":{"@id":"https:\/\/vincentians.com\/en\/#organization"},"image":{"@id":"http:\/\/vincentians.com\/en\/society-at-the-time-of-saint-vincent-de-paul-ii\/#primaryimage"},"thumbnailUrl":"https:\/\/i0.wp.com\/vincentians.com\/en\/wp-content\/uploads\/sites\/2\/2016\/06\/Society-at-the-time-of-Saint-Vincent-de-Paul.jpg?fit=1200%2C630","articleSection":["At the time of Vincent de Paul"],"inLanguage":"en-US","potentialAction":[{"@type":"CommentAction","name":"Comment","target":["http:\/\/vincentians.com\/en\/society-at-the-time-of-saint-vincent-de-paul-ii\/#respond"]}]},{"@type":"WebPage","@id":"http:\/\/vincentians.com\/en\/society-at-the-time-of-saint-vincent-de-paul-ii\/","url":"http:\/\/vincentians.com\/en\/society-at-the-time-of-saint-vincent-de-paul-ii\/","name":"Society at the time of Saint Vincent de Paul (II) - We are Vincentians","isPartOf":{"@id":"https:\/\/vincentians.com\/en\/#website"},"primaryImageOfPage":{"@id":"http:\/\/vincentians.com\/en\/society-at-the-time-of-saint-vincent-de-paul-ii\/#primaryimage"},"image":{"@id":"http:\/\/vincentians.com\/en\/society-at-the-time-of-saint-vincent-de-paul-ii\/#primaryimage"},"thumbnailUrl":"https:\/\/i0.wp.com\/vincentians.com\/en\/wp-content\/uploads\/sites\/2\/2016\/06\/Society-at-the-time-of-Saint-Vincent-de-Paul.jpg?fit=1200%2C630","datePublished":"2015-05-17T00:31:36+00:00","dateModified":"2016-07-10T17:11:00+00:00","breadcrumb":{"@id":"http:\/\/vincentians.com\/en\/society-at-the-time-of-saint-vincent-de-paul-ii\/#breadcrumb"},"inLanguage":"en-US","potentialAction":[{"@type":"ReadAction","target":["http:\/\/vincentians.com\/en\/society-at-the-time-of-saint-vincent-de-paul-ii\/"]}]},{"@type":"ImageObject","inLanguage":"en-US","@id":"http:\/\/vincentians.com\/en\/society-at-the-time-of-saint-vincent-de-paul-ii\/#primaryimage","url":"https:\/\/i0.wp.com\/vincentians.com\/en\/wp-content\/uploads\/sites\/2\/2016\/06\/Society-at-the-time-of-Saint-Vincent-de-Paul.jpg?fit=1200%2C630","contentUrl":"https:\/\/i0.wp.com\/vincentians.com\/en\/wp-content\/uploads\/sites\/2\/2016\/06\/Society-at-the-time-of-Saint-Vincent-de-Paul.jpg?fit=1200%2C630","width":1200,"height":630},{"@type":"BreadcrumbList","@id":"http:\/\/vincentians.com\/en\/society-at-the-time-of-saint-vincent-de-paul-ii\/#breadcrumb","itemListElement":[{"@type":"ListItem","position":1,"name":"Portada","item":"https:\/\/vincentians.com\/en\/"},{"@type":"ListItem","position":2,"name":"Society at the time of Saint Vincent de Paul (II)"}]},{"@type":"WebSite","@id":"https:\/\/vincentians.com\/en\/#website","url":"https:\/\/vincentians.com\/en\/","name":"We are Vincentians","description":"Know more to serve more","publisher":{"@id":"https:\/\/vincentians.com\/en\/#organization"},"potentialAction":[{"@type":"SearchAction","target":{"@type":"EntryPoint","urlTemplate":"https:\/\/vincentians.com\/en\/?s={search_term_string}"},"query-input":{"@type":"PropertyValueSpecification","valueRequired":true,"valueName":"search_term_string"}}],"inLanguage":"en-US"},{"@type":"Organization","@id":"https:\/\/vincentians.com\/en\/#organization","name":"The Vincentian Network","url":"https:\/\/vincentians.com\/en\/","logo":{"@type":"ImageObject","inLanguage":"en-US","@id":"https:\/\/vincentians.com\/en\/#\/schema\/logo\/image\/","url":"https:\/\/i1.wp.com\/vincentians.com\/en\/wp-content\/uploads\/sites\/2\/2016\/06\/Vincentian-Network-logo-big.png?fit=778%2C778&ssl=1","contentUrl":"https:\/\/i1.wp.com\/vincentians.com\/en\/wp-content\/uploads\/sites\/2\/2016\/06\/Vincentian-Network-logo-big.png?fit=778%2C778&ssl=1","width":778,"height":778,"caption":"The Vincentian Network"},"image":{"@id":"https:\/\/vincentians.com\/en\/#\/schema\/logo\/image\/"},"sameAs":["https:\/\/www.facebook.com\/WeAreVincentians\/","https:\/\/x.com\/WeVincentians"]},{"@type":"Person","@id":"https:\/\/vincentians.com\/en\/#\/schema\/person\/9623ef4d9aa3b2dfb8c061f1499288f2","name":"Francisco Javier Fern\u00e1ndez Chento","image":{"@type":"ImageObject","inLanguage":"en-US","@id":"https:\/\/vincentians.com\/en\/#\/schema\/person\/image\/","url":"https:\/\/secure.gravatar.com\/avatar\/497d5cde87b4c3d097d0315953521681ba2cd523ee66e5077c3711f7021e65de?s=96&d=mm&r=g","contentUrl":"https:\/\/secure.gravatar.com\/avatar\/497d5cde87b4c3d097d0315953521681ba2cd523ee66e5077c3711f7021e65de?s=96&d=mm&r=g","caption":"Francisco Javier Fern\u00e1ndez Chento"},"description":"Director General y cofundador de La Red de Formaci\u00f3n Vicenciana. Javier es laico vicenciano, afiliado a la Congregaci\u00f3n de la Misi\u00f3n y miembro del Equipo de Misiones Populares de la provincia can\u00f3nica de Zaragoza (Espa\u00f1a) de la Congregaci\u00f3n de la Misi\u00f3n. Graduado en la Universidad Oberta de Catalunya con cuatro grados (Asistente de direcci\u00f3n, Gesti\u00f3n Administrativa, Recursos Humanos y Contabilidad Avanzada). Bil\u00edng\u00fce Espa\u00f1ol\/Ingl\u00e9s. gestiona y mantiene varias p\u00e1ginas web cristianas y vicencianas, incluida including La Red de Formaci\u00f3n Vicenciana, de la que es cofundador. Actualmente es responsable del \u00e1rea de Espa\u00f1ol de .famvin, la Red de Noticias de la Familia Vicenciana. Tambi\u00e9n es m\u00fasico cat\u00f3lico y ha editado varios discos. Es Director General y cofundador de Trovador, una reconocida compa\u00f1\u00eda discogr\u00e1fica critiana de Espa\u00f1a. Trabaja en las Tecnolog\u00edas de la Informaci\u00f3n, ofreciendo servicios de alojamiento, dise\u00f1o y mantenimiento Web, as\u00ed como asesoramiento, formaci\u00f3n y soluciones inform\u00e1ticas, gesti\u00f3n documental y digitalizaci\u00f3n de textos, edici\u00f3n y maquetaci\u00f3n de libros, revistas, flyers, etc.","sameAs":["http:\/\/chento.org","https:\/\/www.facebook.com\/JavierChento","https:\/\/x.com\/https:\/\/twitter.com\/javierchento"],"url":"http:\/\/vincentians.com\/en\/author\/chento\/"}]}},"jetpack_publicize_connections":[],"jetpack_featured_media_url":"https:\/\/i0.wp.com\/vincentians.com\/en\/wp-content\/uploads\/sites\/2\/2016\/06\/Society-at-the-time-of-Saint-Vincent-de-Paul.jpg?fit=1200%2C630","jetpack_sharing_enabled":true,"jetpack_shortlink":"https:\/\/wp.me\/p7K2Ow-rjP","jetpack-related-posts":[{"id":52588,"url":"http:\/\/vincentians.com\/en\/society-at-the-time-of-saint-vincent-de-paul-i\/","url_meta":{"origin":105017,"position":0},"title":"Society at the time of Saint Vincent de Paul (I)","author":"Francisco Javier Fern\u00e1ndez Chento","date":"May 16, 2015","format":false,"excerpt":"Introduction In the spirit of Vincent de Paul, life, thoughts and action inter\u00admingle and come forth from within him. That is why it is impossible to approach this committed and daring believer outside the political, social, economic and religious circumstances that developed during his lifetime. His life and his thoughts\u2026","rel":"","context":"In &quot;At the time of Vincent de Paul&quot;","block_context":{"text":"At the time of Vincent de Paul","link":"http:\/\/vincentians.com\/en\/category\/history-of-the-vincentian-family\/at-the-time-of-vincent-de-paul\/"},"img":{"alt_text":"","src":"https:\/\/i0.wp.com\/vincentians.com\/en\/wp-content\/uploads\/sites\/2\/2016\/06\/Society-at-the-time-of-Saint-Vincent-de-Paul.jpg?fit=1200%2C630&resize=350%2C200","width":350,"height":200,"srcset":"https:\/\/i0.wp.com\/vincentians.com\/en\/wp-content\/uploads\/sites\/2\/2016\/06\/Society-at-the-time-of-Saint-Vincent-de-Paul.jpg?fit=1200%2C630&resize=350%2C200 1x, https:\/\/i0.wp.com\/vincentians.com\/en\/wp-content\/uploads\/sites\/2\/2016\/06\/Society-at-the-time-of-Saint-Vincent-de-Paul.jpg?fit=1200%2C630&resize=525%2C300 1.5x, https:\/\/i0.wp.com\/vincentians.com\/en\/wp-content\/uploads\/sites\/2\/2016\/06\/Society-at-the-time-of-Saint-Vincent-de-Paul.jpg?fit=1200%2C630&resize=700%2C400 2x, https:\/\/i0.wp.com\/vincentians.com\/en\/wp-content\/uploads\/sites\/2\/2016\/06\/Society-at-the-time-of-Saint-Vincent-de-Paul.jpg?fit=1200%2C630&resize=1050%2C600 3x"},"classes":[]},{"id":151878,"url":"http:\/\/vincentians.com\/en\/new-in-the-library-frederick-ozanam-henry-louis-hughes\/","url_meta":{"origin":105017,"position":1},"title":"New in the Library: &#8220;Frederick Ozanam&#8221; (Henry Louis Hughes)","author":"Francisco Javier Fern\u00e1ndez Chento","date":"July 17, 2016","format":false,"excerpt":"Biography of Frederick Ozanam, founder of the Saint Vincent de Paul Society. Forerunner of Catholic Action in the lay world. London: A. Ouseley, 1933 (First edition) From the introduction: The story of Frederick Ozanam, the founder of the St. Vincent de Paul Society, will be told in the following pages.\u2026","rel":"","context":"In &quot;Fr\u00e9d\u00e9ric Ozanam&quot;","block_context":{"text":"Fr\u00e9d\u00e9ric Ozanam","link":"http:\/\/vincentians.com\/en\/category\/the-vincentian-family\/founders\/frederic-ozanam\/"},"img":{"alt_text":"","src":"https:\/\/i0.wp.com\/vincentians.com\/en\/wp-content\/uploads\/sites\/2\/2016\/07\/the-vincentian-digital-library-2.jpg?fit=1200%2C630&resize=350%2C200","width":350,"height":200,"srcset":"https:\/\/i0.wp.com\/vincentians.com\/en\/wp-content\/uploads\/sites\/2\/2016\/07\/the-vincentian-digital-library-2.jpg?fit=1200%2C630&resize=350%2C200 1x, https:\/\/i0.wp.com\/vincentians.com\/en\/wp-content\/uploads\/sites\/2\/2016\/07\/the-vincentian-digital-library-2.jpg?fit=1200%2C630&resize=525%2C300 1.5x, https:\/\/i0.wp.com\/vincentians.com\/en\/wp-content\/uploads\/sites\/2\/2016\/07\/the-vincentian-digital-library-2.jpg?fit=1200%2C630&resize=700%2C400 2x, https:\/\/i0.wp.com\/vincentians.com\/en\/wp-content\/uploads\/sites\/2\/2016\/07\/the-vincentian-digital-library-2.jpg?fit=1200%2C630&resize=1050%2C600 3x"},"classes":[]},{"id":41990,"url":"http:\/\/vincentians.com\/en\/vincentian-family-tree\/","url_meta":{"origin":105017,"position":2},"title":"Vincentian Family Tree","author":"Francisco Javier Fern\u00e1ndez Chento","date":"January 6, 2016","format":false,"excerpt":"Catholic Institutes of Consecrated Life And Societies of Apostolic Life 1.1 Institutes founded by Vincent de Paul. FRANCE Congregation of the Mission (Lazarists or Vincentian Fathers and Brothers) Company of the Daughters of Charity of Saint Vincent de Paul, Servants of the Sick Poor (Grey Sisters) 1.2 Institutes which adopted\u2026","rel":"","context":"In &quot;Branches&quot;","block_context":{"text":"Branches","link":"http:\/\/vincentians.com\/en\/category\/the-vincentian-family\/branches\/"},"img":{"alt_text":"","src":"https:\/\/i0.wp.com\/vincentians.com\/en\/wp-content\/uploads\/sites\/2\/2016\/01\/family-tree.jpg?fit=1200%2C630&resize=350%2C200","width":350,"height":200,"srcset":"https:\/\/i0.wp.com\/vincentians.com\/en\/wp-content\/uploads\/sites\/2\/2016\/01\/family-tree.jpg?fit=1200%2C630&resize=350%2C200 1x, https:\/\/i0.wp.com\/vincentians.com\/en\/wp-content\/uploads\/sites\/2\/2016\/01\/family-tree.jpg?fit=1200%2C630&resize=525%2C300 1.5x, https:\/\/i0.wp.com\/vincentians.com\/en\/wp-content\/uploads\/sites\/2\/2016\/01\/family-tree.jpg?fit=1200%2C630&resize=700%2C400 2x, https:\/\/i0.wp.com\/vincentians.com\/en\/wp-content\/uploads\/sites\/2\/2016\/01\/family-tree.jpg?fit=1200%2C630&resize=1050%2C600 3x"},"classes":[]},{"id":52348,"url":"http:\/\/vincentians.com\/en\/the-historical-context-of-the-founders-an-introduction\/","url_meta":{"origin":105017,"position":3},"title":"The historical context of the Founders: an introduction","author":"Francisco Javier Fern\u00e1ndez Chento","date":"July 15, 2016","format":false,"excerpt":"Like every other human being, Saint Vincent was born into a particular society and a specific political context. He was marked by the setting of his childhood, his youth and his adulthood, and we must emphasize that he was shaped and influenced by all of this. We are always women\u2026","rel":"","context":"In &quot;At the time of Vincent de Paul&quot;","block_context":{"text":"At the time of Vincent de Paul","link":"http:\/\/vincentians.com\/en\/category\/history-of-the-vincentian-family\/at-the-time-of-vincent-de-paul\/"},"img":{"alt_text":"","src":"https:\/\/i0.wp.com\/vincentians.com\/en\/wp-content\/uploads\/sites\/2\/2012\/11\/king_henry_iv.jpg?fit=1200%2C630&resize=350%2C200","width":350,"height":200,"srcset":"https:\/\/i0.wp.com\/vincentians.com\/en\/wp-content\/uploads\/sites\/2\/2012\/11\/king_henry_iv.jpg?fit=1200%2C630&resize=350%2C200 1x, https:\/\/i0.wp.com\/vincentians.com\/en\/wp-content\/uploads\/sites\/2\/2012\/11\/king_henry_iv.jpg?fit=1200%2C630&resize=525%2C300 1.5x, https:\/\/i0.wp.com\/vincentians.com\/en\/wp-content\/uploads\/sites\/2\/2012\/11\/king_henry_iv.jpg?fit=1200%2C630&resize=700%2C400 2x, https:\/\/i0.wp.com\/vincentians.com\/en\/wp-content\/uploads\/sites\/2\/2012\/11\/king_henry_iv.jpg?fit=1200%2C630&resize=1050%2C600 3x"},"classes":[]},{"id":152798,"url":"http:\/\/vincentians.com\/en\/ephemerides-august-22\/","url_meta":{"origin":105017,"position":4},"title":"Ephemerides: August, 22","author":"Francisco Javier Fern\u00e1ndez Chento","date":"August 22, 2016","format":false,"excerpt":"1628. At the Quirinal in Rome, in the presence of Pope Urban VIII, the Congregation of Propaganda in plenary session rejected the first petition of Vincent de Paul to approve the Congregation of the Mission. Comments of Cardinal Guido Bentivolio, the rapporteur, have been imposed on the recommendations of influential\u2026","rel":"","context":"In &quot;Vincentian ephemerides&quot;","block_context":{"text":"Vincentian ephemerides","link":"http:\/\/vincentians.com\/en\/category\/history-of-the-vincentian-family\/vincentian-ephemerides\/"},"img":{"alt_text":"","src":"https:\/\/i0.wp.com\/vincentians.com\/en\/wp-content\/uploads\/sites\/2\/2016\/07\/ephemerides-fb.jpg?fit=1200%2C630&resize=350%2C200","width":350,"height":200,"srcset":"https:\/\/i0.wp.com\/vincentians.com\/en\/wp-content\/uploads\/sites\/2\/2016\/07\/ephemerides-fb.jpg?fit=1200%2C630&resize=350%2C200 1x, https:\/\/i0.wp.com\/vincentians.com\/en\/wp-content\/uploads\/sites\/2\/2016\/07\/ephemerides-fb.jpg?fit=1200%2C630&resize=525%2C300 1.5x, https:\/\/i0.wp.com\/vincentians.com\/en\/wp-content\/uploads\/sites\/2\/2016\/07\/ephemerides-fb.jpg?fit=1200%2C630&resize=700%2C400 2x, https:\/\/i0.wp.com\/vincentians.com\/en\/wp-content\/uploads\/sites\/2\/2016\/07\/ephemerides-fb.jpg?fit=1200%2C630&resize=1050%2C600 3x"},"classes":[]},{"id":105020,"url":"http:\/\/vincentians.com\/en\/society-at-the-time-of-saint-vincent-de-paul-iii\/","url_meta":{"origin":105017,"position":5},"title":"Society at the time of Saint Vincent de Paul (III)","author":"Francisco Javier Fern\u00e1ndez Chento","date":"May 18, 2015","format":false,"excerpt":"II. Economic aspect At times, one wonders if the juridical and political systems in the society in the time of Vincent de Paul as in all of the Old Regime was \"determined\" by the type of economy and \"means of production\" where they developed. The existence of connections among the\u2026","rel":"","context":"In &quot;At the time of Vincent de Paul&quot;","block_context":{"text":"At the time of Vincent de Paul","link":"http:\/\/vincentians.com\/en\/category\/history-of-the-vincentian-family\/at-the-time-of-vincent-de-paul\/"},"img":{"alt_text":"","src":"https:\/\/i0.wp.com\/vincentians.com\/en\/wp-content\/uploads\/sites\/2\/2016\/06\/Society-at-the-time-of-Saint-Vincent-de-Paul.jpg?fit=1200%2C630&resize=350%2C200","width":350,"height":200,"srcset":"https:\/\/i0.wp.com\/vincentians.com\/en\/wp-content\/uploads\/sites\/2\/2016\/06\/Society-at-the-time-of-Saint-Vincent-de-Paul.jpg?fit=1200%2C630&resize=350%2C200 1x, https:\/\/i0.wp.com\/vincentians.com\/en\/wp-content\/uploads\/sites\/2\/2016\/06\/Society-at-the-time-of-Saint-Vincent-de-Paul.jpg?fit=1200%2C630&resize=525%2C300 1.5x, https:\/\/i0.wp.com\/vincentians.com\/en\/wp-content\/uploads\/sites\/2\/2016\/06\/Society-at-the-time-of-Saint-Vincent-de-Paul.jpg?fit=1200%2C630&resize=700%2C400 2x, https:\/\/i0.wp.com\/vincentians.com\/en\/wp-content\/uploads\/sites\/2\/2016\/06\/Society-at-the-time-of-Saint-Vincent-de-Paul.jpg?fit=1200%2C630&resize=1050%2C600 3x"},"classes":[]}],"_links":{"self":[{"href":"http:\/\/vincentians.com\/en\/wp-json\/wp\/v2\/posts\/105017","targetHints":{"allow":["GET"]}}],"collection":[{"href":"http:\/\/vincentians.com\/en\/wp-json\/wp\/v2\/posts"}],"about":[{"href":"http:\/\/vincentians.com\/en\/wp-json\/wp\/v2\/types\/post"}],"author":[{"embeddable":true,"href":"http:\/\/vincentians.com\/en\/wp-json\/wp\/v2\/users\/4"}],"replies":[{"embeddable":true,"href":"http:\/\/vincentians.com\/en\/wp-json\/wp\/v2\/comments?post=105017"}],"version-history":[{"count":0,"href":"http:\/\/vincentians.com\/en\/wp-json\/wp\/v2\/posts\/105017\/revisions"}],"wp:featuredmedia":[{"embeddable":true,"href":"http:\/\/vincentians.com\/en\/wp-json\/wp\/v2\/media\/149124"}],"wp:attachment":[{"href":"http:\/\/vincentians.com\/en\/wp-json\/wp\/v2\/media?parent=105017"}],"wp:term":[{"taxonomy":"category","embeddable":true,"href":"http:\/\/vincentians.com\/en\/wp-json\/wp\/v2\/categories?post=105017"},{"taxonomy":"post_tag","embeddable":true,"href":"http:\/\/vincentians.com\/en\/wp-json\/wp\/v2\/tags?post=105017"}],"curies":[{"name":"wp","href":"https:\/\/api.w.org\/{rel}","templated":true}]}}