{"id":104943,"date":"2016-11-07T00:01:20","date_gmt":"2016-11-06T23:01:20","guid":{"rendered":"http:\/\/vincentians.com\/?p=104943"},"modified":"2016-07-19T11:31:33","modified_gmt":"2016-07-19T09:31:33","slug":"ephemerides-november-07","status":"publish","type":"post","link":"http:\/\/vincentians.com\/en\/ephemerides-november-07\/","title":{"rendered":"Ephemerides: November, 07"},"content":{"rendered":"<p><strong>1936<\/strong> In 1936, the last Vincentian missionaries of the so-called \u201cMartyrs of the Central House\u201d, are shot and killed in Madrid. They are: Brothers Gil Belascoain, Joaquin Zubillaga, Estanislao Paramo, and Frs. Jose Ibanez, Hilario Barriocanal, jose Santos, Benjam\u00edn Ortega. And in Paracuellos of Jarama (Madrid), Fr. Victoriano Reguero is shot and killed.<\/p>\n","protected":false},"excerpt":{"rendered":"<p>1936 In 1936, the last Vincentian missionaries of the so-called \u201cMartyrs of the Central House\u201d, are shot and killed in Madrid. They are: Brothers Gil Belascoain, Joaquin Zubillaga, Estanislao Paramo, and Frs. Jose Ibanez, Hilario &#8230; <a href=\"http:\/\/vincentians.com\/en\/ephemerides-november-07\/\" class=\"more-link\">Read More<\/a><\/p>\n","protected":false},"author":4,"featured_media":149897,"comment_status":"open","ping_status":"open","sticky":false,"template":"","format":"standard","meta":{"jetpack_post_was_ever_published":false,"_jetpack_newsletter_access":"","_jetpack_dont_email_post_to_subs":false,"_jetpack_newsletter_tier_id":0,"_jetpack_memberships_contains_paywalled_content":false,"_jetpack_memberships_contains_paid_content":false,"footnotes":"","jetpack_publicize_message":"","jetpack_publicize_feature_enabled":true,"jetpack_social_post_already_shared":true,"jetpack_social_options":{"image_generator_settings":{"template":"highway","default_image_id":0,"font":"","enabled":false},"version":2}},"categories":[60],"tags":[],"class_list":["post-104943","post","type-post","status-publish","format-standard","has-post-thumbnail","hentry","category-vincentian-ephemerides"],"yoast_head":"<!-- This site is optimized with the Yoast SEO plugin v26.3 - https:\/\/yoast.com\/wordpress\/plugins\/seo\/ -->\n<title>Ephemerides: November, 07 - We are Vincentians<\/title>\n<meta name=\"robots\" content=\"index, follow, max-snippet:-1, max-image-preview:large, max-video-preview:-1\" \/>\n<link rel=\"canonical\" href=\"http:\/\/vincentians.com\/en\/ephemerides-november-07\/\" \/>\n<meta property=\"og:locale\" content=\"en_US\" \/>\n<meta property=\"og:type\" content=\"article\" \/>\n<meta property=\"og:title\" content=\"Ephemerides: November, 07 - We are Vincentians\" \/>\n<meta property=\"og:description\" content=\"1936 In 1936, the last Vincentian missionaries of the so-called \u201cMartyrs of the Central House\u201d, are shot and killed in Madrid. They are: Brothers Gil Belascoain, Joaquin Zubillaga, Estanislao Paramo, and Frs. Jose Ibanez, Hilario ... Read More\" \/>\n<meta property=\"og:url\" content=\"http:\/\/vincentians.com\/en\/ephemerides-november-07\/\" \/>\n<meta property=\"og:site_name\" content=\"We are Vincentians\" \/>\n<meta property=\"article:publisher\" content=\"https:\/\/www.facebook.com\/WeAreVincentians\/\" \/>\n<meta property=\"article:author\" content=\"https:\/\/www.facebook.com\/JavierChento\" \/>\n<meta property=\"article:published_time\" content=\"2016-11-06T23:01:20+00:00\" \/>\n<meta property=\"og:image\" content=\"https:\/\/i0.wp.com\/vincentians.com\/en\/wp-content\/uploads\/sites\/2\/2016\/07\/ephemerides-fb.jpg?fit=1200%2C630\" \/>\n\t<meta property=\"og:image:width\" content=\"1200\" \/>\n\t<meta property=\"og:image:height\" content=\"630\" \/>\n\t<meta property=\"og:image:type\" content=\"image\/jpeg\" \/>\n<meta name=\"author\" content=\"Francisco Javier Fern\u00e1ndez Chento\" \/>\n<meta name=\"twitter:card\" content=\"summary_large_image\" \/>\n<meta name=\"twitter:creator\" content=\"@https:\/\/twitter.com\/javierchento\" \/>\n<meta name=\"twitter:site\" content=\"@WeVincentians\" \/>\n<meta name=\"twitter:label1\" content=\"Written by\" \/>\n\t<meta name=\"twitter:data1\" content=\"Francisco Javier Fern\u00e1ndez Chento\" \/>\n<script type=\"application\/ld+json\" class=\"yoast-schema-graph\">{\"@context\":\"https:\/\/schema.org\",\"@graph\":[{\"@type\":\"Article\",\"@id\":\"http:\/\/vincentians.com\/en\/ephemerides-november-07\/#article\",\"isPartOf\":{\"@id\":\"http:\/\/vincentians.com\/en\/ephemerides-november-07\/\"},\"author\":{\"name\":\"Francisco Javier Fern\u00e1ndez Chento\",\"@id\":\"https:\/\/vincentians.com\/en\/#\/schema\/person\/9623ef4d9aa3b2dfb8c061f1499288f2\"},\"headline\":\"Ephemerides: November, 07\",\"datePublished\":\"2016-11-06T23:01:20+00:00\",\"mainEntityOfPage\":{\"@id\":\"http:\/\/vincentians.com\/en\/ephemerides-november-07\/\"},\"wordCount\":54,\"commentCount\":0,\"publisher\":{\"@id\":\"https:\/\/vincentians.com\/en\/#organization\"},\"image\":{\"@id\":\"http:\/\/vincentians.com\/en\/ephemerides-november-07\/#primaryimage\"},\"thumbnailUrl\":\"https:\/\/i0.wp.com\/vincentians.com\/en\/wp-content\/uploads\/sites\/2\/2016\/07\/ephemerides-fb.jpg?fit=1200%2C630\",\"articleSection\":[\"Vincentian ephemerides\"],\"inLanguage\":\"en-US\",\"potentialAction\":[{\"@type\":\"CommentAction\",\"name\":\"Comment\",\"target\":[\"http:\/\/vincentians.com\/en\/ephemerides-november-07\/#respond\"]}]},{\"@type\":\"WebPage\",\"@id\":\"http:\/\/vincentians.com\/en\/ephemerides-november-07\/\",\"url\":\"http:\/\/vincentians.com\/en\/ephemerides-november-07\/\",\"name\":\"Ephemerides: November, 07 - We are Vincentians\",\"isPartOf\":{\"@id\":\"https:\/\/vincentians.com\/en\/#website\"},\"primaryImageOfPage\":{\"@id\":\"http:\/\/vincentians.com\/en\/ephemerides-november-07\/#primaryimage\"},\"image\":{\"@id\":\"http:\/\/vincentians.com\/en\/ephemerides-november-07\/#primaryimage\"},\"thumbnailUrl\":\"https:\/\/i0.wp.com\/vincentians.com\/en\/wp-content\/uploads\/sites\/2\/2016\/07\/ephemerides-fb.jpg?fit=1200%2C630\",\"datePublished\":\"2016-11-06T23:01:20+00:00\",\"breadcrumb\":{\"@id\":\"http:\/\/vincentians.com\/en\/ephemerides-november-07\/#breadcrumb\"},\"inLanguage\":\"en-US\",\"potentialAction\":[{\"@type\":\"ReadAction\",\"target\":[\"http:\/\/vincentians.com\/en\/ephemerides-november-07\/\"]}]},{\"@type\":\"ImageObject\",\"inLanguage\":\"en-US\",\"@id\":\"http:\/\/vincentians.com\/en\/ephemerides-november-07\/#primaryimage\",\"url\":\"https:\/\/i0.wp.com\/vincentians.com\/en\/wp-content\/uploads\/sites\/2\/2016\/07\/ephemerides-fb.jpg?fit=1200%2C630\",\"contentUrl\":\"https:\/\/i0.wp.com\/vincentians.com\/en\/wp-content\/uploads\/sites\/2\/2016\/07\/ephemerides-fb.jpg?fit=1200%2C630\",\"width\":1200,\"height\":630},{\"@type\":\"BreadcrumbList\",\"@id\":\"http:\/\/vincentians.com\/en\/ephemerides-november-07\/#breadcrumb\",\"itemListElement\":[{\"@type\":\"ListItem\",\"position\":1,\"name\":\"Portada\",\"item\":\"https:\/\/vincentians.com\/en\/\"},{\"@type\":\"ListItem\",\"position\":2,\"name\":\"Ephemerides: November, 07\"}]},{\"@type\":\"WebSite\",\"@id\":\"https:\/\/vincentians.com\/en\/#website\",\"url\":\"https:\/\/vincentians.com\/en\/\",\"name\":\"We are Vincentians\",\"description\":\"Know more to serve more\",\"publisher\":{\"@id\":\"https:\/\/vincentians.com\/en\/#organization\"},\"potentialAction\":[{\"@type\":\"SearchAction\",\"target\":{\"@type\":\"EntryPoint\",\"urlTemplate\":\"https:\/\/vincentians.com\/en\/?s={search_term_string}\"},\"query-input\":{\"@type\":\"PropertyValueSpecification\",\"valueRequired\":true,\"valueName\":\"search_term_string\"}}],\"inLanguage\":\"en-US\"},{\"@type\":\"Organization\",\"@id\":\"https:\/\/vincentians.com\/en\/#organization\",\"name\":\"The Vincentian Network\",\"url\":\"https:\/\/vincentians.com\/en\/\",\"logo\":{\"@type\":\"ImageObject\",\"inLanguage\":\"en-US\",\"@id\":\"https:\/\/vincentians.com\/en\/#\/schema\/logo\/image\/\",\"url\":\"https:\/\/i1.wp.com\/vincentians.com\/en\/wp-content\/uploads\/sites\/2\/2016\/06\/Vincentian-Network-logo-big.png?fit=778%2C778&ssl=1\",\"contentUrl\":\"https:\/\/i1.wp.com\/vincentians.com\/en\/wp-content\/uploads\/sites\/2\/2016\/06\/Vincentian-Network-logo-big.png?fit=778%2C778&ssl=1\",\"width\":778,\"height\":778,\"caption\":\"The Vincentian Network\"},\"image\":{\"@id\":\"https:\/\/vincentians.com\/en\/#\/schema\/logo\/image\/\"},\"sameAs\":[\"https:\/\/www.facebook.com\/WeAreVincentians\/\",\"https:\/\/x.com\/WeVincentians\"]},{\"@type\":\"Person\",\"@id\":\"https:\/\/vincentians.com\/en\/#\/schema\/person\/9623ef4d9aa3b2dfb8c061f1499288f2\",\"name\":\"Francisco Javier Fern\u00e1ndez Chento\",\"image\":{\"@type\":\"ImageObject\",\"inLanguage\":\"en-US\",\"@id\":\"https:\/\/vincentians.com\/en\/#\/schema\/person\/image\/\",\"url\":\"https:\/\/secure.gravatar.com\/avatar\/497d5cde87b4c3d097d0315953521681ba2cd523ee66e5077c3711f7021e65de?s=96&d=mm&r=g\",\"contentUrl\":\"https:\/\/secure.gravatar.com\/avatar\/497d5cde87b4c3d097d0315953521681ba2cd523ee66e5077c3711f7021e65de?s=96&d=mm&r=g\",\"caption\":\"Francisco Javier Fern\u00e1ndez Chento\"},\"description\":\"Director General y cofundador de La Red de Formaci\u00f3n Vicenciana. Javier es laico vicenciano, afiliado a la Congregaci\u00f3n de la Misi\u00f3n y miembro del Equipo de Misiones Populares de la provincia can\u00f3nica de Zaragoza (Espa\u00f1a) de la Congregaci\u00f3n de la Misi\u00f3n. Graduado en la Universidad Oberta de Catalunya con cuatro grados (Asistente de direcci\u00f3n, Gesti\u00f3n Administrativa, Recursos Humanos y Contabilidad Avanzada). Bil\u00edng\u00fce Espa\u00f1ol\/Ingl\u00e9s. gestiona y mantiene varias p\u00e1ginas web cristianas y vicencianas, incluida including La Red de Formaci\u00f3n Vicenciana, de la que es cofundador. Actualmente es responsable del \u00e1rea de Espa\u00f1ol de .famvin, la Red de Noticias de la Familia Vicenciana. Tambi\u00e9n es m\u00fasico cat\u00f3lico y ha editado varios discos. Es Director General y cofundador de Trovador, una reconocida compa\u00f1\u00eda discogr\u00e1fica critiana de Espa\u00f1a. Trabaja en las Tecnolog\u00edas de la Informaci\u00f3n, ofreciendo servicios de alojamiento, dise\u00f1o y mantenimiento Web, as\u00ed como asesoramiento, formaci\u00f3n y soluciones inform\u00e1ticas, gesti\u00f3n documental y digitalizaci\u00f3n de textos, edici\u00f3n y maquetaci\u00f3n de libros, revistas, flyers, etc.\",\"sameAs\":[\"http:\/\/chento.org\",\"https:\/\/www.facebook.com\/JavierChento\",\"https:\/\/x.com\/https:\/\/twitter.com\/javierchento\"],\"url\":\"http:\/\/vincentians.com\/en\/author\/chento\/\"}]}<\/script>\n<!-- \/ Yoast SEO plugin. -->","yoast_head_json":{"title":"Ephemerides: November, 07 - We are Vincentians","robots":{"index":"index","follow":"follow","max-snippet":"max-snippet:-1","max-image-preview":"max-image-preview:large","max-video-preview":"max-video-preview:-1"},"canonical":"http:\/\/vincentians.com\/en\/ephemerides-november-07\/","og_locale":"en_US","og_type":"article","og_title":"Ephemerides: November, 07 - We are Vincentians","og_description":"1936 In 1936, the last Vincentian missionaries of the so-called \u201cMartyrs of the Central House\u201d, are shot and killed in Madrid. They are: Brothers Gil Belascoain, Joaquin Zubillaga, Estanislao Paramo, and Frs. Jose Ibanez, Hilario ... Read More","og_url":"http:\/\/vincentians.com\/en\/ephemerides-november-07\/","og_site_name":"We are Vincentians","article_publisher":"https:\/\/www.facebook.com\/WeAreVincentians\/","article_author":"https:\/\/www.facebook.com\/JavierChento","article_published_time":"2016-11-06T23:01:20+00:00","og_image":[{"width":1200,"height":630,"url":"https:\/\/i0.wp.com\/vincentians.com\/en\/wp-content\/uploads\/sites\/2\/2016\/07\/ephemerides-fb.jpg?fit=1200%2C630","type":"image\/jpeg"}],"author":"Francisco Javier Fern\u00e1ndez Chento","twitter_card":"summary_large_image","twitter_creator":"@https:\/\/twitter.com\/javierchento","twitter_site":"@WeVincentians","twitter_misc":{"Written by":"Francisco Javier Fern\u00e1ndez Chento"},"schema":{"@context":"https:\/\/schema.org","@graph":[{"@type":"Article","@id":"http:\/\/vincentians.com\/en\/ephemerides-november-07\/#article","isPartOf":{"@id":"http:\/\/vincentians.com\/en\/ephemerides-november-07\/"},"author":{"name":"Francisco Javier Fern\u00e1ndez Chento","@id":"https:\/\/vincentians.com\/en\/#\/schema\/person\/9623ef4d9aa3b2dfb8c061f1499288f2"},"headline":"Ephemerides: November, 07","datePublished":"2016-11-06T23:01:20+00:00","mainEntityOfPage":{"@id":"http:\/\/vincentians.com\/en\/ephemerides-november-07\/"},"wordCount":54,"commentCount":0,"publisher":{"@id":"https:\/\/vincentians.com\/en\/#organization"},"image":{"@id":"http:\/\/vincentians.com\/en\/ephemerides-november-07\/#primaryimage"},"thumbnailUrl":"https:\/\/i0.wp.com\/vincentians.com\/en\/wp-content\/uploads\/sites\/2\/2016\/07\/ephemerides-fb.jpg?fit=1200%2C630","articleSection":["Vincentian ephemerides"],"inLanguage":"en-US","potentialAction":[{"@type":"CommentAction","name":"Comment","target":["http:\/\/vincentians.com\/en\/ephemerides-november-07\/#respond"]}]},{"@type":"WebPage","@id":"http:\/\/vincentians.com\/en\/ephemerides-november-07\/","url":"http:\/\/vincentians.com\/en\/ephemerides-november-07\/","name":"Ephemerides: November, 07 - We are Vincentians","isPartOf":{"@id":"https:\/\/vincentians.com\/en\/#website"},"primaryImageOfPage":{"@id":"http:\/\/vincentians.com\/en\/ephemerides-november-07\/#primaryimage"},"image":{"@id":"http:\/\/vincentians.com\/en\/ephemerides-november-07\/#primaryimage"},"thumbnailUrl":"https:\/\/i0.wp.com\/vincentians.com\/en\/wp-content\/uploads\/sites\/2\/2016\/07\/ephemerides-fb.jpg?fit=1200%2C630","datePublished":"2016-11-06T23:01:20+00:00","breadcrumb":{"@id":"http:\/\/vincentians.com\/en\/ephemerides-november-07\/#breadcrumb"},"inLanguage":"en-US","potentialAction":[{"@type":"ReadAction","target":["http:\/\/vincentians.com\/en\/ephemerides-november-07\/"]}]},{"@type":"ImageObject","inLanguage":"en-US","@id":"http:\/\/vincentians.com\/en\/ephemerides-november-07\/#primaryimage","url":"https:\/\/i0.wp.com\/vincentians.com\/en\/wp-content\/uploads\/sites\/2\/2016\/07\/ephemerides-fb.jpg?fit=1200%2C630","contentUrl":"https:\/\/i0.wp.com\/vincentians.com\/en\/wp-content\/uploads\/sites\/2\/2016\/07\/ephemerides-fb.jpg?fit=1200%2C630","width":1200,"height":630},{"@type":"BreadcrumbList","@id":"http:\/\/vincentians.com\/en\/ephemerides-november-07\/#breadcrumb","itemListElement":[{"@type":"ListItem","position":1,"name":"Portada","item":"https:\/\/vincentians.com\/en\/"},{"@type":"ListItem","position":2,"name":"Ephemerides: November, 07"}]},{"@type":"WebSite","@id":"https:\/\/vincentians.com\/en\/#website","url":"https:\/\/vincentians.com\/en\/","name":"We are Vincentians","description":"Know more to serve more","publisher":{"@id":"https:\/\/vincentians.com\/en\/#organization"},"potentialAction":[{"@type":"SearchAction","target":{"@type":"EntryPoint","urlTemplate":"https:\/\/vincentians.com\/en\/?s={search_term_string}"},"query-input":{"@type":"PropertyValueSpecification","valueRequired":true,"valueName":"search_term_string"}}],"inLanguage":"en-US"},{"@type":"Organization","@id":"https:\/\/vincentians.com\/en\/#organization","name":"The Vincentian Network","url":"https:\/\/vincentians.com\/en\/","logo":{"@type":"ImageObject","inLanguage":"en-US","@id":"https:\/\/vincentians.com\/en\/#\/schema\/logo\/image\/","url":"https:\/\/i1.wp.com\/vincentians.com\/en\/wp-content\/uploads\/sites\/2\/2016\/06\/Vincentian-Network-logo-big.png?fit=778%2C778&ssl=1","contentUrl":"https:\/\/i1.wp.com\/vincentians.com\/en\/wp-content\/uploads\/sites\/2\/2016\/06\/Vincentian-Network-logo-big.png?fit=778%2C778&ssl=1","width":778,"height":778,"caption":"The Vincentian Network"},"image":{"@id":"https:\/\/vincentians.com\/en\/#\/schema\/logo\/image\/"},"sameAs":["https:\/\/www.facebook.com\/WeAreVincentians\/","https:\/\/x.com\/WeVincentians"]},{"@type":"Person","@id":"https:\/\/vincentians.com\/en\/#\/schema\/person\/9623ef4d9aa3b2dfb8c061f1499288f2","name":"Francisco Javier Fern\u00e1ndez Chento","image":{"@type":"ImageObject","inLanguage":"en-US","@id":"https:\/\/vincentians.com\/en\/#\/schema\/person\/image\/","url":"https:\/\/secure.gravatar.com\/avatar\/497d5cde87b4c3d097d0315953521681ba2cd523ee66e5077c3711f7021e65de?s=96&d=mm&r=g","contentUrl":"https:\/\/secure.gravatar.com\/avatar\/497d5cde87b4c3d097d0315953521681ba2cd523ee66e5077c3711f7021e65de?s=96&d=mm&r=g","caption":"Francisco Javier Fern\u00e1ndez Chento"},"description":"Director General y cofundador de La Red de Formaci\u00f3n Vicenciana. Javier es laico vicenciano, afiliado a la Congregaci\u00f3n de la Misi\u00f3n y miembro del Equipo de Misiones Populares de la provincia can\u00f3nica de Zaragoza (Espa\u00f1a) de la Congregaci\u00f3n de la Misi\u00f3n. Graduado en la Universidad Oberta de Catalunya con cuatro grados (Asistente de direcci\u00f3n, Gesti\u00f3n Administrativa, Recursos Humanos y Contabilidad Avanzada). Bil\u00edng\u00fce Espa\u00f1ol\/Ingl\u00e9s. gestiona y mantiene varias p\u00e1ginas web cristianas y vicencianas, incluida including La Red de Formaci\u00f3n Vicenciana, de la que es cofundador. Actualmente es responsable del \u00e1rea de Espa\u00f1ol de .famvin, la Red de Noticias de la Familia Vicenciana. Tambi\u00e9n es m\u00fasico cat\u00f3lico y ha editado varios discos. Es Director General y cofundador de Trovador, una reconocida compa\u00f1\u00eda discogr\u00e1fica critiana de Espa\u00f1a. Trabaja en las Tecnolog\u00edas de la Informaci\u00f3n, ofreciendo servicios de alojamiento, dise\u00f1o y mantenimiento Web, as\u00ed como asesoramiento, formaci\u00f3n y soluciones inform\u00e1ticas, gesti\u00f3n documental y digitalizaci\u00f3n de textos, edici\u00f3n y maquetaci\u00f3n de libros, revistas, flyers, etc.","sameAs":["http:\/\/chento.org","https:\/\/www.facebook.com\/JavierChento","https:\/\/x.com\/https:\/\/twitter.com\/javierchento"],"url":"http:\/\/vincentians.com\/en\/author\/chento\/"}]}},"jetpack_publicize_connections":[],"jetpack_featured_media_url":"https:\/\/i0.wp.com\/vincentians.com\/en\/wp-content\/uploads\/sites\/2\/2016\/07\/ephemerides-fb.jpg?fit=1200%2C630","jetpack_sharing_enabled":true,"jetpack_shortlink":"https:\/\/wp.me\/p7K2Ow-riD","jetpack-related-posts":[{"id":104968,"url":"http:\/\/vincentians.com\/en\/ephemerides-november-27\/","url_meta":{"origin":104943,"position":0},"title":"Ephemerides: November, 27","author":"Francisco Javier Fern\u00e1ndez Chento","date":"November 27, 2016","format":false,"excerpt":"1830 In 1830, the apparition of the Virgin Mary to St. Catherine Laboure at 5:30 p.m. in the chapel of the Mother House on Rue Du Bac. 1894 In 1894, the celebration for the first time in the Chapel of the Apparitions, the Feast instituted by Leo XIII, of the\u2026","rel":"","context":"In &quot;Vincentian ephemerides&quot;","block_context":{"text":"Vincentian ephemerides","link":"http:\/\/vincentians.com\/en\/category\/history-of-the-vincentian-family\/vincentian-ephemerides\/"},"img":{"alt_text":"","src":"https:\/\/i0.wp.com\/vincentians.com\/en\/wp-content\/uploads\/sites\/2\/2016\/07\/ephemerides-fb.jpg?fit=1200%2C630&resize=350%2C200","width":350,"height":200,"srcset":"https:\/\/i0.wp.com\/vincentians.com\/en\/wp-content\/uploads\/sites\/2\/2016\/07\/ephemerides-fb.jpg?fit=1200%2C630&resize=350%2C200 1x, https:\/\/i0.wp.com\/vincentians.com\/en\/wp-content\/uploads\/sites\/2\/2016\/07\/ephemerides-fb.jpg?fit=1200%2C630&resize=525%2C300 1.5x, https:\/\/i0.wp.com\/vincentians.com\/en\/wp-content\/uploads\/sites\/2\/2016\/07\/ephemerides-fb.jpg?fit=1200%2C630&resize=700%2C400 2x, https:\/\/i0.wp.com\/vincentians.com\/en\/wp-content\/uploads\/sites\/2\/2016\/07\/ephemerides-fb.jpg?fit=1200%2C630&resize=1050%2C600 3x"},"classes":[]},{"id":104939,"url":"http:\/\/vincentians.com\/en\/ephemerides-november-17\/","url_meta":{"origin":104943,"position":1},"title":"Ephemerides: November, 17","author":"Francisco Javier Fern\u00e1ndez Chento","date":"November 17, 2016","format":false,"excerpt":"1793 In 1793, in Nantes, 90 priests are imprisioned on the ship \"La Gloire\". They are tied at the ankles in groups of four and thrown into the sea at night. Those who tried to saved themselves are shot. Among the priests was the missioner Fr. Paul Alexia Juli\u00e1n Lucas.\u2026","rel":"","context":"In &quot;Vincentian ephemerides&quot;","block_context":{"text":"Vincentian ephemerides","link":"http:\/\/vincentians.com\/en\/category\/history-of-the-vincentian-family\/vincentian-ephemerides\/"},"img":{"alt_text":"","src":"https:\/\/i0.wp.com\/vincentians.com\/en\/wp-content\/uploads\/sites\/2\/2016\/07\/ephemerides-fb.jpg?fit=1200%2C630&resize=350%2C200","width":350,"height":200,"srcset":"https:\/\/i0.wp.com\/vincentians.com\/en\/wp-content\/uploads\/sites\/2\/2016\/07\/ephemerides-fb.jpg?fit=1200%2C630&resize=350%2C200 1x, https:\/\/i0.wp.com\/vincentians.com\/en\/wp-content\/uploads\/sites\/2\/2016\/07\/ephemerides-fb.jpg?fit=1200%2C630&resize=525%2C300 1.5x, https:\/\/i0.wp.com\/vincentians.com\/en\/wp-content\/uploads\/sites\/2\/2016\/07\/ephemerides-fb.jpg?fit=1200%2C630&resize=700%2C400 2x, https:\/\/i0.wp.com\/vincentians.com\/en\/wp-content\/uploads\/sites\/2\/2016\/07\/ephemerides-fb.jpg?fit=1200%2C630&resize=1050%2C600 3x"},"classes":[]},{"id":152800,"url":"http:\/\/vincentians.com\/en\/ephemerides-august-24\/","url_meta":{"origin":104943,"position":2},"title":"Ephemerides: August, 24","author":"Francisco Javier Fern\u00e1ndez Chento","date":"August 24, 2016","format":false,"excerpt":"1634: The Association of the Colunteers of Charity is established in Argenteuil. Today this place is a street in the city of Paris. 1654: Louise offers a prayer (almost a mystical contemplation) on the phrase \u201cGod is my God.\u201d 1657: Vincent responds to Fr. Jolly and says: \u201cYou sent me\u2026","rel":"","context":"In &quot;Vincentian ephemerides&quot;","block_context":{"text":"Vincentian ephemerides","link":"http:\/\/vincentians.com\/en\/category\/history-of-the-vincentian-family\/vincentian-ephemerides\/"},"img":{"alt_text":"","src":"https:\/\/i0.wp.com\/vincentians.com\/en\/wp-content\/uploads\/sites\/2\/2016\/07\/ephemerides-fb.jpg?fit=1200%2C630&resize=350%2C200","width":350,"height":200,"srcset":"https:\/\/i0.wp.com\/vincentians.com\/en\/wp-content\/uploads\/sites\/2\/2016\/07\/ephemerides-fb.jpg?fit=1200%2C630&resize=350%2C200 1x, https:\/\/i0.wp.com\/vincentians.com\/en\/wp-content\/uploads\/sites\/2\/2016\/07\/ephemerides-fb.jpg?fit=1200%2C630&resize=525%2C300 1.5x, https:\/\/i0.wp.com\/vincentians.com\/en\/wp-content\/uploads\/sites\/2\/2016\/07\/ephemerides-fb.jpg?fit=1200%2C630&resize=700%2C400 2x, https:\/\/i0.wp.com\/vincentians.com\/en\/wp-content\/uploads\/sites\/2\/2016\/07\/ephemerides-fb.jpg?fit=1200%2C630&resize=1050%2C600 3x"},"classes":[]},{"id":104636,"url":"http:\/\/vincentians.com\/en\/ephemerides-october-17\/","url_meta":{"origin":104943,"position":3},"title":"Ephemerides: October, 17","author":"Francisco Javier Fern\u00e1ndez Chento","date":"October 17, 2016","format":false,"excerpt":"1655 During a repetition of prayer Vincent says: \u201cPerfection does not consist in escatasies, but in doing God\u2019s will. Now who is there so perfect as to be wanting in nothing? No man is perfect, and even the just man falls seven times a day?....Perfection consists in so uniting our\u2026","rel":"","context":"In &quot;Vincentian ephemerides&quot;","block_context":{"text":"Vincentian ephemerides","link":"http:\/\/vincentians.com\/en\/category\/history-of-the-vincentian-family\/vincentian-ephemerides\/"},"img":{"alt_text":"","src":"https:\/\/i0.wp.com\/vincentians.com\/en\/wp-content\/uploads\/sites\/2\/2016\/07\/ephemerides-fb.jpg?fit=1200%2C630&resize=350%2C200","width":350,"height":200,"srcset":"https:\/\/i0.wp.com\/vincentians.com\/en\/wp-content\/uploads\/sites\/2\/2016\/07\/ephemerides-fb.jpg?fit=1200%2C630&resize=350%2C200 1x, https:\/\/i0.wp.com\/vincentians.com\/en\/wp-content\/uploads\/sites\/2\/2016\/07\/ephemerides-fb.jpg?fit=1200%2C630&resize=525%2C300 1.5x, https:\/\/i0.wp.com\/vincentians.com\/en\/wp-content\/uploads\/sites\/2\/2016\/07\/ephemerides-fb.jpg?fit=1200%2C630&resize=700%2C400 2x, https:\/\/i0.wp.com\/vincentians.com\/en\/wp-content\/uploads\/sites\/2\/2016\/07\/ephemerides-fb.jpg?fit=1200%2C630&resize=1050%2C600 3x"},"classes":[]},{"id":152795,"url":"http:\/\/vincentians.com\/en\/ephemerides-august-19\/","url_meta":{"origin":104943,"position":4},"title":"Ephemerides: August, 19","author":"Francisco Javier Fern\u00e1ndez Chento","date":"August 19, 2016","format":false,"excerpt":"1642: Letter of Louise to Vincent indicating the difficulties of place the abandoned children in Bicetre. 1655: Louise writes to the Daughters in Poland explaining to them the meaning of community life and the need for inculturation. 1724: The 9th General Assembly of the Congregation comes to a close with\u2026","rel":"","context":"In &quot;Vincentian ephemerides&quot;","block_context":{"text":"Vincentian ephemerides","link":"http:\/\/vincentians.com\/en\/category\/history-of-the-vincentian-family\/vincentian-ephemerides\/"},"img":{"alt_text":"","src":"https:\/\/i0.wp.com\/vincentians.com\/en\/wp-content\/uploads\/sites\/2\/2016\/07\/ephemerides-fb.jpg?fit=1200%2C630&resize=350%2C200","width":350,"height":200,"srcset":"https:\/\/i0.wp.com\/vincentians.com\/en\/wp-content\/uploads\/sites\/2\/2016\/07\/ephemerides-fb.jpg?fit=1200%2C630&resize=350%2C200 1x, https:\/\/i0.wp.com\/vincentians.com\/en\/wp-content\/uploads\/sites\/2\/2016\/07\/ephemerides-fb.jpg?fit=1200%2C630&resize=525%2C300 1.5x, https:\/\/i0.wp.com\/vincentians.com\/en\/wp-content\/uploads\/sites\/2\/2016\/07\/ephemerides-fb.jpg?fit=1200%2C630&resize=700%2C400 2x, https:\/\/i0.wp.com\/vincentians.com\/en\/wp-content\/uploads\/sites\/2\/2016\/07\/ephemerides-fb.jpg?fit=1200%2C630&resize=1050%2C600 3x"},"classes":[]},{"id":104632,"url":"http:\/\/vincentians.com\/en\/ephemerides-october-13\/","url_meta":{"origin":104943,"position":5},"title":"Ephemerides: October, 13","author":"Francisco Javier Fern\u00e1ndez Chento","date":"October 13, 2016","format":false,"excerpt":"1642 Beginning of the First General Assembly of the Congregation of the Mission. 1650 Letter of Alain de Solminhac written to Vincent and highlights his work against Jansenism, citing the way in which Vincent was able to convince the French bishops of the dangers of this doctrine. 1658 In a\u2026","rel":"","context":"In &quot;Vincentian ephemerides&quot;","block_context":{"text":"Vincentian ephemerides","link":"http:\/\/vincentians.com\/en\/category\/history-of-the-vincentian-family\/vincentian-ephemerides\/"},"img":{"alt_text":"","src":"https:\/\/i0.wp.com\/vincentians.com\/en\/wp-content\/uploads\/sites\/2\/2016\/07\/ephemerides-fb.jpg?fit=1200%2C630&resize=350%2C200","width":350,"height":200,"srcset":"https:\/\/i0.wp.com\/vincentians.com\/en\/wp-content\/uploads\/sites\/2\/2016\/07\/ephemerides-fb.jpg?fit=1200%2C630&resize=350%2C200 1x, https:\/\/i0.wp.com\/vincentians.com\/en\/wp-content\/uploads\/sites\/2\/2016\/07\/ephemerides-fb.jpg?fit=1200%2C630&resize=525%2C300 1.5x, https:\/\/i0.wp.com\/vincentians.com\/en\/wp-content\/uploads\/sites\/2\/2016\/07\/ephemerides-fb.jpg?fit=1200%2C630&resize=700%2C400 2x, https:\/\/i0.wp.com\/vincentians.com\/en\/wp-content\/uploads\/sites\/2\/2016\/07\/ephemerides-fb.jpg?fit=1200%2C630&resize=1050%2C600 3x"},"classes":[]}],"_links":{"self":[{"href":"http:\/\/vincentians.com\/en\/wp-json\/wp\/v2\/posts\/104943","targetHints":{"allow":["GET"]}}],"collection":[{"href":"http:\/\/vincentians.com\/en\/wp-json\/wp\/v2\/posts"}],"about":[{"href":"http:\/\/vincentians.com\/en\/wp-json\/wp\/v2\/types\/post"}],"author":[{"embeddable":true,"href":"http:\/\/vincentians.com\/en\/wp-json\/wp\/v2\/users\/4"}],"replies":[{"embeddable":true,"href":"http:\/\/vincentians.com\/en\/wp-json\/wp\/v2\/comments?post=104943"}],"version-history":[{"count":0,"href":"http:\/\/vincentians.com\/en\/wp-json\/wp\/v2\/posts\/104943\/revisions"}],"wp:featuredmedia":[{"embeddable":true,"href":"http:\/\/vincentians.com\/en\/wp-json\/wp\/v2\/media\/149897"}],"wp:attachment":[{"href":"http:\/\/vincentians.com\/en\/wp-json\/wp\/v2\/media?parent=104943"}],"wp:term":[{"taxonomy":"category","embeddable":true,"href":"http:\/\/vincentians.com\/en\/wp-json\/wp\/v2\/categories?post=104943"},{"taxonomy":"post_tag","embeddable":true,"href":"http:\/\/vincentians.com\/en\/wp-json\/wp\/v2\/tags?post=104943"}],"curies":[{"name":"wp","href":"https:\/\/api.w.org\/{rel}","templated":true}]}}