{"id":104893,"date":"2013-11-13T02:34:55","date_gmt":"2013-11-13T01:34:55","guid":{"rendered":"http:\/\/vincentians.com\/blog\/blessed-frederic-ozanam-biography-2-2\/"},"modified":"2016-07-10T14:49:13","modified_gmt":"2016-07-10T12:49:13","slug":"blessed-frederic-ozanam-biography-iii","status":"publish","type":"post","link":"http:\/\/vincentians.com\/en\/blessed-frederic-ozanam-biography-iii\/","title":{"rendered":"Blessed Frederic Ozanam Biography (III)"},"content":{"rendered":"<h2 align=\"center\"><strong>Faith and Charity <\/strong><\/h2>\n<h3><strong>The poor: The face of Christ <\/strong><\/h3>\n<p>In Frederic Ozanam\u2019s eyes, faith without charity had no meaning. That is why his advice turned quickly into an entreaty when he spoke to his young friends: <em>\u201cThe earth has become a chilly place. <\/em><em>It is up to us Catholics to rekindle the flame of human warmth going out. It is up to us to recommence the great work of regeneration even if it means another era of martyrs&#8230;.\u201d <\/em><\/p>\n<p><em>Can we remain passive in the midst of a world suffering and groaning? And as for us, my dear friend, are we going to make no attempt to be like those saints whom we love? <\/em><\/p>\n<p><em>If we don\u2019t know how to love God, it seems that we need to see Him in order to love and we can only see God with the eyes of faith, and our faith is so weak! But men, the poor, we see them with the eyes of flesh. They are there before us and we can place our finger and hand in their wounds and the marks of the Crown of Thorns are visible on their foreheads. Thus there is no possible room for disbelief and we should fall at their feet and say to them with the apostle: \u201cMy Lord and my God, You are our Master and we will be your servants. You are for us the sacred image of the God that we cannot see. Since we know not how to love him otherwise, we will love him in your people.\u201d <\/em><\/p>\n<p>These admirable words are the echo of those of Saint Vincent de Paul, the saint whose birthplace was in Pouy in the Landes area. This was the object of Frederic\u2019s last pilgrimage in 1852. This saint became the model and protector of the Conference of Charity of which Frederic Ozanam was the principal founder in 1833. It was to blossom in the context of the Society of Saint Vincent de Paul.<\/p>\n<h3><strong>Charity: The Daughter of Faith <\/strong><\/h3>\n<p>Frederic was always ready to defend and glorify the Catholic Faith. This is why, with a group of students who shared his faith with him, in 1833 he went to see the Archbishop of Paris, Mgr. de Qu\u00e9len, to suggest that the archbishop organize, for the general public and the young in particular, a series of powerful and convincing lectures in the Cathedral of Notre Dame. After two years of negotiation, Father Henry Lacordaire immediately made the \u201cConferences de Notre Dame\u201d famous with his matchless eloquence.<\/p>\n<div id=\"attachment_150376\" style=\"width: 243px\" class=\"wp-caption alignright\"><a href=\"https:\/\/i0.wp.com\/vincentians.com\/en\/wp-content\/uploads\/sites\/2\/2013\/11\/ozanam_01.jpg\"><img data-recalc-dims=\"1\" loading=\"lazy\" decoding=\"async\" aria-describedby=\"caption-attachment-150376\" data-attachment-id=\"150376\" data-permalink=\"http:\/\/vincentians.com\/en\/blessed-frederic-ozanam-biography-iii\/ozanam_01\/\" data-orig-file=\"https:\/\/i0.wp.com\/vincentians.com\/en\/wp-content\/uploads\/sites\/2\/2013\/11\/ozanam_01.jpg?fit=268%2C345\" data-orig-size=\"268,345\" data-comments-opened=\"1\" data-image-meta=\"{&quot;aperture&quot;:&quot;0&quot;,&quot;credit&quot;:&quot;&quot;,&quot;camera&quot;:&quot;&quot;,&quot;caption&quot;:&quot;&quot;,&quot;created_timestamp&quot;:&quot;0&quot;,&quot;copyright&quot;:&quot;&quot;,&quot;focal_length&quot;:&quot;0&quot;,&quot;iso&quot;:&quot;0&quot;,&quot;shutter_speed&quot;:&quot;0&quot;,&quot;title&quot;:&quot;&quot;,&quot;orientation&quot;:&quot;0&quot;}\" data-image-title=\"ozanam_01\" data-image-description=\"\" data-image-caption=\"&lt;p&gt;Popular portrait of Antoine Fr\u00e9d\u00e9ric Ozanam (1813-1853) in mid-life. Image collection of the Vincentian Studies Institute&lt;\/p&gt;\n\" data-medium-file=\"https:\/\/i0.wp.com\/vincentians.com\/en\/wp-content\/uploads\/sites\/2\/2013\/11\/ozanam_01.jpg?fit=233%2C300\" data-large-file=\"https:\/\/i0.wp.com\/vincentians.com\/en\/wp-content\/uploads\/sites\/2\/2013\/11\/ozanam_01.jpg?fit=268%2C345\" class=\"size-medium wp-image-150376\" src=\"https:\/\/i0.wp.com\/vincentians.com\/en\/wp-content\/uploads\/sites\/2\/2013\/11\/ozanam_01.jpg?resize=233%2C300\" alt=\"Popular portrait of Antoine Fr\u00e9d\u00e9ric Ozanam (1813-1853) in mid-life. Image collection of the Vincentian Studies Institute\" width=\"233\" height=\"300\" srcset=\"https:\/\/i0.wp.com\/vincentians.com\/en\/wp-content\/uploads\/sites\/2\/2013\/11\/ozanam_01.jpg?resize=233%2C300 233w, https:\/\/i0.wp.com\/vincentians.com\/en\/wp-content\/uploads\/sites\/2\/2013\/11\/ozanam_01.jpg?resize=78%2C100 78w, https:\/\/i0.wp.com\/vincentians.com\/en\/wp-content\/uploads\/sites\/2\/2013\/11\/ozanam_01.jpg?resize=100%2C129 100w, https:\/\/i0.wp.com\/vincentians.com\/en\/wp-content\/uploads\/sites\/2\/2013\/11\/ozanam_01.jpg?w=268 268w\" sizes=\"auto, (max-width: 233px) 100vw, 233px\" \/><\/a><p id=\"caption-attachment-150376\" class=\"wp-caption-text\">Popular portrait of Antoine Fr\u00e9d\u00e9ric Ozanam (1813-1853) in mid-life. Image collection of the Vincentian Studies Institute<\/p><\/div>\n<p>For his part, Emmanuel Bailly gathered together in the Place Estrapade a literary circle or \u201cConference of History\u201d open to young people of all convictions. Ozanam took part in it; he drew recognition because of his qualities and because he did not hesitate to stand up against opposing beliefs. He bore, with difficulty, the criticism that the Conference of History was merely a talking shop exchanging empty words that led nowhere. This inspired him to start the \u201cConference of Charity\u201d which would show unbelievers that the Christian faith is naturally active, and also a means of sanctification for its members.<\/p>\n<h3><strong>The Society of Saint Vincent de Paul <\/strong><\/h3>\n<p>On April 23<sup>rd<\/sup> 1833, Frederic\u2019s birthday, the first meeting took place at 18 rue du Petit-Bourbon Saint-Sulpice, in the office of the \u201cLa Tribune Catholique\u201d newspaper of which Emmanuel Bailly was the chief editor. He had gathered around him six students aged between 19 and 23: Fran\u00e7ois Lallier, Frederic Ozanam, Jules Devaux, Felix Clave, Auguste le Taillandier, Paul Lamanche.<\/p>\n<p>This small group of young men placed itself less than a year later under the patronage of Saint Vincent de Paul whose spirit and example inspired them. The Society of Saint Vincent de Paul had come into being.<\/p>\n<p>Its first president was Emmanuel Bailly, but its most symbolic figure was Frederic Ozanam, owing to his influence and activity. He always refused, however, to be considered as \u201cthe\u201d founder of a society which, according to him <em>\u201cit should neither be a political party, nor a school, nor a brotherhood\u2026 but profoundly Catholic at the same time as being secular.\u201d <\/em><\/p>\n<p>It was then that the providential meeting took place between the pioneers of the Conference of Charity and the famous Daughter of Charity of Saint Vincent de Paul, Sister Rosalie Rendu, \u201cmother of an entire people\u201d of the destitute neighbourhood of the rue Mouffetard, Saint Marceau suburb, next to the Church Saint-Etienne du Mont, where the first Conference was founded.<\/p>\n<p>Sister Rosalie grasped the vocation of these enthusiastic and generous young people. She led them to the poor and taught them how to serve them with love and respect in the most authentic tradition of Saint Vincent de Paul.<\/p>\n<p>Always concerned not to make his presence felt, Frederic became a member of the General Council of the Society and in 1844, with Cornudet, Vice-President General. However, he was never to become General President, except temporarily after the uprisings of June 1848, during which the President Adolphe Baudon was wounded.<\/p>\n<p>He took advantage of this temporary term to evoke the requirements of charity: discretion, tact, respect for a person\u2019s dignity, the avoidance of all misplaced proselytising. <em>\u201cLet us only introduce religion into our conversation when it comes up naturally\u2026\u201d <\/em><\/p>\n<p><em>\u201cIt is to be feared that an overzealous desire to convert people merely produces hypocrites\u201d. <\/em>In Frederic Ozanam\u2019s eyes, visiting the poor in their homes, an indispensable task of the members, should be carried out in a spirit of humility.<\/p>\n<p>From 1836 to the end of 1837, Frederic led the only Conference in Lyon, which decided to divide into two Conferences that same year. A special council was thereby formed and placed under his presidency, until 1839, when Joseph Arthaud replaced him.<\/p>\n<p>Tirelessly devoted to his cause, Frederic, in addition to visiting the poor, also included in his activities assisting people of different nationalities who passed through the town, giving religious instruction to children and evangelising the military. This did not prevent him from following very closely the general running of the Society, sending progress reports destined for the General Assemblies, suggesting that an Annual Report be drafted in Paris by the General Secretary, and giving judicious advice such as the following: <em>\u201cDon\u2019t make yourself visible, but let others see you\u201d<\/em>, for he loathed ostentation, he detested secrecy.<\/p>\n<p>Back in Paris, after his wedding in 1841, Frederic continued to give generously of his time to the Society, sharing with his wife Am\u00e9lie his ardent love for the destitute. When he went abroad or travelled to the provinces for health or professional reasons, he made a point of going to the meetings of the local Conferences.<\/p>\n<p>Almost every year, with the affection characteristic of him, he evoked the \u201chumble beginnings\u201d of the Conference of Charity grouped around Bailly. He marvelled at how a mere shrub had become a tall tree<em>.<\/em><\/p>\n<p>Ozanam wrote in 1841: <em>\u201cThe first Conference was formed in Paris eight years ago. There were seven of us, today there are more than 2,000 young people&#8230;\u201d.<\/em> And in 1845: <em>\u201cThis Society, founded 12 years ago by eight humble young people now consists of 10,000 members in 133 towns; it has started in England, Scotland, Ireland, Belgium, Italy\u2026\u201d <\/em><\/p>\n<p>In Frederic\u2019s short but intense life, the Society of Saint Vincent de Paul occupied a place of honour. He always spoke of it with love. When in 1847,as Vice-President, he announced the resignation of the President Jules Gossin, and suggested that the presidents of the various Conferences elect Adolphe Baudon, his description of the Society was laden with emotion: \u201cIt is a Catholic but secular Society, humble but plentiful, poor but charged with consolation of the poor, above all in an era when charitable organizations have such a great mission to fulfil in the awakening of faith, the support of the Church and the appeasement of the hatreds which divide mankind.\u201d<\/p>\n","protected":false},"excerpt":{"rendered":"<p>Faith and Charity The poor: The face of Christ In Frederic Ozanam\u2019s eyes, faith without charity had no meaning. That is why his advice turned quickly into an entreaty when he spoke to his young &#8230; <a href=\"http:\/\/vincentians.com\/en\/blessed-frederic-ozanam-biography-iii\/\" class=\"more-link\">Read More<\/a><\/p>\n","protected":false},"author":4,"featured_media":149122,"comment_status":"open","ping_status":"open","sticky":false,"template":"","format":"standard","meta":{"jetpack_post_was_ever_published":false,"_jetpack_newsletter_access":"","_jetpack_dont_email_post_to_subs":false,"_jetpack_newsletter_tier_id":0,"_jetpack_memberships_contains_paywalled_content":false,"_jetpack_memberships_contains_paid_content":false,"footnotes":"","jetpack_publicize_message":"","jetpack_publicize_feature_enabled":true,"jetpack_social_post_already_shared":false,"jetpack_social_options":{"image_generator_settings":{"template":"highway","default_image_id":0,"font":"","enabled":false},"version":2}},"categories":[11],"tags":[],"class_list":["post-104893","post","type-post","status-publish","format-standard","has-post-thumbnail","hentry","category-frederic-ozanam"],"yoast_head":"<!-- This site is optimized with the Yoast SEO plugin v26.3 - https:\/\/yoast.com\/wordpress\/plugins\/seo\/ -->\n<title>Blessed Frederic Ozanam Biography (III) - We are Vincentians<\/title>\n<meta name=\"robots\" content=\"index, follow, max-snippet:-1, max-image-preview:large, max-video-preview:-1\" \/>\n<link rel=\"canonical\" href=\"http:\/\/vincentians.com\/en\/blessed-frederic-ozanam-biography-iii\/\" \/>\n<meta property=\"og:locale\" content=\"en_US\" \/>\n<meta property=\"og:type\" content=\"article\" \/>\n<meta property=\"og:title\" content=\"Blessed Frederic Ozanam Biography (III) - We are Vincentians\" \/>\n<meta property=\"og:description\" content=\"Faith and Charity The poor: The face of Christ In Frederic Ozanam\u2019s eyes, faith without charity had no meaning. That is why his advice turned quickly into an entreaty when he spoke to his young ... Read More\" \/>\n<meta property=\"og:url\" content=\"http:\/\/vincentians.com\/en\/blessed-frederic-ozanam-biography-iii\/\" \/>\n<meta property=\"og:site_name\" content=\"We are Vincentians\" \/>\n<meta property=\"article:publisher\" content=\"https:\/\/www.facebook.com\/WeAreVincentians\/\" \/>\n<meta property=\"article:author\" content=\"https:\/\/www.facebook.com\/JavierChento\" \/>\n<meta property=\"article:published_time\" content=\"2013-11-13T01:34:55+00:00\" \/>\n<meta property=\"article:modified_time\" content=\"2016-07-10T12:49:13+00:00\" \/>\n<meta property=\"og:image\" content=\"https:\/\/i0.wp.com\/vincentians.com\/en\/wp-content\/uploads\/sites\/2\/2016\/06\/frederick-ozanam.jpg?fit=1200%2C630\" \/>\n\t<meta property=\"og:image:width\" content=\"1200\" \/>\n\t<meta property=\"og:image:height\" content=\"630\" \/>\n\t<meta property=\"og:image:type\" content=\"image\/jpeg\" \/>\n<meta name=\"author\" content=\"Francisco Javier Fern\u00e1ndez Chento\" \/>\n<meta name=\"twitter:card\" content=\"summary_large_image\" \/>\n<meta name=\"twitter:creator\" content=\"@https:\/\/twitter.com\/javierchento\" \/>\n<meta name=\"twitter:site\" content=\"@WeVincentians\" \/>\n<meta name=\"twitter:label1\" content=\"Written by\" \/>\n\t<meta name=\"twitter:data1\" content=\"Francisco Javier Fern\u00e1ndez Chento\" \/>\n\t<meta name=\"twitter:label2\" content=\"Est. reading time\" \/>\n\t<meta name=\"twitter:data2\" content=\"7 minutes\" \/>\n<script type=\"application\/ld+json\" class=\"yoast-schema-graph\">{\"@context\":\"https:\/\/schema.org\",\"@graph\":[{\"@type\":\"Article\",\"@id\":\"http:\/\/vincentians.com\/en\/blessed-frederic-ozanam-biography-iii\/#article\",\"isPartOf\":{\"@id\":\"http:\/\/vincentians.com\/en\/blessed-frederic-ozanam-biography-iii\/\"},\"author\":{\"name\":\"Francisco Javier Fern\u00e1ndez Chento\",\"@id\":\"https:\/\/vincentians.com\/en\/#\/schema\/person\/9623ef4d9aa3b2dfb8c061f1499288f2\"},\"headline\":\"Blessed Frederic Ozanam Biography (III)\",\"datePublished\":\"2013-11-13T01:34:55+00:00\",\"dateModified\":\"2016-07-10T12:49:13+00:00\",\"mainEntityOfPage\":{\"@id\":\"http:\/\/vincentians.com\/en\/blessed-frederic-ozanam-biography-iii\/\"},\"wordCount\":1332,\"commentCount\":0,\"publisher\":{\"@id\":\"https:\/\/vincentians.com\/en\/#organization\"},\"image\":{\"@id\":\"http:\/\/vincentians.com\/en\/blessed-frederic-ozanam-biography-iii\/#primaryimage\"},\"thumbnailUrl\":\"https:\/\/i0.wp.com\/vincentians.com\/en\/wp-content\/uploads\/sites\/2\/2016\/06\/frederick-ozanam.jpg?fit=1200%2C630\",\"articleSection\":[\"Fr\u00e9d\u00e9ric Ozanam\"],\"inLanguage\":\"en-US\",\"potentialAction\":[{\"@type\":\"CommentAction\",\"name\":\"Comment\",\"target\":[\"http:\/\/vincentians.com\/en\/blessed-frederic-ozanam-biography-iii\/#respond\"]}]},{\"@type\":\"WebPage\",\"@id\":\"http:\/\/vincentians.com\/en\/blessed-frederic-ozanam-biography-iii\/\",\"url\":\"http:\/\/vincentians.com\/en\/blessed-frederic-ozanam-biography-iii\/\",\"name\":\"Blessed Frederic Ozanam Biography (III) - We are Vincentians\",\"isPartOf\":{\"@id\":\"https:\/\/vincentians.com\/en\/#website\"},\"primaryImageOfPage\":{\"@id\":\"http:\/\/vincentians.com\/en\/blessed-frederic-ozanam-biography-iii\/#primaryimage\"},\"image\":{\"@id\":\"http:\/\/vincentians.com\/en\/blessed-frederic-ozanam-biography-iii\/#primaryimage\"},\"thumbnailUrl\":\"https:\/\/i0.wp.com\/vincentians.com\/en\/wp-content\/uploads\/sites\/2\/2016\/06\/frederick-ozanam.jpg?fit=1200%2C630\",\"datePublished\":\"2013-11-13T01:34:55+00:00\",\"dateModified\":\"2016-07-10T12:49:13+00:00\",\"breadcrumb\":{\"@id\":\"http:\/\/vincentians.com\/en\/blessed-frederic-ozanam-biography-iii\/#breadcrumb\"},\"inLanguage\":\"en-US\",\"potentialAction\":[{\"@type\":\"ReadAction\",\"target\":[\"http:\/\/vincentians.com\/en\/blessed-frederic-ozanam-biography-iii\/\"]}]},{\"@type\":\"ImageObject\",\"inLanguage\":\"en-US\",\"@id\":\"http:\/\/vincentians.com\/en\/blessed-frederic-ozanam-biography-iii\/#primaryimage\",\"url\":\"https:\/\/i0.wp.com\/vincentians.com\/en\/wp-content\/uploads\/sites\/2\/2016\/06\/frederick-ozanam.jpg?fit=1200%2C630\",\"contentUrl\":\"https:\/\/i0.wp.com\/vincentians.com\/en\/wp-content\/uploads\/sites\/2\/2016\/06\/frederick-ozanam.jpg?fit=1200%2C630\",\"width\":1200,\"height\":630},{\"@type\":\"BreadcrumbList\",\"@id\":\"http:\/\/vincentians.com\/en\/blessed-frederic-ozanam-biography-iii\/#breadcrumb\",\"itemListElement\":[{\"@type\":\"ListItem\",\"position\":1,\"name\":\"Portada\",\"item\":\"https:\/\/vincentians.com\/en\/\"},{\"@type\":\"ListItem\",\"position\":2,\"name\":\"Blessed Frederic Ozanam Biography (III)\"}]},{\"@type\":\"WebSite\",\"@id\":\"https:\/\/vincentians.com\/en\/#website\",\"url\":\"https:\/\/vincentians.com\/en\/\",\"name\":\"We are Vincentians\",\"description\":\"Know more to serve more\",\"publisher\":{\"@id\":\"https:\/\/vincentians.com\/en\/#organization\"},\"potentialAction\":[{\"@type\":\"SearchAction\",\"target\":{\"@type\":\"EntryPoint\",\"urlTemplate\":\"https:\/\/vincentians.com\/en\/?s={search_term_string}\"},\"query-input\":{\"@type\":\"PropertyValueSpecification\",\"valueRequired\":true,\"valueName\":\"search_term_string\"}}],\"inLanguage\":\"en-US\"},{\"@type\":\"Organization\",\"@id\":\"https:\/\/vincentians.com\/en\/#organization\",\"name\":\"The Vincentian Network\",\"url\":\"https:\/\/vincentians.com\/en\/\",\"logo\":{\"@type\":\"ImageObject\",\"inLanguage\":\"en-US\",\"@id\":\"https:\/\/vincentians.com\/en\/#\/schema\/logo\/image\/\",\"url\":\"https:\/\/i1.wp.com\/vincentians.com\/en\/wp-content\/uploads\/sites\/2\/2016\/06\/Vincentian-Network-logo-big.png?fit=778%2C778&ssl=1\",\"contentUrl\":\"https:\/\/i1.wp.com\/vincentians.com\/en\/wp-content\/uploads\/sites\/2\/2016\/06\/Vincentian-Network-logo-big.png?fit=778%2C778&ssl=1\",\"width\":778,\"height\":778,\"caption\":\"The Vincentian Network\"},\"image\":{\"@id\":\"https:\/\/vincentians.com\/en\/#\/schema\/logo\/image\/\"},\"sameAs\":[\"https:\/\/www.facebook.com\/WeAreVincentians\/\",\"https:\/\/x.com\/WeVincentians\"]},{\"@type\":\"Person\",\"@id\":\"https:\/\/vincentians.com\/en\/#\/schema\/person\/9623ef4d9aa3b2dfb8c061f1499288f2\",\"name\":\"Francisco Javier Fern\u00e1ndez Chento\",\"image\":{\"@type\":\"ImageObject\",\"inLanguage\":\"en-US\",\"@id\":\"https:\/\/vincentians.com\/en\/#\/schema\/person\/image\/\",\"url\":\"https:\/\/secure.gravatar.com\/avatar\/497d5cde87b4c3d097d0315953521681ba2cd523ee66e5077c3711f7021e65de?s=96&d=mm&r=g\",\"contentUrl\":\"https:\/\/secure.gravatar.com\/avatar\/497d5cde87b4c3d097d0315953521681ba2cd523ee66e5077c3711f7021e65de?s=96&d=mm&r=g\",\"caption\":\"Francisco Javier Fern\u00e1ndez Chento\"},\"description\":\"Director General y cofundador de La Red de Formaci\u00f3n Vicenciana. Javier es laico vicenciano, afiliado a la Congregaci\u00f3n de la Misi\u00f3n y miembro del Equipo de Misiones Populares de la provincia can\u00f3nica de Zaragoza (Espa\u00f1a) de la Congregaci\u00f3n de la Misi\u00f3n. Graduado en la Universidad Oberta de Catalunya con cuatro grados (Asistente de direcci\u00f3n, Gesti\u00f3n Administrativa, Recursos Humanos y Contabilidad Avanzada). Bil\u00edng\u00fce Espa\u00f1ol\/Ingl\u00e9s. gestiona y mantiene varias p\u00e1ginas web cristianas y vicencianas, incluida including La Red de Formaci\u00f3n Vicenciana, de la que es cofundador. Actualmente es responsable del \u00e1rea de Espa\u00f1ol de .famvin, la Red de Noticias de la Familia Vicenciana. Tambi\u00e9n es m\u00fasico cat\u00f3lico y ha editado varios discos. Es Director General y cofundador de Trovador, una reconocida compa\u00f1\u00eda discogr\u00e1fica critiana de Espa\u00f1a. Trabaja en las Tecnolog\u00edas de la Informaci\u00f3n, ofreciendo servicios de alojamiento, dise\u00f1o y mantenimiento Web, as\u00ed como asesoramiento, formaci\u00f3n y soluciones inform\u00e1ticas, gesti\u00f3n documental y digitalizaci\u00f3n de textos, edici\u00f3n y maquetaci\u00f3n de libros, revistas, flyers, etc.\",\"sameAs\":[\"http:\/\/chento.org\",\"https:\/\/www.facebook.com\/JavierChento\",\"https:\/\/x.com\/https:\/\/twitter.com\/javierchento\"],\"url\":\"http:\/\/vincentians.com\/en\/author\/chento\/\"}]}<\/script>\n<!-- \/ Yoast SEO plugin. -->","yoast_head_json":{"title":"Blessed Frederic Ozanam Biography (III) - We are Vincentians","robots":{"index":"index","follow":"follow","max-snippet":"max-snippet:-1","max-image-preview":"max-image-preview:large","max-video-preview":"max-video-preview:-1"},"canonical":"http:\/\/vincentians.com\/en\/blessed-frederic-ozanam-biography-iii\/","og_locale":"en_US","og_type":"article","og_title":"Blessed Frederic Ozanam Biography (III) - We are Vincentians","og_description":"Faith and Charity The poor: The face of Christ In Frederic Ozanam\u2019s eyes, faith without charity had no meaning. That is why his advice turned quickly into an entreaty when he spoke to his young ... Read More","og_url":"http:\/\/vincentians.com\/en\/blessed-frederic-ozanam-biography-iii\/","og_site_name":"We are Vincentians","article_publisher":"https:\/\/www.facebook.com\/WeAreVincentians\/","article_author":"https:\/\/www.facebook.com\/JavierChento","article_published_time":"2013-11-13T01:34:55+00:00","article_modified_time":"2016-07-10T12:49:13+00:00","og_image":[{"width":1200,"height":630,"url":"https:\/\/i0.wp.com\/vincentians.com\/en\/wp-content\/uploads\/sites\/2\/2016\/06\/frederick-ozanam.jpg?fit=1200%2C630","type":"image\/jpeg"}],"author":"Francisco Javier Fern\u00e1ndez Chento","twitter_card":"summary_large_image","twitter_creator":"@https:\/\/twitter.com\/javierchento","twitter_site":"@WeVincentians","twitter_misc":{"Written by":"Francisco Javier Fern\u00e1ndez Chento","Est. reading time":"7 minutes"},"schema":{"@context":"https:\/\/schema.org","@graph":[{"@type":"Article","@id":"http:\/\/vincentians.com\/en\/blessed-frederic-ozanam-biography-iii\/#article","isPartOf":{"@id":"http:\/\/vincentians.com\/en\/blessed-frederic-ozanam-biography-iii\/"},"author":{"name":"Francisco Javier Fern\u00e1ndez Chento","@id":"https:\/\/vincentians.com\/en\/#\/schema\/person\/9623ef4d9aa3b2dfb8c061f1499288f2"},"headline":"Blessed Frederic Ozanam Biography (III)","datePublished":"2013-11-13T01:34:55+00:00","dateModified":"2016-07-10T12:49:13+00:00","mainEntityOfPage":{"@id":"http:\/\/vincentians.com\/en\/blessed-frederic-ozanam-biography-iii\/"},"wordCount":1332,"commentCount":0,"publisher":{"@id":"https:\/\/vincentians.com\/en\/#organization"},"image":{"@id":"http:\/\/vincentians.com\/en\/blessed-frederic-ozanam-biography-iii\/#primaryimage"},"thumbnailUrl":"https:\/\/i0.wp.com\/vincentians.com\/en\/wp-content\/uploads\/sites\/2\/2016\/06\/frederick-ozanam.jpg?fit=1200%2C630","articleSection":["Fr\u00e9d\u00e9ric Ozanam"],"inLanguage":"en-US","potentialAction":[{"@type":"CommentAction","name":"Comment","target":["http:\/\/vincentians.com\/en\/blessed-frederic-ozanam-biography-iii\/#respond"]}]},{"@type":"WebPage","@id":"http:\/\/vincentians.com\/en\/blessed-frederic-ozanam-biography-iii\/","url":"http:\/\/vincentians.com\/en\/blessed-frederic-ozanam-biography-iii\/","name":"Blessed Frederic Ozanam Biography (III) - We are Vincentians","isPartOf":{"@id":"https:\/\/vincentians.com\/en\/#website"},"primaryImageOfPage":{"@id":"http:\/\/vincentians.com\/en\/blessed-frederic-ozanam-biography-iii\/#primaryimage"},"image":{"@id":"http:\/\/vincentians.com\/en\/blessed-frederic-ozanam-biography-iii\/#primaryimage"},"thumbnailUrl":"https:\/\/i0.wp.com\/vincentians.com\/en\/wp-content\/uploads\/sites\/2\/2016\/06\/frederick-ozanam.jpg?fit=1200%2C630","datePublished":"2013-11-13T01:34:55+00:00","dateModified":"2016-07-10T12:49:13+00:00","breadcrumb":{"@id":"http:\/\/vincentians.com\/en\/blessed-frederic-ozanam-biography-iii\/#breadcrumb"},"inLanguage":"en-US","potentialAction":[{"@type":"ReadAction","target":["http:\/\/vincentians.com\/en\/blessed-frederic-ozanam-biography-iii\/"]}]},{"@type":"ImageObject","inLanguage":"en-US","@id":"http:\/\/vincentians.com\/en\/blessed-frederic-ozanam-biography-iii\/#primaryimage","url":"https:\/\/i0.wp.com\/vincentians.com\/en\/wp-content\/uploads\/sites\/2\/2016\/06\/frederick-ozanam.jpg?fit=1200%2C630","contentUrl":"https:\/\/i0.wp.com\/vincentians.com\/en\/wp-content\/uploads\/sites\/2\/2016\/06\/frederick-ozanam.jpg?fit=1200%2C630","width":1200,"height":630},{"@type":"BreadcrumbList","@id":"http:\/\/vincentians.com\/en\/blessed-frederic-ozanam-biography-iii\/#breadcrumb","itemListElement":[{"@type":"ListItem","position":1,"name":"Portada","item":"https:\/\/vincentians.com\/en\/"},{"@type":"ListItem","position":2,"name":"Blessed Frederic Ozanam Biography (III)"}]},{"@type":"WebSite","@id":"https:\/\/vincentians.com\/en\/#website","url":"https:\/\/vincentians.com\/en\/","name":"We are Vincentians","description":"Know more to serve more","publisher":{"@id":"https:\/\/vincentians.com\/en\/#organization"},"potentialAction":[{"@type":"SearchAction","target":{"@type":"EntryPoint","urlTemplate":"https:\/\/vincentians.com\/en\/?s={search_term_string}"},"query-input":{"@type":"PropertyValueSpecification","valueRequired":true,"valueName":"search_term_string"}}],"inLanguage":"en-US"},{"@type":"Organization","@id":"https:\/\/vincentians.com\/en\/#organization","name":"The Vincentian Network","url":"https:\/\/vincentians.com\/en\/","logo":{"@type":"ImageObject","inLanguage":"en-US","@id":"https:\/\/vincentians.com\/en\/#\/schema\/logo\/image\/","url":"https:\/\/i1.wp.com\/vincentians.com\/en\/wp-content\/uploads\/sites\/2\/2016\/06\/Vincentian-Network-logo-big.png?fit=778%2C778&ssl=1","contentUrl":"https:\/\/i1.wp.com\/vincentians.com\/en\/wp-content\/uploads\/sites\/2\/2016\/06\/Vincentian-Network-logo-big.png?fit=778%2C778&ssl=1","width":778,"height":778,"caption":"The Vincentian Network"},"image":{"@id":"https:\/\/vincentians.com\/en\/#\/schema\/logo\/image\/"},"sameAs":["https:\/\/www.facebook.com\/WeAreVincentians\/","https:\/\/x.com\/WeVincentians"]},{"@type":"Person","@id":"https:\/\/vincentians.com\/en\/#\/schema\/person\/9623ef4d9aa3b2dfb8c061f1499288f2","name":"Francisco Javier Fern\u00e1ndez Chento","image":{"@type":"ImageObject","inLanguage":"en-US","@id":"https:\/\/vincentians.com\/en\/#\/schema\/person\/image\/","url":"https:\/\/secure.gravatar.com\/avatar\/497d5cde87b4c3d097d0315953521681ba2cd523ee66e5077c3711f7021e65de?s=96&d=mm&r=g","contentUrl":"https:\/\/secure.gravatar.com\/avatar\/497d5cde87b4c3d097d0315953521681ba2cd523ee66e5077c3711f7021e65de?s=96&d=mm&r=g","caption":"Francisco Javier Fern\u00e1ndez Chento"},"description":"Director General y cofundador de La Red de Formaci\u00f3n Vicenciana. Javier es laico vicenciano, afiliado a la Congregaci\u00f3n de la Misi\u00f3n y miembro del Equipo de Misiones Populares de la provincia can\u00f3nica de Zaragoza (Espa\u00f1a) de la Congregaci\u00f3n de la Misi\u00f3n. Graduado en la Universidad Oberta de Catalunya con cuatro grados (Asistente de direcci\u00f3n, Gesti\u00f3n Administrativa, Recursos Humanos y Contabilidad Avanzada). Bil\u00edng\u00fce Espa\u00f1ol\/Ingl\u00e9s. gestiona y mantiene varias p\u00e1ginas web cristianas y vicencianas, incluida including La Red de Formaci\u00f3n Vicenciana, de la que es cofundador. Actualmente es responsable del \u00e1rea de Espa\u00f1ol de .famvin, la Red de Noticias de la Familia Vicenciana. Tambi\u00e9n es m\u00fasico cat\u00f3lico y ha editado varios discos. Es Director General y cofundador de Trovador, una reconocida compa\u00f1\u00eda discogr\u00e1fica critiana de Espa\u00f1a. Trabaja en las Tecnolog\u00edas de la Informaci\u00f3n, ofreciendo servicios de alojamiento, dise\u00f1o y mantenimiento Web, as\u00ed como asesoramiento, formaci\u00f3n y soluciones inform\u00e1ticas, gesti\u00f3n documental y digitalizaci\u00f3n de textos, edici\u00f3n y maquetaci\u00f3n de libros, revistas, flyers, etc.","sameAs":["http:\/\/chento.org","https:\/\/www.facebook.com\/JavierChento","https:\/\/x.com\/https:\/\/twitter.com\/javierchento"],"url":"http:\/\/vincentians.com\/en\/author\/chento\/"}]}},"jetpack_publicize_connections":[],"jetpack_featured_media_url":"https:\/\/i0.wp.com\/vincentians.com\/en\/wp-content\/uploads\/sites\/2\/2016\/06\/frederick-ozanam.jpg?fit=1200%2C630","jetpack_sharing_enabled":true,"jetpack_shortlink":"https:\/\/wp.me\/p7K2Ow-rhP","jetpack-related-posts":[{"id":65895,"url":"http:\/\/vincentians.com\/en\/frederic-ozanam-a-layman-for-now-chapter-6\/","url_meta":{"origin":104893,"position":0},"title":"Fr\u00e9d\u00e9ric Ozanam, A Layman for Now. Chapter 6","author":"Francisco Javier Fern\u00e1ndez Chento","date":"September 14, 2016","format":false,"excerpt":"Chapter 6 - A Model for Today In the on-going need for the Church to address the question of modernity and adaptation to a culture while yet confronting it with Gospel values, are there any insights to be gained from the life and work of Frederic Ozanam? Is he a\u2026","rel":"","context":"In &quot;Fr\u00e9d\u00e9ric Ozanam&quot;","block_context":{"text":"Fr\u00e9d\u00e9ric Ozanam","link":"http:\/\/vincentians.com\/en\/category\/the-vincentian-family\/founders\/frederic-ozanam\/"},"img":{"alt_text":"","src":"https:\/\/i0.wp.com\/vincentians.com\/en\/wp-content\/uploads\/sites\/2\/2016\/07\/frederic-ozanam-layman-for-now.jpg?fit=1200%2C630&resize=350%2C200","width":350,"height":200,"srcset":"https:\/\/i0.wp.com\/vincentians.com\/en\/wp-content\/uploads\/sites\/2\/2016\/07\/frederic-ozanam-layman-for-now.jpg?fit=1200%2C630&resize=350%2C200 1x, https:\/\/i0.wp.com\/vincentians.com\/en\/wp-content\/uploads\/sites\/2\/2016\/07\/frederic-ozanam-layman-for-now.jpg?fit=1200%2C630&resize=525%2C300 1.5x, https:\/\/i0.wp.com\/vincentians.com\/en\/wp-content\/uploads\/sites\/2\/2016\/07\/frederic-ozanam-layman-for-now.jpg?fit=1200%2C630&resize=700%2C400 2x, https:\/\/i0.wp.com\/vincentians.com\/en\/wp-content\/uploads\/sites\/2\/2016\/07\/frederic-ozanam-layman-for-now.jpg?fit=1200%2C630&resize=1050%2C600 3x"},"classes":[]},{"id":99707,"url":"http:\/\/vincentians.com\/en\/blessed-frederic-ozanam\/","url_meta":{"origin":104893,"position":1},"title":"Blessed Frederic Ozanam","author":"Francisco Javier Fern\u00e1ndez Chento","date":"July 22, 2016","format":false,"excerpt":"Wow! What an inspirational experience this has been. I am in awe of the determination, great intellect and amazing faith of Blessed Frederic Ozanam. He has shown us how an \u2018ordinary\u2019 person can accomplish extraordinary things when the talents given by God are put to use in service of others.\u2026","rel":"","context":"In &quot;Fr\u00e9d\u00e9ric Ozanam&quot;","block_context":{"text":"Fr\u00e9d\u00e9ric Ozanam","link":"http:\/\/vincentians.com\/en\/category\/the-vincentian-family\/founders\/frederic-ozanam\/"},"img":{"alt_text":"","src":"https:\/\/i0.wp.com\/vincentians.com\/en\/wp-content\/uploads\/sites\/2\/2012\/11\/ozanam-bust.jpg?fit=1200%2C630&resize=350%2C200","width":350,"height":200,"srcset":"https:\/\/i0.wp.com\/vincentians.com\/en\/wp-content\/uploads\/sites\/2\/2012\/11\/ozanam-bust.jpg?fit=1200%2C630&resize=350%2C200 1x, https:\/\/i0.wp.com\/vincentians.com\/en\/wp-content\/uploads\/sites\/2\/2012\/11\/ozanam-bust.jpg?fit=1200%2C630&resize=525%2C300 1.5x, https:\/\/i0.wp.com\/vincentians.com\/en\/wp-content\/uploads\/sites\/2\/2012\/11\/ozanam-bust.jpg?fit=1200%2C630&resize=700%2C400 2x, https:\/\/i0.wp.com\/vincentians.com\/en\/wp-content\/uploads\/sites\/2\/2012\/11\/ozanam-bust.jpg?fit=1200%2C630&resize=1050%2C600 3x"},"classes":[]},{"id":65031,"url":"http:\/\/vincentians.com\/en\/frederic-ozanam-a-layman-for-now-chapter-3\/","url_meta":{"origin":104893,"position":2},"title":"Fr\u00e9d\u00e9ric Ozanam, A Layman for Now. Chapter 3","author":"Francisco Javier Fern\u00e1ndez Chento","date":"September 11, 2016","format":false,"excerpt":"Chapter 3 - The Spirit of Gospel and St. Vincent de Paul Frederic Ozanam is appropriately buried in the crypt of the Church of St. Joseph des Carmes which adjoins and serves the students attending the Institut Catholique in Paris. Above his tomb is a mural depicting the parable of\u2026","rel":"","context":"In &quot;Fr\u00e9d\u00e9ric Ozanam&quot;","block_context":{"text":"Fr\u00e9d\u00e9ric Ozanam","link":"http:\/\/vincentians.com\/en\/category\/the-vincentian-family\/founders\/frederic-ozanam\/"},"img":{"alt_text":"","src":"https:\/\/i0.wp.com\/vincentians.com\/en\/wp-content\/uploads\/sites\/2\/2016\/07\/frederic-ozanam-layman-for-now.jpg?fit=1200%2C630&resize=350%2C200","width":350,"height":200,"srcset":"https:\/\/i0.wp.com\/vincentians.com\/en\/wp-content\/uploads\/sites\/2\/2016\/07\/frederic-ozanam-layman-for-now.jpg?fit=1200%2C630&resize=350%2C200 1x, https:\/\/i0.wp.com\/vincentians.com\/en\/wp-content\/uploads\/sites\/2\/2016\/07\/frederic-ozanam-layman-for-now.jpg?fit=1200%2C630&resize=525%2C300 1.5x, https:\/\/i0.wp.com\/vincentians.com\/en\/wp-content\/uploads\/sites\/2\/2016\/07\/frederic-ozanam-layman-for-now.jpg?fit=1200%2C630&resize=700%2C400 2x, https:\/\/i0.wp.com\/vincentians.com\/en\/wp-content\/uploads\/sites\/2\/2016\/07\/frederic-ozanam-layman-for-now.jpg?fit=1200%2C630&resize=1050%2C600 3x"},"classes":[]},{"id":152542,"url":"http:\/\/vincentians.com\/en\/feast-of-blessed-frederic-ozanam-ssvp-usa\/","url_meta":{"origin":104893,"position":3},"title":"Feast of Blessed Frederic Ozanam (SSVP USA)","author":"Francisco Javier Fern\u00e1ndez Chento","date":"September 9, 2016","format":false,"excerpt":"Gospel: (Luke 10: 25-37) \u201cAnd who is my neighbor? Jesus replied: \u201cThere was a man going down from Jerusalem to Jericho who fell in with robbers. They stripped him, beat him, and then went off leaving him half-dead. A priest happened to be going down the same road; he saw\u2026","rel":"","context":"In &quot;Homilies and reflections, Year C&quot;","block_context":{"text":"Homilies and reflections, Year C","link":"http:\/\/vincentians.com\/en\/category\/homilies-and-reflections-on-the-word-of-god\/homilies-and-reflections-year-c\/"},"img":{"alt_text":"","src":"https:\/\/i0.wp.com\/vincentians.com\/en\/wp-content\/uploads\/sites\/2\/2016\/07\/reflexiones-palabra-de-dios.jpg?fit=1200%2C630&resize=350%2C200","width":350,"height":200,"srcset":"https:\/\/i0.wp.com\/vincentians.com\/en\/wp-content\/uploads\/sites\/2\/2016\/07\/reflexiones-palabra-de-dios.jpg?fit=1200%2C630&resize=350%2C200 1x, https:\/\/i0.wp.com\/vincentians.com\/en\/wp-content\/uploads\/sites\/2\/2016\/07\/reflexiones-palabra-de-dios.jpg?fit=1200%2C630&resize=525%2C300 1.5x, https:\/\/i0.wp.com\/vincentians.com\/en\/wp-content\/uploads\/sites\/2\/2016\/07\/reflexiones-palabra-de-dios.jpg?fit=1200%2C630&resize=700%2C400 2x, https:\/\/i0.wp.com\/vincentians.com\/en\/wp-content\/uploads\/sites\/2\/2016\/07\/reflexiones-palabra-de-dios.jpg?fit=1200%2C630&resize=1050%2C600 3x"},"classes":[]},{"id":64828,"url":"http:\/\/vincentians.com\/en\/frederic-ozanam-a-layman-for-now-chapter-2\/","url_meta":{"origin":104893,"position":4},"title":"Fr\u00e9d\u00e9ric Ozanam, A Layman for Now. Chapter 2","author":"Francisco Javier Fern\u00e1ndez Chento","date":"September 10, 2016","format":false,"excerpt":"Chapter 2 - Biographical Sketch Frederic Ozanam was born on April 23, 1813 in Milan, Italy. He was the fifth child of fourteen born to Jean-Antoine- Francoise and Marie Nantas Ozanam, ardent French Catholics of middle-class circumstances. His father had served with distinction as an officer under Napoleon, retiring early\u2026","rel":"","context":"In &quot;Fr\u00e9d\u00e9ric Ozanam&quot;","block_context":{"text":"Fr\u00e9d\u00e9ric Ozanam","link":"http:\/\/vincentians.com\/en\/category\/the-vincentian-family\/founders\/frederic-ozanam\/"},"img":{"alt_text":"","src":"https:\/\/i0.wp.com\/vincentians.com\/en\/wp-content\/uploads\/sites\/2\/2016\/07\/frederic-ozanam-layman-for-now.jpg?fit=1200%2C630&resize=350%2C200","width":350,"height":200,"srcset":"https:\/\/i0.wp.com\/vincentians.com\/en\/wp-content\/uploads\/sites\/2\/2016\/07\/frederic-ozanam-layman-for-now.jpg?fit=1200%2C630&resize=350%2C200 1x, https:\/\/i0.wp.com\/vincentians.com\/en\/wp-content\/uploads\/sites\/2\/2016\/07\/frederic-ozanam-layman-for-now.jpg?fit=1200%2C630&resize=525%2C300 1.5x, https:\/\/i0.wp.com\/vincentians.com\/en\/wp-content\/uploads\/sites\/2\/2016\/07\/frederic-ozanam-layman-for-now.jpg?fit=1200%2C630&resize=700%2C400 2x, https:\/\/i0.wp.com\/vincentians.com\/en\/wp-content\/uploads\/sites\/2\/2016\/07\/frederic-ozanam-layman-for-now.jpg?fit=1200%2C630&resize=1050%2C600 3x"},"classes":[]},{"id":153150,"url":"http:\/\/vincentians.com\/en\/frederic-ozanam-apostle-of-charity-and-reconciliation\/","url_meta":{"origin":104893,"position":5},"title":"Frederic Ozanam: Apostle of Charity and Reconciliation","author":"Francisco Javier Fern\u00e1ndez Chento","date":"September 3, 2016","format":false,"excerpt":"In the midst of the complexity and the crises of the nineteenth century a group from among the children of the Church revealed with great clarity that the following of Jesus Christ had social implications. Among this group we highlight Antoine Frederic Ozanam, the great apostle of charity and reconciliation,\u2026","rel":"","context":"In &quot;Fr\u00e9d\u00e9ric Ozanam&quot;","block_context":{"text":"Fr\u00e9d\u00e9ric Ozanam","link":"http:\/\/vincentians.com\/en\/category\/the-vincentian-family\/founders\/frederic-ozanam\/"},"img":{"alt_text":"","src":"https:\/\/i0.wp.com\/vincentians.com\/en\/wp-content\/uploads\/sites\/2\/2016\/06\/frederick-ozanam.jpg?fit=1200%2C630&resize=350%2C200","width":350,"height":200,"srcset":"https:\/\/i0.wp.com\/vincentians.com\/en\/wp-content\/uploads\/sites\/2\/2016\/06\/frederick-ozanam.jpg?fit=1200%2C630&resize=350%2C200 1x, https:\/\/i0.wp.com\/vincentians.com\/en\/wp-content\/uploads\/sites\/2\/2016\/06\/frederick-ozanam.jpg?fit=1200%2C630&resize=525%2C300 1.5x, https:\/\/i0.wp.com\/vincentians.com\/en\/wp-content\/uploads\/sites\/2\/2016\/06\/frederick-ozanam.jpg?fit=1200%2C630&resize=700%2C400 2x, https:\/\/i0.wp.com\/vincentians.com\/en\/wp-content\/uploads\/sites\/2\/2016\/06\/frederick-ozanam.jpg?fit=1200%2C630&resize=1050%2C600 3x"},"classes":[]}],"_links":{"self":[{"href":"http:\/\/vincentians.com\/en\/wp-json\/wp\/v2\/posts\/104893","targetHints":{"allow":["GET"]}}],"collection":[{"href":"http:\/\/vincentians.com\/en\/wp-json\/wp\/v2\/posts"}],"about":[{"href":"http:\/\/vincentians.com\/en\/wp-json\/wp\/v2\/types\/post"}],"author":[{"embeddable":true,"href":"http:\/\/vincentians.com\/en\/wp-json\/wp\/v2\/users\/4"}],"replies":[{"embeddable":true,"href":"http:\/\/vincentians.com\/en\/wp-json\/wp\/v2\/comments?post=104893"}],"version-history":[{"count":0,"href":"http:\/\/vincentians.com\/en\/wp-json\/wp\/v2\/posts\/104893\/revisions"}],"wp:featuredmedia":[{"embeddable":true,"href":"http:\/\/vincentians.com\/en\/wp-json\/wp\/v2\/media\/149122"}],"wp:attachment":[{"href":"http:\/\/vincentians.com\/en\/wp-json\/wp\/v2\/media?parent=104893"}],"wp:term":[{"taxonomy":"category","embeddable":true,"href":"http:\/\/vincentians.com\/en\/wp-json\/wp\/v2\/categories?post=104893"},{"taxonomy":"post_tag","embeddable":true,"href":"http:\/\/vincentians.com\/en\/wp-json\/wp\/v2\/tags?post=104893"}],"curies":[{"name":"wp","href":"https:\/\/api.w.org\/{rel}","templated":true}]}}