{"id":101768,"date":"2015-02-15T05:58:05","date_gmt":"2015-02-15T04:58:05","guid":{"rendered":"http:\/\/somos.vicencianos.org\/?p=101768"},"modified":"2016-07-10T09:16:56","modified_gmt":"2016-07-10T07:16:56","slug":"saint-vincent-in-the-service-of-priests","status":"publish","type":"post","link":"http:\/\/vincentians.com\/en\/saint-vincent-in-the-service-of-priests\/","title":{"rendered":"Saint Vincent in the Service of Priests"},"content":{"rendered":"<p><em>The character of the priest is a participation in the priesthood of the Son of God. He gives them the power to offer the sacrifice of his Body, and to give it as food for eternal life to those who receive it. It is a divine and incomparable character, a power over the Body of Jesus Christ whom the angels adore and a power to forgive sin, a subject of astonishment and thanksgiving to them. Is there anything more admirable or greater? \u2026 What can a good priest not accomplish? How many conversions can he not secure? \u2026 The well-being of Christianity depends on the priest<\/em> (Louis Abelly, <em>The Life of the Venerable Servant of God: Vincent de Paul<\/em>, Edited by John E. Rybolt, CM, [New City Press:New Rochelle, N.Y., 1993]Volume II, p. 253).<\/p>\n<div>\n<p>This passage is famous in Vincent literature. It places us at the very heart of that which constitutes the best of Vincent de Paul: the priesthood of Jesus Christ; a priest for the poor. Vincent\u2019s journey to that place, however, could appear to be somewhat chaotic but if one accepts that it was step by step that Vincent embraced the excellence of his priestly vocation as it was understood during the seventeenth century, that is, a time when the spirit of the Council of Trent began to awaken people to the need for renewal, then Vincent\u2019s journey can be viewed as a slow but steady movement forward.<\/p>\n<p>Vincent was called and with his active and passionate character he accepted the challenge to respond to this call of God. Beginning in 1613 we can say that Vincent was a good priest and a zealous pastor. He had internalized and personalized his vocation; he had become a man of prayer, a diligent reader of spiritual authors, an excellent preacher, an outstanding catechist and he was surrounded by fervent and devout priests and lay people:<em> O Lord, give us the spirit of your priesthood, which your apostles and the first priests who followed them had; give us the true spirit of this sacred character you bestowed on poor fishermen, artisans, and needy people of that time, to whom, by your grace, you communicated this great, divine spirit. For we, too, are only weak people, Lord, poor workers and peasants; and what comparison is there between us, wretched men, and such a holy, distinguished, heavenly ministry<\/em> (CCD:XI:278-279).<\/p>\n<p>In 1617 we see that Vincent was spiritually well prepared for his mission. We know that from his conferences he felt that all of this was the result of God\u2019s grace. When one of his relatives was considering a priestly vocation, Vincent wrote him a letter and stated: <em>If I had known what it was when I had the temerity to enter it &#8212; as I have come to know since then &#8212; I would have preferred to till the soil than to commit myself to such a formidable state of life<\/em> (CCD:V:569). These words testify to his awareness of the demands of the priesthood. Vincent humbled himself in order to exalt the dignity of the priesthood. He absorbed the spirit of his era. In Paris he associated himself with the pioneers of the French school of spirituality and was greatly influenced by Pierre B\u00e9rulle who viewed the priest an \u201can other Christ\u201d.<\/p>\n<p>Vincent had a great esteem for the sacrament of Orders: <em>There is nothing greater than a priest, to whom Christ gives all power over his natural and his mystical Body, the power to forgive sins, etc.<\/em> (CCD:XII:75). The priest encourages and animates and teaches the whole Mystical Body; he is a point of union and reconciliation and prays with his people. The path to holiness is found in configuring oneself to Christ, the priest. All priests and lay people are called to live in this state of holiness. Priests are called in a very specific manner, that is, like Christ they are called to exercise two great virtues:<em> reverence toward the Father, compassionate and effective love for the poor<\/em> (Constitutions, #6). Adoration and mission were two primary themes of the teaching of Pierre B\u00e9rulle. According to Vincent the priest should celebrate the sacraments with great respect: <em>It is not enough for us to celebrate Mass, but we must also offer this sacrifice with the greatest devotion possible, in accord with God\u2019s will, conforming ourselves, as far as is in us, with his grace, to Jesus Christ offering himself, when he was on earth, as a sacrifice to his eternal Father<\/em> (CCD:XI:83).<\/p>\n<p>Vincent did not separate the spirituality of the priest from that of baptized women and men. He liked to say that his Congregation was composed of lay ecclesiastics who lived the common life of Christians and who were <em>in the state of religious life of Saint Peter<\/em> (CCD:XII:306). He did not present a spirituality that could be referred to as a proper priestly spirituality or a pastoral\/missionary spirituality. For Vincent, to be a priest or a brother one had to reaffirm one\u2019s baptismal dignity and it was precisely this that gave a unique character to the Congregation. At the same time, however, Vincent referred to a priestly spirituality when directing the ordinands, during the Tuesday Conferences, and when speaking with those charged with the formation of the Missionaries.<\/p>\n<p>Above all else the priest builds up the Mystical Body of Christ, taking upon himself the burdens of the unfortunate ones in society: <em>Those poor people give us their goods for that purpose; while they are working and struggling against poverty, we are like Moses and must continually raise our hands to heaven for them<\/em> (CCD:XI:191).<\/p>\n<p>How great is the ministry of priestly formation! New men are needed to minister to the new concerns of people. Thus Vincent saw the need to establish seminaries in order for priestly spirituality to flourish. In 1631 we see Vincent\u2019s great concern for the ordinands and in 1641 he established the first seminary in Annecy. The formation of good priests became his great concern: <em>I praise God for the number of priests the Bishop of \u2026. is sending you. You will have plenty of them if you take the trouble to form them in the true spirit of their state, which consists especially in the interior life and the practice of prayer and the virtues. It is not enough to teach them chant, ceremonies, and a little moral theology; what is important is to form them to solid piety and devotion. To do that, Monsieur, we must be the first to be filled with the above, for it would be almost useless to instruct them on these things without giving the example. We must be full reservoirs in order to let our water spill out without becoming empty, and we must possess the spirit with which we want them to be animated, for no one can give what he does not have<\/em> (CCD:IV:570).<\/p>\n<p>Beneath all of this, however, was a concern for the eternal salvation of the people of God, especially those who were abandoned by the Church. The unique style of Vincentian formation is found in its focused attention on the poor: <em>There is something else: the Church\u2019s need for good priests to make up for all the ignorance and vice that cover the earth and to rescue the poor Church from the deplorable state, for which good souls should weep tears of blood<\/em> (CCD:XII:76).<\/p>\n<p>This perspective coincided with Vincent\u2019s spiritual journey; it affirmed his actions and highlighted his ministry in such a way that today we are still obliged in conscience to respond to the questions he raised: Are not those who are poor the afflicted members of Our Lord? <em> Are they not our brothers and sisters? And if priests abandon them, who do your think is going to help them?<\/em> (CCD:XII:77).<\/p>\n<\/div>\n","protected":false},"excerpt":{"rendered":"<p>The character of the priest is a participation in the priesthood of the Son of God. He gives them the power to offer the sacrifice of his Body, and to give it as food for &#8230; <a href=\"http:\/\/vincentians.com\/en\/saint-vincent-in-the-service-of-priests\/\" class=\"more-link\">Read More<\/a><\/p>\n","protected":false},"author":4,"featured_media":150180,"comment_status":"open","ping_status":"open","sticky":false,"template":"","format":"standard","meta":{"jetpack_post_was_ever_published":false,"_jetpack_newsletter_access":"","_jetpack_dont_email_post_to_subs":false,"_jetpack_newsletter_tier_id":0,"_jetpack_memberships_contains_paywalled_content":false,"_jetpack_memberships_contains_paid_content":false,"footnotes":"","jetpack_publicize_message":"","jetpack_publicize_feature_enabled":true,"jetpack_social_post_already_shared":false,"jetpack_social_options":{"image_generator_settings":{"template":"highway","default_image_id":0,"font":"","enabled":false},"version":2}},"categories":[5],"tags":[],"class_list":["post-101768","post","type-post","status-publish","format-standard","has-post-thumbnail","hentry","category-vincent-de-paul"],"yoast_head":"<!-- This site is optimized with the Yoast SEO plugin v26.3 - https:\/\/yoast.com\/wordpress\/plugins\/seo\/ -->\n<title>Saint Vincent in the Service of Priests - We are Vincentians<\/title>\n<meta name=\"robots\" content=\"index, follow, max-snippet:-1, max-image-preview:large, max-video-preview:-1\" \/>\n<link rel=\"canonical\" href=\"http:\/\/vincentians.com\/en\/saint-vincent-in-the-service-of-priests\/\" \/>\n<meta property=\"og:locale\" content=\"en_US\" \/>\n<meta property=\"og:type\" content=\"article\" \/>\n<meta property=\"og:title\" content=\"Saint Vincent in the Service of Priests - We are Vincentians\" \/>\n<meta property=\"og:description\" content=\"The character of the priest is a participation in the priesthood of the Son of God. He gives them the power to offer the sacrifice of his Body, and to give it as food for ... Read More\" \/>\n<meta property=\"og:url\" content=\"http:\/\/vincentians.com\/en\/saint-vincent-in-the-service-of-priests\/\" \/>\n<meta property=\"og:site_name\" content=\"We are Vincentians\" \/>\n<meta property=\"article:publisher\" content=\"https:\/\/www.facebook.com\/WeAreVincentians\/\" \/>\n<meta property=\"article:author\" content=\"https:\/\/www.facebook.com\/JavierChento\" \/>\n<meta property=\"article:published_time\" content=\"2015-02-15T04:58:05+00:00\" \/>\n<meta property=\"article:modified_time\" content=\"2016-07-10T07:16:56+00:00\" \/>\n<meta property=\"og:image\" content=\"https:\/\/i0.wp.com\/vincentians.com\/en\/wp-content\/uploads\/sites\/2\/2015\/02\/Saint-Vincent-in-the-Service-of-Priests.jpg?fit=1200%2C630\" \/>\n\t<meta property=\"og:image:width\" content=\"1200\" \/>\n\t<meta property=\"og:image:height\" content=\"630\" \/>\n\t<meta property=\"og:image:type\" content=\"image\/jpeg\" \/>\n<meta name=\"author\" content=\"Francisco Javier Fern\u00e1ndez Chento\" \/>\n<meta name=\"twitter:card\" content=\"summary_large_image\" \/>\n<meta name=\"twitter:creator\" content=\"@https:\/\/twitter.com\/javierchento\" \/>\n<meta name=\"twitter:site\" content=\"@WeVincentians\" \/>\n<meta name=\"twitter:label1\" content=\"Written by\" \/>\n\t<meta name=\"twitter:data1\" content=\"Francisco Javier Fern\u00e1ndez Chento\" \/>\n\t<meta name=\"twitter:label2\" content=\"Est. reading time\" \/>\n\t<meta name=\"twitter:data2\" content=\"7 minutes\" \/>\n<script type=\"application\/ld+json\" class=\"yoast-schema-graph\">{\"@context\":\"https:\/\/schema.org\",\"@graph\":[{\"@type\":\"Article\",\"@id\":\"http:\/\/vincentians.com\/en\/saint-vincent-in-the-service-of-priests\/#article\",\"isPartOf\":{\"@id\":\"http:\/\/vincentians.com\/en\/saint-vincent-in-the-service-of-priests\/\"},\"author\":{\"name\":\"Francisco Javier Fern\u00e1ndez Chento\",\"@id\":\"https:\/\/vincentians.com\/en\/#\/schema\/person\/9623ef4d9aa3b2dfb8c061f1499288f2\"},\"headline\":\"Saint Vincent in the Service of Priests\",\"datePublished\":\"2015-02-15T04:58:05+00:00\",\"dateModified\":\"2016-07-10T07:16:56+00:00\",\"mainEntityOfPage\":{\"@id\":\"http:\/\/vincentians.com\/en\/saint-vincent-in-the-service-of-priests\/\"},\"wordCount\":1320,\"commentCount\":0,\"publisher\":{\"@id\":\"https:\/\/vincentians.com\/en\/#organization\"},\"image\":{\"@id\":\"http:\/\/vincentians.com\/en\/saint-vincent-in-the-service-of-priests\/#primaryimage\"},\"thumbnailUrl\":\"https:\/\/i0.wp.com\/vincentians.com\/en\/wp-content\/uploads\/sites\/2\/2015\/02\/Saint-Vincent-in-the-Service-of-Priests.jpg?fit=1200%2C630\",\"articleSection\":[\"Vincent de Paul\"],\"inLanguage\":\"en-US\",\"potentialAction\":[{\"@type\":\"CommentAction\",\"name\":\"Comment\",\"target\":[\"http:\/\/vincentians.com\/en\/saint-vincent-in-the-service-of-priests\/#respond\"]}]},{\"@type\":\"WebPage\",\"@id\":\"http:\/\/vincentians.com\/en\/saint-vincent-in-the-service-of-priests\/\",\"url\":\"http:\/\/vincentians.com\/en\/saint-vincent-in-the-service-of-priests\/\",\"name\":\"Saint Vincent in the Service of Priests - We are Vincentians\",\"isPartOf\":{\"@id\":\"https:\/\/vincentians.com\/en\/#website\"},\"primaryImageOfPage\":{\"@id\":\"http:\/\/vincentians.com\/en\/saint-vincent-in-the-service-of-priests\/#primaryimage\"},\"image\":{\"@id\":\"http:\/\/vincentians.com\/en\/saint-vincent-in-the-service-of-priests\/#primaryimage\"},\"thumbnailUrl\":\"https:\/\/i0.wp.com\/vincentians.com\/en\/wp-content\/uploads\/sites\/2\/2015\/02\/Saint-Vincent-in-the-Service-of-Priests.jpg?fit=1200%2C630\",\"datePublished\":\"2015-02-15T04:58:05+00:00\",\"dateModified\":\"2016-07-10T07:16:56+00:00\",\"breadcrumb\":{\"@id\":\"http:\/\/vincentians.com\/en\/saint-vincent-in-the-service-of-priests\/#breadcrumb\"},\"inLanguage\":\"en-US\",\"potentialAction\":[{\"@type\":\"ReadAction\",\"target\":[\"http:\/\/vincentians.com\/en\/saint-vincent-in-the-service-of-priests\/\"]}]},{\"@type\":\"ImageObject\",\"inLanguage\":\"en-US\",\"@id\":\"http:\/\/vincentians.com\/en\/saint-vincent-in-the-service-of-priests\/#primaryimage\",\"url\":\"https:\/\/i0.wp.com\/vincentians.com\/en\/wp-content\/uploads\/sites\/2\/2015\/02\/Saint-Vincent-in-the-Service-of-Priests.jpg?fit=1200%2C630\",\"contentUrl\":\"https:\/\/i0.wp.com\/vincentians.com\/en\/wp-content\/uploads\/sites\/2\/2015\/02\/Saint-Vincent-in-the-Service-of-Priests.jpg?fit=1200%2C630\",\"width\":1200,\"height\":630},{\"@type\":\"BreadcrumbList\",\"@id\":\"http:\/\/vincentians.com\/en\/saint-vincent-in-the-service-of-priests\/#breadcrumb\",\"itemListElement\":[{\"@type\":\"ListItem\",\"position\":1,\"name\":\"Portada\",\"item\":\"https:\/\/vincentians.com\/en\/\"},{\"@type\":\"ListItem\",\"position\":2,\"name\":\"Saint Vincent in the Service of Priests\"}]},{\"@type\":\"WebSite\",\"@id\":\"https:\/\/vincentians.com\/en\/#website\",\"url\":\"https:\/\/vincentians.com\/en\/\",\"name\":\"We are Vincentians\",\"description\":\"Know more to serve more\",\"publisher\":{\"@id\":\"https:\/\/vincentians.com\/en\/#organization\"},\"potentialAction\":[{\"@type\":\"SearchAction\",\"target\":{\"@type\":\"EntryPoint\",\"urlTemplate\":\"https:\/\/vincentians.com\/en\/?s={search_term_string}\"},\"query-input\":{\"@type\":\"PropertyValueSpecification\",\"valueRequired\":true,\"valueName\":\"search_term_string\"}}],\"inLanguage\":\"en-US\"},{\"@type\":\"Organization\",\"@id\":\"https:\/\/vincentians.com\/en\/#organization\",\"name\":\"The Vincentian Network\",\"url\":\"https:\/\/vincentians.com\/en\/\",\"logo\":{\"@type\":\"ImageObject\",\"inLanguage\":\"en-US\",\"@id\":\"https:\/\/vincentians.com\/en\/#\/schema\/logo\/image\/\",\"url\":\"https:\/\/i1.wp.com\/vincentians.com\/en\/wp-content\/uploads\/sites\/2\/2016\/06\/Vincentian-Network-logo-big.png?fit=778%2C778&ssl=1\",\"contentUrl\":\"https:\/\/i1.wp.com\/vincentians.com\/en\/wp-content\/uploads\/sites\/2\/2016\/06\/Vincentian-Network-logo-big.png?fit=778%2C778&ssl=1\",\"width\":778,\"height\":778,\"caption\":\"The Vincentian Network\"},\"image\":{\"@id\":\"https:\/\/vincentians.com\/en\/#\/schema\/logo\/image\/\"},\"sameAs\":[\"https:\/\/www.facebook.com\/WeAreVincentians\/\",\"https:\/\/x.com\/WeVincentians\"]},{\"@type\":\"Person\",\"@id\":\"https:\/\/vincentians.com\/en\/#\/schema\/person\/9623ef4d9aa3b2dfb8c061f1499288f2\",\"name\":\"Francisco Javier Fern\u00e1ndez Chento\",\"image\":{\"@type\":\"ImageObject\",\"inLanguage\":\"en-US\",\"@id\":\"https:\/\/vincentians.com\/en\/#\/schema\/person\/image\/\",\"url\":\"https:\/\/secure.gravatar.com\/avatar\/497d5cde87b4c3d097d0315953521681ba2cd523ee66e5077c3711f7021e65de?s=96&d=mm&r=g\",\"contentUrl\":\"https:\/\/secure.gravatar.com\/avatar\/497d5cde87b4c3d097d0315953521681ba2cd523ee66e5077c3711f7021e65de?s=96&d=mm&r=g\",\"caption\":\"Francisco Javier Fern\u00e1ndez Chento\"},\"description\":\"Director General y cofundador de La Red de Formaci\u00f3n Vicenciana. Javier es laico vicenciano, afiliado a la Congregaci\u00f3n de la Misi\u00f3n y miembro del Equipo de Misiones Populares de la provincia can\u00f3nica de Zaragoza (Espa\u00f1a) de la Congregaci\u00f3n de la Misi\u00f3n. Graduado en la Universidad Oberta de Catalunya con cuatro grados (Asistente de direcci\u00f3n, Gesti\u00f3n Administrativa, Recursos Humanos y Contabilidad Avanzada). Bil\u00edng\u00fce Espa\u00f1ol\/Ingl\u00e9s. gestiona y mantiene varias p\u00e1ginas web cristianas y vicencianas, incluida including La Red de Formaci\u00f3n Vicenciana, de la que es cofundador. Actualmente es responsable del \u00e1rea de Espa\u00f1ol de .famvin, la Red de Noticias de la Familia Vicenciana. Tambi\u00e9n es m\u00fasico cat\u00f3lico y ha editado varios discos. Es Director General y cofundador de Trovador, una reconocida compa\u00f1\u00eda discogr\u00e1fica critiana de Espa\u00f1a. Trabaja en las Tecnolog\u00edas de la Informaci\u00f3n, ofreciendo servicios de alojamiento, dise\u00f1o y mantenimiento Web, as\u00ed como asesoramiento, formaci\u00f3n y soluciones inform\u00e1ticas, gesti\u00f3n documental y digitalizaci\u00f3n de textos, edici\u00f3n y maquetaci\u00f3n de libros, revistas, flyers, etc.\",\"sameAs\":[\"http:\/\/chento.org\",\"https:\/\/www.facebook.com\/JavierChento\",\"https:\/\/x.com\/https:\/\/twitter.com\/javierchento\"],\"url\":\"http:\/\/vincentians.com\/en\/author\/chento\/\"}]}<\/script>\n<!-- \/ Yoast SEO plugin. -->","yoast_head_json":{"title":"Saint Vincent in the Service of Priests - We are Vincentians","robots":{"index":"index","follow":"follow","max-snippet":"max-snippet:-1","max-image-preview":"max-image-preview:large","max-video-preview":"max-video-preview:-1"},"canonical":"http:\/\/vincentians.com\/en\/saint-vincent-in-the-service-of-priests\/","og_locale":"en_US","og_type":"article","og_title":"Saint Vincent in the Service of Priests - We are Vincentians","og_description":"The character of the priest is a participation in the priesthood of the Son of God. He gives them the power to offer the sacrifice of his Body, and to give it as food for ... Read More","og_url":"http:\/\/vincentians.com\/en\/saint-vincent-in-the-service-of-priests\/","og_site_name":"We are Vincentians","article_publisher":"https:\/\/www.facebook.com\/WeAreVincentians\/","article_author":"https:\/\/www.facebook.com\/JavierChento","article_published_time":"2015-02-15T04:58:05+00:00","article_modified_time":"2016-07-10T07:16:56+00:00","og_image":[{"width":1200,"height":630,"url":"https:\/\/i0.wp.com\/vincentians.com\/en\/wp-content\/uploads\/sites\/2\/2015\/02\/Saint-Vincent-in-the-Service-of-Priests.jpg?fit=1200%2C630","type":"image\/jpeg"}],"author":"Francisco Javier Fern\u00e1ndez Chento","twitter_card":"summary_large_image","twitter_creator":"@https:\/\/twitter.com\/javierchento","twitter_site":"@WeVincentians","twitter_misc":{"Written by":"Francisco Javier Fern\u00e1ndez Chento","Est. reading time":"7 minutes"},"schema":{"@context":"https:\/\/schema.org","@graph":[{"@type":"Article","@id":"http:\/\/vincentians.com\/en\/saint-vincent-in-the-service-of-priests\/#article","isPartOf":{"@id":"http:\/\/vincentians.com\/en\/saint-vincent-in-the-service-of-priests\/"},"author":{"name":"Francisco Javier Fern\u00e1ndez Chento","@id":"https:\/\/vincentians.com\/en\/#\/schema\/person\/9623ef4d9aa3b2dfb8c061f1499288f2"},"headline":"Saint Vincent in the Service of Priests","datePublished":"2015-02-15T04:58:05+00:00","dateModified":"2016-07-10T07:16:56+00:00","mainEntityOfPage":{"@id":"http:\/\/vincentians.com\/en\/saint-vincent-in-the-service-of-priests\/"},"wordCount":1320,"commentCount":0,"publisher":{"@id":"https:\/\/vincentians.com\/en\/#organization"},"image":{"@id":"http:\/\/vincentians.com\/en\/saint-vincent-in-the-service-of-priests\/#primaryimage"},"thumbnailUrl":"https:\/\/i0.wp.com\/vincentians.com\/en\/wp-content\/uploads\/sites\/2\/2015\/02\/Saint-Vincent-in-the-Service-of-Priests.jpg?fit=1200%2C630","articleSection":["Vincent de Paul"],"inLanguage":"en-US","potentialAction":[{"@type":"CommentAction","name":"Comment","target":["http:\/\/vincentians.com\/en\/saint-vincent-in-the-service-of-priests\/#respond"]}]},{"@type":"WebPage","@id":"http:\/\/vincentians.com\/en\/saint-vincent-in-the-service-of-priests\/","url":"http:\/\/vincentians.com\/en\/saint-vincent-in-the-service-of-priests\/","name":"Saint Vincent in the Service of Priests - We are Vincentians","isPartOf":{"@id":"https:\/\/vincentians.com\/en\/#website"},"primaryImageOfPage":{"@id":"http:\/\/vincentians.com\/en\/saint-vincent-in-the-service-of-priests\/#primaryimage"},"image":{"@id":"http:\/\/vincentians.com\/en\/saint-vincent-in-the-service-of-priests\/#primaryimage"},"thumbnailUrl":"https:\/\/i0.wp.com\/vincentians.com\/en\/wp-content\/uploads\/sites\/2\/2015\/02\/Saint-Vincent-in-the-Service-of-Priests.jpg?fit=1200%2C630","datePublished":"2015-02-15T04:58:05+00:00","dateModified":"2016-07-10T07:16:56+00:00","breadcrumb":{"@id":"http:\/\/vincentians.com\/en\/saint-vincent-in-the-service-of-priests\/#breadcrumb"},"inLanguage":"en-US","potentialAction":[{"@type":"ReadAction","target":["http:\/\/vincentians.com\/en\/saint-vincent-in-the-service-of-priests\/"]}]},{"@type":"ImageObject","inLanguage":"en-US","@id":"http:\/\/vincentians.com\/en\/saint-vincent-in-the-service-of-priests\/#primaryimage","url":"https:\/\/i0.wp.com\/vincentians.com\/en\/wp-content\/uploads\/sites\/2\/2015\/02\/Saint-Vincent-in-the-Service-of-Priests.jpg?fit=1200%2C630","contentUrl":"https:\/\/i0.wp.com\/vincentians.com\/en\/wp-content\/uploads\/sites\/2\/2015\/02\/Saint-Vincent-in-the-Service-of-Priests.jpg?fit=1200%2C630","width":1200,"height":630},{"@type":"BreadcrumbList","@id":"http:\/\/vincentians.com\/en\/saint-vincent-in-the-service-of-priests\/#breadcrumb","itemListElement":[{"@type":"ListItem","position":1,"name":"Portada","item":"https:\/\/vincentians.com\/en\/"},{"@type":"ListItem","position":2,"name":"Saint Vincent in the Service of Priests"}]},{"@type":"WebSite","@id":"https:\/\/vincentians.com\/en\/#website","url":"https:\/\/vincentians.com\/en\/","name":"We are Vincentians","description":"Know more to serve more","publisher":{"@id":"https:\/\/vincentians.com\/en\/#organization"},"potentialAction":[{"@type":"SearchAction","target":{"@type":"EntryPoint","urlTemplate":"https:\/\/vincentians.com\/en\/?s={search_term_string}"},"query-input":{"@type":"PropertyValueSpecification","valueRequired":true,"valueName":"search_term_string"}}],"inLanguage":"en-US"},{"@type":"Organization","@id":"https:\/\/vincentians.com\/en\/#organization","name":"The Vincentian Network","url":"https:\/\/vincentians.com\/en\/","logo":{"@type":"ImageObject","inLanguage":"en-US","@id":"https:\/\/vincentians.com\/en\/#\/schema\/logo\/image\/","url":"https:\/\/i1.wp.com\/vincentians.com\/en\/wp-content\/uploads\/sites\/2\/2016\/06\/Vincentian-Network-logo-big.png?fit=778%2C778&ssl=1","contentUrl":"https:\/\/i1.wp.com\/vincentians.com\/en\/wp-content\/uploads\/sites\/2\/2016\/06\/Vincentian-Network-logo-big.png?fit=778%2C778&ssl=1","width":778,"height":778,"caption":"The Vincentian Network"},"image":{"@id":"https:\/\/vincentians.com\/en\/#\/schema\/logo\/image\/"},"sameAs":["https:\/\/www.facebook.com\/WeAreVincentians\/","https:\/\/x.com\/WeVincentians"]},{"@type":"Person","@id":"https:\/\/vincentians.com\/en\/#\/schema\/person\/9623ef4d9aa3b2dfb8c061f1499288f2","name":"Francisco Javier Fern\u00e1ndez Chento","image":{"@type":"ImageObject","inLanguage":"en-US","@id":"https:\/\/vincentians.com\/en\/#\/schema\/person\/image\/","url":"https:\/\/secure.gravatar.com\/avatar\/497d5cde87b4c3d097d0315953521681ba2cd523ee66e5077c3711f7021e65de?s=96&d=mm&r=g","contentUrl":"https:\/\/secure.gravatar.com\/avatar\/497d5cde87b4c3d097d0315953521681ba2cd523ee66e5077c3711f7021e65de?s=96&d=mm&r=g","caption":"Francisco Javier Fern\u00e1ndez Chento"},"description":"Director General y cofundador de La Red de Formaci\u00f3n Vicenciana. Javier es laico vicenciano, afiliado a la Congregaci\u00f3n de la Misi\u00f3n y miembro del Equipo de Misiones Populares de la provincia can\u00f3nica de Zaragoza (Espa\u00f1a) de la Congregaci\u00f3n de la Misi\u00f3n. Graduado en la Universidad Oberta de Catalunya con cuatro grados (Asistente de direcci\u00f3n, Gesti\u00f3n Administrativa, Recursos Humanos y Contabilidad Avanzada). Bil\u00edng\u00fce Espa\u00f1ol\/Ingl\u00e9s. gestiona y mantiene varias p\u00e1ginas web cristianas y vicencianas, incluida including La Red de Formaci\u00f3n Vicenciana, de la que es cofundador. Actualmente es responsable del \u00e1rea de Espa\u00f1ol de .famvin, la Red de Noticias de la Familia Vicenciana. Tambi\u00e9n es m\u00fasico cat\u00f3lico y ha editado varios discos. Es Director General y cofundador de Trovador, una reconocida compa\u00f1\u00eda discogr\u00e1fica critiana de Espa\u00f1a. Trabaja en las Tecnolog\u00edas de la Informaci\u00f3n, ofreciendo servicios de alojamiento, dise\u00f1o y mantenimiento Web, as\u00ed como asesoramiento, formaci\u00f3n y soluciones inform\u00e1ticas, gesti\u00f3n documental y digitalizaci\u00f3n de textos, edici\u00f3n y maquetaci\u00f3n de libros, revistas, flyers, etc.","sameAs":["http:\/\/chento.org","https:\/\/www.facebook.com\/JavierChento","https:\/\/x.com\/https:\/\/twitter.com\/javierchento"],"url":"http:\/\/vincentians.com\/en\/author\/chento\/"}]}},"jetpack_publicize_connections":[],"jetpack_featured_media_url":"https:\/\/i0.wp.com\/vincentians.com\/en\/wp-content\/uploads\/sites\/2\/2015\/02\/Saint-Vincent-in-the-Service-of-Priests.jpg?fit=1200%2C630","jetpack_sharing_enabled":true,"jetpack_shortlink":"https:\/\/wp.me\/p7K2Ow-qtq","jetpack-related-posts":[{"id":107949,"url":"http:\/\/vincentians.com\/en\/life-of-st-vincent-de-paul-forbes-chapter-05\/","url_meta":{"origin":101768,"position":0},"title":"Life of St. Vincent de Paul (Forbes). Chapter 05","author":"Francisco Javier Fern\u00e1ndez Chento","date":"May 21, 2015","format":false,"excerpt":"Chapter 5 MISSION WORK THE incident which had given rise to Vincent's first mission at Folleville had never been forgotten by Madame de Gondi. It seemed to her that there was need to multiply such missions among the country poor, and no sooner had Vincent returned to her house than\u2026","rel":"","context":"In &quot;Vincent de Paul&quot;","block_context":{"text":"Vincent de Paul","link":"http:\/\/vincentians.com\/en\/category\/the-vincentian-family\/founders\/vincent-de-paul\/"},"img":{"alt_text":"","src":"https:\/\/i0.wp.com\/vincentians.com\/en\/wp-content\/uploads\/sites\/2\/2016\/01\/vincent-de-paul.jpg?fit=1200%2C630&resize=350%2C200","width":350,"height":200,"srcset":"https:\/\/i0.wp.com\/vincentians.com\/en\/wp-content\/uploads\/sites\/2\/2016\/01\/vincent-de-paul.jpg?fit=1200%2C630&resize=350%2C200 1x, https:\/\/i0.wp.com\/vincentians.com\/en\/wp-content\/uploads\/sites\/2\/2016\/01\/vincent-de-paul.jpg?fit=1200%2C630&resize=525%2C300 1.5x, https:\/\/i0.wp.com\/vincentians.com\/en\/wp-content\/uploads\/sites\/2\/2016\/01\/vincent-de-paul.jpg?fit=1200%2C630&resize=700%2C400 2x, https:\/\/i0.wp.com\/vincentians.com\/en\/wp-content\/uploads\/sites\/2\/2016\/01\/vincent-de-paul.jpg?fit=1200%2C630&resize=1050%2C600 3x"},"classes":[]},{"id":106786,"url":"http:\/\/vincentians.com\/en\/st-vincent-and-the-priesthood\/","url_meta":{"origin":101768,"position":1},"title":"St Vincent and the Priesthood","author":"Francisco Javier Fern\u00e1ndez Chento","date":"May 14, 2015","format":false,"excerpt":"Introduction Daniel-Rops in his history of the church in the 17th century entitles his second chapter \u201cAn age of spiritual grandeur\u201d. Yet in that same chapter he has some frightening references to the scandalous conduct of priests who, in his own words, \u201cwere interested in everything but their priesthood and\u2026","rel":"","context":"In &quot;Vincent de Paul&quot;","block_context":{"text":"Vincent de Paul","link":"http:\/\/vincentians.com\/en\/category\/the-vincentian-family\/founders\/vincent-de-paul\/"},"img":{"alt_text":"","src":"https:\/\/i0.wp.com\/vincentians.com\/en\/wp-content\/uploads\/sites\/2\/2015\/05\/St-Vincent-and-the-Priesthood.jpg?fit=1200%2C630&resize=350%2C200","width":350,"height":200,"srcset":"https:\/\/i0.wp.com\/vincentians.com\/en\/wp-content\/uploads\/sites\/2\/2015\/05\/St-Vincent-and-the-Priesthood.jpg?fit=1200%2C630&resize=350%2C200 1x, https:\/\/i0.wp.com\/vincentians.com\/en\/wp-content\/uploads\/sites\/2\/2015\/05\/St-Vincent-and-the-Priesthood.jpg?fit=1200%2C630&resize=525%2C300 1.5x, https:\/\/i0.wp.com\/vincentians.com\/en\/wp-content\/uploads\/sites\/2\/2015\/05\/St-Vincent-and-the-Priesthood.jpg?fit=1200%2C630&resize=700%2C400 2x, https:\/\/i0.wp.com\/vincentians.com\/en\/wp-content\/uploads\/sites\/2\/2015\/05\/St-Vincent-and-the-Priesthood.jpg?fit=1200%2C630&resize=1050%2C600 3x"},"classes":[]},{"id":107318,"url":"http:\/\/vincentians.com\/en\/ephemerides-may-17th\/","url_meta":{"origin":101768,"position":2},"title":"Ephemerides: May, 17th","author":"Francisco Javier Fern\u00e1ndez Chento","date":"May 17, 2017","format":false,"excerpt":"1610: In Paris, Mr Vincent who recently was chaplain of the Queen Marguerite, received a profit, that, as he said ead him to discomfort. The archbishop of Aix, Hurault de l'H\u00f4pital, ceded to Vincent the abbey of Saint-L\u00e9onard de Chaumes, in the Diocese of Saintes. On paper, the income from\u2026","rel":"","context":"In &quot;Vincentian ephemerides&quot;","block_context":{"text":"Vincentian ephemerides","link":"http:\/\/vincentians.com\/en\/category\/history-of-the-vincentian-family\/vincentian-ephemerides\/"},"img":{"alt_text":"","src":"https:\/\/i0.wp.com\/vincentians.com\/en\/wp-content\/uploads\/sites\/2\/2016\/07\/ephemerides-fb.jpg?fit=1200%2C630&resize=350%2C200","width":350,"height":200,"srcset":"https:\/\/i0.wp.com\/vincentians.com\/en\/wp-content\/uploads\/sites\/2\/2016\/07\/ephemerides-fb.jpg?fit=1200%2C630&resize=350%2C200 1x, https:\/\/i0.wp.com\/vincentians.com\/en\/wp-content\/uploads\/sites\/2\/2016\/07\/ephemerides-fb.jpg?fit=1200%2C630&resize=525%2C300 1.5x, https:\/\/i0.wp.com\/vincentians.com\/en\/wp-content\/uploads\/sites\/2\/2016\/07\/ephemerides-fb.jpg?fit=1200%2C630&resize=700%2C400 2x, https:\/\/i0.wp.com\/vincentians.com\/en\/wp-content\/uploads\/sites\/2\/2016\/07\/ephemerides-fb.jpg?fit=1200%2C630&resize=1050%2C600 3x"},"classes":[]},{"id":105309,"url":"http:\/\/vincentians.com\/en\/the-life-of-vincent-de-paul-abelly-book-i-chapter-xxxi-bis\/","url_meta":{"origin":101768,"position":3},"title":"The Life of Vincent de Paul (Abelly): Book I, Chapter XXXI bis","author":"Francisco Javier Fern\u00e1ndez Chento","date":"August 3, 2016","format":false,"excerpt":"Note: This chapter was intended for inclusion by Abelly, but was published only in 1841 after it was recovered from the Sulpician archives. Monsieur Vincent's Collaboration with Father Olier in Various Pious Works Great servants of God, animated by the same spirit, should be fittingly associated with each other and\u2026","rel":"","context":"In &quot;Vincent de Paul&quot;","block_context":{"text":"Vincent de Paul","link":"http:\/\/vincentians.com\/en\/category\/the-vincentian-family\/founders\/vincent-de-paul\/"},"img":{"alt_text":"","src":"https:\/\/i0.wp.com\/vincentians.com\/en\/wp-content\/uploads\/sites\/2\/2016\/07\/abelly-feat.jpg?fit=1200%2C630&resize=350%2C200","width":350,"height":200,"srcset":"https:\/\/i0.wp.com\/vincentians.com\/en\/wp-content\/uploads\/sites\/2\/2016\/07\/abelly-feat.jpg?fit=1200%2C630&resize=350%2C200 1x, https:\/\/i0.wp.com\/vincentians.com\/en\/wp-content\/uploads\/sites\/2\/2016\/07\/abelly-feat.jpg?fit=1200%2C630&resize=525%2C300 1.5x, https:\/\/i0.wp.com\/vincentians.com\/en\/wp-content\/uploads\/sites\/2\/2016\/07\/abelly-feat.jpg?fit=1200%2C630&resize=700%2C400 2x, https:\/\/i0.wp.com\/vincentians.com\/en\/wp-content\/uploads\/sites\/2\/2016\/07\/abelly-feat.jpg?fit=1200%2C630&resize=1050%2C600 3x"},"classes":[]},{"id":105308,"url":"http:\/\/vincentians.com\/en\/the-life-of-vincent-de-paul-abelly-book-i-chapter-xxxi\/","url_meta":{"origin":101768,"position":4},"title":"The Life of Vincent de Paul (Abelly): Book I, Chapter XXXI","author":"Francisco Javier Fern\u00e1ndez Chento","date":"August 2, 2016","format":false,"excerpt":"The Founding of Several Seminaries for Clergy Great rivers always flow towards the ocean, ever being swelled by the waters of brooks and streams along the way. So too with the charity of Monsieur Vincent. It was ever directed to God, but grew each day, not so much from what\u2026","rel":"","context":"In &quot;Vincent de Paul&quot;","block_context":{"text":"Vincent de Paul","link":"http:\/\/vincentians.com\/en\/category\/the-vincentian-family\/founders\/vincent-de-paul\/"},"img":{"alt_text":"","src":"https:\/\/i0.wp.com\/vincentians.com\/en\/wp-content\/uploads\/sites\/2\/2016\/07\/abelly-feat.jpg?fit=1200%2C630&resize=350%2C200","width":350,"height":200,"srcset":"https:\/\/i0.wp.com\/vincentians.com\/en\/wp-content\/uploads\/sites\/2\/2016\/07\/abelly-feat.jpg?fit=1200%2C630&resize=350%2C200 1x, https:\/\/i0.wp.com\/vincentians.com\/en\/wp-content\/uploads\/sites\/2\/2016\/07\/abelly-feat.jpg?fit=1200%2C630&resize=525%2C300 1.5x, https:\/\/i0.wp.com\/vincentians.com\/en\/wp-content\/uploads\/sites\/2\/2016\/07\/abelly-feat.jpg?fit=1200%2C630&resize=700%2C400 2x, https:\/\/i0.wp.com\/vincentians.com\/en\/wp-content\/uploads\/sites\/2\/2016\/07\/abelly-feat.jpg?fit=1200%2C630&resize=1050%2C600 3x"},"classes":[]},{"id":106116,"url":"http:\/\/vincentians.com\/en\/the-way-of-st-vincent-is-our-way-7-how-great-is-a-good-priest\/","url_meta":{"origin":101768,"position":5},"title":"The Way of St. Vincent Is Our Way. 7. How great is a good priest","author":"Francisco Javier Fern\u00e1ndez Chento","date":"December 26, 2012","format":false,"excerpt":"7. How great is a good priest After this the Lord appointed seventy-two others and sent them out ahead of him, in pairs, to all the towns and places he himself was to visit. He said to them, 'The harvest is rich but the laborers are few, so ask the\u2026","rel":"","context":"In &quot;Charism&quot;","block_context":{"text":"Charism","link":"http:\/\/vincentians.com\/en\/category\/spirituality\/charism\/"},"img":{"alt_text":"","src":"https:\/\/i0.wp.com\/vincentians.com\/en\/wp-content\/uploads\/sites\/2\/2016\/06\/the-way-of-st-vincent-is-our-way.jpg?fit=1200%2C630&resize=350%2C200","width":350,"height":200,"srcset":"https:\/\/i0.wp.com\/vincentians.com\/en\/wp-content\/uploads\/sites\/2\/2016\/06\/the-way-of-st-vincent-is-our-way.jpg?fit=1200%2C630&resize=350%2C200 1x, https:\/\/i0.wp.com\/vincentians.com\/en\/wp-content\/uploads\/sites\/2\/2016\/06\/the-way-of-st-vincent-is-our-way.jpg?fit=1200%2C630&resize=525%2C300 1.5x, https:\/\/i0.wp.com\/vincentians.com\/en\/wp-content\/uploads\/sites\/2\/2016\/06\/the-way-of-st-vincent-is-our-way.jpg?fit=1200%2C630&resize=700%2C400 2x, https:\/\/i0.wp.com\/vincentians.com\/en\/wp-content\/uploads\/sites\/2\/2016\/06\/the-way-of-st-vincent-is-our-way.jpg?fit=1200%2C630&resize=1050%2C600 3x"},"classes":[]}],"_links":{"self":[{"href":"http:\/\/vincentians.com\/en\/wp-json\/wp\/v2\/posts\/101768","targetHints":{"allow":["GET"]}}],"collection":[{"href":"http:\/\/vincentians.com\/en\/wp-json\/wp\/v2\/posts"}],"about":[{"href":"http:\/\/vincentians.com\/en\/wp-json\/wp\/v2\/types\/post"}],"author":[{"embeddable":true,"href":"http:\/\/vincentians.com\/en\/wp-json\/wp\/v2\/users\/4"}],"replies":[{"embeddable":true,"href":"http:\/\/vincentians.com\/en\/wp-json\/wp\/v2\/comments?post=101768"}],"version-history":[{"count":0,"href":"http:\/\/vincentians.com\/en\/wp-json\/wp\/v2\/posts\/101768\/revisions"}],"wp:featuredmedia":[{"embeddable":true,"href":"http:\/\/vincentians.com\/en\/wp-json\/wp\/v2\/media\/150180"}],"wp:attachment":[{"href":"http:\/\/vincentians.com\/en\/wp-json\/wp\/v2\/media?parent=101768"}],"wp:term":[{"taxonomy":"category","embeddable":true,"href":"http:\/\/vincentians.com\/en\/wp-json\/wp\/v2\/categories?post=101768"},{"taxonomy":"post_tag","embeddable":true,"href":"http:\/\/vincentians.com\/en\/wp-json\/wp\/v2\/tags?post=101768"}],"curies":[{"name":"wp","href":"https:\/\/api.w.org\/{rel}","templated":true}]}}